{"id":34292,"date":"2024-11-20T21:13:28","date_gmt":"2024-11-20T19:13:28","guid":{"rendered":"https:\/\/www.sindicaturabarcelona.cat\/?p=34292"},"modified":"2025-03-17T10:35:09","modified_gmt":"2025-03-17T08:35:09","slug":"lajuntament-de-barcelona-demana-disculpes-a-les-persones-que-van-viure-violencies-sexuals-a-lescola-barcelona-en-un-acte-organitzat-per-la-sindicatura","status":"publish","type":"post","link":"https:\/\/www.sindicaturabarcelona.cat\/ca\/lajuntament-de-barcelona-demana-disculpes-a-les-persones-que-van-viure-violencies-sexuals-a-lescola-barcelona-en-un-acte-organitzat-per-la-sindicatura\/","title":{"rendered":"L&#8217;Ajuntament\u00a0de Barcelona\u00a0demana disculpes a les persones que van\u00a0viure viol\u00e8ncies sexuals a l&#8217;Escola Barcelona en un\u00a0acte organitzat\u00a0per la Sindicatura"},"content":{"rendered":"\n<p>En l\u2019acte de reparaci\u00f3 dirigit a les persones que van viure viol\u00e8ncies sexuals a l\u2019Escola Barcelona, la Sindicatura de Greuges de Barcelona i l\u2019Ajuntament de Barcelona&nbsp;<strong>han demanat perd\u00f3 a les v\u00edctimes i han expressat el seu ferm comprom\u00eds en la protecci\u00f3 de la inf\u00e0ncia i l\u2019adolesc\u00e8ncia.<\/strong><\/p>\n\n\n\n<p>L\u2019esdeveniment, celebrat al Sal\u00f3 de Cent de l\u2019Ajuntament, s\u2019ha centrat en l\u2019objectiu de <strong>contribuir al proc\u00e9s de reparaci\u00f3 del dany causat<\/strong>, <strong>destacant l\u2019obligaci\u00f3 d\u2019evitar que tornin a succeir vulneracions de drets com les que va patir l\u2019alumnat de l\u2019Escola Barcelona<\/strong> per part d\u2019un educador durant les d\u00e8cades del 1980, 1990 i 2000. Durant l\u2019acte, els representants institucionals <strong>han reconegut la gravetat dels fets denunciats i han assumit la manca d\u2019actuaci\u00f3 de les administracions responsables.<\/strong><\/p>\n\n\n\n<p>Els <strong>representants de les administracions<\/strong> que han participat en el primer acte de reparaci\u00f3 que es fa a l\u2019Estat per part d\u2019una administraci\u00f3 per abusos en una escola p\u00fablica han estat<strong> <\/strong>&nbsp;<strong>l\u2019alcalde de Barcelona, Jaume Collboni<\/strong>, la <strong>secret\u00e0ria de Millora Educativa del <a href=\"https:\/\/educacio.gencat.cat\/ca\/inici\/index.html\">Departament d\u2019Educaci\u00f3<\/a>, Josefa Beltran<\/strong>, i el <strong>s\u00edndic de greuges<\/strong> de Barcelona, <strong>David Bondia<\/strong>. Tamb\u00e9 hi ha format part el <strong><em>Chief <\/em><a href=\"https:\/\/www.fcbarcelona.cat\/ca\/ficha\/1646217\/area-de-compliance\"><em>Compliance Officer<\/em> del FC Barcelona<\/a><\/strong>, <strong>Sergi Atienza<\/strong>, atesa la vinculaci\u00f3 de l\u2019educaci\u00f3 amb aquest club durant els anys dels fets denunciats, i <strong>l\u2019actual de l\u2019equip directiu de l\u2019Escola Barcelona.<\/strong><\/p>\n\n\n\n<p>En un acte pioner de reparaci\u00f3 d\u2019abusos i viol\u00e8ncies, l\u2019alcalde de Barcelona ha condemnat \u201cuns abusos que no s\u2019haurien d\u2019haver produ\u00eft mai\u201d. En aquest sentit, Jaume Collboni s\u2019ha dirigit a les v\u00edctimes per recon\u00e8ixer \u201cla responsabilitat institucional en el dolor profund que heu viscut i que, en molts casos, segueix acompanyant-vos en el dia a dia\u201d. \u201cEn nom de Barcelona, del sistema educatiu i de l\u2019administraci\u00f3 p\u00fablica us vull dir de manera molt sincera que ho sentim\u201d, ha afirmat.<\/p>\n\n\n\n<p>L\u2019alcalde s\u2019ha comprom\u00e8s \u201ca impulsar amb les resta d\u2019institucions totes les accions necess\u00e0ries perqu\u00e8 fets com aquests no es tornin a repetir\u201d.<\/p>\n\n\n\n<p>El S\u00edndic de Greuges de Barcelona, David Bondia, ha explicat que, gr\u00e0cies al degoteig de casos d\u2019abusos sorgits, \u201chem pres consci\u00e8ncia que estem davant d\u2019un fenomen impune i sist\u00e8mic, no abordat en profunditat\u201d, que \u201cens ha de portar a reflexionar sobre la responsabilitat invisible d\u2019una societat que ha abandonat a milers d\u2019infants i adolescents\u201d.<\/p>\n\n\n\n<p>Pel que a la <a href=\"https:\/\/www.sindicaturabarcelona.cat\/ca\/la-sindicatura-impulsa-la-creacio-dunacomissio-de-reparacio-per-a-victimes-deviolencia-sexual-en-la-infancia-adolescencia-ijoventut-a-les-escoles\/\">Comissi\u00f3 de Reparaci\u00f3<\/a>, ha recordat que es tractava d\u2019un \u201c\u00f2rgan independent i interdisciplinari, que tenia per finalitat donar resposta a les necessitats de reparaci\u00f3 de les v\u00edctimes\u201d. I una reflexi\u00f3 final: \u201cLes persones no ho expliquen quan volen, sin\u00f3 quan poden. Llavors, moltes vegades, es troben amb el mur de la impunitat i l\u2019encobriment\u201d.<\/p>\n\n\n\n<p><\/p>\n","protected":false},"excerpt":{"rendered":"<p>En l\u2019acte de reparaci\u00f3 dirigit a les persones que van viure viol\u00e8ncies sexuals a l\u2019Escola Barcelona, la Sindicatura de Greuges de Barcelona i l\u2019Ajuntament de Barcelona&nbsp;han demanat perd\u00f3 a les [&hellip;]<\/p>\n","protected":false},"author":2,"featured_media":34293,"comment_status":"closed","ping_status":"closed","sticky":false,"template":"","format":"standard","meta":{"_acf_changed":false,"footnotes":""},"tags":[],"drets":[1437,1462],"class_list":["post-34292","post","type-post","status-publish","format-standard","has-post-thumbnail","hentry","drets-dret-a-una-vida-lliure-de-violencies","drets-drets-de-la-infancia-i-ladolescencia"],"acf":[],"yoast_head":"<!-- This site is optimized with the Yoast SEO plugin v27.5 - https:\/\/yoast.com\/product\/yoast-seo-wordpress\/ -->\n<title>L&#039;Ajuntament\u00a0de Barcelona\u00a0demana disculpes a les persones que van\u00a0viure viol\u00e8ncies sexuals a l&#039;Escola Barcelona en un\u00a0acte organitzat\u00a0per la Sindicatura - Sindicatura de Greuges de Barcelona<\/title>\n<meta name=\"description\" content=\"En l\u2019acte de reparaci\u00f3 s&#039;ha demanat perd\u00f3 a les v\u00edctimes i han expressat el seu ferm comprom\u00eds en la\u00a0protecci\u00f3 de la inf\u00e0ncia i l\u2019adolesc\u00e8ncia.\" \/>\n<meta name=\"robots\" content=\"index, follow, max-snippet:-1, max-image-preview:large, max-video-preview:-1\" \/>\n<link rel=\"canonical\" href=\"https:\/\/www.sindicaturabarcelona.cat\/ca\/lajuntament-de-barcelona-demana-disculpes-a-les-persones-que-van-viure-violencies-sexuals-a-lescola-barcelona-en-un-acte-organitzat-per-la-sindicatura\/\" \/>\n<meta property=\"og:locale\" content=\"ca_ES\" \/>\n<meta property=\"og:type\" content=\"article\" \/>\n<meta property=\"og:title\" content=\"L&#039;Ajuntament\u00a0de Barcelona\u00a0demana disculpes a les persones que van\u00a0viure viol\u00e8ncies sexuals a l&#039;Escola Barcelona en un\u00a0acte organitzat\u00a0per la Sindicatura - Sindicatura de Greuges de Barcelona\" \/>\n<meta property=\"og:description\" content=\"En l\u2019acte de reparaci\u00f3 s&#039;ha demanat perd\u00f3 a les v\u00edctimes i han expressat el seu ferm comprom\u00eds en la\u00a0protecci\u00f3 de la inf\u00e0ncia i l\u2019adolesc\u00e8ncia.\" \/>\n<meta property=\"og:url\" content=\"https:\/\/www.sindicaturabarcelona.cat\/ca\/lajuntament-de-barcelona-demana-disculpes-a-les-persones-que-van-viure-violencies-sexuals-a-lescola-barcelona-en-un-acte-organitzat-per-la-sindicatura\/\" \/>\n<meta property=\"og:site_name\" content=\"Sindicatura de Greuges de Barcelona\" \/>\n<meta property=\"article:published_time\" content=\"2024-11-20T19:13:28+00:00\" \/>\n<meta property=\"article:modified_time\" content=\"2025-03-17T08:35:09+00:00\" \/>\n<meta property=\"og:image\" content=\"https:\/\/www.sindicaturabarcelona.cat\/wp-content\/uploads\/IMG_0621.jpeg\" \/>\n\t<meta property=\"og:image:width\" content=\"1280\" \/>\n\t<meta property=\"og:image:height\" content=\"855\" \/>\n\t<meta property=\"og:image:type\" content=\"image\/jpeg\" \/>\n<meta name=\"author\" content=\"Pablo\" \/>\n<meta name=\"twitter:card\" content=\"summary_large_image\" \/>\n<meta name=\"twitter:creator\" content=\"@sindicbarcelona\" \/>\n<meta name=\"twitter:site\" content=\"@sindicbarcelona\" \/>\n<meta name=\"twitter:label1\" content=\"Escrit per\" \/>\n\t<meta name=\"twitter:data1\" content=\"Pablo\" \/>\n\t<meta name=\"twitter:label2\" content=\"Temps estimat de lectura\" \/>\n\t<meta name=\"twitter:data2\" content=\"3 minuts\" \/>\n<script type=\"application\/ld+json\" class=\"yoast-schema-graph\">{\"@context\":\"https:\\\/\\\/schema.org\",\"@graph\":[{\"@type\":\"Article\",\"@id\":\"https:\\\/\\\/www.sindicaturabarcelona.cat\\\/ca\\\/lajuntament-de-barcelona-demana-disculpes-a-les-persones-que-van-viure-violencies-sexuals-a-lescola-barcelona-en-un-acte-organitzat-per-la-sindicatura\\\/#article\",\"isPartOf\":{\"@id\":\"https:\\\/\\\/www.sindicaturabarcelona.cat\\\/ca\\\/lajuntament-de-barcelona-demana-disculpes-a-les-persones-que-van-viure-violencies-sexuals-a-lescola-barcelona-en-un-acte-organitzat-per-la-sindicatura\\\/\"},\"author\":{\"name\":\"Pablo\",\"@id\":\"https:\\\/\\\/www.sindicaturabarcelona.cat\\\/ca\\\/#\\\/schema\\\/person\\\/0e5acffc350ffdbc97578159322c9452\"},\"headline\":\"L&#8217;Ajuntament\u00a0de Barcelona\u00a0demana disculpes a les persones que van\u00a0viure viol\u00e8ncies sexuals a l&#8217;Escola Barcelona en un\u00a0acte organitzat\u00a0per la Sindicatura\",\"datePublished\":\"2024-11-20T19:13:28+00:00\",\"dateModified\":\"2025-03-17T08:35:09+00:00\",\"mainEntityOfPage\":{\"@id\":\"https:\\\/\\\/www.sindicaturabarcelona.cat\\\/ca\\\/lajuntament-de-barcelona-demana-disculpes-a-les-persones-que-van-viure-violencies-sexuals-a-lescola-barcelona-en-un-acte-organitzat-per-la-sindicatura\\\/\"},\"wordCount\":510,\"publisher\":{\"@id\":\"https:\\\/\\\/www.sindicaturabarcelona.cat\\\/ca\\\/#organization\"},\"image\":{\"@id\":\"https:\\\/\\\/www.sindicaturabarcelona.cat\\\/ca\\\/lajuntament-de-barcelona-demana-disculpes-a-les-persones-que-van-viure-violencies-sexuals-a-lescola-barcelona-en-un-acte-organitzat-per-la-sindicatura\\\/#primaryimage\"},\"thumbnailUrl\":\"https:\\\/\\\/www.sindicaturabarcelona.cat\\\/wp-content\\\/uploads\\\/IMG_0621.jpeg\",\"inLanguage\":\"ca\"},{\"@type\":\"WebPage\",\"@id\":\"https:\\\/\\\/www.sindicaturabarcelona.cat\\\/ca\\\/lajuntament-de-barcelona-demana-disculpes-a-les-persones-que-van-viure-violencies-sexuals-a-lescola-barcelona-en-un-acte-organitzat-per-la-sindicatura\\\/\",\"url\":\"https:\\\/\\\/www.sindicaturabarcelona.cat\\\/ca\\\/lajuntament-de-barcelona-demana-disculpes-a-les-persones-que-van-viure-violencies-sexuals-a-lescola-barcelona-en-un-acte-organitzat-per-la-sindicatura\\\/\",\"name\":\"L'Ajuntament\u00a0de Barcelona\u00a0demana disculpes a les persones que van\u00a0viure viol\u00e8ncies sexuals a l'Escola Barcelona en un\u00a0acte organitzat\u00a0per la Sindicatura - Sindicatura de Greuges de Barcelona\",\"isPartOf\":{\"@id\":\"https:\\\/\\\/www.sindicaturabarcelona.cat\\\/ca\\\/#website\"},\"primaryImageOfPage\":{\"@id\":\"https:\\\/\\\/www.sindicaturabarcelona.cat\\\/ca\\\/lajuntament-de-barcelona-demana-disculpes-a-les-persones-que-van-viure-violencies-sexuals-a-lescola-barcelona-en-un-acte-organitzat-per-la-sindicatura\\\/#primaryimage\"},\"image\":{\"@id\":\"https:\\\/\\\/www.sindicaturabarcelona.cat\\\/ca\\\/lajuntament-de-barcelona-demana-disculpes-a-les-persones-que-van-viure-violencies-sexuals-a-lescola-barcelona-en-un-acte-organitzat-per-la-sindicatura\\\/#primaryimage\"},\"thumbnailUrl\":\"https:\\\/\\\/www.sindicaturabarcelona.cat\\\/wp-content\\\/uploads\\\/IMG_0621.jpeg\",\"datePublished\":\"2024-11-20T19:13:28+00:00\",\"dateModified\":\"2025-03-17T08:35:09+00:00\",\"description\":\"En l\u2019acte de reparaci\u00f3 s'ha demanat perd\u00f3 a les v\u00edctimes i han expressat el seu ferm comprom\u00eds en la\u00a0protecci\u00f3 de la inf\u00e0ncia i l\u2019adolesc\u00e8ncia.\",\"breadcrumb\":{\"@id\":\"https:\\\/\\\/www.sindicaturabarcelona.cat\\\/ca\\\/lajuntament-de-barcelona-demana-disculpes-a-les-persones-que-van-viure-violencies-sexuals-a-lescola-barcelona-en-un-acte-organitzat-per-la-sindicatura\\\/#breadcrumb\"},\"inLanguage\":\"ca\",\"potentialAction\":[{\"@type\":\"ReadAction\",\"target\":[\"https:\\\/\\\/www.sindicaturabarcelona.cat\\\/ca\\\/lajuntament-de-barcelona-demana-disculpes-a-les-persones-que-van-viure-violencies-sexuals-a-lescola-barcelona-en-un-acte-organitzat-per-la-sindicatura\\\/\"]}]},{\"@type\":\"ImageObject\",\"inLanguage\":\"ca\",\"@id\":\"https:\\\/\\\/www.sindicaturabarcelona.cat\\\/ca\\\/lajuntament-de-barcelona-demana-disculpes-a-les-persones-que-van-viure-violencies-sexuals-a-lescola-barcelona-en-un-acte-organitzat-per-la-sindicatura\\\/#primaryimage\",\"url\":\"https:\\\/\\\/www.sindicaturabarcelona.cat\\\/wp-content\\\/uploads\\\/IMG_0621.jpeg\",\"contentUrl\":\"https:\\\/\\\/www.sindicaturabarcelona.cat\\\/wp-content\\\/uploads\\\/IMG_0621.jpeg\",\"width\":1280,\"height\":855},{\"@type\":\"BreadcrumbList\",\"@id\":\"https:\\\/\\\/www.sindicaturabarcelona.cat\\\/ca\\\/lajuntament-de-barcelona-demana-disculpes-a-les-persones-que-van-viure-violencies-sexuals-a-lescola-barcelona-en-un-acte-organitzat-per-la-sindicatura\\\/#breadcrumb\",\"itemListElement\":[{\"@type\":\"ListItem\",\"position\":1,\"name\":\"Inici\",\"item\":\"https:\\\/\\\/www.sindicaturabarcelona.cat\\\/ca\\\/\"},{\"@type\":\"ListItem\",\"position\":2,\"name\":\"L&#8217;Ajuntament\u00a0de Barcelona\u00a0demana disculpes a les persones que van\u00a0viure viol\u00e8ncies sexuals a l&#8217;Escola Barcelona en un\u00a0acte organitzat\u00a0per la Sindicatura\"}]},{\"@type\":\"WebSite\",\"@id\":\"https:\\\/\\\/www.sindicaturabarcelona.cat\\\/ca\\\/#website\",\"url\":\"https:\\\/\\\/www.sindicaturabarcelona.cat\\\/ca\\\/\",\"name\":\"Sindicatura de Greuges de Barcelona\",\"description\":\"La defensoria dels teus drets\",\"publisher\":{\"@id\":\"https:\\\/\\\/www.sindicaturabarcelona.cat\\\/ca\\\/#organization\"},\"potentialAction\":[{\"@type\":\"SearchAction\",\"target\":{\"@type\":\"EntryPoint\",\"urlTemplate\":\"https:\\\/\\\/www.sindicaturabarcelona.cat\\\/ca\\\/?s={search_term_string}\"},\"query-input\":{\"@type\":\"PropertyValueSpecification\",\"valueRequired\":true,\"valueName\":\"search_term_string\"}}],\"inLanguage\":\"ca\"},{\"@type\":\"Organization\",\"@id\":\"https:\\\/\\\/www.sindicaturabarcelona.cat\\\/ca\\\/#organization\",\"name\":\"Sindicatura de Greuges de Barcelona\",\"url\":\"https:\\\/\\\/www.sindicaturabarcelona.cat\\\/ca\\\/\",\"logo\":{\"@type\":\"ImageObject\",\"inLanguage\":\"ca\",\"@id\":\"https:\\\/\\\/www.sindicaturabarcelona.cat\\\/ca\\\/#\\\/schema\\\/logo\\\/image\\\/\",\"url\":\"https:\\\/\\\/www.sindicaturabarcelona.cat\\\/wp-content\\\/uploads\\\/2023\\\/02\\\/logo_sindicatura.svg\",\"contentUrl\":\"https:\\\/\\\/www.sindicaturabarcelona.cat\\\/wp-content\\\/uploads\\\/2023\\\/02\\\/logo_sindicatura.svg\",\"caption\":\"Sindicatura de Greuges de Barcelona\"},\"image\":{\"@id\":\"https:\\\/\\\/www.sindicaturabarcelona.cat\\\/ca\\\/#\\\/schema\\\/logo\\\/image\\\/\"},\"sameAs\":[\"https:\\\/\\\/x.com\\\/sindicbarcelona\",\"https:\\\/\\\/www.instagram.com\\\/sindicbarcelona\\\/\",\"https:\\\/\\\/www.tiktok.com\\\/@sindicaturabcn\",\"https:\\\/\\\/t.me\\\/sindicaturabarcelona\"]},{\"@type\":\"Person\",\"@id\":\"https:\\\/\\\/www.sindicaturabarcelona.cat\\\/ca\\\/#\\\/schema\\\/person\\\/0e5acffc350ffdbc97578159322c9452\",\"name\":\"Pablo\",\"image\":{\"@type\":\"ImageObject\",\"inLanguage\":\"ca\",\"@id\":\"https:\\\/\\\/secure.gravatar.com\\\/avatar\\\/c948169b402ef9492afde705c3dfd5e90e1a6a84ef6840a91124f805a25a480f?s=96&d=mm&r=g\",\"url\":\"https:\\\/\\\/secure.gravatar.com\\\/avatar\\\/c948169b402ef9492afde705c3dfd5e90e1a6a84ef6840a91124f805a25a480f?s=96&d=mm&r=g\",\"contentUrl\":\"https:\\\/\\\/secure.gravatar.com\\\/avatar\\\/c948169b402ef9492afde705c3dfd5e90e1a6a84ef6840a91124f805a25a480f?s=96&d=mm&r=g\",\"caption\":\"Pablo\"},\"url\":\"https:\\\/\\\/www.sindicaturabarcelona.cat\\\/ca\\\/author\\\/pablo\\\/\"}]}<\/script>\n<!-- \/ Yoast SEO plugin. -->","yoast_head_json":{"title":"L'Ajuntament\u00a0de Barcelona\u00a0demana disculpes a les persones que van\u00a0viure viol\u00e8ncies sexuals a l'Escola Barcelona en un\u00a0acte organitzat\u00a0per la Sindicatura - Sindicatura de Greuges de Barcelona","description":"En l\u2019acte de reparaci\u00f3 s'ha demanat perd\u00f3 a les v\u00edctimes i han expressat el seu ferm comprom\u00eds en la\u00a0protecci\u00f3 de la inf\u00e0ncia i l\u2019adolesc\u00e8ncia.","robots":{"index":"index","follow":"follow","max-snippet":"max-snippet:-1","max-image-preview":"max-image-preview:large","max-video-preview":"max-video-preview:-1"},"canonical":"https:\/\/www.sindicaturabarcelona.cat\/ca\/lajuntament-de-barcelona-demana-disculpes-a-les-persones-que-van-viure-violencies-sexuals-a-lescola-barcelona-en-un-acte-organitzat-per-la-sindicatura\/","og_locale":"ca_ES","og_type":"article","og_title":"L'Ajuntament\u00a0de Barcelona\u00a0demana disculpes a les persones que van\u00a0viure viol\u00e8ncies sexuals a l'Escola Barcelona en un\u00a0acte organitzat\u00a0per la Sindicatura - Sindicatura de Greuges de Barcelona","og_description":"En l\u2019acte de reparaci\u00f3 s'ha demanat perd\u00f3 a les v\u00edctimes i han expressat el seu ferm comprom\u00eds en la\u00a0protecci\u00f3 de la inf\u00e0ncia i l\u2019adolesc\u00e8ncia.","og_url":"https:\/\/www.sindicaturabarcelona.cat\/ca\/lajuntament-de-barcelona-demana-disculpes-a-les-persones-que-van-viure-violencies-sexuals-a-lescola-barcelona-en-un-acte-organitzat-per-la-sindicatura\/","og_site_name":"Sindicatura de Greuges de Barcelona","article_published_time":"2024-11-20T19:13:28+00:00","article_modified_time":"2025-03-17T08:35:09+00:00","og_image":[{"width":1280,"height":855,"url":"https:\/\/www.sindicaturabarcelona.cat\/wp-content\/uploads\/IMG_0621.jpeg","type":"image\/jpeg"}],"author":"Pablo","twitter_card":"summary_large_image","twitter_creator":"@sindicbarcelona","twitter_site":"@sindicbarcelona","twitter_misc":{"Escrit per":"Pablo","Temps estimat de lectura":"3 minuts"},"schema":{"@context":"https:\/\/schema.org","@graph":[{"@type":"Article","@id":"https:\/\/www.sindicaturabarcelona.cat\/ca\/lajuntament-de-barcelona-demana-disculpes-a-les-persones-que-van-viure-violencies-sexuals-a-lescola-barcelona-en-un-acte-organitzat-per-la-sindicatura\/#article","isPartOf":{"@id":"https:\/\/www.sindicaturabarcelona.cat\/ca\/lajuntament-de-barcelona-demana-disculpes-a-les-persones-que-van-viure-violencies-sexuals-a-lescola-barcelona-en-un-acte-organitzat-per-la-sindicatura\/"},"author":{"name":"Pablo","@id":"https:\/\/www.sindicaturabarcelona.cat\/ca\/#\/schema\/person\/0e5acffc350ffdbc97578159322c9452"},"headline":"L&#8217;Ajuntament\u00a0de Barcelona\u00a0demana disculpes a les persones que van\u00a0viure viol\u00e8ncies sexuals a l&#8217;Escola Barcelona en un\u00a0acte organitzat\u00a0per la Sindicatura","datePublished":"2024-11-20T19:13:28+00:00","dateModified":"2025-03-17T08:35:09+00:00","mainEntityOfPage":{"@id":"https:\/\/www.sindicaturabarcelona.cat\/ca\/lajuntament-de-barcelona-demana-disculpes-a-les-persones-que-van-viure-violencies-sexuals-a-lescola-barcelona-en-un-acte-organitzat-per-la-sindicatura\/"},"wordCount":510,"publisher":{"@id":"https:\/\/www.sindicaturabarcelona.cat\/ca\/#organization"},"image":{"@id":"https:\/\/www.sindicaturabarcelona.cat\/ca\/lajuntament-de-barcelona-demana-disculpes-a-les-persones-que-van-viure-violencies-sexuals-a-lescola-barcelona-en-un-acte-organitzat-per-la-sindicatura\/#primaryimage"},"thumbnailUrl":"https:\/\/www.sindicaturabarcelona.cat\/wp-content\/uploads\/IMG_0621.jpeg","inLanguage":"ca"},{"@type":"WebPage","@id":"https:\/\/www.sindicaturabarcelona.cat\/ca\/lajuntament-de-barcelona-demana-disculpes-a-les-persones-que-van-viure-violencies-sexuals-a-lescola-barcelona-en-un-acte-organitzat-per-la-sindicatura\/","url":"https:\/\/www.sindicaturabarcelona.cat\/ca\/lajuntament-de-barcelona-demana-disculpes-a-les-persones-que-van-viure-violencies-sexuals-a-lescola-barcelona-en-un-acte-organitzat-per-la-sindicatura\/","name":"L'Ajuntament\u00a0de Barcelona\u00a0demana disculpes a les persones que van\u00a0viure viol\u00e8ncies sexuals a l'Escola Barcelona en un\u00a0acte organitzat\u00a0per la Sindicatura - Sindicatura de Greuges de Barcelona","isPartOf":{"@id":"https:\/\/www.sindicaturabarcelona.cat\/ca\/#website"},"primaryImageOfPage":{"@id":"https:\/\/www.sindicaturabarcelona.cat\/ca\/lajuntament-de-barcelona-demana-disculpes-a-les-persones-que-van-viure-violencies-sexuals-a-lescola-barcelona-en-un-acte-organitzat-per-la-sindicatura\/#primaryimage"},"image":{"@id":"https:\/\/www.sindicaturabarcelona.cat\/ca\/lajuntament-de-barcelona-demana-disculpes-a-les-persones-que-van-viure-violencies-sexuals-a-lescola-barcelona-en-un-acte-organitzat-per-la-sindicatura\/#primaryimage"},"thumbnailUrl":"https:\/\/www.sindicaturabarcelona.cat\/wp-content\/uploads\/IMG_0621.jpeg","datePublished":"2024-11-20T19:13:28+00:00","dateModified":"2025-03-17T08:35:09+00:00","description":"En l\u2019acte de reparaci\u00f3 s'ha demanat perd\u00f3 a les v\u00edctimes i han expressat el seu ferm comprom\u00eds en la\u00a0protecci\u00f3 de la inf\u00e0ncia i l\u2019adolesc\u00e8ncia.","breadcrumb":{"@id":"https:\/\/www.sindicaturabarcelona.cat\/ca\/lajuntament-de-barcelona-demana-disculpes-a-les-persones-que-van-viure-violencies-sexuals-a-lescola-barcelona-en-un-acte-organitzat-per-la-sindicatura\/#breadcrumb"},"inLanguage":"ca","potentialAction":[{"@type":"ReadAction","target":["https:\/\/www.sindicaturabarcelona.cat\/ca\/lajuntament-de-barcelona-demana-disculpes-a-les-persones-que-van-viure-violencies-sexuals-a-lescola-barcelona-en-un-acte-organitzat-per-la-sindicatura\/"]}]},{"@type":"ImageObject","inLanguage":"ca","@id":"https:\/\/www.sindicaturabarcelona.cat\/ca\/lajuntament-de-barcelona-demana-disculpes-a-les-persones-que-van-viure-violencies-sexuals-a-lescola-barcelona-en-un-acte-organitzat-per-la-sindicatura\/#primaryimage","url":"https:\/\/www.sindicaturabarcelona.cat\/wp-content\/uploads\/IMG_0621.jpeg","contentUrl":"https:\/\/www.sindicaturabarcelona.cat\/wp-content\/uploads\/IMG_0621.jpeg","width":1280,"height":855},{"@type":"BreadcrumbList","@id":"https:\/\/www.sindicaturabarcelona.cat\/ca\/lajuntament-de-barcelona-demana-disculpes-a-les-persones-que-van-viure-violencies-sexuals-a-lescola-barcelona-en-un-acte-organitzat-per-la-sindicatura\/#breadcrumb","itemListElement":[{"@type":"ListItem","position":1,"name":"Inici","item":"https:\/\/www.sindicaturabarcelona.cat\/ca\/"},{"@type":"ListItem","position":2,"name":"L&#8217;Ajuntament\u00a0de Barcelona\u00a0demana disculpes a les persones que van\u00a0viure viol\u00e8ncies sexuals a l&#8217;Escola Barcelona en un\u00a0acte organitzat\u00a0per la Sindicatura"}]},{"@type":"WebSite","@id":"https:\/\/www.sindicaturabarcelona.cat\/ca\/#website","url":"https:\/\/www.sindicaturabarcelona.cat\/ca\/","name":"Sindicatura de Greuges de Barcelona","description":"La defensoria dels teus drets","publisher":{"@id":"https:\/\/www.sindicaturabarcelona.cat\/ca\/#organization"},"potentialAction":[{"@type":"SearchAction","target":{"@type":"EntryPoint","urlTemplate":"https:\/\/www.sindicaturabarcelona.cat\/ca\/?s={search_term_string}"},"query-input":{"@type":"PropertyValueSpecification","valueRequired":true,"valueName":"search_term_string"}}],"inLanguage":"ca"},{"@type":"Organization","@id":"https:\/\/www.sindicaturabarcelona.cat\/ca\/#organization","name":"Sindicatura de Greuges de Barcelona","url":"https:\/\/www.sindicaturabarcelona.cat\/ca\/","logo":{"@type":"ImageObject","inLanguage":"ca","@id":"https:\/\/www.sindicaturabarcelona.cat\/ca\/#\/schema\/logo\/image\/","url":"https:\/\/www.sindicaturabarcelona.cat\/wp-content\/uploads\/2023\/02\/logo_sindicatura.svg","contentUrl":"https:\/\/www.sindicaturabarcelona.cat\/wp-content\/uploads\/2023\/02\/logo_sindicatura.svg","caption":"Sindicatura de Greuges de Barcelona"},"image":{"@id":"https:\/\/www.sindicaturabarcelona.cat\/ca\/#\/schema\/logo\/image\/"},"sameAs":["https:\/\/x.com\/sindicbarcelona","https:\/\/www.instagram.com\/sindicbarcelona\/","https:\/\/www.tiktok.com\/@sindicaturabcn","https:\/\/t.me\/sindicaturabarcelona"]},{"@type":"Person","@id":"https:\/\/www.sindicaturabarcelona.cat\/ca\/#\/schema\/person\/0e5acffc350ffdbc97578159322c9452","name":"Pablo","image":{"@type":"ImageObject","inLanguage":"ca","@id":"https:\/\/secure.gravatar.com\/avatar\/c948169b402ef9492afde705c3dfd5e90e1a6a84ef6840a91124f805a25a480f?s=96&d=mm&r=g","url":"https:\/\/secure.gravatar.com\/avatar\/c948169b402ef9492afde705c3dfd5e90e1a6a84ef6840a91124f805a25a480f?s=96&d=mm&r=g","contentUrl":"https:\/\/secure.gravatar.com\/avatar\/c948169b402ef9492afde705c3dfd5e90e1a6a84ef6840a91124f805a25a480f?s=96&d=mm&r=g","caption":"Pablo"},"url":"https:\/\/www.sindicaturabarcelona.cat\/ca\/author\/pablo\/"}]}},"_links":{"self":[{"href":"https:\/\/www.sindicaturabarcelona.cat\/ca\/wp-json\/wp\/v2\/posts\/34292","targetHints":{"allow":["GET"]}}],"collection":[{"href":"https:\/\/www.sindicaturabarcelona.cat\/ca\/wp-json\/wp\/v2\/posts"}],"about":[{"href":"https:\/\/www.sindicaturabarcelona.cat\/ca\/wp-json\/wp\/v2\/types\/post"}],"author":[{"embeddable":true,"href":"https:\/\/www.sindicaturabarcelona.cat\/ca\/wp-json\/wp\/v2\/users\/2"}],"replies":[{"embeddable":true,"href":"https:\/\/www.sindicaturabarcelona.cat\/ca\/wp-json\/wp\/v2\/comments?post=34292"}],"version-history":[{"count":8,"href":"https:\/\/www.sindicaturabarcelona.cat\/ca\/wp-json\/wp\/v2\/posts\/34292\/revisions"}],"predecessor-version":[{"id":36039,"href":"https:\/\/www.sindicaturabarcelona.cat\/ca\/wp-json\/wp\/v2\/posts\/34292\/revisions\/36039"}],"wp:featuredmedia":[{"embeddable":true,"href":"https:\/\/www.sindicaturabarcelona.cat\/ca\/wp-json\/wp\/v2\/media\/34293"}],"wp:attachment":[{"href":"https:\/\/www.sindicaturabarcelona.cat\/ca\/wp-json\/wp\/v2\/media?parent=34292"}],"wp:term":[{"taxonomy":"post_tag","embeddable":true,"href":"https:\/\/www.sindicaturabarcelona.cat\/ca\/wp-json\/wp\/v2\/tags?post=34292"},{"taxonomy":"drets","embeddable":true,"href":"https:\/\/www.sindicaturabarcelona.cat\/ca\/wp-json\/wp\/v2\/drets?post=34292"}],"curies":[{"name":"wp","href":"https:\/\/api.w.org\/{rel}","templated":true}]}}