{"id":34283,"date":"2024-11-14T12:02:05","date_gmt":"2024-11-14T10:02:05","guid":{"rendered":"https:\/\/www.sindicaturabarcelona.cat\/?p=34283"},"modified":"2025-04-16T14:03:24","modified_gmt":"2025-04-16T12:03:24","slug":"les-sinergies-i-la-retroalimentacio-entre-defensories-locals-darreu-del-mon-imprescindibles-per-defensar-els-drets-humans-de-proximitat","status":"publish","type":"post","link":"https:\/\/www.sindicaturabarcelona.cat\/ca\/les-sinergies-i-la-retroalimentacio-entre-defensories-locals-darreu-del-mon-imprescindibles-per-defensar-els-drets-humans-de-proximitat\/","title":{"rendered":"Les sinergies i la retroalimentaci\u00f3 entre defensories locals d\u2019arreu del m\u00f3n, imprescindibles per defensar els drets humans de proximitat"},"content":{"rendered":"\n<p><strong>Barcelona, 14 de novembre del 2024<\/strong> &#8211; <strong>En el marc de l\u2019acte <em>Aliances per defensar drets humans de proximitat<\/em>, el s\u00edndic de greuges de Barcelona,<\/strong> <strong>David Bondia, i el president de <a href=\"https:\/\/agol.es\/\" target=\"_blank\" rel=\"noreferrer noopener\">l\u2019Alianza Global del Ombudsperson Local (AGOL)<\/a>, Ismael Rins<\/strong>, han coincidit a assenyalar la import\u00e0ncia de les sinergies i la retroalimentaci\u00f3 entre defensories locals d\u2019arreu del m\u00f3n per defensar els drets humans de proximitat.<\/p>\n\n\n\n<p>Durant la sessi\u00f3, condu\u00efda i moderada per la presidenta de l\u2019Observatori de Drets de les Persones de l\u2019ICAB, <strong>Erika Torregrossa<\/strong>, s\u2019ha reflexionat sobre els desafiaments que tenen les nostres metr\u00f2polis quant a drets humans de proximitat i democr\u00e0cia local. Tamb\u00e9 s\u2019han proposat iniciatives, de present i de futur, amb l\u2019objectiu que les administracions locals puguin optimitzar els serveis municipals i donar una atenci\u00f3 de qualitat a la poblaci\u00f3.<\/p>\n\n\n\n<h2 class=\"wp-block-heading\"><strong>El president d\u2019AGOL, present una setmana en el dia a dia de diverses defensories locals de Catalunya<\/strong><\/h2>\n\n\n\n<p>La visita del president d\u2019AGOL, l\u2019argent\u00ed Ismael Rins, s\u2019ha centrat en l\u2019intercanvi d\u2019experi\u00e8ncies amb diverses defensories locals de Catalunya i altres agents socials i pol\u00edtics de diverses ciutats. Entre les accions, destaquen les visites a diferents sindicatures locals, com les de Santa Coloma de Gramenet, Sabadell i Rub\u00ed; la participaci\u00f3 en jornades de treball de la Sindicatura de Greuges de Barcelona, i una reuni\u00f3 amb la segona tinent d\u2019Alcaldia de l\u2019Ajuntament de Barcelona, Maria Eug\u00e8nia Gay.<\/p>\n\n\n\n<p><strong>\u201cLa visita a Barcelona i Catalunya ha estat molt productiva, ja que m\u2019ha perm\u00e8s con\u00e8ixer de primera m\u00e0 el model de les defensories locals del territori catal\u00e0. Vull agrair aquesta oportunitat d\u2019internacionalitzaci\u00f3 a la Sindicatura de Barcelona i al F\u00f2rumSD. L\u2019intercanvi de pr\u00e0ctiques i experi\u00e8ncies entre les defensories locals enforteix les nostres institucions, i prova d\u2019aix\u00f2 \u00e9s la consolidaci\u00f3 d\u2019AGOL en aquest sistema tan ferm que t\u00e9 Catalunya\u201d<\/strong>, ha explicat Rins, que tamb\u00e9 ha destacat <strong>\u201cla import\u00e0ncia del rol de les defensories davant reptes com la digitalitzaci\u00f3\u201d.<\/strong><\/p>\n\n\n\n<h2 class=\"wp-block-heading\"><strong>Qu\u00e8 \u00e9s AGOL<\/strong><\/h2>\n\n\n\n<p>La Sindicatura de Greuges de Barcelona participa activament a <strong>una de les principals xarxes mundials de s\u00edndics i defensors<\/strong>: l\u2019Alianza Global del Ombudsperson Local (AGOL). Es tracta d\u2019una instituci\u00f3 internacional constitu\u00efda l\u2019any 2019. Reuneix m\u00e9s de 100 ombudspersons, defensores i defensors del poble, personers, s\u00edndics, mediadors, i presidents de comissions de DDHH de m\u00e9s de 10 pa\u00efsos, amb l\u2019objectiu de ser una xarxa internacional que promogui la discussi\u00f3, la cooperaci\u00f3 i l\u2019intercanvi d\u2019experi\u00e8ncies entre ombudsperson locals.<\/p>\n\n\n\n<h2 class=\"wp-block-heading\"><strong>La Sindicatura de Greuges de Barcelona, un referent internacional<\/strong><\/h2>\n\n\n\n<p>En els tres anys de mandat de l\u2019actual s\u00edndic, la <a href=\"https:\/\/www.sindicaturabarcelona.cat\/ca\/\" target=\"_blank\" rel=\"noreferrer noopener\">Sindicatura de Greuges de Barcelona<\/a> ja ha visitat Uruguai, Col\u00f2mbia, M\u00e8xic, El Salvador, Argentina, B\u00e8lgica i It\u00e0lia, on el projecte de la defensoria de la ciutat barcelonina ha aixecat molt inter\u00e8s.<\/p>\n\n\n\n<p>En aquest sentit, el s\u00edndic de greuges de Barcelona, David Bondia, ha valorat molt positivament les relacions internacionals: <strong>\u201cL\u2019intercanvi de coneixement \u00e9s molt profit\u00f3s per a la Sindicatura, ja que ens permet exportar les nostres iniciatives i alhora copsar bones pr\u00e0ctiques d\u2019altres territoris per tractar les problem\u00e0tiques de la ciutadania amb l\u2019administraci\u00f3 p\u00fablica\u201d<\/strong>.<\/p>\n","protected":false},"excerpt":{"rendered":"<p>Barcelona, 14 de novembre del 2024 &#8211; En el marc de l\u2019acte Aliances per defensar drets humans de proximitat, el s\u00edndic de greuges de Barcelona, David Bondia, i el president [&hellip;]<\/p>\n","protected":false},"author":2,"featured_media":34284,"comment_status":"closed","ping_status":"closed","sticky":false,"template":"","format":"standard","meta":{"_acf_changed":false,"footnotes":""},"tags":[],"drets":[1428,1463,1430,1431,1432,1433,1434,1435,1436,1437,1442,1462,1459,1458,1457,1503,1440,1455,1456,1454,1453,1452,1451,1647,1652,1667,1438,1450,1449,1448,1447,1446,1445,1444,1502],"class_list":["post-34283","post","type-post","status-publish","format-standard","has-post-thumbnail","hentry","drets-ciutat-equitativa","drets-dret-serveis-proteccio-social","drets-dret-a-educacio-i-lleure","drets-dret-a-la-salut","drets-drets-culturals","drets-dret-a-lesport","drets-dret-al-treball","drets-dret-a-lhabitatge","drets-drets-dacolldia","drets-dret-a-una-vida-lliure-de-violencies","drets-ciutat-diversa","drets-drets-de-la-infancia-i-ladolescencia","drets-drets-de-participacio","drets-dret-a-la-igualtat-i-a-la-diversitat","drets-drets-linguistics","drets-dret-a-les-cures","drets-ciutat-garantista","drets-drets-digitals","drets-dret-a-una-bona-administracio","drets-drets-de-les-persones-consumidores","drets-drets-funeraris","drets-dret-a-la-seguretat-ciutadana","drets-dret-a-lempadronament","drets-dret-a-la-informacio","drets-dret-a-la-memoria-democratica","drets-dret-a-la-integritat","drets-ciutat-habitable-i-sostenible","drets-dret-a-un-urbanisme-harmonios","drets-dret-a-una-convivencia-pacifica","drets-dret-al-medi-ambient","drets-dret-a-la-mobilitat","drets-dret-a-lespai-public","drets-dret-a-laccessibilitat-i-la-inclusivitat","drets-dret-al-descans","drets-dret-al-benestar-animal"],"acf":[],"yoast_head":"<!-- This site is optimized with the Yoast SEO plugin v27.5 - https:\/\/yoast.com\/product\/yoast-seo-wordpress\/ -->\n<title>Les sinergies i la retroalimentaci\u00f3 entre defensories locals d\u2019arreu del m\u00f3n, imprescindibles per defensar els drets humans de proximitat - Sindicatura de Greuges de Barcelona<\/title>\n<meta name=\"description\" content=\"En el marc de l\u2019acte Aliances per defensar drets humans de proximitat, el s\u00edndic de greuges de Barcelona, David Bondia, i el pre...\" \/>\n<meta name=\"robots\" content=\"index, follow, max-snippet:-1, max-image-preview:large, max-video-preview:-1\" \/>\n<link rel=\"canonical\" href=\"https:\/\/www.sindicaturabarcelona.cat\/ca\/les-sinergies-i-la-retroalimentacio-entre-defensories-locals-darreu-del-mon-imprescindibles-per-defensar-els-drets-humans-de-proximitat\/\" \/>\n<meta property=\"og:locale\" content=\"ca_ES\" \/>\n<meta property=\"og:type\" content=\"article\" \/>\n<meta property=\"og:title\" content=\"Les sinergies i la retroalimentaci\u00f3 entre defensories locals d\u2019arreu del m\u00f3n, imprescindibles per defensar els drets humans de proximitat - Sindicatura de Greuges de Barcelona\" \/>\n<meta property=\"og:description\" content=\"En el marc de l\u2019acte Aliances per defensar drets humans de proximitat, el s\u00edndic de greuges de Barcelona, David Bondia, i el pre...\" \/>\n<meta property=\"og:url\" content=\"https:\/\/www.sindicaturabarcelona.cat\/ca\/les-sinergies-i-la-retroalimentacio-entre-defensories-locals-darreu-del-mon-imprescindibles-per-defensar-els-drets-humans-de-proximitat\/\" \/>\n<meta property=\"og:site_name\" content=\"Sindicatura de Greuges de Barcelona\" \/>\n<meta property=\"article:published_time\" content=\"2024-11-14T10:02:05+00:00\" \/>\n<meta property=\"article:modified_time\" content=\"2025-04-16T12:03:24+00:00\" \/>\n<meta property=\"og:image\" content=\"https:\/\/www.sindicaturabarcelona.cat\/wp-content\/uploads\/greuges-2-scaled.jpg\" \/>\n\t<meta property=\"og:image:width\" content=\"2560\" \/>\n\t<meta property=\"og:image:height\" content=\"1707\" \/>\n\t<meta property=\"og:image:type\" content=\"image\/jpeg\" \/>\n<meta name=\"author\" content=\"Pablo\" \/>\n<meta name=\"twitter:card\" content=\"summary_large_image\" \/>\n<meta name=\"twitter:creator\" content=\"@sindicbarcelona\" \/>\n<meta name=\"twitter:site\" content=\"@sindicbarcelona\" \/>\n<meta name=\"twitter:label1\" content=\"Escrit per\" \/>\n\t<meta name=\"twitter:data1\" content=\"Pablo\" \/>\n\t<meta name=\"twitter:label2\" content=\"Temps estimat de lectura\" \/>\n\t<meta name=\"twitter:data2\" content=\"3 minuts\" \/>\n<script type=\"application\/ld+json\" class=\"yoast-schema-graph\">{\"@context\":\"https:\\\/\\\/schema.org\",\"@graph\":[{\"@type\":\"Article\",\"@id\":\"https:\\\/\\\/www.sindicaturabarcelona.cat\\\/ca\\\/les-sinergies-i-la-retroalimentacio-entre-defensories-locals-darreu-del-mon-imprescindibles-per-defensar-els-drets-humans-de-proximitat\\\/#article\",\"isPartOf\":{\"@id\":\"https:\\\/\\\/www.sindicaturabarcelona.cat\\\/ca\\\/les-sinergies-i-la-retroalimentacio-entre-defensories-locals-darreu-del-mon-imprescindibles-per-defensar-els-drets-humans-de-proximitat\\\/\"},\"author\":{\"name\":\"Pablo\",\"@id\":\"https:\\\/\\\/www.sindicaturabarcelona.cat\\\/ca\\\/#\\\/schema\\\/person\\\/0e5acffc350ffdbc97578159322c9452\"},\"headline\":\"Les sinergies i la retroalimentaci\u00f3 entre defensories locals d\u2019arreu del m\u00f3n, imprescindibles per defensar els drets humans de proximitat\",\"datePublished\":\"2024-11-14T10:02:05+00:00\",\"dateModified\":\"2025-04-16T12:03:24+00:00\",\"mainEntityOfPage\":{\"@id\":\"https:\\\/\\\/www.sindicaturabarcelona.cat\\\/ca\\\/les-sinergies-i-la-retroalimentacio-entre-defensories-locals-darreu-del-mon-imprescindibles-per-defensar-els-drets-humans-de-proximitat\\\/\"},\"wordCount\":574,\"publisher\":{\"@id\":\"https:\\\/\\\/www.sindicaturabarcelona.cat\\\/ca\\\/#organization\"},\"image\":{\"@id\":\"https:\\\/\\\/www.sindicaturabarcelona.cat\\\/ca\\\/les-sinergies-i-la-retroalimentacio-entre-defensories-locals-darreu-del-mon-imprescindibles-per-defensar-els-drets-humans-de-proximitat\\\/#primaryimage\"},\"thumbnailUrl\":\"https:\\\/\\\/www.sindicaturabarcelona.cat\\\/wp-content\\\/uploads\\\/greuges-2-scaled.jpg\",\"inLanguage\":\"ca\"},{\"@type\":\"WebPage\",\"@id\":\"https:\\\/\\\/www.sindicaturabarcelona.cat\\\/ca\\\/les-sinergies-i-la-retroalimentacio-entre-defensories-locals-darreu-del-mon-imprescindibles-per-defensar-els-drets-humans-de-proximitat\\\/\",\"url\":\"https:\\\/\\\/www.sindicaturabarcelona.cat\\\/ca\\\/les-sinergies-i-la-retroalimentacio-entre-defensories-locals-darreu-del-mon-imprescindibles-per-defensar-els-drets-humans-de-proximitat\\\/\",\"name\":\"Les sinergies i la retroalimentaci\u00f3 entre defensories locals d\u2019arreu del m\u00f3n, imprescindibles per defensar els drets humans de proximitat - Sindicatura de Greuges de Barcelona\",\"isPartOf\":{\"@id\":\"https:\\\/\\\/www.sindicaturabarcelona.cat\\\/ca\\\/#website\"},\"primaryImageOfPage\":{\"@id\":\"https:\\\/\\\/www.sindicaturabarcelona.cat\\\/ca\\\/les-sinergies-i-la-retroalimentacio-entre-defensories-locals-darreu-del-mon-imprescindibles-per-defensar-els-drets-humans-de-proximitat\\\/#primaryimage\"},\"image\":{\"@id\":\"https:\\\/\\\/www.sindicaturabarcelona.cat\\\/ca\\\/les-sinergies-i-la-retroalimentacio-entre-defensories-locals-darreu-del-mon-imprescindibles-per-defensar-els-drets-humans-de-proximitat\\\/#primaryimage\"},\"thumbnailUrl\":\"https:\\\/\\\/www.sindicaturabarcelona.cat\\\/wp-content\\\/uploads\\\/greuges-2-scaled.jpg\",\"datePublished\":\"2024-11-14T10:02:05+00:00\",\"dateModified\":\"2025-04-16T12:03:24+00:00\",\"description\":\"En el marc de l\u2019acte Aliances per defensar drets humans de proximitat, el s\u00edndic de greuges de Barcelona, David Bondia, i el pre...\",\"breadcrumb\":{\"@id\":\"https:\\\/\\\/www.sindicaturabarcelona.cat\\\/ca\\\/les-sinergies-i-la-retroalimentacio-entre-defensories-locals-darreu-del-mon-imprescindibles-per-defensar-els-drets-humans-de-proximitat\\\/#breadcrumb\"},\"inLanguage\":\"ca\",\"potentialAction\":[{\"@type\":\"ReadAction\",\"target\":[\"https:\\\/\\\/www.sindicaturabarcelona.cat\\\/ca\\\/les-sinergies-i-la-retroalimentacio-entre-defensories-locals-darreu-del-mon-imprescindibles-per-defensar-els-drets-humans-de-proximitat\\\/\"]}]},{\"@type\":\"ImageObject\",\"inLanguage\":\"ca\",\"@id\":\"https:\\\/\\\/www.sindicaturabarcelona.cat\\\/ca\\\/les-sinergies-i-la-retroalimentacio-entre-defensories-locals-darreu-del-mon-imprescindibles-per-defensar-els-drets-humans-de-proximitat\\\/#primaryimage\",\"url\":\"https:\\\/\\\/www.sindicaturabarcelona.cat\\\/wp-content\\\/uploads\\\/greuges-2-scaled.jpg\",\"contentUrl\":\"https:\\\/\\\/www.sindicaturabarcelona.cat\\\/wp-content\\\/uploads\\\/greuges-2-scaled.jpg\",\"width\":2560,\"height\":1707},{\"@type\":\"BreadcrumbList\",\"@id\":\"https:\\\/\\\/www.sindicaturabarcelona.cat\\\/ca\\\/les-sinergies-i-la-retroalimentacio-entre-defensories-locals-darreu-del-mon-imprescindibles-per-defensar-els-drets-humans-de-proximitat\\\/#breadcrumb\",\"itemListElement\":[{\"@type\":\"ListItem\",\"position\":1,\"name\":\"Inici\",\"item\":\"https:\\\/\\\/www.sindicaturabarcelona.cat\\\/ca\\\/\"},{\"@type\":\"ListItem\",\"position\":2,\"name\":\"Les sinergies i la retroalimentaci\u00f3 entre defensories locals d\u2019arreu del m\u00f3n, imprescindibles per defensar els drets humans de proximitat\"}]},{\"@type\":\"WebSite\",\"@id\":\"https:\\\/\\\/www.sindicaturabarcelona.cat\\\/ca\\\/#website\",\"url\":\"https:\\\/\\\/www.sindicaturabarcelona.cat\\\/ca\\\/\",\"name\":\"Sindicatura de Greuges de Barcelona\",\"description\":\"La defensoria dels teus drets\",\"publisher\":{\"@id\":\"https:\\\/\\\/www.sindicaturabarcelona.cat\\\/ca\\\/#organization\"},\"potentialAction\":[{\"@type\":\"SearchAction\",\"target\":{\"@type\":\"EntryPoint\",\"urlTemplate\":\"https:\\\/\\\/www.sindicaturabarcelona.cat\\\/ca\\\/?s={search_term_string}\"},\"query-input\":{\"@type\":\"PropertyValueSpecification\",\"valueRequired\":true,\"valueName\":\"search_term_string\"}}],\"inLanguage\":\"ca\"},{\"@type\":\"Organization\",\"@id\":\"https:\\\/\\\/www.sindicaturabarcelona.cat\\\/ca\\\/#organization\",\"name\":\"Sindicatura de Greuges de Barcelona\",\"url\":\"https:\\\/\\\/www.sindicaturabarcelona.cat\\\/ca\\\/\",\"logo\":{\"@type\":\"ImageObject\",\"inLanguage\":\"ca\",\"@id\":\"https:\\\/\\\/www.sindicaturabarcelona.cat\\\/ca\\\/#\\\/schema\\\/logo\\\/image\\\/\",\"url\":\"https:\\\/\\\/www.sindicaturabarcelona.cat\\\/wp-content\\\/uploads\\\/2023\\\/02\\\/logo_sindicatura.svg\",\"contentUrl\":\"https:\\\/\\\/www.sindicaturabarcelona.cat\\\/wp-content\\\/uploads\\\/2023\\\/02\\\/logo_sindicatura.svg\",\"caption\":\"Sindicatura de Greuges de Barcelona\"},\"image\":{\"@id\":\"https:\\\/\\\/www.sindicaturabarcelona.cat\\\/ca\\\/#\\\/schema\\\/logo\\\/image\\\/\"},\"sameAs\":[\"https:\\\/\\\/x.com\\\/sindicbarcelona\",\"https:\\\/\\\/www.instagram.com\\\/sindicbarcelona\\\/\",\"https:\\\/\\\/www.tiktok.com\\\/@sindicaturabcn\",\"https:\\\/\\\/t.me\\\/sindicaturabarcelona\"]},{\"@type\":\"Person\",\"@id\":\"https:\\\/\\\/www.sindicaturabarcelona.cat\\\/ca\\\/#\\\/schema\\\/person\\\/0e5acffc350ffdbc97578159322c9452\",\"name\":\"Pablo\",\"image\":{\"@type\":\"ImageObject\",\"inLanguage\":\"ca\",\"@id\":\"https:\\\/\\\/secure.gravatar.com\\\/avatar\\\/c948169b402ef9492afde705c3dfd5e90e1a6a84ef6840a91124f805a25a480f?s=96&d=mm&r=g\",\"url\":\"https:\\\/\\\/secure.gravatar.com\\\/avatar\\\/c948169b402ef9492afde705c3dfd5e90e1a6a84ef6840a91124f805a25a480f?s=96&d=mm&r=g\",\"contentUrl\":\"https:\\\/\\\/secure.gravatar.com\\\/avatar\\\/c948169b402ef9492afde705c3dfd5e90e1a6a84ef6840a91124f805a25a480f?s=96&d=mm&r=g\",\"caption\":\"Pablo\"},\"url\":\"https:\\\/\\\/www.sindicaturabarcelona.cat\\\/ca\\\/author\\\/pablo\\\/\"}]}<\/script>\n<!-- \/ Yoast SEO plugin. -->","yoast_head_json":{"title":"Les sinergies i la retroalimentaci\u00f3 entre defensories locals d\u2019arreu del m\u00f3n, imprescindibles per defensar els drets humans de proximitat - Sindicatura de Greuges de Barcelona","description":"En el marc de l\u2019acte Aliances per defensar drets humans de proximitat, el s\u00edndic de greuges de Barcelona, David Bondia, i el pre...","robots":{"index":"index","follow":"follow","max-snippet":"max-snippet:-1","max-image-preview":"max-image-preview:large","max-video-preview":"max-video-preview:-1"},"canonical":"https:\/\/www.sindicaturabarcelona.cat\/ca\/les-sinergies-i-la-retroalimentacio-entre-defensories-locals-darreu-del-mon-imprescindibles-per-defensar-els-drets-humans-de-proximitat\/","og_locale":"ca_ES","og_type":"article","og_title":"Les sinergies i la retroalimentaci\u00f3 entre defensories locals d\u2019arreu del m\u00f3n, imprescindibles per defensar els drets humans de proximitat - Sindicatura de Greuges de Barcelona","og_description":"En el marc de l\u2019acte Aliances per defensar drets humans de proximitat, el s\u00edndic de greuges de Barcelona, David Bondia, i el pre...","og_url":"https:\/\/www.sindicaturabarcelona.cat\/ca\/les-sinergies-i-la-retroalimentacio-entre-defensories-locals-darreu-del-mon-imprescindibles-per-defensar-els-drets-humans-de-proximitat\/","og_site_name":"Sindicatura de Greuges de Barcelona","article_published_time":"2024-11-14T10:02:05+00:00","article_modified_time":"2025-04-16T12:03:24+00:00","og_image":[{"width":2560,"height":1707,"url":"https:\/\/www.sindicaturabarcelona.cat\/wp-content\/uploads\/greuges-2-scaled.jpg","type":"image\/jpeg"}],"author":"Pablo","twitter_card":"summary_large_image","twitter_creator":"@sindicbarcelona","twitter_site":"@sindicbarcelona","twitter_misc":{"Escrit per":"Pablo","Temps estimat de lectura":"3 minuts"},"schema":{"@context":"https:\/\/schema.org","@graph":[{"@type":"Article","@id":"https:\/\/www.sindicaturabarcelona.cat\/ca\/les-sinergies-i-la-retroalimentacio-entre-defensories-locals-darreu-del-mon-imprescindibles-per-defensar-els-drets-humans-de-proximitat\/#article","isPartOf":{"@id":"https:\/\/www.sindicaturabarcelona.cat\/ca\/les-sinergies-i-la-retroalimentacio-entre-defensories-locals-darreu-del-mon-imprescindibles-per-defensar-els-drets-humans-de-proximitat\/"},"author":{"name":"Pablo","@id":"https:\/\/www.sindicaturabarcelona.cat\/ca\/#\/schema\/person\/0e5acffc350ffdbc97578159322c9452"},"headline":"Les sinergies i la retroalimentaci\u00f3 entre defensories locals d\u2019arreu del m\u00f3n, imprescindibles per defensar els drets humans de proximitat","datePublished":"2024-11-14T10:02:05+00:00","dateModified":"2025-04-16T12:03:24+00:00","mainEntityOfPage":{"@id":"https:\/\/www.sindicaturabarcelona.cat\/ca\/les-sinergies-i-la-retroalimentacio-entre-defensories-locals-darreu-del-mon-imprescindibles-per-defensar-els-drets-humans-de-proximitat\/"},"wordCount":574,"publisher":{"@id":"https:\/\/www.sindicaturabarcelona.cat\/ca\/#organization"},"image":{"@id":"https:\/\/www.sindicaturabarcelona.cat\/ca\/les-sinergies-i-la-retroalimentacio-entre-defensories-locals-darreu-del-mon-imprescindibles-per-defensar-els-drets-humans-de-proximitat\/#primaryimage"},"thumbnailUrl":"https:\/\/www.sindicaturabarcelona.cat\/wp-content\/uploads\/greuges-2-scaled.jpg","inLanguage":"ca"},{"@type":"WebPage","@id":"https:\/\/www.sindicaturabarcelona.cat\/ca\/les-sinergies-i-la-retroalimentacio-entre-defensories-locals-darreu-del-mon-imprescindibles-per-defensar-els-drets-humans-de-proximitat\/","url":"https:\/\/www.sindicaturabarcelona.cat\/ca\/les-sinergies-i-la-retroalimentacio-entre-defensories-locals-darreu-del-mon-imprescindibles-per-defensar-els-drets-humans-de-proximitat\/","name":"Les sinergies i la retroalimentaci\u00f3 entre defensories locals d\u2019arreu del m\u00f3n, imprescindibles per defensar els drets humans de proximitat - Sindicatura de Greuges de Barcelona","isPartOf":{"@id":"https:\/\/www.sindicaturabarcelona.cat\/ca\/#website"},"primaryImageOfPage":{"@id":"https:\/\/www.sindicaturabarcelona.cat\/ca\/les-sinergies-i-la-retroalimentacio-entre-defensories-locals-darreu-del-mon-imprescindibles-per-defensar-els-drets-humans-de-proximitat\/#primaryimage"},"image":{"@id":"https:\/\/www.sindicaturabarcelona.cat\/ca\/les-sinergies-i-la-retroalimentacio-entre-defensories-locals-darreu-del-mon-imprescindibles-per-defensar-els-drets-humans-de-proximitat\/#primaryimage"},"thumbnailUrl":"https:\/\/www.sindicaturabarcelona.cat\/wp-content\/uploads\/greuges-2-scaled.jpg","datePublished":"2024-11-14T10:02:05+00:00","dateModified":"2025-04-16T12:03:24+00:00","description":"En el marc de l\u2019acte Aliances per defensar drets humans de proximitat, el s\u00edndic de greuges de Barcelona, David Bondia, i el pre...","breadcrumb":{"@id":"https:\/\/www.sindicaturabarcelona.cat\/ca\/les-sinergies-i-la-retroalimentacio-entre-defensories-locals-darreu-del-mon-imprescindibles-per-defensar-els-drets-humans-de-proximitat\/#breadcrumb"},"inLanguage":"ca","potentialAction":[{"@type":"ReadAction","target":["https:\/\/www.sindicaturabarcelona.cat\/ca\/les-sinergies-i-la-retroalimentacio-entre-defensories-locals-darreu-del-mon-imprescindibles-per-defensar-els-drets-humans-de-proximitat\/"]}]},{"@type":"ImageObject","inLanguage":"ca","@id":"https:\/\/www.sindicaturabarcelona.cat\/ca\/les-sinergies-i-la-retroalimentacio-entre-defensories-locals-darreu-del-mon-imprescindibles-per-defensar-els-drets-humans-de-proximitat\/#primaryimage","url":"https:\/\/www.sindicaturabarcelona.cat\/wp-content\/uploads\/greuges-2-scaled.jpg","contentUrl":"https:\/\/www.sindicaturabarcelona.cat\/wp-content\/uploads\/greuges-2-scaled.jpg","width":2560,"height":1707},{"@type":"BreadcrumbList","@id":"https:\/\/www.sindicaturabarcelona.cat\/ca\/les-sinergies-i-la-retroalimentacio-entre-defensories-locals-darreu-del-mon-imprescindibles-per-defensar-els-drets-humans-de-proximitat\/#breadcrumb","itemListElement":[{"@type":"ListItem","position":1,"name":"Inici","item":"https:\/\/www.sindicaturabarcelona.cat\/ca\/"},{"@type":"ListItem","position":2,"name":"Les sinergies i la retroalimentaci\u00f3 entre defensories locals d\u2019arreu del m\u00f3n, imprescindibles per defensar els drets humans de proximitat"}]},{"@type":"WebSite","@id":"https:\/\/www.sindicaturabarcelona.cat\/ca\/#website","url":"https:\/\/www.sindicaturabarcelona.cat\/ca\/","name":"Sindicatura de Greuges de Barcelona","description":"La defensoria dels teus drets","publisher":{"@id":"https:\/\/www.sindicaturabarcelona.cat\/ca\/#organization"},"potentialAction":[{"@type":"SearchAction","target":{"@type":"EntryPoint","urlTemplate":"https:\/\/www.sindicaturabarcelona.cat\/ca\/?s={search_term_string}"},"query-input":{"@type":"PropertyValueSpecification","valueRequired":true,"valueName":"search_term_string"}}],"inLanguage":"ca"},{"@type":"Organization","@id":"https:\/\/www.sindicaturabarcelona.cat\/ca\/#organization","name":"Sindicatura de Greuges de Barcelona","url":"https:\/\/www.sindicaturabarcelona.cat\/ca\/","logo":{"@type":"ImageObject","inLanguage":"ca","@id":"https:\/\/www.sindicaturabarcelona.cat\/ca\/#\/schema\/logo\/image\/","url":"https:\/\/www.sindicaturabarcelona.cat\/wp-content\/uploads\/2023\/02\/logo_sindicatura.svg","contentUrl":"https:\/\/www.sindicaturabarcelona.cat\/wp-content\/uploads\/2023\/02\/logo_sindicatura.svg","caption":"Sindicatura de Greuges de Barcelona"},"image":{"@id":"https:\/\/www.sindicaturabarcelona.cat\/ca\/#\/schema\/logo\/image\/"},"sameAs":["https:\/\/x.com\/sindicbarcelona","https:\/\/www.instagram.com\/sindicbarcelona\/","https:\/\/www.tiktok.com\/@sindicaturabcn","https:\/\/t.me\/sindicaturabarcelona"]},{"@type":"Person","@id":"https:\/\/www.sindicaturabarcelona.cat\/ca\/#\/schema\/person\/0e5acffc350ffdbc97578159322c9452","name":"Pablo","image":{"@type":"ImageObject","inLanguage":"ca","@id":"https:\/\/secure.gravatar.com\/avatar\/c948169b402ef9492afde705c3dfd5e90e1a6a84ef6840a91124f805a25a480f?s=96&d=mm&r=g","url":"https:\/\/secure.gravatar.com\/avatar\/c948169b402ef9492afde705c3dfd5e90e1a6a84ef6840a91124f805a25a480f?s=96&d=mm&r=g","contentUrl":"https:\/\/secure.gravatar.com\/avatar\/c948169b402ef9492afde705c3dfd5e90e1a6a84ef6840a91124f805a25a480f?s=96&d=mm&r=g","caption":"Pablo"},"url":"https:\/\/www.sindicaturabarcelona.cat\/ca\/author\/pablo\/"}]}},"_links":{"self":[{"href":"https:\/\/www.sindicaturabarcelona.cat\/ca\/wp-json\/wp\/v2\/posts\/34283","targetHints":{"allow":["GET"]}}],"collection":[{"href":"https:\/\/www.sindicaturabarcelona.cat\/ca\/wp-json\/wp\/v2\/posts"}],"about":[{"href":"https:\/\/www.sindicaturabarcelona.cat\/ca\/wp-json\/wp\/v2\/types\/post"}],"author":[{"embeddable":true,"href":"https:\/\/www.sindicaturabarcelona.cat\/ca\/wp-json\/wp\/v2\/users\/2"}],"replies":[{"embeddable":true,"href":"https:\/\/www.sindicaturabarcelona.cat\/ca\/wp-json\/wp\/v2\/comments?post=34283"}],"version-history":[{"count":1,"href":"https:\/\/www.sindicaturabarcelona.cat\/ca\/wp-json\/wp\/v2\/posts\/34283\/revisions"}],"predecessor-version":[{"id":34287,"href":"https:\/\/www.sindicaturabarcelona.cat\/ca\/wp-json\/wp\/v2\/posts\/34283\/revisions\/34287"}],"wp:featuredmedia":[{"embeddable":true,"href":"https:\/\/www.sindicaturabarcelona.cat\/ca\/wp-json\/wp\/v2\/media\/34284"}],"wp:attachment":[{"href":"https:\/\/www.sindicaturabarcelona.cat\/ca\/wp-json\/wp\/v2\/media?parent=34283"}],"wp:term":[{"taxonomy":"post_tag","embeddable":true,"href":"https:\/\/www.sindicaturabarcelona.cat\/ca\/wp-json\/wp\/v2\/tags?post=34283"},{"taxonomy":"drets","embeddable":true,"href":"https:\/\/www.sindicaturabarcelona.cat\/ca\/wp-json\/wp\/v2\/drets?post=34283"}],"curies":[{"name":"wp","href":"https:\/\/api.w.org\/{rel}","templated":true}]}}