{"id":34250,"date":"2024-11-27T07:30:00","date_gmt":"2024-11-27T05:30:00","guid":{"rendered":"https:\/\/www.sindicaturabarcelona.cat\/?p=34250"},"modified":"2024-11-12T12:53:11","modified_gmt":"2024-11-12T10:53:11","slug":"la-senyalitzacio-dels-lavabos-publics-de-la-ciutat-insistencia-de-la-sindicatura","status":"publish","type":"post","link":"https:\/\/www.sindicaturabarcelona.cat\/ca\/la-senyalitzacio-dels-lavabos-publics-de-la-ciutat-insistencia-de-la-sindicatura\/","title":{"rendered":"La senyalitzaci\u00f3 dels lavabos p\u00fablics de la ciutat, insist\u00e8ncia de la Sindicatura de Greuges de Barcelona"},"content":{"rendered":"\n<p><strong>Barcelona, 28 de novembre de 2024<\/strong> &#8211; Despr\u00e9s d\u2019exposar la necessitat de tenir m\u00e9s lavabos p\u00fablics a Barcelona en l\u2019informe <a href=\"https:\/\/www.sindicaturabarcelona.cat\/wp-content\/uploads\/20241024_Informe-Ordenanca-Convivencia.pdf\" target=\"_blank\" rel=\"noreferrer noopener\"><em>Espai p\u00fablic i dret a la ciutat: an\u00e0lisi de l\u2019Ordenan\u00e7a de Conviv\u00e8ncia<\/em><\/a>,<strong> la Sindicatura de Greuges insisteix en una recomanaci\u00f3 que fa des de l\u2019any 2018: instal\u00b7lar senyals indicatius dels lavabos p\u00fablics ja existents a la ciutat<\/strong>.<\/p>\n\n\n\n<h2 class=\"wp-block-heading\"><strong>Barcelona i els lavabos p\u00fablics<\/strong><\/h2>\n\n\n\n<p>La manca de lavabos p\u00fablics d\u2019acc\u00e9s gratu\u00eft \u00e9s un tema recurrent i que fa molts anys que est\u00e0 present a Barcelona. <strong>\u201cAmpliar la disponibilitat de lavabos p\u00fablics milloraria la qualitat de&nbsp; vida de totes les persones que viuen a la ciutat i la visiten, i contribuiria a minimitzar l\u2019impacte de les actituds inc\u00edviques a l\u2019espai p\u00fablic\u201d<\/strong>, manifesta el s\u00edndic, David Bondia.<\/p>\n\n\n\n<p><strong>La darrera vegada que es va debatre pol\u00edticament aquesta situaci\u00f3 va ser el gener de l\u2019any 2014, a la Comissi\u00f3 d\u2019H\u00e0bitat Urb\u00e0 i Medi Ambient<\/strong> de l\u2019Ajuntament de Barcelona, quan es va proposar que el govern municipal garant\u00eds l\u2019acc\u00e9s i la senyalitzaci\u00f3 de tots els lavabos p\u00fablics de la ciutat. <strong>Tanmateix, aquesta mesura no va arribar a aplicar-se<\/strong>.<\/p>\n\n\n\n<h2 class=\"wp-block-heading\"><strong>Ciutat Vella, la primera aposta d\u2019una certa dimensi\u00f3<\/strong><\/h2>\n\n\n\n<p><strong>En els darrers temps, Ciutat Vella ha estat el districte que ha protagonitzat l\u2019augment m\u00e9s significatiu de lavabos p\u00fablics:<\/strong> hi ha 37 i entre els mesos de maig i setembre se n\u2019afegeixen set cabines qu\u00edmiques.&nbsp;<\/p>\n\n\n\n<p>Ciutat Vella ha estat l\u2019escollida perqu\u00e8 es tracta d\u2019una de les zones m\u00e9s afectades per la gran aflu\u00e8ncia de turisme, que comporta un \u00fas intensiu de l\u2019espai p\u00fablic<strong>. Les entitats ve\u00efnals del districte van reclamar solucions a l\u2019Ajuntament davant el fet que moltes persones feien les seves necessitats fisiol\u00f2giques a l\u2019espai p\u00fablic<\/strong>.<\/p>\n\n\n\n<h2 class=\"wp-block-heading\"><strong>Cal facilitar m\u00e9s informaci\u00f3 sobre lavabos p\u00fablics<\/strong><\/h2>\n\n\n\n<p>Quant a aquests lavabos p\u00fablics ubicats a Ciutat Vella, <a href=\"https:\/\/ajuntament.barcelona.cat\/ciutatvella\/ca\/wc-publics\" target=\"_blank\" rel=\"noreferrer noopener\">la p\u00e0gina web municipal permet consultar-ne la ubicaci\u00f3<\/a>.<\/p>\n\n\n\n<p>Malauradament, aquest \u00e9s l\u2019\u00fanic mapa consultable del portal municipal que indexa els lavabos p\u00fablics de la ciutat. <strong>De la resta de districtes no consta informaci\u00f3 f\u00e0cilment accessible sobre la ubicaci\u00f3 dels lavabos p\u00fablics<\/strong>. No obstant aix\u00f2, el servei municipal Open Data BCN proporciona una llista dels lavabos p\u00fablics de la ciutat de Barcelona: un total de 164, molts ubicats en equipaments municipals. Una informaci\u00f3 que no sigui informaci\u00f3 f\u00e0cilment accessible, clara i transparent <strong>no concorda amb el principi de bona administraci\u00f3 que ha d\u2019inspirar totes les actuacions municipals<\/strong>.<\/p>\n\n\n\n<p><strong>\u201cEl dret a una bona administraci\u00f3 est\u00e0 \u00edntimament lligat al dret a la informaci\u00f3, i \u00e9s a l\u2019Administraci\u00f3 a qui correspon facilitar la informaci\u00f3 dels serveis que pot oferir a la ciutadania de manera accessible i per tots els canals possibles<\/strong>\u201d, ha concl\u00f2s Bondia.<\/p>\n\n\n\n<h2 class=\"wp-block-heading\"><strong>La darrera queixa a la Sindicatura sobre lavabos p\u00fablics<\/strong><\/h2>\n\n\n\n<p><strong><a href=\"https:\/\/www.sindicaturabarcelona.cat\/wp-content\/uploads\/202410_Dret-medi-ambient_disconformitat-amb-els-horaris-dels-lavabos-publics-del-parc-del-Castell-de-lOreneta_24Q000303.pdf\" target=\"_blank\" rel=\"noreferrer noopener\">Els lavabos p\u00fablics del parc del Castell de l\u2019Oreneta han centrat la darrera queixa ciutadana rebuda a la Sindicatura sobre aquest assumpte<\/a><\/strong>. Concretament, denunciava que no estaven oberts els caps de setmana.<\/p>\n\n\n\n<p>La Sindicatura de Greuges de Barcelona s\u2019ha dirigit a l\u2019Institut Municipal de Parcs i Jardins (IMPJ), que ha confirmat que l\u2019horari dels lavabos p\u00fablics \u00e9s de 8 a 15 hores els dies laborables. L\u2019IMPJ ha argumentat que el servei de neteja no est\u00e0 contractat els caps de setmana i festius, motiu pel qual no es poden garantir els m\u00ednims d\u2019higiene necessaris per a obrir aquesta classe d\u2019instal\u00b7laci\u00f3.<\/p>\n\n\n\n<p><strong>Tanmateix, a criteri de la Sindicatura l\u2019actuaci\u00f3 de l\u2019IMPJ no \u00e9s coherent amb l\u2019Ordenan\u00e7a de mesures per fomentar i garantir la conviv\u00e8ncia ciutadana a l\u2019espai p\u00fablic de Barcelona<\/strong>, que prohibeix i posa sancions a les persones que facin les necessitats fisiol\u00f2giques als parcs i jardins de la ciutat.<\/p>\n\n\n\n<p><strong>Com a proposta d\u2019actuaci\u00f3, la Sindicatura ha recomanat que, quan es formalitzi un nou contracte de neteja, es valori una nova distribuci\u00f3 hor\u00e0ria d\u2019obertura i manteniment dels lavabos p\u00fablics dels parcs, tenint en compte els dies de m\u00e9s aflu\u00e8ncia<\/strong>.<\/p>\n","protected":false},"excerpt":{"rendered":"<p>Barcelona, 28 de novembre de 2024 &#8211; Despr\u00e9s d\u2019exposar la necessitat de tenir m\u00e9s lavabos p\u00fablics a Barcelona en l\u2019informe Espai p\u00fablic i dret a la ciutat: an\u00e0lisi de l\u2019Ordenan\u00e7a [&hellip;]<\/p>\n","protected":false},"author":2,"featured_media":34251,"comment_status":"closed","ping_status":"closed","sticky":false,"template":"","format":"standard","meta":{"_acf_changed":false,"footnotes":""},"tags":[],"drets":[1438,1448],"class_list":["post-34250","post","type-post","status-publish","format-standard","has-post-thumbnail","hentry","drets-ciutat-habitable-i-sostenible","drets-dret-al-medi-ambient"],"acf":[],"yoast_head":"<!-- This site is optimized with the Yoast SEO plugin v27.5 - https:\/\/yoast.com\/product\/yoast-seo-wordpress\/ -->\n<title>La senyalitzaci\u00f3 dels lavabos p\u00fablics de la ciutat, insist\u00e8ncia de la Sindicatura de Greuges de Barcelona - Sindicatura de Greuges de Barcelona<\/title>\n<meta name=\"description\" content=\"La Sindicatura insisteix en una recomanaci\u00f3 que fa des de l\u2019any 2018: instal\u00b7lar senyals indicatius dels lavabos p\u00fablics ja existents...\" \/>\n<meta name=\"robots\" content=\"index, follow, max-snippet:-1, max-image-preview:large, max-video-preview:-1\" \/>\n<link rel=\"canonical\" href=\"https:\/\/www.sindicaturabarcelona.cat\/ca\/la-senyalitzacio-dels-lavabos-publics-de-la-ciutat-insistencia-de-la-sindicatura\/\" \/>\n<meta property=\"og:locale\" content=\"ca_ES\" \/>\n<meta property=\"og:type\" content=\"article\" \/>\n<meta property=\"og:title\" content=\"La senyalitzaci\u00f3 dels lavabos p\u00fablics de la ciutat, insist\u00e8ncia de la Sindicatura de Greuges de Barcelona - Sindicatura de Greuges de Barcelona\" \/>\n<meta property=\"og:description\" content=\"La Sindicatura insisteix en una recomanaci\u00f3 que fa des de l\u2019any 2018: instal\u00b7lar senyals indicatius dels lavabos p\u00fablics ja existents...\" \/>\n<meta property=\"og:url\" content=\"https:\/\/www.sindicaturabarcelona.cat\/ca\/la-senyalitzacio-dels-lavabos-publics-de-la-ciutat-insistencia-de-la-sindicatura\/\" \/>\n<meta property=\"og:site_name\" content=\"Sindicatura de Greuges de Barcelona\" \/>\n<meta property=\"article:published_time\" content=\"2024-11-27T05:30:00+00:00\" \/>\n<meta property=\"og:image\" content=\"https:\/\/www.sindicaturabarcelona.cat\/wp-content\/uploads\/Lavabo-public.jpg\" \/>\n\t<meta property=\"og:image:width\" content=\"760\" \/>\n\t<meta property=\"og:image:height\" content=\"428\" \/>\n\t<meta property=\"og:image:type\" content=\"image\/jpeg\" \/>\n<meta name=\"author\" content=\"Pablo\" \/>\n<meta name=\"twitter:card\" content=\"summary_large_image\" \/>\n<meta name=\"twitter:creator\" content=\"@sindicbarcelona\" \/>\n<meta name=\"twitter:site\" content=\"@sindicbarcelona\" \/>\n<meta name=\"twitter:label1\" content=\"Escrit per\" \/>\n\t<meta name=\"twitter:data1\" content=\"Pablo\" \/>\n\t<meta name=\"twitter:label2\" content=\"Temps estimat de lectura\" \/>\n\t<meta name=\"twitter:data2\" content=\"4 minuts\" \/>\n<script type=\"application\/ld+json\" class=\"yoast-schema-graph\">{\"@context\":\"https:\\\/\\\/schema.org\",\"@graph\":[{\"@type\":\"Article\",\"@id\":\"https:\\\/\\\/www.sindicaturabarcelona.cat\\\/ca\\\/la-senyalitzacio-dels-lavabos-publics-de-la-ciutat-insistencia-de-la-sindicatura\\\/#article\",\"isPartOf\":{\"@id\":\"https:\\\/\\\/www.sindicaturabarcelona.cat\\\/ca\\\/la-senyalitzacio-dels-lavabos-publics-de-la-ciutat-insistencia-de-la-sindicatura\\\/\"},\"author\":{\"name\":\"Pablo\",\"@id\":\"https:\\\/\\\/www.sindicaturabarcelona.cat\\\/ca\\\/#\\\/schema\\\/person\\\/0e5acffc350ffdbc97578159322c9452\"},\"headline\":\"La senyalitzaci\u00f3 dels lavabos p\u00fablics de la ciutat, insist\u00e8ncia de la Sindicatura de Greuges de Barcelona\",\"datePublished\":\"2024-11-27T05:30:00+00:00\",\"mainEntityOfPage\":{\"@id\":\"https:\\\/\\\/www.sindicaturabarcelona.cat\\\/ca\\\/la-senyalitzacio-dels-lavabos-publics-de-la-ciutat-insistencia-de-la-sindicatura\\\/\"},\"wordCount\":728,\"publisher\":{\"@id\":\"https:\\\/\\\/www.sindicaturabarcelona.cat\\\/ca\\\/#organization\"},\"image\":{\"@id\":\"https:\\\/\\\/www.sindicaturabarcelona.cat\\\/ca\\\/la-senyalitzacio-dels-lavabos-publics-de-la-ciutat-insistencia-de-la-sindicatura\\\/#primaryimage\"},\"thumbnailUrl\":\"https:\\\/\\\/www.sindicaturabarcelona.cat\\\/wp-content\\\/uploads\\\/Lavabo-public.jpg\",\"inLanguage\":\"ca\"},{\"@type\":\"WebPage\",\"@id\":\"https:\\\/\\\/www.sindicaturabarcelona.cat\\\/ca\\\/la-senyalitzacio-dels-lavabos-publics-de-la-ciutat-insistencia-de-la-sindicatura\\\/\",\"url\":\"https:\\\/\\\/www.sindicaturabarcelona.cat\\\/ca\\\/la-senyalitzacio-dels-lavabos-publics-de-la-ciutat-insistencia-de-la-sindicatura\\\/\",\"name\":\"La senyalitzaci\u00f3 dels lavabos p\u00fablics de la ciutat, insist\u00e8ncia de la Sindicatura de Greuges de Barcelona - Sindicatura de Greuges de Barcelona\",\"isPartOf\":{\"@id\":\"https:\\\/\\\/www.sindicaturabarcelona.cat\\\/ca\\\/#website\"},\"primaryImageOfPage\":{\"@id\":\"https:\\\/\\\/www.sindicaturabarcelona.cat\\\/ca\\\/la-senyalitzacio-dels-lavabos-publics-de-la-ciutat-insistencia-de-la-sindicatura\\\/#primaryimage\"},\"image\":{\"@id\":\"https:\\\/\\\/www.sindicaturabarcelona.cat\\\/ca\\\/la-senyalitzacio-dels-lavabos-publics-de-la-ciutat-insistencia-de-la-sindicatura\\\/#primaryimage\"},\"thumbnailUrl\":\"https:\\\/\\\/www.sindicaturabarcelona.cat\\\/wp-content\\\/uploads\\\/Lavabo-public.jpg\",\"datePublished\":\"2024-11-27T05:30:00+00:00\",\"description\":\"La Sindicatura insisteix en una recomanaci\u00f3 que fa des de l\u2019any 2018: instal\u00b7lar senyals indicatius dels lavabos p\u00fablics ja existents...\",\"breadcrumb\":{\"@id\":\"https:\\\/\\\/www.sindicaturabarcelona.cat\\\/ca\\\/la-senyalitzacio-dels-lavabos-publics-de-la-ciutat-insistencia-de-la-sindicatura\\\/#breadcrumb\"},\"inLanguage\":\"ca\",\"potentialAction\":[{\"@type\":\"ReadAction\",\"target\":[\"https:\\\/\\\/www.sindicaturabarcelona.cat\\\/ca\\\/la-senyalitzacio-dels-lavabos-publics-de-la-ciutat-insistencia-de-la-sindicatura\\\/\"]}]},{\"@type\":\"ImageObject\",\"inLanguage\":\"ca\",\"@id\":\"https:\\\/\\\/www.sindicaturabarcelona.cat\\\/ca\\\/la-senyalitzacio-dels-lavabos-publics-de-la-ciutat-insistencia-de-la-sindicatura\\\/#primaryimage\",\"url\":\"https:\\\/\\\/www.sindicaturabarcelona.cat\\\/wp-content\\\/uploads\\\/Lavabo-public.jpg\",\"contentUrl\":\"https:\\\/\\\/www.sindicaturabarcelona.cat\\\/wp-content\\\/uploads\\\/Lavabo-public.jpg\",\"width\":760,\"height\":428},{\"@type\":\"BreadcrumbList\",\"@id\":\"https:\\\/\\\/www.sindicaturabarcelona.cat\\\/ca\\\/la-senyalitzacio-dels-lavabos-publics-de-la-ciutat-insistencia-de-la-sindicatura\\\/#breadcrumb\",\"itemListElement\":[{\"@type\":\"ListItem\",\"position\":1,\"name\":\"Inici\",\"item\":\"https:\\\/\\\/www.sindicaturabarcelona.cat\\\/ca\\\/\"},{\"@type\":\"ListItem\",\"position\":2,\"name\":\"La senyalitzaci\u00f3 dels lavabos p\u00fablics de la ciutat, insist\u00e8ncia de la Sindicatura de Greuges de Barcelona\"}]},{\"@type\":\"WebSite\",\"@id\":\"https:\\\/\\\/www.sindicaturabarcelona.cat\\\/ca\\\/#website\",\"url\":\"https:\\\/\\\/www.sindicaturabarcelona.cat\\\/ca\\\/\",\"name\":\"Sindicatura de Greuges de Barcelona\",\"description\":\"La defensoria dels teus drets\",\"publisher\":{\"@id\":\"https:\\\/\\\/www.sindicaturabarcelona.cat\\\/ca\\\/#organization\"},\"potentialAction\":[{\"@type\":\"SearchAction\",\"target\":{\"@type\":\"EntryPoint\",\"urlTemplate\":\"https:\\\/\\\/www.sindicaturabarcelona.cat\\\/ca\\\/?s={search_term_string}\"},\"query-input\":{\"@type\":\"PropertyValueSpecification\",\"valueRequired\":true,\"valueName\":\"search_term_string\"}}],\"inLanguage\":\"ca\"},{\"@type\":\"Organization\",\"@id\":\"https:\\\/\\\/www.sindicaturabarcelona.cat\\\/ca\\\/#organization\",\"name\":\"Sindicatura de Greuges de Barcelona\",\"url\":\"https:\\\/\\\/www.sindicaturabarcelona.cat\\\/ca\\\/\",\"logo\":{\"@type\":\"ImageObject\",\"inLanguage\":\"ca\",\"@id\":\"https:\\\/\\\/www.sindicaturabarcelona.cat\\\/ca\\\/#\\\/schema\\\/logo\\\/image\\\/\",\"url\":\"https:\\\/\\\/www.sindicaturabarcelona.cat\\\/wp-content\\\/uploads\\\/2023\\\/02\\\/logo_sindicatura.svg\",\"contentUrl\":\"https:\\\/\\\/www.sindicaturabarcelona.cat\\\/wp-content\\\/uploads\\\/2023\\\/02\\\/logo_sindicatura.svg\",\"caption\":\"Sindicatura de Greuges de Barcelona\"},\"image\":{\"@id\":\"https:\\\/\\\/www.sindicaturabarcelona.cat\\\/ca\\\/#\\\/schema\\\/logo\\\/image\\\/\"},\"sameAs\":[\"https:\\\/\\\/x.com\\\/sindicbarcelona\",\"https:\\\/\\\/www.instagram.com\\\/sindicbarcelona\\\/\",\"https:\\\/\\\/www.tiktok.com\\\/@sindicaturabcn\",\"https:\\\/\\\/t.me\\\/sindicaturabarcelona\"]},{\"@type\":\"Person\",\"@id\":\"https:\\\/\\\/www.sindicaturabarcelona.cat\\\/ca\\\/#\\\/schema\\\/person\\\/0e5acffc350ffdbc97578159322c9452\",\"name\":\"Pablo\",\"image\":{\"@type\":\"ImageObject\",\"inLanguage\":\"ca\",\"@id\":\"https:\\\/\\\/secure.gravatar.com\\\/avatar\\\/c948169b402ef9492afde705c3dfd5e90e1a6a84ef6840a91124f805a25a480f?s=96&d=mm&r=g\",\"url\":\"https:\\\/\\\/secure.gravatar.com\\\/avatar\\\/c948169b402ef9492afde705c3dfd5e90e1a6a84ef6840a91124f805a25a480f?s=96&d=mm&r=g\",\"contentUrl\":\"https:\\\/\\\/secure.gravatar.com\\\/avatar\\\/c948169b402ef9492afde705c3dfd5e90e1a6a84ef6840a91124f805a25a480f?s=96&d=mm&r=g\",\"caption\":\"Pablo\"},\"url\":\"https:\\\/\\\/www.sindicaturabarcelona.cat\\\/ca\\\/author\\\/pablo\\\/\"}]}<\/script>\n<!-- \/ Yoast SEO plugin. -->","yoast_head_json":{"title":"La senyalitzaci\u00f3 dels lavabos p\u00fablics de la ciutat, insist\u00e8ncia de la Sindicatura de Greuges de Barcelona - Sindicatura de Greuges de Barcelona","description":"La Sindicatura insisteix en una recomanaci\u00f3 que fa des de l\u2019any 2018: instal\u00b7lar senyals indicatius dels lavabos p\u00fablics ja existents...","robots":{"index":"index","follow":"follow","max-snippet":"max-snippet:-1","max-image-preview":"max-image-preview:large","max-video-preview":"max-video-preview:-1"},"canonical":"https:\/\/www.sindicaturabarcelona.cat\/ca\/la-senyalitzacio-dels-lavabos-publics-de-la-ciutat-insistencia-de-la-sindicatura\/","og_locale":"ca_ES","og_type":"article","og_title":"La senyalitzaci\u00f3 dels lavabos p\u00fablics de la ciutat, insist\u00e8ncia de la Sindicatura de Greuges de Barcelona - Sindicatura de Greuges de Barcelona","og_description":"La Sindicatura insisteix en una recomanaci\u00f3 que fa des de l\u2019any 2018: instal\u00b7lar senyals indicatius dels lavabos p\u00fablics ja existents...","og_url":"https:\/\/www.sindicaturabarcelona.cat\/ca\/la-senyalitzacio-dels-lavabos-publics-de-la-ciutat-insistencia-de-la-sindicatura\/","og_site_name":"Sindicatura de Greuges de Barcelona","article_published_time":"2024-11-27T05:30:00+00:00","og_image":[{"width":760,"height":428,"url":"https:\/\/www.sindicaturabarcelona.cat\/wp-content\/uploads\/Lavabo-public.jpg","type":"image\/jpeg"}],"author":"Pablo","twitter_card":"summary_large_image","twitter_creator":"@sindicbarcelona","twitter_site":"@sindicbarcelona","twitter_misc":{"Escrit per":"Pablo","Temps estimat de lectura":"4 minuts"},"schema":{"@context":"https:\/\/schema.org","@graph":[{"@type":"Article","@id":"https:\/\/www.sindicaturabarcelona.cat\/ca\/la-senyalitzacio-dels-lavabos-publics-de-la-ciutat-insistencia-de-la-sindicatura\/#article","isPartOf":{"@id":"https:\/\/www.sindicaturabarcelona.cat\/ca\/la-senyalitzacio-dels-lavabos-publics-de-la-ciutat-insistencia-de-la-sindicatura\/"},"author":{"name":"Pablo","@id":"https:\/\/www.sindicaturabarcelona.cat\/ca\/#\/schema\/person\/0e5acffc350ffdbc97578159322c9452"},"headline":"La senyalitzaci\u00f3 dels lavabos p\u00fablics de la ciutat, insist\u00e8ncia de la Sindicatura de Greuges de Barcelona","datePublished":"2024-11-27T05:30:00+00:00","mainEntityOfPage":{"@id":"https:\/\/www.sindicaturabarcelona.cat\/ca\/la-senyalitzacio-dels-lavabos-publics-de-la-ciutat-insistencia-de-la-sindicatura\/"},"wordCount":728,"publisher":{"@id":"https:\/\/www.sindicaturabarcelona.cat\/ca\/#organization"},"image":{"@id":"https:\/\/www.sindicaturabarcelona.cat\/ca\/la-senyalitzacio-dels-lavabos-publics-de-la-ciutat-insistencia-de-la-sindicatura\/#primaryimage"},"thumbnailUrl":"https:\/\/www.sindicaturabarcelona.cat\/wp-content\/uploads\/Lavabo-public.jpg","inLanguage":"ca"},{"@type":"WebPage","@id":"https:\/\/www.sindicaturabarcelona.cat\/ca\/la-senyalitzacio-dels-lavabos-publics-de-la-ciutat-insistencia-de-la-sindicatura\/","url":"https:\/\/www.sindicaturabarcelona.cat\/ca\/la-senyalitzacio-dels-lavabos-publics-de-la-ciutat-insistencia-de-la-sindicatura\/","name":"La senyalitzaci\u00f3 dels lavabos p\u00fablics de la ciutat, insist\u00e8ncia de la Sindicatura de Greuges de Barcelona - Sindicatura de Greuges de Barcelona","isPartOf":{"@id":"https:\/\/www.sindicaturabarcelona.cat\/ca\/#website"},"primaryImageOfPage":{"@id":"https:\/\/www.sindicaturabarcelona.cat\/ca\/la-senyalitzacio-dels-lavabos-publics-de-la-ciutat-insistencia-de-la-sindicatura\/#primaryimage"},"image":{"@id":"https:\/\/www.sindicaturabarcelona.cat\/ca\/la-senyalitzacio-dels-lavabos-publics-de-la-ciutat-insistencia-de-la-sindicatura\/#primaryimage"},"thumbnailUrl":"https:\/\/www.sindicaturabarcelona.cat\/wp-content\/uploads\/Lavabo-public.jpg","datePublished":"2024-11-27T05:30:00+00:00","description":"La Sindicatura insisteix en una recomanaci\u00f3 que fa des de l\u2019any 2018: instal\u00b7lar senyals indicatius dels lavabos p\u00fablics ja existents...","breadcrumb":{"@id":"https:\/\/www.sindicaturabarcelona.cat\/ca\/la-senyalitzacio-dels-lavabos-publics-de-la-ciutat-insistencia-de-la-sindicatura\/#breadcrumb"},"inLanguage":"ca","potentialAction":[{"@type":"ReadAction","target":["https:\/\/www.sindicaturabarcelona.cat\/ca\/la-senyalitzacio-dels-lavabos-publics-de-la-ciutat-insistencia-de-la-sindicatura\/"]}]},{"@type":"ImageObject","inLanguage":"ca","@id":"https:\/\/www.sindicaturabarcelona.cat\/ca\/la-senyalitzacio-dels-lavabos-publics-de-la-ciutat-insistencia-de-la-sindicatura\/#primaryimage","url":"https:\/\/www.sindicaturabarcelona.cat\/wp-content\/uploads\/Lavabo-public.jpg","contentUrl":"https:\/\/www.sindicaturabarcelona.cat\/wp-content\/uploads\/Lavabo-public.jpg","width":760,"height":428},{"@type":"BreadcrumbList","@id":"https:\/\/www.sindicaturabarcelona.cat\/ca\/la-senyalitzacio-dels-lavabos-publics-de-la-ciutat-insistencia-de-la-sindicatura\/#breadcrumb","itemListElement":[{"@type":"ListItem","position":1,"name":"Inici","item":"https:\/\/www.sindicaturabarcelona.cat\/ca\/"},{"@type":"ListItem","position":2,"name":"La senyalitzaci\u00f3 dels lavabos p\u00fablics de la ciutat, insist\u00e8ncia de la Sindicatura de Greuges de Barcelona"}]},{"@type":"WebSite","@id":"https:\/\/www.sindicaturabarcelona.cat\/ca\/#website","url":"https:\/\/www.sindicaturabarcelona.cat\/ca\/","name":"Sindicatura de Greuges de Barcelona","description":"La defensoria dels teus drets","publisher":{"@id":"https:\/\/www.sindicaturabarcelona.cat\/ca\/#organization"},"potentialAction":[{"@type":"SearchAction","target":{"@type":"EntryPoint","urlTemplate":"https:\/\/www.sindicaturabarcelona.cat\/ca\/?s={search_term_string}"},"query-input":{"@type":"PropertyValueSpecification","valueRequired":true,"valueName":"search_term_string"}}],"inLanguage":"ca"},{"@type":"Organization","@id":"https:\/\/www.sindicaturabarcelona.cat\/ca\/#organization","name":"Sindicatura de Greuges de Barcelona","url":"https:\/\/www.sindicaturabarcelona.cat\/ca\/","logo":{"@type":"ImageObject","inLanguage":"ca","@id":"https:\/\/www.sindicaturabarcelona.cat\/ca\/#\/schema\/logo\/image\/","url":"https:\/\/www.sindicaturabarcelona.cat\/wp-content\/uploads\/2023\/02\/logo_sindicatura.svg","contentUrl":"https:\/\/www.sindicaturabarcelona.cat\/wp-content\/uploads\/2023\/02\/logo_sindicatura.svg","caption":"Sindicatura de Greuges de Barcelona"},"image":{"@id":"https:\/\/www.sindicaturabarcelona.cat\/ca\/#\/schema\/logo\/image\/"},"sameAs":["https:\/\/x.com\/sindicbarcelona","https:\/\/www.instagram.com\/sindicbarcelona\/","https:\/\/www.tiktok.com\/@sindicaturabcn","https:\/\/t.me\/sindicaturabarcelona"]},{"@type":"Person","@id":"https:\/\/www.sindicaturabarcelona.cat\/ca\/#\/schema\/person\/0e5acffc350ffdbc97578159322c9452","name":"Pablo","image":{"@type":"ImageObject","inLanguage":"ca","@id":"https:\/\/secure.gravatar.com\/avatar\/c948169b402ef9492afde705c3dfd5e90e1a6a84ef6840a91124f805a25a480f?s=96&d=mm&r=g","url":"https:\/\/secure.gravatar.com\/avatar\/c948169b402ef9492afde705c3dfd5e90e1a6a84ef6840a91124f805a25a480f?s=96&d=mm&r=g","contentUrl":"https:\/\/secure.gravatar.com\/avatar\/c948169b402ef9492afde705c3dfd5e90e1a6a84ef6840a91124f805a25a480f?s=96&d=mm&r=g","caption":"Pablo"},"url":"https:\/\/www.sindicaturabarcelona.cat\/ca\/author\/pablo\/"}]}},"_links":{"self":[{"href":"https:\/\/www.sindicaturabarcelona.cat\/ca\/wp-json\/wp\/v2\/posts\/34250","targetHints":{"allow":["GET"]}}],"collection":[{"href":"https:\/\/www.sindicaturabarcelona.cat\/ca\/wp-json\/wp\/v2\/posts"}],"about":[{"href":"https:\/\/www.sindicaturabarcelona.cat\/ca\/wp-json\/wp\/v2\/types\/post"}],"author":[{"embeddable":true,"href":"https:\/\/www.sindicaturabarcelona.cat\/ca\/wp-json\/wp\/v2\/users\/2"}],"replies":[{"embeddable":true,"href":"https:\/\/www.sindicaturabarcelona.cat\/ca\/wp-json\/wp\/v2\/comments?post=34250"}],"version-history":[{"count":1,"href":"https:\/\/www.sindicaturabarcelona.cat\/ca\/wp-json\/wp\/v2\/posts\/34250\/revisions"}],"predecessor-version":[{"id":34254,"href":"https:\/\/www.sindicaturabarcelona.cat\/ca\/wp-json\/wp\/v2\/posts\/34250\/revisions\/34254"}],"wp:featuredmedia":[{"embeddable":true,"href":"https:\/\/www.sindicaturabarcelona.cat\/ca\/wp-json\/wp\/v2\/media\/34251"}],"wp:attachment":[{"href":"https:\/\/www.sindicaturabarcelona.cat\/ca\/wp-json\/wp\/v2\/media?parent=34250"}],"wp:term":[{"taxonomy":"post_tag","embeddable":true,"href":"https:\/\/www.sindicaturabarcelona.cat\/ca\/wp-json\/wp\/v2\/tags?post=34250"},{"taxonomy":"drets","embeddable":true,"href":"https:\/\/www.sindicaturabarcelona.cat\/ca\/wp-json\/wp\/v2\/drets?post=34250"}],"curies":[{"name":"wp","href":"https:\/\/api.w.org\/{rel}","templated":true}]}}