{"id":34182,"date":"2024-11-06T13:17:41","date_gmt":"2024-11-06T11:17:41","guid":{"rendered":"https:\/\/www.sindicaturabarcelona.cat\/?p=34182"},"modified":"2025-04-16T13:59:55","modified_gmt":"2025-04-16T11:59:55","slug":"aliances-per-defensar-drets-humans-de-proximitat-acte-conjunt-de-la-sindicatura-i-lalianza-global-del-ombudsperson-local","status":"publish","type":"post","link":"https:\/\/www.sindicaturabarcelona.cat\/ca\/aliances-per-defensar-drets-humans-de-proximitat-acte-conjunt-de-la-sindicatura-i-lalianza-global-del-ombudsperson-local\/","title":{"rendered":"\u2018Aliances per defensar drets humans de proximitat\u2019, acte conjunt de la Sindicatura i l\u2019Alianza Global del Ombudsperson Local"},"content":{"rendered":"\n<h2 class=\"wp-block-heading\"><strong>A l\u2019esdeveniment hi participaran el s\u00edndic de Barcelona, David Bondia, i el president d\u2019AGOL, Ismael Rins, nadiu de R\u00edo Cuarto (Argentina). Comptar\u00e0 amb la conducci\u00f3 i la moderaci\u00f3 d\u2019Erika Torregrossa.<\/strong><\/h2>\n\n\n\n<p><strong>Barcelona, 6 de novembre de 2024 \u2013 <\/strong>El pr\u00f2xim <strong>dimecres 13 de novembre, a les 19.30 h a l\u2019Espai L\u00ednia (c\/Girona, 62)<\/strong>, la Sindicatura de Greuges de Barcelona i l\u2019Alianza Global del Ombudsperson Local (AGOL) organitzen l\u2019acte <em>Aliances per defensar drets humans de proximitat<\/em>.<\/p>\n\n\n\n<p><strong>A l\u2019esdeveniment hi participaran el s\u00edndic de Barcelona, David Bondia, i el president d\u2019AGOL, Ismael Rins, nadiu de R\u00edo Cuarto (Argentina). Comptar\u00e0 amb la conducci\u00f3 i la moderaci\u00f3 d\u2019Erika Torregrossa<\/strong>, presidenta de l\u2019Observatori de Drets de les Persones de l\u2019ICAB i presidenta de la secci\u00f3n de Derechos Humanos de l\u2019ICAM.<\/p>\n\n\n\n<p>Aquesta trobada t\u00e9 l\u2019objectiu de reflexionar sobre els reptes en mat\u00e8ria de drets humans de proximitat i de democr\u00e0cia local que enfronten avui dia les nostres ciutats. <strong>Durant el decurs de l\u2019acte, es faran propostes, de present i de futur, per tal que les administracions municipals puguin millorar els seus serveis i oferir una atenci\u00f3 de qualitat a la ciutadania<\/strong>.<\/p>\n\n\n\n<h2 class=\"wp-block-heading\"><strong>Qu\u00e8 \u00e9s AGOL<\/strong><\/h2>\n\n\n\n<p>La Sindicatura de Greuges de Barcelona participa activament a <strong>una de les principals xarxes mundials de s\u00edndics i defensors<\/strong>: l\u2019<a href=\"https:\/\/agol.es\/\" target=\"_blank\" rel=\"noreferrer noopener\">Alianza Global del Ombudsperson Local (AGOL)<\/a>. Es tracta d\u2019una instituci\u00f3 internacional constitu\u00efda l\u2019any 2019. Reuneix m\u00e9s de 100 ombudspersons, defensores i defensors del poble, personers, s\u00edndics, mediadors, i presidents de comissions de DDHH de m\u00e9s de 10 pa\u00efsos, amb l\u2019objectiu de ser una xarxa internacional que promogui la discussi\u00f3, la cooperaci\u00f3 i l\u2019intercanvi d\u2019experi\u00e8ncies entre ombudsperson locals.<\/p>\n\n\n\n<h2 class=\"wp-block-heading\"><strong>La Sindicatura de Greuges de Barcelona, un referent internacional<\/strong><\/h2>\n\n\n\n<p>En els quasi tres anys de mandat de l\u2019actual s\u00edndic, la <a href=\"https:\/\/www.sindicaturabarcelona.cat\/ca\/\" target=\"_blank\" rel=\"noreferrer noopener\">Sindicatura de Greuges de Barcelona<\/a> ja ha visitat Uruguai, Col\u00f2mbia, M\u00e8xic, El Salvador, Argentina, B\u00e8lgica i It\u00e0lia, on el projecte de la defensoria de la ciutat barcelonina ha aixecat molt inter\u00e8s.<\/p>\n\n\n\n<p><\/p>\n","protected":false},"excerpt":{"rendered":"<p>A l\u2019esdeveniment hi participaran el s\u00edndic de Barcelona, David Bondia, i el president d\u2019AGOL, Ismael Rins, nadiu de R\u00edo Cuarto (Argentina). Comptar\u00e0 amb la conducci\u00f3 i la moderaci\u00f3 d\u2019Erika Torregrossa. [&hellip;]<\/p>\n","protected":false},"author":2,"featured_media":34183,"comment_status":"closed","ping_status":"closed","sticky":false,"template":"","format":"standard","meta":{"_acf_changed":false,"footnotes":""},"tags":[],"drets":[1428,1463,1430,1431,1432,1433,1434,1435,1436,1437,1442,1462,1459,1458,1457,1503,1440,1455,1456,1454,1453,1452,1451,1647,1652,1667,1438,1450,1449,1448,1447,1446,1445,1444,1502],"class_list":["post-34182","post","type-post","status-publish","format-standard","has-post-thumbnail","hentry","drets-ciutat-equitativa","drets-dret-serveis-proteccio-social","drets-dret-a-educacio-i-lleure","drets-dret-a-la-salut","drets-drets-culturals","drets-dret-a-lesport","drets-dret-al-treball","drets-dret-a-lhabitatge","drets-drets-dacolldia","drets-dret-a-una-vida-lliure-de-violencies","drets-ciutat-diversa","drets-drets-de-la-infancia-i-ladolescencia","drets-drets-de-participacio","drets-dret-a-la-igualtat-i-a-la-diversitat","drets-drets-linguistics","drets-dret-a-les-cures","drets-ciutat-garantista","drets-drets-digitals","drets-dret-a-una-bona-administracio","drets-drets-de-les-persones-consumidores","drets-drets-funeraris","drets-dret-a-la-seguretat-ciutadana","drets-dret-a-lempadronament","drets-dret-a-la-informacio","drets-dret-a-la-memoria-democratica","drets-dret-a-la-integritat","drets-ciutat-habitable-i-sostenible","drets-dret-a-un-urbanisme-harmonios","drets-dret-a-una-convivencia-pacifica","drets-dret-al-medi-ambient","drets-dret-a-la-mobilitat","drets-dret-a-lespai-public","drets-dret-a-laccessibilitat-i-la-inclusivitat","drets-dret-al-descans","drets-dret-al-benestar-animal"],"acf":[],"yoast_head":"<!-- This site is optimized with the Yoast SEO plugin v27.5 - https:\/\/yoast.com\/product\/yoast-seo-wordpress\/ -->\n<title>\u2018Aliances per defensar drets humans de proximitat\u2019, acte conjunt de la Sindicatura i l\u2019Alianza Global del Ombudsperson Local - Sindicatura de Greuges de Barcelona<\/title>\n<meta name=\"description\" content=\"A l\u2019esdeveniment hi participaran el s\u00edndic de Barcelona, David Bondia, i el president d\u2019AGOL, Ismael Rins, nadiu de R\u00edo Cuarto (Argentina)...\" \/>\n<meta name=\"robots\" content=\"index, follow, max-snippet:-1, max-image-preview:large, max-video-preview:-1\" \/>\n<link rel=\"canonical\" href=\"https:\/\/www.sindicaturabarcelona.cat\/ca\/aliances-per-defensar-drets-humans-de-proximitat-acte-conjunt-de-la-sindicatura-i-lalianza-global-del-ombudsperson-local\/\" \/>\n<meta property=\"og:locale\" content=\"ca_ES\" \/>\n<meta property=\"og:type\" content=\"article\" \/>\n<meta property=\"og:title\" content=\"\u2018Aliances per defensar drets humans de proximitat\u2019, acte conjunt de la Sindicatura i l\u2019Alianza Global del Ombudsperson Local - Sindicatura de Greuges de Barcelona\" \/>\n<meta property=\"og:description\" content=\"A l\u2019esdeveniment hi participaran el s\u00edndic de Barcelona, David Bondia, i el president d\u2019AGOL, Ismael Rins, nadiu de R\u00edo Cuarto (Argentina)...\" \/>\n<meta property=\"og:url\" content=\"https:\/\/www.sindicaturabarcelona.cat\/ca\/aliances-per-defensar-drets-humans-de-proximitat-acte-conjunt-de-la-sindicatura-i-lalianza-global-del-ombudsperson-local\/\" \/>\n<meta property=\"og:site_name\" content=\"Sindicatura de Greuges de Barcelona\" \/>\n<meta property=\"article:published_time\" content=\"2024-11-06T11:17:41+00:00\" \/>\n<meta property=\"article:modified_time\" content=\"2025-04-16T11:59:55+00:00\" \/>\n<meta property=\"og:image\" content=\"https:\/\/www.sindicaturabarcelona.cat\/wp-content\/uploads\/1600x900px-03-1.png\" \/>\n\t<meta property=\"og:image:width\" content=\"3201\" \/>\n\t<meta property=\"og:image:height\" content=\"1800\" \/>\n\t<meta property=\"og:image:type\" content=\"image\/png\" \/>\n<meta name=\"author\" content=\"Pablo\" \/>\n<meta name=\"twitter:card\" content=\"summary_large_image\" \/>\n<meta name=\"twitter:creator\" content=\"@sindicbarcelona\" \/>\n<meta name=\"twitter:site\" content=\"@sindicbarcelona\" \/>\n<meta name=\"twitter:label1\" content=\"Escrit per\" \/>\n\t<meta name=\"twitter:data1\" content=\"Pablo\" \/>\n\t<meta name=\"twitter:label2\" content=\"Temps estimat de lectura\" \/>\n\t<meta name=\"twitter:data2\" content=\"2 minuts\" \/>\n<script type=\"application\/ld+json\" class=\"yoast-schema-graph\">{\"@context\":\"https:\\\/\\\/schema.org\",\"@graph\":[{\"@type\":\"Article\",\"@id\":\"https:\\\/\\\/www.sindicaturabarcelona.cat\\\/ca\\\/aliances-per-defensar-drets-humans-de-proximitat-acte-conjunt-de-la-sindicatura-i-lalianza-global-del-ombudsperson-local\\\/#article\",\"isPartOf\":{\"@id\":\"https:\\\/\\\/www.sindicaturabarcelona.cat\\\/ca\\\/aliances-per-defensar-drets-humans-de-proximitat-acte-conjunt-de-la-sindicatura-i-lalianza-global-del-ombudsperson-local\\\/\"},\"author\":{\"name\":\"Pablo\",\"@id\":\"https:\\\/\\\/www.sindicaturabarcelona.cat\\\/ca\\\/#\\\/schema\\\/person\\\/0e5acffc350ffdbc97578159322c9452\"},\"headline\":\"\u2018Aliances per defensar drets humans de proximitat\u2019, acte conjunt de la Sindicatura i l\u2019Alianza Global del Ombudsperson Local\",\"datePublished\":\"2024-11-06T11:17:41+00:00\",\"dateModified\":\"2025-04-16T11:59:55+00:00\",\"mainEntityOfPage\":{\"@id\":\"https:\\\/\\\/www.sindicaturabarcelona.cat\\\/ca\\\/aliances-per-defensar-drets-humans-de-proximitat-acte-conjunt-de-la-sindicatura-i-lalianza-global-del-ombudsperson-local\\\/\"},\"wordCount\":368,\"publisher\":{\"@id\":\"https:\\\/\\\/www.sindicaturabarcelona.cat\\\/ca\\\/#organization\"},\"image\":{\"@id\":\"https:\\\/\\\/www.sindicaturabarcelona.cat\\\/ca\\\/aliances-per-defensar-drets-humans-de-proximitat-acte-conjunt-de-la-sindicatura-i-lalianza-global-del-ombudsperson-local\\\/#primaryimage\"},\"thumbnailUrl\":\"https:\\\/\\\/www.sindicaturabarcelona.cat\\\/wp-content\\\/uploads\\\/1600x900px-03-1.png\",\"inLanguage\":\"ca\"},{\"@type\":\"WebPage\",\"@id\":\"https:\\\/\\\/www.sindicaturabarcelona.cat\\\/ca\\\/aliances-per-defensar-drets-humans-de-proximitat-acte-conjunt-de-la-sindicatura-i-lalianza-global-del-ombudsperson-local\\\/\",\"url\":\"https:\\\/\\\/www.sindicaturabarcelona.cat\\\/ca\\\/aliances-per-defensar-drets-humans-de-proximitat-acte-conjunt-de-la-sindicatura-i-lalianza-global-del-ombudsperson-local\\\/\",\"name\":\"\u2018Aliances per defensar drets humans de proximitat\u2019, acte conjunt de la Sindicatura i l\u2019Alianza Global del Ombudsperson Local - Sindicatura de Greuges de Barcelona\",\"isPartOf\":{\"@id\":\"https:\\\/\\\/www.sindicaturabarcelona.cat\\\/ca\\\/#website\"},\"primaryImageOfPage\":{\"@id\":\"https:\\\/\\\/www.sindicaturabarcelona.cat\\\/ca\\\/aliances-per-defensar-drets-humans-de-proximitat-acte-conjunt-de-la-sindicatura-i-lalianza-global-del-ombudsperson-local\\\/#primaryimage\"},\"image\":{\"@id\":\"https:\\\/\\\/www.sindicaturabarcelona.cat\\\/ca\\\/aliances-per-defensar-drets-humans-de-proximitat-acte-conjunt-de-la-sindicatura-i-lalianza-global-del-ombudsperson-local\\\/#primaryimage\"},\"thumbnailUrl\":\"https:\\\/\\\/www.sindicaturabarcelona.cat\\\/wp-content\\\/uploads\\\/1600x900px-03-1.png\",\"datePublished\":\"2024-11-06T11:17:41+00:00\",\"dateModified\":\"2025-04-16T11:59:55+00:00\",\"description\":\"A l\u2019esdeveniment hi participaran el s\u00edndic de Barcelona, David Bondia, i el president d\u2019AGOL, Ismael Rins, nadiu de R\u00edo Cuarto (Argentina)...\",\"breadcrumb\":{\"@id\":\"https:\\\/\\\/www.sindicaturabarcelona.cat\\\/ca\\\/aliances-per-defensar-drets-humans-de-proximitat-acte-conjunt-de-la-sindicatura-i-lalianza-global-del-ombudsperson-local\\\/#breadcrumb\"},\"inLanguage\":\"ca\",\"potentialAction\":[{\"@type\":\"ReadAction\",\"target\":[\"https:\\\/\\\/www.sindicaturabarcelona.cat\\\/ca\\\/aliances-per-defensar-drets-humans-de-proximitat-acte-conjunt-de-la-sindicatura-i-lalianza-global-del-ombudsperson-local\\\/\"]}]},{\"@type\":\"ImageObject\",\"inLanguage\":\"ca\",\"@id\":\"https:\\\/\\\/www.sindicaturabarcelona.cat\\\/ca\\\/aliances-per-defensar-drets-humans-de-proximitat-acte-conjunt-de-la-sindicatura-i-lalianza-global-del-ombudsperson-local\\\/#primaryimage\",\"url\":\"https:\\\/\\\/www.sindicaturabarcelona.cat\\\/wp-content\\\/uploads\\\/1600x900px-03-1.png\",\"contentUrl\":\"https:\\\/\\\/www.sindicaturabarcelona.cat\\\/wp-content\\\/uploads\\\/1600x900px-03-1.png\",\"width\":3201,\"height\":1800},{\"@type\":\"BreadcrumbList\",\"@id\":\"https:\\\/\\\/www.sindicaturabarcelona.cat\\\/ca\\\/aliances-per-defensar-drets-humans-de-proximitat-acte-conjunt-de-la-sindicatura-i-lalianza-global-del-ombudsperson-local\\\/#breadcrumb\",\"itemListElement\":[{\"@type\":\"ListItem\",\"position\":1,\"name\":\"Inici\",\"item\":\"https:\\\/\\\/www.sindicaturabarcelona.cat\\\/ca\\\/\"},{\"@type\":\"ListItem\",\"position\":2,\"name\":\"\u2018Aliances per defensar drets humans de proximitat\u2019, acte conjunt de la Sindicatura i l\u2019Alianza Global del Ombudsperson Local\"}]},{\"@type\":\"WebSite\",\"@id\":\"https:\\\/\\\/www.sindicaturabarcelona.cat\\\/ca\\\/#website\",\"url\":\"https:\\\/\\\/www.sindicaturabarcelona.cat\\\/ca\\\/\",\"name\":\"Sindicatura de Greuges de Barcelona\",\"description\":\"La defensoria dels teus drets\",\"publisher\":{\"@id\":\"https:\\\/\\\/www.sindicaturabarcelona.cat\\\/ca\\\/#organization\"},\"potentialAction\":[{\"@type\":\"SearchAction\",\"target\":{\"@type\":\"EntryPoint\",\"urlTemplate\":\"https:\\\/\\\/www.sindicaturabarcelona.cat\\\/ca\\\/?s={search_term_string}\"},\"query-input\":{\"@type\":\"PropertyValueSpecification\",\"valueRequired\":true,\"valueName\":\"search_term_string\"}}],\"inLanguage\":\"ca\"},{\"@type\":\"Organization\",\"@id\":\"https:\\\/\\\/www.sindicaturabarcelona.cat\\\/ca\\\/#organization\",\"name\":\"Sindicatura de Greuges de Barcelona\",\"url\":\"https:\\\/\\\/www.sindicaturabarcelona.cat\\\/ca\\\/\",\"logo\":{\"@type\":\"ImageObject\",\"inLanguage\":\"ca\",\"@id\":\"https:\\\/\\\/www.sindicaturabarcelona.cat\\\/ca\\\/#\\\/schema\\\/logo\\\/image\\\/\",\"url\":\"https:\\\/\\\/www.sindicaturabarcelona.cat\\\/wp-content\\\/uploads\\\/2023\\\/02\\\/logo_sindicatura.svg\",\"contentUrl\":\"https:\\\/\\\/www.sindicaturabarcelona.cat\\\/wp-content\\\/uploads\\\/2023\\\/02\\\/logo_sindicatura.svg\",\"caption\":\"Sindicatura de Greuges de Barcelona\"},\"image\":{\"@id\":\"https:\\\/\\\/www.sindicaturabarcelona.cat\\\/ca\\\/#\\\/schema\\\/logo\\\/image\\\/\"},\"sameAs\":[\"https:\\\/\\\/x.com\\\/sindicbarcelona\",\"https:\\\/\\\/www.instagram.com\\\/sindicbarcelona\\\/\",\"https:\\\/\\\/www.tiktok.com\\\/@sindicaturabcn\",\"https:\\\/\\\/t.me\\\/sindicaturabarcelona\"]},{\"@type\":\"Person\",\"@id\":\"https:\\\/\\\/www.sindicaturabarcelona.cat\\\/ca\\\/#\\\/schema\\\/person\\\/0e5acffc350ffdbc97578159322c9452\",\"name\":\"Pablo\",\"image\":{\"@type\":\"ImageObject\",\"inLanguage\":\"ca\",\"@id\":\"https:\\\/\\\/secure.gravatar.com\\\/avatar\\\/c948169b402ef9492afde705c3dfd5e90e1a6a84ef6840a91124f805a25a480f?s=96&d=mm&r=g\",\"url\":\"https:\\\/\\\/secure.gravatar.com\\\/avatar\\\/c948169b402ef9492afde705c3dfd5e90e1a6a84ef6840a91124f805a25a480f?s=96&d=mm&r=g\",\"contentUrl\":\"https:\\\/\\\/secure.gravatar.com\\\/avatar\\\/c948169b402ef9492afde705c3dfd5e90e1a6a84ef6840a91124f805a25a480f?s=96&d=mm&r=g\",\"caption\":\"Pablo\"},\"url\":\"https:\\\/\\\/www.sindicaturabarcelona.cat\\\/ca\\\/author\\\/pablo\\\/\"}]}<\/script>\n<!-- \/ Yoast SEO plugin. -->","yoast_head_json":{"title":"\u2018Aliances per defensar drets humans de proximitat\u2019, acte conjunt de la Sindicatura i l\u2019Alianza Global del Ombudsperson Local - Sindicatura de Greuges de Barcelona","description":"A l\u2019esdeveniment hi participaran el s\u00edndic de Barcelona, David Bondia, i el president d\u2019AGOL, Ismael Rins, nadiu de R\u00edo Cuarto (Argentina)...","robots":{"index":"index","follow":"follow","max-snippet":"max-snippet:-1","max-image-preview":"max-image-preview:large","max-video-preview":"max-video-preview:-1"},"canonical":"https:\/\/www.sindicaturabarcelona.cat\/ca\/aliances-per-defensar-drets-humans-de-proximitat-acte-conjunt-de-la-sindicatura-i-lalianza-global-del-ombudsperson-local\/","og_locale":"ca_ES","og_type":"article","og_title":"\u2018Aliances per defensar drets humans de proximitat\u2019, acte conjunt de la Sindicatura i l\u2019Alianza Global del Ombudsperson Local - Sindicatura de Greuges de Barcelona","og_description":"A l\u2019esdeveniment hi participaran el s\u00edndic de Barcelona, David Bondia, i el president d\u2019AGOL, Ismael Rins, nadiu de R\u00edo Cuarto (Argentina)...","og_url":"https:\/\/www.sindicaturabarcelona.cat\/ca\/aliances-per-defensar-drets-humans-de-proximitat-acte-conjunt-de-la-sindicatura-i-lalianza-global-del-ombudsperson-local\/","og_site_name":"Sindicatura de Greuges de Barcelona","article_published_time":"2024-11-06T11:17:41+00:00","article_modified_time":"2025-04-16T11:59:55+00:00","og_image":[{"width":3201,"height":1800,"url":"https:\/\/www.sindicaturabarcelona.cat\/wp-content\/uploads\/1600x900px-03-1.png","type":"image\/png"}],"author":"Pablo","twitter_card":"summary_large_image","twitter_creator":"@sindicbarcelona","twitter_site":"@sindicbarcelona","twitter_misc":{"Escrit per":"Pablo","Temps estimat de lectura":"2 minuts"},"schema":{"@context":"https:\/\/schema.org","@graph":[{"@type":"Article","@id":"https:\/\/www.sindicaturabarcelona.cat\/ca\/aliances-per-defensar-drets-humans-de-proximitat-acte-conjunt-de-la-sindicatura-i-lalianza-global-del-ombudsperson-local\/#article","isPartOf":{"@id":"https:\/\/www.sindicaturabarcelona.cat\/ca\/aliances-per-defensar-drets-humans-de-proximitat-acte-conjunt-de-la-sindicatura-i-lalianza-global-del-ombudsperson-local\/"},"author":{"name":"Pablo","@id":"https:\/\/www.sindicaturabarcelona.cat\/ca\/#\/schema\/person\/0e5acffc350ffdbc97578159322c9452"},"headline":"\u2018Aliances per defensar drets humans de proximitat\u2019, acte conjunt de la Sindicatura i l\u2019Alianza Global del Ombudsperson Local","datePublished":"2024-11-06T11:17:41+00:00","dateModified":"2025-04-16T11:59:55+00:00","mainEntityOfPage":{"@id":"https:\/\/www.sindicaturabarcelona.cat\/ca\/aliances-per-defensar-drets-humans-de-proximitat-acte-conjunt-de-la-sindicatura-i-lalianza-global-del-ombudsperson-local\/"},"wordCount":368,"publisher":{"@id":"https:\/\/www.sindicaturabarcelona.cat\/ca\/#organization"},"image":{"@id":"https:\/\/www.sindicaturabarcelona.cat\/ca\/aliances-per-defensar-drets-humans-de-proximitat-acte-conjunt-de-la-sindicatura-i-lalianza-global-del-ombudsperson-local\/#primaryimage"},"thumbnailUrl":"https:\/\/www.sindicaturabarcelona.cat\/wp-content\/uploads\/1600x900px-03-1.png","inLanguage":"ca"},{"@type":"WebPage","@id":"https:\/\/www.sindicaturabarcelona.cat\/ca\/aliances-per-defensar-drets-humans-de-proximitat-acte-conjunt-de-la-sindicatura-i-lalianza-global-del-ombudsperson-local\/","url":"https:\/\/www.sindicaturabarcelona.cat\/ca\/aliances-per-defensar-drets-humans-de-proximitat-acte-conjunt-de-la-sindicatura-i-lalianza-global-del-ombudsperson-local\/","name":"\u2018Aliances per defensar drets humans de proximitat\u2019, acte conjunt de la Sindicatura i l\u2019Alianza Global del Ombudsperson Local - Sindicatura de Greuges de Barcelona","isPartOf":{"@id":"https:\/\/www.sindicaturabarcelona.cat\/ca\/#website"},"primaryImageOfPage":{"@id":"https:\/\/www.sindicaturabarcelona.cat\/ca\/aliances-per-defensar-drets-humans-de-proximitat-acte-conjunt-de-la-sindicatura-i-lalianza-global-del-ombudsperson-local\/#primaryimage"},"image":{"@id":"https:\/\/www.sindicaturabarcelona.cat\/ca\/aliances-per-defensar-drets-humans-de-proximitat-acte-conjunt-de-la-sindicatura-i-lalianza-global-del-ombudsperson-local\/#primaryimage"},"thumbnailUrl":"https:\/\/www.sindicaturabarcelona.cat\/wp-content\/uploads\/1600x900px-03-1.png","datePublished":"2024-11-06T11:17:41+00:00","dateModified":"2025-04-16T11:59:55+00:00","description":"A l\u2019esdeveniment hi participaran el s\u00edndic de Barcelona, David Bondia, i el president d\u2019AGOL, Ismael Rins, nadiu de R\u00edo Cuarto (Argentina)...","breadcrumb":{"@id":"https:\/\/www.sindicaturabarcelona.cat\/ca\/aliances-per-defensar-drets-humans-de-proximitat-acte-conjunt-de-la-sindicatura-i-lalianza-global-del-ombudsperson-local\/#breadcrumb"},"inLanguage":"ca","potentialAction":[{"@type":"ReadAction","target":["https:\/\/www.sindicaturabarcelona.cat\/ca\/aliances-per-defensar-drets-humans-de-proximitat-acte-conjunt-de-la-sindicatura-i-lalianza-global-del-ombudsperson-local\/"]}]},{"@type":"ImageObject","inLanguage":"ca","@id":"https:\/\/www.sindicaturabarcelona.cat\/ca\/aliances-per-defensar-drets-humans-de-proximitat-acte-conjunt-de-la-sindicatura-i-lalianza-global-del-ombudsperson-local\/#primaryimage","url":"https:\/\/www.sindicaturabarcelona.cat\/wp-content\/uploads\/1600x900px-03-1.png","contentUrl":"https:\/\/www.sindicaturabarcelona.cat\/wp-content\/uploads\/1600x900px-03-1.png","width":3201,"height":1800},{"@type":"BreadcrumbList","@id":"https:\/\/www.sindicaturabarcelona.cat\/ca\/aliances-per-defensar-drets-humans-de-proximitat-acte-conjunt-de-la-sindicatura-i-lalianza-global-del-ombudsperson-local\/#breadcrumb","itemListElement":[{"@type":"ListItem","position":1,"name":"Inici","item":"https:\/\/www.sindicaturabarcelona.cat\/ca\/"},{"@type":"ListItem","position":2,"name":"\u2018Aliances per defensar drets humans de proximitat\u2019, acte conjunt de la Sindicatura i l\u2019Alianza Global del Ombudsperson Local"}]},{"@type":"WebSite","@id":"https:\/\/www.sindicaturabarcelona.cat\/ca\/#website","url":"https:\/\/www.sindicaturabarcelona.cat\/ca\/","name":"Sindicatura de Greuges de Barcelona","description":"La defensoria dels teus drets","publisher":{"@id":"https:\/\/www.sindicaturabarcelona.cat\/ca\/#organization"},"potentialAction":[{"@type":"SearchAction","target":{"@type":"EntryPoint","urlTemplate":"https:\/\/www.sindicaturabarcelona.cat\/ca\/?s={search_term_string}"},"query-input":{"@type":"PropertyValueSpecification","valueRequired":true,"valueName":"search_term_string"}}],"inLanguage":"ca"},{"@type":"Organization","@id":"https:\/\/www.sindicaturabarcelona.cat\/ca\/#organization","name":"Sindicatura de Greuges de Barcelona","url":"https:\/\/www.sindicaturabarcelona.cat\/ca\/","logo":{"@type":"ImageObject","inLanguage":"ca","@id":"https:\/\/www.sindicaturabarcelona.cat\/ca\/#\/schema\/logo\/image\/","url":"https:\/\/www.sindicaturabarcelona.cat\/wp-content\/uploads\/2023\/02\/logo_sindicatura.svg","contentUrl":"https:\/\/www.sindicaturabarcelona.cat\/wp-content\/uploads\/2023\/02\/logo_sindicatura.svg","caption":"Sindicatura de Greuges de Barcelona"},"image":{"@id":"https:\/\/www.sindicaturabarcelona.cat\/ca\/#\/schema\/logo\/image\/"},"sameAs":["https:\/\/x.com\/sindicbarcelona","https:\/\/www.instagram.com\/sindicbarcelona\/","https:\/\/www.tiktok.com\/@sindicaturabcn","https:\/\/t.me\/sindicaturabarcelona"]},{"@type":"Person","@id":"https:\/\/www.sindicaturabarcelona.cat\/ca\/#\/schema\/person\/0e5acffc350ffdbc97578159322c9452","name":"Pablo","image":{"@type":"ImageObject","inLanguage":"ca","@id":"https:\/\/secure.gravatar.com\/avatar\/c948169b402ef9492afde705c3dfd5e90e1a6a84ef6840a91124f805a25a480f?s=96&d=mm&r=g","url":"https:\/\/secure.gravatar.com\/avatar\/c948169b402ef9492afde705c3dfd5e90e1a6a84ef6840a91124f805a25a480f?s=96&d=mm&r=g","contentUrl":"https:\/\/secure.gravatar.com\/avatar\/c948169b402ef9492afde705c3dfd5e90e1a6a84ef6840a91124f805a25a480f?s=96&d=mm&r=g","caption":"Pablo"},"url":"https:\/\/www.sindicaturabarcelona.cat\/ca\/author\/pablo\/"}]}},"_links":{"self":[{"href":"https:\/\/www.sindicaturabarcelona.cat\/ca\/wp-json\/wp\/v2\/posts\/34182","targetHints":{"allow":["GET"]}}],"collection":[{"href":"https:\/\/www.sindicaturabarcelona.cat\/ca\/wp-json\/wp\/v2\/posts"}],"about":[{"href":"https:\/\/www.sindicaturabarcelona.cat\/ca\/wp-json\/wp\/v2\/types\/post"}],"author":[{"embeddable":true,"href":"https:\/\/www.sindicaturabarcelona.cat\/ca\/wp-json\/wp\/v2\/users\/2"}],"replies":[{"embeddable":true,"href":"https:\/\/www.sindicaturabarcelona.cat\/ca\/wp-json\/wp\/v2\/comments?post=34182"}],"version-history":[{"count":3,"href":"https:\/\/www.sindicaturabarcelona.cat\/ca\/wp-json\/wp\/v2\/posts\/34182\/revisions"}],"predecessor-version":[{"id":34263,"href":"https:\/\/www.sindicaturabarcelona.cat\/ca\/wp-json\/wp\/v2\/posts\/34182\/revisions\/34263"}],"wp:featuredmedia":[{"embeddable":true,"href":"https:\/\/www.sindicaturabarcelona.cat\/ca\/wp-json\/wp\/v2\/media\/34183"}],"wp:attachment":[{"href":"https:\/\/www.sindicaturabarcelona.cat\/ca\/wp-json\/wp\/v2\/media?parent=34182"}],"wp:term":[{"taxonomy":"post_tag","embeddable":true,"href":"https:\/\/www.sindicaturabarcelona.cat\/ca\/wp-json\/wp\/v2\/tags?post=34182"},{"taxonomy":"drets","embeddable":true,"href":"https:\/\/www.sindicaturabarcelona.cat\/ca\/wp-json\/wp\/v2\/drets?post=34182"}],"curies":[{"name":"wp","href":"https:\/\/api.w.org\/{rel}","templated":true}]}}