{"id":34011,"date":"2024-10-24T10:35:00","date_gmt":"2024-10-24T08:35:00","guid":{"rendered":"https:\/\/www.sindicaturabarcelona.cat\/?p=34011"},"modified":"2024-10-22T16:24:55","modified_gmt":"2024-10-22T14:24:55","slug":"la-sindicatura-de-greuges-de-barcelona-analitza-lordenanca-de-convivencia-i-trasllada-diverses-propostes-dactuacio-a-lajuntament","status":"publish","type":"post","link":"https:\/\/www.sindicaturabarcelona.cat\/ca\/la-sindicatura-de-greuges-de-barcelona-analitza-lordenanca-de-convivencia-i-trasllada-diverses-propostes-dactuacio-a-lajuntament\/","title":{"rendered":"La Sindicatura de Greuges de Barcelona analitza l\u2019Ordenan\u00e7a de Conviv\u00e8ncia i trasllada diverses propostes d\u2019actuaci\u00f3 a l\u2019Ajuntament"},"content":{"rendered":"\n<p><strong>Barcelona, 24 d\u2019octubre de 2024 \u2013 <\/strong>A les portes d\u2019una \u00e0mplia modificaci\u00f3 de l\u2019Ordenan\u00e7a de Conviv\u00e8ncia, <strong>la Sindicatura de Greuges de Barcelona ha publicat l\u2019estudi <\/strong><a href=\"https:\/\/www.sindicaturabarcelona.cat\/wp-content\/uploads\/20241024_Informe-Ordenanca-Convivencia.pdf\" target=\"_blank\" rel=\"noreferrer noopener\"><strong><em>Espai p\u00fablic i dret a la ciutat: an\u00e0lisi de l\u2019Ordenan\u00e7a de Conviv\u00e8ncia de Barcelona<\/em><\/strong><\/a><strong><em>,<\/em><\/strong> un informe que examina l\u2019ordenan\u00e7a vigent i la seva aplicaci\u00f3, i trasllada diverses propostes d\u2019actuaci\u00f3 al consistori.<\/p>\n\n\n\n<p>L\u2019actual Ordenan\u00e7a, que va entrar en vigor l\u2019any 2006, es troba en un <a href=\"https:\/\/www.decidim.barcelona\/processes\/ordenancaconvivencia\" target=\"_blank\" rel=\"noreferrer noopener\">proc\u00e9s de modificaci\u00f3 i actualitzaci\u00f3 per part de l\u2019Ajuntament de Barcelona<\/a>. <strong>\u201cHan passat gaireb\u00e9 dues d\u00e8cades. El context d\u2019aquells anys no \u00e9s el context d\u2019avui dia i cal ajustar l\u2019ordenan\u00e7a a les noves necessitats\u201d<\/strong>, ha manifestat el s\u00edndic de greuges de Barcelona, David Bondia.<\/p>\n\n\n\n<p><em>Espai p\u00fablic i dret a la ciutat: an\u00e0lisi de l\u2019Ordenan\u00e7a de Conviv\u00e8ncia de Barcelona <\/em>t\u00e9 una finalitat pr\u00e0ctica, amb <strong>l\u2019objectiu d\u2019orientar possibles canvis a la normativa en vigor, a m\u00e9s de fer propostes constructives a la modificaci\u00f3 de l\u2019ordenan\u00e7a que s\u2019est\u00e0 duent a terme<\/strong> des de l\u2019Ajuntament.<\/p>\n\n\n\n<p><strong>La Sindicatura de Greuges de Barcelona ha estructurat en quatre eixos les seves propostes d\u2019actuaci\u00f3 envers l\u2019Ordenan\u00e7a<\/strong>: sobre l\u2019objecte i l\u2019\u00e0mbit d\u2019aplicaci\u00f3; sobre la diversitat d\u2019usos de l\u2019espai p\u00fablic; sobre les actuacions preventives, i sobre les mesures d\u2019execuci\u00f3.<\/p>\n\n\n\n<h2 class=\"wp-block-heading\"><strong>Sobre l\u2019objecte i l\u2019\u00e0mbit d\u2019aplicaci\u00f3<\/strong><\/h2>\n\n\n\n<ul class=\"wp-block-list\">\n<li>L\u2019objecte de l\u2019Ordenan\u00e7a hauria de ser vetllar per un \u00fas compartit i respectu\u00f3s de l\u2019espai p\u00fablic i el foment de la conviv\u00e8ncia mitjan\u00e7ant actuacions que entenguin els carrers i les places com \u00e0rees vives on el control total de l\u2019administraci\u00f3 no \u00e9s possible ni desitjable. <strong>Cal fomentar la corresponsabilitat ciutadana i comunit\u00e0ria, i l\u2019autogesti\u00f3 de l\u2019espai p\u00fablic, incentivant la toler\u00e0ncia i el valor de la diversitat. Per tant, l\u2019actuaci\u00f3 municipal, pel que fa als usos de l\u2019espai p\u00fablic, ha d\u2019anar m\u00e9s enll\u00e0 de la imposici\u00f3 de sancions<\/strong>.<\/li>\n<\/ul>\n\n\n\n<ul class=\"wp-block-list\">\n<li><strong>Centrar l\u2019\u00e0mbit d\u2019aplicaci\u00f3 de l\u2019Ordenan\u00e7a en els comportaments inc\u00edvics deliberats<\/strong>, \u00e9s a dir, en aquelles conductes socialment rebutjables vinculades a un \u00fas antisocial de l\u2019espai p\u00fablic o al vandalisme.<\/li>\n<\/ul>\n\n\n\n<ul class=\"wp-block-list\">\n<li><strong>Desvincular de l\u2019Ordenan\u00e7a les conductes de persones i col\u00b7lectius en risc d\u2019exclusi\u00f3 social i vulnerabilitat, per evitar el doble proc\u00e9s d\u2019estigmatitzaci\u00f3.<\/strong> Requereixen un abordatge integrador i protector, i \u00e9s un deure de l\u2019administraci\u00f3 oferir-lo i treballar des dels diferents serveis municipals per pal\u00b7liar les situacions de vulnerabilitat que pateixen.<\/li>\n<\/ul>\n\n\n\n<ul class=\"wp-block-list\">\n<li>Concretar, de manera detallada, quin \u00e9s el b\u00e9 jur\u00eddic a protegir en cadascuna de les conductes regulades en l\u2019articulat. En l\u00ednies generals, podria considerar-se la conviv\u00e8ncia com el b\u00e9 jur\u00eddic, per\u00f2 aquesta pot ser complementada amb altres b\u00e9ns jur\u00eddics, com el de l\u2019espai p\u00fablic.<\/li>\n<\/ul>\n\n\n\n<ul class=\"wp-block-list\">\n<li>Definir clarament les situacions de fet de les conductes contemplades com a infracci\u00f3, a fi d\u2019evitar apreciacions subjectives i fer un bon \u00fas de la discrecionalitat a l\u2019hora d\u2019aplicar l\u2019ordenan\u00e7a.<\/li>\n<\/ul>\n\n\n\n<ul class=\"wp-block-list\">\n<li><strong>Analitzar la possibilitat de refondre, en un \u00fanic text normatiu, l\u2019Ordenan\u00e7a de mesures per fomentar i garantir la conviv\u00e8ncia ciutadana a l\u2019espai p\u00fablic i l\u2019Ordenan\u00e7a de l\u2019\u00fas de les vies i els espais p\u00fablics<\/strong>, amb l\u2019objectiu d\u2019eliminar possibles confusions en la seva aplicaci\u00f3 i la sobreregulaci\u00f3.<\/li>\n<\/ul>\n\n\n\n<h2 class=\"wp-block-heading\"><strong>Sobre la diversitat d\u2019usos de l\u2019espai p\u00fablic<\/strong><\/h2>\n\n\n\n<ul class=\"wp-block-list\">\n<li>Evitar un exc\u00e9s de burocratitzaci\u00f3 en la gesti\u00f3 del carrer, apostant per la coordinaci\u00f3 i la interlocuci\u00f3 amb determinats col\u00b7lectius i el foment de la seva autonomia amb criteris de corresponsabilitat.<\/li>\n<\/ul>\n\n\n\n<ul class=\"wp-block-list\">\n<li>Actuar per compatibilitzar els diferents usos i din\u00e0miques que es donen en espais com les Superilles, per garantir la conviv\u00e8ncia, els drets humans de proximitat i el dret a la ciutat.<\/li>\n<\/ul>\n\n\n\n<ul class=\"wp-block-list\">\n<li>Potenciar la coordinaci\u00f3 municipal \u00a0i tamb\u00e9 amb les entitats socials i ve\u00efnals, per obtenir una visi\u00f3 integral dels usos que es fan en l\u2019espai p\u00fablic de la ciutat, i abordar des del di\u00e0leg els possibles problemes que s\u2019originin.<\/li>\n<\/ul>\n\n\n\n<h2 class=\"wp-block-heading\"><strong>Sobre les actuacions preventives<\/strong><\/h2>\n\n\n\n<ul class=\"wp-block-list\">\n<li>Assegurar la m\u00e0xima participaci\u00f3 en la modificaci\u00f3 de l\u2019Ordenan\u00e7a amb una \u00e0mplia difusi\u00f3 als diferents agents implicats en la gesti\u00f3 i usos de l\u2019espai p\u00fablic (personal municipal, entitats, plataformes socials i ve\u00efnals), amb perspectiva interseccional, garantint el consens i la legitimitat de la regulaci\u00f3 aprovada.<\/li>\n<\/ul>\n\n\n\n<ul class=\"wp-block-list\">\n<li><strong>Complementar l\u2019aplicaci\u00f3 de l\u2019Ordenan\u00e7a amb un treball socioeducatiu, intensificant la pres\u00e8ncia d\u2019agents c\u00edvics i educadors<\/strong> en determinats moments i espais concrets de la ciutat on conflueixen determinades din\u00e0miques, a fi d\u2019introduir metodologies pedag\u00f2giques que ajudin a corresponsabilitzar sobre els usos, donant a con\u00e8ixer els drets i els deures a les persones usu\u00e0ries.<\/li>\n<\/ul>\n\n\n\n<ul class=\"wp-block-list\">\n<li><strong>Refor\u00e7ar la mediaci\u00f3 comunit\u00e0ria en les din\u00e0miques generades entorn de la conviv\u00e8ncia. Per exemple, en accions vinculades a l\u2019oci nocturn i a l\u2019\u00fas tur\u00edstic de determinats espais de la ciutat<\/strong>.<\/li>\n<\/ul>\n\n\n\n<ul class=\"wp-block-list\">\n<li>Establir mesures eficaces per a dissuadir o modificar conductes de persones visitants de la ciutat, entenent que es tracta de persones que no tenen el sentiment de pertin\u00e8ncia a la ciutat.<\/li>\n<\/ul>\n\n\n\n<ul class=\"wp-block-list\">\n<li><strong>Dotar la ciutat d\u2019equipaments necessaris per evitar algunes conductes sancionades per l\u2019Ordenan\u00e7a: xarxa de lavabos p\u00fablics, consignes per deixar les pertinences, dutxes, espais assignats a grafiters, etc<\/strong>.<\/li>\n<\/ul>\n\n\n\n<h2 class=\"wp-block-heading\"><strong>Sobre les mesures d\u2019execuci\u00f3<\/strong><\/h2>\n\n\n\n<ul class=\"wp-block-list\">\n<li><strong>Aplicar les Mesures Alternatives a la Sanci\u00f3 (MAS) com a primera conseq\u00fc\u00e8ncia davant de la comissi\u00f3 d\u2019infraccions de l\u2019Ordenan\u00e7a<\/strong>. Nom\u00e9s en cas de ser rebutjades per part de la persona infractora, s\u2019hauria d\u2019aplicar la imposici\u00f3 de sancions pecuni\u00e0ries.<\/li>\n<\/ul>\n\n\n\n<ul class=\"wp-block-list\">\n<li>Potenciar espais de coordinaci\u00f3 interna municipal entre els diferents serveis i \u00e0rees implicades, amb especial incid\u00e8ncia dels serveis socials i la Gu\u00e0rdia Urbana, amb l\u2019objectiu de fer una correcta aplicaci\u00f3 de la normativa a trav\u00e9s de l\u2019actualitzaci\u00f3 de protocols interns.<\/li>\n<\/ul>\n\n\n\n<ul class=\"wp-block-list\">\n<li>Formar suficientment el personal municipal que ha d\u2019aplicar l\u2019Ordenan\u00e7a a fi de garantir una interpretaci\u00f3 de la norma amb perspectiva de drets humans de proximitat.<\/li>\n<\/ul>\n","protected":false},"excerpt":{"rendered":"<p>Barcelona, 24 d\u2019octubre de 2024 \u2013 A les portes d\u2019una \u00e0mplia modificaci\u00f3 de l\u2019Ordenan\u00e7a de Conviv\u00e8ncia, la Sindicatura de Greuges de Barcelona ha publicat l\u2019estudi Espai p\u00fablic i dret a [&hellip;]<\/p>\n","protected":false},"author":2,"featured_media":34012,"comment_status":"closed","ping_status":"closed","sticky":false,"template":"","format":"standard","meta":{"_acf_changed":false,"footnotes":""},"tags":[],"drets":[1442,1459,1440,1456,1452,1438,1449,1446,1444],"class_list":["post-34011","post","type-post","status-publish","format-standard","has-post-thumbnail","hentry","drets-ciutat-diversa","drets-drets-de-participacio","drets-ciutat-garantista","drets-dret-a-una-bona-administracio","drets-dret-a-la-seguretat-ciutadana","drets-ciutat-habitable-i-sostenible","drets-dret-a-una-convivencia-pacifica","drets-dret-a-lespai-public","drets-dret-al-descans"],"acf":[],"yoast_head":"<!-- This site is optimized with the Yoast SEO plugin v27.5 - https:\/\/yoast.com\/product\/yoast-seo-wordpress\/ -->\n<title>La Sindicatura de Greuges de Barcelona analitza l\u2019Ordenan\u00e7a de Conviv\u00e8ncia i trasllada diverses propostes d\u2019actuaci\u00f3 a l\u2019Ajuntament - Sindicatura de Greuges de Barcelona<\/title>\n<meta name=\"description\" content=\"La defensoria ha estructurat en quatre eixos les seves propostes d\u2019actuaci\u00f3 envers l\u2019Ordenan\u00e7a de Conviv\u00e8ncia:\" \/>\n<meta name=\"robots\" content=\"index, follow, max-snippet:-1, max-image-preview:large, max-video-preview:-1\" \/>\n<link rel=\"canonical\" href=\"https:\/\/www.sindicaturabarcelona.cat\/ca\/la-sindicatura-de-greuges-de-barcelona-analitza-lordenanca-de-convivencia-i-trasllada-diverses-propostes-dactuacio-a-lajuntament\/\" \/>\n<meta property=\"og:locale\" content=\"ca_ES\" \/>\n<meta property=\"og:type\" content=\"article\" \/>\n<meta property=\"og:title\" content=\"La Sindicatura de Greuges de Barcelona analitza l\u2019Ordenan\u00e7a de Conviv\u00e8ncia i trasllada diverses propostes d\u2019actuaci\u00f3 a l\u2019Ajuntament - Sindicatura de Greuges de Barcelona\" \/>\n<meta property=\"og:description\" content=\"La defensoria ha estructurat en quatre eixos les seves propostes d\u2019actuaci\u00f3 envers l\u2019Ordenan\u00e7a de Conviv\u00e8ncia:\" \/>\n<meta property=\"og:url\" content=\"https:\/\/www.sindicaturabarcelona.cat\/ca\/la-sindicatura-de-greuges-de-barcelona-analitza-lordenanca-de-convivencia-i-trasllada-diverses-propostes-dactuacio-a-lajuntament\/\" \/>\n<meta property=\"og:site_name\" content=\"Sindicatura de Greuges de Barcelona\" \/>\n<meta property=\"article:published_time\" content=\"2024-10-24T08:35:00+00:00\" \/>\n<meta property=\"og:image\" content=\"https:\/\/www.sindicaturabarcelona.cat\/wp-content\/uploads\/F9.jpg\" \/>\n\t<meta property=\"og:image:width\" content=\"1024\" \/>\n\t<meta property=\"og:image:height\" content=\"683\" \/>\n\t<meta property=\"og:image:type\" content=\"image\/jpeg\" \/>\n<meta name=\"author\" content=\"Pablo\" \/>\n<meta name=\"twitter:card\" content=\"summary_large_image\" \/>\n<meta name=\"twitter:creator\" content=\"@sindicbarcelona\" \/>\n<meta name=\"twitter:site\" content=\"@sindicbarcelona\" \/>\n<meta name=\"twitter:label1\" content=\"Escrit per\" \/>\n\t<meta name=\"twitter:data1\" content=\"Pablo\" \/>\n\t<meta name=\"twitter:label2\" content=\"Temps estimat de lectura\" \/>\n\t<meta name=\"twitter:data2\" content=\"6 minuts\" \/>\n<script type=\"application\/ld+json\" class=\"yoast-schema-graph\">{\"@context\":\"https:\\\/\\\/schema.org\",\"@graph\":[{\"@type\":\"Article\",\"@id\":\"https:\\\/\\\/www.sindicaturabarcelona.cat\\\/ca\\\/la-sindicatura-de-greuges-de-barcelona-analitza-lordenanca-de-convivencia-i-trasllada-diverses-propostes-dactuacio-a-lajuntament\\\/#article\",\"isPartOf\":{\"@id\":\"https:\\\/\\\/www.sindicaturabarcelona.cat\\\/ca\\\/la-sindicatura-de-greuges-de-barcelona-analitza-lordenanca-de-convivencia-i-trasllada-diverses-propostes-dactuacio-a-lajuntament\\\/\"},\"author\":{\"name\":\"Pablo\",\"@id\":\"https:\\\/\\\/www.sindicaturabarcelona.cat\\\/ca\\\/#\\\/schema\\\/person\\\/0e5acffc350ffdbc97578159322c9452\"},\"headline\":\"La Sindicatura de Greuges de Barcelona analitza l\u2019Ordenan\u00e7a de Conviv\u00e8ncia i trasllada diverses propostes d\u2019actuaci\u00f3 a l\u2019Ajuntament\",\"datePublished\":\"2024-10-24T08:35:00+00:00\",\"mainEntityOfPage\":{\"@id\":\"https:\\\/\\\/www.sindicaturabarcelona.cat\\\/ca\\\/la-sindicatura-de-greuges-de-barcelona-analitza-lordenanca-de-convivencia-i-trasllada-diverses-propostes-dactuacio-a-lajuntament\\\/\"},\"wordCount\":1077,\"publisher\":{\"@id\":\"https:\\\/\\\/www.sindicaturabarcelona.cat\\\/ca\\\/#organization\"},\"image\":{\"@id\":\"https:\\\/\\\/www.sindicaturabarcelona.cat\\\/ca\\\/la-sindicatura-de-greuges-de-barcelona-analitza-lordenanca-de-convivencia-i-trasllada-diverses-propostes-dactuacio-a-lajuntament\\\/#primaryimage\"},\"thumbnailUrl\":\"https:\\\/\\\/www.sindicaturabarcelona.cat\\\/wp-content\\\/uploads\\\/F9.jpg\",\"inLanguage\":\"ca\"},{\"@type\":\"WebPage\",\"@id\":\"https:\\\/\\\/www.sindicaturabarcelona.cat\\\/ca\\\/la-sindicatura-de-greuges-de-barcelona-analitza-lordenanca-de-convivencia-i-trasllada-diverses-propostes-dactuacio-a-lajuntament\\\/\",\"url\":\"https:\\\/\\\/www.sindicaturabarcelona.cat\\\/ca\\\/la-sindicatura-de-greuges-de-barcelona-analitza-lordenanca-de-convivencia-i-trasllada-diverses-propostes-dactuacio-a-lajuntament\\\/\",\"name\":\"La Sindicatura de Greuges de Barcelona analitza l\u2019Ordenan\u00e7a de Conviv\u00e8ncia i trasllada diverses propostes d\u2019actuaci\u00f3 a l\u2019Ajuntament - Sindicatura de Greuges de Barcelona\",\"isPartOf\":{\"@id\":\"https:\\\/\\\/www.sindicaturabarcelona.cat\\\/ca\\\/#website\"},\"primaryImageOfPage\":{\"@id\":\"https:\\\/\\\/www.sindicaturabarcelona.cat\\\/ca\\\/la-sindicatura-de-greuges-de-barcelona-analitza-lordenanca-de-convivencia-i-trasllada-diverses-propostes-dactuacio-a-lajuntament\\\/#primaryimage\"},\"image\":{\"@id\":\"https:\\\/\\\/www.sindicaturabarcelona.cat\\\/ca\\\/la-sindicatura-de-greuges-de-barcelona-analitza-lordenanca-de-convivencia-i-trasllada-diverses-propostes-dactuacio-a-lajuntament\\\/#primaryimage\"},\"thumbnailUrl\":\"https:\\\/\\\/www.sindicaturabarcelona.cat\\\/wp-content\\\/uploads\\\/F9.jpg\",\"datePublished\":\"2024-10-24T08:35:00+00:00\",\"description\":\"La defensoria ha estructurat en quatre eixos les seves propostes d\u2019actuaci\u00f3 envers l\u2019Ordenan\u00e7a de Conviv\u00e8ncia:\",\"breadcrumb\":{\"@id\":\"https:\\\/\\\/www.sindicaturabarcelona.cat\\\/ca\\\/la-sindicatura-de-greuges-de-barcelona-analitza-lordenanca-de-convivencia-i-trasllada-diverses-propostes-dactuacio-a-lajuntament\\\/#breadcrumb\"},\"inLanguage\":\"ca\",\"potentialAction\":[{\"@type\":\"ReadAction\",\"target\":[\"https:\\\/\\\/www.sindicaturabarcelona.cat\\\/ca\\\/la-sindicatura-de-greuges-de-barcelona-analitza-lordenanca-de-convivencia-i-trasllada-diverses-propostes-dactuacio-a-lajuntament\\\/\"]}]},{\"@type\":\"ImageObject\",\"inLanguage\":\"ca\",\"@id\":\"https:\\\/\\\/www.sindicaturabarcelona.cat\\\/ca\\\/la-sindicatura-de-greuges-de-barcelona-analitza-lordenanca-de-convivencia-i-trasllada-diverses-propostes-dactuacio-a-lajuntament\\\/#primaryimage\",\"url\":\"https:\\\/\\\/www.sindicaturabarcelona.cat\\\/wp-content\\\/uploads\\\/F9.jpg\",\"contentUrl\":\"https:\\\/\\\/www.sindicaturabarcelona.cat\\\/wp-content\\\/uploads\\\/F9.jpg\",\"width\":1024,\"height\":683,\"caption\":\"Ordenan\u00e7a de Conviv\u00e8ncia\"},{\"@type\":\"BreadcrumbList\",\"@id\":\"https:\\\/\\\/www.sindicaturabarcelona.cat\\\/ca\\\/la-sindicatura-de-greuges-de-barcelona-analitza-lordenanca-de-convivencia-i-trasllada-diverses-propostes-dactuacio-a-lajuntament\\\/#breadcrumb\",\"itemListElement\":[{\"@type\":\"ListItem\",\"position\":1,\"name\":\"Inici\",\"item\":\"https:\\\/\\\/www.sindicaturabarcelona.cat\\\/ca\\\/\"},{\"@type\":\"ListItem\",\"position\":2,\"name\":\"La Sindicatura de Greuges de Barcelona analitza l\u2019Ordenan\u00e7a de Conviv\u00e8ncia i trasllada diverses propostes d\u2019actuaci\u00f3 a l\u2019Ajuntament\"}]},{\"@type\":\"WebSite\",\"@id\":\"https:\\\/\\\/www.sindicaturabarcelona.cat\\\/ca\\\/#website\",\"url\":\"https:\\\/\\\/www.sindicaturabarcelona.cat\\\/ca\\\/\",\"name\":\"Sindicatura de Greuges de Barcelona\",\"description\":\"La defensoria dels teus drets\",\"publisher\":{\"@id\":\"https:\\\/\\\/www.sindicaturabarcelona.cat\\\/ca\\\/#organization\"},\"potentialAction\":[{\"@type\":\"SearchAction\",\"target\":{\"@type\":\"EntryPoint\",\"urlTemplate\":\"https:\\\/\\\/www.sindicaturabarcelona.cat\\\/ca\\\/?s={search_term_string}\"},\"query-input\":{\"@type\":\"PropertyValueSpecification\",\"valueRequired\":true,\"valueName\":\"search_term_string\"}}],\"inLanguage\":\"ca\"},{\"@type\":\"Organization\",\"@id\":\"https:\\\/\\\/www.sindicaturabarcelona.cat\\\/ca\\\/#organization\",\"name\":\"Sindicatura de Greuges de Barcelona\",\"url\":\"https:\\\/\\\/www.sindicaturabarcelona.cat\\\/ca\\\/\",\"logo\":{\"@type\":\"ImageObject\",\"inLanguage\":\"ca\",\"@id\":\"https:\\\/\\\/www.sindicaturabarcelona.cat\\\/ca\\\/#\\\/schema\\\/logo\\\/image\\\/\",\"url\":\"https:\\\/\\\/www.sindicaturabarcelona.cat\\\/wp-content\\\/uploads\\\/2023\\\/02\\\/logo_sindicatura.svg\",\"contentUrl\":\"https:\\\/\\\/www.sindicaturabarcelona.cat\\\/wp-content\\\/uploads\\\/2023\\\/02\\\/logo_sindicatura.svg\",\"caption\":\"Sindicatura de Greuges de Barcelona\"},\"image\":{\"@id\":\"https:\\\/\\\/www.sindicaturabarcelona.cat\\\/ca\\\/#\\\/schema\\\/logo\\\/image\\\/\"},\"sameAs\":[\"https:\\\/\\\/x.com\\\/sindicbarcelona\",\"https:\\\/\\\/www.instagram.com\\\/sindicbarcelona\\\/\",\"https:\\\/\\\/www.tiktok.com\\\/@sindicaturabcn\",\"https:\\\/\\\/t.me\\\/sindicaturabarcelona\"]},{\"@type\":\"Person\",\"@id\":\"https:\\\/\\\/www.sindicaturabarcelona.cat\\\/ca\\\/#\\\/schema\\\/person\\\/0e5acffc350ffdbc97578159322c9452\",\"name\":\"Pablo\",\"image\":{\"@type\":\"ImageObject\",\"inLanguage\":\"ca\",\"@id\":\"https:\\\/\\\/secure.gravatar.com\\\/avatar\\\/c948169b402ef9492afde705c3dfd5e90e1a6a84ef6840a91124f805a25a480f?s=96&d=mm&r=g\",\"url\":\"https:\\\/\\\/secure.gravatar.com\\\/avatar\\\/c948169b402ef9492afde705c3dfd5e90e1a6a84ef6840a91124f805a25a480f?s=96&d=mm&r=g\",\"contentUrl\":\"https:\\\/\\\/secure.gravatar.com\\\/avatar\\\/c948169b402ef9492afde705c3dfd5e90e1a6a84ef6840a91124f805a25a480f?s=96&d=mm&r=g\",\"caption\":\"Pablo\"},\"url\":\"https:\\\/\\\/www.sindicaturabarcelona.cat\\\/ca\\\/author\\\/pablo\\\/\"}]}<\/script>\n<!-- \/ Yoast SEO plugin. -->","yoast_head_json":{"title":"La Sindicatura de Greuges de Barcelona analitza l\u2019Ordenan\u00e7a de Conviv\u00e8ncia i trasllada diverses propostes d\u2019actuaci\u00f3 a l\u2019Ajuntament - Sindicatura de Greuges de Barcelona","description":"La defensoria ha estructurat en quatre eixos les seves propostes d\u2019actuaci\u00f3 envers l\u2019Ordenan\u00e7a de Conviv\u00e8ncia:","robots":{"index":"index","follow":"follow","max-snippet":"max-snippet:-1","max-image-preview":"max-image-preview:large","max-video-preview":"max-video-preview:-1"},"canonical":"https:\/\/www.sindicaturabarcelona.cat\/ca\/la-sindicatura-de-greuges-de-barcelona-analitza-lordenanca-de-convivencia-i-trasllada-diverses-propostes-dactuacio-a-lajuntament\/","og_locale":"ca_ES","og_type":"article","og_title":"La Sindicatura de Greuges de Barcelona analitza l\u2019Ordenan\u00e7a de Conviv\u00e8ncia i trasllada diverses propostes d\u2019actuaci\u00f3 a l\u2019Ajuntament - Sindicatura de Greuges de Barcelona","og_description":"La defensoria ha estructurat en quatre eixos les seves propostes d\u2019actuaci\u00f3 envers l\u2019Ordenan\u00e7a de Conviv\u00e8ncia:","og_url":"https:\/\/www.sindicaturabarcelona.cat\/ca\/la-sindicatura-de-greuges-de-barcelona-analitza-lordenanca-de-convivencia-i-trasllada-diverses-propostes-dactuacio-a-lajuntament\/","og_site_name":"Sindicatura de Greuges de Barcelona","article_published_time":"2024-10-24T08:35:00+00:00","og_image":[{"width":1024,"height":683,"url":"https:\/\/www.sindicaturabarcelona.cat\/wp-content\/uploads\/F9.jpg","type":"image\/jpeg"}],"author":"Pablo","twitter_card":"summary_large_image","twitter_creator":"@sindicbarcelona","twitter_site":"@sindicbarcelona","twitter_misc":{"Escrit per":"Pablo","Temps estimat de lectura":"6 minuts"},"schema":{"@context":"https:\/\/schema.org","@graph":[{"@type":"Article","@id":"https:\/\/www.sindicaturabarcelona.cat\/ca\/la-sindicatura-de-greuges-de-barcelona-analitza-lordenanca-de-convivencia-i-trasllada-diverses-propostes-dactuacio-a-lajuntament\/#article","isPartOf":{"@id":"https:\/\/www.sindicaturabarcelona.cat\/ca\/la-sindicatura-de-greuges-de-barcelona-analitza-lordenanca-de-convivencia-i-trasllada-diverses-propostes-dactuacio-a-lajuntament\/"},"author":{"name":"Pablo","@id":"https:\/\/www.sindicaturabarcelona.cat\/ca\/#\/schema\/person\/0e5acffc350ffdbc97578159322c9452"},"headline":"La Sindicatura de Greuges de Barcelona analitza l\u2019Ordenan\u00e7a de Conviv\u00e8ncia i trasllada diverses propostes d\u2019actuaci\u00f3 a l\u2019Ajuntament","datePublished":"2024-10-24T08:35:00+00:00","mainEntityOfPage":{"@id":"https:\/\/www.sindicaturabarcelona.cat\/ca\/la-sindicatura-de-greuges-de-barcelona-analitza-lordenanca-de-convivencia-i-trasllada-diverses-propostes-dactuacio-a-lajuntament\/"},"wordCount":1077,"publisher":{"@id":"https:\/\/www.sindicaturabarcelona.cat\/ca\/#organization"},"image":{"@id":"https:\/\/www.sindicaturabarcelona.cat\/ca\/la-sindicatura-de-greuges-de-barcelona-analitza-lordenanca-de-convivencia-i-trasllada-diverses-propostes-dactuacio-a-lajuntament\/#primaryimage"},"thumbnailUrl":"https:\/\/www.sindicaturabarcelona.cat\/wp-content\/uploads\/F9.jpg","inLanguage":"ca"},{"@type":"WebPage","@id":"https:\/\/www.sindicaturabarcelona.cat\/ca\/la-sindicatura-de-greuges-de-barcelona-analitza-lordenanca-de-convivencia-i-trasllada-diverses-propostes-dactuacio-a-lajuntament\/","url":"https:\/\/www.sindicaturabarcelona.cat\/ca\/la-sindicatura-de-greuges-de-barcelona-analitza-lordenanca-de-convivencia-i-trasllada-diverses-propostes-dactuacio-a-lajuntament\/","name":"La Sindicatura de Greuges de Barcelona analitza l\u2019Ordenan\u00e7a de Conviv\u00e8ncia i trasllada diverses propostes d\u2019actuaci\u00f3 a l\u2019Ajuntament - Sindicatura de Greuges de Barcelona","isPartOf":{"@id":"https:\/\/www.sindicaturabarcelona.cat\/ca\/#website"},"primaryImageOfPage":{"@id":"https:\/\/www.sindicaturabarcelona.cat\/ca\/la-sindicatura-de-greuges-de-barcelona-analitza-lordenanca-de-convivencia-i-trasllada-diverses-propostes-dactuacio-a-lajuntament\/#primaryimage"},"image":{"@id":"https:\/\/www.sindicaturabarcelona.cat\/ca\/la-sindicatura-de-greuges-de-barcelona-analitza-lordenanca-de-convivencia-i-trasllada-diverses-propostes-dactuacio-a-lajuntament\/#primaryimage"},"thumbnailUrl":"https:\/\/www.sindicaturabarcelona.cat\/wp-content\/uploads\/F9.jpg","datePublished":"2024-10-24T08:35:00+00:00","description":"La defensoria ha estructurat en quatre eixos les seves propostes d\u2019actuaci\u00f3 envers l\u2019Ordenan\u00e7a de Conviv\u00e8ncia:","breadcrumb":{"@id":"https:\/\/www.sindicaturabarcelona.cat\/ca\/la-sindicatura-de-greuges-de-barcelona-analitza-lordenanca-de-convivencia-i-trasllada-diverses-propostes-dactuacio-a-lajuntament\/#breadcrumb"},"inLanguage":"ca","potentialAction":[{"@type":"ReadAction","target":["https:\/\/www.sindicaturabarcelona.cat\/ca\/la-sindicatura-de-greuges-de-barcelona-analitza-lordenanca-de-convivencia-i-trasllada-diverses-propostes-dactuacio-a-lajuntament\/"]}]},{"@type":"ImageObject","inLanguage":"ca","@id":"https:\/\/www.sindicaturabarcelona.cat\/ca\/la-sindicatura-de-greuges-de-barcelona-analitza-lordenanca-de-convivencia-i-trasllada-diverses-propostes-dactuacio-a-lajuntament\/#primaryimage","url":"https:\/\/www.sindicaturabarcelona.cat\/wp-content\/uploads\/F9.jpg","contentUrl":"https:\/\/www.sindicaturabarcelona.cat\/wp-content\/uploads\/F9.jpg","width":1024,"height":683,"caption":"Ordenan\u00e7a de Conviv\u00e8ncia"},{"@type":"BreadcrumbList","@id":"https:\/\/www.sindicaturabarcelona.cat\/ca\/la-sindicatura-de-greuges-de-barcelona-analitza-lordenanca-de-convivencia-i-trasllada-diverses-propostes-dactuacio-a-lajuntament\/#breadcrumb","itemListElement":[{"@type":"ListItem","position":1,"name":"Inici","item":"https:\/\/www.sindicaturabarcelona.cat\/ca\/"},{"@type":"ListItem","position":2,"name":"La Sindicatura de Greuges de Barcelona analitza l\u2019Ordenan\u00e7a de Conviv\u00e8ncia i trasllada diverses propostes d\u2019actuaci\u00f3 a l\u2019Ajuntament"}]},{"@type":"WebSite","@id":"https:\/\/www.sindicaturabarcelona.cat\/ca\/#website","url":"https:\/\/www.sindicaturabarcelona.cat\/ca\/","name":"Sindicatura de Greuges de Barcelona","description":"La defensoria dels teus drets","publisher":{"@id":"https:\/\/www.sindicaturabarcelona.cat\/ca\/#organization"},"potentialAction":[{"@type":"SearchAction","target":{"@type":"EntryPoint","urlTemplate":"https:\/\/www.sindicaturabarcelona.cat\/ca\/?s={search_term_string}"},"query-input":{"@type":"PropertyValueSpecification","valueRequired":true,"valueName":"search_term_string"}}],"inLanguage":"ca"},{"@type":"Organization","@id":"https:\/\/www.sindicaturabarcelona.cat\/ca\/#organization","name":"Sindicatura de Greuges de Barcelona","url":"https:\/\/www.sindicaturabarcelona.cat\/ca\/","logo":{"@type":"ImageObject","inLanguage":"ca","@id":"https:\/\/www.sindicaturabarcelona.cat\/ca\/#\/schema\/logo\/image\/","url":"https:\/\/www.sindicaturabarcelona.cat\/wp-content\/uploads\/2023\/02\/logo_sindicatura.svg","contentUrl":"https:\/\/www.sindicaturabarcelona.cat\/wp-content\/uploads\/2023\/02\/logo_sindicatura.svg","caption":"Sindicatura de Greuges de Barcelona"},"image":{"@id":"https:\/\/www.sindicaturabarcelona.cat\/ca\/#\/schema\/logo\/image\/"},"sameAs":["https:\/\/x.com\/sindicbarcelona","https:\/\/www.instagram.com\/sindicbarcelona\/","https:\/\/www.tiktok.com\/@sindicaturabcn","https:\/\/t.me\/sindicaturabarcelona"]},{"@type":"Person","@id":"https:\/\/www.sindicaturabarcelona.cat\/ca\/#\/schema\/person\/0e5acffc350ffdbc97578159322c9452","name":"Pablo","image":{"@type":"ImageObject","inLanguage":"ca","@id":"https:\/\/secure.gravatar.com\/avatar\/c948169b402ef9492afde705c3dfd5e90e1a6a84ef6840a91124f805a25a480f?s=96&d=mm&r=g","url":"https:\/\/secure.gravatar.com\/avatar\/c948169b402ef9492afde705c3dfd5e90e1a6a84ef6840a91124f805a25a480f?s=96&d=mm&r=g","contentUrl":"https:\/\/secure.gravatar.com\/avatar\/c948169b402ef9492afde705c3dfd5e90e1a6a84ef6840a91124f805a25a480f?s=96&d=mm&r=g","caption":"Pablo"},"url":"https:\/\/www.sindicaturabarcelona.cat\/ca\/author\/pablo\/"}]}},"_links":{"self":[{"href":"https:\/\/www.sindicaturabarcelona.cat\/ca\/wp-json\/wp\/v2\/posts\/34011","targetHints":{"allow":["GET"]}}],"collection":[{"href":"https:\/\/www.sindicaturabarcelona.cat\/ca\/wp-json\/wp\/v2\/posts"}],"about":[{"href":"https:\/\/www.sindicaturabarcelona.cat\/ca\/wp-json\/wp\/v2\/types\/post"}],"author":[{"embeddable":true,"href":"https:\/\/www.sindicaturabarcelona.cat\/ca\/wp-json\/wp\/v2\/users\/2"}],"replies":[{"embeddable":true,"href":"https:\/\/www.sindicaturabarcelona.cat\/ca\/wp-json\/wp\/v2\/comments?post=34011"}],"version-history":[{"count":1,"href":"https:\/\/www.sindicaturabarcelona.cat\/ca\/wp-json\/wp\/v2\/posts\/34011\/revisions"}],"predecessor-version":[{"id":34015,"href":"https:\/\/www.sindicaturabarcelona.cat\/ca\/wp-json\/wp\/v2\/posts\/34011\/revisions\/34015"}],"wp:featuredmedia":[{"embeddable":true,"href":"https:\/\/www.sindicaturabarcelona.cat\/ca\/wp-json\/wp\/v2\/media\/34012"}],"wp:attachment":[{"href":"https:\/\/www.sindicaturabarcelona.cat\/ca\/wp-json\/wp\/v2\/media?parent=34011"}],"wp:term":[{"taxonomy":"post_tag","embeddable":true,"href":"https:\/\/www.sindicaturabarcelona.cat\/ca\/wp-json\/wp\/v2\/tags?post=34011"},{"taxonomy":"drets","embeddable":true,"href":"https:\/\/www.sindicaturabarcelona.cat\/ca\/wp-json\/wp\/v2\/drets?post=34011"}],"curies":[{"name":"wp","href":"https:\/\/api.w.org\/{rel}","templated":true}]}}