{"id":33905,"date":"2024-10-18T07:30:00","date_gmt":"2024-10-18T05:30:00","guid":{"rendered":"https:\/\/www.sindicaturabarcelona.cat\/?p=33905"},"modified":"2024-10-18T07:51:38","modified_gmt":"2024-10-18T05:51:38","slug":"la-sindicatura-demana-al-districte-de-ciutat-vella-un-espai-de-dialeg-amb-lassociacio-antiga-massana-en-benefici-de-linteres-public","status":"publish","type":"post","link":"https:\/\/www.sindicaturabarcelona.cat\/ca\/la-sindicatura-demana-al-districte-de-ciutat-vella-un-espai-de-dialeg-amb-lassociacio-antiga-massana-en-benefici-de-linteres-public\/","title":{"rendered":"La Sindicatura demana al Districte de Ciutat Vella un espai de di\u00e0leg amb l\u2019Associaci\u00f3 Antiga Massana en benefici de l\u2019inter\u00e8s p\u00fablic"},"content":{"rendered":"\n<ul class=\"wp-block-list\">\n<li>Aquesta associaci\u00f3 d\u2019acci\u00f3 comunit\u00e0ria i solid\u00e0ria fa \u00fas de l\u2019antiga Escola Massana des del juny del 2020, quan van aguditzar-se les necessitats socials del barri del Raval arran de la pand\u00e8mia.<\/li>\n<\/ul>\n\n\n\n<ul class=\"wp-block-list\">\n<li>Inicialment, el consistori va tolerar l\u2019ocupaci\u00f3, i despr\u00e9s va mostrar inter\u00e8s i voluntat en regularitzar-la, donada la tasca social de l\u2019entitat.<\/li>\n<\/ul>\n\n\n\n<ul class=\"wp-block-list\">\n<li><a href=\"https:\/\/www.youtube.com\/live\/vOm_cYn-mRA?si=PJibsF8PVKZmRQS-\" target=\"_blank\" rel=\"noreferrer noopener\">El juliol de 2022, el Consell de Districte va aprovar el comprom\u00eds municipal de cessi\u00f3 de l\u2019espai<\/a>, amb el suport gaireb\u00e9 un\u00e0nime de tots els grups pol\u00edtics municipals.<\/li>\n<\/ul>\n\n\n\n<ul class=\"wp-block-list\">\n<li>El mar\u00e7 de 2023, l\u2019associaci\u00f3 va demanar formalment al consistori la cessi\u00f3 de l\u2019\u00fas de l\u2019espai, recolzada per un informe t\u00e8cnic del Districte. Posteriorment, la Taula de Patrimoni Ciutad\u00e0 va informar favorablement la cessi\u00f3. Tot i aix\u00f2, no va arribar a oficialitzar-se.<\/li>\n<\/ul>\n\n\n\n<ul class=\"wp-block-list\">\n<li>Malgrat que la cronologia anterior semblava que condu\u00efa cap a la cessi\u00f3 d\u2019\u00fas, el mes de juliol d\u2019enguany l\u2019Ajuntament va notificar a l\u2019associaci\u00f3 la incoaci\u00f3 d\u2019un expedient per a la recuperaci\u00f3 d\u2019ofici de la possessi\u00f3 de la finca de l\u2019antiga Escola Massana.<\/li>\n<\/ul>\n\n\n\n<ul class=\"wp-block-list\">\n<li>El 14 d\u2019octubre de 2024 l\u2019associaci\u00f3 rep la resoluci\u00f3 de desallotjament, prevista nom\u00e9s tres dies despr\u00e9s. Ha demanat mesures cautelars contra la resoluci\u00f3 de desallotjament en el jutjat contenci\u00f3s administratiu de Barcelona.<\/li>\n<\/ul>\n\n\n\n<p><strong>Barcelona, 18 d\u2019octubre de 2024 \u2013 <a href=\"https:\/\/www.sindicaturabarcelona.cat\/wp-content\/uploads\/202410_Dret-igualtat-i-no-discriminacio_gestio-municipal-envers-lespai-de-lantiga-Escola-Massana.pdf\">La Sindicatura de Greuges de Barcelona ha concl\u00f2s que l\u2019actuaci\u00f3 del Districte de Ciutat Vella est\u00e0 mancada d\u2019un espai de di\u00e0leg i reflexi\u00f3 capa\u00e7 d\u2019arribar a una soluci\u00f3 consensuada amb l\u2019Associaci\u00f3 Antiga Massana, en benefici del b\u00e9 com\u00fa i de l\u2019inter\u00e8s p\u00fablic<\/a>.<\/strong><\/p>\n\n\n\n<p><strong>L\u2019Ajuntament ha justificat la urg\u00e8ncia de la tramitaci\u00f3 de l\u2019expedient de recuperaci\u00f3 d\u2019ofici de la possessi\u00f3 de la finca, i la conseg\u00fcent resoluci\u00f3 de desallotjament, <\/strong>en la implementaci\u00f3 d\u2019un projecte cultural i de serveis d\u2019apropament a la ciutadania en el recinte de l\u2019antic Hospital de la Santa Creu i de l\u2019antiga Escola Massana.<\/p>\n\n\n\n<p>La Sindicatura de Greuges de Barcelona desconeix el calendari d\u2019execuci\u00f3 d\u2019aquest projecte, ja que era una de les peticions d\u2019informaci\u00f3 que feia al Districte i que l\u2019\u00f2rgan territorial no ha contestat. Sense arribar a con\u00e8ixer aquesta dada, i sense perjudici de les potestats de recuperaci\u00f3 dels b\u00e9ns p\u00fablics de l\u2019Ajuntament, <strong>la Sindicatura fa una crida a reflexionar sobre el termini d\u2019execuci\u00f3 del desallotjament i sobre possibles alternatives per continuar amb la tasca comunit\u00e0ria, reconeguda pel mateix consistori com d\u2019inter\u00e8s general<\/strong>. <\/p>\n\n\n\n<p>Per acabar, <strong>la defensoria de la ciutadania barcelonina sost\u00e9 que cal generar, en el marc del Pacte per Ciutat Vella, un espai de di\u00e0leg que permeti trobar solucions adequades. En aquesta l\u00ednia, ofereix la seva predisposici\u00f3 a intervenir per cercar un acord viable i realista, que no comporti la p\u00e8rdua d\u2019un espai de trobada i cohesi\u00f3 per al ve\u00efnat del barridel Raval.<\/strong><\/p>\n","protected":false},"excerpt":{"rendered":"<p>Barcelona, 18 d\u2019octubre de 2024 \u2013 La Sindicatura de Greuges de Barcelona ha concl\u00f2s que l\u2019actuaci\u00f3 del Districte de Ciutat Vella est\u00e0 mancada d\u2019un espai de di\u00e0leg i reflexi\u00f3 capa\u00e7 [&hellip;]<\/p>\n","protected":false},"author":2,"featured_media":33898,"comment_status":"closed","ping_status":"closed","sticky":false,"template":"","format":"standard","meta":{"_acf_changed":false,"footnotes":""},"tags":[],"drets":[1442,1458],"class_list":["post-33905","post","type-post","status-publish","format-standard","has-post-thumbnail","hentry","drets-ciutat-diversa","drets-dret-a-la-igualtat-i-a-la-diversitat"],"acf":[],"yoast_head":"<!-- This site is optimized with the Yoast SEO plugin v27.5 - https:\/\/yoast.com\/product\/yoast-seo-wordpress\/ -->\n<title>La Sindicatura demana al Districte de Ciutat Vella un espai de di\u00e0leg amb l\u2019Associaci\u00f3 Antiga Massana en benefici de l\u2019inter\u00e8s p\u00fablic - Sindicatura de Greuges de Barcelona<\/title>\n<meta name=\"description\" content=\"La defensoria fa una crida a reflexionar sobre el termini d\u2019execuci\u00f3 del desallotjament de l&#039;antiga Escola Massana i sobre possibles...\" \/>\n<meta name=\"robots\" content=\"index, follow, max-snippet:-1, max-image-preview:large, max-video-preview:-1\" \/>\n<link rel=\"canonical\" href=\"https:\/\/www.sindicaturabarcelona.cat\/ca\/la-sindicatura-demana-al-districte-de-ciutat-vella-un-espai-de-dialeg-amb-lassociacio-antiga-massana-en-benefici-de-linteres-public\/\" \/>\n<meta property=\"og:locale\" content=\"ca_ES\" \/>\n<meta property=\"og:type\" content=\"article\" \/>\n<meta property=\"og:title\" content=\"La Sindicatura demana al Districte de Ciutat Vella un espai de di\u00e0leg amb l\u2019Associaci\u00f3 Antiga Massana en benefici de l\u2019inter\u00e8s p\u00fablic\" \/>\n<meta property=\"og:description\" content=\"La defensoria fa una crida a reflexionar sobre el termini d\u2019execuci\u00f3 del desallotjament de l&#039;antiga Escola Massana i sobre possibles alternatives.\" \/>\n<meta property=\"og:url\" content=\"https:\/\/www.sindicaturabarcelona.cat\/ca\/la-sindicatura-demana-al-districte-de-ciutat-vella-un-espai-de-dialeg-amb-lassociacio-antiga-massana-en-benefici-de-linteres-public\/\" \/>\n<meta property=\"og:site_name\" content=\"Sindicatura de Greuges de Barcelona\" \/>\n<meta property=\"article:published_time\" content=\"2024-10-18T05:30:00+00:00\" \/>\n<meta property=\"article:modified_time\" content=\"2024-10-18T05:51:38+00:00\" \/>\n<meta property=\"og:image\" content=\"https:\/\/www.sindicaturabarcelona.cat\/wp-content\/uploads\/photo_5805268640306677286_y.jpg\" \/>\n\t<meta property=\"og:image:width\" content=\"1200\" \/>\n\t<meta property=\"og:image:height\" content=\"630\" \/>\n\t<meta property=\"og:image:type\" content=\"image\/jpeg\" \/>\n<meta name=\"author\" content=\"Pablo\" \/>\n<meta name=\"twitter:card\" content=\"summary_large_image\" \/>\n<meta name=\"twitter:creator\" content=\"@sindicbarcelona\" \/>\n<meta name=\"twitter:site\" content=\"@sindicbarcelona\" \/>\n<meta name=\"twitter:label1\" content=\"Escrit per\" \/>\n\t<meta name=\"twitter:data1\" content=\"Pablo\" \/>\n\t<meta name=\"twitter:label2\" content=\"Temps estimat de lectura\" \/>\n\t<meta name=\"twitter:data2\" content=\"3 minuts\" \/>\n<script type=\"application\/ld+json\" class=\"yoast-schema-graph\">{\"@context\":\"https:\\\/\\\/schema.org\",\"@graph\":[{\"@type\":\"Article\",\"@id\":\"https:\\\/\\\/www.sindicaturabarcelona.cat\\\/ca\\\/la-sindicatura-demana-al-districte-de-ciutat-vella-un-espai-de-dialeg-amb-lassociacio-antiga-massana-en-benefici-de-linteres-public\\\/#article\",\"isPartOf\":{\"@id\":\"https:\\\/\\\/www.sindicaturabarcelona.cat\\\/ca\\\/la-sindicatura-demana-al-districte-de-ciutat-vella-un-espai-de-dialeg-amb-lassociacio-antiga-massana-en-benefici-de-linteres-public\\\/\"},\"author\":{\"name\":\"Pablo\",\"@id\":\"https:\\\/\\\/www.sindicaturabarcelona.cat\\\/ca\\\/#\\\/schema\\\/person\\\/0e5acffc350ffdbc97578159322c9452\"},\"headline\":\"La Sindicatura demana al Districte de Ciutat Vella un espai de di\u00e0leg amb l\u2019Associaci\u00f3 Antiga Massana en benefici de l\u2019inter\u00e8s p\u00fablic\",\"datePublished\":\"2024-10-18T05:30:00+00:00\",\"dateModified\":\"2024-10-18T05:51:38+00:00\",\"mainEntityOfPage\":{\"@id\":\"https:\\\/\\\/www.sindicaturabarcelona.cat\\\/ca\\\/la-sindicatura-demana-al-districte-de-ciutat-vella-un-espai-de-dialeg-amb-lassociacio-antiga-massana-en-benefici-de-linteres-public\\\/\"},\"wordCount\":523,\"publisher\":{\"@id\":\"https:\\\/\\\/www.sindicaturabarcelona.cat\\\/ca\\\/#organization\"},\"image\":{\"@id\":\"https:\\\/\\\/www.sindicaturabarcelona.cat\\\/ca\\\/la-sindicatura-demana-al-districte-de-ciutat-vella-un-espai-de-dialeg-amb-lassociacio-antiga-massana-en-benefici-de-linteres-public\\\/#primaryimage\"},\"thumbnailUrl\":\"https:\\\/\\\/www.sindicaturabarcelona.cat\\\/wp-content\\\/uploads\\\/Antiga-Massana.jpg\",\"inLanguage\":\"ca\"},{\"@type\":\"WebPage\",\"@id\":\"https:\\\/\\\/www.sindicaturabarcelona.cat\\\/ca\\\/la-sindicatura-demana-al-districte-de-ciutat-vella-un-espai-de-dialeg-amb-lassociacio-antiga-massana-en-benefici-de-linteres-public\\\/\",\"url\":\"https:\\\/\\\/www.sindicaturabarcelona.cat\\\/ca\\\/la-sindicatura-demana-al-districte-de-ciutat-vella-un-espai-de-dialeg-amb-lassociacio-antiga-massana-en-benefici-de-linteres-public\\\/\",\"name\":\"La Sindicatura demana al Districte de Ciutat Vella un espai de di\u00e0leg amb l\u2019Associaci\u00f3 Antiga Massana en benefici de l\u2019inter\u00e8s p\u00fablic - Sindicatura de Greuges de Barcelona\",\"isPartOf\":{\"@id\":\"https:\\\/\\\/www.sindicaturabarcelona.cat\\\/ca\\\/#website\"},\"primaryImageOfPage\":{\"@id\":\"https:\\\/\\\/www.sindicaturabarcelona.cat\\\/ca\\\/la-sindicatura-demana-al-districte-de-ciutat-vella-un-espai-de-dialeg-amb-lassociacio-antiga-massana-en-benefici-de-linteres-public\\\/#primaryimage\"},\"image\":{\"@id\":\"https:\\\/\\\/www.sindicaturabarcelona.cat\\\/ca\\\/la-sindicatura-demana-al-districte-de-ciutat-vella-un-espai-de-dialeg-amb-lassociacio-antiga-massana-en-benefici-de-linteres-public\\\/#primaryimage\"},\"thumbnailUrl\":\"https:\\\/\\\/www.sindicaturabarcelona.cat\\\/wp-content\\\/uploads\\\/Antiga-Massana.jpg\",\"datePublished\":\"2024-10-18T05:30:00+00:00\",\"dateModified\":\"2024-10-18T05:51:38+00:00\",\"description\":\"La defensoria fa una crida a reflexionar sobre el termini d\u2019execuci\u00f3 del desallotjament de l'antiga Escola Massana i sobre possibles...\",\"breadcrumb\":{\"@id\":\"https:\\\/\\\/www.sindicaturabarcelona.cat\\\/ca\\\/la-sindicatura-demana-al-districte-de-ciutat-vella-un-espai-de-dialeg-amb-lassociacio-antiga-massana-en-benefici-de-linteres-public\\\/#breadcrumb\"},\"inLanguage\":\"ca\",\"potentialAction\":[{\"@type\":\"ReadAction\",\"target\":[\"https:\\\/\\\/www.sindicaturabarcelona.cat\\\/ca\\\/la-sindicatura-demana-al-districte-de-ciutat-vella-un-espai-de-dialeg-amb-lassociacio-antiga-massana-en-benefici-de-linteres-public\\\/\"]}]},{\"@type\":\"ImageObject\",\"inLanguage\":\"ca\",\"@id\":\"https:\\\/\\\/www.sindicaturabarcelona.cat\\\/ca\\\/la-sindicatura-demana-al-districte-de-ciutat-vella-un-espai-de-dialeg-amb-lassociacio-antiga-massana-en-benefici-de-linteres-public\\\/#primaryimage\",\"url\":\"https:\\\/\\\/www.sindicaturabarcelona.cat\\\/wp-content\\\/uploads\\\/Antiga-Massana.jpg\",\"contentUrl\":\"https:\\\/\\\/www.sindicaturabarcelona.cat\\\/wp-content\\\/uploads\\\/Antiga-Massana.jpg\",\"width\":1119,\"height\":735},{\"@type\":\"BreadcrumbList\",\"@id\":\"https:\\\/\\\/www.sindicaturabarcelona.cat\\\/ca\\\/la-sindicatura-demana-al-districte-de-ciutat-vella-un-espai-de-dialeg-amb-lassociacio-antiga-massana-en-benefici-de-linteres-public\\\/#breadcrumb\",\"itemListElement\":[{\"@type\":\"ListItem\",\"position\":1,\"name\":\"Inici\",\"item\":\"https:\\\/\\\/www.sindicaturabarcelona.cat\\\/ca\\\/\"},{\"@type\":\"ListItem\",\"position\":2,\"name\":\"La Sindicatura demana al Districte de Ciutat Vella un espai de di\u00e0leg amb l\u2019Associaci\u00f3 Antiga Massana en benefici de l\u2019inter\u00e8s p\u00fablic\"}]},{\"@type\":\"WebSite\",\"@id\":\"https:\\\/\\\/www.sindicaturabarcelona.cat\\\/ca\\\/#website\",\"url\":\"https:\\\/\\\/www.sindicaturabarcelona.cat\\\/ca\\\/\",\"name\":\"Sindicatura de Greuges de Barcelona\",\"description\":\"La defensoria dels teus drets\",\"publisher\":{\"@id\":\"https:\\\/\\\/www.sindicaturabarcelona.cat\\\/ca\\\/#organization\"},\"potentialAction\":[{\"@type\":\"SearchAction\",\"target\":{\"@type\":\"EntryPoint\",\"urlTemplate\":\"https:\\\/\\\/www.sindicaturabarcelona.cat\\\/ca\\\/?s={search_term_string}\"},\"query-input\":{\"@type\":\"PropertyValueSpecification\",\"valueRequired\":true,\"valueName\":\"search_term_string\"}}],\"inLanguage\":\"ca\"},{\"@type\":\"Organization\",\"@id\":\"https:\\\/\\\/www.sindicaturabarcelona.cat\\\/ca\\\/#organization\",\"name\":\"Sindicatura de Greuges de Barcelona\",\"url\":\"https:\\\/\\\/www.sindicaturabarcelona.cat\\\/ca\\\/\",\"logo\":{\"@type\":\"ImageObject\",\"inLanguage\":\"ca\",\"@id\":\"https:\\\/\\\/www.sindicaturabarcelona.cat\\\/ca\\\/#\\\/schema\\\/logo\\\/image\\\/\",\"url\":\"https:\\\/\\\/www.sindicaturabarcelona.cat\\\/wp-content\\\/uploads\\\/2023\\\/02\\\/logo_sindicatura.svg\",\"contentUrl\":\"https:\\\/\\\/www.sindicaturabarcelona.cat\\\/wp-content\\\/uploads\\\/2023\\\/02\\\/logo_sindicatura.svg\",\"caption\":\"Sindicatura de Greuges de Barcelona\"},\"image\":{\"@id\":\"https:\\\/\\\/www.sindicaturabarcelona.cat\\\/ca\\\/#\\\/schema\\\/logo\\\/image\\\/\"},\"sameAs\":[\"https:\\\/\\\/x.com\\\/sindicbarcelona\",\"https:\\\/\\\/www.instagram.com\\\/sindicbarcelona\\\/\",\"https:\\\/\\\/www.tiktok.com\\\/@sindicaturabcn\",\"https:\\\/\\\/t.me\\\/sindicaturabarcelona\"]},{\"@type\":\"Person\",\"@id\":\"https:\\\/\\\/www.sindicaturabarcelona.cat\\\/ca\\\/#\\\/schema\\\/person\\\/0e5acffc350ffdbc97578159322c9452\",\"name\":\"Pablo\",\"image\":{\"@type\":\"ImageObject\",\"inLanguage\":\"ca\",\"@id\":\"https:\\\/\\\/secure.gravatar.com\\\/avatar\\\/c948169b402ef9492afde705c3dfd5e90e1a6a84ef6840a91124f805a25a480f?s=96&d=mm&r=g\",\"url\":\"https:\\\/\\\/secure.gravatar.com\\\/avatar\\\/c948169b402ef9492afde705c3dfd5e90e1a6a84ef6840a91124f805a25a480f?s=96&d=mm&r=g\",\"contentUrl\":\"https:\\\/\\\/secure.gravatar.com\\\/avatar\\\/c948169b402ef9492afde705c3dfd5e90e1a6a84ef6840a91124f805a25a480f?s=96&d=mm&r=g\",\"caption\":\"Pablo\"},\"url\":\"https:\\\/\\\/www.sindicaturabarcelona.cat\\\/ca\\\/author\\\/pablo\\\/\"}]}<\/script>\n<!-- \/ Yoast SEO plugin. -->","yoast_head_json":{"title":"La Sindicatura demana al Districte de Ciutat Vella un espai de di\u00e0leg amb l\u2019Associaci\u00f3 Antiga Massana en benefici de l\u2019inter\u00e8s p\u00fablic - Sindicatura de Greuges de Barcelona","description":"La defensoria fa una crida a reflexionar sobre el termini d\u2019execuci\u00f3 del desallotjament de l'antiga Escola Massana i sobre possibles...","robots":{"index":"index","follow":"follow","max-snippet":"max-snippet:-1","max-image-preview":"max-image-preview:large","max-video-preview":"max-video-preview:-1"},"canonical":"https:\/\/www.sindicaturabarcelona.cat\/ca\/la-sindicatura-demana-al-districte-de-ciutat-vella-un-espai-de-dialeg-amb-lassociacio-antiga-massana-en-benefici-de-linteres-public\/","og_locale":"ca_ES","og_type":"article","og_title":"La Sindicatura demana al Districte de Ciutat Vella un espai de di\u00e0leg amb l\u2019Associaci\u00f3 Antiga Massana en benefici de l\u2019inter\u00e8s p\u00fablic","og_description":"La defensoria fa una crida a reflexionar sobre el termini d\u2019execuci\u00f3 del desallotjament de l'antiga Escola Massana i sobre possibles alternatives.","og_url":"https:\/\/www.sindicaturabarcelona.cat\/ca\/la-sindicatura-demana-al-districte-de-ciutat-vella-un-espai-de-dialeg-amb-lassociacio-antiga-massana-en-benefici-de-linteres-public\/","og_site_name":"Sindicatura de Greuges de Barcelona","article_published_time":"2024-10-18T05:30:00+00:00","article_modified_time":"2024-10-18T05:51:38+00:00","og_image":[{"width":1200,"height":630,"url":"https:\/\/www.sindicaturabarcelona.cat\/wp-content\/uploads\/photo_5805268640306677286_y.jpg","type":"image\/jpeg"}],"author":"Pablo","twitter_card":"summary_large_image","twitter_creator":"@sindicbarcelona","twitter_site":"@sindicbarcelona","twitter_misc":{"Escrit per":"Pablo","Temps estimat de lectura":"3 minuts"},"schema":{"@context":"https:\/\/schema.org","@graph":[{"@type":"Article","@id":"https:\/\/www.sindicaturabarcelona.cat\/ca\/la-sindicatura-demana-al-districte-de-ciutat-vella-un-espai-de-dialeg-amb-lassociacio-antiga-massana-en-benefici-de-linteres-public\/#article","isPartOf":{"@id":"https:\/\/www.sindicaturabarcelona.cat\/ca\/la-sindicatura-demana-al-districte-de-ciutat-vella-un-espai-de-dialeg-amb-lassociacio-antiga-massana-en-benefici-de-linteres-public\/"},"author":{"name":"Pablo","@id":"https:\/\/www.sindicaturabarcelona.cat\/ca\/#\/schema\/person\/0e5acffc350ffdbc97578159322c9452"},"headline":"La Sindicatura demana al Districte de Ciutat Vella un espai de di\u00e0leg amb l\u2019Associaci\u00f3 Antiga Massana en benefici de l\u2019inter\u00e8s p\u00fablic","datePublished":"2024-10-18T05:30:00+00:00","dateModified":"2024-10-18T05:51:38+00:00","mainEntityOfPage":{"@id":"https:\/\/www.sindicaturabarcelona.cat\/ca\/la-sindicatura-demana-al-districte-de-ciutat-vella-un-espai-de-dialeg-amb-lassociacio-antiga-massana-en-benefici-de-linteres-public\/"},"wordCount":523,"publisher":{"@id":"https:\/\/www.sindicaturabarcelona.cat\/ca\/#organization"},"image":{"@id":"https:\/\/www.sindicaturabarcelona.cat\/ca\/la-sindicatura-demana-al-districte-de-ciutat-vella-un-espai-de-dialeg-amb-lassociacio-antiga-massana-en-benefici-de-linteres-public\/#primaryimage"},"thumbnailUrl":"https:\/\/www.sindicaturabarcelona.cat\/wp-content\/uploads\/Antiga-Massana.jpg","inLanguage":"ca"},{"@type":"WebPage","@id":"https:\/\/www.sindicaturabarcelona.cat\/ca\/la-sindicatura-demana-al-districte-de-ciutat-vella-un-espai-de-dialeg-amb-lassociacio-antiga-massana-en-benefici-de-linteres-public\/","url":"https:\/\/www.sindicaturabarcelona.cat\/ca\/la-sindicatura-demana-al-districte-de-ciutat-vella-un-espai-de-dialeg-amb-lassociacio-antiga-massana-en-benefici-de-linteres-public\/","name":"La Sindicatura demana al Districte de Ciutat Vella un espai de di\u00e0leg amb l\u2019Associaci\u00f3 Antiga Massana en benefici de l\u2019inter\u00e8s p\u00fablic - Sindicatura de Greuges de Barcelona","isPartOf":{"@id":"https:\/\/www.sindicaturabarcelona.cat\/ca\/#website"},"primaryImageOfPage":{"@id":"https:\/\/www.sindicaturabarcelona.cat\/ca\/la-sindicatura-demana-al-districte-de-ciutat-vella-un-espai-de-dialeg-amb-lassociacio-antiga-massana-en-benefici-de-linteres-public\/#primaryimage"},"image":{"@id":"https:\/\/www.sindicaturabarcelona.cat\/ca\/la-sindicatura-demana-al-districte-de-ciutat-vella-un-espai-de-dialeg-amb-lassociacio-antiga-massana-en-benefici-de-linteres-public\/#primaryimage"},"thumbnailUrl":"https:\/\/www.sindicaturabarcelona.cat\/wp-content\/uploads\/Antiga-Massana.jpg","datePublished":"2024-10-18T05:30:00+00:00","dateModified":"2024-10-18T05:51:38+00:00","description":"La defensoria fa una crida a reflexionar sobre el termini d\u2019execuci\u00f3 del desallotjament de l'antiga Escola Massana i sobre possibles...","breadcrumb":{"@id":"https:\/\/www.sindicaturabarcelona.cat\/ca\/la-sindicatura-demana-al-districte-de-ciutat-vella-un-espai-de-dialeg-amb-lassociacio-antiga-massana-en-benefici-de-linteres-public\/#breadcrumb"},"inLanguage":"ca","potentialAction":[{"@type":"ReadAction","target":["https:\/\/www.sindicaturabarcelona.cat\/ca\/la-sindicatura-demana-al-districte-de-ciutat-vella-un-espai-de-dialeg-amb-lassociacio-antiga-massana-en-benefici-de-linteres-public\/"]}]},{"@type":"ImageObject","inLanguage":"ca","@id":"https:\/\/www.sindicaturabarcelona.cat\/ca\/la-sindicatura-demana-al-districte-de-ciutat-vella-un-espai-de-dialeg-amb-lassociacio-antiga-massana-en-benefici-de-linteres-public\/#primaryimage","url":"https:\/\/www.sindicaturabarcelona.cat\/wp-content\/uploads\/Antiga-Massana.jpg","contentUrl":"https:\/\/www.sindicaturabarcelona.cat\/wp-content\/uploads\/Antiga-Massana.jpg","width":1119,"height":735},{"@type":"BreadcrumbList","@id":"https:\/\/www.sindicaturabarcelona.cat\/ca\/la-sindicatura-demana-al-districte-de-ciutat-vella-un-espai-de-dialeg-amb-lassociacio-antiga-massana-en-benefici-de-linteres-public\/#breadcrumb","itemListElement":[{"@type":"ListItem","position":1,"name":"Inici","item":"https:\/\/www.sindicaturabarcelona.cat\/ca\/"},{"@type":"ListItem","position":2,"name":"La Sindicatura demana al Districte de Ciutat Vella un espai de di\u00e0leg amb l\u2019Associaci\u00f3 Antiga Massana en benefici de l\u2019inter\u00e8s p\u00fablic"}]},{"@type":"WebSite","@id":"https:\/\/www.sindicaturabarcelona.cat\/ca\/#website","url":"https:\/\/www.sindicaturabarcelona.cat\/ca\/","name":"Sindicatura de Greuges de Barcelona","description":"La defensoria dels teus drets","publisher":{"@id":"https:\/\/www.sindicaturabarcelona.cat\/ca\/#organization"},"potentialAction":[{"@type":"SearchAction","target":{"@type":"EntryPoint","urlTemplate":"https:\/\/www.sindicaturabarcelona.cat\/ca\/?s={search_term_string}"},"query-input":{"@type":"PropertyValueSpecification","valueRequired":true,"valueName":"search_term_string"}}],"inLanguage":"ca"},{"@type":"Organization","@id":"https:\/\/www.sindicaturabarcelona.cat\/ca\/#organization","name":"Sindicatura de Greuges de Barcelona","url":"https:\/\/www.sindicaturabarcelona.cat\/ca\/","logo":{"@type":"ImageObject","inLanguage":"ca","@id":"https:\/\/www.sindicaturabarcelona.cat\/ca\/#\/schema\/logo\/image\/","url":"https:\/\/www.sindicaturabarcelona.cat\/wp-content\/uploads\/2023\/02\/logo_sindicatura.svg","contentUrl":"https:\/\/www.sindicaturabarcelona.cat\/wp-content\/uploads\/2023\/02\/logo_sindicatura.svg","caption":"Sindicatura de Greuges de Barcelona"},"image":{"@id":"https:\/\/www.sindicaturabarcelona.cat\/ca\/#\/schema\/logo\/image\/"},"sameAs":["https:\/\/x.com\/sindicbarcelona","https:\/\/www.instagram.com\/sindicbarcelona\/","https:\/\/www.tiktok.com\/@sindicaturabcn","https:\/\/t.me\/sindicaturabarcelona"]},{"@type":"Person","@id":"https:\/\/www.sindicaturabarcelona.cat\/ca\/#\/schema\/person\/0e5acffc350ffdbc97578159322c9452","name":"Pablo","image":{"@type":"ImageObject","inLanguage":"ca","@id":"https:\/\/secure.gravatar.com\/avatar\/c948169b402ef9492afde705c3dfd5e90e1a6a84ef6840a91124f805a25a480f?s=96&d=mm&r=g","url":"https:\/\/secure.gravatar.com\/avatar\/c948169b402ef9492afde705c3dfd5e90e1a6a84ef6840a91124f805a25a480f?s=96&d=mm&r=g","contentUrl":"https:\/\/secure.gravatar.com\/avatar\/c948169b402ef9492afde705c3dfd5e90e1a6a84ef6840a91124f805a25a480f?s=96&d=mm&r=g","caption":"Pablo"},"url":"https:\/\/www.sindicaturabarcelona.cat\/ca\/author\/pablo\/"}]}},"_links":{"self":[{"href":"https:\/\/www.sindicaturabarcelona.cat\/ca\/wp-json\/wp\/v2\/posts\/33905","targetHints":{"allow":["GET"]}}],"collection":[{"href":"https:\/\/www.sindicaturabarcelona.cat\/ca\/wp-json\/wp\/v2\/posts"}],"about":[{"href":"https:\/\/www.sindicaturabarcelona.cat\/ca\/wp-json\/wp\/v2\/types\/post"}],"author":[{"embeddable":true,"href":"https:\/\/www.sindicaturabarcelona.cat\/ca\/wp-json\/wp\/v2\/users\/2"}],"replies":[{"embeddable":true,"href":"https:\/\/www.sindicaturabarcelona.cat\/ca\/wp-json\/wp\/v2\/comments?post=33905"}],"version-history":[{"count":3,"href":"https:\/\/www.sindicaturabarcelona.cat\/ca\/wp-json\/wp\/v2\/posts\/33905\/revisions"}],"predecessor-version":[{"id":33910,"href":"https:\/\/www.sindicaturabarcelona.cat\/ca\/wp-json\/wp\/v2\/posts\/33905\/revisions\/33910"}],"wp:featuredmedia":[{"embeddable":true,"href":"https:\/\/www.sindicaturabarcelona.cat\/ca\/wp-json\/wp\/v2\/media\/33898"}],"wp:attachment":[{"href":"https:\/\/www.sindicaturabarcelona.cat\/ca\/wp-json\/wp\/v2\/media?parent=33905"}],"wp:term":[{"taxonomy":"post_tag","embeddable":true,"href":"https:\/\/www.sindicaturabarcelona.cat\/ca\/wp-json\/wp\/v2\/tags?post=33905"},{"taxonomy":"drets","embeddable":true,"href":"https:\/\/www.sindicaturabarcelona.cat\/ca\/wp-json\/wp\/v2\/drets?post=33905"}],"curies":[{"name":"wp","href":"https:\/\/api.w.org\/{rel}","templated":true}]}}