{"id":33873,"date":"2024-10-16T20:28:06","date_gmt":"2024-10-16T18:28:06","guid":{"rendered":"https:\/\/www.sindicaturabarcelona.cat\/?p=33873"},"modified":"2024-10-16T21:09:51","modified_gmt":"2024-10-16T19:09:51","slug":"la-tasca-de-la-sindicatura-de-greuges-de-barcelona-guardonada-a-la-diada-de-la-guardia-urbana-2024","status":"publish","type":"post","link":"https:\/\/www.sindicaturabarcelona.cat\/ca\/la-tasca-de-la-sindicatura-de-greuges-de-barcelona-guardonada-a-la-diada-de-la-guardia-urbana-2024\/","title":{"rendered":"La tasca de la Sindicatura de Greuges de Barcelona, guardonada a la Diada de la Gu\u00e0rdia Urbana 2024"},"content":{"rendered":"\n<h2 class=\"wp-block-heading\"><strong>Els dos reconeixements de la Gu\u00e0rdia Urbana han estat per Maria Assumpci\u00f3 Vil\u00e0, s\u00edndica de greuges de Barcelona entre els anys 2010 i 2021, i Francesca Reyes, assessora de la Sindicatura en temes de seguretat i prevenci\u00f3 des de 2005.<\/strong><\/h2>\n\n\n\n<p><strong>Barcelona, 16 d\u2019octubre de 2024 \u2013 En el marc de la Diada de la Gu\u00e0rdia Urbana 2024, <\/strong>la Sindicatura de Greuges de Barcelona ha estat guardonada amb <strong>dues medalles d\u2019honor al m\u00e8rit per la tasca i col\u00b7laboraci\u00f3 de la defensoria amb la Gu\u00e0rdia Urbana.<\/strong><\/p>\n\n\n\n<p>A l\u2019edici\u00f3 d\u2019enguany, celebrada el dimecres 16 d\u2019octubre a l\u2019Auditori F\u00f2rum del CCIB, <strong>els dos reconeixements han estat per Maria Assumpci\u00f3 Vil\u00e0, s\u00edndica de greuges de Barcelona entre els anys 2010 i 2021, i Francesca Reyes, assessora de la Sindicatura en temes de seguretat i prevenci\u00f3 des de 2005.<\/strong><\/p>\n\n\n\n<p>Barcelona es defineix, es configura i es caracteritza per ser un territori d\u2019acollida, un lloc de conviv\u00e8ncia, i un espai de comunicaci\u00f3 i intercanvi d\u2019experi\u00e8ncies.<\/p>\n\n\n\n<p>En aquest context, <strong>la <a href=\"https:\/\/www.sindicaturabarcelona.cat\/ca\/\" target=\"_blank\" rel=\"noreferrer noopener\">Sindicatura de Greuges de Barcelona<\/a> considera que la Gu\u00e0rdia Urbana t\u00e9 un paper clau, no nom\u00e9s en q\u00fcestions de seguretat, sin\u00f3 tamb\u00e9 com a instituci\u00f3 que ha de mantenir l\u2019equilibri entre persones i col\u00b7lectius<\/strong> amb diferents valors que conviuen en el mateix temps i el mateix espai.<\/p>\n\n\n\n<p>Per aquests motius, <strong>hist\u00f2ricament la relaci\u00f3 entre la Sindicatura i la <a href=\"https:\/\/ajuntament.barcelona.cat\/guardiaurbana\/ca\" target=\"_blank\" rel=\"noreferrer noopener\">Gu\u00e0rdia Urbana de Barcelona <\/a>sempre s\u2019ha basat en la col\u00b7laboraci\u00f3 m\u00fatua, l\u2019anticipaci\u00f3 a les problem\u00e0tiques i la implicaci\u00f3 ferma en la resoluci\u00f3 de les situacions que originen queixes a la defensoria.<\/strong><\/p>\n\n\n\n<p><\/p>\n","protected":false},"excerpt":{"rendered":"<p>Els dos reconeixements de la Gu\u00e0rdia Urbana han estat per Maria Assumpci\u00f3 Vil\u00e0, s\u00edndica de greuges de Barcelona entre els anys 2010 i 2021, i Francesca Reyes, assessora de la [&hellip;]<\/p>\n","protected":false},"author":2,"featured_media":33881,"comment_status":"closed","ping_status":"closed","sticky":false,"template":"","format":"standard","meta":{"_acf_changed":false,"footnotes":""},"tags":[],"drets":[1440,1456,1452],"class_list":["post-33873","post","type-post","status-publish","format-standard","has-post-thumbnail","hentry","drets-ciutat-garantista","drets-dret-a-una-bona-administracio","drets-dret-a-la-seguretat-ciutadana"],"acf":[],"yoast_head":"<!-- This site is optimized with the Yoast SEO plugin v27.5 - https:\/\/yoast.com\/product\/yoast-seo-wordpress\/ -->\n<title>La tasca de la Sindicatura de Greuges de Barcelona, guardonada a la Diada de la Gu\u00e0rdia Urbana 2024<\/title>\n<meta name=\"description\" content=\"Els dos reconeixements han estat per Maria Assumpci\u00f3 Vil\u00e0, s\u00edndica entre 2010 i 2021, i Francesca Reyes, assessora de la Sindicatura.\" \/>\n<meta name=\"robots\" content=\"index, follow, max-snippet:-1, max-image-preview:large, max-video-preview:-1\" \/>\n<link rel=\"canonical\" href=\"https:\/\/www.sindicaturabarcelona.cat\/ca\/la-tasca-de-la-sindicatura-de-greuges-de-barcelona-guardonada-a-la-diada-de-la-guardia-urbana-2024\/\" \/>\n<meta property=\"og:locale\" content=\"ca_ES\" \/>\n<meta property=\"og:type\" content=\"article\" \/>\n<meta property=\"og:title\" content=\"La tasca de la Sindicatura de Greuges de Barcelona, guardonada a la Diada de la Gu\u00e0rdia Urbana 2024\" \/>\n<meta property=\"og:description\" content=\"Els dos reconeixements han estat per Maria Assumpci\u00f3 Vil\u00e0, s\u00edndica de greuges de Barcelona entre 2010 i 2021, i Francesca Reyes, assessora de seguretat i prevenci\u00f3 des de 2005.\" \/>\n<meta property=\"og:url\" content=\"https:\/\/www.sindicaturabarcelona.cat\/ca\/la-tasca-de-la-sindicatura-de-greuges-de-barcelona-guardonada-a-la-diada-de-la-guardia-urbana-2024\/\" \/>\n<meta property=\"og:site_name\" content=\"Sindicatura de Greuges de Barcelona\" \/>\n<meta property=\"article:published_time\" content=\"2024-10-16T18:28:06+00:00\" \/>\n<meta property=\"article:modified_time\" content=\"2024-10-16T19:09:51+00:00\" \/>\n<meta property=\"og:image\" content=\"https:\/\/www.sindicaturabarcelona.cat\/wp-content\/uploads\/photo_5801121553029645859_y.jpg\" \/>\n\t<meta property=\"og:image:width\" content=\"1200\" \/>\n\t<meta property=\"og:image:height\" content=\"630\" \/>\n\t<meta property=\"og:image:type\" content=\"image\/jpeg\" \/>\n<meta name=\"author\" content=\"Pablo\" \/>\n<meta name=\"twitter:card\" content=\"summary_large_image\" \/>\n<meta name=\"twitter:creator\" content=\"@sindicbarcelona\" \/>\n<meta name=\"twitter:site\" content=\"@sindicbarcelona\" \/>\n<meta name=\"twitter:label1\" content=\"Escrit per\" \/>\n\t<meta name=\"twitter:data1\" content=\"Pablo\" \/>\n\t<meta name=\"twitter:label2\" content=\"Temps estimat de lectura\" \/>\n\t<meta name=\"twitter:data2\" content=\"2 minuts\" \/>\n<script type=\"application\/ld+json\" class=\"yoast-schema-graph\">{\"@context\":\"https:\\\/\\\/schema.org\",\"@graph\":[{\"@type\":\"Article\",\"@id\":\"https:\\\/\\\/www.sindicaturabarcelona.cat\\\/ca\\\/la-tasca-de-la-sindicatura-de-greuges-de-barcelona-guardonada-a-la-diada-de-la-guardia-urbana-2024\\\/#article\",\"isPartOf\":{\"@id\":\"https:\\\/\\\/www.sindicaturabarcelona.cat\\\/ca\\\/la-tasca-de-la-sindicatura-de-greuges-de-barcelona-guardonada-a-la-diada-de-la-guardia-urbana-2024\\\/\"},\"author\":{\"name\":\"Pablo\",\"@id\":\"https:\\\/\\\/www.sindicaturabarcelona.cat\\\/ca\\\/#\\\/schema\\\/person\\\/0e5acffc350ffdbc97578159322c9452\"},\"headline\":\"La tasca de la Sindicatura de Greuges de Barcelona, guardonada a la Diada de la Gu\u00e0rdia Urbana 2024\",\"datePublished\":\"2024-10-16T18:28:06+00:00\",\"dateModified\":\"2024-10-16T19:09:51+00:00\",\"mainEntityOfPage\":{\"@id\":\"https:\\\/\\\/www.sindicaturabarcelona.cat\\\/ca\\\/la-tasca-de-la-sindicatura-de-greuges-de-barcelona-guardonada-a-la-diada-de-la-guardia-urbana-2024\\\/\"},\"wordCount\":288,\"publisher\":{\"@id\":\"https:\\\/\\\/www.sindicaturabarcelona.cat\\\/ca\\\/#organization\"},\"image\":{\"@id\":\"https:\\\/\\\/www.sindicaturabarcelona.cat\\\/ca\\\/la-tasca-de-la-sindicatura-de-greuges-de-barcelona-guardonada-a-la-diada-de-la-guardia-urbana-2024\\\/#primaryimage\"},\"thumbnailUrl\":\"https:\\\/\\\/www.sindicaturabarcelona.cat\\\/wp-content\\\/uploads\\\/Sindicatura-premiada-GUB-e1729103272971.jpeg\",\"inLanguage\":\"ca\"},{\"@type\":\"WebPage\",\"@id\":\"https:\\\/\\\/www.sindicaturabarcelona.cat\\\/ca\\\/la-tasca-de-la-sindicatura-de-greuges-de-barcelona-guardonada-a-la-diada-de-la-guardia-urbana-2024\\\/\",\"url\":\"https:\\\/\\\/www.sindicaturabarcelona.cat\\\/ca\\\/la-tasca-de-la-sindicatura-de-greuges-de-barcelona-guardonada-a-la-diada-de-la-guardia-urbana-2024\\\/\",\"name\":\"La tasca de la Sindicatura de Greuges de Barcelona, guardonada a la Diada de la Gu\u00e0rdia Urbana 2024\",\"isPartOf\":{\"@id\":\"https:\\\/\\\/www.sindicaturabarcelona.cat\\\/ca\\\/#website\"},\"primaryImageOfPage\":{\"@id\":\"https:\\\/\\\/www.sindicaturabarcelona.cat\\\/ca\\\/la-tasca-de-la-sindicatura-de-greuges-de-barcelona-guardonada-a-la-diada-de-la-guardia-urbana-2024\\\/#primaryimage\"},\"image\":{\"@id\":\"https:\\\/\\\/www.sindicaturabarcelona.cat\\\/ca\\\/la-tasca-de-la-sindicatura-de-greuges-de-barcelona-guardonada-a-la-diada-de-la-guardia-urbana-2024\\\/#primaryimage\"},\"thumbnailUrl\":\"https:\\\/\\\/www.sindicaturabarcelona.cat\\\/wp-content\\\/uploads\\\/Sindicatura-premiada-GUB-e1729103272971.jpeg\",\"datePublished\":\"2024-10-16T18:28:06+00:00\",\"dateModified\":\"2024-10-16T19:09:51+00:00\",\"description\":\"Els dos reconeixements han estat per Maria Assumpci\u00f3 Vil\u00e0, s\u00edndica entre 2010 i 2021, i Francesca Reyes, assessora de la Sindicatura.\",\"breadcrumb\":{\"@id\":\"https:\\\/\\\/www.sindicaturabarcelona.cat\\\/ca\\\/la-tasca-de-la-sindicatura-de-greuges-de-barcelona-guardonada-a-la-diada-de-la-guardia-urbana-2024\\\/#breadcrumb\"},\"inLanguage\":\"ca\",\"potentialAction\":[{\"@type\":\"ReadAction\",\"target\":[\"https:\\\/\\\/www.sindicaturabarcelona.cat\\\/ca\\\/la-tasca-de-la-sindicatura-de-greuges-de-barcelona-guardonada-a-la-diada-de-la-guardia-urbana-2024\\\/\"]}]},{\"@type\":\"ImageObject\",\"inLanguage\":\"ca\",\"@id\":\"https:\\\/\\\/www.sindicaturabarcelona.cat\\\/ca\\\/la-tasca-de-la-sindicatura-de-greuges-de-barcelona-guardonada-a-la-diada-de-la-guardia-urbana-2024\\\/#primaryimage\",\"url\":\"https:\\\/\\\/www.sindicaturabarcelona.cat\\\/wp-content\\\/uploads\\\/Sindicatura-premiada-GUB-e1729103272971.jpeg\",\"contentUrl\":\"https:\\\/\\\/www.sindicaturabarcelona.cat\\\/wp-content\\\/uploads\\\/Sindicatura-premiada-GUB-e1729103272971.jpeg\",\"width\":1200,\"height\":944},{\"@type\":\"BreadcrumbList\",\"@id\":\"https:\\\/\\\/www.sindicaturabarcelona.cat\\\/ca\\\/la-tasca-de-la-sindicatura-de-greuges-de-barcelona-guardonada-a-la-diada-de-la-guardia-urbana-2024\\\/#breadcrumb\",\"itemListElement\":[{\"@type\":\"ListItem\",\"position\":1,\"name\":\"Inici\",\"item\":\"https:\\\/\\\/www.sindicaturabarcelona.cat\\\/ca\\\/\"},{\"@type\":\"ListItem\",\"position\":2,\"name\":\"La tasca de la Sindicatura de Greuges de Barcelona, guardonada a la Diada de la Gu\u00e0rdia Urbana 2024\"}]},{\"@type\":\"WebSite\",\"@id\":\"https:\\\/\\\/www.sindicaturabarcelona.cat\\\/ca\\\/#website\",\"url\":\"https:\\\/\\\/www.sindicaturabarcelona.cat\\\/ca\\\/\",\"name\":\"Sindicatura de Greuges de Barcelona\",\"description\":\"La defensoria dels teus drets\",\"publisher\":{\"@id\":\"https:\\\/\\\/www.sindicaturabarcelona.cat\\\/ca\\\/#organization\"},\"potentialAction\":[{\"@type\":\"SearchAction\",\"target\":{\"@type\":\"EntryPoint\",\"urlTemplate\":\"https:\\\/\\\/www.sindicaturabarcelona.cat\\\/ca\\\/?s={search_term_string}\"},\"query-input\":{\"@type\":\"PropertyValueSpecification\",\"valueRequired\":true,\"valueName\":\"search_term_string\"}}],\"inLanguage\":\"ca\"},{\"@type\":\"Organization\",\"@id\":\"https:\\\/\\\/www.sindicaturabarcelona.cat\\\/ca\\\/#organization\",\"name\":\"Sindicatura de Greuges de Barcelona\",\"url\":\"https:\\\/\\\/www.sindicaturabarcelona.cat\\\/ca\\\/\",\"logo\":{\"@type\":\"ImageObject\",\"inLanguage\":\"ca\",\"@id\":\"https:\\\/\\\/www.sindicaturabarcelona.cat\\\/ca\\\/#\\\/schema\\\/logo\\\/image\\\/\",\"url\":\"https:\\\/\\\/www.sindicaturabarcelona.cat\\\/wp-content\\\/uploads\\\/2023\\\/02\\\/logo_sindicatura.svg\",\"contentUrl\":\"https:\\\/\\\/www.sindicaturabarcelona.cat\\\/wp-content\\\/uploads\\\/2023\\\/02\\\/logo_sindicatura.svg\",\"caption\":\"Sindicatura de Greuges de Barcelona\"},\"image\":{\"@id\":\"https:\\\/\\\/www.sindicaturabarcelona.cat\\\/ca\\\/#\\\/schema\\\/logo\\\/image\\\/\"},\"sameAs\":[\"https:\\\/\\\/x.com\\\/sindicbarcelona\",\"https:\\\/\\\/www.instagram.com\\\/sindicbarcelona\\\/\",\"https:\\\/\\\/www.tiktok.com\\\/@sindicaturabcn\",\"https:\\\/\\\/t.me\\\/sindicaturabarcelona\"]},{\"@type\":\"Person\",\"@id\":\"https:\\\/\\\/www.sindicaturabarcelona.cat\\\/ca\\\/#\\\/schema\\\/person\\\/0e5acffc350ffdbc97578159322c9452\",\"name\":\"Pablo\",\"image\":{\"@type\":\"ImageObject\",\"inLanguage\":\"ca\",\"@id\":\"https:\\\/\\\/secure.gravatar.com\\\/avatar\\\/c948169b402ef9492afde705c3dfd5e90e1a6a84ef6840a91124f805a25a480f?s=96&d=mm&r=g\",\"url\":\"https:\\\/\\\/secure.gravatar.com\\\/avatar\\\/c948169b402ef9492afde705c3dfd5e90e1a6a84ef6840a91124f805a25a480f?s=96&d=mm&r=g\",\"contentUrl\":\"https:\\\/\\\/secure.gravatar.com\\\/avatar\\\/c948169b402ef9492afde705c3dfd5e90e1a6a84ef6840a91124f805a25a480f?s=96&d=mm&r=g\",\"caption\":\"Pablo\"},\"url\":\"https:\\\/\\\/www.sindicaturabarcelona.cat\\\/ca\\\/author\\\/pablo\\\/\"}]}<\/script>\n<!-- \/ Yoast SEO plugin. -->","yoast_head_json":{"title":"La tasca de la Sindicatura de Greuges de Barcelona, guardonada a la Diada de la Gu\u00e0rdia Urbana 2024","description":"Els dos reconeixements han estat per Maria Assumpci\u00f3 Vil\u00e0, s\u00edndica entre 2010 i 2021, i Francesca Reyes, assessora de la Sindicatura.","robots":{"index":"index","follow":"follow","max-snippet":"max-snippet:-1","max-image-preview":"max-image-preview:large","max-video-preview":"max-video-preview:-1"},"canonical":"https:\/\/www.sindicaturabarcelona.cat\/ca\/la-tasca-de-la-sindicatura-de-greuges-de-barcelona-guardonada-a-la-diada-de-la-guardia-urbana-2024\/","og_locale":"ca_ES","og_type":"article","og_title":"La tasca de la Sindicatura de Greuges de Barcelona, guardonada a la Diada de la Gu\u00e0rdia Urbana 2024","og_description":"Els dos reconeixements han estat per Maria Assumpci\u00f3 Vil\u00e0, s\u00edndica de greuges de Barcelona entre 2010 i 2021, i Francesca Reyes, assessora de seguretat i prevenci\u00f3 des de 2005.","og_url":"https:\/\/www.sindicaturabarcelona.cat\/ca\/la-tasca-de-la-sindicatura-de-greuges-de-barcelona-guardonada-a-la-diada-de-la-guardia-urbana-2024\/","og_site_name":"Sindicatura de Greuges de Barcelona","article_published_time":"2024-10-16T18:28:06+00:00","article_modified_time":"2024-10-16T19:09:51+00:00","og_image":[{"width":1200,"height":630,"url":"https:\/\/www.sindicaturabarcelona.cat\/wp-content\/uploads\/photo_5801121553029645859_y.jpg","type":"image\/jpeg"}],"author":"Pablo","twitter_card":"summary_large_image","twitter_creator":"@sindicbarcelona","twitter_site":"@sindicbarcelona","twitter_misc":{"Escrit per":"Pablo","Temps estimat de lectura":"2 minuts"},"schema":{"@context":"https:\/\/schema.org","@graph":[{"@type":"Article","@id":"https:\/\/www.sindicaturabarcelona.cat\/ca\/la-tasca-de-la-sindicatura-de-greuges-de-barcelona-guardonada-a-la-diada-de-la-guardia-urbana-2024\/#article","isPartOf":{"@id":"https:\/\/www.sindicaturabarcelona.cat\/ca\/la-tasca-de-la-sindicatura-de-greuges-de-barcelona-guardonada-a-la-diada-de-la-guardia-urbana-2024\/"},"author":{"name":"Pablo","@id":"https:\/\/www.sindicaturabarcelona.cat\/ca\/#\/schema\/person\/0e5acffc350ffdbc97578159322c9452"},"headline":"La tasca de la Sindicatura de Greuges de Barcelona, guardonada a la Diada de la Gu\u00e0rdia Urbana 2024","datePublished":"2024-10-16T18:28:06+00:00","dateModified":"2024-10-16T19:09:51+00:00","mainEntityOfPage":{"@id":"https:\/\/www.sindicaturabarcelona.cat\/ca\/la-tasca-de-la-sindicatura-de-greuges-de-barcelona-guardonada-a-la-diada-de-la-guardia-urbana-2024\/"},"wordCount":288,"publisher":{"@id":"https:\/\/www.sindicaturabarcelona.cat\/ca\/#organization"},"image":{"@id":"https:\/\/www.sindicaturabarcelona.cat\/ca\/la-tasca-de-la-sindicatura-de-greuges-de-barcelona-guardonada-a-la-diada-de-la-guardia-urbana-2024\/#primaryimage"},"thumbnailUrl":"https:\/\/www.sindicaturabarcelona.cat\/wp-content\/uploads\/Sindicatura-premiada-GUB-e1729103272971.jpeg","inLanguage":"ca"},{"@type":"WebPage","@id":"https:\/\/www.sindicaturabarcelona.cat\/ca\/la-tasca-de-la-sindicatura-de-greuges-de-barcelona-guardonada-a-la-diada-de-la-guardia-urbana-2024\/","url":"https:\/\/www.sindicaturabarcelona.cat\/ca\/la-tasca-de-la-sindicatura-de-greuges-de-barcelona-guardonada-a-la-diada-de-la-guardia-urbana-2024\/","name":"La tasca de la Sindicatura de Greuges de Barcelona, guardonada a la Diada de la Gu\u00e0rdia Urbana 2024","isPartOf":{"@id":"https:\/\/www.sindicaturabarcelona.cat\/ca\/#website"},"primaryImageOfPage":{"@id":"https:\/\/www.sindicaturabarcelona.cat\/ca\/la-tasca-de-la-sindicatura-de-greuges-de-barcelona-guardonada-a-la-diada-de-la-guardia-urbana-2024\/#primaryimage"},"image":{"@id":"https:\/\/www.sindicaturabarcelona.cat\/ca\/la-tasca-de-la-sindicatura-de-greuges-de-barcelona-guardonada-a-la-diada-de-la-guardia-urbana-2024\/#primaryimage"},"thumbnailUrl":"https:\/\/www.sindicaturabarcelona.cat\/wp-content\/uploads\/Sindicatura-premiada-GUB-e1729103272971.jpeg","datePublished":"2024-10-16T18:28:06+00:00","dateModified":"2024-10-16T19:09:51+00:00","description":"Els dos reconeixements han estat per Maria Assumpci\u00f3 Vil\u00e0, s\u00edndica entre 2010 i 2021, i Francesca Reyes, assessora de la Sindicatura.","breadcrumb":{"@id":"https:\/\/www.sindicaturabarcelona.cat\/ca\/la-tasca-de-la-sindicatura-de-greuges-de-barcelona-guardonada-a-la-diada-de-la-guardia-urbana-2024\/#breadcrumb"},"inLanguage":"ca","potentialAction":[{"@type":"ReadAction","target":["https:\/\/www.sindicaturabarcelona.cat\/ca\/la-tasca-de-la-sindicatura-de-greuges-de-barcelona-guardonada-a-la-diada-de-la-guardia-urbana-2024\/"]}]},{"@type":"ImageObject","inLanguage":"ca","@id":"https:\/\/www.sindicaturabarcelona.cat\/ca\/la-tasca-de-la-sindicatura-de-greuges-de-barcelona-guardonada-a-la-diada-de-la-guardia-urbana-2024\/#primaryimage","url":"https:\/\/www.sindicaturabarcelona.cat\/wp-content\/uploads\/Sindicatura-premiada-GUB-e1729103272971.jpeg","contentUrl":"https:\/\/www.sindicaturabarcelona.cat\/wp-content\/uploads\/Sindicatura-premiada-GUB-e1729103272971.jpeg","width":1200,"height":944},{"@type":"BreadcrumbList","@id":"https:\/\/www.sindicaturabarcelona.cat\/ca\/la-tasca-de-la-sindicatura-de-greuges-de-barcelona-guardonada-a-la-diada-de-la-guardia-urbana-2024\/#breadcrumb","itemListElement":[{"@type":"ListItem","position":1,"name":"Inici","item":"https:\/\/www.sindicaturabarcelona.cat\/ca\/"},{"@type":"ListItem","position":2,"name":"La tasca de la Sindicatura de Greuges de Barcelona, guardonada a la Diada de la Gu\u00e0rdia Urbana 2024"}]},{"@type":"WebSite","@id":"https:\/\/www.sindicaturabarcelona.cat\/ca\/#website","url":"https:\/\/www.sindicaturabarcelona.cat\/ca\/","name":"Sindicatura de Greuges de Barcelona","description":"La defensoria dels teus drets","publisher":{"@id":"https:\/\/www.sindicaturabarcelona.cat\/ca\/#organization"},"potentialAction":[{"@type":"SearchAction","target":{"@type":"EntryPoint","urlTemplate":"https:\/\/www.sindicaturabarcelona.cat\/ca\/?s={search_term_string}"},"query-input":{"@type":"PropertyValueSpecification","valueRequired":true,"valueName":"search_term_string"}}],"inLanguage":"ca"},{"@type":"Organization","@id":"https:\/\/www.sindicaturabarcelona.cat\/ca\/#organization","name":"Sindicatura de Greuges de Barcelona","url":"https:\/\/www.sindicaturabarcelona.cat\/ca\/","logo":{"@type":"ImageObject","inLanguage":"ca","@id":"https:\/\/www.sindicaturabarcelona.cat\/ca\/#\/schema\/logo\/image\/","url":"https:\/\/www.sindicaturabarcelona.cat\/wp-content\/uploads\/2023\/02\/logo_sindicatura.svg","contentUrl":"https:\/\/www.sindicaturabarcelona.cat\/wp-content\/uploads\/2023\/02\/logo_sindicatura.svg","caption":"Sindicatura de Greuges de Barcelona"},"image":{"@id":"https:\/\/www.sindicaturabarcelona.cat\/ca\/#\/schema\/logo\/image\/"},"sameAs":["https:\/\/x.com\/sindicbarcelona","https:\/\/www.instagram.com\/sindicbarcelona\/","https:\/\/www.tiktok.com\/@sindicaturabcn","https:\/\/t.me\/sindicaturabarcelona"]},{"@type":"Person","@id":"https:\/\/www.sindicaturabarcelona.cat\/ca\/#\/schema\/person\/0e5acffc350ffdbc97578159322c9452","name":"Pablo","image":{"@type":"ImageObject","inLanguage":"ca","@id":"https:\/\/secure.gravatar.com\/avatar\/c948169b402ef9492afde705c3dfd5e90e1a6a84ef6840a91124f805a25a480f?s=96&d=mm&r=g","url":"https:\/\/secure.gravatar.com\/avatar\/c948169b402ef9492afde705c3dfd5e90e1a6a84ef6840a91124f805a25a480f?s=96&d=mm&r=g","contentUrl":"https:\/\/secure.gravatar.com\/avatar\/c948169b402ef9492afde705c3dfd5e90e1a6a84ef6840a91124f805a25a480f?s=96&d=mm&r=g","caption":"Pablo"},"url":"https:\/\/www.sindicaturabarcelona.cat\/ca\/author\/pablo\/"}]}},"_links":{"self":[{"href":"https:\/\/www.sindicaturabarcelona.cat\/ca\/wp-json\/wp\/v2\/posts\/33873","targetHints":{"allow":["GET"]}}],"collection":[{"href":"https:\/\/www.sindicaturabarcelona.cat\/ca\/wp-json\/wp\/v2\/posts"}],"about":[{"href":"https:\/\/www.sindicaturabarcelona.cat\/ca\/wp-json\/wp\/v2\/types\/post"}],"author":[{"embeddable":true,"href":"https:\/\/www.sindicaturabarcelona.cat\/ca\/wp-json\/wp\/v2\/users\/2"}],"replies":[{"embeddable":true,"href":"https:\/\/www.sindicaturabarcelona.cat\/ca\/wp-json\/wp\/v2\/comments?post=33873"}],"version-history":[{"count":3,"href":"https:\/\/www.sindicaturabarcelona.cat\/ca\/wp-json\/wp\/v2\/posts\/33873\/revisions"}],"predecessor-version":[{"id":33885,"href":"https:\/\/www.sindicaturabarcelona.cat\/ca\/wp-json\/wp\/v2\/posts\/33873\/revisions\/33885"}],"wp:featuredmedia":[{"embeddable":true,"href":"https:\/\/www.sindicaturabarcelona.cat\/ca\/wp-json\/wp\/v2\/media\/33881"}],"wp:attachment":[{"href":"https:\/\/www.sindicaturabarcelona.cat\/ca\/wp-json\/wp\/v2\/media?parent=33873"}],"wp:term":[{"taxonomy":"post_tag","embeddable":true,"href":"https:\/\/www.sindicaturabarcelona.cat\/ca\/wp-json\/wp\/v2\/tags?post=33873"},{"taxonomy":"drets","embeddable":true,"href":"https:\/\/www.sindicaturabarcelona.cat\/ca\/wp-json\/wp\/v2\/drets?post=33873"}],"curies":[{"name":"wp","href":"https:\/\/api.w.org\/{rel}","templated":true}]}}