{"id":33797,"date":"2024-10-08T12:55:28","date_gmt":"2024-10-08T10:55:28","guid":{"rendered":"https:\/\/www.sindicaturabarcelona.cat\/?p=33797"},"modified":"2024-10-09T08:28:56","modified_gmt":"2024-10-09T06:28:56","slug":"la-fira-datraccions-de-la-festa-major-de-sarria-motiu-de-queixa-de-diverses-comunitats-de-veins-i-veines-de-la-zona","status":"publish","type":"post","link":"https:\/\/www.sindicaturabarcelona.cat\/ca\/la-fira-datraccions-de-la-festa-major-de-sarria-motiu-de-queixa-de-diverses-comunitats-de-veins-i-veines-de-la-zona\/","title":{"rendered":"La fira d\u2019atraccions de la Festa Major de Sarri\u00e0, motiu de queixa de diverses comunitats de ve\u00efns i ve\u00efnes de la zona"},"content":{"rendered":"\n<h2 class=\"wp-block-heading\"><strong><a href=\"https:\/\/www.sindicaturabarcelona.cat\/wp-content\/uploads\/202410_Dret-descans-i-dret-seguretat_molesties-acustiques-derivades-de-la-fira-datraccions-de-la-FM-de-Sarria_24Q000367.pdf\" target=\"_blank\" rel=\"noreferrer noopener\">La Sindicatura ha determinat que l\u2019actuaci\u00f3 del Districte ha estat adequada quant a la resposta facilitada al ve\u00efnat afectat<\/a>, i l\u2019esperona a continuar vetllant per garantir efica\u00e7ment els drets fonamentals de la ciutadania.<\/strong><\/h2>\n\n\n\n<p><strong>Barcelona, 8 d\u2019octubre del 2024 \u2013 <\/strong>En el marc d\u2019una nova edici\u00f3 de la Festa Major de Sarri\u00e0, la Sindicatura de Greuges de Barcelona ha resolt una queixa de diverses comunitats ve\u00efnals del barri, que <strong>van denunciar les mol\u00e8sties ac\u00fastiques ocasionades durant els 24 dies que la fira d&#8217;atraccions est\u00e0 instal\u00b7lada a la zona central de la Via Augusta (entre els carrers Dolors Monserd\u00e0 i el passeig de la Bonanova)<\/strong>.<\/p>\n\n\n\n<p>A m\u00e9s dels sorolls, les persones promotores de la queixa <strong>tamb\u00e9 exposaven la seva preocupaci\u00f3 pel control de seguretat de les atraccions, aix\u00ed com per la ubicaci\u00f3 de la pista de cotxes i la durada excessiva de la fira<\/strong>. Aquesta queixa ve\u00efnal a la Sindicatura tamb\u00e9 va ser formulada mitjan\u00e7ant una inst\u00e0ncia municipal, que va ser contestada en el termini establert.<\/p>\n\n\n\n<h2 class=\"wp-block-heading\"><strong>La resposta municipal a la inst\u00e0ncia presentada pel ve\u00efnat<\/strong><\/h2>\n\n\n\n<p>Referent al <strong>control ac\u00fastic<\/strong>, el Districte informa que nom\u00e9s es podr\u00e0 posar m\u00fasica, anuncis, sirenes o qualsevol altre de les 11 a les 13 h i de les 17 a les 21 h. Aquest so no podr\u00e0 sobrepassar els decibels determinats a l\u2019Ordenan\u00e7a de Medi Ambient.<\/p>\n\n\n\n<p>Relatiu al <strong>control de seguretat estructural de les atraccions<\/strong>, el Districte verifica l\u2019esmentada seguretat mitjan\u00e7ant l\u2019aportaci\u00f3, per part dels titulars de les atraccions, d\u2019un certificat signat per un t\u00e8cnic competent. Abans que es posi en marxa, un t\u00e8cnic competent emet l\u2019informe de validaci\u00f3 de tota la fira en conjunt. Pel que fa al cablejat, des del Districte es far\u00e0 seguiment de la instal\u00b7laci\u00f3 i s\u2019exigir\u00e0 als firaires, si escau, la protecci\u00f3 corresponent.<\/p>\n\n\n\n<p>Quant a la petici\u00f3 de <strong>canvi d\u2019ubicaci\u00f3 de la pista de cotxes <\/strong>de xoc, s\u2019ha acordat posar-la a la banda superior de la fira, al costat del c\/ Dolors Monserd\u00e0.<\/p>\n\n\n\n<p>Envers la <strong>durada de la fira<\/strong>, el Districte comunica que \u00e9s conscient que la zona dels entorns de la fira suporta una activitat intensiva durant els dies que dura. Per aquest motiu, es treballa per anar reduint la durada progressivament.<\/p>\n\n\n\n<p>En aquest context, la Sindicatura de Greuges de Barcelona ha determinat que l\u2019actuaci\u00f3 del <a href=\"https:\/\/ajuntament.barcelona.cat\/sarria-santgervasi\/ca\" target=\"_blank\" rel=\"noreferrer noopener\">Districte de Sarri\u00e0-Sant Gervasi<\/a> ha estat adequada quant a la resposta facilitada, i l\u2019esperona a continuar vetllant per garantir efica\u00e7ment els drets fonamentals de la ciutadania. I ho fa mitjan\u00e7ant dues recomanacions i un suggeriment al districte, aix\u00ed com una recomanaci\u00f3 al ve\u00efnat afectat:<\/p>\n\n\n\n<figure class=\"wp-block-table\"><table class=\"has-fixed-layout\"><tbody><tr><td>&#8211; <strong>Recomanar<\/strong> <strong>al Districte de Sarri\u00e0-Sant Gervasi<\/strong> que supervisi la validesa i idone\u00eftat de tots els certificats t\u00e8cnics que es requereixin per a l\u2019autoritzaci\u00f3 de la fira d\u2019atraccions abans de la seva posada en funcionament.\u00a0 \u00a0<br><br>&#8211; <strong>Recomanar<\/strong> <strong>al Districte de Sarri\u00e0-Sant Gervasi<\/strong> que faci un control exhaustiu del compliment de l\u2019horari i de les condicions de funcionament de la fira.\u00a0<br><br>&#8211; <strong>Recomanar a les persones ve\u00efnes<\/strong> que, en cas de detectar qualsevol incid\u00e8ncia que pugui afectar la seguretat ciutadana, truquin al 112.<strong>\u00a0<\/strong><br><br>&#8211; <strong>Suggerir<\/strong> <strong>al Districte de Sarri\u00e0-Sant Gervasi<\/strong> que valori altres possibles ubicacions m\u00e9s adients per instal\u00b7lar-hi la fira de cara a futures edicions. \u00a0<\/td><\/tr><\/tbody><\/table><\/figure>\n\n\n\n<p>Durant la celebraci\u00f3 de la Festa Major de Sarri\u00e0, la Sindicatura estar\u00e0 atenta a la conviv\u00e8ncia en aquest empla\u00e7ament que acull la fira d\u2019atraccions, amb l\u2019objectiu de garantir el dret al descans del ve\u00efnat i el dret a la seguretat ciutadana.<\/p>\n","protected":false},"excerpt":{"rendered":"<p>La Sindicatura ha determinat que l\u2019actuaci\u00f3 del Districte ha estat adequada quant a la resposta facilitada al ve\u00efnat afectat, i l\u2019esperona a continuar vetllant per garantir efica\u00e7ment els drets fonamentals [&hellip;]<\/p>\n","protected":false},"author":2,"featured_media":33802,"comment_status":"closed","ping_status":"closed","sticky":false,"template":"","format":"standard","meta":{"_acf_changed":false,"footnotes":""},"tags":[],"drets":[1440,1452,1438,1444],"class_list":["post-33797","post","type-post","status-publish","format-standard","has-post-thumbnail","hentry","drets-ciutat-garantista","drets-dret-a-la-seguretat-ciutadana","drets-ciutat-habitable-i-sostenible","drets-dret-al-descans"],"acf":[],"yoast_head":"<!-- This site is optimized with the Yoast SEO plugin v27.5 - https:\/\/yoast.com\/product\/yoast-seo-wordpress\/ -->\n<title>La fira d\u2019atraccions de la Festa Major de Sarri\u00e0, motiu de queixa de diverses comunitats de ve\u00efns i ve\u00efnes de la zona - Sindicatura de Greuges de Barcelona<\/title>\n<meta name=\"description\" content=\"Durant la celebraci\u00f3 de la FM de Sarri\u00e0, la Sindicatura estar\u00e0 atenta a la conviv\u00e8ncia en aquest empla\u00e7ament que acull la fira d\u2019atraccions..\" \/>\n<meta name=\"robots\" content=\"index, follow, max-snippet:-1, max-image-preview:large, max-video-preview:-1\" \/>\n<link rel=\"canonical\" href=\"https:\/\/www.sindicaturabarcelona.cat\/ca\/la-fira-datraccions-de-la-festa-major-de-sarria-motiu-de-queixa-de-diverses-comunitats-de-veins-i-veines-de-la-zona\/\" \/>\n<meta property=\"og:locale\" content=\"ca_ES\" \/>\n<meta property=\"og:type\" content=\"article\" \/>\n<meta property=\"og:title\" content=\"La fira d\u2019atraccions de la Festa Major de Sarri\u00e0, motiu de queixa de diverses comunitats de ve\u00efns i ve\u00efnes de la zona\" \/>\n<meta property=\"og:description\" content=\"La Sindicatura ha determinat que l\u2019actuaci\u00f3 del Districte ha estat adequada quant a la resposta facilitada al ve\u00efnat afectat, i l\u2019esperona a continuar vetllant per garantir efica\u00e7ment els drets fonamentals de la ciutadania.\" \/>\n<meta property=\"og:url\" content=\"https:\/\/www.sindicaturabarcelona.cat\/ca\/la-fira-datraccions-de-la-festa-major-de-sarria-motiu-de-queixa-de-diverses-comunitats-de-veins-i-veines-de-la-zona\/\" \/>\n<meta property=\"og:site_name\" content=\"Sindicatura de Greuges de Barcelona\" \/>\n<meta property=\"article:published_time\" content=\"2024-10-08T10:55:28+00:00\" \/>\n<meta property=\"article:modified_time\" content=\"2024-10-09T06:28:56+00:00\" \/>\n<meta property=\"og:image\" content=\"https:\/\/www.sindicaturabarcelona.cat\/wp-content\/uploads\/photo_5778134973960798439_y.jpg\" \/>\n\t<meta property=\"og:image:width\" content=\"1200\" \/>\n\t<meta property=\"og:image:height\" content=\"630\" \/>\n\t<meta property=\"og:image:type\" content=\"image\/jpeg\" \/>\n<meta name=\"author\" content=\"Pablo\" \/>\n<meta name=\"twitter:card\" content=\"summary_large_image\" \/>\n<meta name=\"twitter:creator\" content=\"@sindicbarcelona\" \/>\n<meta name=\"twitter:site\" content=\"@sindicbarcelona\" \/>\n<meta name=\"twitter:label1\" content=\"Escrit per\" \/>\n\t<meta name=\"twitter:data1\" content=\"Pablo\" \/>\n\t<meta name=\"twitter:label2\" content=\"Temps estimat de lectura\" \/>\n\t<meta name=\"twitter:data2\" content=\"4 minuts\" \/>\n<script type=\"application\/ld+json\" class=\"yoast-schema-graph\">{\"@context\":\"https:\\\/\\\/schema.org\",\"@graph\":[{\"@type\":\"Article\",\"@id\":\"https:\\\/\\\/www.sindicaturabarcelona.cat\\\/ca\\\/la-fira-datraccions-de-la-festa-major-de-sarria-motiu-de-queixa-de-diverses-comunitats-de-veins-i-veines-de-la-zona\\\/#article\",\"isPartOf\":{\"@id\":\"https:\\\/\\\/www.sindicaturabarcelona.cat\\\/ca\\\/la-fira-datraccions-de-la-festa-major-de-sarria-motiu-de-queixa-de-diverses-comunitats-de-veins-i-veines-de-la-zona\\\/\"},\"author\":{\"name\":\"Pablo\",\"@id\":\"https:\\\/\\\/www.sindicaturabarcelona.cat\\\/ca\\\/#\\\/schema\\\/person\\\/0e5acffc350ffdbc97578159322c9452\"},\"headline\":\"La fira d\u2019atraccions de la Festa Major de Sarri\u00e0, motiu de queixa de diverses comunitats de ve\u00efns i ve\u00efnes de la zona\",\"datePublished\":\"2024-10-08T10:55:28+00:00\",\"dateModified\":\"2024-10-09T06:28:56+00:00\",\"mainEntityOfPage\":{\"@id\":\"https:\\\/\\\/www.sindicaturabarcelona.cat\\\/ca\\\/la-fira-datraccions-de-la-festa-major-de-sarria-motiu-de-queixa-de-diverses-comunitats-de-veins-i-veines-de-la-zona\\\/\"},\"wordCount\":637,\"publisher\":{\"@id\":\"https:\\\/\\\/www.sindicaturabarcelona.cat\\\/ca\\\/#organization\"},\"image\":{\"@id\":\"https:\\\/\\\/www.sindicaturabarcelona.cat\\\/ca\\\/la-fira-datraccions-de-la-festa-major-de-sarria-motiu-de-queixa-de-diverses-comunitats-de-veins-i-veines-de-la-zona\\\/#primaryimage\"},\"thumbnailUrl\":\"https:\\\/\\\/www.sindicaturabarcelona.cat\\\/wp-content\\\/uploads\\\/atraccions.760x428.6c766a68.jpg\",\"inLanguage\":\"ca\"},{\"@type\":\"WebPage\",\"@id\":\"https:\\\/\\\/www.sindicaturabarcelona.cat\\\/ca\\\/la-fira-datraccions-de-la-festa-major-de-sarria-motiu-de-queixa-de-diverses-comunitats-de-veins-i-veines-de-la-zona\\\/\",\"url\":\"https:\\\/\\\/www.sindicaturabarcelona.cat\\\/ca\\\/la-fira-datraccions-de-la-festa-major-de-sarria-motiu-de-queixa-de-diverses-comunitats-de-veins-i-veines-de-la-zona\\\/\",\"name\":\"La fira d\u2019atraccions de la Festa Major de Sarri\u00e0, motiu de queixa de diverses comunitats de ve\u00efns i ve\u00efnes de la zona - Sindicatura de Greuges de Barcelona\",\"isPartOf\":{\"@id\":\"https:\\\/\\\/www.sindicaturabarcelona.cat\\\/ca\\\/#website\"},\"primaryImageOfPage\":{\"@id\":\"https:\\\/\\\/www.sindicaturabarcelona.cat\\\/ca\\\/la-fira-datraccions-de-la-festa-major-de-sarria-motiu-de-queixa-de-diverses-comunitats-de-veins-i-veines-de-la-zona\\\/#primaryimage\"},\"image\":{\"@id\":\"https:\\\/\\\/www.sindicaturabarcelona.cat\\\/ca\\\/la-fira-datraccions-de-la-festa-major-de-sarria-motiu-de-queixa-de-diverses-comunitats-de-veins-i-veines-de-la-zona\\\/#primaryimage\"},\"thumbnailUrl\":\"https:\\\/\\\/www.sindicaturabarcelona.cat\\\/wp-content\\\/uploads\\\/atraccions.760x428.6c766a68.jpg\",\"datePublished\":\"2024-10-08T10:55:28+00:00\",\"dateModified\":\"2024-10-09T06:28:56+00:00\",\"description\":\"Durant la celebraci\u00f3 de la FM de Sarri\u00e0, la Sindicatura estar\u00e0 atenta a la conviv\u00e8ncia en aquest empla\u00e7ament que acull la fira d\u2019atraccions..\",\"breadcrumb\":{\"@id\":\"https:\\\/\\\/www.sindicaturabarcelona.cat\\\/ca\\\/la-fira-datraccions-de-la-festa-major-de-sarria-motiu-de-queixa-de-diverses-comunitats-de-veins-i-veines-de-la-zona\\\/#breadcrumb\"},\"inLanguage\":\"ca\",\"potentialAction\":[{\"@type\":\"ReadAction\",\"target\":[\"https:\\\/\\\/www.sindicaturabarcelona.cat\\\/ca\\\/la-fira-datraccions-de-la-festa-major-de-sarria-motiu-de-queixa-de-diverses-comunitats-de-veins-i-veines-de-la-zona\\\/\"]}]},{\"@type\":\"ImageObject\",\"inLanguage\":\"ca\",\"@id\":\"https:\\\/\\\/www.sindicaturabarcelona.cat\\\/ca\\\/la-fira-datraccions-de-la-festa-major-de-sarria-motiu-de-queixa-de-diverses-comunitats-de-veins-i-veines-de-la-zona\\\/#primaryimage\",\"url\":\"https:\\\/\\\/www.sindicaturabarcelona.cat\\\/wp-content\\\/uploads\\\/atraccions.760x428.6c766a68.jpg\",\"contentUrl\":\"https:\\\/\\\/www.sindicaturabarcelona.cat\\\/wp-content\\\/uploads\\\/atraccions.760x428.6c766a68.jpg\",\"width\":760,\"height\":428,\"caption\":\"Fira d'atraccions\"},{\"@type\":\"BreadcrumbList\",\"@id\":\"https:\\\/\\\/www.sindicaturabarcelona.cat\\\/ca\\\/la-fira-datraccions-de-la-festa-major-de-sarria-motiu-de-queixa-de-diverses-comunitats-de-veins-i-veines-de-la-zona\\\/#breadcrumb\",\"itemListElement\":[{\"@type\":\"ListItem\",\"position\":1,\"name\":\"Inici\",\"item\":\"https:\\\/\\\/www.sindicaturabarcelona.cat\\\/ca\\\/\"},{\"@type\":\"ListItem\",\"position\":2,\"name\":\"La fira d\u2019atraccions de la Festa Major de Sarri\u00e0, motiu de queixa de diverses comunitats de ve\u00efns i ve\u00efnes de la zona\"}]},{\"@type\":\"WebSite\",\"@id\":\"https:\\\/\\\/www.sindicaturabarcelona.cat\\\/ca\\\/#website\",\"url\":\"https:\\\/\\\/www.sindicaturabarcelona.cat\\\/ca\\\/\",\"name\":\"Sindicatura de Greuges de Barcelona\",\"description\":\"La defensoria dels teus drets\",\"publisher\":{\"@id\":\"https:\\\/\\\/www.sindicaturabarcelona.cat\\\/ca\\\/#organization\"},\"potentialAction\":[{\"@type\":\"SearchAction\",\"target\":{\"@type\":\"EntryPoint\",\"urlTemplate\":\"https:\\\/\\\/www.sindicaturabarcelona.cat\\\/ca\\\/?s={search_term_string}\"},\"query-input\":{\"@type\":\"PropertyValueSpecification\",\"valueRequired\":true,\"valueName\":\"search_term_string\"}}],\"inLanguage\":\"ca\"},{\"@type\":\"Organization\",\"@id\":\"https:\\\/\\\/www.sindicaturabarcelona.cat\\\/ca\\\/#organization\",\"name\":\"Sindicatura de Greuges de Barcelona\",\"url\":\"https:\\\/\\\/www.sindicaturabarcelona.cat\\\/ca\\\/\",\"logo\":{\"@type\":\"ImageObject\",\"inLanguage\":\"ca\",\"@id\":\"https:\\\/\\\/www.sindicaturabarcelona.cat\\\/ca\\\/#\\\/schema\\\/logo\\\/image\\\/\",\"url\":\"https:\\\/\\\/www.sindicaturabarcelona.cat\\\/wp-content\\\/uploads\\\/2023\\\/02\\\/logo_sindicatura.svg\",\"contentUrl\":\"https:\\\/\\\/www.sindicaturabarcelona.cat\\\/wp-content\\\/uploads\\\/2023\\\/02\\\/logo_sindicatura.svg\",\"caption\":\"Sindicatura de Greuges de Barcelona\"},\"image\":{\"@id\":\"https:\\\/\\\/www.sindicaturabarcelona.cat\\\/ca\\\/#\\\/schema\\\/logo\\\/image\\\/\"},\"sameAs\":[\"https:\\\/\\\/x.com\\\/sindicbarcelona\",\"https:\\\/\\\/www.instagram.com\\\/sindicbarcelona\\\/\",\"https:\\\/\\\/www.tiktok.com\\\/@sindicaturabcn\",\"https:\\\/\\\/t.me\\\/sindicaturabarcelona\"]},{\"@type\":\"Person\",\"@id\":\"https:\\\/\\\/www.sindicaturabarcelona.cat\\\/ca\\\/#\\\/schema\\\/person\\\/0e5acffc350ffdbc97578159322c9452\",\"name\":\"Pablo\",\"image\":{\"@type\":\"ImageObject\",\"inLanguage\":\"ca\",\"@id\":\"https:\\\/\\\/secure.gravatar.com\\\/avatar\\\/c948169b402ef9492afde705c3dfd5e90e1a6a84ef6840a91124f805a25a480f?s=96&d=mm&r=g\",\"url\":\"https:\\\/\\\/secure.gravatar.com\\\/avatar\\\/c948169b402ef9492afde705c3dfd5e90e1a6a84ef6840a91124f805a25a480f?s=96&d=mm&r=g\",\"contentUrl\":\"https:\\\/\\\/secure.gravatar.com\\\/avatar\\\/c948169b402ef9492afde705c3dfd5e90e1a6a84ef6840a91124f805a25a480f?s=96&d=mm&r=g\",\"caption\":\"Pablo\"},\"url\":\"https:\\\/\\\/www.sindicaturabarcelona.cat\\\/ca\\\/author\\\/pablo\\\/\"}]}<\/script>\n<!-- \/ Yoast SEO plugin. -->","yoast_head_json":{"title":"La fira d\u2019atraccions de la Festa Major de Sarri\u00e0, motiu de queixa de diverses comunitats de ve\u00efns i ve\u00efnes de la zona - Sindicatura de Greuges de Barcelona","description":"Durant la celebraci\u00f3 de la FM de Sarri\u00e0, la Sindicatura estar\u00e0 atenta a la conviv\u00e8ncia en aquest empla\u00e7ament que acull la fira d\u2019atraccions..","robots":{"index":"index","follow":"follow","max-snippet":"max-snippet:-1","max-image-preview":"max-image-preview:large","max-video-preview":"max-video-preview:-1"},"canonical":"https:\/\/www.sindicaturabarcelona.cat\/ca\/la-fira-datraccions-de-la-festa-major-de-sarria-motiu-de-queixa-de-diverses-comunitats-de-veins-i-veines-de-la-zona\/","og_locale":"ca_ES","og_type":"article","og_title":"La fira d\u2019atraccions de la Festa Major de Sarri\u00e0, motiu de queixa de diverses comunitats de ve\u00efns i ve\u00efnes de la zona","og_description":"La Sindicatura ha determinat que l\u2019actuaci\u00f3 del Districte ha estat adequada quant a la resposta facilitada al ve\u00efnat afectat, i l\u2019esperona a continuar vetllant per garantir efica\u00e7ment els drets fonamentals de la ciutadania.","og_url":"https:\/\/www.sindicaturabarcelona.cat\/ca\/la-fira-datraccions-de-la-festa-major-de-sarria-motiu-de-queixa-de-diverses-comunitats-de-veins-i-veines-de-la-zona\/","og_site_name":"Sindicatura de Greuges de Barcelona","article_published_time":"2024-10-08T10:55:28+00:00","article_modified_time":"2024-10-09T06:28:56+00:00","og_image":[{"width":1200,"height":630,"url":"https:\/\/www.sindicaturabarcelona.cat\/wp-content\/uploads\/photo_5778134973960798439_y.jpg","type":"image\/jpeg"}],"author":"Pablo","twitter_card":"summary_large_image","twitter_creator":"@sindicbarcelona","twitter_site":"@sindicbarcelona","twitter_misc":{"Escrit per":"Pablo","Temps estimat de lectura":"4 minuts"},"schema":{"@context":"https:\/\/schema.org","@graph":[{"@type":"Article","@id":"https:\/\/www.sindicaturabarcelona.cat\/ca\/la-fira-datraccions-de-la-festa-major-de-sarria-motiu-de-queixa-de-diverses-comunitats-de-veins-i-veines-de-la-zona\/#article","isPartOf":{"@id":"https:\/\/www.sindicaturabarcelona.cat\/ca\/la-fira-datraccions-de-la-festa-major-de-sarria-motiu-de-queixa-de-diverses-comunitats-de-veins-i-veines-de-la-zona\/"},"author":{"name":"Pablo","@id":"https:\/\/www.sindicaturabarcelona.cat\/ca\/#\/schema\/person\/0e5acffc350ffdbc97578159322c9452"},"headline":"La fira d\u2019atraccions de la Festa Major de Sarri\u00e0, motiu de queixa de diverses comunitats de ve\u00efns i ve\u00efnes de la zona","datePublished":"2024-10-08T10:55:28+00:00","dateModified":"2024-10-09T06:28:56+00:00","mainEntityOfPage":{"@id":"https:\/\/www.sindicaturabarcelona.cat\/ca\/la-fira-datraccions-de-la-festa-major-de-sarria-motiu-de-queixa-de-diverses-comunitats-de-veins-i-veines-de-la-zona\/"},"wordCount":637,"publisher":{"@id":"https:\/\/www.sindicaturabarcelona.cat\/ca\/#organization"},"image":{"@id":"https:\/\/www.sindicaturabarcelona.cat\/ca\/la-fira-datraccions-de-la-festa-major-de-sarria-motiu-de-queixa-de-diverses-comunitats-de-veins-i-veines-de-la-zona\/#primaryimage"},"thumbnailUrl":"https:\/\/www.sindicaturabarcelona.cat\/wp-content\/uploads\/atraccions.760x428.6c766a68.jpg","inLanguage":"ca"},{"@type":"WebPage","@id":"https:\/\/www.sindicaturabarcelona.cat\/ca\/la-fira-datraccions-de-la-festa-major-de-sarria-motiu-de-queixa-de-diverses-comunitats-de-veins-i-veines-de-la-zona\/","url":"https:\/\/www.sindicaturabarcelona.cat\/ca\/la-fira-datraccions-de-la-festa-major-de-sarria-motiu-de-queixa-de-diverses-comunitats-de-veins-i-veines-de-la-zona\/","name":"La fira d\u2019atraccions de la Festa Major de Sarri\u00e0, motiu de queixa de diverses comunitats de ve\u00efns i ve\u00efnes de la zona - Sindicatura de Greuges de Barcelona","isPartOf":{"@id":"https:\/\/www.sindicaturabarcelona.cat\/ca\/#website"},"primaryImageOfPage":{"@id":"https:\/\/www.sindicaturabarcelona.cat\/ca\/la-fira-datraccions-de-la-festa-major-de-sarria-motiu-de-queixa-de-diverses-comunitats-de-veins-i-veines-de-la-zona\/#primaryimage"},"image":{"@id":"https:\/\/www.sindicaturabarcelona.cat\/ca\/la-fira-datraccions-de-la-festa-major-de-sarria-motiu-de-queixa-de-diverses-comunitats-de-veins-i-veines-de-la-zona\/#primaryimage"},"thumbnailUrl":"https:\/\/www.sindicaturabarcelona.cat\/wp-content\/uploads\/atraccions.760x428.6c766a68.jpg","datePublished":"2024-10-08T10:55:28+00:00","dateModified":"2024-10-09T06:28:56+00:00","description":"Durant la celebraci\u00f3 de la FM de Sarri\u00e0, la Sindicatura estar\u00e0 atenta a la conviv\u00e8ncia en aquest empla\u00e7ament que acull la fira d\u2019atraccions..","breadcrumb":{"@id":"https:\/\/www.sindicaturabarcelona.cat\/ca\/la-fira-datraccions-de-la-festa-major-de-sarria-motiu-de-queixa-de-diverses-comunitats-de-veins-i-veines-de-la-zona\/#breadcrumb"},"inLanguage":"ca","potentialAction":[{"@type":"ReadAction","target":["https:\/\/www.sindicaturabarcelona.cat\/ca\/la-fira-datraccions-de-la-festa-major-de-sarria-motiu-de-queixa-de-diverses-comunitats-de-veins-i-veines-de-la-zona\/"]}]},{"@type":"ImageObject","inLanguage":"ca","@id":"https:\/\/www.sindicaturabarcelona.cat\/ca\/la-fira-datraccions-de-la-festa-major-de-sarria-motiu-de-queixa-de-diverses-comunitats-de-veins-i-veines-de-la-zona\/#primaryimage","url":"https:\/\/www.sindicaturabarcelona.cat\/wp-content\/uploads\/atraccions.760x428.6c766a68.jpg","contentUrl":"https:\/\/www.sindicaturabarcelona.cat\/wp-content\/uploads\/atraccions.760x428.6c766a68.jpg","width":760,"height":428,"caption":"Fira d'atraccions"},{"@type":"BreadcrumbList","@id":"https:\/\/www.sindicaturabarcelona.cat\/ca\/la-fira-datraccions-de-la-festa-major-de-sarria-motiu-de-queixa-de-diverses-comunitats-de-veins-i-veines-de-la-zona\/#breadcrumb","itemListElement":[{"@type":"ListItem","position":1,"name":"Inici","item":"https:\/\/www.sindicaturabarcelona.cat\/ca\/"},{"@type":"ListItem","position":2,"name":"La fira d\u2019atraccions de la Festa Major de Sarri\u00e0, motiu de queixa de diverses comunitats de ve\u00efns i ve\u00efnes de la zona"}]},{"@type":"WebSite","@id":"https:\/\/www.sindicaturabarcelona.cat\/ca\/#website","url":"https:\/\/www.sindicaturabarcelona.cat\/ca\/","name":"Sindicatura de Greuges de Barcelona","description":"La defensoria dels teus drets","publisher":{"@id":"https:\/\/www.sindicaturabarcelona.cat\/ca\/#organization"},"potentialAction":[{"@type":"SearchAction","target":{"@type":"EntryPoint","urlTemplate":"https:\/\/www.sindicaturabarcelona.cat\/ca\/?s={search_term_string}"},"query-input":{"@type":"PropertyValueSpecification","valueRequired":true,"valueName":"search_term_string"}}],"inLanguage":"ca"},{"@type":"Organization","@id":"https:\/\/www.sindicaturabarcelona.cat\/ca\/#organization","name":"Sindicatura de Greuges de Barcelona","url":"https:\/\/www.sindicaturabarcelona.cat\/ca\/","logo":{"@type":"ImageObject","inLanguage":"ca","@id":"https:\/\/www.sindicaturabarcelona.cat\/ca\/#\/schema\/logo\/image\/","url":"https:\/\/www.sindicaturabarcelona.cat\/wp-content\/uploads\/2023\/02\/logo_sindicatura.svg","contentUrl":"https:\/\/www.sindicaturabarcelona.cat\/wp-content\/uploads\/2023\/02\/logo_sindicatura.svg","caption":"Sindicatura de Greuges de Barcelona"},"image":{"@id":"https:\/\/www.sindicaturabarcelona.cat\/ca\/#\/schema\/logo\/image\/"},"sameAs":["https:\/\/x.com\/sindicbarcelona","https:\/\/www.instagram.com\/sindicbarcelona\/","https:\/\/www.tiktok.com\/@sindicaturabcn","https:\/\/t.me\/sindicaturabarcelona"]},{"@type":"Person","@id":"https:\/\/www.sindicaturabarcelona.cat\/ca\/#\/schema\/person\/0e5acffc350ffdbc97578159322c9452","name":"Pablo","image":{"@type":"ImageObject","inLanguage":"ca","@id":"https:\/\/secure.gravatar.com\/avatar\/c948169b402ef9492afde705c3dfd5e90e1a6a84ef6840a91124f805a25a480f?s=96&d=mm&r=g","url":"https:\/\/secure.gravatar.com\/avatar\/c948169b402ef9492afde705c3dfd5e90e1a6a84ef6840a91124f805a25a480f?s=96&d=mm&r=g","contentUrl":"https:\/\/secure.gravatar.com\/avatar\/c948169b402ef9492afde705c3dfd5e90e1a6a84ef6840a91124f805a25a480f?s=96&d=mm&r=g","caption":"Pablo"},"url":"https:\/\/www.sindicaturabarcelona.cat\/ca\/author\/pablo\/"}]}},"_links":{"self":[{"href":"https:\/\/www.sindicaturabarcelona.cat\/ca\/wp-json\/wp\/v2\/posts\/33797","targetHints":{"allow":["GET"]}}],"collection":[{"href":"https:\/\/www.sindicaturabarcelona.cat\/ca\/wp-json\/wp\/v2\/posts"}],"about":[{"href":"https:\/\/www.sindicaturabarcelona.cat\/ca\/wp-json\/wp\/v2\/types\/post"}],"author":[{"embeddable":true,"href":"https:\/\/www.sindicaturabarcelona.cat\/ca\/wp-json\/wp\/v2\/users\/2"}],"replies":[{"embeddable":true,"href":"https:\/\/www.sindicaturabarcelona.cat\/ca\/wp-json\/wp\/v2\/comments?post=33797"}],"version-history":[{"count":1,"href":"https:\/\/www.sindicaturabarcelona.cat\/ca\/wp-json\/wp\/v2\/posts\/33797\/revisions"}],"predecessor-version":[{"id":33805,"href":"https:\/\/www.sindicaturabarcelona.cat\/ca\/wp-json\/wp\/v2\/posts\/33797\/revisions\/33805"}],"wp:featuredmedia":[{"embeddable":true,"href":"https:\/\/www.sindicaturabarcelona.cat\/ca\/wp-json\/wp\/v2\/media\/33802"}],"wp:attachment":[{"href":"https:\/\/www.sindicaturabarcelona.cat\/ca\/wp-json\/wp\/v2\/media?parent=33797"}],"wp:term":[{"taxonomy":"post_tag","embeddable":true,"href":"https:\/\/www.sindicaturabarcelona.cat\/ca\/wp-json\/wp\/v2\/tags?post=33797"},{"taxonomy":"drets","embeddable":true,"href":"https:\/\/www.sindicaturabarcelona.cat\/ca\/wp-json\/wp\/v2\/drets?post=33797"}],"curies":[{"name":"wp","href":"https:\/\/api.w.org\/{rel}","templated":true}]}}