{"id":33727,"date":"2024-09-26T07:30:00","date_gmt":"2024-09-26T05:30:00","guid":{"rendered":"https:\/\/www.sindicaturabarcelona.cat\/?p=33727"},"modified":"2024-09-26T09:18:11","modified_gmt":"2024-09-26T07:18:11","slug":"la-senyalitzacio-duna-benzinera-en-desus-causa-situacions-de-perill-en-un-tram-del-carril-bici-de-la-ronda-de-sant-pau","status":"publish","type":"post","link":"https:\/\/www.sindicaturabarcelona.cat\/ca\/la-senyalitzacio-duna-benzinera-en-desus-causa-situacions-de-perill-en-un-tram-del-carril-bici-de-la-ronda-de-sant-pau\/","title":{"rendered":"La senyalitzaci\u00f3 d\u2019una benzinera en des\u00fas causa situacions de perill en un tram del carril bici de la ronda de Sant Pau"},"content":{"rendered":"\n<p><strong>Barcelona, 26 de setembre de 2024 \u2013 <\/strong>La Sindicatura de Greuges de Barcelona s\u2019ha dirigit d\u2019ofici a l\u2019Ajuntament per <a href=\"https:\/\/www.sindicaturabarcelona.cat\/wp-content\/uploads\/202409_AO-Dret-mobilitat_senyalitzacio-duna-benzinera-ubicada-a-la-ronda-de-Sant-Pau_24OF000015.pdf\">demanar <strong>que actualitzi, al m\u00e9s aviat possible, la senyalitzaci\u00f3 del carril bici i de la cal\u00e7ada en el tram de la ronda de Sant Pau on est\u00e0 ubicada una antiga benzinera<\/strong><\/a>, que fa almenys sis anys que no est\u00e0 en funcionament.<\/p>\n\n\n\n<p><strong>Malgrat tot el temps transcorregut, encara est\u00e0 present la senyalitzaci\u00f3 vi\u00e0ria espec\u00edfica que requeria la benzinera<\/strong>. Aquesta senyalitzaci\u00f3 ubicada a l\u2019asfalt <strong>causa situacions de perill i confusi\u00f3 en les persones que hi circulen<\/strong>, tant pel carril bici de doble sentit com pel carril de circulaci\u00f3 esquerra de la ronda de Sant Pau.<\/p>\n\n\n\n<p><strong>\u201cLa situaci\u00f3 de perill actual \u00e9s absolutament innecess\u00e0ria i seria desitjable que l\u2019Ajuntament execut\u00e9s els canvis en la senyalitzaci\u00f3 vi\u00e0ria amb independ\u00e8ncia de la retirada del quiosc de la benzinera\u201d<\/strong>, ha manifestat el s\u00edndic de greuges de Barcelona, David Bondia.<\/p>\n\n\n\n<h2 class=\"wp-block-heading\"><strong>Descripci\u00f3 de l\u2019empla\u00e7ament<\/strong><\/h2>\n\n\n\n<p>Les afectacions per aquesta benzinera sense funcionament s\u2019ubiquen en el tram de la ronda de Sant Pau entre els n\u00fameros 17 i 39, gaireb\u00e9 a l\u2019encreuament amb el carrer del Marqu\u00e8s de Campo Sagrado. A continuaci\u00f3, es detallen algunes de les circumst\u00e0ncies que generen situacions de perill i confusi\u00f3:<\/p>\n\n\n\n<ul class=\"wp-block-list\">\n<li>Estretament del carril bici, a causa de l\u2019estacionament de vehicles en l\u2019antiga zona on es dispensava benzina.<\/li>\n\n\n\n<li>Desaparici\u00f3 dels elements de cautx\u00fa que separen el carril bici i la cal\u00e7ada.<\/li>\n\n\n\n<li>Pres\u00e8ncia d\u2019una reixa al paviment, que servia per colar les restes de benzina vessades.<\/li>\n\n\n\n<li>Senyalitzaci\u00f3 vi\u00e0ria a la cal\u00e7ada que no t\u00e9 funcionalitat i que genera confusi\u00f3.<\/li>\n<\/ul>\n\n\n\n<h2 class=\"wp-block-heading\"><strong>El dret a la seguretat<\/strong><\/h2>\n\n\n\n<p><strong>En aquesta l\u00ednia, la Sindicatura creu que la situaci\u00f3 m\u00e9s greu \u00e9s la del carril bici de doble sentit, que arran de la pres\u00e8ncia de la benzinera en des\u00fas, perd elements de seguretat per a les persones ciclistes:<\/strong><\/p>\n\n\n\n<ul class=\"wp-block-list\">\n<li>A causa de l\u2019estretament del carril bici, hi ha una p\u00e8rdua d\u2019espai que provoca que les persones ciclistes quedin encaixonades entre els vehicles en marxa i els autom\u00f2bils\u00a0 estacionats, amb el risc per a la seguretat que aix\u00f2 comporta.<\/li>\n\n\n\n<li>La inexist\u00e8ncia de separadors entre el carril bici i la cal\u00e7ada, sumat a l\u2019estretament del carril bici, genera m\u00e9s sensaci\u00f3 d\u2019inseguretat per a les persones ciclistes.<\/li>\n\n\n\n<li>Pres\u00e8ncia d\u2019una reixa al paviment que augmenta el risc de relliscar, sobretot en dies que pugui estar mullada o humida per les condicions climatol\u00f2giques. \u00a0<\/li>\n\n\n\n<li>Disminuci\u00f3 de la visibilitat, sobretot en el sentit ascendent.<\/li>\n\n\n\n<li>La quadr\u00edcula groga pintada a terra, just davant de la benzinera, ja no t\u00e9 cap funci\u00f3 i causa confusi\u00f3 en moltes persones conductores que van pel carril esquerre de la cal\u00e7ada.<\/li>\n<\/ul>\n\n\n\n<p>Quant a les accions municipals vinculades a aquest empla\u00e7ament<a href=\"https:\/\/www.youtube.com\/watch?v=pZem_xNwjsc\" target=\"_blank\" rel=\"noreferrer noopener\">, durant el Consell de Barri de Sant Antoni del 12 de juny de 2024<\/a>, el regidor del Districte de l\u2019Eixample va informar que l\u2019Ajuntament estava a l\u2019espera dels permisos de l\u2019Ag\u00e8ncia de Residus de Catalunya per retirar la benzinera.<\/p>\n\n\n\n<p>L\u2019objecte de l\u2019actuaci\u00f3 de la Sindicatura no \u00e9s la demora en la retirada de la benzinera, sin\u00f3 <strong>la manca d\u2019actualitzaci\u00f3 de la senyalitzaci\u00f3 al voltant de la benzinera des de fa anys, que perjudica greument la seguretat de les persones ciclistes que circulen pel carril bici<\/strong> de doble sentit.<\/p>\n\n\n\n<p><\/p>\n","protected":false},"excerpt":{"rendered":"<p>Barcelona, 26 de setembre de 2024 \u2013 La Sindicatura de Greuges de Barcelona s\u2019ha dirigit d\u2019ofici a l\u2019Ajuntament per demanar que actualitzi, al m\u00e9s aviat possible, la senyalitzaci\u00f3 del carril [&hellip;]<\/p>\n","protected":false},"author":2,"featured_media":33729,"comment_status":"closed","ping_status":"closed","sticky":false,"template":"","format":"standard","meta":{"_acf_changed":false,"footnotes":""},"tags":[],"drets":[1438,1447],"class_list":["post-33727","post","type-post","status-publish","format-standard","has-post-thumbnail","hentry","drets-ciutat-habitable-i-sostenible","drets-dret-a-la-mobilitat"],"acf":[],"yoast_head":"<!-- This site is optimized with the Yoast SEO plugin v27.5 - https:\/\/yoast.com\/product\/yoast-seo-wordpress\/ -->\n<title>La senyalitzaci\u00f3 d\u2019una benzinera en des\u00fas causa situacions de perill en un tram del carril bici de la ronda de Sant Pau - Sindicatura de Greuges de Barcelona<\/title>\n<meta name=\"description\" content=\"La Sindicatura demana que s&#039;actualitzi, al m\u00e9s aviat possible, la senyalitzaci\u00f3 del carril bici i de la cal\u00e7ada d&#039;una benzinera de la ronda de Sant Pau.\" \/>\n<meta name=\"robots\" content=\"index, follow, max-snippet:-1, max-image-preview:large, max-video-preview:-1\" \/>\n<link rel=\"canonical\" href=\"https:\/\/www.sindicaturabarcelona.cat\/ca\/la-senyalitzacio-duna-benzinera-en-desus-causa-situacions-de-perill-en-un-tram-del-carril-bici-de-la-ronda-de-sant-pau\/\" \/>\n<meta property=\"og:locale\" content=\"ca_ES\" \/>\n<meta property=\"og:type\" content=\"article\" \/>\n<meta property=\"og:title\" content=\"La senyalitzaci\u00f3 d\u2019una benzinera en des\u00fas causa situacions de perill en un tram del carril bici de la ronda de Sant Pau\" \/>\n<meta property=\"og:description\" content=\"La Sindicatura demana que s&#039;actualitzi, al m\u00e9s aviat possible, la senyalitzaci\u00f3 del carril bici i de la cal\u00e7ada d&#039;una benzinera de la ronda de Sant Pau.\" \/>\n<meta property=\"og:url\" content=\"https:\/\/www.sindicaturabarcelona.cat\/ca\/la-senyalitzacio-duna-benzinera-en-desus-causa-situacions-de-perill-en-un-tram-del-carril-bici-de-la-ronda-de-sant-pau\/\" \/>\n<meta property=\"og:site_name\" content=\"Sindicatura de Greuges de Barcelona\" \/>\n<meta property=\"article:published_time\" content=\"2024-09-26T05:30:00+00:00\" \/>\n<meta property=\"article:modified_time\" content=\"2024-09-26T07:18:11+00:00\" \/>\n<meta property=\"og:image\" content=\"https:\/\/www.sindicaturabarcelona.cat\/wp-content\/uploads\/photo_6028249791693177943_y.jpg\" \/>\n\t<meta property=\"og:image:width\" content=\"1200\" \/>\n\t<meta property=\"og:image:height\" content=\"630\" \/>\n\t<meta property=\"og:image:type\" content=\"image\/jpeg\" \/>\n<meta name=\"author\" content=\"Pablo\" \/>\n<meta name=\"twitter:card\" content=\"summary_large_image\" \/>\n<meta name=\"twitter:creator\" content=\"@sindicbarcelona\" \/>\n<meta name=\"twitter:site\" content=\"@sindicbarcelona\" \/>\n<meta name=\"twitter:label1\" content=\"Escrit per\" \/>\n\t<meta name=\"twitter:data1\" content=\"Pablo\" \/>\n\t<meta name=\"twitter:label2\" content=\"Temps estimat de lectura\" \/>\n\t<meta name=\"twitter:data2\" content=\"4 minuts\" \/>\n<script type=\"application\/ld+json\" class=\"yoast-schema-graph\">{\"@context\":\"https:\\\/\\\/schema.org\",\"@graph\":[{\"@type\":\"Article\",\"@id\":\"https:\\\/\\\/www.sindicaturabarcelona.cat\\\/ca\\\/la-senyalitzacio-duna-benzinera-en-desus-causa-situacions-de-perill-en-un-tram-del-carril-bici-de-la-ronda-de-sant-pau\\\/#article\",\"isPartOf\":{\"@id\":\"https:\\\/\\\/www.sindicaturabarcelona.cat\\\/ca\\\/la-senyalitzacio-duna-benzinera-en-desus-causa-situacions-de-perill-en-un-tram-del-carril-bici-de-la-ronda-de-sant-pau\\\/\"},\"author\":{\"name\":\"Pablo\",\"@id\":\"https:\\\/\\\/www.sindicaturabarcelona.cat\\\/ca\\\/#\\\/schema\\\/person\\\/0e5acffc350ffdbc97578159322c9452\"},\"headline\":\"La senyalitzaci\u00f3 d\u2019una benzinera en des\u00fas causa situacions de perill en un tram del carril bici de la ronda de Sant Pau\",\"datePublished\":\"2024-09-26T05:30:00+00:00\",\"dateModified\":\"2024-09-26T07:18:11+00:00\",\"mainEntityOfPage\":{\"@id\":\"https:\\\/\\\/www.sindicaturabarcelona.cat\\\/ca\\\/la-senyalitzacio-duna-benzinera-en-desus-causa-situacions-de-perill-en-un-tram-del-carril-bici-de-la-ronda-de-sant-pau\\\/\"},\"wordCount\":602,\"publisher\":{\"@id\":\"https:\\\/\\\/www.sindicaturabarcelona.cat\\\/ca\\\/#organization\"},\"image\":{\"@id\":\"https:\\\/\\\/www.sindicaturabarcelona.cat\\\/ca\\\/la-senyalitzacio-duna-benzinera-en-desus-causa-situacions-de-perill-en-un-tram-del-carril-bici-de-la-ronda-de-sant-pau\\\/#primaryimage\"},\"thumbnailUrl\":\"https:\\\/\\\/www.sindicaturabarcelona.cat\\\/wp-content\\\/uploads\\\/Benzinera-Ronda-de-Sant-Pau.png\",\"inLanguage\":\"ca\"},{\"@type\":\"WebPage\",\"@id\":\"https:\\\/\\\/www.sindicaturabarcelona.cat\\\/ca\\\/la-senyalitzacio-duna-benzinera-en-desus-causa-situacions-de-perill-en-un-tram-del-carril-bici-de-la-ronda-de-sant-pau\\\/\",\"url\":\"https:\\\/\\\/www.sindicaturabarcelona.cat\\\/ca\\\/la-senyalitzacio-duna-benzinera-en-desus-causa-situacions-de-perill-en-un-tram-del-carril-bici-de-la-ronda-de-sant-pau\\\/\",\"name\":\"La senyalitzaci\u00f3 d\u2019una benzinera en des\u00fas causa situacions de perill en un tram del carril bici de la ronda de Sant Pau - Sindicatura de Greuges de Barcelona\",\"isPartOf\":{\"@id\":\"https:\\\/\\\/www.sindicaturabarcelona.cat\\\/ca\\\/#website\"},\"primaryImageOfPage\":{\"@id\":\"https:\\\/\\\/www.sindicaturabarcelona.cat\\\/ca\\\/la-senyalitzacio-duna-benzinera-en-desus-causa-situacions-de-perill-en-un-tram-del-carril-bici-de-la-ronda-de-sant-pau\\\/#primaryimage\"},\"image\":{\"@id\":\"https:\\\/\\\/www.sindicaturabarcelona.cat\\\/ca\\\/la-senyalitzacio-duna-benzinera-en-desus-causa-situacions-de-perill-en-un-tram-del-carril-bici-de-la-ronda-de-sant-pau\\\/#primaryimage\"},\"thumbnailUrl\":\"https:\\\/\\\/www.sindicaturabarcelona.cat\\\/wp-content\\\/uploads\\\/Benzinera-Ronda-de-Sant-Pau.png\",\"datePublished\":\"2024-09-26T05:30:00+00:00\",\"dateModified\":\"2024-09-26T07:18:11+00:00\",\"description\":\"La Sindicatura demana que s'actualitzi, al m\u00e9s aviat possible, la senyalitzaci\u00f3 del carril bici i de la cal\u00e7ada d'una benzinera de la ronda de Sant Pau.\",\"breadcrumb\":{\"@id\":\"https:\\\/\\\/www.sindicaturabarcelona.cat\\\/ca\\\/la-senyalitzacio-duna-benzinera-en-desus-causa-situacions-de-perill-en-un-tram-del-carril-bici-de-la-ronda-de-sant-pau\\\/#breadcrumb\"},\"inLanguage\":\"ca\",\"potentialAction\":[{\"@type\":\"ReadAction\",\"target\":[\"https:\\\/\\\/www.sindicaturabarcelona.cat\\\/ca\\\/la-senyalitzacio-duna-benzinera-en-desus-causa-situacions-de-perill-en-un-tram-del-carril-bici-de-la-ronda-de-sant-pau\\\/\"]}]},{\"@type\":\"ImageObject\",\"inLanguage\":\"ca\",\"@id\":\"https:\\\/\\\/www.sindicaturabarcelona.cat\\\/ca\\\/la-senyalitzacio-duna-benzinera-en-desus-causa-situacions-de-perill-en-un-tram-del-carril-bici-de-la-ronda-de-sant-pau\\\/#primaryimage\",\"url\":\"https:\\\/\\\/www.sindicaturabarcelona.cat\\\/wp-content\\\/uploads\\\/Benzinera-Ronda-de-Sant-Pau.png\",\"contentUrl\":\"https:\\\/\\\/www.sindicaturabarcelona.cat\\\/wp-content\\\/uploads\\\/Benzinera-Ronda-de-Sant-Pau.png\",\"width\":1200,\"height\":793},{\"@type\":\"BreadcrumbList\",\"@id\":\"https:\\\/\\\/www.sindicaturabarcelona.cat\\\/ca\\\/la-senyalitzacio-duna-benzinera-en-desus-causa-situacions-de-perill-en-un-tram-del-carril-bici-de-la-ronda-de-sant-pau\\\/#breadcrumb\",\"itemListElement\":[{\"@type\":\"ListItem\",\"position\":1,\"name\":\"Inici\",\"item\":\"https:\\\/\\\/www.sindicaturabarcelona.cat\\\/ca\\\/\"},{\"@type\":\"ListItem\",\"position\":2,\"name\":\"La senyalitzaci\u00f3 d\u2019una benzinera en des\u00fas causa situacions de perill en un tram del carril bici de la ronda de Sant Pau\"}]},{\"@type\":\"WebSite\",\"@id\":\"https:\\\/\\\/www.sindicaturabarcelona.cat\\\/ca\\\/#website\",\"url\":\"https:\\\/\\\/www.sindicaturabarcelona.cat\\\/ca\\\/\",\"name\":\"Sindicatura de Greuges de Barcelona\",\"description\":\"La defensoria dels teus drets\",\"publisher\":{\"@id\":\"https:\\\/\\\/www.sindicaturabarcelona.cat\\\/ca\\\/#organization\"},\"potentialAction\":[{\"@type\":\"SearchAction\",\"target\":{\"@type\":\"EntryPoint\",\"urlTemplate\":\"https:\\\/\\\/www.sindicaturabarcelona.cat\\\/ca\\\/?s={search_term_string}\"},\"query-input\":{\"@type\":\"PropertyValueSpecification\",\"valueRequired\":true,\"valueName\":\"search_term_string\"}}],\"inLanguage\":\"ca\"},{\"@type\":\"Organization\",\"@id\":\"https:\\\/\\\/www.sindicaturabarcelona.cat\\\/ca\\\/#organization\",\"name\":\"Sindicatura de Greuges de Barcelona\",\"url\":\"https:\\\/\\\/www.sindicaturabarcelona.cat\\\/ca\\\/\",\"logo\":{\"@type\":\"ImageObject\",\"inLanguage\":\"ca\",\"@id\":\"https:\\\/\\\/www.sindicaturabarcelona.cat\\\/ca\\\/#\\\/schema\\\/logo\\\/image\\\/\",\"url\":\"https:\\\/\\\/www.sindicaturabarcelona.cat\\\/wp-content\\\/uploads\\\/2023\\\/02\\\/logo_sindicatura.svg\",\"contentUrl\":\"https:\\\/\\\/www.sindicaturabarcelona.cat\\\/wp-content\\\/uploads\\\/2023\\\/02\\\/logo_sindicatura.svg\",\"caption\":\"Sindicatura de Greuges de Barcelona\"},\"image\":{\"@id\":\"https:\\\/\\\/www.sindicaturabarcelona.cat\\\/ca\\\/#\\\/schema\\\/logo\\\/image\\\/\"},\"sameAs\":[\"https:\\\/\\\/x.com\\\/sindicbarcelona\",\"https:\\\/\\\/www.instagram.com\\\/sindicbarcelona\\\/\",\"https:\\\/\\\/www.tiktok.com\\\/@sindicaturabcn\",\"https:\\\/\\\/t.me\\\/sindicaturabarcelona\"]},{\"@type\":\"Person\",\"@id\":\"https:\\\/\\\/www.sindicaturabarcelona.cat\\\/ca\\\/#\\\/schema\\\/person\\\/0e5acffc350ffdbc97578159322c9452\",\"name\":\"Pablo\",\"image\":{\"@type\":\"ImageObject\",\"inLanguage\":\"ca\",\"@id\":\"https:\\\/\\\/secure.gravatar.com\\\/avatar\\\/c948169b402ef9492afde705c3dfd5e90e1a6a84ef6840a91124f805a25a480f?s=96&d=mm&r=g\",\"url\":\"https:\\\/\\\/secure.gravatar.com\\\/avatar\\\/c948169b402ef9492afde705c3dfd5e90e1a6a84ef6840a91124f805a25a480f?s=96&d=mm&r=g\",\"contentUrl\":\"https:\\\/\\\/secure.gravatar.com\\\/avatar\\\/c948169b402ef9492afde705c3dfd5e90e1a6a84ef6840a91124f805a25a480f?s=96&d=mm&r=g\",\"caption\":\"Pablo\"},\"url\":\"https:\\\/\\\/www.sindicaturabarcelona.cat\\\/ca\\\/author\\\/pablo\\\/\"}]}<\/script>\n<!-- \/ Yoast SEO plugin. -->","yoast_head_json":{"title":"La senyalitzaci\u00f3 d\u2019una benzinera en des\u00fas causa situacions de perill en un tram del carril bici de la ronda de Sant Pau - Sindicatura de Greuges de Barcelona","description":"La Sindicatura demana que s'actualitzi, al m\u00e9s aviat possible, la senyalitzaci\u00f3 del carril bici i de la cal\u00e7ada d'una benzinera de la ronda de Sant Pau.","robots":{"index":"index","follow":"follow","max-snippet":"max-snippet:-1","max-image-preview":"max-image-preview:large","max-video-preview":"max-video-preview:-1"},"canonical":"https:\/\/www.sindicaturabarcelona.cat\/ca\/la-senyalitzacio-duna-benzinera-en-desus-causa-situacions-de-perill-en-un-tram-del-carril-bici-de-la-ronda-de-sant-pau\/","og_locale":"ca_ES","og_type":"article","og_title":"La senyalitzaci\u00f3 d\u2019una benzinera en des\u00fas causa situacions de perill en un tram del carril bici de la ronda de Sant Pau","og_description":"La Sindicatura demana que s'actualitzi, al m\u00e9s aviat possible, la senyalitzaci\u00f3 del carril bici i de la cal\u00e7ada d'una benzinera de la ronda de Sant Pau.","og_url":"https:\/\/www.sindicaturabarcelona.cat\/ca\/la-senyalitzacio-duna-benzinera-en-desus-causa-situacions-de-perill-en-un-tram-del-carril-bici-de-la-ronda-de-sant-pau\/","og_site_name":"Sindicatura de Greuges de Barcelona","article_published_time":"2024-09-26T05:30:00+00:00","article_modified_time":"2024-09-26T07:18:11+00:00","og_image":[{"width":1200,"height":630,"url":"https:\/\/www.sindicaturabarcelona.cat\/wp-content\/uploads\/photo_6028249791693177943_y.jpg","type":"image\/jpeg"}],"author":"Pablo","twitter_card":"summary_large_image","twitter_creator":"@sindicbarcelona","twitter_site":"@sindicbarcelona","twitter_misc":{"Escrit per":"Pablo","Temps estimat de lectura":"4 minuts"},"schema":{"@context":"https:\/\/schema.org","@graph":[{"@type":"Article","@id":"https:\/\/www.sindicaturabarcelona.cat\/ca\/la-senyalitzacio-duna-benzinera-en-desus-causa-situacions-de-perill-en-un-tram-del-carril-bici-de-la-ronda-de-sant-pau\/#article","isPartOf":{"@id":"https:\/\/www.sindicaturabarcelona.cat\/ca\/la-senyalitzacio-duna-benzinera-en-desus-causa-situacions-de-perill-en-un-tram-del-carril-bici-de-la-ronda-de-sant-pau\/"},"author":{"name":"Pablo","@id":"https:\/\/www.sindicaturabarcelona.cat\/ca\/#\/schema\/person\/0e5acffc350ffdbc97578159322c9452"},"headline":"La senyalitzaci\u00f3 d\u2019una benzinera en des\u00fas causa situacions de perill en un tram del carril bici de la ronda de Sant Pau","datePublished":"2024-09-26T05:30:00+00:00","dateModified":"2024-09-26T07:18:11+00:00","mainEntityOfPage":{"@id":"https:\/\/www.sindicaturabarcelona.cat\/ca\/la-senyalitzacio-duna-benzinera-en-desus-causa-situacions-de-perill-en-un-tram-del-carril-bici-de-la-ronda-de-sant-pau\/"},"wordCount":602,"publisher":{"@id":"https:\/\/www.sindicaturabarcelona.cat\/ca\/#organization"},"image":{"@id":"https:\/\/www.sindicaturabarcelona.cat\/ca\/la-senyalitzacio-duna-benzinera-en-desus-causa-situacions-de-perill-en-un-tram-del-carril-bici-de-la-ronda-de-sant-pau\/#primaryimage"},"thumbnailUrl":"https:\/\/www.sindicaturabarcelona.cat\/wp-content\/uploads\/Benzinera-Ronda-de-Sant-Pau.png","inLanguage":"ca"},{"@type":"WebPage","@id":"https:\/\/www.sindicaturabarcelona.cat\/ca\/la-senyalitzacio-duna-benzinera-en-desus-causa-situacions-de-perill-en-un-tram-del-carril-bici-de-la-ronda-de-sant-pau\/","url":"https:\/\/www.sindicaturabarcelona.cat\/ca\/la-senyalitzacio-duna-benzinera-en-desus-causa-situacions-de-perill-en-un-tram-del-carril-bici-de-la-ronda-de-sant-pau\/","name":"La senyalitzaci\u00f3 d\u2019una benzinera en des\u00fas causa situacions de perill en un tram del carril bici de la ronda de Sant Pau - Sindicatura de Greuges de Barcelona","isPartOf":{"@id":"https:\/\/www.sindicaturabarcelona.cat\/ca\/#website"},"primaryImageOfPage":{"@id":"https:\/\/www.sindicaturabarcelona.cat\/ca\/la-senyalitzacio-duna-benzinera-en-desus-causa-situacions-de-perill-en-un-tram-del-carril-bici-de-la-ronda-de-sant-pau\/#primaryimage"},"image":{"@id":"https:\/\/www.sindicaturabarcelona.cat\/ca\/la-senyalitzacio-duna-benzinera-en-desus-causa-situacions-de-perill-en-un-tram-del-carril-bici-de-la-ronda-de-sant-pau\/#primaryimage"},"thumbnailUrl":"https:\/\/www.sindicaturabarcelona.cat\/wp-content\/uploads\/Benzinera-Ronda-de-Sant-Pau.png","datePublished":"2024-09-26T05:30:00+00:00","dateModified":"2024-09-26T07:18:11+00:00","description":"La Sindicatura demana que s'actualitzi, al m\u00e9s aviat possible, la senyalitzaci\u00f3 del carril bici i de la cal\u00e7ada d'una benzinera de la ronda de Sant Pau.","breadcrumb":{"@id":"https:\/\/www.sindicaturabarcelona.cat\/ca\/la-senyalitzacio-duna-benzinera-en-desus-causa-situacions-de-perill-en-un-tram-del-carril-bici-de-la-ronda-de-sant-pau\/#breadcrumb"},"inLanguage":"ca","potentialAction":[{"@type":"ReadAction","target":["https:\/\/www.sindicaturabarcelona.cat\/ca\/la-senyalitzacio-duna-benzinera-en-desus-causa-situacions-de-perill-en-un-tram-del-carril-bici-de-la-ronda-de-sant-pau\/"]}]},{"@type":"ImageObject","inLanguage":"ca","@id":"https:\/\/www.sindicaturabarcelona.cat\/ca\/la-senyalitzacio-duna-benzinera-en-desus-causa-situacions-de-perill-en-un-tram-del-carril-bici-de-la-ronda-de-sant-pau\/#primaryimage","url":"https:\/\/www.sindicaturabarcelona.cat\/wp-content\/uploads\/Benzinera-Ronda-de-Sant-Pau.png","contentUrl":"https:\/\/www.sindicaturabarcelona.cat\/wp-content\/uploads\/Benzinera-Ronda-de-Sant-Pau.png","width":1200,"height":793},{"@type":"BreadcrumbList","@id":"https:\/\/www.sindicaturabarcelona.cat\/ca\/la-senyalitzacio-duna-benzinera-en-desus-causa-situacions-de-perill-en-un-tram-del-carril-bici-de-la-ronda-de-sant-pau\/#breadcrumb","itemListElement":[{"@type":"ListItem","position":1,"name":"Inici","item":"https:\/\/www.sindicaturabarcelona.cat\/ca\/"},{"@type":"ListItem","position":2,"name":"La senyalitzaci\u00f3 d\u2019una benzinera en des\u00fas causa situacions de perill en un tram del carril bici de la ronda de Sant Pau"}]},{"@type":"WebSite","@id":"https:\/\/www.sindicaturabarcelona.cat\/ca\/#website","url":"https:\/\/www.sindicaturabarcelona.cat\/ca\/","name":"Sindicatura de Greuges de Barcelona","description":"La defensoria dels teus drets","publisher":{"@id":"https:\/\/www.sindicaturabarcelona.cat\/ca\/#organization"},"potentialAction":[{"@type":"SearchAction","target":{"@type":"EntryPoint","urlTemplate":"https:\/\/www.sindicaturabarcelona.cat\/ca\/?s={search_term_string}"},"query-input":{"@type":"PropertyValueSpecification","valueRequired":true,"valueName":"search_term_string"}}],"inLanguage":"ca"},{"@type":"Organization","@id":"https:\/\/www.sindicaturabarcelona.cat\/ca\/#organization","name":"Sindicatura de Greuges de Barcelona","url":"https:\/\/www.sindicaturabarcelona.cat\/ca\/","logo":{"@type":"ImageObject","inLanguage":"ca","@id":"https:\/\/www.sindicaturabarcelona.cat\/ca\/#\/schema\/logo\/image\/","url":"https:\/\/www.sindicaturabarcelona.cat\/wp-content\/uploads\/2023\/02\/logo_sindicatura.svg","contentUrl":"https:\/\/www.sindicaturabarcelona.cat\/wp-content\/uploads\/2023\/02\/logo_sindicatura.svg","caption":"Sindicatura de Greuges de Barcelona"},"image":{"@id":"https:\/\/www.sindicaturabarcelona.cat\/ca\/#\/schema\/logo\/image\/"},"sameAs":["https:\/\/x.com\/sindicbarcelona","https:\/\/www.instagram.com\/sindicbarcelona\/","https:\/\/www.tiktok.com\/@sindicaturabcn","https:\/\/t.me\/sindicaturabarcelona"]},{"@type":"Person","@id":"https:\/\/www.sindicaturabarcelona.cat\/ca\/#\/schema\/person\/0e5acffc350ffdbc97578159322c9452","name":"Pablo","image":{"@type":"ImageObject","inLanguage":"ca","@id":"https:\/\/secure.gravatar.com\/avatar\/c948169b402ef9492afde705c3dfd5e90e1a6a84ef6840a91124f805a25a480f?s=96&d=mm&r=g","url":"https:\/\/secure.gravatar.com\/avatar\/c948169b402ef9492afde705c3dfd5e90e1a6a84ef6840a91124f805a25a480f?s=96&d=mm&r=g","contentUrl":"https:\/\/secure.gravatar.com\/avatar\/c948169b402ef9492afde705c3dfd5e90e1a6a84ef6840a91124f805a25a480f?s=96&d=mm&r=g","caption":"Pablo"},"url":"https:\/\/www.sindicaturabarcelona.cat\/ca\/author\/pablo\/"}]}},"_links":{"self":[{"href":"https:\/\/www.sindicaturabarcelona.cat\/ca\/wp-json\/wp\/v2\/posts\/33727","targetHints":{"allow":["GET"]}}],"collection":[{"href":"https:\/\/www.sindicaturabarcelona.cat\/ca\/wp-json\/wp\/v2\/posts"}],"about":[{"href":"https:\/\/www.sindicaturabarcelona.cat\/ca\/wp-json\/wp\/v2\/types\/post"}],"author":[{"embeddable":true,"href":"https:\/\/www.sindicaturabarcelona.cat\/ca\/wp-json\/wp\/v2\/users\/2"}],"replies":[{"embeddable":true,"href":"https:\/\/www.sindicaturabarcelona.cat\/ca\/wp-json\/wp\/v2\/comments?post=33727"}],"version-history":[{"count":1,"href":"https:\/\/www.sindicaturabarcelona.cat\/ca\/wp-json\/wp\/v2\/posts\/33727\/revisions"}],"predecessor-version":[{"id":33732,"href":"https:\/\/www.sindicaturabarcelona.cat\/ca\/wp-json\/wp\/v2\/posts\/33727\/revisions\/33732"}],"wp:featuredmedia":[{"embeddable":true,"href":"https:\/\/www.sindicaturabarcelona.cat\/ca\/wp-json\/wp\/v2\/media\/33729"}],"wp:attachment":[{"href":"https:\/\/www.sindicaturabarcelona.cat\/ca\/wp-json\/wp\/v2\/media?parent=33727"}],"wp:term":[{"taxonomy":"post_tag","embeddable":true,"href":"https:\/\/www.sindicaturabarcelona.cat\/ca\/wp-json\/wp\/v2\/tags?post=33727"},{"taxonomy":"drets","embeddable":true,"href":"https:\/\/www.sindicaturabarcelona.cat\/ca\/wp-json\/wp\/v2\/drets?post=33727"}],"curies":[{"name":"wp","href":"https:\/\/api.w.org\/{rel}","templated":true}]}}