{"id":33526,"date":"2024-08-29T07:45:00","date_gmt":"2024-08-29T05:45:00","guid":{"rendered":"https:\/\/www.sindicaturabarcelona.cat\/?p=33526"},"modified":"2024-08-29T08:16:42","modified_gmt":"2024-08-29T06:16:42","slug":"la-sindicatura-de-greuges-de-barcelona-recomana-la-creacio-duna-comissio-de-seguiment-de-les-obres-de-ll8-de-fgc-formada-per-ajuntament-i-generalitat","status":"publish","type":"post","link":"https:\/\/www.sindicaturabarcelona.cat\/ca\/la-sindicatura-de-greuges-de-barcelona-recomana-la-creacio-duna-comissio-de-seguiment-de-les-obres-de-ll8-de-fgc-formada-per-ajuntament-i-generalitat\/","title":{"rendered":"La Sindicatura de Greuges de Barcelona recomana la creaci\u00f3 d\u2019una comissi\u00f3 de seguiment de les obres de l\u2019L8 de FGC formada per Ajuntament i Generalitat"},"content":{"rendered":"\n<h2 class=\"wp-block-heading\"><strong>L\u2019objectiu seria el seguiment i control efectiu de les afectacions que suposin les obres de l\u2019L8 de FGC al parc de Joan Mir\u00f3.<\/strong><\/h2>\n\n\n\n<h2 class=\"wp-block-heading\"><strong>Entre aquestes afectacions, la defensoria destaca la import\u00e0ncia de reposar els arbres talats i recuperar els espais verds malmesos.<\/strong><\/h2>\n\n\n\n<p><strong>Barcelona, 29 d\u2019agost del 2024<\/strong> \u2013 <a href=\"https:\/\/www.sindicaturabarcelona.cat\/wp-content\/uploads\/202408_Dret-medi-ambient-dret-espai-public-i-dret-bona-administracio_disconformitat-amb-la-decisio-de-talar-una-arbreda-de-mes-40-anys-al-parc-de-Joan-Miro_23Q000904.pdf\" target=\"_blank\" rel=\"noreferrer noopener\">La Sindicatura de Greuges de Barcelona ha recomanat a l\u2019Ajuntament promoure <strong>la creaci\u00f3 d\u2019una comissi\u00f3 de seguiment de les obres de l\u2019L8 dels FGC, conjunta amb la Generalitat de Catalunya<\/strong><\/a>, en qu\u00e8 participin totes les persones interessades i que asseguri la transmissi\u00f3 d\u2019informaci\u00f3 sobre l\u2019evoluci\u00f3 de les obres i les possibles incid\u00e8ncies.<\/p>\n\n\n\n<p><strong>La defensoria de la ciutadania barcelonina far\u00e0 un seguiment de les actuacions municipals <\/strong>per tal de garantir que, un cop s\u2019acabin les obres a la zona del parc de Joan Mir\u00f3, es reposin els espais verds i es trasplantin els arbres talats.<\/p>\n\n\n\n<h2 class=\"wp-block-heading\"><strong>Les obres de l\u2019L8 de FGC<\/strong><\/h2>\n\n\n\n<p><a href=\"https:\/\/www.amb.cat\/web\/territori\/infraestructures-metropolitanes\/projectes-infraestructures\/detall\/-\/infraestructura\/fgc-l8--perllongament-placa-espanya---gracia\/328738\/11656\" target=\"_blank\" rel=\"noreferrer noopener\">Les obres de l\u2019L8 dels FGC<\/a> van comen\u00e7ar el dimarts 6 d\u2019agost i <strong>la seva execuci\u00f3 afecta l\u2019arbreda del parc de Joan Miro, ja que es convertir\u00e0 en l\u2019espai log\u00edstic de les tasques per allargar la l\u00ednia dels ferrocarrils <\/strong>entre la pla\u00e7a d\u2019Espanya i Gr\u00e0cia. Segons informaci\u00f3 de l\u2019Ajuntament, <strong>entre la vegetaci\u00f3 damnificada, hi ha 94 elements: 75 pins i 19 arbres m\u00e9s, en qu\u00e8 gaireb\u00e9 la meitat s\u00f3n palmeres<\/strong>.\u00a0<\/p>\n\n\n\n<h2 class=\"wp-block-heading\"><strong>Barcelona, una ciutat amb manca d\u2019espais verds<\/strong><\/h2>\n\n\n\n<p>Barcelona es troba <strong>molt per sota dels barems desitjables quant a superf\u00edcie de verd urb\u00e0 per habitant: <\/strong>l\u2019OMS indica que hauria de ser de 10-15 m<sup>2<\/sup>, mentre que a la ciutat barcelonina \u00e9s de menys de 7 m<sup>2<\/sup>. <strong>Justament en el districte de l\u2019Eixample, on tenen lloc les obres, la xifra \u00e9s encara m\u00e9s negativa: menys de 2 m<\/strong><sup>2<\/sup><strong> de verd urb\u00e0 per habitant.<\/strong><\/p>\n\n\n\n<p>Per tal de treballar en la millora d\u2019aquest greu d\u00e8ficit, la Sindicatura ha recordat al consistori que ha de fer tots els esfor\u00e7os possibles perqu\u00e8 els parcs i jardins de qu\u00e8 disposa la ciutat estiguin en bones condicions i es puguin utilitzar per afavorir la qualitat de vida i el benestar de la ciutadania. <strong>\u00c9s en aquest punt on la defensoria de la ciutadania barcelonina far\u00e0 el seguiment i control d\u2019aquestes obres, amb l\u2019objectiu de copsar que no es perd cap espai verd a la ciutat.<\/strong><\/p>\n\n\n\n<h2 class=\"wp-block-heading\"><strong>La responsabilitat municipal per minimitzar les afectacions al ve\u00efnat<\/strong><\/h2>\n\n\n\n<p><strong>L\u2019Ajuntament, tot i no ser el responsable directe de les obres d\u2019ampliaci\u00f3 de la l\u00ednia L8 d\u2019FGC, ha de vetllar perqu\u00e8 les incid\u00e8ncies en la ciutadania siguin les m\u00ednimes possibles i es resolguin al m\u00e9s aviat millor<\/strong>. En concret, les obres ocasionaran afectacions en el carril bici de la banda nord de la Gran Via, la parada doble de bus, la parada de l\u2019aerob\u00fas, i altres carrers com la carretera de la Bordeta i l\u2019avinguda del Paral\u00b7lel.<\/p>\n\n\n\n<p><strong>Quant a la durada prevista de l\u2019ocupaci\u00f3 de l\u2019espai on s\u2019instal\u00b7la la zona log\u00edstica, el consistori no va facilitar una resposta concreta a la Sindicatura de Greuges de Barcelona.<\/strong> Per aquest motiu, tot i que es va informar el ve\u00efnat que l\u2019afectaci\u00f3 seria per dos anys i mig, vist el que ha passat en altres obres de gran envergadura, la Sindicatura vol remarcar la conveni\u00e8ncia d\u2019ajustar-se al m\u00e0xim als terminis d\u2019execuci\u00f3 i, si pot ser, intentar reduir-los per tots els greuges que suposaran pel ve\u00efnat m\u00e9s proper.<\/p>\n\n\n\n<p>En aquesta l\u00ednia, la Sindicatura ha recomanat al consistori que promogui la constituci\u00f3 d\u2019una <strong>comissi\u00f3 de seguiment de les obres<\/strong>, conjuntament amb la Generalitat de Catalunya.<\/p>\n","protected":false},"excerpt":{"rendered":"<p>L\u2019objectiu seria el seguiment i control efectiu de les afectacions que suposin les obres de l\u2019L8 de FGC al parc de Joan Mir\u00f3. Entre aquestes afectacions, la defensoria destaca la [&hellip;]<\/p>\n","protected":false},"author":2,"featured_media":33527,"comment_status":"closed","ping_status":"closed","sticky":false,"template":"","format":"standard","meta":{"_acf_changed":false,"footnotes":""},"tags":[],"drets":[1440,1456,1438,1448,1446],"class_list":["post-33526","post","type-post","status-publish","format-standard","has-post-thumbnail","hentry","drets-ciutat-garantista","drets-dret-a-una-bona-administracio","drets-ciutat-habitable-i-sostenible","drets-dret-al-medi-ambient","drets-dret-a-lespai-public"],"acf":[],"yoast_head":"<!-- This site is optimized with the Yoast SEO plugin v27.5 - https:\/\/yoast.com\/product\/yoast-seo-wordpress\/ -->\n<title>La Sindicatura de Greuges de Barcelona recomana la creaci\u00f3 d\u2019una comissi\u00f3 de seguiment de les obres de l\u2019L8 de FGC formada per Ajuntament i Generalitat - Sindicatura de Greuges de Barcelona<\/title>\n<meta name=\"description\" content=\"L\u2019objectiu seria el seguiment i control efectiu de les afectacions que suposin les obres de l\u2019L8 de FGC al parc de Joan Mir\u00f3.\" \/>\n<meta name=\"robots\" content=\"index, follow, max-snippet:-1, max-image-preview:large, max-video-preview:-1\" \/>\n<link rel=\"canonical\" href=\"https:\/\/www.sindicaturabarcelona.cat\/ca\/la-sindicatura-de-greuges-de-barcelona-recomana-la-creacio-duna-comissio-de-seguiment-de-les-obres-de-ll8-de-fgc-formada-per-ajuntament-i-generalitat\/\" \/>\n<meta property=\"og:locale\" content=\"ca_ES\" \/>\n<meta property=\"og:type\" content=\"article\" \/>\n<meta property=\"og:title\" content=\"La Sindicatura recomana la creaci\u00f3 d\u2019una comissi\u00f3 de seguiment de les obres de l\u2019L8 de FGC formada per Ajuntament i Generalitat\" \/>\n<meta property=\"og:description\" content=\"L\u2019objectiu seria el seguiment i control efectiu de les afectacions que suposin les obres de l\u2019L8 de FGC al parc de Joan Mir\u00f3.\" \/>\n<meta property=\"og:url\" content=\"https:\/\/www.sindicaturabarcelona.cat\/ca\/la-sindicatura-de-greuges-de-barcelona-recomana-la-creacio-duna-comissio-de-seguiment-de-les-obres-de-ll8-de-fgc-formada-per-ajuntament-i-generalitat\/\" \/>\n<meta property=\"og:site_name\" content=\"Sindicatura de Greuges de Barcelona\" \/>\n<meta property=\"article:published_time\" content=\"2024-08-29T05:45:00+00:00\" \/>\n<meta property=\"article:modified_time\" content=\"2024-08-29T06:16:42+00:00\" \/>\n<meta property=\"og:image\" content=\"https:\/\/www.sindicaturabarcelona.cat\/wp-content\/uploads\/photo_5947449508256400296_y.jpg\" \/>\n\t<meta property=\"og:image:width\" content=\"1200\" \/>\n\t<meta property=\"og:image:height\" content=\"630\" \/>\n\t<meta property=\"og:image:type\" content=\"image\/jpeg\" \/>\n<meta name=\"author\" content=\"Pablo\" \/>\n<meta name=\"twitter:card\" content=\"summary_large_image\" \/>\n<meta name=\"twitter:creator\" content=\"@sindicbarcelona\" \/>\n<meta name=\"twitter:site\" content=\"@sindicbarcelona\" \/>\n<meta name=\"twitter:label1\" content=\"Escrit per\" \/>\n\t<meta name=\"twitter:data1\" content=\"Pablo\" \/>\n\t<meta name=\"twitter:label2\" content=\"Temps estimat de lectura\" \/>\n\t<meta name=\"twitter:data2\" content=\"4 minuts\" \/>\n<script type=\"application\/ld+json\" class=\"yoast-schema-graph\">{\"@context\":\"https:\\\/\\\/schema.org\",\"@graph\":[{\"@type\":\"Article\",\"@id\":\"https:\\\/\\\/www.sindicaturabarcelona.cat\\\/ca\\\/la-sindicatura-de-greuges-de-barcelona-recomana-la-creacio-duna-comissio-de-seguiment-de-les-obres-de-ll8-de-fgc-formada-per-ajuntament-i-generalitat\\\/#article\",\"isPartOf\":{\"@id\":\"https:\\\/\\\/www.sindicaturabarcelona.cat\\\/ca\\\/la-sindicatura-de-greuges-de-barcelona-recomana-la-creacio-duna-comissio-de-seguiment-de-les-obres-de-ll8-de-fgc-formada-per-ajuntament-i-generalitat\\\/\"},\"author\":{\"name\":\"Pablo\",\"@id\":\"https:\\\/\\\/www.sindicaturabarcelona.cat\\\/ca\\\/#\\\/schema\\\/person\\\/0e5acffc350ffdbc97578159322c9452\"},\"headline\":\"La Sindicatura de Greuges de Barcelona recomana la creaci\u00f3 d\u2019una comissi\u00f3 de seguiment de les obres de l\u2019L8 de FGC formada per Ajuntament i Generalitat\",\"datePublished\":\"2024-08-29T05:45:00+00:00\",\"dateModified\":\"2024-08-29T06:16:42+00:00\",\"mainEntityOfPage\":{\"@id\":\"https:\\\/\\\/www.sindicaturabarcelona.cat\\\/ca\\\/la-sindicatura-de-greuges-de-barcelona-recomana-la-creacio-duna-comissio-de-seguiment-de-les-obres-de-ll8-de-fgc-formada-per-ajuntament-i-generalitat\\\/\"},\"wordCount\":654,\"publisher\":{\"@id\":\"https:\\\/\\\/www.sindicaturabarcelona.cat\\\/ca\\\/#organization\"},\"image\":{\"@id\":\"https:\\\/\\\/www.sindicaturabarcelona.cat\\\/ca\\\/la-sindicatura-de-greuges-de-barcelona-recomana-la-creacio-duna-comissio-de-seguiment-de-les-obres-de-ll8-de-fgc-formada-per-ajuntament-i-generalitat\\\/#primaryimage\"},\"thumbnailUrl\":\"https:\\\/\\\/www.sindicaturabarcelona.cat\\\/wp-content\\\/uploads\\\/19246_20200528_Desconfinament_PEspanya_146.jpg\",\"inLanguage\":\"ca\"},{\"@type\":\"WebPage\",\"@id\":\"https:\\\/\\\/www.sindicaturabarcelona.cat\\\/ca\\\/la-sindicatura-de-greuges-de-barcelona-recomana-la-creacio-duna-comissio-de-seguiment-de-les-obres-de-ll8-de-fgc-formada-per-ajuntament-i-generalitat\\\/\",\"url\":\"https:\\\/\\\/www.sindicaturabarcelona.cat\\\/ca\\\/la-sindicatura-de-greuges-de-barcelona-recomana-la-creacio-duna-comissio-de-seguiment-de-les-obres-de-ll8-de-fgc-formada-per-ajuntament-i-generalitat\\\/\",\"name\":\"La Sindicatura de Greuges de Barcelona recomana la creaci\u00f3 d\u2019una comissi\u00f3 de seguiment de les obres de l\u2019L8 de FGC formada per Ajuntament i Generalitat - Sindicatura de Greuges de Barcelona\",\"isPartOf\":{\"@id\":\"https:\\\/\\\/www.sindicaturabarcelona.cat\\\/ca\\\/#website\"},\"primaryImageOfPage\":{\"@id\":\"https:\\\/\\\/www.sindicaturabarcelona.cat\\\/ca\\\/la-sindicatura-de-greuges-de-barcelona-recomana-la-creacio-duna-comissio-de-seguiment-de-les-obres-de-ll8-de-fgc-formada-per-ajuntament-i-generalitat\\\/#primaryimage\"},\"image\":{\"@id\":\"https:\\\/\\\/www.sindicaturabarcelona.cat\\\/ca\\\/la-sindicatura-de-greuges-de-barcelona-recomana-la-creacio-duna-comissio-de-seguiment-de-les-obres-de-ll8-de-fgc-formada-per-ajuntament-i-generalitat\\\/#primaryimage\"},\"thumbnailUrl\":\"https:\\\/\\\/www.sindicaturabarcelona.cat\\\/wp-content\\\/uploads\\\/19246_20200528_Desconfinament_PEspanya_146.jpg\",\"datePublished\":\"2024-08-29T05:45:00+00:00\",\"dateModified\":\"2024-08-29T06:16:42+00:00\",\"description\":\"L\u2019objectiu seria el seguiment i control efectiu de les afectacions que suposin les obres de l\u2019L8 de FGC al parc de Joan Mir\u00f3.\",\"breadcrumb\":{\"@id\":\"https:\\\/\\\/www.sindicaturabarcelona.cat\\\/ca\\\/la-sindicatura-de-greuges-de-barcelona-recomana-la-creacio-duna-comissio-de-seguiment-de-les-obres-de-ll8-de-fgc-formada-per-ajuntament-i-generalitat\\\/#breadcrumb\"},\"inLanguage\":\"ca\",\"potentialAction\":[{\"@type\":\"ReadAction\",\"target\":[\"https:\\\/\\\/www.sindicaturabarcelona.cat\\\/ca\\\/la-sindicatura-de-greuges-de-barcelona-recomana-la-creacio-duna-comissio-de-seguiment-de-les-obres-de-ll8-de-fgc-formada-per-ajuntament-i-generalitat\\\/\"]}]},{\"@type\":\"ImageObject\",\"inLanguage\":\"ca\",\"@id\":\"https:\\\/\\\/www.sindicaturabarcelona.cat\\\/ca\\\/la-sindicatura-de-greuges-de-barcelona-recomana-la-creacio-duna-comissio-de-seguiment-de-les-obres-de-ll8-de-fgc-formada-per-ajuntament-i-generalitat\\\/#primaryimage\",\"url\":\"https:\\\/\\\/www.sindicaturabarcelona.cat\\\/wp-content\\\/uploads\\\/19246_20200528_Desconfinament_PEspanya_146.jpg\",\"contentUrl\":\"https:\\\/\\\/www.sindicaturabarcelona.cat\\\/wp-content\\\/uploads\\\/19246_20200528_Desconfinament_PEspanya_146.jpg\",\"width\":1024,\"height\":683,\"caption\":\"Obres L8 FGC Parc Joan Mir\u00f3\"},{\"@type\":\"BreadcrumbList\",\"@id\":\"https:\\\/\\\/www.sindicaturabarcelona.cat\\\/ca\\\/la-sindicatura-de-greuges-de-barcelona-recomana-la-creacio-duna-comissio-de-seguiment-de-les-obres-de-ll8-de-fgc-formada-per-ajuntament-i-generalitat\\\/#breadcrumb\",\"itemListElement\":[{\"@type\":\"ListItem\",\"position\":1,\"name\":\"Inici\",\"item\":\"https:\\\/\\\/www.sindicaturabarcelona.cat\\\/ca\\\/\"},{\"@type\":\"ListItem\",\"position\":2,\"name\":\"La Sindicatura de Greuges de Barcelona recomana la creaci\u00f3 d\u2019una comissi\u00f3 de seguiment de les obres de l\u2019L8 de FGC formada per Ajuntament i Generalitat\"}]},{\"@type\":\"WebSite\",\"@id\":\"https:\\\/\\\/www.sindicaturabarcelona.cat\\\/ca\\\/#website\",\"url\":\"https:\\\/\\\/www.sindicaturabarcelona.cat\\\/ca\\\/\",\"name\":\"Sindicatura de Greuges de Barcelona\",\"description\":\"La defensoria dels teus drets\",\"publisher\":{\"@id\":\"https:\\\/\\\/www.sindicaturabarcelona.cat\\\/ca\\\/#organization\"},\"potentialAction\":[{\"@type\":\"SearchAction\",\"target\":{\"@type\":\"EntryPoint\",\"urlTemplate\":\"https:\\\/\\\/www.sindicaturabarcelona.cat\\\/ca\\\/?s={search_term_string}\"},\"query-input\":{\"@type\":\"PropertyValueSpecification\",\"valueRequired\":true,\"valueName\":\"search_term_string\"}}],\"inLanguage\":\"ca\"},{\"@type\":\"Organization\",\"@id\":\"https:\\\/\\\/www.sindicaturabarcelona.cat\\\/ca\\\/#organization\",\"name\":\"Sindicatura de Greuges de Barcelona\",\"url\":\"https:\\\/\\\/www.sindicaturabarcelona.cat\\\/ca\\\/\",\"logo\":{\"@type\":\"ImageObject\",\"inLanguage\":\"ca\",\"@id\":\"https:\\\/\\\/www.sindicaturabarcelona.cat\\\/ca\\\/#\\\/schema\\\/logo\\\/image\\\/\",\"url\":\"https:\\\/\\\/www.sindicaturabarcelona.cat\\\/wp-content\\\/uploads\\\/2023\\\/02\\\/logo_sindicatura.svg\",\"contentUrl\":\"https:\\\/\\\/www.sindicaturabarcelona.cat\\\/wp-content\\\/uploads\\\/2023\\\/02\\\/logo_sindicatura.svg\",\"caption\":\"Sindicatura de Greuges de Barcelona\"},\"image\":{\"@id\":\"https:\\\/\\\/www.sindicaturabarcelona.cat\\\/ca\\\/#\\\/schema\\\/logo\\\/image\\\/\"},\"sameAs\":[\"https:\\\/\\\/x.com\\\/sindicbarcelona\",\"https:\\\/\\\/www.instagram.com\\\/sindicbarcelona\\\/\",\"https:\\\/\\\/www.tiktok.com\\\/@sindicaturabcn\",\"https:\\\/\\\/t.me\\\/sindicaturabarcelona\"]},{\"@type\":\"Person\",\"@id\":\"https:\\\/\\\/www.sindicaturabarcelona.cat\\\/ca\\\/#\\\/schema\\\/person\\\/0e5acffc350ffdbc97578159322c9452\",\"name\":\"Pablo\",\"image\":{\"@type\":\"ImageObject\",\"inLanguage\":\"ca\",\"@id\":\"https:\\\/\\\/secure.gravatar.com\\\/avatar\\\/c948169b402ef9492afde705c3dfd5e90e1a6a84ef6840a91124f805a25a480f?s=96&d=mm&r=g\",\"url\":\"https:\\\/\\\/secure.gravatar.com\\\/avatar\\\/c948169b402ef9492afde705c3dfd5e90e1a6a84ef6840a91124f805a25a480f?s=96&d=mm&r=g\",\"contentUrl\":\"https:\\\/\\\/secure.gravatar.com\\\/avatar\\\/c948169b402ef9492afde705c3dfd5e90e1a6a84ef6840a91124f805a25a480f?s=96&d=mm&r=g\",\"caption\":\"Pablo\"},\"url\":\"https:\\\/\\\/www.sindicaturabarcelona.cat\\\/ca\\\/author\\\/pablo\\\/\"}]}<\/script>\n<!-- \/ Yoast SEO plugin. -->","yoast_head_json":{"title":"La Sindicatura de Greuges de Barcelona recomana la creaci\u00f3 d\u2019una comissi\u00f3 de seguiment de les obres de l\u2019L8 de FGC formada per Ajuntament i Generalitat - Sindicatura de Greuges de Barcelona","description":"L\u2019objectiu seria el seguiment i control efectiu de les afectacions que suposin les obres de l\u2019L8 de FGC al parc de Joan Mir\u00f3.","robots":{"index":"index","follow":"follow","max-snippet":"max-snippet:-1","max-image-preview":"max-image-preview:large","max-video-preview":"max-video-preview:-1"},"canonical":"https:\/\/www.sindicaturabarcelona.cat\/ca\/la-sindicatura-de-greuges-de-barcelona-recomana-la-creacio-duna-comissio-de-seguiment-de-les-obres-de-ll8-de-fgc-formada-per-ajuntament-i-generalitat\/","og_locale":"ca_ES","og_type":"article","og_title":"La Sindicatura recomana la creaci\u00f3 d\u2019una comissi\u00f3 de seguiment de les obres de l\u2019L8 de FGC formada per Ajuntament i Generalitat","og_description":"L\u2019objectiu seria el seguiment i control efectiu de les afectacions que suposin les obres de l\u2019L8 de FGC al parc de Joan Mir\u00f3.","og_url":"https:\/\/www.sindicaturabarcelona.cat\/ca\/la-sindicatura-de-greuges-de-barcelona-recomana-la-creacio-duna-comissio-de-seguiment-de-les-obres-de-ll8-de-fgc-formada-per-ajuntament-i-generalitat\/","og_site_name":"Sindicatura de Greuges de Barcelona","article_published_time":"2024-08-29T05:45:00+00:00","article_modified_time":"2024-08-29T06:16:42+00:00","og_image":[{"width":1200,"height":630,"url":"https:\/\/www.sindicaturabarcelona.cat\/wp-content\/uploads\/photo_5947449508256400296_y.jpg","type":"image\/jpeg"}],"author":"Pablo","twitter_card":"summary_large_image","twitter_creator":"@sindicbarcelona","twitter_site":"@sindicbarcelona","twitter_misc":{"Escrit per":"Pablo","Temps estimat de lectura":"4 minuts"},"schema":{"@context":"https:\/\/schema.org","@graph":[{"@type":"Article","@id":"https:\/\/www.sindicaturabarcelona.cat\/ca\/la-sindicatura-de-greuges-de-barcelona-recomana-la-creacio-duna-comissio-de-seguiment-de-les-obres-de-ll8-de-fgc-formada-per-ajuntament-i-generalitat\/#article","isPartOf":{"@id":"https:\/\/www.sindicaturabarcelona.cat\/ca\/la-sindicatura-de-greuges-de-barcelona-recomana-la-creacio-duna-comissio-de-seguiment-de-les-obres-de-ll8-de-fgc-formada-per-ajuntament-i-generalitat\/"},"author":{"name":"Pablo","@id":"https:\/\/www.sindicaturabarcelona.cat\/ca\/#\/schema\/person\/0e5acffc350ffdbc97578159322c9452"},"headline":"La Sindicatura de Greuges de Barcelona recomana la creaci\u00f3 d\u2019una comissi\u00f3 de seguiment de les obres de l\u2019L8 de FGC formada per Ajuntament i Generalitat","datePublished":"2024-08-29T05:45:00+00:00","dateModified":"2024-08-29T06:16:42+00:00","mainEntityOfPage":{"@id":"https:\/\/www.sindicaturabarcelona.cat\/ca\/la-sindicatura-de-greuges-de-barcelona-recomana-la-creacio-duna-comissio-de-seguiment-de-les-obres-de-ll8-de-fgc-formada-per-ajuntament-i-generalitat\/"},"wordCount":654,"publisher":{"@id":"https:\/\/www.sindicaturabarcelona.cat\/ca\/#organization"},"image":{"@id":"https:\/\/www.sindicaturabarcelona.cat\/ca\/la-sindicatura-de-greuges-de-barcelona-recomana-la-creacio-duna-comissio-de-seguiment-de-les-obres-de-ll8-de-fgc-formada-per-ajuntament-i-generalitat\/#primaryimage"},"thumbnailUrl":"https:\/\/www.sindicaturabarcelona.cat\/wp-content\/uploads\/19246_20200528_Desconfinament_PEspanya_146.jpg","inLanguage":"ca"},{"@type":"WebPage","@id":"https:\/\/www.sindicaturabarcelona.cat\/ca\/la-sindicatura-de-greuges-de-barcelona-recomana-la-creacio-duna-comissio-de-seguiment-de-les-obres-de-ll8-de-fgc-formada-per-ajuntament-i-generalitat\/","url":"https:\/\/www.sindicaturabarcelona.cat\/ca\/la-sindicatura-de-greuges-de-barcelona-recomana-la-creacio-duna-comissio-de-seguiment-de-les-obres-de-ll8-de-fgc-formada-per-ajuntament-i-generalitat\/","name":"La Sindicatura de Greuges de Barcelona recomana la creaci\u00f3 d\u2019una comissi\u00f3 de seguiment de les obres de l\u2019L8 de FGC formada per Ajuntament i Generalitat - Sindicatura de Greuges de Barcelona","isPartOf":{"@id":"https:\/\/www.sindicaturabarcelona.cat\/ca\/#website"},"primaryImageOfPage":{"@id":"https:\/\/www.sindicaturabarcelona.cat\/ca\/la-sindicatura-de-greuges-de-barcelona-recomana-la-creacio-duna-comissio-de-seguiment-de-les-obres-de-ll8-de-fgc-formada-per-ajuntament-i-generalitat\/#primaryimage"},"image":{"@id":"https:\/\/www.sindicaturabarcelona.cat\/ca\/la-sindicatura-de-greuges-de-barcelona-recomana-la-creacio-duna-comissio-de-seguiment-de-les-obres-de-ll8-de-fgc-formada-per-ajuntament-i-generalitat\/#primaryimage"},"thumbnailUrl":"https:\/\/www.sindicaturabarcelona.cat\/wp-content\/uploads\/19246_20200528_Desconfinament_PEspanya_146.jpg","datePublished":"2024-08-29T05:45:00+00:00","dateModified":"2024-08-29T06:16:42+00:00","description":"L\u2019objectiu seria el seguiment i control efectiu de les afectacions que suposin les obres de l\u2019L8 de FGC al parc de Joan Mir\u00f3.","breadcrumb":{"@id":"https:\/\/www.sindicaturabarcelona.cat\/ca\/la-sindicatura-de-greuges-de-barcelona-recomana-la-creacio-duna-comissio-de-seguiment-de-les-obres-de-ll8-de-fgc-formada-per-ajuntament-i-generalitat\/#breadcrumb"},"inLanguage":"ca","potentialAction":[{"@type":"ReadAction","target":["https:\/\/www.sindicaturabarcelona.cat\/ca\/la-sindicatura-de-greuges-de-barcelona-recomana-la-creacio-duna-comissio-de-seguiment-de-les-obres-de-ll8-de-fgc-formada-per-ajuntament-i-generalitat\/"]}]},{"@type":"ImageObject","inLanguage":"ca","@id":"https:\/\/www.sindicaturabarcelona.cat\/ca\/la-sindicatura-de-greuges-de-barcelona-recomana-la-creacio-duna-comissio-de-seguiment-de-les-obres-de-ll8-de-fgc-formada-per-ajuntament-i-generalitat\/#primaryimage","url":"https:\/\/www.sindicaturabarcelona.cat\/wp-content\/uploads\/19246_20200528_Desconfinament_PEspanya_146.jpg","contentUrl":"https:\/\/www.sindicaturabarcelona.cat\/wp-content\/uploads\/19246_20200528_Desconfinament_PEspanya_146.jpg","width":1024,"height":683,"caption":"Obres L8 FGC Parc Joan Mir\u00f3"},{"@type":"BreadcrumbList","@id":"https:\/\/www.sindicaturabarcelona.cat\/ca\/la-sindicatura-de-greuges-de-barcelona-recomana-la-creacio-duna-comissio-de-seguiment-de-les-obres-de-ll8-de-fgc-formada-per-ajuntament-i-generalitat\/#breadcrumb","itemListElement":[{"@type":"ListItem","position":1,"name":"Inici","item":"https:\/\/www.sindicaturabarcelona.cat\/ca\/"},{"@type":"ListItem","position":2,"name":"La Sindicatura de Greuges de Barcelona recomana la creaci\u00f3 d\u2019una comissi\u00f3 de seguiment de les obres de l\u2019L8 de FGC formada per Ajuntament i Generalitat"}]},{"@type":"WebSite","@id":"https:\/\/www.sindicaturabarcelona.cat\/ca\/#website","url":"https:\/\/www.sindicaturabarcelona.cat\/ca\/","name":"Sindicatura de Greuges de Barcelona","description":"La defensoria dels teus drets","publisher":{"@id":"https:\/\/www.sindicaturabarcelona.cat\/ca\/#organization"},"potentialAction":[{"@type":"SearchAction","target":{"@type":"EntryPoint","urlTemplate":"https:\/\/www.sindicaturabarcelona.cat\/ca\/?s={search_term_string}"},"query-input":{"@type":"PropertyValueSpecification","valueRequired":true,"valueName":"search_term_string"}}],"inLanguage":"ca"},{"@type":"Organization","@id":"https:\/\/www.sindicaturabarcelona.cat\/ca\/#organization","name":"Sindicatura de Greuges de Barcelona","url":"https:\/\/www.sindicaturabarcelona.cat\/ca\/","logo":{"@type":"ImageObject","inLanguage":"ca","@id":"https:\/\/www.sindicaturabarcelona.cat\/ca\/#\/schema\/logo\/image\/","url":"https:\/\/www.sindicaturabarcelona.cat\/wp-content\/uploads\/2023\/02\/logo_sindicatura.svg","contentUrl":"https:\/\/www.sindicaturabarcelona.cat\/wp-content\/uploads\/2023\/02\/logo_sindicatura.svg","caption":"Sindicatura de Greuges de Barcelona"},"image":{"@id":"https:\/\/www.sindicaturabarcelona.cat\/ca\/#\/schema\/logo\/image\/"},"sameAs":["https:\/\/x.com\/sindicbarcelona","https:\/\/www.instagram.com\/sindicbarcelona\/","https:\/\/www.tiktok.com\/@sindicaturabcn","https:\/\/t.me\/sindicaturabarcelona"]},{"@type":"Person","@id":"https:\/\/www.sindicaturabarcelona.cat\/ca\/#\/schema\/person\/0e5acffc350ffdbc97578159322c9452","name":"Pablo","image":{"@type":"ImageObject","inLanguage":"ca","@id":"https:\/\/secure.gravatar.com\/avatar\/c948169b402ef9492afde705c3dfd5e90e1a6a84ef6840a91124f805a25a480f?s=96&d=mm&r=g","url":"https:\/\/secure.gravatar.com\/avatar\/c948169b402ef9492afde705c3dfd5e90e1a6a84ef6840a91124f805a25a480f?s=96&d=mm&r=g","contentUrl":"https:\/\/secure.gravatar.com\/avatar\/c948169b402ef9492afde705c3dfd5e90e1a6a84ef6840a91124f805a25a480f?s=96&d=mm&r=g","caption":"Pablo"},"url":"https:\/\/www.sindicaturabarcelona.cat\/ca\/author\/pablo\/"}]}},"_links":{"self":[{"href":"https:\/\/www.sindicaturabarcelona.cat\/ca\/wp-json\/wp\/v2\/posts\/33526","targetHints":{"allow":["GET"]}}],"collection":[{"href":"https:\/\/www.sindicaturabarcelona.cat\/ca\/wp-json\/wp\/v2\/posts"}],"about":[{"href":"https:\/\/www.sindicaturabarcelona.cat\/ca\/wp-json\/wp\/v2\/types\/post"}],"author":[{"embeddable":true,"href":"https:\/\/www.sindicaturabarcelona.cat\/ca\/wp-json\/wp\/v2\/users\/2"}],"replies":[{"embeddable":true,"href":"https:\/\/www.sindicaturabarcelona.cat\/ca\/wp-json\/wp\/v2\/comments?post=33526"}],"version-history":[{"count":1,"href":"https:\/\/www.sindicaturabarcelona.cat\/ca\/wp-json\/wp\/v2\/posts\/33526\/revisions"}],"predecessor-version":[{"id":33530,"href":"https:\/\/www.sindicaturabarcelona.cat\/ca\/wp-json\/wp\/v2\/posts\/33526\/revisions\/33530"}],"wp:featuredmedia":[{"embeddable":true,"href":"https:\/\/www.sindicaturabarcelona.cat\/ca\/wp-json\/wp\/v2\/media\/33527"}],"wp:attachment":[{"href":"https:\/\/www.sindicaturabarcelona.cat\/ca\/wp-json\/wp\/v2\/media?parent=33526"}],"wp:term":[{"taxonomy":"post_tag","embeddable":true,"href":"https:\/\/www.sindicaturabarcelona.cat\/ca\/wp-json\/wp\/v2\/tags?post=33526"},{"taxonomy":"drets","embeddable":true,"href":"https:\/\/www.sindicaturabarcelona.cat\/ca\/wp-json\/wp\/v2\/drets?post=33526"}],"curies":[{"name":"wp","href":"https:\/\/api.w.org\/{rel}","templated":true}]}}