{"id":33191,"date":"2024-08-08T07:30:00","date_gmt":"2024-08-08T05:30:00","guid":{"rendered":"https:\/\/www.sindicaturabarcelona.cat\/?p=33191"},"modified":"2024-08-08T08:28:36","modified_gmt":"2024-08-08T06:28:36","slug":"la-sindicatura-de-greuges-de-barcelona-demana-a-lajuntament-implementar-un-respir-plus-per-a-persones-menors-de-60-anys-amb-la-major-brevetat-possible","status":"publish","type":"post","link":"https:\/\/www.sindicaturabarcelona.cat\/ca\/la-sindicatura-de-greuges-de-barcelona-demana-a-lajuntament-implementar-un-respir-plus-per-a-persones-menors-de-60-anys-amb-la-major-brevetat-possible\/","title":{"rendered":"La Sindicatura de Greuges de Barcelona demana a l\u2019Ajuntament implementar un Respir Plus per a persones menors de 60 anys amb la major brevetat possible"},"content":{"rendered":"\n<p><strong>Barcelona, 8 d\u2019agost del 2024<\/strong> \u2013 Amb el prop\u00f2sit que els recursos municipals tractin la ciutadania d\u2019acord amb els principis d\u2019igualtat i equitat, <strong><a href=\"https:\/\/www.sindicaturabarcelona.cat\/wp-content\/uploads\/202407_Dret-salut-i-dret-igualtat_reclama-el-programa-Respir-Plus-per-a-persones-menors-de-60-anys_23Q000982.pdf\" target=\"_blank\" rel=\"noreferrer noopener\">la Sindicatura de Greuges de Barcelona ha recomanat a l\u2019Ajuntament que implementi, amb la major brevetat possible, un Respir Plus per a persones menors de 60 anys.<\/a><\/strong><\/p>\n\n\n\n<p>La defensoria tamb\u00e9 ha fet inc\u00eds en qu\u00e8 <strong>si \u00e9s imprescindible un pla pilot del Respir Plus, l\u2019Ajuntament el dugui a terme durant l\u2019any 2024.<\/strong><\/p>\n\n\n\n<p><strong>\u201cEntenem que hi ha dificultats importants encara a salvar, per\u00f2 tamb\u00e9 considerem<\/strong> <strong>necessari donar prioritat a aquesta q\u00fcesti\u00f3, atenent el retard en la implementaci\u00f3<\/strong> <strong>d\u2019un Respir Plus que no impliqui cap mena de discriminaci\u00f3\u201d<\/strong>, ha expressat el s\u00edndic de greuges de Barcelona, David Bondia.<\/p>\n\n\n\n<h2 class=\"wp-block-heading\"><strong>Qu\u00e8 \u00e9s el Respir Plus?<\/strong><\/h2>\n\n\n\n<p>El <a href=\"https:\/\/ajuntament.barcelona.cat\/personesgrans\/ca\/canal\/programa-respir-plus\" target=\"_blank\" rel=\"noreferrer noopener\">Respir Plus<\/a> \u00e9s una prestaci\u00f3 social de car\u00e0cter econ\u00f2mic que es facilita a persones grans en situaci\u00f3 de depend\u00e8ncia (i que requereixen un suport continuat per al desenvolupament de les activitats b\u00e0siques de la vida di\u00e0ria), per tal que <strong>puguin fer front al pagament d\u2019un servei de suport que permeti millorar la seva qualitat de vida i la dels seus cuidadors<\/strong>.<\/p>\n\n\n\n<p><strong>Entre altres requisits, destaquen els seg\u00fcents: tenir 65 anys o m\u00e9s (excepcionalment es poden admetre persones de 60 a 64 anys)<\/strong> i estar empadronat i residir en un domicili particular a la ciutat de Barcelona de manera continuada durant els cinc&nbsp;anys anteriors a la data de presentaci\u00f3 de la sol\u00b7licitud.&nbsp;<\/p>\n\n\n\n<h2 class=\"wp-block-heading\"><strong>La limitaci\u00f3 d\u2019edat pot considerar-se discriminat\u00f2ria<\/strong><\/h2>\n\n\n\n<p>La Sindicatura de Greuges de Barcelona considera que <strong>el requisit que limita l\u2019edat per accedir al Respir Plus pot ser discriminatori, ja que d\u2019aquesta manera nom\u00e9s es dirigeix a les persones grans i exclou la resta de col\u00b7lectius<\/strong>, com poden ser les persones joves en situaci\u00f3 de depend\u00e8ncia.<\/p>\n\n\n\n<h2 class=\"wp-block-heading\"><strong>L\u2019especial necessitat de suport a les fam\u00edlies amb fills\/es en situaci\u00f3 de depend\u00e8ncia<\/strong><\/h2>\n\n\n\n<p>Les fam\u00edlies que van dirigir-se a la Sindicatura tenen fills i filles&nbsp; amb percentatges elevats de discapacitat i graus II i III de depend\u00e8ncia, que corresponen a depend\u00e8ncia severa i a gran depend\u00e8ncia. S\u2019hi afegeixen tamb\u00e9 altres factors addicionals que agreugen les condicions de les cures. D\u2019una banda, la sobrec\u00e0rrega de les persones que realitzen les cures genera un impacte important en la seva salut i en la seva qualitat de vida, el que s\u2019incrementa quan es porta a terme la cura d\u2019un fill o filla. De l\u2019altra, l\u2019IMPD (Institut Municipal de Persones amb Discapacitat) en el document \u201cEl greuge econ\u00f2mic de les persones amb discapacitat de la ciutat de Barcelona\u201d (2019) determinava l\u2019exist\u00e8ncia d\u2019un greuge econ\u00f2mic m\u00e9s elevat en el grup compr\u00e8s entre els 6 i els 64 anys. &nbsp;&nbsp;&nbsp;&nbsp;<\/p>\n\n\n\n<h2 class=\"wp-block-heading\"><strong>L\u2019origen de la intervenci\u00f3 de la Sindicatura<\/strong><\/h2>\n\n\n\n<p><strong>Diverses fam\u00edlies amb fills i filles amb graus II o III de depend\u00e8ncia, i en molts casos amb graus de discapacitat reconeguda del 65% o superior<\/strong>, van dirigir-se a la Sindicatura per reclamar el Respir Plus per a menors de 60 anys.<\/p>\n\n\n\n<p>Denunciaven que despr\u00e9s d\u2019un proc\u00e9s dilatat, en el qual havien presentat queixes a l\u2019Ajuntament de Barcelona sol\u00b7licitant el Respir Plus per a menors de 60 anys, no havien aconseguit una resposta concreta, malgrat que havien mantingut reunions amb representants municipals.<\/p>\n\n\n\n<p>En concret, exposaven que quan els fills i filles s\u00f3n menors d\u2019edat s\u00ed que hi ha m\u00e9s recursos de Respir, per\u00f2 quan passen a ser majors d\u2019edat es restringeix molt l\u2019acc\u00e9s a aquests recursos. <strong>Bona part dels seus fills tenen discapacitats intel\u00b7lectuals, que en molts casos comporten trastorns de conducta, i aquesta darrera condici\u00f3 els exclou dels pocs recursos Respir que existeixen per a joves.<\/strong> A m\u00e9s, els mitjans privats poden ser inassolibles econ\u00f2micament per a moltes fam\u00edlies.<\/p>\n\n\n\n<h2 class=\"wp-block-heading\"><strong>Qu\u00e8 diu l\u2019Ajuntament sobre l\u2019opci\u00f3 d\u2019un Respir Plus per menors de 60 anys<\/strong><\/h2>\n\n\n\n<p>L\u2019Institut Municipal de Persones amb Discapacitat (IMPD) ha manifestat a la Sindicatura de Greuges de Barcelona que <strong>est\u00e0 analitzant la demanda del sector i les diferents modalitats de Respir possibles. Un dels col\u00b7lectius en els quals s\u2019ha copsat una necessitat m\u00e9s flagrant \u00e9s el de fam\u00edlies monoparentals amb fills i filles amb discapacitat.<\/strong><\/p>\n\n\n\n<p>L\u2019IMPD afegeix que, una vegada analitzada i dimensionada la necessitat, caldr\u00e0 definir el model de prestaci\u00f3 del servei i dotar-lo de pressupost. En aquesta l\u00ednia, hi ha la voluntat de poder activar aquest servei al m\u00e9s aviat possible i donar resposta a les demandes de les fam\u00edlies.<\/p>\n\n\n\n<p>Tot i que l\u2019Ajuntament mostra la seva predisposici\u00f3 a obrir l\u2019acc\u00e9s al Respir Plus a altres col\u00b7lectius, <strong>la Sindicatura vol incidir en el fet que des de la primera convocat\u00f2ria del Respir Plus l\u2019any 2013 fins a l\u2019actualitat, el consistori no hagi pogut articular un programa amb un abast m\u00e9s ampli per a les persones amb depend\u00e8ncia de totes les edats. <\/strong><strong><\/strong><\/p>\n","protected":false},"excerpt":{"rendered":"<p>Barcelona, 8 d\u2019agost del 2024 \u2013 Amb el prop\u00f2sit que els recursos municipals tractin la ciutadania d\u2019acord amb els principis d\u2019igualtat i equitat, la Sindicatura de Greuges de Barcelona ha [&hellip;]<\/p>\n","protected":false},"author":2,"featured_media":33195,"comment_status":"closed","ping_status":"closed","sticky":false,"template":"","format":"standard","meta":{"_acf_changed":false,"footnotes":""},"tags":[],"drets":[1428,1431,1442,1458],"class_list":["post-33191","post","type-post","status-publish","format-standard","has-post-thumbnail","hentry","drets-ciutat-equitativa","drets-dret-a-la-salut","drets-ciutat-diversa","drets-dret-a-la-igualtat-i-a-la-diversitat"],"acf":[],"yoast_head":"<!-- This site is optimized with the Yoast SEO plugin v27.5 - https:\/\/yoast.com\/product\/yoast-seo-wordpress\/ -->\n<title>La Sindicatura de Greuges de Barcelona demana a l\u2019Ajuntament implementar un Respir Plus per a persones menors de 60 anys amb la major brevetat possible - Sindicatura de Greuges de Barcelona<\/title>\n<meta name=\"description\" content=\"La defensoria tamb\u00e9 ha fet inc\u00eds en qu\u00e8 si \u00e9s imprescindible un pla pilot del Respir Plus, l\u2019Ajuntament el dugui a terme durant l\u2019any 2024.\" \/>\n<meta name=\"robots\" content=\"index, follow, max-snippet:-1, max-image-preview:large, max-video-preview:-1\" \/>\n<link rel=\"canonical\" href=\"https:\/\/www.sindicaturabarcelona.cat\/ca\/la-sindicatura-de-greuges-de-barcelona-demana-a-lajuntament-implementar-un-respir-plus-per-a-persones-menors-de-60-anys-amb-la-major-brevetat-possible\/\" \/>\n<meta property=\"og:locale\" content=\"ca_ES\" \/>\n<meta property=\"og:type\" content=\"article\" \/>\n<meta property=\"og:title\" content=\"La Sindicatura demana a l\u2019Ajuntament implementar un Respir Plus per a persones menors de 60 anys amb la major brevetat possible\" \/>\n<meta property=\"og:description\" content=\"La defensoria tamb\u00e9 ha fet inc\u00eds en qu\u00e8 si \u00e9s imprescindible un pla pilot del Respir Plus, l\u2019Ajuntament el dugui a terme durant l\u2019any 2024.\" \/>\n<meta property=\"og:url\" content=\"https:\/\/www.sindicaturabarcelona.cat\/ca\/la-sindicatura-de-greuges-de-barcelona-demana-a-lajuntament-implementar-un-respir-plus-per-a-persones-menors-de-60-anys-amb-la-major-brevetat-possible\/\" \/>\n<meta property=\"og:site_name\" content=\"Sindicatura de Greuges de Barcelona\" \/>\n<meta property=\"article:published_time\" content=\"2024-08-08T05:30:00+00:00\" \/>\n<meta property=\"article:modified_time\" content=\"2024-08-08T06:28:36+00:00\" \/>\n<meta property=\"og:image\" content=\"https:\/\/www.sindicaturabarcelona.cat\/wp-content\/uploads\/photo_5881813006290109363_y.jpg\" \/>\n\t<meta property=\"og:image:width\" content=\"1200\" \/>\n\t<meta property=\"og:image:height\" content=\"630\" \/>\n\t<meta property=\"og:image:type\" content=\"image\/jpeg\" \/>\n<meta name=\"author\" content=\"Pablo\" \/>\n<meta name=\"twitter:card\" content=\"summary_large_image\" \/>\n<meta name=\"twitter:creator\" content=\"@sindicbarcelona\" \/>\n<meta name=\"twitter:site\" content=\"@sindicbarcelona\" \/>\n<meta name=\"twitter:label1\" content=\"Escrit per\" \/>\n\t<meta name=\"twitter:data1\" content=\"Pablo\" \/>\n\t<meta name=\"twitter:label2\" content=\"Temps estimat de lectura\" \/>\n\t<meta name=\"twitter:data2\" content=\"5 minuts\" \/>\n<script type=\"application\/ld+json\" class=\"yoast-schema-graph\">{\"@context\":\"https:\\\/\\\/schema.org\",\"@graph\":[{\"@type\":\"Article\",\"@id\":\"https:\\\/\\\/www.sindicaturabarcelona.cat\\\/ca\\\/la-sindicatura-de-greuges-de-barcelona-demana-a-lajuntament-implementar-un-respir-plus-per-a-persones-menors-de-60-anys-amb-la-major-brevetat-possible\\\/#article\",\"isPartOf\":{\"@id\":\"https:\\\/\\\/www.sindicaturabarcelona.cat\\\/ca\\\/la-sindicatura-de-greuges-de-barcelona-demana-a-lajuntament-implementar-un-respir-plus-per-a-persones-menors-de-60-anys-amb-la-major-brevetat-possible\\\/\"},\"author\":{\"name\":\"Pablo\",\"@id\":\"https:\\\/\\\/www.sindicaturabarcelona.cat\\\/ca\\\/#\\\/schema\\\/person\\\/0e5acffc350ffdbc97578159322c9452\"},\"headline\":\"La Sindicatura de Greuges de Barcelona demana a l\u2019Ajuntament implementar un Respir Plus per a persones menors de 60 anys amb la major brevetat possible\",\"datePublished\":\"2024-08-08T05:30:00+00:00\",\"dateModified\":\"2024-08-08T06:28:36+00:00\",\"mainEntityOfPage\":{\"@id\":\"https:\\\/\\\/www.sindicaturabarcelona.cat\\\/ca\\\/la-sindicatura-de-greuges-de-barcelona-demana-a-lajuntament-implementar-un-respir-plus-per-a-persones-menors-de-60-anys-amb-la-major-brevetat-possible\\\/\"},\"wordCount\":879,\"publisher\":{\"@id\":\"https:\\\/\\\/www.sindicaturabarcelona.cat\\\/ca\\\/#organization\"},\"image\":{\"@id\":\"https:\\\/\\\/www.sindicaturabarcelona.cat\\\/ca\\\/la-sindicatura-de-greuges-de-barcelona-demana-a-lajuntament-implementar-un-respir-plus-per-a-persones-menors-de-60-anys-amb-la-major-brevetat-possible\\\/#primaryimage\"},\"thumbnailUrl\":\"https:\\\/\\\/www.sindicaturabarcelona.cat\\\/wp-content\\\/uploads\\\/15745_180922_AF_MerceRespira_011.jpg\",\"inLanguage\":\"ca\"},{\"@type\":\"WebPage\",\"@id\":\"https:\\\/\\\/www.sindicaturabarcelona.cat\\\/ca\\\/la-sindicatura-de-greuges-de-barcelona-demana-a-lajuntament-implementar-un-respir-plus-per-a-persones-menors-de-60-anys-amb-la-major-brevetat-possible\\\/\",\"url\":\"https:\\\/\\\/www.sindicaturabarcelona.cat\\\/ca\\\/la-sindicatura-de-greuges-de-barcelona-demana-a-lajuntament-implementar-un-respir-plus-per-a-persones-menors-de-60-anys-amb-la-major-brevetat-possible\\\/\",\"name\":\"La Sindicatura de Greuges de Barcelona demana a l\u2019Ajuntament implementar un Respir Plus per a persones menors de 60 anys amb la major brevetat possible - Sindicatura de Greuges de Barcelona\",\"isPartOf\":{\"@id\":\"https:\\\/\\\/www.sindicaturabarcelona.cat\\\/ca\\\/#website\"},\"primaryImageOfPage\":{\"@id\":\"https:\\\/\\\/www.sindicaturabarcelona.cat\\\/ca\\\/la-sindicatura-de-greuges-de-barcelona-demana-a-lajuntament-implementar-un-respir-plus-per-a-persones-menors-de-60-anys-amb-la-major-brevetat-possible\\\/#primaryimage\"},\"image\":{\"@id\":\"https:\\\/\\\/www.sindicaturabarcelona.cat\\\/ca\\\/la-sindicatura-de-greuges-de-barcelona-demana-a-lajuntament-implementar-un-respir-plus-per-a-persones-menors-de-60-anys-amb-la-major-brevetat-possible\\\/#primaryimage\"},\"thumbnailUrl\":\"https:\\\/\\\/www.sindicaturabarcelona.cat\\\/wp-content\\\/uploads\\\/15745_180922_AF_MerceRespira_011.jpg\",\"datePublished\":\"2024-08-08T05:30:00+00:00\",\"dateModified\":\"2024-08-08T06:28:36+00:00\",\"description\":\"La defensoria tamb\u00e9 ha fet inc\u00eds en qu\u00e8 si \u00e9s imprescindible un pla pilot del Respir Plus, l\u2019Ajuntament el dugui a terme durant l\u2019any 2024.\",\"breadcrumb\":{\"@id\":\"https:\\\/\\\/www.sindicaturabarcelona.cat\\\/ca\\\/la-sindicatura-de-greuges-de-barcelona-demana-a-lajuntament-implementar-un-respir-plus-per-a-persones-menors-de-60-anys-amb-la-major-brevetat-possible\\\/#breadcrumb\"},\"inLanguage\":\"ca\",\"potentialAction\":[{\"@type\":\"ReadAction\",\"target\":[\"https:\\\/\\\/www.sindicaturabarcelona.cat\\\/ca\\\/la-sindicatura-de-greuges-de-barcelona-demana-a-lajuntament-implementar-un-respir-plus-per-a-persones-menors-de-60-anys-amb-la-major-brevetat-possible\\\/\"]}]},{\"@type\":\"ImageObject\",\"inLanguage\":\"ca\",\"@id\":\"https:\\\/\\\/www.sindicaturabarcelona.cat\\\/ca\\\/la-sindicatura-de-greuges-de-barcelona-demana-a-lajuntament-implementar-un-respir-plus-per-a-persones-menors-de-60-anys-amb-la-major-brevetat-possible\\\/#primaryimage\",\"url\":\"https:\\\/\\\/www.sindicaturabarcelona.cat\\\/wp-content\\\/uploads\\\/15745_180922_AF_MerceRespira_011.jpg\",\"contentUrl\":\"https:\\\/\\\/www.sindicaturabarcelona.cat\\\/wp-content\\\/uploads\\\/15745_180922_AF_MerceRespira_011.jpg\",\"width\":1024,\"height\":684,\"caption\":\"Respir Plus\"},{\"@type\":\"BreadcrumbList\",\"@id\":\"https:\\\/\\\/www.sindicaturabarcelona.cat\\\/ca\\\/la-sindicatura-de-greuges-de-barcelona-demana-a-lajuntament-implementar-un-respir-plus-per-a-persones-menors-de-60-anys-amb-la-major-brevetat-possible\\\/#breadcrumb\",\"itemListElement\":[{\"@type\":\"ListItem\",\"position\":1,\"name\":\"Inici\",\"item\":\"https:\\\/\\\/www.sindicaturabarcelona.cat\\\/ca\\\/\"},{\"@type\":\"ListItem\",\"position\":2,\"name\":\"La Sindicatura de Greuges de Barcelona demana a l\u2019Ajuntament implementar un Respir Plus per a persones menors de 60 anys amb la major brevetat possible\"}]},{\"@type\":\"WebSite\",\"@id\":\"https:\\\/\\\/www.sindicaturabarcelona.cat\\\/ca\\\/#website\",\"url\":\"https:\\\/\\\/www.sindicaturabarcelona.cat\\\/ca\\\/\",\"name\":\"Sindicatura de Greuges de Barcelona\",\"description\":\"La defensoria dels teus drets\",\"publisher\":{\"@id\":\"https:\\\/\\\/www.sindicaturabarcelona.cat\\\/ca\\\/#organization\"},\"potentialAction\":[{\"@type\":\"SearchAction\",\"target\":{\"@type\":\"EntryPoint\",\"urlTemplate\":\"https:\\\/\\\/www.sindicaturabarcelona.cat\\\/ca\\\/?s={search_term_string}\"},\"query-input\":{\"@type\":\"PropertyValueSpecification\",\"valueRequired\":true,\"valueName\":\"search_term_string\"}}],\"inLanguage\":\"ca\"},{\"@type\":\"Organization\",\"@id\":\"https:\\\/\\\/www.sindicaturabarcelona.cat\\\/ca\\\/#organization\",\"name\":\"Sindicatura de Greuges de Barcelona\",\"url\":\"https:\\\/\\\/www.sindicaturabarcelona.cat\\\/ca\\\/\",\"logo\":{\"@type\":\"ImageObject\",\"inLanguage\":\"ca\",\"@id\":\"https:\\\/\\\/www.sindicaturabarcelona.cat\\\/ca\\\/#\\\/schema\\\/logo\\\/image\\\/\",\"url\":\"https:\\\/\\\/www.sindicaturabarcelona.cat\\\/wp-content\\\/uploads\\\/2023\\\/02\\\/logo_sindicatura.svg\",\"contentUrl\":\"https:\\\/\\\/www.sindicaturabarcelona.cat\\\/wp-content\\\/uploads\\\/2023\\\/02\\\/logo_sindicatura.svg\",\"caption\":\"Sindicatura de Greuges de Barcelona\"},\"image\":{\"@id\":\"https:\\\/\\\/www.sindicaturabarcelona.cat\\\/ca\\\/#\\\/schema\\\/logo\\\/image\\\/\"},\"sameAs\":[\"https:\\\/\\\/x.com\\\/sindicbarcelona\",\"https:\\\/\\\/www.instagram.com\\\/sindicbarcelona\\\/\",\"https:\\\/\\\/www.tiktok.com\\\/@sindicaturabcn\",\"https:\\\/\\\/t.me\\\/sindicaturabarcelona\"]},{\"@type\":\"Person\",\"@id\":\"https:\\\/\\\/www.sindicaturabarcelona.cat\\\/ca\\\/#\\\/schema\\\/person\\\/0e5acffc350ffdbc97578159322c9452\",\"name\":\"Pablo\",\"image\":{\"@type\":\"ImageObject\",\"inLanguage\":\"ca\",\"@id\":\"https:\\\/\\\/secure.gravatar.com\\\/avatar\\\/c948169b402ef9492afde705c3dfd5e90e1a6a84ef6840a91124f805a25a480f?s=96&d=mm&r=g\",\"url\":\"https:\\\/\\\/secure.gravatar.com\\\/avatar\\\/c948169b402ef9492afde705c3dfd5e90e1a6a84ef6840a91124f805a25a480f?s=96&d=mm&r=g\",\"contentUrl\":\"https:\\\/\\\/secure.gravatar.com\\\/avatar\\\/c948169b402ef9492afde705c3dfd5e90e1a6a84ef6840a91124f805a25a480f?s=96&d=mm&r=g\",\"caption\":\"Pablo\"},\"url\":\"https:\\\/\\\/www.sindicaturabarcelona.cat\\\/ca\\\/author\\\/pablo\\\/\"}]}<\/script>\n<!-- \/ Yoast SEO plugin. -->","yoast_head_json":{"title":"La Sindicatura de Greuges de Barcelona demana a l\u2019Ajuntament implementar un Respir Plus per a persones menors de 60 anys amb la major brevetat possible - Sindicatura de Greuges de Barcelona","description":"La defensoria tamb\u00e9 ha fet inc\u00eds en qu\u00e8 si \u00e9s imprescindible un pla pilot del Respir Plus, l\u2019Ajuntament el dugui a terme durant l\u2019any 2024.","robots":{"index":"index","follow":"follow","max-snippet":"max-snippet:-1","max-image-preview":"max-image-preview:large","max-video-preview":"max-video-preview:-1"},"canonical":"https:\/\/www.sindicaturabarcelona.cat\/ca\/la-sindicatura-de-greuges-de-barcelona-demana-a-lajuntament-implementar-un-respir-plus-per-a-persones-menors-de-60-anys-amb-la-major-brevetat-possible\/","og_locale":"ca_ES","og_type":"article","og_title":"La Sindicatura demana a l\u2019Ajuntament implementar un Respir Plus per a persones menors de 60 anys amb la major brevetat possible","og_description":"La defensoria tamb\u00e9 ha fet inc\u00eds en qu\u00e8 si \u00e9s imprescindible un pla pilot del Respir Plus, l\u2019Ajuntament el dugui a terme durant l\u2019any 2024.","og_url":"https:\/\/www.sindicaturabarcelona.cat\/ca\/la-sindicatura-de-greuges-de-barcelona-demana-a-lajuntament-implementar-un-respir-plus-per-a-persones-menors-de-60-anys-amb-la-major-brevetat-possible\/","og_site_name":"Sindicatura de Greuges de Barcelona","article_published_time":"2024-08-08T05:30:00+00:00","article_modified_time":"2024-08-08T06:28:36+00:00","og_image":[{"width":1200,"height":630,"url":"https:\/\/www.sindicaturabarcelona.cat\/wp-content\/uploads\/photo_5881813006290109363_y.jpg","type":"image\/jpeg"}],"author":"Pablo","twitter_card":"summary_large_image","twitter_creator":"@sindicbarcelona","twitter_site":"@sindicbarcelona","twitter_misc":{"Escrit per":"Pablo","Temps estimat de lectura":"5 minuts"},"schema":{"@context":"https:\/\/schema.org","@graph":[{"@type":"Article","@id":"https:\/\/www.sindicaturabarcelona.cat\/ca\/la-sindicatura-de-greuges-de-barcelona-demana-a-lajuntament-implementar-un-respir-plus-per-a-persones-menors-de-60-anys-amb-la-major-brevetat-possible\/#article","isPartOf":{"@id":"https:\/\/www.sindicaturabarcelona.cat\/ca\/la-sindicatura-de-greuges-de-barcelona-demana-a-lajuntament-implementar-un-respir-plus-per-a-persones-menors-de-60-anys-amb-la-major-brevetat-possible\/"},"author":{"name":"Pablo","@id":"https:\/\/www.sindicaturabarcelona.cat\/ca\/#\/schema\/person\/0e5acffc350ffdbc97578159322c9452"},"headline":"La Sindicatura de Greuges de Barcelona demana a l\u2019Ajuntament implementar un Respir Plus per a persones menors de 60 anys amb la major brevetat possible","datePublished":"2024-08-08T05:30:00+00:00","dateModified":"2024-08-08T06:28:36+00:00","mainEntityOfPage":{"@id":"https:\/\/www.sindicaturabarcelona.cat\/ca\/la-sindicatura-de-greuges-de-barcelona-demana-a-lajuntament-implementar-un-respir-plus-per-a-persones-menors-de-60-anys-amb-la-major-brevetat-possible\/"},"wordCount":879,"publisher":{"@id":"https:\/\/www.sindicaturabarcelona.cat\/ca\/#organization"},"image":{"@id":"https:\/\/www.sindicaturabarcelona.cat\/ca\/la-sindicatura-de-greuges-de-barcelona-demana-a-lajuntament-implementar-un-respir-plus-per-a-persones-menors-de-60-anys-amb-la-major-brevetat-possible\/#primaryimage"},"thumbnailUrl":"https:\/\/www.sindicaturabarcelona.cat\/wp-content\/uploads\/15745_180922_AF_MerceRespira_011.jpg","inLanguage":"ca"},{"@type":"WebPage","@id":"https:\/\/www.sindicaturabarcelona.cat\/ca\/la-sindicatura-de-greuges-de-barcelona-demana-a-lajuntament-implementar-un-respir-plus-per-a-persones-menors-de-60-anys-amb-la-major-brevetat-possible\/","url":"https:\/\/www.sindicaturabarcelona.cat\/ca\/la-sindicatura-de-greuges-de-barcelona-demana-a-lajuntament-implementar-un-respir-plus-per-a-persones-menors-de-60-anys-amb-la-major-brevetat-possible\/","name":"La Sindicatura de Greuges de Barcelona demana a l\u2019Ajuntament implementar un Respir Plus per a persones menors de 60 anys amb la major brevetat possible - Sindicatura de Greuges de Barcelona","isPartOf":{"@id":"https:\/\/www.sindicaturabarcelona.cat\/ca\/#website"},"primaryImageOfPage":{"@id":"https:\/\/www.sindicaturabarcelona.cat\/ca\/la-sindicatura-de-greuges-de-barcelona-demana-a-lajuntament-implementar-un-respir-plus-per-a-persones-menors-de-60-anys-amb-la-major-brevetat-possible\/#primaryimage"},"image":{"@id":"https:\/\/www.sindicaturabarcelona.cat\/ca\/la-sindicatura-de-greuges-de-barcelona-demana-a-lajuntament-implementar-un-respir-plus-per-a-persones-menors-de-60-anys-amb-la-major-brevetat-possible\/#primaryimage"},"thumbnailUrl":"https:\/\/www.sindicaturabarcelona.cat\/wp-content\/uploads\/15745_180922_AF_MerceRespira_011.jpg","datePublished":"2024-08-08T05:30:00+00:00","dateModified":"2024-08-08T06:28:36+00:00","description":"La defensoria tamb\u00e9 ha fet inc\u00eds en qu\u00e8 si \u00e9s imprescindible un pla pilot del Respir Plus, l\u2019Ajuntament el dugui a terme durant l\u2019any 2024.","breadcrumb":{"@id":"https:\/\/www.sindicaturabarcelona.cat\/ca\/la-sindicatura-de-greuges-de-barcelona-demana-a-lajuntament-implementar-un-respir-plus-per-a-persones-menors-de-60-anys-amb-la-major-brevetat-possible\/#breadcrumb"},"inLanguage":"ca","potentialAction":[{"@type":"ReadAction","target":["https:\/\/www.sindicaturabarcelona.cat\/ca\/la-sindicatura-de-greuges-de-barcelona-demana-a-lajuntament-implementar-un-respir-plus-per-a-persones-menors-de-60-anys-amb-la-major-brevetat-possible\/"]}]},{"@type":"ImageObject","inLanguage":"ca","@id":"https:\/\/www.sindicaturabarcelona.cat\/ca\/la-sindicatura-de-greuges-de-barcelona-demana-a-lajuntament-implementar-un-respir-plus-per-a-persones-menors-de-60-anys-amb-la-major-brevetat-possible\/#primaryimage","url":"https:\/\/www.sindicaturabarcelona.cat\/wp-content\/uploads\/15745_180922_AF_MerceRespira_011.jpg","contentUrl":"https:\/\/www.sindicaturabarcelona.cat\/wp-content\/uploads\/15745_180922_AF_MerceRespira_011.jpg","width":1024,"height":684,"caption":"Respir Plus"},{"@type":"BreadcrumbList","@id":"https:\/\/www.sindicaturabarcelona.cat\/ca\/la-sindicatura-de-greuges-de-barcelona-demana-a-lajuntament-implementar-un-respir-plus-per-a-persones-menors-de-60-anys-amb-la-major-brevetat-possible\/#breadcrumb","itemListElement":[{"@type":"ListItem","position":1,"name":"Inici","item":"https:\/\/www.sindicaturabarcelona.cat\/ca\/"},{"@type":"ListItem","position":2,"name":"La Sindicatura de Greuges de Barcelona demana a l\u2019Ajuntament implementar un Respir Plus per a persones menors de 60 anys amb la major brevetat possible"}]},{"@type":"WebSite","@id":"https:\/\/www.sindicaturabarcelona.cat\/ca\/#website","url":"https:\/\/www.sindicaturabarcelona.cat\/ca\/","name":"Sindicatura de Greuges de Barcelona","description":"La defensoria dels teus drets","publisher":{"@id":"https:\/\/www.sindicaturabarcelona.cat\/ca\/#organization"},"potentialAction":[{"@type":"SearchAction","target":{"@type":"EntryPoint","urlTemplate":"https:\/\/www.sindicaturabarcelona.cat\/ca\/?s={search_term_string}"},"query-input":{"@type":"PropertyValueSpecification","valueRequired":true,"valueName":"search_term_string"}}],"inLanguage":"ca"},{"@type":"Organization","@id":"https:\/\/www.sindicaturabarcelona.cat\/ca\/#organization","name":"Sindicatura de Greuges de Barcelona","url":"https:\/\/www.sindicaturabarcelona.cat\/ca\/","logo":{"@type":"ImageObject","inLanguage":"ca","@id":"https:\/\/www.sindicaturabarcelona.cat\/ca\/#\/schema\/logo\/image\/","url":"https:\/\/www.sindicaturabarcelona.cat\/wp-content\/uploads\/2023\/02\/logo_sindicatura.svg","contentUrl":"https:\/\/www.sindicaturabarcelona.cat\/wp-content\/uploads\/2023\/02\/logo_sindicatura.svg","caption":"Sindicatura de Greuges de Barcelona"},"image":{"@id":"https:\/\/www.sindicaturabarcelona.cat\/ca\/#\/schema\/logo\/image\/"},"sameAs":["https:\/\/x.com\/sindicbarcelona","https:\/\/www.instagram.com\/sindicbarcelona\/","https:\/\/www.tiktok.com\/@sindicaturabcn","https:\/\/t.me\/sindicaturabarcelona"]},{"@type":"Person","@id":"https:\/\/www.sindicaturabarcelona.cat\/ca\/#\/schema\/person\/0e5acffc350ffdbc97578159322c9452","name":"Pablo","image":{"@type":"ImageObject","inLanguage":"ca","@id":"https:\/\/secure.gravatar.com\/avatar\/c948169b402ef9492afde705c3dfd5e90e1a6a84ef6840a91124f805a25a480f?s=96&d=mm&r=g","url":"https:\/\/secure.gravatar.com\/avatar\/c948169b402ef9492afde705c3dfd5e90e1a6a84ef6840a91124f805a25a480f?s=96&d=mm&r=g","contentUrl":"https:\/\/secure.gravatar.com\/avatar\/c948169b402ef9492afde705c3dfd5e90e1a6a84ef6840a91124f805a25a480f?s=96&d=mm&r=g","caption":"Pablo"},"url":"https:\/\/www.sindicaturabarcelona.cat\/ca\/author\/pablo\/"}]}},"_links":{"self":[{"href":"https:\/\/www.sindicaturabarcelona.cat\/ca\/wp-json\/wp\/v2\/posts\/33191","targetHints":{"allow":["GET"]}}],"collection":[{"href":"https:\/\/www.sindicaturabarcelona.cat\/ca\/wp-json\/wp\/v2\/posts"}],"about":[{"href":"https:\/\/www.sindicaturabarcelona.cat\/ca\/wp-json\/wp\/v2\/types\/post"}],"author":[{"embeddable":true,"href":"https:\/\/www.sindicaturabarcelona.cat\/ca\/wp-json\/wp\/v2\/users\/2"}],"replies":[{"embeddable":true,"href":"https:\/\/www.sindicaturabarcelona.cat\/ca\/wp-json\/wp\/v2\/comments?post=33191"}],"version-history":[{"count":1,"href":"https:\/\/www.sindicaturabarcelona.cat\/ca\/wp-json\/wp\/v2\/posts\/33191\/revisions"}],"predecessor-version":[{"id":33198,"href":"https:\/\/www.sindicaturabarcelona.cat\/ca\/wp-json\/wp\/v2\/posts\/33191\/revisions\/33198"}],"wp:featuredmedia":[{"embeddable":true,"href":"https:\/\/www.sindicaturabarcelona.cat\/ca\/wp-json\/wp\/v2\/media\/33195"}],"wp:attachment":[{"href":"https:\/\/www.sindicaturabarcelona.cat\/ca\/wp-json\/wp\/v2\/media?parent=33191"}],"wp:term":[{"taxonomy":"post_tag","embeddable":true,"href":"https:\/\/www.sindicaturabarcelona.cat\/ca\/wp-json\/wp\/v2\/tags?post=33191"},{"taxonomy":"drets","embeddable":true,"href":"https:\/\/www.sindicaturabarcelona.cat\/ca\/wp-json\/wp\/v2\/drets?post=33191"}],"curies":[{"name":"wp","href":"https:\/\/api.w.org\/{rel}","templated":true}]}}