{"id":33122,"date":"2024-07-04T07:30:00","date_gmt":"2024-07-04T05:30:00","guid":{"rendered":"https:\/\/www.sindicaturabarcelona.cat\/?p=33122"},"modified":"2024-07-03T15:08:33","modified_gmt":"2024-07-03T13:08:33","slug":"la-sindicatura-de-greuges-de-barcelona-obre-una-actuacio-dofici-sobre-lallotjament-temporal-durgencia-i-impulsa-un-grup-de-treball-per-abordar-ho","status":"publish","type":"post","link":"https:\/\/www.sindicaturabarcelona.cat\/ca\/la-sindicatura-de-greuges-de-barcelona-obre-una-actuacio-dofici-sobre-lallotjament-temporal-durgencia-i-impulsa-un-grup-de-treball-per-abordar-ho\/","title":{"rendered":"La Sindicatura de Greuges de Barcelona obre una actuaci\u00f3 d\u2019ofici sobre l\u2019allotjament temporal d\u2019urg\u00e8ncia i impulsa un grup de treball per abordar-ho"},"content":{"rendered":"\n<h2 class=\"wp-block-heading\"><strong>La revisi\u00f3 del model d\u2019allotjament d\u2019urg\u00e8ncia ja va ser una de les deu recomanacions priorit\u00e0ries que la Sindicatura de Greuges de Barcelona va fer a l\u2019Ajuntament durant l\u2019any 2023.<\/strong><\/h2>\n\n\n\n<h2 class=\"wp-block-heading\"><strong>Un dels primers acords del grup de treball \u00e9s la petici\u00f3 d\u2019una morat\u00f2ria en l\u2019aplicaci\u00f3 dels nous criteris pel que fa al recurs dels allotjaments temporals d\u2019urg\u00e8ncia, que s\u2019adre\u00e7ar\u00e0 a la Comissionada d\u2019Acci\u00f3 Social i al Comissionat d\u2019Habitatge.<\/strong><\/h2>\n\n\n\n<p><strong>Barcelona, 4 de juliol de 2024 \u2013<\/strong> La <a href=\"http:\/\/www.sindicaturabarcelona.cat\" target=\"_blank\" rel=\"noreferrer noopener\">Sindicatura de Greuges de Barcelona<\/a> ha decidit actuar d\u2019ofici per analitzar els criteris i el proc\u00e9s de gesti\u00f3 dels allotjaments temporals d\u2019urg\u00e8ncia facilitats pels serveis socials. L\u2019objectiu \u00e9s <strong>aportar propostes de millora per abordar les queixes i els reclams de les persones usu\u00e0ries d\u2019aquest servei municipal, i tamb\u00e9 de les treballadores dels serveis socials<\/strong> de l\u2019Ajuntament de Barcelona.<\/p>\n\n\n\n<p>Per refor\u00e7ar aquesta intervenci\u00f3, <strong>la defensoria ha impulsat en grup de treball per abordar els allotjaments d\u2019urg\u00e8ncia<\/strong>.La primera sessi\u00f3 d\u2019aquest grup de treball ha comptat amb la participaci\u00f3 de persones expertes provinents de l\u2019\u00e0mbit social, professional i universitari. Entre altres, <strong>un dels primers acords del grup de treball est\u00e0 vinculat a la petici\u00f3 d\u2019una morat\u00f2ria en l\u2019aplicaci\u00f3 dels nous criteris pel que fa al recurs dels allotjaments temporals d\u2019urg\u00e8ncia<\/strong>, que s\u2019adre\u00e7ar\u00e0 a la Comissionada d\u2019Acci\u00f3 Social i al Comissionat d\u2019Habitatge.<\/p>\n\n\n\n<p>Concretament, la morat\u00f2ria demanada \u00e9s sobre el document <em>Criteris t\u00e8cnics, processos i procediments per a l\u2019acc\u00e9s al recurs Allotjament Temporal Urgent (ATU),<\/em> adre\u00e7at durant el mes de maig per part de l&#8217;IMSS cap als equips de serveis socials i que, a parer del grup de treball impulsat per la Sindicatura, <strong>dificulta l&#8217;acc\u00e9s a aquests recursos d&#8217;urg\u00e8ncia i delimita el temps d&#8217;estada de les persones usu\u00e0ries<\/strong>.<\/p>\n\n\n\n<p><strong>La prestaci\u00f3 d\u2019allotjaments d\u2019urg\u00e8ncia a Barcelona presenta diversos problemes que posen en dubte la qualitat del servei, que \u00e9s gestionat per un operador tur\u00edstic:<\/strong><\/p>\n\n\n\n<ul class=\"wp-block-list\">\n<li>L\u2019allotjament temporal pot allargar-se mesos i, fins i tot, anys.<\/li>\n\n\n\n<li>Sovint, les condicions dels allotjaments s\u00f3n de baixa qualitat o, fins i tot, prec\u00e0ries (defici\u00e8ncies de neteja, poc espai disponible, banys compartits, etc.).<\/li>\n\n\n\n<li>En molts casos, s\u2019hi allotgen infants i adolescents que comparteixen espais comuns amb altres persones amb situacions complexes. Aquests infants sovint no disposen de l\u2019espai i entorn per fer les seves tasques escolars o altres activitats pr\u00f2pies del seu moment vital.<\/li>\n\n\n\n<li>Les persones i fam\u00edlies poden ser allotjades lluny dels seus domicilis, fet que pot comportar el trencament amb la xarxa de suport ve\u00efnal, i dificultats o canvis en l\u2019\u00fas de serveis m\u00e8dics o educatius.<\/li>\n\n\n\n<li>Depenent de si \u00e9s o no temporada tur\u00edstica, la disponibilitat d\u2019aquests allotjaments en el mateix municipi pot ser complicada.<\/li>\n\n\n\n<li>El cost per persona allotjada en aquests establiments \u00e9s molt elevat.<\/li>\n\n\n\n<li>Existeix la pr\u00e0ctica d\u2019allotjar una part de la fam\u00edlia (habitualment mare i infants), excloent el pare.<\/li>\n<\/ul>\n\n\n\n<p>L\u2019inici d\u2019aquesta actuaci\u00f3 d\u2019ofici rau en el fet que <strong>la Sindicatura continua rebent informacions de situacions i circumst\u00e0ncies prec\u00e0ries en qu\u00e8 es troben persones i fam\u00edlies<\/strong> que estan allotjades per diferents serveis socials municipals de <a href=\"https:\/\/ajuntament.barcelona.cat\/serveissocials\/ca\/canal\/institut-municipal-de-serveis-socials\" target=\"_blank\" rel=\"noreferrer noopener\">l\u2019IMSS <\/a>(Institut Municipal de Serveis Socials) i tamb\u00e9 del SAIER (Servei d\u2019Atenci\u00f3 a Immigrants, Emigrants i Refugiats).<\/p>\n\n\n\n<h2 class=\"wp-block-heading\"><strong>La cronologia de l\u2019any 2024<\/strong><\/h2>\n\n\n\n<p><strong>El febrer de 2024 la Sindicatura va ser informada per representants municipals del treball que s\u2019est\u00e0 duent a terme per canviar el model de gesti\u00f3 dels allotjaments temporals urgents<\/strong>, amb el prop\u00f2sit de convertir-los en un recurs temporal que no s\u2019allargui en el temps. <strong>Segons el consistori, aquest canvi de model implica diferents accions:<\/strong> revisi\u00f3 dels criteris d\u2019entrada; millora de l\u2019exploraci\u00f3 dels recursos de les fam\u00edlies; execuci\u00f3 d\u2019un diagn\u00f2stic per aquelles persones i fam\u00edlies que portin m\u00e9s de sis mesos; potenciar els ajuts econ\u00f2mics previs; revisi\u00f3 del funcionament de la llista d\u2019espera de la Mesa d\u2019Emerg\u00e8ncia; recull de bones pr\u00e0ctiques; establiment de convenis amb fundacions, i projectes enfocats a fam\u00edlies monoparentals.<\/p>\n\n\n\n<p>Entre els mesos de febrer i juny de 2024, la Sindicatura, fruit de la tasca feta amb entitats i de l\u2019arribada de noves queixes, ha constatat que la situaci\u00f3 de vulnerabilitat de persones i fam\u00edlies ateses pels serveis municipals s\u2019ha agreujat per la finalitzaci\u00f3 de la seva estada en allotjaments temporals, sense un recurs de sortida i sense que comptin amb recursos propis per trobar alternatives en el mercat privat.<\/p>\n\n\n\n<h2 class=\"wp-block-heading\"><strong>Situaci\u00f3 contractual de la gesti\u00f3 de l\u2019allotjament d\u2019urg\u00e8ncia<\/strong><\/h2>\n\n\n\n<p>Des de fa uns anys, el servei de gesti\u00f3 de l\u2019allotjament temporal i manutenci\u00f3 de persones i fam\u00edlies en hostals, pensions i altres allotjaments a Barcelona i l\u2019\u00e0rea metropolitana est\u00e0 externalitzat. El darrer contracte es va adjudicar el 30 de maig de 2023 a l\u2019empresa AVORIS RETAIL DIVISION, SL, corporaci\u00f3 en la qual s\u2019integra BCD Travel (empresa orientada al sector tur\u00edstic). Aquest contracte es pot allargar, com a m\u00e0xim, fins al novembre de 2025.<\/p>\n\n\n\n<h2 class=\"wp-block-heading\"><strong>Revisar el model d\u2019allotjament d\u2019urg\u00e8ncia, prioritari per a la Sindicatura<\/strong><\/h2>\n\n\n\n<p>La revisi\u00f3 del model d\u2019allotjament d\u2019urg\u00e8ncia ja va ser una de les 10 recomanacions priorit\u00e0ries que la Sindicatura va fer a l\u2019Ajuntament durant l\u2019any 2023.<\/p>\n\n\n\n<p>Concretament, <strong>la Sindicatura considera que <u>cal revisar el model actual<\/u> per tal de fer un \u00fas eficient dels recursos p\u00fablics at\u00e8s l\u2019elevat cost d\u2019aquest servei, aix\u00ed com vetllar per tal que aquests allotjaments reuneixin les condicions necess\u00e0ries que permetin a les persones i fam\u00edlies desenvolupar la seva quotidianitat de manera adequada<\/strong>.<\/p>\n\n\n\n<p>Aquesta millora de les condicions t\u00e9 a veure amb la <strong>qualitat i proximitat de les opcions d\u2019allotjament d\u2019urg\u00e8ncia, aix\u00ed com amb la seva adequaci\u00f3 a les necessitats de les persones (mobilitat redu\u00efda, malaltia&#8230;) i la conviv\u00e8ncia del nucli familiar<\/strong>.<\/p>\n","protected":false},"excerpt":{"rendered":"<p>La revisi\u00f3 del model d\u2019allotjament d\u2019urg\u00e8ncia ja va ser una de les deu recomanacions priorit\u00e0ries que la Sindicatura de Greuges de Barcelona va fer a l\u2019Ajuntament durant l\u2019any 2023. Un [&hellip;]<\/p>\n","protected":false},"author":2,"featured_media":33123,"comment_status":"closed","ping_status":"closed","sticky":false,"template":"","format":"standard","meta":{"_acf_changed":false,"footnotes":""},"tags":[],"drets":[1428,1463],"class_list":["post-33122","post","type-post","status-publish","format-standard","has-post-thumbnail","hentry","drets-ciutat-equitativa","drets-dret-serveis-proteccio-social"],"acf":[],"yoast_head":"<!-- This site is optimized with the Yoast SEO plugin v27.5 - https:\/\/yoast.com\/product\/yoast-seo-wordpress\/ -->\n<title>La Sindicatura de Greuges de Barcelona obre una actuaci\u00f3 d\u2019ofici sobre l\u2019allotjament temporal d\u2019urg\u00e8ncia i impulsa un grup de treball per abordar-ho - Sindicatura de Greuges de Barcelona<\/title>\n<meta name=\"description\" content=\"Un dels acords del grup de treball \u00e9s la petici\u00f3 d\u2019una morat\u00f2ria en l\u2019aplicaci\u00f3 dels nous criteris dels allotjaments temporals d\u2019urg\u00e8ncia...\" \/>\n<meta name=\"robots\" content=\"index, follow, max-snippet:-1, max-image-preview:large, max-video-preview:-1\" \/>\n<link rel=\"canonical\" href=\"https:\/\/www.sindicaturabarcelona.cat\/ca\/la-sindicatura-de-greuges-de-barcelona-obre-una-actuacio-dofici-sobre-lallotjament-temporal-durgencia-i-impulsa-un-grup-de-treball-per-abordar-ho\/\" \/>\n<meta property=\"og:locale\" content=\"ca_ES\" \/>\n<meta property=\"og:type\" content=\"article\" \/>\n<meta property=\"og:title\" content=\"La Sindicatura de Greuges de Barcelona obre una actuaci\u00f3 d\u2019ofici sobre l\u2019allotjament temporal d\u2019urg\u00e8ncia i impulsa un grup de treball per abordar-ho - Sindicatura de Greuges de Barcelona\" \/>\n<meta property=\"og:description\" content=\"Un dels acords del grup de treball \u00e9s la petici\u00f3 d\u2019una morat\u00f2ria en l\u2019aplicaci\u00f3 dels nous criteris dels allotjaments temporals d\u2019urg\u00e8ncia...\" \/>\n<meta property=\"og:url\" content=\"https:\/\/www.sindicaturabarcelona.cat\/ca\/la-sindicatura-de-greuges-de-barcelona-obre-una-actuacio-dofici-sobre-lallotjament-temporal-durgencia-i-impulsa-un-grup-de-treball-per-abordar-ho\/\" \/>\n<meta property=\"og:site_name\" content=\"Sindicatura de Greuges de Barcelona\" \/>\n<meta property=\"article:published_time\" content=\"2024-07-04T05:30:00+00:00\" \/>\n<meta property=\"og:image\" content=\"https:\/\/www.sindicaturabarcelona.cat\/wp-content\/uploads\/25550_20221221_VisitaRDPAprop_01-1.jpg\" \/>\n\t<meta property=\"og:image:width\" content=\"1536\" \/>\n\t<meta property=\"og:image:height\" content=\"1024\" \/>\n\t<meta property=\"og:image:type\" content=\"image\/jpeg\" \/>\n<meta name=\"author\" content=\"Pablo\" \/>\n<meta name=\"twitter:card\" content=\"summary_large_image\" \/>\n<meta name=\"twitter:creator\" content=\"@sindicbarcelona\" \/>\n<meta name=\"twitter:site\" content=\"@sindicbarcelona\" \/>\n<meta name=\"twitter:label1\" content=\"Escrit per\" \/>\n\t<meta name=\"twitter:data1\" content=\"Pablo\" \/>\n\t<meta name=\"twitter:label2\" content=\"Temps estimat de lectura\" \/>\n\t<meta name=\"twitter:data2\" content=\"6 minuts\" \/>\n<script type=\"application\/ld+json\" class=\"yoast-schema-graph\">{\"@context\":\"https:\\\/\\\/schema.org\",\"@graph\":[{\"@type\":\"Article\",\"@id\":\"https:\\\/\\\/www.sindicaturabarcelona.cat\\\/ca\\\/la-sindicatura-de-greuges-de-barcelona-obre-una-actuacio-dofici-sobre-lallotjament-temporal-durgencia-i-impulsa-un-grup-de-treball-per-abordar-ho\\\/#article\",\"isPartOf\":{\"@id\":\"https:\\\/\\\/www.sindicaturabarcelona.cat\\\/ca\\\/la-sindicatura-de-greuges-de-barcelona-obre-una-actuacio-dofici-sobre-lallotjament-temporal-durgencia-i-impulsa-un-grup-de-treball-per-abordar-ho\\\/\"},\"author\":{\"name\":\"Pablo\",\"@id\":\"https:\\\/\\\/www.sindicaturabarcelona.cat\\\/ca\\\/#\\\/schema\\\/person\\\/0e5acffc350ffdbc97578159322c9452\"},\"headline\":\"La Sindicatura de Greuges de Barcelona obre una actuaci\u00f3 d\u2019ofici sobre l\u2019allotjament temporal d\u2019urg\u00e8ncia i impulsa un grup de treball per abordar-ho\",\"datePublished\":\"2024-07-04T05:30:00+00:00\",\"mainEntityOfPage\":{\"@id\":\"https:\\\/\\\/www.sindicaturabarcelona.cat\\\/ca\\\/la-sindicatura-de-greuges-de-barcelona-obre-una-actuacio-dofici-sobre-lallotjament-temporal-durgencia-i-impulsa-un-grup-de-treball-per-abordar-ho\\\/\"},\"wordCount\":1043,\"publisher\":{\"@id\":\"https:\\\/\\\/www.sindicaturabarcelona.cat\\\/ca\\\/#organization\"},\"image\":{\"@id\":\"https:\\\/\\\/www.sindicaturabarcelona.cat\\\/ca\\\/la-sindicatura-de-greuges-de-barcelona-obre-una-actuacio-dofici-sobre-lallotjament-temporal-durgencia-i-impulsa-un-grup-de-treball-per-abordar-ho\\\/#primaryimage\"},\"thumbnailUrl\":\"https:\\\/\\\/www.sindicaturabarcelona.cat\\\/wp-content\\\/uploads\\\/25550_20221221_VisitaRDPAprop_01-1.jpg\",\"inLanguage\":\"ca\"},{\"@type\":\"WebPage\",\"@id\":\"https:\\\/\\\/www.sindicaturabarcelona.cat\\\/ca\\\/la-sindicatura-de-greuges-de-barcelona-obre-una-actuacio-dofici-sobre-lallotjament-temporal-durgencia-i-impulsa-un-grup-de-treball-per-abordar-ho\\\/\",\"url\":\"https:\\\/\\\/www.sindicaturabarcelona.cat\\\/ca\\\/la-sindicatura-de-greuges-de-barcelona-obre-una-actuacio-dofici-sobre-lallotjament-temporal-durgencia-i-impulsa-un-grup-de-treball-per-abordar-ho\\\/\",\"name\":\"La Sindicatura de Greuges de Barcelona obre una actuaci\u00f3 d\u2019ofici sobre l\u2019allotjament temporal d\u2019urg\u00e8ncia i impulsa un grup de treball per abordar-ho - Sindicatura de Greuges de Barcelona\",\"isPartOf\":{\"@id\":\"https:\\\/\\\/www.sindicaturabarcelona.cat\\\/ca\\\/#website\"},\"primaryImageOfPage\":{\"@id\":\"https:\\\/\\\/www.sindicaturabarcelona.cat\\\/ca\\\/la-sindicatura-de-greuges-de-barcelona-obre-una-actuacio-dofici-sobre-lallotjament-temporal-durgencia-i-impulsa-un-grup-de-treball-per-abordar-ho\\\/#primaryimage\"},\"image\":{\"@id\":\"https:\\\/\\\/www.sindicaturabarcelona.cat\\\/ca\\\/la-sindicatura-de-greuges-de-barcelona-obre-una-actuacio-dofici-sobre-lallotjament-temporal-durgencia-i-impulsa-un-grup-de-treball-per-abordar-ho\\\/#primaryimage\"},\"thumbnailUrl\":\"https:\\\/\\\/www.sindicaturabarcelona.cat\\\/wp-content\\\/uploads\\\/25550_20221221_VisitaRDPAprop_01-1.jpg\",\"datePublished\":\"2024-07-04T05:30:00+00:00\",\"description\":\"Un dels acords del grup de treball \u00e9s la petici\u00f3 d\u2019una morat\u00f2ria en l\u2019aplicaci\u00f3 dels nous criteris dels allotjaments temporals d\u2019urg\u00e8ncia...\",\"breadcrumb\":{\"@id\":\"https:\\\/\\\/www.sindicaturabarcelona.cat\\\/ca\\\/la-sindicatura-de-greuges-de-barcelona-obre-una-actuacio-dofici-sobre-lallotjament-temporal-durgencia-i-impulsa-un-grup-de-treball-per-abordar-ho\\\/#breadcrumb\"},\"inLanguage\":\"ca\",\"potentialAction\":[{\"@type\":\"ReadAction\",\"target\":[\"https:\\\/\\\/www.sindicaturabarcelona.cat\\\/ca\\\/la-sindicatura-de-greuges-de-barcelona-obre-una-actuacio-dofici-sobre-lallotjament-temporal-durgencia-i-impulsa-un-grup-de-treball-per-abordar-ho\\\/\"]}]},{\"@type\":\"ImageObject\",\"inLanguage\":\"ca\",\"@id\":\"https:\\\/\\\/www.sindicaturabarcelona.cat\\\/ca\\\/la-sindicatura-de-greuges-de-barcelona-obre-una-actuacio-dofici-sobre-lallotjament-temporal-durgencia-i-impulsa-un-grup-de-treball-per-abordar-ho\\\/#primaryimage\",\"url\":\"https:\\\/\\\/www.sindicaturabarcelona.cat\\\/wp-content\\\/uploads\\\/25550_20221221_VisitaRDPAprop_01-1.jpg\",\"contentUrl\":\"https:\\\/\\\/www.sindicaturabarcelona.cat\\\/wp-content\\\/uploads\\\/25550_20221221_VisitaRDPAprop_01-1.jpg\",\"width\":1536,\"height\":1024,\"caption\":\"Allotjament temporal d'urg\u00e8ncia\"},{\"@type\":\"BreadcrumbList\",\"@id\":\"https:\\\/\\\/www.sindicaturabarcelona.cat\\\/ca\\\/la-sindicatura-de-greuges-de-barcelona-obre-una-actuacio-dofici-sobre-lallotjament-temporal-durgencia-i-impulsa-un-grup-de-treball-per-abordar-ho\\\/#breadcrumb\",\"itemListElement\":[{\"@type\":\"ListItem\",\"position\":1,\"name\":\"Inici\",\"item\":\"https:\\\/\\\/www.sindicaturabarcelona.cat\\\/ca\\\/\"},{\"@type\":\"ListItem\",\"position\":2,\"name\":\"La Sindicatura de Greuges de Barcelona obre una actuaci\u00f3 d\u2019ofici sobre l\u2019allotjament temporal d\u2019urg\u00e8ncia i impulsa un grup de treball per abordar-ho\"}]},{\"@type\":\"WebSite\",\"@id\":\"https:\\\/\\\/www.sindicaturabarcelona.cat\\\/ca\\\/#website\",\"url\":\"https:\\\/\\\/www.sindicaturabarcelona.cat\\\/ca\\\/\",\"name\":\"Sindicatura de Greuges de Barcelona\",\"description\":\"La defensoria dels teus drets\",\"publisher\":{\"@id\":\"https:\\\/\\\/www.sindicaturabarcelona.cat\\\/ca\\\/#organization\"},\"potentialAction\":[{\"@type\":\"SearchAction\",\"target\":{\"@type\":\"EntryPoint\",\"urlTemplate\":\"https:\\\/\\\/www.sindicaturabarcelona.cat\\\/ca\\\/?s={search_term_string}\"},\"query-input\":{\"@type\":\"PropertyValueSpecification\",\"valueRequired\":true,\"valueName\":\"search_term_string\"}}],\"inLanguage\":\"ca\"},{\"@type\":\"Organization\",\"@id\":\"https:\\\/\\\/www.sindicaturabarcelona.cat\\\/ca\\\/#organization\",\"name\":\"Sindicatura de Greuges de Barcelona\",\"url\":\"https:\\\/\\\/www.sindicaturabarcelona.cat\\\/ca\\\/\",\"logo\":{\"@type\":\"ImageObject\",\"inLanguage\":\"ca\",\"@id\":\"https:\\\/\\\/www.sindicaturabarcelona.cat\\\/ca\\\/#\\\/schema\\\/logo\\\/image\\\/\",\"url\":\"https:\\\/\\\/www.sindicaturabarcelona.cat\\\/wp-content\\\/uploads\\\/2023\\\/02\\\/logo_sindicatura.svg\",\"contentUrl\":\"https:\\\/\\\/www.sindicaturabarcelona.cat\\\/wp-content\\\/uploads\\\/2023\\\/02\\\/logo_sindicatura.svg\",\"caption\":\"Sindicatura de Greuges de Barcelona\"},\"image\":{\"@id\":\"https:\\\/\\\/www.sindicaturabarcelona.cat\\\/ca\\\/#\\\/schema\\\/logo\\\/image\\\/\"},\"sameAs\":[\"https:\\\/\\\/x.com\\\/sindicbarcelona\",\"https:\\\/\\\/www.instagram.com\\\/sindicbarcelona\\\/\",\"https:\\\/\\\/www.tiktok.com\\\/@sindicaturabcn\",\"https:\\\/\\\/t.me\\\/sindicaturabarcelona\"]},{\"@type\":\"Person\",\"@id\":\"https:\\\/\\\/www.sindicaturabarcelona.cat\\\/ca\\\/#\\\/schema\\\/person\\\/0e5acffc350ffdbc97578159322c9452\",\"name\":\"Pablo\",\"image\":{\"@type\":\"ImageObject\",\"inLanguage\":\"ca\",\"@id\":\"https:\\\/\\\/secure.gravatar.com\\\/avatar\\\/c948169b402ef9492afde705c3dfd5e90e1a6a84ef6840a91124f805a25a480f?s=96&d=mm&r=g\",\"url\":\"https:\\\/\\\/secure.gravatar.com\\\/avatar\\\/c948169b402ef9492afde705c3dfd5e90e1a6a84ef6840a91124f805a25a480f?s=96&d=mm&r=g\",\"contentUrl\":\"https:\\\/\\\/secure.gravatar.com\\\/avatar\\\/c948169b402ef9492afde705c3dfd5e90e1a6a84ef6840a91124f805a25a480f?s=96&d=mm&r=g\",\"caption\":\"Pablo\"},\"url\":\"https:\\\/\\\/www.sindicaturabarcelona.cat\\\/ca\\\/author\\\/pablo\\\/\"}]}<\/script>\n<!-- \/ Yoast SEO plugin. -->","yoast_head_json":{"title":"La Sindicatura de Greuges de Barcelona obre una actuaci\u00f3 d\u2019ofici sobre l\u2019allotjament temporal d\u2019urg\u00e8ncia i impulsa un grup de treball per abordar-ho - Sindicatura de Greuges de Barcelona","description":"Un dels acords del grup de treball \u00e9s la petici\u00f3 d\u2019una morat\u00f2ria en l\u2019aplicaci\u00f3 dels nous criteris dels allotjaments temporals d\u2019urg\u00e8ncia...","robots":{"index":"index","follow":"follow","max-snippet":"max-snippet:-1","max-image-preview":"max-image-preview:large","max-video-preview":"max-video-preview:-1"},"canonical":"https:\/\/www.sindicaturabarcelona.cat\/ca\/la-sindicatura-de-greuges-de-barcelona-obre-una-actuacio-dofici-sobre-lallotjament-temporal-durgencia-i-impulsa-un-grup-de-treball-per-abordar-ho\/","og_locale":"ca_ES","og_type":"article","og_title":"La Sindicatura de Greuges de Barcelona obre una actuaci\u00f3 d\u2019ofici sobre l\u2019allotjament temporal d\u2019urg\u00e8ncia i impulsa un grup de treball per abordar-ho - Sindicatura de Greuges de Barcelona","og_description":"Un dels acords del grup de treball \u00e9s la petici\u00f3 d\u2019una morat\u00f2ria en l\u2019aplicaci\u00f3 dels nous criteris dels allotjaments temporals d\u2019urg\u00e8ncia...","og_url":"https:\/\/www.sindicaturabarcelona.cat\/ca\/la-sindicatura-de-greuges-de-barcelona-obre-una-actuacio-dofici-sobre-lallotjament-temporal-durgencia-i-impulsa-un-grup-de-treball-per-abordar-ho\/","og_site_name":"Sindicatura de Greuges de Barcelona","article_published_time":"2024-07-04T05:30:00+00:00","og_image":[{"width":1536,"height":1024,"url":"https:\/\/www.sindicaturabarcelona.cat\/wp-content\/uploads\/25550_20221221_VisitaRDPAprop_01-1.jpg","type":"image\/jpeg"}],"author":"Pablo","twitter_card":"summary_large_image","twitter_creator":"@sindicbarcelona","twitter_site":"@sindicbarcelona","twitter_misc":{"Escrit per":"Pablo","Temps estimat de lectura":"6 minuts"},"schema":{"@context":"https:\/\/schema.org","@graph":[{"@type":"Article","@id":"https:\/\/www.sindicaturabarcelona.cat\/ca\/la-sindicatura-de-greuges-de-barcelona-obre-una-actuacio-dofici-sobre-lallotjament-temporal-durgencia-i-impulsa-un-grup-de-treball-per-abordar-ho\/#article","isPartOf":{"@id":"https:\/\/www.sindicaturabarcelona.cat\/ca\/la-sindicatura-de-greuges-de-barcelona-obre-una-actuacio-dofici-sobre-lallotjament-temporal-durgencia-i-impulsa-un-grup-de-treball-per-abordar-ho\/"},"author":{"name":"Pablo","@id":"https:\/\/www.sindicaturabarcelona.cat\/ca\/#\/schema\/person\/0e5acffc350ffdbc97578159322c9452"},"headline":"La Sindicatura de Greuges de Barcelona obre una actuaci\u00f3 d\u2019ofici sobre l\u2019allotjament temporal d\u2019urg\u00e8ncia i impulsa un grup de treball per abordar-ho","datePublished":"2024-07-04T05:30:00+00:00","mainEntityOfPage":{"@id":"https:\/\/www.sindicaturabarcelona.cat\/ca\/la-sindicatura-de-greuges-de-barcelona-obre-una-actuacio-dofici-sobre-lallotjament-temporal-durgencia-i-impulsa-un-grup-de-treball-per-abordar-ho\/"},"wordCount":1043,"publisher":{"@id":"https:\/\/www.sindicaturabarcelona.cat\/ca\/#organization"},"image":{"@id":"https:\/\/www.sindicaturabarcelona.cat\/ca\/la-sindicatura-de-greuges-de-barcelona-obre-una-actuacio-dofici-sobre-lallotjament-temporal-durgencia-i-impulsa-un-grup-de-treball-per-abordar-ho\/#primaryimage"},"thumbnailUrl":"https:\/\/www.sindicaturabarcelona.cat\/wp-content\/uploads\/25550_20221221_VisitaRDPAprop_01-1.jpg","inLanguage":"ca"},{"@type":"WebPage","@id":"https:\/\/www.sindicaturabarcelona.cat\/ca\/la-sindicatura-de-greuges-de-barcelona-obre-una-actuacio-dofici-sobre-lallotjament-temporal-durgencia-i-impulsa-un-grup-de-treball-per-abordar-ho\/","url":"https:\/\/www.sindicaturabarcelona.cat\/ca\/la-sindicatura-de-greuges-de-barcelona-obre-una-actuacio-dofici-sobre-lallotjament-temporal-durgencia-i-impulsa-un-grup-de-treball-per-abordar-ho\/","name":"La Sindicatura de Greuges de Barcelona obre una actuaci\u00f3 d\u2019ofici sobre l\u2019allotjament temporal d\u2019urg\u00e8ncia i impulsa un grup de treball per abordar-ho - Sindicatura de Greuges de Barcelona","isPartOf":{"@id":"https:\/\/www.sindicaturabarcelona.cat\/ca\/#website"},"primaryImageOfPage":{"@id":"https:\/\/www.sindicaturabarcelona.cat\/ca\/la-sindicatura-de-greuges-de-barcelona-obre-una-actuacio-dofici-sobre-lallotjament-temporal-durgencia-i-impulsa-un-grup-de-treball-per-abordar-ho\/#primaryimage"},"image":{"@id":"https:\/\/www.sindicaturabarcelona.cat\/ca\/la-sindicatura-de-greuges-de-barcelona-obre-una-actuacio-dofici-sobre-lallotjament-temporal-durgencia-i-impulsa-un-grup-de-treball-per-abordar-ho\/#primaryimage"},"thumbnailUrl":"https:\/\/www.sindicaturabarcelona.cat\/wp-content\/uploads\/25550_20221221_VisitaRDPAprop_01-1.jpg","datePublished":"2024-07-04T05:30:00+00:00","description":"Un dels acords del grup de treball \u00e9s la petici\u00f3 d\u2019una morat\u00f2ria en l\u2019aplicaci\u00f3 dels nous criteris dels allotjaments temporals d\u2019urg\u00e8ncia...","breadcrumb":{"@id":"https:\/\/www.sindicaturabarcelona.cat\/ca\/la-sindicatura-de-greuges-de-barcelona-obre-una-actuacio-dofici-sobre-lallotjament-temporal-durgencia-i-impulsa-un-grup-de-treball-per-abordar-ho\/#breadcrumb"},"inLanguage":"ca","potentialAction":[{"@type":"ReadAction","target":["https:\/\/www.sindicaturabarcelona.cat\/ca\/la-sindicatura-de-greuges-de-barcelona-obre-una-actuacio-dofici-sobre-lallotjament-temporal-durgencia-i-impulsa-un-grup-de-treball-per-abordar-ho\/"]}]},{"@type":"ImageObject","inLanguage":"ca","@id":"https:\/\/www.sindicaturabarcelona.cat\/ca\/la-sindicatura-de-greuges-de-barcelona-obre-una-actuacio-dofici-sobre-lallotjament-temporal-durgencia-i-impulsa-un-grup-de-treball-per-abordar-ho\/#primaryimage","url":"https:\/\/www.sindicaturabarcelona.cat\/wp-content\/uploads\/25550_20221221_VisitaRDPAprop_01-1.jpg","contentUrl":"https:\/\/www.sindicaturabarcelona.cat\/wp-content\/uploads\/25550_20221221_VisitaRDPAprop_01-1.jpg","width":1536,"height":1024,"caption":"Allotjament temporal d'urg\u00e8ncia"},{"@type":"BreadcrumbList","@id":"https:\/\/www.sindicaturabarcelona.cat\/ca\/la-sindicatura-de-greuges-de-barcelona-obre-una-actuacio-dofici-sobre-lallotjament-temporal-durgencia-i-impulsa-un-grup-de-treball-per-abordar-ho\/#breadcrumb","itemListElement":[{"@type":"ListItem","position":1,"name":"Inici","item":"https:\/\/www.sindicaturabarcelona.cat\/ca\/"},{"@type":"ListItem","position":2,"name":"La Sindicatura de Greuges de Barcelona obre una actuaci\u00f3 d\u2019ofici sobre l\u2019allotjament temporal d\u2019urg\u00e8ncia i impulsa un grup de treball per abordar-ho"}]},{"@type":"WebSite","@id":"https:\/\/www.sindicaturabarcelona.cat\/ca\/#website","url":"https:\/\/www.sindicaturabarcelona.cat\/ca\/","name":"Sindicatura de Greuges de Barcelona","description":"La defensoria dels teus drets","publisher":{"@id":"https:\/\/www.sindicaturabarcelona.cat\/ca\/#organization"},"potentialAction":[{"@type":"SearchAction","target":{"@type":"EntryPoint","urlTemplate":"https:\/\/www.sindicaturabarcelona.cat\/ca\/?s={search_term_string}"},"query-input":{"@type":"PropertyValueSpecification","valueRequired":true,"valueName":"search_term_string"}}],"inLanguage":"ca"},{"@type":"Organization","@id":"https:\/\/www.sindicaturabarcelona.cat\/ca\/#organization","name":"Sindicatura de Greuges de Barcelona","url":"https:\/\/www.sindicaturabarcelona.cat\/ca\/","logo":{"@type":"ImageObject","inLanguage":"ca","@id":"https:\/\/www.sindicaturabarcelona.cat\/ca\/#\/schema\/logo\/image\/","url":"https:\/\/www.sindicaturabarcelona.cat\/wp-content\/uploads\/2023\/02\/logo_sindicatura.svg","contentUrl":"https:\/\/www.sindicaturabarcelona.cat\/wp-content\/uploads\/2023\/02\/logo_sindicatura.svg","caption":"Sindicatura de Greuges de Barcelona"},"image":{"@id":"https:\/\/www.sindicaturabarcelona.cat\/ca\/#\/schema\/logo\/image\/"},"sameAs":["https:\/\/x.com\/sindicbarcelona","https:\/\/www.instagram.com\/sindicbarcelona\/","https:\/\/www.tiktok.com\/@sindicaturabcn","https:\/\/t.me\/sindicaturabarcelona"]},{"@type":"Person","@id":"https:\/\/www.sindicaturabarcelona.cat\/ca\/#\/schema\/person\/0e5acffc350ffdbc97578159322c9452","name":"Pablo","image":{"@type":"ImageObject","inLanguage":"ca","@id":"https:\/\/secure.gravatar.com\/avatar\/c948169b402ef9492afde705c3dfd5e90e1a6a84ef6840a91124f805a25a480f?s=96&d=mm&r=g","url":"https:\/\/secure.gravatar.com\/avatar\/c948169b402ef9492afde705c3dfd5e90e1a6a84ef6840a91124f805a25a480f?s=96&d=mm&r=g","contentUrl":"https:\/\/secure.gravatar.com\/avatar\/c948169b402ef9492afde705c3dfd5e90e1a6a84ef6840a91124f805a25a480f?s=96&d=mm&r=g","caption":"Pablo"},"url":"https:\/\/www.sindicaturabarcelona.cat\/ca\/author\/pablo\/"}]}},"_links":{"self":[{"href":"https:\/\/www.sindicaturabarcelona.cat\/ca\/wp-json\/wp\/v2\/posts\/33122","targetHints":{"allow":["GET"]}}],"collection":[{"href":"https:\/\/www.sindicaturabarcelona.cat\/ca\/wp-json\/wp\/v2\/posts"}],"about":[{"href":"https:\/\/www.sindicaturabarcelona.cat\/ca\/wp-json\/wp\/v2\/types\/post"}],"author":[{"embeddable":true,"href":"https:\/\/www.sindicaturabarcelona.cat\/ca\/wp-json\/wp\/v2\/users\/2"}],"replies":[{"embeddable":true,"href":"https:\/\/www.sindicaturabarcelona.cat\/ca\/wp-json\/wp\/v2\/comments?post=33122"}],"version-history":[{"count":2,"href":"https:\/\/www.sindicaturabarcelona.cat\/ca\/wp-json\/wp\/v2\/posts\/33122\/revisions"}],"predecessor-version":[{"id":33127,"href":"https:\/\/www.sindicaturabarcelona.cat\/ca\/wp-json\/wp\/v2\/posts\/33122\/revisions\/33127"}],"wp:featuredmedia":[{"embeddable":true,"href":"https:\/\/www.sindicaturabarcelona.cat\/ca\/wp-json\/wp\/v2\/media\/33123"}],"wp:attachment":[{"href":"https:\/\/www.sindicaturabarcelona.cat\/ca\/wp-json\/wp\/v2\/media?parent=33122"}],"wp:term":[{"taxonomy":"post_tag","embeddable":true,"href":"https:\/\/www.sindicaturabarcelona.cat\/ca\/wp-json\/wp\/v2\/tags?post=33122"},{"taxonomy":"drets","embeddable":true,"href":"https:\/\/www.sindicaturabarcelona.cat\/ca\/wp-json\/wp\/v2\/drets?post=33122"}],"curies":[{"name":"wp","href":"https:\/\/api.w.org\/{rel}","templated":true}]}}