{"id":32972,"date":"2024-06-21T06:00:00","date_gmt":"2024-06-21T04:00:00","guid":{"rendered":"https:\/\/www.sindicaturabarcelona.cat\/?p=32972"},"modified":"2024-06-20T16:04:02","modified_gmt":"2024-06-20T14:04:02","slug":"el-deficit-dequipaments-esportius-a-la-ciutat-per-cobrir-les-necessitats-de-les-entitats-esportives","status":"publish","type":"post","link":"https:\/\/www.sindicaturabarcelona.cat\/ca\/el-deficit-dequipaments-esportius-a-la-ciutat-per-cobrir-les-necessitats-de-les-entitats-esportives\/","title":{"rendered":"El d\u00e8ficit d\u2019equipaments esportius a la ciutat per cobrir les necessitats de les entitats esportives"},"content":{"rendered":"\n<h2 class=\"wp-block-heading\"><strong>El <em>Mapa d\u2019instal\u00b7lacions esportives del municipi de Barcelona i Pla d\u2019equipaments esportius 2019-2035<\/em> ja reconeix la gran saturaci\u00f3 dels poliesportius de la ciutat. En alguns districtes, com el de Sant Andreu, la saturaci\u00f3 arriba al 100%.<\/strong><\/h2>\n\n\n\n<p><strong>Barcelona, 21 de juny del 2024<\/strong> \u2013 La ciutat de Barcelona promociona activament la pr\u00e0ctica esportiva entre la ciutadania, alhora que pateix un d\u00e8ficit d\u2019equipaments esportius que permeti cobrir les necessitats dels clubs i associacions.<\/p>\n\n\n\n<p><strong>El <\/strong><a href=\"https:\/\/ajuntament.barcelona.cat\/esports\/sites\/default\/files\/2021-05\/volum_ii_pla_dequipaments_esportius_2019-2035_0.pdf\"><strong><em>Mapa d\u2019instal\u00b7lacions esportives del municipi de Barcelona i Pla d\u2019equipaments esportius 2019-2035<\/em><\/strong><\/a><strong> ja reconeix la gran saturaci\u00f3 dels poliesportius de la ciutat. En alguns districtes, com el de Sant Andreu, la saturaci\u00f3 arriba al 100%. <\/strong>Aquest document, promogut per l\u2019Ajuntament de Barcelona, incideix en el d\u00e8ficit de pavellons i camps per satisfer la demanda actual i futura, aix\u00ed com <strong>destaca l\u2019opci\u00f3 d\u2019aprofitar els patis dels centres escolars fora de l\u2019horari lectiu i la possibilitat d\u2019incorporar pavellons en determinades escoles<\/strong>.<\/p>\n\n\n\n<h2 class=\"wp-block-heading\"><strong>La situaci\u00f3 en el Districte de Sant Andreu<\/strong><\/h2>\n\n\n\n<p><strong>L\u2019Ajuntament detecta el d\u00e8ficit de dos pavellons en el districte de Sant Andreu<\/strong>. El consistori ha informat la Sindicatura que tant l\u2019Institut Barcelona Esports com el Districte treballen per solucionar aquesta manca d\u2019equipaments esportius. <strong>Entre les seves propostes d\u2019actuaci\u00f3 per resoldre-ho, destaquen diverses construccions:<\/strong> un pavell\u00f3 al Complex Esportiu Espronceda; el pavell\u00f3 Casernes Sant Andreu; un pavell\u00f3 al Can\u00f2drom i un pavell\u00f3 en el futur IES Llosa Triangle Ferroviari.<\/p>\n\n\n\n<p><strong>Actualment, est\u00e0 en construcci\u00f3 el poliesportiu Espronceda, amb la previsi\u00f3 que entri en funcionament el primer semestre de 2025<\/strong>. Aquest equipament ser\u00e0 tipus PAV-3:&nbsp; una planta destinada al tir amb arc; una altra al tenis taula i sales esportives, i la darrera a la gimn\u00e0stica art\u00edstica. La Sindicatura ha recomanat a l\u2019Institut Barcelona Esports que en la distribuci\u00f3 dels usos del nou poliesportiu Espronceda es tinguin en compte les necessitats expressades per l\u2019Associaci\u00f3 Esportiva Futbol Sala Arrels.<\/p>\n\n\n\n<p>Pel que fa al <strong>pavell\u00f3 del Can\u00f2drom<\/strong>, <strong>el Districte de Sant Andreu ha manifestat a la <a href=\"http:\/\/www.sindicaturabarcelona.cat\" target=\"_blank\" rel=\"noreferrer noopener\">Sindicatura de Greuges de Barcelona<\/a> que estima que l\u2019avantprojecte d\u2019aquest futur equipament esportiu s\u2019elaborar\u00e0 durant aquest mandat<\/strong>, amb la voluntat d\u2019avan\u00e7ar en el projecte executiu i comen\u00e7ar l\u2019obra en el seg\u00fcent mandat. El Districte tamb\u00e9 ha traslladat a la Sindicatura que<strong> la construcci\u00f3 d\u2019un equipament esportiu d\u2019aquestes dimensions, des del moment en qu\u00e8 es comen\u00e7a l\u2019elaboraci\u00f3 de l\u2019avantprojecte, t\u00e9 una durada mitjana de 6 anys.<\/strong><\/p>\n\n\n\n<p>Per tant, <strong>sembla dif\u00edcil que els clubs i associacions esportives puguin comptar amb aquest pavell\u00f3 abans de la d\u00e8cada del 2030, situaci\u00f3 que no resol el problema a curt o mitj\u00e0 termini<\/strong>.<\/p>\n\n\n\n<h2 class=\"wp-block-heading\"><strong>L\u2019\u00fas de pistes esportives escolars com a alternativa temporal<\/strong><\/h2>\n\n\n\n<p>Davant la saturaci\u00f3 dels pocs equipaments esportius a Sant Andreu, el Districte ha indicat a la Sindicatura que una alternativa \u00e9s l\u2019\u00fas de les pistes esportives de les escoles i els instituts. En aquesta l\u00ednia, i <strong>davant l\u2019alt volum de demandes d\u2019entitats esportives dels barris de Sant Andreu, el Districte ha contactat amb les direccions dels centres educatius per gestionar espais per a la pr\u00e0ctica esportiva<\/strong>. En alguns casos s\u2019han concretat convenis de cessi\u00f3 a entitats, i, en altres, al mateix Ajuntament.<\/p>\n\n\n\n<p>Quant a les pistes esportives escolars,<strong> el Decret 102\/2010<\/strong>, de 3 d\u2019agost, d\u2019autonomia dels centres educatius, determina els criteris, els procediments i els requisits que regulen l\u2019\u00fas social dels edificis i les instal\u00b7lacions dels centres educatius p\u00fablics <strong>Atorga un paper rellevant a les direccions dels centres escolars de titularitat auton\u00f2mica a l\u2019hora de decidir sobre l\u2019\u00fas social de les seves instal\u00b7lacions<\/strong>. Probablement aquesta sigui una de les causes per les quals algunes de les escoles no tinguin incorporat un pavell\u00f3 o estiguin infrautilitzades fora de l\u2019horari lectiu.<\/p>\n\n\n\n<p><strong>En aquest punt, conv\u00e9 recordar que l\u2019Ajuntament no pot interferir en mat\u00e8ries de compet\u00e8ncia auton\u00f2mica.<\/strong> Ara b\u00e9, aix\u00f2 no impedeix que s\u00ed pugui fer una valoraci\u00f3 contrastada sobre el resultat de l\u2019aplicaci\u00f3 del Decret 102\/2010 pel que fa als usos socials dels centres educatius, especialment en els barris i districtes m\u00e9s tensionats esportivament, a fi de traslladar-la a l\u2019\u00f2rgan auton\u00f2mic competent i poder arribar a un canvi en la normativa (si es considera).<\/p>\n\n\n\n<p><strong>La Sindicatura de Greuges de Barcelona tamb\u00e9 ha proposat explorar l\u2019\u00fas de les pistes esportives d\u2019escoles concertades<\/strong>, amb l\u2019objectiu d\u2019oferir nous espais per a la pr\u00e0ctica esportiva de les entitats del districte i, d\u2019aquesta manera, ampliar el cat\u00e0leg d\u2019espais disponibles mentre no es construeixin els poliesportius projectats.<\/p>\n\n\n\n<h2 class=\"wp-block-heading\"><strong>La comunicaci\u00f3 entre el Districte de Sant Andreu i les entitats esportives<\/strong><\/h2>\n\n\n\n<p>El Districte de Sant Andreu \u00e9s coneixedor del problema que pateixen diverses entitats esportives de la zona, per\u00f2 argumenta que \u00e9s dif\u00edcil atendre totes les peticions, ja que normalment volen els mateixos espais a les mateixes hores. De fet, el Districte tamb\u00e9 ha informat que generar\u00e0 un grup de treball amb les entitats del territori amb necessitats esportives durant el proc\u00e9s d\u2019elaboraci\u00f3 de l\u2019avant projecte del futur pavell\u00f3 del Can\u00f2drom.<\/p>\n\n\n\n<p><strong>La Sindicatura de Greuges de Barcelona ha empla\u00e7at el Districte de Sant Andreu a mantenir una comunicaci\u00f3 fluida amb les entitats esportives afectades pel d\u00e8ficit d\u2019equipaments<\/strong>, amb l\u2019objectiu que tinguin coneixement de l\u2019evoluci\u00f3 de la construcci\u00f3 dels nous equipaments esportius i trobar solucions alternatives per superar les dificultats que pateixen actualment.<\/p>\n","protected":false},"excerpt":{"rendered":"<p>El Mapa d\u2019instal\u00b7lacions esportives del municipi de Barcelona i Pla d\u2019equipaments esportius 2019-2035 ja reconeix la gran saturaci\u00f3 dels poliesportius de la ciutat. En alguns districtes, com el de Sant [&hellip;]<\/p>\n","protected":false},"author":2,"featured_media":32973,"comment_status":"closed","ping_status":"closed","sticky":false,"template":"","format":"standard","meta":{"_acf_changed":false,"footnotes":""},"tags":[],"drets":[1428,1433],"class_list":["post-32972","post","type-post","status-publish","format-standard","has-post-thumbnail","hentry","drets-ciutat-equitativa","drets-dret-a-lesport"],"acf":[],"yoast_head":"<!-- This site is optimized with the Yoast SEO plugin v27.5 - https:\/\/yoast.com\/product\/yoast-seo-wordpress\/ -->\n<title>El d\u00e8ficit d\u2019equipaments esportius a la ciutat per cobrir les necessitats de les entitats esportives - Sindicatura de Greuges de Barcelona<\/title>\n<meta name=\"robots\" content=\"index, follow, max-snippet:-1, max-image-preview:large, max-video-preview:-1\" \/>\n<link rel=\"canonical\" href=\"https:\/\/www.sindicaturabarcelona.cat\/ca\/el-deficit-dequipaments-esportius-a-la-ciutat-per-cobrir-les-necessitats-de-les-entitats-esportives\/\" \/>\n<meta property=\"og:locale\" content=\"ca_ES\" \/>\n<meta property=\"og:type\" content=\"article\" \/>\n<meta property=\"og:title\" content=\"El d\u00e8ficit d\u2019equipaments esportius a la ciutat per cobrir les necessitats de les entitats esportives - Sindicatura de Greuges de Barcelona\" \/>\n<meta property=\"og:description\" content=\"El Mapa d\u2019instal\u00b7lacions esportives del municipi de Barcelona i Pla d\u2019equipaments esportius 2019-2035 ja reconeix la gran saturaci\u00f3 dels poliesportius de la ciutat. En alguns districtes, com el de Sant [&hellip;]\" \/>\n<meta property=\"og:url\" content=\"https:\/\/www.sindicaturabarcelona.cat\/ca\/el-deficit-dequipaments-esportius-a-la-ciutat-per-cobrir-les-necessitats-de-les-entitats-esportives\/\" \/>\n<meta property=\"og:site_name\" content=\"Sindicatura de Greuges de Barcelona\" \/>\n<meta property=\"article:published_time\" content=\"2024-06-21T04:00:00+00:00\" \/>\n<meta property=\"og:image\" content=\"https:\/\/www.sindicaturabarcelona.cat\/wp-content\/uploads\/22571_20211023_InauguracioPoliesportiuLaSagi_04.jpg\" \/>\n\t<meta property=\"og:image:width\" content=\"1536\" \/>\n\t<meta property=\"og:image:height\" content=\"1024\" \/>\n\t<meta property=\"og:image:type\" content=\"image\/jpeg\" \/>\n<meta name=\"author\" content=\"Pablo\" \/>\n<meta name=\"twitter:card\" content=\"summary_large_image\" \/>\n<meta name=\"twitter:creator\" content=\"@sindicbarcelona\" \/>\n<meta name=\"twitter:site\" content=\"@sindicbarcelona\" \/>\n<meta name=\"twitter:label1\" content=\"Escrit per\" \/>\n\t<meta name=\"twitter:data1\" content=\"Pablo\" \/>\n\t<meta name=\"twitter:label2\" content=\"Temps estimat de lectura\" \/>\n\t<meta name=\"twitter:data2\" content=\"5 minuts\" \/>\n<script type=\"application\/ld+json\" class=\"yoast-schema-graph\">{\"@context\":\"https:\\\/\\\/schema.org\",\"@graph\":[{\"@type\":\"Article\",\"@id\":\"https:\\\/\\\/www.sindicaturabarcelona.cat\\\/ca\\\/el-deficit-dequipaments-esportius-a-la-ciutat-per-cobrir-les-necessitats-de-les-entitats-esportives\\\/#article\",\"isPartOf\":{\"@id\":\"https:\\\/\\\/www.sindicaturabarcelona.cat\\\/ca\\\/el-deficit-dequipaments-esportius-a-la-ciutat-per-cobrir-les-necessitats-de-les-entitats-esportives\\\/\"},\"author\":{\"name\":\"Pablo\",\"@id\":\"https:\\\/\\\/www.sindicaturabarcelona.cat\\\/ca\\\/#\\\/schema\\\/person\\\/0e5acffc350ffdbc97578159322c9452\"},\"headline\":\"El d\u00e8ficit d\u2019equipaments esportius a la ciutat per cobrir les necessitats de les entitats esportives\",\"datePublished\":\"2024-06-21T04:00:00+00:00\",\"mainEntityOfPage\":{\"@id\":\"https:\\\/\\\/www.sindicaturabarcelona.cat\\\/ca\\\/el-deficit-dequipaments-esportius-a-la-ciutat-per-cobrir-les-necessitats-de-les-entitats-esportives\\\/\"},\"wordCount\":940,\"publisher\":{\"@id\":\"https:\\\/\\\/www.sindicaturabarcelona.cat\\\/ca\\\/#organization\"},\"image\":{\"@id\":\"https:\\\/\\\/www.sindicaturabarcelona.cat\\\/ca\\\/el-deficit-dequipaments-esportius-a-la-ciutat-per-cobrir-les-necessitats-de-les-entitats-esportives\\\/#primaryimage\"},\"thumbnailUrl\":\"https:\\\/\\\/www.sindicaturabarcelona.cat\\\/wp-content\\\/uploads\\\/22571_20211023_InauguracioPoliesportiuLaSagi_04.jpg\",\"inLanguage\":\"ca\"},{\"@type\":\"WebPage\",\"@id\":\"https:\\\/\\\/www.sindicaturabarcelona.cat\\\/ca\\\/el-deficit-dequipaments-esportius-a-la-ciutat-per-cobrir-les-necessitats-de-les-entitats-esportives\\\/\",\"url\":\"https:\\\/\\\/www.sindicaturabarcelona.cat\\\/ca\\\/el-deficit-dequipaments-esportius-a-la-ciutat-per-cobrir-les-necessitats-de-les-entitats-esportives\\\/\",\"name\":\"El d\u00e8ficit d\u2019equipaments esportius a la ciutat per cobrir les necessitats de les entitats esportives - Sindicatura de Greuges de Barcelona\",\"isPartOf\":{\"@id\":\"https:\\\/\\\/www.sindicaturabarcelona.cat\\\/ca\\\/#website\"},\"primaryImageOfPage\":{\"@id\":\"https:\\\/\\\/www.sindicaturabarcelona.cat\\\/ca\\\/el-deficit-dequipaments-esportius-a-la-ciutat-per-cobrir-les-necessitats-de-les-entitats-esportives\\\/#primaryimage\"},\"image\":{\"@id\":\"https:\\\/\\\/www.sindicaturabarcelona.cat\\\/ca\\\/el-deficit-dequipaments-esportius-a-la-ciutat-per-cobrir-les-necessitats-de-les-entitats-esportives\\\/#primaryimage\"},\"thumbnailUrl\":\"https:\\\/\\\/www.sindicaturabarcelona.cat\\\/wp-content\\\/uploads\\\/22571_20211023_InauguracioPoliesportiuLaSagi_04.jpg\",\"datePublished\":\"2024-06-21T04:00:00+00:00\",\"breadcrumb\":{\"@id\":\"https:\\\/\\\/www.sindicaturabarcelona.cat\\\/ca\\\/el-deficit-dequipaments-esportius-a-la-ciutat-per-cobrir-les-necessitats-de-les-entitats-esportives\\\/#breadcrumb\"},\"inLanguage\":\"ca\",\"potentialAction\":[{\"@type\":\"ReadAction\",\"target\":[\"https:\\\/\\\/www.sindicaturabarcelona.cat\\\/ca\\\/el-deficit-dequipaments-esportius-a-la-ciutat-per-cobrir-les-necessitats-de-les-entitats-esportives\\\/\"]}]},{\"@type\":\"ImageObject\",\"inLanguage\":\"ca\",\"@id\":\"https:\\\/\\\/www.sindicaturabarcelona.cat\\\/ca\\\/el-deficit-dequipaments-esportius-a-la-ciutat-per-cobrir-les-necessitats-de-les-entitats-esportives\\\/#primaryimage\",\"url\":\"https:\\\/\\\/www.sindicaturabarcelona.cat\\\/wp-content\\\/uploads\\\/22571_20211023_InauguracioPoliesportiuLaSagi_04.jpg\",\"contentUrl\":\"https:\\\/\\\/www.sindicaturabarcelona.cat\\\/wp-content\\\/uploads\\\/22571_20211023_InauguracioPoliesportiuLaSagi_04.jpg\",\"width\":1536,\"height\":1024,\"caption\":\"Equipaments esportius\"},{\"@type\":\"BreadcrumbList\",\"@id\":\"https:\\\/\\\/www.sindicaturabarcelona.cat\\\/ca\\\/el-deficit-dequipaments-esportius-a-la-ciutat-per-cobrir-les-necessitats-de-les-entitats-esportives\\\/#breadcrumb\",\"itemListElement\":[{\"@type\":\"ListItem\",\"position\":1,\"name\":\"Inici\",\"item\":\"https:\\\/\\\/www.sindicaturabarcelona.cat\\\/ca\\\/\"},{\"@type\":\"ListItem\",\"position\":2,\"name\":\"El d\u00e8ficit d\u2019equipaments esportius a la ciutat per cobrir les necessitats de les entitats esportives\"}]},{\"@type\":\"WebSite\",\"@id\":\"https:\\\/\\\/www.sindicaturabarcelona.cat\\\/ca\\\/#website\",\"url\":\"https:\\\/\\\/www.sindicaturabarcelona.cat\\\/ca\\\/\",\"name\":\"Sindicatura de Greuges de Barcelona\",\"description\":\"La defensoria dels teus drets\",\"publisher\":{\"@id\":\"https:\\\/\\\/www.sindicaturabarcelona.cat\\\/ca\\\/#organization\"},\"potentialAction\":[{\"@type\":\"SearchAction\",\"target\":{\"@type\":\"EntryPoint\",\"urlTemplate\":\"https:\\\/\\\/www.sindicaturabarcelona.cat\\\/ca\\\/?s={search_term_string}\"},\"query-input\":{\"@type\":\"PropertyValueSpecification\",\"valueRequired\":true,\"valueName\":\"search_term_string\"}}],\"inLanguage\":\"ca\"},{\"@type\":\"Organization\",\"@id\":\"https:\\\/\\\/www.sindicaturabarcelona.cat\\\/ca\\\/#organization\",\"name\":\"Sindicatura de Greuges de Barcelona\",\"url\":\"https:\\\/\\\/www.sindicaturabarcelona.cat\\\/ca\\\/\",\"logo\":{\"@type\":\"ImageObject\",\"inLanguage\":\"ca\",\"@id\":\"https:\\\/\\\/www.sindicaturabarcelona.cat\\\/ca\\\/#\\\/schema\\\/logo\\\/image\\\/\",\"url\":\"https:\\\/\\\/www.sindicaturabarcelona.cat\\\/wp-content\\\/uploads\\\/2023\\\/02\\\/logo_sindicatura.svg\",\"contentUrl\":\"https:\\\/\\\/www.sindicaturabarcelona.cat\\\/wp-content\\\/uploads\\\/2023\\\/02\\\/logo_sindicatura.svg\",\"caption\":\"Sindicatura de Greuges de Barcelona\"},\"image\":{\"@id\":\"https:\\\/\\\/www.sindicaturabarcelona.cat\\\/ca\\\/#\\\/schema\\\/logo\\\/image\\\/\"},\"sameAs\":[\"https:\\\/\\\/x.com\\\/sindicbarcelona\",\"https:\\\/\\\/www.instagram.com\\\/sindicbarcelona\\\/\",\"https:\\\/\\\/www.tiktok.com\\\/@sindicaturabcn\",\"https:\\\/\\\/t.me\\\/sindicaturabarcelona\"]},{\"@type\":\"Person\",\"@id\":\"https:\\\/\\\/www.sindicaturabarcelona.cat\\\/ca\\\/#\\\/schema\\\/person\\\/0e5acffc350ffdbc97578159322c9452\",\"name\":\"Pablo\",\"image\":{\"@type\":\"ImageObject\",\"inLanguage\":\"ca\",\"@id\":\"https:\\\/\\\/secure.gravatar.com\\\/avatar\\\/c948169b402ef9492afde705c3dfd5e90e1a6a84ef6840a91124f805a25a480f?s=96&d=mm&r=g\",\"url\":\"https:\\\/\\\/secure.gravatar.com\\\/avatar\\\/c948169b402ef9492afde705c3dfd5e90e1a6a84ef6840a91124f805a25a480f?s=96&d=mm&r=g\",\"contentUrl\":\"https:\\\/\\\/secure.gravatar.com\\\/avatar\\\/c948169b402ef9492afde705c3dfd5e90e1a6a84ef6840a91124f805a25a480f?s=96&d=mm&r=g\",\"caption\":\"Pablo\"},\"url\":\"https:\\\/\\\/www.sindicaturabarcelona.cat\\\/ca\\\/author\\\/pablo\\\/\"}]}<\/script>\n<!-- \/ Yoast SEO plugin. -->","yoast_head_json":{"title":"El d\u00e8ficit d\u2019equipaments esportius a la ciutat per cobrir les necessitats de les entitats esportives - Sindicatura de Greuges de Barcelona","robots":{"index":"index","follow":"follow","max-snippet":"max-snippet:-1","max-image-preview":"max-image-preview:large","max-video-preview":"max-video-preview:-1"},"canonical":"https:\/\/www.sindicaturabarcelona.cat\/ca\/el-deficit-dequipaments-esportius-a-la-ciutat-per-cobrir-les-necessitats-de-les-entitats-esportives\/","og_locale":"ca_ES","og_type":"article","og_title":"El d\u00e8ficit d\u2019equipaments esportius a la ciutat per cobrir les necessitats de les entitats esportives - Sindicatura de Greuges de Barcelona","og_description":"El Mapa d\u2019instal\u00b7lacions esportives del municipi de Barcelona i Pla d\u2019equipaments esportius 2019-2035 ja reconeix la gran saturaci\u00f3 dels poliesportius de la ciutat. En alguns districtes, com el de Sant [&hellip;]","og_url":"https:\/\/www.sindicaturabarcelona.cat\/ca\/el-deficit-dequipaments-esportius-a-la-ciutat-per-cobrir-les-necessitats-de-les-entitats-esportives\/","og_site_name":"Sindicatura de Greuges de Barcelona","article_published_time":"2024-06-21T04:00:00+00:00","og_image":[{"width":1536,"height":1024,"url":"https:\/\/www.sindicaturabarcelona.cat\/wp-content\/uploads\/22571_20211023_InauguracioPoliesportiuLaSagi_04.jpg","type":"image\/jpeg"}],"author":"Pablo","twitter_card":"summary_large_image","twitter_creator":"@sindicbarcelona","twitter_site":"@sindicbarcelona","twitter_misc":{"Escrit per":"Pablo","Temps estimat de lectura":"5 minuts"},"schema":{"@context":"https:\/\/schema.org","@graph":[{"@type":"Article","@id":"https:\/\/www.sindicaturabarcelona.cat\/ca\/el-deficit-dequipaments-esportius-a-la-ciutat-per-cobrir-les-necessitats-de-les-entitats-esportives\/#article","isPartOf":{"@id":"https:\/\/www.sindicaturabarcelona.cat\/ca\/el-deficit-dequipaments-esportius-a-la-ciutat-per-cobrir-les-necessitats-de-les-entitats-esportives\/"},"author":{"name":"Pablo","@id":"https:\/\/www.sindicaturabarcelona.cat\/ca\/#\/schema\/person\/0e5acffc350ffdbc97578159322c9452"},"headline":"El d\u00e8ficit d\u2019equipaments esportius a la ciutat per cobrir les necessitats de les entitats esportives","datePublished":"2024-06-21T04:00:00+00:00","mainEntityOfPage":{"@id":"https:\/\/www.sindicaturabarcelona.cat\/ca\/el-deficit-dequipaments-esportius-a-la-ciutat-per-cobrir-les-necessitats-de-les-entitats-esportives\/"},"wordCount":940,"publisher":{"@id":"https:\/\/www.sindicaturabarcelona.cat\/ca\/#organization"},"image":{"@id":"https:\/\/www.sindicaturabarcelona.cat\/ca\/el-deficit-dequipaments-esportius-a-la-ciutat-per-cobrir-les-necessitats-de-les-entitats-esportives\/#primaryimage"},"thumbnailUrl":"https:\/\/www.sindicaturabarcelona.cat\/wp-content\/uploads\/22571_20211023_InauguracioPoliesportiuLaSagi_04.jpg","inLanguage":"ca"},{"@type":"WebPage","@id":"https:\/\/www.sindicaturabarcelona.cat\/ca\/el-deficit-dequipaments-esportius-a-la-ciutat-per-cobrir-les-necessitats-de-les-entitats-esportives\/","url":"https:\/\/www.sindicaturabarcelona.cat\/ca\/el-deficit-dequipaments-esportius-a-la-ciutat-per-cobrir-les-necessitats-de-les-entitats-esportives\/","name":"El d\u00e8ficit d\u2019equipaments esportius a la ciutat per cobrir les necessitats de les entitats esportives - Sindicatura de Greuges de Barcelona","isPartOf":{"@id":"https:\/\/www.sindicaturabarcelona.cat\/ca\/#website"},"primaryImageOfPage":{"@id":"https:\/\/www.sindicaturabarcelona.cat\/ca\/el-deficit-dequipaments-esportius-a-la-ciutat-per-cobrir-les-necessitats-de-les-entitats-esportives\/#primaryimage"},"image":{"@id":"https:\/\/www.sindicaturabarcelona.cat\/ca\/el-deficit-dequipaments-esportius-a-la-ciutat-per-cobrir-les-necessitats-de-les-entitats-esportives\/#primaryimage"},"thumbnailUrl":"https:\/\/www.sindicaturabarcelona.cat\/wp-content\/uploads\/22571_20211023_InauguracioPoliesportiuLaSagi_04.jpg","datePublished":"2024-06-21T04:00:00+00:00","breadcrumb":{"@id":"https:\/\/www.sindicaturabarcelona.cat\/ca\/el-deficit-dequipaments-esportius-a-la-ciutat-per-cobrir-les-necessitats-de-les-entitats-esportives\/#breadcrumb"},"inLanguage":"ca","potentialAction":[{"@type":"ReadAction","target":["https:\/\/www.sindicaturabarcelona.cat\/ca\/el-deficit-dequipaments-esportius-a-la-ciutat-per-cobrir-les-necessitats-de-les-entitats-esportives\/"]}]},{"@type":"ImageObject","inLanguage":"ca","@id":"https:\/\/www.sindicaturabarcelona.cat\/ca\/el-deficit-dequipaments-esportius-a-la-ciutat-per-cobrir-les-necessitats-de-les-entitats-esportives\/#primaryimage","url":"https:\/\/www.sindicaturabarcelona.cat\/wp-content\/uploads\/22571_20211023_InauguracioPoliesportiuLaSagi_04.jpg","contentUrl":"https:\/\/www.sindicaturabarcelona.cat\/wp-content\/uploads\/22571_20211023_InauguracioPoliesportiuLaSagi_04.jpg","width":1536,"height":1024,"caption":"Equipaments esportius"},{"@type":"BreadcrumbList","@id":"https:\/\/www.sindicaturabarcelona.cat\/ca\/el-deficit-dequipaments-esportius-a-la-ciutat-per-cobrir-les-necessitats-de-les-entitats-esportives\/#breadcrumb","itemListElement":[{"@type":"ListItem","position":1,"name":"Inici","item":"https:\/\/www.sindicaturabarcelona.cat\/ca\/"},{"@type":"ListItem","position":2,"name":"El d\u00e8ficit d\u2019equipaments esportius a la ciutat per cobrir les necessitats de les entitats esportives"}]},{"@type":"WebSite","@id":"https:\/\/www.sindicaturabarcelona.cat\/ca\/#website","url":"https:\/\/www.sindicaturabarcelona.cat\/ca\/","name":"Sindicatura de Greuges de Barcelona","description":"La defensoria dels teus drets","publisher":{"@id":"https:\/\/www.sindicaturabarcelona.cat\/ca\/#organization"},"potentialAction":[{"@type":"SearchAction","target":{"@type":"EntryPoint","urlTemplate":"https:\/\/www.sindicaturabarcelona.cat\/ca\/?s={search_term_string}"},"query-input":{"@type":"PropertyValueSpecification","valueRequired":true,"valueName":"search_term_string"}}],"inLanguage":"ca"},{"@type":"Organization","@id":"https:\/\/www.sindicaturabarcelona.cat\/ca\/#organization","name":"Sindicatura de Greuges de Barcelona","url":"https:\/\/www.sindicaturabarcelona.cat\/ca\/","logo":{"@type":"ImageObject","inLanguage":"ca","@id":"https:\/\/www.sindicaturabarcelona.cat\/ca\/#\/schema\/logo\/image\/","url":"https:\/\/www.sindicaturabarcelona.cat\/wp-content\/uploads\/2023\/02\/logo_sindicatura.svg","contentUrl":"https:\/\/www.sindicaturabarcelona.cat\/wp-content\/uploads\/2023\/02\/logo_sindicatura.svg","caption":"Sindicatura de Greuges de Barcelona"},"image":{"@id":"https:\/\/www.sindicaturabarcelona.cat\/ca\/#\/schema\/logo\/image\/"},"sameAs":["https:\/\/x.com\/sindicbarcelona","https:\/\/www.instagram.com\/sindicbarcelona\/","https:\/\/www.tiktok.com\/@sindicaturabcn","https:\/\/t.me\/sindicaturabarcelona"]},{"@type":"Person","@id":"https:\/\/www.sindicaturabarcelona.cat\/ca\/#\/schema\/person\/0e5acffc350ffdbc97578159322c9452","name":"Pablo","image":{"@type":"ImageObject","inLanguage":"ca","@id":"https:\/\/secure.gravatar.com\/avatar\/c948169b402ef9492afde705c3dfd5e90e1a6a84ef6840a91124f805a25a480f?s=96&d=mm&r=g","url":"https:\/\/secure.gravatar.com\/avatar\/c948169b402ef9492afde705c3dfd5e90e1a6a84ef6840a91124f805a25a480f?s=96&d=mm&r=g","contentUrl":"https:\/\/secure.gravatar.com\/avatar\/c948169b402ef9492afde705c3dfd5e90e1a6a84ef6840a91124f805a25a480f?s=96&d=mm&r=g","caption":"Pablo"},"url":"https:\/\/www.sindicaturabarcelona.cat\/ca\/author\/pablo\/"}]}},"_links":{"self":[{"href":"https:\/\/www.sindicaturabarcelona.cat\/ca\/wp-json\/wp\/v2\/posts\/32972","targetHints":{"allow":["GET"]}}],"collection":[{"href":"https:\/\/www.sindicaturabarcelona.cat\/ca\/wp-json\/wp\/v2\/posts"}],"about":[{"href":"https:\/\/www.sindicaturabarcelona.cat\/ca\/wp-json\/wp\/v2\/types\/post"}],"author":[{"embeddable":true,"href":"https:\/\/www.sindicaturabarcelona.cat\/ca\/wp-json\/wp\/v2\/users\/2"}],"replies":[{"embeddable":true,"href":"https:\/\/www.sindicaturabarcelona.cat\/ca\/wp-json\/wp\/v2\/comments?post=32972"}],"version-history":[{"count":1,"href":"https:\/\/www.sindicaturabarcelona.cat\/ca\/wp-json\/wp\/v2\/posts\/32972\/revisions"}],"predecessor-version":[{"id":32976,"href":"https:\/\/www.sindicaturabarcelona.cat\/ca\/wp-json\/wp\/v2\/posts\/32972\/revisions\/32976"}],"wp:featuredmedia":[{"embeddable":true,"href":"https:\/\/www.sindicaturabarcelona.cat\/ca\/wp-json\/wp\/v2\/media\/32973"}],"wp:attachment":[{"href":"https:\/\/www.sindicaturabarcelona.cat\/ca\/wp-json\/wp\/v2\/media?parent=32972"}],"wp:term":[{"taxonomy":"post_tag","embeddable":true,"href":"https:\/\/www.sindicaturabarcelona.cat\/ca\/wp-json\/wp\/v2\/tags?post=32972"},{"taxonomy":"drets","embeddable":true,"href":"https:\/\/www.sindicaturabarcelona.cat\/ca\/wp-json\/wp\/v2\/drets?post=32972"}],"curies":[{"name":"wp","href":"https:\/\/api.w.org\/{rel}","templated":true}]}}