{"id":32949,"date":"2024-06-12T07:30:00","date_gmt":"2024-06-12T05:30:00","guid":{"rendered":"https:\/\/www.sindicaturabarcelona.cat\/?p=32949"},"modified":"2025-12-09T11:12:56","modified_gmt":"2025-12-09T09:12:56","slug":"la-sindicatura-considera-que-el-road-show-de-la-formula-1-no-shauria-de-celebrar-a-la-ciutat-i-suggereix-a-lajuntament-que-lemplacament-sigui-el-circuit-barcelona-catalunya","status":"publish","type":"post","link":"https:\/\/www.sindicaturabarcelona.cat\/ca\/la-sindicatura-considera-que-el-road-show-de-la-formula-1-no-shauria-de-celebrar-a-la-ciutat-i-suggereix-a-lajuntament-que-lemplacament-sigui-el-circuit-barcelona-catalunya\/","title":{"rendered":"La Sindicatura considera que el Road Show de la Formula 1 no s\u2019hauria de celebrar a la ciutat i suggereix a l\u2019Ajuntament que l\u2019empla\u00e7ament sigui el Circuit Barcelona-Catalunya"},"content":{"rendered":"\n<h2 class=\"wp-block-heading\"><strong>La defensoria demana a l\u2019Ajuntament que vetlli per la coher\u00e8ncia de les pol\u00edtiques i les decisions municipals, i reconsideri la celebraci\u00f3 del <em>Road Show<\/em> de la F1 a la ciutat.<\/strong><\/h2>\n\n\n\n<p><strong>Barcelona, 12 de juny de 2024 &#8211;<\/strong> <a href=\"https:\/\/www.sindicaturabarcelona.cat\/wp-content\/uploads\/202406_Dret-medi-ambient-dret-mobilitat-i-dret-espai-public_F1-Road-Show.pdf\" target=\"_blank\" rel=\"noreferrer noopener\">La Sindicatura de Greuges de Barcelona ha concl\u00f2s que l\u2019actuaci\u00f3 municipal de permetre <strong>la celebraci\u00f3 del <em>Road Show<\/em> de la Formula<\/strong><\/a><strong> 1 al passeig de Gr\u00e0cia no \u00e9s coherent amb les pol\u00edtiques locals de mobilitat sostenible, ni amb el respecte als drets a l\u2019espai p\u00fablic, a un medi ambient sa i a la salut<\/strong>.<\/p>\n\n\n\n<p>La defensoria <strong>ha demanat a l\u2019Ajuntament de Barcelona que ponderi els beneficis que obtindr\u00e0 la ciutat acollint aquesta activitat i l\u2019afectaci\u00f3 de drets de ciutadania que suposar\u00e0<\/strong>. En aquest exercici de ponderaci\u00f3, <strong>cal tenir en compte que les pol\u00edtiques mediambientals dels municipis han de seguir el principi de precauci\u00f3<\/strong>, segons el qual si una acci\u00f3 o pol\u00edtica pot causar danys al medi ambient o a la salut, aquesta no ha d\u2019executar-se.<\/p>\n\n\n\n<p>D\u2019aquesta manera, la Sindicatura de Greuges de Barcelona ha traslladat les seg\u00fcents recomanacions i suggeriments a l\u2019Ajuntament de Barcelona:<\/p>\n\n\n\n<figure class=\"wp-block-table\"><table><tbody><tr><td>&#8211; Recomanar al Districte de l\u2019Eixample i a l\u2019\u00c0rea d\u2019Economia, Hisenda, Promoci\u00f3 Econ\u00f2mica i Turisme <strong>que valorin l\u2019afectaci\u00f3 de drets que comporta la celebraci\u00f3 del <em>Road Show<\/em> i considerin la possibilitat de cancel\u00b7lar l\u2019activitat.<\/strong>&nbsp;<br><br>&#8211; Suggerir al Districte de l\u2019Eixample i a l\u2019\u00c0rea d\u2019Economia, Hisenda, Promoci\u00f3 Econ\u00f2mica i Turisme <strong>que la celebraci\u00f3 del <em>Road Show<\/em> es dugui a terme en un espai habilitat per acollir aquest tipus d\u2019activitat, com pot ser el Circuit de Barcelona-Catalunya, i que habiliti mitjans de transport p\u00fablic per a possibilitar el despla\u00e7ament de la ciutadania<\/strong> que vulgui assistir a aquest espectacle.&nbsp;<br><br>&#8211; Suggerir a l\u2019\u00c0rea d\u2019Economia, Hisenda, Promoci\u00f3 Econ\u00f2mica i Turisme que en les decisions sobre la promoci\u00f3 i celebraci\u00f3 de grans esdeveniments <strong>vetlli per la coher\u00e8ncia de les pol\u00edtiques municipals i el respecte dels drets de ciutadania.<\/strong> &nbsp;<\/td><\/tr><\/tbody><\/table><\/figure>\n\n\n\n<p><strong>L\u2019origen de l\u2019actuaci\u00f3 de la Sindicatura de Greuges de Barcelona rau en una queixa formalitzada per deu entitats i associacions: <\/strong>Catalunya Camina;FAVB (Federaci\u00f3 d\u2019Associacions Ve\u00efnals de Barcelona); BACC (Bicicleta Club de Catalunya); Eixample Respira; P(A)T-APAT &#8211; Prevenci\u00f3 Accidents Tr\u00e0nsit; PTP (Promoci\u00f3 del Transport P\u00fablic); Revolta Escolar; Mother\u2019s Rebellion Barcelona; Maragall Respira i Sant Mart\u00ed Respira.<\/p>\n\n\n\n<h2 class=\"wp-block-heading\"><strong>Qu\u00e8 \u00e9s el <em>Road Show<\/em> de la Formula 1<\/strong><\/h2>\n\n\n\n<p>En el marc del Gran Premi de F1 que se celebrar\u00e0 entre el 21 i el 23 de juny al Circuit de Barcelona-Catalunya, la ciutat acollir\u00e0 una s\u00e8rie d\u2019activitats al centre de la ciutat entre el 15 i el 22 de juny. Entre aquestes iniciatives, es troba el <strong><em>Road Show <\/em>(19 de juny a les 18 h al passeig de Gr\u00e0cia)<em>:<\/em> <\/strong>els pilots de F1 sortiran amb els seus monoplaces des de la ronda Universitat, giraran a la rotonda de la Gran Via i continuaran fins a arribar gaireb\u00e9 al carrer d&#8217;Arag\u00f3, on tornaran a girar cap al sud. <strong>La velocitat m\u00e0xima permesa ser\u00e0 de 100 km\/h, segons ha anunciat el consistori.<\/strong><\/p>\n\n\n\n<h2 class=\"wp-block-heading\"><strong>El dret a l\u2019espai p\u00fablic i els usos privatius de la via p\u00fablica<\/strong><\/h2>\n\n\n\n<p>L\u2019espai p\u00fablic de la ciutat est\u00e0 destinat a l\u2019\u00fas i gaudi de totes les persones. No obstant aix\u00f2, les vies p\u00fabliques poden admetre diferents tipus d\u2019usos. Fins i tot, si es reuneixen determinades circumst\u00e0ncies, aquests poden ser de car\u00e0cter privatiu quan un determinat \u00fas n\u2019impedeix d\u2019altres.<\/p>\n\n\n\n<p><strong>En el cas del <em>Road Show<\/em> de la F1, l\u2019esdeveniment requereix l\u2019obtenci\u00f3 d\u2019una llic\u00e8ncia municipal, <\/strong>ja que afectar\u00e0 altres usos (la circulaci\u00f3 i l\u2019estada de les persones) i pot suposar un increment del risc o perillositat de la via.<\/p>\n\n\n\n<p>La Sindicatura de Greuges de Barcelona ha incidit en el fet que <strong>la concessi\u00f3 de l\u2019autoritzaci\u00f3 municipal no nom\u00e9s legitima la realitzaci\u00f3 de l\u2019activitat amb les condicions adequades, sin\u00f3 que tamb\u00e9 permet a les autoritats locals actuar de manera planificada i adoptar les mesures necess\u00e0ries<\/strong> per minimitzar l\u2019impacte de l\u2019esdeveniment a l\u2019espai p\u00fablic i assegurar el dret de la ciutadania de gaudir-lo.<\/p>\n\n\n\n<p><strong>Les activitats que es desenvolupin a la via p\u00fablica nom\u00e9s poden limitar el dret de la ciutadania als usos generals si es disposa de l\u2019autoritzaci\u00f3 municipal corresponent<\/strong>. En aquesta l\u00ednia, cal dir que <strong>l\u2019Ajuntament no ha fet arribar a la Sindicatura l\u2019autoritzaci\u00f3 municipal ni cap informaci\u00f3 sol\u00b7licitada referent a aquesta q\u00fcesti\u00f3.<\/strong><\/p>\n\n\n\n<h2 class=\"wp-block-heading\"><strong>El deure de protecci\u00f3 del medi ambient i el dret a la salut<\/strong><\/h2>\n\n\n\n<p>La Sindicatura considera que <strong>acollir un esdeveniment d\u2019exhibici\u00f3 de vehicles de F1 en una ciutat que hist\u00f2ricament ha superat els llindars de contaminaci\u00f3 atmosf\u00e8rica admesos no \u00e9s una decisi\u00f3 alineada amb el deure de protecci\u00f3 del medi ambient<\/strong>. A m\u00e9s, el districte de l\u2019Eixample, on est\u00e0 previst dur a terme el <em>Road Show<\/em>, \u00e9s on es produeixen els nivells m\u00e9s elevats d\u2019exposici\u00f3 al NO2. Cal tenir en compte que els vehicles monoplaces, a m\u00e9s del soroll que emeten quan circulen a gran velocitat, s\u00f3n una font generadora de gasos contaminants, sobretot si derrapen.<\/p>\n\n\n\n<p><strong>Resulta dif\u00edcilment justificable autoritzar activitats contaminants en un context de crisi clim\u00e0tica i d\u2019un ampli consens mundial envers la necessitat de reduir les emissions de gas d\u2019efecte hivernacle<\/strong>. De fet, l\u2019Ajuntament de Barcelona promou iniciatives rellevants que permeten reduir la contaminaci\u00f3 del tr\u00e0nsit rodat, com l\u2019establiment de zones de baixes emissions o la conversi\u00f3 de carrers en carrers de vianants. La Sindicatura de Greuges de Barcelona considera que el dret de les persones a viure en un medi sa, sostenible i respectu\u00f3s amb la salut ha de prevaldre davant altres factors.<\/p>\n","protected":false},"excerpt":{"rendered":"<p>La defensoria demana a l\u2019Ajuntament que vetlli per la coher\u00e8ncia de les pol\u00edtiques i les decisions municipals, i reconsideri la celebraci\u00f3 del Road Show de la F1 a la ciutat. [&hellip;]<\/p>\n","protected":false},"author":2,"featured_media":32951,"comment_status":"closed","ping_status":"closed","sticky":false,"template":"","format":"standard","meta":{"_acf_changed":false,"footnotes":""},"tags":[],"drets":[1438,1448,1447,1446],"class_list":["post-32949","post","type-post","status-publish","format-standard","has-post-thumbnail","hentry","drets-ciutat-habitable-i-sostenible","drets-dret-al-medi-ambient","drets-dret-a-la-mobilitat","drets-dret-a-lespai-public"],"acf":[],"yoast_head":"<!-- This site is optimized with the Yoast SEO plugin v27.5 - https:\/\/yoast.com\/product\/yoast-seo-wordpress\/ -->\n<title>La Sindicatura considera que el Road Show de la Formula 1 no s\u2019hauria de celebrar a la ciutat i suggereix a l\u2019Ajuntament que l\u2019empla\u00e7ament sigui el Circuit Barcelona-Catalunya - Sindicatura de Greuges de Barcelona<\/title>\n<meta name=\"description\" content=\"La defensoria demana a l\u2019Ajuntament que vetlli per la coher\u00e8ncia de les pol\u00edtiques municipals, i reconsideri la celebraci\u00f3 del Road Show de la F1 a la ciutat.\" \/>\n<meta name=\"robots\" content=\"index, follow, max-snippet:-1, max-image-preview:large, max-video-preview:-1\" \/>\n<link rel=\"canonical\" href=\"https:\/\/www.sindicaturabarcelona.cat\/ca\/la-sindicatura-considera-que-el-road-show-de-la-formula-1-no-shauria-de-celebrar-a-la-ciutat-i-suggereix-a-lajuntament-que-lemplacament-sigui-el-circuit-barcelona-catalunya\/\" \/>\n<meta property=\"og:locale\" content=\"ca_ES\" \/>\n<meta property=\"og:type\" content=\"article\" \/>\n<meta property=\"og:title\" content=\"La Sindicatura considera que el Road Show de la Formula 1 no s\u2019hauria de celebrar a la ciutat i suggereix a l\u2019Ajuntament que l\u2019empla\u00e7ament sigui el Circuit Barcelona-Catalunya - Sindicatura de Greuges de Barcelona\" \/>\n<meta property=\"og:description\" content=\"La defensoria demana a l\u2019Ajuntament que vetlli per la coher\u00e8ncia de les pol\u00edtiques municipals, i reconsideri la celebraci\u00f3 del Road Show de la F1 a la ciutat.\" \/>\n<meta property=\"og:url\" content=\"https:\/\/www.sindicaturabarcelona.cat\/ca\/la-sindicatura-considera-que-el-road-show-de-la-formula-1-no-shauria-de-celebrar-a-la-ciutat-i-suggereix-a-lajuntament-que-lemplacament-sigui-el-circuit-barcelona-catalunya\/\" \/>\n<meta property=\"og:site_name\" content=\"Sindicatura de Greuges de Barcelona\" \/>\n<meta property=\"article:published_time\" content=\"2024-06-12T05:30:00+00:00\" \/>\n<meta property=\"article:modified_time\" content=\"2025-12-09T09:12:56+00:00\" \/>\n<meta property=\"og:image\" content=\"https:\/\/www.sindicaturabarcelona.cat\/wp-content\/uploads\/F1-Road-Show.jpg\" \/>\n\t<meta property=\"og:image:width\" content=\"1500\" \/>\n\t<meta property=\"og:image:height\" content=\"841\" \/>\n\t<meta property=\"og:image:type\" content=\"image\/jpeg\" \/>\n<meta name=\"author\" content=\"Pablo\" \/>\n<meta name=\"twitter:card\" content=\"summary_large_image\" \/>\n<meta name=\"twitter:creator\" content=\"@sindicbarcelona\" \/>\n<meta name=\"twitter:site\" content=\"@sindicbarcelona\" \/>\n<meta name=\"twitter:label1\" content=\"Escrit per\" \/>\n\t<meta name=\"twitter:data1\" content=\"Pablo\" \/>\n\t<meta name=\"twitter:label2\" content=\"Temps estimat de lectura\" \/>\n\t<meta name=\"twitter:data2\" content=\"6 minuts\" \/>\n<script type=\"application\/ld+json\" class=\"yoast-schema-graph\">{\"@context\":\"https:\\\/\\\/schema.org\",\"@graph\":[{\"@type\":\"Article\",\"@id\":\"https:\\\/\\\/www.sindicaturabarcelona.cat\\\/ca\\\/la-sindicatura-considera-que-el-road-show-de-la-formula-1-no-shauria-de-celebrar-a-la-ciutat-i-suggereix-a-lajuntament-que-lemplacament-sigui-el-circuit-barcelona-catalunya\\\/#article\",\"isPartOf\":{\"@id\":\"https:\\\/\\\/www.sindicaturabarcelona.cat\\\/ca\\\/la-sindicatura-considera-que-el-road-show-de-la-formula-1-no-shauria-de-celebrar-a-la-ciutat-i-suggereix-a-lajuntament-que-lemplacament-sigui-el-circuit-barcelona-catalunya\\\/\"},\"author\":{\"name\":\"Pablo\",\"@id\":\"https:\\\/\\\/www.sindicaturabarcelona.cat\\\/ca\\\/#\\\/schema\\\/person\\\/0e5acffc350ffdbc97578159322c9452\"},\"headline\":\"La Sindicatura considera que el Road Show de la Formula 1 no s\u2019hauria de celebrar a la ciutat i suggereix a l\u2019Ajuntament que l\u2019empla\u00e7ament sigui el Circuit Barcelona-Catalunya\",\"datePublished\":\"2024-06-12T05:30:00+00:00\",\"dateModified\":\"2025-12-09T09:12:56+00:00\",\"mainEntityOfPage\":{\"@id\":\"https:\\\/\\\/www.sindicaturabarcelona.cat\\\/ca\\\/la-sindicatura-considera-que-el-road-show-de-la-formula-1-no-shauria-de-celebrar-a-la-ciutat-i-suggereix-a-lajuntament-que-lemplacament-sigui-el-circuit-barcelona-catalunya\\\/\"},\"wordCount\":1023,\"publisher\":{\"@id\":\"https:\\\/\\\/www.sindicaturabarcelona.cat\\\/ca\\\/#organization\"},\"image\":{\"@id\":\"https:\\\/\\\/www.sindicaturabarcelona.cat\\\/ca\\\/la-sindicatura-considera-que-el-road-show-de-la-formula-1-no-shauria-de-celebrar-a-la-ciutat-i-suggereix-a-lajuntament-que-lemplacament-sigui-el-circuit-barcelona-catalunya\\\/#primaryimage\"},\"thumbnailUrl\":\"https:\\\/\\\/www.sindicaturabarcelona.cat\\\/wp-content\\\/uploads\\\/F1-Road-Show.jpg\",\"inLanguage\":\"ca\"},{\"@type\":\"WebPage\",\"@id\":\"https:\\\/\\\/www.sindicaturabarcelona.cat\\\/ca\\\/la-sindicatura-considera-que-el-road-show-de-la-formula-1-no-shauria-de-celebrar-a-la-ciutat-i-suggereix-a-lajuntament-que-lemplacament-sigui-el-circuit-barcelona-catalunya\\\/\",\"url\":\"https:\\\/\\\/www.sindicaturabarcelona.cat\\\/ca\\\/la-sindicatura-considera-que-el-road-show-de-la-formula-1-no-shauria-de-celebrar-a-la-ciutat-i-suggereix-a-lajuntament-que-lemplacament-sigui-el-circuit-barcelona-catalunya\\\/\",\"name\":\"La Sindicatura considera que el Road Show de la Formula 1 no s\u2019hauria de celebrar a la ciutat i suggereix a l\u2019Ajuntament que l\u2019empla\u00e7ament sigui el Circuit Barcelona-Catalunya - Sindicatura de Greuges de Barcelona\",\"isPartOf\":{\"@id\":\"https:\\\/\\\/www.sindicaturabarcelona.cat\\\/ca\\\/#website\"},\"primaryImageOfPage\":{\"@id\":\"https:\\\/\\\/www.sindicaturabarcelona.cat\\\/ca\\\/la-sindicatura-considera-que-el-road-show-de-la-formula-1-no-shauria-de-celebrar-a-la-ciutat-i-suggereix-a-lajuntament-que-lemplacament-sigui-el-circuit-barcelona-catalunya\\\/#primaryimage\"},\"image\":{\"@id\":\"https:\\\/\\\/www.sindicaturabarcelona.cat\\\/ca\\\/la-sindicatura-considera-que-el-road-show-de-la-formula-1-no-shauria-de-celebrar-a-la-ciutat-i-suggereix-a-lajuntament-que-lemplacament-sigui-el-circuit-barcelona-catalunya\\\/#primaryimage\"},\"thumbnailUrl\":\"https:\\\/\\\/www.sindicaturabarcelona.cat\\\/wp-content\\\/uploads\\\/F1-Road-Show.jpg\",\"datePublished\":\"2024-06-12T05:30:00+00:00\",\"dateModified\":\"2025-12-09T09:12:56+00:00\",\"description\":\"La defensoria demana a l\u2019Ajuntament que vetlli per la coher\u00e8ncia de les pol\u00edtiques municipals, i reconsideri la celebraci\u00f3 del Road Show de la F1 a la ciutat.\",\"breadcrumb\":{\"@id\":\"https:\\\/\\\/www.sindicaturabarcelona.cat\\\/ca\\\/la-sindicatura-considera-que-el-road-show-de-la-formula-1-no-shauria-de-celebrar-a-la-ciutat-i-suggereix-a-lajuntament-que-lemplacament-sigui-el-circuit-barcelona-catalunya\\\/#breadcrumb\"},\"inLanguage\":\"ca\",\"potentialAction\":[{\"@type\":\"ReadAction\",\"target\":[\"https:\\\/\\\/www.sindicaturabarcelona.cat\\\/ca\\\/la-sindicatura-considera-que-el-road-show-de-la-formula-1-no-shauria-de-celebrar-a-la-ciutat-i-suggereix-a-lajuntament-que-lemplacament-sigui-el-circuit-barcelona-catalunya\\\/\"]}]},{\"@type\":\"ImageObject\",\"inLanguage\":\"ca\",\"@id\":\"https:\\\/\\\/www.sindicaturabarcelona.cat\\\/ca\\\/la-sindicatura-considera-que-el-road-show-de-la-formula-1-no-shauria-de-celebrar-a-la-ciutat-i-suggereix-a-lajuntament-que-lemplacament-sigui-el-circuit-barcelona-catalunya\\\/#primaryimage\",\"url\":\"https:\\\/\\\/www.sindicaturabarcelona.cat\\\/wp-content\\\/uploads\\\/F1-Road-Show.jpg\",\"contentUrl\":\"https:\\\/\\\/www.sindicaturabarcelona.cat\\\/wp-content\\\/uploads\\\/F1-Road-Show.jpg\",\"width\":1500,\"height\":841},{\"@type\":\"BreadcrumbList\",\"@id\":\"https:\\\/\\\/www.sindicaturabarcelona.cat\\\/ca\\\/la-sindicatura-considera-que-el-road-show-de-la-formula-1-no-shauria-de-celebrar-a-la-ciutat-i-suggereix-a-lajuntament-que-lemplacament-sigui-el-circuit-barcelona-catalunya\\\/#breadcrumb\",\"itemListElement\":[{\"@type\":\"ListItem\",\"position\":1,\"name\":\"Inici\",\"item\":\"https:\\\/\\\/www.sindicaturabarcelona.cat\\\/ca\\\/\"},{\"@type\":\"ListItem\",\"position\":2,\"name\":\"La Sindicatura considera que el Road Show de la Formula 1 no s\u2019hauria de celebrar a la ciutat i suggereix a l\u2019Ajuntament que l\u2019empla\u00e7ament sigui el Circuit Barcelona-Catalunya\"}]},{\"@type\":\"WebSite\",\"@id\":\"https:\\\/\\\/www.sindicaturabarcelona.cat\\\/ca\\\/#website\",\"url\":\"https:\\\/\\\/www.sindicaturabarcelona.cat\\\/ca\\\/\",\"name\":\"Sindicatura de Greuges de Barcelona\",\"description\":\"La defensoria dels teus drets\",\"publisher\":{\"@id\":\"https:\\\/\\\/www.sindicaturabarcelona.cat\\\/ca\\\/#organization\"},\"potentialAction\":[{\"@type\":\"SearchAction\",\"target\":{\"@type\":\"EntryPoint\",\"urlTemplate\":\"https:\\\/\\\/www.sindicaturabarcelona.cat\\\/ca\\\/?s={search_term_string}\"},\"query-input\":{\"@type\":\"PropertyValueSpecification\",\"valueRequired\":true,\"valueName\":\"search_term_string\"}}],\"inLanguage\":\"ca\"},{\"@type\":\"Organization\",\"@id\":\"https:\\\/\\\/www.sindicaturabarcelona.cat\\\/ca\\\/#organization\",\"name\":\"Sindicatura de Greuges de Barcelona\",\"url\":\"https:\\\/\\\/www.sindicaturabarcelona.cat\\\/ca\\\/\",\"logo\":{\"@type\":\"ImageObject\",\"inLanguage\":\"ca\",\"@id\":\"https:\\\/\\\/www.sindicaturabarcelona.cat\\\/ca\\\/#\\\/schema\\\/logo\\\/image\\\/\",\"url\":\"https:\\\/\\\/www.sindicaturabarcelona.cat\\\/wp-content\\\/uploads\\\/2023\\\/02\\\/logo_sindicatura.svg\",\"contentUrl\":\"https:\\\/\\\/www.sindicaturabarcelona.cat\\\/wp-content\\\/uploads\\\/2023\\\/02\\\/logo_sindicatura.svg\",\"caption\":\"Sindicatura de Greuges de Barcelona\"},\"image\":{\"@id\":\"https:\\\/\\\/www.sindicaturabarcelona.cat\\\/ca\\\/#\\\/schema\\\/logo\\\/image\\\/\"},\"sameAs\":[\"https:\\\/\\\/x.com\\\/sindicbarcelona\",\"https:\\\/\\\/www.instagram.com\\\/sindicbarcelona\\\/\",\"https:\\\/\\\/www.tiktok.com\\\/@sindicaturabcn\",\"https:\\\/\\\/t.me\\\/sindicaturabarcelona\"]},{\"@type\":\"Person\",\"@id\":\"https:\\\/\\\/www.sindicaturabarcelona.cat\\\/ca\\\/#\\\/schema\\\/person\\\/0e5acffc350ffdbc97578159322c9452\",\"name\":\"Pablo\",\"image\":{\"@type\":\"ImageObject\",\"inLanguage\":\"ca\",\"@id\":\"https:\\\/\\\/secure.gravatar.com\\\/avatar\\\/c948169b402ef9492afde705c3dfd5e90e1a6a84ef6840a91124f805a25a480f?s=96&d=mm&r=g\",\"url\":\"https:\\\/\\\/secure.gravatar.com\\\/avatar\\\/c948169b402ef9492afde705c3dfd5e90e1a6a84ef6840a91124f805a25a480f?s=96&d=mm&r=g\",\"contentUrl\":\"https:\\\/\\\/secure.gravatar.com\\\/avatar\\\/c948169b402ef9492afde705c3dfd5e90e1a6a84ef6840a91124f805a25a480f?s=96&d=mm&r=g\",\"caption\":\"Pablo\"},\"url\":\"https:\\\/\\\/www.sindicaturabarcelona.cat\\\/ca\\\/author\\\/pablo\\\/\"}]}<\/script>\n<!-- \/ Yoast SEO plugin. -->","yoast_head_json":{"title":"La Sindicatura considera que el Road Show de la Formula 1 no s\u2019hauria de celebrar a la ciutat i suggereix a l\u2019Ajuntament que l\u2019empla\u00e7ament sigui el Circuit Barcelona-Catalunya - Sindicatura de Greuges de Barcelona","description":"La defensoria demana a l\u2019Ajuntament que vetlli per la coher\u00e8ncia de les pol\u00edtiques municipals, i reconsideri la celebraci\u00f3 del Road Show de la F1 a la ciutat.","robots":{"index":"index","follow":"follow","max-snippet":"max-snippet:-1","max-image-preview":"max-image-preview:large","max-video-preview":"max-video-preview:-1"},"canonical":"https:\/\/www.sindicaturabarcelona.cat\/ca\/la-sindicatura-considera-que-el-road-show-de-la-formula-1-no-shauria-de-celebrar-a-la-ciutat-i-suggereix-a-lajuntament-que-lemplacament-sigui-el-circuit-barcelona-catalunya\/","og_locale":"ca_ES","og_type":"article","og_title":"La Sindicatura considera que el Road Show de la Formula 1 no s\u2019hauria de celebrar a la ciutat i suggereix a l\u2019Ajuntament que l\u2019empla\u00e7ament sigui el Circuit Barcelona-Catalunya - Sindicatura de Greuges de Barcelona","og_description":"La defensoria demana a l\u2019Ajuntament que vetlli per la coher\u00e8ncia de les pol\u00edtiques municipals, i reconsideri la celebraci\u00f3 del Road Show de la F1 a la ciutat.","og_url":"https:\/\/www.sindicaturabarcelona.cat\/ca\/la-sindicatura-considera-que-el-road-show-de-la-formula-1-no-shauria-de-celebrar-a-la-ciutat-i-suggereix-a-lajuntament-que-lemplacament-sigui-el-circuit-barcelona-catalunya\/","og_site_name":"Sindicatura de Greuges de Barcelona","article_published_time":"2024-06-12T05:30:00+00:00","article_modified_time":"2025-12-09T09:12:56+00:00","og_image":[{"width":1500,"height":841,"url":"https:\/\/www.sindicaturabarcelona.cat\/wp-content\/uploads\/F1-Road-Show.jpg","type":"image\/jpeg"}],"author":"Pablo","twitter_card":"summary_large_image","twitter_creator":"@sindicbarcelona","twitter_site":"@sindicbarcelona","twitter_misc":{"Escrit per":"Pablo","Temps estimat de lectura":"6 minuts"},"schema":{"@context":"https:\/\/schema.org","@graph":[{"@type":"Article","@id":"https:\/\/www.sindicaturabarcelona.cat\/ca\/la-sindicatura-considera-que-el-road-show-de-la-formula-1-no-shauria-de-celebrar-a-la-ciutat-i-suggereix-a-lajuntament-que-lemplacament-sigui-el-circuit-barcelona-catalunya\/#article","isPartOf":{"@id":"https:\/\/www.sindicaturabarcelona.cat\/ca\/la-sindicatura-considera-que-el-road-show-de-la-formula-1-no-shauria-de-celebrar-a-la-ciutat-i-suggereix-a-lajuntament-que-lemplacament-sigui-el-circuit-barcelona-catalunya\/"},"author":{"name":"Pablo","@id":"https:\/\/www.sindicaturabarcelona.cat\/ca\/#\/schema\/person\/0e5acffc350ffdbc97578159322c9452"},"headline":"La Sindicatura considera que el Road Show de la Formula 1 no s\u2019hauria de celebrar a la ciutat i suggereix a l\u2019Ajuntament que l\u2019empla\u00e7ament sigui el Circuit Barcelona-Catalunya","datePublished":"2024-06-12T05:30:00+00:00","dateModified":"2025-12-09T09:12:56+00:00","mainEntityOfPage":{"@id":"https:\/\/www.sindicaturabarcelona.cat\/ca\/la-sindicatura-considera-que-el-road-show-de-la-formula-1-no-shauria-de-celebrar-a-la-ciutat-i-suggereix-a-lajuntament-que-lemplacament-sigui-el-circuit-barcelona-catalunya\/"},"wordCount":1023,"publisher":{"@id":"https:\/\/www.sindicaturabarcelona.cat\/ca\/#organization"},"image":{"@id":"https:\/\/www.sindicaturabarcelona.cat\/ca\/la-sindicatura-considera-que-el-road-show-de-la-formula-1-no-shauria-de-celebrar-a-la-ciutat-i-suggereix-a-lajuntament-que-lemplacament-sigui-el-circuit-barcelona-catalunya\/#primaryimage"},"thumbnailUrl":"https:\/\/www.sindicaturabarcelona.cat\/wp-content\/uploads\/F1-Road-Show.jpg","inLanguage":"ca"},{"@type":"WebPage","@id":"https:\/\/www.sindicaturabarcelona.cat\/ca\/la-sindicatura-considera-que-el-road-show-de-la-formula-1-no-shauria-de-celebrar-a-la-ciutat-i-suggereix-a-lajuntament-que-lemplacament-sigui-el-circuit-barcelona-catalunya\/","url":"https:\/\/www.sindicaturabarcelona.cat\/ca\/la-sindicatura-considera-que-el-road-show-de-la-formula-1-no-shauria-de-celebrar-a-la-ciutat-i-suggereix-a-lajuntament-que-lemplacament-sigui-el-circuit-barcelona-catalunya\/","name":"La Sindicatura considera que el Road Show de la Formula 1 no s\u2019hauria de celebrar a la ciutat i suggereix a l\u2019Ajuntament que l\u2019empla\u00e7ament sigui el Circuit Barcelona-Catalunya - Sindicatura de Greuges de Barcelona","isPartOf":{"@id":"https:\/\/www.sindicaturabarcelona.cat\/ca\/#website"},"primaryImageOfPage":{"@id":"https:\/\/www.sindicaturabarcelona.cat\/ca\/la-sindicatura-considera-que-el-road-show-de-la-formula-1-no-shauria-de-celebrar-a-la-ciutat-i-suggereix-a-lajuntament-que-lemplacament-sigui-el-circuit-barcelona-catalunya\/#primaryimage"},"image":{"@id":"https:\/\/www.sindicaturabarcelona.cat\/ca\/la-sindicatura-considera-que-el-road-show-de-la-formula-1-no-shauria-de-celebrar-a-la-ciutat-i-suggereix-a-lajuntament-que-lemplacament-sigui-el-circuit-barcelona-catalunya\/#primaryimage"},"thumbnailUrl":"https:\/\/www.sindicaturabarcelona.cat\/wp-content\/uploads\/F1-Road-Show.jpg","datePublished":"2024-06-12T05:30:00+00:00","dateModified":"2025-12-09T09:12:56+00:00","description":"La defensoria demana a l\u2019Ajuntament que vetlli per la coher\u00e8ncia de les pol\u00edtiques municipals, i reconsideri la celebraci\u00f3 del Road Show de la F1 a la ciutat.","breadcrumb":{"@id":"https:\/\/www.sindicaturabarcelona.cat\/ca\/la-sindicatura-considera-que-el-road-show-de-la-formula-1-no-shauria-de-celebrar-a-la-ciutat-i-suggereix-a-lajuntament-que-lemplacament-sigui-el-circuit-barcelona-catalunya\/#breadcrumb"},"inLanguage":"ca","potentialAction":[{"@type":"ReadAction","target":["https:\/\/www.sindicaturabarcelona.cat\/ca\/la-sindicatura-considera-que-el-road-show-de-la-formula-1-no-shauria-de-celebrar-a-la-ciutat-i-suggereix-a-lajuntament-que-lemplacament-sigui-el-circuit-barcelona-catalunya\/"]}]},{"@type":"ImageObject","inLanguage":"ca","@id":"https:\/\/www.sindicaturabarcelona.cat\/ca\/la-sindicatura-considera-que-el-road-show-de-la-formula-1-no-shauria-de-celebrar-a-la-ciutat-i-suggereix-a-lajuntament-que-lemplacament-sigui-el-circuit-barcelona-catalunya\/#primaryimage","url":"https:\/\/www.sindicaturabarcelona.cat\/wp-content\/uploads\/F1-Road-Show.jpg","contentUrl":"https:\/\/www.sindicaturabarcelona.cat\/wp-content\/uploads\/F1-Road-Show.jpg","width":1500,"height":841},{"@type":"BreadcrumbList","@id":"https:\/\/www.sindicaturabarcelona.cat\/ca\/la-sindicatura-considera-que-el-road-show-de-la-formula-1-no-shauria-de-celebrar-a-la-ciutat-i-suggereix-a-lajuntament-que-lemplacament-sigui-el-circuit-barcelona-catalunya\/#breadcrumb","itemListElement":[{"@type":"ListItem","position":1,"name":"Inici","item":"https:\/\/www.sindicaturabarcelona.cat\/ca\/"},{"@type":"ListItem","position":2,"name":"La Sindicatura considera que el Road Show de la Formula 1 no s\u2019hauria de celebrar a la ciutat i suggereix a l\u2019Ajuntament que l\u2019empla\u00e7ament sigui el Circuit Barcelona-Catalunya"}]},{"@type":"WebSite","@id":"https:\/\/www.sindicaturabarcelona.cat\/ca\/#website","url":"https:\/\/www.sindicaturabarcelona.cat\/ca\/","name":"Sindicatura de Greuges de Barcelona","description":"La defensoria dels teus drets","publisher":{"@id":"https:\/\/www.sindicaturabarcelona.cat\/ca\/#organization"},"potentialAction":[{"@type":"SearchAction","target":{"@type":"EntryPoint","urlTemplate":"https:\/\/www.sindicaturabarcelona.cat\/ca\/?s={search_term_string}"},"query-input":{"@type":"PropertyValueSpecification","valueRequired":true,"valueName":"search_term_string"}}],"inLanguage":"ca"},{"@type":"Organization","@id":"https:\/\/www.sindicaturabarcelona.cat\/ca\/#organization","name":"Sindicatura de Greuges de Barcelona","url":"https:\/\/www.sindicaturabarcelona.cat\/ca\/","logo":{"@type":"ImageObject","inLanguage":"ca","@id":"https:\/\/www.sindicaturabarcelona.cat\/ca\/#\/schema\/logo\/image\/","url":"https:\/\/www.sindicaturabarcelona.cat\/wp-content\/uploads\/2023\/02\/logo_sindicatura.svg","contentUrl":"https:\/\/www.sindicaturabarcelona.cat\/wp-content\/uploads\/2023\/02\/logo_sindicatura.svg","caption":"Sindicatura de Greuges de Barcelona"},"image":{"@id":"https:\/\/www.sindicaturabarcelona.cat\/ca\/#\/schema\/logo\/image\/"},"sameAs":["https:\/\/x.com\/sindicbarcelona","https:\/\/www.instagram.com\/sindicbarcelona\/","https:\/\/www.tiktok.com\/@sindicaturabcn","https:\/\/t.me\/sindicaturabarcelona"]},{"@type":"Person","@id":"https:\/\/www.sindicaturabarcelona.cat\/ca\/#\/schema\/person\/0e5acffc350ffdbc97578159322c9452","name":"Pablo","image":{"@type":"ImageObject","inLanguage":"ca","@id":"https:\/\/secure.gravatar.com\/avatar\/c948169b402ef9492afde705c3dfd5e90e1a6a84ef6840a91124f805a25a480f?s=96&d=mm&r=g","url":"https:\/\/secure.gravatar.com\/avatar\/c948169b402ef9492afde705c3dfd5e90e1a6a84ef6840a91124f805a25a480f?s=96&d=mm&r=g","contentUrl":"https:\/\/secure.gravatar.com\/avatar\/c948169b402ef9492afde705c3dfd5e90e1a6a84ef6840a91124f805a25a480f?s=96&d=mm&r=g","caption":"Pablo"},"url":"https:\/\/www.sindicaturabarcelona.cat\/ca\/author\/pablo\/"}]}},"_links":{"self":[{"href":"https:\/\/www.sindicaturabarcelona.cat\/ca\/wp-json\/wp\/v2\/posts\/32949","targetHints":{"allow":["GET"]}}],"collection":[{"href":"https:\/\/www.sindicaturabarcelona.cat\/ca\/wp-json\/wp\/v2\/posts"}],"about":[{"href":"https:\/\/www.sindicaturabarcelona.cat\/ca\/wp-json\/wp\/v2\/types\/post"}],"author":[{"embeddable":true,"href":"https:\/\/www.sindicaturabarcelona.cat\/ca\/wp-json\/wp\/v2\/users\/2"}],"replies":[{"embeddable":true,"href":"https:\/\/www.sindicaturabarcelona.cat\/ca\/wp-json\/wp\/v2\/comments?post=32949"}],"version-history":[{"count":3,"href":"https:\/\/www.sindicaturabarcelona.cat\/ca\/wp-json\/wp\/v2\/posts\/32949\/revisions"}],"predecessor-version":[{"id":40704,"href":"https:\/\/www.sindicaturabarcelona.cat\/ca\/wp-json\/wp\/v2\/posts\/32949\/revisions\/40704"}],"wp:featuredmedia":[{"embeddable":true,"href":"https:\/\/www.sindicaturabarcelona.cat\/ca\/wp-json\/wp\/v2\/media\/32951"}],"wp:attachment":[{"href":"https:\/\/www.sindicaturabarcelona.cat\/ca\/wp-json\/wp\/v2\/media?parent=32949"}],"wp:term":[{"taxonomy":"post_tag","embeddable":true,"href":"https:\/\/www.sindicaturabarcelona.cat\/ca\/wp-json\/wp\/v2\/tags?post=32949"},{"taxonomy":"drets","embeddable":true,"href":"https:\/\/www.sindicaturabarcelona.cat\/ca\/wp-json\/wp\/v2\/drets?post=32949"}],"curies":[{"name":"wp","href":"https:\/\/api.w.org\/{rel}","templated":true}]}}