{"id":32718,"date":"2024-06-03T07:57:00","date_gmt":"2024-06-03T05:57:00","guid":{"rendered":"https:\/\/www.sindicaturabarcelona.cat\/?p=32718"},"modified":"2024-06-03T08:24:16","modified_gmt":"2024-06-03T06:24:16","slug":"la-sindicatura-suggereix-a-lajuntament-que-valori-adequar-la-regulacio-del-preu-public-de-residus-comercials-en-els-casos-dactivitats-on-no-quedi-acreditada-la-generacio-de-residus","status":"publish","type":"post","link":"https:\/\/www.sindicaturabarcelona.cat\/ca\/la-sindicatura-suggereix-a-lajuntament-que-valori-adequar-la-regulacio-del-preu-public-de-residus-comercials-en-els-casos-dactivitats-on-no-quedi-acreditada-la-generacio-de-residus\/","title":{"rendered":"La Sindicatura suggereix a l\u2019Ajuntament que valori adequar la regulaci\u00f3 del preu p\u00fablic de residus comercials en els casos d\u2019activitats on no quedi acreditada la generaci\u00f3 de residus"},"content":{"rendered":"\n<h2 class=\"wp-block-heading\"><strong>Cal revisar, amb criteris objectius i no indiciaris, si alguna de les activitats empresarials classificades en el grup B de la regulaci\u00f3 del preu p\u00fablic, quan es tracti de generadors m\u00ednims, s\u00f3n susceptibles de ser tractades com activitats professionals perqu\u00e8 tamb\u00e9 els sigui aplicable la reducci\u00f3 del 100% del preu p\u00fablic<\/strong>.<\/h2>\n\n\n\n<p><a href=\"https:\/\/www.sindicaturabarcelona.cat\/wp-content\/uploads\/202402_Dret-bona-administracio_disconformitat-per-la-no-reduccio-del-preu-public-del-servei-recollida-de-residus.pdf\" target=\"_blank\" rel=\"noreferrer noopener\">La Sindicatura de Greuges de Barcelona ha suggerit a l\u2019Ajuntament que valori adequar la regulaci\u00f3 del preu p\u00fablic de residus comercials<\/a> en els casos d\u2019activitats empresarials i generadors m\u00ednims on no quedi objectivament acreditada la generaci\u00f3 de residus.<\/p>\n\n\n\n<h2 class=\"wp-block-heading\"><strong>Una queixa ciutadana que origina la intervenci\u00f3 de la Sindicatura<\/strong><\/h2>\n\n\n\n<p>Una ciutadana s\u2019ha dirigit a la Sindicatura de Greuges de Barcelona per exposar la seva <strong>disconformitat amb qu\u00e8 no se li apliqui la reducci\u00f3 del 100% del preu p\u00fablic del servei de recollida de residus<\/strong>.<\/p>\n\n\n\n<h2 class=\"wp-block-heading\"><strong>Qu\u00e8 \u00e9s un preu p\u00fablic?<\/strong><strong><\/strong><\/h2>\n\n\n\n<p>\u00c9s el pagament que abona un ciutad\u00e0 o ciutadana a l\u2019administraci\u00f3&nbsp; per la prestaci\u00f3 de serveis o la realitzaci\u00f3 d\u2019activitats quan, prestant-se tamb\u00e9 aquests serveis o activitats pel sector privat, siguin sol\u00b7licitats volunt\u00e0riament per part dels ciutadans o ciutadanes.<\/p>\n\n\n\n<h2 class=\"wp-block-heading\"><strong>El preu p\u00fablic dels serveis de recollida de residus<\/strong><\/h2>\n\n\n\n<p><strong>L\u2019objecte d\u2019aquest preu p\u00fablic<\/strong> el constitueix el servei de recollida selectiva de les diferents fraccions de residus (resta, org\u00e0nica, paper-cartr\u00f3, vidre i envasos lleugers) dels residus generats per l\u2019activitat pr\u00f2pia del comer\u00e7 al detall i a l\u2019engr\u00f2s, l\u2019hostaleria, els bars, els mercats, les oficines i els serveis, i dels residus originats a la ind\u00fastria que tenen la consideraci\u00f3 d\u2019assimilables als municipals.<\/p>\n\n\n\n<p><strong>Les persones obligades al pagament d\u2019aquest preu p\u00fablic<\/strong> s\u00f3n les persones f\u00edsiques o jur\u00eddiques, p\u00fabliques o privades, titulars de les activitats generadores de residus, que es benefici\u00efn de la prestaci\u00f3 del servei municipal o que no hagin rebut la validaci\u00f3 de l\u2019Ajuntament per utilitzar el servei privat de recollida selectiva.<\/p>\n\n\n\n<h2 class=\"wp-block-heading\"><strong>L\u2019activitat de la ciutadana i la compet\u00e8ncia municipal<\/strong><\/h2>\n\n\n\n<p><strong>La seva tasca consisteix en el comer\u00e7 menor d\u2019articles de joieria, rellotgeria i bijuteria en un espai de 18 m\u00b2, declarada d\u2019alta de l\u2019Impost d\u2019Activitats Econ\u00f2miques (IAE), i que t\u00e9 la consideraci\u00f3 d\u2019activitat empresarial, segons el <\/strong><a href=\"https:\/\/www.boe.es\/buscar\/act.php?id=BOE-A-1990-23930\" target=\"_blank\" rel=\"noreferrer noopener\"><strong>RDLEG 1175\/1990<\/strong> pel qual s\u2019aproven les tarifes i la instrucci\u00f3 de l\u2019IAE<\/a>.<\/p>\n\n\n\n<p>La classificaci\u00f3 dels tipus d\u2019activitats \u00e9s compet\u00e8ncia estatal. Concretament, \u00e9s el Reial decret legislatiu 1175\/1990, de 28 de setembre, pel qual s\u2019aproven les tarifes i la instrucci\u00f3 de l\u2019IAE, el que estableix tres categories: activitats empresarials, professionals o art\u00edstiques.<\/p>\n\n\n\n<p>No obstant aix\u00f2, els preus p\u00fablics poden ser establerts pels ajuntaments. A la ciutat de Barcelona, <strong>la regulaci\u00f3 <\/strong>per a l\u2019any 2023 va aprovar-se el 24 de novembre de 2022 per part de l\u2019Ajuntament. <strong>Segons aquesta norma, l\u2019activitat forma part del grup B (resta i paper-cartr\u00f3) i t\u00e9 la consideraci\u00f3 de generador m\u00ednim, perqu\u00e8 l\u2019activitat es fa en un espai inferior a 50 m<sup>2<\/sup><\/strong>.<\/p>\n\n\n\n<p><strong>La regulaci\u00f3 municipal estableix que quan es tracta d\u2019activitats professionals (exercides en el seu domicili d\u2019empadronament) i generadors m\u00ednims hi ha una bonificaci\u00f3 del 100% en el pagament del preu p\u00fablic<\/strong>. En canvi, quan l\u2019activitat \u00e9s empresarial i tamb\u00e9 es tracta d\u2019un generador m\u00ednim, no existeix aquesta bonificaci\u00f3.<\/p>\n\n\n\n<h2 class=\"wp-block-heading\"><strong>Les recomanacions de la Sindicatura<\/strong><\/h2>\n\n\n\n<p>En la regulaci\u00f3 municipal, la quota del preu p\u00fablic del servei de recollida de residus comercials es calcula, <strong>indici\u00e0riament<\/strong>, a partir de la superf\u00edcie i la composici\u00f3 de les fraccions de residus determinada segons els ep\u00edgrafs de l\u2019activitat.<\/p>\n\n\n\n<p><strong>Tanmateix, i arran de l\u2019an\u00e0lisi d\u2019aquesta situaci\u00f3 concreta, la Sindicatura de Greuges de Barcelona considera que la norma que regula el preu p\u00fablic per la prestaci\u00f3 d\u2019aquest servei sembla dif\u00edcil d\u2019aplicar a activitats com la de la promotora de la queixa, ja que aquesta activitat dif\u00edcilment genera residus comercials i, a priori, no sembla que hi pugui haver un \u00fas efectiu del servei de recollida de brossa comercial.<\/strong><\/p>\n\n\n\n<p><strong>En aquesta l\u00ednia, la Sindicatura creu que cal revisar, amb criteris objectius i no indiciaris, si alguna de les activitats empresarials classificades en el grup B de la regulaci\u00f3 del preu p\u00fablic, quan es tracti de generadors m\u00ednims, s\u00f3n susceptibles de ser tractades com activitats professionals que els sigui aplicable la reducci\u00f3 del 100% del preu p\u00fablic<\/strong>.<\/p>\n\n\n\n<h2 class=\"wp-block-heading\"><strong>La resposta municipal<\/strong><\/h2>\n\n\n\n<p>L\u2019Ajuntament ha respost a la resoluci\u00f3 i les recomanacions de la Sindicatura de Greuges de Barcelona, manifestant la seva disconformitat amb la valoraci\u00f3 de la Sindicatura. El consistori ha argumentat que, pel que fa a l\u2019aplicaci\u00f3 de la reducci\u00f3 del 100% del preu p\u00fablic a les activitats empresarials que siguin generadors m\u00ednims (com es fa en les activitats empresarials), aquesta no es podria dur a terme, ja que es regeixen per criteris i normes diferents. <\/p>\n\n\n\n<p>La Sindicatura no comparteix aquesta valoraci\u00f3 i est\u00e0 explorant canals de di\u00e0leg amb el consistori per treballar conjuntament aquesta q\u00fcesti\u00f3.<\/p>\n","protected":false},"excerpt":{"rendered":"<p>Cal revisar, amb criteris objectius i no indiciaris, si alguna de les activitats empresarials classificades en el grup B de la regulaci\u00f3 del preu p\u00fablic, quan es tracti de generadors [&hellip;]<\/p>\n","protected":false},"author":2,"featured_media":32719,"comment_status":"closed","ping_status":"closed","sticky":false,"template":"","format":"standard","meta":{"_acf_changed":false,"footnotes":""},"tags":[],"drets":[1440,1456],"class_list":["post-32718","post","type-post","status-publish","format-standard","has-post-thumbnail","hentry","drets-ciutat-garantista","drets-dret-a-una-bona-administracio"],"acf":[],"yoast_head":"<!-- This site is optimized with the Yoast SEO plugin v27.5 - https:\/\/yoast.com\/product\/yoast-seo-wordpress\/ -->\n<title>La Sindicatura suggereix a l\u2019Ajuntament que valori adequar la regulaci\u00f3 del preu p\u00fablic de residus comercials en els casos d\u2019activitats on no quedi acreditada la generaci\u00f3 de residus - Sindicatura de Greuges de Barcelona<\/title>\n<meta name=\"description\" content=\"La defensoria considera que la norma que regula el preu p\u00fablic de residus comercials sembla dif\u00edcil d\u2019aplicar a activitats com la...\" \/>\n<meta name=\"robots\" content=\"index, follow, max-snippet:-1, max-image-preview:large, max-video-preview:-1\" \/>\n<link rel=\"canonical\" href=\"https:\/\/www.sindicaturabarcelona.cat\/ca\/la-sindicatura-suggereix-a-lajuntament-que-valori-adequar-la-regulacio-del-preu-public-de-residus-comercials-en-els-casos-dactivitats-on-no-quedi-acreditada-la-generacio-de-residus\/\" \/>\n<meta property=\"og:locale\" content=\"ca_ES\" \/>\n<meta property=\"og:type\" content=\"article\" \/>\n<meta property=\"og:title\" content=\"La Sindicatura suggereix a l\u2019Ajuntament que valori adequar la regulaci\u00f3 del preu p\u00fablic de residus comercials en els casos d\u2019activitats on no quedi acreditada la generaci\u00f3 de residus - Sindicatura de Greuges de Barcelona\" \/>\n<meta property=\"og:description\" content=\"La defensoria considera que la norma que regula el preu p\u00fablic de residus comercials sembla dif\u00edcil d\u2019aplicar a activitats com la...\" \/>\n<meta property=\"og:url\" content=\"https:\/\/www.sindicaturabarcelona.cat\/ca\/la-sindicatura-suggereix-a-lajuntament-que-valori-adequar-la-regulacio-del-preu-public-de-residus-comercials-en-els-casos-dactivitats-on-no-quedi-acreditada-la-generacio-de-residus\/\" \/>\n<meta property=\"og:site_name\" content=\"Sindicatura de Greuges de Barcelona\" \/>\n<meta property=\"article:published_time\" content=\"2024-06-03T05:57:00+00:00\" \/>\n<meta property=\"article:modified_time\" content=\"2024-06-03T06:24:16+00:00\" \/>\n<meta property=\"og:image\" content=\"https:\/\/www.sindicaturabarcelona.cat\/wp-content\/uploads\/Preu-public-recollida-residus.jpg\" \/>\n\t<meta property=\"og:image:width\" content=\"1533\" \/>\n\t<meta property=\"og:image:height\" content=\"1024\" \/>\n\t<meta property=\"og:image:type\" content=\"image\/jpeg\" \/>\n<meta name=\"author\" content=\"Pablo\" \/>\n<meta name=\"twitter:card\" content=\"summary_large_image\" \/>\n<meta name=\"twitter:creator\" content=\"@sindicbarcelona\" \/>\n<meta name=\"twitter:site\" content=\"@sindicbarcelona\" \/>\n<meta name=\"twitter:label1\" content=\"Escrit per\" \/>\n\t<meta name=\"twitter:data1\" content=\"Pablo\" \/>\n\t<meta name=\"twitter:label2\" content=\"Temps estimat de lectura\" \/>\n\t<meta name=\"twitter:data2\" content=\"5 minuts\" \/>\n<script type=\"application\/ld+json\" class=\"yoast-schema-graph\">{\"@context\":\"https:\\\/\\\/schema.org\",\"@graph\":[{\"@type\":\"Article\",\"@id\":\"https:\\\/\\\/www.sindicaturabarcelona.cat\\\/ca\\\/la-sindicatura-suggereix-a-lajuntament-que-valori-adequar-la-regulacio-del-preu-public-de-residus-comercials-en-els-casos-dactivitats-on-no-quedi-acreditada-la-generacio-de-residus\\\/#article\",\"isPartOf\":{\"@id\":\"https:\\\/\\\/www.sindicaturabarcelona.cat\\\/ca\\\/la-sindicatura-suggereix-a-lajuntament-que-valori-adequar-la-regulacio-del-preu-public-de-residus-comercials-en-els-casos-dactivitats-on-no-quedi-acreditada-la-generacio-de-residus\\\/\"},\"author\":{\"name\":\"Pablo\",\"@id\":\"https:\\\/\\\/www.sindicaturabarcelona.cat\\\/ca\\\/#\\\/schema\\\/person\\\/0e5acffc350ffdbc97578159322c9452\"},\"headline\":\"La Sindicatura suggereix a l\u2019Ajuntament que valori adequar la regulaci\u00f3 del preu p\u00fablic de residus comercials en els casos d\u2019activitats on no quedi acreditada la generaci\u00f3 de residus\",\"datePublished\":\"2024-06-03T05:57:00+00:00\",\"dateModified\":\"2024-06-03T06:24:16+00:00\",\"mainEntityOfPage\":{\"@id\":\"https:\\\/\\\/www.sindicaturabarcelona.cat\\\/ca\\\/la-sindicatura-suggereix-a-lajuntament-que-valori-adequar-la-regulacio-del-preu-public-de-residus-comercials-en-els-casos-dactivitats-on-no-quedi-acreditada-la-generacio-de-residus\\\/\"},\"wordCount\":877,\"publisher\":{\"@id\":\"https:\\\/\\\/www.sindicaturabarcelona.cat\\\/ca\\\/#organization\"},\"image\":{\"@id\":\"https:\\\/\\\/www.sindicaturabarcelona.cat\\\/ca\\\/la-sindicatura-suggereix-a-lajuntament-que-valori-adequar-la-regulacio-del-preu-public-de-residus-comercials-en-els-casos-dactivitats-on-no-quedi-acreditada-la-generacio-de-residus\\\/#primaryimage\"},\"thumbnailUrl\":\"https:\\\/\\\/www.sindicaturabarcelona.cat\\\/wp-content\\\/uploads\\\/Preu-public-recollida-residus.jpg\",\"inLanguage\":\"ca\"},{\"@type\":\"WebPage\",\"@id\":\"https:\\\/\\\/www.sindicaturabarcelona.cat\\\/ca\\\/la-sindicatura-suggereix-a-lajuntament-que-valori-adequar-la-regulacio-del-preu-public-de-residus-comercials-en-els-casos-dactivitats-on-no-quedi-acreditada-la-generacio-de-residus\\\/\",\"url\":\"https:\\\/\\\/www.sindicaturabarcelona.cat\\\/ca\\\/la-sindicatura-suggereix-a-lajuntament-que-valori-adequar-la-regulacio-del-preu-public-de-residus-comercials-en-els-casos-dactivitats-on-no-quedi-acreditada-la-generacio-de-residus\\\/\",\"name\":\"La Sindicatura suggereix a l\u2019Ajuntament que valori adequar la regulaci\u00f3 del preu p\u00fablic de residus comercials en els casos d\u2019activitats on no quedi acreditada la generaci\u00f3 de residus - Sindicatura de Greuges de Barcelona\",\"isPartOf\":{\"@id\":\"https:\\\/\\\/www.sindicaturabarcelona.cat\\\/ca\\\/#website\"},\"primaryImageOfPage\":{\"@id\":\"https:\\\/\\\/www.sindicaturabarcelona.cat\\\/ca\\\/la-sindicatura-suggereix-a-lajuntament-que-valori-adequar-la-regulacio-del-preu-public-de-residus-comercials-en-els-casos-dactivitats-on-no-quedi-acreditada-la-generacio-de-residus\\\/#primaryimage\"},\"image\":{\"@id\":\"https:\\\/\\\/www.sindicaturabarcelona.cat\\\/ca\\\/la-sindicatura-suggereix-a-lajuntament-que-valori-adequar-la-regulacio-del-preu-public-de-residus-comercials-en-els-casos-dactivitats-on-no-quedi-acreditada-la-generacio-de-residus\\\/#primaryimage\"},\"thumbnailUrl\":\"https:\\\/\\\/www.sindicaturabarcelona.cat\\\/wp-content\\\/uploads\\\/Preu-public-recollida-residus.jpg\",\"datePublished\":\"2024-06-03T05:57:00+00:00\",\"dateModified\":\"2024-06-03T06:24:16+00:00\",\"description\":\"La defensoria considera que la norma que regula el preu p\u00fablic de residus comercials sembla dif\u00edcil d\u2019aplicar a activitats com la...\",\"breadcrumb\":{\"@id\":\"https:\\\/\\\/www.sindicaturabarcelona.cat\\\/ca\\\/la-sindicatura-suggereix-a-lajuntament-que-valori-adequar-la-regulacio-del-preu-public-de-residus-comercials-en-els-casos-dactivitats-on-no-quedi-acreditada-la-generacio-de-residus\\\/#breadcrumb\"},\"inLanguage\":\"ca\",\"potentialAction\":[{\"@type\":\"ReadAction\",\"target\":[\"https:\\\/\\\/www.sindicaturabarcelona.cat\\\/ca\\\/la-sindicatura-suggereix-a-lajuntament-que-valori-adequar-la-regulacio-del-preu-public-de-residus-comercials-en-els-casos-dactivitats-on-no-quedi-acreditada-la-generacio-de-residus\\\/\"]}]},{\"@type\":\"ImageObject\",\"inLanguage\":\"ca\",\"@id\":\"https:\\\/\\\/www.sindicaturabarcelona.cat\\\/ca\\\/la-sindicatura-suggereix-a-lajuntament-que-valori-adequar-la-regulacio-del-preu-public-de-residus-comercials-en-els-casos-dactivitats-on-no-quedi-acreditada-la-generacio-de-residus\\\/#primaryimage\",\"url\":\"https:\\\/\\\/www.sindicaturabarcelona.cat\\\/wp-content\\\/uploads\\\/Preu-public-recollida-residus.jpg\",\"contentUrl\":\"https:\\\/\\\/www.sindicaturabarcelona.cat\\\/wp-content\\\/uploads\\\/Preu-public-recollida-residus.jpg\",\"width\":1533,\"height\":1024,\"caption\":\"Preu p\u00fablic de la recollida de residus\"},{\"@type\":\"BreadcrumbList\",\"@id\":\"https:\\\/\\\/www.sindicaturabarcelona.cat\\\/ca\\\/la-sindicatura-suggereix-a-lajuntament-que-valori-adequar-la-regulacio-del-preu-public-de-residus-comercials-en-els-casos-dactivitats-on-no-quedi-acreditada-la-generacio-de-residus\\\/#breadcrumb\",\"itemListElement\":[{\"@type\":\"ListItem\",\"position\":1,\"name\":\"Inici\",\"item\":\"https:\\\/\\\/www.sindicaturabarcelona.cat\\\/ca\\\/\"},{\"@type\":\"ListItem\",\"position\":2,\"name\":\"La Sindicatura suggereix a l\u2019Ajuntament que valori adequar la regulaci\u00f3 del preu p\u00fablic de residus comercials en els casos d\u2019activitats on no quedi acreditada la generaci\u00f3 de residus\"}]},{\"@type\":\"WebSite\",\"@id\":\"https:\\\/\\\/www.sindicaturabarcelona.cat\\\/ca\\\/#website\",\"url\":\"https:\\\/\\\/www.sindicaturabarcelona.cat\\\/ca\\\/\",\"name\":\"Sindicatura de Greuges de Barcelona\",\"description\":\"La defensoria dels teus drets\",\"publisher\":{\"@id\":\"https:\\\/\\\/www.sindicaturabarcelona.cat\\\/ca\\\/#organization\"},\"potentialAction\":[{\"@type\":\"SearchAction\",\"target\":{\"@type\":\"EntryPoint\",\"urlTemplate\":\"https:\\\/\\\/www.sindicaturabarcelona.cat\\\/ca\\\/?s={search_term_string}\"},\"query-input\":{\"@type\":\"PropertyValueSpecification\",\"valueRequired\":true,\"valueName\":\"search_term_string\"}}],\"inLanguage\":\"ca\"},{\"@type\":\"Organization\",\"@id\":\"https:\\\/\\\/www.sindicaturabarcelona.cat\\\/ca\\\/#organization\",\"name\":\"Sindicatura de Greuges de Barcelona\",\"url\":\"https:\\\/\\\/www.sindicaturabarcelona.cat\\\/ca\\\/\",\"logo\":{\"@type\":\"ImageObject\",\"inLanguage\":\"ca\",\"@id\":\"https:\\\/\\\/www.sindicaturabarcelona.cat\\\/ca\\\/#\\\/schema\\\/logo\\\/image\\\/\",\"url\":\"https:\\\/\\\/www.sindicaturabarcelona.cat\\\/wp-content\\\/uploads\\\/2023\\\/02\\\/logo_sindicatura.svg\",\"contentUrl\":\"https:\\\/\\\/www.sindicaturabarcelona.cat\\\/wp-content\\\/uploads\\\/2023\\\/02\\\/logo_sindicatura.svg\",\"caption\":\"Sindicatura de Greuges de Barcelona\"},\"image\":{\"@id\":\"https:\\\/\\\/www.sindicaturabarcelona.cat\\\/ca\\\/#\\\/schema\\\/logo\\\/image\\\/\"},\"sameAs\":[\"https:\\\/\\\/x.com\\\/sindicbarcelona\",\"https:\\\/\\\/www.instagram.com\\\/sindicbarcelona\\\/\",\"https:\\\/\\\/www.tiktok.com\\\/@sindicaturabcn\",\"https:\\\/\\\/t.me\\\/sindicaturabarcelona\"]},{\"@type\":\"Person\",\"@id\":\"https:\\\/\\\/www.sindicaturabarcelona.cat\\\/ca\\\/#\\\/schema\\\/person\\\/0e5acffc350ffdbc97578159322c9452\",\"name\":\"Pablo\",\"image\":{\"@type\":\"ImageObject\",\"inLanguage\":\"ca\",\"@id\":\"https:\\\/\\\/secure.gravatar.com\\\/avatar\\\/c948169b402ef9492afde705c3dfd5e90e1a6a84ef6840a91124f805a25a480f?s=96&d=mm&r=g\",\"url\":\"https:\\\/\\\/secure.gravatar.com\\\/avatar\\\/c948169b402ef9492afde705c3dfd5e90e1a6a84ef6840a91124f805a25a480f?s=96&d=mm&r=g\",\"contentUrl\":\"https:\\\/\\\/secure.gravatar.com\\\/avatar\\\/c948169b402ef9492afde705c3dfd5e90e1a6a84ef6840a91124f805a25a480f?s=96&d=mm&r=g\",\"caption\":\"Pablo\"},\"url\":\"https:\\\/\\\/www.sindicaturabarcelona.cat\\\/ca\\\/author\\\/pablo\\\/\"}]}<\/script>\n<!-- \/ Yoast SEO plugin. -->","yoast_head_json":{"title":"La Sindicatura suggereix a l\u2019Ajuntament que valori adequar la regulaci\u00f3 del preu p\u00fablic de residus comercials en els casos d\u2019activitats on no quedi acreditada la generaci\u00f3 de residus - Sindicatura de Greuges de Barcelona","description":"La defensoria considera que la norma que regula el preu p\u00fablic de residus comercials sembla dif\u00edcil d\u2019aplicar a activitats com la...","robots":{"index":"index","follow":"follow","max-snippet":"max-snippet:-1","max-image-preview":"max-image-preview:large","max-video-preview":"max-video-preview:-1"},"canonical":"https:\/\/www.sindicaturabarcelona.cat\/ca\/la-sindicatura-suggereix-a-lajuntament-que-valori-adequar-la-regulacio-del-preu-public-de-residus-comercials-en-els-casos-dactivitats-on-no-quedi-acreditada-la-generacio-de-residus\/","og_locale":"ca_ES","og_type":"article","og_title":"La Sindicatura suggereix a l\u2019Ajuntament que valori adequar la regulaci\u00f3 del preu p\u00fablic de residus comercials en els casos d\u2019activitats on no quedi acreditada la generaci\u00f3 de residus - Sindicatura de Greuges de Barcelona","og_description":"La defensoria considera que la norma que regula el preu p\u00fablic de residus comercials sembla dif\u00edcil d\u2019aplicar a activitats com la...","og_url":"https:\/\/www.sindicaturabarcelona.cat\/ca\/la-sindicatura-suggereix-a-lajuntament-que-valori-adequar-la-regulacio-del-preu-public-de-residus-comercials-en-els-casos-dactivitats-on-no-quedi-acreditada-la-generacio-de-residus\/","og_site_name":"Sindicatura de Greuges de Barcelona","article_published_time":"2024-06-03T05:57:00+00:00","article_modified_time":"2024-06-03T06:24:16+00:00","og_image":[{"width":1533,"height":1024,"url":"https:\/\/www.sindicaturabarcelona.cat\/wp-content\/uploads\/Preu-public-recollida-residus.jpg","type":"image\/jpeg"}],"author":"Pablo","twitter_card":"summary_large_image","twitter_creator":"@sindicbarcelona","twitter_site":"@sindicbarcelona","twitter_misc":{"Escrit per":"Pablo","Temps estimat de lectura":"5 minuts"},"schema":{"@context":"https:\/\/schema.org","@graph":[{"@type":"Article","@id":"https:\/\/www.sindicaturabarcelona.cat\/ca\/la-sindicatura-suggereix-a-lajuntament-que-valori-adequar-la-regulacio-del-preu-public-de-residus-comercials-en-els-casos-dactivitats-on-no-quedi-acreditada-la-generacio-de-residus\/#article","isPartOf":{"@id":"https:\/\/www.sindicaturabarcelona.cat\/ca\/la-sindicatura-suggereix-a-lajuntament-que-valori-adequar-la-regulacio-del-preu-public-de-residus-comercials-en-els-casos-dactivitats-on-no-quedi-acreditada-la-generacio-de-residus\/"},"author":{"name":"Pablo","@id":"https:\/\/www.sindicaturabarcelona.cat\/ca\/#\/schema\/person\/0e5acffc350ffdbc97578159322c9452"},"headline":"La Sindicatura suggereix a l\u2019Ajuntament que valori adequar la regulaci\u00f3 del preu p\u00fablic de residus comercials en els casos d\u2019activitats on no quedi acreditada la generaci\u00f3 de residus","datePublished":"2024-06-03T05:57:00+00:00","dateModified":"2024-06-03T06:24:16+00:00","mainEntityOfPage":{"@id":"https:\/\/www.sindicaturabarcelona.cat\/ca\/la-sindicatura-suggereix-a-lajuntament-que-valori-adequar-la-regulacio-del-preu-public-de-residus-comercials-en-els-casos-dactivitats-on-no-quedi-acreditada-la-generacio-de-residus\/"},"wordCount":877,"publisher":{"@id":"https:\/\/www.sindicaturabarcelona.cat\/ca\/#organization"},"image":{"@id":"https:\/\/www.sindicaturabarcelona.cat\/ca\/la-sindicatura-suggereix-a-lajuntament-que-valori-adequar-la-regulacio-del-preu-public-de-residus-comercials-en-els-casos-dactivitats-on-no-quedi-acreditada-la-generacio-de-residus\/#primaryimage"},"thumbnailUrl":"https:\/\/www.sindicaturabarcelona.cat\/wp-content\/uploads\/Preu-public-recollida-residus.jpg","inLanguage":"ca"},{"@type":"WebPage","@id":"https:\/\/www.sindicaturabarcelona.cat\/ca\/la-sindicatura-suggereix-a-lajuntament-que-valori-adequar-la-regulacio-del-preu-public-de-residus-comercials-en-els-casos-dactivitats-on-no-quedi-acreditada-la-generacio-de-residus\/","url":"https:\/\/www.sindicaturabarcelona.cat\/ca\/la-sindicatura-suggereix-a-lajuntament-que-valori-adequar-la-regulacio-del-preu-public-de-residus-comercials-en-els-casos-dactivitats-on-no-quedi-acreditada-la-generacio-de-residus\/","name":"La Sindicatura suggereix a l\u2019Ajuntament que valori adequar la regulaci\u00f3 del preu p\u00fablic de residus comercials en els casos d\u2019activitats on no quedi acreditada la generaci\u00f3 de residus - Sindicatura de Greuges de Barcelona","isPartOf":{"@id":"https:\/\/www.sindicaturabarcelona.cat\/ca\/#website"},"primaryImageOfPage":{"@id":"https:\/\/www.sindicaturabarcelona.cat\/ca\/la-sindicatura-suggereix-a-lajuntament-que-valori-adequar-la-regulacio-del-preu-public-de-residus-comercials-en-els-casos-dactivitats-on-no-quedi-acreditada-la-generacio-de-residus\/#primaryimage"},"image":{"@id":"https:\/\/www.sindicaturabarcelona.cat\/ca\/la-sindicatura-suggereix-a-lajuntament-que-valori-adequar-la-regulacio-del-preu-public-de-residus-comercials-en-els-casos-dactivitats-on-no-quedi-acreditada-la-generacio-de-residus\/#primaryimage"},"thumbnailUrl":"https:\/\/www.sindicaturabarcelona.cat\/wp-content\/uploads\/Preu-public-recollida-residus.jpg","datePublished":"2024-06-03T05:57:00+00:00","dateModified":"2024-06-03T06:24:16+00:00","description":"La defensoria considera que la norma que regula el preu p\u00fablic de residus comercials sembla dif\u00edcil d\u2019aplicar a activitats com la...","breadcrumb":{"@id":"https:\/\/www.sindicaturabarcelona.cat\/ca\/la-sindicatura-suggereix-a-lajuntament-que-valori-adequar-la-regulacio-del-preu-public-de-residus-comercials-en-els-casos-dactivitats-on-no-quedi-acreditada-la-generacio-de-residus\/#breadcrumb"},"inLanguage":"ca","potentialAction":[{"@type":"ReadAction","target":["https:\/\/www.sindicaturabarcelona.cat\/ca\/la-sindicatura-suggereix-a-lajuntament-que-valori-adequar-la-regulacio-del-preu-public-de-residus-comercials-en-els-casos-dactivitats-on-no-quedi-acreditada-la-generacio-de-residus\/"]}]},{"@type":"ImageObject","inLanguage":"ca","@id":"https:\/\/www.sindicaturabarcelona.cat\/ca\/la-sindicatura-suggereix-a-lajuntament-que-valori-adequar-la-regulacio-del-preu-public-de-residus-comercials-en-els-casos-dactivitats-on-no-quedi-acreditada-la-generacio-de-residus\/#primaryimage","url":"https:\/\/www.sindicaturabarcelona.cat\/wp-content\/uploads\/Preu-public-recollida-residus.jpg","contentUrl":"https:\/\/www.sindicaturabarcelona.cat\/wp-content\/uploads\/Preu-public-recollida-residus.jpg","width":1533,"height":1024,"caption":"Preu p\u00fablic de la recollida de residus"},{"@type":"BreadcrumbList","@id":"https:\/\/www.sindicaturabarcelona.cat\/ca\/la-sindicatura-suggereix-a-lajuntament-que-valori-adequar-la-regulacio-del-preu-public-de-residus-comercials-en-els-casos-dactivitats-on-no-quedi-acreditada-la-generacio-de-residus\/#breadcrumb","itemListElement":[{"@type":"ListItem","position":1,"name":"Inici","item":"https:\/\/www.sindicaturabarcelona.cat\/ca\/"},{"@type":"ListItem","position":2,"name":"La Sindicatura suggereix a l\u2019Ajuntament que valori adequar la regulaci\u00f3 del preu p\u00fablic de residus comercials en els casos d\u2019activitats on no quedi acreditada la generaci\u00f3 de residus"}]},{"@type":"WebSite","@id":"https:\/\/www.sindicaturabarcelona.cat\/ca\/#website","url":"https:\/\/www.sindicaturabarcelona.cat\/ca\/","name":"Sindicatura de Greuges de Barcelona","description":"La defensoria dels teus drets","publisher":{"@id":"https:\/\/www.sindicaturabarcelona.cat\/ca\/#organization"},"potentialAction":[{"@type":"SearchAction","target":{"@type":"EntryPoint","urlTemplate":"https:\/\/www.sindicaturabarcelona.cat\/ca\/?s={search_term_string}"},"query-input":{"@type":"PropertyValueSpecification","valueRequired":true,"valueName":"search_term_string"}}],"inLanguage":"ca"},{"@type":"Organization","@id":"https:\/\/www.sindicaturabarcelona.cat\/ca\/#organization","name":"Sindicatura de Greuges de Barcelona","url":"https:\/\/www.sindicaturabarcelona.cat\/ca\/","logo":{"@type":"ImageObject","inLanguage":"ca","@id":"https:\/\/www.sindicaturabarcelona.cat\/ca\/#\/schema\/logo\/image\/","url":"https:\/\/www.sindicaturabarcelona.cat\/wp-content\/uploads\/2023\/02\/logo_sindicatura.svg","contentUrl":"https:\/\/www.sindicaturabarcelona.cat\/wp-content\/uploads\/2023\/02\/logo_sindicatura.svg","caption":"Sindicatura de Greuges de Barcelona"},"image":{"@id":"https:\/\/www.sindicaturabarcelona.cat\/ca\/#\/schema\/logo\/image\/"},"sameAs":["https:\/\/x.com\/sindicbarcelona","https:\/\/www.instagram.com\/sindicbarcelona\/","https:\/\/www.tiktok.com\/@sindicaturabcn","https:\/\/t.me\/sindicaturabarcelona"]},{"@type":"Person","@id":"https:\/\/www.sindicaturabarcelona.cat\/ca\/#\/schema\/person\/0e5acffc350ffdbc97578159322c9452","name":"Pablo","image":{"@type":"ImageObject","inLanguage":"ca","@id":"https:\/\/secure.gravatar.com\/avatar\/c948169b402ef9492afde705c3dfd5e90e1a6a84ef6840a91124f805a25a480f?s=96&d=mm&r=g","url":"https:\/\/secure.gravatar.com\/avatar\/c948169b402ef9492afde705c3dfd5e90e1a6a84ef6840a91124f805a25a480f?s=96&d=mm&r=g","contentUrl":"https:\/\/secure.gravatar.com\/avatar\/c948169b402ef9492afde705c3dfd5e90e1a6a84ef6840a91124f805a25a480f?s=96&d=mm&r=g","caption":"Pablo"},"url":"https:\/\/www.sindicaturabarcelona.cat\/ca\/author\/pablo\/"}]}},"_links":{"self":[{"href":"https:\/\/www.sindicaturabarcelona.cat\/ca\/wp-json\/wp\/v2\/posts\/32718","targetHints":{"allow":["GET"]}}],"collection":[{"href":"https:\/\/www.sindicaturabarcelona.cat\/ca\/wp-json\/wp\/v2\/posts"}],"about":[{"href":"https:\/\/www.sindicaturabarcelona.cat\/ca\/wp-json\/wp\/v2\/types\/post"}],"author":[{"embeddable":true,"href":"https:\/\/www.sindicaturabarcelona.cat\/ca\/wp-json\/wp\/v2\/users\/2"}],"replies":[{"embeddable":true,"href":"https:\/\/www.sindicaturabarcelona.cat\/ca\/wp-json\/wp\/v2\/comments?post=32718"}],"version-history":[{"count":3,"href":"https:\/\/www.sindicaturabarcelona.cat\/ca\/wp-json\/wp\/v2\/posts\/32718\/revisions"}],"predecessor-version":[{"id":32765,"href":"https:\/\/www.sindicaturabarcelona.cat\/ca\/wp-json\/wp\/v2\/posts\/32718\/revisions\/32765"}],"wp:featuredmedia":[{"embeddable":true,"href":"https:\/\/www.sindicaturabarcelona.cat\/ca\/wp-json\/wp\/v2\/media\/32719"}],"wp:attachment":[{"href":"https:\/\/www.sindicaturabarcelona.cat\/ca\/wp-json\/wp\/v2\/media?parent=32718"}],"wp:term":[{"taxonomy":"post_tag","embeddable":true,"href":"https:\/\/www.sindicaturabarcelona.cat\/ca\/wp-json\/wp\/v2\/tags?post=32718"},{"taxonomy":"drets","embeddable":true,"href":"https:\/\/www.sindicaturabarcelona.cat\/ca\/wp-json\/wp\/v2\/drets?post=32718"}],"curies":[{"name":"wp","href":"https:\/\/api.w.org\/{rel}","templated":true}]}}