{"id":32672,"date":"2024-05-17T07:30:00","date_gmt":"2024-05-17T05:30:00","guid":{"rendered":"https:\/\/www.sindicaturabarcelona.cat\/?p=32672"},"modified":"2024-05-16T18:40:42","modified_gmt":"2024-05-16T16:40:42","slug":"la-sindicatura-de-greuges-de-barcelona-reclama-a-lajuntament-un-abordatge-integral-del-sensellarisme","status":"publish","type":"post","link":"https:\/\/www.sindicaturabarcelona.cat\/ca\/la-sindicatura-de-greuges-de-barcelona-reclama-a-lajuntament-un-abordatge-integral-del-sensellarisme\/","title":{"rendered":"La Sindicatura de Greuges de Barcelona reclama a l\u2019Ajuntament un abordatge integral del sensellarisme"},"content":{"rendered":"\n<h2 class=\"wp-block-heading\"><strong>La defensoria creu que la manera d\u2019abordar el sensellarisme no pot ser nom\u00e9s la punitiva i de restabliment de l\u2019ordre p\u00fablic, de manera a\u00efllada de la resta d\u2019intervencions sobre aquest col\u00b7lectiu.<\/strong><\/h2>\n\n\n\n<h2 class=\"wp-block-heading\"><strong>\u00c9s imprescindible dissenyar una estrat\u00e8gia integral i coordinada de tots els serveis municipals, conjuntament amb les entitats socials que atenen les persones sense llar, per potenciar els processos de recuperaci\u00f3 d\u2019aquestes persones.<\/strong><\/h2>\n\n\n\n<p><strong>Barcelona, 17 de maig de 2024<\/strong> \u2013 Despr\u00e9s d\u2019analitzar una queixa d\u2019un ciutad\u00e0 que havia rebut 42 sancions vinculades a la seva situaci\u00f3 de sensellarisme, <a href=\"https:\/\/www.sindicaturabarcelona.cat\/wp-content\/uploads\/202404_Dret-igualtat-i-no-discriminacio_fins-a-25-sancions-vinculades-al-sensellarisme.pdf\" target=\"_blank\" rel=\"noreferrer noopener\"><strong>la Sindicatura de Greuges de Barcelona ha concl\u00f2s que l\u2019actuaci\u00f3 municipal s\u2019ha enfocat \u00fanicament de manera punitiva i amb la finalitat de restablir l\u2019ordre a l\u2019espai p\u00fablic<\/strong><\/a><strong>, per\u00f2 no ha implicat altres serveis municipals per abordar la problem\u00e0tica de manera integral.<\/strong><\/p>\n\n\n\n<p><strong>La resoluci\u00f3 de la Sindicatura de Greuges de Barcelona finalitza amb <\/strong><a href=\"https:\/\/www.sindicaturabarcelona.cat\/wp-content\/uploads\/Vuit-recomanacions-abordatge-integral-sensellarisme.pdf\" target=\"_blank\" rel=\"noreferrer noopener\"><strong>vuit recomanacions que interpel\u00b7len a diversos \u00f2rgans de l\u2019Ajuntament<\/strong><\/a>: l\u2019\u00c0rea de Prevenci\u00f3 i Seguretat, l\u2019Institut Municipal de Serveis Socials i la Comissionada de Conviv\u00e8ncia.<\/p>\n\n\n\n<h2 class=\"wp-block-heading\"><strong>Fins a 42 den\u00fancies a una mateixa persona sense llar<\/strong><\/h2>\n\n\n\n<p>Un ciutad\u00e0, en situaci\u00f3 de sensellarisme i at\u00e8s per la Fundaci\u00f3 Arrels, va dirigir-se a la Sindicatura per exposar que la Gu\u00e0rdia Urbana li havia interposat 42 den\u00fancies per presumptes infraccions, amb els diferents procediments sancionadors derivats d\u2019aquestes den\u00fancies.<\/p>\n\n\n\n<p>Les presumptes infraccions consistien en conductes vinculades al sensellarisme, com ara la manca de neteja i higiene personal, dormir de nit o de dia a l\u2019espai p\u00fablic, \u00fas incorrecte de bancs o seients p\u00fablics, consum d\u2019alcohol a l\u2019espai p\u00fablic, o orinar i escopir a l\u2019espai p\u00fablic.<\/p>\n\n\n\n<p>La persona promotora de la queixa afegia que moltes de les sancions van ser interposades el mateix dia i pel mateix agent policial, i recordava que l\u2019administraci\u00f3 sancionadora, entre altres administracions, era la responsable de la manca de recursos a la ciutat pel manteniment de la higiene i la pernoctaci\u00f3 de persones en situaci\u00f3 de vulnerabilitat.<\/p>\n\n\n\n<h2 class=\"wp-block-heading\"><strong>L\u2019Ordenan\u00e7a de conviv\u00e8ncia i les persones en situaci\u00f3 de sensellarisme<\/strong><\/h2>\n\n\n\n<p>L\u2019Ordenan\u00e7a municipal de conviv\u00e8ncia assenyala la prohibici\u00f3 de: utilitzar els bancs i els seients p\u00fablics per a usos diferents pels quals estan destinats; rentar-se en fonts, estanys o similars, i orinar o defecar en espais de concorreguda aflu\u00e8ncia de persones.<\/p>\n\n\n\n<p>La Sindicatura de Greuges de Barcelona ent\u00e9n que <strong>aquesta regulaci\u00f3 no t\u00e9 en compte la situaci\u00f3 de les persones sense llar, que no disposen d\u2019un espai privat per dur a terme les necessitats b\u00e0siques de la seva vida<\/strong>. La defensoria afegeix que <strong>l\u2019administraci\u00f3 municipal no proveeix una xarxa p\u00fablica de serveis suficient per tal que aquestes persones tinguin opcions per mantenir la seva higiene i garantir el seu dret de pernoctaci\u00f3 fora de l\u2019espai p\u00fablic<\/strong>.<\/p>\n\n\n\n<p>Mentre no es doni aquest escenari, la Sindicatura de Greuges de Barcelona considera que <strong>no \u00e9s procedent que les ordenances municipals tipifiquin com a infracci\u00f3 administrativa les conductes en l\u2019espai p\u00fablic vinculades al sensellarisme, ja que suposa un factor addicional d\u2019exclusi\u00f3 social<\/strong>.<\/p>\n\n\n\n<h2 class=\"wp-block-heading\"><strong>Cal un abordatge integral del sensellarisme<\/strong><\/h2>\n\n\n\n<p>La Sindicatura creu que <strong>la manera d\u2019abordar les situacions de sensellarisme no pot ser nom\u00e9s la punitiva i de restabliment de l\u2019ordre p\u00fablic<\/strong>, de manera a\u00efllada a la resta d\u2019intervencions sobre aquest col\u00b7lectiu. Aquest tipus d\u2019actuaci\u00f3 no esdev\u00e9 una soluci\u00f3 definitiva, sin\u00f3 que pot constituir una <strong>revictimitzaci\u00f3 de persones en situacions de molta vulnerabilitat<\/strong>.<\/p>\n\n\n\n<p><strong>\u00c9s imprescindible dissenyar una estrat\u00e8gia integral i coordinada de tots els serveis municipals, conjuntament amb les entitats socials que atenen les persones sense llar, per potenciar els processos de recuperaci\u00f3 d\u2019aquestes persones<\/strong>, tal com disposa el <a href=\"https:\/\/dretssocials.gencat.cat\/ca\/el_departament\/plans_dactuacio\/marc-daccio-per-a-labordatge-del-sensellarisme-a-catalunya-2022-2025\/index.html\" target=\"_blank\" rel=\"noreferrer noopener\">Marc d\u2019Acci\u00f3 per a l\u2019Abordatge del Sensellarisme a Catalunya 2022-2025<\/a>.<\/p>\n\n\n\n<p>A Barcelona, l\u2019any 2005 va constituir-se la Xarxa d\u2019atenci\u00f3 a les persones sense llar (XAPSLL), de la qual forma part l\u2019Ajuntament i les entitats que atenen les persones sense llar. Una de les finalitats de la XAPSLL \u00e9s ampliar el treball conjunt i la col\u00b7laboraci\u00f3 entre el sector p\u00fablic i les entitats socials. <strong>La Sindicatura sost\u00e9 que la XAPSLL seria una bona plataforma per vehicular el contacte i la coordinaci\u00f3 amb la Gu\u00e0rdia Urbana, ja que treballen sobre el territori i detecten i atenen situacions de persones sense llar<\/strong>.<\/p>\n\n\n\n<h2 class=\"wp-block-heading\"><strong>Excepcions en els procediments sancionadors a les persones vulnerabilitzades<\/strong><\/h2>\n\n\n\n<p>L\u2019Ordenan\u00e7a de conviv\u00e8ncia <strong>recull algunes excepcions a la sanci\u00f3 en els casos de la prohibici\u00f3 de dormir de dia o de nit en l\u2019espai p\u00fablic si es tracta d\u2019una persona en risc d\u2019exclusi\u00f3 social<\/strong>. L\u2019article 60.2 preveu el seg\u00fcent:<\/p>\n\n\n\n<p>Els serveis municipals adoptaran, en cada cas, les mesures que siguin procedents <strong>en coordinaci\u00f3 amb els serveis socials municipals <\/strong>o, si escau, amb altres institucions p\u00fabliques. Si ho estimessin necessari per raons de salut, acompanyaran aquestes persones a l\u2019establiment o servei municipal adient, amb la finalitat de soc\u00f3rrer-la o ajudar-la en all\u00f2 que sigui possible. <strong>En aquest cas no s\u2019imposar\u00e0 la sanci\u00f3 prevista<\/strong>.<\/p>\n\n\n\n<p><strong>Pel que fa a altres conductes citades<\/strong> com utilitzar bancs i seients p\u00fablics per a usos diferents dels quals estan destinats, rentar-se o banyar-se en fonts o rentar la roba en fonts, <strong>l\u2019Ordenan\u00e7a no preveu l\u2019excepcionalitat de no cursar la den\u00fancia. Ara b\u00e9, segons informa el consistori, en el sup\u00f2sit que l\u2019\u00f2rgan instructor conegui el perfil de vulnerabilitat de la persona infractora, no imposa la sanci\u00f3.<\/strong><\/p>\n\n\n\n<p>En aquest punt, <strong>la Sindicatura considera que ser\u00e0 complicat que les persones en situaci\u00f3 de sensellarisme al\u00b7leguin la seva condici\u00f3 de vulnerabilitat, ateses les seves dificultats d\u2019autonomia personal<\/strong>. Per aquest motiu, la defensoria creu que per dur a terme un tractament m\u00e9s efica\u00e7 i eficient dels procediments sancionadors, seria convenient que els agents de la Gu\u00e0rdia Urbana facilitin aquesta informaci\u00f3 a l\u2019\u00f2rgan instructor.<\/p>\n\n\n\n<p><strong>En conclusi\u00f3, les previsions de l\u2019Ordenan\u00e7a de conviv\u00e8ncia per atenuar els efectes del procediment sancionador a les persones vulnerabilitzades s\u00f3n de dif\u00edcil aplicaci\u00f3 en el cas de persones sense llar<\/strong>. Moltes d\u2019elles no tenen autonomia personal suficient per al\u00b7legar la seva situaci\u00f3 de vulnerabilitat davant de l\u2019\u00f2rgan instructor, a fi d\u2019interrompre el procediment sancionador, o demanar la substituci\u00f3 de la sanci\u00f3 per mesures alternatives.<\/p>\n\n\n\n<h2 class=\"wp-block-heading\"><strong>La responsabilitat de les persones infractores<\/strong><\/h2>\n\n\n\n<p><strong>La Llei 40\/2015 de R\u00e8gim Jur\u00eddic de l\u2019Administraci\u00f3 P\u00fablica recull el principi de responsabilitat subjectiva del procediment sancionador:<\/strong> \u201c<em>Nom\u00e9s podran ser sancionades per fets constitutius d\u2019infracci\u00f3 administrativa les persones f\u00edsiques o jur\u00eddiques que en resultin responsables a t\u00edtol de <strong>dol o culpa<\/strong>\u201d<\/em>.<\/p>\n\n\n\n<p>Per tant, aquest principi <strong>exigeix que la persona presumptament responsable de la infracci\u00f3 hagi actuat de manera culpable: <\/strong>no \u00e9s suficient que la conducta sigui considerada com a infractora (responsabilitat objectiva), sin\u00f3 que tamb\u00e9 cal l\u2019element de culpabilitat (responsabilitat subjectiva).<\/p>\n\n\n\n<p><strong>En el cas de les persones sense llar, la Sindicatura q\u00fcestiona la culpabilitat subjectiva de les persones afectades per problem\u00e0tiques d\u2019addiccions o salut mental<\/strong>, que afecten la seva capacitat cognitiva. Conv\u00e9 recordar que aquests tipus d\u2019afectacions acostumen a ser freq\u00fcents en les persones sense llar.<\/p>\n\n\n\n<h2 class=\"wp-block-heading\"><strong>Lluita contra l\u2019aporof\u00f2bia<\/strong><\/h2>\n\n\n\n<p>La Sindicatura de Greuges de Barcelona ha tingut coneixement de casos en qu\u00e8 el mateix agent policial ha est\u00e8s quatre den\u00fancies en un mateix dia o, fins i tot, dues o tres den\u00fancies amb escassos minuts de difer\u00e8ncia. <strong>En aquest punt, la Sindicatura planteja la conveni\u00e8ncia de qu\u00e8 la Gu\u00e0rdia Urbana implementi mesures dirigides a evitar conductes discriminat\u00f2ries dels agents, i que estableixi indicadors clars a fi d\u2019investigar si alguns dels agents implicats poden estar actuant amb motivacions aporof\u00f2biques<\/strong>.<\/p>\n\n\n\n<p>A m\u00e9s a m\u00e9s, <strong>la Sindicatura es referma en la necessitat de treballar contra l\u2019aporof\u00f2bia en l\u2019\u00e0mbit de la ciutadania<\/strong>. Precisament, en altres resolucions d\u2019aquesta instituci\u00f3 s\u2019ha instat l\u2019Ajuntament de Barcelona a lluitar contra l\u2019aporof\u00f2bia, i s\u2019ha insistit en la necessitat de <strong>millorar la interlocuci\u00f3 amb el ve\u00efnat dels espais on es manifesten queixes per la pres\u00e8ncia de persones sense llar a l\u2019espai p\u00fablic, amb la finalitat de donar a con\u00e8ixer l\u2019acci\u00f3 municipal i contribuir a rebaixar l\u2019estigma d\u2019aquest col\u00b7lectiu<\/strong>.<\/p>\n","protected":false},"excerpt":{"rendered":"<p>La defensoria creu que la manera d\u2019abordar el sensellarisme no pot ser nom\u00e9s la punitiva i de restabliment de l\u2019ordre p\u00fablic, de manera a\u00efllada de la resta d\u2019intervencions sobre aquest [&hellip;]<\/p>\n","protected":false},"author":2,"featured_media":12221,"comment_status":"closed","ping_status":"closed","sticky":false,"template":"","format":"standard","meta":{"_acf_changed":false,"footnotes":""},"tags":[],"drets":[1442,1458],"class_list":["post-32672","post","type-post","status-publish","format-standard","has-post-thumbnail","hentry","drets-ciutat-diversa","drets-dret-a-la-igualtat-i-a-la-diversitat"],"acf":[],"yoast_head":"<!-- This site is optimized with the Yoast SEO plugin v27.5 - https:\/\/yoast.com\/product\/yoast-seo-wordpress\/ -->\n<title>La Sindicatura de Greuges de Barcelona reclama a l\u2019Ajuntament un abordatge integral del sensellarisme - Sindicatura de Greuges de Barcelona<\/title>\n<meta name=\"description\" content=\"La defensoria creu que la manera d\u2019abordar el sensellarisme no pot ser la punitiva i de restabliment de l\u2019ordre p\u00fablic de manera a\u00efllada...\" \/>\n<meta name=\"robots\" content=\"index, follow, max-snippet:-1, max-image-preview:large, max-video-preview:-1\" \/>\n<link rel=\"canonical\" href=\"https:\/\/www.sindicaturabarcelona.cat\/ca\/la-sindicatura-de-greuges-de-barcelona-reclama-a-lajuntament-un-abordatge-integral-del-sensellarisme\/\" \/>\n<meta property=\"og:locale\" content=\"ca_ES\" \/>\n<meta property=\"og:type\" content=\"article\" \/>\n<meta property=\"og:title\" content=\"La Sindicatura de Greuges de Barcelona reclama a l\u2019Ajuntament un abordatge integral del sensellarisme - Sindicatura de Greuges de Barcelona\" \/>\n<meta property=\"og:description\" content=\"La defensoria creu que la manera d\u2019abordar el sensellarisme no pot ser la punitiva i de restabliment de l\u2019ordre p\u00fablic de manera a\u00efllada...\" \/>\n<meta property=\"og:url\" content=\"https:\/\/www.sindicaturabarcelona.cat\/ca\/la-sindicatura-de-greuges-de-barcelona-reclama-a-lajuntament-un-abordatge-integral-del-sensellarisme\/\" \/>\n<meta property=\"og:site_name\" content=\"Sindicatura de Greuges de Barcelona\" \/>\n<meta property=\"article:published_time\" content=\"2024-05-17T05:30:00+00:00\" \/>\n<meta property=\"og:image\" content=\"https:\/\/www.sindicaturabarcelona.cat\/wp-content\/uploads\/2021\/04\/18379_200406_P_BCNConfi_ElBorn_5.jpg\" \/>\n\t<meta property=\"og:image:width\" content=\"1536\" \/>\n\t<meta property=\"og:image:height\" content=\"1024\" \/>\n\t<meta property=\"og:image:type\" content=\"image\/jpeg\" \/>\n<meta name=\"author\" content=\"Pablo\" \/>\n<meta name=\"twitter:card\" content=\"summary_large_image\" \/>\n<meta name=\"twitter:creator\" content=\"@sindicbarcelona\" \/>\n<meta name=\"twitter:site\" content=\"@sindicbarcelona\" \/>\n<meta name=\"twitter:label1\" content=\"Escrit per\" \/>\n\t<meta name=\"twitter:data1\" content=\"Pablo\" \/>\n\t<meta name=\"twitter:label2\" content=\"Temps estimat de lectura\" \/>\n\t<meta name=\"twitter:data2\" content=\"8 minuts\" \/>\n<script type=\"application\/ld+json\" class=\"yoast-schema-graph\">{\"@context\":\"https:\\\/\\\/schema.org\",\"@graph\":[{\"@type\":\"Article\",\"@id\":\"https:\\\/\\\/www.sindicaturabarcelona.cat\\\/ca\\\/la-sindicatura-de-greuges-de-barcelona-reclama-a-lajuntament-un-abordatge-integral-del-sensellarisme\\\/#article\",\"isPartOf\":{\"@id\":\"https:\\\/\\\/www.sindicaturabarcelona.cat\\\/ca\\\/la-sindicatura-de-greuges-de-barcelona-reclama-a-lajuntament-un-abordatge-integral-del-sensellarisme\\\/\"},\"author\":{\"name\":\"Pablo\",\"@id\":\"https:\\\/\\\/www.sindicaturabarcelona.cat\\\/ca\\\/#\\\/schema\\\/person\\\/0e5acffc350ffdbc97578159322c9452\"},\"headline\":\"La Sindicatura de Greuges de Barcelona reclama a l\u2019Ajuntament un abordatge integral del sensellarisme\",\"datePublished\":\"2024-05-17T05:30:00+00:00\",\"mainEntityOfPage\":{\"@id\":\"https:\\\/\\\/www.sindicaturabarcelona.cat\\\/ca\\\/la-sindicatura-de-greuges-de-barcelona-reclama-a-lajuntament-un-abordatge-integral-del-sensellarisme\\\/\"},\"wordCount\":1437,\"publisher\":{\"@id\":\"https:\\\/\\\/www.sindicaturabarcelona.cat\\\/ca\\\/#organization\"},\"image\":{\"@id\":\"https:\\\/\\\/www.sindicaturabarcelona.cat\\\/ca\\\/la-sindicatura-de-greuges-de-barcelona-reclama-a-lajuntament-un-abordatge-integral-del-sensellarisme\\\/#primaryimage\"},\"thumbnailUrl\":\"https:\\\/\\\/www.sindicaturabarcelona.cat\\\/wp-content\\\/uploads\\\/2021\\\/04\\\/18379_200406_P_BCNConfi_ElBorn_5.jpg\",\"inLanguage\":\"ca\"},{\"@type\":\"WebPage\",\"@id\":\"https:\\\/\\\/www.sindicaturabarcelona.cat\\\/ca\\\/la-sindicatura-de-greuges-de-barcelona-reclama-a-lajuntament-un-abordatge-integral-del-sensellarisme\\\/\",\"url\":\"https:\\\/\\\/www.sindicaturabarcelona.cat\\\/ca\\\/la-sindicatura-de-greuges-de-barcelona-reclama-a-lajuntament-un-abordatge-integral-del-sensellarisme\\\/\",\"name\":\"La Sindicatura de Greuges de Barcelona reclama a l\u2019Ajuntament un abordatge integral del sensellarisme - Sindicatura de Greuges de Barcelona\",\"isPartOf\":{\"@id\":\"https:\\\/\\\/www.sindicaturabarcelona.cat\\\/ca\\\/#website\"},\"primaryImageOfPage\":{\"@id\":\"https:\\\/\\\/www.sindicaturabarcelona.cat\\\/ca\\\/la-sindicatura-de-greuges-de-barcelona-reclama-a-lajuntament-un-abordatge-integral-del-sensellarisme\\\/#primaryimage\"},\"image\":{\"@id\":\"https:\\\/\\\/www.sindicaturabarcelona.cat\\\/ca\\\/la-sindicatura-de-greuges-de-barcelona-reclama-a-lajuntament-un-abordatge-integral-del-sensellarisme\\\/#primaryimage\"},\"thumbnailUrl\":\"https:\\\/\\\/www.sindicaturabarcelona.cat\\\/wp-content\\\/uploads\\\/2021\\\/04\\\/18379_200406_P_BCNConfi_ElBorn_5.jpg\",\"datePublished\":\"2024-05-17T05:30:00+00:00\",\"description\":\"La defensoria creu que la manera d\u2019abordar el sensellarisme no pot ser la punitiva i de restabliment de l\u2019ordre p\u00fablic de manera a\u00efllada...\",\"breadcrumb\":{\"@id\":\"https:\\\/\\\/www.sindicaturabarcelona.cat\\\/ca\\\/la-sindicatura-de-greuges-de-barcelona-reclama-a-lajuntament-un-abordatge-integral-del-sensellarisme\\\/#breadcrumb\"},\"inLanguage\":\"ca\",\"potentialAction\":[{\"@type\":\"ReadAction\",\"target\":[\"https:\\\/\\\/www.sindicaturabarcelona.cat\\\/ca\\\/la-sindicatura-de-greuges-de-barcelona-reclama-a-lajuntament-un-abordatge-integral-del-sensellarisme\\\/\"]}]},{\"@type\":\"ImageObject\",\"inLanguage\":\"ca\",\"@id\":\"https:\\\/\\\/www.sindicaturabarcelona.cat\\\/ca\\\/la-sindicatura-de-greuges-de-barcelona-reclama-a-lajuntament-un-abordatge-integral-del-sensellarisme\\\/#primaryimage\",\"url\":\"https:\\\/\\\/www.sindicaturabarcelona.cat\\\/wp-content\\\/uploads\\\/2021\\\/04\\\/18379_200406_P_BCNConfi_ElBorn_5.jpg\",\"contentUrl\":\"https:\\\/\\\/www.sindicaturabarcelona.cat\\\/wp-content\\\/uploads\\\/2021\\\/04\\\/18379_200406_P_BCNConfi_ElBorn_5.jpg\",\"width\":1536,\"height\":1024,\"caption\":\"Sensellarisme\"},{\"@type\":\"BreadcrumbList\",\"@id\":\"https:\\\/\\\/www.sindicaturabarcelona.cat\\\/ca\\\/la-sindicatura-de-greuges-de-barcelona-reclama-a-lajuntament-un-abordatge-integral-del-sensellarisme\\\/#breadcrumb\",\"itemListElement\":[{\"@type\":\"ListItem\",\"position\":1,\"name\":\"Inici\",\"item\":\"https:\\\/\\\/www.sindicaturabarcelona.cat\\\/ca\\\/\"},{\"@type\":\"ListItem\",\"position\":2,\"name\":\"La Sindicatura de Greuges de Barcelona reclama a l\u2019Ajuntament un abordatge integral del sensellarisme\"}]},{\"@type\":\"WebSite\",\"@id\":\"https:\\\/\\\/www.sindicaturabarcelona.cat\\\/ca\\\/#website\",\"url\":\"https:\\\/\\\/www.sindicaturabarcelona.cat\\\/ca\\\/\",\"name\":\"Sindicatura de Greuges de Barcelona\",\"description\":\"La defensoria dels teus drets\",\"publisher\":{\"@id\":\"https:\\\/\\\/www.sindicaturabarcelona.cat\\\/ca\\\/#organization\"},\"potentialAction\":[{\"@type\":\"SearchAction\",\"target\":{\"@type\":\"EntryPoint\",\"urlTemplate\":\"https:\\\/\\\/www.sindicaturabarcelona.cat\\\/ca\\\/?s={search_term_string}\"},\"query-input\":{\"@type\":\"PropertyValueSpecification\",\"valueRequired\":true,\"valueName\":\"search_term_string\"}}],\"inLanguage\":\"ca\"},{\"@type\":\"Organization\",\"@id\":\"https:\\\/\\\/www.sindicaturabarcelona.cat\\\/ca\\\/#organization\",\"name\":\"Sindicatura de Greuges de Barcelona\",\"url\":\"https:\\\/\\\/www.sindicaturabarcelona.cat\\\/ca\\\/\",\"logo\":{\"@type\":\"ImageObject\",\"inLanguage\":\"ca\",\"@id\":\"https:\\\/\\\/www.sindicaturabarcelona.cat\\\/ca\\\/#\\\/schema\\\/logo\\\/image\\\/\",\"url\":\"https:\\\/\\\/www.sindicaturabarcelona.cat\\\/wp-content\\\/uploads\\\/2023\\\/02\\\/logo_sindicatura.svg\",\"contentUrl\":\"https:\\\/\\\/www.sindicaturabarcelona.cat\\\/wp-content\\\/uploads\\\/2023\\\/02\\\/logo_sindicatura.svg\",\"caption\":\"Sindicatura de Greuges de Barcelona\"},\"image\":{\"@id\":\"https:\\\/\\\/www.sindicaturabarcelona.cat\\\/ca\\\/#\\\/schema\\\/logo\\\/image\\\/\"},\"sameAs\":[\"https:\\\/\\\/x.com\\\/sindicbarcelona\",\"https:\\\/\\\/www.instagram.com\\\/sindicbarcelona\\\/\",\"https:\\\/\\\/www.tiktok.com\\\/@sindicaturabcn\",\"https:\\\/\\\/t.me\\\/sindicaturabarcelona\"]},{\"@type\":\"Person\",\"@id\":\"https:\\\/\\\/www.sindicaturabarcelona.cat\\\/ca\\\/#\\\/schema\\\/person\\\/0e5acffc350ffdbc97578159322c9452\",\"name\":\"Pablo\",\"image\":{\"@type\":\"ImageObject\",\"inLanguage\":\"ca\",\"@id\":\"https:\\\/\\\/secure.gravatar.com\\\/avatar\\\/c948169b402ef9492afde705c3dfd5e90e1a6a84ef6840a91124f805a25a480f?s=96&d=mm&r=g\",\"url\":\"https:\\\/\\\/secure.gravatar.com\\\/avatar\\\/c948169b402ef9492afde705c3dfd5e90e1a6a84ef6840a91124f805a25a480f?s=96&d=mm&r=g\",\"contentUrl\":\"https:\\\/\\\/secure.gravatar.com\\\/avatar\\\/c948169b402ef9492afde705c3dfd5e90e1a6a84ef6840a91124f805a25a480f?s=96&d=mm&r=g\",\"caption\":\"Pablo\"},\"url\":\"https:\\\/\\\/www.sindicaturabarcelona.cat\\\/ca\\\/author\\\/pablo\\\/\"}]}<\/script>\n<!-- \/ Yoast SEO plugin. -->","yoast_head_json":{"title":"La Sindicatura de Greuges de Barcelona reclama a l\u2019Ajuntament un abordatge integral del sensellarisme - Sindicatura de Greuges de Barcelona","description":"La defensoria creu que la manera d\u2019abordar el sensellarisme no pot ser la punitiva i de restabliment de l\u2019ordre p\u00fablic de manera a\u00efllada...","robots":{"index":"index","follow":"follow","max-snippet":"max-snippet:-1","max-image-preview":"max-image-preview:large","max-video-preview":"max-video-preview:-1"},"canonical":"https:\/\/www.sindicaturabarcelona.cat\/ca\/la-sindicatura-de-greuges-de-barcelona-reclama-a-lajuntament-un-abordatge-integral-del-sensellarisme\/","og_locale":"ca_ES","og_type":"article","og_title":"La Sindicatura de Greuges de Barcelona reclama a l\u2019Ajuntament un abordatge integral del sensellarisme - Sindicatura de Greuges de Barcelona","og_description":"La defensoria creu que la manera d\u2019abordar el sensellarisme no pot ser la punitiva i de restabliment de l\u2019ordre p\u00fablic de manera a\u00efllada...","og_url":"https:\/\/www.sindicaturabarcelona.cat\/ca\/la-sindicatura-de-greuges-de-barcelona-reclama-a-lajuntament-un-abordatge-integral-del-sensellarisme\/","og_site_name":"Sindicatura de Greuges de Barcelona","article_published_time":"2024-05-17T05:30:00+00:00","og_image":[{"width":1536,"height":1024,"url":"https:\/\/www.sindicaturabarcelona.cat\/wp-content\/uploads\/2021\/04\/18379_200406_P_BCNConfi_ElBorn_5.jpg","type":"image\/jpeg"}],"author":"Pablo","twitter_card":"summary_large_image","twitter_creator":"@sindicbarcelona","twitter_site":"@sindicbarcelona","twitter_misc":{"Escrit per":"Pablo","Temps estimat de lectura":"8 minuts"},"schema":{"@context":"https:\/\/schema.org","@graph":[{"@type":"Article","@id":"https:\/\/www.sindicaturabarcelona.cat\/ca\/la-sindicatura-de-greuges-de-barcelona-reclama-a-lajuntament-un-abordatge-integral-del-sensellarisme\/#article","isPartOf":{"@id":"https:\/\/www.sindicaturabarcelona.cat\/ca\/la-sindicatura-de-greuges-de-barcelona-reclama-a-lajuntament-un-abordatge-integral-del-sensellarisme\/"},"author":{"name":"Pablo","@id":"https:\/\/www.sindicaturabarcelona.cat\/ca\/#\/schema\/person\/0e5acffc350ffdbc97578159322c9452"},"headline":"La Sindicatura de Greuges de Barcelona reclama a l\u2019Ajuntament un abordatge integral del sensellarisme","datePublished":"2024-05-17T05:30:00+00:00","mainEntityOfPage":{"@id":"https:\/\/www.sindicaturabarcelona.cat\/ca\/la-sindicatura-de-greuges-de-barcelona-reclama-a-lajuntament-un-abordatge-integral-del-sensellarisme\/"},"wordCount":1437,"publisher":{"@id":"https:\/\/www.sindicaturabarcelona.cat\/ca\/#organization"},"image":{"@id":"https:\/\/www.sindicaturabarcelona.cat\/ca\/la-sindicatura-de-greuges-de-barcelona-reclama-a-lajuntament-un-abordatge-integral-del-sensellarisme\/#primaryimage"},"thumbnailUrl":"https:\/\/www.sindicaturabarcelona.cat\/wp-content\/uploads\/2021\/04\/18379_200406_P_BCNConfi_ElBorn_5.jpg","inLanguage":"ca"},{"@type":"WebPage","@id":"https:\/\/www.sindicaturabarcelona.cat\/ca\/la-sindicatura-de-greuges-de-barcelona-reclama-a-lajuntament-un-abordatge-integral-del-sensellarisme\/","url":"https:\/\/www.sindicaturabarcelona.cat\/ca\/la-sindicatura-de-greuges-de-barcelona-reclama-a-lajuntament-un-abordatge-integral-del-sensellarisme\/","name":"La Sindicatura de Greuges de Barcelona reclama a l\u2019Ajuntament un abordatge integral del sensellarisme - Sindicatura de Greuges de Barcelona","isPartOf":{"@id":"https:\/\/www.sindicaturabarcelona.cat\/ca\/#website"},"primaryImageOfPage":{"@id":"https:\/\/www.sindicaturabarcelona.cat\/ca\/la-sindicatura-de-greuges-de-barcelona-reclama-a-lajuntament-un-abordatge-integral-del-sensellarisme\/#primaryimage"},"image":{"@id":"https:\/\/www.sindicaturabarcelona.cat\/ca\/la-sindicatura-de-greuges-de-barcelona-reclama-a-lajuntament-un-abordatge-integral-del-sensellarisme\/#primaryimage"},"thumbnailUrl":"https:\/\/www.sindicaturabarcelona.cat\/wp-content\/uploads\/2021\/04\/18379_200406_P_BCNConfi_ElBorn_5.jpg","datePublished":"2024-05-17T05:30:00+00:00","description":"La defensoria creu que la manera d\u2019abordar el sensellarisme no pot ser la punitiva i de restabliment de l\u2019ordre p\u00fablic de manera a\u00efllada...","breadcrumb":{"@id":"https:\/\/www.sindicaturabarcelona.cat\/ca\/la-sindicatura-de-greuges-de-barcelona-reclama-a-lajuntament-un-abordatge-integral-del-sensellarisme\/#breadcrumb"},"inLanguage":"ca","potentialAction":[{"@type":"ReadAction","target":["https:\/\/www.sindicaturabarcelona.cat\/ca\/la-sindicatura-de-greuges-de-barcelona-reclama-a-lajuntament-un-abordatge-integral-del-sensellarisme\/"]}]},{"@type":"ImageObject","inLanguage":"ca","@id":"https:\/\/www.sindicaturabarcelona.cat\/ca\/la-sindicatura-de-greuges-de-barcelona-reclama-a-lajuntament-un-abordatge-integral-del-sensellarisme\/#primaryimage","url":"https:\/\/www.sindicaturabarcelona.cat\/wp-content\/uploads\/2021\/04\/18379_200406_P_BCNConfi_ElBorn_5.jpg","contentUrl":"https:\/\/www.sindicaturabarcelona.cat\/wp-content\/uploads\/2021\/04\/18379_200406_P_BCNConfi_ElBorn_5.jpg","width":1536,"height":1024,"caption":"Sensellarisme"},{"@type":"BreadcrumbList","@id":"https:\/\/www.sindicaturabarcelona.cat\/ca\/la-sindicatura-de-greuges-de-barcelona-reclama-a-lajuntament-un-abordatge-integral-del-sensellarisme\/#breadcrumb","itemListElement":[{"@type":"ListItem","position":1,"name":"Inici","item":"https:\/\/www.sindicaturabarcelona.cat\/ca\/"},{"@type":"ListItem","position":2,"name":"La Sindicatura de Greuges de Barcelona reclama a l\u2019Ajuntament un abordatge integral del sensellarisme"}]},{"@type":"WebSite","@id":"https:\/\/www.sindicaturabarcelona.cat\/ca\/#website","url":"https:\/\/www.sindicaturabarcelona.cat\/ca\/","name":"Sindicatura de Greuges de Barcelona","description":"La defensoria dels teus drets","publisher":{"@id":"https:\/\/www.sindicaturabarcelona.cat\/ca\/#organization"},"potentialAction":[{"@type":"SearchAction","target":{"@type":"EntryPoint","urlTemplate":"https:\/\/www.sindicaturabarcelona.cat\/ca\/?s={search_term_string}"},"query-input":{"@type":"PropertyValueSpecification","valueRequired":true,"valueName":"search_term_string"}}],"inLanguage":"ca"},{"@type":"Organization","@id":"https:\/\/www.sindicaturabarcelona.cat\/ca\/#organization","name":"Sindicatura de Greuges de Barcelona","url":"https:\/\/www.sindicaturabarcelona.cat\/ca\/","logo":{"@type":"ImageObject","inLanguage":"ca","@id":"https:\/\/www.sindicaturabarcelona.cat\/ca\/#\/schema\/logo\/image\/","url":"https:\/\/www.sindicaturabarcelona.cat\/wp-content\/uploads\/2023\/02\/logo_sindicatura.svg","contentUrl":"https:\/\/www.sindicaturabarcelona.cat\/wp-content\/uploads\/2023\/02\/logo_sindicatura.svg","caption":"Sindicatura de Greuges de Barcelona"},"image":{"@id":"https:\/\/www.sindicaturabarcelona.cat\/ca\/#\/schema\/logo\/image\/"},"sameAs":["https:\/\/x.com\/sindicbarcelona","https:\/\/www.instagram.com\/sindicbarcelona\/","https:\/\/www.tiktok.com\/@sindicaturabcn","https:\/\/t.me\/sindicaturabarcelona"]},{"@type":"Person","@id":"https:\/\/www.sindicaturabarcelona.cat\/ca\/#\/schema\/person\/0e5acffc350ffdbc97578159322c9452","name":"Pablo","image":{"@type":"ImageObject","inLanguage":"ca","@id":"https:\/\/secure.gravatar.com\/avatar\/c948169b402ef9492afde705c3dfd5e90e1a6a84ef6840a91124f805a25a480f?s=96&d=mm&r=g","url":"https:\/\/secure.gravatar.com\/avatar\/c948169b402ef9492afde705c3dfd5e90e1a6a84ef6840a91124f805a25a480f?s=96&d=mm&r=g","contentUrl":"https:\/\/secure.gravatar.com\/avatar\/c948169b402ef9492afde705c3dfd5e90e1a6a84ef6840a91124f805a25a480f?s=96&d=mm&r=g","caption":"Pablo"},"url":"https:\/\/www.sindicaturabarcelona.cat\/ca\/author\/pablo\/"}]}},"_links":{"self":[{"href":"https:\/\/www.sindicaturabarcelona.cat\/ca\/wp-json\/wp\/v2\/posts\/32672","targetHints":{"allow":["GET"]}}],"collection":[{"href":"https:\/\/www.sindicaturabarcelona.cat\/ca\/wp-json\/wp\/v2\/posts"}],"about":[{"href":"https:\/\/www.sindicaturabarcelona.cat\/ca\/wp-json\/wp\/v2\/types\/post"}],"author":[{"embeddable":true,"href":"https:\/\/www.sindicaturabarcelona.cat\/ca\/wp-json\/wp\/v2\/users\/2"}],"replies":[{"embeddable":true,"href":"https:\/\/www.sindicaturabarcelona.cat\/ca\/wp-json\/wp\/v2\/comments?post=32672"}],"version-history":[{"count":2,"href":"https:\/\/www.sindicaturabarcelona.cat\/ca\/wp-json\/wp\/v2\/posts\/32672\/revisions"}],"predecessor-version":[{"id":32679,"href":"https:\/\/www.sindicaturabarcelona.cat\/ca\/wp-json\/wp\/v2\/posts\/32672\/revisions\/32679"}],"wp:featuredmedia":[{"embeddable":true,"href":"https:\/\/www.sindicaturabarcelona.cat\/ca\/wp-json\/wp\/v2\/media\/12221"}],"wp:attachment":[{"href":"https:\/\/www.sindicaturabarcelona.cat\/ca\/wp-json\/wp\/v2\/media?parent=32672"}],"wp:term":[{"taxonomy":"post_tag","embeddable":true,"href":"https:\/\/www.sindicaturabarcelona.cat\/ca\/wp-json\/wp\/v2\/tags?post=32672"},{"taxonomy":"drets","embeddable":true,"href":"https:\/\/www.sindicaturabarcelona.cat\/ca\/wp-json\/wp\/v2\/drets?post=32672"}],"curies":[{"name":"wp","href":"https:\/\/api.w.org\/{rel}","templated":true}]}}