{"id":32664,"date":"2024-05-14T08:30:13","date_gmt":"2024-05-14T06:30:13","guid":{"rendered":"https:\/\/www.sindicaturabarcelona.cat\/?p=32664"},"modified":"2025-04-16T14:01:25","modified_gmt":"2025-04-16T12:01:25","slug":"la-sindicatura-de-greuges-de-barcelona-participa-en-el-iii-congres-internacional-dagol","status":"publish","type":"post","link":"https:\/\/www.sindicaturabarcelona.cat\/ca\/la-sindicatura-de-greuges-de-barcelona-participa-en-el-iii-congres-internacional-dagol\/","title":{"rendered":"La Sindicatura de Greuges de Barcelona participa en el III Congr\u00e9s Internacional d\u2019AGOL"},"content":{"rendered":"\n<h2 class=\"wp-block-heading\"><strong>La trobada ha tractat les migracions de persones des d\u2019una mirada local i com les ciutats poden gestionar la mobilitat humana garantint la inclusi\u00f3, la prosperitat i la cohesi\u00f3 social.<\/strong><\/h2>\n\n\n\n<p><strong>Barcelona, 14 de maig de 2024<\/strong> &#8211; La Sindicatura de Greuges de Barcelona ha participat en el <a href=\"https:\/\/agol.es\/congreso24\/\" target=\"_blank\" rel=\"noreferrer noopener\">III Congr\u00e9s Internacional d\u2019AGOL<\/a>, celebrat a la ciutat de Buenos Aires del 7 al 9 de maig de 2024. Aquesta trobada ha tractat les migracions de persones des d\u2019una mirada local i com les ciutats poden gestionar de manera efectiva la mobilitat humana per garantir la inclusi\u00f3, la prosperitat i la cohesi\u00f3 social.<\/p>\n\n\n\n<p>El representant de la Sindicatura de Greuges de Barcelona que ha participat ha estat el cap de gabinet, Oriol Puig, que ha dut a terme una pon\u00e8ncia sobre l\u2019informe <a href=\"https:\/\/www.sindicaturabarcelona.cat\/wp-content\/uploads\/2022\/05\/Informe-JMSRF.pdf\" target=\"_blank\" rel=\"noreferrer noopener\"><em>Joves migrants sense referents familiars a la ciutat de Barcelona<\/em><\/a><em>,<\/em> en el marc de la taula \u2018Pr\u00e1cticas Sostenibles de Ombudsperson para avanzar hacia pol\u00edticas de inclusi\u00f3n\u2019.<\/p>\n\n\n\n<h2 class=\"wp-block-heading\"><strong>L\u2019informe de Joves migrants sense referents familiars a la ciutat de Barcelona<\/strong><\/h2>\n\n\n\n<p>L\u2019any 2022 la Sindicatura de Greuges de Barcelona va elaborar aquest informe amb la finalitat d\u2019abordar la realitat d\u2019aquest col\u00b7lectiu vulnerabilitzat des de la perspectiva de la garantia de drets. L\u2019estudi identifica com millorar i facilitar la transici\u00f3 a l\u2019edat adulta en condicions d\u2019igualtat i equitat, i trasllada un seguit de recomanacions relacionades amb q\u00fcestions jur\u00eddiques, socioecon\u00f2miques, comunit\u00e0ries i de governan\u00e7a.<\/p>\n\n\n\n<h2 class=\"wp-block-heading\"><strong>Qu\u00e8 \u00e9s AGOL<\/strong><\/h2>\n\n\n\n<p>L&#8217;Alianza Global del Ombudsperson Local (AGOL) \u00e9s una ONGD internacional constitu\u00efda a la ciutat de R\u00edo Cuarto, a C\u00f3rdoba (Argentina) l&#8217;any 2019. AGOL reuneix m\u00e9s de 100 ombudspersons, defensores i defensors del poble, personers, s\u00edndics, mediadors, i presidents de comissions de DDHH de m\u00e9s de 10 pa\u00efsos, amb l&#8217;objectiu de ser una organitzaci\u00f3 que promogui la discussi\u00f3, la cooperaci\u00f3 i l&#8217;intercanvi d&#8217;experi\u00e8ncies entre Ombudsperson Locals.<\/p>\n","protected":false},"excerpt":{"rendered":"<p>La trobada ha tractat les migracions de persones des d\u2019una mirada local i com les ciutats poden gestionar la mobilitat humana garantint la inclusi\u00f3, la prosperitat i la cohesi\u00f3 social. [&hellip;]<\/p>\n","protected":false},"author":2,"featured_media":32665,"comment_status":"closed","ping_status":"closed","sticky":false,"template":"","format":"standard","meta":{"_acf_changed":false,"footnotes":""},"tags":[],"drets":[1428,1436,1442,1462],"class_list":["post-32664","post","type-post","status-publish","format-standard","has-post-thumbnail","hentry","drets-ciutat-equitativa","drets-drets-dacolldia","drets-ciutat-diversa","drets-drets-de-la-infancia-i-ladolescencia"],"acf":[],"yoast_head":"<!-- This site is optimized with the Yoast SEO plugin v27.5 - https:\/\/yoast.com\/product\/yoast-seo-wordpress\/ -->\n<title>La Sindicatura de Greuges de Barcelona participa en el III Congr\u00e9s Internacional d\u2019AGOL - Sindicatura de Greuges de Barcelona<\/title>\n<meta name=\"description\" content=\"La trobada ha tractat les migracions de persones des d\u2019una mirada local i com les ciutats poden gestionar la mobilitat humana...\" \/>\n<meta name=\"robots\" content=\"index, follow, max-snippet:-1, max-image-preview:large, max-video-preview:-1\" \/>\n<link rel=\"canonical\" href=\"https:\/\/www.sindicaturabarcelona.cat\/ca\/la-sindicatura-de-greuges-de-barcelona-participa-en-el-iii-congres-internacional-dagol\/\" \/>\n<meta property=\"og:locale\" content=\"ca_ES\" \/>\n<meta property=\"og:type\" content=\"article\" \/>\n<meta property=\"og:title\" content=\"La Sindicatura de Greuges de Barcelona participa en el III Congr\u00e9s Internacional d\u2019AGOL - Sindicatura de Greuges de Barcelona\" \/>\n<meta property=\"og:description\" content=\"La trobada ha tractat les migracions de persones des d\u2019una mirada local i com les ciutats poden gestionar la mobilitat humana...\" \/>\n<meta property=\"og:url\" content=\"https:\/\/www.sindicaturabarcelona.cat\/ca\/la-sindicatura-de-greuges-de-barcelona-participa-en-el-iii-congres-internacional-dagol\/\" \/>\n<meta property=\"og:site_name\" content=\"Sindicatura de Greuges de Barcelona\" \/>\n<meta property=\"article:published_time\" content=\"2024-05-14T06:30:13+00:00\" \/>\n<meta property=\"article:modified_time\" content=\"2025-04-16T12:01:25+00:00\" \/>\n<meta property=\"og:image\" content=\"https:\/\/www.sindicaturabarcelona.cat\/wp-content\/uploads\/ok2-scaled.jpg\" \/>\n\t<meta property=\"og:image:width\" content=\"2560\" \/>\n\t<meta property=\"og:image:height\" content=\"1709\" \/>\n\t<meta property=\"og:image:type\" content=\"image\/jpeg\" \/>\n<meta name=\"author\" content=\"Pablo\" \/>\n<meta name=\"twitter:card\" content=\"summary_large_image\" \/>\n<meta name=\"twitter:creator\" content=\"@sindicbarcelona\" \/>\n<meta name=\"twitter:site\" content=\"@sindicbarcelona\" \/>\n<meta name=\"twitter:label1\" content=\"Escrit per\" \/>\n\t<meta name=\"twitter:data1\" content=\"Pablo\" \/>\n\t<meta name=\"twitter:label2\" content=\"Temps estimat de lectura\" \/>\n\t<meta name=\"twitter:data2\" content=\"2 minuts\" \/>\n<script type=\"application\/ld+json\" class=\"yoast-schema-graph\">{\"@context\":\"https:\\\/\\\/schema.org\",\"@graph\":[{\"@type\":\"Article\",\"@id\":\"https:\\\/\\\/www.sindicaturabarcelona.cat\\\/ca\\\/la-sindicatura-de-greuges-de-barcelona-participa-en-el-iii-congres-internacional-dagol\\\/#article\",\"isPartOf\":{\"@id\":\"https:\\\/\\\/www.sindicaturabarcelona.cat\\\/ca\\\/la-sindicatura-de-greuges-de-barcelona-participa-en-el-iii-congres-internacional-dagol\\\/\"},\"author\":{\"name\":\"Pablo\",\"@id\":\"https:\\\/\\\/www.sindicaturabarcelona.cat\\\/ca\\\/#\\\/schema\\\/person\\\/0e5acffc350ffdbc97578159322c9452\"},\"headline\":\"La Sindicatura de Greuges de Barcelona participa en el III Congr\u00e9s Internacional d\u2019AGOL\",\"datePublished\":\"2024-05-14T06:30:13+00:00\",\"dateModified\":\"2025-04-16T12:01:25+00:00\",\"mainEntityOfPage\":{\"@id\":\"https:\\\/\\\/www.sindicaturabarcelona.cat\\\/ca\\\/la-sindicatura-de-greuges-de-barcelona-participa-en-el-iii-congres-internacional-dagol\\\/\"},\"wordCount\":337,\"publisher\":{\"@id\":\"https:\\\/\\\/www.sindicaturabarcelona.cat\\\/ca\\\/#organization\"},\"image\":{\"@id\":\"https:\\\/\\\/www.sindicaturabarcelona.cat\\\/ca\\\/la-sindicatura-de-greuges-de-barcelona-participa-en-el-iii-congres-internacional-dagol\\\/#primaryimage\"},\"thumbnailUrl\":\"https:\\\/\\\/www.sindicaturabarcelona.cat\\\/wp-content\\\/uploads\\\/ok2-scaled.jpg\",\"inLanguage\":\"ca\"},{\"@type\":\"WebPage\",\"@id\":\"https:\\\/\\\/www.sindicaturabarcelona.cat\\\/ca\\\/la-sindicatura-de-greuges-de-barcelona-participa-en-el-iii-congres-internacional-dagol\\\/\",\"url\":\"https:\\\/\\\/www.sindicaturabarcelona.cat\\\/ca\\\/la-sindicatura-de-greuges-de-barcelona-participa-en-el-iii-congres-internacional-dagol\\\/\",\"name\":\"La Sindicatura de Greuges de Barcelona participa en el III Congr\u00e9s Internacional d\u2019AGOL - Sindicatura de Greuges de Barcelona\",\"isPartOf\":{\"@id\":\"https:\\\/\\\/www.sindicaturabarcelona.cat\\\/ca\\\/#website\"},\"primaryImageOfPage\":{\"@id\":\"https:\\\/\\\/www.sindicaturabarcelona.cat\\\/ca\\\/la-sindicatura-de-greuges-de-barcelona-participa-en-el-iii-congres-internacional-dagol\\\/#primaryimage\"},\"image\":{\"@id\":\"https:\\\/\\\/www.sindicaturabarcelona.cat\\\/ca\\\/la-sindicatura-de-greuges-de-barcelona-participa-en-el-iii-congres-internacional-dagol\\\/#primaryimage\"},\"thumbnailUrl\":\"https:\\\/\\\/www.sindicaturabarcelona.cat\\\/wp-content\\\/uploads\\\/ok2-scaled.jpg\",\"datePublished\":\"2024-05-14T06:30:13+00:00\",\"dateModified\":\"2025-04-16T12:01:25+00:00\",\"description\":\"La trobada ha tractat les migracions de persones des d\u2019una mirada local i com les ciutats poden gestionar la mobilitat humana...\",\"breadcrumb\":{\"@id\":\"https:\\\/\\\/www.sindicaturabarcelona.cat\\\/ca\\\/la-sindicatura-de-greuges-de-barcelona-participa-en-el-iii-congres-internacional-dagol\\\/#breadcrumb\"},\"inLanguage\":\"ca\",\"potentialAction\":[{\"@type\":\"ReadAction\",\"target\":[\"https:\\\/\\\/www.sindicaturabarcelona.cat\\\/ca\\\/la-sindicatura-de-greuges-de-barcelona-participa-en-el-iii-congres-internacional-dagol\\\/\"]}]},{\"@type\":\"ImageObject\",\"inLanguage\":\"ca\",\"@id\":\"https:\\\/\\\/www.sindicaturabarcelona.cat\\\/ca\\\/la-sindicatura-de-greuges-de-barcelona-participa-en-el-iii-congres-internacional-dagol\\\/#primaryimage\",\"url\":\"https:\\\/\\\/www.sindicaturabarcelona.cat\\\/wp-content\\\/uploads\\\/ok2-scaled.jpg\",\"contentUrl\":\"https:\\\/\\\/www.sindicaturabarcelona.cat\\\/wp-content\\\/uploads\\\/ok2-scaled.jpg\",\"width\":2560,\"height\":1709,\"caption\":\"III Congres Internacional AGOL\"},{\"@type\":\"BreadcrumbList\",\"@id\":\"https:\\\/\\\/www.sindicaturabarcelona.cat\\\/ca\\\/la-sindicatura-de-greuges-de-barcelona-participa-en-el-iii-congres-internacional-dagol\\\/#breadcrumb\",\"itemListElement\":[{\"@type\":\"ListItem\",\"position\":1,\"name\":\"Inici\",\"item\":\"https:\\\/\\\/www.sindicaturabarcelona.cat\\\/ca\\\/\"},{\"@type\":\"ListItem\",\"position\":2,\"name\":\"La Sindicatura de Greuges de Barcelona participa en el III Congr\u00e9s Internacional d\u2019AGOL\"}]},{\"@type\":\"WebSite\",\"@id\":\"https:\\\/\\\/www.sindicaturabarcelona.cat\\\/ca\\\/#website\",\"url\":\"https:\\\/\\\/www.sindicaturabarcelona.cat\\\/ca\\\/\",\"name\":\"Sindicatura de Greuges de Barcelona\",\"description\":\"La defensoria dels teus drets\",\"publisher\":{\"@id\":\"https:\\\/\\\/www.sindicaturabarcelona.cat\\\/ca\\\/#organization\"},\"potentialAction\":[{\"@type\":\"SearchAction\",\"target\":{\"@type\":\"EntryPoint\",\"urlTemplate\":\"https:\\\/\\\/www.sindicaturabarcelona.cat\\\/ca\\\/?s={search_term_string}\"},\"query-input\":{\"@type\":\"PropertyValueSpecification\",\"valueRequired\":true,\"valueName\":\"search_term_string\"}}],\"inLanguage\":\"ca\"},{\"@type\":\"Organization\",\"@id\":\"https:\\\/\\\/www.sindicaturabarcelona.cat\\\/ca\\\/#organization\",\"name\":\"Sindicatura de Greuges de Barcelona\",\"url\":\"https:\\\/\\\/www.sindicaturabarcelona.cat\\\/ca\\\/\",\"logo\":{\"@type\":\"ImageObject\",\"inLanguage\":\"ca\",\"@id\":\"https:\\\/\\\/www.sindicaturabarcelona.cat\\\/ca\\\/#\\\/schema\\\/logo\\\/image\\\/\",\"url\":\"https:\\\/\\\/www.sindicaturabarcelona.cat\\\/wp-content\\\/uploads\\\/2023\\\/02\\\/logo_sindicatura.svg\",\"contentUrl\":\"https:\\\/\\\/www.sindicaturabarcelona.cat\\\/wp-content\\\/uploads\\\/2023\\\/02\\\/logo_sindicatura.svg\",\"caption\":\"Sindicatura de Greuges de Barcelona\"},\"image\":{\"@id\":\"https:\\\/\\\/www.sindicaturabarcelona.cat\\\/ca\\\/#\\\/schema\\\/logo\\\/image\\\/\"},\"sameAs\":[\"https:\\\/\\\/x.com\\\/sindicbarcelona\",\"https:\\\/\\\/www.instagram.com\\\/sindicbarcelona\\\/\",\"https:\\\/\\\/www.tiktok.com\\\/@sindicaturabcn\",\"https:\\\/\\\/t.me\\\/sindicaturabarcelona\"]},{\"@type\":\"Person\",\"@id\":\"https:\\\/\\\/www.sindicaturabarcelona.cat\\\/ca\\\/#\\\/schema\\\/person\\\/0e5acffc350ffdbc97578159322c9452\",\"name\":\"Pablo\",\"image\":{\"@type\":\"ImageObject\",\"inLanguage\":\"ca\",\"@id\":\"https:\\\/\\\/secure.gravatar.com\\\/avatar\\\/c948169b402ef9492afde705c3dfd5e90e1a6a84ef6840a91124f805a25a480f?s=96&d=mm&r=g\",\"url\":\"https:\\\/\\\/secure.gravatar.com\\\/avatar\\\/c948169b402ef9492afde705c3dfd5e90e1a6a84ef6840a91124f805a25a480f?s=96&d=mm&r=g\",\"contentUrl\":\"https:\\\/\\\/secure.gravatar.com\\\/avatar\\\/c948169b402ef9492afde705c3dfd5e90e1a6a84ef6840a91124f805a25a480f?s=96&d=mm&r=g\",\"caption\":\"Pablo\"},\"url\":\"https:\\\/\\\/www.sindicaturabarcelona.cat\\\/ca\\\/author\\\/pablo\\\/\"}]}<\/script>\n<!-- \/ Yoast SEO plugin. -->","yoast_head_json":{"title":"La Sindicatura de Greuges de Barcelona participa en el III Congr\u00e9s Internacional d\u2019AGOL - Sindicatura de Greuges de Barcelona","description":"La trobada ha tractat les migracions de persones des d\u2019una mirada local i com les ciutats poden gestionar la mobilitat humana...","robots":{"index":"index","follow":"follow","max-snippet":"max-snippet:-1","max-image-preview":"max-image-preview:large","max-video-preview":"max-video-preview:-1"},"canonical":"https:\/\/www.sindicaturabarcelona.cat\/ca\/la-sindicatura-de-greuges-de-barcelona-participa-en-el-iii-congres-internacional-dagol\/","og_locale":"ca_ES","og_type":"article","og_title":"La Sindicatura de Greuges de Barcelona participa en el III Congr\u00e9s Internacional d\u2019AGOL - Sindicatura de Greuges de Barcelona","og_description":"La trobada ha tractat les migracions de persones des d\u2019una mirada local i com les ciutats poden gestionar la mobilitat humana...","og_url":"https:\/\/www.sindicaturabarcelona.cat\/ca\/la-sindicatura-de-greuges-de-barcelona-participa-en-el-iii-congres-internacional-dagol\/","og_site_name":"Sindicatura de Greuges de Barcelona","article_published_time":"2024-05-14T06:30:13+00:00","article_modified_time":"2025-04-16T12:01:25+00:00","og_image":[{"width":2560,"height":1709,"url":"https:\/\/www.sindicaturabarcelona.cat\/wp-content\/uploads\/ok2-scaled.jpg","type":"image\/jpeg"}],"author":"Pablo","twitter_card":"summary_large_image","twitter_creator":"@sindicbarcelona","twitter_site":"@sindicbarcelona","twitter_misc":{"Escrit per":"Pablo","Temps estimat de lectura":"2 minuts"},"schema":{"@context":"https:\/\/schema.org","@graph":[{"@type":"Article","@id":"https:\/\/www.sindicaturabarcelona.cat\/ca\/la-sindicatura-de-greuges-de-barcelona-participa-en-el-iii-congres-internacional-dagol\/#article","isPartOf":{"@id":"https:\/\/www.sindicaturabarcelona.cat\/ca\/la-sindicatura-de-greuges-de-barcelona-participa-en-el-iii-congres-internacional-dagol\/"},"author":{"name":"Pablo","@id":"https:\/\/www.sindicaturabarcelona.cat\/ca\/#\/schema\/person\/0e5acffc350ffdbc97578159322c9452"},"headline":"La Sindicatura de Greuges de Barcelona participa en el III Congr\u00e9s Internacional d\u2019AGOL","datePublished":"2024-05-14T06:30:13+00:00","dateModified":"2025-04-16T12:01:25+00:00","mainEntityOfPage":{"@id":"https:\/\/www.sindicaturabarcelona.cat\/ca\/la-sindicatura-de-greuges-de-barcelona-participa-en-el-iii-congres-internacional-dagol\/"},"wordCount":337,"publisher":{"@id":"https:\/\/www.sindicaturabarcelona.cat\/ca\/#organization"},"image":{"@id":"https:\/\/www.sindicaturabarcelona.cat\/ca\/la-sindicatura-de-greuges-de-barcelona-participa-en-el-iii-congres-internacional-dagol\/#primaryimage"},"thumbnailUrl":"https:\/\/www.sindicaturabarcelona.cat\/wp-content\/uploads\/ok2-scaled.jpg","inLanguage":"ca"},{"@type":"WebPage","@id":"https:\/\/www.sindicaturabarcelona.cat\/ca\/la-sindicatura-de-greuges-de-barcelona-participa-en-el-iii-congres-internacional-dagol\/","url":"https:\/\/www.sindicaturabarcelona.cat\/ca\/la-sindicatura-de-greuges-de-barcelona-participa-en-el-iii-congres-internacional-dagol\/","name":"La Sindicatura de Greuges de Barcelona participa en el III Congr\u00e9s Internacional d\u2019AGOL - Sindicatura de Greuges de Barcelona","isPartOf":{"@id":"https:\/\/www.sindicaturabarcelona.cat\/ca\/#website"},"primaryImageOfPage":{"@id":"https:\/\/www.sindicaturabarcelona.cat\/ca\/la-sindicatura-de-greuges-de-barcelona-participa-en-el-iii-congres-internacional-dagol\/#primaryimage"},"image":{"@id":"https:\/\/www.sindicaturabarcelona.cat\/ca\/la-sindicatura-de-greuges-de-barcelona-participa-en-el-iii-congres-internacional-dagol\/#primaryimage"},"thumbnailUrl":"https:\/\/www.sindicaturabarcelona.cat\/wp-content\/uploads\/ok2-scaled.jpg","datePublished":"2024-05-14T06:30:13+00:00","dateModified":"2025-04-16T12:01:25+00:00","description":"La trobada ha tractat les migracions de persones des d\u2019una mirada local i com les ciutats poden gestionar la mobilitat humana...","breadcrumb":{"@id":"https:\/\/www.sindicaturabarcelona.cat\/ca\/la-sindicatura-de-greuges-de-barcelona-participa-en-el-iii-congres-internacional-dagol\/#breadcrumb"},"inLanguage":"ca","potentialAction":[{"@type":"ReadAction","target":["https:\/\/www.sindicaturabarcelona.cat\/ca\/la-sindicatura-de-greuges-de-barcelona-participa-en-el-iii-congres-internacional-dagol\/"]}]},{"@type":"ImageObject","inLanguage":"ca","@id":"https:\/\/www.sindicaturabarcelona.cat\/ca\/la-sindicatura-de-greuges-de-barcelona-participa-en-el-iii-congres-internacional-dagol\/#primaryimage","url":"https:\/\/www.sindicaturabarcelona.cat\/wp-content\/uploads\/ok2-scaled.jpg","contentUrl":"https:\/\/www.sindicaturabarcelona.cat\/wp-content\/uploads\/ok2-scaled.jpg","width":2560,"height":1709,"caption":"III Congres Internacional AGOL"},{"@type":"BreadcrumbList","@id":"https:\/\/www.sindicaturabarcelona.cat\/ca\/la-sindicatura-de-greuges-de-barcelona-participa-en-el-iii-congres-internacional-dagol\/#breadcrumb","itemListElement":[{"@type":"ListItem","position":1,"name":"Inici","item":"https:\/\/www.sindicaturabarcelona.cat\/ca\/"},{"@type":"ListItem","position":2,"name":"La Sindicatura de Greuges de Barcelona participa en el III Congr\u00e9s Internacional d\u2019AGOL"}]},{"@type":"WebSite","@id":"https:\/\/www.sindicaturabarcelona.cat\/ca\/#website","url":"https:\/\/www.sindicaturabarcelona.cat\/ca\/","name":"Sindicatura de Greuges de Barcelona","description":"La defensoria dels teus drets","publisher":{"@id":"https:\/\/www.sindicaturabarcelona.cat\/ca\/#organization"},"potentialAction":[{"@type":"SearchAction","target":{"@type":"EntryPoint","urlTemplate":"https:\/\/www.sindicaturabarcelona.cat\/ca\/?s={search_term_string}"},"query-input":{"@type":"PropertyValueSpecification","valueRequired":true,"valueName":"search_term_string"}}],"inLanguage":"ca"},{"@type":"Organization","@id":"https:\/\/www.sindicaturabarcelona.cat\/ca\/#organization","name":"Sindicatura de Greuges de Barcelona","url":"https:\/\/www.sindicaturabarcelona.cat\/ca\/","logo":{"@type":"ImageObject","inLanguage":"ca","@id":"https:\/\/www.sindicaturabarcelona.cat\/ca\/#\/schema\/logo\/image\/","url":"https:\/\/www.sindicaturabarcelona.cat\/wp-content\/uploads\/2023\/02\/logo_sindicatura.svg","contentUrl":"https:\/\/www.sindicaturabarcelona.cat\/wp-content\/uploads\/2023\/02\/logo_sindicatura.svg","caption":"Sindicatura de Greuges de Barcelona"},"image":{"@id":"https:\/\/www.sindicaturabarcelona.cat\/ca\/#\/schema\/logo\/image\/"},"sameAs":["https:\/\/x.com\/sindicbarcelona","https:\/\/www.instagram.com\/sindicbarcelona\/","https:\/\/www.tiktok.com\/@sindicaturabcn","https:\/\/t.me\/sindicaturabarcelona"]},{"@type":"Person","@id":"https:\/\/www.sindicaturabarcelona.cat\/ca\/#\/schema\/person\/0e5acffc350ffdbc97578159322c9452","name":"Pablo","image":{"@type":"ImageObject","inLanguage":"ca","@id":"https:\/\/secure.gravatar.com\/avatar\/c948169b402ef9492afde705c3dfd5e90e1a6a84ef6840a91124f805a25a480f?s=96&d=mm&r=g","url":"https:\/\/secure.gravatar.com\/avatar\/c948169b402ef9492afde705c3dfd5e90e1a6a84ef6840a91124f805a25a480f?s=96&d=mm&r=g","contentUrl":"https:\/\/secure.gravatar.com\/avatar\/c948169b402ef9492afde705c3dfd5e90e1a6a84ef6840a91124f805a25a480f?s=96&d=mm&r=g","caption":"Pablo"},"url":"https:\/\/www.sindicaturabarcelona.cat\/ca\/author\/pablo\/"}]}},"_links":{"self":[{"href":"https:\/\/www.sindicaturabarcelona.cat\/ca\/wp-json\/wp\/v2\/posts\/32664","targetHints":{"allow":["GET"]}}],"collection":[{"href":"https:\/\/www.sindicaturabarcelona.cat\/ca\/wp-json\/wp\/v2\/posts"}],"about":[{"href":"https:\/\/www.sindicaturabarcelona.cat\/ca\/wp-json\/wp\/v2\/types\/post"}],"author":[{"embeddable":true,"href":"https:\/\/www.sindicaturabarcelona.cat\/ca\/wp-json\/wp\/v2\/users\/2"}],"replies":[{"embeddable":true,"href":"https:\/\/www.sindicaturabarcelona.cat\/ca\/wp-json\/wp\/v2\/comments?post=32664"}],"version-history":[{"count":1,"href":"https:\/\/www.sindicaturabarcelona.cat\/ca\/wp-json\/wp\/v2\/posts\/32664\/revisions"}],"predecessor-version":[{"id":32668,"href":"https:\/\/www.sindicaturabarcelona.cat\/ca\/wp-json\/wp\/v2\/posts\/32664\/revisions\/32668"}],"wp:featuredmedia":[{"embeddable":true,"href":"https:\/\/www.sindicaturabarcelona.cat\/ca\/wp-json\/wp\/v2\/media\/32665"}],"wp:attachment":[{"href":"https:\/\/www.sindicaturabarcelona.cat\/ca\/wp-json\/wp\/v2\/media?parent=32664"}],"wp:term":[{"taxonomy":"post_tag","embeddable":true,"href":"https:\/\/www.sindicaturabarcelona.cat\/ca\/wp-json\/wp\/v2\/tags?post=32664"},{"taxonomy":"drets","embeddable":true,"href":"https:\/\/www.sindicaturabarcelona.cat\/ca\/wp-json\/wp\/v2\/drets?post=32664"}],"curies":[{"name":"wp","href":"https:\/\/api.w.org\/{rel}","templated":true}]}}