{"id":32569,"date":"2024-05-02T08:37:13","date_gmt":"2024-05-02T06:37:13","guid":{"rendered":"https:\/\/www.sindicaturabarcelona.cat\/?p=32569"},"modified":"2024-05-02T08:37:17","modified_gmt":"2024-05-02T06:37:17","slug":"la-sindicatura-de-greuges-de-barcelona-demana-solucionar-els-problemes-daccessibilitat-dun-menjador-social-de-la-ciutat","status":"publish","type":"post","link":"https:\/\/www.sindicaturabarcelona.cat\/ca\/la-sindicatura-de-greuges-de-barcelona-demana-solucionar-els-problemes-daccessibilitat-dun-menjador-social-de-la-ciutat\/","title":{"rendered":"La Sindicatura de Greuges de Barcelona demana solucionar els problemes d\u2019accessibilitat d\u2019un menjador social de la ciutat"},"content":{"rendered":"\n<h2 class=\"wp-block-heading\"><strong>Els articles 24 i 25 de la Llei 13\/2014 d\u2019accessibilitat estableixen que els serveis p\u00fablics, considerats essencials o d\u2019inter\u00e8s general, s\u2019han d\u2019oferir de forma accessible<\/strong>.<\/h2>\n\n\n\n<p>La Sindicatura de Greuges de Barcelona ha concl\u00f2s que <strong>l\u2019actuaci\u00f3 de l\u2019Institut Municipal de Serveis Socials (IMSS) ha d\u2019avan\u00e7ar quant a l\u2019assoliment de l\u2019accessibilitat universal de tots els seus equipaments<\/strong>, aix\u00ed com garantir condicions de vida adients per a les persones amb discapacitat.<\/p>\n\n\n\n<p><strong>Despr\u00e9s que una persona amb discapacitat i mobilitat redu\u00efda es dirig\u00eds a la Sindicatura per exposar el seu malestar per no poder accedir a un menjador social de la ciutat, <\/strong><a href=\"https:\/\/www.sindicaturabarcelona.cat\/wp-content\/uploads\/202404_Dret-accessibilitat-i-dret-serveis-proteccio-social_manca-accessibilitat-menjador-social-avinguda-Paralel.pdf\"><strong>la defensoria ha analitzat el cas<\/strong><\/a><strong>. L\u2019expedient ha finalitzat amb dues recomanacions a l\u2019IMSS:<\/strong> que analitzi la viabilitat de diferents mesures t\u00e8cniques a trav\u00e9s del Pla d\u2019accessibilitat de l\u2019equipament, i que treballi de forma coordinada amb l\u2019Institut Municipal de Persones amb Discapacitat (IMPD) per explorar totes les possibilitats existents per millorar els problemes d\u2019accessibilitat del menjador social.<\/p>\n\n\n\n<h2 class=\"wp-block-heading\"><strong>La situaci\u00f3 del ciutad\u00e0<\/strong><\/h2>\n\n\n\n<p>El ciutad\u00e0 va presentar una queixa a la Sindicatura de Greuges de Barcelona per la impossibilitat de poder utilitzar l\u2019ascensor del menjador social de l\u2019avinguda Paral\u00b7lel. T\u00e9 47 anys i un 84% de discapacitat, amb barem de mobilitat redu\u00efda i necessitat d\u2019una tercera persona. Els seus \u00fanics ingressos procedeixen d\u2019una pensi\u00f3 no contributiva d\u2019invalidesa i es troba en situaci\u00f3 de carrer (fa \u00fas del rober i de les dutxes de la Fundaci\u00f3 Arrels).<\/p>\n\n\n\n<p>L\u2019at\u00e9n el Centre de Serveis Socials Raval Sud, on va sol\u00b7licitar poder anar al menjador social de l\u2019avinguda Paral\u00b7lel, ja que era el m\u00e9s pr\u00f2xim. El 18 de febrer assisteix per primera vegada al menjador i no li permeten l\u2019\u00fas de l\u2019ascensor, malgrat la seva situaci\u00f3 de discapacitat. El 19 de febrer ho torna a intentar i es repeteix la situaci\u00f3.<\/p>\n\n\n\n<h2 class=\"wp-block-heading\"><strong>L\u2019accessibilitat al menjador social de l\u2019avinguda Paral\u00b7lel<\/strong><\/h2>\n\n\n\n<p>El menjador social de l\u2019av. Paral\u00b7lel, que gestiona 230 places al dia, \u00e9s un dels setze menjadors socials municipals que hi ha a la ciutat. L\u2019espai de l\u2019equipament \u00e9s de titularitat municipal i la seva gesti\u00f3 \u00e9s externa, amb un contracte que va iniciar l\u20191 de gener de 2023 i que t\u00e9 una durada de dos anys.<\/p>\n\n\n\n<p>L\u2019<a href=\"https:\/\/ajuntament.barcelona.cat\/serveissocials\/ca\" target=\"_blank\" rel=\"noreferrer noopener\">Institut Municipal de Serveis Socials<\/a> ha explicat a la Sindicatura de Greuges de Barcelona que ja t\u00e9 coneixement de les dificultats d\u2019acc\u00e9s al menjador social, servei ubicat en un entresol i al qual nom\u00e9s pot accedir-se mitjan\u00e7ant escales<strong>. L\u2019edifici compta amb un ascensor<\/strong>, per\u00f2 l\u2019Ajuntament manifesta que correspon a la finca de ve\u00efns i ve\u00efnes i t\u00e9 una entrada diferenciada (tot i que est\u00e0 comunicat amb l\u2019entrada del menjador). <strong>La comunitat ve\u00efnal insisteix en el fet que l\u2019\u00fas de l\u2019ascensor est\u00e0 restringit per al ve\u00efnat i que en cap cas pot ser d\u2019\u00fas per a persones o usos vinculats al menjador.<\/strong><\/p>\n\n\n\n<p>La Sindicatura de Greuges de Barcelona recorda que <strong>els articles 24 i 25 de la Llei 13\/2014 d\u2019accessibilitat estableixen que els serveis p\u00fablics, considerats essencials o d\u2019inter\u00e8s general, s\u2019han d\u2019oferir de forma accessible<\/strong>. En aquesta l\u00ednia, la defensoria creu que un menjador social \u00e9s un servei essencial que dona cobertura a una necessitat b\u00e0sica i fonamental com l\u2019alimentaci\u00f3.<\/p>\n\n\n\n<p><strong>L\u2019article 42 de la mateixa llei<\/strong> dictamina que les administracions p\u00fabliques han d\u2019elaborar <strong>plans d\u2019accessibilitat <\/strong>que identifiquin i planifiquin les actuacions necess\u00e0ries <strong>perqu\u00e8 els edificis i els serveis assoleixin les condicions d\u2019accessibilitat establertes per la llei<\/strong>.<\/p>\n\n\n\n<p>La Sindicatura ha demanat quines s\u00f3n les previsions de soluci\u00f3 a la manca d\u2019accessibilitat en aquest servei municipal, i l\u2019Ajuntament ha respost que no valoren possibilitats que permetin solucionar les barreres arquitect\u00f2niques. <strong>L\u2019informe municipal no detalla les possibles alternatives analitzades.<\/strong><\/p>\n\n\n\n<h2 class=\"wp-block-heading\"><strong>El personal del menjador social aplica el protocol correctament<\/strong><\/h2>\n\n\n\n<p>Quant a les persones amb necessitat de menjador i dificultats greus de mobilitat, se\u2019ls ha de reorientar a un altre dels quinze espais de menjador, o se\u2019ls ofereix l\u2019\u00e0pat en modalitat p\u00edcnic (entesa com a resposta temporal fins a poder trobar una alternativa m\u00e9s adient a la necessitat de suport alimentari). <\/p>\n\n\n\n<p>El personal del menjador del Paral\u00b7lel va reorientar al ciutad\u00e0 a l\u2019equipament integral i tamb\u00e9 al servei en modalitat de p\u00edcnic, per\u00f2 no les va acceptar. Cal tenir en compte que un despla\u00e7ament per a una persona amb mobilitat redu\u00efda, 84% de discapacitat i necessitat d\u2019una tercera persona, pot suposar una dificultat important.<\/p>\n","protected":false},"excerpt":{"rendered":"<p>Els articles 24 i 25 de la Llei 13\/2014 d\u2019accessibilitat estableixen que els serveis p\u00fablics, considerats essencials o d\u2019inter\u00e8s general, s\u2019han d\u2019oferir de forma accessible. La Sindicatura de Greuges de [&hellip;]<\/p>\n","protected":false},"author":2,"featured_media":32530,"comment_status":"closed","ping_status":"closed","sticky":false,"template":"","format":"standard","meta":{"_acf_changed":false,"footnotes":""},"tags":[],"drets":[1428,1463,1438,1445],"class_list":["post-32569","post","type-post","status-publish","format-standard","has-post-thumbnail","hentry","drets-ciutat-equitativa","drets-dret-serveis-proteccio-social","drets-ciutat-habitable-i-sostenible","drets-dret-a-laccessibilitat-i-la-inclusivitat"],"acf":[],"yoast_head":"<!-- This site is optimized with the Yoast SEO plugin v27.5 - https:\/\/yoast.com\/product\/yoast-seo-wordpress\/ -->\n<title>La Sindicatura de Greuges de Barcelona demana solucionar els problemes d\u2019accessibilitat d\u2019un menjador social de la ciutat - Sindicatura de Greuges de Barcelona<\/title>\n<meta name=\"description\" content=\"Els articles 24 i 25 de la Llei 13\/2014 d\u2019accessibilitat estableixen que els serveis p\u00fablics, considerats essencials o d\u2019inter\u00e8s general...\" \/>\n<meta name=\"robots\" content=\"index, follow, max-snippet:-1, max-image-preview:large, max-video-preview:-1\" \/>\n<link rel=\"canonical\" href=\"https:\/\/www.sindicaturabarcelona.cat\/ca\/la-sindicatura-de-greuges-de-barcelona-demana-solucionar-els-problemes-daccessibilitat-dun-menjador-social-de-la-ciutat\/\" \/>\n<meta property=\"og:locale\" content=\"ca_ES\" \/>\n<meta property=\"og:type\" content=\"article\" \/>\n<meta property=\"og:title\" content=\"La Sindicatura de Greuges de Barcelona demana solucionar els problemes d\u2019accessibilitat d\u2019un menjador social de la ciutat - Sindicatura de Greuges de Barcelona\" \/>\n<meta property=\"og:description\" content=\"Els articles 24 i 25 de la Llei 13\/2014 d\u2019accessibilitat estableixen que els serveis p\u00fablics, considerats essencials o d\u2019inter\u00e8s general...\" \/>\n<meta property=\"og:url\" content=\"https:\/\/www.sindicaturabarcelona.cat\/ca\/la-sindicatura-de-greuges-de-barcelona-demana-solucionar-els-problemes-daccessibilitat-dun-menjador-social-de-la-ciutat\/\" \/>\n<meta property=\"og:site_name\" content=\"Sindicatura de Greuges de Barcelona\" \/>\n<meta property=\"article:published_time\" content=\"2024-05-02T06:37:13+00:00\" \/>\n<meta property=\"article:modified_time\" content=\"2024-05-02T06:37:17+00:00\" \/>\n<meta property=\"og:image\" content=\"https:\/\/www.sindicaturabarcelona.cat\/wp-content\/uploads\/Menjador-social.jpg\" \/>\n\t<meta property=\"og:image:width\" content=\"1536\" \/>\n\t<meta property=\"og:image:height\" content=\"1024\" \/>\n\t<meta property=\"og:image:type\" content=\"image\/jpeg\" \/>\n<meta name=\"author\" content=\"Pablo\" \/>\n<meta name=\"twitter:card\" content=\"summary_large_image\" \/>\n<meta name=\"twitter:creator\" content=\"@sindicbarcelona\" \/>\n<meta name=\"twitter:site\" content=\"@sindicbarcelona\" \/>\n<meta name=\"twitter:label1\" content=\"Escrit per\" \/>\n\t<meta name=\"twitter:data1\" content=\"Pablo\" \/>\n\t<meta name=\"twitter:label2\" content=\"Temps estimat de lectura\" \/>\n\t<meta name=\"twitter:data2\" content=\"5 minuts\" \/>\n<script type=\"application\/ld+json\" class=\"yoast-schema-graph\">{\"@context\":\"https:\\\/\\\/schema.org\",\"@graph\":[{\"@type\":\"Article\",\"@id\":\"https:\\\/\\\/www.sindicaturabarcelona.cat\\\/ca\\\/la-sindicatura-de-greuges-de-barcelona-demana-solucionar-els-problemes-daccessibilitat-dun-menjador-social-de-la-ciutat\\\/#article\",\"isPartOf\":{\"@id\":\"https:\\\/\\\/www.sindicaturabarcelona.cat\\\/ca\\\/la-sindicatura-de-greuges-de-barcelona-demana-solucionar-els-problemes-daccessibilitat-dun-menjador-social-de-la-ciutat\\\/\"},\"author\":{\"name\":\"Pablo\",\"@id\":\"https:\\\/\\\/www.sindicaturabarcelona.cat\\\/ca\\\/#\\\/schema\\\/person\\\/0e5acffc350ffdbc97578159322c9452\"},\"headline\":\"La Sindicatura de Greuges de Barcelona demana solucionar els problemes d\u2019accessibilitat d\u2019un menjador social de la ciutat\",\"datePublished\":\"2024-05-02T06:37:13+00:00\",\"dateModified\":\"2024-05-02T06:37:17+00:00\",\"mainEntityOfPage\":{\"@id\":\"https:\\\/\\\/www.sindicaturabarcelona.cat\\\/ca\\\/la-sindicatura-de-greuges-de-barcelona-demana-solucionar-els-problemes-daccessibilitat-dun-menjador-social-de-la-ciutat\\\/\"},\"wordCount\":803,\"publisher\":{\"@id\":\"https:\\\/\\\/www.sindicaturabarcelona.cat\\\/ca\\\/#organization\"},\"image\":{\"@id\":\"https:\\\/\\\/www.sindicaturabarcelona.cat\\\/ca\\\/la-sindicatura-de-greuges-de-barcelona-demana-solucionar-els-problemes-daccessibilitat-dun-menjador-social-de-la-ciutat\\\/#primaryimage\"},\"thumbnailUrl\":\"https:\\\/\\\/www.sindicaturabarcelona.cat\\\/wp-content\\\/uploads\\\/Menjador-social.jpg\",\"inLanguage\":\"ca\"},{\"@type\":\"WebPage\",\"@id\":\"https:\\\/\\\/www.sindicaturabarcelona.cat\\\/ca\\\/la-sindicatura-de-greuges-de-barcelona-demana-solucionar-els-problemes-daccessibilitat-dun-menjador-social-de-la-ciutat\\\/\",\"url\":\"https:\\\/\\\/www.sindicaturabarcelona.cat\\\/ca\\\/la-sindicatura-de-greuges-de-barcelona-demana-solucionar-els-problemes-daccessibilitat-dun-menjador-social-de-la-ciutat\\\/\",\"name\":\"La Sindicatura de Greuges de Barcelona demana solucionar els problemes d\u2019accessibilitat d\u2019un menjador social de la ciutat - Sindicatura de Greuges de Barcelona\",\"isPartOf\":{\"@id\":\"https:\\\/\\\/www.sindicaturabarcelona.cat\\\/ca\\\/#website\"},\"primaryImageOfPage\":{\"@id\":\"https:\\\/\\\/www.sindicaturabarcelona.cat\\\/ca\\\/la-sindicatura-de-greuges-de-barcelona-demana-solucionar-els-problemes-daccessibilitat-dun-menjador-social-de-la-ciutat\\\/#primaryimage\"},\"image\":{\"@id\":\"https:\\\/\\\/www.sindicaturabarcelona.cat\\\/ca\\\/la-sindicatura-de-greuges-de-barcelona-demana-solucionar-els-problemes-daccessibilitat-dun-menjador-social-de-la-ciutat\\\/#primaryimage\"},\"thumbnailUrl\":\"https:\\\/\\\/www.sindicaturabarcelona.cat\\\/wp-content\\\/uploads\\\/Menjador-social.jpg\",\"datePublished\":\"2024-05-02T06:37:13+00:00\",\"dateModified\":\"2024-05-02T06:37:17+00:00\",\"description\":\"Els articles 24 i 25 de la Llei 13\\\/2014 d\u2019accessibilitat estableixen que els serveis p\u00fablics, considerats essencials o d\u2019inter\u00e8s general...\",\"breadcrumb\":{\"@id\":\"https:\\\/\\\/www.sindicaturabarcelona.cat\\\/ca\\\/la-sindicatura-de-greuges-de-barcelona-demana-solucionar-els-problemes-daccessibilitat-dun-menjador-social-de-la-ciutat\\\/#breadcrumb\"},\"inLanguage\":\"ca\",\"potentialAction\":[{\"@type\":\"ReadAction\",\"target\":[\"https:\\\/\\\/www.sindicaturabarcelona.cat\\\/ca\\\/la-sindicatura-de-greuges-de-barcelona-demana-solucionar-els-problemes-daccessibilitat-dun-menjador-social-de-la-ciutat\\\/\"]}]},{\"@type\":\"ImageObject\",\"inLanguage\":\"ca\",\"@id\":\"https:\\\/\\\/www.sindicaturabarcelona.cat\\\/ca\\\/la-sindicatura-de-greuges-de-barcelona-demana-solucionar-els-problemes-daccessibilitat-dun-menjador-social-de-la-ciutat\\\/#primaryimage\",\"url\":\"https:\\\/\\\/www.sindicaturabarcelona.cat\\\/wp-content\\\/uploads\\\/Menjador-social.jpg\",\"contentUrl\":\"https:\\\/\\\/www.sindicaturabarcelona.cat\\\/wp-content\\\/uploads\\\/Menjador-social.jpg\",\"width\":1536,\"height\":1024,\"caption\":\"Menjador social\"},{\"@type\":\"BreadcrumbList\",\"@id\":\"https:\\\/\\\/www.sindicaturabarcelona.cat\\\/ca\\\/la-sindicatura-de-greuges-de-barcelona-demana-solucionar-els-problemes-daccessibilitat-dun-menjador-social-de-la-ciutat\\\/#breadcrumb\",\"itemListElement\":[{\"@type\":\"ListItem\",\"position\":1,\"name\":\"Inici\",\"item\":\"https:\\\/\\\/www.sindicaturabarcelona.cat\\\/ca\\\/\"},{\"@type\":\"ListItem\",\"position\":2,\"name\":\"La Sindicatura de Greuges de Barcelona demana solucionar els problemes d\u2019accessibilitat d\u2019un menjador social de la ciutat\"}]},{\"@type\":\"WebSite\",\"@id\":\"https:\\\/\\\/www.sindicaturabarcelona.cat\\\/ca\\\/#website\",\"url\":\"https:\\\/\\\/www.sindicaturabarcelona.cat\\\/ca\\\/\",\"name\":\"Sindicatura de Greuges de Barcelona\",\"description\":\"La defensoria dels teus drets\",\"publisher\":{\"@id\":\"https:\\\/\\\/www.sindicaturabarcelona.cat\\\/ca\\\/#organization\"},\"potentialAction\":[{\"@type\":\"SearchAction\",\"target\":{\"@type\":\"EntryPoint\",\"urlTemplate\":\"https:\\\/\\\/www.sindicaturabarcelona.cat\\\/ca\\\/?s={search_term_string}\"},\"query-input\":{\"@type\":\"PropertyValueSpecification\",\"valueRequired\":true,\"valueName\":\"search_term_string\"}}],\"inLanguage\":\"ca\"},{\"@type\":\"Organization\",\"@id\":\"https:\\\/\\\/www.sindicaturabarcelona.cat\\\/ca\\\/#organization\",\"name\":\"Sindicatura de Greuges de Barcelona\",\"url\":\"https:\\\/\\\/www.sindicaturabarcelona.cat\\\/ca\\\/\",\"logo\":{\"@type\":\"ImageObject\",\"inLanguage\":\"ca\",\"@id\":\"https:\\\/\\\/www.sindicaturabarcelona.cat\\\/ca\\\/#\\\/schema\\\/logo\\\/image\\\/\",\"url\":\"https:\\\/\\\/www.sindicaturabarcelona.cat\\\/wp-content\\\/uploads\\\/2023\\\/02\\\/logo_sindicatura.svg\",\"contentUrl\":\"https:\\\/\\\/www.sindicaturabarcelona.cat\\\/wp-content\\\/uploads\\\/2023\\\/02\\\/logo_sindicatura.svg\",\"caption\":\"Sindicatura de Greuges de Barcelona\"},\"image\":{\"@id\":\"https:\\\/\\\/www.sindicaturabarcelona.cat\\\/ca\\\/#\\\/schema\\\/logo\\\/image\\\/\"},\"sameAs\":[\"https:\\\/\\\/x.com\\\/sindicbarcelona\",\"https:\\\/\\\/www.instagram.com\\\/sindicbarcelona\\\/\",\"https:\\\/\\\/www.tiktok.com\\\/@sindicaturabcn\",\"https:\\\/\\\/t.me\\\/sindicaturabarcelona\"]},{\"@type\":\"Person\",\"@id\":\"https:\\\/\\\/www.sindicaturabarcelona.cat\\\/ca\\\/#\\\/schema\\\/person\\\/0e5acffc350ffdbc97578159322c9452\",\"name\":\"Pablo\",\"image\":{\"@type\":\"ImageObject\",\"inLanguage\":\"ca\",\"@id\":\"https:\\\/\\\/secure.gravatar.com\\\/avatar\\\/c948169b402ef9492afde705c3dfd5e90e1a6a84ef6840a91124f805a25a480f?s=96&d=mm&r=g\",\"url\":\"https:\\\/\\\/secure.gravatar.com\\\/avatar\\\/c948169b402ef9492afde705c3dfd5e90e1a6a84ef6840a91124f805a25a480f?s=96&d=mm&r=g\",\"contentUrl\":\"https:\\\/\\\/secure.gravatar.com\\\/avatar\\\/c948169b402ef9492afde705c3dfd5e90e1a6a84ef6840a91124f805a25a480f?s=96&d=mm&r=g\",\"caption\":\"Pablo\"},\"url\":\"https:\\\/\\\/www.sindicaturabarcelona.cat\\\/ca\\\/author\\\/pablo\\\/\"}]}<\/script>\n<!-- \/ Yoast SEO plugin. -->","yoast_head_json":{"title":"La Sindicatura de Greuges de Barcelona demana solucionar els problemes d\u2019accessibilitat d\u2019un menjador social de la ciutat - Sindicatura de Greuges de Barcelona","description":"Els articles 24 i 25 de la Llei 13\/2014 d\u2019accessibilitat estableixen que els serveis p\u00fablics, considerats essencials o d\u2019inter\u00e8s general...","robots":{"index":"index","follow":"follow","max-snippet":"max-snippet:-1","max-image-preview":"max-image-preview:large","max-video-preview":"max-video-preview:-1"},"canonical":"https:\/\/www.sindicaturabarcelona.cat\/ca\/la-sindicatura-de-greuges-de-barcelona-demana-solucionar-els-problemes-daccessibilitat-dun-menjador-social-de-la-ciutat\/","og_locale":"ca_ES","og_type":"article","og_title":"La Sindicatura de Greuges de Barcelona demana solucionar els problemes d\u2019accessibilitat d\u2019un menjador social de la ciutat - Sindicatura de Greuges de Barcelona","og_description":"Els articles 24 i 25 de la Llei 13\/2014 d\u2019accessibilitat estableixen que els serveis p\u00fablics, considerats essencials o d\u2019inter\u00e8s general...","og_url":"https:\/\/www.sindicaturabarcelona.cat\/ca\/la-sindicatura-de-greuges-de-barcelona-demana-solucionar-els-problemes-daccessibilitat-dun-menjador-social-de-la-ciutat\/","og_site_name":"Sindicatura de Greuges de Barcelona","article_published_time":"2024-05-02T06:37:13+00:00","article_modified_time":"2024-05-02T06:37:17+00:00","og_image":[{"width":1536,"height":1024,"url":"https:\/\/www.sindicaturabarcelona.cat\/wp-content\/uploads\/Menjador-social.jpg","type":"image\/jpeg"}],"author":"Pablo","twitter_card":"summary_large_image","twitter_creator":"@sindicbarcelona","twitter_site":"@sindicbarcelona","twitter_misc":{"Escrit per":"Pablo","Temps estimat de lectura":"5 minuts"},"schema":{"@context":"https:\/\/schema.org","@graph":[{"@type":"Article","@id":"https:\/\/www.sindicaturabarcelona.cat\/ca\/la-sindicatura-de-greuges-de-barcelona-demana-solucionar-els-problemes-daccessibilitat-dun-menjador-social-de-la-ciutat\/#article","isPartOf":{"@id":"https:\/\/www.sindicaturabarcelona.cat\/ca\/la-sindicatura-de-greuges-de-barcelona-demana-solucionar-els-problemes-daccessibilitat-dun-menjador-social-de-la-ciutat\/"},"author":{"name":"Pablo","@id":"https:\/\/www.sindicaturabarcelona.cat\/ca\/#\/schema\/person\/0e5acffc350ffdbc97578159322c9452"},"headline":"La Sindicatura de Greuges de Barcelona demana solucionar els problemes d\u2019accessibilitat d\u2019un menjador social de la ciutat","datePublished":"2024-05-02T06:37:13+00:00","dateModified":"2024-05-02T06:37:17+00:00","mainEntityOfPage":{"@id":"https:\/\/www.sindicaturabarcelona.cat\/ca\/la-sindicatura-de-greuges-de-barcelona-demana-solucionar-els-problemes-daccessibilitat-dun-menjador-social-de-la-ciutat\/"},"wordCount":803,"publisher":{"@id":"https:\/\/www.sindicaturabarcelona.cat\/ca\/#organization"},"image":{"@id":"https:\/\/www.sindicaturabarcelona.cat\/ca\/la-sindicatura-de-greuges-de-barcelona-demana-solucionar-els-problemes-daccessibilitat-dun-menjador-social-de-la-ciutat\/#primaryimage"},"thumbnailUrl":"https:\/\/www.sindicaturabarcelona.cat\/wp-content\/uploads\/Menjador-social.jpg","inLanguage":"ca"},{"@type":"WebPage","@id":"https:\/\/www.sindicaturabarcelona.cat\/ca\/la-sindicatura-de-greuges-de-barcelona-demana-solucionar-els-problemes-daccessibilitat-dun-menjador-social-de-la-ciutat\/","url":"https:\/\/www.sindicaturabarcelona.cat\/ca\/la-sindicatura-de-greuges-de-barcelona-demana-solucionar-els-problemes-daccessibilitat-dun-menjador-social-de-la-ciutat\/","name":"La Sindicatura de Greuges de Barcelona demana solucionar els problemes d\u2019accessibilitat d\u2019un menjador social de la ciutat - Sindicatura de Greuges de Barcelona","isPartOf":{"@id":"https:\/\/www.sindicaturabarcelona.cat\/ca\/#website"},"primaryImageOfPage":{"@id":"https:\/\/www.sindicaturabarcelona.cat\/ca\/la-sindicatura-de-greuges-de-barcelona-demana-solucionar-els-problemes-daccessibilitat-dun-menjador-social-de-la-ciutat\/#primaryimage"},"image":{"@id":"https:\/\/www.sindicaturabarcelona.cat\/ca\/la-sindicatura-de-greuges-de-barcelona-demana-solucionar-els-problemes-daccessibilitat-dun-menjador-social-de-la-ciutat\/#primaryimage"},"thumbnailUrl":"https:\/\/www.sindicaturabarcelona.cat\/wp-content\/uploads\/Menjador-social.jpg","datePublished":"2024-05-02T06:37:13+00:00","dateModified":"2024-05-02T06:37:17+00:00","description":"Els articles 24 i 25 de la Llei 13\/2014 d\u2019accessibilitat estableixen que els serveis p\u00fablics, considerats essencials o d\u2019inter\u00e8s general...","breadcrumb":{"@id":"https:\/\/www.sindicaturabarcelona.cat\/ca\/la-sindicatura-de-greuges-de-barcelona-demana-solucionar-els-problemes-daccessibilitat-dun-menjador-social-de-la-ciutat\/#breadcrumb"},"inLanguage":"ca","potentialAction":[{"@type":"ReadAction","target":["https:\/\/www.sindicaturabarcelona.cat\/ca\/la-sindicatura-de-greuges-de-barcelona-demana-solucionar-els-problemes-daccessibilitat-dun-menjador-social-de-la-ciutat\/"]}]},{"@type":"ImageObject","inLanguage":"ca","@id":"https:\/\/www.sindicaturabarcelona.cat\/ca\/la-sindicatura-de-greuges-de-barcelona-demana-solucionar-els-problemes-daccessibilitat-dun-menjador-social-de-la-ciutat\/#primaryimage","url":"https:\/\/www.sindicaturabarcelona.cat\/wp-content\/uploads\/Menjador-social.jpg","contentUrl":"https:\/\/www.sindicaturabarcelona.cat\/wp-content\/uploads\/Menjador-social.jpg","width":1536,"height":1024,"caption":"Menjador social"},{"@type":"BreadcrumbList","@id":"https:\/\/www.sindicaturabarcelona.cat\/ca\/la-sindicatura-de-greuges-de-barcelona-demana-solucionar-els-problemes-daccessibilitat-dun-menjador-social-de-la-ciutat\/#breadcrumb","itemListElement":[{"@type":"ListItem","position":1,"name":"Inici","item":"https:\/\/www.sindicaturabarcelona.cat\/ca\/"},{"@type":"ListItem","position":2,"name":"La Sindicatura de Greuges de Barcelona demana solucionar els problemes d\u2019accessibilitat d\u2019un menjador social de la ciutat"}]},{"@type":"WebSite","@id":"https:\/\/www.sindicaturabarcelona.cat\/ca\/#website","url":"https:\/\/www.sindicaturabarcelona.cat\/ca\/","name":"Sindicatura de Greuges de Barcelona","description":"La defensoria dels teus drets","publisher":{"@id":"https:\/\/www.sindicaturabarcelona.cat\/ca\/#organization"},"potentialAction":[{"@type":"SearchAction","target":{"@type":"EntryPoint","urlTemplate":"https:\/\/www.sindicaturabarcelona.cat\/ca\/?s={search_term_string}"},"query-input":{"@type":"PropertyValueSpecification","valueRequired":true,"valueName":"search_term_string"}}],"inLanguage":"ca"},{"@type":"Organization","@id":"https:\/\/www.sindicaturabarcelona.cat\/ca\/#organization","name":"Sindicatura de Greuges de Barcelona","url":"https:\/\/www.sindicaturabarcelona.cat\/ca\/","logo":{"@type":"ImageObject","inLanguage":"ca","@id":"https:\/\/www.sindicaturabarcelona.cat\/ca\/#\/schema\/logo\/image\/","url":"https:\/\/www.sindicaturabarcelona.cat\/wp-content\/uploads\/2023\/02\/logo_sindicatura.svg","contentUrl":"https:\/\/www.sindicaturabarcelona.cat\/wp-content\/uploads\/2023\/02\/logo_sindicatura.svg","caption":"Sindicatura de Greuges de Barcelona"},"image":{"@id":"https:\/\/www.sindicaturabarcelona.cat\/ca\/#\/schema\/logo\/image\/"},"sameAs":["https:\/\/x.com\/sindicbarcelona","https:\/\/www.instagram.com\/sindicbarcelona\/","https:\/\/www.tiktok.com\/@sindicaturabcn","https:\/\/t.me\/sindicaturabarcelona"]},{"@type":"Person","@id":"https:\/\/www.sindicaturabarcelona.cat\/ca\/#\/schema\/person\/0e5acffc350ffdbc97578159322c9452","name":"Pablo","image":{"@type":"ImageObject","inLanguage":"ca","@id":"https:\/\/secure.gravatar.com\/avatar\/c948169b402ef9492afde705c3dfd5e90e1a6a84ef6840a91124f805a25a480f?s=96&d=mm&r=g","url":"https:\/\/secure.gravatar.com\/avatar\/c948169b402ef9492afde705c3dfd5e90e1a6a84ef6840a91124f805a25a480f?s=96&d=mm&r=g","contentUrl":"https:\/\/secure.gravatar.com\/avatar\/c948169b402ef9492afde705c3dfd5e90e1a6a84ef6840a91124f805a25a480f?s=96&d=mm&r=g","caption":"Pablo"},"url":"https:\/\/www.sindicaturabarcelona.cat\/ca\/author\/pablo\/"}]}},"_links":{"self":[{"href":"https:\/\/www.sindicaturabarcelona.cat\/ca\/wp-json\/wp\/v2\/posts\/32569","targetHints":{"allow":["GET"]}}],"collection":[{"href":"https:\/\/www.sindicaturabarcelona.cat\/ca\/wp-json\/wp\/v2\/posts"}],"about":[{"href":"https:\/\/www.sindicaturabarcelona.cat\/ca\/wp-json\/wp\/v2\/types\/post"}],"author":[{"embeddable":true,"href":"https:\/\/www.sindicaturabarcelona.cat\/ca\/wp-json\/wp\/v2\/users\/2"}],"replies":[{"embeddable":true,"href":"https:\/\/www.sindicaturabarcelona.cat\/ca\/wp-json\/wp\/v2\/comments?post=32569"}],"version-history":[{"count":2,"href":"https:\/\/www.sindicaturabarcelona.cat\/ca\/wp-json\/wp\/v2\/posts\/32569\/revisions"}],"predecessor-version":[{"id":32571,"href":"https:\/\/www.sindicaturabarcelona.cat\/ca\/wp-json\/wp\/v2\/posts\/32569\/revisions\/32571"}],"wp:featuredmedia":[{"embeddable":true,"href":"https:\/\/www.sindicaturabarcelona.cat\/ca\/wp-json\/wp\/v2\/media\/32530"}],"wp:attachment":[{"href":"https:\/\/www.sindicaturabarcelona.cat\/ca\/wp-json\/wp\/v2\/media?parent=32569"}],"wp:term":[{"taxonomy":"post_tag","embeddable":true,"href":"https:\/\/www.sindicaturabarcelona.cat\/ca\/wp-json\/wp\/v2\/tags?post=32569"},{"taxonomy":"drets","embeddable":true,"href":"https:\/\/www.sindicaturabarcelona.cat\/ca\/wp-json\/wp\/v2\/drets?post=32569"}],"curies":[{"name":"wp","href":"https:\/\/api.w.org\/{rel}","templated":true}]}}