{"id":32376,"date":"2024-04-22T11:52:54","date_gmt":"2024-04-22T09:52:54","guid":{"rendered":"https:\/\/www.sindicaturabarcelona.cat\/?p=32376"},"modified":"2024-05-06T16:35:32","modified_gmt":"2024-05-06T14:35:32","slug":"la-sindicatura-interve-per-les-molesties-acustiques-que-ocasiona-lus-de-la-pista-esportiva-dels-jardins-del-baix-guinardo-fora-de-lhorari-permes","status":"publish","type":"post","link":"https:\/\/www.sindicaturabarcelona.cat\/ca\/la-sindicatura-interve-per-les-molesties-acustiques-que-ocasiona-lus-de-la-pista-esportiva-dels-jardins-del-baix-guinardo-fora-de-lhorari-permes\/","title":{"rendered":"La Sindicatura interv\u00e9 per les mol\u00e8sties ac\u00fastiques que ocasiona l\u2019\u00fas de la pista esportiva dels jardins del Baix Guinard\u00f3 fora de l\u2019horari perm\u00e8s"},"content":{"rendered":"\n<h2 class=\"wp-block-heading\"><strong>La defensoria ha recomanat a la Gu\u00e0rdia Urbana que dugui a terme el control del compliment horari d\u2019aquest espai i al Districte d\u2019Horta-Guinard\u00f3 que informi dels motius pels quals la senyalitzaci\u00f3 hor\u00e0ria no figura a l\u2019entrada de la pista.<\/strong><\/h2>\n\n\n\n<h2 class=\"wp-block-heading\"><strong>La Sindicatura va fer una visita a la pista esportiva el 16 d\u2019abril de 2024 i va copsar l\u2019abs\u00e8ncia de la senyalitzaci\u00f3 de l\u2019horari a l\u2019entrada de la pista i que les queixes del ve\u00efnat persisteixen.<\/strong><\/h2>\n\n\n\n<p><strong>Arran d\u2019una sessi\u00f3 de la <em>Sindicatura itinerant<\/em> al barri de la Sagrada Fam\u00edlia<\/strong>, que es va dur a terme conjuntament amb la S\u00edndica de Greuges de Catalunya, la Sindicatura de Greuges de Barcelona va tenir coneixement de les mol\u00e8sties ac\u00fastiques que es produ\u00efen als jardins del Baix Guinard\u00f3.<\/p>\n\n\n\n<p>Concretament, les mol\u00e8sties tenen l\u2019origen en l\u2019\u00fas, fora de l\u2019horari perm\u00e8s, de les cistelles de b\u00e0squet ubicades a la pista esportiva dels jardins del Baix Guinard\u00f3. Despr\u00e9s d\u2019analitzar aquest reclam ciutad\u00e0 i demanar informaci\u00f3 a l\u2019Ajuntament de Barcelona, <strong>la Sindicatura ha recomanat a la Gu\u00e0rdia Urbana que dugui a terme el control del compliment horari d\u2019aquest espai i al Districte d\u2019Horta-Guinard\u00f3 que faci seguiment de la pres\u00e8ncia de la senyalitzaci\u00f3 hor\u00e0ria que hi ha a l\u2019entrada de la pista.<\/strong><\/p>\n\n\n\n<h2 class=\"wp-block-heading\"><strong>La Sindicatura ja va intervenir per aquestes mol\u00e8sties en el mateix espai<\/strong><\/h2>\n\n\n\n<p><strong>Els anys 2016 i 2017<\/strong>, la <a href=\"http:\/\/www.sindicaturabarcelona.cat\" target=\"_blank\" rel=\"noreferrer noopener\">Sindicatura de Greuges de Barcelona<\/a> ja va analitzar les mol\u00e8sties ac\u00fastiques que ocasionaven l\u2019\u00fas de les cistelles de b\u00e0squet, en aquell moment ubicades m\u00e9s a prop de la Travessera de Gr\u00e0cia. <strong>L\u2019expedient va acabar amb una recomanaci\u00f3 al <a href=\"https:\/\/ajuntament.barcelona.cat\/horta-guinardo\/ca\" target=\"_blank\" rel=\"noreferrer noopener\">Districte d\u2019Horta-Guinard\u00f3<\/a> per tal que valor\u00e9s un canvi d\u2019ubicaci\u00f3 de la pista esportiva. I aix\u00ed ho va fer, traslladant-les a una zona m\u00e9s interior del parc i m\u00e9s allunyada dels habitatges.<\/strong><\/p>\n\n\n\n<p>A la nova pista nom\u00e9s van muntar porteries de futbol, per\u00f2 des de juliol de <strong>2022<\/strong> tamb\u00e9 s\u2019hi van posar cistelles de b\u00e0squet. <strong>Les queixes ve\u00efnals van tornar a apar\u00e8ixer i el Districte d\u2019Horta-Guinard\u00f3 va optar per la regulaci\u00f3 hor\u00e0ria de la pista esportiva (8-22 h)<\/strong> <strong>i va instal\u00b7lar una senyalitzaci\u00f3 vertical amb l\u2019horari a l\u2019entrada de la pista.<\/strong> Des de la seva col\u00b7locaci\u00f3 l\u2019octubre del 2022, el senyal s\u2019ha restitu\u00eft dues vegades, ja que ha quedat malm\u00e8s a causa d\u2019actes vand\u00e0lics.<\/p>\n\n\n\n<h2 class=\"wp-block-heading\"><strong>Sense senyal horari a l\u2019entrada de la pista i persisteixen les mol\u00e8sties que afecten el ve\u00efnat<\/strong><\/h2>\n\n\n\n<p>Amb l\u2019objectiu de fer seguiment de les mol\u00e8sties patides pel ve\u00efnat i copsar el compliment de les recomanacions de la defensoria, <strong>un equip de la Sindicatura va despla\u00e7ar-se a la pista esportiva dels jardins del Baix Guinard\u00f3 el dimarts 16 d\u2019abril de 2024.<\/strong><\/p>\n\n\n\n<p>En aquesta visita, <strong>va constatar-se que el senyal amb l\u2019horari ja no est\u00e0 a l\u2019acc\u00e9s a la pista<\/strong>, sin\u00f3 que la indicaci\u00f3 de l\u2019horari d\u2019\u00fas de la pista esportiva est\u00e0 ubicada en l\u2019espai dels aparells de cal\u00b7list\u00e8nia (en una cota m\u00e9s baixa del parc). L<strong>\u2019equip de la Sindicatura tamb\u00e9 va parlar amb el ve\u00efnat, que va manifestar que la situaci\u00f3 no havia millorat i que les mol\u00e8sties continuaven<\/strong>.<\/p>\n\n\n\n<p>Per aquests motius, la Sindicatura de Greuges de Barcelona ha tornat a dirigir-se al Districte d\u2019Horta-Guinard\u00f3 per con\u00e8ixer el motiu pel qual no es disposa de la senyalitzaci\u00f3 hor\u00e0ria en el mateix acc\u00e9s a la pista, i per saber quines han estat les intervencions de la Gu\u00e0rdia Urbana en aquests primers mesos de 2024.<\/p>\n\n\n\n<h2 class=\"wp-block-heading\"><strong>S\u2019instal\u00b7la de nou la senyalitzaci\u00f3 despr\u00e9s de dos vandalismes<\/strong><\/h2>\n\n\n\n<p>Despr\u00e9s de la visita de la Sindicatura i la petici\u00f3 de restauraci\u00f3 del senyal a l\u2019Ajuntament, el 29 d\u2019abril el Districte d\u2019Horta-Guinard\u00f3 va informar la Sindicatura de Greuges de Barcelona de la instal\u00b7laci\u00f3, per tercera vegada, de la senyalitzaci\u00f3 hor\u00e0ria de la pista esportiva. En aquest cas, el senyal s\u2019ha incrustat al mur de f\u00e0brica, amb l\u2019objectiu de dificultar possibles vandalismes futurs.<\/p>\n\n\n\n<figure class=\"wp-block-image size-large\"><img loading=\"lazy\" decoding=\"async\" width=\"1200\" height=\"675\" src=\"https:\/\/www.sindicaturabarcelona.cat\/wp-content\/uploads\/Fotografia_setmana_29_04_2024-1200x675.jpg\" alt=\"\" class=\"wp-image-32648\" srcset=\"https:\/\/www.sindicaturabarcelona.cat\/wp-content\/uploads\/Fotografia_setmana_29_04_2024-1200x675.jpg 1200w, https:\/\/www.sindicaturabarcelona.cat\/wp-content\/uploads\/Fotografia_setmana_29_04_2024-800x450.jpg 800w, https:\/\/www.sindicaturabarcelona.cat\/wp-content\/uploads\/Fotografia_setmana_29_04_2024-495x278.jpg 495w, https:\/\/www.sindicaturabarcelona.cat\/wp-content\/uploads\/Fotografia_setmana_29_04_2024-768x432.jpg 768w, https:\/\/www.sindicaturabarcelona.cat\/wp-content\/uploads\/Fotografia_setmana_29_04_2024-1536x864.jpg 1536w, https:\/\/www.sindicaturabarcelona.cat\/wp-content\/uploads\/Fotografia_setmana_29_04_2024.jpg 1600w\" sizes=\"auto, (max-width: 1200px) 100vw, 1200px\" \/><\/figure>\n\n\n\n<h2 class=\"wp-block-heading\"><strong>El dret a l\u2019esport i el dret al descans ve\u00efnal&nbsp;<\/strong><\/h2>\n\n\n\n<p>La Sindicatura de Greuges de Barcelona valora molt positivament que l\u2019Ajuntament de Barcelona aprofiti els espais p\u00fablics per oferir llocs on dur a terme la pr\u00e0ctica esportiva espont\u00e0nia. Aquestes iniciatives tamb\u00e9 contribueixen a aconseguir una bona cohesi\u00f3 social, la millora de les relacions ve\u00efnals i la recuperaci\u00f3 de l\u2019espai p\u00fablic al servei de la ciutadania. <strong>No obstant aix\u00f2, el motiu de les queixes ve\u00efnals procedeix de l\u2019\u00fas de la pista esportiva fora de l\u2019horari perm\u00e8s, situaci\u00f3 que ocasiona afectacions en el dret al descans del ve\u00efnat.<\/strong><\/p>\n","protected":false},"excerpt":{"rendered":"<p>La defensoria ha recomanat a la Gu\u00e0rdia Urbana que dugui a terme el control del compliment horari d\u2019aquest espai i al Districte d\u2019Horta-Guinard\u00f3 que informi dels motius pels quals la [&hellip;]<\/p>\n","protected":false},"author":2,"featured_media":32377,"comment_status":"closed","ping_status":"closed","sticky":false,"template":"","format":"standard","meta":{"_acf_changed":false,"footnotes":""},"tags":[],"drets":[1438,1449],"class_list":["post-32376","post","type-post","status-publish","format-standard","has-post-thumbnail","hentry","drets-ciutat-habitable-i-sostenible","drets-dret-a-una-convivencia-pacifica"],"acf":[],"yoast_head":"<!-- This site is optimized with the Yoast SEO plugin v27.5 - https:\/\/yoast.com\/product\/yoast-seo-wordpress\/ -->\n<title>La Sindicatura interv\u00e9 per les mol\u00e8sties ac\u00fastiques que ocasiona l\u2019\u00fas de la pista esportiva dels jardins del Baix Guinard\u00f3 fora de l\u2019horari perm\u00e8s - Sindicatura de Greuges de Barcelona<\/title>\n<meta name=\"description\" content=\"La Sindicatura va fer una visita a la pista esportiva el 16 d\u2019abril de 2024 i va copsar l\u2019abs\u00e8ncia de la senyalitzaci\u00f3...\" \/>\n<meta name=\"robots\" content=\"index, follow, max-snippet:-1, max-image-preview:large, max-video-preview:-1\" \/>\n<link rel=\"canonical\" href=\"https:\/\/www.sindicaturabarcelona.cat\/ca\/la-sindicatura-interve-per-les-molesties-acustiques-que-ocasiona-lus-de-la-pista-esportiva-dels-jardins-del-baix-guinardo-fora-de-lhorari-permes\/\" \/>\n<meta property=\"og:locale\" content=\"ca_ES\" \/>\n<meta property=\"og:type\" content=\"article\" \/>\n<meta property=\"og:title\" content=\"La Sindicatura interv\u00e9 per les mol\u00e8sties ac\u00fastiques que ocasiona l\u2019\u00fas de la pista esportiva dels jardins del Baix Guinard\u00f3 fora de l\u2019horari perm\u00e8s - Sindicatura de Greuges de Barcelona\" \/>\n<meta property=\"og:description\" content=\"La Sindicatura va fer una visita a la pista esportiva el 16 d\u2019abril de 2024 i va copsar l\u2019abs\u00e8ncia de la senyalitzaci\u00f3...\" \/>\n<meta property=\"og:url\" content=\"https:\/\/www.sindicaturabarcelona.cat\/ca\/la-sindicatura-interve-per-les-molesties-acustiques-que-ocasiona-lus-de-la-pista-esportiva-dels-jardins-del-baix-guinardo-fora-de-lhorari-permes\/\" \/>\n<meta property=\"og:site_name\" content=\"Sindicatura de Greuges de Barcelona\" \/>\n<meta property=\"article:published_time\" content=\"2024-04-22T09:52:54+00:00\" \/>\n<meta property=\"article:modified_time\" content=\"2024-05-06T14:35:32+00:00\" \/>\n<meta property=\"og:image\" content=\"https:\/\/www.sindicaturabarcelona.cat\/wp-content\/uploads\/pista-esportiva.jpg\" \/>\n\t<meta property=\"og:image:width\" content=\"1600\" \/>\n\t<meta property=\"og:image:height\" content=\"1200\" \/>\n\t<meta property=\"og:image:type\" content=\"image\/jpeg\" \/>\n<meta name=\"author\" content=\"Pablo\" \/>\n<meta name=\"twitter:card\" content=\"summary_large_image\" \/>\n<meta name=\"twitter:creator\" content=\"@sindicbarcelona\" \/>\n<meta name=\"twitter:site\" content=\"@sindicbarcelona\" \/>\n<meta name=\"twitter:label1\" content=\"Escrit per\" \/>\n\t<meta name=\"twitter:data1\" content=\"Pablo\" \/>\n\t<meta name=\"twitter:label2\" content=\"Temps estimat de lectura\" \/>\n\t<meta name=\"twitter:data2\" content=\"5 minuts\" \/>\n<script type=\"application\/ld+json\" class=\"yoast-schema-graph\">{\"@context\":\"https:\\\/\\\/schema.org\",\"@graph\":[{\"@type\":\"Article\",\"@id\":\"https:\\\/\\\/www.sindicaturabarcelona.cat\\\/ca\\\/la-sindicatura-interve-per-les-molesties-acustiques-que-ocasiona-lus-de-la-pista-esportiva-dels-jardins-del-baix-guinardo-fora-de-lhorari-permes\\\/#article\",\"isPartOf\":{\"@id\":\"https:\\\/\\\/www.sindicaturabarcelona.cat\\\/ca\\\/la-sindicatura-interve-per-les-molesties-acustiques-que-ocasiona-lus-de-la-pista-esportiva-dels-jardins-del-baix-guinardo-fora-de-lhorari-permes\\\/\"},\"author\":{\"name\":\"Pablo\",\"@id\":\"https:\\\/\\\/www.sindicaturabarcelona.cat\\\/ca\\\/#\\\/schema\\\/person\\\/0e5acffc350ffdbc97578159322c9452\"},\"headline\":\"La Sindicatura interv\u00e9 per les mol\u00e8sties ac\u00fastiques que ocasiona l\u2019\u00fas de la pista esportiva dels jardins del Baix Guinard\u00f3 fora de l\u2019horari perm\u00e8s\",\"datePublished\":\"2024-04-22T09:52:54+00:00\",\"dateModified\":\"2024-05-06T14:35:32+00:00\",\"mainEntityOfPage\":{\"@id\":\"https:\\\/\\\/www.sindicaturabarcelona.cat\\\/ca\\\/la-sindicatura-interve-per-les-molesties-acustiques-que-ocasiona-lus-de-la-pista-esportiva-dels-jardins-del-baix-guinardo-fora-de-lhorari-permes\\\/\"},\"wordCount\":851,\"publisher\":{\"@id\":\"https:\\\/\\\/www.sindicaturabarcelona.cat\\\/ca\\\/#organization\"},\"image\":{\"@id\":\"https:\\\/\\\/www.sindicaturabarcelona.cat\\\/ca\\\/la-sindicatura-interve-per-les-molesties-acustiques-que-ocasiona-lus-de-la-pista-esportiva-dels-jardins-del-baix-guinardo-fora-de-lhorari-permes\\\/#primaryimage\"},\"thumbnailUrl\":\"https:\\\/\\\/www.sindicaturabarcelona.cat\\\/wp-content\\\/uploads\\\/pista-esportiva.jpg\",\"inLanguage\":\"ca\"},{\"@type\":\"WebPage\",\"@id\":\"https:\\\/\\\/www.sindicaturabarcelona.cat\\\/ca\\\/la-sindicatura-interve-per-les-molesties-acustiques-que-ocasiona-lus-de-la-pista-esportiva-dels-jardins-del-baix-guinardo-fora-de-lhorari-permes\\\/\",\"url\":\"https:\\\/\\\/www.sindicaturabarcelona.cat\\\/ca\\\/la-sindicatura-interve-per-les-molesties-acustiques-que-ocasiona-lus-de-la-pista-esportiva-dels-jardins-del-baix-guinardo-fora-de-lhorari-permes\\\/\",\"name\":\"La Sindicatura interv\u00e9 per les mol\u00e8sties ac\u00fastiques que ocasiona l\u2019\u00fas de la pista esportiva dels jardins del Baix Guinard\u00f3 fora de l\u2019horari perm\u00e8s - Sindicatura de Greuges de Barcelona\",\"isPartOf\":{\"@id\":\"https:\\\/\\\/www.sindicaturabarcelona.cat\\\/ca\\\/#website\"},\"primaryImageOfPage\":{\"@id\":\"https:\\\/\\\/www.sindicaturabarcelona.cat\\\/ca\\\/la-sindicatura-interve-per-les-molesties-acustiques-que-ocasiona-lus-de-la-pista-esportiva-dels-jardins-del-baix-guinardo-fora-de-lhorari-permes\\\/#primaryimage\"},\"image\":{\"@id\":\"https:\\\/\\\/www.sindicaturabarcelona.cat\\\/ca\\\/la-sindicatura-interve-per-les-molesties-acustiques-que-ocasiona-lus-de-la-pista-esportiva-dels-jardins-del-baix-guinardo-fora-de-lhorari-permes\\\/#primaryimage\"},\"thumbnailUrl\":\"https:\\\/\\\/www.sindicaturabarcelona.cat\\\/wp-content\\\/uploads\\\/pista-esportiva.jpg\",\"datePublished\":\"2024-04-22T09:52:54+00:00\",\"dateModified\":\"2024-05-06T14:35:32+00:00\",\"description\":\"La Sindicatura va fer una visita a la pista esportiva el 16 d\u2019abril de 2024 i va copsar l\u2019abs\u00e8ncia de la senyalitzaci\u00f3...\",\"breadcrumb\":{\"@id\":\"https:\\\/\\\/www.sindicaturabarcelona.cat\\\/ca\\\/la-sindicatura-interve-per-les-molesties-acustiques-que-ocasiona-lus-de-la-pista-esportiva-dels-jardins-del-baix-guinardo-fora-de-lhorari-permes\\\/#breadcrumb\"},\"inLanguage\":\"ca\",\"potentialAction\":[{\"@type\":\"ReadAction\",\"target\":[\"https:\\\/\\\/www.sindicaturabarcelona.cat\\\/ca\\\/la-sindicatura-interve-per-les-molesties-acustiques-que-ocasiona-lus-de-la-pista-esportiva-dels-jardins-del-baix-guinardo-fora-de-lhorari-permes\\\/\"]}]},{\"@type\":\"ImageObject\",\"inLanguage\":\"ca\",\"@id\":\"https:\\\/\\\/www.sindicaturabarcelona.cat\\\/ca\\\/la-sindicatura-interve-per-les-molesties-acustiques-que-ocasiona-lus-de-la-pista-esportiva-dels-jardins-del-baix-guinardo-fora-de-lhorari-permes\\\/#primaryimage\",\"url\":\"https:\\\/\\\/www.sindicaturabarcelona.cat\\\/wp-content\\\/uploads\\\/pista-esportiva.jpg\",\"contentUrl\":\"https:\\\/\\\/www.sindicaturabarcelona.cat\\\/wp-content\\\/uploads\\\/pista-esportiva.jpg\",\"width\":1600,\"height\":1200,\"caption\":\"pista esportiva jardins Baix Guinard\u00f3\"},{\"@type\":\"BreadcrumbList\",\"@id\":\"https:\\\/\\\/www.sindicaturabarcelona.cat\\\/ca\\\/la-sindicatura-interve-per-les-molesties-acustiques-que-ocasiona-lus-de-la-pista-esportiva-dels-jardins-del-baix-guinardo-fora-de-lhorari-permes\\\/#breadcrumb\",\"itemListElement\":[{\"@type\":\"ListItem\",\"position\":1,\"name\":\"Inici\",\"item\":\"https:\\\/\\\/www.sindicaturabarcelona.cat\\\/ca\\\/\"},{\"@type\":\"ListItem\",\"position\":2,\"name\":\"La Sindicatura interv\u00e9 per les mol\u00e8sties ac\u00fastiques que ocasiona l\u2019\u00fas de la pista esportiva dels jardins del Baix Guinard\u00f3 fora de l\u2019horari perm\u00e8s\"}]},{\"@type\":\"WebSite\",\"@id\":\"https:\\\/\\\/www.sindicaturabarcelona.cat\\\/ca\\\/#website\",\"url\":\"https:\\\/\\\/www.sindicaturabarcelona.cat\\\/ca\\\/\",\"name\":\"Sindicatura de Greuges de Barcelona\",\"description\":\"La defensoria dels teus drets\",\"publisher\":{\"@id\":\"https:\\\/\\\/www.sindicaturabarcelona.cat\\\/ca\\\/#organization\"},\"potentialAction\":[{\"@type\":\"SearchAction\",\"target\":{\"@type\":\"EntryPoint\",\"urlTemplate\":\"https:\\\/\\\/www.sindicaturabarcelona.cat\\\/ca\\\/?s={search_term_string}\"},\"query-input\":{\"@type\":\"PropertyValueSpecification\",\"valueRequired\":true,\"valueName\":\"search_term_string\"}}],\"inLanguage\":\"ca\"},{\"@type\":\"Organization\",\"@id\":\"https:\\\/\\\/www.sindicaturabarcelona.cat\\\/ca\\\/#organization\",\"name\":\"Sindicatura de Greuges de Barcelona\",\"url\":\"https:\\\/\\\/www.sindicaturabarcelona.cat\\\/ca\\\/\",\"logo\":{\"@type\":\"ImageObject\",\"inLanguage\":\"ca\",\"@id\":\"https:\\\/\\\/www.sindicaturabarcelona.cat\\\/ca\\\/#\\\/schema\\\/logo\\\/image\\\/\",\"url\":\"https:\\\/\\\/www.sindicaturabarcelona.cat\\\/wp-content\\\/uploads\\\/2023\\\/02\\\/logo_sindicatura.svg\",\"contentUrl\":\"https:\\\/\\\/www.sindicaturabarcelona.cat\\\/wp-content\\\/uploads\\\/2023\\\/02\\\/logo_sindicatura.svg\",\"caption\":\"Sindicatura de Greuges de Barcelona\"},\"image\":{\"@id\":\"https:\\\/\\\/www.sindicaturabarcelona.cat\\\/ca\\\/#\\\/schema\\\/logo\\\/image\\\/\"},\"sameAs\":[\"https:\\\/\\\/x.com\\\/sindicbarcelona\",\"https:\\\/\\\/www.instagram.com\\\/sindicbarcelona\\\/\",\"https:\\\/\\\/www.tiktok.com\\\/@sindicaturabcn\",\"https:\\\/\\\/t.me\\\/sindicaturabarcelona\"]},{\"@type\":\"Person\",\"@id\":\"https:\\\/\\\/www.sindicaturabarcelona.cat\\\/ca\\\/#\\\/schema\\\/person\\\/0e5acffc350ffdbc97578159322c9452\",\"name\":\"Pablo\",\"image\":{\"@type\":\"ImageObject\",\"inLanguage\":\"ca\",\"@id\":\"https:\\\/\\\/secure.gravatar.com\\\/avatar\\\/c948169b402ef9492afde705c3dfd5e90e1a6a84ef6840a91124f805a25a480f?s=96&d=mm&r=g\",\"url\":\"https:\\\/\\\/secure.gravatar.com\\\/avatar\\\/c948169b402ef9492afde705c3dfd5e90e1a6a84ef6840a91124f805a25a480f?s=96&d=mm&r=g\",\"contentUrl\":\"https:\\\/\\\/secure.gravatar.com\\\/avatar\\\/c948169b402ef9492afde705c3dfd5e90e1a6a84ef6840a91124f805a25a480f?s=96&d=mm&r=g\",\"caption\":\"Pablo\"},\"url\":\"https:\\\/\\\/www.sindicaturabarcelona.cat\\\/ca\\\/author\\\/pablo\\\/\"}]}<\/script>\n<!-- \/ Yoast SEO plugin. -->","yoast_head_json":{"title":"La Sindicatura interv\u00e9 per les mol\u00e8sties ac\u00fastiques que ocasiona l\u2019\u00fas de la pista esportiva dels jardins del Baix Guinard\u00f3 fora de l\u2019horari perm\u00e8s - Sindicatura de Greuges de Barcelona","description":"La Sindicatura va fer una visita a la pista esportiva el 16 d\u2019abril de 2024 i va copsar l\u2019abs\u00e8ncia de la senyalitzaci\u00f3...","robots":{"index":"index","follow":"follow","max-snippet":"max-snippet:-1","max-image-preview":"max-image-preview:large","max-video-preview":"max-video-preview:-1"},"canonical":"https:\/\/www.sindicaturabarcelona.cat\/ca\/la-sindicatura-interve-per-les-molesties-acustiques-que-ocasiona-lus-de-la-pista-esportiva-dels-jardins-del-baix-guinardo-fora-de-lhorari-permes\/","og_locale":"ca_ES","og_type":"article","og_title":"La Sindicatura interv\u00e9 per les mol\u00e8sties ac\u00fastiques que ocasiona l\u2019\u00fas de la pista esportiva dels jardins del Baix Guinard\u00f3 fora de l\u2019horari perm\u00e8s - Sindicatura de Greuges de Barcelona","og_description":"La Sindicatura va fer una visita a la pista esportiva el 16 d\u2019abril de 2024 i va copsar l\u2019abs\u00e8ncia de la senyalitzaci\u00f3...","og_url":"https:\/\/www.sindicaturabarcelona.cat\/ca\/la-sindicatura-interve-per-les-molesties-acustiques-que-ocasiona-lus-de-la-pista-esportiva-dels-jardins-del-baix-guinardo-fora-de-lhorari-permes\/","og_site_name":"Sindicatura de Greuges de Barcelona","article_published_time":"2024-04-22T09:52:54+00:00","article_modified_time":"2024-05-06T14:35:32+00:00","og_image":[{"width":1600,"height":1200,"url":"https:\/\/www.sindicaturabarcelona.cat\/wp-content\/uploads\/pista-esportiva.jpg","type":"image\/jpeg"}],"author":"Pablo","twitter_card":"summary_large_image","twitter_creator":"@sindicbarcelona","twitter_site":"@sindicbarcelona","twitter_misc":{"Escrit per":"Pablo","Temps estimat de lectura":"5 minuts"},"schema":{"@context":"https:\/\/schema.org","@graph":[{"@type":"Article","@id":"https:\/\/www.sindicaturabarcelona.cat\/ca\/la-sindicatura-interve-per-les-molesties-acustiques-que-ocasiona-lus-de-la-pista-esportiva-dels-jardins-del-baix-guinardo-fora-de-lhorari-permes\/#article","isPartOf":{"@id":"https:\/\/www.sindicaturabarcelona.cat\/ca\/la-sindicatura-interve-per-les-molesties-acustiques-que-ocasiona-lus-de-la-pista-esportiva-dels-jardins-del-baix-guinardo-fora-de-lhorari-permes\/"},"author":{"name":"Pablo","@id":"https:\/\/www.sindicaturabarcelona.cat\/ca\/#\/schema\/person\/0e5acffc350ffdbc97578159322c9452"},"headline":"La Sindicatura interv\u00e9 per les mol\u00e8sties ac\u00fastiques que ocasiona l\u2019\u00fas de la pista esportiva dels jardins del Baix Guinard\u00f3 fora de l\u2019horari perm\u00e8s","datePublished":"2024-04-22T09:52:54+00:00","dateModified":"2024-05-06T14:35:32+00:00","mainEntityOfPage":{"@id":"https:\/\/www.sindicaturabarcelona.cat\/ca\/la-sindicatura-interve-per-les-molesties-acustiques-que-ocasiona-lus-de-la-pista-esportiva-dels-jardins-del-baix-guinardo-fora-de-lhorari-permes\/"},"wordCount":851,"publisher":{"@id":"https:\/\/www.sindicaturabarcelona.cat\/ca\/#organization"},"image":{"@id":"https:\/\/www.sindicaturabarcelona.cat\/ca\/la-sindicatura-interve-per-les-molesties-acustiques-que-ocasiona-lus-de-la-pista-esportiva-dels-jardins-del-baix-guinardo-fora-de-lhorari-permes\/#primaryimage"},"thumbnailUrl":"https:\/\/www.sindicaturabarcelona.cat\/wp-content\/uploads\/pista-esportiva.jpg","inLanguage":"ca"},{"@type":"WebPage","@id":"https:\/\/www.sindicaturabarcelona.cat\/ca\/la-sindicatura-interve-per-les-molesties-acustiques-que-ocasiona-lus-de-la-pista-esportiva-dels-jardins-del-baix-guinardo-fora-de-lhorari-permes\/","url":"https:\/\/www.sindicaturabarcelona.cat\/ca\/la-sindicatura-interve-per-les-molesties-acustiques-que-ocasiona-lus-de-la-pista-esportiva-dels-jardins-del-baix-guinardo-fora-de-lhorari-permes\/","name":"La Sindicatura interv\u00e9 per les mol\u00e8sties ac\u00fastiques que ocasiona l\u2019\u00fas de la pista esportiva dels jardins del Baix Guinard\u00f3 fora de l\u2019horari perm\u00e8s - Sindicatura de Greuges de Barcelona","isPartOf":{"@id":"https:\/\/www.sindicaturabarcelona.cat\/ca\/#website"},"primaryImageOfPage":{"@id":"https:\/\/www.sindicaturabarcelona.cat\/ca\/la-sindicatura-interve-per-les-molesties-acustiques-que-ocasiona-lus-de-la-pista-esportiva-dels-jardins-del-baix-guinardo-fora-de-lhorari-permes\/#primaryimage"},"image":{"@id":"https:\/\/www.sindicaturabarcelona.cat\/ca\/la-sindicatura-interve-per-les-molesties-acustiques-que-ocasiona-lus-de-la-pista-esportiva-dels-jardins-del-baix-guinardo-fora-de-lhorari-permes\/#primaryimage"},"thumbnailUrl":"https:\/\/www.sindicaturabarcelona.cat\/wp-content\/uploads\/pista-esportiva.jpg","datePublished":"2024-04-22T09:52:54+00:00","dateModified":"2024-05-06T14:35:32+00:00","description":"La Sindicatura va fer una visita a la pista esportiva el 16 d\u2019abril de 2024 i va copsar l\u2019abs\u00e8ncia de la senyalitzaci\u00f3...","breadcrumb":{"@id":"https:\/\/www.sindicaturabarcelona.cat\/ca\/la-sindicatura-interve-per-les-molesties-acustiques-que-ocasiona-lus-de-la-pista-esportiva-dels-jardins-del-baix-guinardo-fora-de-lhorari-permes\/#breadcrumb"},"inLanguage":"ca","potentialAction":[{"@type":"ReadAction","target":["https:\/\/www.sindicaturabarcelona.cat\/ca\/la-sindicatura-interve-per-les-molesties-acustiques-que-ocasiona-lus-de-la-pista-esportiva-dels-jardins-del-baix-guinardo-fora-de-lhorari-permes\/"]}]},{"@type":"ImageObject","inLanguage":"ca","@id":"https:\/\/www.sindicaturabarcelona.cat\/ca\/la-sindicatura-interve-per-les-molesties-acustiques-que-ocasiona-lus-de-la-pista-esportiva-dels-jardins-del-baix-guinardo-fora-de-lhorari-permes\/#primaryimage","url":"https:\/\/www.sindicaturabarcelona.cat\/wp-content\/uploads\/pista-esportiva.jpg","contentUrl":"https:\/\/www.sindicaturabarcelona.cat\/wp-content\/uploads\/pista-esportiva.jpg","width":1600,"height":1200,"caption":"pista esportiva jardins Baix Guinard\u00f3"},{"@type":"BreadcrumbList","@id":"https:\/\/www.sindicaturabarcelona.cat\/ca\/la-sindicatura-interve-per-les-molesties-acustiques-que-ocasiona-lus-de-la-pista-esportiva-dels-jardins-del-baix-guinardo-fora-de-lhorari-permes\/#breadcrumb","itemListElement":[{"@type":"ListItem","position":1,"name":"Inici","item":"https:\/\/www.sindicaturabarcelona.cat\/ca\/"},{"@type":"ListItem","position":2,"name":"La Sindicatura interv\u00e9 per les mol\u00e8sties ac\u00fastiques que ocasiona l\u2019\u00fas de la pista esportiva dels jardins del Baix Guinard\u00f3 fora de l\u2019horari perm\u00e8s"}]},{"@type":"WebSite","@id":"https:\/\/www.sindicaturabarcelona.cat\/ca\/#website","url":"https:\/\/www.sindicaturabarcelona.cat\/ca\/","name":"Sindicatura de Greuges de Barcelona","description":"La defensoria dels teus drets","publisher":{"@id":"https:\/\/www.sindicaturabarcelona.cat\/ca\/#organization"},"potentialAction":[{"@type":"SearchAction","target":{"@type":"EntryPoint","urlTemplate":"https:\/\/www.sindicaturabarcelona.cat\/ca\/?s={search_term_string}"},"query-input":{"@type":"PropertyValueSpecification","valueRequired":true,"valueName":"search_term_string"}}],"inLanguage":"ca"},{"@type":"Organization","@id":"https:\/\/www.sindicaturabarcelona.cat\/ca\/#organization","name":"Sindicatura de Greuges de Barcelona","url":"https:\/\/www.sindicaturabarcelona.cat\/ca\/","logo":{"@type":"ImageObject","inLanguage":"ca","@id":"https:\/\/www.sindicaturabarcelona.cat\/ca\/#\/schema\/logo\/image\/","url":"https:\/\/www.sindicaturabarcelona.cat\/wp-content\/uploads\/2023\/02\/logo_sindicatura.svg","contentUrl":"https:\/\/www.sindicaturabarcelona.cat\/wp-content\/uploads\/2023\/02\/logo_sindicatura.svg","caption":"Sindicatura de Greuges de Barcelona"},"image":{"@id":"https:\/\/www.sindicaturabarcelona.cat\/ca\/#\/schema\/logo\/image\/"},"sameAs":["https:\/\/x.com\/sindicbarcelona","https:\/\/www.instagram.com\/sindicbarcelona\/","https:\/\/www.tiktok.com\/@sindicaturabcn","https:\/\/t.me\/sindicaturabarcelona"]},{"@type":"Person","@id":"https:\/\/www.sindicaturabarcelona.cat\/ca\/#\/schema\/person\/0e5acffc350ffdbc97578159322c9452","name":"Pablo","image":{"@type":"ImageObject","inLanguage":"ca","@id":"https:\/\/secure.gravatar.com\/avatar\/c948169b402ef9492afde705c3dfd5e90e1a6a84ef6840a91124f805a25a480f?s=96&d=mm&r=g","url":"https:\/\/secure.gravatar.com\/avatar\/c948169b402ef9492afde705c3dfd5e90e1a6a84ef6840a91124f805a25a480f?s=96&d=mm&r=g","contentUrl":"https:\/\/secure.gravatar.com\/avatar\/c948169b402ef9492afde705c3dfd5e90e1a6a84ef6840a91124f805a25a480f?s=96&d=mm&r=g","caption":"Pablo"},"url":"https:\/\/www.sindicaturabarcelona.cat\/ca\/author\/pablo\/"}]}},"_links":{"self":[{"href":"https:\/\/www.sindicaturabarcelona.cat\/ca\/wp-json\/wp\/v2\/posts\/32376","targetHints":{"allow":["GET"]}}],"collection":[{"href":"https:\/\/www.sindicaturabarcelona.cat\/ca\/wp-json\/wp\/v2\/posts"}],"about":[{"href":"https:\/\/www.sindicaturabarcelona.cat\/ca\/wp-json\/wp\/v2\/types\/post"}],"author":[{"embeddable":true,"href":"https:\/\/www.sindicaturabarcelona.cat\/ca\/wp-json\/wp\/v2\/users\/2"}],"replies":[{"embeddable":true,"href":"https:\/\/www.sindicaturabarcelona.cat\/ca\/wp-json\/wp\/v2\/comments?post=32376"}],"version-history":[{"count":2,"href":"https:\/\/www.sindicaturabarcelona.cat\/ca\/wp-json\/wp\/v2\/posts\/32376\/revisions"}],"predecessor-version":[{"id":32651,"href":"https:\/\/www.sindicaturabarcelona.cat\/ca\/wp-json\/wp\/v2\/posts\/32376\/revisions\/32651"}],"wp:featuredmedia":[{"embeddable":true,"href":"https:\/\/www.sindicaturabarcelona.cat\/ca\/wp-json\/wp\/v2\/media\/32377"}],"wp:attachment":[{"href":"https:\/\/www.sindicaturabarcelona.cat\/ca\/wp-json\/wp\/v2\/media?parent=32376"}],"wp:term":[{"taxonomy":"post_tag","embeddable":true,"href":"https:\/\/www.sindicaturabarcelona.cat\/ca\/wp-json\/wp\/v2\/tags?post=32376"},{"taxonomy":"drets","embeddable":true,"href":"https:\/\/www.sindicaturabarcelona.cat\/ca\/wp-json\/wp\/v2\/drets?post=32376"}],"curies":[{"name":"wp","href":"https:\/\/api.w.org\/{rel}","templated":true}]}}