{"id":32316,"date":"2024-04-10T07:30:00","date_gmt":"2024-04-10T05:30:00","guid":{"rendered":"https:\/\/www.sindicaturabarcelona.cat\/?p=32316"},"modified":"2024-07-16T13:20:51","modified_gmt":"2024-07-16T11:20:51","slug":"la-sindicatura-de-greuges-de-barcelona-recorda-la-importancia-de-continuar-avancant-en-la-retirada-de-simbologia-feixista-a-la-ciutat","status":"publish","type":"post","link":"https:\/\/www.sindicaturabarcelona.cat\/ca\/la-sindicatura-de-greuges-de-barcelona-recorda-la-importancia-de-continuar-avancant-en-la-retirada-de-simbologia-feixista-a-la-ciutat\/","title":{"rendered":"La Sindicatura de Greuges de Barcelona recorda la import\u00e0ncia de continuar avan\u00e7ant en la retirada de simbologia feixista a la ciutat"},"content":{"rendered":"\n<h2 class=\"wp-block-heading\"><strong>La Sindicatura considera que el cens de simbologia feixista que est\u00e0 elaborant l\u2019Ajuntament de Barcelona hauria de ser p\u00fablic.<\/strong><\/h2>\n\n\n\n<p>La Sindicatura de Greuges de Barcelona s\u2019ha dirigit a l\u2019Ajuntament <a href=\"https:\/\/www.sindicaturabarcelona.cat\/wp-content\/uploads\/202403_Dret-cultura_disconformitat-amb-presencia-simbologia-feixista-a-facanes-de-finques-de-Sant-Marti-i-la-Verneda.pdf\" target=\"_blank\" rel=\"noreferrer noopener\">per insistir en la rellev\u00e0ncia de continuar avan\u00e7ant en la retirada de simbologia feixista a la ciutat<\/a>, <strong>amb l\u2019objectiu d\u2019eliminar tots els vestigis existents sobre un per\u00edode de la hist\u00f2ria en qu\u00e8 van vulnerar-se els drets humans de manera sistem\u00e0tica<\/strong>.<\/p>\n\n\n\n<p><strong>La Sindicatura ha traslladat dues recomanacions m\u00e9s<\/strong> a la Regidoria de Promoci\u00f3 Econ\u00f2mica, Treball, Feminismes i Mem\u00f2ria Democr\u00e0tica de l\u2019Ajuntament de Barcelona: <strong>que faci p\u00fablic el cens de plaques i altres refer\u00e8ncies a retirar a la ciutat, i que valori la conveni\u00e8ncia d\u2019establir un canal per tal que la ciutadania pugui comunicar la detecci\u00f3 de simbologia feixista.<\/strong><\/p>\n\n\n\n<p><strong>La normativa vigent en l\u2019eliminaci\u00f3 d\u2019elements contraris a la mem\u00f2ria democr\u00e0tica<\/strong><\/p>\n\n\n\n<p><strong>La <a href=\"https:\/\/www.boe.es\/buscar\/act.php?lang=es&amp;id=BOE-A-2022-17099&amp;tn=1&amp;p=\" target=\"_blank\" rel=\"noreferrer noopener\">Llei 20\/2022 de Mem\u00f2ria Democr\u00e0tica<\/a> <\/strong>t\u00e9 per objecte la recuperaci\u00f3, salvaguarda i difusi\u00f3 de la mem\u00f2ria democr\u00e0tica, entesa com la reivindicaci\u00f3 i defensa dels valors democr\u00e0tics i els drets i llibertats fonamentals al llarg de la hist\u00f2ria contempor\u00e0nia d&#8217;Espanya. Defineix quins s\u00f3n els elements contraris a la mem\u00f2ria democr\u00e0tica, estableix el procediment per a la seva retirada o eliminaci\u00f3, i dictamina les formes i els terminis d\u2019aquestes actuacions, siguin iniciades per l\u2019administraci\u00f3 p\u00fablica o per la ciutadania.<\/p>\n\n\n\n<p>Quant a les administracions p\u00fabliques, <strong>la Llei 20\/2022 de Mem\u00f2ria Democr\u00e0tica determina que l\u2019Administraci\u00f3 General de l\u2019Estat, amb la col\u00b7laboraci\u00f3 de la resta d\u2019administracions, ha d\u2019elaborar un <em>Cat\u00e0leg de s\u00edmbols i elements contraris a la mem\u00f2ria democr\u00e0tica<\/em><\/strong>. Tot i que aquest cat\u00e0leg encara no est\u00e0 disponible, permetr\u00e0 a les administracions millorar els seus protocols i disposar d\u2019una visi\u00f3 m\u00e9s integral de la seva tasca.<\/p>\n\n\n\n<h2 class=\"wp-block-heading\"><strong>Com actua el consistori en la retirada de simbologia feixista de l\u2019espai p\u00fablic<\/strong><\/h2>\n\n\n\n<p>L\u2019Ajuntament de Barcelona exposa que el proc\u00e9s de retirada iniciat el 2015, sota l\u2019empara de la legislaci\u00f3 en mat\u00e8ria de mem\u00f2ria democr\u00e0tica, es mant\u00e9 fins a l\u2019actualitat. D\u2019aquesta manera, <strong>si es detecta qualsevol element contrari a la Llei de Mem\u00f2ria Democr\u00e0tica, els serveis t\u00e8cnics de cada districte procedeixen a activar la seva retirada.<\/strong><\/p>\n\n\n\n<h2 class=\"wp-block-heading\"><strong>El cens de simbologia feixista a retirar de la ciutat de Barcelona<\/strong><\/h2>\n\n\n\n<p>El consistori tamb\u00e9 informa que continua treballant en el proc\u00e9s de detecci\u00f3 i retirada de simbologia feixista arreu de la ciutat. <strong>Es preveu tenir una proposta de cens d\u2019elements a retirar el juny del 2024<\/strong>, a partir de les informacions dels districtes afectats i de la valoraci\u00f3 dels serveis jur\u00eddics.<\/p>\n\n\n\n<p><strong>La Sindicatura de Greuges de Barcelona creu que l\u2019Ajuntament ha mostrat la seva voluntat i determinaci\u00f3 per retirar la pres\u00e8ncia de simbologia feixista a la ciutat<\/strong>, i l\u2019esperona a continuar avan\u00e7ant en aquesta direcci\u00f3, d\u2019acord amb la nova normativa de l\u2019any 2022.&nbsp;<\/p>\n\n\n\n<p><strong>La Sindicatura considera tamb\u00e9 que el cens de simbologia feixista a retirar hauria de ser p\u00fablic <\/strong>(preservant sempre aquelles dades que siguin susceptibles de tracte confidencial), <strong>aix\u00ed com el procediment a seguir per a la seva retirada<\/strong>. La defensoria afegeix que caldria <strong>valorar la conveni\u00e8ncia d\u2019establir un canal per tal que la ciutadania pugui comunicar la detecci\u00f3 de simbologia feixista que no consti en el cens elaborat per l\u2019Ajuntament de Barcelona.<\/strong><\/p>\n","protected":false},"excerpt":{"rendered":"<p>La Sindicatura considera que el cens de simbologia feixista que est\u00e0 elaborant l\u2019Ajuntament de Barcelona hauria de ser p\u00fablic. La Sindicatura de Greuges de Barcelona s\u2019ha dirigit a l\u2019Ajuntament per [&hellip;]<\/p>\n","protected":false},"author":2,"featured_media":32317,"comment_status":"closed","ping_status":"closed","sticky":false,"template":"","format":"standard","meta":{"_acf_changed":false,"footnotes":""},"tags":[],"drets":[1442,1652],"class_list":["post-32316","post","type-post","status-publish","format-standard","has-post-thumbnail","hentry","drets-ciutat-diversa","drets-dret-a-la-memoria-democratica"],"acf":[],"yoast_head":"<!-- This site is optimized with the Yoast SEO plugin v27.5 - https:\/\/yoast.com\/product\/yoast-seo-wordpress\/ -->\n<title>La Sindicatura de Greuges de Barcelona recorda la import\u00e0ncia de continuar avan\u00e7ant en la retirada de simbologia feixista a la ciutat - Sindicatura de Greuges de Barcelona<\/title>\n<meta name=\"description\" content=\"La Sindicatura considera que el cens de simbologia feixista que est\u00e0 elaborant l\u2019Ajuntament de Barcelona hauria de ser p\u00fablic.\" \/>\n<meta name=\"robots\" content=\"index, follow, max-snippet:-1, max-image-preview:large, max-video-preview:-1\" \/>\n<link rel=\"canonical\" href=\"https:\/\/www.sindicaturabarcelona.cat\/ca\/la-sindicatura-de-greuges-de-barcelona-recorda-la-importancia-de-continuar-avancant-en-la-retirada-de-simbologia-feixista-a-la-ciutat\/\" \/>\n<meta property=\"og:locale\" content=\"ca_ES\" \/>\n<meta property=\"og:type\" content=\"article\" \/>\n<meta property=\"og:title\" content=\"La Sindicatura de Greuges de Barcelona recorda la import\u00e0ncia de continuar avan\u00e7ant en la retirada de simbologia feixista a la ciutat - Sindicatura de Greuges de Barcelona\" \/>\n<meta property=\"og:description\" content=\"La Sindicatura considera que el cens de simbologia feixista que est\u00e0 elaborant l\u2019Ajuntament de Barcelona hauria de ser p\u00fablic.\" \/>\n<meta property=\"og:url\" content=\"https:\/\/www.sindicaturabarcelona.cat\/ca\/la-sindicatura-de-greuges-de-barcelona-recorda-la-importancia-de-continuar-avancant-en-la-retirada-de-simbologia-feixista-a-la-ciutat\/\" \/>\n<meta property=\"og:site_name\" content=\"Sindicatura de Greuges de Barcelona\" \/>\n<meta property=\"article:published_time\" content=\"2024-04-10T05:30:00+00:00\" \/>\n<meta property=\"article:modified_time\" content=\"2024-07-16T11:20:51+00:00\" \/>\n<meta property=\"og:image\" content=\"https:\/\/www.sindicaturabarcelona.cat\/wp-content\/uploads\/Retirada-simbologia-feixista-ciutat-de-Barcelona.jpg\" \/>\n\t<meta property=\"og:image:width\" content=\"1280\" \/>\n\t<meta property=\"og:image:height\" content=\"855\" \/>\n\t<meta property=\"og:image:type\" content=\"image\/jpeg\" \/>\n<meta name=\"author\" content=\"Pablo\" \/>\n<meta name=\"twitter:card\" content=\"summary_large_image\" \/>\n<meta name=\"twitter:creator\" content=\"@sindicbarcelona\" \/>\n<meta name=\"twitter:site\" content=\"@sindicbarcelona\" \/>\n<meta name=\"twitter:label1\" content=\"Escrit per\" \/>\n\t<meta name=\"twitter:data1\" content=\"Pablo\" \/>\n\t<meta name=\"twitter:label2\" content=\"Temps estimat de lectura\" \/>\n\t<meta name=\"twitter:data2\" content=\"4 minuts\" \/>\n<script type=\"application\/ld+json\" class=\"yoast-schema-graph\">{\"@context\":\"https:\\\/\\\/schema.org\",\"@graph\":[{\"@type\":\"Article\",\"@id\":\"https:\\\/\\\/www.sindicaturabarcelona.cat\\\/ca\\\/la-sindicatura-de-greuges-de-barcelona-recorda-la-importancia-de-continuar-avancant-en-la-retirada-de-simbologia-feixista-a-la-ciutat\\\/#article\",\"isPartOf\":{\"@id\":\"https:\\\/\\\/www.sindicaturabarcelona.cat\\\/ca\\\/la-sindicatura-de-greuges-de-barcelona-recorda-la-importancia-de-continuar-avancant-en-la-retirada-de-simbologia-feixista-a-la-ciutat\\\/\"},\"author\":{\"name\":\"Pablo\",\"@id\":\"https:\\\/\\\/www.sindicaturabarcelona.cat\\\/ca\\\/#\\\/schema\\\/person\\\/0e5acffc350ffdbc97578159322c9452\"},\"headline\":\"La Sindicatura de Greuges de Barcelona recorda la import\u00e0ncia de continuar avan\u00e7ant en la retirada de simbologia feixista a la ciutat\",\"datePublished\":\"2024-04-10T05:30:00+00:00\",\"dateModified\":\"2024-07-16T11:20:51+00:00\",\"mainEntityOfPage\":{\"@id\":\"https:\\\/\\\/www.sindicaturabarcelona.cat\\\/ca\\\/la-sindicatura-de-greuges-de-barcelona-recorda-la-importancia-de-continuar-avancant-en-la-retirada-de-simbologia-feixista-a-la-ciutat\\\/\"},\"wordCount\":618,\"publisher\":{\"@id\":\"https:\\\/\\\/www.sindicaturabarcelona.cat\\\/ca\\\/#organization\"},\"image\":{\"@id\":\"https:\\\/\\\/www.sindicaturabarcelona.cat\\\/ca\\\/la-sindicatura-de-greuges-de-barcelona-recorda-la-importancia-de-continuar-avancant-en-la-retirada-de-simbologia-feixista-a-la-ciutat\\\/#primaryimage\"},\"thumbnailUrl\":\"https:\\\/\\\/www.sindicaturabarcelona.cat\\\/wp-content\\\/uploads\\\/Retirada-simbologia-feixista-ciutat-de-Barcelona.jpg\",\"inLanguage\":\"ca\"},{\"@type\":\"WebPage\",\"@id\":\"https:\\\/\\\/www.sindicaturabarcelona.cat\\\/ca\\\/la-sindicatura-de-greuges-de-barcelona-recorda-la-importancia-de-continuar-avancant-en-la-retirada-de-simbologia-feixista-a-la-ciutat\\\/\",\"url\":\"https:\\\/\\\/www.sindicaturabarcelona.cat\\\/ca\\\/la-sindicatura-de-greuges-de-barcelona-recorda-la-importancia-de-continuar-avancant-en-la-retirada-de-simbologia-feixista-a-la-ciutat\\\/\",\"name\":\"La Sindicatura de Greuges de Barcelona recorda la import\u00e0ncia de continuar avan\u00e7ant en la retirada de simbologia feixista a la ciutat - Sindicatura de Greuges de Barcelona\",\"isPartOf\":{\"@id\":\"https:\\\/\\\/www.sindicaturabarcelona.cat\\\/ca\\\/#website\"},\"primaryImageOfPage\":{\"@id\":\"https:\\\/\\\/www.sindicaturabarcelona.cat\\\/ca\\\/la-sindicatura-de-greuges-de-barcelona-recorda-la-importancia-de-continuar-avancant-en-la-retirada-de-simbologia-feixista-a-la-ciutat\\\/#primaryimage\"},\"image\":{\"@id\":\"https:\\\/\\\/www.sindicaturabarcelona.cat\\\/ca\\\/la-sindicatura-de-greuges-de-barcelona-recorda-la-importancia-de-continuar-avancant-en-la-retirada-de-simbologia-feixista-a-la-ciutat\\\/#primaryimage\"},\"thumbnailUrl\":\"https:\\\/\\\/www.sindicaturabarcelona.cat\\\/wp-content\\\/uploads\\\/Retirada-simbologia-feixista-ciutat-de-Barcelona.jpg\",\"datePublished\":\"2024-04-10T05:30:00+00:00\",\"dateModified\":\"2024-07-16T11:20:51+00:00\",\"description\":\"La Sindicatura considera que el cens de simbologia feixista que est\u00e0 elaborant l\u2019Ajuntament de Barcelona hauria de ser p\u00fablic.\",\"breadcrumb\":{\"@id\":\"https:\\\/\\\/www.sindicaturabarcelona.cat\\\/ca\\\/la-sindicatura-de-greuges-de-barcelona-recorda-la-importancia-de-continuar-avancant-en-la-retirada-de-simbologia-feixista-a-la-ciutat\\\/#breadcrumb\"},\"inLanguage\":\"ca\",\"potentialAction\":[{\"@type\":\"ReadAction\",\"target\":[\"https:\\\/\\\/www.sindicaturabarcelona.cat\\\/ca\\\/la-sindicatura-de-greuges-de-barcelona-recorda-la-importancia-de-continuar-avancant-en-la-retirada-de-simbologia-feixista-a-la-ciutat\\\/\"]}]},{\"@type\":\"ImageObject\",\"inLanguage\":\"ca\",\"@id\":\"https:\\\/\\\/www.sindicaturabarcelona.cat\\\/ca\\\/la-sindicatura-de-greuges-de-barcelona-recorda-la-importancia-de-continuar-avancant-en-la-retirada-de-simbologia-feixista-a-la-ciutat\\\/#primaryimage\",\"url\":\"https:\\\/\\\/www.sindicaturabarcelona.cat\\\/wp-content\\\/uploads\\\/Retirada-simbologia-feixista-ciutat-de-Barcelona.jpg\",\"contentUrl\":\"https:\\\/\\\/www.sindicaturabarcelona.cat\\\/wp-content\\\/uploads\\\/Retirada-simbologia-feixista-ciutat-de-Barcelona.jpg\",\"width\":1280,\"height\":855,\"caption\":\"Retirada simbologia fascista ciudad de Barcelona\"},{\"@type\":\"BreadcrumbList\",\"@id\":\"https:\\\/\\\/www.sindicaturabarcelona.cat\\\/ca\\\/la-sindicatura-de-greuges-de-barcelona-recorda-la-importancia-de-continuar-avancant-en-la-retirada-de-simbologia-feixista-a-la-ciutat\\\/#breadcrumb\",\"itemListElement\":[{\"@type\":\"ListItem\",\"position\":1,\"name\":\"Inici\",\"item\":\"https:\\\/\\\/www.sindicaturabarcelona.cat\\\/ca\\\/\"},{\"@type\":\"ListItem\",\"position\":2,\"name\":\"La Sindicatura de Greuges de Barcelona recorda la import\u00e0ncia de continuar avan\u00e7ant en la retirada de simbologia feixista a la ciutat\"}]},{\"@type\":\"WebSite\",\"@id\":\"https:\\\/\\\/www.sindicaturabarcelona.cat\\\/ca\\\/#website\",\"url\":\"https:\\\/\\\/www.sindicaturabarcelona.cat\\\/ca\\\/\",\"name\":\"Sindicatura de Greuges de Barcelona\",\"description\":\"La defensoria dels teus drets\",\"publisher\":{\"@id\":\"https:\\\/\\\/www.sindicaturabarcelona.cat\\\/ca\\\/#organization\"},\"potentialAction\":[{\"@type\":\"SearchAction\",\"target\":{\"@type\":\"EntryPoint\",\"urlTemplate\":\"https:\\\/\\\/www.sindicaturabarcelona.cat\\\/ca\\\/?s={search_term_string}\"},\"query-input\":{\"@type\":\"PropertyValueSpecification\",\"valueRequired\":true,\"valueName\":\"search_term_string\"}}],\"inLanguage\":\"ca\"},{\"@type\":\"Organization\",\"@id\":\"https:\\\/\\\/www.sindicaturabarcelona.cat\\\/ca\\\/#organization\",\"name\":\"Sindicatura de Greuges de Barcelona\",\"url\":\"https:\\\/\\\/www.sindicaturabarcelona.cat\\\/ca\\\/\",\"logo\":{\"@type\":\"ImageObject\",\"inLanguage\":\"ca\",\"@id\":\"https:\\\/\\\/www.sindicaturabarcelona.cat\\\/ca\\\/#\\\/schema\\\/logo\\\/image\\\/\",\"url\":\"https:\\\/\\\/www.sindicaturabarcelona.cat\\\/wp-content\\\/uploads\\\/2023\\\/02\\\/logo_sindicatura.svg\",\"contentUrl\":\"https:\\\/\\\/www.sindicaturabarcelona.cat\\\/wp-content\\\/uploads\\\/2023\\\/02\\\/logo_sindicatura.svg\",\"caption\":\"Sindicatura de Greuges de Barcelona\"},\"image\":{\"@id\":\"https:\\\/\\\/www.sindicaturabarcelona.cat\\\/ca\\\/#\\\/schema\\\/logo\\\/image\\\/\"},\"sameAs\":[\"https:\\\/\\\/x.com\\\/sindicbarcelona\",\"https:\\\/\\\/www.instagram.com\\\/sindicbarcelona\\\/\",\"https:\\\/\\\/www.tiktok.com\\\/@sindicaturabcn\",\"https:\\\/\\\/t.me\\\/sindicaturabarcelona\"]},{\"@type\":\"Person\",\"@id\":\"https:\\\/\\\/www.sindicaturabarcelona.cat\\\/ca\\\/#\\\/schema\\\/person\\\/0e5acffc350ffdbc97578159322c9452\",\"name\":\"Pablo\",\"image\":{\"@type\":\"ImageObject\",\"inLanguage\":\"ca\",\"@id\":\"https:\\\/\\\/secure.gravatar.com\\\/avatar\\\/c948169b402ef9492afde705c3dfd5e90e1a6a84ef6840a91124f805a25a480f?s=96&d=mm&r=g\",\"url\":\"https:\\\/\\\/secure.gravatar.com\\\/avatar\\\/c948169b402ef9492afde705c3dfd5e90e1a6a84ef6840a91124f805a25a480f?s=96&d=mm&r=g\",\"contentUrl\":\"https:\\\/\\\/secure.gravatar.com\\\/avatar\\\/c948169b402ef9492afde705c3dfd5e90e1a6a84ef6840a91124f805a25a480f?s=96&d=mm&r=g\",\"caption\":\"Pablo\"},\"url\":\"https:\\\/\\\/www.sindicaturabarcelona.cat\\\/ca\\\/author\\\/pablo\\\/\"}]}<\/script>\n<!-- \/ Yoast SEO plugin. -->","yoast_head_json":{"title":"La Sindicatura de Greuges de Barcelona recorda la import\u00e0ncia de continuar avan\u00e7ant en la retirada de simbologia feixista a la ciutat - Sindicatura de Greuges de Barcelona","description":"La Sindicatura considera que el cens de simbologia feixista que est\u00e0 elaborant l\u2019Ajuntament de Barcelona hauria de ser p\u00fablic.","robots":{"index":"index","follow":"follow","max-snippet":"max-snippet:-1","max-image-preview":"max-image-preview:large","max-video-preview":"max-video-preview:-1"},"canonical":"https:\/\/www.sindicaturabarcelona.cat\/ca\/la-sindicatura-de-greuges-de-barcelona-recorda-la-importancia-de-continuar-avancant-en-la-retirada-de-simbologia-feixista-a-la-ciutat\/","og_locale":"ca_ES","og_type":"article","og_title":"La Sindicatura de Greuges de Barcelona recorda la import\u00e0ncia de continuar avan\u00e7ant en la retirada de simbologia feixista a la ciutat - Sindicatura de Greuges de Barcelona","og_description":"La Sindicatura considera que el cens de simbologia feixista que est\u00e0 elaborant l\u2019Ajuntament de Barcelona hauria de ser p\u00fablic.","og_url":"https:\/\/www.sindicaturabarcelona.cat\/ca\/la-sindicatura-de-greuges-de-barcelona-recorda-la-importancia-de-continuar-avancant-en-la-retirada-de-simbologia-feixista-a-la-ciutat\/","og_site_name":"Sindicatura de Greuges de Barcelona","article_published_time":"2024-04-10T05:30:00+00:00","article_modified_time":"2024-07-16T11:20:51+00:00","og_image":[{"width":1280,"height":855,"url":"https:\/\/www.sindicaturabarcelona.cat\/wp-content\/uploads\/Retirada-simbologia-feixista-ciutat-de-Barcelona.jpg","type":"image\/jpeg"}],"author":"Pablo","twitter_card":"summary_large_image","twitter_creator":"@sindicbarcelona","twitter_site":"@sindicbarcelona","twitter_misc":{"Escrit per":"Pablo","Temps estimat de lectura":"4 minuts"},"schema":{"@context":"https:\/\/schema.org","@graph":[{"@type":"Article","@id":"https:\/\/www.sindicaturabarcelona.cat\/ca\/la-sindicatura-de-greuges-de-barcelona-recorda-la-importancia-de-continuar-avancant-en-la-retirada-de-simbologia-feixista-a-la-ciutat\/#article","isPartOf":{"@id":"https:\/\/www.sindicaturabarcelona.cat\/ca\/la-sindicatura-de-greuges-de-barcelona-recorda-la-importancia-de-continuar-avancant-en-la-retirada-de-simbologia-feixista-a-la-ciutat\/"},"author":{"name":"Pablo","@id":"https:\/\/www.sindicaturabarcelona.cat\/ca\/#\/schema\/person\/0e5acffc350ffdbc97578159322c9452"},"headline":"La Sindicatura de Greuges de Barcelona recorda la import\u00e0ncia de continuar avan\u00e7ant en la retirada de simbologia feixista a la ciutat","datePublished":"2024-04-10T05:30:00+00:00","dateModified":"2024-07-16T11:20:51+00:00","mainEntityOfPage":{"@id":"https:\/\/www.sindicaturabarcelona.cat\/ca\/la-sindicatura-de-greuges-de-barcelona-recorda-la-importancia-de-continuar-avancant-en-la-retirada-de-simbologia-feixista-a-la-ciutat\/"},"wordCount":618,"publisher":{"@id":"https:\/\/www.sindicaturabarcelona.cat\/ca\/#organization"},"image":{"@id":"https:\/\/www.sindicaturabarcelona.cat\/ca\/la-sindicatura-de-greuges-de-barcelona-recorda-la-importancia-de-continuar-avancant-en-la-retirada-de-simbologia-feixista-a-la-ciutat\/#primaryimage"},"thumbnailUrl":"https:\/\/www.sindicaturabarcelona.cat\/wp-content\/uploads\/Retirada-simbologia-feixista-ciutat-de-Barcelona.jpg","inLanguage":"ca"},{"@type":"WebPage","@id":"https:\/\/www.sindicaturabarcelona.cat\/ca\/la-sindicatura-de-greuges-de-barcelona-recorda-la-importancia-de-continuar-avancant-en-la-retirada-de-simbologia-feixista-a-la-ciutat\/","url":"https:\/\/www.sindicaturabarcelona.cat\/ca\/la-sindicatura-de-greuges-de-barcelona-recorda-la-importancia-de-continuar-avancant-en-la-retirada-de-simbologia-feixista-a-la-ciutat\/","name":"La Sindicatura de Greuges de Barcelona recorda la import\u00e0ncia de continuar avan\u00e7ant en la retirada de simbologia feixista a la ciutat - Sindicatura de Greuges de Barcelona","isPartOf":{"@id":"https:\/\/www.sindicaturabarcelona.cat\/ca\/#website"},"primaryImageOfPage":{"@id":"https:\/\/www.sindicaturabarcelona.cat\/ca\/la-sindicatura-de-greuges-de-barcelona-recorda-la-importancia-de-continuar-avancant-en-la-retirada-de-simbologia-feixista-a-la-ciutat\/#primaryimage"},"image":{"@id":"https:\/\/www.sindicaturabarcelona.cat\/ca\/la-sindicatura-de-greuges-de-barcelona-recorda-la-importancia-de-continuar-avancant-en-la-retirada-de-simbologia-feixista-a-la-ciutat\/#primaryimage"},"thumbnailUrl":"https:\/\/www.sindicaturabarcelona.cat\/wp-content\/uploads\/Retirada-simbologia-feixista-ciutat-de-Barcelona.jpg","datePublished":"2024-04-10T05:30:00+00:00","dateModified":"2024-07-16T11:20:51+00:00","description":"La Sindicatura considera que el cens de simbologia feixista que est\u00e0 elaborant l\u2019Ajuntament de Barcelona hauria de ser p\u00fablic.","breadcrumb":{"@id":"https:\/\/www.sindicaturabarcelona.cat\/ca\/la-sindicatura-de-greuges-de-barcelona-recorda-la-importancia-de-continuar-avancant-en-la-retirada-de-simbologia-feixista-a-la-ciutat\/#breadcrumb"},"inLanguage":"ca","potentialAction":[{"@type":"ReadAction","target":["https:\/\/www.sindicaturabarcelona.cat\/ca\/la-sindicatura-de-greuges-de-barcelona-recorda-la-importancia-de-continuar-avancant-en-la-retirada-de-simbologia-feixista-a-la-ciutat\/"]}]},{"@type":"ImageObject","inLanguage":"ca","@id":"https:\/\/www.sindicaturabarcelona.cat\/ca\/la-sindicatura-de-greuges-de-barcelona-recorda-la-importancia-de-continuar-avancant-en-la-retirada-de-simbologia-feixista-a-la-ciutat\/#primaryimage","url":"https:\/\/www.sindicaturabarcelona.cat\/wp-content\/uploads\/Retirada-simbologia-feixista-ciutat-de-Barcelona.jpg","contentUrl":"https:\/\/www.sindicaturabarcelona.cat\/wp-content\/uploads\/Retirada-simbologia-feixista-ciutat-de-Barcelona.jpg","width":1280,"height":855,"caption":"Retirada simbologia fascista ciudad de Barcelona"},{"@type":"BreadcrumbList","@id":"https:\/\/www.sindicaturabarcelona.cat\/ca\/la-sindicatura-de-greuges-de-barcelona-recorda-la-importancia-de-continuar-avancant-en-la-retirada-de-simbologia-feixista-a-la-ciutat\/#breadcrumb","itemListElement":[{"@type":"ListItem","position":1,"name":"Inici","item":"https:\/\/www.sindicaturabarcelona.cat\/ca\/"},{"@type":"ListItem","position":2,"name":"La Sindicatura de Greuges de Barcelona recorda la import\u00e0ncia de continuar avan\u00e7ant en la retirada de simbologia feixista a la ciutat"}]},{"@type":"WebSite","@id":"https:\/\/www.sindicaturabarcelona.cat\/ca\/#website","url":"https:\/\/www.sindicaturabarcelona.cat\/ca\/","name":"Sindicatura de Greuges de Barcelona","description":"La defensoria dels teus drets","publisher":{"@id":"https:\/\/www.sindicaturabarcelona.cat\/ca\/#organization"},"potentialAction":[{"@type":"SearchAction","target":{"@type":"EntryPoint","urlTemplate":"https:\/\/www.sindicaturabarcelona.cat\/ca\/?s={search_term_string}"},"query-input":{"@type":"PropertyValueSpecification","valueRequired":true,"valueName":"search_term_string"}}],"inLanguage":"ca"},{"@type":"Organization","@id":"https:\/\/www.sindicaturabarcelona.cat\/ca\/#organization","name":"Sindicatura de Greuges de Barcelona","url":"https:\/\/www.sindicaturabarcelona.cat\/ca\/","logo":{"@type":"ImageObject","inLanguage":"ca","@id":"https:\/\/www.sindicaturabarcelona.cat\/ca\/#\/schema\/logo\/image\/","url":"https:\/\/www.sindicaturabarcelona.cat\/wp-content\/uploads\/2023\/02\/logo_sindicatura.svg","contentUrl":"https:\/\/www.sindicaturabarcelona.cat\/wp-content\/uploads\/2023\/02\/logo_sindicatura.svg","caption":"Sindicatura de Greuges de Barcelona"},"image":{"@id":"https:\/\/www.sindicaturabarcelona.cat\/ca\/#\/schema\/logo\/image\/"},"sameAs":["https:\/\/x.com\/sindicbarcelona","https:\/\/www.instagram.com\/sindicbarcelona\/","https:\/\/www.tiktok.com\/@sindicaturabcn","https:\/\/t.me\/sindicaturabarcelona"]},{"@type":"Person","@id":"https:\/\/www.sindicaturabarcelona.cat\/ca\/#\/schema\/person\/0e5acffc350ffdbc97578159322c9452","name":"Pablo","image":{"@type":"ImageObject","inLanguage":"ca","@id":"https:\/\/secure.gravatar.com\/avatar\/c948169b402ef9492afde705c3dfd5e90e1a6a84ef6840a91124f805a25a480f?s=96&d=mm&r=g","url":"https:\/\/secure.gravatar.com\/avatar\/c948169b402ef9492afde705c3dfd5e90e1a6a84ef6840a91124f805a25a480f?s=96&d=mm&r=g","contentUrl":"https:\/\/secure.gravatar.com\/avatar\/c948169b402ef9492afde705c3dfd5e90e1a6a84ef6840a91124f805a25a480f?s=96&d=mm&r=g","caption":"Pablo"},"url":"https:\/\/www.sindicaturabarcelona.cat\/ca\/author\/pablo\/"}]}},"_links":{"self":[{"href":"https:\/\/www.sindicaturabarcelona.cat\/ca\/wp-json\/wp\/v2\/posts\/32316","targetHints":{"allow":["GET"]}}],"collection":[{"href":"https:\/\/www.sindicaturabarcelona.cat\/ca\/wp-json\/wp\/v2\/posts"}],"about":[{"href":"https:\/\/www.sindicaturabarcelona.cat\/ca\/wp-json\/wp\/v2\/types\/post"}],"author":[{"embeddable":true,"href":"https:\/\/www.sindicaturabarcelona.cat\/ca\/wp-json\/wp\/v2\/users\/2"}],"replies":[{"embeddable":true,"href":"https:\/\/www.sindicaturabarcelona.cat\/ca\/wp-json\/wp\/v2\/comments?post=32316"}],"version-history":[{"count":2,"href":"https:\/\/www.sindicaturabarcelona.cat\/ca\/wp-json\/wp\/v2\/posts\/32316\/revisions"}],"predecessor-version":[{"id":32325,"href":"https:\/\/www.sindicaturabarcelona.cat\/ca\/wp-json\/wp\/v2\/posts\/32316\/revisions\/32325"}],"wp:featuredmedia":[{"embeddable":true,"href":"https:\/\/www.sindicaturabarcelona.cat\/ca\/wp-json\/wp\/v2\/media\/32317"}],"wp:attachment":[{"href":"https:\/\/www.sindicaturabarcelona.cat\/ca\/wp-json\/wp\/v2\/media?parent=32316"}],"wp:term":[{"taxonomy":"post_tag","embeddable":true,"href":"https:\/\/www.sindicaturabarcelona.cat\/ca\/wp-json\/wp\/v2\/tags?post=32316"},{"taxonomy":"drets","embeddable":true,"href":"https:\/\/www.sindicaturabarcelona.cat\/ca\/wp-json\/wp\/v2\/drets?post=32316"}],"curies":[{"name":"wp","href":"https:\/\/api.w.org\/{rel}","templated":true}]}}