{"id":32104,"date":"2024-04-04T07:58:55","date_gmt":"2024-04-04T05:58:55","guid":{"rendered":"https:\/\/www.sindicaturabarcelona.cat\/?p=32104"},"modified":"2024-04-04T07:59:10","modified_gmt":"2024-04-04T05:59:10","slug":"la-sindicatura-de-greuges-de-barcelona-i-la-sindica-de-greuges-de-catalunya-demanen-una-ubicacio-definitiva-per-a-lescola-entenca","status":"publish","type":"post","link":"https:\/\/www.sindicaturabarcelona.cat\/ca\/la-sindicatura-de-greuges-de-barcelona-i-la-sindica-de-greuges-de-catalunya-demanen-una-ubicacio-definitiva-per-a-lescola-entenca\/","title":{"rendered":"La Sindicatura de Greuges de Barcelona i la S\u00edndica de Greuges de Catalunya demanen una ubicaci\u00f3 definitiva per a l\u2019Escola Enten\u00e7a"},"content":{"rendered":"\n<h2 class=\"wp-block-heading\"><strong>Vuit anys despr\u00e9s de la creaci\u00f3 de l\u2019Escola Enten\u00e7a, resta pendent de definir-se la ubicaci\u00f3 definitiva i tampoc existeix un calendari d\u2019actuaci\u00f3, malgrat els reclams i la mobilitzaci\u00f3 de la comunitat educativa.<\/strong><\/h2>\n\n\n\n<p>Amb l\u2019objectiu que l\u2019Escola Enten\u00e7a pugui tenir una ubicaci\u00f3 definitiva, la <a href=\"https:\/\/www.sindicaturabarcelona.cat\/ca\/\" target=\"_blank\" rel=\"noreferrer noopener\">Sindicatura de Greuges de Barcelona<\/a> i la <a href=\"https:\/\/www.sindic.cat\/ca\/page.asp?id=1\" target=\"_blank\" rel=\"noreferrer noopener\">S\u00edndica de Greuges de Catalunya<\/a> <strong>demanen a l\u2019Ajuntament de Barcelona que concreti la cessi\u00f3 del solar situat sobre el Mercat del Ninot, a la conflu\u00e8ncia dels carrers de Proven\u00e7a i Casanova, i que \u00e9s propietat de l\u2019Hospital Cl\u00ednic.<\/strong><\/p>\n\n\n\n<p>L\u2019Escola Enten\u00e7a es va crear el curs 2016\/2017 i l\u2019empla\u00e7ament definitiu havia de ser al recinte de La Model. El juliol de 2017, per\u00f2, l\u2019Ajuntament de Barcelona i el Consorci d\u2019Educaci\u00f3 de Barcelona van informar l\u2019escola de la possibilitat que el seu empla\u00e7ament definitiu fos un altre, a l\u2019Escola Industrial. Aquest segon es va descartar per riscos a la salut de l\u2019alumnat, en tant que hi havia una subestaci\u00f3 el\u00e8ctrica. Posteriorment, s\u2019ha treballat amb altres ubicacions, com els jardins Paula Montal, per\u00f2 aquesta opci\u00f3 no complia amb els <em>Criteris per a la construcci\u00f3 de nous edificis per a centres docents p\u00fablics<\/em>, i tamb\u00e9 es va descartar.<\/p>\n\n\n\n<p>L\u2019octubre de 2018 l\u2019Ajuntament va comunicar a l\u2019escola que existia un acord verbal amb la Generalitat perqu\u00e8 la ubicaci\u00f3 definitiva de l\u2019escola fos el solar posterior del Mercat del Ninot, que pertanyia a l\u2019Hospital Cl\u00ednic. Tanmateix, avui dia encara no s\u2019ha concretat definitivament la cessi\u00f3 d\u2019aquest solar.<\/p>\n\n\n\n<p>El 2022 l\u2019Ajuntament va comunicar que l\u2019institut escola que contemplava el Pla Director de La Model era finalment per a l\u2019Escola Xirinacs, que tamb\u00e9 estava ubicada provisionalment al recinte. Al mateix temps comunicava a l\u2019Escola Enten\u00e7a que el seu empla\u00e7ament definitiu no seria a La Model, per\u00f2 es comprometia a buscar-ne un altre. &nbsp;<\/p>\n\n\n\n<p><strong>Les dues institucions conclouen que la comunitat educativa d\u2019aquest centre ha patit un greuge significatiu des que va crear-se i que les condicions de provisionalitat, perllongades en el temps, poden malmetre el dret a una educaci\u00f3 de qualitat i en condicions d&#8217;equitat.<\/strong><\/p>\n\n\n\n<p>Recorden a les administracions implicades que tots els infants tenen dret a rebre una educaci\u00f3 de qualitat, tal com preveu l\u2019article 2 de la Llei 12\/2009, del 10 de juliol, d&#8217;educaci\u00f3. Aquesta previsi\u00f3 no nom\u00e9s inclou la qualitat del projecte pedag\u00f2gic del centre o l\u2019ensenyament, sin\u00f3 tamb\u00e9 en un sentit global les instal\u00b7lacions en les quals es porta a terme. Per tant, <strong>els demanen que, sense m\u00e9s dilaci\u00f3 i amb la m\u00e0xima prioritat, determinin una ubicaci\u00f3 adequada i definitiva per a aquesta escola.<\/strong><\/p>\n","protected":false},"excerpt":{"rendered":"<p>Vuit anys despr\u00e9s de la creaci\u00f3 de l\u2019Escola Enten\u00e7a, resta pendent de definir-se la ubicaci\u00f3 definitiva i tampoc existeix un calendari d\u2019actuaci\u00f3, malgrat els reclams i la mobilitzaci\u00f3 de la [&hellip;]<\/p>\n","protected":false},"author":2,"featured_media":32105,"comment_status":"closed","ping_status":"closed","sticky":false,"template":"","format":"standard","meta":{"_acf_changed":false,"footnotes":""},"tags":[],"drets":[1428,1430,1442,1462],"class_list":["post-32104","post","type-post","status-publish","format-standard","has-post-thumbnail","hentry","drets-ciutat-equitativa","drets-dret-a-educacio-i-lleure","drets-ciutat-diversa","drets-drets-de-la-infancia-i-ladolescencia"],"acf":[],"yoast_head":"<!-- This site is optimized with the Yoast SEO plugin v27.5 - https:\/\/yoast.com\/product\/yoast-seo-wordpress\/ -->\n<title>La Sindicatura de Greuges de Barcelona i la S\u00edndica de Greuges de Catalunya demanen una ubicaci\u00f3 definitiva per a l\u2019Escola Enten\u00e7a - Sindicatura de Greuges de Barcelona<\/title>\n<meta name=\"description\" content=\"Vuit anys despr\u00e9s de la creaci\u00f3 de l\u2019Escola Enten\u00e7a, resta pendent de definir-se la ubicaci\u00f3 definitiva i tampoc existeix un...\" \/>\n<meta name=\"robots\" content=\"index, follow, max-snippet:-1, max-image-preview:large, max-video-preview:-1\" \/>\n<link rel=\"canonical\" href=\"https:\/\/www.sindicaturabarcelona.cat\/ca\/la-sindicatura-de-greuges-de-barcelona-i-la-sindica-de-greuges-de-catalunya-demanen-una-ubicacio-definitiva-per-a-lescola-entenca\/\" \/>\n<meta property=\"og:locale\" content=\"ca_ES\" \/>\n<meta property=\"og:type\" content=\"article\" \/>\n<meta property=\"og:title\" content=\"La Sindicatura de Greuges de Barcelona i la S\u00edndica de Greuges de Catalunya demanen una ubicaci\u00f3 definitiva per a l\u2019Escola Enten\u00e7a - Sindicatura de Greuges de Barcelona\" \/>\n<meta property=\"og:description\" content=\"Vuit anys despr\u00e9s de la creaci\u00f3 de l\u2019Escola Enten\u00e7a, resta pendent de definir-se la ubicaci\u00f3 definitiva i tampoc existeix un...\" \/>\n<meta property=\"og:url\" content=\"https:\/\/www.sindicaturabarcelona.cat\/ca\/la-sindicatura-de-greuges-de-barcelona-i-la-sindica-de-greuges-de-catalunya-demanen-una-ubicacio-definitiva-per-a-lescola-entenca\/\" \/>\n<meta property=\"og:site_name\" content=\"Sindicatura de Greuges de Barcelona\" \/>\n<meta property=\"article:published_time\" content=\"2024-04-04T05:58:55+00:00\" \/>\n<meta property=\"article:modified_time\" content=\"2024-04-04T05:59:10+00:00\" \/>\n<meta property=\"og:image\" content=\"https:\/\/www.sindicaturabarcelona.cat\/wp-content\/uploads\/Escola-Entenca-ubicacio-definitiva.jpg\" \/>\n\t<meta property=\"og:image:width\" content=\"1024\" \/>\n\t<meta property=\"og:image:height\" content=\"683\" \/>\n\t<meta property=\"og:image:type\" content=\"image\/jpeg\" \/>\n<meta name=\"author\" content=\"Pablo\" \/>\n<meta name=\"twitter:card\" content=\"summary_large_image\" \/>\n<meta name=\"twitter:creator\" content=\"@sindicbarcelona\" \/>\n<meta name=\"twitter:site\" content=\"@sindicbarcelona\" \/>\n<meta name=\"twitter:label1\" content=\"Escrit per\" \/>\n\t<meta name=\"twitter:data1\" content=\"Pablo\" \/>\n\t<meta name=\"twitter:label2\" content=\"Temps estimat de lectura\" \/>\n\t<meta name=\"twitter:data2\" content=\"3 minuts\" \/>\n<script type=\"application\/ld+json\" class=\"yoast-schema-graph\">{\"@context\":\"https:\\\/\\\/schema.org\",\"@graph\":[{\"@type\":\"Article\",\"@id\":\"https:\\\/\\\/www.sindicaturabarcelona.cat\\\/ca\\\/la-sindicatura-de-greuges-de-barcelona-i-la-sindica-de-greuges-de-catalunya-demanen-una-ubicacio-definitiva-per-a-lescola-entenca\\\/#article\",\"isPartOf\":{\"@id\":\"https:\\\/\\\/www.sindicaturabarcelona.cat\\\/ca\\\/la-sindicatura-de-greuges-de-barcelona-i-la-sindica-de-greuges-de-catalunya-demanen-una-ubicacio-definitiva-per-a-lescola-entenca\\\/\"},\"author\":{\"name\":\"Pablo\",\"@id\":\"https:\\\/\\\/www.sindicaturabarcelona.cat\\\/ca\\\/#\\\/schema\\\/person\\\/0e5acffc350ffdbc97578159322c9452\"},\"headline\":\"La Sindicatura de Greuges de Barcelona i la S\u00edndica de Greuges de Catalunya demanen una ubicaci\u00f3 definitiva per a l\u2019Escola Enten\u00e7a\",\"datePublished\":\"2024-04-04T05:58:55+00:00\",\"dateModified\":\"2024-04-04T05:59:10+00:00\",\"mainEntityOfPage\":{\"@id\":\"https:\\\/\\\/www.sindicaturabarcelona.cat\\\/ca\\\/la-sindicatura-de-greuges-de-barcelona-i-la-sindica-de-greuges-de-catalunya-demanen-una-ubicacio-definitiva-per-a-lescola-entenca\\\/\"},\"wordCount\":487,\"publisher\":{\"@id\":\"https:\\\/\\\/www.sindicaturabarcelona.cat\\\/ca\\\/#organization\"},\"image\":{\"@id\":\"https:\\\/\\\/www.sindicaturabarcelona.cat\\\/ca\\\/la-sindicatura-de-greuges-de-barcelona-i-la-sindica-de-greuges-de-catalunya-demanen-una-ubicacio-definitiva-per-a-lescola-entenca\\\/#primaryimage\"},\"thumbnailUrl\":\"https:\\\/\\\/www.sindicaturabarcelona.cat\\\/wp-content\\\/uploads\\\/Escola-Entenca-ubicacio-definitiva.jpg\",\"inLanguage\":\"ca\"},{\"@type\":\"WebPage\",\"@id\":\"https:\\\/\\\/www.sindicaturabarcelona.cat\\\/ca\\\/la-sindicatura-de-greuges-de-barcelona-i-la-sindica-de-greuges-de-catalunya-demanen-una-ubicacio-definitiva-per-a-lescola-entenca\\\/\",\"url\":\"https:\\\/\\\/www.sindicaturabarcelona.cat\\\/ca\\\/la-sindicatura-de-greuges-de-barcelona-i-la-sindica-de-greuges-de-catalunya-demanen-una-ubicacio-definitiva-per-a-lescola-entenca\\\/\",\"name\":\"La Sindicatura de Greuges de Barcelona i la S\u00edndica de Greuges de Catalunya demanen una ubicaci\u00f3 definitiva per a l\u2019Escola Enten\u00e7a - Sindicatura de Greuges de Barcelona\",\"isPartOf\":{\"@id\":\"https:\\\/\\\/www.sindicaturabarcelona.cat\\\/ca\\\/#website\"},\"primaryImageOfPage\":{\"@id\":\"https:\\\/\\\/www.sindicaturabarcelona.cat\\\/ca\\\/la-sindicatura-de-greuges-de-barcelona-i-la-sindica-de-greuges-de-catalunya-demanen-una-ubicacio-definitiva-per-a-lescola-entenca\\\/#primaryimage\"},\"image\":{\"@id\":\"https:\\\/\\\/www.sindicaturabarcelona.cat\\\/ca\\\/la-sindicatura-de-greuges-de-barcelona-i-la-sindica-de-greuges-de-catalunya-demanen-una-ubicacio-definitiva-per-a-lescola-entenca\\\/#primaryimage\"},\"thumbnailUrl\":\"https:\\\/\\\/www.sindicaturabarcelona.cat\\\/wp-content\\\/uploads\\\/Escola-Entenca-ubicacio-definitiva.jpg\",\"datePublished\":\"2024-04-04T05:58:55+00:00\",\"dateModified\":\"2024-04-04T05:59:10+00:00\",\"description\":\"Vuit anys despr\u00e9s de la creaci\u00f3 de l\u2019Escola Enten\u00e7a, resta pendent de definir-se la ubicaci\u00f3 definitiva i tampoc existeix un...\",\"breadcrumb\":{\"@id\":\"https:\\\/\\\/www.sindicaturabarcelona.cat\\\/ca\\\/la-sindicatura-de-greuges-de-barcelona-i-la-sindica-de-greuges-de-catalunya-demanen-una-ubicacio-definitiva-per-a-lescola-entenca\\\/#breadcrumb\"},\"inLanguage\":\"ca\",\"potentialAction\":[{\"@type\":\"ReadAction\",\"target\":[\"https:\\\/\\\/www.sindicaturabarcelona.cat\\\/ca\\\/la-sindicatura-de-greuges-de-barcelona-i-la-sindica-de-greuges-de-catalunya-demanen-una-ubicacio-definitiva-per-a-lescola-entenca\\\/\"]}]},{\"@type\":\"ImageObject\",\"inLanguage\":\"ca\",\"@id\":\"https:\\\/\\\/www.sindicaturabarcelona.cat\\\/ca\\\/la-sindicatura-de-greuges-de-barcelona-i-la-sindica-de-greuges-de-catalunya-demanen-una-ubicacio-definitiva-per-a-lescola-entenca\\\/#primaryimage\",\"url\":\"https:\\\/\\\/www.sindicaturabarcelona.cat\\\/wp-content\\\/uploads\\\/Escola-Entenca-ubicacio-definitiva.jpg\",\"contentUrl\":\"https:\\\/\\\/www.sindicaturabarcelona.cat\\\/wp-content\\\/uploads\\\/Escola-Entenca-ubicacio-definitiva.jpg\",\"width\":1024,\"height\":683,\"caption\":\"Entorns escolars. Escola Enten\u00e7a. Fotos del despr\u00e9s en al\u00e7ada\"},{\"@type\":\"BreadcrumbList\",\"@id\":\"https:\\\/\\\/www.sindicaturabarcelona.cat\\\/ca\\\/la-sindicatura-de-greuges-de-barcelona-i-la-sindica-de-greuges-de-catalunya-demanen-una-ubicacio-definitiva-per-a-lescola-entenca\\\/#breadcrumb\",\"itemListElement\":[{\"@type\":\"ListItem\",\"position\":1,\"name\":\"Inici\",\"item\":\"https:\\\/\\\/www.sindicaturabarcelona.cat\\\/ca\\\/\"},{\"@type\":\"ListItem\",\"position\":2,\"name\":\"La Sindicatura de Greuges de Barcelona i la S\u00edndica de Greuges de Catalunya demanen una ubicaci\u00f3 definitiva per a l\u2019Escola Enten\u00e7a\"}]},{\"@type\":\"WebSite\",\"@id\":\"https:\\\/\\\/www.sindicaturabarcelona.cat\\\/ca\\\/#website\",\"url\":\"https:\\\/\\\/www.sindicaturabarcelona.cat\\\/ca\\\/\",\"name\":\"Sindicatura de Greuges de Barcelona\",\"description\":\"La defensoria dels teus drets\",\"publisher\":{\"@id\":\"https:\\\/\\\/www.sindicaturabarcelona.cat\\\/ca\\\/#organization\"},\"potentialAction\":[{\"@type\":\"SearchAction\",\"target\":{\"@type\":\"EntryPoint\",\"urlTemplate\":\"https:\\\/\\\/www.sindicaturabarcelona.cat\\\/ca\\\/?s={search_term_string}\"},\"query-input\":{\"@type\":\"PropertyValueSpecification\",\"valueRequired\":true,\"valueName\":\"search_term_string\"}}],\"inLanguage\":\"ca\"},{\"@type\":\"Organization\",\"@id\":\"https:\\\/\\\/www.sindicaturabarcelona.cat\\\/ca\\\/#organization\",\"name\":\"Sindicatura de Greuges de Barcelona\",\"url\":\"https:\\\/\\\/www.sindicaturabarcelona.cat\\\/ca\\\/\",\"logo\":{\"@type\":\"ImageObject\",\"inLanguage\":\"ca\",\"@id\":\"https:\\\/\\\/www.sindicaturabarcelona.cat\\\/ca\\\/#\\\/schema\\\/logo\\\/image\\\/\",\"url\":\"https:\\\/\\\/www.sindicaturabarcelona.cat\\\/wp-content\\\/uploads\\\/2023\\\/02\\\/logo_sindicatura.svg\",\"contentUrl\":\"https:\\\/\\\/www.sindicaturabarcelona.cat\\\/wp-content\\\/uploads\\\/2023\\\/02\\\/logo_sindicatura.svg\",\"caption\":\"Sindicatura de Greuges de Barcelona\"},\"image\":{\"@id\":\"https:\\\/\\\/www.sindicaturabarcelona.cat\\\/ca\\\/#\\\/schema\\\/logo\\\/image\\\/\"},\"sameAs\":[\"https:\\\/\\\/x.com\\\/sindicbarcelona\",\"https:\\\/\\\/www.instagram.com\\\/sindicbarcelona\\\/\",\"https:\\\/\\\/www.tiktok.com\\\/@sindicaturabcn\",\"https:\\\/\\\/t.me\\\/sindicaturabarcelona\"]},{\"@type\":\"Person\",\"@id\":\"https:\\\/\\\/www.sindicaturabarcelona.cat\\\/ca\\\/#\\\/schema\\\/person\\\/0e5acffc350ffdbc97578159322c9452\",\"name\":\"Pablo\",\"image\":{\"@type\":\"ImageObject\",\"inLanguage\":\"ca\",\"@id\":\"https:\\\/\\\/secure.gravatar.com\\\/avatar\\\/c948169b402ef9492afde705c3dfd5e90e1a6a84ef6840a91124f805a25a480f?s=96&d=mm&r=g\",\"url\":\"https:\\\/\\\/secure.gravatar.com\\\/avatar\\\/c948169b402ef9492afde705c3dfd5e90e1a6a84ef6840a91124f805a25a480f?s=96&d=mm&r=g\",\"contentUrl\":\"https:\\\/\\\/secure.gravatar.com\\\/avatar\\\/c948169b402ef9492afde705c3dfd5e90e1a6a84ef6840a91124f805a25a480f?s=96&d=mm&r=g\",\"caption\":\"Pablo\"},\"url\":\"https:\\\/\\\/www.sindicaturabarcelona.cat\\\/ca\\\/author\\\/pablo\\\/\"}]}<\/script>\n<!-- \/ Yoast SEO plugin. -->","yoast_head_json":{"title":"La Sindicatura de Greuges de Barcelona i la S\u00edndica de Greuges de Catalunya demanen una ubicaci\u00f3 definitiva per a l\u2019Escola Enten\u00e7a - Sindicatura de Greuges de Barcelona","description":"Vuit anys despr\u00e9s de la creaci\u00f3 de l\u2019Escola Enten\u00e7a, resta pendent de definir-se la ubicaci\u00f3 definitiva i tampoc existeix un...","robots":{"index":"index","follow":"follow","max-snippet":"max-snippet:-1","max-image-preview":"max-image-preview:large","max-video-preview":"max-video-preview:-1"},"canonical":"https:\/\/www.sindicaturabarcelona.cat\/ca\/la-sindicatura-de-greuges-de-barcelona-i-la-sindica-de-greuges-de-catalunya-demanen-una-ubicacio-definitiva-per-a-lescola-entenca\/","og_locale":"ca_ES","og_type":"article","og_title":"La Sindicatura de Greuges de Barcelona i la S\u00edndica de Greuges de Catalunya demanen una ubicaci\u00f3 definitiva per a l\u2019Escola Enten\u00e7a - Sindicatura de Greuges de Barcelona","og_description":"Vuit anys despr\u00e9s de la creaci\u00f3 de l\u2019Escola Enten\u00e7a, resta pendent de definir-se la ubicaci\u00f3 definitiva i tampoc existeix un...","og_url":"https:\/\/www.sindicaturabarcelona.cat\/ca\/la-sindicatura-de-greuges-de-barcelona-i-la-sindica-de-greuges-de-catalunya-demanen-una-ubicacio-definitiva-per-a-lescola-entenca\/","og_site_name":"Sindicatura de Greuges de Barcelona","article_published_time":"2024-04-04T05:58:55+00:00","article_modified_time":"2024-04-04T05:59:10+00:00","og_image":[{"width":1024,"height":683,"url":"https:\/\/www.sindicaturabarcelona.cat\/wp-content\/uploads\/Escola-Entenca-ubicacio-definitiva.jpg","type":"image\/jpeg"}],"author":"Pablo","twitter_card":"summary_large_image","twitter_creator":"@sindicbarcelona","twitter_site":"@sindicbarcelona","twitter_misc":{"Escrit per":"Pablo","Temps estimat de lectura":"3 minuts"},"schema":{"@context":"https:\/\/schema.org","@graph":[{"@type":"Article","@id":"https:\/\/www.sindicaturabarcelona.cat\/ca\/la-sindicatura-de-greuges-de-barcelona-i-la-sindica-de-greuges-de-catalunya-demanen-una-ubicacio-definitiva-per-a-lescola-entenca\/#article","isPartOf":{"@id":"https:\/\/www.sindicaturabarcelona.cat\/ca\/la-sindicatura-de-greuges-de-barcelona-i-la-sindica-de-greuges-de-catalunya-demanen-una-ubicacio-definitiva-per-a-lescola-entenca\/"},"author":{"name":"Pablo","@id":"https:\/\/www.sindicaturabarcelona.cat\/ca\/#\/schema\/person\/0e5acffc350ffdbc97578159322c9452"},"headline":"La Sindicatura de Greuges de Barcelona i la S\u00edndica de Greuges de Catalunya demanen una ubicaci\u00f3 definitiva per a l\u2019Escola Enten\u00e7a","datePublished":"2024-04-04T05:58:55+00:00","dateModified":"2024-04-04T05:59:10+00:00","mainEntityOfPage":{"@id":"https:\/\/www.sindicaturabarcelona.cat\/ca\/la-sindicatura-de-greuges-de-barcelona-i-la-sindica-de-greuges-de-catalunya-demanen-una-ubicacio-definitiva-per-a-lescola-entenca\/"},"wordCount":487,"publisher":{"@id":"https:\/\/www.sindicaturabarcelona.cat\/ca\/#organization"},"image":{"@id":"https:\/\/www.sindicaturabarcelona.cat\/ca\/la-sindicatura-de-greuges-de-barcelona-i-la-sindica-de-greuges-de-catalunya-demanen-una-ubicacio-definitiva-per-a-lescola-entenca\/#primaryimage"},"thumbnailUrl":"https:\/\/www.sindicaturabarcelona.cat\/wp-content\/uploads\/Escola-Entenca-ubicacio-definitiva.jpg","inLanguage":"ca"},{"@type":"WebPage","@id":"https:\/\/www.sindicaturabarcelona.cat\/ca\/la-sindicatura-de-greuges-de-barcelona-i-la-sindica-de-greuges-de-catalunya-demanen-una-ubicacio-definitiva-per-a-lescola-entenca\/","url":"https:\/\/www.sindicaturabarcelona.cat\/ca\/la-sindicatura-de-greuges-de-barcelona-i-la-sindica-de-greuges-de-catalunya-demanen-una-ubicacio-definitiva-per-a-lescola-entenca\/","name":"La Sindicatura de Greuges de Barcelona i la S\u00edndica de Greuges de Catalunya demanen una ubicaci\u00f3 definitiva per a l\u2019Escola Enten\u00e7a - Sindicatura de Greuges de Barcelona","isPartOf":{"@id":"https:\/\/www.sindicaturabarcelona.cat\/ca\/#website"},"primaryImageOfPage":{"@id":"https:\/\/www.sindicaturabarcelona.cat\/ca\/la-sindicatura-de-greuges-de-barcelona-i-la-sindica-de-greuges-de-catalunya-demanen-una-ubicacio-definitiva-per-a-lescola-entenca\/#primaryimage"},"image":{"@id":"https:\/\/www.sindicaturabarcelona.cat\/ca\/la-sindicatura-de-greuges-de-barcelona-i-la-sindica-de-greuges-de-catalunya-demanen-una-ubicacio-definitiva-per-a-lescola-entenca\/#primaryimage"},"thumbnailUrl":"https:\/\/www.sindicaturabarcelona.cat\/wp-content\/uploads\/Escola-Entenca-ubicacio-definitiva.jpg","datePublished":"2024-04-04T05:58:55+00:00","dateModified":"2024-04-04T05:59:10+00:00","description":"Vuit anys despr\u00e9s de la creaci\u00f3 de l\u2019Escola Enten\u00e7a, resta pendent de definir-se la ubicaci\u00f3 definitiva i tampoc existeix un...","breadcrumb":{"@id":"https:\/\/www.sindicaturabarcelona.cat\/ca\/la-sindicatura-de-greuges-de-barcelona-i-la-sindica-de-greuges-de-catalunya-demanen-una-ubicacio-definitiva-per-a-lescola-entenca\/#breadcrumb"},"inLanguage":"ca","potentialAction":[{"@type":"ReadAction","target":["https:\/\/www.sindicaturabarcelona.cat\/ca\/la-sindicatura-de-greuges-de-barcelona-i-la-sindica-de-greuges-de-catalunya-demanen-una-ubicacio-definitiva-per-a-lescola-entenca\/"]}]},{"@type":"ImageObject","inLanguage":"ca","@id":"https:\/\/www.sindicaturabarcelona.cat\/ca\/la-sindicatura-de-greuges-de-barcelona-i-la-sindica-de-greuges-de-catalunya-demanen-una-ubicacio-definitiva-per-a-lescola-entenca\/#primaryimage","url":"https:\/\/www.sindicaturabarcelona.cat\/wp-content\/uploads\/Escola-Entenca-ubicacio-definitiva.jpg","contentUrl":"https:\/\/www.sindicaturabarcelona.cat\/wp-content\/uploads\/Escola-Entenca-ubicacio-definitiva.jpg","width":1024,"height":683,"caption":"Entorns escolars. Escola Enten\u00e7a. Fotos del despr\u00e9s en al\u00e7ada"},{"@type":"BreadcrumbList","@id":"https:\/\/www.sindicaturabarcelona.cat\/ca\/la-sindicatura-de-greuges-de-barcelona-i-la-sindica-de-greuges-de-catalunya-demanen-una-ubicacio-definitiva-per-a-lescola-entenca\/#breadcrumb","itemListElement":[{"@type":"ListItem","position":1,"name":"Inici","item":"https:\/\/www.sindicaturabarcelona.cat\/ca\/"},{"@type":"ListItem","position":2,"name":"La Sindicatura de Greuges de Barcelona i la S\u00edndica de Greuges de Catalunya demanen una ubicaci\u00f3 definitiva per a l\u2019Escola Enten\u00e7a"}]},{"@type":"WebSite","@id":"https:\/\/www.sindicaturabarcelona.cat\/ca\/#website","url":"https:\/\/www.sindicaturabarcelona.cat\/ca\/","name":"Sindicatura de Greuges de Barcelona","description":"La defensoria dels teus drets","publisher":{"@id":"https:\/\/www.sindicaturabarcelona.cat\/ca\/#organization"},"potentialAction":[{"@type":"SearchAction","target":{"@type":"EntryPoint","urlTemplate":"https:\/\/www.sindicaturabarcelona.cat\/ca\/?s={search_term_string}"},"query-input":{"@type":"PropertyValueSpecification","valueRequired":true,"valueName":"search_term_string"}}],"inLanguage":"ca"},{"@type":"Organization","@id":"https:\/\/www.sindicaturabarcelona.cat\/ca\/#organization","name":"Sindicatura de Greuges de Barcelona","url":"https:\/\/www.sindicaturabarcelona.cat\/ca\/","logo":{"@type":"ImageObject","inLanguage":"ca","@id":"https:\/\/www.sindicaturabarcelona.cat\/ca\/#\/schema\/logo\/image\/","url":"https:\/\/www.sindicaturabarcelona.cat\/wp-content\/uploads\/2023\/02\/logo_sindicatura.svg","contentUrl":"https:\/\/www.sindicaturabarcelona.cat\/wp-content\/uploads\/2023\/02\/logo_sindicatura.svg","caption":"Sindicatura de Greuges de Barcelona"},"image":{"@id":"https:\/\/www.sindicaturabarcelona.cat\/ca\/#\/schema\/logo\/image\/"},"sameAs":["https:\/\/x.com\/sindicbarcelona","https:\/\/www.instagram.com\/sindicbarcelona\/","https:\/\/www.tiktok.com\/@sindicaturabcn","https:\/\/t.me\/sindicaturabarcelona"]},{"@type":"Person","@id":"https:\/\/www.sindicaturabarcelona.cat\/ca\/#\/schema\/person\/0e5acffc350ffdbc97578159322c9452","name":"Pablo","image":{"@type":"ImageObject","inLanguage":"ca","@id":"https:\/\/secure.gravatar.com\/avatar\/c948169b402ef9492afde705c3dfd5e90e1a6a84ef6840a91124f805a25a480f?s=96&d=mm&r=g","url":"https:\/\/secure.gravatar.com\/avatar\/c948169b402ef9492afde705c3dfd5e90e1a6a84ef6840a91124f805a25a480f?s=96&d=mm&r=g","contentUrl":"https:\/\/secure.gravatar.com\/avatar\/c948169b402ef9492afde705c3dfd5e90e1a6a84ef6840a91124f805a25a480f?s=96&d=mm&r=g","caption":"Pablo"},"url":"https:\/\/www.sindicaturabarcelona.cat\/ca\/author\/pablo\/"}]}},"_links":{"self":[{"href":"https:\/\/www.sindicaturabarcelona.cat\/ca\/wp-json\/wp\/v2\/posts\/32104","targetHints":{"allow":["GET"]}}],"collection":[{"href":"https:\/\/www.sindicaturabarcelona.cat\/ca\/wp-json\/wp\/v2\/posts"}],"about":[{"href":"https:\/\/www.sindicaturabarcelona.cat\/ca\/wp-json\/wp\/v2\/types\/post"}],"author":[{"embeddable":true,"href":"https:\/\/www.sindicaturabarcelona.cat\/ca\/wp-json\/wp\/v2\/users\/2"}],"replies":[{"embeddable":true,"href":"https:\/\/www.sindicaturabarcelona.cat\/ca\/wp-json\/wp\/v2\/comments?post=32104"}],"version-history":[{"count":1,"href":"https:\/\/www.sindicaturabarcelona.cat\/ca\/wp-json\/wp\/v2\/posts\/32104\/revisions"}],"predecessor-version":[{"id":32108,"href":"https:\/\/www.sindicaturabarcelona.cat\/ca\/wp-json\/wp\/v2\/posts\/32104\/revisions\/32108"}],"wp:featuredmedia":[{"embeddable":true,"href":"https:\/\/www.sindicaturabarcelona.cat\/ca\/wp-json\/wp\/v2\/media\/32105"}],"wp:attachment":[{"href":"https:\/\/www.sindicaturabarcelona.cat\/ca\/wp-json\/wp\/v2\/media?parent=32104"}],"wp:term":[{"taxonomy":"post_tag","embeddable":true,"href":"https:\/\/www.sindicaturabarcelona.cat\/ca\/wp-json\/wp\/v2\/tags?post=32104"},{"taxonomy":"drets","embeddable":true,"href":"https:\/\/www.sindicaturabarcelona.cat\/ca\/wp-json\/wp\/v2\/drets?post=32104"}],"curies":[{"name":"wp","href":"https:\/\/api.w.org\/{rel}","templated":true}]}}