{"id":32042,"date":"2024-03-26T14:06:33","date_gmt":"2024-03-26T12:06:33","guid":{"rendered":"https:\/\/www.sindicaturabarcelona.cat\/?p=32042"},"modified":"2024-03-26T14:09:05","modified_gmt":"2024-03-26T12:09:05","slug":"la-sindicatura-de-greuges-de-barcelona-visita-el-servei-datencio-a-la-victima-de-la-guardia-urbana-ubicat-a-la-rambla","status":"publish","type":"post","link":"https:\/\/www.sindicaturabarcelona.cat\/ca\/la-sindicatura-de-greuges-de-barcelona-visita-el-servei-datencio-a-la-victima-de-la-guardia-urbana-ubicat-a-la-rambla\/","title":{"rendered":"La Sindicatura de Greuges de Barcelona visita el Servei d\u2019Atenci\u00f3 a la V\u00edctima de la Gu\u00e0rdia Urbana ubicat a La Rambla"},"content":{"rendered":"\n<p>La Sindicatura de Greuges de Barcelona ha visitat el Servei d\u2019Atenci\u00f3 a la V\u00edctima (SAV) de la Gu\u00e0rdia Urbana ubicat a La Rambla, 43, en el marc d\u2019una acci\u00f3 conjunta amb els c\u00f2nsols internacionals amb destinaci\u00f3 a Barcelona. Aquesta visita s\u2019ha dut a terme gr\u00e0cies a la intermediaci\u00f3 de la Direcci\u00f3 de Relacions Internacionals de l\u2019Ajuntament de Barcelona.<\/p>\n\n\n\n<p>Tamb\u00e9 de la m\u00e0 de la Gu\u00e0rdia Urbana, el 14 d\u2019abril de 2023 la Sindicatura de Greuges de Barcelona ja va visitar l\u2019altre Servei d\u2019Atenci\u00f3 a la V\u00edctima de la ciutat, empla\u00e7at a Nou Barris (c\/ Marie Curie, 20).<\/p>\n\n\n\n<p>Donant compliment al <a href=\"https:\/\/www.barcelona.cat\/infobarcelona\/ca\/tema\/feminismes-dona\/la-guardia-urbana-podra-gestionar-denuncies-de-dones-que-pateixen-violencies-masclistes-en-la-parella_1228362.html\" target=\"_blank\" rel=\"noreferrer noopener\"><strong>nou protocol del novembre del 2022 entre l\u2019Ajuntament i el Departament d\u2019Interior de la Generalitat<\/strong><\/a><strong> per ampliar la coordinaci\u00f3 entre els cossos policials i millorar l\u2019atenci\u00f3 a dones que pateixen viol\u00e8ncies masclistes en l\u2019\u00e0mbit de la parella<\/strong>, la Gu\u00e0rdia Urbana ha creat aquests dos Serveis d\u2019Atenci\u00f3 a la V\u00edctima al llarg de l\u2019any 2023.<\/p>\n\n\n\n<h2 class=\"wp-block-heading\"><strong>Qu\u00e8 \u00e9s el SAV?<\/strong><\/h2>\n\n\n\n<p>El SAV est\u00e0 pensat i dissenyat per a les v\u00edctimes, on la prioritat \u00e9s la seva atenci\u00f3 coordinant els serveis assistencials i policials. Les depend\u00e8ncies estan dissenyades amb una mirada criminol\u00f2gica, dotades d\u2019espais amables amb zones per a l\u2019estada de nens i boxes d\u2019atenci\u00f3 adequats, que ajudaran a reduir l\u2019estr\u00e8s i l\u2019angoixa emocional, facilitant d\u2019aquesta manera el confort de la v\u00edctima.<\/p>\n\n\n\n<p>Els actuals dos SAV de la Gu\u00e0rdia Urbana neixen amb la voluntat de ser un punt d\u2019atenci\u00f3 integral a dones v\u00edctimes de viol\u00e8ncia g\u00e8nere i als seus fills i filles que es dirigeixen a depend\u00e8ncies policials a efectuar la den\u00fancia o qualsevol intervenci\u00f3 de les patrulles de la policia local de Barcelona.<\/p>\n\n\n\n<h2 class=\"wp-block-heading\"><strong>La Sindicatura celebra el nou protocol Mossos \u2013 Gu\u00e0rdia Urbana, que ja recomanava l\u2019any 2022<\/strong><\/h2>\n\n\n\n<p>En l\u2019informe <a href=\"https:\/\/www.sindicaturabarcelona.cat\/wp-content\/uploads\/2022\/10\/Guardia-Urbana-i-DDHH-de-proximitat.-Analisi-equipaments-policials-de-la-ciutat.pdf\" target=\"_blank\" rel=\"noreferrer noopener\"><em>Gu\u00e0rdia Urbana i drets humans de proximitat: an\u00e0lisi d\u2019equipaments policials de la ciutat<\/em><\/a>, la Sindicatura de Greuges de Barcelona lamentava que el cos policial municipal no tingu\u00e9s compet\u00e8ncies per recollir den\u00fancies en mat\u00e8ria de viol\u00e8ncia masclista, alhora que valorava de manera molt positiva les accions de prevenci\u00f3, sensibilitzaci\u00f3 i acompanyament a les v\u00edctimes.<\/p>\n\n\n\n<p>En aquesta l\u00ednia, en l\u2019informe presentat l\u2019octubre del 2022,<strong> la Sindicatura ja va recomanar la necessitat d\u2019un acord de col\u00b7laboraci\u00f3 entre la Generalitat de Catalunya i l\u2019Ajuntament de Barcelona, en el qual s\u2019atorguessin compet\u00e8ncies a la Gu\u00e0rdia Urbana per recollir den\u00fancies en casos de viol\u00e8ncia masclista<\/strong>, ja que en molts casos el fet de redirigir les dones v\u00edctimes a altres centres policials pot generar processos de revictimitzaci\u00f3.<\/p>\n\n\n\n<p>El nou protocol, signat el novembre de 2022 entre l\u2019Ajuntament i el Departament d\u2019Interior de la Generalitat, permet, per primera vegada, que la Gu\u00e0rdia Urbana tramiti directament den\u00fancies relacionades amb aquest tipus de casos, alhora que unifica el protocol d\u2019atenci\u00f3 en primera inst\u00e0ncia de les possibles v\u00edctimes que compareixen en una comissaria policial.<\/p>\n\n\n\n<h2 class=\"wp-block-heading\"><strong>La prevenci\u00f3 i la proximitat, elements clau en la lluita contra les viol\u00e8ncies masclistes<\/strong><\/h2>\n\n\n\n<p>En els darrers anys s\u2019han posat en marxa diverses accions per millorar la protecci\u00f3 i l\u2019atenci\u00f3 a les dones que viuen situacions de viol\u00e8ncies masclistes, com la <strong>Guia d\u2019indicadors d\u2019alerta<\/strong>, per detectar i actuar davant un possible cas, <strong>o la creaci\u00f3 d\u2019un agent referent en viol\u00e8ncies masclistes a cada districte<\/strong>, que es coordina i intercanvia informaci\u00f3 amb el Grup d\u2019Atenci\u00f3 a la V\u00edctima dels Mossos.<\/p>\n\n\n\n<p><strong>La Sindicatura de Greuges de Barcelona valora la tasca de prevenci\u00f3 duta a terme, que defuig de les mirades i actuacions \u00fanicament reactives<\/strong>. Tamb\u00e9 el <strong>treball de proximitat<\/strong>, que permet detectar moltes situacions en qu\u00e8 es poden recon\u00e8ixer indicadors d\u2019aquestes viol\u00e8ncies, i per les quals cal dissenyar una resposta transversal acurada.<\/p>\n\n\n\n<figure class=\"wp-block-gallery has-nested-images columns-default is-cropped wp-block-gallery-1 is-layout-flex wp-block-gallery-is-layout-flex\">\n<figure class=\"wp-block-image size-large\"><img loading=\"lazy\" decoding=\"async\" width=\"1200\" height=\"801\" data-id=\"32043\" src=\"https:\/\/www.sindicaturabarcelona.cat\/wp-content\/uploads\/27020_20230806_InauguracioServeiAtencioVictimesViolenciaMasclista_13-1200x801.jpg\" alt=\"\" class=\"wp-image-32043\" srcset=\"https:\/\/www.sindicaturabarcelona.cat\/wp-content\/uploads\/27020_20230806_InauguracioServeiAtencioVictimesViolenciaMasclista_13-1200x801.jpg 1200w, https:\/\/www.sindicaturabarcelona.cat\/wp-content\/uploads\/27020_20230806_InauguracioServeiAtencioVictimesViolenciaMasclista_13-800x533.jpg 800w, https:\/\/www.sindicaturabarcelona.cat\/wp-content\/uploads\/27020_20230806_InauguracioServeiAtencioVictimesViolenciaMasclista_13-768x512.jpg 768w, https:\/\/www.sindicaturabarcelona.cat\/wp-content\/uploads\/27020_20230806_InauguracioServeiAtencioVictimesViolenciaMasclista_13.jpg 1535w\" sizes=\"auto, (max-width: 1200px) 100vw, 1200px\" \/><figcaption class=\"wp-element-caption\">Inauguraci\u00f3 del Servei Atenci\u00f3 a les V\u00edctimes de Viol\u00e8ncia Masclista<\/figcaption><\/figure>\n\n\n\n<figure class=\"wp-block-image size-large\"><img loading=\"lazy\" decoding=\"async\" width=\"1200\" height=\"801\" data-id=\"32045\" src=\"https:\/\/www.sindicaturabarcelona.cat\/wp-content\/uploads\/27041_20230806_InauguracioServeiAtencioVictimesViolenciaMasclista_22-1200x801.jpg\" alt=\"\" class=\"wp-image-32045\" srcset=\"https:\/\/www.sindicaturabarcelona.cat\/wp-content\/uploads\/27041_20230806_InauguracioServeiAtencioVictimesViolenciaMasclista_22-1200x801.jpg 1200w, https:\/\/www.sindicaturabarcelona.cat\/wp-content\/uploads\/27041_20230806_InauguracioServeiAtencioVictimesViolenciaMasclista_22-800x533.jpg 800w, https:\/\/www.sindicaturabarcelona.cat\/wp-content\/uploads\/27041_20230806_InauguracioServeiAtencioVictimesViolenciaMasclista_22-768x512.jpg 768w, https:\/\/www.sindicaturabarcelona.cat\/wp-content\/uploads\/27041_20230806_InauguracioServeiAtencioVictimesViolenciaMasclista_22.jpg 1535w\" sizes=\"auto, (max-width: 1200px) 100vw, 1200px\" \/><figcaption class=\"wp-element-caption\">Inauguraci\u00f3 del Servei Atenci\u00f3 a les V\u00edctimes de Viol\u00e8ncia Masclista<\/figcaption><\/figure>\n\n\n\n<figure class=\"wp-block-image size-large\"><img loading=\"lazy\" decoding=\"async\" width=\"1200\" height=\"801\" data-id=\"32044\" src=\"https:\/\/www.sindicaturabarcelona.cat\/wp-content\/uploads\/27062_20230806_InauguracioServeiAtencioVictimesViolenciaMasclista_27-1200x801.jpg\" alt=\"\" class=\"wp-image-32044\" srcset=\"https:\/\/www.sindicaturabarcelona.cat\/wp-content\/uploads\/27062_20230806_InauguracioServeiAtencioVictimesViolenciaMasclista_27-1200x801.jpg 1200w, https:\/\/www.sindicaturabarcelona.cat\/wp-content\/uploads\/27062_20230806_InauguracioServeiAtencioVictimesViolenciaMasclista_27-800x533.jpg 800w, https:\/\/www.sindicaturabarcelona.cat\/wp-content\/uploads\/27062_20230806_InauguracioServeiAtencioVictimesViolenciaMasclista_27-768x512.jpg 768w, https:\/\/www.sindicaturabarcelona.cat\/wp-content\/uploads\/27062_20230806_InauguracioServeiAtencioVictimesViolenciaMasclista_27.jpg 1535w\" sizes=\"auto, (max-width: 1200px) 100vw, 1200px\" \/><figcaption class=\"wp-element-caption\">Inauguraci\u00f3 del Servei Atenci\u00f3 a les V\u00edctimes de Viol\u00e8ncia Masclista<\/figcaption><\/figure>\n\n\n\n<figure class=\"wp-block-image size-large\"><img loading=\"lazy\" decoding=\"async\" width=\"1200\" height=\"801\" data-id=\"32052\" src=\"https:\/\/www.sindicaturabarcelona.cat\/wp-content\/uploads\/27080_20230806_InauguracioServeiAtencioVictimesViolenciaMasclista_24-1200x801.jpg\" alt=\"\" class=\"wp-image-32052\" srcset=\"https:\/\/www.sindicaturabarcelona.cat\/wp-content\/uploads\/27080_20230806_InauguracioServeiAtencioVictimesViolenciaMasclista_24-1200x801.jpg 1200w, https:\/\/www.sindicaturabarcelona.cat\/wp-content\/uploads\/27080_20230806_InauguracioServeiAtencioVictimesViolenciaMasclista_24-800x533.jpg 800w, https:\/\/www.sindicaturabarcelona.cat\/wp-content\/uploads\/27080_20230806_InauguracioServeiAtencioVictimesViolenciaMasclista_24-768x512.jpg 768w, https:\/\/www.sindicaturabarcelona.cat\/wp-content\/uploads\/27080_20230806_InauguracioServeiAtencioVictimesViolenciaMasclista_24.jpg 1535w\" sizes=\"auto, (max-width: 1200px) 100vw, 1200px\" \/><figcaption class=\"wp-element-caption\">Inauguraci\u00f3 del Servei Atenci\u00f3 a les V\u00edctimes de Viol\u00e8ncia Masclista<\/figcaption><\/figure>\n<\/figure>\n","protected":false},"excerpt":{"rendered":"<p>La Sindicatura de Greuges de Barcelona ha visitat el Servei d\u2019Atenci\u00f3 a la V\u00edctima (SAV) de la Gu\u00e0rdia Urbana ubicat a La Rambla, 43, en el marc d\u2019una acci\u00f3 conjunta [&hellip;]<\/p>\n","protected":false},"author":2,"featured_media":32044,"comment_status":"closed","ping_status":"closed","sticky":false,"template":"","format":"standard","meta":{"_acf_changed":false,"footnotes":""},"tags":[],"drets":[1428,1437],"class_list":["post-32042","post","type-post","status-publish","format-standard","has-post-thumbnail","hentry","drets-ciutat-equitativa","drets-dret-a-una-vida-lliure-de-violencies"],"acf":[],"yoast_head":"<!-- This site is optimized with the Yoast SEO plugin v27.5 - https:\/\/yoast.com\/product\/yoast-seo-wordpress\/ -->\n<title>La Sindicatura de Greuges de Barcelona visita el Servei d\u2019Atenci\u00f3 a la V\u00edctima de la Gu\u00e0rdia Urbana ubicat a La Rambla - Sindicatura de Greuges de Barcelona<\/title>\n<meta name=\"description\" content=\"La Sindicatura de Greuges de Barcelona ha visitat el Servei d\u2019Atenci\u00f3 a la V\u00edctima (SAV) de la Gu\u00e0rdia Urbana ubicat a La Rambla, 43...\" \/>\n<meta name=\"robots\" content=\"index, follow, max-snippet:-1, max-image-preview:large, max-video-preview:-1\" \/>\n<link rel=\"canonical\" href=\"https:\/\/www.sindicaturabarcelona.cat\/ca\/la-sindicatura-de-greuges-de-barcelona-visita-el-servei-datencio-a-la-victima-de-la-guardia-urbana-ubicat-a-la-rambla\/\" \/>\n<meta property=\"og:locale\" content=\"ca_ES\" \/>\n<meta property=\"og:type\" content=\"article\" \/>\n<meta property=\"og:title\" content=\"La Sindicatura de Greuges de Barcelona visita el Servei d\u2019Atenci\u00f3 a la V\u00edctima de la Gu\u00e0rdia Urbana ubicat a La Rambla - Sindicatura de Greuges de Barcelona\" \/>\n<meta property=\"og:description\" content=\"La Sindicatura de Greuges de Barcelona ha visitat el Servei d\u2019Atenci\u00f3 a la V\u00edctima (SAV) de la Gu\u00e0rdia Urbana ubicat a La Rambla, 43...\" \/>\n<meta property=\"og:url\" content=\"https:\/\/www.sindicaturabarcelona.cat\/ca\/la-sindicatura-de-greuges-de-barcelona-visita-el-servei-datencio-a-la-victima-de-la-guardia-urbana-ubicat-a-la-rambla\/\" \/>\n<meta property=\"og:site_name\" content=\"Sindicatura de Greuges de Barcelona\" \/>\n<meta property=\"article:published_time\" content=\"2024-03-26T12:06:33+00:00\" \/>\n<meta property=\"article:modified_time\" content=\"2024-03-26T12:09:05+00:00\" \/>\n<meta property=\"og:image\" content=\"https:\/\/www.sindicaturabarcelona.cat\/wp-content\/uploads\/27062_20230806_InauguracioServeiAtencioVictimesViolenciaMasclista_27.jpg\" \/>\n\t<meta property=\"og:image:width\" content=\"1535\" \/>\n\t<meta property=\"og:image:height\" content=\"1024\" \/>\n\t<meta property=\"og:image:type\" content=\"image\/jpeg\" \/>\n<meta name=\"author\" content=\"Pablo\" \/>\n<meta name=\"twitter:card\" content=\"summary_large_image\" \/>\n<meta name=\"twitter:creator\" content=\"@sindicbarcelona\" \/>\n<meta name=\"twitter:site\" content=\"@sindicbarcelona\" \/>\n<meta name=\"twitter:label1\" content=\"Escrit per\" \/>\n\t<meta name=\"twitter:data1\" content=\"Pablo\" \/>\n\t<meta name=\"twitter:label2\" content=\"Temps estimat de lectura\" \/>\n\t<meta name=\"twitter:data2\" content=\"5 minuts\" \/>\n<script type=\"application\/ld+json\" class=\"yoast-schema-graph\">{\"@context\":\"https:\\\/\\\/schema.org\",\"@graph\":[{\"@type\":\"Article\",\"@id\":\"https:\\\/\\\/www.sindicaturabarcelona.cat\\\/ca\\\/la-sindicatura-de-greuges-de-barcelona-visita-el-servei-datencio-a-la-victima-de-la-guardia-urbana-ubicat-a-la-rambla\\\/#article\",\"isPartOf\":{\"@id\":\"https:\\\/\\\/www.sindicaturabarcelona.cat\\\/ca\\\/la-sindicatura-de-greuges-de-barcelona-visita-el-servei-datencio-a-la-victima-de-la-guardia-urbana-ubicat-a-la-rambla\\\/\"},\"author\":{\"name\":\"Pablo\",\"@id\":\"https:\\\/\\\/www.sindicaturabarcelona.cat\\\/ca\\\/#\\\/schema\\\/person\\\/0e5acffc350ffdbc97578159322c9452\"},\"headline\":\"La Sindicatura de Greuges de Barcelona visita el Servei d\u2019Atenci\u00f3 a la V\u00edctima de la Gu\u00e0rdia Urbana ubicat a La Rambla\",\"datePublished\":\"2024-03-26T12:06:33+00:00\",\"dateModified\":\"2024-03-26T12:09:05+00:00\",\"mainEntityOfPage\":{\"@id\":\"https:\\\/\\\/www.sindicaturabarcelona.cat\\\/ca\\\/la-sindicatura-de-greuges-de-barcelona-visita-el-servei-datencio-a-la-victima-de-la-guardia-urbana-ubicat-a-la-rambla\\\/\"},\"wordCount\":738,\"publisher\":{\"@id\":\"https:\\\/\\\/www.sindicaturabarcelona.cat\\\/ca\\\/#organization\"},\"image\":{\"@id\":\"https:\\\/\\\/www.sindicaturabarcelona.cat\\\/ca\\\/la-sindicatura-de-greuges-de-barcelona-visita-el-servei-datencio-a-la-victima-de-la-guardia-urbana-ubicat-a-la-rambla\\\/#primaryimage\"},\"thumbnailUrl\":\"https:\\\/\\\/www.sindicaturabarcelona.cat\\\/wp-content\\\/uploads\\\/27062_20230806_InauguracioServeiAtencioVictimesViolenciaMasclista_27.jpg\",\"inLanguage\":\"ca\"},{\"@type\":\"WebPage\",\"@id\":\"https:\\\/\\\/www.sindicaturabarcelona.cat\\\/ca\\\/la-sindicatura-de-greuges-de-barcelona-visita-el-servei-datencio-a-la-victima-de-la-guardia-urbana-ubicat-a-la-rambla\\\/\",\"url\":\"https:\\\/\\\/www.sindicaturabarcelona.cat\\\/ca\\\/la-sindicatura-de-greuges-de-barcelona-visita-el-servei-datencio-a-la-victima-de-la-guardia-urbana-ubicat-a-la-rambla\\\/\",\"name\":\"La Sindicatura de Greuges de Barcelona visita el Servei d\u2019Atenci\u00f3 a la V\u00edctima de la Gu\u00e0rdia Urbana ubicat a La Rambla - Sindicatura de Greuges de Barcelona\",\"isPartOf\":{\"@id\":\"https:\\\/\\\/www.sindicaturabarcelona.cat\\\/ca\\\/#website\"},\"primaryImageOfPage\":{\"@id\":\"https:\\\/\\\/www.sindicaturabarcelona.cat\\\/ca\\\/la-sindicatura-de-greuges-de-barcelona-visita-el-servei-datencio-a-la-victima-de-la-guardia-urbana-ubicat-a-la-rambla\\\/#primaryimage\"},\"image\":{\"@id\":\"https:\\\/\\\/www.sindicaturabarcelona.cat\\\/ca\\\/la-sindicatura-de-greuges-de-barcelona-visita-el-servei-datencio-a-la-victima-de-la-guardia-urbana-ubicat-a-la-rambla\\\/#primaryimage\"},\"thumbnailUrl\":\"https:\\\/\\\/www.sindicaturabarcelona.cat\\\/wp-content\\\/uploads\\\/27062_20230806_InauguracioServeiAtencioVictimesViolenciaMasclista_27.jpg\",\"datePublished\":\"2024-03-26T12:06:33+00:00\",\"dateModified\":\"2024-03-26T12:09:05+00:00\",\"description\":\"La Sindicatura de Greuges de Barcelona ha visitat el Servei d\u2019Atenci\u00f3 a la V\u00edctima (SAV) de la Gu\u00e0rdia Urbana ubicat a La Rambla, 43...\",\"breadcrumb\":{\"@id\":\"https:\\\/\\\/www.sindicaturabarcelona.cat\\\/ca\\\/la-sindicatura-de-greuges-de-barcelona-visita-el-servei-datencio-a-la-victima-de-la-guardia-urbana-ubicat-a-la-rambla\\\/#breadcrumb\"},\"inLanguage\":\"ca\",\"potentialAction\":[{\"@type\":\"ReadAction\",\"target\":[\"https:\\\/\\\/www.sindicaturabarcelona.cat\\\/ca\\\/la-sindicatura-de-greuges-de-barcelona-visita-el-servei-datencio-a-la-victima-de-la-guardia-urbana-ubicat-a-la-rambla\\\/\"]}]},{\"@type\":\"ImageObject\",\"inLanguage\":\"ca\",\"@id\":\"https:\\\/\\\/www.sindicaturabarcelona.cat\\\/ca\\\/la-sindicatura-de-greuges-de-barcelona-visita-el-servei-datencio-a-la-victima-de-la-guardia-urbana-ubicat-a-la-rambla\\\/#primaryimage\",\"url\":\"https:\\\/\\\/www.sindicaturabarcelona.cat\\\/wp-content\\\/uploads\\\/27062_20230806_InauguracioServeiAtencioVictimesViolenciaMasclista_27.jpg\",\"contentUrl\":\"https:\\\/\\\/www.sindicaturabarcelona.cat\\\/wp-content\\\/uploads\\\/27062_20230806_InauguracioServeiAtencioVictimesViolenciaMasclista_27.jpg\",\"width\":1535,\"height\":1024,\"caption\":\"Inauguraci\u00f3 del Servei Atenci\u00f3 a les V\u00edctimes de Viol\u00e8ncia Masclista\"},{\"@type\":\"BreadcrumbList\",\"@id\":\"https:\\\/\\\/www.sindicaturabarcelona.cat\\\/ca\\\/la-sindicatura-de-greuges-de-barcelona-visita-el-servei-datencio-a-la-victima-de-la-guardia-urbana-ubicat-a-la-rambla\\\/#breadcrumb\",\"itemListElement\":[{\"@type\":\"ListItem\",\"position\":1,\"name\":\"Inici\",\"item\":\"https:\\\/\\\/www.sindicaturabarcelona.cat\\\/ca\\\/\"},{\"@type\":\"ListItem\",\"position\":2,\"name\":\"La Sindicatura de Greuges de Barcelona visita el Servei d\u2019Atenci\u00f3 a la V\u00edctima de la Gu\u00e0rdia Urbana ubicat a La Rambla\"}]},{\"@type\":\"WebSite\",\"@id\":\"https:\\\/\\\/www.sindicaturabarcelona.cat\\\/ca\\\/#website\",\"url\":\"https:\\\/\\\/www.sindicaturabarcelona.cat\\\/ca\\\/\",\"name\":\"Sindicatura de Greuges de Barcelona\",\"description\":\"La defensoria dels teus drets\",\"publisher\":{\"@id\":\"https:\\\/\\\/www.sindicaturabarcelona.cat\\\/ca\\\/#organization\"},\"potentialAction\":[{\"@type\":\"SearchAction\",\"target\":{\"@type\":\"EntryPoint\",\"urlTemplate\":\"https:\\\/\\\/www.sindicaturabarcelona.cat\\\/ca\\\/?s={search_term_string}\"},\"query-input\":{\"@type\":\"PropertyValueSpecification\",\"valueRequired\":true,\"valueName\":\"search_term_string\"}}],\"inLanguage\":\"ca\"},{\"@type\":\"Organization\",\"@id\":\"https:\\\/\\\/www.sindicaturabarcelona.cat\\\/ca\\\/#organization\",\"name\":\"Sindicatura de Greuges de Barcelona\",\"url\":\"https:\\\/\\\/www.sindicaturabarcelona.cat\\\/ca\\\/\",\"logo\":{\"@type\":\"ImageObject\",\"inLanguage\":\"ca\",\"@id\":\"https:\\\/\\\/www.sindicaturabarcelona.cat\\\/ca\\\/#\\\/schema\\\/logo\\\/image\\\/\",\"url\":\"https:\\\/\\\/www.sindicaturabarcelona.cat\\\/wp-content\\\/uploads\\\/2023\\\/02\\\/logo_sindicatura.svg\",\"contentUrl\":\"https:\\\/\\\/www.sindicaturabarcelona.cat\\\/wp-content\\\/uploads\\\/2023\\\/02\\\/logo_sindicatura.svg\",\"caption\":\"Sindicatura de Greuges de Barcelona\"},\"image\":{\"@id\":\"https:\\\/\\\/www.sindicaturabarcelona.cat\\\/ca\\\/#\\\/schema\\\/logo\\\/image\\\/\"},\"sameAs\":[\"https:\\\/\\\/x.com\\\/sindicbarcelona\",\"https:\\\/\\\/www.instagram.com\\\/sindicbarcelona\\\/\",\"https:\\\/\\\/www.tiktok.com\\\/@sindicaturabcn\",\"https:\\\/\\\/t.me\\\/sindicaturabarcelona\"]},{\"@type\":\"Person\",\"@id\":\"https:\\\/\\\/www.sindicaturabarcelona.cat\\\/ca\\\/#\\\/schema\\\/person\\\/0e5acffc350ffdbc97578159322c9452\",\"name\":\"Pablo\",\"image\":{\"@type\":\"ImageObject\",\"inLanguage\":\"ca\",\"@id\":\"https:\\\/\\\/secure.gravatar.com\\\/avatar\\\/c948169b402ef9492afde705c3dfd5e90e1a6a84ef6840a91124f805a25a480f?s=96&d=mm&r=g\",\"url\":\"https:\\\/\\\/secure.gravatar.com\\\/avatar\\\/c948169b402ef9492afde705c3dfd5e90e1a6a84ef6840a91124f805a25a480f?s=96&d=mm&r=g\",\"contentUrl\":\"https:\\\/\\\/secure.gravatar.com\\\/avatar\\\/c948169b402ef9492afde705c3dfd5e90e1a6a84ef6840a91124f805a25a480f?s=96&d=mm&r=g\",\"caption\":\"Pablo\"},\"url\":\"https:\\\/\\\/www.sindicaturabarcelona.cat\\\/ca\\\/author\\\/pablo\\\/\"}]}<\/script>\n<!-- \/ Yoast SEO plugin. -->","yoast_head_json":{"title":"La Sindicatura de Greuges de Barcelona visita el Servei d\u2019Atenci\u00f3 a la V\u00edctima de la Gu\u00e0rdia Urbana ubicat a La Rambla - Sindicatura de Greuges de Barcelona","description":"La Sindicatura de Greuges de Barcelona ha visitat el Servei d\u2019Atenci\u00f3 a la V\u00edctima (SAV) de la Gu\u00e0rdia Urbana ubicat a La Rambla, 43...","robots":{"index":"index","follow":"follow","max-snippet":"max-snippet:-1","max-image-preview":"max-image-preview:large","max-video-preview":"max-video-preview:-1"},"canonical":"https:\/\/www.sindicaturabarcelona.cat\/ca\/la-sindicatura-de-greuges-de-barcelona-visita-el-servei-datencio-a-la-victima-de-la-guardia-urbana-ubicat-a-la-rambla\/","og_locale":"ca_ES","og_type":"article","og_title":"La Sindicatura de Greuges de Barcelona visita el Servei d\u2019Atenci\u00f3 a la V\u00edctima de la Gu\u00e0rdia Urbana ubicat a La Rambla - Sindicatura de Greuges de Barcelona","og_description":"La Sindicatura de Greuges de Barcelona ha visitat el Servei d\u2019Atenci\u00f3 a la V\u00edctima (SAV) de la Gu\u00e0rdia Urbana ubicat a La Rambla, 43...","og_url":"https:\/\/www.sindicaturabarcelona.cat\/ca\/la-sindicatura-de-greuges-de-barcelona-visita-el-servei-datencio-a-la-victima-de-la-guardia-urbana-ubicat-a-la-rambla\/","og_site_name":"Sindicatura de Greuges de Barcelona","article_published_time":"2024-03-26T12:06:33+00:00","article_modified_time":"2024-03-26T12:09:05+00:00","og_image":[{"width":1535,"height":1024,"url":"https:\/\/www.sindicaturabarcelona.cat\/wp-content\/uploads\/27062_20230806_InauguracioServeiAtencioVictimesViolenciaMasclista_27.jpg","type":"image\/jpeg"}],"author":"Pablo","twitter_card":"summary_large_image","twitter_creator":"@sindicbarcelona","twitter_site":"@sindicbarcelona","twitter_misc":{"Escrit per":"Pablo","Temps estimat de lectura":"5 minuts"},"schema":{"@context":"https:\/\/schema.org","@graph":[{"@type":"Article","@id":"https:\/\/www.sindicaturabarcelona.cat\/ca\/la-sindicatura-de-greuges-de-barcelona-visita-el-servei-datencio-a-la-victima-de-la-guardia-urbana-ubicat-a-la-rambla\/#article","isPartOf":{"@id":"https:\/\/www.sindicaturabarcelona.cat\/ca\/la-sindicatura-de-greuges-de-barcelona-visita-el-servei-datencio-a-la-victima-de-la-guardia-urbana-ubicat-a-la-rambla\/"},"author":{"name":"Pablo","@id":"https:\/\/www.sindicaturabarcelona.cat\/ca\/#\/schema\/person\/0e5acffc350ffdbc97578159322c9452"},"headline":"La Sindicatura de Greuges de Barcelona visita el Servei d\u2019Atenci\u00f3 a la V\u00edctima de la Gu\u00e0rdia Urbana ubicat a La Rambla","datePublished":"2024-03-26T12:06:33+00:00","dateModified":"2024-03-26T12:09:05+00:00","mainEntityOfPage":{"@id":"https:\/\/www.sindicaturabarcelona.cat\/ca\/la-sindicatura-de-greuges-de-barcelona-visita-el-servei-datencio-a-la-victima-de-la-guardia-urbana-ubicat-a-la-rambla\/"},"wordCount":738,"publisher":{"@id":"https:\/\/www.sindicaturabarcelona.cat\/ca\/#organization"},"image":{"@id":"https:\/\/www.sindicaturabarcelona.cat\/ca\/la-sindicatura-de-greuges-de-barcelona-visita-el-servei-datencio-a-la-victima-de-la-guardia-urbana-ubicat-a-la-rambla\/#primaryimage"},"thumbnailUrl":"https:\/\/www.sindicaturabarcelona.cat\/wp-content\/uploads\/27062_20230806_InauguracioServeiAtencioVictimesViolenciaMasclista_27.jpg","inLanguage":"ca"},{"@type":"WebPage","@id":"https:\/\/www.sindicaturabarcelona.cat\/ca\/la-sindicatura-de-greuges-de-barcelona-visita-el-servei-datencio-a-la-victima-de-la-guardia-urbana-ubicat-a-la-rambla\/","url":"https:\/\/www.sindicaturabarcelona.cat\/ca\/la-sindicatura-de-greuges-de-barcelona-visita-el-servei-datencio-a-la-victima-de-la-guardia-urbana-ubicat-a-la-rambla\/","name":"La Sindicatura de Greuges de Barcelona visita el Servei d\u2019Atenci\u00f3 a la V\u00edctima de la Gu\u00e0rdia Urbana ubicat a La Rambla - Sindicatura de Greuges de Barcelona","isPartOf":{"@id":"https:\/\/www.sindicaturabarcelona.cat\/ca\/#website"},"primaryImageOfPage":{"@id":"https:\/\/www.sindicaturabarcelona.cat\/ca\/la-sindicatura-de-greuges-de-barcelona-visita-el-servei-datencio-a-la-victima-de-la-guardia-urbana-ubicat-a-la-rambla\/#primaryimage"},"image":{"@id":"https:\/\/www.sindicaturabarcelona.cat\/ca\/la-sindicatura-de-greuges-de-barcelona-visita-el-servei-datencio-a-la-victima-de-la-guardia-urbana-ubicat-a-la-rambla\/#primaryimage"},"thumbnailUrl":"https:\/\/www.sindicaturabarcelona.cat\/wp-content\/uploads\/27062_20230806_InauguracioServeiAtencioVictimesViolenciaMasclista_27.jpg","datePublished":"2024-03-26T12:06:33+00:00","dateModified":"2024-03-26T12:09:05+00:00","description":"La Sindicatura de Greuges de Barcelona ha visitat el Servei d\u2019Atenci\u00f3 a la V\u00edctima (SAV) de la Gu\u00e0rdia Urbana ubicat a La Rambla, 43...","breadcrumb":{"@id":"https:\/\/www.sindicaturabarcelona.cat\/ca\/la-sindicatura-de-greuges-de-barcelona-visita-el-servei-datencio-a-la-victima-de-la-guardia-urbana-ubicat-a-la-rambla\/#breadcrumb"},"inLanguage":"ca","potentialAction":[{"@type":"ReadAction","target":["https:\/\/www.sindicaturabarcelona.cat\/ca\/la-sindicatura-de-greuges-de-barcelona-visita-el-servei-datencio-a-la-victima-de-la-guardia-urbana-ubicat-a-la-rambla\/"]}]},{"@type":"ImageObject","inLanguage":"ca","@id":"https:\/\/www.sindicaturabarcelona.cat\/ca\/la-sindicatura-de-greuges-de-barcelona-visita-el-servei-datencio-a-la-victima-de-la-guardia-urbana-ubicat-a-la-rambla\/#primaryimage","url":"https:\/\/www.sindicaturabarcelona.cat\/wp-content\/uploads\/27062_20230806_InauguracioServeiAtencioVictimesViolenciaMasclista_27.jpg","contentUrl":"https:\/\/www.sindicaturabarcelona.cat\/wp-content\/uploads\/27062_20230806_InauguracioServeiAtencioVictimesViolenciaMasclista_27.jpg","width":1535,"height":1024,"caption":"Inauguraci\u00f3 del Servei Atenci\u00f3 a les V\u00edctimes de Viol\u00e8ncia Masclista"},{"@type":"BreadcrumbList","@id":"https:\/\/www.sindicaturabarcelona.cat\/ca\/la-sindicatura-de-greuges-de-barcelona-visita-el-servei-datencio-a-la-victima-de-la-guardia-urbana-ubicat-a-la-rambla\/#breadcrumb","itemListElement":[{"@type":"ListItem","position":1,"name":"Inici","item":"https:\/\/www.sindicaturabarcelona.cat\/ca\/"},{"@type":"ListItem","position":2,"name":"La Sindicatura de Greuges de Barcelona visita el Servei d\u2019Atenci\u00f3 a la V\u00edctima de la Gu\u00e0rdia Urbana ubicat a La Rambla"}]},{"@type":"WebSite","@id":"https:\/\/www.sindicaturabarcelona.cat\/ca\/#website","url":"https:\/\/www.sindicaturabarcelona.cat\/ca\/","name":"Sindicatura de Greuges de Barcelona","description":"La defensoria dels teus drets","publisher":{"@id":"https:\/\/www.sindicaturabarcelona.cat\/ca\/#organization"},"potentialAction":[{"@type":"SearchAction","target":{"@type":"EntryPoint","urlTemplate":"https:\/\/www.sindicaturabarcelona.cat\/ca\/?s={search_term_string}"},"query-input":{"@type":"PropertyValueSpecification","valueRequired":true,"valueName":"search_term_string"}}],"inLanguage":"ca"},{"@type":"Organization","@id":"https:\/\/www.sindicaturabarcelona.cat\/ca\/#organization","name":"Sindicatura de Greuges de Barcelona","url":"https:\/\/www.sindicaturabarcelona.cat\/ca\/","logo":{"@type":"ImageObject","inLanguage":"ca","@id":"https:\/\/www.sindicaturabarcelona.cat\/ca\/#\/schema\/logo\/image\/","url":"https:\/\/www.sindicaturabarcelona.cat\/wp-content\/uploads\/2023\/02\/logo_sindicatura.svg","contentUrl":"https:\/\/www.sindicaturabarcelona.cat\/wp-content\/uploads\/2023\/02\/logo_sindicatura.svg","caption":"Sindicatura de Greuges de Barcelona"},"image":{"@id":"https:\/\/www.sindicaturabarcelona.cat\/ca\/#\/schema\/logo\/image\/"},"sameAs":["https:\/\/x.com\/sindicbarcelona","https:\/\/www.instagram.com\/sindicbarcelona\/","https:\/\/www.tiktok.com\/@sindicaturabcn","https:\/\/t.me\/sindicaturabarcelona"]},{"@type":"Person","@id":"https:\/\/www.sindicaturabarcelona.cat\/ca\/#\/schema\/person\/0e5acffc350ffdbc97578159322c9452","name":"Pablo","image":{"@type":"ImageObject","inLanguage":"ca","@id":"https:\/\/secure.gravatar.com\/avatar\/c948169b402ef9492afde705c3dfd5e90e1a6a84ef6840a91124f805a25a480f?s=96&d=mm&r=g","url":"https:\/\/secure.gravatar.com\/avatar\/c948169b402ef9492afde705c3dfd5e90e1a6a84ef6840a91124f805a25a480f?s=96&d=mm&r=g","contentUrl":"https:\/\/secure.gravatar.com\/avatar\/c948169b402ef9492afde705c3dfd5e90e1a6a84ef6840a91124f805a25a480f?s=96&d=mm&r=g","caption":"Pablo"},"url":"https:\/\/www.sindicaturabarcelona.cat\/ca\/author\/pablo\/"}]}},"_links":{"self":[{"href":"https:\/\/www.sindicaturabarcelona.cat\/ca\/wp-json\/wp\/v2\/posts\/32042","targetHints":{"allow":["GET"]}}],"collection":[{"href":"https:\/\/www.sindicaturabarcelona.cat\/ca\/wp-json\/wp\/v2\/posts"}],"about":[{"href":"https:\/\/www.sindicaturabarcelona.cat\/ca\/wp-json\/wp\/v2\/types\/post"}],"author":[{"embeddable":true,"href":"https:\/\/www.sindicaturabarcelona.cat\/ca\/wp-json\/wp\/v2\/users\/2"}],"replies":[{"embeddable":true,"href":"https:\/\/www.sindicaturabarcelona.cat\/ca\/wp-json\/wp\/v2\/comments?post=32042"}],"version-history":[{"count":2,"href":"https:\/\/www.sindicaturabarcelona.cat\/ca\/wp-json\/wp\/v2\/posts\/32042\/revisions"}],"predecessor-version":[{"id":32057,"href":"https:\/\/www.sindicaturabarcelona.cat\/ca\/wp-json\/wp\/v2\/posts\/32042\/revisions\/32057"}],"wp:featuredmedia":[{"embeddable":true,"href":"https:\/\/www.sindicaturabarcelona.cat\/ca\/wp-json\/wp\/v2\/media\/32044"}],"wp:attachment":[{"href":"https:\/\/www.sindicaturabarcelona.cat\/ca\/wp-json\/wp\/v2\/media?parent=32042"}],"wp:term":[{"taxonomy":"post_tag","embeddable":true,"href":"https:\/\/www.sindicaturabarcelona.cat\/ca\/wp-json\/wp\/v2\/tags?post=32042"},{"taxonomy":"drets","embeddable":true,"href":"https:\/\/www.sindicaturabarcelona.cat\/ca\/wp-json\/wp\/v2\/drets?post=32042"}],"curies":[{"name":"wp","href":"https:\/\/api.w.org\/{rel}","templated":true}]}}