{"id":31298,"date":"2024-02-08T13:11:54","date_gmt":"2024-02-08T11:11:54","guid":{"rendered":"https:\/\/www.sindicaturabarcelona.cat\/?p=31298"},"modified":"2024-02-08T13:17:39","modified_gmt":"2024-02-08T11:17:39","slug":"la-sindicatura-de-greuges-de-barcelona-presenta-al-parlament-un-dictamen-sobre-la-proposicio-de-llei-per-erradicar-el-sensellarisme","status":"publish","type":"post","link":"https:\/\/www.sindicaturabarcelona.cat\/ca\/la-sindicatura-de-greuges-de-barcelona-presenta-al-parlament-un-dictamen-sobre-la-proposicio-de-llei-per-erradicar-el-sensellarisme\/","title":{"rendered":"La Sindicatura de Greuges de Barcelona presenta al Parlament un dictamen sobre la proposici\u00f3 de llei per erradicar el sensellarisme"},"content":{"rendered":"\n<p>La Sindicatura de Greuges de Barcelona ha registrat en el Parlament de Catalunya <strong>el dictamen que ha elaborat sobre la<\/strong> <strong>proposici\u00f3 de Llei de mesures transit\u00f2ries i urgents per fer front i erradicar el sensellarisme<\/strong>.<\/p>\n\n\n\n<p>El sensellarisme afecta de manera especial a Barcelona, que concentra gaireb\u00e9 la meitat de les persones sense llar de Catalunya. <strong>Tenint en compte l\u2019impacte que t\u00e9 aquest fenomen social a la ciutat, la Sindicatura de Greuges de Barcelona ha considerat oport\u00fa fer diverses aportacions sobre una llei que determinar\u00e0 de manera significativa les obligacions de <a href=\"https:\/\/ajuntament.barcelona.cat\/ca\/\" target=\"_blank\" rel=\"noreferrer noopener\">l\u2019Ajuntament <\/a><\/strong>en aquesta mat\u00e8ria.<\/p>\n\n\n\n<p>El s\u00edndic de greuges de Barcelona, David Bondia, ha destacat la rellev\u00e0ncia d\u2019aquesta proposici\u00f3 de llei: <strong>\u201cDes de la Sindicatura celebrem aquesta iniciativa legislativa davant la necessitat d\u2019aprofundir en una problem\u00e0tica sovint invisibilitzada i insuficientment abordada per les administracions competents\u201d.<\/strong><\/p>\n\n\n\n<p><strong>Entre altres, en aquest dictamen la Sindicatura demana<\/strong> un rol m\u00e9s rellevant de les persones en situaci\u00f3 de sensellarisme en l\u2019elaboraci\u00f3 de l\u2019articulat de la llei; garantir la mirada interseccional en l\u2019abordatge del sensellarisme, aix\u00ed com els recursos adaptats a les diferents necessitats; incloure la responsabilitat de les empreses adjudicat\u00e0ries de contractes de serveis a les persones sense llar; el paper de les entitats en l\u2019acreditaci\u00f3 de resid\u00e8ncia per empadronar sense domicili fix; la prevenci\u00f3 de conductes aporof\u00f2biques del personal de les administracions p\u00fabliques, o amplificar l\u2019atenci\u00f3, l\u2019assessorament i l\u2019acompanyament jur\u00eddic m\u00e9s enll\u00e0 dels delictes d\u2019aporof\u00f2bia.<\/p>\n\n\n\n<p><strong>La Sindicatura tamb\u00e9 trasllada la import\u00e0ncia de qu\u00e8 la llei vagi acompanyada d\u2019una campanya de conscienciaci\u00f3 social vers les persones sense llar<\/strong>, alhora que reclama no utilitzar terminologia com <em>beneficiari<\/em>, concepte assistencialista que allunya el concepte de persones com a subjectes de ple dret.<\/p>\n\n\n\n<h2 class=\"wp-block-heading\"><strong>La Sindicatura, molt implicada en la garantia dels drets de les persones sense llar<\/strong><\/h2>\n\n\n\n<p><strong>La defensoria de la ciutadania barcelonina compta amb expertesa en la garantia dels drets de les persones sense llar<\/strong>, desenvolupada a partir de la supervisi\u00f3 de l\u2019actuaci\u00f3 municipal al llarg de dues d\u00e8cades i del di\u00e0leg amb les entitats locals que atenen aquest sector de la poblaci\u00f3.<\/p>\n\n\n\n<p><strong>En aquesta l\u00ednia, l\u2019any 2020 va publicar-se una actuaci\u00f3 d\u2019ofici sobre <\/strong><a href=\"https:\/\/www.sindicaturabarcelona.cat\/wp-content\/uploads\/2021\/11\/Resum-Sensellar_OK-1.pdf\"><strong><em>El sensellarisme a la ciutat de Barcelona<\/em><\/strong><\/a>, que dirigeix una s\u00e8rie de recomanacions a l\u2019Ajuntament per abordar aquest fenomen social.<\/p>\n\n\n\n<h2 class=\"wp-block-heading\"><strong>El rol de les sindicatures locals en la supervisi\u00f3 del compliment del desplegament de la llei<\/strong><\/h2>\n\n\n\n<p>L\u2019inter\u00e8s leg\u00edtim de la Sindicatura de Greuges de Barcelona en fer aportacions a la proposici\u00f3 de Llei est\u00e0 directament relacionat amb qu\u00e8 l\u2019articulat atribueix diverses funcions a les defensories locals.<\/p>\n\n\n\n<p>La tasca de les sindicatures locals pot ser cabdal en la defensa dels drets de les persones sense llar i, per aquest motiu, la Sindicatura ha fet arribar diverses propostes que contribueixin a dotar-les del rol que entenem que haurien de tenir en aquesta mat\u00e8ria.&nbsp; &nbsp;<\/p>\n\n\n\n<p>El s\u00edndic Bondia ha manifestat que <strong>\u201ca partir de la defensa dels drets de la ciutadania que exercim en l\u2019\u00e0mbit municipal, \u00e9s necessari fer arribar la nostra veu per tal que les noves funcions que ens seran atribu\u00efdes tinguin la claredat suficient i siguin concebudes amb l\u2019amplitud necess\u00e0ria\u201d<\/strong>.<\/p>\n","protected":false},"excerpt":{"rendered":"<p>La Sindicatura de Greuges de Barcelona ha registrat en el Parlament de Catalunya el dictamen que ha elaborat sobre la proposici\u00f3 de Llei de mesures transit\u00f2ries i urgents per fer [&hellip;]<\/p>\n","protected":false},"author":2,"featured_media":31299,"comment_status":"closed","ping_status":"closed","sticky":false,"template":"","format":"standard","meta":{"_acf_changed":false,"footnotes":""},"tags":[],"drets":[1428,1463,1440,1456],"class_list":["post-31298","post","type-post","status-publish","format-standard","has-post-thumbnail","hentry","drets-ciutat-equitativa","drets-dret-serveis-proteccio-social","drets-ciutat-garantista","drets-dret-a-una-bona-administracio"],"acf":[],"yoast_head":"<!-- This site is optimized with the Yoast SEO plugin v27.5 - https:\/\/yoast.com\/product\/yoast-seo-wordpress\/ -->\n<title>La Sindicatura de Greuges de Barcelona presenta al Parlament un dictamen sobre la proposici\u00f3 de llei per erradicar el sensellarisme - Sindicatura de Greuges de Barcelona<\/title>\n<meta name=\"description\" content=\"El sensellarisme afecta de manera especial a Barcelona, que concentra gaireb\u00e9 la meitat de les persones sense llar de Catalunya. Tenint en...\" \/>\n<meta name=\"robots\" content=\"index, follow, max-snippet:-1, max-image-preview:large, max-video-preview:-1\" \/>\n<link rel=\"canonical\" href=\"https:\/\/www.sindicaturabarcelona.cat\/ca\/la-sindicatura-de-greuges-de-barcelona-presenta-al-parlament-un-dictamen-sobre-la-proposicio-de-llei-per-erradicar-el-sensellarisme\/\" \/>\n<meta property=\"og:locale\" content=\"ca_ES\" \/>\n<meta property=\"og:type\" content=\"article\" \/>\n<meta property=\"og:title\" content=\"La Sindicatura de Greuges de Barcelona presenta al Parlament un dictamen sobre la proposici\u00f3 de llei per erradicar el sensellarisme - Sindicatura de Greuges de Barcelona\" \/>\n<meta property=\"og:description\" content=\"El sensellarisme afecta de manera especial a Barcelona, que concentra gaireb\u00e9 la meitat de les persones sense llar de Catalunya. Tenint en...\" \/>\n<meta property=\"og:url\" content=\"https:\/\/www.sindicaturabarcelona.cat\/ca\/la-sindicatura-de-greuges-de-barcelona-presenta-al-parlament-un-dictamen-sobre-la-proposicio-de-llei-per-erradicar-el-sensellarisme\/\" \/>\n<meta property=\"og:site_name\" content=\"Sindicatura de Greuges de Barcelona\" \/>\n<meta property=\"article:published_time\" content=\"2024-02-08T11:11:54+00:00\" \/>\n<meta property=\"article:modified_time\" content=\"2024-02-08T11:17:39+00:00\" \/>\n<meta property=\"og:image\" content=\"https:\/\/www.sindicaturabarcelona.cat\/wp-content\/uploads\/IMG_7053-scaled.jpeg\" \/>\n\t<meta property=\"og:image:width\" content=\"2560\" \/>\n\t<meta property=\"og:image:height\" content=\"1920\" \/>\n\t<meta property=\"og:image:type\" content=\"image\/jpeg\" \/>\n<meta name=\"author\" content=\"Pablo\" \/>\n<meta name=\"twitter:card\" content=\"summary_large_image\" \/>\n<meta name=\"twitter:creator\" content=\"@sindicbarcelona\" \/>\n<meta name=\"twitter:site\" content=\"@sindicbarcelona\" \/>\n<meta name=\"twitter:label1\" content=\"Escrit per\" \/>\n\t<meta name=\"twitter:data1\" content=\"Pablo\" \/>\n\t<meta name=\"twitter:label2\" content=\"Temps estimat de lectura\" \/>\n\t<meta name=\"twitter:data2\" content=\"3 minuts\" \/>\n<script type=\"application\/ld+json\" class=\"yoast-schema-graph\">{\"@context\":\"https:\\\/\\\/schema.org\",\"@graph\":[{\"@type\":\"Article\",\"@id\":\"https:\\\/\\\/www.sindicaturabarcelona.cat\\\/ca\\\/la-sindicatura-de-greuges-de-barcelona-presenta-al-parlament-un-dictamen-sobre-la-proposicio-de-llei-per-erradicar-el-sensellarisme\\\/#article\",\"isPartOf\":{\"@id\":\"https:\\\/\\\/www.sindicaturabarcelona.cat\\\/ca\\\/la-sindicatura-de-greuges-de-barcelona-presenta-al-parlament-un-dictamen-sobre-la-proposicio-de-llei-per-erradicar-el-sensellarisme\\\/\"},\"author\":{\"name\":\"Pablo\",\"@id\":\"https:\\\/\\\/www.sindicaturabarcelona.cat\\\/ca\\\/#\\\/schema\\\/person\\\/0e5acffc350ffdbc97578159322c9452\"},\"headline\":\"La Sindicatura de Greuges de Barcelona presenta al Parlament un dictamen sobre la proposici\u00f3 de llei per erradicar el sensellarisme\",\"datePublished\":\"2024-02-08T11:11:54+00:00\",\"dateModified\":\"2024-02-08T11:17:39+00:00\",\"mainEntityOfPage\":{\"@id\":\"https:\\\/\\\/www.sindicaturabarcelona.cat\\\/ca\\\/la-sindicatura-de-greuges-de-barcelona-presenta-al-parlament-un-dictamen-sobre-la-proposicio-de-llei-per-erradicar-el-sensellarisme\\\/\"},\"wordCount\":571,\"publisher\":{\"@id\":\"https:\\\/\\\/www.sindicaturabarcelona.cat\\\/ca\\\/#organization\"},\"image\":{\"@id\":\"https:\\\/\\\/www.sindicaturabarcelona.cat\\\/ca\\\/la-sindicatura-de-greuges-de-barcelona-presenta-al-parlament-un-dictamen-sobre-la-proposicio-de-llei-per-erradicar-el-sensellarisme\\\/#primaryimage\"},\"thumbnailUrl\":\"https:\\\/\\\/www.sindicaturabarcelona.cat\\\/wp-content\\\/uploads\\\/IMG_7053-scaled.jpeg\",\"inLanguage\":\"ca\"},{\"@type\":\"WebPage\",\"@id\":\"https:\\\/\\\/www.sindicaturabarcelona.cat\\\/ca\\\/la-sindicatura-de-greuges-de-barcelona-presenta-al-parlament-un-dictamen-sobre-la-proposicio-de-llei-per-erradicar-el-sensellarisme\\\/\",\"url\":\"https:\\\/\\\/www.sindicaturabarcelona.cat\\\/ca\\\/la-sindicatura-de-greuges-de-barcelona-presenta-al-parlament-un-dictamen-sobre-la-proposicio-de-llei-per-erradicar-el-sensellarisme\\\/\",\"name\":\"La Sindicatura de Greuges de Barcelona presenta al Parlament un dictamen sobre la proposici\u00f3 de llei per erradicar el sensellarisme - Sindicatura de Greuges de Barcelona\",\"isPartOf\":{\"@id\":\"https:\\\/\\\/www.sindicaturabarcelona.cat\\\/ca\\\/#website\"},\"primaryImageOfPage\":{\"@id\":\"https:\\\/\\\/www.sindicaturabarcelona.cat\\\/ca\\\/la-sindicatura-de-greuges-de-barcelona-presenta-al-parlament-un-dictamen-sobre-la-proposicio-de-llei-per-erradicar-el-sensellarisme\\\/#primaryimage\"},\"image\":{\"@id\":\"https:\\\/\\\/www.sindicaturabarcelona.cat\\\/ca\\\/la-sindicatura-de-greuges-de-barcelona-presenta-al-parlament-un-dictamen-sobre-la-proposicio-de-llei-per-erradicar-el-sensellarisme\\\/#primaryimage\"},\"thumbnailUrl\":\"https:\\\/\\\/www.sindicaturabarcelona.cat\\\/wp-content\\\/uploads\\\/IMG_7053-scaled.jpeg\",\"datePublished\":\"2024-02-08T11:11:54+00:00\",\"dateModified\":\"2024-02-08T11:17:39+00:00\",\"description\":\"El sensellarisme afecta de manera especial a Barcelona, que concentra gaireb\u00e9 la meitat de les persones sense llar de Catalunya. Tenint en...\",\"breadcrumb\":{\"@id\":\"https:\\\/\\\/www.sindicaturabarcelona.cat\\\/ca\\\/la-sindicatura-de-greuges-de-barcelona-presenta-al-parlament-un-dictamen-sobre-la-proposicio-de-llei-per-erradicar-el-sensellarisme\\\/#breadcrumb\"},\"inLanguage\":\"ca\",\"potentialAction\":[{\"@type\":\"ReadAction\",\"target\":[\"https:\\\/\\\/www.sindicaturabarcelona.cat\\\/ca\\\/la-sindicatura-de-greuges-de-barcelona-presenta-al-parlament-un-dictamen-sobre-la-proposicio-de-llei-per-erradicar-el-sensellarisme\\\/\"]}]},{\"@type\":\"ImageObject\",\"inLanguage\":\"ca\",\"@id\":\"https:\\\/\\\/www.sindicaturabarcelona.cat\\\/ca\\\/la-sindicatura-de-greuges-de-barcelona-presenta-al-parlament-un-dictamen-sobre-la-proposicio-de-llei-per-erradicar-el-sensellarisme\\\/#primaryimage\",\"url\":\"https:\\\/\\\/www.sindicaturabarcelona.cat\\\/wp-content\\\/uploads\\\/IMG_7053-scaled.jpeg\",\"contentUrl\":\"https:\\\/\\\/www.sindicaturabarcelona.cat\\\/wp-content\\\/uploads\\\/IMG_7053-scaled.jpeg\",\"width\":2560,\"height\":1920,\"caption\":\"Sensellarisme\"},{\"@type\":\"BreadcrumbList\",\"@id\":\"https:\\\/\\\/www.sindicaturabarcelona.cat\\\/ca\\\/la-sindicatura-de-greuges-de-barcelona-presenta-al-parlament-un-dictamen-sobre-la-proposicio-de-llei-per-erradicar-el-sensellarisme\\\/#breadcrumb\",\"itemListElement\":[{\"@type\":\"ListItem\",\"position\":1,\"name\":\"Inici\",\"item\":\"https:\\\/\\\/www.sindicaturabarcelona.cat\\\/ca\\\/\"},{\"@type\":\"ListItem\",\"position\":2,\"name\":\"La Sindicatura de Greuges de Barcelona presenta al Parlament un dictamen sobre la proposici\u00f3 de llei per erradicar el sensellarisme\"}]},{\"@type\":\"WebSite\",\"@id\":\"https:\\\/\\\/www.sindicaturabarcelona.cat\\\/ca\\\/#website\",\"url\":\"https:\\\/\\\/www.sindicaturabarcelona.cat\\\/ca\\\/\",\"name\":\"Sindicatura de Greuges de Barcelona\",\"description\":\"La defensoria dels teus drets\",\"publisher\":{\"@id\":\"https:\\\/\\\/www.sindicaturabarcelona.cat\\\/ca\\\/#organization\"},\"potentialAction\":[{\"@type\":\"SearchAction\",\"target\":{\"@type\":\"EntryPoint\",\"urlTemplate\":\"https:\\\/\\\/www.sindicaturabarcelona.cat\\\/ca\\\/?s={search_term_string}\"},\"query-input\":{\"@type\":\"PropertyValueSpecification\",\"valueRequired\":true,\"valueName\":\"search_term_string\"}}],\"inLanguage\":\"ca\"},{\"@type\":\"Organization\",\"@id\":\"https:\\\/\\\/www.sindicaturabarcelona.cat\\\/ca\\\/#organization\",\"name\":\"Sindicatura de Greuges de Barcelona\",\"url\":\"https:\\\/\\\/www.sindicaturabarcelona.cat\\\/ca\\\/\",\"logo\":{\"@type\":\"ImageObject\",\"inLanguage\":\"ca\",\"@id\":\"https:\\\/\\\/www.sindicaturabarcelona.cat\\\/ca\\\/#\\\/schema\\\/logo\\\/image\\\/\",\"url\":\"https:\\\/\\\/www.sindicaturabarcelona.cat\\\/wp-content\\\/uploads\\\/2023\\\/02\\\/logo_sindicatura.svg\",\"contentUrl\":\"https:\\\/\\\/www.sindicaturabarcelona.cat\\\/wp-content\\\/uploads\\\/2023\\\/02\\\/logo_sindicatura.svg\",\"caption\":\"Sindicatura de Greuges de Barcelona\"},\"image\":{\"@id\":\"https:\\\/\\\/www.sindicaturabarcelona.cat\\\/ca\\\/#\\\/schema\\\/logo\\\/image\\\/\"},\"sameAs\":[\"https:\\\/\\\/x.com\\\/sindicbarcelona\",\"https:\\\/\\\/www.instagram.com\\\/sindicbarcelona\\\/\",\"https:\\\/\\\/www.tiktok.com\\\/@sindicaturabcn\",\"https:\\\/\\\/t.me\\\/sindicaturabarcelona\"]},{\"@type\":\"Person\",\"@id\":\"https:\\\/\\\/www.sindicaturabarcelona.cat\\\/ca\\\/#\\\/schema\\\/person\\\/0e5acffc350ffdbc97578159322c9452\",\"name\":\"Pablo\",\"image\":{\"@type\":\"ImageObject\",\"inLanguage\":\"ca\",\"@id\":\"https:\\\/\\\/secure.gravatar.com\\\/avatar\\\/c948169b402ef9492afde705c3dfd5e90e1a6a84ef6840a91124f805a25a480f?s=96&d=mm&r=g\",\"url\":\"https:\\\/\\\/secure.gravatar.com\\\/avatar\\\/c948169b402ef9492afde705c3dfd5e90e1a6a84ef6840a91124f805a25a480f?s=96&d=mm&r=g\",\"contentUrl\":\"https:\\\/\\\/secure.gravatar.com\\\/avatar\\\/c948169b402ef9492afde705c3dfd5e90e1a6a84ef6840a91124f805a25a480f?s=96&d=mm&r=g\",\"caption\":\"Pablo\"},\"url\":\"https:\\\/\\\/www.sindicaturabarcelona.cat\\\/ca\\\/author\\\/pablo\\\/\"}]}<\/script>\n<!-- \/ Yoast SEO plugin. -->","yoast_head_json":{"title":"La Sindicatura de Greuges de Barcelona presenta al Parlament un dictamen sobre la proposici\u00f3 de llei per erradicar el sensellarisme - Sindicatura de Greuges de Barcelona","description":"El sensellarisme afecta de manera especial a Barcelona, que concentra gaireb\u00e9 la meitat de les persones sense llar de Catalunya. Tenint en...","robots":{"index":"index","follow":"follow","max-snippet":"max-snippet:-1","max-image-preview":"max-image-preview:large","max-video-preview":"max-video-preview:-1"},"canonical":"https:\/\/www.sindicaturabarcelona.cat\/ca\/la-sindicatura-de-greuges-de-barcelona-presenta-al-parlament-un-dictamen-sobre-la-proposicio-de-llei-per-erradicar-el-sensellarisme\/","og_locale":"ca_ES","og_type":"article","og_title":"La Sindicatura de Greuges de Barcelona presenta al Parlament un dictamen sobre la proposici\u00f3 de llei per erradicar el sensellarisme - Sindicatura de Greuges de Barcelona","og_description":"El sensellarisme afecta de manera especial a Barcelona, que concentra gaireb\u00e9 la meitat de les persones sense llar de Catalunya. Tenint en...","og_url":"https:\/\/www.sindicaturabarcelona.cat\/ca\/la-sindicatura-de-greuges-de-barcelona-presenta-al-parlament-un-dictamen-sobre-la-proposicio-de-llei-per-erradicar-el-sensellarisme\/","og_site_name":"Sindicatura de Greuges de Barcelona","article_published_time":"2024-02-08T11:11:54+00:00","article_modified_time":"2024-02-08T11:17:39+00:00","og_image":[{"width":2560,"height":1920,"url":"https:\/\/www.sindicaturabarcelona.cat\/wp-content\/uploads\/IMG_7053-scaled.jpeg","type":"image\/jpeg"}],"author":"Pablo","twitter_card":"summary_large_image","twitter_creator":"@sindicbarcelona","twitter_site":"@sindicbarcelona","twitter_misc":{"Escrit per":"Pablo","Temps estimat de lectura":"3 minuts"},"schema":{"@context":"https:\/\/schema.org","@graph":[{"@type":"Article","@id":"https:\/\/www.sindicaturabarcelona.cat\/ca\/la-sindicatura-de-greuges-de-barcelona-presenta-al-parlament-un-dictamen-sobre-la-proposicio-de-llei-per-erradicar-el-sensellarisme\/#article","isPartOf":{"@id":"https:\/\/www.sindicaturabarcelona.cat\/ca\/la-sindicatura-de-greuges-de-barcelona-presenta-al-parlament-un-dictamen-sobre-la-proposicio-de-llei-per-erradicar-el-sensellarisme\/"},"author":{"name":"Pablo","@id":"https:\/\/www.sindicaturabarcelona.cat\/ca\/#\/schema\/person\/0e5acffc350ffdbc97578159322c9452"},"headline":"La Sindicatura de Greuges de Barcelona presenta al Parlament un dictamen sobre la proposici\u00f3 de llei per erradicar el sensellarisme","datePublished":"2024-02-08T11:11:54+00:00","dateModified":"2024-02-08T11:17:39+00:00","mainEntityOfPage":{"@id":"https:\/\/www.sindicaturabarcelona.cat\/ca\/la-sindicatura-de-greuges-de-barcelona-presenta-al-parlament-un-dictamen-sobre-la-proposicio-de-llei-per-erradicar-el-sensellarisme\/"},"wordCount":571,"publisher":{"@id":"https:\/\/www.sindicaturabarcelona.cat\/ca\/#organization"},"image":{"@id":"https:\/\/www.sindicaturabarcelona.cat\/ca\/la-sindicatura-de-greuges-de-barcelona-presenta-al-parlament-un-dictamen-sobre-la-proposicio-de-llei-per-erradicar-el-sensellarisme\/#primaryimage"},"thumbnailUrl":"https:\/\/www.sindicaturabarcelona.cat\/wp-content\/uploads\/IMG_7053-scaled.jpeg","inLanguage":"ca"},{"@type":"WebPage","@id":"https:\/\/www.sindicaturabarcelona.cat\/ca\/la-sindicatura-de-greuges-de-barcelona-presenta-al-parlament-un-dictamen-sobre-la-proposicio-de-llei-per-erradicar-el-sensellarisme\/","url":"https:\/\/www.sindicaturabarcelona.cat\/ca\/la-sindicatura-de-greuges-de-barcelona-presenta-al-parlament-un-dictamen-sobre-la-proposicio-de-llei-per-erradicar-el-sensellarisme\/","name":"La Sindicatura de Greuges de Barcelona presenta al Parlament un dictamen sobre la proposici\u00f3 de llei per erradicar el sensellarisme - Sindicatura de Greuges de Barcelona","isPartOf":{"@id":"https:\/\/www.sindicaturabarcelona.cat\/ca\/#website"},"primaryImageOfPage":{"@id":"https:\/\/www.sindicaturabarcelona.cat\/ca\/la-sindicatura-de-greuges-de-barcelona-presenta-al-parlament-un-dictamen-sobre-la-proposicio-de-llei-per-erradicar-el-sensellarisme\/#primaryimage"},"image":{"@id":"https:\/\/www.sindicaturabarcelona.cat\/ca\/la-sindicatura-de-greuges-de-barcelona-presenta-al-parlament-un-dictamen-sobre-la-proposicio-de-llei-per-erradicar-el-sensellarisme\/#primaryimage"},"thumbnailUrl":"https:\/\/www.sindicaturabarcelona.cat\/wp-content\/uploads\/IMG_7053-scaled.jpeg","datePublished":"2024-02-08T11:11:54+00:00","dateModified":"2024-02-08T11:17:39+00:00","description":"El sensellarisme afecta de manera especial a Barcelona, que concentra gaireb\u00e9 la meitat de les persones sense llar de Catalunya. Tenint en...","breadcrumb":{"@id":"https:\/\/www.sindicaturabarcelona.cat\/ca\/la-sindicatura-de-greuges-de-barcelona-presenta-al-parlament-un-dictamen-sobre-la-proposicio-de-llei-per-erradicar-el-sensellarisme\/#breadcrumb"},"inLanguage":"ca","potentialAction":[{"@type":"ReadAction","target":["https:\/\/www.sindicaturabarcelona.cat\/ca\/la-sindicatura-de-greuges-de-barcelona-presenta-al-parlament-un-dictamen-sobre-la-proposicio-de-llei-per-erradicar-el-sensellarisme\/"]}]},{"@type":"ImageObject","inLanguage":"ca","@id":"https:\/\/www.sindicaturabarcelona.cat\/ca\/la-sindicatura-de-greuges-de-barcelona-presenta-al-parlament-un-dictamen-sobre-la-proposicio-de-llei-per-erradicar-el-sensellarisme\/#primaryimage","url":"https:\/\/www.sindicaturabarcelona.cat\/wp-content\/uploads\/IMG_7053-scaled.jpeg","contentUrl":"https:\/\/www.sindicaturabarcelona.cat\/wp-content\/uploads\/IMG_7053-scaled.jpeg","width":2560,"height":1920,"caption":"Sensellarisme"},{"@type":"BreadcrumbList","@id":"https:\/\/www.sindicaturabarcelona.cat\/ca\/la-sindicatura-de-greuges-de-barcelona-presenta-al-parlament-un-dictamen-sobre-la-proposicio-de-llei-per-erradicar-el-sensellarisme\/#breadcrumb","itemListElement":[{"@type":"ListItem","position":1,"name":"Inici","item":"https:\/\/www.sindicaturabarcelona.cat\/ca\/"},{"@type":"ListItem","position":2,"name":"La Sindicatura de Greuges de Barcelona presenta al Parlament un dictamen sobre la proposici\u00f3 de llei per erradicar el sensellarisme"}]},{"@type":"WebSite","@id":"https:\/\/www.sindicaturabarcelona.cat\/ca\/#website","url":"https:\/\/www.sindicaturabarcelona.cat\/ca\/","name":"Sindicatura de Greuges de Barcelona","description":"La defensoria dels teus drets","publisher":{"@id":"https:\/\/www.sindicaturabarcelona.cat\/ca\/#organization"},"potentialAction":[{"@type":"SearchAction","target":{"@type":"EntryPoint","urlTemplate":"https:\/\/www.sindicaturabarcelona.cat\/ca\/?s={search_term_string}"},"query-input":{"@type":"PropertyValueSpecification","valueRequired":true,"valueName":"search_term_string"}}],"inLanguage":"ca"},{"@type":"Organization","@id":"https:\/\/www.sindicaturabarcelona.cat\/ca\/#organization","name":"Sindicatura de Greuges de Barcelona","url":"https:\/\/www.sindicaturabarcelona.cat\/ca\/","logo":{"@type":"ImageObject","inLanguage":"ca","@id":"https:\/\/www.sindicaturabarcelona.cat\/ca\/#\/schema\/logo\/image\/","url":"https:\/\/www.sindicaturabarcelona.cat\/wp-content\/uploads\/2023\/02\/logo_sindicatura.svg","contentUrl":"https:\/\/www.sindicaturabarcelona.cat\/wp-content\/uploads\/2023\/02\/logo_sindicatura.svg","caption":"Sindicatura de Greuges de Barcelona"},"image":{"@id":"https:\/\/www.sindicaturabarcelona.cat\/ca\/#\/schema\/logo\/image\/"},"sameAs":["https:\/\/x.com\/sindicbarcelona","https:\/\/www.instagram.com\/sindicbarcelona\/","https:\/\/www.tiktok.com\/@sindicaturabcn","https:\/\/t.me\/sindicaturabarcelona"]},{"@type":"Person","@id":"https:\/\/www.sindicaturabarcelona.cat\/ca\/#\/schema\/person\/0e5acffc350ffdbc97578159322c9452","name":"Pablo","image":{"@type":"ImageObject","inLanguage":"ca","@id":"https:\/\/secure.gravatar.com\/avatar\/c948169b402ef9492afde705c3dfd5e90e1a6a84ef6840a91124f805a25a480f?s=96&d=mm&r=g","url":"https:\/\/secure.gravatar.com\/avatar\/c948169b402ef9492afde705c3dfd5e90e1a6a84ef6840a91124f805a25a480f?s=96&d=mm&r=g","contentUrl":"https:\/\/secure.gravatar.com\/avatar\/c948169b402ef9492afde705c3dfd5e90e1a6a84ef6840a91124f805a25a480f?s=96&d=mm&r=g","caption":"Pablo"},"url":"https:\/\/www.sindicaturabarcelona.cat\/ca\/author\/pablo\/"}]}},"_links":{"self":[{"href":"https:\/\/www.sindicaturabarcelona.cat\/ca\/wp-json\/wp\/v2\/posts\/31298","targetHints":{"allow":["GET"]}}],"collection":[{"href":"https:\/\/www.sindicaturabarcelona.cat\/ca\/wp-json\/wp\/v2\/posts"}],"about":[{"href":"https:\/\/www.sindicaturabarcelona.cat\/ca\/wp-json\/wp\/v2\/types\/post"}],"author":[{"embeddable":true,"href":"https:\/\/www.sindicaturabarcelona.cat\/ca\/wp-json\/wp\/v2\/users\/2"}],"replies":[{"embeddable":true,"href":"https:\/\/www.sindicaturabarcelona.cat\/ca\/wp-json\/wp\/v2\/comments?post=31298"}],"version-history":[{"count":2,"href":"https:\/\/www.sindicaturabarcelona.cat\/ca\/wp-json\/wp\/v2\/posts\/31298\/revisions"}],"predecessor-version":[{"id":31308,"href":"https:\/\/www.sindicaturabarcelona.cat\/ca\/wp-json\/wp\/v2\/posts\/31298\/revisions\/31308"}],"wp:featuredmedia":[{"embeddable":true,"href":"https:\/\/www.sindicaturabarcelona.cat\/ca\/wp-json\/wp\/v2\/media\/31299"}],"wp:attachment":[{"href":"https:\/\/www.sindicaturabarcelona.cat\/ca\/wp-json\/wp\/v2\/media?parent=31298"}],"wp:term":[{"taxonomy":"post_tag","embeddable":true,"href":"https:\/\/www.sindicaturabarcelona.cat\/ca\/wp-json\/wp\/v2\/tags?post=31298"},{"taxonomy":"drets","embeddable":true,"href":"https:\/\/www.sindicaturabarcelona.cat\/ca\/wp-json\/wp\/v2\/drets?post=31298"}],"curies":[{"name":"wp","href":"https:\/\/api.w.org\/{rel}","templated":true}]}}