{"id":31177,"date":"2024-01-29T11:31:14","date_gmt":"2024-01-29T09:31:14","guid":{"rendered":"https:\/\/www.sindicaturabarcelona.cat\/?p=31177"},"modified":"2024-01-29T11:57:10","modified_gmt":"2024-01-29T09:57:10","slug":"informacio-mes-accessible-per-a-una-democracia-mes-inclusiva-amb-lajuda-de-la-ia-lobjectiu-dun-nou-projecte-europeu-en-que-participa-la-sindicatura","status":"publish","type":"post","link":"https:\/\/www.sindicaturabarcelona.cat\/ca\/informacio-mes-accessible-per-a-una-democracia-mes-inclusiva-amb-lajuda-de-la-ia-lobjectiu-dun-nou-projecte-europeu-en-que-participa-la-sindicatura\/","title":{"rendered":"Informaci\u00f3 m\u00e9s accessible per a una democr\u00e0cia m\u00e9s inclusiva, amb l\u2019ajuda de la IA: l&#8217;objectiu d\u2019un nou projecte europeu liderat per la UPF en qu\u00e8 participa la Sindicatura"},"content":{"rendered":"\n<h2 class=\"wp-block-heading\"><strong>El projecte europeu iDEM, liderat per la Universitat Pompeu Fabra (UPF), crear\u00e0 eines d\u2019IA que simplifiquin i facin m\u00e9s comprensibles les informacions per participar en el debat democr\u00e0tic, dirigides a persones amb dificultats de comunicaci\u00f3 o discapacitat intel\u00b7lectual. La UPF s&#8217;ha aliat amb 10 <em>partners<\/em> europeus m\u00e9s per dur a terme el projecte, entre ells universitats, institucions, entitats socials i empreses tecnol\u00f2giques. A Catalunya, s&#8217;hi han sumat la Sindicatura de Greuges de Barcelona i l&#8217;Institut Municipal de Persones amb Discapacitat (IMPD).<\/strong><\/h2>\n\n\n\n<p>Actualment, nombrosos col\u00b7lectius socials, com les persones amb problemes de lectoescriptura o amb discapacitat intel\u00b7lectual, segueixen excloses dels processos de debat democr\u00e0tic, perqu\u00e8 els documents sobre els assumptes p\u00fablics en discussi\u00f3 no s&#8217;adapten a les seves necessitats. El projecte europeu iDEM vol contribuir a revertir aquesta situaci\u00f3, amb el disseny de tecnologies i programes de software, que simplifiquin els documents sobre els assumptes p\u00fablics per adaptar-los a les seves necessitats a partir de t\u00e8cniques d\u2019IA i de processament del llenguatge natural. El projecte, en el qual participen 10 socis m\u00e9s de diferents pa\u00efsos europeus, compta amb el finan\u00e7ament del programa Horizon de la UE, que hi aportar\u00e0 3 milions d&#8217;euros.<\/p>\n\n\n\n<p>El projecte iDEM, que s&#8217;ha iniciat aquest mes de gener i tindr\u00e0 una durada de tres anys, desenvolupar\u00e0 tecnologies inclusives dirigides als col\u00b7lectius actualment exclosos i marginats dels debats democr\u00e0tics, amb una doble finalitat. En primer lloc, es dissenyaran eines que els facilitaran la lectura i comprensi\u00f3 de documents p\u00fablics i, en segon lloc, unes altres per a ajudar-los en la generaci\u00f3 dels seus propis missatges i a transmetre els seus punts de vista i opinions. Les eines estaran disponibles inicialment en quatre lleng\u00fces: catal\u00e0, castell\u00e0, itali\u00e0 i angl\u00e8s.<\/p>\n\n\n\n<figure class=\"wp-block-image size-large\"><img loading=\"lazy\" decoding=\"async\" width=\"1200\" height=\"900\" src=\"https:\/\/www.sindicaturabarcelona.cat\/wp-content\/uploads\/20240129_100157-1200x900.jpg\" alt=\"\" class=\"wp-image-31184\" srcset=\"https:\/\/www.sindicaturabarcelona.cat\/wp-content\/uploads\/20240129_100157-1200x900.jpg 1200w, https:\/\/www.sindicaturabarcelona.cat\/wp-content\/uploads\/20240129_100157-711x533.jpg 711w, https:\/\/www.sindicaturabarcelona.cat\/wp-content\/uploads\/20240129_100157-768x576.jpg 768w, https:\/\/www.sindicaturabarcelona.cat\/wp-content\/uploads\/20240129_100157-1536x1152.jpg 1536w, https:\/\/www.sindicaturabarcelona.cat\/wp-content\/uploads\/20240129_100157-2048x1536.jpg 2048w\" sizes=\"auto, (max-width: 1200px) 100vw, 1200px\" \/><figcaption class=\"wp-element-caption\">Sessi\u00f3 de treball interna dels partners del projecte \/ Font: UPF<\/figcaption><\/figure>\n\n\n\n<p><strong>Es dissenyaran tecnologies inclusives basades en les necessitats dels usuaris<\/strong><\/p>\n\n\n\n<p>iDEM parteix d&#8217;un enfocament centrat en l&#8217;usuari i, abans de desenvolupar les eines d\u2019IA, es duran a terme sessions de treball amb prop de 20 persones de col\u00b7lectius actualment exclosos dels processos democr\u00e0tics. Aquestes sessions contribuiran a detectar quin \u00e9s l&#8217;origen de les dificultats de comprensi\u00f3 de les informacions sobre assumptes p\u00fablics. A partir d&#8217;aquest diagn\u00f2stic, el projecte contribuir\u00e0 a la innovaci\u00f3 dels espais democr\u00e0tics, perqu\u00e8 siguin m\u00e9s inclusius, deliberatius i participatius.<\/p>\n\n\n\n<p>Un total d&#8217;11 socis europeus, coordinats per la UPF, han unit esfor\u00e7os amb aquesta finalitat, entre ells la Universitat Leeds (el Regne Unit) i d\u2019altres instituts de recerca, aix\u00ed com diverses empreses tecnol\u00f2giques i entitats socials i institucions. Representants dels diversos <em>partners<\/em> d\u2019iDEM participen entre aquest dilluns i dimarts, 29 i 30 de gener, en una trobada per a formalitzar la posada en marxa del projecte. A Catalunya, participen al projecte la <a href=\"http:\/\/www.sindicaturabarcelona.cat\" target=\"_blank\" rel=\"noreferrer noopener\">Sindicatura de Greuges de Barcelona<\/a> i l&#8217;Institut Municipal de Persones amb Discapacitat. Tamb\u00e9 participen a iDEM d\u2019altres entitats socials de l\u2019Estat espanyol, com l&#8217;Organitzaci\u00f3 d&#8217;Entitats en favor de les persones amb Discapacitat Intel\u00b7lectual de la Comunitat de Madrid (Plena Inclusi\u00f3n Madrid) i la Fundaci\u00f3n Cibervoluntarios, o italianas, com Anffas (Associazione Nazionale di Famiglie e Persone con disabilit\u00e0 intellettive e disturbi del neurosviluppo) i Actionaid International Italia ETS. La resta de membres del consorci iDEM s\u00f3n el Nexus Institut Fur Kooperations Managament und Interdisziplinare Forschung GMBH (Alemanya), CFS Consulting Franchise &amp; Sales GMBH (\u00c0ustria) i The National Microelectronics Applications Centre LTD (Irlanda).<\/p>\n\n\n\n<p><strong>Un projecte interdisciplinari liderat per investigadors de tecnologies en processament del llenguatge natural i dret i teories de la democr\u00e0cia<\/strong><\/p>\n\n\n\n<p>Per part de la UPF, la coordinaci\u00f3 d\u2019iDEM anir\u00e0 a c\u00e0rrec del Departament de Tecnologies de la Informaci\u00f3 i les Comunicacions (<a href=\"https:\/\/www.upf.edu\/web\/etic\/\">DTIC<\/a>) i del de Dret. Al DTIC, l&#8217;investigador principal del projecte iDEM \u00e9s Horacio Saggion, catedr\u00e0tic d&#8217;inform\u00e0tica i IA, del grup recerca <a href=\"https:\/\/www.upf.edu\/web\/taln\">TALN<\/a> (Natural Language Processing Research Group), qui assegura: \u201cVolem que la nostra tecnologia en l&#8217;\u00e0rea de Processament de Llenguatge Natural (PLN) sigui d&#8217;utilitat per als ciutadans que es troben exclosos dels processos de participaci\u00f3 i debat democr\u00e0tics a causa de la complexitat del llenguatge utilitzat en aquests contextos. A iDEM, aspirem a crear espais de participaci\u00f3 democr\u00e0tica m\u00e9s accessibles per a tots amb una metodologia centrada en l&#8217;usuari i amb t\u00e8cniques actuals d&#8217;intel\u00b7lig\u00e8ncia artificial generativa adaptades amb dades \u2018curades\u2019 -verificades- amb la finalitat d&#8217;evitar possibles biaixos i prejudicis.\u201d<\/p>\n\n\n\n<p>Al Departament de Dret, el coordinador d\u2019iDEM \u00e9s Josep Llu\u00eds Mart\u00ed, professor de Filosofia del dret i investigador en teoria de la democr\u00e0cia i membre del grup de Dret i Filosofia, que explica: &#8220;El nucli central de qualsevol proc\u00e9s democr\u00e0tic \u00e9s el que es correspon a la deliberaci\u00f3 democr\u00e0tica. No pot haver-hi una democr\u00e0cia leg\u00edtima i de qualitat tret que els ciutadans tinguin la capacitat i l&#8217;oportunitat de participar en els grans debats p\u00fablics que s\u00f3n els que acaben conformant les opinions i judicis expressats en les urnes\u201d. \u201cTradicionalment, s&#8217;ha ignorat que no tots els ciutadans disposen de les mateixes capacitats i oportunitats de participar en aquests debats, la qual cosa suposa una violaci\u00f3 flagrant del principi democr\u00e0tic fonamental de la igualtat pol\u00edtica. Resulta de gran import\u00e0ncia que sapiguem desenvolupar tecnologies que contribueixin a l&#8217;enfortiment d&#8217;aquest debat p\u00fablic, i sobretot a incloure en igualtat de condicions a tots els ciutadans, especialment els grups socials que han resultat habitualment exclosos\u201d- afegeix.<\/p>\n\n\n\n<p>Els <em>partners<\/em> del projecte de Barcelona tamb\u00e9 destaquen la import\u00e0ncia de dissenyar tecnologies per la inclusi\u00f3 social. Marta Villanueva, regidora de Salut, Persones amb Discapacitat i Estrat\u00e8gia contra la Soledat de Barcelona, assegura: \u201cLes institucions p\u00fabliques hem de garantir la plena inclusi\u00f3 de les persones amb diversitat funcional. Per aconseguir-ho \u00e9s imprescindible garantir els drets de participaci\u00f3 pol\u00edtica mitjan\u00e7ant l&#8217;acc\u00e9s al debat democr\u00e0tic i als assumptes p\u00fablics. No podem permetre que les persones amb dificultats de lectoescriptura o discapacitat intel\u00b7lectual quedin excloses. Des de l\u2019Ajuntament, oferirem assessorament per garantir l\u2019accessibilitat dels continguts de processos de la Sindicatura de Greuges en diversos canals. Aquest tipus d\u2019iniciatives s\u00f3n clau per garantir que totes les persones, amb independ\u00e8ncia de les seves capacitats, gaudeixin plenament dels seus drets de ciutadania\u201d.<\/p>\n\n\n\n<p><strong>David Bondia, s\u00edndic de greuges de Barcelona, afegeix: <\/strong>\u201cPel que fa al nostre \u00e0mbit competencial a la ciutat, tenim molt clar que la participaci\u00f3 ciutadana en els debats democr\u00e0tics no pot ser nom\u00e9s una ret\u00f2rica, sin\u00f3 que ha d\u2019anar acompanyada d\u2019una pr\u00e0ctica molt necess\u00e0ria, real, efectiva i inclusiva. Nom\u00e9s podem parlar de participaci\u00f3 inclusiva si hi participa tothom, i especialment aquelles persones que no ho acostumen a fer perqu\u00e8 tenen dificultats de comunicaci\u00f3 o una discapacitat intel\u00b7lectual\u201d.<\/p>\n\n\n\n<p>Segons dades de la <a href=\"https:\/\/eur-lex.europa.eu\/legal-content\/EN\/TXT\/HTML\/?uri=CELEX:52020DC0730\">Comissi\u00f3 Europea<\/a> (2020), es calcula que prop de 800.000 persones ciutadanes de 16 Estats membres de la UE no van poder participar en les eleccions al Parlament Europeu de 2019 a causa de barreres com l&#8217;accessibilitat limitada dels col\u00b7legis electorals o la insufici\u00e8ncia d&#8217;informaci\u00f3 accessible sobre els candidats i els debats electorals.<\/p>\n","protected":false},"excerpt":{"rendered":"<p>El projecte europeu iDEM, liderat per la Universitat Pompeu Fabra (UPF), crear\u00e0 eines d\u2019IA que simplifiquin i facin m\u00e9s comprensibles les informacions per participar en el debat democr\u00e0tic, dirigides a [&hellip;]<\/p>\n","protected":false},"author":2,"featured_media":31178,"comment_status":"closed","ping_status":"closed","sticky":false,"template":"","format":"standard","meta":{"_acf_changed":false,"footnotes":""},"tags":[],"drets":[1438,1445],"class_list":["post-31177","post","type-post","status-publish","format-standard","has-post-thumbnail","hentry","drets-ciutat-habitable-i-sostenible","drets-dret-a-laccessibilitat-i-la-inclusivitat"],"acf":[],"yoast_head":"<!-- This site is optimized with the Yoast SEO plugin v27.5 - https:\/\/yoast.com\/product\/yoast-seo-wordpress\/ -->\n<title>Informaci\u00f3 m\u00e9s accessible per a una democr\u00e0cia m\u00e9s inclusiva, amb l\u2019ajuda de la IA: l&#039;objectiu d\u2019un nou projecte europeu liderat per la UPF en qu\u00e8 participa la Sindicatura - Sindicatura de Greuges de Barcelona<\/title>\n<meta name=\"description\" content=\"El projecte d&#039;IA compta amb partners europeus i la participaci\u00f3 de dos \u00f2rgans locals: la Sindicatura de Greuges de Barcelona i l&#039;Institut..\" \/>\n<meta name=\"robots\" content=\"index, follow, max-snippet:-1, max-image-preview:large, max-video-preview:-1\" \/>\n<link rel=\"canonical\" href=\"https:\/\/www.sindicaturabarcelona.cat\/ca\/informacio-mes-accessible-per-a-una-democracia-mes-inclusiva-amb-lajuda-de-la-ia-lobjectiu-dun-nou-projecte-europeu-en-que-participa-la-sindicatura\/\" \/>\n<meta property=\"og:locale\" content=\"ca_ES\" \/>\n<meta property=\"og:type\" content=\"article\" \/>\n<meta property=\"og:title\" content=\"Informaci\u00f3 m\u00e9s accessible per a una democr\u00e0cia m\u00e9s inclusiva, amb l\u2019ajuda de la IA: l&#039;objectiu d\u2019un nou projecte europeu liderat per la UPF en qu\u00e8 participa la Sindicatura - Sindicatura de Greuges de Barcelona\" \/>\n<meta property=\"og:description\" content=\"El projecte d&#039;IA compta amb partners europeus i la participaci\u00f3 de dos \u00f2rgans locals: la Sindicatura de Greuges de Barcelona i l&#039;Institut..\" \/>\n<meta property=\"og:url\" content=\"https:\/\/www.sindicaturabarcelona.cat\/ca\/informacio-mes-accessible-per-a-una-democracia-mes-inclusiva-amb-lajuda-de-la-ia-lobjectiu-dun-nou-projecte-europeu-en-que-participa-la-sindicatura\/\" \/>\n<meta property=\"og:site_name\" content=\"Sindicatura de Greuges de Barcelona\" \/>\n<meta property=\"article:published_time\" content=\"2024-01-29T09:31:14+00:00\" \/>\n<meta property=\"article:modified_time\" content=\"2024-01-29T09:57:10+00:00\" \/>\n<meta property=\"og:image\" content=\"https:\/\/www.sindicaturabarcelona.cat\/wp-content\/uploads\/girl-woman-laptop-computer-daughter-mother-1631305-pxhere.com_-scaled.jpg\" \/>\n\t<meta property=\"og:image:width\" content=\"2560\" \/>\n\t<meta property=\"og:image:height\" content=\"1707\" \/>\n\t<meta property=\"og:image:type\" content=\"image\/jpeg\" \/>\n<meta name=\"author\" content=\"Pablo\" \/>\n<meta name=\"twitter:card\" content=\"summary_large_image\" \/>\n<meta name=\"twitter:creator\" content=\"@sindicbarcelona\" \/>\n<meta name=\"twitter:site\" content=\"@sindicbarcelona\" \/>\n<meta name=\"twitter:label1\" content=\"Escrit per\" \/>\n\t<meta name=\"twitter:data1\" content=\"Pablo\" \/>\n\t<meta name=\"twitter:label2\" content=\"Temps estimat de lectura\" \/>\n\t<meta name=\"twitter:data2\" content=\"7 minuts\" \/>\n<script type=\"application\/ld+json\" class=\"yoast-schema-graph\">{\"@context\":\"https:\\\/\\\/schema.org\",\"@graph\":[{\"@type\":\"Article\",\"@id\":\"https:\\\/\\\/www.sindicaturabarcelona.cat\\\/ca\\\/informacio-mes-accessible-per-a-una-democracia-mes-inclusiva-amb-lajuda-de-la-ia-lobjectiu-dun-nou-projecte-europeu-en-que-participa-la-sindicatura\\\/#article\",\"isPartOf\":{\"@id\":\"https:\\\/\\\/www.sindicaturabarcelona.cat\\\/ca\\\/informacio-mes-accessible-per-a-una-democracia-mes-inclusiva-amb-lajuda-de-la-ia-lobjectiu-dun-nou-projecte-europeu-en-que-participa-la-sindicatura\\\/\"},\"author\":{\"name\":\"Pablo\",\"@id\":\"https:\\\/\\\/www.sindicaturabarcelona.cat\\\/ca\\\/#\\\/schema\\\/person\\\/0e5acffc350ffdbc97578159322c9452\"},\"headline\":\"Informaci\u00f3 m\u00e9s accessible per a una democr\u00e0cia m\u00e9s inclusiva, amb l\u2019ajuda de la IA: l&#8217;objectiu d\u2019un nou projecte europeu liderat per la UPF en qu\u00e8 participa la Sindicatura\",\"datePublished\":\"2024-01-29T09:31:14+00:00\",\"dateModified\":\"2024-01-29T09:57:10+00:00\",\"mainEntityOfPage\":{\"@id\":\"https:\\\/\\\/www.sindicaturabarcelona.cat\\\/ca\\\/informacio-mes-accessible-per-a-una-democracia-mes-inclusiva-amb-lajuda-de-la-ia-lobjectiu-dun-nou-projecte-europeu-en-que-participa-la-sindicatura\\\/\"},\"wordCount\":1256,\"publisher\":{\"@id\":\"https:\\\/\\\/www.sindicaturabarcelona.cat\\\/ca\\\/#organization\"},\"image\":{\"@id\":\"https:\\\/\\\/www.sindicaturabarcelona.cat\\\/ca\\\/informacio-mes-accessible-per-a-una-democracia-mes-inclusiva-amb-lajuda-de-la-ia-lobjectiu-dun-nou-projecte-europeu-en-que-participa-la-sindicatura\\\/#primaryimage\"},\"thumbnailUrl\":\"https:\\\/\\\/www.sindicaturabarcelona.cat\\\/wp-content\\\/uploads\\\/girl-woman-laptop-computer-daughter-mother-1631305-pxhere.com_-scaled.jpg\",\"inLanguage\":\"ca\"},{\"@type\":\"WebPage\",\"@id\":\"https:\\\/\\\/www.sindicaturabarcelona.cat\\\/ca\\\/informacio-mes-accessible-per-a-una-democracia-mes-inclusiva-amb-lajuda-de-la-ia-lobjectiu-dun-nou-projecte-europeu-en-que-participa-la-sindicatura\\\/\",\"url\":\"https:\\\/\\\/www.sindicaturabarcelona.cat\\\/ca\\\/informacio-mes-accessible-per-a-una-democracia-mes-inclusiva-amb-lajuda-de-la-ia-lobjectiu-dun-nou-projecte-europeu-en-que-participa-la-sindicatura\\\/\",\"name\":\"Informaci\u00f3 m\u00e9s accessible per a una democr\u00e0cia m\u00e9s inclusiva, amb l\u2019ajuda de la IA: l'objectiu d\u2019un nou projecte europeu liderat per la UPF en qu\u00e8 participa la Sindicatura - Sindicatura de Greuges de Barcelona\",\"isPartOf\":{\"@id\":\"https:\\\/\\\/www.sindicaturabarcelona.cat\\\/ca\\\/#website\"},\"primaryImageOfPage\":{\"@id\":\"https:\\\/\\\/www.sindicaturabarcelona.cat\\\/ca\\\/informacio-mes-accessible-per-a-una-democracia-mes-inclusiva-amb-lajuda-de-la-ia-lobjectiu-dun-nou-projecte-europeu-en-que-participa-la-sindicatura\\\/#primaryimage\"},\"image\":{\"@id\":\"https:\\\/\\\/www.sindicaturabarcelona.cat\\\/ca\\\/informacio-mes-accessible-per-a-una-democracia-mes-inclusiva-amb-lajuda-de-la-ia-lobjectiu-dun-nou-projecte-europeu-en-que-participa-la-sindicatura\\\/#primaryimage\"},\"thumbnailUrl\":\"https:\\\/\\\/www.sindicaturabarcelona.cat\\\/wp-content\\\/uploads\\\/girl-woman-laptop-computer-daughter-mother-1631305-pxhere.com_-scaled.jpg\",\"datePublished\":\"2024-01-29T09:31:14+00:00\",\"dateModified\":\"2024-01-29T09:57:10+00:00\",\"description\":\"El projecte d'IA compta amb partners europeus i la participaci\u00f3 de dos \u00f2rgans locals: la Sindicatura de Greuges de Barcelona i l'Institut..\",\"breadcrumb\":{\"@id\":\"https:\\\/\\\/www.sindicaturabarcelona.cat\\\/ca\\\/informacio-mes-accessible-per-a-una-democracia-mes-inclusiva-amb-lajuda-de-la-ia-lobjectiu-dun-nou-projecte-europeu-en-que-participa-la-sindicatura\\\/#breadcrumb\"},\"inLanguage\":\"ca\",\"potentialAction\":[{\"@type\":\"ReadAction\",\"target\":[\"https:\\\/\\\/www.sindicaturabarcelona.cat\\\/ca\\\/informacio-mes-accessible-per-a-una-democracia-mes-inclusiva-amb-lajuda-de-la-ia-lobjectiu-dun-nou-projecte-europeu-en-que-participa-la-sindicatura\\\/\"]}]},{\"@type\":\"ImageObject\",\"inLanguage\":\"ca\",\"@id\":\"https:\\\/\\\/www.sindicaturabarcelona.cat\\\/ca\\\/informacio-mes-accessible-per-a-una-democracia-mes-inclusiva-amb-lajuda-de-la-ia-lobjectiu-dun-nou-projecte-europeu-en-que-participa-la-sindicatura\\\/#primaryimage\",\"url\":\"https:\\\/\\\/www.sindicaturabarcelona.cat\\\/wp-content\\\/uploads\\\/girl-woman-laptop-computer-daughter-mother-1631305-pxhere.com_-scaled.jpg\",\"contentUrl\":\"https:\\\/\\\/www.sindicaturabarcelona.cat\\\/wp-content\\\/uploads\\\/girl-woman-laptop-computer-daughter-mother-1631305-pxhere.com_-scaled.jpg\",\"width\":2560,\"height\":1707,\"caption\":\"IA\"},{\"@type\":\"BreadcrumbList\",\"@id\":\"https:\\\/\\\/www.sindicaturabarcelona.cat\\\/ca\\\/informacio-mes-accessible-per-a-una-democracia-mes-inclusiva-amb-lajuda-de-la-ia-lobjectiu-dun-nou-projecte-europeu-en-que-participa-la-sindicatura\\\/#breadcrumb\",\"itemListElement\":[{\"@type\":\"ListItem\",\"position\":1,\"name\":\"Inici\",\"item\":\"https:\\\/\\\/www.sindicaturabarcelona.cat\\\/ca\\\/\"},{\"@type\":\"ListItem\",\"position\":2,\"name\":\"Informaci\u00f3 m\u00e9s accessible per a una democr\u00e0cia m\u00e9s inclusiva, amb l\u2019ajuda de la IA: l&#8217;objectiu d\u2019un nou projecte europeu liderat per la UPF en qu\u00e8 participa la Sindicatura\"}]},{\"@type\":\"WebSite\",\"@id\":\"https:\\\/\\\/www.sindicaturabarcelona.cat\\\/ca\\\/#website\",\"url\":\"https:\\\/\\\/www.sindicaturabarcelona.cat\\\/ca\\\/\",\"name\":\"Sindicatura de Greuges de Barcelona\",\"description\":\"La defensoria dels teus drets\",\"publisher\":{\"@id\":\"https:\\\/\\\/www.sindicaturabarcelona.cat\\\/ca\\\/#organization\"},\"potentialAction\":[{\"@type\":\"SearchAction\",\"target\":{\"@type\":\"EntryPoint\",\"urlTemplate\":\"https:\\\/\\\/www.sindicaturabarcelona.cat\\\/ca\\\/?s={search_term_string}\"},\"query-input\":{\"@type\":\"PropertyValueSpecification\",\"valueRequired\":true,\"valueName\":\"search_term_string\"}}],\"inLanguage\":\"ca\"},{\"@type\":\"Organization\",\"@id\":\"https:\\\/\\\/www.sindicaturabarcelona.cat\\\/ca\\\/#organization\",\"name\":\"Sindicatura de Greuges de Barcelona\",\"url\":\"https:\\\/\\\/www.sindicaturabarcelona.cat\\\/ca\\\/\",\"logo\":{\"@type\":\"ImageObject\",\"inLanguage\":\"ca\",\"@id\":\"https:\\\/\\\/www.sindicaturabarcelona.cat\\\/ca\\\/#\\\/schema\\\/logo\\\/image\\\/\",\"url\":\"https:\\\/\\\/www.sindicaturabarcelona.cat\\\/wp-content\\\/uploads\\\/2023\\\/02\\\/logo_sindicatura.svg\",\"contentUrl\":\"https:\\\/\\\/www.sindicaturabarcelona.cat\\\/wp-content\\\/uploads\\\/2023\\\/02\\\/logo_sindicatura.svg\",\"caption\":\"Sindicatura de Greuges de Barcelona\"},\"image\":{\"@id\":\"https:\\\/\\\/www.sindicaturabarcelona.cat\\\/ca\\\/#\\\/schema\\\/logo\\\/image\\\/\"},\"sameAs\":[\"https:\\\/\\\/x.com\\\/sindicbarcelona\",\"https:\\\/\\\/www.instagram.com\\\/sindicbarcelona\\\/\",\"https:\\\/\\\/www.tiktok.com\\\/@sindicaturabcn\",\"https:\\\/\\\/t.me\\\/sindicaturabarcelona\"]},{\"@type\":\"Person\",\"@id\":\"https:\\\/\\\/www.sindicaturabarcelona.cat\\\/ca\\\/#\\\/schema\\\/person\\\/0e5acffc350ffdbc97578159322c9452\",\"name\":\"Pablo\",\"image\":{\"@type\":\"ImageObject\",\"inLanguage\":\"ca\",\"@id\":\"https:\\\/\\\/secure.gravatar.com\\\/avatar\\\/c948169b402ef9492afde705c3dfd5e90e1a6a84ef6840a91124f805a25a480f?s=96&d=mm&r=g\",\"url\":\"https:\\\/\\\/secure.gravatar.com\\\/avatar\\\/c948169b402ef9492afde705c3dfd5e90e1a6a84ef6840a91124f805a25a480f?s=96&d=mm&r=g\",\"contentUrl\":\"https:\\\/\\\/secure.gravatar.com\\\/avatar\\\/c948169b402ef9492afde705c3dfd5e90e1a6a84ef6840a91124f805a25a480f?s=96&d=mm&r=g\",\"caption\":\"Pablo\"},\"url\":\"https:\\\/\\\/www.sindicaturabarcelona.cat\\\/ca\\\/author\\\/pablo\\\/\"}]}<\/script>\n<!-- \/ Yoast SEO plugin. -->","yoast_head_json":{"title":"Informaci\u00f3 m\u00e9s accessible per a una democr\u00e0cia m\u00e9s inclusiva, amb l\u2019ajuda de la IA: l'objectiu d\u2019un nou projecte europeu liderat per la UPF en qu\u00e8 participa la Sindicatura - Sindicatura de Greuges de Barcelona","description":"El projecte d'IA compta amb partners europeus i la participaci\u00f3 de dos \u00f2rgans locals: la Sindicatura de Greuges de Barcelona i l'Institut..","robots":{"index":"index","follow":"follow","max-snippet":"max-snippet:-1","max-image-preview":"max-image-preview:large","max-video-preview":"max-video-preview:-1"},"canonical":"https:\/\/www.sindicaturabarcelona.cat\/ca\/informacio-mes-accessible-per-a-una-democracia-mes-inclusiva-amb-lajuda-de-la-ia-lobjectiu-dun-nou-projecte-europeu-en-que-participa-la-sindicatura\/","og_locale":"ca_ES","og_type":"article","og_title":"Informaci\u00f3 m\u00e9s accessible per a una democr\u00e0cia m\u00e9s inclusiva, amb l\u2019ajuda de la IA: l'objectiu d\u2019un nou projecte europeu liderat per la UPF en qu\u00e8 participa la Sindicatura - Sindicatura de Greuges de Barcelona","og_description":"El projecte d'IA compta amb partners europeus i la participaci\u00f3 de dos \u00f2rgans locals: la Sindicatura de Greuges de Barcelona i l'Institut..","og_url":"https:\/\/www.sindicaturabarcelona.cat\/ca\/informacio-mes-accessible-per-a-una-democracia-mes-inclusiva-amb-lajuda-de-la-ia-lobjectiu-dun-nou-projecte-europeu-en-que-participa-la-sindicatura\/","og_site_name":"Sindicatura de Greuges de Barcelona","article_published_time":"2024-01-29T09:31:14+00:00","article_modified_time":"2024-01-29T09:57:10+00:00","og_image":[{"width":2560,"height":1707,"url":"https:\/\/www.sindicaturabarcelona.cat\/wp-content\/uploads\/girl-woman-laptop-computer-daughter-mother-1631305-pxhere.com_-scaled.jpg","type":"image\/jpeg"}],"author":"Pablo","twitter_card":"summary_large_image","twitter_creator":"@sindicbarcelona","twitter_site":"@sindicbarcelona","twitter_misc":{"Escrit per":"Pablo","Temps estimat de lectura":"7 minuts"},"schema":{"@context":"https:\/\/schema.org","@graph":[{"@type":"Article","@id":"https:\/\/www.sindicaturabarcelona.cat\/ca\/informacio-mes-accessible-per-a-una-democracia-mes-inclusiva-amb-lajuda-de-la-ia-lobjectiu-dun-nou-projecte-europeu-en-que-participa-la-sindicatura\/#article","isPartOf":{"@id":"https:\/\/www.sindicaturabarcelona.cat\/ca\/informacio-mes-accessible-per-a-una-democracia-mes-inclusiva-amb-lajuda-de-la-ia-lobjectiu-dun-nou-projecte-europeu-en-que-participa-la-sindicatura\/"},"author":{"name":"Pablo","@id":"https:\/\/www.sindicaturabarcelona.cat\/ca\/#\/schema\/person\/0e5acffc350ffdbc97578159322c9452"},"headline":"Informaci\u00f3 m\u00e9s accessible per a una democr\u00e0cia m\u00e9s inclusiva, amb l\u2019ajuda de la IA: l&#8217;objectiu d\u2019un nou projecte europeu liderat per la UPF en qu\u00e8 participa la Sindicatura","datePublished":"2024-01-29T09:31:14+00:00","dateModified":"2024-01-29T09:57:10+00:00","mainEntityOfPage":{"@id":"https:\/\/www.sindicaturabarcelona.cat\/ca\/informacio-mes-accessible-per-a-una-democracia-mes-inclusiva-amb-lajuda-de-la-ia-lobjectiu-dun-nou-projecte-europeu-en-que-participa-la-sindicatura\/"},"wordCount":1256,"publisher":{"@id":"https:\/\/www.sindicaturabarcelona.cat\/ca\/#organization"},"image":{"@id":"https:\/\/www.sindicaturabarcelona.cat\/ca\/informacio-mes-accessible-per-a-una-democracia-mes-inclusiva-amb-lajuda-de-la-ia-lobjectiu-dun-nou-projecte-europeu-en-que-participa-la-sindicatura\/#primaryimage"},"thumbnailUrl":"https:\/\/www.sindicaturabarcelona.cat\/wp-content\/uploads\/girl-woman-laptop-computer-daughter-mother-1631305-pxhere.com_-scaled.jpg","inLanguage":"ca"},{"@type":"WebPage","@id":"https:\/\/www.sindicaturabarcelona.cat\/ca\/informacio-mes-accessible-per-a-una-democracia-mes-inclusiva-amb-lajuda-de-la-ia-lobjectiu-dun-nou-projecte-europeu-en-que-participa-la-sindicatura\/","url":"https:\/\/www.sindicaturabarcelona.cat\/ca\/informacio-mes-accessible-per-a-una-democracia-mes-inclusiva-amb-lajuda-de-la-ia-lobjectiu-dun-nou-projecte-europeu-en-que-participa-la-sindicatura\/","name":"Informaci\u00f3 m\u00e9s accessible per a una democr\u00e0cia m\u00e9s inclusiva, amb l\u2019ajuda de la IA: l'objectiu d\u2019un nou projecte europeu liderat per la UPF en qu\u00e8 participa la Sindicatura - Sindicatura de Greuges de Barcelona","isPartOf":{"@id":"https:\/\/www.sindicaturabarcelona.cat\/ca\/#website"},"primaryImageOfPage":{"@id":"https:\/\/www.sindicaturabarcelona.cat\/ca\/informacio-mes-accessible-per-a-una-democracia-mes-inclusiva-amb-lajuda-de-la-ia-lobjectiu-dun-nou-projecte-europeu-en-que-participa-la-sindicatura\/#primaryimage"},"image":{"@id":"https:\/\/www.sindicaturabarcelona.cat\/ca\/informacio-mes-accessible-per-a-una-democracia-mes-inclusiva-amb-lajuda-de-la-ia-lobjectiu-dun-nou-projecte-europeu-en-que-participa-la-sindicatura\/#primaryimage"},"thumbnailUrl":"https:\/\/www.sindicaturabarcelona.cat\/wp-content\/uploads\/girl-woman-laptop-computer-daughter-mother-1631305-pxhere.com_-scaled.jpg","datePublished":"2024-01-29T09:31:14+00:00","dateModified":"2024-01-29T09:57:10+00:00","description":"El projecte d'IA compta amb partners europeus i la participaci\u00f3 de dos \u00f2rgans locals: la Sindicatura de Greuges de Barcelona i l'Institut..","breadcrumb":{"@id":"https:\/\/www.sindicaturabarcelona.cat\/ca\/informacio-mes-accessible-per-a-una-democracia-mes-inclusiva-amb-lajuda-de-la-ia-lobjectiu-dun-nou-projecte-europeu-en-que-participa-la-sindicatura\/#breadcrumb"},"inLanguage":"ca","potentialAction":[{"@type":"ReadAction","target":["https:\/\/www.sindicaturabarcelona.cat\/ca\/informacio-mes-accessible-per-a-una-democracia-mes-inclusiva-amb-lajuda-de-la-ia-lobjectiu-dun-nou-projecte-europeu-en-que-participa-la-sindicatura\/"]}]},{"@type":"ImageObject","inLanguage":"ca","@id":"https:\/\/www.sindicaturabarcelona.cat\/ca\/informacio-mes-accessible-per-a-una-democracia-mes-inclusiva-amb-lajuda-de-la-ia-lobjectiu-dun-nou-projecte-europeu-en-que-participa-la-sindicatura\/#primaryimage","url":"https:\/\/www.sindicaturabarcelona.cat\/wp-content\/uploads\/girl-woman-laptop-computer-daughter-mother-1631305-pxhere.com_-scaled.jpg","contentUrl":"https:\/\/www.sindicaturabarcelona.cat\/wp-content\/uploads\/girl-woman-laptop-computer-daughter-mother-1631305-pxhere.com_-scaled.jpg","width":2560,"height":1707,"caption":"IA"},{"@type":"BreadcrumbList","@id":"https:\/\/www.sindicaturabarcelona.cat\/ca\/informacio-mes-accessible-per-a-una-democracia-mes-inclusiva-amb-lajuda-de-la-ia-lobjectiu-dun-nou-projecte-europeu-en-que-participa-la-sindicatura\/#breadcrumb","itemListElement":[{"@type":"ListItem","position":1,"name":"Inici","item":"https:\/\/www.sindicaturabarcelona.cat\/ca\/"},{"@type":"ListItem","position":2,"name":"Informaci\u00f3 m\u00e9s accessible per a una democr\u00e0cia m\u00e9s inclusiva, amb l\u2019ajuda de la IA: l&#8217;objectiu d\u2019un nou projecte europeu liderat per la UPF en qu\u00e8 participa la Sindicatura"}]},{"@type":"WebSite","@id":"https:\/\/www.sindicaturabarcelona.cat\/ca\/#website","url":"https:\/\/www.sindicaturabarcelona.cat\/ca\/","name":"Sindicatura de Greuges de Barcelona","description":"La defensoria dels teus drets","publisher":{"@id":"https:\/\/www.sindicaturabarcelona.cat\/ca\/#organization"},"potentialAction":[{"@type":"SearchAction","target":{"@type":"EntryPoint","urlTemplate":"https:\/\/www.sindicaturabarcelona.cat\/ca\/?s={search_term_string}"},"query-input":{"@type":"PropertyValueSpecification","valueRequired":true,"valueName":"search_term_string"}}],"inLanguage":"ca"},{"@type":"Organization","@id":"https:\/\/www.sindicaturabarcelona.cat\/ca\/#organization","name":"Sindicatura de Greuges de Barcelona","url":"https:\/\/www.sindicaturabarcelona.cat\/ca\/","logo":{"@type":"ImageObject","inLanguage":"ca","@id":"https:\/\/www.sindicaturabarcelona.cat\/ca\/#\/schema\/logo\/image\/","url":"https:\/\/www.sindicaturabarcelona.cat\/wp-content\/uploads\/2023\/02\/logo_sindicatura.svg","contentUrl":"https:\/\/www.sindicaturabarcelona.cat\/wp-content\/uploads\/2023\/02\/logo_sindicatura.svg","caption":"Sindicatura de Greuges de Barcelona"},"image":{"@id":"https:\/\/www.sindicaturabarcelona.cat\/ca\/#\/schema\/logo\/image\/"},"sameAs":["https:\/\/x.com\/sindicbarcelona","https:\/\/www.instagram.com\/sindicbarcelona\/","https:\/\/www.tiktok.com\/@sindicaturabcn","https:\/\/t.me\/sindicaturabarcelona"]},{"@type":"Person","@id":"https:\/\/www.sindicaturabarcelona.cat\/ca\/#\/schema\/person\/0e5acffc350ffdbc97578159322c9452","name":"Pablo","image":{"@type":"ImageObject","inLanguage":"ca","@id":"https:\/\/secure.gravatar.com\/avatar\/c948169b402ef9492afde705c3dfd5e90e1a6a84ef6840a91124f805a25a480f?s=96&d=mm&r=g","url":"https:\/\/secure.gravatar.com\/avatar\/c948169b402ef9492afde705c3dfd5e90e1a6a84ef6840a91124f805a25a480f?s=96&d=mm&r=g","contentUrl":"https:\/\/secure.gravatar.com\/avatar\/c948169b402ef9492afde705c3dfd5e90e1a6a84ef6840a91124f805a25a480f?s=96&d=mm&r=g","caption":"Pablo"},"url":"https:\/\/www.sindicaturabarcelona.cat\/ca\/author\/pablo\/"}]}},"_links":{"self":[{"href":"https:\/\/www.sindicaturabarcelona.cat\/ca\/wp-json\/wp\/v2\/posts\/31177","targetHints":{"allow":["GET"]}}],"collection":[{"href":"https:\/\/www.sindicaturabarcelona.cat\/ca\/wp-json\/wp\/v2\/posts"}],"about":[{"href":"https:\/\/www.sindicaturabarcelona.cat\/ca\/wp-json\/wp\/v2\/types\/post"}],"author":[{"embeddable":true,"href":"https:\/\/www.sindicaturabarcelona.cat\/ca\/wp-json\/wp\/v2\/users\/2"}],"replies":[{"embeddable":true,"href":"https:\/\/www.sindicaturabarcelona.cat\/ca\/wp-json\/wp\/v2\/comments?post=31177"}],"version-history":[{"count":2,"href":"https:\/\/www.sindicaturabarcelona.cat\/ca\/wp-json\/wp\/v2\/posts\/31177\/revisions"}],"predecessor-version":[{"id":31194,"href":"https:\/\/www.sindicaturabarcelona.cat\/ca\/wp-json\/wp\/v2\/posts\/31177\/revisions\/31194"}],"wp:featuredmedia":[{"embeddable":true,"href":"https:\/\/www.sindicaturabarcelona.cat\/ca\/wp-json\/wp\/v2\/media\/31178"}],"wp:attachment":[{"href":"https:\/\/www.sindicaturabarcelona.cat\/ca\/wp-json\/wp\/v2\/media?parent=31177"}],"wp:term":[{"taxonomy":"post_tag","embeddable":true,"href":"https:\/\/www.sindicaturabarcelona.cat\/ca\/wp-json\/wp\/v2\/tags?post=31177"},{"taxonomy":"drets","embeddable":true,"href":"https:\/\/www.sindicaturabarcelona.cat\/ca\/wp-json\/wp\/v2\/drets?post=31177"}],"curies":[{"name":"wp","href":"https:\/\/api.w.org\/{rel}","templated":true}]}}