{"id":31122,"date":"2024-01-22T22:03:59","date_gmt":"2024-01-22T20:03:59","guid":{"rendered":"https:\/\/www.sindicaturabarcelona.cat\/?p=31122"},"modified":"2024-01-23T16:43:11","modified_gmt":"2024-01-23T14:43:11","slug":"preocupacio-de-la-sindicatura-de-greuges-de-barcelona-envers-la-crisi-institucional-entre-els-cossos-policials-de-la-ciutat-de-barcelona-anunciada-pels-mitjans-de-comunicacio","status":"publish","type":"post","link":"https:\/\/www.sindicaturabarcelona.cat\/ca\/preocupacio-de-la-sindicatura-de-greuges-de-barcelona-envers-la-crisi-institucional-entre-els-cossos-policials-de-la-ciutat-de-barcelona-anunciada-pels-mitjans-de-comunicacio\/","title":{"rendered":"Preocupaci\u00f3 de la Sindicatura de Greuges envers la crisi institucional entre els cossos policials de la ciutat de Barcelona, anunciada pels mitjans de comunicaci\u00f3"},"content":{"rendered":"\n<p><strong>Barcelona, 22 de gener de 2024 &#8211;<\/strong> La Sindicatura de Greuges de Barcelona mostra la seva preocupaci\u00f3 per la not\u00edcia difosa a trav\u00e9s dels mitjans de comunicaci\u00f3, relativa a una situaci\u00f3 de crisi institucional dels cossos policials de la <a href=\"https:\/\/ajuntament.barcelona.cat\/guardiaurbana\/ca\/\" target=\"_blank\" rel=\"noreferrer noopener\">Gu\u00e0rdia Urbana de Barcelona<\/a> i de <a href=\"https:\/\/mossos.gencat.cat\/ca\/inici\/index.html\" target=\"_blank\" rel=\"noreferrer noopener\">Mossos d\u2019Esquadra<\/a>.<\/p>\n\n\n\n<p>La complexitat de la gesti\u00f3 de la seguretat en una ciutat com Barcelona va portar a la Generalitat de Catalunya i l\u2019Ajuntament de la ciutat a signar, l\u2019any 2004, un conveni de col\u00b7laboraci\u00f3 en tasques policials. Amb el temps, s\u2019ha anat concretant a trav\u00e9s de protocols en mat\u00e8ria de seguretat ciutadana i de prevenci\u00f3 i atenci\u00f3 a les viol\u00e8ncies masclistes. El cos de la Gu\u00e0rdia Urbana de Barcelona s\u2019ha anat formant per assumir les noves compet\u00e8ncies amb rigor i professionalitat.<\/p>\n\n\n\n<p>Com a resultat d\u2019aquest model pioner de coordinaci\u00f3 i cooperaci\u00f3 operativa dels dos cossos policials, s\u2019han aconseguit grans \u00e8xits en mat\u00e8ria de seguretat a la ciutat. En aquest sentit, i com apunten els mitjans de comunicaci\u00f3, els equips policials conjunts han intervingut en 400 actuacions en mat\u00e8ria de salut p\u00fablica i han clausurat una mitjana de gaireb\u00e9 un narcop\u00eds a la setmana.<\/p>\n\n\n\n<p><strong>Ara, aquesta situaci\u00f3 de crisi, que apunten els mitjans de comunicaci\u00f3, pot posar en risc el treball conjunt dels dos cossos policials en mat\u00e8ria d\u2019investigaci\u00f3, principalment de delictes vinculats amb el tr\u00e0fic de drogues.<\/strong><\/p>\n\n\n\n<p><strong>Sens dubte, trencar aquest model \u00e9s perjudicial per a la ciutadania, ja que implicaria una p\u00e8rdua d\u2019efectius policials dedicats a la investigaci\u00f3 de delictes i podria comportar una proliferaci\u00f3 de delictes contra la salut p\u00fablica, entre altres.<\/strong><\/p>\n\n\n\n<p><strong>Per aix\u00f2, la <a href=\"https:\/\/www.sindicaturabarcelona.cat\/ca\/\" target=\"_blank\" rel=\"noreferrer noopener\">Sindicatura de Greuges de Barcelona<\/a> apel\u00b7la a l\u2019entesa dels responsables institucionals per donar continu\u00eftat a la f\u00f3rmula col\u00b7laborativa dels dos cossos policials que operen en la nostra ciutat.<\/strong><\/p>\n","protected":false},"excerpt":{"rendered":"<p>Barcelona, 22 de gener de 2024 &#8211; La Sindicatura de Greuges de Barcelona mostra la seva preocupaci\u00f3 per la not\u00edcia difosa a trav\u00e9s dels mitjans de comunicaci\u00f3, relativa a una [&hellip;]<\/p>\n","protected":false},"author":2,"featured_media":31123,"comment_status":"closed","ping_status":"closed","sticky":false,"template":"","format":"standard","meta":{"_acf_changed":false,"footnotes":""},"tags":[],"drets":[1440,1452],"class_list":["post-31122","post","type-post","status-publish","format-standard","has-post-thumbnail","hentry","drets-ciutat-garantista","drets-dret-a-la-seguretat-ciutadana"],"acf":[],"yoast_head":"<!-- This site is optimized with the Yoast SEO plugin v27.5 - https:\/\/yoast.com\/product\/yoast-seo-wordpress\/ -->\n<title>Preocupaci\u00f3 de la Sindicatura de Greuges envers la crisi institucional entre els cossos policials de la ciutat de Barcelona, anunciada pels mitjans de comunicaci\u00f3 - Sindicatura de Greuges de Barcelona<\/title>\n<meta name=\"description\" content=\"La Sindicatura apel\u00b7la a l\u2019entesa dels responsables institucionals de la Gu\u00e0rdia Urbana de Barcelona i els Mossos d&#039;Esquadra per...\" \/>\n<meta name=\"robots\" content=\"index, follow, max-snippet:-1, max-image-preview:large, max-video-preview:-1\" \/>\n<link rel=\"canonical\" href=\"https:\/\/www.sindicaturabarcelona.cat\/ca\/preocupacio-de-la-sindicatura-de-greuges-de-barcelona-envers-la-crisi-institucional-entre-els-cossos-policials-de-la-ciutat-de-barcelona-anunciada-pels-mitjans-de-comunicacio\/\" \/>\n<meta property=\"og:locale\" content=\"ca_ES\" \/>\n<meta property=\"og:type\" content=\"article\" \/>\n<meta property=\"og:title\" content=\"Preocupaci\u00f3 de la Sindicatura de Greuges envers la crisi institucional entre els cossos policials de la ciutat de Barcelona, anunciada pels mitjans de comunicaci\u00f3 - Sindicatura de Greuges de Barcelona\" \/>\n<meta property=\"og:description\" content=\"La Sindicatura apel\u00b7la a l\u2019entesa dels responsables institucionals de la Gu\u00e0rdia Urbana de Barcelona i els Mossos d&#039;Esquadra per...\" \/>\n<meta property=\"og:url\" content=\"https:\/\/www.sindicaturabarcelona.cat\/ca\/preocupacio-de-la-sindicatura-de-greuges-de-barcelona-envers-la-crisi-institucional-entre-els-cossos-policials-de-la-ciutat-de-barcelona-anunciada-pels-mitjans-de-comunicacio\/\" \/>\n<meta property=\"og:site_name\" content=\"Sindicatura de Greuges de Barcelona\" \/>\n<meta property=\"article:published_time\" content=\"2024-01-22T20:03:59+00:00\" \/>\n<meta property=\"article:modified_time\" content=\"2024-01-23T14:43:11+00:00\" \/>\n<meta property=\"og:image\" content=\"https:\/\/www.sindicaturabarcelona.cat\/wp-content\/uploads\/Guardia-Urbana-Mossos.jpeg\" \/>\n\t<meta property=\"og:image:width\" content=\"1024\" \/>\n\t<meta property=\"og:image:height\" content=\"768\" \/>\n\t<meta property=\"og:image:type\" content=\"image\/jpeg\" \/>\n<meta name=\"author\" content=\"Pablo\" \/>\n<meta name=\"twitter:card\" content=\"summary_large_image\" \/>\n<meta name=\"twitter:creator\" content=\"@sindicbarcelona\" \/>\n<meta name=\"twitter:site\" content=\"@sindicbarcelona\" \/>\n<meta name=\"twitter:label1\" content=\"Escrit per\" \/>\n\t<meta name=\"twitter:data1\" content=\"Pablo\" \/>\n\t<meta name=\"twitter:label2\" content=\"Temps estimat de lectura\" \/>\n\t<meta name=\"twitter:data2\" content=\"2 minuts\" \/>\n<script type=\"application\/ld+json\" class=\"yoast-schema-graph\">{\"@context\":\"https:\\\/\\\/schema.org\",\"@graph\":[{\"@type\":\"Article\",\"@id\":\"https:\\\/\\\/www.sindicaturabarcelona.cat\\\/ca\\\/preocupacio-de-la-sindicatura-de-greuges-de-barcelona-envers-la-crisi-institucional-entre-els-cossos-policials-de-la-ciutat-de-barcelona-anunciada-pels-mitjans-de-comunicacio\\\/#article\",\"isPartOf\":{\"@id\":\"https:\\\/\\\/www.sindicaturabarcelona.cat\\\/ca\\\/preocupacio-de-la-sindicatura-de-greuges-de-barcelona-envers-la-crisi-institucional-entre-els-cossos-policials-de-la-ciutat-de-barcelona-anunciada-pels-mitjans-de-comunicacio\\\/\"},\"author\":{\"name\":\"Pablo\",\"@id\":\"https:\\\/\\\/www.sindicaturabarcelona.cat\\\/ca\\\/#\\\/schema\\\/person\\\/0e5acffc350ffdbc97578159322c9452\"},\"headline\":\"Preocupaci\u00f3 de la Sindicatura de Greuges envers la crisi institucional entre els cossos policials de la ciutat de Barcelona, anunciada pels mitjans de comunicaci\u00f3\",\"datePublished\":\"2024-01-22T20:03:59+00:00\",\"dateModified\":\"2024-01-23T14:43:11+00:00\",\"mainEntityOfPage\":{\"@id\":\"https:\\\/\\\/www.sindicaturabarcelona.cat\\\/ca\\\/preocupacio-de-la-sindicatura-de-greuges-de-barcelona-envers-la-crisi-institucional-entre-els-cossos-policials-de-la-ciutat-de-barcelona-anunciada-pels-mitjans-de-comunicacio\\\/\"},\"wordCount\":342,\"publisher\":{\"@id\":\"https:\\\/\\\/www.sindicaturabarcelona.cat\\\/ca\\\/#organization\"},\"image\":{\"@id\":\"https:\\\/\\\/www.sindicaturabarcelona.cat\\\/ca\\\/preocupacio-de-la-sindicatura-de-greuges-de-barcelona-envers-la-crisi-institucional-entre-els-cossos-policials-de-la-ciutat-de-barcelona-anunciada-pels-mitjans-de-comunicacio\\\/#primaryimage\"},\"thumbnailUrl\":\"https:\\\/\\\/www.sindicaturabarcelona.cat\\\/wp-content\\\/uploads\\\/Guardia-Urbana-Mossos.jpeg\",\"inLanguage\":\"ca\"},{\"@type\":\"WebPage\",\"@id\":\"https:\\\/\\\/www.sindicaturabarcelona.cat\\\/ca\\\/preocupacio-de-la-sindicatura-de-greuges-de-barcelona-envers-la-crisi-institucional-entre-els-cossos-policials-de-la-ciutat-de-barcelona-anunciada-pels-mitjans-de-comunicacio\\\/\",\"url\":\"https:\\\/\\\/www.sindicaturabarcelona.cat\\\/ca\\\/preocupacio-de-la-sindicatura-de-greuges-de-barcelona-envers-la-crisi-institucional-entre-els-cossos-policials-de-la-ciutat-de-barcelona-anunciada-pels-mitjans-de-comunicacio\\\/\",\"name\":\"Preocupaci\u00f3 de la Sindicatura de Greuges envers la crisi institucional entre els cossos policials de la ciutat de Barcelona, anunciada pels mitjans de comunicaci\u00f3 - Sindicatura de Greuges de Barcelona\",\"isPartOf\":{\"@id\":\"https:\\\/\\\/www.sindicaturabarcelona.cat\\\/ca\\\/#website\"},\"primaryImageOfPage\":{\"@id\":\"https:\\\/\\\/www.sindicaturabarcelona.cat\\\/ca\\\/preocupacio-de-la-sindicatura-de-greuges-de-barcelona-envers-la-crisi-institucional-entre-els-cossos-policials-de-la-ciutat-de-barcelona-anunciada-pels-mitjans-de-comunicacio\\\/#primaryimage\"},\"image\":{\"@id\":\"https:\\\/\\\/www.sindicaturabarcelona.cat\\\/ca\\\/preocupacio-de-la-sindicatura-de-greuges-de-barcelona-envers-la-crisi-institucional-entre-els-cossos-policials-de-la-ciutat-de-barcelona-anunciada-pels-mitjans-de-comunicacio\\\/#primaryimage\"},\"thumbnailUrl\":\"https:\\\/\\\/www.sindicaturabarcelona.cat\\\/wp-content\\\/uploads\\\/Guardia-Urbana-Mossos.jpeg\",\"datePublished\":\"2024-01-22T20:03:59+00:00\",\"dateModified\":\"2024-01-23T14:43:11+00:00\",\"description\":\"La Sindicatura apel\u00b7la a l\u2019entesa dels responsables institucionals de la Gu\u00e0rdia Urbana de Barcelona i els Mossos d'Esquadra per...\",\"breadcrumb\":{\"@id\":\"https:\\\/\\\/www.sindicaturabarcelona.cat\\\/ca\\\/preocupacio-de-la-sindicatura-de-greuges-de-barcelona-envers-la-crisi-institucional-entre-els-cossos-policials-de-la-ciutat-de-barcelona-anunciada-pels-mitjans-de-comunicacio\\\/#breadcrumb\"},\"inLanguage\":\"ca\",\"potentialAction\":[{\"@type\":\"ReadAction\",\"target\":[\"https:\\\/\\\/www.sindicaturabarcelona.cat\\\/ca\\\/preocupacio-de-la-sindicatura-de-greuges-de-barcelona-envers-la-crisi-institucional-entre-els-cossos-policials-de-la-ciutat-de-barcelona-anunciada-pels-mitjans-de-comunicacio\\\/\"]}]},{\"@type\":\"ImageObject\",\"inLanguage\":\"ca\",\"@id\":\"https:\\\/\\\/www.sindicaturabarcelona.cat\\\/ca\\\/preocupacio-de-la-sindicatura-de-greuges-de-barcelona-envers-la-crisi-institucional-entre-els-cossos-policials-de-la-ciutat-de-barcelona-anunciada-pels-mitjans-de-comunicacio\\\/#primaryimage\",\"url\":\"https:\\\/\\\/www.sindicaturabarcelona.cat\\\/wp-content\\\/uploads\\\/Guardia-Urbana-Mossos.jpeg\",\"contentUrl\":\"https:\\\/\\\/www.sindicaturabarcelona.cat\\\/wp-content\\\/uploads\\\/Guardia-Urbana-Mossos.jpeg\",\"width\":1024,\"height\":768,\"caption\":\"Guardia Urbana de Barcelona\"},{\"@type\":\"BreadcrumbList\",\"@id\":\"https:\\\/\\\/www.sindicaturabarcelona.cat\\\/ca\\\/preocupacio-de-la-sindicatura-de-greuges-de-barcelona-envers-la-crisi-institucional-entre-els-cossos-policials-de-la-ciutat-de-barcelona-anunciada-pels-mitjans-de-comunicacio\\\/#breadcrumb\",\"itemListElement\":[{\"@type\":\"ListItem\",\"position\":1,\"name\":\"Inici\",\"item\":\"https:\\\/\\\/www.sindicaturabarcelona.cat\\\/ca\\\/\"},{\"@type\":\"ListItem\",\"position\":2,\"name\":\"Preocupaci\u00f3 de la Sindicatura de Greuges envers la crisi institucional entre els cossos policials de la ciutat de Barcelona, anunciada pels mitjans de comunicaci\u00f3\"}]},{\"@type\":\"WebSite\",\"@id\":\"https:\\\/\\\/www.sindicaturabarcelona.cat\\\/ca\\\/#website\",\"url\":\"https:\\\/\\\/www.sindicaturabarcelona.cat\\\/ca\\\/\",\"name\":\"Sindicatura de Greuges de Barcelona\",\"description\":\"La defensoria dels teus drets\",\"publisher\":{\"@id\":\"https:\\\/\\\/www.sindicaturabarcelona.cat\\\/ca\\\/#organization\"},\"potentialAction\":[{\"@type\":\"SearchAction\",\"target\":{\"@type\":\"EntryPoint\",\"urlTemplate\":\"https:\\\/\\\/www.sindicaturabarcelona.cat\\\/ca\\\/?s={search_term_string}\"},\"query-input\":{\"@type\":\"PropertyValueSpecification\",\"valueRequired\":true,\"valueName\":\"search_term_string\"}}],\"inLanguage\":\"ca\"},{\"@type\":\"Organization\",\"@id\":\"https:\\\/\\\/www.sindicaturabarcelona.cat\\\/ca\\\/#organization\",\"name\":\"Sindicatura de Greuges de Barcelona\",\"url\":\"https:\\\/\\\/www.sindicaturabarcelona.cat\\\/ca\\\/\",\"logo\":{\"@type\":\"ImageObject\",\"inLanguage\":\"ca\",\"@id\":\"https:\\\/\\\/www.sindicaturabarcelona.cat\\\/ca\\\/#\\\/schema\\\/logo\\\/image\\\/\",\"url\":\"https:\\\/\\\/www.sindicaturabarcelona.cat\\\/wp-content\\\/uploads\\\/2023\\\/02\\\/logo_sindicatura.svg\",\"contentUrl\":\"https:\\\/\\\/www.sindicaturabarcelona.cat\\\/wp-content\\\/uploads\\\/2023\\\/02\\\/logo_sindicatura.svg\",\"caption\":\"Sindicatura de Greuges de Barcelona\"},\"image\":{\"@id\":\"https:\\\/\\\/www.sindicaturabarcelona.cat\\\/ca\\\/#\\\/schema\\\/logo\\\/image\\\/\"},\"sameAs\":[\"https:\\\/\\\/x.com\\\/sindicbarcelona\",\"https:\\\/\\\/www.instagram.com\\\/sindicbarcelona\\\/\",\"https:\\\/\\\/www.tiktok.com\\\/@sindicaturabcn\",\"https:\\\/\\\/t.me\\\/sindicaturabarcelona\"]},{\"@type\":\"Person\",\"@id\":\"https:\\\/\\\/www.sindicaturabarcelona.cat\\\/ca\\\/#\\\/schema\\\/person\\\/0e5acffc350ffdbc97578159322c9452\",\"name\":\"Pablo\",\"image\":{\"@type\":\"ImageObject\",\"inLanguage\":\"ca\",\"@id\":\"https:\\\/\\\/secure.gravatar.com\\\/avatar\\\/c948169b402ef9492afde705c3dfd5e90e1a6a84ef6840a91124f805a25a480f?s=96&d=mm&r=g\",\"url\":\"https:\\\/\\\/secure.gravatar.com\\\/avatar\\\/c948169b402ef9492afde705c3dfd5e90e1a6a84ef6840a91124f805a25a480f?s=96&d=mm&r=g\",\"contentUrl\":\"https:\\\/\\\/secure.gravatar.com\\\/avatar\\\/c948169b402ef9492afde705c3dfd5e90e1a6a84ef6840a91124f805a25a480f?s=96&d=mm&r=g\",\"caption\":\"Pablo\"},\"url\":\"https:\\\/\\\/www.sindicaturabarcelona.cat\\\/ca\\\/author\\\/pablo\\\/\"}]}<\/script>\n<!-- \/ Yoast SEO plugin. -->","yoast_head_json":{"title":"Preocupaci\u00f3 de la Sindicatura de Greuges envers la crisi institucional entre els cossos policials de la ciutat de Barcelona, anunciada pels mitjans de comunicaci\u00f3 - Sindicatura de Greuges de Barcelona","description":"La Sindicatura apel\u00b7la a l\u2019entesa dels responsables institucionals de la Gu\u00e0rdia Urbana de Barcelona i els Mossos d'Esquadra per...","robots":{"index":"index","follow":"follow","max-snippet":"max-snippet:-1","max-image-preview":"max-image-preview:large","max-video-preview":"max-video-preview:-1"},"canonical":"https:\/\/www.sindicaturabarcelona.cat\/ca\/preocupacio-de-la-sindicatura-de-greuges-de-barcelona-envers-la-crisi-institucional-entre-els-cossos-policials-de-la-ciutat-de-barcelona-anunciada-pels-mitjans-de-comunicacio\/","og_locale":"ca_ES","og_type":"article","og_title":"Preocupaci\u00f3 de la Sindicatura de Greuges envers la crisi institucional entre els cossos policials de la ciutat de Barcelona, anunciada pels mitjans de comunicaci\u00f3 - Sindicatura de Greuges de Barcelona","og_description":"La Sindicatura apel\u00b7la a l\u2019entesa dels responsables institucionals de la Gu\u00e0rdia Urbana de Barcelona i els Mossos d'Esquadra per...","og_url":"https:\/\/www.sindicaturabarcelona.cat\/ca\/preocupacio-de-la-sindicatura-de-greuges-de-barcelona-envers-la-crisi-institucional-entre-els-cossos-policials-de-la-ciutat-de-barcelona-anunciada-pels-mitjans-de-comunicacio\/","og_site_name":"Sindicatura de Greuges de Barcelona","article_published_time":"2024-01-22T20:03:59+00:00","article_modified_time":"2024-01-23T14:43:11+00:00","og_image":[{"width":1024,"height":768,"url":"https:\/\/www.sindicaturabarcelona.cat\/wp-content\/uploads\/Guardia-Urbana-Mossos.jpeg","type":"image\/jpeg"}],"author":"Pablo","twitter_card":"summary_large_image","twitter_creator":"@sindicbarcelona","twitter_site":"@sindicbarcelona","twitter_misc":{"Escrit per":"Pablo","Temps estimat de lectura":"2 minuts"},"schema":{"@context":"https:\/\/schema.org","@graph":[{"@type":"Article","@id":"https:\/\/www.sindicaturabarcelona.cat\/ca\/preocupacio-de-la-sindicatura-de-greuges-de-barcelona-envers-la-crisi-institucional-entre-els-cossos-policials-de-la-ciutat-de-barcelona-anunciada-pels-mitjans-de-comunicacio\/#article","isPartOf":{"@id":"https:\/\/www.sindicaturabarcelona.cat\/ca\/preocupacio-de-la-sindicatura-de-greuges-de-barcelona-envers-la-crisi-institucional-entre-els-cossos-policials-de-la-ciutat-de-barcelona-anunciada-pels-mitjans-de-comunicacio\/"},"author":{"name":"Pablo","@id":"https:\/\/www.sindicaturabarcelona.cat\/ca\/#\/schema\/person\/0e5acffc350ffdbc97578159322c9452"},"headline":"Preocupaci\u00f3 de la Sindicatura de Greuges envers la crisi institucional entre els cossos policials de la ciutat de Barcelona, anunciada pels mitjans de comunicaci\u00f3","datePublished":"2024-01-22T20:03:59+00:00","dateModified":"2024-01-23T14:43:11+00:00","mainEntityOfPage":{"@id":"https:\/\/www.sindicaturabarcelona.cat\/ca\/preocupacio-de-la-sindicatura-de-greuges-de-barcelona-envers-la-crisi-institucional-entre-els-cossos-policials-de-la-ciutat-de-barcelona-anunciada-pels-mitjans-de-comunicacio\/"},"wordCount":342,"publisher":{"@id":"https:\/\/www.sindicaturabarcelona.cat\/ca\/#organization"},"image":{"@id":"https:\/\/www.sindicaturabarcelona.cat\/ca\/preocupacio-de-la-sindicatura-de-greuges-de-barcelona-envers-la-crisi-institucional-entre-els-cossos-policials-de-la-ciutat-de-barcelona-anunciada-pels-mitjans-de-comunicacio\/#primaryimage"},"thumbnailUrl":"https:\/\/www.sindicaturabarcelona.cat\/wp-content\/uploads\/Guardia-Urbana-Mossos.jpeg","inLanguage":"ca"},{"@type":"WebPage","@id":"https:\/\/www.sindicaturabarcelona.cat\/ca\/preocupacio-de-la-sindicatura-de-greuges-de-barcelona-envers-la-crisi-institucional-entre-els-cossos-policials-de-la-ciutat-de-barcelona-anunciada-pels-mitjans-de-comunicacio\/","url":"https:\/\/www.sindicaturabarcelona.cat\/ca\/preocupacio-de-la-sindicatura-de-greuges-de-barcelona-envers-la-crisi-institucional-entre-els-cossos-policials-de-la-ciutat-de-barcelona-anunciada-pels-mitjans-de-comunicacio\/","name":"Preocupaci\u00f3 de la Sindicatura de Greuges envers la crisi institucional entre els cossos policials de la ciutat de Barcelona, anunciada pels mitjans de comunicaci\u00f3 - Sindicatura de Greuges de Barcelona","isPartOf":{"@id":"https:\/\/www.sindicaturabarcelona.cat\/ca\/#website"},"primaryImageOfPage":{"@id":"https:\/\/www.sindicaturabarcelona.cat\/ca\/preocupacio-de-la-sindicatura-de-greuges-de-barcelona-envers-la-crisi-institucional-entre-els-cossos-policials-de-la-ciutat-de-barcelona-anunciada-pels-mitjans-de-comunicacio\/#primaryimage"},"image":{"@id":"https:\/\/www.sindicaturabarcelona.cat\/ca\/preocupacio-de-la-sindicatura-de-greuges-de-barcelona-envers-la-crisi-institucional-entre-els-cossos-policials-de-la-ciutat-de-barcelona-anunciada-pels-mitjans-de-comunicacio\/#primaryimage"},"thumbnailUrl":"https:\/\/www.sindicaturabarcelona.cat\/wp-content\/uploads\/Guardia-Urbana-Mossos.jpeg","datePublished":"2024-01-22T20:03:59+00:00","dateModified":"2024-01-23T14:43:11+00:00","description":"La Sindicatura apel\u00b7la a l\u2019entesa dels responsables institucionals de la Gu\u00e0rdia Urbana de Barcelona i els Mossos d'Esquadra per...","breadcrumb":{"@id":"https:\/\/www.sindicaturabarcelona.cat\/ca\/preocupacio-de-la-sindicatura-de-greuges-de-barcelona-envers-la-crisi-institucional-entre-els-cossos-policials-de-la-ciutat-de-barcelona-anunciada-pels-mitjans-de-comunicacio\/#breadcrumb"},"inLanguage":"ca","potentialAction":[{"@type":"ReadAction","target":["https:\/\/www.sindicaturabarcelona.cat\/ca\/preocupacio-de-la-sindicatura-de-greuges-de-barcelona-envers-la-crisi-institucional-entre-els-cossos-policials-de-la-ciutat-de-barcelona-anunciada-pels-mitjans-de-comunicacio\/"]}]},{"@type":"ImageObject","inLanguage":"ca","@id":"https:\/\/www.sindicaturabarcelona.cat\/ca\/preocupacio-de-la-sindicatura-de-greuges-de-barcelona-envers-la-crisi-institucional-entre-els-cossos-policials-de-la-ciutat-de-barcelona-anunciada-pels-mitjans-de-comunicacio\/#primaryimage","url":"https:\/\/www.sindicaturabarcelona.cat\/wp-content\/uploads\/Guardia-Urbana-Mossos.jpeg","contentUrl":"https:\/\/www.sindicaturabarcelona.cat\/wp-content\/uploads\/Guardia-Urbana-Mossos.jpeg","width":1024,"height":768,"caption":"Guardia Urbana de Barcelona"},{"@type":"BreadcrumbList","@id":"https:\/\/www.sindicaturabarcelona.cat\/ca\/preocupacio-de-la-sindicatura-de-greuges-de-barcelona-envers-la-crisi-institucional-entre-els-cossos-policials-de-la-ciutat-de-barcelona-anunciada-pels-mitjans-de-comunicacio\/#breadcrumb","itemListElement":[{"@type":"ListItem","position":1,"name":"Inici","item":"https:\/\/www.sindicaturabarcelona.cat\/ca\/"},{"@type":"ListItem","position":2,"name":"Preocupaci\u00f3 de la Sindicatura de Greuges envers la crisi institucional entre els cossos policials de la ciutat de Barcelona, anunciada pels mitjans de comunicaci\u00f3"}]},{"@type":"WebSite","@id":"https:\/\/www.sindicaturabarcelona.cat\/ca\/#website","url":"https:\/\/www.sindicaturabarcelona.cat\/ca\/","name":"Sindicatura de Greuges de Barcelona","description":"La defensoria dels teus drets","publisher":{"@id":"https:\/\/www.sindicaturabarcelona.cat\/ca\/#organization"},"potentialAction":[{"@type":"SearchAction","target":{"@type":"EntryPoint","urlTemplate":"https:\/\/www.sindicaturabarcelona.cat\/ca\/?s={search_term_string}"},"query-input":{"@type":"PropertyValueSpecification","valueRequired":true,"valueName":"search_term_string"}}],"inLanguage":"ca"},{"@type":"Organization","@id":"https:\/\/www.sindicaturabarcelona.cat\/ca\/#organization","name":"Sindicatura de Greuges de Barcelona","url":"https:\/\/www.sindicaturabarcelona.cat\/ca\/","logo":{"@type":"ImageObject","inLanguage":"ca","@id":"https:\/\/www.sindicaturabarcelona.cat\/ca\/#\/schema\/logo\/image\/","url":"https:\/\/www.sindicaturabarcelona.cat\/wp-content\/uploads\/2023\/02\/logo_sindicatura.svg","contentUrl":"https:\/\/www.sindicaturabarcelona.cat\/wp-content\/uploads\/2023\/02\/logo_sindicatura.svg","caption":"Sindicatura de Greuges de Barcelona"},"image":{"@id":"https:\/\/www.sindicaturabarcelona.cat\/ca\/#\/schema\/logo\/image\/"},"sameAs":["https:\/\/x.com\/sindicbarcelona","https:\/\/www.instagram.com\/sindicbarcelona\/","https:\/\/www.tiktok.com\/@sindicaturabcn","https:\/\/t.me\/sindicaturabarcelona"]},{"@type":"Person","@id":"https:\/\/www.sindicaturabarcelona.cat\/ca\/#\/schema\/person\/0e5acffc350ffdbc97578159322c9452","name":"Pablo","image":{"@type":"ImageObject","inLanguage":"ca","@id":"https:\/\/secure.gravatar.com\/avatar\/c948169b402ef9492afde705c3dfd5e90e1a6a84ef6840a91124f805a25a480f?s=96&d=mm&r=g","url":"https:\/\/secure.gravatar.com\/avatar\/c948169b402ef9492afde705c3dfd5e90e1a6a84ef6840a91124f805a25a480f?s=96&d=mm&r=g","contentUrl":"https:\/\/secure.gravatar.com\/avatar\/c948169b402ef9492afde705c3dfd5e90e1a6a84ef6840a91124f805a25a480f?s=96&d=mm&r=g","caption":"Pablo"},"url":"https:\/\/www.sindicaturabarcelona.cat\/ca\/author\/pablo\/"}]}},"_links":{"self":[{"href":"https:\/\/www.sindicaturabarcelona.cat\/ca\/wp-json\/wp\/v2\/posts\/31122","targetHints":{"allow":["GET"]}}],"collection":[{"href":"https:\/\/www.sindicaturabarcelona.cat\/ca\/wp-json\/wp\/v2\/posts"}],"about":[{"href":"https:\/\/www.sindicaturabarcelona.cat\/ca\/wp-json\/wp\/v2\/types\/post"}],"author":[{"embeddable":true,"href":"https:\/\/www.sindicaturabarcelona.cat\/ca\/wp-json\/wp\/v2\/users\/2"}],"replies":[{"embeddable":true,"href":"https:\/\/www.sindicaturabarcelona.cat\/ca\/wp-json\/wp\/v2\/comments?post=31122"}],"version-history":[{"count":4,"href":"https:\/\/www.sindicaturabarcelona.cat\/ca\/wp-json\/wp\/v2\/posts\/31122\/revisions"}],"predecessor-version":[{"id":31148,"href":"https:\/\/www.sindicaturabarcelona.cat\/ca\/wp-json\/wp\/v2\/posts\/31122\/revisions\/31148"}],"wp:featuredmedia":[{"embeddable":true,"href":"https:\/\/www.sindicaturabarcelona.cat\/ca\/wp-json\/wp\/v2\/media\/31123"}],"wp:attachment":[{"href":"https:\/\/www.sindicaturabarcelona.cat\/ca\/wp-json\/wp\/v2\/media?parent=31122"}],"wp:term":[{"taxonomy":"post_tag","embeddable":true,"href":"https:\/\/www.sindicaturabarcelona.cat\/ca\/wp-json\/wp\/v2\/tags?post=31122"},{"taxonomy":"drets","embeddable":true,"href":"https:\/\/www.sindicaturabarcelona.cat\/ca\/wp-json\/wp\/v2\/drets?post=31122"}],"curies":[{"name":"wp","href":"https:\/\/api.w.org\/{rel}","templated":true}]}}