{"id":31058,"date":"2024-01-19T10:41:31","date_gmt":"2024-01-19T08:41:31","guid":{"rendered":"https:\/\/www.sindicaturabarcelona.cat\/?p=31058"},"modified":"2024-01-22T12:33:12","modified_gmt":"2024-01-22T10:33:12","slug":"la-sindicatura-recomana-una-campanya-de-conscienciacio-ciutadana-per-combatre-lexces-de-bruticia-al-carrer-nou-de-la-rambla","status":"publish","type":"post","link":"https:\/\/www.sindicaturabarcelona.cat\/ca\/la-sindicatura-recomana-una-campanya-de-conscienciacio-ciutadana-per-combatre-lexces-de-bruticia-al-carrer-nou-de-la-rambla\/","title":{"rendered":"La Sindicatura recomana una campanya de conscienciaci\u00f3 ciutadana per combatre l\u2019exc\u00e9s de brut\u00edcia al carrer Nou de la Rambla"},"content":{"rendered":"\n<h2 class=\"wp-block-heading\">L\u2019origen d\u2019aquesta actuaci\u00f3 rau en la queixa d\u2019un ciutad\u00e0 a la Sindicatura, tot afirmant que la neteja efectuada pels serveis municipals \u00e9s insuficient, fet que genera cert malestar entre el ve\u00efnat.<\/h2>\n\n\n\n<p><strong>La <a href=\"http:\/\/www.sindicaturabarcelona.cat\" target=\"_blank\" rel=\"noreferrer noopener\">Sindicatura de Greuges de Barcelona<\/a> ha copsat com en el carrer Nou de la Rambla, especialment en el tram compr\u00e8s entre els carrers Piqu\u00e9 i Vila i Vil\u00e0, s\u2019hi acumula m\u00e9s brut\u00edcia que a altres carrers de l\u2019entorn<\/strong>.<strong> Una de les causes, entre altres factors, \u00e9s la pressi\u00f3 tur\u00edstica que pateix la zona<\/strong>.<\/p>\n\n\n\n<p><strong>Com actua la Sindicatura davant d\u2019aquests casos?<\/strong><\/p>\n\n\n\n<p>Per tal de valorar la situaci\u00f3, des de la defensoria de la ciutadania barcelonina es va demanar a la Regidoria d\u2019Emerg\u00e8ncia Clim\u00e0tica i Transici\u00f3 Ecol\u00f2gica informaci\u00f3 en relaci\u00f3 amb la queixa presentada. <strong>Aquesta informaci\u00f3 ha trigat m\u00e9s de 16 mesos en ser facilitada, fet que supera amb escreix el que pot considerar-se un temps raonable d\u2019acord amb els principis d\u2019efici\u00e8ncia i bona administraci\u00f3<\/strong> amb qu\u00e8 han de regir-se els serveis municipals, i incompleix el deure de col\u00b7laboraci\u00f3.<\/p>\n\n\n\n<p>El consistori admet haver rebut, des del juny de 2022, for\u00e7a reclamacions per part de la persona afectada, per\u00f2 assegura haver respost a la majoria de les comunicacions informant-lo de les actuacions dutes a terme en cada cas i de les tasques de neteja programades de manera regular en el carrer.<\/p>\n\n\n\n<p><strong>A les tasques programades setmanalment s\u2019hi ha afegit l\u2019actuaci\u00f3 de les brigades de barri per tal de millorar la qualitat de la neteja en els punts on s\u2019acostuma a acumular m\u00e9s brut\u00edcia. Tamb\u00e9 es duen a terme intervencions de seguiment per comprovar i valorar si els serveis de neteja estan ben dimensionats, i si les tasques s\u2019executen correctament.<\/strong> En cas que no sigui aix\u00ed, s\u2019apliquen noves mesures per adequar-les.<\/p>\n\n\n\n<p><strong>L&#8217;Ajuntament informa que cal tenir present que en el tram del carrer Nou de la Rambla objecte de la queixa hi ha una gran quantitat de locals d\u2019oci nocturn i de restauraci\u00f3, aix\u00ed com un elevat nombre de persones en situaci\u00f3 de sensellarisme. Alhora, les obres d\u2019urbanitzaci\u00f3 del carrer Piqu\u00e9 van obligar a despla\u00e7ar durant un temps els contenidors<\/strong> de recollida d\u2019escombraries, i van comportar alguns actes inc\u00edvics pel que fa al dip\u00f2sit de deixalles i residus de materials d\u2019obra de manera inadequada.<\/p>\n\n\n\n<p>En aquest sentit, <strong>la Sindicatura \u00e9s conscient de la complexitat de la neteja i el manteniment de les vies i els espais p\u00fablics de la ciutat<\/strong>. Certs empla\u00e7aments resulten m\u00e9s dif\u00edcils de preservar en condicions \u00f2ptimes de salubritat per diverses circumst\u00e0ncies que, en moltes ocasions, tenen a veure amb el <strong>comportament ciutad\u00e0<\/strong>.<\/p>\n\n\n\n<p>Des de la Sindicatura de Greuges recordem que totes les persones tenen l\u2019obligaci\u00f3 d\u2019utilitzar correctament els espais p\u00fablics de la ciutat, tot respectant-ne el dret que tamb\u00e9 tenen els altres ciutadans d\u2019usar-los i gaudir-los. Alhora, \u00e9s compet\u00e8ncia de l\u2019Ajuntament promoure accions c\u00edviques que constitueixin un exemple de conviv\u00e8ncia i perseguir les actuacions de qui pertorbi indegudament la vida quotidiana.<\/p>\n\n\n\n<p><strong>La resoluci\u00f3 de la Sindicatura<\/strong><\/p>\n\n\n\n<p>D\u2019acord amb tot el que s\u2019ha exposat, la Sindicatura considera que <a href=\"https:\/\/ajuntament.barcelona.cat\/ca\/\" target=\"_blank\" rel=\"noreferrer noopener\">l\u2019Ajuntament de Barcelona<\/a> disposa d\u2019una planificaci\u00f3 de neteja que t\u00e9 en compte els usos i necessitats de cada zona, i que treballa amb diversos processos d\u2019implicaci\u00f3 ciutadana basats en la corresponsabilitat per fer m\u00e9s incid\u00e8ncia en determinades zones de la ciutat.<\/p>\n\n\n\n<p>A m\u00e9s, al llarg dels darrers anys ha desenvolupat diverses campanyes i actuacions per tal de promoure el civisme. <strong>En aquest sentit, es recomana a la Direcci\u00f3 de Serveis de Neteja i Gesti\u00f3 de Residus que continu\u00ef fent seguiment de les condicions de neteja en el tram del carrer Nou de la Rambla i que valori la conveni\u00e8ncia de dur a terme una campanya espec\u00edfica de conscienciaci\u00f3 ciutadana en aquest barri.<\/strong><\/p>\n\n\n\n<p>I \u00e9s que la neteja i el civisme han de continuar millorant, per\u00f2 en la majoria d\u2019ocasions la responsabilitat recau en els ciutadans, qui, amb el seu comportament i h\u00e0bits c\u00edvics, han de facilitar l\u2019hegemonia social i el m\u00ednim d\u2019intervenci\u00f3 possible dels serveis municipals.<\/p>\n","protected":false},"excerpt":{"rendered":"<p>L\u2019origen d\u2019aquesta actuaci\u00f3 rau en la queixa d\u2019un ciutad\u00e0 a la Sindicatura, tot afirmant que la neteja efectuada pels serveis municipals \u00e9s insuficient, fet que genera cert malestar entre el [&hellip;]<\/p>\n","protected":false},"author":2,"featured_media":31059,"comment_status":"closed","ping_status":"closed","sticky":false,"template":"","format":"standard","meta":{"_acf_changed":false,"footnotes":""},"tags":[],"drets":[1438,1448],"class_list":["post-31058","post","type-post","status-publish","format-standard","has-post-thumbnail","hentry","drets-ciutat-habitable-i-sostenible","drets-dret-al-medi-ambient"],"acf":[],"yoast_head":"<!-- This site is optimized with the Yoast SEO plugin v27.5 - https:\/\/yoast.com\/product\/yoast-seo-wordpress\/ -->\n<title>La Sindicatura recomana una campanya de conscienciaci\u00f3 ciutadana per combatre l\u2019exc\u00e9s de brut\u00edcia al carrer Nou de la Rambla - Sindicatura de Greuges de Barcelona<\/title>\n<meta name=\"description\" content=\"La defensoria ha copsat com en el carrer Nou de la Rambla, especialment en el tram entre els carrers Piqu\u00e9 i Vila i Vil\u00e0, s\u2019hi acumula m\u00e9s..\" \/>\n<meta name=\"robots\" content=\"index, follow, max-snippet:-1, max-image-preview:large, max-video-preview:-1\" \/>\n<link rel=\"canonical\" href=\"https:\/\/www.sindicaturabarcelona.cat\/ca\/la-sindicatura-recomana-una-campanya-de-conscienciacio-ciutadana-per-combatre-lexces-de-bruticia-al-carrer-nou-de-la-rambla\/\" \/>\n<meta property=\"og:locale\" content=\"ca_ES\" \/>\n<meta property=\"og:type\" content=\"article\" \/>\n<meta property=\"og:title\" content=\"La Sindicatura recomana una campanya de conscienciaci\u00f3 ciutadana per combatre l\u2019exc\u00e9s de brut\u00edcia al carrer Nou de la Rambla - Sindicatura de Greuges de Barcelona\" \/>\n<meta property=\"og:description\" content=\"La defensoria ha copsat com en el carrer Nou de la Rambla, especialment en el tram entre els carrers Piqu\u00e9 i Vila i Vil\u00e0, s\u2019hi acumula m\u00e9s..\" \/>\n<meta property=\"og:url\" content=\"https:\/\/www.sindicaturabarcelona.cat\/ca\/la-sindicatura-recomana-una-campanya-de-conscienciacio-ciutadana-per-combatre-lexces-de-bruticia-al-carrer-nou-de-la-rambla\/\" \/>\n<meta property=\"og:site_name\" content=\"Sindicatura de Greuges de Barcelona\" \/>\n<meta property=\"article:published_time\" content=\"2024-01-19T08:41:31+00:00\" \/>\n<meta property=\"article:modified_time\" content=\"2024-01-22T10:33:12+00:00\" \/>\n<meta property=\"og:image\" content=\"https:\/\/www.sindicaturabarcelona.cat\/wp-content\/uploads\/27304_230907_AF_NetejaGraffitis_14.jpg\" \/>\n\t<meta property=\"og:image:width\" content=\"1533\" \/>\n\t<meta property=\"og:image:height\" content=\"1024\" \/>\n\t<meta property=\"og:image:type\" content=\"image\/jpeg\" \/>\n<meta name=\"author\" content=\"Pablo\" \/>\n<meta name=\"twitter:card\" content=\"summary_large_image\" \/>\n<meta name=\"twitter:creator\" content=\"@sindicbarcelona\" \/>\n<meta name=\"twitter:site\" content=\"@sindicbarcelona\" \/>\n<meta name=\"twitter:label1\" content=\"Escrit per\" \/>\n\t<meta name=\"twitter:data1\" content=\"Pablo\" \/>\n\t<meta name=\"twitter:label2\" content=\"Temps estimat de lectura\" \/>\n\t<meta name=\"twitter:data2\" content=\"4 minuts\" \/>\n<script type=\"application\/ld+json\" class=\"yoast-schema-graph\">{\"@context\":\"https:\\\/\\\/schema.org\",\"@graph\":[{\"@type\":\"Article\",\"@id\":\"https:\\\/\\\/www.sindicaturabarcelona.cat\\\/ca\\\/la-sindicatura-recomana-una-campanya-de-conscienciacio-ciutadana-per-combatre-lexces-de-bruticia-al-carrer-nou-de-la-rambla\\\/#article\",\"isPartOf\":{\"@id\":\"https:\\\/\\\/www.sindicaturabarcelona.cat\\\/ca\\\/la-sindicatura-recomana-una-campanya-de-conscienciacio-ciutadana-per-combatre-lexces-de-bruticia-al-carrer-nou-de-la-rambla\\\/\"},\"author\":{\"name\":\"Pablo\",\"@id\":\"https:\\\/\\\/www.sindicaturabarcelona.cat\\\/ca\\\/#\\\/schema\\\/person\\\/0e5acffc350ffdbc97578159322c9452\"},\"headline\":\"La Sindicatura recomana una campanya de conscienciaci\u00f3 ciutadana per combatre l\u2019exc\u00e9s de brut\u00edcia al carrer Nou de la Rambla\",\"datePublished\":\"2024-01-19T08:41:31+00:00\",\"dateModified\":\"2024-01-22T10:33:12+00:00\",\"mainEntityOfPage\":{\"@id\":\"https:\\\/\\\/www.sindicaturabarcelona.cat\\\/ca\\\/la-sindicatura-recomana-una-campanya-de-conscienciacio-ciutadana-per-combatre-lexces-de-bruticia-al-carrer-nou-de-la-rambla\\\/\"},\"wordCount\":740,\"publisher\":{\"@id\":\"https:\\\/\\\/www.sindicaturabarcelona.cat\\\/ca\\\/#organization\"},\"image\":{\"@id\":\"https:\\\/\\\/www.sindicaturabarcelona.cat\\\/ca\\\/la-sindicatura-recomana-una-campanya-de-conscienciacio-ciutadana-per-combatre-lexces-de-bruticia-al-carrer-nou-de-la-rambla\\\/#primaryimage\"},\"thumbnailUrl\":\"https:\\\/\\\/www.sindicaturabarcelona.cat\\\/wp-content\\\/uploads\\\/27304_230907_AF_NetejaGraffitis_14.jpg\",\"inLanguage\":\"ca\"},{\"@type\":\"WebPage\",\"@id\":\"https:\\\/\\\/www.sindicaturabarcelona.cat\\\/ca\\\/la-sindicatura-recomana-una-campanya-de-conscienciacio-ciutadana-per-combatre-lexces-de-bruticia-al-carrer-nou-de-la-rambla\\\/\",\"url\":\"https:\\\/\\\/www.sindicaturabarcelona.cat\\\/ca\\\/la-sindicatura-recomana-una-campanya-de-conscienciacio-ciutadana-per-combatre-lexces-de-bruticia-al-carrer-nou-de-la-rambla\\\/\",\"name\":\"La Sindicatura recomana una campanya de conscienciaci\u00f3 ciutadana per combatre l\u2019exc\u00e9s de brut\u00edcia al carrer Nou de la Rambla - Sindicatura de Greuges de Barcelona\",\"isPartOf\":{\"@id\":\"https:\\\/\\\/www.sindicaturabarcelona.cat\\\/ca\\\/#website\"},\"primaryImageOfPage\":{\"@id\":\"https:\\\/\\\/www.sindicaturabarcelona.cat\\\/ca\\\/la-sindicatura-recomana-una-campanya-de-conscienciacio-ciutadana-per-combatre-lexces-de-bruticia-al-carrer-nou-de-la-rambla\\\/#primaryimage\"},\"image\":{\"@id\":\"https:\\\/\\\/www.sindicaturabarcelona.cat\\\/ca\\\/la-sindicatura-recomana-una-campanya-de-conscienciacio-ciutadana-per-combatre-lexces-de-bruticia-al-carrer-nou-de-la-rambla\\\/#primaryimage\"},\"thumbnailUrl\":\"https:\\\/\\\/www.sindicaturabarcelona.cat\\\/wp-content\\\/uploads\\\/27304_230907_AF_NetejaGraffitis_14.jpg\",\"datePublished\":\"2024-01-19T08:41:31+00:00\",\"dateModified\":\"2024-01-22T10:33:12+00:00\",\"description\":\"La defensoria ha copsat com en el carrer Nou de la Rambla, especialment en el tram entre els carrers Piqu\u00e9 i Vila i Vil\u00e0, s\u2019hi acumula m\u00e9s..\",\"breadcrumb\":{\"@id\":\"https:\\\/\\\/www.sindicaturabarcelona.cat\\\/ca\\\/la-sindicatura-recomana-una-campanya-de-conscienciacio-ciutadana-per-combatre-lexces-de-bruticia-al-carrer-nou-de-la-rambla\\\/#breadcrumb\"},\"inLanguage\":\"ca\",\"potentialAction\":[{\"@type\":\"ReadAction\",\"target\":[\"https:\\\/\\\/www.sindicaturabarcelona.cat\\\/ca\\\/la-sindicatura-recomana-una-campanya-de-conscienciacio-ciutadana-per-combatre-lexces-de-bruticia-al-carrer-nou-de-la-rambla\\\/\"]}]},{\"@type\":\"ImageObject\",\"inLanguage\":\"ca\",\"@id\":\"https:\\\/\\\/www.sindicaturabarcelona.cat\\\/ca\\\/la-sindicatura-recomana-una-campanya-de-conscienciacio-ciutadana-per-combatre-lexces-de-bruticia-al-carrer-nou-de-la-rambla\\\/#primaryimage\",\"url\":\"https:\\\/\\\/www.sindicaturabarcelona.cat\\\/wp-content\\\/uploads\\\/27304_230907_AF_NetejaGraffitis_14.jpg\",\"contentUrl\":\"https:\\\/\\\/www.sindicaturabarcelona.cat\\\/wp-content\\\/uploads\\\/27304_230907_AF_NetejaGraffitis_14.jpg\",\"width\":1533,\"height\":1024,\"caption\":\"Nou de la Rambla\"},{\"@type\":\"BreadcrumbList\",\"@id\":\"https:\\\/\\\/www.sindicaturabarcelona.cat\\\/ca\\\/la-sindicatura-recomana-una-campanya-de-conscienciacio-ciutadana-per-combatre-lexces-de-bruticia-al-carrer-nou-de-la-rambla\\\/#breadcrumb\",\"itemListElement\":[{\"@type\":\"ListItem\",\"position\":1,\"name\":\"Inici\",\"item\":\"https:\\\/\\\/www.sindicaturabarcelona.cat\\\/ca\\\/\"},{\"@type\":\"ListItem\",\"position\":2,\"name\":\"La Sindicatura recomana una campanya de conscienciaci\u00f3 ciutadana per combatre l\u2019exc\u00e9s de brut\u00edcia al carrer Nou de la Rambla\"}]},{\"@type\":\"WebSite\",\"@id\":\"https:\\\/\\\/www.sindicaturabarcelona.cat\\\/ca\\\/#website\",\"url\":\"https:\\\/\\\/www.sindicaturabarcelona.cat\\\/ca\\\/\",\"name\":\"Sindicatura de Greuges de Barcelona\",\"description\":\"La defensoria dels teus drets\",\"publisher\":{\"@id\":\"https:\\\/\\\/www.sindicaturabarcelona.cat\\\/ca\\\/#organization\"},\"potentialAction\":[{\"@type\":\"SearchAction\",\"target\":{\"@type\":\"EntryPoint\",\"urlTemplate\":\"https:\\\/\\\/www.sindicaturabarcelona.cat\\\/ca\\\/?s={search_term_string}\"},\"query-input\":{\"@type\":\"PropertyValueSpecification\",\"valueRequired\":true,\"valueName\":\"search_term_string\"}}],\"inLanguage\":\"ca\"},{\"@type\":\"Organization\",\"@id\":\"https:\\\/\\\/www.sindicaturabarcelona.cat\\\/ca\\\/#organization\",\"name\":\"Sindicatura de Greuges de Barcelona\",\"url\":\"https:\\\/\\\/www.sindicaturabarcelona.cat\\\/ca\\\/\",\"logo\":{\"@type\":\"ImageObject\",\"inLanguage\":\"ca\",\"@id\":\"https:\\\/\\\/www.sindicaturabarcelona.cat\\\/ca\\\/#\\\/schema\\\/logo\\\/image\\\/\",\"url\":\"https:\\\/\\\/www.sindicaturabarcelona.cat\\\/wp-content\\\/uploads\\\/2023\\\/02\\\/logo_sindicatura.svg\",\"contentUrl\":\"https:\\\/\\\/www.sindicaturabarcelona.cat\\\/wp-content\\\/uploads\\\/2023\\\/02\\\/logo_sindicatura.svg\",\"caption\":\"Sindicatura de Greuges de Barcelona\"},\"image\":{\"@id\":\"https:\\\/\\\/www.sindicaturabarcelona.cat\\\/ca\\\/#\\\/schema\\\/logo\\\/image\\\/\"},\"sameAs\":[\"https:\\\/\\\/x.com\\\/sindicbarcelona\",\"https:\\\/\\\/www.instagram.com\\\/sindicbarcelona\\\/\",\"https:\\\/\\\/www.tiktok.com\\\/@sindicaturabcn\",\"https:\\\/\\\/t.me\\\/sindicaturabarcelona\"]},{\"@type\":\"Person\",\"@id\":\"https:\\\/\\\/www.sindicaturabarcelona.cat\\\/ca\\\/#\\\/schema\\\/person\\\/0e5acffc350ffdbc97578159322c9452\",\"name\":\"Pablo\",\"image\":{\"@type\":\"ImageObject\",\"inLanguage\":\"ca\",\"@id\":\"https:\\\/\\\/secure.gravatar.com\\\/avatar\\\/c948169b402ef9492afde705c3dfd5e90e1a6a84ef6840a91124f805a25a480f?s=96&d=mm&r=g\",\"url\":\"https:\\\/\\\/secure.gravatar.com\\\/avatar\\\/c948169b402ef9492afde705c3dfd5e90e1a6a84ef6840a91124f805a25a480f?s=96&d=mm&r=g\",\"contentUrl\":\"https:\\\/\\\/secure.gravatar.com\\\/avatar\\\/c948169b402ef9492afde705c3dfd5e90e1a6a84ef6840a91124f805a25a480f?s=96&d=mm&r=g\",\"caption\":\"Pablo\"},\"url\":\"https:\\\/\\\/www.sindicaturabarcelona.cat\\\/ca\\\/author\\\/pablo\\\/\"}]}<\/script>\n<!-- \/ Yoast SEO plugin. -->","yoast_head_json":{"title":"La Sindicatura recomana una campanya de conscienciaci\u00f3 ciutadana per combatre l\u2019exc\u00e9s de brut\u00edcia al carrer Nou de la Rambla - Sindicatura de Greuges de Barcelona","description":"La defensoria ha copsat com en el carrer Nou de la Rambla, especialment en el tram entre els carrers Piqu\u00e9 i Vila i Vil\u00e0, s\u2019hi acumula m\u00e9s..","robots":{"index":"index","follow":"follow","max-snippet":"max-snippet:-1","max-image-preview":"max-image-preview:large","max-video-preview":"max-video-preview:-1"},"canonical":"https:\/\/www.sindicaturabarcelona.cat\/ca\/la-sindicatura-recomana-una-campanya-de-conscienciacio-ciutadana-per-combatre-lexces-de-bruticia-al-carrer-nou-de-la-rambla\/","og_locale":"ca_ES","og_type":"article","og_title":"La Sindicatura recomana una campanya de conscienciaci\u00f3 ciutadana per combatre l\u2019exc\u00e9s de brut\u00edcia al carrer Nou de la Rambla - Sindicatura de Greuges de Barcelona","og_description":"La defensoria ha copsat com en el carrer Nou de la Rambla, especialment en el tram entre els carrers Piqu\u00e9 i Vila i Vil\u00e0, s\u2019hi acumula m\u00e9s..","og_url":"https:\/\/www.sindicaturabarcelona.cat\/ca\/la-sindicatura-recomana-una-campanya-de-conscienciacio-ciutadana-per-combatre-lexces-de-bruticia-al-carrer-nou-de-la-rambla\/","og_site_name":"Sindicatura de Greuges de Barcelona","article_published_time":"2024-01-19T08:41:31+00:00","article_modified_time":"2024-01-22T10:33:12+00:00","og_image":[{"width":1533,"height":1024,"url":"https:\/\/www.sindicaturabarcelona.cat\/wp-content\/uploads\/27304_230907_AF_NetejaGraffitis_14.jpg","type":"image\/jpeg"}],"author":"Pablo","twitter_card":"summary_large_image","twitter_creator":"@sindicbarcelona","twitter_site":"@sindicbarcelona","twitter_misc":{"Escrit per":"Pablo","Temps estimat de lectura":"4 minuts"},"schema":{"@context":"https:\/\/schema.org","@graph":[{"@type":"Article","@id":"https:\/\/www.sindicaturabarcelona.cat\/ca\/la-sindicatura-recomana-una-campanya-de-conscienciacio-ciutadana-per-combatre-lexces-de-bruticia-al-carrer-nou-de-la-rambla\/#article","isPartOf":{"@id":"https:\/\/www.sindicaturabarcelona.cat\/ca\/la-sindicatura-recomana-una-campanya-de-conscienciacio-ciutadana-per-combatre-lexces-de-bruticia-al-carrer-nou-de-la-rambla\/"},"author":{"name":"Pablo","@id":"https:\/\/www.sindicaturabarcelona.cat\/ca\/#\/schema\/person\/0e5acffc350ffdbc97578159322c9452"},"headline":"La Sindicatura recomana una campanya de conscienciaci\u00f3 ciutadana per combatre l\u2019exc\u00e9s de brut\u00edcia al carrer Nou de la Rambla","datePublished":"2024-01-19T08:41:31+00:00","dateModified":"2024-01-22T10:33:12+00:00","mainEntityOfPage":{"@id":"https:\/\/www.sindicaturabarcelona.cat\/ca\/la-sindicatura-recomana-una-campanya-de-conscienciacio-ciutadana-per-combatre-lexces-de-bruticia-al-carrer-nou-de-la-rambla\/"},"wordCount":740,"publisher":{"@id":"https:\/\/www.sindicaturabarcelona.cat\/ca\/#organization"},"image":{"@id":"https:\/\/www.sindicaturabarcelona.cat\/ca\/la-sindicatura-recomana-una-campanya-de-conscienciacio-ciutadana-per-combatre-lexces-de-bruticia-al-carrer-nou-de-la-rambla\/#primaryimage"},"thumbnailUrl":"https:\/\/www.sindicaturabarcelona.cat\/wp-content\/uploads\/27304_230907_AF_NetejaGraffitis_14.jpg","inLanguage":"ca"},{"@type":"WebPage","@id":"https:\/\/www.sindicaturabarcelona.cat\/ca\/la-sindicatura-recomana-una-campanya-de-conscienciacio-ciutadana-per-combatre-lexces-de-bruticia-al-carrer-nou-de-la-rambla\/","url":"https:\/\/www.sindicaturabarcelona.cat\/ca\/la-sindicatura-recomana-una-campanya-de-conscienciacio-ciutadana-per-combatre-lexces-de-bruticia-al-carrer-nou-de-la-rambla\/","name":"La Sindicatura recomana una campanya de conscienciaci\u00f3 ciutadana per combatre l\u2019exc\u00e9s de brut\u00edcia al carrer Nou de la Rambla - Sindicatura de Greuges de Barcelona","isPartOf":{"@id":"https:\/\/www.sindicaturabarcelona.cat\/ca\/#website"},"primaryImageOfPage":{"@id":"https:\/\/www.sindicaturabarcelona.cat\/ca\/la-sindicatura-recomana-una-campanya-de-conscienciacio-ciutadana-per-combatre-lexces-de-bruticia-al-carrer-nou-de-la-rambla\/#primaryimage"},"image":{"@id":"https:\/\/www.sindicaturabarcelona.cat\/ca\/la-sindicatura-recomana-una-campanya-de-conscienciacio-ciutadana-per-combatre-lexces-de-bruticia-al-carrer-nou-de-la-rambla\/#primaryimage"},"thumbnailUrl":"https:\/\/www.sindicaturabarcelona.cat\/wp-content\/uploads\/27304_230907_AF_NetejaGraffitis_14.jpg","datePublished":"2024-01-19T08:41:31+00:00","dateModified":"2024-01-22T10:33:12+00:00","description":"La defensoria ha copsat com en el carrer Nou de la Rambla, especialment en el tram entre els carrers Piqu\u00e9 i Vila i Vil\u00e0, s\u2019hi acumula m\u00e9s..","breadcrumb":{"@id":"https:\/\/www.sindicaturabarcelona.cat\/ca\/la-sindicatura-recomana-una-campanya-de-conscienciacio-ciutadana-per-combatre-lexces-de-bruticia-al-carrer-nou-de-la-rambla\/#breadcrumb"},"inLanguage":"ca","potentialAction":[{"@type":"ReadAction","target":["https:\/\/www.sindicaturabarcelona.cat\/ca\/la-sindicatura-recomana-una-campanya-de-conscienciacio-ciutadana-per-combatre-lexces-de-bruticia-al-carrer-nou-de-la-rambla\/"]}]},{"@type":"ImageObject","inLanguage":"ca","@id":"https:\/\/www.sindicaturabarcelona.cat\/ca\/la-sindicatura-recomana-una-campanya-de-conscienciacio-ciutadana-per-combatre-lexces-de-bruticia-al-carrer-nou-de-la-rambla\/#primaryimage","url":"https:\/\/www.sindicaturabarcelona.cat\/wp-content\/uploads\/27304_230907_AF_NetejaGraffitis_14.jpg","contentUrl":"https:\/\/www.sindicaturabarcelona.cat\/wp-content\/uploads\/27304_230907_AF_NetejaGraffitis_14.jpg","width":1533,"height":1024,"caption":"Nou de la Rambla"},{"@type":"BreadcrumbList","@id":"https:\/\/www.sindicaturabarcelona.cat\/ca\/la-sindicatura-recomana-una-campanya-de-conscienciacio-ciutadana-per-combatre-lexces-de-bruticia-al-carrer-nou-de-la-rambla\/#breadcrumb","itemListElement":[{"@type":"ListItem","position":1,"name":"Inici","item":"https:\/\/www.sindicaturabarcelona.cat\/ca\/"},{"@type":"ListItem","position":2,"name":"La Sindicatura recomana una campanya de conscienciaci\u00f3 ciutadana per combatre l\u2019exc\u00e9s de brut\u00edcia al carrer Nou de la Rambla"}]},{"@type":"WebSite","@id":"https:\/\/www.sindicaturabarcelona.cat\/ca\/#website","url":"https:\/\/www.sindicaturabarcelona.cat\/ca\/","name":"Sindicatura de Greuges de Barcelona","description":"La defensoria dels teus drets","publisher":{"@id":"https:\/\/www.sindicaturabarcelona.cat\/ca\/#organization"},"potentialAction":[{"@type":"SearchAction","target":{"@type":"EntryPoint","urlTemplate":"https:\/\/www.sindicaturabarcelona.cat\/ca\/?s={search_term_string}"},"query-input":{"@type":"PropertyValueSpecification","valueRequired":true,"valueName":"search_term_string"}}],"inLanguage":"ca"},{"@type":"Organization","@id":"https:\/\/www.sindicaturabarcelona.cat\/ca\/#organization","name":"Sindicatura de Greuges de Barcelona","url":"https:\/\/www.sindicaturabarcelona.cat\/ca\/","logo":{"@type":"ImageObject","inLanguage":"ca","@id":"https:\/\/www.sindicaturabarcelona.cat\/ca\/#\/schema\/logo\/image\/","url":"https:\/\/www.sindicaturabarcelona.cat\/wp-content\/uploads\/2023\/02\/logo_sindicatura.svg","contentUrl":"https:\/\/www.sindicaturabarcelona.cat\/wp-content\/uploads\/2023\/02\/logo_sindicatura.svg","caption":"Sindicatura de Greuges de Barcelona"},"image":{"@id":"https:\/\/www.sindicaturabarcelona.cat\/ca\/#\/schema\/logo\/image\/"},"sameAs":["https:\/\/x.com\/sindicbarcelona","https:\/\/www.instagram.com\/sindicbarcelona\/","https:\/\/www.tiktok.com\/@sindicaturabcn","https:\/\/t.me\/sindicaturabarcelona"]},{"@type":"Person","@id":"https:\/\/www.sindicaturabarcelona.cat\/ca\/#\/schema\/person\/0e5acffc350ffdbc97578159322c9452","name":"Pablo","image":{"@type":"ImageObject","inLanguage":"ca","@id":"https:\/\/secure.gravatar.com\/avatar\/c948169b402ef9492afde705c3dfd5e90e1a6a84ef6840a91124f805a25a480f?s=96&d=mm&r=g","url":"https:\/\/secure.gravatar.com\/avatar\/c948169b402ef9492afde705c3dfd5e90e1a6a84ef6840a91124f805a25a480f?s=96&d=mm&r=g","contentUrl":"https:\/\/secure.gravatar.com\/avatar\/c948169b402ef9492afde705c3dfd5e90e1a6a84ef6840a91124f805a25a480f?s=96&d=mm&r=g","caption":"Pablo"},"url":"https:\/\/www.sindicaturabarcelona.cat\/ca\/author\/pablo\/"}]}},"_links":{"self":[{"href":"https:\/\/www.sindicaturabarcelona.cat\/ca\/wp-json\/wp\/v2\/posts\/31058","targetHints":{"allow":["GET"]}}],"collection":[{"href":"https:\/\/www.sindicaturabarcelona.cat\/ca\/wp-json\/wp\/v2\/posts"}],"about":[{"href":"https:\/\/www.sindicaturabarcelona.cat\/ca\/wp-json\/wp\/v2\/types\/post"}],"author":[{"embeddable":true,"href":"https:\/\/www.sindicaturabarcelona.cat\/ca\/wp-json\/wp\/v2\/users\/2"}],"replies":[{"embeddable":true,"href":"https:\/\/www.sindicaturabarcelona.cat\/ca\/wp-json\/wp\/v2\/comments?post=31058"}],"version-history":[{"count":4,"href":"https:\/\/www.sindicaturabarcelona.cat\/ca\/wp-json\/wp\/v2\/posts\/31058\/revisions"}],"predecessor-version":[{"id":31078,"href":"https:\/\/www.sindicaturabarcelona.cat\/ca\/wp-json\/wp\/v2\/posts\/31058\/revisions\/31078"}],"wp:featuredmedia":[{"embeddable":true,"href":"https:\/\/www.sindicaturabarcelona.cat\/ca\/wp-json\/wp\/v2\/media\/31059"}],"wp:attachment":[{"href":"https:\/\/www.sindicaturabarcelona.cat\/ca\/wp-json\/wp\/v2\/media?parent=31058"}],"wp:term":[{"taxonomy":"post_tag","embeddable":true,"href":"https:\/\/www.sindicaturabarcelona.cat\/ca\/wp-json\/wp\/v2\/tags?post=31058"},{"taxonomy":"drets","embeddable":true,"href":"https:\/\/www.sindicaturabarcelona.cat\/ca\/wp-json\/wp\/v2\/drets?post=31058"}],"curies":[{"name":"wp","href":"https:\/\/api.w.org\/{rel}","templated":true}]}}