{"id":30858,"date":"2023-12-11T15:17:36","date_gmt":"2023-12-11T13:17:36","guid":{"rendered":"https:\/\/www.sindicaturabarcelona.cat\/?p=30858"},"modified":"2025-03-12T14:26:34","modified_gmt":"2025-03-12T12:26:34","slug":"el-sindic-de-greuges-de-barcelona-david-bondia-ha-viatjat-a-luruguai-per-exposar-el-model-de-la-sindicatura-de-greuges-de-barcelona","status":"publish","type":"post","link":"https:\/\/www.sindicaturabarcelona.cat\/ca\/el-sindic-de-greuges-de-barcelona-david-bondia-ha-viatjat-a-luruguai-per-exposar-el-model-de-la-sindicatura-de-greuges-de-barcelona\/","title":{"rendered":"El s\u00edndic de greuges de Barcelona, David Bondia, ha viatjat a l&#8217;Uruguai per exposar el model de la Sindicatura de Greuges de\u00a0Barcelona"},"content":{"rendered":"\n<h2 class=\"wp-block-heading\"><strong>Les defensories i institucions de l&#8217;Uruguai han acollit amb gran&nbsp;inter\u00e8s&nbsp;les propostes de la Sindicatura, que va posar el focus en el dret a la ciutat i els drets humans de proximitat<\/strong><\/h2>\n\n\n\n<p>El s\u00edndic de greuges de Barcelona va intervenir a les jornades &#8220;El rol\u00a0de\u00a0las\u00a0defensor\u00edas\u00a0locales\u00a0en\u00a0la agenda\u00a0de\u00a0los\u00a0derechos&#8221;, organitzades per la Defensoria de\u00a0Vecinos\u00a0y\u00a0Vecinas\u00a0de Montevideo. En aquestes jornades van participar representants de diferents institucions i es va fer un debat sobre el rol de les sindicatures i el seu paper en els processos de participaci\u00f3 ciutadana.<br><br>Aprofitant la visita, el s\u00edndic tamb\u00e9 va visitar diferents governs departamentals (com Canelones i Maldonado),\u00a0interessats\u00a0en crear sindicatures municipals. En aquestes reunions,\u00a0es\u00a0va explicar la import\u00e0ncia que tenen aquestes institucions en la defensa dels drets humans de proximitat.<br><br><strong>La Sindicatura de Greuges de Barcelona, un referent internacional<\/strong><br><br>En els dos anys de mandat, el s\u00edndic de greuges de Barcelona, David Bondia,\u00a0ja ha visitat Uruguai, Col\u00f2mbia, M\u00e8xic i El Salvador, on el projecte de la Sindicatura de Barcelona de l&#8217;enfocament del treball per drets i les accions de proximitat al territori han aixecat molt d&#8217;inter\u00e8s.<br><br>Fa unes setmanes, la sindicatura de greuges de Barcelona va acollir una persona de la Defensoria de\u00a0Vecinos\u00a0y\u00a0Vecinas\u00a0de Montevideo, on durant dues setmanes, va intercanviar experi\u00e8ncies\u00a0en l&#8217;\u00e0mbit local. Aquesta activitat tamb\u00e9 ha aixecat\u00a0inter\u00e8s\u00a0a altres defensories que formen part d&#8217;AGOL\u00a0(Alian\u00e7a Global d&#8217;Ombudspersons\u00a0Locals), que durant el 2024 visitaran Barcelona.<\/p>\n","protected":false},"excerpt":{"rendered":"<p>Les defensories i institucions de l&#8217;Uruguai han acollit amb gran&nbsp;inter\u00e8s&nbsp;les propostes de la Sindicatura, que va posar el focus en el dret a la ciutat i els drets humans de [&hellip;]<\/p>\n","protected":false},"author":2,"featured_media":30859,"comment_status":"closed","ping_status":"closed","sticky":false,"template":"","format":"standard","meta":{"_acf_changed":false,"footnotes":""},"tags":[],"drets":[],"class_list":["post-30858","post","type-post","status-publish","format-standard","has-post-thumbnail","hentry"],"acf":[],"yoast_head":"<!-- This site is optimized with the Yoast SEO plugin v27.5 - https:\/\/yoast.com\/product\/yoast-seo-wordpress\/ -->\n<title>El s\u00edndic de greuges de Barcelona, David Bondia, ha viatjat a l&#039;Uruguai per exposar el model de la Sindicatura de Greuges de\u00a0Barcelona - Sindicatura de Greuges de Barcelona<\/title>\n<meta name=\"robots\" content=\"index, follow, max-snippet:-1, max-image-preview:large, max-video-preview:-1\" \/>\n<link rel=\"canonical\" href=\"https:\/\/www.sindicaturabarcelona.cat\/ca\/el-sindic-de-greuges-de-barcelona-david-bondia-ha-viatjat-a-luruguai-per-exposar-el-model-de-la-sindicatura-de-greuges-de-barcelona\/\" \/>\n<meta property=\"og:locale\" content=\"ca_ES\" \/>\n<meta property=\"og:type\" content=\"article\" \/>\n<meta property=\"og:title\" content=\"El s\u00edndic de greuges de Barcelona, David Bondia, ha viatjat a l&#039;Uruguai per exposar el model de la Sindicatura de Greuges de\u00a0Barcelona - Sindicatura de Greuges de Barcelona\" \/>\n<meta property=\"og:description\" content=\"Les defensories i institucions de l&#8217;Uruguai han acollit amb gran&nbsp;inter\u00e8s&nbsp;les propostes de la Sindicatura, que va posar el focus en el dret a la ciutat i els drets humans de [&hellip;]\" \/>\n<meta property=\"og:url\" content=\"https:\/\/www.sindicaturabarcelona.cat\/ca\/el-sindic-de-greuges-de-barcelona-david-bondia-ha-viatjat-a-luruguai-per-exposar-el-model-de-la-sindicatura-de-greuges-de-barcelona\/\" \/>\n<meta property=\"og:site_name\" content=\"Sindicatura de Greuges de Barcelona\" \/>\n<meta property=\"article:published_time\" content=\"2023-12-11T13:17:36+00:00\" \/>\n<meta property=\"article:modified_time\" content=\"2025-03-12T12:26:34+00:00\" \/>\n<meta property=\"og:image\" content=\"https:\/\/www.sindicaturabarcelona.cat\/wp-content\/uploads\/6499741651702128726.jpg\" \/>\n\t<meta property=\"og:image:width\" content=\"600\" \/>\n\t<meta property=\"og:image:height\" content=\"450\" \/>\n\t<meta property=\"og:image:type\" content=\"image\/jpeg\" \/>\n<meta name=\"author\" content=\"Pablo\" \/>\n<meta name=\"twitter:card\" content=\"summary_large_image\" \/>\n<meta name=\"twitter:creator\" content=\"@sindicbarcelona\" \/>\n<meta name=\"twitter:site\" content=\"@sindicbarcelona\" \/>\n<meta name=\"twitter:label1\" content=\"Escrit per\" \/>\n\t<meta name=\"twitter:data1\" content=\"Pablo\" \/>\n\t<meta name=\"twitter:label2\" content=\"Temps estimat de lectura\" \/>\n\t<meta name=\"twitter:data2\" content=\"2 minuts\" \/>\n<script type=\"application\/ld+json\" class=\"yoast-schema-graph\">{\"@context\":\"https:\\\/\\\/schema.org\",\"@graph\":[{\"@type\":\"Article\",\"@id\":\"https:\\\/\\\/www.sindicaturabarcelona.cat\\\/ca\\\/el-sindic-de-greuges-de-barcelona-david-bondia-ha-viatjat-a-luruguai-per-exposar-el-model-de-la-sindicatura-de-greuges-de-barcelona\\\/#article\",\"isPartOf\":{\"@id\":\"https:\\\/\\\/www.sindicaturabarcelona.cat\\\/ca\\\/el-sindic-de-greuges-de-barcelona-david-bondia-ha-viatjat-a-luruguai-per-exposar-el-model-de-la-sindicatura-de-greuges-de-barcelona\\\/\"},\"author\":{\"name\":\"Pablo\",\"@id\":\"https:\\\/\\\/www.sindicaturabarcelona.cat\\\/ca\\\/#\\\/schema\\\/person\\\/0e5acffc350ffdbc97578159322c9452\"},\"headline\":\"El s\u00edndic de greuges de Barcelona, David Bondia, ha viatjat a l&#8217;Uruguai per exposar el model de la Sindicatura de Greuges de\u00a0Barcelona\",\"datePublished\":\"2023-12-11T13:17:36+00:00\",\"dateModified\":\"2025-03-12T12:26:34+00:00\",\"mainEntityOfPage\":{\"@id\":\"https:\\\/\\\/www.sindicaturabarcelona.cat\\\/ca\\\/el-sindic-de-greuges-de-barcelona-david-bondia-ha-viatjat-a-luruguai-per-exposar-el-model-de-la-sindicatura-de-greuges-de-barcelona\\\/\"},\"wordCount\":293,\"publisher\":{\"@id\":\"https:\\\/\\\/www.sindicaturabarcelona.cat\\\/ca\\\/#organization\"},\"image\":{\"@id\":\"https:\\\/\\\/www.sindicaturabarcelona.cat\\\/ca\\\/el-sindic-de-greuges-de-barcelona-david-bondia-ha-viatjat-a-luruguai-per-exposar-el-model-de-la-sindicatura-de-greuges-de-barcelona\\\/#primaryimage\"},\"thumbnailUrl\":\"https:\\\/\\\/www.sindicaturabarcelona.cat\\\/wp-content\\\/uploads\\\/6499741651702128726.jpg\",\"inLanguage\":\"ca\"},{\"@type\":\"WebPage\",\"@id\":\"https:\\\/\\\/www.sindicaturabarcelona.cat\\\/ca\\\/el-sindic-de-greuges-de-barcelona-david-bondia-ha-viatjat-a-luruguai-per-exposar-el-model-de-la-sindicatura-de-greuges-de-barcelona\\\/\",\"url\":\"https:\\\/\\\/www.sindicaturabarcelona.cat\\\/ca\\\/el-sindic-de-greuges-de-barcelona-david-bondia-ha-viatjat-a-luruguai-per-exposar-el-model-de-la-sindicatura-de-greuges-de-barcelona\\\/\",\"name\":\"El s\u00edndic de greuges de Barcelona, David Bondia, ha viatjat a l'Uruguai per exposar el model de la Sindicatura de Greuges de\u00a0Barcelona - Sindicatura de Greuges de Barcelona\",\"isPartOf\":{\"@id\":\"https:\\\/\\\/www.sindicaturabarcelona.cat\\\/ca\\\/#website\"},\"primaryImageOfPage\":{\"@id\":\"https:\\\/\\\/www.sindicaturabarcelona.cat\\\/ca\\\/el-sindic-de-greuges-de-barcelona-david-bondia-ha-viatjat-a-luruguai-per-exposar-el-model-de-la-sindicatura-de-greuges-de-barcelona\\\/#primaryimage\"},\"image\":{\"@id\":\"https:\\\/\\\/www.sindicaturabarcelona.cat\\\/ca\\\/el-sindic-de-greuges-de-barcelona-david-bondia-ha-viatjat-a-luruguai-per-exposar-el-model-de-la-sindicatura-de-greuges-de-barcelona\\\/#primaryimage\"},\"thumbnailUrl\":\"https:\\\/\\\/www.sindicaturabarcelona.cat\\\/wp-content\\\/uploads\\\/6499741651702128726.jpg\",\"datePublished\":\"2023-12-11T13:17:36+00:00\",\"dateModified\":\"2025-03-12T12:26:34+00:00\",\"breadcrumb\":{\"@id\":\"https:\\\/\\\/www.sindicaturabarcelona.cat\\\/ca\\\/el-sindic-de-greuges-de-barcelona-david-bondia-ha-viatjat-a-luruguai-per-exposar-el-model-de-la-sindicatura-de-greuges-de-barcelona\\\/#breadcrumb\"},\"inLanguage\":\"ca\",\"potentialAction\":[{\"@type\":\"ReadAction\",\"target\":[\"https:\\\/\\\/www.sindicaturabarcelona.cat\\\/ca\\\/el-sindic-de-greuges-de-barcelona-david-bondia-ha-viatjat-a-luruguai-per-exposar-el-model-de-la-sindicatura-de-greuges-de-barcelona\\\/\"]}]},{\"@type\":\"ImageObject\",\"inLanguage\":\"ca\",\"@id\":\"https:\\\/\\\/www.sindicaturabarcelona.cat\\\/ca\\\/el-sindic-de-greuges-de-barcelona-david-bondia-ha-viatjat-a-luruguai-per-exposar-el-model-de-la-sindicatura-de-greuges-de-barcelona\\\/#primaryimage\",\"url\":\"https:\\\/\\\/www.sindicaturabarcelona.cat\\\/wp-content\\\/uploads\\\/6499741651702128726.jpg\",\"contentUrl\":\"https:\\\/\\\/www.sindicaturabarcelona.cat\\\/wp-content\\\/uploads\\\/6499741651702128726.jpg\",\"width\":600,\"height\":450},{\"@type\":\"BreadcrumbList\",\"@id\":\"https:\\\/\\\/www.sindicaturabarcelona.cat\\\/ca\\\/el-sindic-de-greuges-de-barcelona-david-bondia-ha-viatjat-a-luruguai-per-exposar-el-model-de-la-sindicatura-de-greuges-de-barcelona\\\/#breadcrumb\",\"itemListElement\":[{\"@type\":\"ListItem\",\"position\":1,\"name\":\"Inici\",\"item\":\"https:\\\/\\\/www.sindicaturabarcelona.cat\\\/ca\\\/\"},{\"@type\":\"ListItem\",\"position\":2,\"name\":\"El s\u00edndic de greuges de Barcelona, David Bondia, ha viatjat a l&#8217;Uruguai per exposar el model de la Sindicatura de Greuges de\u00a0Barcelona\"}]},{\"@type\":\"WebSite\",\"@id\":\"https:\\\/\\\/www.sindicaturabarcelona.cat\\\/ca\\\/#website\",\"url\":\"https:\\\/\\\/www.sindicaturabarcelona.cat\\\/ca\\\/\",\"name\":\"Sindicatura de Greuges de Barcelona\",\"description\":\"La defensoria dels teus drets\",\"publisher\":{\"@id\":\"https:\\\/\\\/www.sindicaturabarcelona.cat\\\/ca\\\/#organization\"},\"potentialAction\":[{\"@type\":\"SearchAction\",\"target\":{\"@type\":\"EntryPoint\",\"urlTemplate\":\"https:\\\/\\\/www.sindicaturabarcelona.cat\\\/ca\\\/?s={search_term_string}\"},\"query-input\":{\"@type\":\"PropertyValueSpecification\",\"valueRequired\":true,\"valueName\":\"search_term_string\"}}],\"inLanguage\":\"ca\"},{\"@type\":\"Organization\",\"@id\":\"https:\\\/\\\/www.sindicaturabarcelona.cat\\\/ca\\\/#organization\",\"name\":\"Sindicatura de Greuges de Barcelona\",\"url\":\"https:\\\/\\\/www.sindicaturabarcelona.cat\\\/ca\\\/\",\"logo\":{\"@type\":\"ImageObject\",\"inLanguage\":\"ca\",\"@id\":\"https:\\\/\\\/www.sindicaturabarcelona.cat\\\/ca\\\/#\\\/schema\\\/logo\\\/image\\\/\",\"url\":\"https:\\\/\\\/www.sindicaturabarcelona.cat\\\/wp-content\\\/uploads\\\/2023\\\/02\\\/logo_sindicatura.svg\",\"contentUrl\":\"https:\\\/\\\/www.sindicaturabarcelona.cat\\\/wp-content\\\/uploads\\\/2023\\\/02\\\/logo_sindicatura.svg\",\"caption\":\"Sindicatura de Greuges de Barcelona\"},\"image\":{\"@id\":\"https:\\\/\\\/www.sindicaturabarcelona.cat\\\/ca\\\/#\\\/schema\\\/logo\\\/image\\\/\"},\"sameAs\":[\"https:\\\/\\\/x.com\\\/sindicbarcelona\",\"https:\\\/\\\/www.instagram.com\\\/sindicbarcelona\\\/\",\"https:\\\/\\\/www.tiktok.com\\\/@sindicaturabcn\",\"https:\\\/\\\/t.me\\\/sindicaturabarcelona\"]},{\"@type\":\"Person\",\"@id\":\"https:\\\/\\\/www.sindicaturabarcelona.cat\\\/ca\\\/#\\\/schema\\\/person\\\/0e5acffc350ffdbc97578159322c9452\",\"name\":\"Pablo\",\"image\":{\"@type\":\"ImageObject\",\"inLanguage\":\"ca\",\"@id\":\"https:\\\/\\\/secure.gravatar.com\\\/avatar\\\/c948169b402ef9492afde705c3dfd5e90e1a6a84ef6840a91124f805a25a480f?s=96&d=mm&r=g\",\"url\":\"https:\\\/\\\/secure.gravatar.com\\\/avatar\\\/c948169b402ef9492afde705c3dfd5e90e1a6a84ef6840a91124f805a25a480f?s=96&d=mm&r=g\",\"contentUrl\":\"https:\\\/\\\/secure.gravatar.com\\\/avatar\\\/c948169b402ef9492afde705c3dfd5e90e1a6a84ef6840a91124f805a25a480f?s=96&d=mm&r=g\",\"caption\":\"Pablo\"},\"url\":\"https:\\\/\\\/www.sindicaturabarcelona.cat\\\/ca\\\/author\\\/pablo\\\/\"}]}<\/script>\n<!-- \/ Yoast SEO plugin. -->","yoast_head_json":{"title":"El s\u00edndic de greuges de Barcelona, David Bondia, ha viatjat a l'Uruguai per exposar el model de la Sindicatura de Greuges de\u00a0Barcelona - Sindicatura de Greuges de Barcelona","robots":{"index":"index","follow":"follow","max-snippet":"max-snippet:-1","max-image-preview":"max-image-preview:large","max-video-preview":"max-video-preview:-1"},"canonical":"https:\/\/www.sindicaturabarcelona.cat\/ca\/el-sindic-de-greuges-de-barcelona-david-bondia-ha-viatjat-a-luruguai-per-exposar-el-model-de-la-sindicatura-de-greuges-de-barcelona\/","og_locale":"ca_ES","og_type":"article","og_title":"El s\u00edndic de greuges de Barcelona, David Bondia, ha viatjat a l'Uruguai per exposar el model de la Sindicatura de Greuges de\u00a0Barcelona - Sindicatura de Greuges de Barcelona","og_description":"Les defensories i institucions de l&#8217;Uruguai han acollit amb gran&nbsp;inter\u00e8s&nbsp;les propostes de la Sindicatura, que va posar el focus en el dret a la ciutat i els drets humans de [&hellip;]","og_url":"https:\/\/www.sindicaturabarcelona.cat\/ca\/el-sindic-de-greuges-de-barcelona-david-bondia-ha-viatjat-a-luruguai-per-exposar-el-model-de-la-sindicatura-de-greuges-de-barcelona\/","og_site_name":"Sindicatura de Greuges de Barcelona","article_published_time":"2023-12-11T13:17:36+00:00","article_modified_time":"2025-03-12T12:26:34+00:00","og_image":[{"width":600,"height":450,"url":"https:\/\/www.sindicaturabarcelona.cat\/wp-content\/uploads\/6499741651702128726.jpg","type":"image\/jpeg"}],"author":"Pablo","twitter_card":"summary_large_image","twitter_creator":"@sindicbarcelona","twitter_site":"@sindicbarcelona","twitter_misc":{"Escrit per":"Pablo","Temps estimat de lectura":"2 minuts"},"schema":{"@context":"https:\/\/schema.org","@graph":[{"@type":"Article","@id":"https:\/\/www.sindicaturabarcelona.cat\/ca\/el-sindic-de-greuges-de-barcelona-david-bondia-ha-viatjat-a-luruguai-per-exposar-el-model-de-la-sindicatura-de-greuges-de-barcelona\/#article","isPartOf":{"@id":"https:\/\/www.sindicaturabarcelona.cat\/ca\/el-sindic-de-greuges-de-barcelona-david-bondia-ha-viatjat-a-luruguai-per-exposar-el-model-de-la-sindicatura-de-greuges-de-barcelona\/"},"author":{"name":"Pablo","@id":"https:\/\/www.sindicaturabarcelona.cat\/ca\/#\/schema\/person\/0e5acffc350ffdbc97578159322c9452"},"headline":"El s\u00edndic de greuges de Barcelona, David Bondia, ha viatjat a l&#8217;Uruguai per exposar el model de la Sindicatura de Greuges de\u00a0Barcelona","datePublished":"2023-12-11T13:17:36+00:00","dateModified":"2025-03-12T12:26:34+00:00","mainEntityOfPage":{"@id":"https:\/\/www.sindicaturabarcelona.cat\/ca\/el-sindic-de-greuges-de-barcelona-david-bondia-ha-viatjat-a-luruguai-per-exposar-el-model-de-la-sindicatura-de-greuges-de-barcelona\/"},"wordCount":293,"publisher":{"@id":"https:\/\/www.sindicaturabarcelona.cat\/ca\/#organization"},"image":{"@id":"https:\/\/www.sindicaturabarcelona.cat\/ca\/el-sindic-de-greuges-de-barcelona-david-bondia-ha-viatjat-a-luruguai-per-exposar-el-model-de-la-sindicatura-de-greuges-de-barcelona\/#primaryimage"},"thumbnailUrl":"https:\/\/www.sindicaturabarcelona.cat\/wp-content\/uploads\/6499741651702128726.jpg","inLanguage":"ca"},{"@type":"WebPage","@id":"https:\/\/www.sindicaturabarcelona.cat\/ca\/el-sindic-de-greuges-de-barcelona-david-bondia-ha-viatjat-a-luruguai-per-exposar-el-model-de-la-sindicatura-de-greuges-de-barcelona\/","url":"https:\/\/www.sindicaturabarcelona.cat\/ca\/el-sindic-de-greuges-de-barcelona-david-bondia-ha-viatjat-a-luruguai-per-exposar-el-model-de-la-sindicatura-de-greuges-de-barcelona\/","name":"El s\u00edndic de greuges de Barcelona, David Bondia, ha viatjat a l'Uruguai per exposar el model de la Sindicatura de Greuges de\u00a0Barcelona - Sindicatura de Greuges de Barcelona","isPartOf":{"@id":"https:\/\/www.sindicaturabarcelona.cat\/ca\/#website"},"primaryImageOfPage":{"@id":"https:\/\/www.sindicaturabarcelona.cat\/ca\/el-sindic-de-greuges-de-barcelona-david-bondia-ha-viatjat-a-luruguai-per-exposar-el-model-de-la-sindicatura-de-greuges-de-barcelona\/#primaryimage"},"image":{"@id":"https:\/\/www.sindicaturabarcelona.cat\/ca\/el-sindic-de-greuges-de-barcelona-david-bondia-ha-viatjat-a-luruguai-per-exposar-el-model-de-la-sindicatura-de-greuges-de-barcelona\/#primaryimage"},"thumbnailUrl":"https:\/\/www.sindicaturabarcelona.cat\/wp-content\/uploads\/6499741651702128726.jpg","datePublished":"2023-12-11T13:17:36+00:00","dateModified":"2025-03-12T12:26:34+00:00","breadcrumb":{"@id":"https:\/\/www.sindicaturabarcelona.cat\/ca\/el-sindic-de-greuges-de-barcelona-david-bondia-ha-viatjat-a-luruguai-per-exposar-el-model-de-la-sindicatura-de-greuges-de-barcelona\/#breadcrumb"},"inLanguage":"ca","potentialAction":[{"@type":"ReadAction","target":["https:\/\/www.sindicaturabarcelona.cat\/ca\/el-sindic-de-greuges-de-barcelona-david-bondia-ha-viatjat-a-luruguai-per-exposar-el-model-de-la-sindicatura-de-greuges-de-barcelona\/"]}]},{"@type":"ImageObject","inLanguage":"ca","@id":"https:\/\/www.sindicaturabarcelona.cat\/ca\/el-sindic-de-greuges-de-barcelona-david-bondia-ha-viatjat-a-luruguai-per-exposar-el-model-de-la-sindicatura-de-greuges-de-barcelona\/#primaryimage","url":"https:\/\/www.sindicaturabarcelona.cat\/wp-content\/uploads\/6499741651702128726.jpg","contentUrl":"https:\/\/www.sindicaturabarcelona.cat\/wp-content\/uploads\/6499741651702128726.jpg","width":600,"height":450},{"@type":"BreadcrumbList","@id":"https:\/\/www.sindicaturabarcelona.cat\/ca\/el-sindic-de-greuges-de-barcelona-david-bondia-ha-viatjat-a-luruguai-per-exposar-el-model-de-la-sindicatura-de-greuges-de-barcelona\/#breadcrumb","itemListElement":[{"@type":"ListItem","position":1,"name":"Inici","item":"https:\/\/www.sindicaturabarcelona.cat\/ca\/"},{"@type":"ListItem","position":2,"name":"El s\u00edndic de greuges de Barcelona, David Bondia, ha viatjat a l&#8217;Uruguai per exposar el model de la Sindicatura de Greuges de\u00a0Barcelona"}]},{"@type":"WebSite","@id":"https:\/\/www.sindicaturabarcelona.cat\/ca\/#website","url":"https:\/\/www.sindicaturabarcelona.cat\/ca\/","name":"Sindicatura de Greuges de Barcelona","description":"La defensoria dels teus drets","publisher":{"@id":"https:\/\/www.sindicaturabarcelona.cat\/ca\/#organization"},"potentialAction":[{"@type":"SearchAction","target":{"@type":"EntryPoint","urlTemplate":"https:\/\/www.sindicaturabarcelona.cat\/ca\/?s={search_term_string}"},"query-input":{"@type":"PropertyValueSpecification","valueRequired":true,"valueName":"search_term_string"}}],"inLanguage":"ca"},{"@type":"Organization","@id":"https:\/\/www.sindicaturabarcelona.cat\/ca\/#organization","name":"Sindicatura de Greuges de Barcelona","url":"https:\/\/www.sindicaturabarcelona.cat\/ca\/","logo":{"@type":"ImageObject","inLanguage":"ca","@id":"https:\/\/www.sindicaturabarcelona.cat\/ca\/#\/schema\/logo\/image\/","url":"https:\/\/www.sindicaturabarcelona.cat\/wp-content\/uploads\/2023\/02\/logo_sindicatura.svg","contentUrl":"https:\/\/www.sindicaturabarcelona.cat\/wp-content\/uploads\/2023\/02\/logo_sindicatura.svg","caption":"Sindicatura de Greuges de Barcelona"},"image":{"@id":"https:\/\/www.sindicaturabarcelona.cat\/ca\/#\/schema\/logo\/image\/"},"sameAs":["https:\/\/x.com\/sindicbarcelona","https:\/\/www.instagram.com\/sindicbarcelona\/","https:\/\/www.tiktok.com\/@sindicaturabcn","https:\/\/t.me\/sindicaturabarcelona"]},{"@type":"Person","@id":"https:\/\/www.sindicaturabarcelona.cat\/ca\/#\/schema\/person\/0e5acffc350ffdbc97578159322c9452","name":"Pablo","image":{"@type":"ImageObject","inLanguage":"ca","@id":"https:\/\/secure.gravatar.com\/avatar\/c948169b402ef9492afde705c3dfd5e90e1a6a84ef6840a91124f805a25a480f?s=96&d=mm&r=g","url":"https:\/\/secure.gravatar.com\/avatar\/c948169b402ef9492afde705c3dfd5e90e1a6a84ef6840a91124f805a25a480f?s=96&d=mm&r=g","contentUrl":"https:\/\/secure.gravatar.com\/avatar\/c948169b402ef9492afde705c3dfd5e90e1a6a84ef6840a91124f805a25a480f?s=96&d=mm&r=g","caption":"Pablo"},"url":"https:\/\/www.sindicaturabarcelona.cat\/ca\/author\/pablo\/"}]}},"_links":{"self":[{"href":"https:\/\/www.sindicaturabarcelona.cat\/ca\/wp-json\/wp\/v2\/posts\/30858","targetHints":{"allow":["GET"]}}],"collection":[{"href":"https:\/\/www.sindicaturabarcelona.cat\/ca\/wp-json\/wp\/v2\/posts"}],"about":[{"href":"https:\/\/www.sindicaturabarcelona.cat\/ca\/wp-json\/wp\/v2\/types\/post"}],"author":[{"embeddable":true,"href":"https:\/\/www.sindicaturabarcelona.cat\/ca\/wp-json\/wp\/v2\/users\/2"}],"replies":[{"embeddable":true,"href":"https:\/\/www.sindicaturabarcelona.cat\/ca\/wp-json\/wp\/v2\/comments?post=30858"}],"version-history":[{"count":2,"href":"https:\/\/www.sindicaturabarcelona.cat\/ca\/wp-json\/wp\/v2\/posts\/30858\/revisions"}],"predecessor-version":[{"id":36003,"href":"https:\/\/www.sindicaturabarcelona.cat\/ca\/wp-json\/wp\/v2\/posts\/30858\/revisions\/36003"}],"wp:featuredmedia":[{"embeddable":true,"href":"https:\/\/www.sindicaturabarcelona.cat\/ca\/wp-json\/wp\/v2\/media\/30859"}],"wp:attachment":[{"href":"https:\/\/www.sindicaturabarcelona.cat\/ca\/wp-json\/wp\/v2\/media?parent=30858"}],"wp:term":[{"taxonomy":"post_tag","embeddable":true,"href":"https:\/\/www.sindicaturabarcelona.cat\/ca\/wp-json\/wp\/v2\/tags?post=30858"},{"taxonomy":"drets","embeddable":true,"href":"https:\/\/www.sindicaturabarcelona.cat\/ca\/wp-json\/wp\/v2\/drets?post=30858"}],"curies":[{"name":"wp","href":"https:\/\/api.w.org\/{rel}","templated":true}]}}