{"id":30463,"date":"2023-11-10T13:45:04","date_gmt":"2023-11-10T11:45:04","guid":{"rendered":"https:\/\/www.sindicaturabarcelona.cat\/?p=30463"},"modified":"2023-11-10T13:45:07","modified_gmt":"2023-11-10T11:45:07","slug":"la-ubicacio-dels-contenidors-motiu-de-queixa-recurrent-de-la-ciutadania-barcelonina","status":"publish","type":"post","link":"https:\/\/www.sindicaturabarcelona.cat\/ca\/la-ubicacio-dels-contenidors-motiu-de-queixa-recurrent-de-la-ciutadania-barcelonina\/","title":{"rendered":"La ubicaci\u00f3 dels contenidors, motiu de queixa recurrent de la ciutadania barcelonina"},"content":{"rendered":"\n<p>Recurrentment, la ciutadania barcelonina es dirigeix a la <a href=\"https:\/\/www.sindicaturabarcelona.cat\/ca\/\" target=\"_blank\" rel=\"noreferrer noopener\">Sindicatura de Greuges de Barcelona<\/a> per expressar la seva disconformitat amb la ubicaci\u00f3 dels contenidors i demanar canvis d\u2019empla\u00e7ament, ja que les mol\u00e8sties ocasionades sovint impedeixen al ve\u00efnat dur a terme el seu dia a dia amb normalitat.<\/p>\n\n\n\n<p>Des de la defensoria de la ciutadania barcelonina es recorda a <a href=\"https:\/\/ajuntament.barcelona.cat\/ca\/\" target=\"_blank\" rel=\"noreferrer noopener\">l\u2019Ajuntament<\/a> que, ha de procurar, entre altres aspectes, que la ubicaci\u00f3 escollida per instal\u00b7lar els contenidors de recollida de residus resulti la menys molesta possible per a les persones ve\u00efnes.<\/p>\n\n\n\n<p><strong>Com actua la Sindicatura davant d\u2019aquests casos?<\/strong><\/p>\n\n\n\n<p>La funci\u00f3 de la Sindicatura de Greuges de Barcelona \u00e9s la <strong>defensa dels drets de la ciutadania quan es puguin veure afectats per l\u2019actuaci\u00f3 municipal. Per\u00f2 no \u00e9s funci\u00f3 d\u2019aquesta instituci\u00f3 determinar la forma concreta de prestar el servei de recollida de residus<\/strong>, ja que cal tenir-lo en compte en conjunt, aix\u00ed com valorar els condicionants t\u00e8cnics presents que fan que s\u2019hagin d\u2019adoptar decisions basades en la discrecionalitat.<\/p>\n\n\n\n<p>Ara b\u00e9, conv\u00e9 adoptar les decisions m\u00e9s beneficioses per al conjunt de la poblaci\u00f3, sempre intentant que hi hagi el m\u00ednim nombre d\u2019afectacions possibles. En el cas que es comprovi alguna afectaci\u00f3, cal prendre les mesures adients per minimitzar les incid\u00e8ncies que puguin produir-se.<\/p>\n\n\n\n<p><strong>Com s\u2019escull la ubicaci\u00f3 dels contenidors?<\/strong><\/p>\n\n\n\n<p>Primerament, la Sindicatura vol compartir informaci\u00f3 rellevant sobre els criteris a tenir en compte en l\u2019elecci\u00f3 de la ubicaci\u00f3 dels contenidors. <strong>La recollida de residus urbans \u00e9s un servei de prestaci\u00f3 essencial i es caracteritza per una especial i elevada complexitat d\u2019organitzaci\u00f3 i de requeriments log\u00edstics.<\/strong><\/p>\n\n\n\n<p>El disseny del sistema i del procediment de recollida de residus urbans per part dels ajuntaments \u00e9s de <strong>potestat de decisi\u00f3 discrecional<\/strong> de les administracions p\u00fabliques. Aquest fet es dona quan, entre solucions t\u00e8cniques diferents, totes possibles i leg\u00edtimes, l\u2019administraci\u00f3 p\u00fablica n\u2019opta per una, motivada com la millor d\u2019acord amb el principi de bona administraci\u00f3.<\/p>\n\n\n\n<p><strong>Hi ha un document municipal que recull els criteris t\u00e8cnics<\/strong> per instal\u00b7lar elements, mobiliari i accessoris per a la gesti\u00f3 de residus i la neteja vi\u00e0ria. <strong>Entre aquests criteris, destaquen els seg\u00fcents<\/strong>: preferiblement no posar contenidors davant d\u2019escales de ve\u00efns en voreres inferiors a 4 metres; priorit\u00e0riament s\u2019han de buscar espais on no hi hagi habitatges (places, solars, cases deshabitades); cal situar-los preferiblement sempre a la cal\u00e7ada i al carril d\u2019estacionament, per tant, cal evitar al m\u00e0xim posar-los sobre la vorera.<\/p>\n\n\n\n<p><strong>Un motiu de queixa arreu de Barcelona<\/strong><\/p>\n\n\n\n<p>Les queixes de la ciutadania per la ubicaci\u00f3 dels contenidors s\u2019estenen al llarg dels deu districtes i setanta-tres barris de Barcelona. A continuaci\u00f3, es detallen alguns dels casos m\u00e9s recents rebuts a la Sindicatura de Greuges.<\/p>\n\n\n\n<p><strong>Contenidors al carrer de l\u2019Encarnaci\u00f3 (Districte de Gr\u00e0cia)<\/strong><\/p>\n\n\n\n<p>Una queixa ciutadana ha exposat ladisconformitat per la nova ubicaci\u00f3 dels contenidors d\u2019escombraries del carrer de l\u2019Encarnaci\u00f3, just davant del seu habitatge, que \u00e9s la planta baixa de la finca.Abans no estaven ubicats en aquest empla\u00e7ament, per\u00f2 amb la construcci\u00f3 de l\u2019Escola Municipal Teixidores de Gr\u00e0cia, es va fer una remodelaci\u00f3 del carrer i s\u2019han canviat de lloc. Va presentar un escrit a l\u2019Ajuntament en qu\u00e8 proposava alternatives per ubicar-los, per\u00f2 ha estat desestimat.<\/p>\n\n\n\n<p><strong>Com fa habitualment en aquests casos, la Sindicatura ha dut a terme una visita presencial a aquesta zona, i ha copsat que els cinc contenidors estan davant la finca de la ciutadana, en una vorera inferior a 4 metres i que contradiu tres dels criteris municipals esmentats amb anterioritat.<\/strong> <strong>Per aquest motiu, la Sindicatura de Greuges de Barcelona ha recomanat a l\u2019Ajuntament que cerqui una nova ubicaci\u00f3 dels contenidors.<\/strong><\/p>\n\n\n\n<p><strong>Contenidors al carrer dels Jocs Florals (Districte de Sants-Montju\u00efc)<\/strong><\/p>\n\n\n\n<p>Un ve\u00ed ha traslladat a la Sindicatura el seu malestar per la ubicaci\u00f3 dels contenidors davant la porta de la finca del carrer dels Jocs Florals, n\u00famero 110-112, on la vorera \u00e9s molt estreta i hi ha problemes d\u2019acc\u00e9s i mobilitat. Ha proposat despla\u00e7ar-los a un carrer proper, que t\u00e9 una vorera m\u00e9s ampla i on no hi ha entrades a habitatges ni comer\u00e7os.<\/p>\n\n\n\n<p>Arran de la intervenci\u00f3 de la Sindicatura, l\u2019Ajuntament va tornar a valorar la ubicaci\u00f3 dels contenidors, per\u00f2 sense trobar cap alternativa. La proposta que fa el ciutad\u00e0 no es considera adequada, ja que llavors el pas per a transe\u00fcnts seria molt estret. <strong>En aquest cas, la Sindicatura ha recomanat al Districte que, si no troba altres ubicacions m\u00e9s adients per a aquests contenidors, faci un seguiment constant de l\u2019estat que presenten per evitar afectacions a la mobilitat i l\u2019accessibilitat de les persones vianants.&nbsp;<\/strong><\/p>\n\n\n\n<p><strong>Contenidors al carrer Avenir (Districte de Sarri\u00e0-Sant Gervasi)<\/strong><\/p>\n\n\n\n<p>Una ciutadana s\u2019ha dirigit a la Sindicatura per expressar la seva disconformitat per la nova <strong>ubicaci\u00f3 d\u2019uns contenidors al davant de la seva finca, al carrer Avenir. Ja s\u2019havia dirigit a l\u2019Ajuntament per presentar una queixa signada per 81 persones<\/strong> i que defensava que a l\u2019anterior ubicaci\u00f3 no molestaven aquests contenidors i que el carrer permet situar-los en trams on no hi ha escales de ve\u00efnat o entrades de botigues.<\/p>\n\n\n\n<p>La defensoria ha contactat amb el Departament d\u2019Obres i Manteniment del Districte de Sarri\u00e0-Sant Gervasi, que ha detallat totes les opcions que han tingut en compte per instal\u00b7lar els contenidors i la justificaci\u00f3 de l\u2019empla\u00e7ament final.&nbsp; <strong>En aquest cas, la Sindicatura ha arribat a la conclusi\u00f3 que el Districte ha tingut en compte totes les ubicacions possibles abans de decidir definitivament quina era l\u2019opci\u00f3 m\u00e9s convenient per reubicar els tres contenidors.<\/strong><\/p>\n\n\n\n<p><strong>Contenidors al carrer de Josep Torres (Districte de Gr\u00e0cia)<\/strong><\/p>\n\n\n\n<p>Una altra ciutadana ha explicat que viu en una planta baixa al carrer Josep Torres, i que els dos contenidors que t\u00e9 davant generen: <strong>males olors, acumulaci\u00f3 de deixalles, i pres\u00e8ncia de rates i paneroles. La Sindicatura ha dut a terme una visita al carrer de Josep Torres i ha confirmat que els contenidors queden davant d\u2019un habitatge a peu de carrer. En aquesta visita tamb\u00e9 s\u2019ha observat que en el mateix tram de carrer hi ha alguna finca que no t\u00e9 habitatge a la planta baixa ni gual a la vorera del davant.<\/strong><\/p>\n\n\n\n<p>El consistori ha detallat que tampoc els poden posar en aquest espai perqu\u00e8 hi ha una sortida d\u2019aparcament, per\u00f2 alhora diu que es tracta d\u2019un gual antic del qual no se\u2019n preveu la restituci\u00f3, ja que no consten llic\u00e8ncia ni garantia per a la retirada subsidi\u00e0ria.<\/p>\n\n\n\n<p><strong>La Sindicatura ha demanat explicacions a l\u2019Ajuntament perqu\u00e8 aclareixi aquest punt, ja que si el gual \u00e9s antic i no es preveu que es restitueixi, no ent\u00e9n per qu\u00e8 no es poden col\u00b7locar els contenidors.<\/strong><\/p>\n","protected":false},"excerpt":{"rendered":"<p>Recurrentment, la ciutadania barcelonina es dirigeix a la Sindicatura de Greuges de Barcelona per expressar la seva disconformitat amb la ubicaci\u00f3 dels contenidors i demanar canvis d\u2019empla\u00e7ament, ja que les [&hellip;]<\/p>\n","protected":false},"author":2,"featured_media":30464,"comment_status":"closed","ping_status":"closed","sticky":false,"template":"","format":"standard","meta":{"_acf_changed":false,"footnotes":""},"tags":[],"drets":[1438,1448],"class_list":["post-30463","post","type-post","status-publish","format-standard","has-post-thumbnail","hentry","drets-ciutat-habitable-i-sostenible","drets-dret-al-medi-ambient"],"acf":[],"yoast_head":"<!-- This site is optimized with the Yoast SEO plugin v27.5 - https:\/\/yoast.com\/product\/yoast-seo-wordpress\/ -->\n<title>La ubicaci\u00f3 dels contenidors, motiu de queixa recurrent de la ciutadania barcelonina - Sindicatura de Greuges de Barcelona<\/title>\n<meta name=\"description\" content=\"Recurrentment, la ciutadania es dirigeix a la Sindicatura per mostrar disconformitat amb la ubicaci\u00f3 dels contenidors i demanar canvis...\" \/>\n<meta name=\"robots\" content=\"index, follow, max-snippet:-1, max-image-preview:large, max-video-preview:-1\" \/>\n<link rel=\"canonical\" href=\"https:\/\/www.sindicaturabarcelona.cat\/ca\/la-ubicacio-dels-contenidors-motiu-de-queixa-recurrent-de-la-ciutadania-barcelonina\/\" \/>\n<meta property=\"og:locale\" content=\"ca_ES\" \/>\n<meta property=\"og:type\" content=\"article\" \/>\n<meta property=\"og:title\" content=\"La ubicaci\u00f3 dels contenidors, motiu de queixa recurrent de la ciutadania barcelonina - Sindicatura de Greuges de Barcelona\" \/>\n<meta property=\"og:description\" content=\"Recurrentment, la ciutadania es dirigeix a la Sindicatura per mostrar disconformitat amb la ubicaci\u00f3 dels contenidors i demanar canvis...\" \/>\n<meta property=\"og:url\" content=\"https:\/\/www.sindicaturabarcelona.cat\/ca\/la-ubicacio-dels-contenidors-motiu-de-queixa-recurrent-de-la-ciutadania-barcelonina\/\" \/>\n<meta property=\"og:site_name\" content=\"Sindicatura de Greuges de Barcelona\" \/>\n<meta property=\"article:published_time\" content=\"2023-11-10T11:45:04+00:00\" \/>\n<meta property=\"article:modified_time\" content=\"2023-11-10T11:45:07+00:00\" \/>\n<meta property=\"og:image\" content=\"https:\/\/www.sindicaturabarcelona.cat\/wp-content\/uploads\/Contenidors-motiu-recurrent-queixa.jpg\" \/>\n\t<meta property=\"og:image:width\" content=\"1533\" \/>\n\t<meta property=\"og:image:height\" content=\"1024\" \/>\n\t<meta property=\"og:image:type\" content=\"image\/jpeg\" \/>\n<meta name=\"author\" content=\"Pablo\" \/>\n<meta name=\"twitter:card\" content=\"summary_large_image\" \/>\n<meta name=\"twitter:creator\" content=\"@sindicbarcelona\" \/>\n<meta name=\"twitter:site\" content=\"@sindicbarcelona\" \/>\n<meta name=\"twitter:label1\" content=\"Escrit per\" \/>\n\t<meta name=\"twitter:data1\" content=\"Pablo\" \/>\n\t<meta name=\"twitter:label2\" content=\"Temps estimat de lectura\" \/>\n\t<meta name=\"twitter:data2\" content=\"6 minuts\" \/>\n<script type=\"application\/ld+json\" class=\"yoast-schema-graph\">{\"@context\":\"https:\\\/\\\/schema.org\",\"@graph\":[{\"@type\":\"Article\",\"@id\":\"https:\\\/\\\/www.sindicaturabarcelona.cat\\\/ca\\\/la-ubicacio-dels-contenidors-motiu-de-queixa-recurrent-de-la-ciutadania-barcelonina\\\/#article\",\"isPartOf\":{\"@id\":\"https:\\\/\\\/www.sindicaturabarcelona.cat\\\/ca\\\/la-ubicacio-dels-contenidors-motiu-de-queixa-recurrent-de-la-ciutadania-barcelonina\\\/\"},\"author\":{\"name\":\"Pablo\",\"@id\":\"https:\\\/\\\/www.sindicaturabarcelona.cat\\\/ca\\\/#\\\/schema\\\/person\\\/0e5acffc350ffdbc97578159322c9452\"},\"headline\":\"La ubicaci\u00f3 dels contenidors, motiu de queixa recurrent de la ciutadania barcelonina\",\"datePublished\":\"2023-11-10T11:45:04+00:00\",\"dateModified\":\"2023-11-10T11:45:07+00:00\",\"mainEntityOfPage\":{\"@id\":\"https:\\\/\\\/www.sindicaturabarcelona.cat\\\/ca\\\/la-ubicacio-dels-contenidors-motiu-de-queixa-recurrent-de-la-ciutadania-barcelonina\\\/\"},\"wordCount\":1178,\"publisher\":{\"@id\":\"https:\\\/\\\/www.sindicaturabarcelona.cat\\\/ca\\\/#organization\"},\"image\":{\"@id\":\"https:\\\/\\\/www.sindicaturabarcelona.cat\\\/ca\\\/la-ubicacio-dels-contenidors-motiu-de-queixa-recurrent-de-la-ciutadania-barcelonina\\\/#primaryimage\"},\"thumbnailUrl\":\"https:\\\/\\\/www.sindicaturabarcelona.cat\\\/wp-content\\\/uploads\\\/Contenidors-motiu-recurrent-queixa.jpg\",\"inLanguage\":\"ca\"},{\"@type\":\"WebPage\",\"@id\":\"https:\\\/\\\/www.sindicaturabarcelona.cat\\\/ca\\\/la-ubicacio-dels-contenidors-motiu-de-queixa-recurrent-de-la-ciutadania-barcelonina\\\/\",\"url\":\"https:\\\/\\\/www.sindicaturabarcelona.cat\\\/ca\\\/la-ubicacio-dels-contenidors-motiu-de-queixa-recurrent-de-la-ciutadania-barcelonina\\\/\",\"name\":\"La ubicaci\u00f3 dels contenidors, motiu de queixa recurrent de la ciutadania barcelonina - Sindicatura de Greuges de Barcelona\",\"isPartOf\":{\"@id\":\"https:\\\/\\\/www.sindicaturabarcelona.cat\\\/ca\\\/#website\"},\"primaryImageOfPage\":{\"@id\":\"https:\\\/\\\/www.sindicaturabarcelona.cat\\\/ca\\\/la-ubicacio-dels-contenidors-motiu-de-queixa-recurrent-de-la-ciutadania-barcelonina\\\/#primaryimage\"},\"image\":{\"@id\":\"https:\\\/\\\/www.sindicaturabarcelona.cat\\\/ca\\\/la-ubicacio-dels-contenidors-motiu-de-queixa-recurrent-de-la-ciutadania-barcelonina\\\/#primaryimage\"},\"thumbnailUrl\":\"https:\\\/\\\/www.sindicaturabarcelona.cat\\\/wp-content\\\/uploads\\\/Contenidors-motiu-recurrent-queixa.jpg\",\"datePublished\":\"2023-11-10T11:45:04+00:00\",\"dateModified\":\"2023-11-10T11:45:07+00:00\",\"description\":\"Recurrentment, la ciutadania es dirigeix a la Sindicatura per mostrar disconformitat amb la ubicaci\u00f3 dels contenidors i demanar canvis...\",\"breadcrumb\":{\"@id\":\"https:\\\/\\\/www.sindicaturabarcelona.cat\\\/ca\\\/la-ubicacio-dels-contenidors-motiu-de-queixa-recurrent-de-la-ciutadania-barcelonina\\\/#breadcrumb\"},\"inLanguage\":\"ca\",\"potentialAction\":[{\"@type\":\"ReadAction\",\"target\":[\"https:\\\/\\\/www.sindicaturabarcelona.cat\\\/ca\\\/la-ubicacio-dels-contenidors-motiu-de-queixa-recurrent-de-la-ciutadania-barcelonina\\\/\"]}]},{\"@type\":\"ImageObject\",\"inLanguage\":\"ca\",\"@id\":\"https:\\\/\\\/www.sindicaturabarcelona.cat\\\/ca\\\/la-ubicacio-dels-contenidors-motiu-de-queixa-recurrent-de-la-ciutadania-barcelonina\\\/#primaryimage\",\"url\":\"https:\\\/\\\/www.sindicaturabarcelona.cat\\\/wp-content\\\/uploads\\\/Contenidors-motiu-recurrent-queixa.jpg\",\"contentUrl\":\"https:\\\/\\\/www.sindicaturabarcelona.cat\\\/wp-content\\\/uploads\\\/Contenidors-motiu-recurrent-queixa.jpg\",\"width\":1533,\"height\":1024,\"caption\":\"Contenidors-motiu-recurrent-queixa\"},{\"@type\":\"BreadcrumbList\",\"@id\":\"https:\\\/\\\/www.sindicaturabarcelona.cat\\\/ca\\\/la-ubicacio-dels-contenidors-motiu-de-queixa-recurrent-de-la-ciutadania-barcelonina\\\/#breadcrumb\",\"itemListElement\":[{\"@type\":\"ListItem\",\"position\":1,\"name\":\"Inici\",\"item\":\"https:\\\/\\\/www.sindicaturabarcelona.cat\\\/ca\\\/\"},{\"@type\":\"ListItem\",\"position\":2,\"name\":\"La ubicaci\u00f3 dels contenidors, motiu de queixa recurrent de la ciutadania barcelonina\"}]},{\"@type\":\"WebSite\",\"@id\":\"https:\\\/\\\/www.sindicaturabarcelona.cat\\\/ca\\\/#website\",\"url\":\"https:\\\/\\\/www.sindicaturabarcelona.cat\\\/ca\\\/\",\"name\":\"Sindicatura de Greuges de Barcelona\",\"description\":\"La defensoria dels teus drets\",\"publisher\":{\"@id\":\"https:\\\/\\\/www.sindicaturabarcelona.cat\\\/ca\\\/#organization\"},\"potentialAction\":[{\"@type\":\"SearchAction\",\"target\":{\"@type\":\"EntryPoint\",\"urlTemplate\":\"https:\\\/\\\/www.sindicaturabarcelona.cat\\\/ca\\\/?s={search_term_string}\"},\"query-input\":{\"@type\":\"PropertyValueSpecification\",\"valueRequired\":true,\"valueName\":\"search_term_string\"}}],\"inLanguage\":\"ca\"},{\"@type\":\"Organization\",\"@id\":\"https:\\\/\\\/www.sindicaturabarcelona.cat\\\/ca\\\/#organization\",\"name\":\"Sindicatura de Greuges de Barcelona\",\"url\":\"https:\\\/\\\/www.sindicaturabarcelona.cat\\\/ca\\\/\",\"logo\":{\"@type\":\"ImageObject\",\"inLanguage\":\"ca\",\"@id\":\"https:\\\/\\\/www.sindicaturabarcelona.cat\\\/ca\\\/#\\\/schema\\\/logo\\\/image\\\/\",\"url\":\"https:\\\/\\\/www.sindicaturabarcelona.cat\\\/wp-content\\\/uploads\\\/2023\\\/02\\\/logo_sindicatura.svg\",\"contentUrl\":\"https:\\\/\\\/www.sindicaturabarcelona.cat\\\/wp-content\\\/uploads\\\/2023\\\/02\\\/logo_sindicatura.svg\",\"caption\":\"Sindicatura de Greuges de Barcelona\"},\"image\":{\"@id\":\"https:\\\/\\\/www.sindicaturabarcelona.cat\\\/ca\\\/#\\\/schema\\\/logo\\\/image\\\/\"},\"sameAs\":[\"https:\\\/\\\/x.com\\\/sindicbarcelona\",\"https:\\\/\\\/www.instagram.com\\\/sindicbarcelona\\\/\",\"https:\\\/\\\/www.tiktok.com\\\/@sindicaturabcn\",\"https:\\\/\\\/t.me\\\/sindicaturabarcelona\"]},{\"@type\":\"Person\",\"@id\":\"https:\\\/\\\/www.sindicaturabarcelona.cat\\\/ca\\\/#\\\/schema\\\/person\\\/0e5acffc350ffdbc97578159322c9452\",\"name\":\"Pablo\",\"image\":{\"@type\":\"ImageObject\",\"inLanguage\":\"ca\",\"@id\":\"https:\\\/\\\/secure.gravatar.com\\\/avatar\\\/c948169b402ef9492afde705c3dfd5e90e1a6a84ef6840a91124f805a25a480f?s=96&d=mm&r=g\",\"url\":\"https:\\\/\\\/secure.gravatar.com\\\/avatar\\\/c948169b402ef9492afde705c3dfd5e90e1a6a84ef6840a91124f805a25a480f?s=96&d=mm&r=g\",\"contentUrl\":\"https:\\\/\\\/secure.gravatar.com\\\/avatar\\\/c948169b402ef9492afde705c3dfd5e90e1a6a84ef6840a91124f805a25a480f?s=96&d=mm&r=g\",\"caption\":\"Pablo\"},\"url\":\"https:\\\/\\\/www.sindicaturabarcelona.cat\\\/ca\\\/author\\\/pablo\\\/\"}]}<\/script>\n<!-- \/ Yoast SEO plugin. -->","yoast_head_json":{"title":"La ubicaci\u00f3 dels contenidors, motiu de queixa recurrent de la ciutadania barcelonina - Sindicatura de Greuges de Barcelona","description":"Recurrentment, la ciutadania es dirigeix a la Sindicatura per mostrar disconformitat amb la ubicaci\u00f3 dels contenidors i demanar canvis...","robots":{"index":"index","follow":"follow","max-snippet":"max-snippet:-1","max-image-preview":"max-image-preview:large","max-video-preview":"max-video-preview:-1"},"canonical":"https:\/\/www.sindicaturabarcelona.cat\/ca\/la-ubicacio-dels-contenidors-motiu-de-queixa-recurrent-de-la-ciutadania-barcelonina\/","og_locale":"ca_ES","og_type":"article","og_title":"La ubicaci\u00f3 dels contenidors, motiu de queixa recurrent de la ciutadania barcelonina - Sindicatura de Greuges de Barcelona","og_description":"Recurrentment, la ciutadania es dirigeix a la Sindicatura per mostrar disconformitat amb la ubicaci\u00f3 dels contenidors i demanar canvis...","og_url":"https:\/\/www.sindicaturabarcelona.cat\/ca\/la-ubicacio-dels-contenidors-motiu-de-queixa-recurrent-de-la-ciutadania-barcelonina\/","og_site_name":"Sindicatura de Greuges de Barcelona","article_published_time":"2023-11-10T11:45:04+00:00","article_modified_time":"2023-11-10T11:45:07+00:00","og_image":[{"width":1533,"height":1024,"url":"https:\/\/www.sindicaturabarcelona.cat\/wp-content\/uploads\/Contenidors-motiu-recurrent-queixa.jpg","type":"image\/jpeg"}],"author":"Pablo","twitter_card":"summary_large_image","twitter_creator":"@sindicbarcelona","twitter_site":"@sindicbarcelona","twitter_misc":{"Escrit per":"Pablo","Temps estimat de lectura":"6 minuts"},"schema":{"@context":"https:\/\/schema.org","@graph":[{"@type":"Article","@id":"https:\/\/www.sindicaturabarcelona.cat\/ca\/la-ubicacio-dels-contenidors-motiu-de-queixa-recurrent-de-la-ciutadania-barcelonina\/#article","isPartOf":{"@id":"https:\/\/www.sindicaturabarcelona.cat\/ca\/la-ubicacio-dels-contenidors-motiu-de-queixa-recurrent-de-la-ciutadania-barcelonina\/"},"author":{"name":"Pablo","@id":"https:\/\/www.sindicaturabarcelona.cat\/ca\/#\/schema\/person\/0e5acffc350ffdbc97578159322c9452"},"headline":"La ubicaci\u00f3 dels contenidors, motiu de queixa recurrent de la ciutadania barcelonina","datePublished":"2023-11-10T11:45:04+00:00","dateModified":"2023-11-10T11:45:07+00:00","mainEntityOfPage":{"@id":"https:\/\/www.sindicaturabarcelona.cat\/ca\/la-ubicacio-dels-contenidors-motiu-de-queixa-recurrent-de-la-ciutadania-barcelonina\/"},"wordCount":1178,"publisher":{"@id":"https:\/\/www.sindicaturabarcelona.cat\/ca\/#organization"},"image":{"@id":"https:\/\/www.sindicaturabarcelona.cat\/ca\/la-ubicacio-dels-contenidors-motiu-de-queixa-recurrent-de-la-ciutadania-barcelonina\/#primaryimage"},"thumbnailUrl":"https:\/\/www.sindicaturabarcelona.cat\/wp-content\/uploads\/Contenidors-motiu-recurrent-queixa.jpg","inLanguage":"ca"},{"@type":"WebPage","@id":"https:\/\/www.sindicaturabarcelona.cat\/ca\/la-ubicacio-dels-contenidors-motiu-de-queixa-recurrent-de-la-ciutadania-barcelonina\/","url":"https:\/\/www.sindicaturabarcelona.cat\/ca\/la-ubicacio-dels-contenidors-motiu-de-queixa-recurrent-de-la-ciutadania-barcelonina\/","name":"La ubicaci\u00f3 dels contenidors, motiu de queixa recurrent de la ciutadania barcelonina - Sindicatura de Greuges de Barcelona","isPartOf":{"@id":"https:\/\/www.sindicaturabarcelona.cat\/ca\/#website"},"primaryImageOfPage":{"@id":"https:\/\/www.sindicaturabarcelona.cat\/ca\/la-ubicacio-dels-contenidors-motiu-de-queixa-recurrent-de-la-ciutadania-barcelonina\/#primaryimage"},"image":{"@id":"https:\/\/www.sindicaturabarcelona.cat\/ca\/la-ubicacio-dels-contenidors-motiu-de-queixa-recurrent-de-la-ciutadania-barcelonina\/#primaryimage"},"thumbnailUrl":"https:\/\/www.sindicaturabarcelona.cat\/wp-content\/uploads\/Contenidors-motiu-recurrent-queixa.jpg","datePublished":"2023-11-10T11:45:04+00:00","dateModified":"2023-11-10T11:45:07+00:00","description":"Recurrentment, la ciutadania es dirigeix a la Sindicatura per mostrar disconformitat amb la ubicaci\u00f3 dels contenidors i demanar canvis...","breadcrumb":{"@id":"https:\/\/www.sindicaturabarcelona.cat\/ca\/la-ubicacio-dels-contenidors-motiu-de-queixa-recurrent-de-la-ciutadania-barcelonina\/#breadcrumb"},"inLanguage":"ca","potentialAction":[{"@type":"ReadAction","target":["https:\/\/www.sindicaturabarcelona.cat\/ca\/la-ubicacio-dels-contenidors-motiu-de-queixa-recurrent-de-la-ciutadania-barcelonina\/"]}]},{"@type":"ImageObject","inLanguage":"ca","@id":"https:\/\/www.sindicaturabarcelona.cat\/ca\/la-ubicacio-dels-contenidors-motiu-de-queixa-recurrent-de-la-ciutadania-barcelonina\/#primaryimage","url":"https:\/\/www.sindicaturabarcelona.cat\/wp-content\/uploads\/Contenidors-motiu-recurrent-queixa.jpg","contentUrl":"https:\/\/www.sindicaturabarcelona.cat\/wp-content\/uploads\/Contenidors-motiu-recurrent-queixa.jpg","width":1533,"height":1024,"caption":"Contenidors-motiu-recurrent-queixa"},{"@type":"BreadcrumbList","@id":"https:\/\/www.sindicaturabarcelona.cat\/ca\/la-ubicacio-dels-contenidors-motiu-de-queixa-recurrent-de-la-ciutadania-barcelonina\/#breadcrumb","itemListElement":[{"@type":"ListItem","position":1,"name":"Inici","item":"https:\/\/www.sindicaturabarcelona.cat\/ca\/"},{"@type":"ListItem","position":2,"name":"La ubicaci\u00f3 dels contenidors, motiu de queixa recurrent de la ciutadania barcelonina"}]},{"@type":"WebSite","@id":"https:\/\/www.sindicaturabarcelona.cat\/ca\/#website","url":"https:\/\/www.sindicaturabarcelona.cat\/ca\/","name":"Sindicatura de Greuges de Barcelona","description":"La defensoria dels teus drets","publisher":{"@id":"https:\/\/www.sindicaturabarcelona.cat\/ca\/#organization"},"potentialAction":[{"@type":"SearchAction","target":{"@type":"EntryPoint","urlTemplate":"https:\/\/www.sindicaturabarcelona.cat\/ca\/?s={search_term_string}"},"query-input":{"@type":"PropertyValueSpecification","valueRequired":true,"valueName":"search_term_string"}}],"inLanguage":"ca"},{"@type":"Organization","@id":"https:\/\/www.sindicaturabarcelona.cat\/ca\/#organization","name":"Sindicatura de Greuges de Barcelona","url":"https:\/\/www.sindicaturabarcelona.cat\/ca\/","logo":{"@type":"ImageObject","inLanguage":"ca","@id":"https:\/\/www.sindicaturabarcelona.cat\/ca\/#\/schema\/logo\/image\/","url":"https:\/\/www.sindicaturabarcelona.cat\/wp-content\/uploads\/2023\/02\/logo_sindicatura.svg","contentUrl":"https:\/\/www.sindicaturabarcelona.cat\/wp-content\/uploads\/2023\/02\/logo_sindicatura.svg","caption":"Sindicatura de Greuges de Barcelona"},"image":{"@id":"https:\/\/www.sindicaturabarcelona.cat\/ca\/#\/schema\/logo\/image\/"},"sameAs":["https:\/\/x.com\/sindicbarcelona","https:\/\/www.instagram.com\/sindicbarcelona\/","https:\/\/www.tiktok.com\/@sindicaturabcn","https:\/\/t.me\/sindicaturabarcelona"]},{"@type":"Person","@id":"https:\/\/www.sindicaturabarcelona.cat\/ca\/#\/schema\/person\/0e5acffc350ffdbc97578159322c9452","name":"Pablo","image":{"@type":"ImageObject","inLanguage":"ca","@id":"https:\/\/secure.gravatar.com\/avatar\/c948169b402ef9492afde705c3dfd5e90e1a6a84ef6840a91124f805a25a480f?s=96&d=mm&r=g","url":"https:\/\/secure.gravatar.com\/avatar\/c948169b402ef9492afde705c3dfd5e90e1a6a84ef6840a91124f805a25a480f?s=96&d=mm&r=g","contentUrl":"https:\/\/secure.gravatar.com\/avatar\/c948169b402ef9492afde705c3dfd5e90e1a6a84ef6840a91124f805a25a480f?s=96&d=mm&r=g","caption":"Pablo"},"url":"https:\/\/www.sindicaturabarcelona.cat\/ca\/author\/pablo\/"}]}},"_links":{"self":[{"href":"https:\/\/www.sindicaturabarcelona.cat\/ca\/wp-json\/wp\/v2\/posts\/30463","targetHints":{"allow":["GET"]}}],"collection":[{"href":"https:\/\/www.sindicaturabarcelona.cat\/ca\/wp-json\/wp\/v2\/posts"}],"about":[{"href":"https:\/\/www.sindicaturabarcelona.cat\/ca\/wp-json\/wp\/v2\/types\/post"}],"author":[{"embeddable":true,"href":"https:\/\/www.sindicaturabarcelona.cat\/ca\/wp-json\/wp\/v2\/users\/2"}],"replies":[{"embeddable":true,"href":"https:\/\/www.sindicaturabarcelona.cat\/ca\/wp-json\/wp\/v2\/comments?post=30463"}],"version-history":[{"count":1,"href":"https:\/\/www.sindicaturabarcelona.cat\/ca\/wp-json\/wp\/v2\/posts\/30463\/revisions"}],"predecessor-version":[{"id":30467,"href":"https:\/\/www.sindicaturabarcelona.cat\/ca\/wp-json\/wp\/v2\/posts\/30463\/revisions\/30467"}],"wp:featuredmedia":[{"embeddable":true,"href":"https:\/\/www.sindicaturabarcelona.cat\/ca\/wp-json\/wp\/v2\/media\/30464"}],"wp:attachment":[{"href":"https:\/\/www.sindicaturabarcelona.cat\/ca\/wp-json\/wp\/v2\/media?parent=30463"}],"wp:term":[{"taxonomy":"post_tag","embeddable":true,"href":"https:\/\/www.sindicaturabarcelona.cat\/ca\/wp-json\/wp\/v2\/tags?post=30463"},{"taxonomy":"drets","embeddable":true,"href":"https:\/\/www.sindicaturabarcelona.cat\/ca\/wp-json\/wp\/v2\/drets?post=30463"}],"curies":[{"name":"wp","href":"https:\/\/api.w.org\/{rel}","templated":true}]}}