{"id":30440,"date":"2023-11-03T11:11:59","date_gmt":"2023-11-03T09:11:59","guid":{"rendered":"https:\/\/www.sindicaturabarcelona.cat\/?p=30440"},"modified":"2023-11-03T11:14:32","modified_gmt":"2023-11-03T09:14:32","slug":"sindicatura-rep-defensoria-vecinos-y-vecinas-montevideo","status":"publish","type":"post","link":"https:\/\/www.sindicaturabarcelona.cat\/ca\/sindicatura-rep-defensoria-vecinos-y-vecinas-montevideo\/","title":{"rendered":"La Sindicatura rep la Defensor\u00eda de Vecinos y Vecinas de Montev\u00eddeo amb l&#8217;objectiu d&#8217;intercanviar experi\u00e8ncies i bones pr\u00e0ctiques en la defensa dels drets de la ciutadania"},"content":{"rendered":"\n<p>Durant les darreres setmanes, la Sindicatura de Greuges de Barcelona ha rebut la visita d\u2019un representant de la Defensor\u00eda de Vecinos y Vecinas de Montevideo, <strong>en el marc del projecte internacional per compartir experi\u00e8ncies en la defensa i la garantia dels drets de la ciutadania amb altres sindicatures del m\u00f3n.<\/strong><\/p>\n\n\n\n<p>El responsable de l\u2019\u00c0rea de Gesti\u00f3 i Atenci\u00f3 a la Ciutadania de la <a href=\"https:\/\/www.gub.uy\/junta-departamental-montevideo\/defensoria-vecinas-vecinos\" target=\"_blank\" rel=\"noreferrer noopener\">defensoria uruguaiana<\/a>, <strong>Claudio Fern\u00e1ndez<\/strong>, ha acompanyat al personal de la Sindicatura de Greuges de Barcelona durant dues setmanes, tant en les tasques di\u00e0ries de la defensoria barcelonina, com en les accions espec\u00edfiques <a href=\"https:\/\/www.sindicaturabarcelona.cat\/ca\/presencia-al-territori\/\" target=\"_blank\" rel=\"noreferrer noopener\">desenvolupades al territori<\/a>.<\/p>\n\n\n\n<p>Mitjan\u00e7ant aquesta visita, la Defensor\u00eda de Vecinos y Vecinas de Montevideo ha conegut de primera m\u00e0 el m\u00e8tode de treball de la Sindicatura de Greuges de Barcelona. <strong>\u201cL\u2019objectiu de la nostra visita ha estat aprendre com s\u2019aborden els temes des de la defensoria barcelonina, quina \u00e9s la seva estructura interna i amb quines eines compten, amb el prop\u00f2sit de traslladar aquestes praxis a la tasca que fem a Montev\u00eddeo\u201d<\/strong>, ha afirmat Fern\u00e1ndez.<\/p>\n\n\n\n<p>Per la seva banda, el s\u00edndic de greuges de Barcelona, David Bondia, tamb\u00e9 ha valorat molt positivament la visita internacional: <strong>\u201cL\u2019intercanvi de coneixement tamb\u00e9 \u00e9s molt profit\u00f3s per a la nostra Sindicatura, ja que ens permet copsar bones pr\u00e0ctiques d\u2019altres territoris per tractar les problem\u00e0tiques de la ciutadania amb els serveis municipals\u201d<\/strong>.<\/p>\n\n\n\n<p><strong>AGOL: la instituci\u00f3 internacional que aplega les defensories locals<\/strong><\/p>\n\n\n\n<p>La Sindicatura de Greuges de Barcelona i la Defensoria de Vecinos y Vecinas de Montev\u00eddeo formen part de <a href=\"https:\/\/agol.es\/\" target=\"_blank\" rel=\"noreferrer noopener\">l\u2019Alianza Global del Ombudsperson Local (AGOL)<\/a>, una instituci\u00f3 creada l\u2019any 2019 per aglutinar defensories municipals d\u2019arreu del m\u00f3n. <em>Ombudsperson <\/em>\u00e9s un concepte d\u2019origen suec de l\u2019any 1809 que significa \u2018representant del poble\u2019 i que serveix com a antecedent dels actuals s\u00edndics o defensors del poble. La finalitat de l\u2019AGOL \u00e9s enfortir els vincles i la cooperaci\u00f3 entre els <em>Ombudsperson<\/em> locals per a generar impactes globals en favor de la garantia i promoci\u00f3 dels drets de les persones a les ciutats, i d\u2019aquesta manera, contribuir a la consolidaci\u00f3 de l&#8217;estat de dret, la democr\u00e0cia i la just\u00edcia social a tot el m\u00f3n.<\/p>\n","protected":false},"excerpt":{"rendered":"<p>Durant les darreres setmanes, la Sindicatura de Greuges de Barcelona ha rebut la visita d\u2019un representant de la Defensor\u00eda de Vecinos y Vecinas de Montevideo, en el marc del projecte [&hellip;]<\/p>\n","protected":false},"author":2,"featured_media":30441,"comment_status":"closed","ping_status":"closed","sticky":false,"template":"","format":"standard","meta":{"_acf_changed":false,"footnotes":""},"tags":[1638,1639,1636,1637,1238],"drets":[1428,1442,1440,1438],"class_list":["post-30440","post","type-post","status-publish","format-standard","has-post-thumbnail","hentry","tag-agol","tag-defensa-drets-ciutadania","tag-defensoria-montevideo","tag-projecte-internacional","tag-sindicatura-greuges-barcelona","drets-ciutat-equitativa","drets-ciutat-diversa","drets-ciutat-garantista","drets-ciutat-habitable-i-sostenible"],"acf":[],"yoast_head":"<!-- This site is optimized with the Yoast SEO plugin v27.5 - https:\/\/yoast.com\/product\/yoast-seo-wordpress\/ -->\n<title>La Sindicatura rep la Defensor\u00eda de Vecinos y Vecinas de Montev\u00eddeo amb l&#039;objectiu d&#039;intercanviar experi\u00e8ncies i bones pr\u00e0ctiques en la defensa dels drets de la ciutadania - Sindicatura de Greuges de Barcelona<\/title>\n<meta name=\"description\" content=\"Durant les darreres setmanes, la Sindicatura ha rebut la visita d\u2019un representant de la Defensor\u00eda de Vecinos y Vecinas de Montevideo,\" \/>\n<meta name=\"robots\" content=\"index, follow, max-snippet:-1, max-image-preview:large, max-video-preview:-1\" \/>\n<link rel=\"canonical\" href=\"https:\/\/www.sindicaturabarcelona.cat\/ca\/sindicatura-rep-defensoria-vecinos-y-vecinas-montevideo\/\" \/>\n<meta property=\"og:locale\" content=\"ca_ES\" \/>\n<meta property=\"og:type\" content=\"article\" \/>\n<meta property=\"og:title\" content=\"La Sindicatura rep la Defensor\u00eda de Vecinos y Vecinas de Montev\u00eddeo amb l&#039;objectiu d&#039;intercanviar experi\u00e8ncies i bones pr\u00e0ctiques en la defensa dels drets de la ciutadania - Sindicatura de Greuges de Barcelona\" \/>\n<meta property=\"og:description\" content=\"Durant les darreres setmanes, la Sindicatura ha rebut la visita d\u2019un representant de la Defensor\u00eda de Vecinos y Vecinas de Montevideo,\" \/>\n<meta property=\"og:url\" content=\"https:\/\/www.sindicaturabarcelona.cat\/ca\/sindicatura-rep-defensoria-vecinos-y-vecinas-montevideo\/\" \/>\n<meta property=\"og:site_name\" content=\"Sindicatura de Greuges de Barcelona\" \/>\n<meta property=\"article:published_time\" content=\"2023-11-03T09:11:59+00:00\" \/>\n<meta property=\"article:modified_time\" content=\"2023-11-03T09:14:32+00:00\" \/>\n<meta property=\"og:image\" content=\"https:\/\/www.sindicaturabarcelona.cat\/wp-content\/uploads\/Visita-Defensoria-Vecinos-y-Vecinas-Montevideo.jpeg\" \/>\n\t<meta property=\"og:image:width\" content=\"1023\" \/>\n\t<meta property=\"og:image:height\" content=\"768\" \/>\n\t<meta property=\"og:image:type\" content=\"image\/jpeg\" \/>\n<meta name=\"author\" content=\"Pablo\" \/>\n<meta name=\"twitter:card\" content=\"summary_large_image\" \/>\n<meta name=\"twitter:creator\" content=\"@sindicbarcelona\" \/>\n<meta name=\"twitter:site\" content=\"@sindicbarcelona\" \/>\n<meta name=\"twitter:label1\" content=\"Escrit per\" \/>\n\t<meta name=\"twitter:data1\" content=\"Pablo\" \/>\n\t<meta name=\"twitter:label2\" content=\"Temps estimat de lectura\" \/>\n\t<meta name=\"twitter:data2\" content=\"2 minuts\" \/>\n<script type=\"application\/ld+json\" class=\"yoast-schema-graph\">{\"@context\":\"https:\\\/\\\/schema.org\",\"@graph\":[{\"@type\":\"Article\",\"@id\":\"https:\\\/\\\/www.sindicaturabarcelona.cat\\\/ca\\\/sindicatura-rep-defensoria-vecinos-y-vecinas-montevideo\\\/#article\",\"isPartOf\":{\"@id\":\"https:\\\/\\\/www.sindicaturabarcelona.cat\\\/ca\\\/sindicatura-rep-defensoria-vecinos-y-vecinas-montevideo\\\/\"},\"author\":{\"name\":\"Pablo\",\"@id\":\"https:\\\/\\\/www.sindicaturabarcelona.cat\\\/ca\\\/#\\\/schema\\\/person\\\/0e5acffc350ffdbc97578159322c9452\"},\"headline\":\"La Sindicatura rep la Defensor\u00eda de Vecinos y Vecinas de Montev\u00eddeo amb l&#8217;objectiu d&#8217;intercanviar experi\u00e8ncies i bones pr\u00e0ctiques en la defensa dels drets de la ciutadania\",\"datePublished\":\"2023-11-03T09:11:59+00:00\",\"dateModified\":\"2023-11-03T09:14:32+00:00\",\"mainEntityOfPage\":{\"@id\":\"https:\\\/\\\/www.sindicaturabarcelona.cat\\\/ca\\\/sindicatura-rep-defensoria-vecinos-y-vecinas-montevideo\\\/\"},\"wordCount\":416,\"publisher\":{\"@id\":\"https:\\\/\\\/www.sindicaturabarcelona.cat\\\/ca\\\/#organization\"},\"image\":{\"@id\":\"https:\\\/\\\/www.sindicaturabarcelona.cat\\\/ca\\\/sindicatura-rep-defensoria-vecinos-y-vecinas-montevideo\\\/#primaryimage\"},\"thumbnailUrl\":\"https:\\\/\\\/www.sindicaturabarcelona.cat\\\/wp-content\\\/uploads\\\/Visita-Defensoria-Vecinos-y-Vecinas-Montevideo.jpeg\",\"keywords\":[\"AGOL\",\"defensa drets ciutadania\",\"defensoria montevideo\",\"projecte internacional\",\"sindicatura greuges barcelona\"],\"inLanguage\":\"ca\"},{\"@type\":\"WebPage\",\"@id\":\"https:\\\/\\\/www.sindicaturabarcelona.cat\\\/ca\\\/sindicatura-rep-defensoria-vecinos-y-vecinas-montevideo\\\/\",\"url\":\"https:\\\/\\\/www.sindicaturabarcelona.cat\\\/ca\\\/sindicatura-rep-defensoria-vecinos-y-vecinas-montevideo\\\/\",\"name\":\"La Sindicatura rep la Defensor\u00eda de Vecinos y Vecinas de Montev\u00eddeo amb l'objectiu d'intercanviar experi\u00e8ncies i bones pr\u00e0ctiques en la defensa dels drets de la ciutadania - Sindicatura de Greuges de Barcelona\",\"isPartOf\":{\"@id\":\"https:\\\/\\\/www.sindicaturabarcelona.cat\\\/ca\\\/#website\"},\"primaryImageOfPage\":{\"@id\":\"https:\\\/\\\/www.sindicaturabarcelona.cat\\\/ca\\\/sindicatura-rep-defensoria-vecinos-y-vecinas-montevideo\\\/#primaryimage\"},\"image\":{\"@id\":\"https:\\\/\\\/www.sindicaturabarcelona.cat\\\/ca\\\/sindicatura-rep-defensoria-vecinos-y-vecinas-montevideo\\\/#primaryimage\"},\"thumbnailUrl\":\"https:\\\/\\\/www.sindicaturabarcelona.cat\\\/wp-content\\\/uploads\\\/Visita-Defensoria-Vecinos-y-Vecinas-Montevideo.jpeg\",\"datePublished\":\"2023-11-03T09:11:59+00:00\",\"dateModified\":\"2023-11-03T09:14:32+00:00\",\"description\":\"Durant les darreres setmanes, la Sindicatura ha rebut la visita d\u2019un representant de la Defensor\u00eda de Vecinos y Vecinas de Montevideo,\",\"breadcrumb\":{\"@id\":\"https:\\\/\\\/www.sindicaturabarcelona.cat\\\/ca\\\/sindicatura-rep-defensoria-vecinos-y-vecinas-montevideo\\\/#breadcrumb\"},\"inLanguage\":\"ca\",\"potentialAction\":[{\"@type\":\"ReadAction\",\"target\":[\"https:\\\/\\\/www.sindicaturabarcelona.cat\\\/ca\\\/sindicatura-rep-defensoria-vecinos-y-vecinas-montevideo\\\/\"]}]},{\"@type\":\"ImageObject\",\"inLanguage\":\"ca\",\"@id\":\"https:\\\/\\\/www.sindicaturabarcelona.cat\\\/ca\\\/sindicatura-rep-defensoria-vecinos-y-vecinas-montevideo\\\/#primaryimage\",\"url\":\"https:\\\/\\\/www.sindicaturabarcelona.cat\\\/wp-content\\\/uploads\\\/Visita-Defensoria-Vecinos-y-Vecinas-Montevideo.jpeg\",\"contentUrl\":\"https:\\\/\\\/www.sindicaturabarcelona.cat\\\/wp-content\\\/uploads\\\/Visita-Defensoria-Vecinos-y-Vecinas-Montevideo.jpeg\",\"width\":1023,\"height\":768,\"caption\":\"Visita Defensoria Vecinos y Vecinas Montevideo\"},{\"@type\":\"BreadcrumbList\",\"@id\":\"https:\\\/\\\/www.sindicaturabarcelona.cat\\\/ca\\\/sindicatura-rep-defensoria-vecinos-y-vecinas-montevideo\\\/#breadcrumb\",\"itemListElement\":[{\"@type\":\"ListItem\",\"position\":1,\"name\":\"Inici\",\"item\":\"https:\\\/\\\/www.sindicaturabarcelona.cat\\\/ca\\\/\"},{\"@type\":\"ListItem\",\"position\":2,\"name\":\"La Sindicatura rep la Defensor\u00eda de Vecinos y Vecinas de Montev\u00eddeo amb l&#8217;objectiu d&#8217;intercanviar experi\u00e8ncies i bones pr\u00e0ctiques en la defensa dels drets de la ciutadania\"}]},{\"@type\":\"WebSite\",\"@id\":\"https:\\\/\\\/www.sindicaturabarcelona.cat\\\/ca\\\/#website\",\"url\":\"https:\\\/\\\/www.sindicaturabarcelona.cat\\\/ca\\\/\",\"name\":\"Sindicatura de Greuges de Barcelona\",\"description\":\"La defensoria dels teus drets\",\"publisher\":{\"@id\":\"https:\\\/\\\/www.sindicaturabarcelona.cat\\\/ca\\\/#organization\"},\"potentialAction\":[{\"@type\":\"SearchAction\",\"target\":{\"@type\":\"EntryPoint\",\"urlTemplate\":\"https:\\\/\\\/www.sindicaturabarcelona.cat\\\/ca\\\/?s={search_term_string}\"},\"query-input\":{\"@type\":\"PropertyValueSpecification\",\"valueRequired\":true,\"valueName\":\"search_term_string\"}}],\"inLanguage\":\"ca\"},{\"@type\":\"Organization\",\"@id\":\"https:\\\/\\\/www.sindicaturabarcelona.cat\\\/ca\\\/#organization\",\"name\":\"Sindicatura de Greuges de Barcelona\",\"url\":\"https:\\\/\\\/www.sindicaturabarcelona.cat\\\/ca\\\/\",\"logo\":{\"@type\":\"ImageObject\",\"inLanguage\":\"ca\",\"@id\":\"https:\\\/\\\/www.sindicaturabarcelona.cat\\\/ca\\\/#\\\/schema\\\/logo\\\/image\\\/\",\"url\":\"https:\\\/\\\/www.sindicaturabarcelona.cat\\\/wp-content\\\/uploads\\\/2023\\\/02\\\/logo_sindicatura.svg\",\"contentUrl\":\"https:\\\/\\\/www.sindicaturabarcelona.cat\\\/wp-content\\\/uploads\\\/2023\\\/02\\\/logo_sindicatura.svg\",\"caption\":\"Sindicatura de Greuges de Barcelona\"},\"image\":{\"@id\":\"https:\\\/\\\/www.sindicaturabarcelona.cat\\\/ca\\\/#\\\/schema\\\/logo\\\/image\\\/\"},\"sameAs\":[\"https:\\\/\\\/x.com\\\/sindicbarcelona\",\"https:\\\/\\\/www.instagram.com\\\/sindicbarcelona\\\/\",\"https:\\\/\\\/www.tiktok.com\\\/@sindicaturabcn\",\"https:\\\/\\\/t.me\\\/sindicaturabarcelona\"]},{\"@type\":\"Person\",\"@id\":\"https:\\\/\\\/www.sindicaturabarcelona.cat\\\/ca\\\/#\\\/schema\\\/person\\\/0e5acffc350ffdbc97578159322c9452\",\"name\":\"Pablo\",\"image\":{\"@type\":\"ImageObject\",\"inLanguage\":\"ca\",\"@id\":\"https:\\\/\\\/secure.gravatar.com\\\/avatar\\\/c948169b402ef9492afde705c3dfd5e90e1a6a84ef6840a91124f805a25a480f?s=96&d=mm&r=g\",\"url\":\"https:\\\/\\\/secure.gravatar.com\\\/avatar\\\/c948169b402ef9492afde705c3dfd5e90e1a6a84ef6840a91124f805a25a480f?s=96&d=mm&r=g\",\"contentUrl\":\"https:\\\/\\\/secure.gravatar.com\\\/avatar\\\/c948169b402ef9492afde705c3dfd5e90e1a6a84ef6840a91124f805a25a480f?s=96&d=mm&r=g\",\"caption\":\"Pablo\"},\"url\":\"https:\\\/\\\/www.sindicaturabarcelona.cat\\\/ca\\\/author\\\/pablo\\\/\"}]}<\/script>\n<!-- \/ Yoast SEO plugin. -->","yoast_head_json":{"title":"La Sindicatura rep la Defensor\u00eda de Vecinos y Vecinas de Montev\u00eddeo amb l'objectiu d'intercanviar experi\u00e8ncies i bones pr\u00e0ctiques en la defensa dels drets de la ciutadania - Sindicatura de Greuges de Barcelona","description":"Durant les darreres setmanes, la Sindicatura ha rebut la visita d\u2019un representant de la Defensor\u00eda de Vecinos y Vecinas de Montevideo,","robots":{"index":"index","follow":"follow","max-snippet":"max-snippet:-1","max-image-preview":"max-image-preview:large","max-video-preview":"max-video-preview:-1"},"canonical":"https:\/\/www.sindicaturabarcelona.cat\/ca\/sindicatura-rep-defensoria-vecinos-y-vecinas-montevideo\/","og_locale":"ca_ES","og_type":"article","og_title":"La Sindicatura rep la Defensor\u00eda de Vecinos y Vecinas de Montev\u00eddeo amb l'objectiu d'intercanviar experi\u00e8ncies i bones pr\u00e0ctiques en la defensa dels drets de la ciutadania - Sindicatura de Greuges de Barcelona","og_description":"Durant les darreres setmanes, la Sindicatura ha rebut la visita d\u2019un representant de la Defensor\u00eda de Vecinos y Vecinas de Montevideo,","og_url":"https:\/\/www.sindicaturabarcelona.cat\/ca\/sindicatura-rep-defensoria-vecinos-y-vecinas-montevideo\/","og_site_name":"Sindicatura de Greuges de Barcelona","article_published_time":"2023-11-03T09:11:59+00:00","article_modified_time":"2023-11-03T09:14:32+00:00","og_image":[{"width":1023,"height":768,"url":"https:\/\/www.sindicaturabarcelona.cat\/wp-content\/uploads\/Visita-Defensoria-Vecinos-y-Vecinas-Montevideo.jpeg","type":"image\/jpeg"}],"author":"Pablo","twitter_card":"summary_large_image","twitter_creator":"@sindicbarcelona","twitter_site":"@sindicbarcelona","twitter_misc":{"Escrit per":"Pablo","Temps estimat de lectura":"2 minuts"},"schema":{"@context":"https:\/\/schema.org","@graph":[{"@type":"Article","@id":"https:\/\/www.sindicaturabarcelona.cat\/ca\/sindicatura-rep-defensoria-vecinos-y-vecinas-montevideo\/#article","isPartOf":{"@id":"https:\/\/www.sindicaturabarcelona.cat\/ca\/sindicatura-rep-defensoria-vecinos-y-vecinas-montevideo\/"},"author":{"name":"Pablo","@id":"https:\/\/www.sindicaturabarcelona.cat\/ca\/#\/schema\/person\/0e5acffc350ffdbc97578159322c9452"},"headline":"La Sindicatura rep la Defensor\u00eda de Vecinos y Vecinas de Montev\u00eddeo amb l&#8217;objectiu d&#8217;intercanviar experi\u00e8ncies i bones pr\u00e0ctiques en la defensa dels drets de la ciutadania","datePublished":"2023-11-03T09:11:59+00:00","dateModified":"2023-11-03T09:14:32+00:00","mainEntityOfPage":{"@id":"https:\/\/www.sindicaturabarcelona.cat\/ca\/sindicatura-rep-defensoria-vecinos-y-vecinas-montevideo\/"},"wordCount":416,"publisher":{"@id":"https:\/\/www.sindicaturabarcelona.cat\/ca\/#organization"},"image":{"@id":"https:\/\/www.sindicaturabarcelona.cat\/ca\/sindicatura-rep-defensoria-vecinos-y-vecinas-montevideo\/#primaryimage"},"thumbnailUrl":"https:\/\/www.sindicaturabarcelona.cat\/wp-content\/uploads\/Visita-Defensoria-Vecinos-y-Vecinas-Montevideo.jpeg","keywords":["AGOL","defensa drets ciutadania","defensoria montevideo","projecte internacional","sindicatura greuges barcelona"],"inLanguage":"ca"},{"@type":"WebPage","@id":"https:\/\/www.sindicaturabarcelona.cat\/ca\/sindicatura-rep-defensoria-vecinos-y-vecinas-montevideo\/","url":"https:\/\/www.sindicaturabarcelona.cat\/ca\/sindicatura-rep-defensoria-vecinos-y-vecinas-montevideo\/","name":"La Sindicatura rep la Defensor\u00eda de Vecinos y Vecinas de Montev\u00eddeo amb l'objectiu d'intercanviar experi\u00e8ncies i bones pr\u00e0ctiques en la defensa dels drets de la ciutadania - Sindicatura de Greuges de Barcelona","isPartOf":{"@id":"https:\/\/www.sindicaturabarcelona.cat\/ca\/#website"},"primaryImageOfPage":{"@id":"https:\/\/www.sindicaturabarcelona.cat\/ca\/sindicatura-rep-defensoria-vecinos-y-vecinas-montevideo\/#primaryimage"},"image":{"@id":"https:\/\/www.sindicaturabarcelona.cat\/ca\/sindicatura-rep-defensoria-vecinos-y-vecinas-montevideo\/#primaryimage"},"thumbnailUrl":"https:\/\/www.sindicaturabarcelona.cat\/wp-content\/uploads\/Visita-Defensoria-Vecinos-y-Vecinas-Montevideo.jpeg","datePublished":"2023-11-03T09:11:59+00:00","dateModified":"2023-11-03T09:14:32+00:00","description":"Durant les darreres setmanes, la Sindicatura ha rebut la visita d\u2019un representant de la Defensor\u00eda de Vecinos y Vecinas de Montevideo,","breadcrumb":{"@id":"https:\/\/www.sindicaturabarcelona.cat\/ca\/sindicatura-rep-defensoria-vecinos-y-vecinas-montevideo\/#breadcrumb"},"inLanguage":"ca","potentialAction":[{"@type":"ReadAction","target":["https:\/\/www.sindicaturabarcelona.cat\/ca\/sindicatura-rep-defensoria-vecinos-y-vecinas-montevideo\/"]}]},{"@type":"ImageObject","inLanguage":"ca","@id":"https:\/\/www.sindicaturabarcelona.cat\/ca\/sindicatura-rep-defensoria-vecinos-y-vecinas-montevideo\/#primaryimage","url":"https:\/\/www.sindicaturabarcelona.cat\/wp-content\/uploads\/Visita-Defensoria-Vecinos-y-Vecinas-Montevideo.jpeg","contentUrl":"https:\/\/www.sindicaturabarcelona.cat\/wp-content\/uploads\/Visita-Defensoria-Vecinos-y-Vecinas-Montevideo.jpeg","width":1023,"height":768,"caption":"Visita Defensoria Vecinos y Vecinas Montevideo"},{"@type":"BreadcrumbList","@id":"https:\/\/www.sindicaturabarcelona.cat\/ca\/sindicatura-rep-defensoria-vecinos-y-vecinas-montevideo\/#breadcrumb","itemListElement":[{"@type":"ListItem","position":1,"name":"Inici","item":"https:\/\/www.sindicaturabarcelona.cat\/ca\/"},{"@type":"ListItem","position":2,"name":"La Sindicatura rep la Defensor\u00eda de Vecinos y Vecinas de Montev\u00eddeo amb l&#8217;objectiu d&#8217;intercanviar experi\u00e8ncies i bones pr\u00e0ctiques en la defensa dels drets de la ciutadania"}]},{"@type":"WebSite","@id":"https:\/\/www.sindicaturabarcelona.cat\/ca\/#website","url":"https:\/\/www.sindicaturabarcelona.cat\/ca\/","name":"Sindicatura de Greuges de Barcelona","description":"La defensoria dels teus drets","publisher":{"@id":"https:\/\/www.sindicaturabarcelona.cat\/ca\/#organization"},"potentialAction":[{"@type":"SearchAction","target":{"@type":"EntryPoint","urlTemplate":"https:\/\/www.sindicaturabarcelona.cat\/ca\/?s={search_term_string}"},"query-input":{"@type":"PropertyValueSpecification","valueRequired":true,"valueName":"search_term_string"}}],"inLanguage":"ca"},{"@type":"Organization","@id":"https:\/\/www.sindicaturabarcelona.cat\/ca\/#organization","name":"Sindicatura de Greuges de Barcelona","url":"https:\/\/www.sindicaturabarcelona.cat\/ca\/","logo":{"@type":"ImageObject","inLanguage":"ca","@id":"https:\/\/www.sindicaturabarcelona.cat\/ca\/#\/schema\/logo\/image\/","url":"https:\/\/www.sindicaturabarcelona.cat\/wp-content\/uploads\/2023\/02\/logo_sindicatura.svg","contentUrl":"https:\/\/www.sindicaturabarcelona.cat\/wp-content\/uploads\/2023\/02\/logo_sindicatura.svg","caption":"Sindicatura de Greuges de Barcelona"},"image":{"@id":"https:\/\/www.sindicaturabarcelona.cat\/ca\/#\/schema\/logo\/image\/"},"sameAs":["https:\/\/x.com\/sindicbarcelona","https:\/\/www.instagram.com\/sindicbarcelona\/","https:\/\/www.tiktok.com\/@sindicaturabcn","https:\/\/t.me\/sindicaturabarcelona"]},{"@type":"Person","@id":"https:\/\/www.sindicaturabarcelona.cat\/ca\/#\/schema\/person\/0e5acffc350ffdbc97578159322c9452","name":"Pablo","image":{"@type":"ImageObject","inLanguage":"ca","@id":"https:\/\/secure.gravatar.com\/avatar\/c948169b402ef9492afde705c3dfd5e90e1a6a84ef6840a91124f805a25a480f?s=96&d=mm&r=g","url":"https:\/\/secure.gravatar.com\/avatar\/c948169b402ef9492afde705c3dfd5e90e1a6a84ef6840a91124f805a25a480f?s=96&d=mm&r=g","contentUrl":"https:\/\/secure.gravatar.com\/avatar\/c948169b402ef9492afde705c3dfd5e90e1a6a84ef6840a91124f805a25a480f?s=96&d=mm&r=g","caption":"Pablo"},"url":"https:\/\/www.sindicaturabarcelona.cat\/ca\/author\/pablo\/"}]}},"_links":{"self":[{"href":"https:\/\/www.sindicaturabarcelona.cat\/ca\/wp-json\/wp\/v2\/posts\/30440","targetHints":{"allow":["GET"]}}],"collection":[{"href":"https:\/\/www.sindicaturabarcelona.cat\/ca\/wp-json\/wp\/v2\/posts"}],"about":[{"href":"https:\/\/www.sindicaturabarcelona.cat\/ca\/wp-json\/wp\/v2\/types\/post"}],"author":[{"embeddable":true,"href":"https:\/\/www.sindicaturabarcelona.cat\/ca\/wp-json\/wp\/v2\/users\/2"}],"replies":[{"embeddable":true,"href":"https:\/\/www.sindicaturabarcelona.cat\/ca\/wp-json\/wp\/v2\/comments?post=30440"}],"version-history":[{"count":2,"href":"https:\/\/www.sindicaturabarcelona.cat\/ca\/wp-json\/wp\/v2\/posts\/30440\/revisions"}],"predecessor-version":[{"id":30446,"href":"https:\/\/www.sindicaturabarcelona.cat\/ca\/wp-json\/wp\/v2\/posts\/30440\/revisions\/30446"}],"wp:featuredmedia":[{"embeddable":true,"href":"https:\/\/www.sindicaturabarcelona.cat\/ca\/wp-json\/wp\/v2\/media\/30441"}],"wp:attachment":[{"href":"https:\/\/www.sindicaturabarcelona.cat\/ca\/wp-json\/wp\/v2\/media?parent=30440"}],"wp:term":[{"taxonomy":"post_tag","embeddable":true,"href":"https:\/\/www.sindicaturabarcelona.cat\/ca\/wp-json\/wp\/v2\/tags?post=30440"},{"taxonomy":"drets","embeddable":true,"href":"https:\/\/www.sindicaturabarcelona.cat\/ca\/wp-json\/wp\/v2\/drets?post=30440"}],"curies":[{"name":"wp","href":"https:\/\/api.w.org\/{rel}","templated":true}]}}