{"id":30361,"date":"2023-10-24T11:40:43","date_gmt":"2023-10-24T09:40:43","guid":{"rendered":"https:\/\/www.sindicaturabarcelona.cat\/?p=30361"},"modified":"2025-04-08T09:52:07","modified_gmt":"2025-04-08T07:52:07","slug":"la-sindicatura-de-greuges-de-barcelona-proposa-la-creacio-dun-punt-dassessorament-derivacio-i-acompanyament-per-families-de-persones-empresonades","status":"publish","type":"post","link":"https:\/\/www.sindicaturabarcelona.cat\/ca\/la-sindicatura-de-greuges-de-barcelona-proposa-la-creacio-dun-punt-dassessorament-derivacio-i-acompanyament-per-families-de-persones-empresonades\/","title":{"rendered":"La Sindicatura de Greuges de Barcelona proposa la creaci\u00f3 d\u2019un Punt d\u2019Assessorament, Derivaci\u00f3 i Acompanyament per a fam\u00edlies de persones empresonades"},"content":{"rendered":"\n<h2 class=\"wp-block-heading\"><strong>La defensoria publica un informe sobre l\u2019atenci\u00f3 a les fam\u00edlies de persones empresonades residents a Barcelona i la seva \u00e0rea metropolitana<\/strong><\/h2>\n\n\n\n<p><strong>La Sindicatura de Greuges de Barcelona ha presentat l\u2019informe <em>\u201c<a href=\"https:\/\/www.sindicaturabarcelona.cat\/wp-content\/uploads\/20231016-MG-Families-Persones-Empresonades.pdf\">L\u2019atenci\u00f3 a les fam\u00edlies de persones empresonades residents a Barcelona i la seva \u00e0rea metropolitana<\/a>\u201d<\/em><\/strong><em>,<\/em> en qu\u00e8 s\u2019analitza l\u2019afectaci\u00f3 de drets d\u2019aquest col\u00b7lectiu. Aquest estudi posa de manifest mancances espec\u00edfiques en el suport que reben aquestes persones i apunta a solucions en dues direccions: un seguit de recomanacions a les administracions p\u00fabliques i la <strong>proposta de creaci\u00f3 d\u2019un Punt d\u2019Assessorament, Derivaci\u00f3 i Acompanyament (PADA) per a fam\u00edlies de persones preses<\/strong>.<\/p>\n\n\n\n<p>Per un correcte abordatge d\u2019aquesta situaci\u00f3 tenint en compte la seva dimensi\u00f3 metropolitana, l\u2019informe ha estat elaborat en col\u00b7laboraci\u00f3 amb el S\u00edndic de Greuges de Catalunya, el F\u00f2rum de S\u00edndics i Defensors Locals de Catalunya, i els s\u00edndics i s\u00edndiques de Badalona, Cornell\u00e0, L\u2019Hospitalet de Llobregat, Rub\u00ed, Sabadell, Sant Boi, Santa Coloma de Gramenet, Sant Feliu de Llobregat de Llobregat i Terrassa.<\/p>\n\n\n\n<h3 class=\"wp-block-heading\"><strong>Les fam\u00edlies de persones empresonades, un col\u00b7lectiu invisibilitzat<\/strong><\/h3>\n\n\n\n<p><strong>Habitualment s&#8217;han invisibilitzat les necessitats de les fam\u00edlies de les persones empresonades i els problemes que han d\u2019afrontar, <\/strong>alhora que es fa palesa una certa manca de protecci\u00f3 institucional envers aquest col\u00b7lectiu. L\u2019objectiu de la recerca consisteix en analitzar com es pot ajudar a revertir aquesta situaci\u00f3 i a pal\u00b7liar aquests problemes i necessitats des dels serveis municipals.<strong><\/strong><\/p>\n\n\n\n<p>Aquest informe busca <strong>diagnosticar la situaci\u00f3 de les fam\u00edlies de persones preses per detectar mancances o defici\u00e8ncies en l&#8217;atenci\u00f3 per part de les administracions p\u00fabliques<\/strong>, aix\u00ed com elaborar recomanacions o propostes de millora.<\/p>\n\n\n\n<p>Per arribar en aquest diagn\u00f2stic s\u2019ha fet una recerca documental, que ha perm\u00e8s elaborar una radiografia dels problemes i establir una relaci\u00f3 de les necessitats, i una recerca emp\u00edrica amb entrevistes, q\u00fcestionaris i din\u00e0miques de grup focalitzades que han servit per valorar els serveis existents, el grau de coneixement d\u2019aquests i la cobertura de necessitats. Necessitats que han estat dividides en quatre \u00e0mbits: les derivades de l\u2019impacte emocional i psicosocial, les vinculades a la relaci\u00f3 amb la instituci\u00f3 penitenci\u00e0ria, les derivades de l\u2019impacte econ\u00f2mic i laboral, i per \u00faltim aquelles vinculades a la q\u00fcesti\u00f3 de salut f\u00edsica i mental.<\/p>\n\n\n\n<h3 class=\"wp-block-heading\"><strong>Necessitats principals de les fam\u00edlies de persones empresonades<\/strong><\/h3>\n\n\n\n<p>De la primera part de l\u2019estudi es poden extreure <strong>les necessitats principals que tenen les fam\u00edlies de les persones empresonades<\/strong>:<\/p>\n\n\n\n<p>\u25cf&nbsp;&nbsp; Necessitat d\u2019informaci\u00f3, orientaci\u00f3 i acompanyament, tant sobre l\u2019afectaci\u00f3 sociofamiliar, com respecte de la situaci\u00f3 de la persona empresonada i el funcionament mateix del sistema penitenciari.<\/p>\n\n\n\n<p>\u25cf&nbsp;&nbsp; Necessitat de suport psicol\u00f2gic a l\u2019inici de l\u2019empresonament, durant aquest i un cop es produeix l\u2019alliberament.<\/p>\n\n\n\n<p>\u25cf&nbsp;&nbsp; Necessitat de suport jur\u00eddic per atendre incid\u00e8ncies o sol\u00b7licituds, aix\u00ed com les situacions d\u2019indefensi\u00f3.<\/p>\n\n\n\n<p>\u25cf&nbsp;&nbsp; Necessitat d\u2019orientaci\u00f3, assessorament i acompanyament en q\u00fcestions econ\u00f2miques i laborals.<\/p>\n\n\n\n<p>\u25cf&nbsp;&nbsp; Necessitat d\u2019orientaci\u00f3, assessorament i acompanyament en q\u00fcestions de salut f\u00edsica i mental.<\/p>\n\n\n\n<h3 class=\"wp-block-heading\"><strong>Propostes a les administracions p\u00fabliques<\/strong><\/h3>\n\n\n\n<p>L\u2019informe permet apreciar com, tot i que la pol\u00edtica penitenci\u00e0ria catalana considera les fam\u00edlies un agent fonamental en el proc\u00e9s de desistiment i reinserci\u00f3, els serveis que es posen a disposici\u00f3 d\u2019aquestes fam\u00edlies no tenen capacitat per donar resposta a gran part de les seves necessitats. En aquest context, es fan paleses una s\u00e8rie de mancances pel que fa a la cobertura d\u2019aquestes necessitats, les quals es poden agrupar en dos blocs principals:<\/p>\n\n\n\n<ol style=\"list-style-type:1\" class=\"wp-block-list\">\n<li>D\u00e8ficit en la informaci\u00f3, orientaci\u00f3 i assessorament<\/li>\n\n\n\n<li>Manca de suport psicosocial amb qu\u00e8 es troben la major part d\u2019aquestes persones per fer front a l\u2019experi\u00e8ncia de l\u2019empresonament del seu o la seva familiar<\/li>\n<\/ol>\n\n\n\n<p>Per aquest motiu, aquest informe inclou propostes o recomanacions dirigides a administracions p\u00fabliques que escapen a les compet\u00e8ncies municipals, com la Secretaria de Mesures Penals, Reinserci\u00f3 i Atenci\u00f3 a la V\u00edctima (SMPRAV) i el Programa de Salut Penitenci\u00e0ria de l\u2019Institut Catal\u00e0 de Salut (ICS), organitzacions que depenen en \u00faltima inst\u00e0ncia de la Generalitat de Catalunya. El llistat de recomanacions estan disponibles tant a l\u2019informe com al seu resum executiu.<\/p>\n\n\n\n<p>En l\u2019\u00e0mbit de la compet\u00e8ncia municipal, <strong>es recomana als Serveis Socials d\u2019Atenci\u00f3 Prim\u00e0ria<\/strong>:<\/p>\n\n\n\n<p>\u25cf&nbsp;&nbsp; Considerar el fet que la persona usu\u00e0ria dels Serveis Socials tingui una persona de la seva unitat familiar privada de llibertat com a una <strong>variable que pot augmentar-ne el risc d\u2019exclusi\u00f3 social.<\/strong><\/p>\n\n\n\n<p>\u25cf&nbsp;&nbsp; Quan &nbsp;la persona usu\u00e0ria dels serveis socials municipals tingui algun familiar en privaci\u00f3 de llibertat, <strong>tenir en compte els possibles problemes i necessitats en l\u2019\u00e0mbit econ\u00f2mic i laboral<\/strong>.<\/p>\n\n\n\n<p>\u25cf&nbsp;&nbsp; Quan la persona usu\u00e0ria dels serveis socials municipals tingui algun familiar en privaci\u00f3 de llibertat, <strong>potenciar la coordinaci\u00f3 amb els serveis socials penitenciaris<\/strong>, amb l\u2019objectiu de garantir la cobertura de les seves necessitats.<\/p>\n\n\n\n<p>Per\u00f2 la recomanaci\u00f3 principal en l\u2019\u00e0mbit municipal \u00e9s la creaci\u00f3 d\u2019un <strong>Punt d\u2019Assessorament, Derivaci\u00f3 i Acompanyament<\/strong> (<em>PADA<\/em>) per a fam\u00edlies de persones preses a la ciutat de Barcelona.<\/p>\n\n\n\n<h3 class=\"wp-block-heading\"><strong>La creaci\u00f3 del primer <em>PADA<\/em> a Barcelona<\/strong><\/h3>\n\n\n\n<p>La proposta m\u00e9s rellevant d\u2019aquest informe \u00e9s la de <strong>crear un servei municipal nou per a fam\u00edlies de persones empresonades<\/strong>. Un <em>PADA<\/em> on es pugui atendre les fam\u00edlies de manera personalitzada, donant informaci\u00f3 i orientaci\u00f3 sobre els seus problemes, necessitats i casu\u00edstiques particulars. <strong>Un servei centralitzat (a l\u2019estil d\u2019una finestreta \u00fanica)<\/strong>, davant la gran diversitat de recursos potencialment disponibles i als quals se\u2019ls pugui derivar i acompanyar. Un espai independent de l\u2019Administraci\u00f3 Penitenci\u00e0ria mateixa.<\/p>\n\n\n\n<p>Aquesta proposta de punt d\u2019atenci\u00f3 es basa en experi\u00e8ncies i serveis similars d\u2019Europa i Am\u00e8rica Llatina, i fins i tot es mira com possible inspiraci\u00f3 de cara al disseny dels <em>PADA<\/em> el Servei d\u2019Atenci\u00f3 a Immigrants, Emigrants i Refugiats (SAIER) de l\u2019Ajuntament de Barcelona, tot i oferir atenci\u00f3 sobre altres situacions i col\u00b7lectius.<\/p>\n\n\n\n<p>En una primera delimitaci\u00f3 de les funcions d\u2019aquest <em>PADA<\/em> de la ciutat de Barcelona, haurien de ser:<\/p>\n\n\n\n<ul class=\"wp-block-list\">\n<li><strong>Centralitzaci\u00f3 de l\u2019atenci\u00f3 a les fam\u00edlies de persones empresonades:<\/strong> el <em>PADA <\/em>vol constituir-se en un \u00fanic punt on atendre qualsevol problema o necessitat.<\/li>\n\n\n\n<li><strong>Atenci\u00f3 personalitzada i confidencial: <\/strong>el <em>PADA <\/em>ha de garantir una atenci\u00f3 personalitzada i confidencial.<\/li>\n\n\n\n<li><strong>Informaci\u00f3: <\/strong>es podria informar sobre el funcionament general del sistema penitenciari, els passos per fer davant d&#8217;incid\u00e8ncies viscudes, els diferents recursos socials, i les entitats que poden ajudar en termes de suport mutu.<\/li>\n\n\n\n<li><strong>Orientaci\u00f3 i assessorament: <\/strong>des del <em>PADA <\/em>es pot dur a terme una orientaci\u00f3 i assessorament ajustats a la casu\u00edstica particular de cada usuari\/\u00e0ria del servei.<\/li>\n\n\n\n<li><strong>Derivaci\u00f3: <\/strong>El <em>PADA <\/em>est\u00e0 pensat per atendre les fam\u00edlies, analitzar els problemes que presenten, informar-les, orientar-les, assessorar-les i, un cop fet aix\u00f2, derivar-les cap als recursos existents. Aix\u00f2 pot permetre, tamb\u00e9, augmentar l\u2019\u00fas d\u2019aquests recursos, sovint desconeguts per les fam\u00edlies.<strong><\/strong><\/li>\n\n\n\n<li><strong>Acompanyament: <\/strong>Des del <em>PADA<\/em>, si es considera necessari, es pot fer un acompanyament en aquests processos per ajudar a dur-los a terme i fer-ne el seguiment.<\/li>\n\n\n\n<li><strong>Suport psicosocial: <\/strong>Els <em>PADA<\/em> haurien d\u2019oferir suport psicosocial i potenciar l\u2019acc\u00e9s d\u2019aquestes persones a recursos o professionals amb capacitat per donar una resposta adaptada a les necessitats d\u2019\u00e0mbit psicosocial que puguin presentar.<\/li>\n\n\n\n<li><strong>Documentaci\u00f3: <\/strong>Entre les tasques del <em>PADA<\/em> tamb\u00e9 hi hauria l&#8217;elaboraci\u00f3 d\u2019informes anuals sobre les situacions i incid\u00e8ncies ateses.<\/li>\n<\/ul>\n\n\n\n<p><strong>Aquesta proposta de la Sindicatura de Greuges de Barcelona t\u00e9 com a objectiu la creaci\u00f3 d\u2019un primer <em>PADA <\/em>a la ciutat de Barcelona que es pugui replicar posteriorment a altres indrets del territori<\/strong>.&nbsp;<\/p>\n","protected":false},"excerpt":{"rendered":"<p>La defensoria publica un informe sobre l\u2019atenci\u00f3 a les fam\u00edlies de persones empresonades residents a Barcelona i la seva \u00e0rea metropolitana La Sindicatura de Greuges de Barcelona ha presentat l\u2019informe [&hellip;]<\/p>\n","protected":false},"author":2,"featured_media":30362,"comment_status":"closed","ping_status":"closed","sticky":false,"template":"","format":"standard","meta":{"_acf_changed":false,"footnotes":""},"tags":[],"drets":[1440],"class_list":["post-30361","post","type-post","status-publish","format-standard","has-post-thumbnail","hentry","drets-ciutat-garantista"],"acf":[],"yoast_head":"<!-- This site is optimized with the Yoast SEO plugin v27.5 - https:\/\/yoast.com\/product\/yoast-seo-wordpress\/ -->\n<title>La Sindicatura de Greuges de Barcelona proposa la creaci\u00f3 d\u2019un Punt d\u2019Assessorament, Derivaci\u00f3 i Acompanyament per a fam\u00edlies de persones empresonades - Sindicatura de Greuges de Barcelona<\/title>\n<meta name=\"robots\" content=\"index, follow, max-snippet:-1, max-image-preview:large, max-video-preview:-1\" \/>\n<link rel=\"canonical\" href=\"https:\/\/www.sindicaturabarcelona.cat\/ca\/la-sindicatura-de-greuges-de-barcelona-proposa-la-creacio-dun-punt-dassessorament-derivacio-i-acompanyament-per-families-de-persones-empresonades\/\" \/>\n<meta property=\"og:locale\" content=\"ca_ES\" \/>\n<meta property=\"og:type\" content=\"article\" \/>\n<meta property=\"og:title\" content=\"La Sindicatura de Greuges de Barcelona proposa la creaci\u00f3 d\u2019un Punt d\u2019Assessorament, Derivaci\u00f3 i Acompanyament per a fam\u00edlies de persones empresonades - Sindicatura de Greuges de Barcelona\" \/>\n<meta property=\"og:description\" content=\"La defensoria publica un informe sobre l\u2019atenci\u00f3 a les fam\u00edlies de persones empresonades residents a Barcelona i la seva \u00e0rea metropolitana La Sindicatura de Greuges de Barcelona ha presentat l\u2019informe [&hellip;]\" \/>\n<meta property=\"og:url\" content=\"https:\/\/www.sindicaturabarcelona.cat\/ca\/la-sindicatura-de-greuges-de-barcelona-proposa-la-creacio-dun-punt-dassessorament-derivacio-i-acompanyament-per-families-de-persones-empresonades\/\" \/>\n<meta property=\"og:site_name\" content=\"Sindicatura de Greuges de Barcelona\" \/>\n<meta property=\"article:published_time\" content=\"2023-10-24T09:40:43+00:00\" \/>\n<meta property=\"article:modified_time\" content=\"2025-04-08T07:52:07+00:00\" \/>\n<meta property=\"og:image\" content=\"https:\/\/www.sindicaturabarcelona.cat\/wp-content\/uploads\/nina-jaula-Blue-scaled.jpg\" \/>\n\t<meta property=\"og:image:width\" content=\"2560\" \/>\n\t<meta property=\"og:image:height\" content=\"1570\" \/>\n\t<meta property=\"og:image:type\" content=\"image\/jpeg\" \/>\n<meta name=\"author\" content=\"Pablo\" \/>\n<meta name=\"twitter:card\" content=\"summary_large_image\" \/>\n<meta name=\"twitter:creator\" content=\"@sindicbarcelona\" \/>\n<meta name=\"twitter:site\" content=\"@sindicbarcelona\" \/>\n<meta name=\"twitter:label1\" content=\"Escrit per\" \/>\n\t<meta name=\"twitter:data1\" content=\"Pablo\" \/>\n\t<meta name=\"twitter:label2\" content=\"Temps estimat de lectura\" \/>\n\t<meta name=\"twitter:data2\" content=\"7 minuts\" \/>\n<script type=\"application\/ld+json\" class=\"yoast-schema-graph\">{\"@context\":\"https:\\\/\\\/schema.org\",\"@graph\":[{\"@type\":\"Article\",\"@id\":\"https:\\\/\\\/www.sindicaturabarcelona.cat\\\/ca\\\/la-sindicatura-de-greuges-de-barcelona-proposa-la-creacio-dun-punt-dassessorament-derivacio-i-acompanyament-per-families-de-persones-empresonades\\\/#article\",\"isPartOf\":{\"@id\":\"https:\\\/\\\/www.sindicaturabarcelona.cat\\\/ca\\\/la-sindicatura-de-greuges-de-barcelona-proposa-la-creacio-dun-punt-dassessorament-derivacio-i-acompanyament-per-families-de-persones-empresonades\\\/\"},\"author\":{\"name\":\"Pablo\",\"@id\":\"https:\\\/\\\/www.sindicaturabarcelona.cat\\\/ca\\\/#\\\/schema\\\/person\\\/0e5acffc350ffdbc97578159322c9452\"},\"headline\":\"La Sindicatura de Greuges de Barcelona proposa la creaci\u00f3 d\u2019un Punt d\u2019Assessorament, Derivaci\u00f3 i Acompanyament per a fam\u00edlies de persones empresonades\",\"datePublished\":\"2023-10-24T09:40:43+00:00\",\"dateModified\":\"2025-04-08T07:52:07+00:00\",\"mainEntityOfPage\":{\"@id\":\"https:\\\/\\\/www.sindicaturabarcelona.cat\\\/ca\\\/la-sindicatura-de-greuges-de-barcelona-proposa-la-creacio-dun-punt-dassessorament-derivacio-i-acompanyament-per-families-de-persones-empresonades\\\/\"},\"wordCount\":1357,\"publisher\":{\"@id\":\"https:\\\/\\\/www.sindicaturabarcelona.cat\\\/ca\\\/#organization\"},\"image\":{\"@id\":\"https:\\\/\\\/www.sindicaturabarcelona.cat\\\/ca\\\/la-sindicatura-de-greuges-de-barcelona-proposa-la-creacio-dun-punt-dassessorament-derivacio-i-acompanyament-per-families-de-persones-empresonades\\\/#primaryimage\"},\"thumbnailUrl\":\"https:\\\/\\\/www.sindicaturabarcelona.cat\\\/wp-content\\\/uploads\\\/nina-jaula-Blue-scaled.jpg\",\"inLanguage\":\"ca\"},{\"@type\":\"WebPage\",\"@id\":\"https:\\\/\\\/www.sindicaturabarcelona.cat\\\/ca\\\/la-sindicatura-de-greuges-de-barcelona-proposa-la-creacio-dun-punt-dassessorament-derivacio-i-acompanyament-per-families-de-persones-empresonades\\\/\",\"url\":\"https:\\\/\\\/www.sindicaturabarcelona.cat\\\/ca\\\/la-sindicatura-de-greuges-de-barcelona-proposa-la-creacio-dun-punt-dassessorament-derivacio-i-acompanyament-per-families-de-persones-empresonades\\\/\",\"name\":\"La Sindicatura de Greuges de Barcelona proposa la creaci\u00f3 d\u2019un Punt d\u2019Assessorament, Derivaci\u00f3 i Acompanyament per a fam\u00edlies de persones empresonades - Sindicatura de Greuges de Barcelona\",\"isPartOf\":{\"@id\":\"https:\\\/\\\/www.sindicaturabarcelona.cat\\\/ca\\\/#website\"},\"primaryImageOfPage\":{\"@id\":\"https:\\\/\\\/www.sindicaturabarcelona.cat\\\/ca\\\/la-sindicatura-de-greuges-de-barcelona-proposa-la-creacio-dun-punt-dassessorament-derivacio-i-acompanyament-per-families-de-persones-empresonades\\\/#primaryimage\"},\"image\":{\"@id\":\"https:\\\/\\\/www.sindicaturabarcelona.cat\\\/ca\\\/la-sindicatura-de-greuges-de-barcelona-proposa-la-creacio-dun-punt-dassessorament-derivacio-i-acompanyament-per-families-de-persones-empresonades\\\/#primaryimage\"},\"thumbnailUrl\":\"https:\\\/\\\/www.sindicaturabarcelona.cat\\\/wp-content\\\/uploads\\\/nina-jaula-Blue-scaled.jpg\",\"datePublished\":\"2023-10-24T09:40:43+00:00\",\"dateModified\":\"2025-04-08T07:52:07+00:00\",\"breadcrumb\":{\"@id\":\"https:\\\/\\\/www.sindicaturabarcelona.cat\\\/ca\\\/la-sindicatura-de-greuges-de-barcelona-proposa-la-creacio-dun-punt-dassessorament-derivacio-i-acompanyament-per-families-de-persones-empresonades\\\/#breadcrumb\"},\"inLanguage\":\"ca\",\"potentialAction\":[{\"@type\":\"ReadAction\",\"target\":[\"https:\\\/\\\/www.sindicaturabarcelona.cat\\\/ca\\\/la-sindicatura-de-greuges-de-barcelona-proposa-la-creacio-dun-punt-dassessorament-derivacio-i-acompanyament-per-families-de-persones-empresonades\\\/\"]}]},{\"@type\":\"ImageObject\",\"inLanguage\":\"ca\",\"@id\":\"https:\\\/\\\/www.sindicaturabarcelona.cat\\\/ca\\\/la-sindicatura-de-greuges-de-barcelona-proposa-la-creacio-dun-punt-dassessorament-derivacio-i-acompanyament-per-families-de-persones-empresonades\\\/#primaryimage\",\"url\":\"https:\\\/\\\/www.sindicaturabarcelona.cat\\\/wp-content\\\/uploads\\\/nina-jaula-Blue-scaled.jpg\",\"contentUrl\":\"https:\\\/\\\/www.sindicaturabarcelona.cat\\\/wp-content\\\/uploads\\\/nina-jaula-Blue-scaled.jpg\",\"width\":2560,\"height\":1570,\"caption\":\"Asia girl hands steel net behind cage.\"},{\"@type\":\"BreadcrumbList\",\"@id\":\"https:\\\/\\\/www.sindicaturabarcelona.cat\\\/ca\\\/la-sindicatura-de-greuges-de-barcelona-proposa-la-creacio-dun-punt-dassessorament-derivacio-i-acompanyament-per-families-de-persones-empresonades\\\/#breadcrumb\",\"itemListElement\":[{\"@type\":\"ListItem\",\"position\":1,\"name\":\"Inici\",\"item\":\"https:\\\/\\\/www.sindicaturabarcelona.cat\\\/ca\\\/\"},{\"@type\":\"ListItem\",\"position\":2,\"name\":\"La Sindicatura de Greuges de Barcelona proposa la creaci\u00f3 d\u2019un Punt d\u2019Assessorament, Derivaci\u00f3 i Acompanyament per a fam\u00edlies de persones empresonades\"}]},{\"@type\":\"WebSite\",\"@id\":\"https:\\\/\\\/www.sindicaturabarcelona.cat\\\/ca\\\/#website\",\"url\":\"https:\\\/\\\/www.sindicaturabarcelona.cat\\\/ca\\\/\",\"name\":\"Sindicatura de Greuges de Barcelona\",\"description\":\"La defensoria dels teus drets\",\"publisher\":{\"@id\":\"https:\\\/\\\/www.sindicaturabarcelona.cat\\\/ca\\\/#organization\"},\"potentialAction\":[{\"@type\":\"SearchAction\",\"target\":{\"@type\":\"EntryPoint\",\"urlTemplate\":\"https:\\\/\\\/www.sindicaturabarcelona.cat\\\/ca\\\/?s={search_term_string}\"},\"query-input\":{\"@type\":\"PropertyValueSpecification\",\"valueRequired\":true,\"valueName\":\"search_term_string\"}}],\"inLanguage\":\"ca\"},{\"@type\":\"Organization\",\"@id\":\"https:\\\/\\\/www.sindicaturabarcelona.cat\\\/ca\\\/#organization\",\"name\":\"Sindicatura de Greuges de Barcelona\",\"url\":\"https:\\\/\\\/www.sindicaturabarcelona.cat\\\/ca\\\/\",\"logo\":{\"@type\":\"ImageObject\",\"inLanguage\":\"ca\",\"@id\":\"https:\\\/\\\/www.sindicaturabarcelona.cat\\\/ca\\\/#\\\/schema\\\/logo\\\/image\\\/\",\"url\":\"https:\\\/\\\/www.sindicaturabarcelona.cat\\\/wp-content\\\/uploads\\\/2023\\\/02\\\/logo_sindicatura.svg\",\"contentUrl\":\"https:\\\/\\\/www.sindicaturabarcelona.cat\\\/wp-content\\\/uploads\\\/2023\\\/02\\\/logo_sindicatura.svg\",\"caption\":\"Sindicatura de Greuges de Barcelona\"},\"image\":{\"@id\":\"https:\\\/\\\/www.sindicaturabarcelona.cat\\\/ca\\\/#\\\/schema\\\/logo\\\/image\\\/\"},\"sameAs\":[\"https:\\\/\\\/x.com\\\/sindicbarcelona\",\"https:\\\/\\\/www.instagram.com\\\/sindicbarcelona\\\/\",\"https:\\\/\\\/www.tiktok.com\\\/@sindicaturabcn\",\"https:\\\/\\\/t.me\\\/sindicaturabarcelona\"]},{\"@type\":\"Person\",\"@id\":\"https:\\\/\\\/www.sindicaturabarcelona.cat\\\/ca\\\/#\\\/schema\\\/person\\\/0e5acffc350ffdbc97578159322c9452\",\"name\":\"Pablo\",\"image\":{\"@type\":\"ImageObject\",\"inLanguage\":\"ca\",\"@id\":\"https:\\\/\\\/secure.gravatar.com\\\/avatar\\\/c948169b402ef9492afde705c3dfd5e90e1a6a84ef6840a91124f805a25a480f?s=96&d=mm&r=g\",\"url\":\"https:\\\/\\\/secure.gravatar.com\\\/avatar\\\/c948169b402ef9492afde705c3dfd5e90e1a6a84ef6840a91124f805a25a480f?s=96&d=mm&r=g\",\"contentUrl\":\"https:\\\/\\\/secure.gravatar.com\\\/avatar\\\/c948169b402ef9492afde705c3dfd5e90e1a6a84ef6840a91124f805a25a480f?s=96&d=mm&r=g\",\"caption\":\"Pablo\"},\"url\":\"https:\\\/\\\/www.sindicaturabarcelona.cat\\\/ca\\\/author\\\/pablo\\\/\"}]}<\/script>\n<!-- \/ Yoast SEO plugin. -->","yoast_head_json":{"title":"La Sindicatura de Greuges de Barcelona proposa la creaci\u00f3 d\u2019un Punt d\u2019Assessorament, Derivaci\u00f3 i Acompanyament per a fam\u00edlies de persones empresonades - Sindicatura de Greuges de Barcelona","robots":{"index":"index","follow":"follow","max-snippet":"max-snippet:-1","max-image-preview":"max-image-preview:large","max-video-preview":"max-video-preview:-1"},"canonical":"https:\/\/www.sindicaturabarcelona.cat\/ca\/la-sindicatura-de-greuges-de-barcelona-proposa-la-creacio-dun-punt-dassessorament-derivacio-i-acompanyament-per-families-de-persones-empresonades\/","og_locale":"ca_ES","og_type":"article","og_title":"La Sindicatura de Greuges de Barcelona proposa la creaci\u00f3 d\u2019un Punt d\u2019Assessorament, Derivaci\u00f3 i Acompanyament per a fam\u00edlies de persones empresonades - Sindicatura de Greuges de Barcelona","og_description":"La defensoria publica un informe sobre l\u2019atenci\u00f3 a les fam\u00edlies de persones empresonades residents a Barcelona i la seva \u00e0rea metropolitana La Sindicatura de Greuges de Barcelona ha presentat l\u2019informe [&hellip;]","og_url":"https:\/\/www.sindicaturabarcelona.cat\/ca\/la-sindicatura-de-greuges-de-barcelona-proposa-la-creacio-dun-punt-dassessorament-derivacio-i-acompanyament-per-families-de-persones-empresonades\/","og_site_name":"Sindicatura de Greuges de Barcelona","article_published_time":"2023-10-24T09:40:43+00:00","article_modified_time":"2025-04-08T07:52:07+00:00","og_image":[{"width":2560,"height":1570,"url":"https:\/\/www.sindicaturabarcelona.cat\/wp-content\/uploads\/nina-jaula-Blue-scaled.jpg","type":"image\/jpeg"}],"author":"Pablo","twitter_card":"summary_large_image","twitter_creator":"@sindicbarcelona","twitter_site":"@sindicbarcelona","twitter_misc":{"Escrit per":"Pablo","Temps estimat de lectura":"7 minuts"},"schema":{"@context":"https:\/\/schema.org","@graph":[{"@type":"Article","@id":"https:\/\/www.sindicaturabarcelona.cat\/ca\/la-sindicatura-de-greuges-de-barcelona-proposa-la-creacio-dun-punt-dassessorament-derivacio-i-acompanyament-per-families-de-persones-empresonades\/#article","isPartOf":{"@id":"https:\/\/www.sindicaturabarcelona.cat\/ca\/la-sindicatura-de-greuges-de-barcelona-proposa-la-creacio-dun-punt-dassessorament-derivacio-i-acompanyament-per-families-de-persones-empresonades\/"},"author":{"name":"Pablo","@id":"https:\/\/www.sindicaturabarcelona.cat\/ca\/#\/schema\/person\/0e5acffc350ffdbc97578159322c9452"},"headline":"La Sindicatura de Greuges de Barcelona proposa la creaci\u00f3 d\u2019un Punt d\u2019Assessorament, Derivaci\u00f3 i Acompanyament per a fam\u00edlies de persones empresonades","datePublished":"2023-10-24T09:40:43+00:00","dateModified":"2025-04-08T07:52:07+00:00","mainEntityOfPage":{"@id":"https:\/\/www.sindicaturabarcelona.cat\/ca\/la-sindicatura-de-greuges-de-barcelona-proposa-la-creacio-dun-punt-dassessorament-derivacio-i-acompanyament-per-families-de-persones-empresonades\/"},"wordCount":1357,"publisher":{"@id":"https:\/\/www.sindicaturabarcelona.cat\/ca\/#organization"},"image":{"@id":"https:\/\/www.sindicaturabarcelona.cat\/ca\/la-sindicatura-de-greuges-de-barcelona-proposa-la-creacio-dun-punt-dassessorament-derivacio-i-acompanyament-per-families-de-persones-empresonades\/#primaryimage"},"thumbnailUrl":"https:\/\/www.sindicaturabarcelona.cat\/wp-content\/uploads\/nina-jaula-Blue-scaled.jpg","inLanguage":"ca"},{"@type":"WebPage","@id":"https:\/\/www.sindicaturabarcelona.cat\/ca\/la-sindicatura-de-greuges-de-barcelona-proposa-la-creacio-dun-punt-dassessorament-derivacio-i-acompanyament-per-families-de-persones-empresonades\/","url":"https:\/\/www.sindicaturabarcelona.cat\/ca\/la-sindicatura-de-greuges-de-barcelona-proposa-la-creacio-dun-punt-dassessorament-derivacio-i-acompanyament-per-families-de-persones-empresonades\/","name":"La Sindicatura de Greuges de Barcelona proposa la creaci\u00f3 d\u2019un Punt d\u2019Assessorament, Derivaci\u00f3 i Acompanyament per a fam\u00edlies de persones empresonades - Sindicatura de Greuges de Barcelona","isPartOf":{"@id":"https:\/\/www.sindicaturabarcelona.cat\/ca\/#website"},"primaryImageOfPage":{"@id":"https:\/\/www.sindicaturabarcelona.cat\/ca\/la-sindicatura-de-greuges-de-barcelona-proposa-la-creacio-dun-punt-dassessorament-derivacio-i-acompanyament-per-families-de-persones-empresonades\/#primaryimage"},"image":{"@id":"https:\/\/www.sindicaturabarcelona.cat\/ca\/la-sindicatura-de-greuges-de-barcelona-proposa-la-creacio-dun-punt-dassessorament-derivacio-i-acompanyament-per-families-de-persones-empresonades\/#primaryimage"},"thumbnailUrl":"https:\/\/www.sindicaturabarcelona.cat\/wp-content\/uploads\/nina-jaula-Blue-scaled.jpg","datePublished":"2023-10-24T09:40:43+00:00","dateModified":"2025-04-08T07:52:07+00:00","breadcrumb":{"@id":"https:\/\/www.sindicaturabarcelona.cat\/ca\/la-sindicatura-de-greuges-de-barcelona-proposa-la-creacio-dun-punt-dassessorament-derivacio-i-acompanyament-per-families-de-persones-empresonades\/#breadcrumb"},"inLanguage":"ca","potentialAction":[{"@type":"ReadAction","target":["https:\/\/www.sindicaturabarcelona.cat\/ca\/la-sindicatura-de-greuges-de-barcelona-proposa-la-creacio-dun-punt-dassessorament-derivacio-i-acompanyament-per-families-de-persones-empresonades\/"]}]},{"@type":"ImageObject","inLanguage":"ca","@id":"https:\/\/www.sindicaturabarcelona.cat\/ca\/la-sindicatura-de-greuges-de-barcelona-proposa-la-creacio-dun-punt-dassessorament-derivacio-i-acompanyament-per-families-de-persones-empresonades\/#primaryimage","url":"https:\/\/www.sindicaturabarcelona.cat\/wp-content\/uploads\/nina-jaula-Blue-scaled.jpg","contentUrl":"https:\/\/www.sindicaturabarcelona.cat\/wp-content\/uploads\/nina-jaula-Blue-scaled.jpg","width":2560,"height":1570,"caption":"Asia girl hands steel net behind cage."},{"@type":"BreadcrumbList","@id":"https:\/\/www.sindicaturabarcelona.cat\/ca\/la-sindicatura-de-greuges-de-barcelona-proposa-la-creacio-dun-punt-dassessorament-derivacio-i-acompanyament-per-families-de-persones-empresonades\/#breadcrumb","itemListElement":[{"@type":"ListItem","position":1,"name":"Inici","item":"https:\/\/www.sindicaturabarcelona.cat\/ca\/"},{"@type":"ListItem","position":2,"name":"La Sindicatura de Greuges de Barcelona proposa la creaci\u00f3 d\u2019un Punt d\u2019Assessorament, Derivaci\u00f3 i Acompanyament per a fam\u00edlies de persones empresonades"}]},{"@type":"WebSite","@id":"https:\/\/www.sindicaturabarcelona.cat\/ca\/#website","url":"https:\/\/www.sindicaturabarcelona.cat\/ca\/","name":"Sindicatura de Greuges de Barcelona","description":"La defensoria dels teus drets","publisher":{"@id":"https:\/\/www.sindicaturabarcelona.cat\/ca\/#organization"},"potentialAction":[{"@type":"SearchAction","target":{"@type":"EntryPoint","urlTemplate":"https:\/\/www.sindicaturabarcelona.cat\/ca\/?s={search_term_string}"},"query-input":{"@type":"PropertyValueSpecification","valueRequired":true,"valueName":"search_term_string"}}],"inLanguage":"ca"},{"@type":"Organization","@id":"https:\/\/www.sindicaturabarcelona.cat\/ca\/#organization","name":"Sindicatura de Greuges de Barcelona","url":"https:\/\/www.sindicaturabarcelona.cat\/ca\/","logo":{"@type":"ImageObject","inLanguage":"ca","@id":"https:\/\/www.sindicaturabarcelona.cat\/ca\/#\/schema\/logo\/image\/","url":"https:\/\/www.sindicaturabarcelona.cat\/wp-content\/uploads\/2023\/02\/logo_sindicatura.svg","contentUrl":"https:\/\/www.sindicaturabarcelona.cat\/wp-content\/uploads\/2023\/02\/logo_sindicatura.svg","caption":"Sindicatura de Greuges de Barcelona"},"image":{"@id":"https:\/\/www.sindicaturabarcelona.cat\/ca\/#\/schema\/logo\/image\/"},"sameAs":["https:\/\/x.com\/sindicbarcelona","https:\/\/www.instagram.com\/sindicbarcelona\/","https:\/\/www.tiktok.com\/@sindicaturabcn","https:\/\/t.me\/sindicaturabarcelona"]},{"@type":"Person","@id":"https:\/\/www.sindicaturabarcelona.cat\/ca\/#\/schema\/person\/0e5acffc350ffdbc97578159322c9452","name":"Pablo","image":{"@type":"ImageObject","inLanguage":"ca","@id":"https:\/\/secure.gravatar.com\/avatar\/c948169b402ef9492afde705c3dfd5e90e1a6a84ef6840a91124f805a25a480f?s=96&d=mm&r=g","url":"https:\/\/secure.gravatar.com\/avatar\/c948169b402ef9492afde705c3dfd5e90e1a6a84ef6840a91124f805a25a480f?s=96&d=mm&r=g","contentUrl":"https:\/\/secure.gravatar.com\/avatar\/c948169b402ef9492afde705c3dfd5e90e1a6a84ef6840a91124f805a25a480f?s=96&d=mm&r=g","caption":"Pablo"},"url":"https:\/\/www.sindicaturabarcelona.cat\/ca\/author\/pablo\/"}]}},"_links":{"self":[{"href":"https:\/\/www.sindicaturabarcelona.cat\/ca\/wp-json\/wp\/v2\/posts\/30361","targetHints":{"allow":["GET"]}}],"collection":[{"href":"https:\/\/www.sindicaturabarcelona.cat\/ca\/wp-json\/wp\/v2\/posts"}],"about":[{"href":"https:\/\/www.sindicaturabarcelona.cat\/ca\/wp-json\/wp\/v2\/types\/post"}],"author":[{"embeddable":true,"href":"https:\/\/www.sindicaturabarcelona.cat\/ca\/wp-json\/wp\/v2\/users\/2"}],"replies":[{"embeddable":true,"href":"https:\/\/www.sindicaturabarcelona.cat\/ca\/wp-json\/wp\/v2\/comments?post=30361"}],"version-history":[{"count":4,"href":"https:\/\/www.sindicaturabarcelona.cat\/ca\/wp-json\/wp\/v2\/posts\/30361\/revisions"}],"predecessor-version":[{"id":36608,"href":"https:\/\/www.sindicaturabarcelona.cat\/ca\/wp-json\/wp\/v2\/posts\/30361\/revisions\/36608"}],"wp:featuredmedia":[{"embeddable":true,"href":"https:\/\/www.sindicaturabarcelona.cat\/ca\/wp-json\/wp\/v2\/media\/30362"}],"wp:attachment":[{"href":"https:\/\/www.sindicaturabarcelona.cat\/ca\/wp-json\/wp\/v2\/media?parent=30361"}],"wp:term":[{"taxonomy":"post_tag","embeddable":true,"href":"https:\/\/www.sindicaturabarcelona.cat\/ca\/wp-json\/wp\/v2\/tags?post=30361"},{"taxonomy":"drets","embeddable":true,"href":"https:\/\/www.sindicaturabarcelona.cat\/ca\/wp-json\/wp\/v2\/drets?post=30361"}],"curies":[{"name":"wp","href":"https:\/\/api.w.org\/{rel}","templated":true}]}}