{"id":30305,"date":"2023-10-11T14:55:42","date_gmt":"2023-10-11T12:55:42","guid":{"rendered":"https:\/\/www.sindicaturabarcelona.cat\/?p=30305"},"modified":"2023-10-11T14:55:47","modified_gmt":"2023-10-11T12:55:47","slug":"la-sindicatura-recomana-facilitar-les-altes-i-baixes-telematiques-de-vehicles-de-la-zona-de-resident-darea","status":"publish","type":"post","link":"https:\/\/www.sindicaturabarcelona.cat\/ca\/la-sindicatura-recomana-facilitar-les-altes-i-baixes-telematiques-de-vehicles-de-la-zona-de-resident-darea\/","title":{"rendered":"La Sindicatura recomana facilitar les altes i baixes telem\u00e0tiques de vehicles de la zona de resident d\u2019AREA"},"content":{"rendered":"\n<h2 class=\"wp-block-heading\"><strong>La Sindicatura de Greuges de Barcelona recomana habilitar la tramitaci\u00f3 per mitjans electr\u00f2nics de la baixa de la zona de resident d\u2019AREA o de canvi d\u2019un vehicle per un altre.<\/strong><\/h2>\n\n\n\n<p>Arran de <a href=\"https:\/\/www.sindicaturabarcelona.cat\/wp-content\/uploads\/202309_Drets-digitals-dificultat-per-tramitar-altes-i-baixes-Area-Verda.pdf\">la queixa d\u2019un ciutad\u00e0 per les dificultats per tramitar, de forma digital, la baixa d\u2019un vehicle de l\u2019\u00c0rea Verda i l\u2019alta del nou vehicle<\/a>, la defensoria troba necessari incorporar el tr\u00e0mit de baixa de vehicles al portal de tr\u00e0mits de l\u2019Ajuntament, absent sota el pretext de que la baixa es fa sense comunicaci\u00f3 ciutadana, utilitzant les bases de dades del padr\u00f3 municipal i de la Direcci\u00f3 General de Tr\u00e0nsit.<\/p>\n\n\n\n<h3 class=\"wp-block-heading\"><strong>La baixa de vehicles de la zona de resident d\u2019AREA<\/strong><\/h3>\n\n\n\n<p>Segons la Direcci\u00f3 de Serveis d\u2019Informaci\u00f3 i Atenci\u00f3 Ciutadana (DIAC), l\u2019Ajuntament consulta les bases de dades del padr\u00f3 municipal i de la Direcci\u00f3 General de Tr\u00e0nsit de manera peri\u00f2dica i, en el cas que els vehicles deixin de complir els requisits per gaudir dels drets de resident d\u2019AREA, els dona de baixa sense que s\u2019hagi de fer cap tr\u00e0mit. Per aquesta ra\u00f3, no ha habilitat cap mitj\u00e0 telem\u00e0tic per comunicar la baixa d\u2019un vehicle, tot i que s\u00ed accepta aquestes comunicacions de manera telef\u00f2nica.<\/p>\n\n\n\n<p>S\u2019entendria la l\u00f2gica d\u2019aquest procediment si la baixa d\u2019un vehicle de la zona de resident d\u2019AREA es don\u00e9s, de forma majorit\u00e0ria, per canvi de domicili o per no continuar disposant del vehicle. Per\u00f2 <strong>el canvi d\u2019un vehicle per un altre \u00e9s, probablement, una situaci\u00f3 que t\u00e9 lloc amb freq\u00fc\u00e8ncia, i la ciutadania hauria de poder fer els tr\u00e0mits corresponents de forma electr\u00f2nica<\/strong>.<\/p>\n\n\n\n<h3 class=\"wp-block-heading\"><strong>La ciutadania ha de poder escollir com comunicar-se amb l\u2019Administraci\u00f3<\/strong><\/h3>\n\n\n\n<p>Tot i aix\u00ed, cal recon\u00e8ixer que el fet que existeixi l\u2019opci\u00f3 del tr\u00e0mit telef\u00f2nic gratu\u00eft constitueix una opci\u00f3 f\u00e0cil i assequible per a la ciutadania. En aquest sentit, per tant, l\u2019Ajuntament vetlla perqu\u00e8 les persones puguin exercir els seus drets i deures a trav\u00e9s de mitjans alternatius, com preveu l\u2019article 5 de la \u201c<a href=\"https:\/\/ajuntament.barcelona.cat\/dretssocials\/sites\/default\/files\/arxius-documents\/%5BPDF%5D%20Carta%20de%20Ciutadania.Carta%20de%20drets%20i%20deures%20de%20Barcelona.pdf\">Carta de ciutadania. Carta de drets i deures de Barcelona<\/a>\u201d.<\/p>\n\n\n\n<p>Per\u00f2 com marca la <a href=\"https:\/\/www.boe.es\/boe_catalan\/dias\/2015\/10\/02\/pdfs\/BOE-A-2015-10565-C.pdf\">Llei 39\/2015<\/a> del procediment administratiu com\u00fa de les administracions p\u00fabliques, <strong>les persones f\u00edsiques han de poder escollir en tot moment si es comuniquen amb les administracions p\u00fabliques per exercir els seus drets i obligacions a trav\u00e9s de mitjans electr\u00f2nics o no<\/strong>. D\u2019aquesta manera, tenint en compte la freq\u00fc\u00e8ncia amb que es dona la necessitat de comunicar la baixa d\u2019un vehicle, seria adient garantir que la ciutadania pugui fer-ho de manera telem\u00e0tica.<\/p>\n","protected":false},"excerpt":{"rendered":"<p>La Sindicatura de Greuges de Barcelona recomana habilitar la tramitaci\u00f3 per mitjans electr\u00f2nics de la baixa de la zona de resident d\u2019AREA o de canvi d\u2019un vehicle per un altre. [&hellip;]<\/p>\n","protected":false},"author":2,"featured_media":30306,"comment_status":"closed","ping_status":"closed","sticky":false,"template":"","format":"standard","meta":{"_acf_changed":false,"footnotes":""},"tags":[],"drets":[1440,1455],"class_list":["post-30305","post","type-post","status-publish","format-standard","has-post-thumbnail","hentry","drets-ciutat-garantista","drets-drets-digitals"],"acf":[],"yoast_head":"<!-- This site is optimized with the Yoast SEO plugin v27.5 - https:\/\/yoast.com\/product\/yoast-seo-wordpress\/ -->\n<title>La Sindicatura recomana facilitar les altes i baixes telem\u00e0tiques de vehicles de la zona de resident d\u2019AREA - Sindicatura de Greuges de Barcelona<\/title>\n<meta name=\"description\" content=\"La Sindicatura de Greuges recomana habilitar la tramitaci\u00f3 electr\u00f2nica de la baixa de la zona de resident d\u2019AREA o del canvi de vehicle\" \/>\n<meta name=\"robots\" content=\"index, follow, max-snippet:-1, max-image-preview:large, max-video-preview:-1\" \/>\n<link rel=\"canonical\" href=\"https:\/\/www.sindicaturabarcelona.cat\/ca\/la-sindicatura-recomana-facilitar-les-altes-i-baixes-telematiques-de-vehicles-de-la-zona-de-resident-darea\/\" \/>\n<meta property=\"og:locale\" content=\"ca_ES\" \/>\n<meta property=\"og:type\" content=\"article\" \/>\n<meta property=\"og:title\" content=\"La Sindicatura recomana facilitar les altes i baixes telem\u00e0tiques de vehicles de la zona de resident d\u2019AREA - Sindicatura de Greuges de Barcelona\" \/>\n<meta property=\"og:description\" content=\"La Sindicatura de Greuges recomana habilitar la tramitaci\u00f3 electr\u00f2nica de la baixa de la zona de resident d\u2019AREA o del canvi de vehicle\" \/>\n<meta property=\"og:url\" content=\"https:\/\/www.sindicaturabarcelona.cat\/ca\/la-sindicatura-recomana-facilitar-les-altes-i-baixes-telematiques-de-vehicles-de-la-zona-de-resident-darea\/\" \/>\n<meta property=\"og:site_name\" content=\"Sindicatura de Greuges de Barcelona\" \/>\n<meta property=\"article:published_time\" content=\"2023-10-11T12:55:42+00:00\" \/>\n<meta property=\"article:modified_time\" content=\"2023-10-11T12:55:47+00:00\" \/>\n<meta property=\"og:image\" content=\"https:\/\/www.sindicaturabarcelona.cat\/wp-content\/uploads\/avinguda-de-roma-sense-transit-ni-gen.jpg\" \/>\n\t<meta property=\"og:image:width\" content=\"1662\" \/>\n\t<meta property=\"og:image:height\" content=\"800\" \/>\n\t<meta property=\"og:image:type\" content=\"image\/jpeg\" \/>\n<meta name=\"author\" content=\"Pablo\" \/>\n<meta name=\"twitter:card\" content=\"summary_large_image\" \/>\n<meta name=\"twitter:creator\" content=\"@sindicbarcelona\" \/>\n<meta name=\"twitter:site\" content=\"@sindicbarcelona\" \/>\n<meta name=\"twitter:label1\" content=\"Escrit per\" \/>\n\t<meta name=\"twitter:data1\" content=\"Pablo\" \/>\n\t<meta name=\"twitter:label2\" content=\"Temps estimat de lectura\" \/>\n\t<meta name=\"twitter:data2\" content=\"3 minuts\" \/>\n<script type=\"application\/ld+json\" class=\"yoast-schema-graph\">{\"@context\":\"https:\\\/\\\/schema.org\",\"@graph\":[{\"@type\":\"Article\",\"@id\":\"https:\\\/\\\/www.sindicaturabarcelona.cat\\\/ca\\\/la-sindicatura-recomana-facilitar-les-altes-i-baixes-telematiques-de-vehicles-de-la-zona-de-resident-darea\\\/#article\",\"isPartOf\":{\"@id\":\"https:\\\/\\\/www.sindicaturabarcelona.cat\\\/ca\\\/la-sindicatura-recomana-facilitar-les-altes-i-baixes-telematiques-de-vehicles-de-la-zona-de-resident-darea\\\/\"},\"author\":{\"name\":\"Pablo\",\"@id\":\"https:\\\/\\\/www.sindicaturabarcelona.cat\\\/ca\\\/#\\\/schema\\\/person\\\/0e5acffc350ffdbc97578159322c9452\"},\"headline\":\"La Sindicatura recomana facilitar les altes i baixes telem\u00e0tiques de vehicles de la zona de resident d\u2019AREA\",\"datePublished\":\"2023-10-11T12:55:42+00:00\",\"dateModified\":\"2023-10-11T12:55:47+00:00\",\"mainEntityOfPage\":{\"@id\":\"https:\\\/\\\/www.sindicaturabarcelona.cat\\\/ca\\\/la-sindicatura-recomana-facilitar-les-altes-i-baixes-telematiques-de-vehicles-de-la-zona-de-resident-darea\\\/\"},\"wordCount\":474,\"publisher\":{\"@id\":\"https:\\\/\\\/www.sindicaturabarcelona.cat\\\/ca\\\/#organization\"},\"image\":{\"@id\":\"https:\\\/\\\/www.sindicaturabarcelona.cat\\\/ca\\\/la-sindicatura-recomana-facilitar-les-altes-i-baixes-telematiques-de-vehicles-de-la-zona-de-resident-darea\\\/#primaryimage\"},\"thumbnailUrl\":\"https:\\\/\\\/www.sindicaturabarcelona.cat\\\/wp-content\\\/uploads\\\/avinguda-de-roma-sense-transit-ni-gen.jpg\",\"inLanguage\":\"ca\"},{\"@type\":\"WebPage\",\"@id\":\"https:\\\/\\\/www.sindicaturabarcelona.cat\\\/ca\\\/la-sindicatura-recomana-facilitar-les-altes-i-baixes-telematiques-de-vehicles-de-la-zona-de-resident-darea\\\/\",\"url\":\"https:\\\/\\\/www.sindicaturabarcelona.cat\\\/ca\\\/la-sindicatura-recomana-facilitar-les-altes-i-baixes-telematiques-de-vehicles-de-la-zona-de-resident-darea\\\/\",\"name\":\"La Sindicatura recomana facilitar les altes i baixes telem\u00e0tiques de vehicles de la zona de resident d\u2019AREA - Sindicatura de Greuges de Barcelona\",\"isPartOf\":{\"@id\":\"https:\\\/\\\/www.sindicaturabarcelona.cat\\\/ca\\\/#website\"},\"primaryImageOfPage\":{\"@id\":\"https:\\\/\\\/www.sindicaturabarcelona.cat\\\/ca\\\/la-sindicatura-recomana-facilitar-les-altes-i-baixes-telematiques-de-vehicles-de-la-zona-de-resident-darea\\\/#primaryimage\"},\"image\":{\"@id\":\"https:\\\/\\\/www.sindicaturabarcelona.cat\\\/ca\\\/la-sindicatura-recomana-facilitar-les-altes-i-baixes-telematiques-de-vehicles-de-la-zona-de-resident-darea\\\/#primaryimage\"},\"thumbnailUrl\":\"https:\\\/\\\/www.sindicaturabarcelona.cat\\\/wp-content\\\/uploads\\\/avinguda-de-roma-sense-transit-ni-gen.jpg\",\"datePublished\":\"2023-10-11T12:55:42+00:00\",\"dateModified\":\"2023-10-11T12:55:47+00:00\",\"description\":\"La Sindicatura de Greuges recomana habilitar la tramitaci\u00f3 electr\u00f2nica de la baixa de la zona de resident d\u2019AREA o del canvi de vehicle\",\"breadcrumb\":{\"@id\":\"https:\\\/\\\/www.sindicaturabarcelona.cat\\\/ca\\\/la-sindicatura-recomana-facilitar-les-altes-i-baixes-telematiques-de-vehicles-de-la-zona-de-resident-darea\\\/#breadcrumb\"},\"inLanguage\":\"ca\",\"potentialAction\":[{\"@type\":\"ReadAction\",\"target\":[\"https:\\\/\\\/www.sindicaturabarcelona.cat\\\/ca\\\/la-sindicatura-recomana-facilitar-les-altes-i-baixes-telematiques-de-vehicles-de-la-zona-de-resident-darea\\\/\"]}]},{\"@type\":\"ImageObject\",\"inLanguage\":\"ca\",\"@id\":\"https:\\\/\\\/www.sindicaturabarcelona.cat\\\/ca\\\/la-sindicatura-recomana-facilitar-les-altes-i-baixes-telematiques-de-vehicles-de-la-zona-de-resident-darea\\\/#primaryimage\",\"url\":\"https:\\\/\\\/www.sindicaturabarcelona.cat\\\/wp-content\\\/uploads\\\/avinguda-de-roma-sense-transit-ni-gen.jpg\",\"contentUrl\":\"https:\\\/\\\/www.sindicaturabarcelona.cat\\\/wp-content\\\/uploads\\\/avinguda-de-roma-sense-transit-ni-gen.jpg\",\"width\":1662,\"height\":800,\"caption\":\"Zona verda d'aparcament per resident d'AREA\"},{\"@type\":\"BreadcrumbList\",\"@id\":\"https:\\\/\\\/www.sindicaturabarcelona.cat\\\/ca\\\/la-sindicatura-recomana-facilitar-les-altes-i-baixes-telematiques-de-vehicles-de-la-zona-de-resident-darea\\\/#breadcrumb\",\"itemListElement\":[{\"@type\":\"ListItem\",\"position\":1,\"name\":\"Inici\",\"item\":\"https:\\\/\\\/www.sindicaturabarcelona.cat\\\/ca\\\/\"},{\"@type\":\"ListItem\",\"position\":2,\"name\":\"La Sindicatura recomana facilitar les altes i baixes telem\u00e0tiques de vehicles de la zona de resident d\u2019AREA\"}]},{\"@type\":\"WebSite\",\"@id\":\"https:\\\/\\\/www.sindicaturabarcelona.cat\\\/ca\\\/#website\",\"url\":\"https:\\\/\\\/www.sindicaturabarcelona.cat\\\/ca\\\/\",\"name\":\"Sindicatura de Greuges de Barcelona\",\"description\":\"La defensoria dels teus drets\",\"publisher\":{\"@id\":\"https:\\\/\\\/www.sindicaturabarcelona.cat\\\/ca\\\/#organization\"},\"potentialAction\":[{\"@type\":\"SearchAction\",\"target\":{\"@type\":\"EntryPoint\",\"urlTemplate\":\"https:\\\/\\\/www.sindicaturabarcelona.cat\\\/ca\\\/?s={search_term_string}\"},\"query-input\":{\"@type\":\"PropertyValueSpecification\",\"valueRequired\":true,\"valueName\":\"search_term_string\"}}],\"inLanguage\":\"ca\"},{\"@type\":\"Organization\",\"@id\":\"https:\\\/\\\/www.sindicaturabarcelona.cat\\\/ca\\\/#organization\",\"name\":\"Sindicatura de Greuges de Barcelona\",\"url\":\"https:\\\/\\\/www.sindicaturabarcelona.cat\\\/ca\\\/\",\"logo\":{\"@type\":\"ImageObject\",\"inLanguage\":\"ca\",\"@id\":\"https:\\\/\\\/www.sindicaturabarcelona.cat\\\/ca\\\/#\\\/schema\\\/logo\\\/image\\\/\",\"url\":\"https:\\\/\\\/www.sindicaturabarcelona.cat\\\/wp-content\\\/uploads\\\/2023\\\/02\\\/logo_sindicatura.svg\",\"contentUrl\":\"https:\\\/\\\/www.sindicaturabarcelona.cat\\\/wp-content\\\/uploads\\\/2023\\\/02\\\/logo_sindicatura.svg\",\"caption\":\"Sindicatura de Greuges de Barcelona\"},\"image\":{\"@id\":\"https:\\\/\\\/www.sindicaturabarcelona.cat\\\/ca\\\/#\\\/schema\\\/logo\\\/image\\\/\"},\"sameAs\":[\"https:\\\/\\\/x.com\\\/sindicbarcelona\",\"https:\\\/\\\/www.instagram.com\\\/sindicbarcelona\\\/\",\"https:\\\/\\\/www.tiktok.com\\\/@sindicaturabcn\",\"https:\\\/\\\/t.me\\\/sindicaturabarcelona\"]},{\"@type\":\"Person\",\"@id\":\"https:\\\/\\\/www.sindicaturabarcelona.cat\\\/ca\\\/#\\\/schema\\\/person\\\/0e5acffc350ffdbc97578159322c9452\",\"name\":\"Pablo\",\"image\":{\"@type\":\"ImageObject\",\"inLanguage\":\"ca\",\"@id\":\"https:\\\/\\\/secure.gravatar.com\\\/avatar\\\/c948169b402ef9492afde705c3dfd5e90e1a6a84ef6840a91124f805a25a480f?s=96&d=mm&r=g\",\"url\":\"https:\\\/\\\/secure.gravatar.com\\\/avatar\\\/c948169b402ef9492afde705c3dfd5e90e1a6a84ef6840a91124f805a25a480f?s=96&d=mm&r=g\",\"contentUrl\":\"https:\\\/\\\/secure.gravatar.com\\\/avatar\\\/c948169b402ef9492afde705c3dfd5e90e1a6a84ef6840a91124f805a25a480f?s=96&d=mm&r=g\",\"caption\":\"Pablo\"},\"url\":\"https:\\\/\\\/www.sindicaturabarcelona.cat\\\/ca\\\/author\\\/pablo\\\/\"}]}<\/script>\n<!-- \/ Yoast SEO plugin. -->","yoast_head_json":{"title":"La Sindicatura recomana facilitar les altes i baixes telem\u00e0tiques de vehicles de la zona de resident d\u2019AREA - Sindicatura de Greuges de Barcelona","description":"La Sindicatura de Greuges recomana habilitar la tramitaci\u00f3 electr\u00f2nica de la baixa de la zona de resident d\u2019AREA o del canvi de vehicle","robots":{"index":"index","follow":"follow","max-snippet":"max-snippet:-1","max-image-preview":"max-image-preview:large","max-video-preview":"max-video-preview:-1"},"canonical":"https:\/\/www.sindicaturabarcelona.cat\/ca\/la-sindicatura-recomana-facilitar-les-altes-i-baixes-telematiques-de-vehicles-de-la-zona-de-resident-darea\/","og_locale":"ca_ES","og_type":"article","og_title":"La Sindicatura recomana facilitar les altes i baixes telem\u00e0tiques de vehicles de la zona de resident d\u2019AREA - Sindicatura de Greuges de Barcelona","og_description":"La Sindicatura de Greuges recomana habilitar la tramitaci\u00f3 electr\u00f2nica de la baixa de la zona de resident d\u2019AREA o del canvi de vehicle","og_url":"https:\/\/www.sindicaturabarcelona.cat\/ca\/la-sindicatura-recomana-facilitar-les-altes-i-baixes-telematiques-de-vehicles-de-la-zona-de-resident-darea\/","og_site_name":"Sindicatura de Greuges de Barcelona","article_published_time":"2023-10-11T12:55:42+00:00","article_modified_time":"2023-10-11T12:55:47+00:00","og_image":[{"width":1662,"height":800,"url":"https:\/\/www.sindicaturabarcelona.cat\/wp-content\/uploads\/avinguda-de-roma-sense-transit-ni-gen.jpg","type":"image\/jpeg"}],"author":"Pablo","twitter_card":"summary_large_image","twitter_creator":"@sindicbarcelona","twitter_site":"@sindicbarcelona","twitter_misc":{"Escrit per":"Pablo","Temps estimat de lectura":"3 minuts"},"schema":{"@context":"https:\/\/schema.org","@graph":[{"@type":"Article","@id":"https:\/\/www.sindicaturabarcelona.cat\/ca\/la-sindicatura-recomana-facilitar-les-altes-i-baixes-telematiques-de-vehicles-de-la-zona-de-resident-darea\/#article","isPartOf":{"@id":"https:\/\/www.sindicaturabarcelona.cat\/ca\/la-sindicatura-recomana-facilitar-les-altes-i-baixes-telematiques-de-vehicles-de-la-zona-de-resident-darea\/"},"author":{"name":"Pablo","@id":"https:\/\/www.sindicaturabarcelona.cat\/ca\/#\/schema\/person\/0e5acffc350ffdbc97578159322c9452"},"headline":"La Sindicatura recomana facilitar les altes i baixes telem\u00e0tiques de vehicles de la zona de resident d\u2019AREA","datePublished":"2023-10-11T12:55:42+00:00","dateModified":"2023-10-11T12:55:47+00:00","mainEntityOfPage":{"@id":"https:\/\/www.sindicaturabarcelona.cat\/ca\/la-sindicatura-recomana-facilitar-les-altes-i-baixes-telematiques-de-vehicles-de-la-zona-de-resident-darea\/"},"wordCount":474,"publisher":{"@id":"https:\/\/www.sindicaturabarcelona.cat\/ca\/#organization"},"image":{"@id":"https:\/\/www.sindicaturabarcelona.cat\/ca\/la-sindicatura-recomana-facilitar-les-altes-i-baixes-telematiques-de-vehicles-de-la-zona-de-resident-darea\/#primaryimage"},"thumbnailUrl":"https:\/\/www.sindicaturabarcelona.cat\/wp-content\/uploads\/avinguda-de-roma-sense-transit-ni-gen.jpg","inLanguage":"ca"},{"@type":"WebPage","@id":"https:\/\/www.sindicaturabarcelona.cat\/ca\/la-sindicatura-recomana-facilitar-les-altes-i-baixes-telematiques-de-vehicles-de-la-zona-de-resident-darea\/","url":"https:\/\/www.sindicaturabarcelona.cat\/ca\/la-sindicatura-recomana-facilitar-les-altes-i-baixes-telematiques-de-vehicles-de-la-zona-de-resident-darea\/","name":"La Sindicatura recomana facilitar les altes i baixes telem\u00e0tiques de vehicles de la zona de resident d\u2019AREA - Sindicatura de Greuges de Barcelona","isPartOf":{"@id":"https:\/\/www.sindicaturabarcelona.cat\/ca\/#website"},"primaryImageOfPage":{"@id":"https:\/\/www.sindicaturabarcelona.cat\/ca\/la-sindicatura-recomana-facilitar-les-altes-i-baixes-telematiques-de-vehicles-de-la-zona-de-resident-darea\/#primaryimage"},"image":{"@id":"https:\/\/www.sindicaturabarcelona.cat\/ca\/la-sindicatura-recomana-facilitar-les-altes-i-baixes-telematiques-de-vehicles-de-la-zona-de-resident-darea\/#primaryimage"},"thumbnailUrl":"https:\/\/www.sindicaturabarcelona.cat\/wp-content\/uploads\/avinguda-de-roma-sense-transit-ni-gen.jpg","datePublished":"2023-10-11T12:55:42+00:00","dateModified":"2023-10-11T12:55:47+00:00","description":"La Sindicatura de Greuges recomana habilitar la tramitaci\u00f3 electr\u00f2nica de la baixa de la zona de resident d\u2019AREA o del canvi de vehicle","breadcrumb":{"@id":"https:\/\/www.sindicaturabarcelona.cat\/ca\/la-sindicatura-recomana-facilitar-les-altes-i-baixes-telematiques-de-vehicles-de-la-zona-de-resident-darea\/#breadcrumb"},"inLanguage":"ca","potentialAction":[{"@type":"ReadAction","target":["https:\/\/www.sindicaturabarcelona.cat\/ca\/la-sindicatura-recomana-facilitar-les-altes-i-baixes-telematiques-de-vehicles-de-la-zona-de-resident-darea\/"]}]},{"@type":"ImageObject","inLanguage":"ca","@id":"https:\/\/www.sindicaturabarcelona.cat\/ca\/la-sindicatura-recomana-facilitar-les-altes-i-baixes-telematiques-de-vehicles-de-la-zona-de-resident-darea\/#primaryimage","url":"https:\/\/www.sindicaturabarcelona.cat\/wp-content\/uploads\/avinguda-de-roma-sense-transit-ni-gen.jpg","contentUrl":"https:\/\/www.sindicaturabarcelona.cat\/wp-content\/uploads\/avinguda-de-roma-sense-transit-ni-gen.jpg","width":1662,"height":800,"caption":"Zona verda d'aparcament per resident d'AREA"},{"@type":"BreadcrumbList","@id":"https:\/\/www.sindicaturabarcelona.cat\/ca\/la-sindicatura-recomana-facilitar-les-altes-i-baixes-telematiques-de-vehicles-de-la-zona-de-resident-darea\/#breadcrumb","itemListElement":[{"@type":"ListItem","position":1,"name":"Inici","item":"https:\/\/www.sindicaturabarcelona.cat\/ca\/"},{"@type":"ListItem","position":2,"name":"La Sindicatura recomana facilitar les altes i baixes telem\u00e0tiques de vehicles de la zona de resident d\u2019AREA"}]},{"@type":"WebSite","@id":"https:\/\/www.sindicaturabarcelona.cat\/ca\/#website","url":"https:\/\/www.sindicaturabarcelona.cat\/ca\/","name":"Sindicatura de Greuges de Barcelona","description":"La defensoria dels teus drets","publisher":{"@id":"https:\/\/www.sindicaturabarcelona.cat\/ca\/#organization"},"potentialAction":[{"@type":"SearchAction","target":{"@type":"EntryPoint","urlTemplate":"https:\/\/www.sindicaturabarcelona.cat\/ca\/?s={search_term_string}"},"query-input":{"@type":"PropertyValueSpecification","valueRequired":true,"valueName":"search_term_string"}}],"inLanguage":"ca"},{"@type":"Organization","@id":"https:\/\/www.sindicaturabarcelona.cat\/ca\/#organization","name":"Sindicatura de Greuges de Barcelona","url":"https:\/\/www.sindicaturabarcelona.cat\/ca\/","logo":{"@type":"ImageObject","inLanguage":"ca","@id":"https:\/\/www.sindicaturabarcelona.cat\/ca\/#\/schema\/logo\/image\/","url":"https:\/\/www.sindicaturabarcelona.cat\/wp-content\/uploads\/2023\/02\/logo_sindicatura.svg","contentUrl":"https:\/\/www.sindicaturabarcelona.cat\/wp-content\/uploads\/2023\/02\/logo_sindicatura.svg","caption":"Sindicatura de Greuges de Barcelona"},"image":{"@id":"https:\/\/www.sindicaturabarcelona.cat\/ca\/#\/schema\/logo\/image\/"},"sameAs":["https:\/\/x.com\/sindicbarcelona","https:\/\/www.instagram.com\/sindicbarcelona\/","https:\/\/www.tiktok.com\/@sindicaturabcn","https:\/\/t.me\/sindicaturabarcelona"]},{"@type":"Person","@id":"https:\/\/www.sindicaturabarcelona.cat\/ca\/#\/schema\/person\/0e5acffc350ffdbc97578159322c9452","name":"Pablo","image":{"@type":"ImageObject","inLanguage":"ca","@id":"https:\/\/secure.gravatar.com\/avatar\/c948169b402ef9492afde705c3dfd5e90e1a6a84ef6840a91124f805a25a480f?s=96&d=mm&r=g","url":"https:\/\/secure.gravatar.com\/avatar\/c948169b402ef9492afde705c3dfd5e90e1a6a84ef6840a91124f805a25a480f?s=96&d=mm&r=g","contentUrl":"https:\/\/secure.gravatar.com\/avatar\/c948169b402ef9492afde705c3dfd5e90e1a6a84ef6840a91124f805a25a480f?s=96&d=mm&r=g","caption":"Pablo"},"url":"https:\/\/www.sindicaturabarcelona.cat\/ca\/author\/pablo\/"}]}},"_links":{"self":[{"href":"https:\/\/www.sindicaturabarcelona.cat\/ca\/wp-json\/wp\/v2\/posts\/30305","targetHints":{"allow":["GET"]}}],"collection":[{"href":"https:\/\/www.sindicaturabarcelona.cat\/ca\/wp-json\/wp\/v2\/posts"}],"about":[{"href":"https:\/\/www.sindicaturabarcelona.cat\/ca\/wp-json\/wp\/v2\/types\/post"}],"author":[{"embeddable":true,"href":"https:\/\/www.sindicaturabarcelona.cat\/ca\/wp-json\/wp\/v2\/users\/2"}],"replies":[{"embeddable":true,"href":"https:\/\/www.sindicaturabarcelona.cat\/ca\/wp-json\/wp\/v2\/comments?post=30305"}],"version-history":[{"count":1,"href":"https:\/\/www.sindicaturabarcelona.cat\/ca\/wp-json\/wp\/v2\/posts\/30305\/revisions"}],"predecessor-version":[{"id":30309,"href":"https:\/\/www.sindicaturabarcelona.cat\/ca\/wp-json\/wp\/v2\/posts\/30305\/revisions\/30309"}],"wp:featuredmedia":[{"embeddable":true,"href":"https:\/\/www.sindicaturabarcelona.cat\/ca\/wp-json\/wp\/v2\/media\/30306"}],"wp:attachment":[{"href":"https:\/\/www.sindicaturabarcelona.cat\/ca\/wp-json\/wp\/v2\/media?parent=30305"}],"wp:term":[{"taxonomy":"post_tag","embeddable":true,"href":"https:\/\/www.sindicaturabarcelona.cat\/ca\/wp-json\/wp\/v2\/tags?post=30305"},{"taxonomy":"drets","embeddable":true,"href":"https:\/\/www.sindicaturabarcelona.cat\/ca\/wp-json\/wp\/v2\/drets?post=30305"}],"curies":[{"name":"wp","href":"https:\/\/api.w.org\/{rel}","templated":true}]}}