{"id":30042,"date":"2023-08-04T17:21:49","date_gmt":"2023-08-04T15:21:49","guid":{"rendered":"https:\/\/www.sindicaturabarcelona.cat\/?p=30042"},"modified":"2023-09-20T17:27:05","modified_gmt":"2023-09-20T15:27:05","slug":"la-sindicatura-de-greuges-de-barcelona-obre-una-actuacio-dofici-per-la-caiguda-duna-palmera-que-ha-provocat-una-victima-mortal-a-la-placa-emili-vendrell","status":"publish","type":"post","link":"https:\/\/www.sindicaturabarcelona.cat\/ca\/la-sindicatura-de-greuges-de-barcelona-obre-una-actuacio-dofici-per-la-caiguda-duna-palmera-que-ha-provocat-una-victima-mortal-a-la-placa-emili-vendrell\/","title":{"rendered":"La Sindicatura de Greuges de Barcelona obre una actuaci\u00f3 d\u2019ofici per la caiguda d\u2019una palmera que ha provocat una v\u00edctima mortal a la pla\u00e7a Emili Vendrell"},"content":{"rendered":"\n<h2 class=\"wp-block-heading\">La Sindicatura lamenta la mort d\u2019una dona de vint anys per la caiguda d\u2019una palmera i envia una abra\u00e7ada d\u2019escalf i condol a la seva fam\u00edlia<\/h2>\n\n\n\n<h2 class=\"wp-block-heading\">En una resoluci\u00f3 de febrer del 2023, la Sindicatura ja va dirigir-se a l\u2019Institut Municipal de Parcs i Jardins per proposar que valor\u00e9s escur\u00e7ar el per\u00edode de dos anys establert per fer la revisi\u00f3 de l\u2019arbrat de la ciutat, amb l\u2019objectiu de minimitzar qualsevol risc per a la ciutadania<\/h2>\n\n\n\n<p>La Sindicatura de Greuges de Barcelona ha obert una <strong>actuaci\u00f3 d\u2019ofici per rebre informaci\u00f3 de l\u2019Ajuntament sobre en quin nivell d\u2019avaluaci\u00f3 es trobava la palmera que ha caigut a la pla\u00e7a Emili Vendrell<\/strong>, i que ha provocat una v\u00edctima mortal, <strong>aix\u00ed com quan es va fer l\u2019\u00faltima revisi\u00f3 d\u2019aquest arbre<\/strong>.<\/p>\n\n\n\n<h3 class=\"wp-block-heading\"><strong>La Sindicatura ja va proposar m\u00e9s freq\u00fc\u00e8ncia en les revisions de l\u2019arbrat<\/strong><\/h3>\n\n\n\n<p>La defensoria de la ciutadania barcelonina ja va mostrar la seva preocupaci\u00f3 per la gesti\u00f3 de l\u2019arbrat de la ciutat en una resoluci\u00f3 del passat mes de febrer de 2023. Davant la situaci\u00f3 de canvi clim\u00e0tic i els conseq\u00fcents<strong> fen\u00f2mens meteorol\u00f2gics que poden ocasionar greus danys, la Sindicatura ja va plantejar a l\u2019Institut Municipal de Parcs i Jardins la conveni\u00e8ncia d\u2019escur\u00e7ar el per\u00edode establert <\/strong><strong>per fer la revisi\u00f3 de l\u2019estat dels arbres de la ciutat, amb l\u2019objectiu de prevenir qualsevol risc per a la ciutadania.<\/strong><\/p>\n\n\n\n<h3 class=\"wp-block-heading\"><strong>Com s\u2019avalua el risc de l\u2019arbrat?<\/strong><\/h3>\n\n\n\n<p>En la <strong>resposta de la Ger\u00e8ncia de Medi Ambient i Serveis Urbans i l\u2019Institut Municipal de Parcs i Jardins a la resoluci\u00f3 de la Sindicatura de Greuges de Barcelona<\/strong>, va detallar-se el funcionament del <em>Pla de Gesti\u00f3 de Risc d\u2019Arbrat.<\/em><\/p>\n\n\n\n<p>Aquest protocol estableix que <strong>tots els arbres i palmeres de Barcelona estan inclosos en un Primer Nivell d\u2019Avaluaci\u00f3 i es revisen cada dos anys<\/strong>. D\u2019altra banda, <strong>aquells arbres i palmeres que, per les seves dimensions, peculiaritat bot\u00e0nica, mida o defecte, tenen una diagnosi dif\u00edcil d\u2019executar, formen part del Segon Nivell d\u2019Avaluaci\u00f3<\/strong>. En aquesta segona escala d\u2019arbres i palmeres, es du a terme una <strong>revisi\u00f3 amb car\u00e0cter anual<\/strong>.<\/p>\n\n\n\n<p>Amb aquesta informaci\u00f3, la Sindicatura de Greuges de Barcelona ha obert una actuaci\u00f3 d\u2019ofici per esbrinar en quin nivell d\u2019avaluaci\u00f3 es trobava la palmera caiguda ahir a la pla\u00e7a d\u2019Emili Vendrell, i quina \u00e9s la data de la darrera revisi\u00f3.<\/p>\n","protected":false},"excerpt":{"rendered":"<p>La Sindicatura lamenta la mort d\u2019una dona de vint anys per la caiguda d\u2019una palmera i envia una abra\u00e7ada d\u2019escalf i condol a la seva fam\u00edlia En una resoluci\u00f3 de [&hellip;]<\/p>\n","protected":false},"author":2,"featured_media":30043,"comment_status":"closed","ping_status":"closed","sticky":false,"template":"","format":"standard","meta":{"_acf_changed":false,"footnotes":""},"tags":[],"drets":[1440,1456,1452],"class_list":["post-30042","post","type-post","status-publish","format-standard","has-post-thumbnail","hentry","drets-ciutat-garantista","drets-dret-a-una-bona-administracio","drets-dret-a-la-seguretat-ciutadana"],"acf":[],"yoast_head":"<!-- This site is optimized with the Yoast SEO plugin v27.5 - https:\/\/yoast.com\/product\/yoast-seo-wordpress\/ -->\n<title>La Sindicatura de Greuges de Barcelona obre una actuaci\u00f3 d\u2019ofici per la caiguda d\u2019una palmera que ha provocat una v\u00edctima mortal a la pla\u00e7a Emili Vendrell - Sindicatura de Greuges de Barcelona<\/title>\n<meta name=\"robots\" content=\"index, follow, max-snippet:-1, max-image-preview:large, max-video-preview:-1\" \/>\n<link rel=\"canonical\" href=\"https:\/\/www.sindicaturabarcelona.cat\/ca\/la-sindicatura-de-greuges-de-barcelona-obre-una-actuacio-dofici-per-la-caiguda-duna-palmera-que-ha-provocat-una-victima-mortal-a-la-placa-emili-vendrell\/\" \/>\n<meta property=\"og:locale\" content=\"ca_ES\" \/>\n<meta property=\"og:type\" content=\"article\" \/>\n<meta property=\"og:title\" content=\"La Sindicatura de Greuges de Barcelona obre una actuaci\u00f3 d\u2019ofici per la caiguda d\u2019una palmera que ha provocat una v\u00edctima mortal a la pla\u00e7a Emili Vendrell - Sindicatura de Greuges de Barcelona\" \/>\n<meta property=\"og:description\" content=\"La Sindicatura lamenta la mort d\u2019una dona de vint anys per la caiguda d\u2019una palmera i envia una abra\u00e7ada d\u2019escalf i condol a la seva fam\u00edlia En una resoluci\u00f3 de [&hellip;]\" \/>\n<meta property=\"og:url\" content=\"https:\/\/www.sindicaturabarcelona.cat\/ca\/la-sindicatura-de-greuges-de-barcelona-obre-una-actuacio-dofici-per-la-caiguda-duna-palmera-que-ha-provocat-una-victima-mortal-a-la-placa-emili-vendrell\/\" \/>\n<meta property=\"og:site_name\" content=\"Sindicatura de Greuges de Barcelona\" \/>\n<meta property=\"article:published_time\" content=\"2023-08-04T15:21:49+00:00\" \/>\n<meta property=\"article:modified_time\" content=\"2023-09-20T15:27:05+00:00\" \/>\n<meta property=\"og:image\" content=\"https:\/\/www.sindicaturabarcelona.cat\/wp-content\/uploads\/photo_2023-09-20_17-23-49.jpg\" \/>\n\t<meta property=\"og:image:width\" content=\"1280\" \/>\n\t<meta property=\"og:image:height\" content=\"720\" \/>\n\t<meta property=\"og:image:type\" content=\"image\/jpeg\" \/>\n<meta name=\"author\" content=\"Pablo\" \/>\n<meta name=\"twitter:card\" content=\"summary_large_image\" \/>\n<meta name=\"twitter:creator\" content=\"@sindicbarcelona\" \/>\n<meta name=\"twitter:site\" content=\"@sindicbarcelona\" \/>\n<meta name=\"twitter:label1\" content=\"Escrit per\" \/>\n\t<meta name=\"twitter:data1\" content=\"Pablo\" \/>\n\t<meta name=\"twitter:label2\" content=\"Temps estimat de lectura\" \/>\n\t<meta name=\"twitter:data2\" content=\"3 minuts\" \/>\n<script type=\"application\/ld+json\" class=\"yoast-schema-graph\">{\"@context\":\"https:\\\/\\\/schema.org\",\"@graph\":[{\"@type\":\"Article\",\"@id\":\"https:\\\/\\\/www.sindicaturabarcelona.cat\\\/ca\\\/la-sindicatura-de-greuges-de-barcelona-obre-una-actuacio-dofici-per-la-caiguda-duna-palmera-que-ha-provocat-una-victima-mortal-a-la-placa-emili-vendrell\\\/#article\",\"isPartOf\":{\"@id\":\"https:\\\/\\\/www.sindicaturabarcelona.cat\\\/ca\\\/la-sindicatura-de-greuges-de-barcelona-obre-una-actuacio-dofici-per-la-caiguda-duna-palmera-que-ha-provocat-una-victima-mortal-a-la-placa-emili-vendrell\\\/\"},\"author\":{\"name\":\"Pablo\",\"@id\":\"https:\\\/\\\/www.sindicaturabarcelona.cat\\\/ca\\\/#\\\/schema\\\/person\\\/0e5acffc350ffdbc97578159322c9452\"},\"headline\":\"La Sindicatura de Greuges de Barcelona obre una actuaci\u00f3 d\u2019ofici per la caiguda d\u2019una palmera que ha provocat una v\u00edctima mortal a la pla\u00e7a Emili Vendrell\",\"datePublished\":\"2023-08-04T15:21:49+00:00\",\"dateModified\":\"2023-09-20T15:27:05+00:00\",\"mainEntityOfPage\":{\"@id\":\"https:\\\/\\\/www.sindicaturabarcelona.cat\\\/ca\\\/la-sindicatura-de-greuges-de-barcelona-obre-una-actuacio-dofici-per-la-caiguda-duna-palmera-que-ha-provocat-una-victima-mortal-a-la-placa-emili-vendrell\\\/\"},\"wordCount\":453,\"publisher\":{\"@id\":\"https:\\\/\\\/www.sindicaturabarcelona.cat\\\/ca\\\/#organization\"},\"image\":{\"@id\":\"https:\\\/\\\/www.sindicaturabarcelona.cat\\\/ca\\\/la-sindicatura-de-greuges-de-barcelona-obre-una-actuacio-dofici-per-la-caiguda-duna-palmera-que-ha-provocat-una-victima-mortal-a-la-placa-emili-vendrell\\\/#primaryimage\"},\"thumbnailUrl\":\"https:\\\/\\\/www.sindicaturabarcelona.cat\\\/wp-content\\\/uploads\\\/photo_2023-09-20_17-23-49.jpg\",\"inLanguage\":\"ca\"},{\"@type\":\"WebPage\",\"@id\":\"https:\\\/\\\/www.sindicaturabarcelona.cat\\\/ca\\\/la-sindicatura-de-greuges-de-barcelona-obre-una-actuacio-dofici-per-la-caiguda-duna-palmera-que-ha-provocat-una-victima-mortal-a-la-placa-emili-vendrell\\\/\",\"url\":\"https:\\\/\\\/www.sindicaturabarcelona.cat\\\/ca\\\/la-sindicatura-de-greuges-de-barcelona-obre-una-actuacio-dofici-per-la-caiguda-duna-palmera-que-ha-provocat-una-victima-mortal-a-la-placa-emili-vendrell\\\/\",\"name\":\"La Sindicatura de Greuges de Barcelona obre una actuaci\u00f3 d\u2019ofici per la caiguda d\u2019una palmera que ha provocat una v\u00edctima mortal a la pla\u00e7a Emili Vendrell - Sindicatura de Greuges de Barcelona\",\"isPartOf\":{\"@id\":\"https:\\\/\\\/www.sindicaturabarcelona.cat\\\/ca\\\/#website\"},\"primaryImageOfPage\":{\"@id\":\"https:\\\/\\\/www.sindicaturabarcelona.cat\\\/ca\\\/la-sindicatura-de-greuges-de-barcelona-obre-una-actuacio-dofici-per-la-caiguda-duna-palmera-que-ha-provocat-una-victima-mortal-a-la-placa-emili-vendrell\\\/#primaryimage\"},\"image\":{\"@id\":\"https:\\\/\\\/www.sindicaturabarcelona.cat\\\/ca\\\/la-sindicatura-de-greuges-de-barcelona-obre-una-actuacio-dofici-per-la-caiguda-duna-palmera-que-ha-provocat-una-victima-mortal-a-la-placa-emili-vendrell\\\/#primaryimage\"},\"thumbnailUrl\":\"https:\\\/\\\/www.sindicaturabarcelona.cat\\\/wp-content\\\/uploads\\\/photo_2023-09-20_17-23-49.jpg\",\"datePublished\":\"2023-08-04T15:21:49+00:00\",\"dateModified\":\"2023-09-20T15:27:05+00:00\",\"breadcrumb\":{\"@id\":\"https:\\\/\\\/www.sindicaturabarcelona.cat\\\/ca\\\/la-sindicatura-de-greuges-de-barcelona-obre-una-actuacio-dofici-per-la-caiguda-duna-palmera-que-ha-provocat-una-victima-mortal-a-la-placa-emili-vendrell\\\/#breadcrumb\"},\"inLanguage\":\"ca\",\"potentialAction\":[{\"@type\":\"ReadAction\",\"target\":[\"https:\\\/\\\/www.sindicaturabarcelona.cat\\\/ca\\\/la-sindicatura-de-greuges-de-barcelona-obre-una-actuacio-dofici-per-la-caiguda-duna-palmera-que-ha-provocat-una-victima-mortal-a-la-placa-emili-vendrell\\\/\"]}]},{\"@type\":\"ImageObject\",\"inLanguage\":\"ca\",\"@id\":\"https:\\\/\\\/www.sindicaturabarcelona.cat\\\/ca\\\/la-sindicatura-de-greuges-de-barcelona-obre-una-actuacio-dofici-per-la-caiguda-duna-palmera-que-ha-provocat-una-victima-mortal-a-la-placa-emili-vendrell\\\/#primaryimage\",\"url\":\"https:\\\/\\\/www.sindicaturabarcelona.cat\\\/wp-content\\\/uploads\\\/photo_2023-09-20_17-23-49.jpg\",\"contentUrl\":\"https:\\\/\\\/www.sindicaturabarcelona.cat\\\/wp-content\\\/uploads\\\/photo_2023-09-20_17-23-49.jpg\",\"width\":1280,\"height\":720,\"caption\":\"pla\u00e7a Emili Vendrell\"},{\"@type\":\"BreadcrumbList\",\"@id\":\"https:\\\/\\\/www.sindicaturabarcelona.cat\\\/ca\\\/la-sindicatura-de-greuges-de-barcelona-obre-una-actuacio-dofici-per-la-caiguda-duna-palmera-que-ha-provocat-una-victima-mortal-a-la-placa-emili-vendrell\\\/#breadcrumb\",\"itemListElement\":[{\"@type\":\"ListItem\",\"position\":1,\"name\":\"Inici\",\"item\":\"https:\\\/\\\/www.sindicaturabarcelona.cat\\\/ca\\\/\"},{\"@type\":\"ListItem\",\"position\":2,\"name\":\"La Sindicatura de Greuges de Barcelona obre una actuaci\u00f3 d\u2019ofici per la caiguda d\u2019una palmera que ha provocat una v\u00edctima mortal a la pla\u00e7a Emili Vendrell\"}]},{\"@type\":\"WebSite\",\"@id\":\"https:\\\/\\\/www.sindicaturabarcelona.cat\\\/ca\\\/#website\",\"url\":\"https:\\\/\\\/www.sindicaturabarcelona.cat\\\/ca\\\/\",\"name\":\"Sindicatura de Greuges de Barcelona\",\"description\":\"La defensoria dels teus drets\",\"publisher\":{\"@id\":\"https:\\\/\\\/www.sindicaturabarcelona.cat\\\/ca\\\/#organization\"},\"potentialAction\":[{\"@type\":\"SearchAction\",\"target\":{\"@type\":\"EntryPoint\",\"urlTemplate\":\"https:\\\/\\\/www.sindicaturabarcelona.cat\\\/ca\\\/?s={search_term_string}\"},\"query-input\":{\"@type\":\"PropertyValueSpecification\",\"valueRequired\":true,\"valueName\":\"search_term_string\"}}],\"inLanguage\":\"ca\"},{\"@type\":\"Organization\",\"@id\":\"https:\\\/\\\/www.sindicaturabarcelona.cat\\\/ca\\\/#organization\",\"name\":\"Sindicatura de Greuges de Barcelona\",\"url\":\"https:\\\/\\\/www.sindicaturabarcelona.cat\\\/ca\\\/\",\"logo\":{\"@type\":\"ImageObject\",\"inLanguage\":\"ca\",\"@id\":\"https:\\\/\\\/www.sindicaturabarcelona.cat\\\/ca\\\/#\\\/schema\\\/logo\\\/image\\\/\",\"url\":\"https:\\\/\\\/www.sindicaturabarcelona.cat\\\/wp-content\\\/uploads\\\/2023\\\/02\\\/logo_sindicatura.svg\",\"contentUrl\":\"https:\\\/\\\/www.sindicaturabarcelona.cat\\\/wp-content\\\/uploads\\\/2023\\\/02\\\/logo_sindicatura.svg\",\"caption\":\"Sindicatura de Greuges de Barcelona\"},\"image\":{\"@id\":\"https:\\\/\\\/www.sindicaturabarcelona.cat\\\/ca\\\/#\\\/schema\\\/logo\\\/image\\\/\"},\"sameAs\":[\"https:\\\/\\\/x.com\\\/sindicbarcelona\",\"https:\\\/\\\/www.instagram.com\\\/sindicbarcelona\\\/\",\"https:\\\/\\\/www.tiktok.com\\\/@sindicaturabcn\",\"https:\\\/\\\/t.me\\\/sindicaturabarcelona\"]},{\"@type\":\"Person\",\"@id\":\"https:\\\/\\\/www.sindicaturabarcelona.cat\\\/ca\\\/#\\\/schema\\\/person\\\/0e5acffc350ffdbc97578159322c9452\",\"name\":\"Pablo\",\"image\":{\"@type\":\"ImageObject\",\"inLanguage\":\"ca\",\"@id\":\"https:\\\/\\\/secure.gravatar.com\\\/avatar\\\/c948169b402ef9492afde705c3dfd5e90e1a6a84ef6840a91124f805a25a480f?s=96&d=mm&r=g\",\"url\":\"https:\\\/\\\/secure.gravatar.com\\\/avatar\\\/c948169b402ef9492afde705c3dfd5e90e1a6a84ef6840a91124f805a25a480f?s=96&d=mm&r=g\",\"contentUrl\":\"https:\\\/\\\/secure.gravatar.com\\\/avatar\\\/c948169b402ef9492afde705c3dfd5e90e1a6a84ef6840a91124f805a25a480f?s=96&d=mm&r=g\",\"caption\":\"Pablo\"},\"url\":\"https:\\\/\\\/www.sindicaturabarcelona.cat\\\/ca\\\/author\\\/pablo\\\/\"}]}<\/script>\n<!-- \/ Yoast SEO plugin. -->","yoast_head_json":{"title":"La Sindicatura de Greuges de Barcelona obre una actuaci\u00f3 d\u2019ofici per la caiguda d\u2019una palmera que ha provocat una v\u00edctima mortal a la pla\u00e7a Emili Vendrell - Sindicatura de Greuges de Barcelona","robots":{"index":"index","follow":"follow","max-snippet":"max-snippet:-1","max-image-preview":"max-image-preview:large","max-video-preview":"max-video-preview:-1"},"canonical":"https:\/\/www.sindicaturabarcelona.cat\/ca\/la-sindicatura-de-greuges-de-barcelona-obre-una-actuacio-dofici-per-la-caiguda-duna-palmera-que-ha-provocat-una-victima-mortal-a-la-placa-emili-vendrell\/","og_locale":"ca_ES","og_type":"article","og_title":"La Sindicatura de Greuges de Barcelona obre una actuaci\u00f3 d\u2019ofici per la caiguda d\u2019una palmera que ha provocat una v\u00edctima mortal a la pla\u00e7a Emili Vendrell - Sindicatura de Greuges de Barcelona","og_description":"La Sindicatura lamenta la mort d\u2019una dona de vint anys per la caiguda d\u2019una palmera i envia una abra\u00e7ada d\u2019escalf i condol a la seva fam\u00edlia En una resoluci\u00f3 de [&hellip;]","og_url":"https:\/\/www.sindicaturabarcelona.cat\/ca\/la-sindicatura-de-greuges-de-barcelona-obre-una-actuacio-dofici-per-la-caiguda-duna-palmera-que-ha-provocat-una-victima-mortal-a-la-placa-emili-vendrell\/","og_site_name":"Sindicatura de Greuges de Barcelona","article_published_time":"2023-08-04T15:21:49+00:00","article_modified_time":"2023-09-20T15:27:05+00:00","og_image":[{"width":1280,"height":720,"url":"https:\/\/www.sindicaturabarcelona.cat\/wp-content\/uploads\/photo_2023-09-20_17-23-49.jpg","type":"image\/jpeg"}],"author":"Pablo","twitter_card":"summary_large_image","twitter_creator":"@sindicbarcelona","twitter_site":"@sindicbarcelona","twitter_misc":{"Escrit per":"Pablo","Temps estimat de lectura":"3 minuts"},"schema":{"@context":"https:\/\/schema.org","@graph":[{"@type":"Article","@id":"https:\/\/www.sindicaturabarcelona.cat\/ca\/la-sindicatura-de-greuges-de-barcelona-obre-una-actuacio-dofici-per-la-caiguda-duna-palmera-que-ha-provocat-una-victima-mortal-a-la-placa-emili-vendrell\/#article","isPartOf":{"@id":"https:\/\/www.sindicaturabarcelona.cat\/ca\/la-sindicatura-de-greuges-de-barcelona-obre-una-actuacio-dofici-per-la-caiguda-duna-palmera-que-ha-provocat-una-victima-mortal-a-la-placa-emili-vendrell\/"},"author":{"name":"Pablo","@id":"https:\/\/www.sindicaturabarcelona.cat\/ca\/#\/schema\/person\/0e5acffc350ffdbc97578159322c9452"},"headline":"La Sindicatura de Greuges de Barcelona obre una actuaci\u00f3 d\u2019ofici per la caiguda d\u2019una palmera que ha provocat una v\u00edctima mortal a la pla\u00e7a Emili Vendrell","datePublished":"2023-08-04T15:21:49+00:00","dateModified":"2023-09-20T15:27:05+00:00","mainEntityOfPage":{"@id":"https:\/\/www.sindicaturabarcelona.cat\/ca\/la-sindicatura-de-greuges-de-barcelona-obre-una-actuacio-dofici-per-la-caiguda-duna-palmera-que-ha-provocat-una-victima-mortal-a-la-placa-emili-vendrell\/"},"wordCount":453,"publisher":{"@id":"https:\/\/www.sindicaturabarcelona.cat\/ca\/#organization"},"image":{"@id":"https:\/\/www.sindicaturabarcelona.cat\/ca\/la-sindicatura-de-greuges-de-barcelona-obre-una-actuacio-dofici-per-la-caiguda-duna-palmera-que-ha-provocat-una-victima-mortal-a-la-placa-emili-vendrell\/#primaryimage"},"thumbnailUrl":"https:\/\/www.sindicaturabarcelona.cat\/wp-content\/uploads\/photo_2023-09-20_17-23-49.jpg","inLanguage":"ca"},{"@type":"WebPage","@id":"https:\/\/www.sindicaturabarcelona.cat\/ca\/la-sindicatura-de-greuges-de-barcelona-obre-una-actuacio-dofici-per-la-caiguda-duna-palmera-que-ha-provocat-una-victima-mortal-a-la-placa-emili-vendrell\/","url":"https:\/\/www.sindicaturabarcelona.cat\/ca\/la-sindicatura-de-greuges-de-barcelona-obre-una-actuacio-dofici-per-la-caiguda-duna-palmera-que-ha-provocat-una-victima-mortal-a-la-placa-emili-vendrell\/","name":"La Sindicatura de Greuges de Barcelona obre una actuaci\u00f3 d\u2019ofici per la caiguda d\u2019una palmera que ha provocat una v\u00edctima mortal a la pla\u00e7a Emili Vendrell - Sindicatura de Greuges de Barcelona","isPartOf":{"@id":"https:\/\/www.sindicaturabarcelona.cat\/ca\/#website"},"primaryImageOfPage":{"@id":"https:\/\/www.sindicaturabarcelona.cat\/ca\/la-sindicatura-de-greuges-de-barcelona-obre-una-actuacio-dofici-per-la-caiguda-duna-palmera-que-ha-provocat-una-victima-mortal-a-la-placa-emili-vendrell\/#primaryimage"},"image":{"@id":"https:\/\/www.sindicaturabarcelona.cat\/ca\/la-sindicatura-de-greuges-de-barcelona-obre-una-actuacio-dofici-per-la-caiguda-duna-palmera-que-ha-provocat-una-victima-mortal-a-la-placa-emili-vendrell\/#primaryimage"},"thumbnailUrl":"https:\/\/www.sindicaturabarcelona.cat\/wp-content\/uploads\/photo_2023-09-20_17-23-49.jpg","datePublished":"2023-08-04T15:21:49+00:00","dateModified":"2023-09-20T15:27:05+00:00","breadcrumb":{"@id":"https:\/\/www.sindicaturabarcelona.cat\/ca\/la-sindicatura-de-greuges-de-barcelona-obre-una-actuacio-dofici-per-la-caiguda-duna-palmera-que-ha-provocat-una-victima-mortal-a-la-placa-emili-vendrell\/#breadcrumb"},"inLanguage":"ca","potentialAction":[{"@type":"ReadAction","target":["https:\/\/www.sindicaturabarcelona.cat\/ca\/la-sindicatura-de-greuges-de-barcelona-obre-una-actuacio-dofici-per-la-caiguda-duna-palmera-que-ha-provocat-una-victima-mortal-a-la-placa-emili-vendrell\/"]}]},{"@type":"ImageObject","inLanguage":"ca","@id":"https:\/\/www.sindicaturabarcelona.cat\/ca\/la-sindicatura-de-greuges-de-barcelona-obre-una-actuacio-dofici-per-la-caiguda-duna-palmera-que-ha-provocat-una-victima-mortal-a-la-placa-emili-vendrell\/#primaryimage","url":"https:\/\/www.sindicaturabarcelona.cat\/wp-content\/uploads\/photo_2023-09-20_17-23-49.jpg","contentUrl":"https:\/\/www.sindicaturabarcelona.cat\/wp-content\/uploads\/photo_2023-09-20_17-23-49.jpg","width":1280,"height":720,"caption":"pla\u00e7a Emili Vendrell"},{"@type":"BreadcrumbList","@id":"https:\/\/www.sindicaturabarcelona.cat\/ca\/la-sindicatura-de-greuges-de-barcelona-obre-una-actuacio-dofici-per-la-caiguda-duna-palmera-que-ha-provocat-una-victima-mortal-a-la-placa-emili-vendrell\/#breadcrumb","itemListElement":[{"@type":"ListItem","position":1,"name":"Inici","item":"https:\/\/www.sindicaturabarcelona.cat\/ca\/"},{"@type":"ListItem","position":2,"name":"La Sindicatura de Greuges de Barcelona obre una actuaci\u00f3 d\u2019ofici per la caiguda d\u2019una palmera que ha provocat una v\u00edctima mortal a la pla\u00e7a Emili Vendrell"}]},{"@type":"WebSite","@id":"https:\/\/www.sindicaturabarcelona.cat\/ca\/#website","url":"https:\/\/www.sindicaturabarcelona.cat\/ca\/","name":"Sindicatura de Greuges de Barcelona","description":"La defensoria dels teus drets","publisher":{"@id":"https:\/\/www.sindicaturabarcelona.cat\/ca\/#organization"},"potentialAction":[{"@type":"SearchAction","target":{"@type":"EntryPoint","urlTemplate":"https:\/\/www.sindicaturabarcelona.cat\/ca\/?s={search_term_string}"},"query-input":{"@type":"PropertyValueSpecification","valueRequired":true,"valueName":"search_term_string"}}],"inLanguage":"ca"},{"@type":"Organization","@id":"https:\/\/www.sindicaturabarcelona.cat\/ca\/#organization","name":"Sindicatura de Greuges de Barcelona","url":"https:\/\/www.sindicaturabarcelona.cat\/ca\/","logo":{"@type":"ImageObject","inLanguage":"ca","@id":"https:\/\/www.sindicaturabarcelona.cat\/ca\/#\/schema\/logo\/image\/","url":"https:\/\/www.sindicaturabarcelona.cat\/wp-content\/uploads\/2023\/02\/logo_sindicatura.svg","contentUrl":"https:\/\/www.sindicaturabarcelona.cat\/wp-content\/uploads\/2023\/02\/logo_sindicatura.svg","caption":"Sindicatura de Greuges de Barcelona"},"image":{"@id":"https:\/\/www.sindicaturabarcelona.cat\/ca\/#\/schema\/logo\/image\/"},"sameAs":["https:\/\/x.com\/sindicbarcelona","https:\/\/www.instagram.com\/sindicbarcelona\/","https:\/\/www.tiktok.com\/@sindicaturabcn","https:\/\/t.me\/sindicaturabarcelona"]},{"@type":"Person","@id":"https:\/\/www.sindicaturabarcelona.cat\/ca\/#\/schema\/person\/0e5acffc350ffdbc97578159322c9452","name":"Pablo","image":{"@type":"ImageObject","inLanguage":"ca","@id":"https:\/\/secure.gravatar.com\/avatar\/c948169b402ef9492afde705c3dfd5e90e1a6a84ef6840a91124f805a25a480f?s=96&d=mm&r=g","url":"https:\/\/secure.gravatar.com\/avatar\/c948169b402ef9492afde705c3dfd5e90e1a6a84ef6840a91124f805a25a480f?s=96&d=mm&r=g","contentUrl":"https:\/\/secure.gravatar.com\/avatar\/c948169b402ef9492afde705c3dfd5e90e1a6a84ef6840a91124f805a25a480f?s=96&d=mm&r=g","caption":"Pablo"},"url":"https:\/\/www.sindicaturabarcelona.cat\/ca\/author\/pablo\/"}]}},"_links":{"self":[{"href":"https:\/\/www.sindicaturabarcelona.cat\/ca\/wp-json\/wp\/v2\/posts\/30042","targetHints":{"allow":["GET"]}}],"collection":[{"href":"https:\/\/www.sindicaturabarcelona.cat\/ca\/wp-json\/wp\/v2\/posts"}],"about":[{"href":"https:\/\/www.sindicaturabarcelona.cat\/ca\/wp-json\/wp\/v2\/types\/post"}],"author":[{"embeddable":true,"href":"https:\/\/www.sindicaturabarcelona.cat\/ca\/wp-json\/wp\/v2\/users\/2"}],"replies":[{"embeddable":true,"href":"https:\/\/www.sindicaturabarcelona.cat\/ca\/wp-json\/wp\/v2\/comments?post=30042"}],"version-history":[{"count":1,"href":"https:\/\/www.sindicaturabarcelona.cat\/ca\/wp-json\/wp\/v2\/posts\/30042\/revisions"}],"predecessor-version":[{"id":30046,"href":"https:\/\/www.sindicaturabarcelona.cat\/ca\/wp-json\/wp\/v2\/posts\/30042\/revisions\/30046"}],"wp:featuredmedia":[{"embeddable":true,"href":"https:\/\/www.sindicaturabarcelona.cat\/ca\/wp-json\/wp\/v2\/media\/30043"}],"wp:attachment":[{"href":"https:\/\/www.sindicaturabarcelona.cat\/ca\/wp-json\/wp\/v2\/media?parent=30042"}],"wp:term":[{"taxonomy":"post_tag","embeddable":true,"href":"https:\/\/www.sindicaturabarcelona.cat\/ca\/wp-json\/wp\/v2\/tags?post=30042"},{"taxonomy":"drets","embeddable":true,"href":"https:\/\/www.sindicaturabarcelona.cat\/ca\/wp-json\/wp\/v2\/drets?post=30042"}],"curies":[{"name":"wp","href":"https:\/\/api.w.org\/{rel}","templated":true}]}}