{"id":30035,"date":"2023-08-10T17:11:02","date_gmt":"2023-08-10T15:11:02","guid":{"rendered":"https:\/\/www.sindicaturabarcelona.cat\/?p=30035"},"modified":"2023-09-20T17:18:56","modified_gmt":"2023-09-20T15:18:56","slug":"la-sindicatura-adverteix-lajuntament-i-el-consorci-deducacio-de-la-necessitat-destablir-la-ubicacio-definitiva-de-lescola-entenca","status":"publish","type":"post","link":"https:\/\/www.sindicaturabarcelona.cat\/ca\/la-sindicatura-adverteix-lajuntament-i-el-consorci-deducacio-de-la-necessitat-destablir-la-ubicacio-definitiva-de-lescola-entenca\/","title":{"rendered":"La Sindicatura adverteix l\u2019Ajuntament i el Consorci d\u2019Educaci\u00f3 de la necessitat d\u2019establir la ubicaci\u00f3 definitiva de l\u2019Escola Enten\u00e7a"},"content":{"rendered":"\n<h2 class=\"wp-block-heading\"><strong>Set anys despr\u00e9s de la creaci\u00f3 de l\u2019escola, continuen sense definir-se la ubicaci\u00f3 definitiva del centre i un calendari d\u2019actuaci\u00f3, malgrat els reclams i la mobilitzaci\u00f3 de la comunitat educativa<\/strong><\/h2>\n\n\n\n<p>La Sindicatura de Greuges de Barcelona ha advertit l\u2019Ajuntament i el Consorci d\u2019Educaci\u00f3 de la necessitat d\u2019<strong>establir, sense m\u00e9s dilaci\u00f3 i amb la m\u00e0xima prioritat, una ubicaci\u00f3 adequada i definitiva de l\u2019Escola Enten\u00e7a amb el consens de tota la comunitat educativa.<\/strong><\/p>\n\n\n\n<p>Arran d\u2019una queixa de l\u2019AFA de l\u2019Escola Enten\u00e7a en qu\u00e8 denuncia l\u2019enquistament d\u2019aquesta situaci\u00f3, la Sindicatura de Greuges de Barcelona ha analitzat com ha evolucionat la gesti\u00f3 i la planificaci\u00f3 de l\u2019empla\u00e7ament definitiu. <a href=\"https:\/\/www.sindicaturabarcelona.cat\/wp-content\/uploads\/2023\/07\/202307_Drets-infancia-i-dret-educacio_ubicacio-definitiva-Escola-Entenca-22Q001104.pdf\" target=\"_blank\" rel=\"noreferrer noopener\">La defensoria ha concl\u00f2s que la comunitat educativa d\u2019aquest centre docent ha patit un greuge significatiu des que es va crear l\u2019escola.<\/a><\/p>\n\n\n\n<h3 class=\"wp-block-heading\"><strong>La cronologia de l\u2019Escola Enten\u00e7a<\/strong><\/h3>\n\n\n\n<ul class=\"wp-block-list\">\n<li>L\u2019Escola Enten\u00e7a \u00e9s un centre de nova creaci\u00f3 que obre les portes el curs 2016\/2017. En aquell moment, l\u2019empla\u00e7ament definitiu previst era el recinte de La Model.<\/li>\n<\/ul>\n\n\n\n<ul class=\"wp-block-list\">\n<li>Tanmateix, el <strong>juliol de 2017<\/strong>, l\u2019Ajuntament de Barcelona i el Consorci d\u2019Educaci\u00f3 de Barcelona van informar que els possibles <strong>empla\u00e7aments definitius que es plantejaven per a l\u2019Escola Enten\u00e7a eren dos: La Model<\/strong> (possibilitat de construir dues escoles depenent del resultat de la revisi\u00f3 del Pla Director) o <strong>l\u2019Escola Industrial. En aquell moment, van manifestar una clara prefer\u00e8ncia per aquesta segona opci\u00f3<\/strong>.<\/li>\n<\/ul>\n\n\n\n<ul class=\"wp-block-list\">\n<li><strong>L\u2019any 2018 es va descartar la possible ubicaci\u00f3 de l\u2019Escola Industrial<\/strong> per pressi\u00f3 de l\u2019AFA, ja que l\u2019espai es trobava molt a prop d\u2019una subestaci\u00f3 el\u00e8ctrica. L\u2019Ag\u00e8ncia de Salut P\u00fablica tampoc validava aquesta ubicaci\u00f3.<\/li>\n<\/ul>\n\n\n\n<ul class=\"wp-block-list\">\n<li><strong>L\u2019octubre del 2018 va comunicar-se que existia un acord verbal amb la Generalitat i l\u2019Hospital Cl\u00ednic perqu\u00e8 la ubicaci\u00f3 definitiva de l\u2019Escola Enten\u00e7a fos el solar posterior del Mercat del Ninot,<\/strong> que pertanyia a l\u2019hospital. Informaven que l\u2019acord es concretaria per escrit de manera immediata.<\/li>\n<\/ul>\n\n\n\n<ul class=\"wp-block-list\">\n<li><strong>L\u2019any 2019 s\u2019aprova el Pla Director de La Model<\/strong>, que contempla els seg\u00fcents equipaments per a construir en una primera fase: un institut escola, un poliesportiu i l\u2019Espai Memorial.<\/li>\n\n\n\n<li><strong>El febrer del 2019, <\/strong>encara sense acord escrit amb la Generalitat i l\u2019Hospital Cl\u00ednic,<strong> el Govern municipal va signar un comprom\u00eds <\/strong>segons el qual es comunicaria<strong> la ubicaci\u00f3 definitiva de l\u2019escola abans de la finalitzaci\u00f3 del mandat (maig 2019).<\/strong><\/li>\n<\/ul>\n\n\n\n<ul class=\"wp-block-list\">\n<li>Per\u00f2 no va ser fins al <strong>febrer de l\u2019any 2020 que l\u2019Ajuntament va informar d\u2019una nova ubicaci\u00f3 definitiva per a l\u2019Escola Enten\u00e7a: els jardins de Paula Montal<\/strong>. <strong>L\u2019AFA va rebutjar aquesta opci\u00f3<\/strong>, <strong>ja que significava crear una escola sense pati propi,<\/strong> <strong>incomplint els <em>Criteris per a la construcci\u00f3 de nous edificis per a centres docents p\u00fablics<\/em><\/strong>, que estableix que els espais exteriors per a una escola de dues l\u00ednies han de comptar amb una superf\u00edcie m\u00ednima de 1.986 metres quadrats (aquesta ubicaci\u00f3 tindria uns 1.000 metres quadrats).<\/li>\n<\/ul>\n\n\n\n<ul class=\"wp-block-list\">\n<li><strong>El maig del 2020 l\u2019AFA va presentar una reclamaci\u00f3 a l\u2019Ajuntament en qu\u00e8 demanava desestimar els jardins Paula Montal com a ubicaci\u00f3 i sol\u00b7licitaven que el centre escolar s\u2019ubiqu\u00e9s de manera definitiva al recinte de La Model<\/strong>. Van fer al\u00b7legacions a la modificaci\u00f3 del PGM per a la transformaci\u00f3 de La Model i al Pla director de La Model del 2019, per\u00f2 no van obtenir resposta.<\/li>\n<\/ul>\n\n\n\n<ul class=\"wp-block-list\">\n<li><strong>L\u2019any 2022 <\/strong>l\u2019Ajuntament comunica que el nou institut escola de La Model ser\u00e0 finalment per a l\u2019Escola Xirinacs, un dels dos centres educatius que ocupa l\u2019espai de forma provisional. Tamb\u00e9 s\u2019informa que <strong>l\u2019altre centre, l\u2019Escola Enten\u00e7a, no s\u2019ubicar\u00e0 de forma definitiva en aquest recinte i es buscar\u00e0 un altre empla\u00e7ament.<\/strong><\/li>\n<\/ul>\n\n\n\n<ul class=\"wp-block-list\">\n<li><strong>El primer semestre de 2023, la Sindicatura de Greuges de Barcelona va mantenir diverses reunions amb representants de l\u2019Ajuntament de Barcelona <\/strong>(Regidoria d\u2019Educaci\u00f3, Districte de l\u2019Eixample i \u00c0rea d\u2019Ecologia Urbana), en qu\u00e8 <strong>van proporcionar informacions contradict\u00f2ries respecte de la ubicaci\u00f3 definitiva de l\u2019Escola Enten\u00e7a<\/strong>. D\u2019una banda, deien que les gestions amb l\u2019Hospital Cl\u00ednic estaven avan\u00e7ades, i de l\u2019altra, que els jardins Paula Montal eren la ubicaci\u00f3 definitiva ara com ara, tot i que la reubicaci\u00f3 no tenia calendari previst (es treballava amb l\u2019horitz\u00f3 2028-2030).<\/li>\n<\/ul>\n\n\n\n<p>Ja \u00e9s agost del 2023 i tots els possibles empla\u00e7aments definitius previstos per l\u2019Escola Enten\u00e7a han estat descartats per no ser idonis, o no s\u2019han materialitzat sense informar-ne dels motius (el cas de l\u2019Hospital Cl\u00ednic). <strong>Set anys despr\u00e9s de la creaci\u00f3 de l\u2019escola, la ubicaci\u00f3 definitiva del centre continua sense resoldre\u2019s i sense disposar d\u2019un calendari d\u2019actuaci\u00f3, malgrat els reclams i la mobilitzaci\u00f3 de la comunitat educativa.<\/strong><\/p>\n","protected":false},"excerpt":{"rendered":"<p>Set anys despr\u00e9s de la creaci\u00f3 de l\u2019escola, continuen sense definir-se la ubicaci\u00f3 definitiva del centre i un calendari d\u2019actuaci\u00f3, malgrat els reclams i la mobilitzaci\u00f3 de la comunitat educativa [&hellip;]<\/p>\n","protected":false},"author":2,"featured_media":30036,"comment_status":"closed","ping_status":"closed","sticky":false,"template":"","format":"standard","meta":{"_acf_changed":false,"footnotes":""},"tags":[],"drets":[1428,1430,1442,1462],"class_list":["post-30035","post","type-post","status-publish","format-standard","has-post-thumbnail","hentry","drets-ciutat-equitativa","drets-dret-a-educacio-i-lleure","drets-ciutat-diversa","drets-drets-de-la-infancia-i-ladolescencia"],"acf":[],"yoast_head":"<!-- This site is optimized with the Yoast SEO plugin v27.5 - https:\/\/yoast.com\/product\/yoast-seo-wordpress\/ -->\n<title>La Sindicatura adverteix l\u2019Ajuntament i el Consorci d\u2019Educaci\u00f3 de la necessitat d\u2019establir la ubicaci\u00f3 definitiva de l\u2019Escola Enten\u00e7a - Sindicatura de Greuges de Barcelona<\/title>\n<meta name=\"description\" content=\"Set anys despr\u00e9s de la creaci\u00f3 de l\u2019escola Enten\u00e7a, continuen sense definir-se la ubicaci\u00f3 definitiva del centre i un calendari d\u2019actuaci\u00f3\" \/>\n<meta name=\"robots\" content=\"index, follow, max-snippet:-1, max-image-preview:large, max-video-preview:-1\" \/>\n<link rel=\"canonical\" href=\"https:\/\/www.sindicaturabarcelona.cat\/ca\/la-sindicatura-adverteix-lajuntament-i-el-consorci-deducacio-de-la-necessitat-destablir-la-ubicacio-definitiva-de-lescola-entenca\/\" \/>\n<meta property=\"og:locale\" content=\"ca_ES\" \/>\n<meta property=\"og:type\" content=\"article\" \/>\n<meta property=\"og:title\" content=\"La Sindicatura adverteix l\u2019Ajuntament i el Consorci d\u2019Educaci\u00f3 de la necessitat d\u2019establir la ubicaci\u00f3 definitiva de l\u2019Escola Enten\u00e7a - Sindicatura de Greuges de Barcelona\" \/>\n<meta property=\"og:description\" content=\"Set anys despr\u00e9s de la creaci\u00f3 de l\u2019escola Enten\u00e7a, continuen sense definir-se la ubicaci\u00f3 definitiva del centre i un calendari d\u2019actuaci\u00f3\" \/>\n<meta property=\"og:url\" content=\"https:\/\/www.sindicaturabarcelona.cat\/ca\/la-sindicatura-adverteix-lajuntament-i-el-consorci-deducacio-de-la-necessitat-destablir-la-ubicacio-definitiva-de-lescola-entenca\/\" \/>\n<meta property=\"og:site_name\" content=\"Sindicatura de Greuges de Barcelona\" \/>\n<meta property=\"article:published_time\" content=\"2023-08-10T15:11:02+00:00\" \/>\n<meta property=\"article:modified_time\" content=\"2023-09-20T15:18:56+00:00\" \/>\n<meta property=\"og:image\" content=\"https:\/\/www.sindicaturabarcelona.cat\/wp-content\/uploads\/escola-entenca.jpg\" \/>\n\t<meta property=\"og:image:width\" content=\"1000\" \/>\n\t<meta property=\"og:image:height\" content=\"750\" \/>\n\t<meta property=\"og:image:type\" content=\"image\/jpeg\" \/>\n<meta name=\"author\" content=\"Pablo\" \/>\n<meta name=\"twitter:card\" content=\"summary_large_image\" \/>\n<meta name=\"twitter:creator\" content=\"@sindicbarcelona\" \/>\n<meta name=\"twitter:site\" content=\"@sindicbarcelona\" \/>\n<meta name=\"twitter:label1\" content=\"Escrit per\" \/>\n\t<meta name=\"twitter:data1\" content=\"Pablo\" \/>\n\t<meta name=\"twitter:label2\" content=\"Temps estimat de lectura\" \/>\n\t<meta name=\"twitter:data2\" content=\"4 minuts\" \/>\n<script type=\"application\/ld+json\" class=\"yoast-schema-graph\">{\"@context\":\"https:\\\/\\\/schema.org\",\"@graph\":[{\"@type\":\"Article\",\"@id\":\"https:\\\/\\\/www.sindicaturabarcelona.cat\\\/ca\\\/la-sindicatura-adverteix-lajuntament-i-el-consorci-deducacio-de-la-necessitat-destablir-la-ubicacio-definitiva-de-lescola-entenca\\\/#article\",\"isPartOf\":{\"@id\":\"https:\\\/\\\/www.sindicaturabarcelona.cat\\\/ca\\\/la-sindicatura-adverteix-lajuntament-i-el-consorci-deducacio-de-la-necessitat-destablir-la-ubicacio-definitiva-de-lescola-entenca\\\/\"},\"author\":{\"name\":\"Pablo\",\"@id\":\"https:\\\/\\\/www.sindicaturabarcelona.cat\\\/ca\\\/#\\\/schema\\\/person\\\/0e5acffc350ffdbc97578159322c9452\"},\"headline\":\"La Sindicatura adverteix l\u2019Ajuntament i el Consorci d\u2019Educaci\u00f3 de la necessitat d\u2019establir la ubicaci\u00f3 definitiva de l\u2019Escola Enten\u00e7a\",\"datePublished\":\"2023-08-10T15:11:02+00:00\",\"dateModified\":\"2023-09-20T15:18:56+00:00\",\"mainEntityOfPage\":{\"@id\":\"https:\\\/\\\/www.sindicaturabarcelona.cat\\\/ca\\\/la-sindicatura-adverteix-lajuntament-i-el-consorci-deducacio-de-la-necessitat-destablir-la-ubicacio-definitiva-de-lescola-entenca\\\/\"},\"wordCount\":836,\"publisher\":{\"@id\":\"https:\\\/\\\/www.sindicaturabarcelona.cat\\\/ca\\\/#organization\"},\"image\":{\"@id\":\"https:\\\/\\\/www.sindicaturabarcelona.cat\\\/ca\\\/la-sindicatura-adverteix-lajuntament-i-el-consorci-deducacio-de-la-necessitat-destablir-la-ubicacio-definitiva-de-lescola-entenca\\\/#primaryimage\"},\"thumbnailUrl\":\"https:\\\/\\\/www.sindicaturabarcelona.cat\\\/wp-content\\\/uploads\\\/escola-entenca.jpg\",\"inLanguage\":\"ca\"},{\"@type\":\"WebPage\",\"@id\":\"https:\\\/\\\/www.sindicaturabarcelona.cat\\\/ca\\\/la-sindicatura-adverteix-lajuntament-i-el-consorci-deducacio-de-la-necessitat-destablir-la-ubicacio-definitiva-de-lescola-entenca\\\/\",\"url\":\"https:\\\/\\\/www.sindicaturabarcelona.cat\\\/ca\\\/la-sindicatura-adverteix-lajuntament-i-el-consorci-deducacio-de-la-necessitat-destablir-la-ubicacio-definitiva-de-lescola-entenca\\\/\",\"name\":\"La Sindicatura adverteix l\u2019Ajuntament i el Consorci d\u2019Educaci\u00f3 de la necessitat d\u2019establir la ubicaci\u00f3 definitiva de l\u2019Escola Enten\u00e7a - Sindicatura de Greuges de Barcelona\",\"isPartOf\":{\"@id\":\"https:\\\/\\\/www.sindicaturabarcelona.cat\\\/ca\\\/#website\"},\"primaryImageOfPage\":{\"@id\":\"https:\\\/\\\/www.sindicaturabarcelona.cat\\\/ca\\\/la-sindicatura-adverteix-lajuntament-i-el-consorci-deducacio-de-la-necessitat-destablir-la-ubicacio-definitiva-de-lescola-entenca\\\/#primaryimage\"},\"image\":{\"@id\":\"https:\\\/\\\/www.sindicaturabarcelona.cat\\\/ca\\\/la-sindicatura-adverteix-lajuntament-i-el-consorci-deducacio-de-la-necessitat-destablir-la-ubicacio-definitiva-de-lescola-entenca\\\/#primaryimage\"},\"thumbnailUrl\":\"https:\\\/\\\/www.sindicaturabarcelona.cat\\\/wp-content\\\/uploads\\\/escola-entenca.jpg\",\"datePublished\":\"2023-08-10T15:11:02+00:00\",\"dateModified\":\"2023-09-20T15:18:56+00:00\",\"description\":\"Set anys despr\u00e9s de la creaci\u00f3 de l\u2019escola Enten\u00e7a, continuen sense definir-se la ubicaci\u00f3 definitiva del centre i un calendari d\u2019actuaci\u00f3\",\"breadcrumb\":{\"@id\":\"https:\\\/\\\/www.sindicaturabarcelona.cat\\\/ca\\\/la-sindicatura-adverteix-lajuntament-i-el-consorci-deducacio-de-la-necessitat-destablir-la-ubicacio-definitiva-de-lescola-entenca\\\/#breadcrumb\"},\"inLanguage\":\"ca\",\"potentialAction\":[{\"@type\":\"ReadAction\",\"target\":[\"https:\\\/\\\/www.sindicaturabarcelona.cat\\\/ca\\\/la-sindicatura-adverteix-lajuntament-i-el-consorci-deducacio-de-la-necessitat-destablir-la-ubicacio-definitiva-de-lescola-entenca\\\/\"]}]},{\"@type\":\"ImageObject\",\"inLanguage\":\"ca\",\"@id\":\"https:\\\/\\\/www.sindicaturabarcelona.cat\\\/ca\\\/la-sindicatura-adverteix-lajuntament-i-el-consorci-deducacio-de-la-necessitat-destablir-la-ubicacio-definitiva-de-lescola-entenca\\\/#primaryimage\",\"url\":\"https:\\\/\\\/www.sindicaturabarcelona.cat\\\/wp-content\\\/uploads\\\/escola-entenca.jpg\",\"contentUrl\":\"https:\\\/\\\/www.sindicaturabarcelona.cat\\\/wp-content\\\/uploads\\\/escola-entenca.jpg\",\"width\":1000,\"height\":750,\"caption\":\"Escola Enten\u00e7a\"},{\"@type\":\"BreadcrumbList\",\"@id\":\"https:\\\/\\\/www.sindicaturabarcelona.cat\\\/ca\\\/la-sindicatura-adverteix-lajuntament-i-el-consorci-deducacio-de-la-necessitat-destablir-la-ubicacio-definitiva-de-lescola-entenca\\\/#breadcrumb\",\"itemListElement\":[{\"@type\":\"ListItem\",\"position\":1,\"name\":\"Inici\",\"item\":\"https:\\\/\\\/www.sindicaturabarcelona.cat\\\/ca\\\/\"},{\"@type\":\"ListItem\",\"position\":2,\"name\":\"La Sindicatura adverteix l\u2019Ajuntament i el Consorci d\u2019Educaci\u00f3 de la necessitat d\u2019establir la ubicaci\u00f3 definitiva de l\u2019Escola Enten\u00e7a\"}]},{\"@type\":\"WebSite\",\"@id\":\"https:\\\/\\\/www.sindicaturabarcelona.cat\\\/ca\\\/#website\",\"url\":\"https:\\\/\\\/www.sindicaturabarcelona.cat\\\/ca\\\/\",\"name\":\"Sindicatura de Greuges de Barcelona\",\"description\":\"La defensoria dels teus drets\",\"publisher\":{\"@id\":\"https:\\\/\\\/www.sindicaturabarcelona.cat\\\/ca\\\/#organization\"},\"potentialAction\":[{\"@type\":\"SearchAction\",\"target\":{\"@type\":\"EntryPoint\",\"urlTemplate\":\"https:\\\/\\\/www.sindicaturabarcelona.cat\\\/ca\\\/?s={search_term_string}\"},\"query-input\":{\"@type\":\"PropertyValueSpecification\",\"valueRequired\":true,\"valueName\":\"search_term_string\"}}],\"inLanguage\":\"ca\"},{\"@type\":\"Organization\",\"@id\":\"https:\\\/\\\/www.sindicaturabarcelona.cat\\\/ca\\\/#organization\",\"name\":\"Sindicatura de Greuges de Barcelona\",\"url\":\"https:\\\/\\\/www.sindicaturabarcelona.cat\\\/ca\\\/\",\"logo\":{\"@type\":\"ImageObject\",\"inLanguage\":\"ca\",\"@id\":\"https:\\\/\\\/www.sindicaturabarcelona.cat\\\/ca\\\/#\\\/schema\\\/logo\\\/image\\\/\",\"url\":\"https:\\\/\\\/www.sindicaturabarcelona.cat\\\/wp-content\\\/uploads\\\/2023\\\/02\\\/logo_sindicatura.svg\",\"contentUrl\":\"https:\\\/\\\/www.sindicaturabarcelona.cat\\\/wp-content\\\/uploads\\\/2023\\\/02\\\/logo_sindicatura.svg\",\"caption\":\"Sindicatura de Greuges de Barcelona\"},\"image\":{\"@id\":\"https:\\\/\\\/www.sindicaturabarcelona.cat\\\/ca\\\/#\\\/schema\\\/logo\\\/image\\\/\"},\"sameAs\":[\"https:\\\/\\\/x.com\\\/sindicbarcelona\",\"https:\\\/\\\/www.instagram.com\\\/sindicbarcelona\\\/\",\"https:\\\/\\\/www.tiktok.com\\\/@sindicaturabcn\",\"https:\\\/\\\/t.me\\\/sindicaturabarcelona\"]},{\"@type\":\"Person\",\"@id\":\"https:\\\/\\\/www.sindicaturabarcelona.cat\\\/ca\\\/#\\\/schema\\\/person\\\/0e5acffc350ffdbc97578159322c9452\",\"name\":\"Pablo\",\"image\":{\"@type\":\"ImageObject\",\"inLanguage\":\"ca\",\"@id\":\"https:\\\/\\\/secure.gravatar.com\\\/avatar\\\/c948169b402ef9492afde705c3dfd5e90e1a6a84ef6840a91124f805a25a480f?s=96&d=mm&r=g\",\"url\":\"https:\\\/\\\/secure.gravatar.com\\\/avatar\\\/c948169b402ef9492afde705c3dfd5e90e1a6a84ef6840a91124f805a25a480f?s=96&d=mm&r=g\",\"contentUrl\":\"https:\\\/\\\/secure.gravatar.com\\\/avatar\\\/c948169b402ef9492afde705c3dfd5e90e1a6a84ef6840a91124f805a25a480f?s=96&d=mm&r=g\",\"caption\":\"Pablo\"},\"url\":\"https:\\\/\\\/www.sindicaturabarcelona.cat\\\/ca\\\/author\\\/pablo\\\/\"}]}<\/script>\n<!-- \/ Yoast SEO plugin. -->","yoast_head_json":{"title":"La Sindicatura adverteix l\u2019Ajuntament i el Consorci d\u2019Educaci\u00f3 de la necessitat d\u2019establir la ubicaci\u00f3 definitiva de l\u2019Escola Enten\u00e7a - Sindicatura de Greuges de Barcelona","description":"Set anys despr\u00e9s de la creaci\u00f3 de l\u2019escola Enten\u00e7a, continuen sense definir-se la ubicaci\u00f3 definitiva del centre i un calendari d\u2019actuaci\u00f3","robots":{"index":"index","follow":"follow","max-snippet":"max-snippet:-1","max-image-preview":"max-image-preview:large","max-video-preview":"max-video-preview:-1"},"canonical":"https:\/\/www.sindicaturabarcelona.cat\/ca\/la-sindicatura-adverteix-lajuntament-i-el-consorci-deducacio-de-la-necessitat-destablir-la-ubicacio-definitiva-de-lescola-entenca\/","og_locale":"ca_ES","og_type":"article","og_title":"La Sindicatura adverteix l\u2019Ajuntament i el Consorci d\u2019Educaci\u00f3 de la necessitat d\u2019establir la ubicaci\u00f3 definitiva de l\u2019Escola Enten\u00e7a - Sindicatura de Greuges de Barcelona","og_description":"Set anys despr\u00e9s de la creaci\u00f3 de l\u2019escola Enten\u00e7a, continuen sense definir-se la ubicaci\u00f3 definitiva del centre i un calendari d\u2019actuaci\u00f3","og_url":"https:\/\/www.sindicaturabarcelona.cat\/ca\/la-sindicatura-adverteix-lajuntament-i-el-consorci-deducacio-de-la-necessitat-destablir-la-ubicacio-definitiva-de-lescola-entenca\/","og_site_name":"Sindicatura de Greuges de Barcelona","article_published_time":"2023-08-10T15:11:02+00:00","article_modified_time":"2023-09-20T15:18:56+00:00","og_image":[{"width":1000,"height":750,"url":"https:\/\/www.sindicaturabarcelona.cat\/wp-content\/uploads\/escola-entenca.jpg","type":"image\/jpeg"}],"author":"Pablo","twitter_card":"summary_large_image","twitter_creator":"@sindicbarcelona","twitter_site":"@sindicbarcelona","twitter_misc":{"Escrit per":"Pablo","Temps estimat de lectura":"4 minuts"},"schema":{"@context":"https:\/\/schema.org","@graph":[{"@type":"Article","@id":"https:\/\/www.sindicaturabarcelona.cat\/ca\/la-sindicatura-adverteix-lajuntament-i-el-consorci-deducacio-de-la-necessitat-destablir-la-ubicacio-definitiva-de-lescola-entenca\/#article","isPartOf":{"@id":"https:\/\/www.sindicaturabarcelona.cat\/ca\/la-sindicatura-adverteix-lajuntament-i-el-consorci-deducacio-de-la-necessitat-destablir-la-ubicacio-definitiva-de-lescola-entenca\/"},"author":{"name":"Pablo","@id":"https:\/\/www.sindicaturabarcelona.cat\/ca\/#\/schema\/person\/0e5acffc350ffdbc97578159322c9452"},"headline":"La Sindicatura adverteix l\u2019Ajuntament i el Consorci d\u2019Educaci\u00f3 de la necessitat d\u2019establir la ubicaci\u00f3 definitiva de l\u2019Escola Enten\u00e7a","datePublished":"2023-08-10T15:11:02+00:00","dateModified":"2023-09-20T15:18:56+00:00","mainEntityOfPage":{"@id":"https:\/\/www.sindicaturabarcelona.cat\/ca\/la-sindicatura-adverteix-lajuntament-i-el-consorci-deducacio-de-la-necessitat-destablir-la-ubicacio-definitiva-de-lescola-entenca\/"},"wordCount":836,"publisher":{"@id":"https:\/\/www.sindicaturabarcelona.cat\/ca\/#organization"},"image":{"@id":"https:\/\/www.sindicaturabarcelona.cat\/ca\/la-sindicatura-adverteix-lajuntament-i-el-consorci-deducacio-de-la-necessitat-destablir-la-ubicacio-definitiva-de-lescola-entenca\/#primaryimage"},"thumbnailUrl":"https:\/\/www.sindicaturabarcelona.cat\/wp-content\/uploads\/escola-entenca.jpg","inLanguage":"ca"},{"@type":"WebPage","@id":"https:\/\/www.sindicaturabarcelona.cat\/ca\/la-sindicatura-adverteix-lajuntament-i-el-consorci-deducacio-de-la-necessitat-destablir-la-ubicacio-definitiva-de-lescola-entenca\/","url":"https:\/\/www.sindicaturabarcelona.cat\/ca\/la-sindicatura-adverteix-lajuntament-i-el-consorci-deducacio-de-la-necessitat-destablir-la-ubicacio-definitiva-de-lescola-entenca\/","name":"La Sindicatura adverteix l\u2019Ajuntament i el Consorci d\u2019Educaci\u00f3 de la necessitat d\u2019establir la ubicaci\u00f3 definitiva de l\u2019Escola Enten\u00e7a - Sindicatura de Greuges de Barcelona","isPartOf":{"@id":"https:\/\/www.sindicaturabarcelona.cat\/ca\/#website"},"primaryImageOfPage":{"@id":"https:\/\/www.sindicaturabarcelona.cat\/ca\/la-sindicatura-adverteix-lajuntament-i-el-consorci-deducacio-de-la-necessitat-destablir-la-ubicacio-definitiva-de-lescola-entenca\/#primaryimage"},"image":{"@id":"https:\/\/www.sindicaturabarcelona.cat\/ca\/la-sindicatura-adverteix-lajuntament-i-el-consorci-deducacio-de-la-necessitat-destablir-la-ubicacio-definitiva-de-lescola-entenca\/#primaryimage"},"thumbnailUrl":"https:\/\/www.sindicaturabarcelona.cat\/wp-content\/uploads\/escola-entenca.jpg","datePublished":"2023-08-10T15:11:02+00:00","dateModified":"2023-09-20T15:18:56+00:00","description":"Set anys despr\u00e9s de la creaci\u00f3 de l\u2019escola Enten\u00e7a, continuen sense definir-se la ubicaci\u00f3 definitiva del centre i un calendari d\u2019actuaci\u00f3","breadcrumb":{"@id":"https:\/\/www.sindicaturabarcelona.cat\/ca\/la-sindicatura-adverteix-lajuntament-i-el-consorci-deducacio-de-la-necessitat-destablir-la-ubicacio-definitiva-de-lescola-entenca\/#breadcrumb"},"inLanguage":"ca","potentialAction":[{"@type":"ReadAction","target":["https:\/\/www.sindicaturabarcelona.cat\/ca\/la-sindicatura-adverteix-lajuntament-i-el-consorci-deducacio-de-la-necessitat-destablir-la-ubicacio-definitiva-de-lescola-entenca\/"]}]},{"@type":"ImageObject","inLanguage":"ca","@id":"https:\/\/www.sindicaturabarcelona.cat\/ca\/la-sindicatura-adverteix-lajuntament-i-el-consorci-deducacio-de-la-necessitat-destablir-la-ubicacio-definitiva-de-lescola-entenca\/#primaryimage","url":"https:\/\/www.sindicaturabarcelona.cat\/wp-content\/uploads\/escola-entenca.jpg","contentUrl":"https:\/\/www.sindicaturabarcelona.cat\/wp-content\/uploads\/escola-entenca.jpg","width":1000,"height":750,"caption":"Escola Enten\u00e7a"},{"@type":"BreadcrumbList","@id":"https:\/\/www.sindicaturabarcelona.cat\/ca\/la-sindicatura-adverteix-lajuntament-i-el-consorci-deducacio-de-la-necessitat-destablir-la-ubicacio-definitiva-de-lescola-entenca\/#breadcrumb","itemListElement":[{"@type":"ListItem","position":1,"name":"Inici","item":"https:\/\/www.sindicaturabarcelona.cat\/ca\/"},{"@type":"ListItem","position":2,"name":"La Sindicatura adverteix l\u2019Ajuntament i el Consorci d\u2019Educaci\u00f3 de la necessitat d\u2019establir la ubicaci\u00f3 definitiva de l\u2019Escola Enten\u00e7a"}]},{"@type":"WebSite","@id":"https:\/\/www.sindicaturabarcelona.cat\/ca\/#website","url":"https:\/\/www.sindicaturabarcelona.cat\/ca\/","name":"Sindicatura de Greuges de Barcelona","description":"La defensoria dels teus drets","publisher":{"@id":"https:\/\/www.sindicaturabarcelona.cat\/ca\/#organization"},"potentialAction":[{"@type":"SearchAction","target":{"@type":"EntryPoint","urlTemplate":"https:\/\/www.sindicaturabarcelona.cat\/ca\/?s={search_term_string}"},"query-input":{"@type":"PropertyValueSpecification","valueRequired":true,"valueName":"search_term_string"}}],"inLanguage":"ca"},{"@type":"Organization","@id":"https:\/\/www.sindicaturabarcelona.cat\/ca\/#organization","name":"Sindicatura de Greuges de Barcelona","url":"https:\/\/www.sindicaturabarcelona.cat\/ca\/","logo":{"@type":"ImageObject","inLanguage":"ca","@id":"https:\/\/www.sindicaturabarcelona.cat\/ca\/#\/schema\/logo\/image\/","url":"https:\/\/www.sindicaturabarcelona.cat\/wp-content\/uploads\/2023\/02\/logo_sindicatura.svg","contentUrl":"https:\/\/www.sindicaturabarcelona.cat\/wp-content\/uploads\/2023\/02\/logo_sindicatura.svg","caption":"Sindicatura de Greuges de Barcelona"},"image":{"@id":"https:\/\/www.sindicaturabarcelona.cat\/ca\/#\/schema\/logo\/image\/"},"sameAs":["https:\/\/x.com\/sindicbarcelona","https:\/\/www.instagram.com\/sindicbarcelona\/","https:\/\/www.tiktok.com\/@sindicaturabcn","https:\/\/t.me\/sindicaturabarcelona"]},{"@type":"Person","@id":"https:\/\/www.sindicaturabarcelona.cat\/ca\/#\/schema\/person\/0e5acffc350ffdbc97578159322c9452","name":"Pablo","image":{"@type":"ImageObject","inLanguage":"ca","@id":"https:\/\/secure.gravatar.com\/avatar\/c948169b402ef9492afde705c3dfd5e90e1a6a84ef6840a91124f805a25a480f?s=96&d=mm&r=g","url":"https:\/\/secure.gravatar.com\/avatar\/c948169b402ef9492afde705c3dfd5e90e1a6a84ef6840a91124f805a25a480f?s=96&d=mm&r=g","contentUrl":"https:\/\/secure.gravatar.com\/avatar\/c948169b402ef9492afde705c3dfd5e90e1a6a84ef6840a91124f805a25a480f?s=96&d=mm&r=g","caption":"Pablo"},"url":"https:\/\/www.sindicaturabarcelona.cat\/ca\/author\/pablo\/"}]}},"_links":{"self":[{"href":"https:\/\/www.sindicaturabarcelona.cat\/ca\/wp-json\/wp\/v2\/posts\/30035","targetHints":{"allow":["GET"]}}],"collection":[{"href":"https:\/\/www.sindicaturabarcelona.cat\/ca\/wp-json\/wp\/v2\/posts"}],"about":[{"href":"https:\/\/www.sindicaturabarcelona.cat\/ca\/wp-json\/wp\/v2\/types\/post"}],"author":[{"embeddable":true,"href":"https:\/\/www.sindicaturabarcelona.cat\/ca\/wp-json\/wp\/v2\/users\/2"}],"replies":[{"embeddable":true,"href":"https:\/\/www.sindicaturabarcelona.cat\/ca\/wp-json\/wp\/v2\/comments?post=30035"}],"version-history":[{"count":1,"href":"https:\/\/www.sindicaturabarcelona.cat\/ca\/wp-json\/wp\/v2\/posts\/30035\/revisions"}],"predecessor-version":[{"id":30039,"href":"https:\/\/www.sindicaturabarcelona.cat\/ca\/wp-json\/wp\/v2\/posts\/30035\/revisions\/30039"}],"wp:featuredmedia":[{"embeddable":true,"href":"https:\/\/www.sindicaturabarcelona.cat\/ca\/wp-json\/wp\/v2\/media\/30036"}],"wp:attachment":[{"href":"https:\/\/www.sindicaturabarcelona.cat\/ca\/wp-json\/wp\/v2\/media?parent=30035"}],"wp:term":[{"taxonomy":"post_tag","embeddable":true,"href":"https:\/\/www.sindicaturabarcelona.cat\/ca\/wp-json\/wp\/v2\/tags?post=30035"},{"taxonomy":"drets","embeddable":true,"href":"https:\/\/www.sindicaturabarcelona.cat\/ca\/wp-json\/wp\/v2\/drets?post=30035"}],"curies":[{"name":"wp","href":"https:\/\/api.w.org\/{rel}","templated":true}]}}