{"id":30024,"date":"2023-08-24T16:49:51","date_gmt":"2023-08-24T14:49:51","guid":{"rendered":"https:\/\/www.sindicaturabarcelona.cat\/?p=30024"},"modified":"2023-09-20T16:52:15","modified_gmt":"2023-09-20T14:52:15","slug":"la-sindicatura-analitza-la-circulacio-i-la-mobilitat-en-el-carrer-vila-i-vila-i-emet-recomanacions-a-lajuntament","status":"publish","type":"post","link":"https:\/\/www.sindicaturabarcelona.cat\/ca\/la-sindicatura-analitza-la-circulacio-i-la-mobilitat-en-el-carrer-vila-i-vila-i-emet-recomanacions-a-lajuntament\/","title":{"rendered":"La Sindicatura analitza la circulaci\u00f3 i la mobilitat en el carrer Vila i Vil\u00e0 i emet recomanacions a l\u2019Ajuntament"},"content":{"rendered":"\n<p>Despr\u00e9s d\u2019analitzar la circulaci\u00f3 i mobilitat en el carrer Vila i Vil\u00e0, la Sindicatura ha concl\u00f2s que <strong>l\u2019actuaci\u00f3 municipal podria ser m\u00e9s efica\u00e7 en el control de la velocitat dels vehicles a l\u2019encreuament <\/strong>amb el carrer d\u2019en Fontrodona,<strong> aix\u00ed com en l\u2019estacionament correcte de vehicles de transport de mercaderies<\/strong>.<\/p>\n\n\n\n<p>En concret, la Sindicatura de Greuges de Barcelona ha traslladat <strong>tres recomanacions<\/strong>:<\/p>\n\n\n\n<figure class=\"wp-block-table\"><table><tbody><tr><td>Recomanar al Districte de Sants-Montju\u00efc que, per preservar la seguretat dels vianants i aclarir el sentit perm\u00e8s de circulaci\u00f3 per a bicicletes i VMP en el carrer Vila i Vil\u00e0, <strong>se senyalitzi la prohibici\u00f3 expressa de circular en el sentit contrari a la marxa de la via<\/strong>.<\/td><\/tr><tr><td>Recomanar al Districte de Sants-Montju\u00efc <strong>valorar la instal\u00b7laci\u00f3 d\u2019un element<\/strong> que impedeixi estacionar a vehicles de transport de mercaderies, <strong>o pintar el paviment<\/strong> <strong>indicant la prohibici\u00f3 d\u2019estacionament a la cru\u00eflla amb el carrer d\u2019en Fontrodona<\/strong>.<\/td><\/tr><tr><td>Recomanar a l\u2019\u00c0rea de Prevenci\u00f3 i Seguretat que efectu\u00ef un <strong>control m\u00e9s efica\u00e7 de les infraccions vi\u00e0ries que es produeixen a l\u2019encreuament<\/strong> del carrer Vila i Vil\u00e0 amb el carrer d\u2019en Fontrodona.<\/td><\/tr><\/tbody><\/table><\/figure>\n\n\n\n<h2 class=\"wp-block-heading\"><strong>L\u2019encreuament del carrer Vila i Vil\u00e0 amb el carrer d\u2019en Fontrodona<\/strong><\/h2>\n\n\n\n<p>El 27 de juny d\u2019enguany, membres de l\u2019equip de la Sindicatura de Greuges de Barcelona van visitar aquest encreuament amb l\u2019objectiu d\u2019analitzar possibles problemes de circulaci\u00f3 i mobilitat ocasionats pels diferents vehicles que hi circulen.<\/p>\n\n\n\n<p>Entre els n\u00fameros 73 i 95, el carrer Vila i Vil\u00e0 travessa amb el carrer d\u2019en Fontrodona i amb el carrer Nou de la Rambla. <strong>Es tracta d\u2019un carrer de plataforma \u00fanica, amb una amplada aproximada de 18 metres, amb paviment diferenciat per a l\u2019espai central, on \u00e9s permesa la circulaci\u00f3 de vehicles. Els espais laterals estan destinats a vianants, terrasses, zones d\u2019aparcament de motocicletes, bicicletes i de distribuci\u00f3 de mercaderies urbanes (DUM).<\/strong><\/p>\n\n\n\n<p>L\u2019acc\u00e9s a la circulaci\u00f3 d\u2019aquest carrer es fa des d\u2019una via principal de tr\u00e0nsit constant: l\u2019avinguda del Paral\u00b7lel. Amb un gir a la dreta, s\u2019accedeix al carrer d\u2019en Fontrodona, passant per la part inferior de la pla\u00e7a de la Bella Dorita. En aquest punt, o b\u00e9 es pot girar a l\u2019esquerra (carrer Vila i Vil\u00e0), o b\u00e9 continuar recte per Fontrodona.<\/p>\n\n\n\n<p>En aquest encreuament de carrers hi ha <strong>senyalitzaci\u00f3 vertical que indica que la velocitat m\u00e0xima \u00e9s de 10 km\/h per al carrer de Vila i Vil\u00e0, i de 30 km\/h per als vehicles que continuen recte pel carrer d\u2019en Fontrodona<\/strong>. No existeix senyalitzaci\u00f3 que prohibeixi el sentit contrari a la via.<\/p>\n\n\n\n<p>Cal destacar que en aquest encreuament <strong>hi ha tres terrasses i diverses pilones que marquen les traject\u00f2ries possibles de la circulaci\u00f3<\/strong>, sense que hi hagi gaire espai lliure.<\/p>\n\n\n\n<p><strong>Pel que fa a les zones d\u2019estacionament de bicicletes i vehicles de mobilitat personal (VMP)<\/strong>, existeixen diverses zones amb arcs de suport per a aquesta finalitat.<\/p>\n\n\n\n<p><strong>Pel que fa a aparcament de motocicletes<\/strong>, hi ha una zona amb senyalitzaci\u00f3 vertical, per\u00f2 sense pintura a terra que delimiti una superf\u00edcie espec\u00edfica.&nbsp; Al llarg del carrer es detecten zones sense cap senyalitzaci\u00f3 espec\u00edfica, ni vertical ni a terra, on habitualment estacionen motocicletes.<\/p>\n\n\n\n<p><strong>Pel que fa a la c\u00e0rrega i desc\u00e0rrega<\/strong>, en aquest tram de carrer hi ha dues zones de distribuci\u00f3 urbana de mercaderies (DUM), senyalitzades tant amb pintura groga a terra com amb senyalitzaci\u00f3 vertical.<\/p>\n\n\n\n<h3 class=\"wp-block-heading\"><strong>La circulaci\u00f3 de bicicletes i VMP contra direcci\u00f3<\/strong><\/h3>\n\n\n\n<p>Un dels motius de queixa \u00e9s que hi ha bicicletes i vehicles de mobilitat personal (VMP) que circulen per Vila i Vil\u00e0 en sentit contrari i a m\u00e9s velocitat de la permesa (10 km\/h).<\/p>\n\n\n\n<p>Com ja s\u2019ha detallat, el carrer Vila i Vil\u00e0 \u00e9s de sentit \u00fanic i amb una limitaci\u00f3 de velocitat de 10 km\/h. D\u2019acord amb l\u2019informe rebut de l\u2019\u00c0rea de Prevenci\u00f3 i Seguretat de l\u2019Ajuntament de Barcelona, queda confirmat que s\u00ed que hi ha hagut sancions per circular contra direcci\u00f3 i per superar el l\u00edmit de velocitat establert.<\/p>\n\n\n\n<p>Per tant, <strong>en el carrer Vila i Vil\u00e0 no consta senyalitzaci\u00f3 que prohibeixi a les bicicletes o VMP circular en ambd\u00f3s sentits<\/strong>, en estricta aplicaci\u00f3 de la normativa actualment vigent. La circulaci\u00f3 en ambd\u00f3s sentits \u00e9s correcta sempre que es respecti la prefer\u00e8ncia de pas dels vianants i no suposi un perill per a la seva seguretat.<\/p>\n\n\n\n<p>At\u00e8s l\u2019intens tr\u00e0nsit de tota mena de vehicles per aquest carrer, i amb la finalitat de preservar la seguretat dels vianants, <strong>la Sindicatura de Greuges de Barcelona considera que seria aconsellable que es tingu\u00e9s en compte senyalitzar la<\/strong> <strong>prohibici\u00f3 expressa per a les bicicletes i VMP de circular en el sentit contrari a la marxa de la via.<\/strong><\/p>\n\n\n\n<h3 class=\"wp-block-heading\"><strong>L\u2019estacionament a l\u2019encreuament del carrer Vila i Vil\u00e0 amb Fontrodona<\/strong><\/h3>\n\n\n\n<p>A causa de la constant freq\u00fc\u00e8ncia de tr\u00e0nsit del carrer, la pres\u00e8ncia de terrasses a tres de les quatre cantonades de l\u2019encreuament dels carrers, i la ubicaci\u00f3 de les pilones, l\u2019estacionament incorrecte pot resultar molt molest per als vianants i vehicles que hi circulen.<\/p>\n\n\n\n<p>Certament, les dues zones de Distribuci\u00f3 Urbana de Mercaderies (DUM), \u00e0mplies i ben senyalitzades, aporten espai suficient per a la c\u00e0rrega i desc\u00e0rrega de mercaderies.&nbsp;<\/p>\n\n\n\n<p><strong>En aquesta l\u00ednia, la Sindicatura de Greuges de Barcelona ha <\/strong><strong>recomanat al Districte de Sants-Montju\u00efc que<\/strong> valori la instal\u00b7laci\u00f3 d\u2019un element que impedeixi estacionar a vehicles de transport de mercaderies, o pintar el paviment indicant la prohibici\u00f3 d\u2019estacionament a l\u2019encreuament amb el carrer d\u2019en Fontrodona.<\/p>\n","protected":false},"excerpt":{"rendered":"<p>Despr\u00e9s d\u2019analitzar la circulaci\u00f3 i mobilitat en el carrer Vila i Vil\u00e0, la Sindicatura ha concl\u00f2s que l\u2019actuaci\u00f3 municipal podria ser m\u00e9s efica\u00e7 en el control de la velocitat dels [&hellip;]<\/p>\n","protected":false},"author":2,"featured_media":30025,"comment_status":"closed","ping_status":"closed","sticky":false,"template":"","format":"standard","meta":{"_acf_changed":false,"footnotes":""},"tags":[],"drets":[1438,1447],"class_list":["post-30024","post","type-post","status-publish","format-standard","has-post-thumbnail","hentry","drets-ciutat-habitable-i-sostenible","drets-dret-a-la-mobilitat"],"acf":[],"yoast_head":"<!-- This site is optimized with the Yoast SEO plugin v27.5 - https:\/\/yoast.com\/product\/yoast-seo-wordpress\/ -->\n<title>La Sindicatura analitza la circulaci\u00f3 i la mobilitat en el carrer Vila i Vil\u00e0 i emet recomanacions a l\u2019Ajuntament - Sindicatura de Greuges de Barcelona<\/title>\n<meta name=\"robots\" content=\"index, follow, max-snippet:-1, max-image-preview:large, max-video-preview:-1\" \/>\n<link rel=\"canonical\" href=\"https:\/\/www.sindicaturabarcelona.cat\/ca\/la-sindicatura-analitza-la-circulacio-i-la-mobilitat-en-el-carrer-vila-i-vila-i-emet-recomanacions-a-lajuntament\/\" \/>\n<meta property=\"og:locale\" content=\"ca_ES\" \/>\n<meta property=\"og:type\" content=\"article\" \/>\n<meta property=\"og:title\" content=\"La Sindicatura analitza la circulaci\u00f3 i la mobilitat en el carrer Vila i Vil\u00e0 i emet recomanacions a l\u2019Ajuntament - Sindicatura de Greuges de Barcelona\" \/>\n<meta property=\"og:description\" content=\"Despr\u00e9s d\u2019analitzar la circulaci\u00f3 i mobilitat en el carrer Vila i Vil\u00e0, la Sindicatura ha concl\u00f2s que l\u2019actuaci\u00f3 municipal podria ser m\u00e9s efica\u00e7 en el control de la velocitat dels [&hellip;]\" \/>\n<meta property=\"og:url\" content=\"https:\/\/www.sindicaturabarcelona.cat\/ca\/la-sindicatura-analitza-la-circulacio-i-la-mobilitat-en-el-carrer-vila-i-vila-i-emet-recomanacions-a-lajuntament\/\" \/>\n<meta property=\"og:site_name\" content=\"Sindicatura de Greuges de Barcelona\" \/>\n<meta property=\"article:published_time\" content=\"2023-08-24T14:49:51+00:00\" \/>\n<meta property=\"article:modified_time\" content=\"2023-09-20T14:52:15+00:00\" \/>\n<meta property=\"og:image\" content=\"https:\/\/www.sindicaturabarcelona.cat\/wp-content\/uploads\/photo_2023-09-20_16-51-24.jpg\" \/>\n\t<meta property=\"og:image:width\" content=\"1167\" \/>\n\t<meta property=\"og:image:height\" content=\"746\" \/>\n\t<meta property=\"og:image:type\" content=\"image\/jpeg\" \/>\n<meta name=\"author\" content=\"Pablo\" \/>\n<meta name=\"twitter:card\" content=\"summary_large_image\" \/>\n<meta name=\"twitter:creator\" content=\"@sindicbarcelona\" \/>\n<meta name=\"twitter:site\" content=\"@sindicbarcelona\" \/>\n<meta name=\"twitter:label1\" content=\"Escrit per\" \/>\n\t<meta name=\"twitter:data1\" content=\"Pablo\" \/>\n\t<meta name=\"twitter:label2\" content=\"Temps estimat de lectura\" \/>\n\t<meta name=\"twitter:data2\" content=\"5 minuts\" \/>\n<script type=\"application\/ld+json\" class=\"yoast-schema-graph\">{\"@context\":\"https:\\\/\\\/schema.org\",\"@graph\":[{\"@type\":\"Article\",\"@id\":\"https:\\\/\\\/www.sindicaturabarcelona.cat\\\/ca\\\/la-sindicatura-analitza-la-circulacio-i-la-mobilitat-en-el-carrer-vila-i-vila-i-emet-recomanacions-a-lajuntament\\\/#article\",\"isPartOf\":{\"@id\":\"https:\\\/\\\/www.sindicaturabarcelona.cat\\\/ca\\\/la-sindicatura-analitza-la-circulacio-i-la-mobilitat-en-el-carrer-vila-i-vila-i-emet-recomanacions-a-lajuntament\\\/\"},\"author\":{\"name\":\"Pablo\",\"@id\":\"https:\\\/\\\/www.sindicaturabarcelona.cat\\\/ca\\\/#\\\/schema\\\/person\\\/0e5acffc350ffdbc97578159322c9452\"},\"headline\":\"La Sindicatura analitza la circulaci\u00f3 i la mobilitat en el carrer Vila i Vil\u00e0 i emet recomanacions a l\u2019Ajuntament\",\"datePublished\":\"2023-08-24T14:49:51+00:00\",\"dateModified\":\"2023-09-20T14:52:15+00:00\",\"mainEntityOfPage\":{\"@id\":\"https:\\\/\\\/www.sindicaturabarcelona.cat\\\/ca\\\/la-sindicatura-analitza-la-circulacio-i-la-mobilitat-en-el-carrer-vila-i-vila-i-emet-recomanacions-a-lajuntament\\\/\"},\"wordCount\":976,\"publisher\":{\"@id\":\"https:\\\/\\\/www.sindicaturabarcelona.cat\\\/ca\\\/#organization\"},\"image\":{\"@id\":\"https:\\\/\\\/www.sindicaturabarcelona.cat\\\/ca\\\/la-sindicatura-analitza-la-circulacio-i-la-mobilitat-en-el-carrer-vila-i-vila-i-emet-recomanacions-a-lajuntament\\\/#primaryimage\"},\"thumbnailUrl\":\"https:\\\/\\\/www.sindicaturabarcelona.cat\\\/wp-content\\\/uploads\\\/photo_2023-09-20_16-51-24.jpg\",\"inLanguage\":\"ca\"},{\"@type\":\"WebPage\",\"@id\":\"https:\\\/\\\/www.sindicaturabarcelona.cat\\\/ca\\\/la-sindicatura-analitza-la-circulacio-i-la-mobilitat-en-el-carrer-vila-i-vila-i-emet-recomanacions-a-lajuntament\\\/\",\"url\":\"https:\\\/\\\/www.sindicaturabarcelona.cat\\\/ca\\\/la-sindicatura-analitza-la-circulacio-i-la-mobilitat-en-el-carrer-vila-i-vila-i-emet-recomanacions-a-lajuntament\\\/\",\"name\":\"La Sindicatura analitza la circulaci\u00f3 i la mobilitat en el carrer Vila i Vil\u00e0 i emet recomanacions a l\u2019Ajuntament - Sindicatura de Greuges de Barcelona\",\"isPartOf\":{\"@id\":\"https:\\\/\\\/www.sindicaturabarcelona.cat\\\/ca\\\/#website\"},\"primaryImageOfPage\":{\"@id\":\"https:\\\/\\\/www.sindicaturabarcelona.cat\\\/ca\\\/la-sindicatura-analitza-la-circulacio-i-la-mobilitat-en-el-carrer-vila-i-vila-i-emet-recomanacions-a-lajuntament\\\/#primaryimage\"},\"image\":{\"@id\":\"https:\\\/\\\/www.sindicaturabarcelona.cat\\\/ca\\\/la-sindicatura-analitza-la-circulacio-i-la-mobilitat-en-el-carrer-vila-i-vila-i-emet-recomanacions-a-lajuntament\\\/#primaryimage\"},\"thumbnailUrl\":\"https:\\\/\\\/www.sindicaturabarcelona.cat\\\/wp-content\\\/uploads\\\/photo_2023-09-20_16-51-24.jpg\",\"datePublished\":\"2023-08-24T14:49:51+00:00\",\"dateModified\":\"2023-09-20T14:52:15+00:00\",\"breadcrumb\":{\"@id\":\"https:\\\/\\\/www.sindicaturabarcelona.cat\\\/ca\\\/la-sindicatura-analitza-la-circulacio-i-la-mobilitat-en-el-carrer-vila-i-vila-i-emet-recomanacions-a-lajuntament\\\/#breadcrumb\"},\"inLanguage\":\"ca\",\"potentialAction\":[{\"@type\":\"ReadAction\",\"target\":[\"https:\\\/\\\/www.sindicaturabarcelona.cat\\\/ca\\\/la-sindicatura-analitza-la-circulacio-i-la-mobilitat-en-el-carrer-vila-i-vila-i-emet-recomanacions-a-lajuntament\\\/\"]}]},{\"@type\":\"ImageObject\",\"inLanguage\":\"ca\",\"@id\":\"https:\\\/\\\/www.sindicaturabarcelona.cat\\\/ca\\\/la-sindicatura-analitza-la-circulacio-i-la-mobilitat-en-el-carrer-vila-i-vila-i-emet-recomanacions-a-lajuntament\\\/#primaryimage\",\"url\":\"https:\\\/\\\/www.sindicaturabarcelona.cat\\\/wp-content\\\/uploads\\\/photo_2023-09-20_16-51-24.jpg\",\"contentUrl\":\"https:\\\/\\\/www.sindicaturabarcelona.cat\\\/wp-content\\\/uploads\\\/photo_2023-09-20_16-51-24.jpg\",\"width\":1167,\"height\":746,\"caption\":\"Foto del carrer Vila i Vil\u00e0\"},{\"@type\":\"BreadcrumbList\",\"@id\":\"https:\\\/\\\/www.sindicaturabarcelona.cat\\\/ca\\\/la-sindicatura-analitza-la-circulacio-i-la-mobilitat-en-el-carrer-vila-i-vila-i-emet-recomanacions-a-lajuntament\\\/#breadcrumb\",\"itemListElement\":[{\"@type\":\"ListItem\",\"position\":1,\"name\":\"Inici\",\"item\":\"https:\\\/\\\/www.sindicaturabarcelona.cat\\\/ca\\\/\"},{\"@type\":\"ListItem\",\"position\":2,\"name\":\"La Sindicatura analitza la circulaci\u00f3 i la mobilitat en el carrer Vila i Vil\u00e0 i emet recomanacions a l\u2019Ajuntament\"}]},{\"@type\":\"WebSite\",\"@id\":\"https:\\\/\\\/www.sindicaturabarcelona.cat\\\/ca\\\/#website\",\"url\":\"https:\\\/\\\/www.sindicaturabarcelona.cat\\\/ca\\\/\",\"name\":\"Sindicatura de Greuges de Barcelona\",\"description\":\"La defensoria dels teus drets\",\"publisher\":{\"@id\":\"https:\\\/\\\/www.sindicaturabarcelona.cat\\\/ca\\\/#organization\"},\"potentialAction\":[{\"@type\":\"SearchAction\",\"target\":{\"@type\":\"EntryPoint\",\"urlTemplate\":\"https:\\\/\\\/www.sindicaturabarcelona.cat\\\/ca\\\/?s={search_term_string}\"},\"query-input\":{\"@type\":\"PropertyValueSpecification\",\"valueRequired\":true,\"valueName\":\"search_term_string\"}}],\"inLanguage\":\"ca\"},{\"@type\":\"Organization\",\"@id\":\"https:\\\/\\\/www.sindicaturabarcelona.cat\\\/ca\\\/#organization\",\"name\":\"Sindicatura de Greuges de Barcelona\",\"url\":\"https:\\\/\\\/www.sindicaturabarcelona.cat\\\/ca\\\/\",\"logo\":{\"@type\":\"ImageObject\",\"inLanguage\":\"ca\",\"@id\":\"https:\\\/\\\/www.sindicaturabarcelona.cat\\\/ca\\\/#\\\/schema\\\/logo\\\/image\\\/\",\"url\":\"https:\\\/\\\/www.sindicaturabarcelona.cat\\\/wp-content\\\/uploads\\\/2023\\\/02\\\/logo_sindicatura.svg\",\"contentUrl\":\"https:\\\/\\\/www.sindicaturabarcelona.cat\\\/wp-content\\\/uploads\\\/2023\\\/02\\\/logo_sindicatura.svg\",\"caption\":\"Sindicatura de Greuges de Barcelona\"},\"image\":{\"@id\":\"https:\\\/\\\/www.sindicaturabarcelona.cat\\\/ca\\\/#\\\/schema\\\/logo\\\/image\\\/\"},\"sameAs\":[\"https:\\\/\\\/x.com\\\/sindicbarcelona\",\"https:\\\/\\\/www.instagram.com\\\/sindicbarcelona\\\/\",\"https:\\\/\\\/www.tiktok.com\\\/@sindicaturabcn\",\"https:\\\/\\\/t.me\\\/sindicaturabarcelona\"]},{\"@type\":\"Person\",\"@id\":\"https:\\\/\\\/www.sindicaturabarcelona.cat\\\/ca\\\/#\\\/schema\\\/person\\\/0e5acffc350ffdbc97578159322c9452\",\"name\":\"Pablo\",\"image\":{\"@type\":\"ImageObject\",\"inLanguage\":\"ca\",\"@id\":\"https:\\\/\\\/secure.gravatar.com\\\/avatar\\\/c948169b402ef9492afde705c3dfd5e90e1a6a84ef6840a91124f805a25a480f?s=96&d=mm&r=g\",\"url\":\"https:\\\/\\\/secure.gravatar.com\\\/avatar\\\/c948169b402ef9492afde705c3dfd5e90e1a6a84ef6840a91124f805a25a480f?s=96&d=mm&r=g\",\"contentUrl\":\"https:\\\/\\\/secure.gravatar.com\\\/avatar\\\/c948169b402ef9492afde705c3dfd5e90e1a6a84ef6840a91124f805a25a480f?s=96&d=mm&r=g\",\"caption\":\"Pablo\"},\"url\":\"https:\\\/\\\/www.sindicaturabarcelona.cat\\\/ca\\\/author\\\/pablo\\\/\"}]}<\/script>\n<!-- \/ Yoast SEO plugin. -->","yoast_head_json":{"title":"La Sindicatura analitza la circulaci\u00f3 i la mobilitat en el carrer Vila i Vil\u00e0 i emet recomanacions a l\u2019Ajuntament - Sindicatura de Greuges de Barcelona","robots":{"index":"index","follow":"follow","max-snippet":"max-snippet:-1","max-image-preview":"max-image-preview:large","max-video-preview":"max-video-preview:-1"},"canonical":"https:\/\/www.sindicaturabarcelona.cat\/ca\/la-sindicatura-analitza-la-circulacio-i-la-mobilitat-en-el-carrer-vila-i-vila-i-emet-recomanacions-a-lajuntament\/","og_locale":"ca_ES","og_type":"article","og_title":"La Sindicatura analitza la circulaci\u00f3 i la mobilitat en el carrer Vila i Vil\u00e0 i emet recomanacions a l\u2019Ajuntament - Sindicatura de Greuges de Barcelona","og_description":"Despr\u00e9s d\u2019analitzar la circulaci\u00f3 i mobilitat en el carrer Vila i Vil\u00e0, la Sindicatura ha concl\u00f2s que l\u2019actuaci\u00f3 municipal podria ser m\u00e9s efica\u00e7 en el control de la velocitat dels [&hellip;]","og_url":"https:\/\/www.sindicaturabarcelona.cat\/ca\/la-sindicatura-analitza-la-circulacio-i-la-mobilitat-en-el-carrer-vila-i-vila-i-emet-recomanacions-a-lajuntament\/","og_site_name":"Sindicatura de Greuges de Barcelona","article_published_time":"2023-08-24T14:49:51+00:00","article_modified_time":"2023-09-20T14:52:15+00:00","og_image":[{"width":1167,"height":746,"url":"https:\/\/www.sindicaturabarcelona.cat\/wp-content\/uploads\/photo_2023-09-20_16-51-24.jpg","type":"image\/jpeg"}],"author":"Pablo","twitter_card":"summary_large_image","twitter_creator":"@sindicbarcelona","twitter_site":"@sindicbarcelona","twitter_misc":{"Escrit per":"Pablo","Temps estimat de lectura":"5 minuts"},"schema":{"@context":"https:\/\/schema.org","@graph":[{"@type":"Article","@id":"https:\/\/www.sindicaturabarcelona.cat\/ca\/la-sindicatura-analitza-la-circulacio-i-la-mobilitat-en-el-carrer-vila-i-vila-i-emet-recomanacions-a-lajuntament\/#article","isPartOf":{"@id":"https:\/\/www.sindicaturabarcelona.cat\/ca\/la-sindicatura-analitza-la-circulacio-i-la-mobilitat-en-el-carrer-vila-i-vila-i-emet-recomanacions-a-lajuntament\/"},"author":{"name":"Pablo","@id":"https:\/\/www.sindicaturabarcelona.cat\/ca\/#\/schema\/person\/0e5acffc350ffdbc97578159322c9452"},"headline":"La Sindicatura analitza la circulaci\u00f3 i la mobilitat en el carrer Vila i Vil\u00e0 i emet recomanacions a l\u2019Ajuntament","datePublished":"2023-08-24T14:49:51+00:00","dateModified":"2023-09-20T14:52:15+00:00","mainEntityOfPage":{"@id":"https:\/\/www.sindicaturabarcelona.cat\/ca\/la-sindicatura-analitza-la-circulacio-i-la-mobilitat-en-el-carrer-vila-i-vila-i-emet-recomanacions-a-lajuntament\/"},"wordCount":976,"publisher":{"@id":"https:\/\/www.sindicaturabarcelona.cat\/ca\/#organization"},"image":{"@id":"https:\/\/www.sindicaturabarcelona.cat\/ca\/la-sindicatura-analitza-la-circulacio-i-la-mobilitat-en-el-carrer-vila-i-vila-i-emet-recomanacions-a-lajuntament\/#primaryimage"},"thumbnailUrl":"https:\/\/www.sindicaturabarcelona.cat\/wp-content\/uploads\/photo_2023-09-20_16-51-24.jpg","inLanguage":"ca"},{"@type":"WebPage","@id":"https:\/\/www.sindicaturabarcelona.cat\/ca\/la-sindicatura-analitza-la-circulacio-i-la-mobilitat-en-el-carrer-vila-i-vila-i-emet-recomanacions-a-lajuntament\/","url":"https:\/\/www.sindicaturabarcelona.cat\/ca\/la-sindicatura-analitza-la-circulacio-i-la-mobilitat-en-el-carrer-vila-i-vila-i-emet-recomanacions-a-lajuntament\/","name":"La Sindicatura analitza la circulaci\u00f3 i la mobilitat en el carrer Vila i Vil\u00e0 i emet recomanacions a l\u2019Ajuntament - Sindicatura de Greuges de Barcelona","isPartOf":{"@id":"https:\/\/www.sindicaturabarcelona.cat\/ca\/#website"},"primaryImageOfPage":{"@id":"https:\/\/www.sindicaturabarcelona.cat\/ca\/la-sindicatura-analitza-la-circulacio-i-la-mobilitat-en-el-carrer-vila-i-vila-i-emet-recomanacions-a-lajuntament\/#primaryimage"},"image":{"@id":"https:\/\/www.sindicaturabarcelona.cat\/ca\/la-sindicatura-analitza-la-circulacio-i-la-mobilitat-en-el-carrer-vila-i-vila-i-emet-recomanacions-a-lajuntament\/#primaryimage"},"thumbnailUrl":"https:\/\/www.sindicaturabarcelona.cat\/wp-content\/uploads\/photo_2023-09-20_16-51-24.jpg","datePublished":"2023-08-24T14:49:51+00:00","dateModified":"2023-09-20T14:52:15+00:00","breadcrumb":{"@id":"https:\/\/www.sindicaturabarcelona.cat\/ca\/la-sindicatura-analitza-la-circulacio-i-la-mobilitat-en-el-carrer-vila-i-vila-i-emet-recomanacions-a-lajuntament\/#breadcrumb"},"inLanguage":"ca","potentialAction":[{"@type":"ReadAction","target":["https:\/\/www.sindicaturabarcelona.cat\/ca\/la-sindicatura-analitza-la-circulacio-i-la-mobilitat-en-el-carrer-vila-i-vila-i-emet-recomanacions-a-lajuntament\/"]}]},{"@type":"ImageObject","inLanguage":"ca","@id":"https:\/\/www.sindicaturabarcelona.cat\/ca\/la-sindicatura-analitza-la-circulacio-i-la-mobilitat-en-el-carrer-vila-i-vila-i-emet-recomanacions-a-lajuntament\/#primaryimage","url":"https:\/\/www.sindicaturabarcelona.cat\/wp-content\/uploads\/photo_2023-09-20_16-51-24.jpg","contentUrl":"https:\/\/www.sindicaturabarcelona.cat\/wp-content\/uploads\/photo_2023-09-20_16-51-24.jpg","width":1167,"height":746,"caption":"Foto del carrer Vila i Vil\u00e0"},{"@type":"BreadcrumbList","@id":"https:\/\/www.sindicaturabarcelona.cat\/ca\/la-sindicatura-analitza-la-circulacio-i-la-mobilitat-en-el-carrer-vila-i-vila-i-emet-recomanacions-a-lajuntament\/#breadcrumb","itemListElement":[{"@type":"ListItem","position":1,"name":"Inici","item":"https:\/\/www.sindicaturabarcelona.cat\/ca\/"},{"@type":"ListItem","position":2,"name":"La Sindicatura analitza la circulaci\u00f3 i la mobilitat en el carrer Vila i Vil\u00e0 i emet recomanacions a l\u2019Ajuntament"}]},{"@type":"WebSite","@id":"https:\/\/www.sindicaturabarcelona.cat\/ca\/#website","url":"https:\/\/www.sindicaturabarcelona.cat\/ca\/","name":"Sindicatura de Greuges de Barcelona","description":"La defensoria dels teus drets","publisher":{"@id":"https:\/\/www.sindicaturabarcelona.cat\/ca\/#organization"},"potentialAction":[{"@type":"SearchAction","target":{"@type":"EntryPoint","urlTemplate":"https:\/\/www.sindicaturabarcelona.cat\/ca\/?s={search_term_string}"},"query-input":{"@type":"PropertyValueSpecification","valueRequired":true,"valueName":"search_term_string"}}],"inLanguage":"ca"},{"@type":"Organization","@id":"https:\/\/www.sindicaturabarcelona.cat\/ca\/#organization","name":"Sindicatura de Greuges de Barcelona","url":"https:\/\/www.sindicaturabarcelona.cat\/ca\/","logo":{"@type":"ImageObject","inLanguage":"ca","@id":"https:\/\/www.sindicaturabarcelona.cat\/ca\/#\/schema\/logo\/image\/","url":"https:\/\/www.sindicaturabarcelona.cat\/wp-content\/uploads\/2023\/02\/logo_sindicatura.svg","contentUrl":"https:\/\/www.sindicaturabarcelona.cat\/wp-content\/uploads\/2023\/02\/logo_sindicatura.svg","caption":"Sindicatura de Greuges de Barcelona"},"image":{"@id":"https:\/\/www.sindicaturabarcelona.cat\/ca\/#\/schema\/logo\/image\/"},"sameAs":["https:\/\/x.com\/sindicbarcelona","https:\/\/www.instagram.com\/sindicbarcelona\/","https:\/\/www.tiktok.com\/@sindicaturabcn","https:\/\/t.me\/sindicaturabarcelona"]},{"@type":"Person","@id":"https:\/\/www.sindicaturabarcelona.cat\/ca\/#\/schema\/person\/0e5acffc350ffdbc97578159322c9452","name":"Pablo","image":{"@type":"ImageObject","inLanguage":"ca","@id":"https:\/\/secure.gravatar.com\/avatar\/c948169b402ef9492afde705c3dfd5e90e1a6a84ef6840a91124f805a25a480f?s=96&d=mm&r=g","url":"https:\/\/secure.gravatar.com\/avatar\/c948169b402ef9492afde705c3dfd5e90e1a6a84ef6840a91124f805a25a480f?s=96&d=mm&r=g","contentUrl":"https:\/\/secure.gravatar.com\/avatar\/c948169b402ef9492afde705c3dfd5e90e1a6a84ef6840a91124f805a25a480f?s=96&d=mm&r=g","caption":"Pablo"},"url":"https:\/\/www.sindicaturabarcelona.cat\/ca\/author\/pablo\/"}]}},"_links":{"self":[{"href":"https:\/\/www.sindicaturabarcelona.cat\/ca\/wp-json\/wp\/v2\/posts\/30024","targetHints":{"allow":["GET"]}}],"collection":[{"href":"https:\/\/www.sindicaturabarcelona.cat\/ca\/wp-json\/wp\/v2\/posts"}],"about":[{"href":"https:\/\/www.sindicaturabarcelona.cat\/ca\/wp-json\/wp\/v2\/types\/post"}],"author":[{"embeddable":true,"href":"https:\/\/www.sindicaturabarcelona.cat\/ca\/wp-json\/wp\/v2\/users\/2"}],"replies":[{"embeddable":true,"href":"https:\/\/www.sindicaturabarcelona.cat\/ca\/wp-json\/wp\/v2\/comments?post=30024"}],"version-history":[{"count":1,"href":"https:\/\/www.sindicaturabarcelona.cat\/ca\/wp-json\/wp\/v2\/posts\/30024\/revisions"}],"predecessor-version":[{"id":30028,"href":"https:\/\/www.sindicaturabarcelona.cat\/ca\/wp-json\/wp\/v2\/posts\/30024\/revisions\/30028"}],"wp:featuredmedia":[{"embeddable":true,"href":"https:\/\/www.sindicaturabarcelona.cat\/ca\/wp-json\/wp\/v2\/media\/30025"}],"wp:attachment":[{"href":"https:\/\/www.sindicaturabarcelona.cat\/ca\/wp-json\/wp\/v2\/media?parent=30024"}],"wp:term":[{"taxonomy":"post_tag","embeddable":true,"href":"https:\/\/www.sindicaturabarcelona.cat\/ca\/wp-json\/wp\/v2\/tags?post=30024"},{"taxonomy":"drets","embeddable":true,"href":"https:\/\/www.sindicaturabarcelona.cat\/ca\/wp-json\/wp\/v2\/drets?post=30024"}],"curies":[{"name":"wp","href":"https:\/\/api.w.org\/{rel}","templated":true}]}}