{"id":30017,"date":"2023-08-31T16:43:51","date_gmt":"2023-08-31T14:43:51","guid":{"rendered":"https:\/\/www.sindicaturabarcelona.cat\/?p=30017"},"modified":"2023-09-20T16:47:29","modified_gmt":"2023-09-20T14:47:29","slug":"la-sindicatura-reclama-a-lajuntament-esforcos-per-reduir-els-efectes-nocius-provocats-pel-pas-de-busos-turistics-al-carrer-cartagena","status":"publish","type":"post","link":"https:\/\/www.sindicaturabarcelona.cat\/ca\/la-sindicatura-reclama-a-lajuntament-esforcos-per-reduir-els-efectes-nocius-provocats-pel-pas-de-busos-turistics-al-carrer-cartagena\/","title":{"rendered":"La Sindicatura reclama a l\u2019Ajuntament esfor\u00e7os per reduir els efectes nocius provocats pel pas de busos tur\u00edstics al carrer Cartagena"},"content":{"rendered":"\n<p>Un ciutad\u00e0 s\u2019ha adre\u00e7at a la Sindicatura per presentar una queixa que exposa les mol\u00e8sties que provoca la constant circulaci\u00f3 d\u2019autobusos tur\u00edstics al <strong>carrer Cartagena, una de les vies amb m\u00e9s pendent de la ciutat de Barcelona<\/strong>.<\/p>\n\n\n\n<p>En concret, es tracta de la <strong>Ruta Blava del Bus Tur\u00edstic, que circula habitualment pel carrer Cartagena: cada dia, excepte l\u20191 de gener i el 25 de desembre, de 9 a 19 hores, amb una freq\u00fc\u00e8ncia de pas d\u2019entre 20 i 30 minuts<\/strong> segons l\u2019\u00e8poca de l\u2019any.<\/p>\n\n\n\n<h2 class=\"wp-block-heading\"><strong>La Covid-19, punt d\u2019inflexi\u00f3 per a la freq\u00fc\u00e8ncia dels busos tur\u00edstic<u>s<\/u><\/strong><\/h2>\n\n\n\n<p>Despr\u00e9s de la pand\u00e8mia, la freq\u00fc\u00e8ncia del bus tur\u00edstic va reduir-se considerablement. Segons ha informat el consistori, va aprofitar-se aquell moment per estudiar la <strong>nova regulaci\u00f3 del bus tur\u00edstic, tenint en compte la qualitat del servei i, sobretot, el seu impacte en la via p\u00fablica i en la ciutadania<\/strong>.<\/p>\n\n\n\n<h3 class=\"wp-block-heading\"><strong>El carrer Cartagena i la seva mobilitat<\/strong><\/h3>\n\n\n\n<p>Com s\u2019ha detallat abans, el servei de la Ruta Blava del Bus Tur\u00edstic est\u00e0 operatiu de 9 a 19 hores, amb una freq\u00fc\u00e8ncia d\u2019entre 20 i 30 minuts. Aix\u00f2 significa que <strong>pugen cada dia una mitjana de 25 autobusos tur\u00edstics pel carrer Cartagena<\/strong>. Aix\u00ed mateix, per aquest carrer hi circulen altres l\u00ednies d\u2019autobusos urbans, que incrementen el volum de vehicles a la via.<\/p>\n\n\n\n<p><strong>L\u2019Ajuntament de Barcelona ha argumentat que evitar el pas del bus tur\u00edstic pel carrer de Cartagena no \u00e9s possible<\/strong> <strong>perqu\u00e8<\/strong> l\u2019alternativa per pujar al Park G\u00fcell \u00e9s el carrer de Praga, encara m\u00e9s estret (10 metres enfront dels 20 metres del carrer de Cartagena), i amb una secci\u00f3 de caixa tancada que evita la dissipaci\u00f3 del so (en canvi, el carrer de Cartagena t\u00e9 la fa\u00e7ana oberta al costat Bes\u00f2s).<\/p>\n\n\n\n<h3 class=\"wp-block-heading\"><strong>Les mol\u00e8sties per contaminaci\u00f3<\/strong><\/h3>\n\n\n\n<p>Cal recordar que <strong>la normativa en mat\u00e8ria de tr\u00e0nsit i seguretat vi\u00e0ria reconeix als ajuntaments la potestat discrecional per ordenar el tr\u00e0nsit i la circulaci\u00f3<\/strong> de vehicles i vianants en l\u2019espai p\u00fablic. No obstant aix\u00f2, la Sindicatura considera que els l\u00edmits d\u2019aquesta discrecionalitat radiquen en <strong>el respecte als drets de ciutadania<\/strong>, entre els quals cal destacar, en aquest cas, el <strong>dret a un medi ambient sa<\/strong> i el <strong>dret a l\u2019espai p\u00fablic<\/strong>.<\/p>\n\n\n\n<p>La queixa ciutadana rebuda denuncia les mol\u00e8sties per contaminaci\u00f3 ac\u00fastica i atmosf\u00e8rica que generen els vehicles de transport tur\u00edstic que passen di\u00e0riament pel tram del carrer de Cartagena.<\/p>\n\n\n\n<p><strong>La Sindicatura de Greuges de Barcelona no ha observat que s\u2019hagin dut a terme mesuraments per part del consistori<\/strong> per con\u00e8ixer de manera objectiva quin \u00e9s el grau d\u2019afectaci\u00f3 que pateixen les persones ve\u00efnes d\u2019aquest carrer.<\/p>\n\n\n\n<p>En aquesta l\u00ednia, el consistori ha comunicat a la Sindicatura que, <strong>tot i que actualment no hi ha autobusos el\u00e8ctrics a la xarxa de bus tur\u00edstic, es valora l\u2019\u00fas de vehicles menys contaminants i sorollosos<\/strong> a les noves licitacions que estan en proc\u00e9s. Per tant, l\u2019Ajuntament \u00e9s conscient que els autobusos que s\u2019estan utilitzant no s\u00f3n els m\u00e9s eficients i sostenibles<strong>. En conseq\u00fc\u00e8ncia, cal esmer\u00e7ar m\u00e9s esfor\u00e7os per millorar la sostenibilitat d\u2019aquests vehicles de transport tur\u00edstic<\/strong>, amb l\u2019objectiu d\u2019assegurar la qualitat de vida de la ciutadania i el seu dret a una ciutat sostenible.<\/p>\n","protected":false},"excerpt":{"rendered":"<p>Un ciutad\u00e0 s\u2019ha adre\u00e7at a la Sindicatura per presentar una queixa que exposa les mol\u00e8sties que provoca la constant circulaci\u00f3 d\u2019autobusos tur\u00edstics al carrer Cartagena, una de les vies amb [&hellip;]<\/p>\n","protected":false},"author":2,"featured_media":30018,"comment_status":"closed","ping_status":"closed","sticky":false,"template":"","format":"standard","meta":{"_acf_changed":false,"footnotes":""},"tags":[],"drets":[1438,1448,1447,1446],"class_list":["post-30017","post","type-post","status-publish","format-standard","has-post-thumbnail","hentry","drets-ciutat-habitable-i-sostenible","drets-dret-al-medi-ambient","drets-dret-a-la-mobilitat","drets-dret-a-lespai-public"],"acf":[],"yoast_head":"<!-- This site is optimized with the Yoast SEO plugin v27.5 - https:\/\/yoast.com\/product\/yoast-seo-wordpress\/ -->\n<title>La Sindicatura reclama a l\u2019Ajuntament esfor\u00e7os per reduir els efectes nocius provocats pel pas de busos tur\u00edstics al carrer Cartagena - Sindicatura de Greuges de Barcelona<\/title>\n<meta name=\"robots\" content=\"index, follow, max-snippet:-1, max-image-preview:large, max-video-preview:-1\" \/>\n<link rel=\"canonical\" href=\"https:\/\/www.sindicaturabarcelona.cat\/ca\/la-sindicatura-reclama-a-lajuntament-esforcos-per-reduir-els-efectes-nocius-provocats-pel-pas-de-busos-turistics-al-carrer-cartagena\/\" \/>\n<meta property=\"og:locale\" content=\"ca_ES\" \/>\n<meta property=\"og:type\" content=\"article\" \/>\n<meta property=\"og:title\" content=\"La Sindicatura reclama a l\u2019Ajuntament esfor\u00e7os per reduir els efectes nocius provocats pel pas de busos tur\u00edstics al carrer Cartagena - Sindicatura de Greuges de Barcelona\" \/>\n<meta property=\"og:description\" content=\"Un ciutad\u00e0 s\u2019ha adre\u00e7at a la Sindicatura per presentar una queixa que exposa les mol\u00e8sties que provoca la constant circulaci\u00f3 d\u2019autobusos tur\u00edstics al carrer Cartagena, una de les vies amb [&hellip;]\" \/>\n<meta property=\"og:url\" content=\"https:\/\/www.sindicaturabarcelona.cat\/ca\/la-sindicatura-reclama-a-lajuntament-esforcos-per-reduir-els-efectes-nocius-provocats-pel-pas-de-busos-turistics-al-carrer-cartagena\/\" \/>\n<meta property=\"og:site_name\" content=\"Sindicatura de Greuges de Barcelona\" \/>\n<meta property=\"article:published_time\" content=\"2023-08-31T14:43:51+00:00\" \/>\n<meta property=\"article:modified_time\" content=\"2023-09-20T14:47:29+00:00\" \/>\n<meta property=\"og:image\" content=\"https:\/\/www.sindicaturabarcelona.cat\/wp-content\/uploads\/bus-turistic.jpg\" \/>\n\t<meta property=\"og:image:width\" content=\"1024\" \/>\n\t<meta property=\"og:image:height\" content=\"683\" \/>\n\t<meta property=\"og:image:type\" content=\"image\/jpeg\" \/>\n<meta name=\"author\" content=\"Pablo\" \/>\n<meta name=\"twitter:card\" content=\"summary_large_image\" \/>\n<meta name=\"twitter:creator\" content=\"@sindicbarcelona\" \/>\n<meta name=\"twitter:site\" content=\"@sindicbarcelona\" \/>\n<meta name=\"twitter:label1\" content=\"Escrit per\" \/>\n\t<meta name=\"twitter:data1\" content=\"Pablo\" \/>\n\t<meta name=\"twitter:label2\" content=\"Temps estimat de lectura\" \/>\n\t<meta name=\"twitter:data2\" content=\"3 minuts\" \/>\n<script type=\"application\/ld+json\" class=\"yoast-schema-graph\">{\"@context\":\"https:\\\/\\\/schema.org\",\"@graph\":[{\"@type\":\"Article\",\"@id\":\"https:\\\/\\\/www.sindicaturabarcelona.cat\\\/ca\\\/la-sindicatura-reclama-a-lajuntament-esforcos-per-reduir-els-efectes-nocius-provocats-pel-pas-de-busos-turistics-al-carrer-cartagena\\\/#article\",\"isPartOf\":{\"@id\":\"https:\\\/\\\/www.sindicaturabarcelona.cat\\\/ca\\\/la-sindicatura-reclama-a-lajuntament-esforcos-per-reduir-els-efectes-nocius-provocats-pel-pas-de-busos-turistics-al-carrer-cartagena\\\/\"},\"author\":{\"name\":\"Pablo\",\"@id\":\"https:\\\/\\\/www.sindicaturabarcelona.cat\\\/ca\\\/#\\\/schema\\\/person\\\/0e5acffc350ffdbc97578159322c9452\"},\"headline\":\"La Sindicatura reclama a l\u2019Ajuntament esfor\u00e7os per reduir els efectes nocius provocats pel pas de busos tur\u00edstics al carrer Cartagena\",\"datePublished\":\"2023-08-31T14:43:51+00:00\",\"dateModified\":\"2023-09-20T14:47:29+00:00\",\"mainEntityOfPage\":{\"@id\":\"https:\\\/\\\/www.sindicaturabarcelona.cat\\\/ca\\\/la-sindicatura-reclama-a-lajuntament-esforcos-per-reduir-els-efectes-nocius-provocats-pel-pas-de-busos-turistics-al-carrer-cartagena\\\/\"},\"wordCount\":601,\"publisher\":{\"@id\":\"https:\\\/\\\/www.sindicaturabarcelona.cat\\\/ca\\\/#organization\"},\"image\":{\"@id\":\"https:\\\/\\\/www.sindicaturabarcelona.cat\\\/ca\\\/la-sindicatura-reclama-a-lajuntament-esforcos-per-reduir-els-efectes-nocius-provocats-pel-pas-de-busos-turistics-al-carrer-cartagena\\\/#primaryimage\"},\"thumbnailUrl\":\"https:\\\/\\\/www.sindicaturabarcelona.cat\\\/wp-content\\\/uploads\\\/bus-turistic.jpg\",\"inLanguage\":\"ca\"},{\"@type\":\"WebPage\",\"@id\":\"https:\\\/\\\/www.sindicaturabarcelona.cat\\\/ca\\\/la-sindicatura-reclama-a-lajuntament-esforcos-per-reduir-els-efectes-nocius-provocats-pel-pas-de-busos-turistics-al-carrer-cartagena\\\/\",\"url\":\"https:\\\/\\\/www.sindicaturabarcelona.cat\\\/ca\\\/la-sindicatura-reclama-a-lajuntament-esforcos-per-reduir-els-efectes-nocius-provocats-pel-pas-de-busos-turistics-al-carrer-cartagena\\\/\",\"name\":\"La Sindicatura reclama a l\u2019Ajuntament esfor\u00e7os per reduir els efectes nocius provocats pel pas de busos tur\u00edstics al carrer Cartagena - Sindicatura de Greuges de Barcelona\",\"isPartOf\":{\"@id\":\"https:\\\/\\\/www.sindicaturabarcelona.cat\\\/ca\\\/#website\"},\"primaryImageOfPage\":{\"@id\":\"https:\\\/\\\/www.sindicaturabarcelona.cat\\\/ca\\\/la-sindicatura-reclama-a-lajuntament-esforcos-per-reduir-els-efectes-nocius-provocats-pel-pas-de-busos-turistics-al-carrer-cartagena\\\/#primaryimage\"},\"image\":{\"@id\":\"https:\\\/\\\/www.sindicaturabarcelona.cat\\\/ca\\\/la-sindicatura-reclama-a-lajuntament-esforcos-per-reduir-els-efectes-nocius-provocats-pel-pas-de-busos-turistics-al-carrer-cartagena\\\/#primaryimage\"},\"thumbnailUrl\":\"https:\\\/\\\/www.sindicaturabarcelona.cat\\\/wp-content\\\/uploads\\\/bus-turistic.jpg\",\"datePublished\":\"2023-08-31T14:43:51+00:00\",\"dateModified\":\"2023-09-20T14:47:29+00:00\",\"breadcrumb\":{\"@id\":\"https:\\\/\\\/www.sindicaturabarcelona.cat\\\/ca\\\/la-sindicatura-reclama-a-lajuntament-esforcos-per-reduir-els-efectes-nocius-provocats-pel-pas-de-busos-turistics-al-carrer-cartagena\\\/#breadcrumb\"},\"inLanguage\":\"ca\",\"potentialAction\":[{\"@type\":\"ReadAction\",\"target\":[\"https:\\\/\\\/www.sindicaturabarcelona.cat\\\/ca\\\/la-sindicatura-reclama-a-lajuntament-esforcos-per-reduir-els-efectes-nocius-provocats-pel-pas-de-busos-turistics-al-carrer-cartagena\\\/\"]}]},{\"@type\":\"ImageObject\",\"inLanguage\":\"ca\",\"@id\":\"https:\\\/\\\/www.sindicaturabarcelona.cat\\\/ca\\\/la-sindicatura-reclama-a-lajuntament-esforcos-per-reduir-els-efectes-nocius-provocats-pel-pas-de-busos-turistics-al-carrer-cartagena\\\/#primaryimage\",\"url\":\"https:\\\/\\\/www.sindicaturabarcelona.cat\\\/wp-content\\\/uploads\\\/bus-turistic.jpg\",\"contentUrl\":\"https:\\\/\\\/www.sindicaturabarcelona.cat\\\/wp-content\\\/uploads\\\/bus-turistic.jpg\",\"width\":1024,\"height\":683,\"caption\":\"Turistes pugen al bus tur\u00edstic\"},{\"@type\":\"BreadcrumbList\",\"@id\":\"https:\\\/\\\/www.sindicaturabarcelona.cat\\\/ca\\\/la-sindicatura-reclama-a-lajuntament-esforcos-per-reduir-els-efectes-nocius-provocats-pel-pas-de-busos-turistics-al-carrer-cartagena\\\/#breadcrumb\",\"itemListElement\":[{\"@type\":\"ListItem\",\"position\":1,\"name\":\"Inici\",\"item\":\"https:\\\/\\\/www.sindicaturabarcelona.cat\\\/ca\\\/\"},{\"@type\":\"ListItem\",\"position\":2,\"name\":\"La Sindicatura reclama a l\u2019Ajuntament esfor\u00e7os per reduir els efectes nocius provocats pel pas de busos tur\u00edstics al carrer Cartagena\"}]},{\"@type\":\"WebSite\",\"@id\":\"https:\\\/\\\/www.sindicaturabarcelona.cat\\\/ca\\\/#website\",\"url\":\"https:\\\/\\\/www.sindicaturabarcelona.cat\\\/ca\\\/\",\"name\":\"Sindicatura de Greuges de Barcelona\",\"description\":\"La defensoria dels teus drets\",\"publisher\":{\"@id\":\"https:\\\/\\\/www.sindicaturabarcelona.cat\\\/ca\\\/#organization\"},\"potentialAction\":[{\"@type\":\"SearchAction\",\"target\":{\"@type\":\"EntryPoint\",\"urlTemplate\":\"https:\\\/\\\/www.sindicaturabarcelona.cat\\\/ca\\\/?s={search_term_string}\"},\"query-input\":{\"@type\":\"PropertyValueSpecification\",\"valueRequired\":true,\"valueName\":\"search_term_string\"}}],\"inLanguage\":\"ca\"},{\"@type\":\"Organization\",\"@id\":\"https:\\\/\\\/www.sindicaturabarcelona.cat\\\/ca\\\/#organization\",\"name\":\"Sindicatura de Greuges de Barcelona\",\"url\":\"https:\\\/\\\/www.sindicaturabarcelona.cat\\\/ca\\\/\",\"logo\":{\"@type\":\"ImageObject\",\"inLanguage\":\"ca\",\"@id\":\"https:\\\/\\\/www.sindicaturabarcelona.cat\\\/ca\\\/#\\\/schema\\\/logo\\\/image\\\/\",\"url\":\"https:\\\/\\\/www.sindicaturabarcelona.cat\\\/wp-content\\\/uploads\\\/2023\\\/02\\\/logo_sindicatura.svg\",\"contentUrl\":\"https:\\\/\\\/www.sindicaturabarcelona.cat\\\/wp-content\\\/uploads\\\/2023\\\/02\\\/logo_sindicatura.svg\",\"caption\":\"Sindicatura de Greuges de Barcelona\"},\"image\":{\"@id\":\"https:\\\/\\\/www.sindicaturabarcelona.cat\\\/ca\\\/#\\\/schema\\\/logo\\\/image\\\/\"},\"sameAs\":[\"https:\\\/\\\/x.com\\\/sindicbarcelona\",\"https:\\\/\\\/www.instagram.com\\\/sindicbarcelona\\\/\",\"https:\\\/\\\/www.tiktok.com\\\/@sindicaturabcn\",\"https:\\\/\\\/t.me\\\/sindicaturabarcelona\"]},{\"@type\":\"Person\",\"@id\":\"https:\\\/\\\/www.sindicaturabarcelona.cat\\\/ca\\\/#\\\/schema\\\/person\\\/0e5acffc350ffdbc97578159322c9452\",\"name\":\"Pablo\",\"image\":{\"@type\":\"ImageObject\",\"inLanguage\":\"ca\",\"@id\":\"https:\\\/\\\/secure.gravatar.com\\\/avatar\\\/c948169b402ef9492afde705c3dfd5e90e1a6a84ef6840a91124f805a25a480f?s=96&d=mm&r=g\",\"url\":\"https:\\\/\\\/secure.gravatar.com\\\/avatar\\\/c948169b402ef9492afde705c3dfd5e90e1a6a84ef6840a91124f805a25a480f?s=96&d=mm&r=g\",\"contentUrl\":\"https:\\\/\\\/secure.gravatar.com\\\/avatar\\\/c948169b402ef9492afde705c3dfd5e90e1a6a84ef6840a91124f805a25a480f?s=96&d=mm&r=g\",\"caption\":\"Pablo\"},\"url\":\"https:\\\/\\\/www.sindicaturabarcelona.cat\\\/ca\\\/author\\\/pablo\\\/\"}]}<\/script>\n<!-- \/ Yoast SEO plugin. -->","yoast_head_json":{"title":"La Sindicatura reclama a l\u2019Ajuntament esfor\u00e7os per reduir els efectes nocius provocats pel pas de busos tur\u00edstics al carrer Cartagena - Sindicatura de Greuges de Barcelona","robots":{"index":"index","follow":"follow","max-snippet":"max-snippet:-1","max-image-preview":"max-image-preview:large","max-video-preview":"max-video-preview:-1"},"canonical":"https:\/\/www.sindicaturabarcelona.cat\/ca\/la-sindicatura-reclama-a-lajuntament-esforcos-per-reduir-els-efectes-nocius-provocats-pel-pas-de-busos-turistics-al-carrer-cartagena\/","og_locale":"ca_ES","og_type":"article","og_title":"La Sindicatura reclama a l\u2019Ajuntament esfor\u00e7os per reduir els efectes nocius provocats pel pas de busos tur\u00edstics al carrer Cartagena - Sindicatura de Greuges de Barcelona","og_description":"Un ciutad\u00e0 s\u2019ha adre\u00e7at a la Sindicatura per presentar una queixa que exposa les mol\u00e8sties que provoca la constant circulaci\u00f3 d\u2019autobusos tur\u00edstics al carrer Cartagena, una de les vies amb [&hellip;]","og_url":"https:\/\/www.sindicaturabarcelona.cat\/ca\/la-sindicatura-reclama-a-lajuntament-esforcos-per-reduir-els-efectes-nocius-provocats-pel-pas-de-busos-turistics-al-carrer-cartagena\/","og_site_name":"Sindicatura de Greuges de Barcelona","article_published_time":"2023-08-31T14:43:51+00:00","article_modified_time":"2023-09-20T14:47:29+00:00","og_image":[{"width":1024,"height":683,"url":"https:\/\/www.sindicaturabarcelona.cat\/wp-content\/uploads\/bus-turistic.jpg","type":"image\/jpeg"}],"author":"Pablo","twitter_card":"summary_large_image","twitter_creator":"@sindicbarcelona","twitter_site":"@sindicbarcelona","twitter_misc":{"Escrit per":"Pablo","Temps estimat de lectura":"3 minuts"},"schema":{"@context":"https:\/\/schema.org","@graph":[{"@type":"Article","@id":"https:\/\/www.sindicaturabarcelona.cat\/ca\/la-sindicatura-reclama-a-lajuntament-esforcos-per-reduir-els-efectes-nocius-provocats-pel-pas-de-busos-turistics-al-carrer-cartagena\/#article","isPartOf":{"@id":"https:\/\/www.sindicaturabarcelona.cat\/ca\/la-sindicatura-reclama-a-lajuntament-esforcos-per-reduir-els-efectes-nocius-provocats-pel-pas-de-busos-turistics-al-carrer-cartagena\/"},"author":{"name":"Pablo","@id":"https:\/\/www.sindicaturabarcelona.cat\/ca\/#\/schema\/person\/0e5acffc350ffdbc97578159322c9452"},"headline":"La Sindicatura reclama a l\u2019Ajuntament esfor\u00e7os per reduir els efectes nocius provocats pel pas de busos tur\u00edstics al carrer Cartagena","datePublished":"2023-08-31T14:43:51+00:00","dateModified":"2023-09-20T14:47:29+00:00","mainEntityOfPage":{"@id":"https:\/\/www.sindicaturabarcelona.cat\/ca\/la-sindicatura-reclama-a-lajuntament-esforcos-per-reduir-els-efectes-nocius-provocats-pel-pas-de-busos-turistics-al-carrer-cartagena\/"},"wordCount":601,"publisher":{"@id":"https:\/\/www.sindicaturabarcelona.cat\/ca\/#organization"},"image":{"@id":"https:\/\/www.sindicaturabarcelona.cat\/ca\/la-sindicatura-reclama-a-lajuntament-esforcos-per-reduir-els-efectes-nocius-provocats-pel-pas-de-busos-turistics-al-carrer-cartagena\/#primaryimage"},"thumbnailUrl":"https:\/\/www.sindicaturabarcelona.cat\/wp-content\/uploads\/bus-turistic.jpg","inLanguage":"ca"},{"@type":"WebPage","@id":"https:\/\/www.sindicaturabarcelona.cat\/ca\/la-sindicatura-reclama-a-lajuntament-esforcos-per-reduir-els-efectes-nocius-provocats-pel-pas-de-busos-turistics-al-carrer-cartagena\/","url":"https:\/\/www.sindicaturabarcelona.cat\/ca\/la-sindicatura-reclama-a-lajuntament-esforcos-per-reduir-els-efectes-nocius-provocats-pel-pas-de-busos-turistics-al-carrer-cartagena\/","name":"La Sindicatura reclama a l\u2019Ajuntament esfor\u00e7os per reduir els efectes nocius provocats pel pas de busos tur\u00edstics al carrer Cartagena - Sindicatura de Greuges de Barcelona","isPartOf":{"@id":"https:\/\/www.sindicaturabarcelona.cat\/ca\/#website"},"primaryImageOfPage":{"@id":"https:\/\/www.sindicaturabarcelona.cat\/ca\/la-sindicatura-reclama-a-lajuntament-esforcos-per-reduir-els-efectes-nocius-provocats-pel-pas-de-busos-turistics-al-carrer-cartagena\/#primaryimage"},"image":{"@id":"https:\/\/www.sindicaturabarcelona.cat\/ca\/la-sindicatura-reclama-a-lajuntament-esforcos-per-reduir-els-efectes-nocius-provocats-pel-pas-de-busos-turistics-al-carrer-cartagena\/#primaryimage"},"thumbnailUrl":"https:\/\/www.sindicaturabarcelona.cat\/wp-content\/uploads\/bus-turistic.jpg","datePublished":"2023-08-31T14:43:51+00:00","dateModified":"2023-09-20T14:47:29+00:00","breadcrumb":{"@id":"https:\/\/www.sindicaturabarcelona.cat\/ca\/la-sindicatura-reclama-a-lajuntament-esforcos-per-reduir-els-efectes-nocius-provocats-pel-pas-de-busos-turistics-al-carrer-cartagena\/#breadcrumb"},"inLanguage":"ca","potentialAction":[{"@type":"ReadAction","target":["https:\/\/www.sindicaturabarcelona.cat\/ca\/la-sindicatura-reclama-a-lajuntament-esforcos-per-reduir-els-efectes-nocius-provocats-pel-pas-de-busos-turistics-al-carrer-cartagena\/"]}]},{"@type":"ImageObject","inLanguage":"ca","@id":"https:\/\/www.sindicaturabarcelona.cat\/ca\/la-sindicatura-reclama-a-lajuntament-esforcos-per-reduir-els-efectes-nocius-provocats-pel-pas-de-busos-turistics-al-carrer-cartagena\/#primaryimage","url":"https:\/\/www.sindicaturabarcelona.cat\/wp-content\/uploads\/bus-turistic.jpg","contentUrl":"https:\/\/www.sindicaturabarcelona.cat\/wp-content\/uploads\/bus-turistic.jpg","width":1024,"height":683,"caption":"Turistes pugen al bus tur\u00edstic"},{"@type":"BreadcrumbList","@id":"https:\/\/www.sindicaturabarcelona.cat\/ca\/la-sindicatura-reclama-a-lajuntament-esforcos-per-reduir-els-efectes-nocius-provocats-pel-pas-de-busos-turistics-al-carrer-cartagena\/#breadcrumb","itemListElement":[{"@type":"ListItem","position":1,"name":"Inici","item":"https:\/\/www.sindicaturabarcelona.cat\/ca\/"},{"@type":"ListItem","position":2,"name":"La Sindicatura reclama a l\u2019Ajuntament esfor\u00e7os per reduir els efectes nocius provocats pel pas de busos tur\u00edstics al carrer Cartagena"}]},{"@type":"WebSite","@id":"https:\/\/www.sindicaturabarcelona.cat\/ca\/#website","url":"https:\/\/www.sindicaturabarcelona.cat\/ca\/","name":"Sindicatura de Greuges de Barcelona","description":"La defensoria dels teus drets","publisher":{"@id":"https:\/\/www.sindicaturabarcelona.cat\/ca\/#organization"},"potentialAction":[{"@type":"SearchAction","target":{"@type":"EntryPoint","urlTemplate":"https:\/\/www.sindicaturabarcelona.cat\/ca\/?s={search_term_string}"},"query-input":{"@type":"PropertyValueSpecification","valueRequired":true,"valueName":"search_term_string"}}],"inLanguage":"ca"},{"@type":"Organization","@id":"https:\/\/www.sindicaturabarcelona.cat\/ca\/#organization","name":"Sindicatura de Greuges de Barcelona","url":"https:\/\/www.sindicaturabarcelona.cat\/ca\/","logo":{"@type":"ImageObject","inLanguage":"ca","@id":"https:\/\/www.sindicaturabarcelona.cat\/ca\/#\/schema\/logo\/image\/","url":"https:\/\/www.sindicaturabarcelona.cat\/wp-content\/uploads\/2023\/02\/logo_sindicatura.svg","contentUrl":"https:\/\/www.sindicaturabarcelona.cat\/wp-content\/uploads\/2023\/02\/logo_sindicatura.svg","caption":"Sindicatura de Greuges de Barcelona"},"image":{"@id":"https:\/\/www.sindicaturabarcelona.cat\/ca\/#\/schema\/logo\/image\/"},"sameAs":["https:\/\/x.com\/sindicbarcelona","https:\/\/www.instagram.com\/sindicbarcelona\/","https:\/\/www.tiktok.com\/@sindicaturabcn","https:\/\/t.me\/sindicaturabarcelona"]},{"@type":"Person","@id":"https:\/\/www.sindicaturabarcelona.cat\/ca\/#\/schema\/person\/0e5acffc350ffdbc97578159322c9452","name":"Pablo","image":{"@type":"ImageObject","inLanguage":"ca","@id":"https:\/\/secure.gravatar.com\/avatar\/c948169b402ef9492afde705c3dfd5e90e1a6a84ef6840a91124f805a25a480f?s=96&d=mm&r=g","url":"https:\/\/secure.gravatar.com\/avatar\/c948169b402ef9492afde705c3dfd5e90e1a6a84ef6840a91124f805a25a480f?s=96&d=mm&r=g","contentUrl":"https:\/\/secure.gravatar.com\/avatar\/c948169b402ef9492afde705c3dfd5e90e1a6a84ef6840a91124f805a25a480f?s=96&d=mm&r=g","caption":"Pablo"},"url":"https:\/\/www.sindicaturabarcelona.cat\/ca\/author\/pablo\/"}]}},"_links":{"self":[{"href":"https:\/\/www.sindicaturabarcelona.cat\/ca\/wp-json\/wp\/v2\/posts\/30017","targetHints":{"allow":["GET"]}}],"collection":[{"href":"https:\/\/www.sindicaturabarcelona.cat\/ca\/wp-json\/wp\/v2\/posts"}],"about":[{"href":"https:\/\/www.sindicaturabarcelona.cat\/ca\/wp-json\/wp\/v2\/types\/post"}],"author":[{"embeddable":true,"href":"https:\/\/www.sindicaturabarcelona.cat\/ca\/wp-json\/wp\/v2\/users\/2"}],"replies":[{"embeddable":true,"href":"https:\/\/www.sindicaturabarcelona.cat\/ca\/wp-json\/wp\/v2\/comments?post=30017"}],"version-history":[{"count":1,"href":"https:\/\/www.sindicaturabarcelona.cat\/ca\/wp-json\/wp\/v2\/posts\/30017\/revisions"}],"predecessor-version":[{"id":30021,"href":"https:\/\/www.sindicaturabarcelona.cat\/ca\/wp-json\/wp\/v2\/posts\/30017\/revisions\/30021"}],"wp:featuredmedia":[{"embeddable":true,"href":"https:\/\/www.sindicaturabarcelona.cat\/ca\/wp-json\/wp\/v2\/media\/30018"}],"wp:attachment":[{"href":"https:\/\/www.sindicaturabarcelona.cat\/ca\/wp-json\/wp\/v2\/media?parent=30017"}],"wp:term":[{"taxonomy":"post_tag","embeddable":true,"href":"https:\/\/www.sindicaturabarcelona.cat\/ca\/wp-json\/wp\/v2\/tags?post=30017"},{"taxonomy":"drets","embeddable":true,"href":"https:\/\/www.sindicaturabarcelona.cat\/ca\/wp-json\/wp\/v2\/drets?post=30017"}],"curies":[{"name":"wp","href":"https:\/\/api.w.org\/{rel}","templated":true}]}}