{"id":30010,"date":"2023-09-07T12:20:27","date_gmt":"2023-09-07T10:20:27","guid":{"rendered":"https:\/\/www.sindicaturabarcelona.cat\/?p=30010"},"modified":"2023-09-20T12:22:56","modified_gmt":"2023-09-20T10:22:56","slug":"la-merce-2023-el-canvi-dubicacio-de-lescenari-de-maria-cristina-i-altres-propostes-de-la-sindicatura","status":"publish","type":"post","link":"https:\/\/www.sindicaturabarcelona.cat\/ca\/la-merce-2023-el-canvi-dubicacio-de-lescenari-de-maria-cristina-i-altres-propostes-de-la-sindicatura\/","title":{"rendered":"La Merc\u00e8 2023: el canvi d\u2019ubicaci\u00f3 de l\u2019escenari de Maria Cristina i altres propostes de la Sindicatura"},"content":{"rendered":"\n<h2 class=\"wp-block-heading\"><strong>La Sindicatura fa seguiment de les seves recomanacions per unes festes m\u00e9s segures, sense aglomeracions com les viscudes l\u2019any 2019<\/strong><\/h2>\n\n\n\n<p>Despr\u00e9s que s\u2019hagi fet oficial que les Festes de la Merc\u00e8 d\u2019enguany ja no comptaran amb l\u2019escenari de Maria Cristina, la Sindicatura de Greuges de Barcelona vol fer un rep\u00e0s del seguiment i les accions dutes a terme <a href=\"https:\/\/www.sindicaturabarcelona.cat\/ca\/la-sindicatura-ja-va-alertar-lajuntament-per-les-aglomeracions-a-lavinguda-maria-cristina-durant-la-merce-2019\/\">des que l\u2019any 2019 inici\u00e9s una actuaci\u00f3 d\u2019ofici per les aglomeracions viscudes, finalitzada l\u2019octubre de 2021 amb quatre recomanacions.<\/a> L\u2019any 2022, despr\u00e9s de la repetici\u00f3 d\u2019incidents similars als que ja s\u2019havien produ\u00eft el 2019, la Sindicatura va tornar a insistir a l\u2019Ajuntament en les seves recomanacions.<\/p>\n\n\n\n<figure class=\"wp-block-table\"><table><tbody><tr><td><strong><u>Recomanaci\u00f3 1<\/u><\/strong> Vetllar de forma m\u00e9s proactiva per la seguretat en els actes de gran format a l\u2019espai p\u00fablic. &nbsp;<\/td><\/tr><tr><td><strong><u>Recomanaci\u00f3 2<\/u><\/strong> Planificar els actes amb altres formats que diversifiquin l\u2019oferta i l\u2019assist\u00e8ncia per tal d\u2019evitar aglomeracions i el perill que aix\u00f2 pugui comportar. &nbsp;<\/td><\/tr><tr><td><strong><u>Recomanaci\u00f3 3<\/u><\/strong> Prendre mesures per controlar els aforaments en els actes als espais p\u00fablics. &nbsp;<\/td><\/tr><tr><td><strong><u>Recomanaci\u00f3 4<\/u><\/strong> Vetllar per la protecci\u00f3 de la salut de la ciutadania, especialment de les persones menors d\u2019edat, i assegurar que no se\u2019ls venen begudes alcoh\u00f2liques. &nbsp;<\/td><\/tr><\/tbody><\/table><\/figure>\n\n\n\n<h3 class=\"wp-block-heading\"><strong>Les consideracions de l\u2019Ajuntament a les recomanacions de la Sindicatura<\/strong><\/h3>\n\n\n\n<p>El <strong>novembre de 2022<\/strong> la Sindicatura de Greuges de Barcelona va rebre la informaci\u00f3 municipal demanada a l\u2019Ajuntament, relativa als actes de la Merc\u00e8 2022 a l\u2019avinguda Maria Cristina. <strong>En aquest informe municipal, el consistori ja avan\u00e7ava la necessitat de trobar espais alternatius a l\u2019avinguda Maria Cristina.<\/strong><\/p>\n\n\n\n<p>Uns mesos m\u00e9s tard, el <strong>juliol de 2023<\/strong>, <strong>l\u2019Institut de Cultura de Barcelona (ICUB) va traslladar a la Sindicatura que, en l\u2019edici\u00f3 d\u2019enguany, s\u2019optar\u00e0 clarament per unes Festes de la Merc\u00e8 descentralitzades que arribin a tots els districtes<\/strong>, i detallava els nous espais previstos per a la celebraci\u00f3. L\u2019Ajuntament tamb\u00e9 preveu <strong>programar dos espais per a macroconcerts, amb una oferta similar dirigida al mateix tipus de p\u00fablic, de forma que l\u2019aflu\u00e8ncia de persones quedi m\u00e9s repartida<\/strong> <strong>entre les dues ubicacions.<\/strong><\/p>\n\n\n\n<h3 class=\"wp-block-heading\"><strong>Les valoracions de la Sindicatura sobre les actuacions de l\u2019Ajuntament<\/strong><\/h3>\n\n\n\n<figure class=\"wp-block-table\"><table><tbody><tr><td><strong><u>Recomanaci\u00f3 1<\/u><\/strong> S\u2019ha pogut constatar que l\u2019Ajuntament de Barcelona, seguint la primera de les recomanacions fetes, vetllaproactivament per<strong> la seguretat en actes de gran format i, en aquesta l\u00ednia, ha anat incorporant accions i canvis<\/strong>. Destaquen, entre altres, el <strong>canvi d\u2019ubicaci\u00f3 d\u2019actes de l\u2019avinguda de Maria Cristina per l\u2019espai de les Corts, i la disposici\u00f3 d\u2019un centre de comandament avan\u00e7at en els espais on est\u00e0 previst fer actes amb una gran aflu\u00e8ncia de p\u00fablic<\/strong>. &nbsp;<\/td><\/tr><tr><td><strong><u>Recomanaci\u00f3 2<\/u><\/strong> <strong>S\u2019observa que, en cada edici\u00f3, s\u2019han implantat millores pel que fa la diversificar l\u2019oferta i l\u2019assist\u00e8ncia. Tamb\u00e9 s\u2019ha apropat la cultura als barris<\/strong> (com es determina en l\u2019article 113 de la Carta municipal de Barcelona), alhora que s\u2019ha contribu\u00eft a fer una ciutat m\u00e9s segura i sostenible. &nbsp;<\/td><\/tr><tr><td><strong><u>Recomanaci\u00f3 3<\/u><\/strong> Pel que fa<strong> al control dels aforaments<\/strong>, <strong>l\u2019Ajuntament de Barcelona mant\u00e9 el debat obert<\/strong>. Justifiquen que no s\u2019ha implantat, entre altres, pel fet que aquest control no garanteix la manca de concentracions fora dels actes promoguts pel consistori. &nbsp;<\/td><\/tr><tr><td><strong><u>Recomanaci\u00f3 4<\/u><\/strong> Sobre la <strong>protecci\u00f3 de la salut de la ciutadania, especialment pel que fa a les persones menors d\u2019edat,<\/strong> la Sindicatura ent\u00e9n que s\u2019actua des de la generalitat de tota la poblaci\u00f3 a trav\u00e9s dels dispositius d\u2019emerg\u00e8ncia sanit\u00e0ria. Tanmateix, <strong>no s\u2019han copsat actuacions espec\u00edfiques en aquest \u00e0mbit<\/strong>. &nbsp;<\/td><\/tr><\/tbody><\/table><\/figure>\n","protected":false},"excerpt":{"rendered":"<p>La Sindicatura fa seguiment de les seves recomanacions per unes festes m\u00e9s segures, sense aglomeracions com les viscudes l\u2019any 2019 Despr\u00e9s que s\u2019hagi fet oficial que les Festes de la [&hellip;]<\/p>\n","protected":false},"author":2,"featured_media":30011,"comment_status":"closed","ping_status":"closed","sticky":false,"template":"","format":"standard","meta":{"_acf_changed":false,"footnotes":""},"tags":[],"drets":[1428,1431,1432,1440,1452],"class_list":["post-30010","post","type-post","status-publish","format-standard","has-post-thumbnail","hentry","drets-ciutat-equitativa","drets-dret-a-la-salut","drets-drets-culturals","drets-ciutat-garantista","drets-dret-a-la-seguretat-ciutadana"],"acf":[],"yoast_head":"<!-- This site is optimized with the Yoast SEO plugin v27.5 - https:\/\/yoast.com\/product\/yoast-seo-wordpress\/ -->\n<title>La Merc\u00e8 2023: el canvi d\u2019ubicaci\u00f3 de l\u2019escenari de Maria Cristina i altres propostes de la Sindicatura - Sindicatura de Greuges de Barcelona<\/title>\n<meta name=\"description\" content=\"Fem seguiment de les recomanacions per unes festes de La Merc\u00e8 2023 m\u00e9s segures, sense aglomeracions com les viscudes l\u2019any 2019\" \/>\n<meta name=\"robots\" content=\"index, follow, max-snippet:-1, max-image-preview:large, max-video-preview:-1\" \/>\n<link rel=\"canonical\" href=\"https:\/\/www.sindicaturabarcelona.cat\/ca\/la-merce-2023-el-canvi-dubicacio-de-lescenari-de-maria-cristina-i-altres-propostes-de-la-sindicatura\/\" \/>\n<meta property=\"og:locale\" content=\"ca_ES\" \/>\n<meta property=\"og:type\" content=\"article\" \/>\n<meta property=\"og:title\" content=\"La Merc\u00e8 2023: el canvi d\u2019ubicaci\u00f3 de l\u2019escenari de Maria Cristina i altres propostes de la Sindicatura - Sindicatura de Greuges de Barcelona\" \/>\n<meta property=\"og:description\" content=\"Fem seguiment de les recomanacions per unes festes de La Merc\u00e8 2023 m\u00e9s segures, sense aglomeracions com les viscudes l\u2019any 2019\" \/>\n<meta property=\"og:url\" content=\"https:\/\/www.sindicaturabarcelona.cat\/ca\/la-merce-2023-el-canvi-dubicacio-de-lescenari-de-maria-cristina-i-altres-propostes-de-la-sindicatura\/\" \/>\n<meta property=\"og:site_name\" content=\"Sindicatura de Greuges de Barcelona\" \/>\n<meta property=\"article:published_time\" content=\"2023-09-07T10:20:27+00:00\" \/>\n<meta property=\"article:modified_time\" content=\"2023-09-20T10:22:56+00:00\" \/>\n<meta property=\"og:image\" content=\"https:\/\/www.sindicaturabarcelona.cat\/wp-content\/uploads\/moment-de-lactuacio-de-la-oreja-de-v.jpg\" \/>\n\t<meta property=\"og:image:width\" content=\"1534\" \/>\n\t<meta property=\"og:image:height\" content=\"1024\" \/>\n\t<meta property=\"og:image:type\" content=\"image\/jpeg\" \/>\n<meta name=\"author\" content=\"Pablo\" \/>\n<meta name=\"twitter:card\" content=\"summary_large_image\" \/>\n<meta name=\"twitter:creator\" content=\"@sindicbarcelona\" \/>\n<meta name=\"twitter:site\" content=\"@sindicbarcelona\" \/>\n<meta name=\"twitter:label1\" content=\"Escrit per\" \/>\n\t<meta name=\"twitter:data1\" content=\"Pablo\" \/>\n\t<meta name=\"twitter:label2\" content=\"Temps estimat de lectura\" \/>\n\t<meta name=\"twitter:data2\" content=\"3 minuts\" \/>\n<script type=\"application\/ld+json\" class=\"yoast-schema-graph\">{\"@context\":\"https:\\\/\\\/schema.org\",\"@graph\":[{\"@type\":\"Article\",\"@id\":\"https:\\\/\\\/www.sindicaturabarcelona.cat\\\/ca\\\/la-merce-2023-el-canvi-dubicacio-de-lescenari-de-maria-cristina-i-altres-propostes-de-la-sindicatura\\\/#article\",\"isPartOf\":{\"@id\":\"https:\\\/\\\/www.sindicaturabarcelona.cat\\\/ca\\\/la-merce-2023-el-canvi-dubicacio-de-lescenari-de-maria-cristina-i-altres-propostes-de-la-sindicatura\\\/\"},\"author\":{\"name\":\"Pablo\",\"@id\":\"https:\\\/\\\/www.sindicaturabarcelona.cat\\\/ca\\\/#\\\/schema\\\/person\\\/0e5acffc350ffdbc97578159322c9452\"},\"headline\":\"La Merc\u00e8 2023: el canvi d\u2019ubicaci\u00f3 de l\u2019escenari de Maria Cristina i altres propostes de la Sindicatura\",\"datePublished\":\"2023-09-07T10:20:27+00:00\",\"dateModified\":\"2023-09-20T10:22:56+00:00\",\"mainEntityOfPage\":{\"@id\":\"https:\\\/\\\/www.sindicaturabarcelona.cat\\\/ca\\\/la-merce-2023-el-canvi-dubicacio-de-lescenari-de-maria-cristina-i-altres-propostes-de-la-sindicatura\\\/\"},\"wordCount\":630,\"publisher\":{\"@id\":\"https:\\\/\\\/www.sindicaturabarcelona.cat\\\/ca\\\/#organization\"},\"image\":{\"@id\":\"https:\\\/\\\/www.sindicaturabarcelona.cat\\\/ca\\\/la-merce-2023-el-canvi-dubicacio-de-lescenari-de-maria-cristina-i-altres-propostes-de-la-sindicatura\\\/#primaryimage\"},\"thumbnailUrl\":\"https:\\\/\\\/www.sindicaturabarcelona.cat\\\/wp-content\\\/uploads\\\/moment-de-lactuacio-de-la-oreja-de-v.jpg\",\"inLanguage\":\"ca\"},{\"@type\":\"WebPage\",\"@id\":\"https:\\\/\\\/www.sindicaturabarcelona.cat\\\/ca\\\/la-merce-2023-el-canvi-dubicacio-de-lescenari-de-maria-cristina-i-altres-propostes-de-la-sindicatura\\\/\",\"url\":\"https:\\\/\\\/www.sindicaturabarcelona.cat\\\/ca\\\/la-merce-2023-el-canvi-dubicacio-de-lescenari-de-maria-cristina-i-altres-propostes-de-la-sindicatura\\\/\",\"name\":\"La Merc\u00e8 2023: el canvi d\u2019ubicaci\u00f3 de l\u2019escenari de Maria Cristina i altres propostes de la Sindicatura - Sindicatura de Greuges de Barcelona\",\"isPartOf\":{\"@id\":\"https:\\\/\\\/www.sindicaturabarcelona.cat\\\/ca\\\/#website\"},\"primaryImageOfPage\":{\"@id\":\"https:\\\/\\\/www.sindicaturabarcelona.cat\\\/ca\\\/la-merce-2023-el-canvi-dubicacio-de-lescenari-de-maria-cristina-i-altres-propostes-de-la-sindicatura\\\/#primaryimage\"},\"image\":{\"@id\":\"https:\\\/\\\/www.sindicaturabarcelona.cat\\\/ca\\\/la-merce-2023-el-canvi-dubicacio-de-lescenari-de-maria-cristina-i-altres-propostes-de-la-sindicatura\\\/#primaryimage\"},\"thumbnailUrl\":\"https:\\\/\\\/www.sindicaturabarcelona.cat\\\/wp-content\\\/uploads\\\/moment-de-lactuacio-de-la-oreja-de-v.jpg\",\"datePublished\":\"2023-09-07T10:20:27+00:00\",\"dateModified\":\"2023-09-20T10:22:56+00:00\",\"description\":\"Fem seguiment de les recomanacions per unes festes de La Merc\u00e8 2023 m\u00e9s segures, sense aglomeracions com les viscudes l\u2019any 2019\",\"breadcrumb\":{\"@id\":\"https:\\\/\\\/www.sindicaturabarcelona.cat\\\/ca\\\/la-merce-2023-el-canvi-dubicacio-de-lescenari-de-maria-cristina-i-altres-propostes-de-la-sindicatura\\\/#breadcrumb\"},\"inLanguage\":\"ca\",\"potentialAction\":[{\"@type\":\"ReadAction\",\"target\":[\"https:\\\/\\\/www.sindicaturabarcelona.cat\\\/ca\\\/la-merce-2023-el-canvi-dubicacio-de-lescenari-de-maria-cristina-i-altres-propostes-de-la-sindicatura\\\/\"]}]},{\"@type\":\"ImageObject\",\"inLanguage\":\"ca\",\"@id\":\"https:\\\/\\\/www.sindicaturabarcelona.cat\\\/ca\\\/la-merce-2023-el-canvi-dubicacio-de-lescenari-de-maria-cristina-i-altres-propostes-de-la-sindicatura\\\/#primaryimage\",\"url\":\"https:\\\/\\\/www.sindicaturabarcelona.cat\\\/wp-content\\\/uploads\\\/moment-de-lactuacio-de-la-oreja-de-v.jpg\",\"contentUrl\":\"https:\\\/\\\/www.sindicaturabarcelona.cat\\\/wp-content\\\/uploads\\\/moment-de-lactuacio-de-la-oreja-de-v.jpg\",\"width\":1534,\"height\":1024,\"caption\":\"Actuaci\u00f3 a l'escenari de Maria Cristina durant les festes de la Merc\u00e8\"},{\"@type\":\"BreadcrumbList\",\"@id\":\"https:\\\/\\\/www.sindicaturabarcelona.cat\\\/ca\\\/la-merce-2023-el-canvi-dubicacio-de-lescenari-de-maria-cristina-i-altres-propostes-de-la-sindicatura\\\/#breadcrumb\",\"itemListElement\":[{\"@type\":\"ListItem\",\"position\":1,\"name\":\"Inici\",\"item\":\"https:\\\/\\\/www.sindicaturabarcelona.cat\\\/ca\\\/\"},{\"@type\":\"ListItem\",\"position\":2,\"name\":\"La Merc\u00e8 2023: el canvi d\u2019ubicaci\u00f3 de l\u2019escenari de Maria Cristina i altres propostes de la Sindicatura\"}]},{\"@type\":\"WebSite\",\"@id\":\"https:\\\/\\\/www.sindicaturabarcelona.cat\\\/ca\\\/#website\",\"url\":\"https:\\\/\\\/www.sindicaturabarcelona.cat\\\/ca\\\/\",\"name\":\"Sindicatura de Greuges de Barcelona\",\"description\":\"La defensoria dels teus drets\",\"publisher\":{\"@id\":\"https:\\\/\\\/www.sindicaturabarcelona.cat\\\/ca\\\/#organization\"},\"potentialAction\":[{\"@type\":\"SearchAction\",\"target\":{\"@type\":\"EntryPoint\",\"urlTemplate\":\"https:\\\/\\\/www.sindicaturabarcelona.cat\\\/ca\\\/?s={search_term_string}\"},\"query-input\":{\"@type\":\"PropertyValueSpecification\",\"valueRequired\":true,\"valueName\":\"search_term_string\"}}],\"inLanguage\":\"ca\"},{\"@type\":\"Organization\",\"@id\":\"https:\\\/\\\/www.sindicaturabarcelona.cat\\\/ca\\\/#organization\",\"name\":\"Sindicatura de Greuges de Barcelona\",\"url\":\"https:\\\/\\\/www.sindicaturabarcelona.cat\\\/ca\\\/\",\"logo\":{\"@type\":\"ImageObject\",\"inLanguage\":\"ca\",\"@id\":\"https:\\\/\\\/www.sindicaturabarcelona.cat\\\/ca\\\/#\\\/schema\\\/logo\\\/image\\\/\",\"url\":\"https:\\\/\\\/www.sindicaturabarcelona.cat\\\/wp-content\\\/uploads\\\/2023\\\/02\\\/logo_sindicatura.svg\",\"contentUrl\":\"https:\\\/\\\/www.sindicaturabarcelona.cat\\\/wp-content\\\/uploads\\\/2023\\\/02\\\/logo_sindicatura.svg\",\"caption\":\"Sindicatura de Greuges de Barcelona\"},\"image\":{\"@id\":\"https:\\\/\\\/www.sindicaturabarcelona.cat\\\/ca\\\/#\\\/schema\\\/logo\\\/image\\\/\"},\"sameAs\":[\"https:\\\/\\\/x.com\\\/sindicbarcelona\",\"https:\\\/\\\/www.instagram.com\\\/sindicbarcelona\\\/\",\"https:\\\/\\\/www.tiktok.com\\\/@sindicaturabcn\",\"https:\\\/\\\/t.me\\\/sindicaturabarcelona\"]},{\"@type\":\"Person\",\"@id\":\"https:\\\/\\\/www.sindicaturabarcelona.cat\\\/ca\\\/#\\\/schema\\\/person\\\/0e5acffc350ffdbc97578159322c9452\",\"name\":\"Pablo\",\"image\":{\"@type\":\"ImageObject\",\"inLanguage\":\"ca\",\"@id\":\"https:\\\/\\\/secure.gravatar.com\\\/avatar\\\/c948169b402ef9492afde705c3dfd5e90e1a6a84ef6840a91124f805a25a480f?s=96&d=mm&r=g\",\"url\":\"https:\\\/\\\/secure.gravatar.com\\\/avatar\\\/c948169b402ef9492afde705c3dfd5e90e1a6a84ef6840a91124f805a25a480f?s=96&d=mm&r=g\",\"contentUrl\":\"https:\\\/\\\/secure.gravatar.com\\\/avatar\\\/c948169b402ef9492afde705c3dfd5e90e1a6a84ef6840a91124f805a25a480f?s=96&d=mm&r=g\",\"caption\":\"Pablo\"},\"url\":\"https:\\\/\\\/www.sindicaturabarcelona.cat\\\/ca\\\/author\\\/pablo\\\/\"}]}<\/script>\n<!-- \/ Yoast SEO plugin. -->","yoast_head_json":{"title":"La Merc\u00e8 2023: el canvi d\u2019ubicaci\u00f3 de l\u2019escenari de Maria Cristina i altres propostes de la Sindicatura - Sindicatura de Greuges de Barcelona","description":"Fem seguiment de les recomanacions per unes festes de La Merc\u00e8 2023 m\u00e9s segures, sense aglomeracions com les viscudes l\u2019any 2019","robots":{"index":"index","follow":"follow","max-snippet":"max-snippet:-1","max-image-preview":"max-image-preview:large","max-video-preview":"max-video-preview:-1"},"canonical":"https:\/\/www.sindicaturabarcelona.cat\/ca\/la-merce-2023-el-canvi-dubicacio-de-lescenari-de-maria-cristina-i-altres-propostes-de-la-sindicatura\/","og_locale":"ca_ES","og_type":"article","og_title":"La Merc\u00e8 2023: el canvi d\u2019ubicaci\u00f3 de l\u2019escenari de Maria Cristina i altres propostes de la Sindicatura - Sindicatura de Greuges de Barcelona","og_description":"Fem seguiment de les recomanacions per unes festes de La Merc\u00e8 2023 m\u00e9s segures, sense aglomeracions com les viscudes l\u2019any 2019","og_url":"https:\/\/www.sindicaturabarcelona.cat\/ca\/la-merce-2023-el-canvi-dubicacio-de-lescenari-de-maria-cristina-i-altres-propostes-de-la-sindicatura\/","og_site_name":"Sindicatura de Greuges de Barcelona","article_published_time":"2023-09-07T10:20:27+00:00","article_modified_time":"2023-09-20T10:22:56+00:00","og_image":[{"width":1534,"height":1024,"url":"https:\/\/www.sindicaturabarcelona.cat\/wp-content\/uploads\/moment-de-lactuacio-de-la-oreja-de-v.jpg","type":"image\/jpeg"}],"author":"Pablo","twitter_card":"summary_large_image","twitter_creator":"@sindicbarcelona","twitter_site":"@sindicbarcelona","twitter_misc":{"Escrit per":"Pablo","Temps estimat de lectura":"3 minuts"},"schema":{"@context":"https:\/\/schema.org","@graph":[{"@type":"Article","@id":"https:\/\/www.sindicaturabarcelona.cat\/ca\/la-merce-2023-el-canvi-dubicacio-de-lescenari-de-maria-cristina-i-altres-propostes-de-la-sindicatura\/#article","isPartOf":{"@id":"https:\/\/www.sindicaturabarcelona.cat\/ca\/la-merce-2023-el-canvi-dubicacio-de-lescenari-de-maria-cristina-i-altres-propostes-de-la-sindicatura\/"},"author":{"name":"Pablo","@id":"https:\/\/www.sindicaturabarcelona.cat\/ca\/#\/schema\/person\/0e5acffc350ffdbc97578159322c9452"},"headline":"La Merc\u00e8 2023: el canvi d\u2019ubicaci\u00f3 de l\u2019escenari de Maria Cristina i altres propostes de la Sindicatura","datePublished":"2023-09-07T10:20:27+00:00","dateModified":"2023-09-20T10:22:56+00:00","mainEntityOfPage":{"@id":"https:\/\/www.sindicaturabarcelona.cat\/ca\/la-merce-2023-el-canvi-dubicacio-de-lescenari-de-maria-cristina-i-altres-propostes-de-la-sindicatura\/"},"wordCount":630,"publisher":{"@id":"https:\/\/www.sindicaturabarcelona.cat\/ca\/#organization"},"image":{"@id":"https:\/\/www.sindicaturabarcelona.cat\/ca\/la-merce-2023-el-canvi-dubicacio-de-lescenari-de-maria-cristina-i-altres-propostes-de-la-sindicatura\/#primaryimage"},"thumbnailUrl":"https:\/\/www.sindicaturabarcelona.cat\/wp-content\/uploads\/moment-de-lactuacio-de-la-oreja-de-v.jpg","inLanguage":"ca"},{"@type":"WebPage","@id":"https:\/\/www.sindicaturabarcelona.cat\/ca\/la-merce-2023-el-canvi-dubicacio-de-lescenari-de-maria-cristina-i-altres-propostes-de-la-sindicatura\/","url":"https:\/\/www.sindicaturabarcelona.cat\/ca\/la-merce-2023-el-canvi-dubicacio-de-lescenari-de-maria-cristina-i-altres-propostes-de-la-sindicatura\/","name":"La Merc\u00e8 2023: el canvi d\u2019ubicaci\u00f3 de l\u2019escenari de Maria Cristina i altres propostes de la Sindicatura - Sindicatura de Greuges de Barcelona","isPartOf":{"@id":"https:\/\/www.sindicaturabarcelona.cat\/ca\/#website"},"primaryImageOfPage":{"@id":"https:\/\/www.sindicaturabarcelona.cat\/ca\/la-merce-2023-el-canvi-dubicacio-de-lescenari-de-maria-cristina-i-altres-propostes-de-la-sindicatura\/#primaryimage"},"image":{"@id":"https:\/\/www.sindicaturabarcelona.cat\/ca\/la-merce-2023-el-canvi-dubicacio-de-lescenari-de-maria-cristina-i-altres-propostes-de-la-sindicatura\/#primaryimage"},"thumbnailUrl":"https:\/\/www.sindicaturabarcelona.cat\/wp-content\/uploads\/moment-de-lactuacio-de-la-oreja-de-v.jpg","datePublished":"2023-09-07T10:20:27+00:00","dateModified":"2023-09-20T10:22:56+00:00","description":"Fem seguiment de les recomanacions per unes festes de La Merc\u00e8 2023 m\u00e9s segures, sense aglomeracions com les viscudes l\u2019any 2019","breadcrumb":{"@id":"https:\/\/www.sindicaturabarcelona.cat\/ca\/la-merce-2023-el-canvi-dubicacio-de-lescenari-de-maria-cristina-i-altres-propostes-de-la-sindicatura\/#breadcrumb"},"inLanguage":"ca","potentialAction":[{"@type":"ReadAction","target":["https:\/\/www.sindicaturabarcelona.cat\/ca\/la-merce-2023-el-canvi-dubicacio-de-lescenari-de-maria-cristina-i-altres-propostes-de-la-sindicatura\/"]}]},{"@type":"ImageObject","inLanguage":"ca","@id":"https:\/\/www.sindicaturabarcelona.cat\/ca\/la-merce-2023-el-canvi-dubicacio-de-lescenari-de-maria-cristina-i-altres-propostes-de-la-sindicatura\/#primaryimage","url":"https:\/\/www.sindicaturabarcelona.cat\/wp-content\/uploads\/moment-de-lactuacio-de-la-oreja-de-v.jpg","contentUrl":"https:\/\/www.sindicaturabarcelona.cat\/wp-content\/uploads\/moment-de-lactuacio-de-la-oreja-de-v.jpg","width":1534,"height":1024,"caption":"Actuaci\u00f3 a l'escenari de Maria Cristina durant les festes de la Merc\u00e8"},{"@type":"BreadcrumbList","@id":"https:\/\/www.sindicaturabarcelona.cat\/ca\/la-merce-2023-el-canvi-dubicacio-de-lescenari-de-maria-cristina-i-altres-propostes-de-la-sindicatura\/#breadcrumb","itemListElement":[{"@type":"ListItem","position":1,"name":"Inici","item":"https:\/\/www.sindicaturabarcelona.cat\/ca\/"},{"@type":"ListItem","position":2,"name":"La Merc\u00e8 2023: el canvi d\u2019ubicaci\u00f3 de l\u2019escenari de Maria Cristina i altres propostes de la Sindicatura"}]},{"@type":"WebSite","@id":"https:\/\/www.sindicaturabarcelona.cat\/ca\/#website","url":"https:\/\/www.sindicaturabarcelona.cat\/ca\/","name":"Sindicatura de Greuges de Barcelona","description":"La defensoria dels teus drets","publisher":{"@id":"https:\/\/www.sindicaturabarcelona.cat\/ca\/#organization"},"potentialAction":[{"@type":"SearchAction","target":{"@type":"EntryPoint","urlTemplate":"https:\/\/www.sindicaturabarcelona.cat\/ca\/?s={search_term_string}"},"query-input":{"@type":"PropertyValueSpecification","valueRequired":true,"valueName":"search_term_string"}}],"inLanguage":"ca"},{"@type":"Organization","@id":"https:\/\/www.sindicaturabarcelona.cat\/ca\/#organization","name":"Sindicatura de Greuges de Barcelona","url":"https:\/\/www.sindicaturabarcelona.cat\/ca\/","logo":{"@type":"ImageObject","inLanguage":"ca","@id":"https:\/\/www.sindicaturabarcelona.cat\/ca\/#\/schema\/logo\/image\/","url":"https:\/\/www.sindicaturabarcelona.cat\/wp-content\/uploads\/2023\/02\/logo_sindicatura.svg","contentUrl":"https:\/\/www.sindicaturabarcelona.cat\/wp-content\/uploads\/2023\/02\/logo_sindicatura.svg","caption":"Sindicatura de Greuges de Barcelona"},"image":{"@id":"https:\/\/www.sindicaturabarcelona.cat\/ca\/#\/schema\/logo\/image\/"},"sameAs":["https:\/\/x.com\/sindicbarcelona","https:\/\/www.instagram.com\/sindicbarcelona\/","https:\/\/www.tiktok.com\/@sindicaturabcn","https:\/\/t.me\/sindicaturabarcelona"]},{"@type":"Person","@id":"https:\/\/www.sindicaturabarcelona.cat\/ca\/#\/schema\/person\/0e5acffc350ffdbc97578159322c9452","name":"Pablo","image":{"@type":"ImageObject","inLanguage":"ca","@id":"https:\/\/secure.gravatar.com\/avatar\/c948169b402ef9492afde705c3dfd5e90e1a6a84ef6840a91124f805a25a480f?s=96&d=mm&r=g","url":"https:\/\/secure.gravatar.com\/avatar\/c948169b402ef9492afde705c3dfd5e90e1a6a84ef6840a91124f805a25a480f?s=96&d=mm&r=g","contentUrl":"https:\/\/secure.gravatar.com\/avatar\/c948169b402ef9492afde705c3dfd5e90e1a6a84ef6840a91124f805a25a480f?s=96&d=mm&r=g","caption":"Pablo"},"url":"https:\/\/www.sindicaturabarcelona.cat\/ca\/author\/pablo\/"}]}},"_links":{"self":[{"href":"https:\/\/www.sindicaturabarcelona.cat\/ca\/wp-json\/wp\/v2\/posts\/30010","targetHints":{"allow":["GET"]}}],"collection":[{"href":"https:\/\/www.sindicaturabarcelona.cat\/ca\/wp-json\/wp\/v2\/posts"}],"about":[{"href":"https:\/\/www.sindicaturabarcelona.cat\/ca\/wp-json\/wp\/v2\/types\/post"}],"author":[{"embeddable":true,"href":"https:\/\/www.sindicaturabarcelona.cat\/ca\/wp-json\/wp\/v2\/users\/2"}],"replies":[{"embeddable":true,"href":"https:\/\/www.sindicaturabarcelona.cat\/ca\/wp-json\/wp\/v2\/comments?post=30010"}],"version-history":[{"count":1,"href":"https:\/\/www.sindicaturabarcelona.cat\/ca\/wp-json\/wp\/v2\/posts\/30010\/revisions"}],"predecessor-version":[{"id":30014,"href":"https:\/\/www.sindicaturabarcelona.cat\/ca\/wp-json\/wp\/v2\/posts\/30010\/revisions\/30014"}],"wp:featuredmedia":[{"embeddable":true,"href":"https:\/\/www.sindicaturabarcelona.cat\/ca\/wp-json\/wp\/v2\/media\/30011"}],"wp:attachment":[{"href":"https:\/\/www.sindicaturabarcelona.cat\/ca\/wp-json\/wp\/v2\/media?parent=30010"}],"wp:term":[{"taxonomy":"post_tag","embeddable":true,"href":"https:\/\/www.sindicaturabarcelona.cat\/ca\/wp-json\/wp\/v2\/tags?post=30010"},{"taxonomy":"drets","embeddable":true,"href":"https:\/\/www.sindicaturabarcelona.cat\/ca\/wp-json\/wp\/v2\/drets?post=30010"}],"curies":[{"name":"wp","href":"https:\/\/api.w.org\/{rel}","templated":true}]}}