{"id":30003,"date":"2023-09-15T11:47:58","date_gmt":"2023-09-15T09:47:58","guid":{"rendered":"https:\/\/www.sindicaturabarcelona.cat\/?p=30003"},"modified":"2025-04-15T08:58:56","modified_gmt":"2025-04-15T06:58:56","slug":"la-sindicatura-posa-en-valor-la-feina-dels-districtes-i-assisteix-als-plenaris-de-constitucio","status":"publish","type":"post","link":"https:\/\/www.sindicaturabarcelona.cat\/ca\/la-sindicatura-posa-en-valor-la-feina-dels-districtes-i-assisteix-als-plenaris-de-constitucio\/","title":{"rendered":"La Sindicatura destaca la feina dels districtes i assisteix als seus plenaris de constituci\u00f3"},"content":{"rendered":"\n<p>El s\u00edndic de greuges de Barcelona ha assistit aquesta setmana als plenaris de constituci\u00f3 dels districtes de Ciutat Vella i Sants-Montju\u00efc. Una pres\u00e8ncia que vol fer extensiva als 10 plenaris que s\u2019han conformat aquesta setmana. <strong>La Sindicatura desitja la millor sort i encerts als consellers i conselleres de districte i als regidories presidentes nomenats aquesta setmana<\/strong>.<\/p>\n\n\n\n<p>&nbsp;Aquest pres\u00e8ncia, t\u00e9 la voluntat d\u2019acompanyar-los durant aquest mandat i posar en valor la seva feina. Aix\u00ed mateix, espera que la col\u00b7laboraci\u00f3 entre els diferents districtes i la defensoria sigui fluida i proactiva per potenciar la resoluci\u00f3 dels conflictes de la ciutadania.<\/p>\n\n\n\n<h2 class=\"wp-block-heading\"><strong>Els districtes, clau en la proximitat de la instituci\u00f3<\/strong><\/h2>\n\n\n\n<p>La tasca dels plens de districte i de les conselleries de districte \u00e9s essencial per apropar l\u2019Ajuntament de Barcelona a la ciutadania i aconseguir una Barcelona compromesa amb el dret a la ciutat.<\/p>\n\n\n\n<p>L\u2019assist\u00e8ncia als plenaris de districte ser\u00e0 una t\u00f2nica habitual de la Sindicatura, refor\u00e7ant la seva pres\u00e8ncia a tot el territori de la ciutat. &nbsp;Juntament amb els altres projectes de territori, la Sindicatura de Greuges de Barcelona fa una forta aposta per aconseguir una major capil\u00b7laritat de la instituci\u00f3 als 73 barris de la ciutat.<\/p>\n","protected":false},"excerpt":{"rendered":"<p>El s\u00edndic de greuges de Barcelona ha assistit aquesta setmana als plenaris de constituci\u00f3 dels districtes de Ciutat Vella i Sants-Montju\u00efc. Una pres\u00e8ncia que vol fer extensiva als 10 plenaris [&hellip;]<\/p>\n","protected":false},"author":2,"featured_media":30004,"comment_status":"closed","ping_status":"closed","sticky":false,"template":"","format":"standard","meta":{"_acf_changed":false,"footnotes":""},"tags":[],"drets":[],"class_list":["post-30003","post","type-post","status-publish","format-standard","has-post-thumbnail","hentry"],"acf":[],"yoast_head":"<!-- This site is optimized with the Yoast SEO plugin v27.5 - https:\/\/yoast.com\/product\/yoast-seo-wordpress\/ -->\n<title>La Sindicatura destaca la feina dels districtes i assisteix als seus plenaris de constituci\u00f3 - Sindicatura de Greuges de Barcelona<\/title>\n<meta name=\"description\" content=\"La Sindicatura acompanya els plenaris de constituci\u00f3 dels districtes per aconseguir una major capil\u00b7laritat de la instituci\u00f3 a la ciutat.\" \/>\n<meta name=\"robots\" content=\"index, follow, max-snippet:-1, max-image-preview:large, max-video-preview:-1\" \/>\n<link rel=\"canonical\" href=\"https:\/\/www.sindicaturabarcelona.cat\/ca\/la-sindicatura-posa-en-valor-la-feina-dels-districtes-i-assisteix-als-plenaris-de-constitucio\/\" \/>\n<meta property=\"og:locale\" content=\"ca_ES\" \/>\n<meta property=\"og:type\" content=\"article\" \/>\n<meta property=\"og:title\" content=\"La Sindicatura destaca la feina dels districtes i assisteix als seus plenaris de constituci\u00f3 - Sindicatura de Greuges de Barcelona\" \/>\n<meta property=\"og:description\" content=\"La Sindicatura acompanya els plenaris de constituci\u00f3 dels districtes per aconseguir una major capil\u00b7laritat de la instituci\u00f3 a la ciutat.\" \/>\n<meta property=\"og:url\" content=\"https:\/\/www.sindicaturabarcelona.cat\/ca\/la-sindicatura-posa-en-valor-la-feina-dels-districtes-i-assisteix-als-plenaris-de-constitucio\/\" \/>\n<meta property=\"og:site_name\" content=\"Sindicatura de Greuges de Barcelona\" \/>\n<meta property=\"article:published_time\" content=\"2023-09-15T09:47:58+00:00\" \/>\n<meta property=\"article:modified_time\" content=\"2025-04-15T06:58:56+00:00\" \/>\n<meta property=\"og:image\" content=\"https:\/\/www.sindicaturabarcelona.cat\/wp-content\/uploads\/photo_2023-09-14_18-32-58.jpg\" \/>\n\t<meta property=\"og:image:width\" content=\"1280\" \/>\n\t<meta property=\"og:image:height\" content=\"960\" \/>\n\t<meta property=\"og:image:type\" content=\"image\/jpeg\" \/>\n<meta name=\"author\" content=\"Pablo\" \/>\n<meta name=\"twitter:card\" content=\"summary_large_image\" \/>\n<meta name=\"twitter:creator\" content=\"@sindicbarcelona\" \/>\n<meta name=\"twitter:site\" content=\"@sindicbarcelona\" \/>\n<meta name=\"twitter:label1\" content=\"Escrit per\" \/>\n\t<meta name=\"twitter:data1\" content=\"Pablo\" \/>\n\t<meta name=\"twitter:label2\" content=\"Temps estimat de lectura\" \/>\n\t<meta name=\"twitter:data2\" content=\"2 minuts\" \/>\n<script type=\"application\/ld+json\" class=\"yoast-schema-graph\">{\"@context\":\"https:\\\/\\\/schema.org\",\"@graph\":[{\"@type\":\"Article\",\"@id\":\"https:\\\/\\\/www.sindicaturabarcelona.cat\\\/ca\\\/la-sindicatura-posa-en-valor-la-feina-dels-districtes-i-assisteix-als-plenaris-de-constitucio\\\/#article\",\"isPartOf\":{\"@id\":\"https:\\\/\\\/www.sindicaturabarcelona.cat\\\/ca\\\/la-sindicatura-posa-en-valor-la-feina-dels-districtes-i-assisteix-als-plenaris-de-constitucio\\\/\"},\"author\":{\"name\":\"Pablo\",\"@id\":\"https:\\\/\\\/www.sindicaturabarcelona.cat\\\/ca\\\/#\\\/schema\\\/person\\\/0e5acffc350ffdbc97578159322c9452\"},\"headline\":\"La Sindicatura destaca la feina dels districtes i assisteix als seus plenaris de constituci\u00f3\",\"datePublished\":\"2023-09-15T09:47:58+00:00\",\"dateModified\":\"2025-04-15T06:58:56+00:00\",\"mainEntityOfPage\":{\"@id\":\"https:\\\/\\\/www.sindicaturabarcelona.cat\\\/ca\\\/la-sindicatura-posa-en-valor-la-feina-dels-districtes-i-assisteix-als-plenaris-de-constitucio\\\/\"},\"wordCount\":222,\"publisher\":{\"@id\":\"https:\\\/\\\/www.sindicaturabarcelona.cat\\\/ca\\\/#organization\"},\"image\":{\"@id\":\"https:\\\/\\\/www.sindicaturabarcelona.cat\\\/ca\\\/la-sindicatura-posa-en-valor-la-feina-dels-districtes-i-assisteix-als-plenaris-de-constitucio\\\/#primaryimage\"},\"thumbnailUrl\":\"https:\\\/\\\/www.sindicaturabarcelona.cat\\\/wp-content\\\/uploads\\\/photo_2023-09-14_18-32-58.jpg\",\"inLanguage\":\"ca\"},{\"@type\":\"WebPage\",\"@id\":\"https:\\\/\\\/www.sindicaturabarcelona.cat\\\/ca\\\/la-sindicatura-posa-en-valor-la-feina-dels-districtes-i-assisteix-als-plenaris-de-constitucio\\\/\",\"url\":\"https:\\\/\\\/www.sindicaturabarcelona.cat\\\/ca\\\/la-sindicatura-posa-en-valor-la-feina-dels-districtes-i-assisteix-als-plenaris-de-constitucio\\\/\",\"name\":\"La Sindicatura destaca la feina dels districtes i assisteix als seus plenaris de constituci\u00f3 - Sindicatura de Greuges de Barcelona\",\"isPartOf\":{\"@id\":\"https:\\\/\\\/www.sindicaturabarcelona.cat\\\/ca\\\/#website\"},\"primaryImageOfPage\":{\"@id\":\"https:\\\/\\\/www.sindicaturabarcelona.cat\\\/ca\\\/la-sindicatura-posa-en-valor-la-feina-dels-districtes-i-assisteix-als-plenaris-de-constitucio\\\/#primaryimage\"},\"image\":{\"@id\":\"https:\\\/\\\/www.sindicaturabarcelona.cat\\\/ca\\\/la-sindicatura-posa-en-valor-la-feina-dels-districtes-i-assisteix-als-plenaris-de-constitucio\\\/#primaryimage\"},\"thumbnailUrl\":\"https:\\\/\\\/www.sindicaturabarcelona.cat\\\/wp-content\\\/uploads\\\/photo_2023-09-14_18-32-58.jpg\",\"datePublished\":\"2023-09-15T09:47:58+00:00\",\"dateModified\":\"2025-04-15T06:58:56+00:00\",\"description\":\"La Sindicatura acompanya els plenaris de constituci\u00f3 dels districtes per aconseguir una major capil\u00b7laritat de la instituci\u00f3 a la ciutat.\",\"breadcrumb\":{\"@id\":\"https:\\\/\\\/www.sindicaturabarcelona.cat\\\/ca\\\/la-sindicatura-posa-en-valor-la-feina-dels-districtes-i-assisteix-als-plenaris-de-constitucio\\\/#breadcrumb\"},\"inLanguage\":\"ca\",\"potentialAction\":[{\"@type\":\"ReadAction\",\"target\":[\"https:\\\/\\\/www.sindicaturabarcelona.cat\\\/ca\\\/la-sindicatura-posa-en-valor-la-feina-dels-districtes-i-assisteix-als-plenaris-de-constitucio\\\/\"]}]},{\"@type\":\"ImageObject\",\"inLanguage\":\"ca\",\"@id\":\"https:\\\/\\\/www.sindicaturabarcelona.cat\\\/ca\\\/la-sindicatura-posa-en-valor-la-feina-dels-districtes-i-assisteix-als-plenaris-de-constitucio\\\/#primaryimage\",\"url\":\"https:\\\/\\\/www.sindicaturabarcelona.cat\\\/wp-content\\\/uploads\\\/photo_2023-09-14_18-32-58.jpg\",\"contentUrl\":\"https:\\\/\\\/www.sindicaturabarcelona.cat\\\/wp-content\\\/uploads\\\/photo_2023-09-14_18-32-58.jpg\",\"width\":1280,\"height\":960,\"caption\":\"El s\u00edndic de greuges assisteix al Plenari de constituci\u00f3 de Ciutat Vella\"},{\"@type\":\"BreadcrumbList\",\"@id\":\"https:\\\/\\\/www.sindicaturabarcelona.cat\\\/ca\\\/la-sindicatura-posa-en-valor-la-feina-dels-districtes-i-assisteix-als-plenaris-de-constitucio\\\/#breadcrumb\",\"itemListElement\":[{\"@type\":\"ListItem\",\"position\":1,\"name\":\"Inici\",\"item\":\"https:\\\/\\\/www.sindicaturabarcelona.cat\\\/ca\\\/\"},{\"@type\":\"ListItem\",\"position\":2,\"name\":\"La Sindicatura destaca la feina dels districtes i assisteix als seus plenaris de constituci\u00f3\"}]},{\"@type\":\"WebSite\",\"@id\":\"https:\\\/\\\/www.sindicaturabarcelona.cat\\\/ca\\\/#website\",\"url\":\"https:\\\/\\\/www.sindicaturabarcelona.cat\\\/ca\\\/\",\"name\":\"Sindicatura de Greuges de Barcelona\",\"description\":\"La defensoria dels teus drets\",\"publisher\":{\"@id\":\"https:\\\/\\\/www.sindicaturabarcelona.cat\\\/ca\\\/#organization\"},\"potentialAction\":[{\"@type\":\"SearchAction\",\"target\":{\"@type\":\"EntryPoint\",\"urlTemplate\":\"https:\\\/\\\/www.sindicaturabarcelona.cat\\\/ca\\\/?s={search_term_string}\"},\"query-input\":{\"@type\":\"PropertyValueSpecification\",\"valueRequired\":true,\"valueName\":\"search_term_string\"}}],\"inLanguage\":\"ca\"},{\"@type\":\"Organization\",\"@id\":\"https:\\\/\\\/www.sindicaturabarcelona.cat\\\/ca\\\/#organization\",\"name\":\"Sindicatura de Greuges de Barcelona\",\"url\":\"https:\\\/\\\/www.sindicaturabarcelona.cat\\\/ca\\\/\",\"logo\":{\"@type\":\"ImageObject\",\"inLanguage\":\"ca\",\"@id\":\"https:\\\/\\\/www.sindicaturabarcelona.cat\\\/ca\\\/#\\\/schema\\\/logo\\\/image\\\/\",\"url\":\"https:\\\/\\\/www.sindicaturabarcelona.cat\\\/wp-content\\\/uploads\\\/2023\\\/02\\\/logo_sindicatura.svg\",\"contentUrl\":\"https:\\\/\\\/www.sindicaturabarcelona.cat\\\/wp-content\\\/uploads\\\/2023\\\/02\\\/logo_sindicatura.svg\",\"caption\":\"Sindicatura de Greuges de Barcelona\"},\"image\":{\"@id\":\"https:\\\/\\\/www.sindicaturabarcelona.cat\\\/ca\\\/#\\\/schema\\\/logo\\\/image\\\/\"},\"sameAs\":[\"https:\\\/\\\/x.com\\\/sindicbarcelona\",\"https:\\\/\\\/www.instagram.com\\\/sindicbarcelona\\\/\",\"https:\\\/\\\/www.tiktok.com\\\/@sindicaturabcn\",\"https:\\\/\\\/t.me\\\/sindicaturabarcelona\"]},{\"@type\":\"Person\",\"@id\":\"https:\\\/\\\/www.sindicaturabarcelona.cat\\\/ca\\\/#\\\/schema\\\/person\\\/0e5acffc350ffdbc97578159322c9452\",\"name\":\"Pablo\",\"image\":{\"@type\":\"ImageObject\",\"inLanguage\":\"ca\",\"@id\":\"https:\\\/\\\/secure.gravatar.com\\\/avatar\\\/c948169b402ef9492afde705c3dfd5e90e1a6a84ef6840a91124f805a25a480f?s=96&d=mm&r=g\",\"url\":\"https:\\\/\\\/secure.gravatar.com\\\/avatar\\\/c948169b402ef9492afde705c3dfd5e90e1a6a84ef6840a91124f805a25a480f?s=96&d=mm&r=g\",\"contentUrl\":\"https:\\\/\\\/secure.gravatar.com\\\/avatar\\\/c948169b402ef9492afde705c3dfd5e90e1a6a84ef6840a91124f805a25a480f?s=96&d=mm&r=g\",\"caption\":\"Pablo\"},\"url\":\"https:\\\/\\\/www.sindicaturabarcelona.cat\\\/ca\\\/author\\\/pablo\\\/\"}]}<\/script>\n<!-- \/ Yoast SEO plugin. -->","yoast_head_json":{"title":"La Sindicatura destaca la feina dels districtes i assisteix als seus plenaris de constituci\u00f3 - Sindicatura de Greuges de Barcelona","description":"La Sindicatura acompanya els plenaris de constituci\u00f3 dels districtes per aconseguir una major capil\u00b7laritat de la instituci\u00f3 a la ciutat.","robots":{"index":"index","follow":"follow","max-snippet":"max-snippet:-1","max-image-preview":"max-image-preview:large","max-video-preview":"max-video-preview:-1"},"canonical":"https:\/\/www.sindicaturabarcelona.cat\/ca\/la-sindicatura-posa-en-valor-la-feina-dels-districtes-i-assisteix-als-plenaris-de-constitucio\/","og_locale":"ca_ES","og_type":"article","og_title":"La Sindicatura destaca la feina dels districtes i assisteix als seus plenaris de constituci\u00f3 - Sindicatura de Greuges de Barcelona","og_description":"La Sindicatura acompanya els plenaris de constituci\u00f3 dels districtes per aconseguir una major capil\u00b7laritat de la instituci\u00f3 a la ciutat.","og_url":"https:\/\/www.sindicaturabarcelona.cat\/ca\/la-sindicatura-posa-en-valor-la-feina-dels-districtes-i-assisteix-als-plenaris-de-constitucio\/","og_site_name":"Sindicatura de Greuges de Barcelona","article_published_time":"2023-09-15T09:47:58+00:00","article_modified_time":"2025-04-15T06:58:56+00:00","og_image":[{"width":1280,"height":960,"url":"https:\/\/www.sindicaturabarcelona.cat\/wp-content\/uploads\/photo_2023-09-14_18-32-58.jpg","type":"image\/jpeg"}],"author":"Pablo","twitter_card":"summary_large_image","twitter_creator":"@sindicbarcelona","twitter_site":"@sindicbarcelona","twitter_misc":{"Escrit per":"Pablo","Temps estimat de lectura":"2 minuts"},"schema":{"@context":"https:\/\/schema.org","@graph":[{"@type":"Article","@id":"https:\/\/www.sindicaturabarcelona.cat\/ca\/la-sindicatura-posa-en-valor-la-feina-dels-districtes-i-assisteix-als-plenaris-de-constitucio\/#article","isPartOf":{"@id":"https:\/\/www.sindicaturabarcelona.cat\/ca\/la-sindicatura-posa-en-valor-la-feina-dels-districtes-i-assisteix-als-plenaris-de-constitucio\/"},"author":{"name":"Pablo","@id":"https:\/\/www.sindicaturabarcelona.cat\/ca\/#\/schema\/person\/0e5acffc350ffdbc97578159322c9452"},"headline":"La Sindicatura destaca la feina dels districtes i assisteix als seus plenaris de constituci\u00f3","datePublished":"2023-09-15T09:47:58+00:00","dateModified":"2025-04-15T06:58:56+00:00","mainEntityOfPage":{"@id":"https:\/\/www.sindicaturabarcelona.cat\/ca\/la-sindicatura-posa-en-valor-la-feina-dels-districtes-i-assisteix-als-plenaris-de-constitucio\/"},"wordCount":222,"publisher":{"@id":"https:\/\/www.sindicaturabarcelona.cat\/ca\/#organization"},"image":{"@id":"https:\/\/www.sindicaturabarcelona.cat\/ca\/la-sindicatura-posa-en-valor-la-feina-dels-districtes-i-assisteix-als-plenaris-de-constitucio\/#primaryimage"},"thumbnailUrl":"https:\/\/www.sindicaturabarcelona.cat\/wp-content\/uploads\/photo_2023-09-14_18-32-58.jpg","inLanguage":"ca"},{"@type":"WebPage","@id":"https:\/\/www.sindicaturabarcelona.cat\/ca\/la-sindicatura-posa-en-valor-la-feina-dels-districtes-i-assisteix-als-plenaris-de-constitucio\/","url":"https:\/\/www.sindicaturabarcelona.cat\/ca\/la-sindicatura-posa-en-valor-la-feina-dels-districtes-i-assisteix-als-plenaris-de-constitucio\/","name":"La Sindicatura destaca la feina dels districtes i assisteix als seus plenaris de constituci\u00f3 - Sindicatura de Greuges de Barcelona","isPartOf":{"@id":"https:\/\/www.sindicaturabarcelona.cat\/ca\/#website"},"primaryImageOfPage":{"@id":"https:\/\/www.sindicaturabarcelona.cat\/ca\/la-sindicatura-posa-en-valor-la-feina-dels-districtes-i-assisteix-als-plenaris-de-constitucio\/#primaryimage"},"image":{"@id":"https:\/\/www.sindicaturabarcelona.cat\/ca\/la-sindicatura-posa-en-valor-la-feina-dels-districtes-i-assisteix-als-plenaris-de-constitucio\/#primaryimage"},"thumbnailUrl":"https:\/\/www.sindicaturabarcelona.cat\/wp-content\/uploads\/photo_2023-09-14_18-32-58.jpg","datePublished":"2023-09-15T09:47:58+00:00","dateModified":"2025-04-15T06:58:56+00:00","description":"La Sindicatura acompanya els plenaris de constituci\u00f3 dels districtes per aconseguir una major capil\u00b7laritat de la instituci\u00f3 a la ciutat.","breadcrumb":{"@id":"https:\/\/www.sindicaturabarcelona.cat\/ca\/la-sindicatura-posa-en-valor-la-feina-dels-districtes-i-assisteix-als-plenaris-de-constitucio\/#breadcrumb"},"inLanguage":"ca","potentialAction":[{"@type":"ReadAction","target":["https:\/\/www.sindicaturabarcelona.cat\/ca\/la-sindicatura-posa-en-valor-la-feina-dels-districtes-i-assisteix-als-plenaris-de-constitucio\/"]}]},{"@type":"ImageObject","inLanguage":"ca","@id":"https:\/\/www.sindicaturabarcelona.cat\/ca\/la-sindicatura-posa-en-valor-la-feina-dels-districtes-i-assisteix-als-plenaris-de-constitucio\/#primaryimage","url":"https:\/\/www.sindicaturabarcelona.cat\/wp-content\/uploads\/photo_2023-09-14_18-32-58.jpg","contentUrl":"https:\/\/www.sindicaturabarcelona.cat\/wp-content\/uploads\/photo_2023-09-14_18-32-58.jpg","width":1280,"height":960,"caption":"El s\u00edndic de greuges assisteix al Plenari de constituci\u00f3 de Ciutat Vella"},{"@type":"BreadcrumbList","@id":"https:\/\/www.sindicaturabarcelona.cat\/ca\/la-sindicatura-posa-en-valor-la-feina-dels-districtes-i-assisteix-als-plenaris-de-constitucio\/#breadcrumb","itemListElement":[{"@type":"ListItem","position":1,"name":"Inici","item":"https:\/\/www.sindicaturabarcelona.cat\/ca\/"},{"@type":"ListItem","position":2,"name":"La Sindicatura destaca la feina dels districtes i assisteix als seus plenaris de constituci\u00f3"}]},{"@type":"WebSite","@id":"https:\/\/www.sindicaturabarcelona.cat\/ca\/#website","url":"https:\/\/www.sindicaturabarcelona.cat\/ca\/","name":"Sindicatura de Greuges de Barcelona","description":"La defensoria dels teus drets","publisher":{"@id":"https:\/\/www.sindicaturabarcelona.cat\/ca\/#organization"},"potentialAction":[{"@type":"SearchAction","target":{"@type":"EntryPoint","urlTemplate":"https:\/\/www.sindicaturabarcelona.cat\/ca\/?s={search_term_string}"},"query-input":{"@type":"PropertyValueSpecification","valueRequired":true,"valueName":"search_term_string"}}],"inLanguage":"ca"},{"@type":"Organization","@id":"https:\/\/www.sindicaturabarcelona.cat\/ca\/#organization","name":"Sindicatura de Greuges de Barcelona","url":"https:\/\/www.sindicaturabarcelona.cat\/ca\/","logo":{"@type":"ImageObject","inLanguage":"ca","@id":"https:\/\/www.sindicaturabarcelona.cat\/ca\/#\/schema\/logo\/image\/","url":"https:\/\/www.sindicaturabarcelona.cat\/wp-content\/uploads\/2023\/02\/logo_sindicatura.svg","contentUrl":"https:\/\/www.sindicaturabarcelona.cat\/wp-content\/uploads\/2023\/02\/logo_sindicatura.svg","caption":"Sindicatura de Greuges de Barcelona"},"image":{"@id":"https:\/\/www.sindicaturabarcelona.cat\/ca\/#\/schema\/logo\/image\/"},"sameAs":["https:\/\/x.com\/sindicbarcelona","https:\/\/www.instagram.com\/sindicbarcelona\/","https:\/\/www.tiktok.com\/@sindicaturabcn","https:\/\/t.me\/sindicaturabarcelona"]},{"@type":"Person","@id":"https:\/\/www.sindicaturabarcelona.cat\/ca\/#\/schema\/person\/0e5acffc350ffdbc97578159322c9452","name":"Pablo","image":{"@type":"ImageObject","inLanguage":"ca","@id":"https:\/\/secure.gravatar.com\/avatar\/c948169b402ef9492afde705c3dfd5e90e1a6a84ef6840a91124f805a25a480f?s=96&d=mm&r=g","url":"https:\/\/secure.gravatar.com\/avatar\/c948169b402ef9492afde705c3dfd5e90e1a6a84ef6840a91124f805a25a480f?s=96&d=mm&r=g","contentUrl":"https:\/\/secure.gravatar.com\/avatar\/c948169b402ef9492afde705c3dfd5e90e1a6a84ef6840a91124f805a25a480f?s=96&d=mm&r=g","caption":"Pablo"},"url":"https:\/\/www.sindicaturabarcelona.cat\/ca\/author\/pablo\/"}]}},"_links":{"self":[{"href":"https:\/\/www.sindicaturabarcelona.cat\/ca\/wp-json\/wp\/v2\/posts\/30003","targetHints":{"allow":["GET"]}}],"collection":[{"href":"https:\/\/www.sindicaturabarcelona.cat\/ca\/wp-json\/wp\/v2\/posts"}],"about":[{"href":"https:\/\/www.sindicaturabarcelona.cat\/ca\/wp-json\/wp\/v2\/types\/post"}],"author":[{"embeddable":true,"href":"https:\/\/www.sindicaturabarcelona.cat\/ca\/wp-json\/wp\/v2\/users\/2"}],"replies":[{"embeddable":true,"href":"https:\/\/www.sindicaturabarcelona.cat\/ca\/wp-json\/wp\/v2\/comments?post=30003"}],"version-history":[{"count":2,"href":"https:\/\/www.sindicaturabarcelona.cat\/ca\/wp-json\/wp\/v2\/posts\/30003\/revisions"}],"predecessor-version":[{"id":37026,"href":"https:\/\/www.sindicaturabarcelona.cat\/ca\/wp-json\/wp\/v2\/posts\/30003\/revisions\/37026"}],"wp:featuredmedia":[{"embeddable":true,"href":"https:\/\/www.sindicaturabarcelona.cat\/ca\/wp-json\/wp\/v2\/media\/30004"}],"wp:attachment":[{"href":"https:\/\/www.sindicaturabarcelona.cat\/ca\/wp-json\/wp\/v2\/media?parent=30003"}],"wp:term":[{"taxonomy":"post_tag","embeddable":true,"href":"https:\/\/www.sindicaturabarcelona.cat\/ca\/wp-json\/wp\/v2\/tags?post=30003"},{"taxonomy":"drets","embeddable":true,"href":"https:\/\/www.sindicaturabarcelona.cat\/ca\/wp-json\/wp\/v2\/drets?post=30003"}],"curies":[{"name":"wp","href":"https:\/\/api.w.org\/{rel}","templated":true}]}}