{"id":29993,"date":"2023-09-20T10:55:56","date_gmt":"2023-09-20T08:55:56","guid":{"rendered":"https:\/\/www.sindicaturabarcelona.cat\/?p=29993"},"modified":"2023-09-20T11:07:49","modified_gmt":"2023-09-20T09:07:49","slug":"la-sindicatura-demana-a-nou-barris-una-solucio-per-al-veinat-del-carrer-alcantara","status":"publish","type":"post","link":"https:\/\/www.sindicaturabarcelona.cat\/ca\/la-sindicatura-demana-a-nou-barris-una-solucio-per-al-veinat-del-carrer-alcantara\/","title":{"rendered":"La Sindicatura demana al Districte de Nou Barris una soluci\u00f3 per al ve\u00efnat del carrer Alc\u00e0ntara"},"content":{"rendered":"\n<h2 class=\"wp-block-heading\"><strong>Conviuen amb una manca d\u2019intimitat i intromissions il\u00b7leg\u00edtimes per la proximitat als seus balcons d\u2019una passarel\u00b7la p\u00fablica &nbsp;<\/strong><\/h2>\n\n\n\n<p>La Sindicatura de Greuges de Barcelona reclama de nou al Districte de Nou Barris <strong>una soluci\u00f3 pels ve\u00efns i ve\u00efnes afectades per la manca d\u2019intimitat i seguretat que ocasiona la passarel\u00b7la entre ascensors del carrer Alc\u00e0ntara<\/strong>.<\/p>\n\n\n\n<p>La defensoria ja es va posicionar respecte aquest cas amb una <a href=\"https:\/\/www.sindicaturabarcelona.cat\/ca\/la-passarella-del-carrer-alcantara-la-sindicatura-proposa-actuacions-similars-a-les-de-la-passarella-de-sants-o-el-carrer-rosari-pi-perque-el-veinat-recuperi-la-seva-intimitat\/\">resoluci\u00f3 al juliol de 2022, proposant diferents solucions<\/a>. Posteriorment, tamb\u00e9 s\u2019ha reunit en diverses ocasions amb responsables del Districte i de l\u2019\u00c0rea d\u2019Urbanisme per arribar a acords d\u2019actuaci\u00f3. Per\u00f2 aquests no s\u2019ha complert i <strong>el ve\u00efnat espera encara l\u2019actuaci\u00f3 de l\u2019ens municipal<\/strong>.<\/p>\n\n\n\n<h3 class=\"wp-block-heading\"><strong>Un problema que ve de lluny<\/strong><strong><\/strong><\/h3>\n\n\n\n<p>El novembre de 2020, dues persones ve\u00efnes d\u2019una finca del carrer Alc\u00e0ntara van presentar una queixa a la Sindicatura per la situaci\u00f3 d\u2019una passarel\u00b7la que uneix dos ascensors en un tram d\u2019escales a l\u2019al\u00e7ada de la seva finca.<\/p>\n\n\n\n<p>La passarel\u00b7la queda just a l\u2019al\u00e7ada dels seus balcons i a pocs metres dels seus habitatges i, en conseq\u00fc\u00e8ncia, la seva intimitat i seguretat es troba afectada. Malgrat plantejar el problema al <a href=\"https:\/\/ajuntament.barcelona.cat\/noubarris\/ca\">Districte<\/a>, no rebien resposta.<\/p>\n\n\n\n<p>Despr\u00e9s d\u2019estudiar la queixa, la Sindicatura va recomanar al juliol de 2022 que es don\u00e9s resposta a aquestes persones, proposant algunes possibles solucions. Aquestes es van descartar per motius t\u00e8cnics i, despr\u00e9s d\u2019una mediaci\u00f3 \u2013incloent una visita als pisos m\u00e9s perjudicats- per part de la defensoria, <strong>es va acordar que des del Districte es visitarien els immobles afectats per con\u00e8ixer de primera m\u00e0 la realitat amb que conviuen aquestes persones<\/strong>. Tanmateix, aquesta visita no s\u2019ha fet i les persones afectades segueixen veient la seva quotidianitat compromesa.<\/p>\n\n\n\n<p>Per aquesta ra\u00f3, <strong>des de la Sindicatura de Greuges de Barcelona demanem l\u2019actuaci\u00f3 del Districte de Nou Barris, segons els acords als quals es va arribar<\/strong>, que contemplaven la visita als habitatges afectats per part d\u2019un t\u00e8cnic del districte i la valoraci\u00f3 d\u2019opcions concretes per la passarel\u00b7la en el punt esmentat.<\/p>\n\n\n\n<h3 class=\"wp-block-heading\"><strong>Una atenci\u00f3 i informaci\u00f3 inadequada<\/strong><strong><\/strong><\/h3>\n\n\n\n<p>M\u00e9s enll\u00e0 de la complexitat que pugui suposar trobar una soluci\u00f3 adequada a un conflicte com aquest, <strong>la Sindicatura de Greuges de Barcelona considera important que el ve\u00efnat rebi una atenci\u00f3 i informaci\u00f3 adequada<\/strong> quan es tracta d\u2019un problema de seguretat i intimitat com l\u2019esmentat, al que malauradament han de fer front di\u00e0riament les persones afectades.<\/p>\n\n\n\n<p>L\u2019Ajuntament de Barcelona ha de vetllar per ser una administraci\u00f3 que garanteixi els drets de ciutadania i actu\u00ef amb dilig\u00e8ncia davant de possibles vulneracions. Des d\u2019aquesta perspectiva, \u00e9s preocupant la manca d\u2019actuaci\u00f3 del Districte de Nou Barris, tot i els esfor\u00e7os efectuats per la Sindicatura de Greuges de Barcelona. Recordem que els \u00f2rgans municipals tenen el deure de col\u00b7laboraci\u00f3 envers la defensoria de la ciutat.<\/p>\n","protected":false},"excerpt":{"rendered":"<p>Conviuen amb una manca d\u2019intimitat i intromissions il\u00b7leg\u00edtimes per la proximitat als seus balcons d\u2019una passarel\u00b7la p\u00fablica &nbsp; La Sindicatura de Greuges de Barcelona reclama de nou al Districte de [&hellip;]<\/p>\n","protected":false},"author":2,"featured_media":14737,"comment_status":"closed","ping_status":"closed","sticky":false,"template":"","format":"standard","meta":{"_acf_changed":false,"footnotes":""},"tags":[],"drets":[1438,1446],"class_list":["post-29993","post","type-post","status-publish","format-standard","has-post-thumbnail","hentry","drets-ciutat-habitable-i-sostenible","drets-dret-a-lespai-public"],"acf":[],"yoast_head":"<!-- This site is optimized with the Yoast SEO plugin v27.5 - https:\/\/yoast.com\/product\/yoast-seo-wordpress\/ -->\n<title>La Sindicatura demana al Districte de Nou Barris una soluci\u00f3 per al ve\u00efnat del carrer Alc\u00e0ntara - Sindicatura de Greuges de Barcelona<\/title>\n<meta name=\"description\" content=\"Al carrer Alc\u00e0ntara es dona una manca d\u2019intimitat i intromissions il\u00b7leg\u00edtimes per la proximitat als seus balcons d\u2019una passarel\u00b7la p\u00fablica \u00a0\" \/>\n<meta name=\"robots\" content=\"index, follow, max-snippet:-1, max-image-preview:large, max-video-preview:-1\" \/>\n<link rel=\"canonical\" href=\"https:\/\/www.sindicaturabarcelona.cat\/ca\/la-sindicatura-demana-a-nou-barris-una-solucio-per-al-veinat-del-carrer-alcantara\/\" \/>\n<meta property=\"og:locale\" content=\"ca_ES\" \/>\n<meta property=\"og:type\" content=\"article\" \/>\n<meta property=\"og:title\" content=\"La Sindicatura demana al Districte de Nou Barris una soluci\u00f3 per al ve\u00efnat del carrer Alc\u00e0ntara - Sindicatura de Greuges de Barcelona\" \/>\n<meta property=\"og:description\" content=\"Al carrer Alc\u00e0ntara es dona una manca d\u2019intimitat i intromissions il\u00b7leg\u00edtimes per la proximitat als seus balcons d\u2019una passarel\u00b7la p\u00fablica \u00a0\" \/>\n<meta property=\"og:url\" content=\"https:\/\/www.sindicaturabarcelona.cat\/ca\/la-sindicatura-demana-a-nou-barris-una-solucio-per-al-veinat-del-carrer-alcantara\/\" \/>\n<meta property=\"og:site_name\" content=\"Sindicatura de Greuges de Barcelona\" \/>\n<meta property=\"article:published_time\" content=\"2023-09-20T08:55:56+00:00\" \/>\n<meta property=\"article:modified_time\" content=\"2023-09-20T09:07:49+00:00\" \/>\n<meta property=\"og:image\" content=\"https:\/\/www.sindicaturabarcelona.cat\/wp-content\/uploads\/2022\/08\/WhatsApp-Image-2022-08-16-at-11.28.53.jpeg\" \/>\n\t<meta property=\"og:image:width\" content=\"1532\" \/>\n\t<meta property=\"og:image:height\" content=\"2048\" \/>\n\t<meta property=\"og:image:type\" content=\"image\/jpeg\" \/>\n<meta name=\"author\" content=\"Pablo\" \/>\n<meta name=\"twitter:card\" content=\"summary_large_image\" \/>\n<meta name=\"twitter:creator\" content=\"@sindicbarcelona\" \/>\n<meta name=\"twitter:site\" content=\"@sindicbarcelona\" \/>\n<meta name=\"twitter:label1\" content=\"Escrit per\" \/>\n\t<meta name=\"twitter:data1\" content=\"Pablo\" \/>\n\t<meta name=\"twitter:label2\" content=\"Temps estimat de lectura\" \/>\n\t<meta name=\"twitter:data2\" content=\"3 minuts\" \/>\n<script type=\"application\/ld+json\" class=\"yoast-schema-graph\">{\"@context\":\"https:\\\/\\\/schema.org\",\"@graph\":[{\"@type\":\"Article\",\"@id\":\"https:\\\/\\\/www.sindicaturabarcelona.cat\\\/ca\\\/la-sindicatura-demana-a-nou-barris-una-solucio-per-al-veinat-del-carrer-alcantara\\\/#article\",\"isPartOf\":{\"@id\":\"https:\\\/\\\/www.sindicaturabarcelona.cat\\\/ca\\\/la-sindicatura-demana-a-nou-barris-una-solucio-per-al-veinat-del-carrer-alcantara\\\/\"},\"author\":{\"name\":\"Pablo\",\"@id\":\"https:\\\/\\\/www.sindicaturabarcelona.cat\\\/ca\\\/#\\\/schema\\\/person\\\/0e5acffc350ffdbc97578159322c9452\"},\"headline\":\"La Sindicatura demana al Districte de Nou Barris una soluci\u00f3 per al ve\u00efnat del carrer Alc\u00e0ntara\",\"datePublished\":\"2023-09-20T08:55:56+00:00\",\"dateModified\":\"2023-09-20T09:07:49+00:00\",\"mainEntityOfPage\":{\"@id\":\"https:\\\/\\\/www.sindicaturabarcelona.cat\\\/ca\\\/la-sindicatura-demana-a-nou-barris-una-solucio-per-al-veinat-del-carrer-alcantara\\\/\"},\"wordCount\":521,\"publisher\":{\"@id\":\"https:\\\/\\\/www.sindicaturabarcelona.cat\\\/ca\\\/#organization\"},\"image\":{\"@id\":\"https:\\\/\\\/www.sindicaturabarcelona.cat\\\/ca\\\/la-sindicatura-demana-a-nou-barris-una-solucio-per-al-veinat-del-carrer-alcantara\\\/#primaryimage\"},\"thumbnailUrl\":\"https:\\\/\\\/www.sindicaturabarcelona.cat\\\/wp-content\\\/uploads\\\/2022\\\/08\\\/WhatsApp-Image-2022-08-16-at-11.28.53.jpeg\",\"inLanguage\":\"ca\"},{\"@type\":\"WebPage\",\"@id\":\"https:\\\/\\\/www.sindicaturabarcelona.cat\\\/ca\\\/la-sindicatura-demana-a-nou-barris-una-solucio-per-al-veinat-del-carrer-alcantara\\\/\",\"url\":\"https:\\\/\\\/www.sindicaturabarcelona.cat\\\/ca\\\/la-sindicatura-demana-a-nou-barris-una-solucio-per-al-veinat-del-carrer-alcantara\\\/\",\"name\":\"La Sindicatura demana al Districte de Nou Barris una soluci\u00f3 per al ve\u00efnat del carrer Alc\u00e0ntara - Sindicatura de Greuges de Barcelona\",\"isPartOf\":{\"@id\":\"https:\\\/\\\/www.sindicaturabarcelona.cat\\\/ca\\\/#website\"},\"primaryImageOfPage\":{\"@id\":\"https:\\\/\\\/www.sindicaturabarcelona.cat\\\/ca\\\/la-sindicatura-demana-a-nou-barris-una-solucio-per-al-veinat-del-carrer-alcantara\\\/#primaryimage\"},\"image\":{\"@id\":\"https:\\\/\\\/www.sindicaturabarcelona.cat\\\/ca\\\/la-sindicatura-demana-a-nou-barris-una-solucio-per-al-veinat-del-carrer-alcantara\\\/#primaryimage\"},\"thumbnailUrl\":\"https:\\\/\\\/www.sindicaturabarcelona.cat\\\/wp-content\\\/uploads\\\/2022\\\/08\\\/WhatsApp-Image-2022-08-16-at-11.28.53.jpeg\",\"datePublished\":\"2023-09-20T08:55:56+00:00\",\"dateModified\":\"2023-09-20T09:07:49+00:00\",\"description\":\"Al carrer Alc\u00e0ntara es dona una manca d\u2019intimitat i intromissions il\u00b7leg\u00edtimes per la proximitat als seus balcons d\u2019una passarel\u00b7la p\u00fablica \u00a0\",\"breadcrumb\":{\"@id\":\"https:\\\/\\\/www.sindicaturabarcelona.cat\\\/ca\\\/la-sindicatura-demana-a-nou-barris-una-solucio-per-al-veinat-del-carrer-alcantara\\\/#breadcrumb\"},\"inLanguage\":\"ca\",\"potentialAction\":[{\"@type\":\"ReadAction\",\"target\":[\"https:\\\/\\\/www.sindicaturabarcelona.cat\\\/ca\\\/la-sindicatura-demana-a-nou-barris-una-solucio-per-al-veinat-del-carrer-alcantara\\\/\"]}]},{\"@type\":\"ImageObject\",\"inLanguage\":\"ca\",\"@id\":\"https:\\\/\\\/www.sindicaturabarcelona.cat\\\/ca\\\/la-sindicatura-demana-a-nou-barris-una-solucio-per-al-veinat-del-carrer-alcantara\\\/#primaryimage\",\"url\":\"https:\\\/\\\/www.sindicaturabarcelona.cat\\\/wp-content\\\/uploads\\\/2022\\\/08\\\/WhatsApp-Image-2022-08-16-at-11.28.53.jpeg\",\"contentUrl\":\"https:\\\/\\\/www.sindicaturabarcelona.cat\\\/wp-content\\\/uploads\\\/2022\\\/08\\\/WhatsApp-Image-2022-08-16-at-11.28.53.jpeg\",\"width\":1532,\"height\":2048,\"caption\":\"Passarel\u00b7la carrer Alc\u00e0ntara\"},{\"@type\":\"BreadcrumbList\",\"@id\":\"https:\\\/\\\/www.sindicaturabarcelona.cat\\\/ca\\\/la-sindicatura-demana-a-nou-barris-una-solucio-per-al-veinat-del-carrer-alcantara\\\/#breadcrumb\",\"itemListElement\":[{\"@type\":\"ListItem\",\"position\":1,\"name\":\"Inici\",\"item\":\"https:\\\/\\\/www.sindicaturabarcelona.cat\\\/ca\\\/\"},{\"@type\":\"ListItem\",\"position\":2,\"name\":\"La Sindicatura demana al Districte de Nou Barris una soluci\u00f3 per al ve\u00efnat del carrer Alc\u00e0ntara\"}]},{\"@type\":\"WebSite\",\"@id\":\"https:\\\/\\\/www.sindicaturabarcelona.cat\\\/ca\\\/#website\",\"url\":\"https:\\\/\\\/www.sindicaturabarcelona.cat\\\/ca\\\/\",\"name\":\"Sindicatura de Greuges de Barcelona\",\"description\":\"La defensoria dels teus drets\",\"publisher\":{\"@id\":\"https:\\\/\\\/www.sindicaturabarcelona.cat\\\/ca\\\/#organization\"},\"potentialAction\":[{\"@type\":\"SearchAction\",\"target\":{\"@type\":\"EntryPoint\",\"urlTemplate\":\"https:\\\/\\\/www.sindicaturabarcelona.cat\\\/ca\\\/?s={search_term_string}\"},\"query-input\":{\"@type\":\"PropertyValueSpecification\",\"valueRequired\":true,\"valueName\":\"search_term_string\"}}],\"inLanguage\":\"ca\"},{\"@type\":\"Organization\",\"@id\":\"https:\\\/\\\/www.sindicaturabarcelona.cat\\\/ca\\\/#organization\",\"name\":\"Sindicatura de Greuges de Barcelona\",\"url\":\"https:\\\/\\\/www.sindicaturabarcelona.cat\\\/ca\\\/\",\"logo\":{\"@type\":\"ImageObject\",\"inLanguage\":\"ca\",\"@id\":\"https:\\\/\\\/www.sindicaturabarcelona.cat\\\/ca\\\/#\\\/schema\\\/logo\\\/image\\\/\",\"url\":\"https:\\\/\\\/www.sindicaturabarcelona.cat\\\/wp-content\\\/uploads\\\/2023\\\/02\\\/logo_sindicatura.svg\",\"contentUrl\":\"https:\\\/\\\/www.sindicaturabarcelona.cat\\\/wp-content\\\/uploads\\\/2023\\\/02\\\/logo_sindicatura.svg\",\"caption\":\"Sindicatura de Greuges de Barcelona\"},\"image\":{\"@id\":\"https:\\\/\\\/www.sindicaturabarcelona.cat\\\/ca\\\/#\\\/schema\\\/logo\\\/image\\\/\"},\"sameAs\":[\"https:\\\/\\\/x.com\\\/sindicbarcelona\",\"https:\\\/\\\/www.instagram.com\\\/sindicbarcelona\\\/\",\"https:\\\/\\\/www.tiktok.com\\\/@sindicaturabcn\",\"https:\\\/\\\/t.me\\\/sindicaturabarcelona\"]},{\"@type\":\"Person\",\"@id\":\"https:\\\/\\\/www.sindicaturabarcelona.cat\\\/ca\\\/#\\\/schema\\\/person\\\/0e5acffc350ffdbc97578159322c9452\",\"name\":\"Pablo\",\"image\":{\"@type\":\"ImageObject\",\"inLanguage\":\"ca\",\"@id\":\"https:\\\/\\\/secure.gravatar.com\\\/avatar\\\/c948169b402ef9492afde705c3dfd5e90e1a6a84ef6840a91124f805a25a480f?s=96&d=mm&r=g\",\"url\":\"https:\\\/\\\/secure.gravatar.com\\\/avatar\\\/c948169b402ef9492afde705c3dfd5e90e1a6a84ef6840a91124f805a25a480f?s=96&d=mm&r=g\",\"contentUrl\":\"https:\\\/\\\/secure.gravatar.com\\\/avatar\\\/c948169b402ef9492afde705c3dfd5e90e1a6a84ef6840a91124f805a25a480f?s=96&d=mm&r=g\",\"caption\":\"Pablo\"},\"url\":\"https:\\\/\\\/www.sindicaturabarcelona.cat\\\/ca\\\/author\\\/pablo\\\/\"}]}<\/script>\n<!-- \/ Yoast SEO plugin. -->","yoast_head_json":{"title":"La Sindicatura demana al Districte de Nou Barris una soluci\u00f3 per al ve\u00efnat del carrer Alc\u00e0ntara - Sindicatura de Greuges de Barcelona","description":"Al carrer Alc\u00e0ntara es dona una manca d\u2019intimitat i intromissions il\u00b7leg\u00edtimes per la proximitat als seus balcons d\u2019una passarel\u00b7la p\u00fablica \u00a0","robots":{"index":"index","follow":"follow","max-snippet":"max-snippet:-1","max-image-preview":"max-image-preview:large","max-video-preview":"max-video-preview:-1"},"canonical":"https:\/\/www.sindicaturabarcelona.cat\/ca\/la-sindicatura-demana-a-nou-barris-una-solucio-per-al-veinat-del-carrer-alcantara\/","og_locale":"ca_ES","og_type":"article","og_title":"La Sindicatura demana al Districte de Nou Barris una soluci\u00f3 per al ve\u00efnat del carrer Alc\u00e0ntara - Sindicatura de Greuges de Barcelona","og_description":"Al carrer Alc\u00e0ntara es dona una manca d\u2019intimitat i intromissions il\u00b7leg\u00edtimes per la proximitat als seus balcons d\u2019una passarel\u00b7la p\u00fablica \u00a0","og_url":"https:\/\/www.sindicaturabarcelona.cat\/ca\/la-sindicatura-demana-a-nou-barris-una-solucio-per-al-veinat-del-carrer-alcantara\/","og_site_name":"Sindicatura de Greuges de Barcelona","article_published_time":"2023-09-20T08:55:56+00:00","article_modified_time":"2023-09-20T09:07:49+00:00","og_image":[{"width":1532,"height":2048,"url":"https:\/\/www.sindicaturabarcelona.cat\/wp-content\/uploads\/2022\/08\/WhatsApp-Image-2022-08-16-at-11.28.53.jpeg","type":"image\/jpeg"}],"author":"Pablo","twitter_card":"summary_large_image","twitter_creator":"@sindicbarcelona","twitter_site":"@sindicbarcelona","twitter_misc":{"Escrit per":"Pablo","Temps estimat de lectura":"3 minuts"},"schema":{"@context":"https:\/\/schema.org","@graph":[{"@type":"Article","@id":"https:\/\/www.sindicaturabarcelona.cat\/ca\/la-sindicatura-demana-a-nou-barris-una-solucio-per-al-veinat-del-carrer-alcantara\/#article","isPartOf":{"@id":"https:\/\/www.sindicaturabarcelona.cat\/ca\/la-sindicatura-demana-a-nou-barris-una-solucio-per-al-veinat-del-carrer-alcantara\/"},"author":{"name":"Pablo","@id":"https:\/\/www.sindicaturabarcelona.cat\/ca\/#\/schema\/person\/0e5acffc350ffdbc97578159322c9452"},"headline":"La Sindicatura demana al Districte de Nou Barris una soluci\u00f3 per al ve\u00efnat del carrer Alc\u00e0ntara","datePublished":"2023-09-20T08:55:56+00:00","dateModified":"2023-09-20T09:07:49+00:00","mainEntityOfPage":{"@id":"https:\/\/www.sindicaturabarcelona.cat\/ca\/la-sindicatura-demana-a-nou-barris-una-solucio-per-al-veinat-del-carrer-alcantara\/"},"wordCount":521,"publisher":{"@id":"https:\/\/www.sindicaturabarcelona.cat\/ca\/#organization"},"image":{"@id":"https:\/\/www.sindicaturabarcelona.cat\/ca\/la-sindicatura-demana-a-nou-barris-una-solucio-per-al-veinat-del-carrer-alcantara\/#primaryimage"},"thumbnailUrl":"https:\/\/www.sindicaturabarcelona.cat\/wp-content\/uploads\/2022\/08\/WhatsApp-Image-2022-08-16-at-11.28.53.jpeg","inLanguage":"ca"},{"@type":"WebPage","@id":"https:\/\/www.sindicaturabarcelona.cat\/ca\/la-sindicatura-demana-a-nou-barris-una-solucio-per-al-veinat-del-carrer-alcantara\/","url":"https:\/\/www.sindicaturabarcelona.cat\/ca\/la-sindicatura-demana-a-nou-barris-una-solucio-per-al-veinat-del-carrer-alcantara\/","name":"La Sindicatura demana al Districte de Nou Barris una soluci\u00f3 per al ve\u00efnat del carrer Alc\u00e0ntara - Sindicatura de Greuges de Barcelona","isPartOf":{"@id":"https:\/\/www.sindicaturabarcelona.cat\/ca\/#website"},"primaryImageOfPage":{"@id":"https:\/\/www.sindicaturabarcelona.cat\/ca\/la-sindicatura-demana-a-nou-barris-una-solucio-per-al-veinat-del-carrer-alcantara\/#primaryimage"},"image":{"@id":"https:\/\/www.sindicaturabarcelona.cat\/ca\/la-sindicatura-demana-a-nou-barris-una-solucio-per-al-veinat-del-carrer-alcantara\/#primaryimage"},"thumbnailUrl":"https:\/\/www.sindicaturabarcelona.cat\/wp-content\/uploads\/2022\/08\/WhatsApp-Image-2022-08-16-at-11.28.53.jpeg","datePublished":"2023-09-20T08:55:56+00:00","dateModified":"2023-09-20T09:07:49+00:00","description":"Al carrer Alc\u00e0ntara es dona una manca d\u2019intimitat i intromissions il\u00b7leg\u00edtimes per la proximitat als seus balcons d\u2019una passarel\u00b7la p\u00fablica \u00a0","breadcrumb":{"@id":"https:\/\/www.sindicaturabarcelona.cat\/ca\/la-sindicatura-demana-a-nou-barris-una-solucio-per-al-veinat-del-carrer-alcantara\/#breadcrumb"},"inLanguage":"ca","potentialAction":[{"@type":"ReadAction","target":["https:\/\/www.sindicaturabarcelona.cat\/ca\/la-sindicatura-demana-a-nou-barris-una-solucio-per-al-veinat-del-carrer-alcantara\/"]}]},{"@type":"ImageObject","inLanguage":"ca","@id":"https:\/\/www.sindicaturabarcelona.cat\/ca\/la-sindicatura-demana-a-nou-barris-una-solucio-per-al-veinat-del-carrer-alcantara\/#primaryimage","url":"https:\/\/www.sindicaturabarcelona.cat\/wp-content\/uploads\/2022\/08\/WhatsApp-Image-2022-08-16-at-11.28.53.jpeg","contentUrl":"https:\/\/www.sindicaturabarcelona.cat\/wp-content\/uploads\/2022\/08\/WhatsApp-Image-2022-08-16-at-11.28.53.jpeg","width":1532,"height":2048,"caption":"Passarel\u00b7la carrer Alc\u00e0ntara"},{"@type":"BreadcrumbList","@id":"https:\/\/www.sindicaturabarcelona.cat\/ca\/la-sindicatura-demana-a-nou-barris-una-solucio-per-al-veinat-del-carrer-alcantara\/#breadcrumb","itemListElement":[{"@type":"ListItem","position":1,"name":"Inici","item":"https:\/\/www.sindicaturabarcelona.cat\/ca\/"},{"@type":"ListItem","position":2,"name":"La Sindicatura demana al Districte de Nou Barris una soluci\u00f3 per al ve\u00efnat del carrer Alc\u00e0ntara"}]},{"@type":"WebSite","@id":"https:\/\/www.sindicaturabarcelona.cat\/ca\/#website","url":"https:\/\/www.sindicaturabarcelona.cat\/ca\/","name":"Sindicatura de Greuges de Barcelona","description":"La defensoria dels teus drets","publisher":{"@id":"https:\/\/www.sindicaturabarcelona.cat\/ca\/#organization"},"potentialAction":[{"@type":"SearchAction","target":{"@type":"EntryPoint","urlTemplate":"https:\/\/www.sindicaturabarcelona.cat\/ca\/?s={search_term_string}"},"query-input":{"@type":"PropertyValueSpecification","valueRequired":true,"valueName":"search_term_string"}}],"inLanguage":"ca"},{"@type":"Organization","@id":"https:\/\/www.sindicaturabarcelona.cat\/ca\/#organization","name":"Sindicatura de Greuges de Barcelona","url":"https:\/\/www.sindicaturabarcelona.cat\/ca\/","logo":{"@type":"ImageObject","inLanguage":"ca","@id":"https:\/\/www.sindicaturabarcelona.cat\/ca\/#\/schema\/logo\/image\/","url":"https:\/\/www.sindicaturabarcelona.cat\/wp-content\/uploads\/2023\/02\/logo_sindicatura.svg","contentUrl":"https:\/\/www.sindicaturabarcelona.cat\/wp-content\/uploads\/2023\/02\/logo_sindicatura.svg","caption":"Sindicatura de Greuges de Barcelona"},"image":{"@id":"https:\/\/www.sindicaturabarcelona.cat\/ca\/#\/schema\/logo\/image\/"},"sameAs":["https:\/\/x.com\/sindicbarcelona","https:\/\/www.instagram.com\/sindicbarcelona\/","https:\/\/www.tiktok.com\/@sindicaturabcn","https:\/\/t.me\/sindicaturabarcelona"]},{"@type":"Person","@id":"https:\/\/www.sindicaturabarcelona.cat\/ca\/#\/schema\/person\/0e5acffc350ffdbc97578159322c9452","name":"Pablo","image":{"@type":"ImageObject","inLanguage":"ca","@id":"https:\/\/secure.gravatar.com\/avatar\/c948169b402ef9492afde705c3dfd5e90e1a6a84ef6840a91124f805a25a480f?s=96&d=mm&r=g","url":"https:\/\/secure.gravatar.com\/avatar\/c948169b402ef9492afde705c3dfd5e90e1a6a84ef6840a91124f805a25a480f?s=96&d=mm&r=g","contentUrl":"https:\/\/secure.gravatar.com\/avatar\/c948169b402ef9492afde705c3dfd5e90e1a6a84ef6840a91124f805a25a480f?s=96&d=mm&r=g","caption":"Pablo"},"url":"https:\/\/www.sindicaturabarcelona.cat\/ca\/author\/pablo\/"}]}},"_links":{"self":[{"href":"https:\/\/www.sindicaturabarcelona.cat\/ca\/wp-json\/wp\/v2\/posts\/29993","targetHints":{"allow":["GET"]}}],"collection":[{"href":"https:\/\/www.sindicaturabarcelona.cat\/ca\/wp-json\/wp\/v2\/posts"}],"about":[{"href":"https:\/\/www.sindicaturabarcelona.cat\/ca\/wp-json\/wp\/v2\/types\/post"}],"author":[{"embeddable":true,"href":"https:\/\/www.sindicaturabarcelona.cat\/ca\/wp-json\/wp\/v2\/users\/2"}],"replies":[{"embeddable":true,"href":"https:\/\/www.sindicaturabarcelona.cat\/ca\/wp-json\/wp\/v2\/comments?post=29993"}],"version-history":[{"count":4,"href":"https:\/\/www.sindicaturabarcelona.cat\/ca\/wp-json\/wp\/v2\/posts\/29993\/revisions"}],"predecessor-version":[{"id":30002,"href":"https:\/\/www.sindicaturabarcelona.cat\/ca\/wp-json\/wp\/v2\/posts\/29993\/revisions\/30002"}],"wp:featuredmedia":[{"embeddable":true,"href":"https:\/\/www.sindicaturabarcelona.cat\/ca\/wp-json\/wp\/v2\/media\/14737"}],"wp:attachment":[{"href":"https:\/\/www.sindicaturabarcelona.cat\/ca\/wp-json\/wp\/v2\/media?parent=29993"}],"wp:term":[{"taxonomy":"post_tag","embeddable":true,"href":"https:\/\/www.sindicaturabarcelona.cat\/ca\/wp-json\/wp\/v2\/tags?post=29993"},{"taxonomy":"drets","embeddable":true,"href":"https:\/\/www.sindicaturabarcelona.cat\/ca\/wp-json\/wp\/v2\/drets?post=29993"}],"curies":[{"name":"wp","href":"https:\/\/api.w.org\/{rel}","templated":true}]}}