{"id":29876,"date":"2023-07-21T12:00:15","date_gmt":"2023-07-21T10:00:15","guid":{"rendered":"https:\/\/www.sindicaturabarcelona.cat\/?p=29876"},"modified":"2023-07-25T12:14:02","modified_gmt":"2023-07-25T10:14:02","slug":"lacces-a-la-participacio-de-les-persones-en-situacio-de-vulnerabilitat-eix-principal-dun-projecte-europeu-on-participa-la-sindicatura","status":"publish","type":"post","link":"https:\/\/www.sindicaturabarcelona.cat\/ca\/lacces-a-la-participacio-de-les-persones-en-situacio-de-vulnerabilitat-eix-principal-dun-projecte-europeu-on-participa-la-sindicatura\/","title":{"rendered":"L\u2019acc\u00e9s a la participaci\u00f3 de les persones en situaci\u00f3 de vulnerabilitat, eix principal d\u2019un projecte Europeu on participa la Sindicatura"},"content":{"rendered":"\n<p>La Uni\u00f3 Europea ha dotat de pressupost el projecte<strong> &#8220;iDEM: Espais democr\u00e0tics innovadors i inclusius per a la deliberaci\u00f3 i la participaci\u00f3&#8221;<\/strong>,al qual participa <strong>la Sindicatura de Greuges de Barcelona.<\/strong><\/p>\n\n\n\n<p>Aquesta iniciativa, liderada per la <strong>Universitat Pompeu Fabra<\/strong>, busca potenciar l\u2019acc\u00e9s als processos de participaci\u00f3 i deliberaci\u00f3 a persones amb diversitat funcional, i compta amb la participaci\u00f3 de 11 institucions de 6 pa\u00efsos diferents.<\/p>\n\n\n\n<p class=\"has-medium-font-size\"><strong>Entitats participants<\/strong><\/p>\n\n\n\n<p>El projecte compta amb una <strong>diversitat d\u2019institucions participants<\/strong>: la <strong><a href=\"https:\/\/www.upf.edu\/\" target=\"_blank\" rel=\"noreferrer noopener\">Universitat Pompeu Fabra<\/a><\/strong>, la <strong><a href=\"https:\/\/www.sindicaturabarcelona.cat\/\" target=\"_blank\" rel=\"noreferrer noopener\">Sindicatura de Greuges de Barcelona<\/a><\/strong>, <strong>l\u2019<a href=\"https:\/\/ajuntament.barcelona.cat\/accessible\/ca\/qui-som\/institut-municipal-de-persones-amb-discapacitat\" target=\"_blank\" rel=\"noreferrer noopener\">Institut Municipal de Persones amb Discapacitat<\/a><\/strong>, la <strong><a href=\"https:\/\/www.cibervoluntarios.org\/\" target=\"_blank\" rel=\"noreferrer noopener\">Fundaci\u00f3n Cibervoluntarios<\/a><\/strong>, la <strong><a href=\"https:\/\/plenainclusionmadrid.org\/\" target=\"_blank\" rel=\"noreferrer noopener\">Organizaci\u00f3n de entidades en favor de las personas con Discapacidad Intelectual de la Comunidad de Madrid<\/a><\/strong> (Plena Inclusi\u00f3n Madrid) per part de l\u2019estat espanyol, juntament amb la <strong><a href=\"https:\/\/www.leeds.ac.uk\/\" target=\"_blank\" rel=\"noreferrer noopener\">Universitat de Leeds<\/a><\/strong> (Regne Unit), <strong><a href=\"https:\/\/cfs-nuernberg.com\/\" target=\"_blank\" rel=\"noreferrer noopener\">CFS GmbH<\/a><\/strong> (\u00c0ustria), el <strong><a href=\"https:\/\/nexusinstitut.de\/\" target=\"_blank\" rel=\"noreferrer noopener\">Nexus Institut Fur Kooperations Managemenet und Interdisziplinare Forschung GMBH<\/a><\/strong> (Alemanya), el <strong><a href=\"http:\/\/www.mac.ie\/\" target=\"_blank\" rel=\"noreferrer noopener\">National Microelectronics Applications Centre Ltd<\/a><\/strong> (Irlanda), i <strong><a href=\"http:\/\/www.anffas.net\/\" target=\"_blank\" rel=\"noreferrer noopener\">Anffas Nazionale<\/a> <\/strong>i<strong> <a href=\"https:\/\/actionaid.org\/\" target=\"_blank\" rel=\"noreferrer noopener\">Actionaid International Italia Onlus<\/a><\/strong> (It\u00e0lia).<\/p>\n\n\n\n<p>Cadascuna d\u2019aquestes institucions aportar\u00e0 una part clau en el proc\u00e9s, sent el rol de la Sindicatura el de <strong>implementar i potenciar canals de participaci\u00f3 per fomentar la implicaci\u00f3 de persones amb situacions de vulnerabilitat<\/strong> (diversitat funcional, gent gran, persones migrades) <strong>en espais de decisi\u00f3 sobre el dret a la ciutat i els drets humans de proximitat<\/strong>.<\/p>\n\n\n\n<p class=\"has-medium-font-size\"><strong>Facilitar l\u2019acc\u00e9s a la participaci\u00f3<\/strong><\/p>\n\n\n\n<p>&#8220;iDEM: Espais democr\u00e0tics innovadors i inclusius per a la deliberaci\u00f3 i la participaci\u00f3&#8221; vol servir per entendre les limitacions en la participaci\u00f3 d\u2019aquests col\u00b7lectius de manera interseccional i dissenyar una soluci\u00f3 per apropar aquests processos en aquests sectors de la ciutadania. El projecte parteix d\u2019un an\u00e0lisi interseccional de les condicions sota les quals les estructures de poder existents limiten la participaci\u00f3 de col\u00b7lectius vulnerabilitzats.<\/p>\n\n\n\n<p><strong>Aquest ser\u00e0 el primer estudi que investigar\u00e0 la intel\u00b7lig\u00e8ncia artificial i els m\u00e8todes de processament del llenguatge natural com a facilitadors per abordar la desigualtat pol\u00edtica per a la deliberaci\u00f3 i la participaci\u00f3 en espais democr\u00e0tics<\/strong>.<\/p>\n","protected":false},"excerpt":{"rendered":"<p>La Uni\u00f3 Europea ha dotat de pressupost el projecte &#8220;iDEM: Espais democr\u00e0tics innovadors i inclusius per a la deliberaci\u00f3 i la participaci\u00f3&#8221;,al qual participa la Sindicatura de Greuges de Barcelona. [&hellip;]<\/p>\n","protected":false},"author":2,"featured_media":29877,"comment_status":"closed","ping_status":"closed","sticky":false,"template":"","format":"standard","meta":{"_acf_changed":false,"footnotes":""},"tags":[1557,1555,1556,1553,1554],"drets":[1442,1459,1438,1445],"class_list":["post-29876","post","type-post","status-publish","format-standard","has-post-thumbnail","hentry","tag-dret-participacio","tag-inclusio","tag-participacio","tag-persones-en-situacio-de-vulnerabilitat","tag-persones-vulnerables","drets-ciutat-diversa","drets-drets-de-participacio","drets-ciutat-habitable-i-sostenible","drets-dret-a-laccessibilitat-i-la-inclusivitat"],"acf":[],"yoast_head":"<!-- This site is optimized with the Yoast SEO plugin v27.5 - https:\/\/yoast.com\/product\/yoast-seo-wordpress\/ -->\n<title>L\u2019acc\u00e9s a la participaci\u00f3 de les persones en situaci\u00f3 de vulnerabilitat, eix principal d\u2019un projecte Europeu on participa la Sindicatura - Sindicatura de Greuges de Barcelona<\/title>\n<meta name=\"robots\" content=\"index, follow, max-snippet:-1, max-image-preview:large, max-video-preview:-1\" \/>\n<link rel=\"canonical\" href=\"https:\/\/www.sindicaturabarcelona.cat\/ca\/lacces-a-la-participacio-de-les-persones-en-situacio-de-vulnerabilitat-eix-principal-dun-projecte-europeu-on-participa-la-sindicatura\/\" \/>\n<meta property=\"og:locale\" content=\"ca_ES\" \/>\n<meta property=\"og:type\" content=\"article\" \/>\n<meta property=\"og:title\" content=\"L\u2019acc\u00e9s a la participaci\u00f3 de les persones en situaci\u00f3 de vulnerabilitat, eix principal d\u2019un projecte Europeu on participa la Sindicatura - Sindicatura de Greuges de Barcelona\" \/>\n<meta property=\"og:description\" content=\"La Uni\u00f3 Europea ha dotat de pressupost el projecte &#8220;iDEM: Espais democr\u00e0tics innovadors i inclusius per a la deliberaci\u00f3 i la participaci\u00f3&#8221;,al qual participa la Sindicatura de Greuges de Barcelona. [&hellip;]\" \/>\n<meta property=\"og:url\" content=\"https:\/\/www.sindicaturabarcelona.cat\/ca\/lacces-a-la-participacio-de-les-persones-en-situacio-de-vulnerabilitat-eix-principal-dun-projecte-europeu-on-participa-la-sindicatura\/\" \/>\n<meta property=\"og:site_name\" content=\"Sindicatura de Greuges de Barcelona\" \/>\n<meta property=\"article:published_time\" content=\"2023-07-21T10:00:15+00:00\" \/>\n<meta property=\"article:modified_time\" content=\"2023-07-25T10:14:02+00:00\" \/>\n<meta property=\"og:image\" content=\"https:\/\/www.sindicaturabarcelona.cat\/wp-content\/uploads\/un-jove-amb-discapacitat-treballa-amb.jpg\" \/>\n\t<meta property=\"og:image:width\" content=\"1024\" \/>\n\t<meta property=\"og:image:height\" content=\"684\" \/>\n\t<meta property=\"og:image:type\" content=\"image\/jpeg\" \/>\n<meta name=\"author\" content=\"Pablo\" \/>\n<meta name=\"twitter:card\" content=\"summary_large_image\" \/>\n<meta name=\"twitter:creator\" content=\"@sindicbarcelona\" \/>\n<meta name=\"twitter:site\" content=\"@sindicbarcelona\" \/>\n<meta name=\"twitter:label1\" content=\"Escrit per\" \/>\n\t<meta name=\"twitter:data1\" content=\"Pablo\" \/>\n\t<meta name=\"twitter:label2\" content=\"Temps estimat de lectura\" \/>\n\t<meta name=\"twitter:data2\" content=\"2 minuts\" \/>\n<script type=\"application\/ld+json\" class=\"yoast-schema-graph\">{\"@context\":\"https:\\\/\\\/schema.org\",\"@graph\":[{\"@type\":\"Article\",\"@id\":\"https:\\\/\\\/www.sindicaturabarcelona.cat\\\/ca\\\/lacces-a-la-participacio-de-les-persones-en-situacio-de-vulnerabilitat-eix-principal-dun-projecte-europeu-on-participa-la-sindicatura\\\/#article\",\"isPartOf\":{\"@id\":\"https:\\\/\\\/www.sindicaturabarcelona.cat\\\/ca\\\/lacces-a-la-participacio-de-les-persones-en-situacio-de-vulnerabilitat-eix-principal-dun-projecte-europeu-on-participa-la-sindicatura\\\/\"},\"author\":{\"name\":\"Pablo\",\"@id\":\"https:\\\/\\\/www.sindicaturabarcelona.cat\\\/ca\\\/#\\\/schema\\\/person\\\/0e5acffc350ffdbc97578159322c9452\"},\"headline\":\"L\u2019acc\u00e9s a la participaci\u00f3 de les persones en situaci\u00f3 de vulnerabilitat, eix principal d\u2019un projecte Europeu on participa la Sindicatura\",\"datePublished\":\"2023-07-21T10:00:15+00:00\",\"dateModified\":\"2023-07-25T10:14:02+00:00\",\"mainEntityOfPage\":{\"@id\":\"https:\\\/\\\/www.sindicaturabarcelona.cat\\\/ca\\\/lacces-a-la-participacio-de-les-persones-en-situacio-de-vulnerabilitat-eix-principal-dun-projecte-europeu-on-participa-la-sindicatura\\\/\"},\"wordCount\":365,\"publisher\":{\"@id\":\"https:\\\/\\\/www.sindicaturabarcelona.cat\\\/ca\\\/#organization\"},\"image\":{\"@id\":\"https:\\\/\\\/www.sindicaturabarcelona.cat\\\/ca\\\/lacces-a-la-participacio-de-les-persones-en-situacio-de-vulnerabilitat-eix-principal-dun-projecte-europeu-on-participa-la-sindicatura\\\/#primaryimage\"},\"thumbnailUrl\":\"https:\\\/\\\/www.sindicaturabarcelona.cat\\\/wp-content\\\/uploads\\\/un-jove-amb-discapacitat-treballa-amb.jpg\",\"keywords\":[\"dret participacio\",\"inclusio\",\"participacio\",\"persones en situacio de vulnerabilitat\",\"persones vulnerables\"],\"inLanguage\":\"ca\"},{\"@type\":\"WebPage\",\"@id\":\"https:\\\/\\\/www.sindicaturabarcelona.cat\\\/ca\\\/lacces-a-la-participacio-de-les-persones-en-situacio-de-vulnerabilitat-eix-principal-dun-projecte-europeu-on-participa-la-sindicatura\\\/\",\"url\":\"https:\\\/\\\/www.sindicaturabarcelona.cat\\\/ca\\\/lacces-a-la-participacio-de-les-persones-en-situacio-de-vulnerabilitat-eix-principal-dun-projecte-europeu-on-participa-la-sindicatura\\\/\",\"name\":\"L\u2019acc\u00e9s a la participaci\u00f3 de les persones en situaci\u00f3 de vulnerabilitat, eix principal d\u2019un projecte Europeu on participa la Sindicatura - Sindicatura de Greuges de Barcelona\",\"isPartOf\":{\"@id\":\"https:\\\/\\\/www.sindicaturabarcelona.cat\\\/ca\\\/#website\"},\"primaryImageOfPage\":{\"@id\":\"https:\\\/\\\/www.sindicaturabarcelona.cat\\\/ca\\\/lacces-a-la-participacio-de-les-persones-en-situacio-de-vulnerabilitat-eix-principal-dun-projecte-europeu-on-participa-la-sindicatura\\\/#primaryimage\"},\"image\":{\"@id\":\"https:\\\/\\\/www.sindicaturabarcelona.cat\\\/ca\\\/lacces-a-la-participacio-de-les-persones-en-situacio-de-vulnerabilitat-eix-principal-dun-projecte-europeu-on-participa-la-sindicatura\\\/#primaryimage\"},\"thumbnailUrl\":\"https:\\\/\\\/www.sindicaturabarcelona.cat\\\/wp-content\\\/uploads\\\/un-jove-amb-discapacitat-treballa-amb.jpg\",\"datePublished\":\"2023-07-21T10:00:15+00:00\",\"dateModified\":\"2023-07-25T10:14:02+00:00\",\"breadcrumb\":{\"@id\":\"https:\\\/\\\/www.sindicaturabarcelona.cat\\\/ca\\\/lacces-a-la-participacio-de-les-persones-en-situacio-de-vulnerabilitat-eix-principal-dun-projecte-europeu-on-participa-la-sindicatura\\\/#breadcrumb\"},\"inLanguage\":\"ca\",\"potentialAction\":[{\"@type\":\"ReadAction\",\"target\":[\"https:\\\/\\\/www.sindicaturabarcelona.cat\\\/ca\\\/lacces-a-la-participacio-de-les-persones-en-situacio-de-vulnerabilitat-eix-principal-dun-projecte-europeu-on-participa-la-sindicatura\\\/\"]}]},{\"@type\":\"ImageObject\",\"inLanguage\":\"ca\",\"@id\":\"https:\\\/\\\/www.sindicaturabarcelona.cat\\\/ca\\\/lacces-a-la-participacio-de-les-persones-en-situacio-de-vulnerabilitat-eix-principal-dun-projecte-europeu-on-participa-la-sindicatura\\\/#primaryimage\",\"url\":\"https:\\\/\\\/www.sindicaturabarcelona.cat\\\/wp-content\\\/uploads\\\/un-jove-amb-discapacitat-treballa-amb.jpg\",\"contentUrl\":\"https:\\\/\\\/www.sindicaturabarcelona.cat\\\/wp-content\\\/uploads\\\/un-jove-amb-discapacitat-treballa-amb.jpg\",\"width\":1024,\"height\":684,\"caption\":\"Projecte europeu persones amb diversitat funcional\"},{\"@type\":\"BreadcrumbList\",\"@id\":\"https:\\\/\\\/www.sindicaturabarcelona.cat\\\/ca\\\/lacces-a-la-participacio-de-les-persones-en-situacio-de-vulnerabilitat-eix-principal-dun-projecte-europeu-on-participa-la-sindicatura\\\/#breadcrumb\",\"itemListElement\":[{\"@type\":\"ListItem\",\"position\":1,\"name\":\"Inici\",\"item\":\"https:\\\/\\\/www.sindicaturabarcelona.cat\\\/ca\\\/\"},{\"@type\":\"ListItem\",\"position\":2,\"name\":\"L\u2019acc\u00e9s a la participaci\u00f3 de les persones en situaci\u00f3 de vulnerabilitat, eix principal d\u2019un projecte Europeu on participa la Sindicatura\"}]},{\"@type\":\"WebSite\",\"@id\":\"https:\\\/\\\/www.sindicaturabarcelona.cat\\\/ca\\\/#website\",\"url\":\"https:\\\/\\\/www.sindicaturabarcelona.cat\\\/ca\\\/\",\"name\":\"Sindicatura de Greuges de Barcelona\",\"description\":\"La defensoria dels teus drets\",\"publisher\":{\"@id\":\"https:\\\/\\\/www.sindicaturabarcelona.cat\\\/ca\\\/#organization\"},\"potentialAction\":[{\"@type\":\"SearchAction\",\"target\":{\"@type\":\"EntryPoint\",\"urlTemplate\":\"https:\\\/\\\/www.sindicaturabarcelona.cat\\\/ca\\\/?s={search_term_string}\"},\"query-input\":{\"@type\":\"PropertyValueSpecification\",\"valueRequired\":true,\"valueName\":\"search_term_string\"}}],\"inLanguage\":\"ca\"},{\"@type\":\"Organization\",\"@id\":\"https:\\\/\\\/www.sindicaturabarcelona.cat\\\/ca\\\/#organization\",\"name\":\"Sindicatura de Greuges de Barcelona\",\"url\":\"https:\\\/\\\/www.sindicaturabarcelona.cat\\\/ca\\\/\",\"logo\":{\"@type\":\"ImageObject\",\"inLanguage\":\"ca\",\"@id\":\"https:\\\/\\\/www.sindicaturabarcelona.cat\\\/ca\\\/#\\\/schema\\\/logo\\\/image\\\/\",\"url\":\"https:\\\/\\\/www.sindicaturabarcelona.cat\\\/wp-content\\\/uploads\\\/2023\\\/02\\\/logo_sindicatura.svg\",\"contentUrl\":\"https:\\\/\\\/www.sindicaturabarcelona.cat\\\/wp-content\\\/uploads\\\/2023\\\/02\\\/logo_sindicatura.svg\",\"caption\":\"Sindicatura de Greuges de Barcelona\"},\"image\":{\"@id\":\"https:\\\/\\\/www.sindicaturabarcelona.cat\\\/ca\\\/#\\\/schema\\\/logo\\\/image\\\/\"},\"sameAs\":[\"https:\\\/\\\/x.com\\\/sindicbarcelona\",\"https:\\\/\\\/www.instagram.com\\\/sindicbarcelona\\\/\",\"https:\\\/\\\/www.tiktok.com\\\/@sindicaturabcn\",\"https:\\\/\\\/t.me\\\/sindicaturabarcelona\"]},{\"@type\":\"Person\",\"@id\":\"https:\\\/\\\/www.sindicaturabarcelona.cat\\\/ca\\\/#\\\/schema\\\/person\\\/0e5acffc350ffdbc97578159322c9452\",\"name\":\"Pablo\",\"image\":{\"@type\":\"ImageObject\",\"inLanguage\":\"ca\",\"@id\":\"https:\\\/\\\/secure.gravatar.com\\\/avatar\\\/c948169b402ef9492afde705c3dfd5e90e1a6a84ef6840a91124f805a25a480f?s=96&d=mm&r=g\",\"url\":\"https:\\\/\\\/secure.gravatar.com\\\/avatar\\\/c948169b402ef9492afde705c3dfd5e90e1a6a84ef6840a91124f805a25a480f?s=96&d=mm&r=g\",\"contentUrl\":\"https:\\\/\\\/secure.gravatar.com\\\/avatar\\\/c948169b402ef9492afde705c3dfd5e90e1a6a84ef6840a91124f805a25a480f?s=96&d=mm&r=g\",\"caption\":\"Pablo\"},\"url\":\"https:\\\/\\\/www.sindicaturabarcelona.cat\\\/ca\\\/author\\\/pablo\\\/\"}]}<\/script>\n<!-- \/ Yoast SEO plugin. -->","yoast_head_json":{"title":"L\u2019acc\u00e9s a la participaci\u00f3 de les persones en situaci\u00f3 de vulnerabilitat, eix principal d\u2019un projecte Europeu on participa la Sindicatura - Sindicatura de Greuges de Barcelona","robots":{"index":"index","follow":"follow","max-snippet":"max-snippet:-1","max-image-preview":"max-image-preview:large","max-video-preview":"max-video-preview:-1"},"canonical":"https:\/\/www.sindicaturabarcelona.cat\/ca\/lacces-a-la-participacio-de-les-persones-en-situacio-de-vulnerabilitat-eix-principal-dun-projecte-europeu-on-participa-la-sindicatura\/","og_locale":"ca_ES","og_type":"article","og_title":"L\u2019acc\u00e9s a la participaci\u00f3 de les persones en situaci\u00f3 de vulnerabilitat, eix principal d\u2019un projecte Europeu on participa la Sindicatura - Sindicatura de Greuges de Barcelona","og_description":"La Uni\u00f3 Europea ha dotat de pressupost el projecte &#8220;iDEM: Espais democr\u00e0tics innovadors i inclusius per a la deliberaci\u00f3 i la participaci\u00f3&#8221;,al qual participa la Sindicatura de Greuges de Barcelona. [&hellip;]","og_url":"https:\/\/www.sindicaturabarcelona.cat\/ca\/lacces-a-la-participacio-de-les-persones-en-situacio-de-vulnerabilitat-eix-principal-dun-projecte-europeu-on-participa-la-sindicatura\/","og_site_name":"Sindicatura de Greuges de Barcelona","article_published_time":"2023-07-21T10:00:15+00:00","article_modified_time":"2023-07-25T10:14:02+00:00","og_image":[{"width":1024,"height":684,"url":"https:\/\/www.sindicaturabarcelona.cat\/wp-content\/uploads\/un-jove-amb-discapacitat-treballa-amb.jpg","type":"image\/jpeg"}],"author":"Pablo","twitter_card":"summary_large_image","twitter_creator":"@sindicbarcelona","twitter_site":"@sindicbarcelona","twitter_misc":{"Escrit per":"Pablo","Temps estimat de lectura":"2 minuts"},"schema":{"@context":"https:\/\/schema.org","@graph":[{"@type":"Article","@id":"https:\/\/www.sindicaturabarcelona.cat\/ca\/lacces-a-la-participacio-de-les-persones-en-situacio-de-vulnerabilitat-eix-principal-dun-projecte-europeu-on-participa-la-sindicatura\/#article","isPartOf":{"@id":"https:\/\/www.sindicaturabarcelona.cat\/ca\/lacces-a-la-participacio-de-les-persones-en-situacio-de-vulnerabilitat-eix-principal-dun-projecte-europeu-on-participa-la-sindicatura\/"},"author":{"name":"Pablo","@id":"https:\/\/www.sindicaturabarcelona.cat\/ca\/#\/schema\/person\/0e5acffc350ffdbc97578159322c9452"},"headline":"L\u2019acc\u00e9s a la participaci\u00f3 de les persones en situaci\u00f3 de vulnerabilitat, eix principal d\u2019un projecte Europeu on participa la Sindicatura","datePublished":"2023-07-21T10:00:15+00:00","dateModified":"2023-07-25T10:14:02+00:00","mainEntityOfPage":{"@id":"https:\/\/www.sindicaturabarcelona.cat\/ca\/lacces-a-la-participacio-de-les-persones-en-situacio-de-vulnerabilitat-eix-principal-dun-projecte-europeu-on-participa-la-sindicatura\/"},"wordCount":365,"publisher":{"@id":"https:\/\/www.sindicaturabarcelona.cat\/ca\/#organization"},"image":{"@id":"https:\/\/www.sindicaturabarcelona.cat\/ca\/lacces-a-la-participacio-de-les-persones-en-situacio-de-vulnerabilitat-eix-principal-dun-projecte-europeu-on-participa-la-sindicatura\/#primaryimage"},"thumbnailUrl":"https:\/\/www.sindicaturabarcelona.cat\/wp-content\/uploads\/un-jove-amb-discapacitat-treballa-amb.jpg","keywords":["dret participacio","inclusio","participacio","persones en situacio de vulnerabilitat","persones vulnerables"],"inLanguage":"ca"},{"@type":"WebPage","@id":"https:\/\/www.sindicaturabarcelona.cat\/ca\/lacces-a-la-participacio-de-les-persones-en-situacio-de-vulnerabilitat-eix-principal-dun-projecte-europeu-on-participa-la-sindicatura\/","url":"https:\/\/www.sindicaturabarcelona.cat\/ca\/lacces-a-la-participacio-de-les-persones-en-situacio-de-vulnerabilitat-eix-principal-dun-projecte-europeu-on-participa-la-sindicatura\/","name":"L\u2019acc\u00e9s a la participaci\u00f3 de les persones en situaci\u00f3 de vulnerabilitat, eix principal d\u2019un projecte Europeu on participa la Sindicatura - Sindicatura de Greuges de Barcelona","isPartOf":{"@id":"https:\/\/www.sindicaturabarcelona.cat\/ca\/#website"},"primaryImageOfPage":{"@id":"https:\/\/www.sindicaturabarcelona.cat\/ca\/lacces-a-la-participacio-de-les-persones-en-situacio-de-vulnerabilitat-eix-principal-dun-projecte-europeu-on-participa-la-sindicatura\/#primaryimage"},"image":{"@id":"https:\/\/www.sindicaturabarcelona.cat\/ca\/lacces-a-la-participacio-de-les-persones-en-situacio-de-vulnerabilitat-eix-principal-dun-projecte-europeu-on-participa-la-sindicatura\/#primaryimage"},"thumbnailUrl":"https:\/\/www.sindicaturabarcelona.cat\/wp-content\/uploads\/un-jove-amb-discapacitat-treballa-amb.jpg","datePublished":"2023-07-21T10:00:15+00:00","dateModified":"2023-07-25T10:14:02+00:00","breadcrumb":{"@id":"https:\/\/www.sindicaturabarcelona.cat\/ca\/lacces-a-la-participacio-de-les-persones-en-situacio-de-vulnerabilitat-eix-principal-dun-projecte-europeu-on-participa-la-sindicatura\/#breadcrumb"},"inLanguage":"ca","potentialAction":[{"@type":"ReadAction","target":["https:\/\/www.sindicaturabarcelona.cat\/ca\/lacces-a-la-participacio-de-les-persones-en-situacio-de-vulnerabilitat-eix-principal-dun-projecte-europeu-on-participa-la-sindicatura\/"]}]},{"@type":"ImageObject","inLanguage":"ca","@id":"https:\/\/www.sindicaturabarcelona.cat\/ca\/lacces-a-la-participacio-de-les-persones-en-situacio-de-vulnerabilitat-eix-principal-dun-projecte-europeu-on-participa-la-sindicatura\/#primaryimage","url":"https:\/\/www.sindicaturabarcelona.cat\/wp-content\/uploads\/un-jove-amb-discapacitat-treballa-amb.jpg","contentUrl":"https:\/\/www.sindicaturabarcelona.cat\/wp-content\/uploads\/un-jove-amb-discapacitat-treballa-amb.jpg","width":1024,"height":684,"caption":"Projecte europeu persones amb diversitat funcional"},{"@type":"BreadcrumbList","@id":"https:\/\/www.sindicaturabarcelona.cat\/ca\/lacces-a-la-participacio-de-les-persones-en-situacio-de-vulnerabilitat-eix-principal-dun-projecte-europeu-on-participa-la-sindicatura\/#breadcrumb","itemListElement":[{"@type":"ListItem","position":1,"name":"Inici","item":"https:\/\/www.sindicaturabarcelona.cat\/ca\/"},{"@type":"ListItem","position":2,"name":"L\u2019acc\u00e9s a la participaci\u00f3 de les persones en situaci\u00f3 de vulnerabilitat, eix principal d\u2019un projecte Europeu on participa la Sindicatura"}]},{"@type":"WebSite","@id":"https:\/\/www.sindicaturabarcelona.cat\/ca\/#website","url":"https:\/\/www.sindicaturabarcelona.cat\/ca\/","name":"Sindicatura de Greuges de Barcelona","description":"La defensoria dels teus drets","publisher":{"@id":"https:\/\/www.sindicaturabarcelona.cat\/ca\/#organization"},"potentialAction":[{"@type":"SearchAction","target":{"@type":"EntryPoint","urlTemplate":"https:\/\/www.sindicaturabarcelona.cat\/ca\/?s={search_term_string}"},"query-input":{"@type":"PropertyValueSpecification","valueRequired":true,"valueName":"search_term_string"}}],"inLanguage":"ca"},{"@type":"Organization","@id":"https:\/\/www.sindicaturabarcelona.cat\/ca\/#organization","name":"Sindicatura de Greuges de Barcelona","url":"https:\/\/www.sindicaturabarcelona.cat\/ca\/","logo":{"@type":"ImageObject","inLanguage":"ca","@id":"https:\/\/www.sindicaturabarcelona.cat\/ca\/#\/schema\/logo\/image\/","url":"https:\/\/www.sindicaturabarcelona.cat\/wp-content\/uploads\/2023\/02\/logo_sindicatura.svg","contentUrl":"https:\/\/www.sindicaturabarcelona.cat\/wp-content\/uploads\/2023\/02\/logo_sindicatura.svg","caption":"Sindicatura de Greuges de Barcelona"},"image":{"@id":"https:\/\/www.sindicaturabarcelona.cat\/ca\/#\/schema\/logo\/image\/"},"sameAs":["https:\/\/x.com\/sindicbarcelona","https:\/\/www.instagram.com\/sindicbarcelona\/","https:\/\/www.tiktok.com\/@sindicaturabcn","https:\/\/t.me\/sindicaturabarcelona"]},{"@type":"Person","@id":"https:\/\/www.sindicaturabarcelona.cat\/ca\/#\/schema\/person\/0e5acffc350ffdbc97578159322c9452","name":"Pablo","image":{"@type":"ImageObject","inLanguage":"ca","@id":"https:\/\/secure.gravatar.com\/avatar\/c948169b402ef9492afde705c3dfd5e90e1a6a84ef6840a91124f805a25a480f?s=96&d=mm&r=g","url":"https:\/\/secure.gravatar.com\/avatar\/c948169b402ef9492afde705c3dfd5e90e1a6a84ef6840a91124f805a25a480f?s=96&d=mm&r=g","contentUrl":"https:\/\/secure.gravatar.com\/avatar\/c948169b402ef9492afde705c3dfd5e90e1a6a84ef6840a91124f805a25a480f?s=96&d=mm&r=g","caption":"Pablo"},"url":"https:\/\/www.sindicaturabarcelona.cat\/ca\/author\/pablo\/"}]}},"_links":{"self":[{"href":"https:\/\/www.sindicaturabarcelona.cat\/ca\/wp-json\/wp\/v2\/posts\/29876","targetHints":{"allow":["GET"]}}],"collection":[{"href":"https:\/\/www.sindicaturabarcelona.cat\/ca\/wp-json\/wp\/v2\/posts"}],"about":[{"href":"https:\/\/www.sindicaturabarcelona.cat\/ca\/wp-json\/wp\/v2\/types\/post"}],"author":[{"embeddable":true,"href":"https:\/\/www.sindicaturabarcelona.cat\/ca\/wp-json\/wp\/v2\/users\/2"}],"replies":[{"embeddable":true,"href":"https:\/\/www.sindicaturabarcelona.cat\/ca\/wp-json\/wp\/v2\/comments?post=29876"}],"version-history":[{"count":1,"href":"https:\/\/www.sindicaturabarcelona.cat\/ca\/wp-json\/wp\/v2\/posts\/29876\/revisions"}],"predecessor-version":[{"id":29880,"href":"https:\/\/www.sindicaturabarcelona.cat\/ca\/wp-json\/wp\/v2\/posts\/29876\/revisions\/29880"}],"wp:featuredmedia":[{"embeddable":true,"href":"https:\/\/www.sindicaturabarcelona.cat\/ca\/wp-json\/wp\/v2\/media\/29877"}],"wp:attachment":[{"href":"https:\/\/www.sindicaturabarcelona.cat\/ca\/wp-json\/wp\/v2\/media?parent=29876"}],"wp:term":[{"taxonomy":"post_tag","embeddable":true,"href":"https:\/\/www.sindicaturabarcelona.cat\/ca\/wp-json\/wp\/v2\/tags?post=29876"},{"taxonomy":"drets","embeddable":true,"href":"https:\/\/www.sindicaturabarcelona.cat\/ca\/wp-json\/wp\/v2\/drets?post=29876"}],"curies":[{"name":"wp","href":"https:\/\/api.w.org\/{rel}","templated":true}]}}