{"id":29862,"date":"2023-07-05T11:18:07","date_gmt":"2023-07-05T09:18:07","guid":{"rendered":"https:\/\/www.sindicaturabarcelona.cat\/?p=29862"},"modified":"2024-03-24T19:07:58","modified_gmt":"2024-03-24T17:07:58","slug":"quina-es-la-carrega-turistica-que-pot-sostenir-el-barri-de-la-sagrada-familia","status":"publish","type":"post","link":"https:\/\/www.sindicaturabarcelona.cat\/ca\/quina-es-la-carrega-turistica-que-pot-sostenir-el-barri-de-la-sagrada-familia\/","title":{"rendered":"Quina \u00e9s la c\u00e0rrega tur\u00edstica que pot sostenir el barri de la Sagrada Fam\u00edlia?"},"content":{"rendered":"\n<p><strong>La Sindicatura de Greuges de Barcelona reclama a l\u2019Ajuntament de Barcelona que protegeixi els drets del ve\u00efnat de Sagrada Fam\u00edlia<\/strong>, que t\u00e9 dificultats per conciliar la seva vida di\u00e0ria amb els usos tur\u00edstics de l\u2019entorn.<\/p>\n\n\n\n<p>Arran de la <a href=\"https:\/\/www.sindicaturabarcelona.cat\/wp-content\/uploads\/202307_Dret-convivencia-pacifica-i-espai-public-massificacio-turistica-a-Sagrada-Familia.pdf\" target=\"_blank\" rel=\"noreferrer noopener\">queixa d\u2019una persona pels efectes de la turistificaci\u00f3 al seu barri<\/a>, la Sindicatura ha estudiat aquest fenomen i l\u2019afectaci\u00f3 dels drets del ve\u00efnat que comporta. La conclusi\u00f3 \u00e9s que, tot i que l\u2019actuaci\u00f3 del consistori s\u2019ajusta al que estableix la llei i que s\u2019est\u00e0 actuant per aconseguir una gesti\u00f3 adequada del turisme, <strong>no s\u2019est\u00e0 protegint de manera efica\u00e7 a la poblaci\u00f3 dels entorns del temple<\/strong>.<\/p>\n\n\n\n<p class=\"has-medium-font-size\"><strong><u>La turistificaci\u00f3 afecta multitud de drets<\/u><\/strong><\/p>\n\n\n\n<p><strong>L\u2019activitat tur\u00edstica que envolta la Sagrada Fam\u00edlia afecta al gaudiment de diferents drets de la ciutadania<\/strong>, com ara el dret a la conviv\u00e8ncia pac\u00edfica, a l\u2019espai p\u00fablic, a l\u2019habitatge o al medi ambient, entre d\u2019altres.<\/p>\n\n\n\n<p>La Sindicatura rep nombroses queixes relacionades amb problemes de conviv\u00e8ncia derivats de l\u2019\u00fas intensiu de l\u2019espai p\u00fablic per part de les persones visitants. Aquestes problem\u00e0tiques encarnen les denominades \u201cexternalitats negatives\u201d del turisme, i entren en conflicte amb el dret a la ciutat de la poblaci\u00f3 local. Recentment la Sindicatura s\u2019ha pronunciat sobre altres casos relacionats amb l\u2019activitat tur\u00edstica, com va fer al maig amb <a href=\"https:\/\/www.sindicaturabarcelona.cat\/2023\/05\/17\/la-sindicatura-recomana-revisar-la-no-transmissibilitat-de-llicencies-als-habitatges-dus-turistic-de-les-zones-tensionades\/\" target=\"_blank\" rel=\"noreferrer noopener\">la recomanaci\u00f3 de refor\u00e7ar la no-transmissibilitat de les llic\u00e8ncies per habitatges d\u2019\u00fas tur\u00edstic<\/a>.<\/p>\n\n\n\n<p><strong>Requereix especial atenci\u00f3 la situaci\u00f3 als espais de gran aflu\u00e8ncia<\/strong> (EGA), com \u00e9s la Sagrada Fam\u00edlia i el seu entorn. Aquests s\u00f3n llocs on es concentra una gran quantitat de visitants, incrementant l\u2019impacte sobre la conviv\u00e8ncia amb el ve\u00efnat de la zona.<\/p>\n\n\n\n<p class=\"has-medium-font-size\"><strong><u>P\u00e8rdua de la identitat dels barris<\/u><\/strong><\/p>\n\n\n\n<p><strong>Un dels efectes preocupants que observa la Sindicatura davant la turistificaci\u00f3 d\u2019espais com l\u2019entorn de la Sagrada Fam\u00edlia \u00e9s la p\u00e8rdua de la identitat dels barris<\/strong> i la dedicaci\u00f3 del teixit comercial a les necessitats de les persones visitants per davant del ve\u00efnat.<\/p>\n\n\n\n<p>La transformaci\u00f3 dels usos comercials dels locals de la zona poden generar dificultats per la poblaci\u00f3 que vol desenvolupar una vida quotidiana. Tant per l\u2019acc\u00e9s a b\u00e9ns i serveis, com per l\u2019increment del seu preu.<\/p>\n\n\n\n<p>Aquesta transformaci\u00f3 tamb\u00e9 afecta el teixit associatiu del barri, especialment davant la dificultat per garantir l\u2019acc\u00e9s a un habitatge al barri per la poblaci\u00f3. A m\u00e9s a m\u00e9s, persones grans i inf\u00e0ncia pateixen una afectaci\u00f3 especial per la turistificaci\u00f3, ja que les primeres sovint s\u00f3n les m\u00e9s afectades per una p\u00e8rdua del sentiment de pertinen\u00e7a al lloc, mentre que les segones no poden gaudir d\u2019autonomia ni espai d\u2019esbarjo suficient.<\/p>\n\n\n\n<p class=\"has-medium-font-size\"><strong><u>L\u2019acci\u00f3 de l\u2019Ajuntament<\/u><\/strong><\/p>\n\n\n\n<p>L\u2019Ajuntament de Barcelona est\u00e0 actuant per gestionar de manera adequada l\u2019aflu\u00e8ncia tur\u00edstica a la ciutat, com mostren els diferents plans estrat\u00e8gics i mesures de govern en aquesta mat\u00e8ria i la creaci\u00f3 d\u2019\u00f2rgans com el Consell de Turisme i Ciutat o la Taula de Gesti\u00f3 Tur\u00edstica. Per\u00f2 <strong>aquesta actuaci\u00f3 no \u00e9s suficient per garantir els drets de la ciutadania de la Sagrada Fam\u00edlia i altres entorns tur\u00edstics<\/strong>.<\/p>\n\n\n\n<p>Un dels aspectes de l\u2019estrat\u00e8gia municipal que preocupa a la Sindicatura \u00e9s la desconcentraci\u00f3 tur\u00edstica. L\u2019impuls de mesures correctores de l\u2019impacte negatiu de l\u2019activitat tur\u00edstica \u00e9s positiu, per\u00f2 existeix un risc d\u2019expulsar cap a altres territoris els mateixos problemes que es donen ara als barris m\u00e9s tensionats pel turisme.<\/p>\n\n\n\n<p>Finalment, <strong>la Sindicatura ha em\u00e8s una s\u00e8rie de recomanacions per assegurar la protecci\u00f3 del dret a la ciutat de la poblaci\u00f3 d\u2019aquest barri<\/strong>, que passen per refor\u00e7ar el control de les activitats comercials i la seguretat de la zona, la revisi\u00f3 de l\u2019efic\u00e0cia de les mesures adoptades, que es cre\u00ef un espai de debat per repensar el model de turisme a fi de fer-lo compatible amb la protecci\u00f3 dels drets de proximitat, i que aquestes recomanacions es facin extensives a la resta de districtes afectats per la turistificaci\u00f3.\u00a1<\/p>\n\n\n\n<p>Respecte de la recomanaci\u00f3 de crear un espai de debat per repensar el model de turisme a fi de fer-lo compatible amb la protecci\u00f3 dels drets de proximitat, <strong>el mar\u00e7 de 2024 l&#8217;Ajuntament de Barcelona ha traslladat a la Sindicatura que valora la idone\u00eftat d&#8217;aquesta recomanaci\u00f3 i que la incorpora com a proposta pel grup de treball &#8216;Prioritats per al model tur\u00edstic de la ciutat als propers anys<\/strong>&#8216;, que forma part del Consell de Turisme i Ciutat.<\/p>\n","protected":false},"excerpt":{"rendered":"<p>La Sindicatura de Greuges de Barcelona reclama a l\u2019Ajuntament de Barcelona que protegeixi els drets del ve\u00efnat de Sagrada Fam\u00edlia, que t\u00e9 dificultats per conciliar la seva vida di\u00e0ria amb [&hellip;]<\/p>\n","protected":false},"author":2,"featured_media":29863,"comment_status":"closed","ping_status":"closed","sticky":false,"template":"","format":"standard","meta":{"_acf_changed":false,"footnotes":""},"tags":[1530,1533,1532,1529,1527,1528],"drets":[1438,1449,1446],"class_list":["post-29862","post","type-post","status-publish","format-standard","has-post-thumbnail","hentry","tag-convivencia","tag-dret-espai-public","tag-espai-public-2","tag-sagrada-familia","tag-turisme","tag-turistificacio","drets-ciutat-habitable-i-sostenible","drets-dret-a-una-convivencia-pacifica","drets-dret-a-lespai-public"],"acf":[],"yoast_head":"<!-- This site is optimized with the Yoast SEO plugin v27.5 - https:\/\/yoast.com\/product\/yoast-seo-wordpress\/ -->\n<title>Quina \u00e9s la c\u00e0rrega tur\u00edstica que pot sostenir el barri de la Sagrada Fam\u00edlia? - Sindicatura de Greuges de Barcelona<\/title>\n<meta name=\"robots\" content=\"index, follow, max-snippet:-1, max-image-preview:large, max-video-preview:-1\" \/>\n<link rel=\"canonical\" href=\"https:\/\/www.sindicaturabarcelona.cat\/ca\/quina-es-la-carrega-turistica-que-pot-sostenir-el-barri-de-la-sagrada-familia\/\" \/>\n<meta property=\"og:locale\" content=\"ca_ES\" \/>\n<meta property=\"og:type\" content=\"article\" \/>\n<meta property=\"og:title\" content=\"Quina \u00e9s la c\u00e0rrega tur\u00edstica que pot sostenir el barri de la Sagrada Fam\u00edlia? - Sindicatura de Greuges de Barcelona\" \/>\n<meta property=\"og:description\" content=\"La Sindicatura de Greuges de Barcelona reclama a l\u2019Ajuntament de Barcelona que protegeixi els drets del ve\u00efnat de Sagrada Fam\u00edlia, que t\u00e9 dificultats per conciliar la seva vida di\u00e0ria amb [&hellip;]\" \/>\n<meta property=\"og:url\" content=\"https:\/\/www.sindicaturabarcelona.cat\/ca\/quina-es-la-carrega-turistica-que-pot-sostenir-el-barri-de-la-sagrada-familia\/\" \/>\n<meta property=\"og:site_name\" content=\"Sindicatura de Greuges de Barcelona\" \/>\n<meta property=\"article:published_time\" content=\"2023-07-05T09:18:07+00:00\" \/>\n<meta property=\"article:modified_time\" content=\"2024-03-24T17:07:58+00:00\" \/>\n<meta property=\"og:image\" content=\"https:\/\/www.sindicaturabarcelona.cat\/wp-content\/uploads\/sagrada-familia-parella-de-visitants.jpg\" \/>\n\t<meta property=\"og:image:width\" content=\"1024\" \/>\n\t<meta property=\"og:image:height\" content=\"768\" \/>\n\t<meta property=\"og:image:type\" content=\"image\/jpeg\" \/>\n<meta name=\"author\" content=\"Pablo\" \/>\n<meta name=\"twitter:card\" content=\"summary_large_image\" \/>\n<meta name=\"twitter:creator\" content=\"@sindicbarcelona\" \/>\n<meta name=\"twitter:site\" content=\"@sindicbarcelona\" \/>\n<meta name=\"twitter:label1\" content=\"Escrit per\" \/>\n\t<meta name=\"twitter:data1\" content=\"Pablo\" \/>\n\t<meta name=\"twitter:label2\" content=\"Temps estimat de lectura\" \/>\n\t<meta name=\"twitter:data2\" content=\"5 minuts\" \/>\n<script type=\"application\/ld+json\" class=\"yoast-schema-graph\">{\"@context\":\"https:\\\/\\\/schema.org\",\"@graph\":[{\"@type\":\"Article\",\"@id\":\"https:\\\/\\\/www.sindicaturabarcelona.cat\\\/ca\\\/quina-es-la-carrega-turistica-que-pot-sostenir-el-barri-de-la-sagrada-familia\\\/#article\",\"isPartOf\":{\"@id\":\"https:\\\/\\\/www.sindicaturabarcelona.cat\\\/ca\\\/quina-es-la-carrega-turistica-que-pot-sostenir-el-barri-de-la-sagrada-familia\\\/\"},\"author\":{\"name\":\"Pablo\",\"@id\":\"https:\\\/\\\/www.sindicaturabarcelona.cat\\\/ca\\\/#\\\/schema\\\/person\\\/0e5acffc350ffdbc97578159322c9452\"},\"headline\":\"Quina \u00e9s la c\u00e0rrega tur\u00edstica que pot sostenir el barri de la Sagrada Fam\u00edlia?\",\"datePublished\":\"2023-07-05T09:18:07+00:00\",\"dateModified\":\"2024-03-24T17:07:58+00:00\",\"mainEntityOfPage\":{\"@id\":\"https:\\\/\\\/www.sindicaturabarcelona.cat\\\/ca\\\/quina-es-la-carrega-turistica-que-pot-sostenir-el-barri-de-la-sagrada-familia\\\/\"},\"wordCount\":807,\"publisher\":{\"@id\":\"https:\\\/\\\/www.sindicaturabarcelona.cat\\\/ca\\\/#organization\"},\"image\":{\"@id\":\"https:\\\/\\\/www.sindicaturabarcelona.cat\\\/ca\\\/quina-es-la-carrega-turistica-que-pot-sostenir-el-barri-de-la-sagrada-familia\\\/#primaryimage\"},\"thumbnailUrl\":\"https:\\\/\\\/www.sindicaturabarcelona.cat\\\/wp-content\\\/uploads\\\/sagrada-familia-parella-de-visitants.jpg\",\"keywords\":[\"convivencia\",\"dret espai public\",\"espai public\",\"sagrada familia\",\"turisme\",\"turistificacio\"],\"inLanguage\":\"ca\"},{\"@type\":\"WebPage\",\"@id\":\"https:\\\/\\\/www.sindicaturabarcelona.cat\\\/ca\\\/quina-es-la-carrega-turistica-que-pot-sostenir-el-barri-de-la-sagrada-familia\\\/\",\"url\":\"https:\\\/\\\/www.sindicaturabarcelona.cat\\\/ca\\\/quina-es-la-carrega-turistica-que-pot-sostenir-el-barri-de-la-sagrada-familia\\\/\",\"name\":\"Quina \u00e9s la c\u00e0rrega tur\u00edstica que pot sostenir el barri de la Sagrada Fam\u00edlia? - Sindicatura de Greuges de Barcelona\",\"isPartOf\":{\"@id\":\"https:\\\/\\\/www.sindicaturabarcelona.cat\\\/ca\\\/#website\"},\"primaryImageOfPage\":{\"@id\":\"https:\\\/\\\/www.sindicaturabarcelona.cat\\\/ca\\\/quina-es-la-carrega-turistica-que-pot-sostenir-el-barri-de-la-sagrada-familia\\\/#primaryimage\"},\"image\":{\"@id\":\"https:\\\/\\\/www.sindicaturabarcelona.cat\\\/ca\\\/quina-es-la-carrega-turistica-que-pot-sostenir-el-barri-de-la-sagrada-familia\\\/#primaryimage\"},\"thumbnailUrl\":\"https:\\\/\\\/www.sindicaturabarcelona.cat\\\/wp-content\\\/uploads\\\/sagrada-familia-parella-de-visitants.jpg\",\"datePublished\":\"2023-07-05T09:18:07+00:00\",\"dateModified\":\"2024-03-24T17:07:58+00:00\",\"breadcrumb\":{\"@id\":\"https:\\\/\\\/www.sindicaturabarcelona.cat\\\/ca\\\/quina-es-la-carrega-turistica-que-pot-sostenir-el-barri-de-la-sagrada-familia\\\/#breadcrumb\"},\"inLanguage\":\"ca\",\"potentialAction\":[{\"@type\":\"ReadAction\",\"target\":[\"https:\\\/\\\/www.sindicaturabarcelona.cat\\\/ca\\\/quina-es-la-carrega-turistica-que-pot-sostenir-el-barri-de-la-sagrada-familia\\\/\"]}]},{\"@type\":\"ImageObject\",\"inLanguage\":\"ca\",\"@id\":\"https:\\\/\\\/www.sindicaturabarcelona.cat\\\/ca\\\/quina-es-la-carrega-turistica-que-pot-sostenir-el-barri-de-la-sagrada-familia\\\/#primaryimage\",\"url\":\"https:\\\/\\\/www.sindicaturabarcelona.cat\\\/wp-content\\\/uploads\\\/sagrada-familia-parella-de-visitants.jpg\",\"contentUrl\":\"https:\\\/\\\/www.sindicaturabarcelona.cat\\\/wp-content\\\/uploads\\\/sagrada-familia-parella-de-visitants.jpg\",\"width\":1024,\"height\":768,\"caption\":\"Turistificaci\u00f3 Sagrada Familia\"},{\"@type\":\"BreadcrumbList\",\"@id\":\"https:\\\/\\\/www.sindicaturabarcelona.cat\\\/ca\\\/quina-es-la-carrega-turistica-que-pot-sostenir-el-barri-de-la-sagrada-familia\\\/#breadcrumb\",\"itemListElement\":[{\"@type\":\"ListItem\",\"position\":1,\"name\":\"Inici\",\"item\":\"https:\\\/\\\/www.sindicaturabarcelona.cat\\\/ca\\\/\"},{\"@type\":\"ListItem\",\"position\":2,\"name\":\"Quina \u00e9s la c\u00e0rrega tur\u00edstica que pot sostenir el barri de la Sagrada Fam\u00edlia?\"}]},{\"@type\":\"WebSite\",\"@id\":\"https:\\\/\\\/www.sindicaturabarcelona.cat\\\/ca\\\/#website\",\"url\":\"https:\\\/\\\/www.sindicaturabarcelona.cat\\\/ca\\\/\",\"name\":\"Sindicatura de Greuges de Barcelona\",\"description\":\"La defensoria dels teus drets\",\"publisher\":{\"@id\":\"https:\\\/\\\/www.sindicaturabarcelona.cat\\\/ca\\\/#organization\"},\"potentialAction\":[{\"@type\":\"SearchAction\",\"target\":{\"@type\":\"EntryPoint\",\"urlTemplate\":\"https:\\\/\\\/www.sindicaturabarcelona.cat\\\/ca\\\/?s={search_term_string}\"},\"query-input\":{\"@type\":\"PropertyValueSpecification\",\"valueRequired\":true,\"valueName\":\"search_term_string\"}}],\"inLanguage\":\"ca\"},{\"@type\":\"Organization\",\"@id\":\"https:\\\/\\\/www.sindicaturabarcelona.cat\\\/ca\\\/#organization\",\"name\":\"Sindicatura de Greuges de Barcelona\",\"url\":\"https:\\\/\\\/www.sindicaturabarcelona.cat\\\/ca\\\/\",\"logo\":{\"@type\":\"ImageObject\",\"inLanguage\":\"ca\",\"@id\":\"https:\\\/\\\/www.sindicaturabarcelona.cat\\\/ca\\\/#\\\/schema\\\/logo\\\/image\\\/\",\"url\":\"https:\\\/\\\/www.sindicaturabarcelona.cat\\\/wp-content\\\/uploads\\\/2023\\\/02\\\/logo_sindicatura.svg\",\"contentUrl\":\"https:\\\/\\\/www.sindicaturabarcelona.cat\\\/wp-content\\\/uploads\\\/2023\\\/02\\\/logo_sindicatura.svg\",\"caption\":\"Sindicatura de Greuges de Barcelona\"},\"image\":{\"@id\":\"https:\\\/\\\/www.sindicaturabarcelona.cat\\\/ca\\\/#\\\/schema\\\/logo\\\/image\\\/\"},\"sameAs\":[\"https:\\\/\\\/x.com\\\/sindicbarcelona\",\"https:\\\/\\\/www.instagram.com\\\/sindicbarcelona\\\/\",\"https:\\\/\\\/www.tiktok.com\\\/@sindicaturabcn\",\"https:\\\/\\\/t.me\\\/sindicaturabarcelona\"]},{\"@type\":\"Person\",\"@id\":\"https:\\\/\\\/www.sindicaturabarcelona.cat\\\/ca\\\/#\\\/schema\\\/person\\\/0e5acffc350ffdbc97578159322c9452\",\"name\":\"Pablo\",\"image\":{\"@type\":\"ImageObject\",\"inLanguage\":\"ca\",\"@id\":\"https:\\\/\\\/secure.gravatar.com\\\/avatar\\\/c948169b402ef9492afde705c3dfd5e90e1a6a84ef6840a91124f805a25a480f?s=96&d=mm&r=g\",\"url\":\"https:\\\/\\\/secure.gravatar.com\\\/avatar\\\/c948169b402ef9492afde705c3dfd5e90e1a6a84ef6840a91124f805a25a480f?s=96&d=mm&r=g\",\"contentUrl\":\"https:\\\/\\\/secure.gravatar.com\\\/avatar\\\/c948169b402ef9492afde705c3dfd5e90e1a6a84ef6840a91124f805a25a480f?s=96&d=mm&r=g\",\"caption\":\"Pablo\"},\"url\":\"https:\\\/\\\/www.sindicaturabarcelona.cat\\\/ca\\\/author\\\/pablo\\\/\"}]}<\/script>\n<!-- \/ Yoast SEO plugin. -->","yoast_head_json":{"title":"Quina \u00e9s la c\u00e0rrega tur\u00edstica que pot sostenir el barri de la Sagrada Fam\u00edlia? - Sindicatura de Greuges de Barcelona","robots":{"index":"index","follow":"follow","max-snippet":"max-snippet:-1","max-image-preview":"max-image-preview:large","max-video-preview":"max-video-preview:-1"},"canonical":"https:\/\/www.sindicaturabarcelona.cat\/ca\/quina-es-la-carrega-turistica-que-pot-sostenir-el-barri-de-la-sagrada-familia\/","og_locale":"ca_ES","og_type":"article","og_title":"Quina \u00e9s la c\u00e0rrega tur\u00edstica que pot sostenir el barri de la Sagrada Fam\u00edlia? - Sindicatura de Greuges de Barcelona","og_description":"La Sindicatura de Greuges de Barcelona reclama a l\u2019Ajuntament de Barcelona que protegeixi els drets del ve\u00efnat de Sagrada Fam\u00edlia, que t\u00e9 dificultats per conciliar la seva vida di\u00e0ria amb [&hellip;]","og_url":"https:\/\/www.sindicaturabarcelona.cat\/ca\/quina-es-la-carrega-turistica-que-pot-sostenir-el-barri-de-la-sagrada-familia\/","og_site_name":"Sindicatura de Greuges de Barcelona","article_published_time":"2023-07-05T09:18:07+00:00","article_modified_time":"2024-03-24T17:07:58+00:00","og_image":[{"width":1024,"height":768,"url":"https:\/\/www.sindicaturabarcelona.cat\/wp-content\/uploads\/sagrada-familia-parella-de-visitants.jpg","type":"image\/jpeg"}],"author":"Pablo","twitter_card":"summary_large_image","twitter_creator":"@sindicbarcelona","twitter_site":"@sindicbarcelona","twitter_misc":{"Escrit per":"Pablo","Temps estimat de lectura":"5 minuts"},"schema":{"@context":"https:\/\/schema.org","@graph":[{"@type":"Article","@id":"https:\/\/www.sindicaturabarcelona.cat\/ca\/quina-es-la-carrega-turistica-que-pot-sostenir-el-barri-de-la-sagrada-familia\/#article","isPartOf":{"@id":"https:\/\/www.sindicaturabarcelona.cat\/ca\/quina-es-la-carrega-turistica-que-pot-sostenir-el-barri-de-la-sagrada-familia\/"},"author":{"name":"Pablo","@id":"https:\/\/www.sindicaturabarcelona.cat\/ca\/#\/schema\/person\/0e5acffc350ffdbc97578159322c9452"},"headline":"Quina \u00e9s la c\u00e0rrega tur\u00edstica que pot sostenir el barri de la Sagrada Fam\u00edlia?","datePublished":"2023-07-05T09:18:07+00:00","dateModified":"2024-03-24T17:07:58+00:00","mainEntityOfPage":{"@id":"https:\/\/www.sindicaturabarcelona.cat\/ca\/quina-es-la-carrega-turistica-que-pot-sostenir-el-barri-de-la-sagrada-familia\/"},"wordCount":807,"publisher":{"@id":"https:\/\/www.sindicaturabarcelona.cat\/ca\/#organization"},"image":{"@id":"https:\/\/www.sindicaturabarcelona.cat\/ca\/quina-es-la-carrega-turistica-que-pot-sostenir-el-barri-de-la-sagrada-familia\/#primaryimage"},"thumbnailUrl":"https:\/\/www.sindicaturabarcelona.cat\/wp-content\/uploads\/sagrada-familia-parella-de-visitants.jpg","keywords":["convivencia","dret espai public","espai public","sagrada familia","turisme","turistificacio"],"inLanguage":"ca"},{"@type":"WebPage","@id":"https:\/\/www.sindicaturabarcelona.cat\/ca\/quina-es-la-carrega-turistica-que-pot-sostenir-el-barri-de-la-sagrada-familia\/","url":"https:\/\/www.sindicaturabarcelona.cat\/ca\/quina-es-la-carrega-turistica-que-pot-sostenir-el-barri-de-la-sagrada-familia\/","name":"Quina \u00e9s la c\u00e0rrega tur\u00edstica que pot sostenir el barri de la Sagrada Fam\u00edlia? - Sindicatura de Greuges de Barcelona","isPartOf":{"@id":"https:\/\/www.sindicaturabarcelona.cat\/ca\/#website"},"primaryImageOfPage":{"@id":"https:\/\/www.sindicaturabarcelona.cat\/ca\/quina-es-la-carrega-turistica-que-pot-sostenir-el-barri-de-la-sagrada-familia\/#primaryimage"},"image":{"@id":"https:\/\/www.sindicaturabarcelona.cat\/ca\/quina-es-la-carrega-turistica-que-pot-sostenir-el-barri-de-la-sagrada-familia\/#primaryimage"},"thumbnailUrl":"https:\/\/www.sindicaturabarcelona.cat\/wp-content\/uploads\/sagrada-familia-parella-de-visitants.jpg","datePublished":"2023-07-05T09:18:07+00:00","dateModified":"2024-03-24T17:07:58+00:00","breadcrumb":{"@id":"https:\/\/www.sindicaturabarcelona.cat\/ca\/quina-es-la-carrega-turistica-que-pot-sostenir-el-barri-de-la-sagrada-familia\/#breadcrumb"},"inLanguage":"ca","potentialAction":[{"@type":"ReadAction","target":["https:\/\/www.sindicaturabarcelona.cat\/ca\/quina-es-la-carrega-turistica-que-pot-sostenir-el-barri-de-la-sagrada-familia\/"]}]},{"@type":"ImageObject","inLanguage":"ca","@id":"https:\/\/www.sindicaturabarcelona.cat\/ca\/quina-es-la-carrega-turistica-que-pot-sostenir-el-barri-de-la-sagrada-familia\/#primaryimage","url":"https:\/\/www.sindicaturabarcelona.cat\/wp-content\/uploads\/sagrada-familia-parella-de-visitants.jpg","contentUrl":"https:\/\/www.sindicaturabarcelona.cat\/wp-content\/uploads\/sagrada-familia-parella-de-visitants.jpg","width":1024,"height":768,"caption":"Turistificaci\u00f3 Sagrada Familia"},{"@type":"BreadcrumbList","@id":"https:\/\/www.sindicaturabarcelona.cat\/ca\/quina-es-la-carrega-turistica-que-pot-sostenir-el-barri-de-la-sagrada-familia\/#breadcrumb","itemListElement":[{"@type":"ListItem","position":1,"name":"Inici","item":"https:\/\/www.sindicaturabarcelona.cat\/ca\/"},{"@type":"ListItem","position":2,"name":"Quina \u00e9s la c\u00e0rrega tur\u00edstica que pot sostenir el barri de la Sagrada Fam\u00edlia?"}]},{"@type":"WebSite","@id":"https:\/\/www.sindicaturabarcelona.cat\/ca\/#website","url":"https:\/\/www.sindicaturabarcelona.cat\/ca\/","name":"Sindicatura de Greuges de Barcelona","description":"La defensoria dels teus drets","publisher":{"@id":"https:\/\/www.sindicaturabarcelona.cat\/ca\/#organization"},"potentialAction":[{"@type":"SearchAction","target":{"@type":"EntryPoint","urlTemplate":"https:\/\/www.sindicaturabarcelona.cat\/ca\/?s={search_term_string}"},"query-input":{"@type":"PropertyValueSpecification","valueRequired":true,"valueName":"search_term_string"}}],"inLanguage":"ca"},{"@type":"Organization","@id":"https:\/\/www.sindicaturabarcelona.cat\/ca\/#organization","name":"Sindicatura de Greuges de Barcelona","url":"https:\/\/www.sindicaturabarcelona.cat\/ca\/","logo":{"@type":"ImageObject","inLanguage":"ca","@id":"https:\/\/www.sindicaturabarcelona.cat\/ca\/#\/schema\/logo\/image\/","url":"https:\/\/www.sindicaturabarcelona.cat\/wp-content\/uploads\/2023\/02\/logo_sindicatura.svg","contentUrl":"https:\/\/www.sindicaturabarcelona.cat\/wp-content\/uploads\/2023\/02\/logo_sindicatura.svg","caption":"Sindicatura de Greuges de Barcelona"},"image":{"@id":"https:\/\/www.sindicaturabarcelona.cat\/ca\/#\/schema\/logo\/image\/"},"sameAs":["https:\/\/x.com\/sindicbarcelona","https:\/\/www.instagram.com\/sindicbarcelona\/","https:\/\/www.tiktok.com\/@sindicaturabcn","https:\/\/t.me\/sindicaturabarcelona"]},{"@type":"Person","@id":"https:\/\/www.sindicaturabarcelona.cat\/ca\/#\/schema\/person\/0e5acffc350ffdbc97578159322c9452","name":"Pablo","image":{"@type":"ImageObject","inLanguage":"ca","@id":"https:\/\/secure.gravatar.com\/avatar\/c948169b402ef9492afde705c3dfd5e90e1a6a84ef6840a91124f805a25a480f?s=96&d=mm&r=g","url":"https:\/\/secure.gravatar.com\/avatar\/c948169b402ef9492afde705c3dfd5e90e1a6a84ef6840a91124f805a25a480f?s=96&d=mm&r=g","contentUrl":"https:\/\/secure.gravatar.com\/avatar\/c948169b402ef9492afde705c3dfd5e90e1a6a84ef6840a91124f805a25a480f?s=96&d=mm&r=g","caption":"Pablo"},"url":"https:\/\/www.sindicaturabarcelona.cat\/ca\/author\/pablo\/"}]}},"_links":{"self":[{"href":"https:\/\/www.sindicaturabarcelona.cat\/ca\/wp-json\/wp\/v2\/posts\/29862","targetHints":{"allow":["GET"]}}],"collection":[{"href":"https:\/\/www.sindicaturabarcelona.cat\/ca\/wp-json\/wp\/v2\/posts"}],"about":[{"href":"https:\/\/www.sindicaturabarcelona.cat\/ca\/wp-json\/wp\/v2\/types\/post"}],"author":[{"embeddable":true,"href":"https:\/\/www.sindicaturabarcelona.cat\/ca\/wp-json\/wp\/v2\/users\/2"}],"replies":[{"embeddable":true,"href":"https:\/\/www.sindicaturabarcelona.cat\/ca\/wp-json\/wp\/v2\/comments?post=29862"}],"version-history":[{"count":4,"href":"https:\/\/www.sindicaturabarcelona.cat\/ca\/wp-json\/wp\/v2\/posts\/29862\/revisions"}],"predecessor-version":[{"id":31965,"href":"https:\/\/www.sindicaturabarcelona.cat\/ca\/wp-json\/wp\/v2\/posts\/29862\/revisions\/31965"}],"wp:featuredmedia":[{"embeddable":true,"href":"https:\/\/www.sindicaturabarcelona.cat\/ca\/wp-json\/wp\/v2\/media\/29863"}],"wp:attachment":[{"href":"https:\/\/www.sindicaturabarcelona.cat\/ca\/wp-json\/wp\/v2\/media?parent=29862"}],"wp:term":[{"taxonomy":"post_tag","embeddable":true,"href":"https:\/\/www.sindicaturabarcelona.cat\/ca\/wp-json\/wp\/v2\/tags?post=29862"},{"taxonomy":"drets","embeddable":true,"href":"https:\/\/www.sindicaturabarcelona.cat\/ca\/wp-json\/wp\/v2\/drets?post=29862"}],"curies":[{"name":"wp","href":"https:\/\/api.w.org\/{rel}","templated":true}]}}