{"id":29813,"date":"2023-06-29T09:23:34","date_gmt":"2023-06-29T07:23:34","guid":{"rendered":"https:\/\/www.sindicaturabarcelona.cat\/?p=29813"},"modified":"2023-06-29T09:23:35","modified_gmt":"2023-06-29T07:23:35","slug":"la-sindicatura-convida-a-mantenir-lequilibri-entre-el-respecte-al-dret-al-descans-i-el-gaudiment-del-dret-a-la-cultura","status":"publish","type":"post","link":"https:\/\/www.sindicaturabarcelona.cat\/ca\/la-sindicatura-convida-a-mantenir-lequilibri-entre-el-respecte-al-dret-al-descans-i-el-gaudiment-del-dret-a-la-cultura\/","title":{"rendered":"La Sindicatura convida a mantenir l\u2019equilibri entre el respecte al dret al descans i el gaudiment del dret a la cultura"},"content":{"rendered":"\n<p><strong>L\u2019harmonia entre el dret a la cultura i l\u2019oci relacionada amb la celebraci\u00f3 de festes populars i el dret al descans del ve\u00efnat \u00e9s un element delicat de la conviv\u00e8ncia ciutadana<\/strong>. La Sindicatura s\u2019ha pronunciat recordant la import\u00e0ncia que l\u2019Administraci\u00f3 vetlli pel manteniment l\u2019 equilibri d\u2019aquests drets davant la&nbsp;<a href=\"https:\/\/www.sindicaturabarcelona.cat\/wp-content\/uploads\/2023\/06\/202306_Dret-descans-i-espai-public-soroll-de-festes-al-carrer.pdf\">queixa d\u2019una ciutadana de Gr\u00e0cia<\/a>&nbsp;amb motiu de les mol\u00e8sties ocasionades per les celebracions de festes populars al seu carrer.<\/p>\n\n\n\n<h2 class=\"wp-block-heading\"><strong>El dret al descans, en conflicte<\/strong><\/h2>\n\n\n\n<p>Poder descansar i tenir garantida la intimitat a la llar \u00e9s essencial per poder desenvolupar una vida saludable. A m\u00e9s, s\u00f3n drets contemplats i protegits, tamb\u00e9, &nbsp;a la normativa municipal. Per\u00f2 en ocasions pot entrar en conflicte amb altres drets de la ciutadania, com \u00e9s el cas de la celebraci\u00f3 d\u2019 activitats l\u00fadiques a l\u2019espai p\u00fablic.<\/p>\n\n\n\n<p>Les mol\u00e8sties que poden provocar les celebracions o concerts al carrer i la disconformitat amb l\u2019actuaci\u00f3 municipal davant aquestes situacions s\u00f3n objecte de coneixement freq\u00fcent per part de la Sindicatura de Greuges.<\/p>\n\n\n\n<p>La utilitzaci\u00f3 de la via p\u00fablica amb motiu de festes majors o festes populars \u00e9s una pr\u00e0ctica habitual als municipis. Tanmateix,&nbsp;<strong>es tracta de fer possible, en all\u00f2 que es pugui, la conciliaci\u00f3 entre el dret a gaudir d\u2019activitats culturals i festives a l\u2019espai p\u00fablic i els drets a disposar d\u2019unes condicions de vida saludables, assegurant la tranquil\u00b7litat a l\u2019interior dels habitatges<\/strong>.<\/p>\n\n\n\n<p>Amb aquest objectiu&nbsp;<strong>hi ha establert un nombre m\u00e0xim de dotze espectacles o activitats recreatives anuals al mateix espai<\/strong>. Aquesta limitaci\u00f3 tamb\u00e9 consta a les recomanacions d\u2019horaris, durada i mesures de millora de l\u2019impacte ac\u00fastic per a la realitzaci\u00f3 d\u2019esdeveniments a la via p\u00fablica, que va elaborar la Comissi\u00f3 Barcelona Esdeveniments de l\u2019Ajuntament de Barcelona, el 3 de febrer de 2022.<\/p>\n\n\n\n<h3 class=\"wp-block-heading\"><strong>La conviv\u00e8ncia d\u2019aquests drets<\/strong><\/h3>\n\n\n\n<p>Si b\u00e9 \u00e9s cert que a les ciutats hem de poder viure d\u2019una manera confortable, no ho \u00e9s menys que les din\u00e0miques d\u2019\u00fas de l\u2019espai p\u00fablic poden confrontar els interessos de la ciutadania. Tan leg\u00edtim \u00e9s voler gaudir de les festes i trobades al carrer com voler descansar al mateix domicili sense patir el soroll que provoquen aquestes trobades.<\/p>\n\n\n\n<p>No podem oblidar que la celebraci\u00f3 d\u2019activitats l\u00fadiques i les trobades al carrer entre les persones que formen part d\u2019una mateixa associaci\u00f3 o d\u2019un mateix barri, s\u00f3n esdeveniments especials que contribueixen a humanitzar el nostre entorn i que, en definitiva, pretenen compartir valors culturals i experi\u00e8ncies que fomenten la unitat entre generacions i grups del mateix territori.<\/p>\n\n\n\n<p>Aquestes din\u00e0miques d\u2019\u00fas de l\u2019espai p\u00fablic impliquen que&nbsp;<strong>l\u2019Administraci\u00f3 hagi d\u2019esmer\u00e7ar esfor\u00e7os a fer compatible el dret al descans amb la realitzaci\u00f3 d\u2019aquestes trobades ve\u00efnals<\/strong>. Per tant, cal vetllar pel fet que es respecti el nombre m\u00e0xim de dotze activitats previstes per la norma, per al compliment dels \u00edndexs permesos d\u2019immissi\u00f3 ac\u00fastica, fer un control estricte dels horaris autoritzats i valorar la possibilitat de fer canvis peri\u00f2dics d\u2019ubicaci\u00f3 de la celebraci\u00f3 d\u2019aquest tipus d\u2019esdeveniments.<\/p>\n","protected":false},"excerpt":{"rendered":"<p>L\u2019harmonia entre el dret a la cultura i l\u2019oci relacionada amb la celebraci\u00f3 de festes populars i el dret al descans del ve\u00efnat \u00e9s un element delicat de la conviv\u00e8ncia [&hellip;]<\/p>\n","protected":false},"author":2,"featured_media":29814,"comment_status":"closed","ping_status":"closed","sticky":false,"template":"","format":"standard","meta":{"_acf_changed":false,"footnotes":""},"tags":[],"drets":[1438,1446,1444],"class_list":["post-29813","post","type-post","status-publish","format-standard","has-post-thumbnail","hentry","drets-ciutat-habitable-i-sostenible","drets-dret-a-lespai-public","drets-dret-al-descans"],"acf":[],"yoast_head":"<!-- This site is optimized with the Yoast SEO plugin v27.5 - https:\/\/yoast.com\/product\/yoast-seo-wordpress\/ -->\n<title>La Sindicatura convida a mantenir l\u2019equilibri entre el respecte al dret al descans i el gaudiment del dret a la cultura - Sindicatura de Greuges de Barcelona<\/title>\n<meta name=\"robots\" content=\"index, follow, max-snippet:-1, max-image-preview:large, max-video-preview:-1\" \/>\n<link rel=\"canonical\" href=\"https:\/\/www.sindicaturabarcelona.cat\/ca\/la-sindicatura-convida-a-mantenir-lequilibri-entre-el-respecte-al-dret-al-descans-i-el-gaudiment-del-dret-a-la-cultura\/\" \/>\n<meta property=\"og:locale\" content=\"ca_ES\" \/>\n<meta property=\"og:type\" content=\"article\" \/>\n<meta property=\"og:title\" content=\"La Sindicatura convida a mantenir l\u2019equilibri entre el respecte al dret al descans i el gaudiment del dret a la cultura - Sindicatura de Greuges de Barcelona\" \/>\n<meta property=\"og:description\" content=\"L\u2019harmonia entre el dret a la cultura i l\u2019oci relacionada amb la celebraci\u00f3 de festes populars i el dret al descans del ve\u00efnat \u00e9s un element delicat de la conviv\u00e8ncia [&hellip;]\" \/>\n<meta property=\"og:url\" content=\"https:\/\/www.sindicaturabarcelona.cat\/ca\/la-sindicatura-convida-a-mantenir-lequilibri-entre-el-respecte-al-dret-al-descans-i-el-gaudiment-del-dret-a-la-cultura\/\" \/>\n<meta property=\"og:site_name\" content=\"Sindicatura de Greuges de Barcelona\" \/>\n<meta property=\"article:published_time\" content=\"2023-06-29T07:23:34+00:00\" \/>\n<meta property=\"article:modified_time\" content=\"2023-06-29T07:23:35+00:00\" \/>\n<meta property=\"og:image\" content=\"https:\/\/www.sindicaturabarcelona.cat\/wp-content\/uploads\/dinar-popular-de-la-festa-major-del.jpg\" \/>\n\t<meta property=\"og:image:width\" content=\"1024\" \/>\n\t<meta property=\"og:image:height\" content=\"683\" \/>\n\t<meta property=\"og:image:type\" content=\"image\/jpeg\" \/>\n<meta name=\"author\" content=\"Pablo\" \/>\n<meta name=\"twitter:card\" content=\"summary_large_image\" \/>\n<meta name=\"twitter:creator\" content=\"@sindicbarcelona\" \/>\n<meta name=\"twitter:site\" content=\"@sindicbarcelona\" \/>\n<meta name=\"twitter:label1\" content=\"Escrit per\" \/>\n\t<meta name=\"twitter:data1\" content=\"Pablo\" \/>\n\t<meta name=\"twitter:label2\" content=\"Temps estimat de lectura\" \/>\n\t<meta name=\"twitter:data2\" content=\"3 minuts\" \/>\n<script type=\"application\/ld+json\" class=\"yoast-schema-graph\">{\"@context\":\"https:\\\/\\\/schema.org\",\"@graph\":[{\"@type\":\"Article\",\"@id\":\"https:\\\/\\\/www.sindicaturabarcelona.cat\\\/ca\\\/la-sindicatura-convida-a-mantenir-lequilibri-entre-el-respecte-al-dret-al-descans-i-el-gaudiment-del-dret-a-la-cultura\\\/#article\",\"isPartOf\":{\"@id\":\"https:\\\/\\\/www.sindicaturabarcelona.cat\\\/ca\\\/la-sindicatura-convida-a-mantenir-lequilibri-entre-el-respecte-al-dret-al-descans-i-el-gaudiment-del-dret-a-la-cultura\\\/\"},\"author\":{\"name\":\"Pablo\",\"@id\":\"https:\\\/\\\/www.sindicaturabarcelona.cat\\\/ca\\\/#\\\/schema\\\/person\\\/0e5acffc350ffdbc97578159322c9452\"},\"headline\":\"La Sindicatura convida a mantenir l\u2019equilibri entre el respecte al dret al descans i el gaudiment del dret a la cultura\",\"datePublished\":\"2023-06-29T07:23:34+00:00\",\"dateModified\":\"2023-06-29T07:23:35+00:00\",\"mainEntityOfPage\":{\"@id\":\"https:\\\/\\\/www.sindicaturabarcelona.cat\\\/ca\\\/la-sindicatura-convida-a-mantenir-lequilibri-entre-el-respecte-al-dret-al-descans-i-el-gaudiment-del-dret-a-la-cultura\\\/\"},\"wordCount\":572,\"publisher\":{\"@id\":\"https:\\\/\\\/www.sindicaturabarcelona.cat\\\/ca\\\/#organization\"},\"image\":{\"@id\":\"https:\\\/\\\/www.sindicaturabarcelona.cat\\\/ca\\\/la-sindicatura-convida-a-mantenir-lequilibri-entre-el-respecte-al-dret-al-descans-i-el-gaudiment-del-dret-a-la-cultura\\\/#primaryimage\"},\"thumbnailUrl\":\"https:\\\/\\\/www.sindicaturabarcelona.cat\\\/wp-content\\\/uploads\\\/dinar-popular-de-la-festa-major-del.jpg\",\"inLanguage\":\"ca\"},{\"@type\":\"WebPage\",\"@id\":\"https:\\\/\\\/www.sindicaturabarcelona.cat\\\/ca\\\/la-sindicatura-convida-a-mantenir-lequilibri-entre-el-respecte-al-dret-al-descans-i-el-gaudiment-del-dret-a-la-cultura\\\/\",\"url\":\"https:\\\/\\\/www.sindicaturabarcelona.cat\\\/ca\\\/la-sindicatura-convida-a-mantenir-lequilibri-entre-el-respecte-al-dret-al-descans-i-el-gaudiment-del-dret-a-la-cultura\\\/\",\"name\":\"La Sindicatura convida a mantenir l\u2019equilibri entre el respecte al dret al descans i el gaudiment del dret a la cultura - Sindicatura de Greuges de Barcelona\",\"isPartOf\":{\"@id\":\"https:\\\/\\\/www.sindicaturabarcelona.cat\\\/ca\\\/#website\"},\"primaryImageOfPage\":{\"@id\":\"https:\\\/\\\/www.sindicaturabarcelona.cat\\\/ca\\\/la-sindicatura-convida-a-mantenir-lequilibri-entre-el-respecte-al-dret-al-descans-i-el-gaudiment-del-dret-a-la-cultura\\\/#primaryimage\"},\"image\":{\"@id\":\"https:\\\/\\\/www.sindicaturabarcelona.cat\\\/ca\\\/la-sindicatura-convida-a-mantenir-lequilibri-entre-el-respecte-al-dret-al-descans-i-el-gaudiment-del-dret-a-la-cultura\\\/#primaryimage\"},\"thumbnailUrl\":\"https:\\\/\\\/www.sindicaturabarcelona.cat\\\/wp-content\\\/uploads\\\/dinar-popular-de-la-festa-major-del.jpg\",\"datePublished\":\"2023-06-29T07:23:34+00:00\",\"dateModified\":\"2023-06-29T07:23:35+00:00\",\"breadcrumb\":{\"@id\":\"https:\\\/\\\/www.sindicaturabarcelona.cat\\\/ca\\\/la-sindicatura-convida-a-mantenir-lequilibri-entre-el-respecte-al-dret-al-descans-i-el-gaudiment-del-dret-a-la-cultura\\\/#breadcrumb\"},\"inLanguage\":\"ca\",\"potentialAction\":[{\"@type\":\"ReadAction\",\"target\":[\"https:\\\/\\\/www.sindicaturabarcelona.cat\\\/ca\\\/la-sindicatura-convida-a-mantenir-lequilibri-entre-el-respecte-al-dret-al-descans-i-el-gaudiment-del-dret-a-la-cultura\\\/\"]}]},{\"@type\":\"ImageObject\",\"inLanguage\":\"ca\",\"@id\":\"https:\\\/\\\/www.sindicaturabarcelona.cat\\\/ca\\\/la-sindicatura-convida-a-mantenir-lequilibri-entre-el-respecte-al-dret-al-descans-i-el-gaudiment-del-dret-a-la-cultura\\\/#primaryimage\",\"url\":\"https:\\\/\\\/www.sindicaturabarcelona.cat\\\/wp-content\\\/uploads\\\/dinar-popular-de-la-festa-major-del.jpg\",\"contentUrl\":\"https:\\\/\\\/www.sindicaturabarcelona.cat\\\/wp-content\\\/uploads\\\/dinar-popular-de-la-festa-major-del.jpg\",\"width\":1024,\"height\":683,\"caption\":\"Dinar popular al barri del Raval\"},{\"@type\":\"BreadcrumbList\",\"@id\":\"https:\\\/\\\/www.sindicaturabarcelona.cat\\\/ca\\\/la-sindicatura-convida-a-mantenir-lequilibri-entre-el-respecte-al-dret-al-descans-i-el-gaudiment-del-dret-a-la-cultura\\\/#breadcrumb\",\"itemListElement\":[{\"@type\":\"ListItem\",\"position\":1,\"name\":\"Inici\",\"item\":\"https:\\\/\\\/www.sindicaturabarcelona.cat\\\/ca\\\/\"},{\"@type\":\"ListItem\",\"position\":2,\"name\":\"La Sindicatura convida a mantenir l\u2019equilibri entre el respecte al dret al descans i el gaudiment del dret a la cultura\"}]},{\"@type\":\"WebSite\",\"@id\":\"https:\\\/\\\/www.sindicaturabarcelona.cat\\\/ca\\\/#website\",\"url\":\"https:\\\/\\\/www.sindicaturabarcelona.cat\\\/ca\\\/\",\"name\":\"Sindicatura de Greuges de Barcelona\",\"description\":\"La defensoria dels teus drets\",\"publisher\":{\"@id\":\"https:\\\/\\\/www.sindicaturabarcelona.cat\\\/ca\\\/#organization\"},\"potentialAction\":[{\"@type\":\"SearchAction\",\"target\":{\"@type\":\"EntryPoint\",\"urlTemplate\":\"https:\\\/\\\/www.sindicaturabarcelona.cat\\\/ca\\\/?s={search_term_string}\"},\"query-input\":{\"@type\":\"PropertyValueSpecification\",\"valueRequired\":true,\"valueName\":\"search_term_string\"}}],\"inLanguage\":\"ca\"},{\"@type\":\"Organization\",\"@id\":\"https:\\\/\\\/www.sindicaturabarcelona.cat\\\/ca\\\/#organization\",\"name\":\"Sindicatura de Greuges de Barcelona\",\"url\":\"https:\\\/\\\/www.sindicaturabarcelona.cat\\\/ca\\\/\",\"logo\":{\"@type\":\"ImageObject\",\"inLanguage\":\"ca\",\"@id\":\"https:\\\/\\\/www.sindicaturabarcelona.cat\\\/ca\\\/#\\\/schema\\\/logo\\\/image\\\/\",\"url\":\"https:\\\/\\\/www.sindicaturabarcelona.cat\\\/wp-content\\\/uploads\\\/2023\\\/02\\\/logo_sindicatura.svg\",\"contentUrl\":\"https:\\\/\\\/www.sindicaturabarcelona.cat\\\/wp-content\\\/uploads\\\/2023\\\/02\\\/logo_sindicatura.svg\",\"caption\":\"Sindicatura de Greuges de Barcelona\"},\"image\":{\"@id\":\"https:\\\/\\\/www.sindicaturabarcelona.cat\\\/ca\\\/#\\\/schema\\\/logo\\\/image\\\/\"},\"sameAs\":[\"https:\\\/\\\/x.com\\\/sindicbarcelona\",\"https:\\\/\\\/www.instagram.com\\\/sindicbarcelona\\\/\",\"https:\\\/\\\/www.tiktok.com\\\/@sindicaturabcn\",\"https:\\\/\\\/t.me\\\/sindicaturabarcelona\"]},{\"@type\":\"Person\",\"@id\":\"https:\\\/\\\/www.sindicaturabarcelona.cat\\\/ca\\\/#\\\/schema\\\/person\\\/0e5acffc350ffdbc97578159322c9452\",\"name\":\"Pablo\",\"image\":{\"@type\":\"ImageObject\",\"inLanguage\":\"ca\",\"@id\":\"https:\\\/\\\/secure.gravatar.com\\\/avatar\\\/c948169b402ef9492afde705c3dfd5e90e1a6a84ef6840a91124f805a25a480f?s=96&d=mm&r=g\",\"url\":\"https:\\\/\\\/secure.gravatar.com\\\/avatar\\\/c948169b402ef9492afde705c3dfd5e90e1a6a84ef6840a91124f805a25a480f?s=96&d=mm&r=g\",\"contentUrl\":\"https:\\\/\\\/secure.gravatar.com\\\/avatar\\\/c948169b402ef9492afde705c3dfd5e90e1a6a84ef6840a91124f805a25a480f?s=96&d=mm&r=g\",\"caption\":\"Pablo\"},\"url\":\"https:\\\/\\\/www.sindicaturabarcelona.cat\\\/ca\\\/author\\\/pablo\\\/\"}]}<\/script>\n<!-- \/ Yoast SEO plugin. -->","yoast_head_json":{"title":"La Sindicatura convida a mantenir l\u2019equilibri entre el respecte al dret al descans i el gaudiment del dret a la cultura - Sindicatura de Greuges de Barcelona","robots":{"index":"index","follow":"follow","max-snippet":"max-snippet:-1","max-image-preview":"max-image-preview:large","max-video-preview":"max-video-preview:-1"},"canonical":"https:\/\/www.sindicaturabarcelona.cat\/ca\/la-sindicatura-convida-a-mantenir-lequilibri-entre-el-respecte-al-dret-al-descans-i-el-gaudiment-del-dret-a-la-cultura\/","og_locale":"ca_ES","og_type":"article","og_title":"La Sindicatura convida a mantenir l\u2019equilibri entre el respecte al dret al descans i el gaudiment del dret a la cultura - Sindicatura de Greuges de Barcelona","og_description":"L\u2019harmonia entre el dret a la cultura i l\u2019oci relacionada amb la celebraci\u00f3 de festes populars i el dret al descans del ve\u00efnat \u00e9s un element delicat de la conviv\u00e8ncia [&hellip;]","og_url":"https:\/\/www.sindicaturabarcelona.cat\/ca\/la-sindicatura-convida-a-mantenir-lequilibri-entre-el-respecte-al-dret-al-descans-i-el-gaudiment-del-dret-a-la-cultura\/","og_site_name":"Sindicatura de Greuges de Barcelona","article_published_time":"2023-06-29T07:23:34+00:00","article_modified_time":"2023-06-29T07:23:35+00:00","og_image":[{"width":1024,"height":683,"url":"https:\/\/www.sindicaturabarcelona.cat\/wp-content\/uploads\/dinar-popular-de-la-festa-major-del.jpg","type":"image\/jpeg"}],"author":"Pablo","twitter_card":"summary_large_image","twitter_creator":"@sindicbarcelona","twitter_site":"@sindicbarcelona","twitter_misc":{"Escrit per":"Pablo","Temps estimat de lectura":"3 minuts"},"schema":{"@context":"https:\/\/schema.org","@graph":[{"@type":"Article","@id":"https:\/\/www.sindicaturabarcelona.cat\/ca\/la-sindicatura-convida-a-mantenir-lequilibri-entre-el-respecte-al-dret-al-descans-i-el-gaudiment-del-dret-a-la-cultura\/#article","isPartOf":{"@id":"https:\/\/www.sindicaturabarcelona.cat\/ca\/la-sindicatura-convida-a-mantenir-lequilibri-entre-el-respecte-al-dret-al-descans-i-el-gaudiment-del-dret-a-la-cultura\/"},"author":{"name":"Pablo","@id":"https:\/\/www.sindicaturabarcelona.cat\/ca\/#\/schema\/person\/0e5acffc350ffdbc97578159322c9452"},"headline":"La Sindicatura convida a mantenir l\u2019equilibri entre el respecte al dret al descans i el gaudiment del dret a la cultura","datePublished":"2023-06-29T07:23:34+00:00","dateModified":"2023-06-29T07:23:35+00:00","mainEntityOfPage":{"@id":"https:\/\/www.sindicaturabarcelona.cat\/ca\/la-sindicatura-convida-a-mantenir-lequilibri-entre-el-respecte-al-dret-al-descans-i-el-gaudiment-del-dret-a-la-cultura\/"},"wordCount":572,"publisher":{"@id":"https:\/\/www.sindicaturabarcelona.cat\/ca\/#organization"},"image":{"@id":"https:\/\/www.sindicaturabarcelona.cat\/ca\/la-sindicatura-convida-a-mantenir-lequilibri-entre-el-respecte-al-dret-al-descans-i-el-gaudiment-del-dret-a-la-cultura\/#primaryimage"},"thumbnailUrl":"https:\/\/www.sindicaturabarcelona.cat\/wp-content\/uploads\/dinar-popular-de-la-festa-major-del.jpg","inLanguage":"ca"},{"@type":"WebPage","@id":"https:\/\/www.sindicaturabarcelona.cat\/ca\/la-sindicatura-convida-a-mantenir-lequilibri-entre-el-respecte-al-dret-al-descans-i-el-gaudiment-del-dret-a-la-cultura\/","url":"https:\/\/www.sindicaturabarcelona.cat\/ca\/la-sindicatura-convida-a-mantenir-lequilibri-entre-el-respecte-al-dret-al-descans-i-el-gaudiment-del-dret-a-la-cultura\/","name":"La Sindicatura convida a mantenir l\u2019equilibri entre el respecte al dret al descans i el gaudiment del dret a la cultura - Sindicatura de Greuges de Barcelona","isPartOf":{"@id":"https:\/\/www.sindicaturabarcelona.cat\/ca\/#website"},"primaryImageOfPage":{"@id":"https:\/\/www.sindicaturabarcelona.cat\/ca\/la-sindicatura-convida-a-mantenir-lequilibri-entre-el-respecte-al-dret-al-descans-i-el-gaudiment-del-dret-a-la-cultura\/#primaryimage"},"image":{"@id":"https:\/\/www.sindicaturabarcelona.cat\/ca\/la-sindicatura-convida-a-mantenir-lequilibri-entre-el-respecte-al-dret-al-descans-i-el-gaudiment-del-dret-a-la-cultura\/#primaryimage"},"thumbnailUrl":"https:\/\/www.sindicaturabarcelona.cat\/wp-content\/uploads\/dinar-popular-de-la-festa-major-del.jpg","datePublished":"2023-06-29T07:23:34+00:00","dateModified":"2023-06-29T07:23:35+00:00","breadcrumb":{"@id":"https:\/\/www.sindicaturabarcelona.cat\/ca\/la-sindicatura-convida-a-mantenir-lequilibri-entre-el-respecte-al-dret-al-descans-i-el-gaudiment-del-dret-a-la-cultura\/#breadcrumb"},"inLanguage":"ca","potentialAction":[{"@type":"ReadAction","target":["https:\/\/www.sindicaturabarcelona.cat\/ca\/la-sindicatura-convida-a-mantenir-lequilibri-entre-el-respecte-al-dret-al-descans-i-el-gaudiment-del-dret-a-la-cultura\/"]}]},{"@type":"ImageObject","inLanguage":"ca","@id":"https:\/\/www.sindicaturabarcelona.cat\/ca\/la-sindicatura-convida-a-mantenir-lequilibri-entre-el-respecte-al-dret-al-descans-i-el-gaudiment-del-dret-a-la-cultura\/#primaryimage","url":"https:\/\/www.sindicaturabarcelona.cat\/wp-content\/uploads\/dinar-popular-de-la-festa-major-del.jpg","contentUrl":"https:\/\/www.sindicaturabarcelona.cat\/wp-content\/uploads\/dinar-popular-de-la-festa-major-del.jpg","width":1024,"height":683,"caption":"Dinar popular al barri del Raval"},{"@type":"BreadcrumbList","@id":"https:\/\/www.sindicaturabarcelona.cat\/ca\/la-sindicatura-convida-a-mantenir-lequilibri-entre-el-respecte-al-dret-al-descans-i-el-gaudiment-del-dret-a-la-cultura\/#breadcrumb","itemListElement":[{"@type":"ListItem","position":1,"name":"Inici","item":"https:\/\/www.sindicaturabarcelona.cat\/ca\/"},{"@type":"ListItem","position":2,"name":"La Sindicatura convida a mantenir l\u2019equilibri entre el respecte al dret al descans i el gaudiment del dret a la cultura"}]},{"@type":"WebSite","@id":"https:\/\/www.sindicaturabarcelona.cat\/ca\/#website","url":"https:\/\/www.sindicaturabarcelona.cat\/ca\/","name":"Sindicatura de Greuges de Barcelona","description":"La defensoria dels teus drets","publisher":{"@id":"https:\/\/www.sindicaturabarcelona.cat\/ca\/#organization"},"potentialAction":[{"@type":"SearchAction","target":{"@type":"EntryPoint","urlTemplate":"https:\/\/www.sindicaturabarcelona.cat\/ca\/?s={search_term_string}"},"query-input":{"@type":"PropertyValueSpecification","valueRequired":true,"valueName":"search_term_string"}}],"inLanguage":"ca"},{"@type":"Organization","@id":"https:\/\/www.sindicaturabarcelona.cat\/ca\/#organization","name":"Sindicatura de Greuges de Barcelona","url":"https:\/\/www.sindicaturabarcelona.cat\/ca\/","logo":{"@type":"ImageObject","inLanguage":"ca","@id":"https:\/\/www.sindicaturabarcelona.cat\/ca\/#\/schema\/logo\/image\/","url":"https:\/\/www.sindicaturabarcelona.cat\/wp-content\/uploads\/2023\/02\/logo_sindicatura.svg","contentUrl":"https:\/\/www.sindicaturabarcelona.cat\/wp-content\/uploads\/2023\/02\/logo_sindicatura.svg","caption":"Sindicatura de Greuges de Barcelona"},"image":{"@id":"https:\/\/www.sindicaturabarcelona.cat\/ca\/#\/schema\/logo\/image\/"},"sameAs":["https:\/\/x.com\/sindicbarcelona","https:\/\/www.instagram.com\/sindicbarcelona\/","https:\/\/www.tiktok.com\/@sindicaturabcn","https:\/\/t.me\/sindicaturabarcelona"]},{"@type":"Person","@id":"https:\/\/www.sindicaturabarcelona.cat\/ca\/#\/schema\/person\/0e5acffc350ffdbc97578159322c9452","name":"Pablo","image":{"@type":"ImageObject","inLanguage":"ca","@id":"https:\/\/secure.gravatar.com\/avatar\/c948169b402ef9492afde705c3dfd5e90e1a6a84ef6840a91124f805a25a480f?s=96&d=mm&r=g","url":"https:\/\/secure.gravatar.com\/avatar\/c948169b402ef9492afde705c3dfd5e90e1a6a84ef6840a91124f805a25a480f?s=96&d=mm&r=g","contentUrl":"https:\/\/secure.gravatar.com\/avatar\/c948169b402ef9492afde705c3dfd5e90e1a6a84ef6840a91124f805a25a480f?s=96&d=mm&r=g","caption":"Pablo"},"url":"https:\/\/www.sindicaturabarcelona.cat\/ca\/author\/pablo\/"}]}},"_links":{"self":[{"href":"https:\/\/www.sindicaturabarcelona.cat\/ca\/wp-json\/wp\/v2\/posts\/29813","targetHints":{"allow":["GET"]}}],"collection":[{"href":"https:\/\/www.sindicaturabarcelona.cat\/ca\/wp-json\/wp\/v2\/posts"}],"about":[{"href":"https:\/\/www.sindicaturabarcelona.cat\/ca\/wp-json\/wp\/v2\/types\/post"}],"author":[{"embeddable":true,"href":"https:\/\/www.sindicaturabarcelona.cat\/ca\/wp-json\/wp\/v2\/users\/2"}],"replies":[{"embeddable":true,"href":"https:\/\/www.sindicaturabarcelona.cat\/ca\/wp-json\/wp\/v2\/comments?post=29813"}],"version-history":[{"count":1,"href":"https:\/\/www.sindicaturabarcelona.cat\/ca\/wp-json\/wp\/v2\/posts\/29813\/revisions"}],"predecessor-version":[{"id":29817,"href":"https:\/\/www.sindicaturabarcelona.cat\/ca\/wp-json\/wp\/v2\/posts\/29813\/revisions\/29817"}],"wp:featuredmedia":[{"embeddable":true,"href":"https:\/\/www.sindicaturabarcelona.cat\/ca\/wp-json\/wp\/v2\/media\/29814"}],"wp:attachment":[{"href":"https:\/\/www.sindicaturabarcelona.cat\/ca\/wp-json\/wp\/v2\/media?parent=29813"}],"wp:term":[{"taxonomy":"post_tag","embeddable":true,"href":"https:\/\/www.sindicaturabarcelona.cat\/ca\/wp-json\/wp\/v2\/tags?post=29813"},{"taxonomy":"drets","embeddable":true,"href":"https:\/\/www.sindicaturabarcelona.cat\/ca\/wp-json\/wp\/v2\/drets?post=29813"}],"curies":[{"name":"wp","href":"https:\/\/api.w.org\/{rel}","templated":true}]}}