{"id":29802,"date":"2023-06-22T12:30:31","date_gmt":"2023-06-22T10:30:31","guid":{"rendered":"https:\/\/www.sindicaturabarcelona.cat\/?p=29802"},"modified":"2023-06-22T12:30:32","modified_gmt":"2023-06-22T10:30:32","slug":"la-sindicatura-convida-a-ajuntament-i-comunitat-educativa-a-treballar-per-oferir-els-millors-entorns-escolars-a-la-infancia","status":"publish","type":"post","link":"https:\/\/www.sindicaturabarcelona.cat\/ca\/la-sindicatura-convida-a-ajuntament-i-comunitat-educativa-a-treballar-per-oferir-els-millors-entorns-escolars-a-la-infancia\/","title":{"rendered":"La Sindicatura convida a Ajuntament i comunitat educativa a treballar per oferir els millors entorns escolars a la inf\u00e0ncia"},"content":{"rendered":"\n<p><strong>La complicitat entre l\u2019administraci\u00f3 p\u00fablica i la comunitat educativa \u00e9s essencial per oferir uns entorns escolars segurs. <\/strong>Per aquesta ra\u00f3, la Sindicatura de Greuges de Barcelona convida a Ajuntament, centres educatius i fam\u00edlies a treballar de manera estreta i proactiva amb l\u2019objectiu de garantir la protecci\u00f3 de la inf\u00e0ncia i dels seus interessos.<\/p>\n\n\n\n<p>Per defensar els drets de la inf\u00e0ncia i amb el Pla de joc a l\u2019espai p\u00fablic amb horitz\u00f3 2030 a la vista, l\u2019Ajuntament ha posat en marxa el programa \u201cProtegim les escoles\u201d per potenciar la pacificaci\u00f3 dels entorns escolars. Per\u00f2 la seva aplicaci\u00f3 no sempre \u00e9s senzilla, com mostra la <a href=\"https:\/\/www.sindicaturabarcelona.cat\/wp-content\/uploads\/2023\/06\/202306_Dret-espai-public-seguretat-de-entrada-a-escola-de-la-Bonanova.pdf\">queixa d\u2019una ciutadana que demanava la inclusi\u00f3 en el programa d\u2019una escola de la Bonanova<\/a>.<\/p>\n\n\n\n<h2 class=\"wp-block-heading has-medium-font-size\"><strong>El projecte \u201cProtegim les escoles\u201d<\/strong><\/h2>\n\n\n\n<p><a href=\"https:\/\/ajuntament.barcelona.cat\/ecologiaurbana\/ca\/que-fem-i-per-que\/urbanisme-per-als-barris\/protegim-escoles\">\u201cProtegim les escoles\u201d<\/a> \u00e9s un projecte pensat per <strong>reformar els entorns dels centres educatius, enfocant les actuacions en el benestar de les persones que els utilitzen i la seva seguretat<\/strong>. El seu objectiu \u00e9s millorar la qualitat ambiental dels entorns escolars, el confort de l\u2019espai p\u00fablic, millorar-ne la seguretat vi\u00e0ria i incrementar la visibilitat d\u2019aquests entorns.<\/p>\n\n\n\n<p>D\u2019aquesta manera, l\u2019Ajuntament, amb la implicaci\u00f3 de les comunitats educatives i ve\u00efnals, vol fer de les escoles un eix prioritari de totes les actuacions de transformaci\u00f3 de l\u2019espai p\u00fablic per, entre altres, disminuir el risc d\u2019accidentalitat i generar m\u00e9s espais de trobada.<\/p>\n\n\n\n<p>D\u2019acord amb el contingut del programa \u201cProtegim les escoles\u201d, el procediment consta de tres espais:<\/p>\n\n\n\n<ul class=\"wp-block-list\">\n<li><strong>Grup d\u2019impuls<\/strong>. Format per: Model Urb\u00e0, Educaci\u00f3, Gu\u00e0rdia Urbana, Mobilitat i Districtes. Aquests organismes seleccionen i prioritzen les escoles de manera conjunta.<\/li>\n\n\n\n<li><strong>Taula d\u2019entorns escolars a cada districte<\/strong>. Espai de trobada de les comunitats educatives, del districte i dels serveis t\u00e8cnics municipals per fer el seguiment del programa, analitzar les problem\u00e0tiques i proposar actuacions per a la millora.<\/li>\n\n\n\n<li><strong>Taula de seguiment<\/strong>. \u00c9s l\u2019espai de ciutat amb entitats i persones interessades a fer aportacions i el seguiment del programa.<\/li>\n<\/ul>\n\n\n\n<p>El mateix programa estableix els criteris per prioritzar els centres educatius.<\/p>\n\n\n\n<p><strong>La implementaci\u00f3 del programa \u201cProtegim les escoles\u201d ha suposat un increment del temps d\u2019estada en els entorns escolars de dilluns a dijous, que ha passat d\u2019un 25% a un 56%<\/strong>. Els factors determinants d\u2019aquest increment s\u00f3n tant l\u2019ampliaci\u00f3 de l\u2019espai d\u2019estada als entorns escolars com la comoditat de l\u2019espai f\u00edsic. Igualment, ha potenciat el joc espontani per part dels infants, la sensaci\u00f3 de seguretat i la consideraci\u00f3 de benestar de la comunitat educativa.<\/p>\n\n\n\n<h3 class=\"wp-block-heading has-medium-font-size\"><strong>Una responsabilitat compartida<\/strong><\/h3>\n\n\n\n<p>La Sindicatura defensa el dret a un urbanisme harmoni\u00f3s i sostenible, i el dret a l\u2019espai p\u00fablic. Iniciatives com el projecte \u201cProtegim les escoles\u201d ajuden a garantir els drets humans de proximitat i a crear un espai m\u00e9s adequat pel desenvolupament de les activitats de la ciutadania. Per\u00f2 per la seva correcta implementaci\u00f3, cal la complicitat de totes les persones que comparteixen aquests espais.<\/p>\n\n\n\n<p>Per tant, es requereix, tamb\u00e9, de la implicaci\u00f3 de tots els agents que conviuen a la ciutat. En el cas que ens ocupa, <strong>el paper de la comunitat educativa \u00e9s fonamental per salvaguardar els drets de la inf\u00e0ncia i la seguretat vi\u00e0ria<\/strong>.<\/p>\n\n\n\n<p>En casos com el de l\u2019escola objecte de la queixa, s\u2019observa la import\u00e0ncia de la complicitat de la comunitat educativa i de les fam\u00edlies que porten els seus fills i filles a l\u2019escola, ja que les propostes de millora impliquen necess\u00e0riament buscar alternatives a la mobilitat privada per despla\u00e7ar-se a l\u2019escola o, com a m\u00ednim, per evitar l\u2019estacionament o la parada de vehicles a la vorera o davant el centre escolar.<\/p>\n\n\n\n<p>Per tant, <strong>la Sindicatura de Greuges de Barcelona recomana a les unitats territorials de l\u2019Ajuntament que continu\u00efn treballant per aconseguir un di\u00e0leg efectiu amb la comunitat educativa<\/strong>, a fi de promoure conjuntament i de manera progressiva el disseny d\u2019uns entorns escolars segurs i millorar la seguretat vi\u00e0ria de l\u2019alumnat dels centres de la ciutat.<\/p>\n","protected":false},"excerpt":{"rendered":"<p>La complicitat entre l\u2019administraci\u00f3 p\u00fablica i la comunitat educativa \u00e9s essencial per oferir uns entorns escolars segurs. Per aquesta ra\u00f3, la Sindicatura de Greuges de Barcelona convida a Ajuntament, centres [&hellip;]<\/p>\n","protected":false},"author":2,"featured_media":29803,"comment_status":"closed","ping_status":"closed","sticky":false,"template":"","format":"standard","meta":{"_acf_changed":false,"footnotes":""},"tags":[],"drets":[1438,1446],"class_list":["post-29802","post","type-post","status-publish","format-standard","has-post-thumbnail","hentry","drets-ciutat-habitable-i-sostenible","drets-dret-a-lespai-public"],"acf":[],"yoast_head":"<!-- This site is optimized with the Yoast SEO plugin v27.5 - https:\/\/yoast.com\/product\/yoast-seo-wordpress\/ -->\n<title>La Sindicatura convida a Ajuntament i comunitat educativa a treballar per oferir els millors entorns escolars a la inf\u00e0ncia - Sindicatura de Greuges de Barcelona<\/title>\n<meta name=\"robots\" content=\"index, follow, max-snippet:-1, max-image-preview:large, max-video-preview:-1\" \/>\n<link rel=\"canonical\" href=\"https:\/\/www.sindicaturabarcelona.cat\/ca\/la-sindicatura-convida-a-ajuntament-i-comunitat-educativa-a-treballar-per-oferir-els-millors-entorns-escolars-a-la-infancia\/\" \/>\n<meta property=\"og:locale\" content=\"ca_ES\" \/>\n<meta property=\"og:type\" content=\"article\" \/>\n<meta property=\"og:title\" content=\"La Sindicatura convida a Ajuntament i comunitat educativa a treballar per oferir els millors entorns escolars a la inf\u00e0ncia - Sindicatura de Greuges de Barcelona\" \/>\n<meta property=\"og:description\" content=\"La complicitat entre l\u2019administraci\u00f3 p\u00fablica i la comunitat educativa \u00e9s essencial per oferir uns entorns escolars segurs. Per aquesta ra\u00f3, la Sindicatura de Greuges de Barcelona convida a Ajuntament, centres [&hellip;]\" \/>\n<meta property=\"og:url\" content=\"https:\/\/www.sindicaturabarcelona.cat\/ca\/la-sindicatura-convida-a-ajuntament-i-comunitat-educativa-a-treballar-per-oferir-els-millors-entorns-escolars-a-la-infancia\/\" \/>\n<meta property=\"og:site_name\" content=\"Sindicatura de Greuges de Barcelona\" \/>\n<meta property=\"article:published_time\" content=\"2023-06-22T10:30:31+00:00\" \/>\n<meta property=\"article:modified_time\" content=\"2023-06-22T10:30:32+00:00\" \/>\n<meta property=\"og:image\" content=\"https:\/\/www.sindicaturabarcelona.cat\/wp-content\/uploads\/vista-zenital-sobre-la-zona-del-carre.jpg\" \/>\n\t<meta property=\"og:image:width\" content=\"1024\" \/>\n\t<meta property=\"og:image:height\" content=\"683\" \/>\n\t<meta property=\"og:image:type\" content=\"image\/jpeg\" \/>\n<meta name=\"author\" content=\"Pablo\" \/>\n<meta name=\"twitter:card\" content=\"summary_large_image\" \/>\n<meta name=\"twitter:creator\" content=\"@sindicbarcelona\" \/>\n<meta name=\"twitter:site\" content=\"@sindicbarcelona\" \/>\n<meta name=\"twitter:label1\" content=\"Escrit per\" \/>\n\t<meta name=\"twitter:data1\" content=\"Pablo\" \/>\n\t<meta name=\"twitter:label2\" content=\"Temps estimat de lectura\" \/>\n\t<meta name=\"twitter:data2\" content=\"3 minuts\" \/>\n<script type=\"application\/ld+json\" class=\"yoast-schema-graph\">{\"@context\":\"https:\\\/\\\/schema.org\",\"@graph\":[{\"@type\":\"Article\",\"@id\":\"https:\\\/\\\/www.sindicaturabarcelona.cat\\\/ca\\\/la-sindicatura-convida-a-ajuntament-i-comunitat-educativa-a-treballar-per-oferir-els-millors-entorns-escolars-a-la-infancia\\\/#article\",\"isPartOf\":{\"@id\":\"https:\\\/\\\/www.sindicaturabarcelona.cat\\\/ca\\\/la-sindicatura-convida-a-ajuntament-i-comunitat-educativa-a-treballar-per-oferir-els-millors-entorns-escolars-a-la-infancia\\\/\"},\"author\":{\"name\":\"Pablo\",\"@id\":\"https:\\\/\\\/www.sindicaturabarcelona.cat\\\/ca\\\/#\\\/schema\\\/person\\\/0e5acffc350ffdbc97578159322c9452\"},\"headline\":\"La Sindicatura convida a Ajuntament i comunitat educativa a treballar per oferir els millors entorns escolars a la inf\u00e0ncia\",\"datePublished\":\"2023-06-22T10:30:31+00:00\",\"dateModified\":\"2023-06-22T10:30:32+00:00\",\"mainEntityOfPage\":{\"@id\":\"https:\\\/\\\/www.sindicaturabarcelona.cat\\\/ca\\\/la-sindicatura-convida-a-ajuntament-i-comunitat-educativa-a-treballar-per-oferir-els-millors-entorns-escolars-a-la-infancia\\\/\"},\"wordCount\":709,\"publisher\":{\"@id\":\"https:\\\/\\\/www.sindicaturabarcelona.cat\\\/ca\\\/#organization\"},\"image\":{\"@id\":\"https:\\\/\\\/www.sindicaturabarcelona.cat\\\/ca\\\/la-sindicatura-convida-a-ajuntament-i-comunitat-educativa-a-treballar-per-oferir-els-millors-entorns-escolars-a-la-infancia\\\/#primaryimage\"},\"thumbnailUrl\":\"https:\\\/\\\/www.sindicaturabarcelona.cat\\\/wp-content\\\/uploads\\\/vista-zenital-sobre-la-zona-del-carre.jpg\",\"inLanguage\":\"ca\"},{\"@type\":\"WebPage\",\"@id\":\"https:\\\/\\\/www.sindicaturabarcelona.cat\\\/ca\\\/la-sindicatura-convida-a-ajuntament-i-comunitat-educativa-a-treballar-per-oferir-els-millors-entorns-escolars-a-la-infancia\\\/\",\"url\":\"https:\\\/\\\/www.sindicaturabarcelona.cat\\\/ca\\\/la-sindicatura-convida-a-ajuntament-i-comunitat-educativa-a-treballar-per-oferir-els-millors-entorns-escolars-a-la-infancia\\\/\",\"name\":\"La Sindicatura convida a Ajuntament i comunitat educativa a treballar per oferir els millors entorns escolars a la inf\u00e0ncia - Sindicatura de Greuges de Barcelona\",\"isPartOf\":{\"@id\":\"https:\\\/\\\/www.sindicaturabarcelona.cat\\\/ca\\\/#website\"},\"primaryImageOfPage\":{\"@id\":\"https:\\\/\\\/www.sindicaturabarcelona.cat\\\/ca\\\/la-sindicatura-convida-a-ajuntament-i-comunitat-educativa-a-treballar-per-oferir-els-millors-entorns-escolars-a-la-infancia\\\/#primaryimage\"},\"image\":{\"@id\":\"https:\\\/\\\/www.sindicaturabarcelona.cat\\\/ca\\\/la-sindicatura-convida-a-ajuntament-i-comunitat-educativa-a-treballar-per-oferir-els-millors-entorns-escolars-a-la-infancia\\\/#primaryimage\"},\"thumbnailUrl\":\"https:\\\/\\\/www.sindicaturabarcelona.cat\\\/wp-content\\\/uploads\\\/vista-zenital-sobre-la-zona-del-carre.jpg\",\"datePublished\":\"2023-06-22T10:30:31+00:00\",\"dateModified\":\"2023-06-22T10:30:32+00:00\",\"breadcrumb\":{\"@id\":\"https:\\\/\\\/www.sindicaturabarcelona.cat\\\/ca\\\/la-sindicatura-convida-a-ajuntament-i-comunitat-educativa-a-treballar-per-oferir-els-millors-entorns-escolars-a-la-infancia\\\/#breadcrumb\"},\"inLanguage\":\"ca\",\"potentialAction\":[{\"@type\":\"ReadAction\",\"target\":[\"https:\\\/\\\/www.sindicaturabarcelona.cat\\\/ca\\\/la-sindicatura-convida-a-ajuntament-i-comunitat-educativa-a-treballar-per-oferir-els-millors-entorns-escolars-a-la-infancia\\\/\"]}]},{\"@type\":\"ImageObject\",\"inLanguage\":\"ca\",\"@id\":\"https:\\\/\\\/www.sindicaturabarcelona.cat\\\/ca\\\/la-sindicatura-convida-a-ajuntament-i-comunitat-educativa-a-treballar-per-oferir-els-millors-entorns-escolars-a-la-infancia\\\/#primaryimage\",\"url\":\"https:\\\/\\\/www.sindicaturabarcelona.cat\\\/wp-content\\\/uploads\\\/vista-zenital-sobre-la-zona-del-carre.jpg\",\"contentUrl\":\"https:\\\/\\\/www.sindicaturabarcelona.cat\\\/wp-content\\\/uploads\\\/vista-zenital-sobre-la-zona-del-carre.jpg\",\"width\":1024,\"height\":683},{\"@type\":\"BreadcrumbList\",\"@id\":\"https:\\\/\\\/www.sindicaturabarcelona.cat\\\/ca\\\/la-sindicatura-convida-a-ajuntament-i-comunitat-educativa-a-treballar-per-oferir-els-millors-entorns-escolars-a-la-infancia\\\/#breadcrumb\",\"itemListElement\":[{\"@type\":\"ListItem\",\"position\":1,\"name\":\"Inici\",\"item\":\"https:\\\/\\\/www.sindicaturabarcelona.cat\\\/ca\\\/\"},{\"@type\":\"ListItem\",\"position\":2,\"name\":\"La Sindicatura convida a Ajuntament i comunitat educativa a treballar per oferir els millors entorns escolars a la inf\u00e0ncia\"}]},{\"@type\":\"WebSite\",\"@id\":\"https:\\\/\\\/www.sindicaturabarcelona.cat\\\/ca\\\/#website\",\"url\":\"https:\\\/\\\/www.sindicaturabarcelona.cat\\\/ca\\\/\",\"name\":\"Sindicatura de Greuges de Barcelona\",\"description\":\"La defensoria dels teus drets\",\"publisher\":{\"@id\":\"https:\\\/\\\/www.sindicaturabarcelona.cat\\\/ca\\\/#organization\"},\"potentialAction\":[{\"@type\":\"SearchAction\",\"target\":{\"@type\":\"EntryPoint\",\"urlTemplate\":\"https:\\\/\\\/www.sindicaturabarcelona.cat\\\/ca\\\/?s={search_term_string}\"},\"query-input\":{\"@type\":\"PropertyValueSpecification\",\"valueRequired\":true,\"valueName\":\"search_term_string\"}}],\"inLanguage\":\"ca\"},{\"@type\":\"Organization\",\"@id\":\"https:\\\/\\\/www.sindicaturabarcelona.cat\\\/ca\\\/#organization\",\"name\":\"Sindicatura de Greuges de Barcelona\",\"url\":\"https:\\\/\\\/www.sindicaturabarcelona.cat\\\/ca\\\/\",\"logo\":{\"@type\":\"ImageObject\",\"inLanguage\":\"ca\",\"@id\":\"https:\\\/\\\/www.sindicaturabarcelona.cat\\\/ca\\\/#\\\/schema\\\/logo\\\/image\\\/\",\"url\":\"https:\\\/\\\/www.sindicaturabarcelona.cat\\\/wp-content\\\/uploads\\\/2023\\\/02\\\/logo_sindicatura.svg\",\"contentUrl\":\"https:\\\/\\\/www.sindicaturabarcelona.cat\\\/wp-content\\\/uploads\\\/2023\\\/02\\\/logo_sindicatura.svg\",\"caption\":\"Sindicatura de Greuges de Barcelona\"},\"image\":{\"@id\":\"https:\\\/\\\/www.sindicaturabarcelona.cat\\\/ca\\\/#\\\/schema\\\/logo\\\/image\\\/\"},\"sameAs\":[\"https:\\\/\\\/x.com\\\/sindicbarcelona\",\"https:\\\/\\\/www.instagram.com\\\/sindicbarcelona\\\/\",\"https:\\\/\\\/www.tiktok.com\\\/@sindicaturabcn\",\"https:\\\/\\\/t.me\\\/sindicaturabarcelona\"]},{\"@type\":\"Person\",\"@id\":\"https:\\\/\\\/www.sindicaturabarcelona.cat\\\/ca\\\/#\\\/schema\\\/person\\\/0e5acffc350ffdbc97578159322c9452\",\"name\":\"Pablo\",\"image\":{\"@type\":\"ImageObject\",\"inLanguage\":\"ca\",\"@id\":\"https:\\\/\\\/secure.gravatar.com\\\/avatar\\\/c948169b402ef9492afde705c3dfd5e90e1a6a84ef6840a91124f805a25a480f?s=96&d=mm&r=g\",\"url\":\"https:\\\/\\\/secure.gravatar.com\\\/avatar\\\/c948169b402ef9492afde705c3dfd5e90e1a6a84ef6840a91124f805a25a480f?s=96&d=mm&r=g\",\"contentUrl\":\"https:\\\/\\\/secure.gravatar.com\\\/avatar\\\/c948169b402ef9492afde705c3dfd5e90e1a6a84ef6840a91124f805a25a480f?s=96&d=mm&r=g\",\"caption\":\"Pablo\"},\"url\":\"https:\\\/\\\/www.sindicaturabarcelona.cat\\\/ca\\\/author\\\/pablo\\\/\"}]}<\/script>\n<!-- \/ Yoast SEO plugin. -->","yoast_head_json":{"title":"La Sindicatura convida a Ajuntament i comunitat educativa a treballar per oferir els millors entorns escolars a la inf\u00e0ncia - Sindicatura de Greuges de Barcelona","robots":{"index":"index","follow":"follow","max-snippet":"max-snippet:-1","max-image-preview":"max-image-preview:large","max-video-preview":"max-video-preview:-1"},"canonical":"https:\/\/www.sindicaturabarcelona.cat\/ca\/la-sindicatura-convida-a-ajuntament-i-comunitat-educativa-a-treballar-per-oferir-els-millors-entorns-escolars-a-la-infancia\/","og_locale":"ca_ES","og_type":"article","og_title":"La Sindicatura convida a Ajuntament i comunitat educativa a treballar per oferir els millors entorns escolars a la inf\u00e0ncia - Sindicatura de Greuges de Barcelona","og_description":"La complicitat entre l\u2019administraci\u00f3 p\u00fablica i la comunitat educativa \u00e9s essencial per oferir uns entorns escolars segurs. Per aquesta ra\u00f3, la Sindicatura de Greuges de Barcelona convida a Ajuntament, centres [&hellip;]","og_url":"https:\/\/www.sindicaturabarcelona.cat\/ca\/la-sindicatura-convida-a-ajuntament-i-comunitat-educativa-a-treballar-per-oferir-els-millors-entorns-escolars-a-la-infancia\/","og_site_name":"Sindicatura de Greuges de Barcelona","article_published_time":"2023-06-22T10:30:31+00:00","article_modified_time":"2023-06-22T10:30:32+00:00","og_image":[{"width":1024,"height":683,"url":"https:\/\/www.sindicaturabarcelona.cat\/wp-content\/uploads\/vista-zenital-sobre-la-zona-del-carre.jpg","type":"image\/jpeg"}],"author":"Pablo","twitter_card":"summary_large_image","twitter_creator":"@sindicbarcelona","twitter_site":"@sindicbarcelona","twitter_misc":{"Escrit per":"Pablo","Temps estimat de lectura":"3 minuts"},"schema":{"@context":"https:\/\/schema.org","@graph":[{"@type":"Article","@id":"https:\/\/www.sindicaturabarcelona.cat\/ca\/la-sindicatura-convida-a-ajuntament-i-comunitat-educativa-a-treballar-per-oferir-els-millors-entorns-escolars-a-la-infancia\/#article","isPartOf":{"@id":"https:\/\/www.sindicaturabarcelona.cat\/ca\/la-sindicatura-convida-a-ajuntament-i-comunitat-educativa-a-treballar-per-oferir-els-millors-entorns-escolars-a-la-infancia\/"},"author":{"name":"Pablo","@id":"https:\/\/www.sindicaturabarcelona.cat\/ca\/#\/schema\/person\/0e5acffc350ffdbc97578159322c9452"},"headline":"La Sindicatura convida a Ajuntament i comunitat educativa a treballar per oferir els millors entorns escolars a la inf\u00e0ncia","datePublished":"2023-06-22T10:30:31+00:00","dateModified":"2023-06-22T10:30:32+00:00","mainEntityOfPage":{"@id":"https:\/\/www.sindicaturabarcelona.cat\/ca\/la-sindicatura-convida-a-ajuntament-i-comunitat-educativa-a-treballar-per-oferir-els-millors-entorns-escolars-a-la-infancia\/"},"wordCount":709,"publisher":{"@id":"https:\/\/www.sindicaturabarcelona.cat\/ca\/#organization"},"image":{"@id":"https:\/\/www.sindicaturabarcelona.cat\/ca\/la-sindicatura-convida-a-ajuntament-i-comunitat-educativa-a-treballar-per-oferir-els-millors-entorns-escolars-a-la-infancia\/#primaryimage"},"thumbnailUrl":"https:\/\/www.sindicaturabarcelona.cat\/wp-content\/uploads\/vista-zenital-sobre-la-zona-del-carre.jpg","inLanguage":"ca"},{"@type":"WebPage","@id":"https:\/\/www.sindicaturabarcelona.cat\/ca\/la-sindicatura-convida-a-ajuntament-i-comunitat-educativa-a-treballar-per-oferir-els-millors-entorns-escolars-a-la-infancia\/","url":"https:\/\/www.sindicaturabarcelona.cat\/ca\/la-sindicatura-convida-a-ajuntament-i-comunitat-educativa-a-treballar-per-oferir-els-millors-entorns-escolars-a-la-infancia\/","name":"La Sindicatura convida a Ajuntament i comunitat educativa a treballar per oferir els millors entorns escolars a la inf\u00e0ncia - Sindicatura de Greuges de Barcelona","isPartOf":{"@id":"https:\/\/www.sindicaturabarcelona.cat\/ca\/#website"},"primaryImageOfPage":{"@id":"https:\/\/www.sindicaturabarcelona.cat\/ca\/la-sindicatura-convida-a-ajuntament-i-comunitat-educativa-a-treballar-per-oferir-els-millors-entorns-escolars-a-la-infancia\/#primaryimage"},"image":{"@id":"https:\/\/www.sindicaturabarcelona.cat\/ca\/la-sindicatura-convida-a-ajuntament-i-comunitat-educativa-a-treballar-per-oferir-els-millors-entorns-escolars-a-la-infancia\/#primaryimage"},"thumbnailUrl":"https:\/\/www.sindicaturabarcelona.cat\/wp-content\/uploads\/vista-zenital-sobre-la-zona-del-carre.jpg","datePublished":"2023-06-22T10:30:31+00:00","dateModified":"2023-06-22T10:30:32+00:00","breadcrumb":{"@id":"https:\/\/www.sindicaturabarcelona.cat\/ca\/la-sindicatura-convida-a-ajuntament-i-comunitat-educativa-a-treballar-per-oferir-els-millors-entorns-escolars-a-la-infancia\/#breadcrumb"},"inLanguage":"ca","potentialAction":[{"@type":"ReadAction","target":["https:\/\/www.sindicaturabarcelona.cat\/ca\/la-sindicatura-convida-a-ajuntament-i-comunitat-educativa-a-treballar-per-oferir-els-millors-entorns-escolars-a-la-infancia\/"]}]},{"@type":"ImageObject","inLanguage":"ca","@id":"https:\/\/www.sindicaturabarcelona.cat\/ca\/la-sindicatura-convida-a-ajuntament-i-comunitat-educativa-a-treballar-per-oferir-els-millors-entorns-escolars-a-la-infancia\/#primaryimage","url":"https:\/\/www.sindicaturabarcelona.cat\/wp-content\/uploads\/vista-zenital-sobre-la-zona-del-carre.jpg","contentUrl":"https:\/\/www.sindicaturabarcelona.cat\/wp-content\/uploads\/vista-zenital-sobre-la-zona-del-carre.jpg","width":1024,"height":683},{"@type":"BreadcrumbList","@id":"https:\/\/www.sindicaturabarcelona.cat\/ca\/la-sindicatura-convida-a-ajuntament-i-comunitat-educativa-a-treballar-per-oferir-els-millors-entorns-escolars-a-la-infancia\/#breadcrumb","itemListElement":[{"@type":"ListItem","position":1,"name":"Inici","item":"https:\/\/www.sindicaturabarcelona.cat\/ca\/"},{"@type":"ListItem","position":2,"name":"La Sindicatura convida a Ajuntament i comunitat educativa a treballar per oferir els millors entorns escolars a la inf\u00e0ncia"}]},{"@type":"WebSite","@id":"https:\/\/www.sindicaturabarcelona.cat\/ca\/#website","url":"https:\/\/www.sindicaturabarcelona.cat\/ca\/","name":"Sindicatura de Greuges de Barcelona","description":"La defensoria dels teus drets","publisher":{"@id":"https:\/\/www.sindicaturabarcelona.cat\/ca\/#organization"},"potentialAction":[{"@type":"SearchAction","target":{"@type":"EntryPoint","urlTemplate":"https:\/\/www.sindicaturabarcelona.cat\/ca\/?s={search_term_string}"},"query-input":{"@type":"PropertyValueSpecification","valueRequired":true,"valueName":"search_term_string"}}],"inLanguage":"ca"},{"@type":"Organization","@id":"https:\/\/www.sindicaturabarcelona.cat\/ca\/#organization","name":"Sindicatura de Greuges de Barcelona","url":"https:\/\/www.sindicaturabarcelona.cat\/ca\/","logo":{"@type":"ImageObject","inLanguage":"ca","@id":"https:\/\/www.sindicaturabarcelona.cat\/ca\/#\/schema\/logo\/image\/","url":"https:\/\/www.sindicaturabarcelona.cat\/wp-content\/uploads\/2023\/02\/logo_sindicatura.svg","contentUrl":"https:\/\/www.sindicaturabarcelona.cat\/wp-content\/uploads\/2023\/02\/logo_sindicatura.svg","caption":"Sindicatura de Greuges de Barcelona"},"image":{"@id":"https:\/\/www.sindicaturabarcelona.cat\/ca\/#\/schema\/logo\/image\/"},"sameAs":["https:\/\/x.com\/sindicbarcelona","https:\/\/www.instagram.com\/sindicbarcelona\/","https:\/\/www.tiktok.com\/@sindicaturabcn","https:\/\/t.me\/sindicaturabarcelona"]},{"@type":"Person","@id":"https:\/\/www.sindicaturabarcelona.cat\/ca\/#\/schema\/person\/0e5acffc350ffdbc97578159322c9452","name":"Pablo","image":{"@type":"ImageObject","inLanguage":"ca","@id":"https:\/\/secure.gravatar.com\/avatar\/c948169b402ef9492afde705c3dfd5e90e1a6a84ef6840a91124f805a25a480f?s=96&d=mm&r=g","url":"https:\/\/secure.gravatar.com\/avatar\/c948169b402ef9492afde705c3dfd5e90e1a6a84ef6840a91124f805a25a480f?s=96&d=mm&r=g","contentUrl":"https:\/\/secure.gravatar.com\/avatar\/c948169b402ef9492afde705c3dfd5e90e1a6a84ef6840a91124f805a25a480f?s=96&d=mm&r=g","caption":"Pablo"},"url":"https:\/\/www.sindicaturabarcelona.cat\/ca\/author\/pablo\/"}]}},"_links":{"self":[{"href":"https:\/\/www.sindicaturabarcelona.cat\/ca\/wp-json\/wp\/v2\/posts\/29802","targetHints":{"allow":["GET"]}}],"collection":[{"href":"https:\/\/www.sindicaturabarcelona.cat\/ca\/wp-json\/wp\/v2\/posts"}],"about":[{"href":"https:\/\/www.sindicaturabarcelona.cat\/ca\/wp-json\/wp\/v2\/types\/post"}],"author":[{"embeddable":true,"href":"https:\/\/www.sindicaturabarcelona.cat\/ca\/wp-json\/wp\/v2\/users\/2"}],"replies":[{"embeddable":true,"href":"https:\/\/www.sindicaturabarcelona.cat\/ca\/wp-json\/wp\/v2\/comments?post=29802"}],"version-history":[{"count":1,"href":"https:\/\/www.sindicaturabarcelona.cat\/ca\/wp-json\/wp\/v2\/posts\/29802\/revisions"}],"predecessor-version":[{"id":29806,"href":"https:\/\/www.sindicaturabarcelona.cat\/ca\/wp-json\/wp\/v2\/posts\/29802\/revisions\/29806"}],"wp:featuredmedia":[{"embeddable":true,"href":"https:\/\/www.sindicaturabarcelona.cat\/ca\/wp-json\/wp\/v2\/media\/29803"}],"wp:attachment":[{"href":"https:\/\/www.sindicaturabarcelona.cat\/ca\/wp-json\/wp\/v2\/media?parent=29802"}],"wp:term":[{"taxonomy":"post_tag","embeddable":true,"href":"https:\/\/www.sindicaturabarcelona.cat\/ca\/wp-json\/wp\/v2\/tags?post=29802"},{"taxonomy":"drets","embeddable":true,"href":"https:\/\/www.sindicaturabarcelona.cat\/ca\/wp-json\/wp\/v2\/drets?post=29802"}],"curies":[{"name":"wp","href":"https:\/\/api.w.org\/{rel}","templated":true}]}}