{"id":29424,"date":"2023-06-08T12:13:40","date_gmt":"2023-06-08T10:13:40","guid":{"rendered":"https:\/\/www.sindicaturabarcelona.cat\/?p=29424"},"modified":"2023-06-15T12:18:37","modified_gmt":"2023-06-15T10:18:37","slug":"la-sindicatura-demana-un-major-control-per-lus-de-bicicletes-a-collserola","status":"publish","type":"post","link":"https:\/\/www.sindicaturabarcelona.cat\/ca\/la-sindicatura-demana-un-major-control-per-lus-de-bicicletes-a-collserola\/","title":{"rendered":"La Sindicatura demana un major control per l\u2019\u00fas de bicicletes a Collserola"},"content":{"rendered":"\n<p><strong>L\u2019\u00fas de bicicletes al Parc Natural de Collserola est\u00e0 regulat i limitat per diferents ordenances.<\/strong> Per\u00f2 meaquestes limitacions no sempre es respecten, com apunt<a class=\"ek-link\" href=\"https:\/\/www.sindicaturabarcelona.cat\/wp-content\/uploads\/2023\/06\/202306_Dret-medi-ambient-us-de-bicicletes-a-Collserola.pdf\">a la queixa d\u2019un ciutad\u00e0 a la Sindicatura de Greuges de Barcelona<\/a>.<\/p>\n\n\n\n<p>A continuaci\u00f3 detallem els usos permesos de bicicletes al Parc de Collserola i les recomanacions de la Sindicatura al respecte d\u2019aquesta pr\u00e0ctica per garantir el dret al medi ambient i a una conviv\u00e8ncia pac\u00edfica.<\/p>\n\n\n\n<h2 class=\"wp-block-heading has-medium-font-size\"><strong>Quin \u00fas es pot fer de la bicicleta a Collserola?<\/strong><\/h2>\n\n\n\n<p><strong>Les <a href=\"https:\/\/parcnaturalcollserola.cat\/normativa-i-ordenances\/\" class=\"ek-link\">ordenances del Parc de Collserola<\/a> assenyala unes pautes de comportament per fer compatible l\u2019\u00fas de la bicicleta amb l\u2019\u00fas a peu del parc i la protecci\u00f3 del patrimoni natural del parc<\/strong>. Aquest text estableix per la circulaci\u00f3 en bicicleta al parc les seg\u00fcents normes:<\/p>\n\n\n\n<ol class=\"wp-block-list\" type=\"1\">\n<li>Nom\u00e9s es podr\u00e0 circular en bicicleta pels itineraris i pistes senyalitzats a tal efecte: vies principals, pistes forestals i camins de passejada amb una amplada de m\u00e9s de tres metres.<\/li>\n\n\n\n<li>Queda expressament prohibit circular en bicicleta per corriols, rieres, camps a trav\u00e9s, camins d&#8217;amplada inferior a tres metres i vies especialitzades per a altres usos.<\/li>\n\n\n\n<li>En cap cas es podr\u00e0 circular a una velocitat superior als 20 km\/h ni organitzar o dur a terme curses ciclistes.<\/li>\n\n\n\n<li>Els ciclistes que circulin per les vies del Parc tenen l&#8217;obligaci\u00f3 de respectar els vianants, sense ocasionar-los mol\u00e8sties i respectant la seva prefer\u00e8ncia.<\/li>\n<\/ol>\n\n\n\n<h3 class=\"wp-block-heading has-medium-font-size\"><strong>Sancions per us inadequat de la bicicleta a Collserola i recomanacions de la Sindicatura<\/strong><\/h3>\n\n\n\n<p>La sanci\u00f3 de l\u2019incompliment d\u2019aquestes normes requereix, per\u00f2, que els nou municipis dels quals forma part el Parc Natural de Collserola incorporin facultats sancionadores que permetin corregir actuacions il\u00b7legals o prohibides pel que fa l\u2019\u00fas de la bicicleta al Parc.<\/p>\n\n\n\n<p>Tot i que l\u2019Assemblea General del Consorci del Parc Natural de la Serra de Collserola va aprovar el Marc sancionador de les ordenances sobre l\u2019\u00fas de la bicicleta al Parc, <strong>no tots els municipis han incorporat facultats sancionadores, dificultant la imposici\u00f3 de multes a qui incompleix la normativa establerta<\/strong>.<\/p>\n\n\n\n<p>Dins el Parc de Collserola hi ha una s\u00e8rie de passejades, itineraris i recorreguts, tant per caminar com per anar amb bicicleta, i tots ells estan senyalitzats amb els corresponents indicadors. <strong>Actualment el Parc de Collserola t\u00e9 m\u00e9s de 250 Km aptes per a l\u2019\u00fas ciclista<\/strong>, per\u00f2 <strong>tot i aix\u00ed s\u2019observa un \u00fas inadequat d\u2019itineraris prohibits a la circulaci\u00f3 de bicicletes<\/strong>. La qual cosa t\u00e9 un impacte negatiu sobre el medi ambient i sobre la conviv\u00e8ncia ciutadana.<\/p>\n\n\n\n<p>Per tant, <strong>una de les principals recomanacions de la Sindicatura per tal d\u2019assegurar que es mant\u00e9 el parc i la conviv\u00e8ncia en aquest espai passa per una millora de la coordinaci\u00f3 entre el Consorci i els ajuntaments que en formen part<\/strong>, treballant per detectar quins son els punts m\u00e9s conflictius i on es cometen sovint infraccions, i com evitar-les.<\/p>\n","protected":false},"excerpt":{"rendered":"<p>L\u2019\u00fas de bicicletes al Parc Natural de Collserola est\u00e0 regulat i limitat per diferents ordenances. Per\u00f2 meaquestes limitacions no sempre es respecten, com apunta la queixa d\u2019un ciutad\u00e0 a la [&hellip;]<\/p>\n","protected":false},"author":2,"featured_media":29425,"comment_status":"closed","ping_status":"closed","sticky":false,"template":"","format":"standard","meta":{"_acf_changed":false,"footnotes":""},"tags":[],"drets":[1438,1448],"class_list":["post-29424","post","type-post","status-publish","format-standard","has-post-thumbnail","hentry","drets-ciutat-habitable-i-sostenible","drets-dret-al-medi-ambient"],"acf":[],"yoast_head":"<!-- This site is optimized with the Yoast SEO plugin v27.5 - https:\/\/yoast.com\/product\/yoast-seo-wordpress\/ -->\n<title>La Sindicatura demana un major control per l\u2019\u00fas de bicicletes a Collserola - Sindicatura de Greuges de Barcelona<\/title>\n<meta name=\"robots\" content=\"index, follow, max-snippet:-1, max-image-preview:large, max-video-preview:-1\" \/>\n<link rel=\"canonical\" href=\"https:\/\/www.sindicaturabarcelona.cat\/ca\/la-sindicatura-demana-un-major-control-per-lus-de-bicicletes-a-collserola\/\" \/>\n<meta property=\"og:locale\" content=\"ca_ES\" \/>\n<meta property=\"og:type\" content=\"article\" \/>\n<meta property=\"og:title\" content=\"La Sindicatura demana un major control per l\u2019\u00fas de bicicletes a Collserola - Sindicatura de Greuges de Barcelona\" \/>\n<meta property=\"og:description\" content=\"L\u2019\u00fas de bicicletes al Parc Natural de Collserola est\u00e0 regulat i limitat per diferents ordenances. Per\u00f2 meaquestes limitacions no sempre es respecten, com apunta la queixa d\u2019un ciutad\u00e0 a la [&hellip;]\" \/>\n<meta property=\"og:url\" content=\"https:\/\/www.sindicaturabarcelona.cat\/ca\/la-sindicatura-demana-un-major-control-per-lus-de-bicicletes-a-collserola\/\" \/>\n<meta property=\"og:site_name\" content=\"Sindicatura de Greuges de Barcelona\" \/>\n<meta property=\"article:published_time\" content=\"2023-06-08T10:13:40+00:00\" \/>\n<meta property=\"article:modified_time\" content=\"2023-06-15T10:18:37+00:00\" \/>\n<meta property=\"og:image\" content=\"https:\/\/www.sindicaturabarcelona.cat\/wp-content\/uploads\/zones-forestals-de-collserola-muntanya.jpg\" \/>\n\t<meta property=\"og:image:width\" content=\"1024\" \/>\n\t<meta property=\"og:image:height\" content=\"680\" \/>\n\t<meta property=\"og:image:type\" content=\"image\/jpeg\" \/>\n<meta name=\"author\" content=\"Pablo\" \/>\n<meta name=\"twitter:card\" content=\"summary_large_image\" \/>\n<meta name=\"twitter:creator\" content=\"@sindicbarcelona\" \/>\n<meta name=\"twitter:site\" content=\"@sindicbarcelona\" \/>\n<meta name=\"twitter:label1\" content=\"Escrit per\" \/>\n\t<meta name=\"twitter:data1\" content=\"Pablo\" \/>\n\t<meta name=\"twitter:label2\" content=\"Temps estimat de lectura\" \/>\n\t<meta name=\"twitter:data2\" content=\"2 minuts\" \/>\n<script type=\"application\/ld+json\" class=\"yoast-schema-graph\">{\"@context\":\"https:\\\/\\\/schema.org\",\"@graph\":[{\"@type\":\"Article\",\"@id\":\"https:\\\/\\\/www.sindicaturabarcelona.cat\\\/ca\\\/la-sindicatura-demana-un-major-control-per-lus-de-bicicletes-a-collserola\\\/#article\",\"isPartOf\":{\"@id\":\"https:\\\/\\\/www.sindicaturabarcelona.cat\\\/ca\\\/la-sindicatura-demana-un-major-control-per-lus-de-bicicletes-a-collserola\\\/\"},\"author\":{\"name\":\"Pablo\",\"@id\":\"https:\\\/\\\/www.sindicaturabarcelona.cat\\\/ca\\\/#\\\/schema\\\/person\\\/0e5acffc350ffdbc97578159322c9452\"},\"headline\":\"La Sindicatura demana un major control per l\u2019\u00fas de bicicletes a Collserola\",\"datePublished\":\"2023-06-08T10:13:40+00:00\",\"dateModified\":\"2023-06-15T10:18:37+00:00\",\"mainEntityOfPage\":{\"@id\":\"https:\\\/\\\/www.sindicaturabarcelona.cat\\\/ca\\\/la-sindicatura-demana-un-major-control-per-lus-de-bicicletes-a-collserola\\\/\"},\"wordCount\":505,\"publisher\":{\"@id\":\"https:\\\/\\\/www.sindicaturabarcelona.cat\\\/ca\\\/#organization\"},\"image\":{\"@id\":\"https:\\\/\\\/www.sindicaturabarcelona.cat\\\/ca\\\/la-sindicatura-demana-un-major-control-per-lus-de-bicicletes-a-collserola\\\/#primaryimage\"},\"thumbnailUrl\":\"https:\\\/\\\/www.sindicaturabarcelona.cat\\\/wp-content\\\/uploads\\\/zones-forestals-de-collserola-muntanya.jpg\",\"inLanguage\":\"ca\"},{\"@type\":\"WebPage\",\"@id\":\"https:\\\/\\\/www.sindicaturabarcelona.cat\\\/ca\\\/la-sindicatura-demana-un-major-control-per-lus-de-bicicletes-a-collserola\\\/\",\"url\":\"https:\\\/\\\/www.sindicaturabarcelona.cat\\\/ca\\\/la-sindicatura-demana-un-major-control-per-lus-de-bicicletes-a-collserola\\\/\",\"name\":\"La Sindicatura demana un major control per l\u2019\u00fas de bicicletes a Collserola - Sindicatura de Greuges de Barcelona\",\"isPartOf\":{\"@id\":\"https:\\\/\\\/www.sindicaturabarcelona.cat\\\/ca\\\/#website\"},\"primaryImageOfPage\":{\"@id\":\"https:\\\/\\\/www.sindicaturabarcelona.cat\\\/ca\\\/la-sindicatura-demana-un-major-control-per-lus-de-bicicletes-a-collserola\\\/#primaryimage\"},\"image\":{\"@id\":\"https:\\\/\\\/www.sindicaturabarcelona.cat\\\/ca\\\/la-sindicatura-demana-un-major-control-per-lus-de-bicicletes-a-collserola\\\/#primaryimage\"},\"thumbnailUrl\":\"https:\\\/\\\/www.sindicaturabarcelona.cat\\\/wp-content\\\/uploads\\\/zones-forestals-de-collserola-muntanya.jpg\",\"datePublished\":\"2023-06-08T10:13:40+00:00\",\"dateModified\":\"2023-06-15T10:18:37+00:00\",\"breadcrumb\":{\"@id\":\"https:\\\/\\\/www.sindicaturabarcelona.cat\\\/ca\\\/la-sindicatura-demana-un-major-control-per-lus-de-bicicletes-a-collserola\\\/#breadcrumb\"},\"inLanguage\":\"ca\",\"potentialAction\":[{\"@type\":\"ReadAction\",\"target\":[\"https:\\\/\\\/www.sindicaturabarcelona.cat\\\/ca\\\/la-sindicatura-demana-un-major-control-per-lus-de-bicicletes-a-collserola\\\/\"]}]},{\"@type\":\"ImageObject\",\"inLanguage\":\"ca\",\"@id\":\"https:\\\/\\\/www.sindicaturabarcelona.cat\\\/ca\\\/la-sindicatura-demana-un-major-control-per-lus-de-bicicletes-a-collserola\\\/#primaryimage\",\"url\":\"https:\\\/\\\/www.sindicaturabarcelona.cat\\\/wp-content\\\/uploads\\\/zones-forestals-de-collserola-muntanya.jpg\",\"contentUrl\":\"https:\\\/\\\/www.sindicaturabarcelona.cat\\\/wp-content\\\/uploads\\\/zones-forestals-de-collserola-muntanya.jpg\",\"width\":1024,\"height\":680},{\"@type\":\"BreadcrumbList\",\"@id\":\"https:\\\/\\\/www.sindicaturabarcelona.cat\\\/ca\\\/la-sindicatura-demana-un-major-control-per-lus-de-bicicletes-a-collserola\\\/#breadcrumb\",\"itemListElement\":[{\"@type\":\"ListItem\",\"position\":1,\"name\":\"Inici\",\"item\":\"https:\\\/\\\/www.sindicaturabarcelona.cat\\\/ca\\\/\"},{\"@type\":\"ListItem\",\"position\":2,\"name\":\"La Sindicatura demana un major control per l\u2019\u00fas de bicicletes a Collserola\"}]},{\"@type\":\"WebSite\",\"@id\":\"https:\\\/\\\/www.sindicaturabarcelona.cat\\\/ca\\\/#website\",\"url\":\"https:\\\/\\\/www.sindicaturabarcelona.cat\\\/ca\\\/\",\"name\":\"Sindicatura de Greuges de Barcelona\",\"description\":\"La defensoria dels teus drets\",\"publisher\":{\"@id\":\"https:\\\/\\\/www.sindicaturabarcelona.cat\\\/ca\\\/#organization\"},\"potentialAction\":[{\"@type\":\"SearchAction\",\"target\":{\"@type\":\"EntryPoint\",\"urlTemplate\":\"https:\\\/\\\/www.sindicaturabarcelona.cat\\\/ca\\\/?s={search_term_string}\"},\"query-input\":{\"@type\":\"PropertyValueSpecification\",\"valueRequired\":true,\"valueName\":\"search_term_string\"}}],\"inLanguage\":\"ca\"},{\"@type\":\"Organization\",\"@id\":\"https:\\\/\\\/www.sindicaturabarcelona.cat\\\/ca\\\/#organization\",\"name\":\"Sindicatura de Greuges de Barcelona\",\"url\":\"https:\\\/\\\/www.sindicaturabarcelona.cat\\\/ca\\\/\",\"logo\":{\"@type\":\"ImageObject\",\"inLanguage\":\"ca\",\"@id\":\"https:\\\/\\\/www.sindicaturabarcelona.cat\\\/ca\\\/#\\\/schema\\\/logo\\\/image\\\/\",\"url\":\"https:\\\/\\\/www.sindicaturabarcelona.cat\\\/wp-content\\\/uploads\\\/2023\\\/02\\\/logo_sindicatura.svg\",\"contentUrl\":\"https:\\\/\\\/www.sindicaturabarcelona.cat\\\/wp-content\\\/uploads\\\/2023\\\/02\\\/logo_sindicatura.svg\",\"caption\":\"Sindicatura de Greuges de Barcelona\"},\"image\":{\"@id\":\"https:\\\/\\\/www.sindicaturabarcelona.cat\\\/ca\\\/#\\\/schema\\\/logo\\\/image\\\/\"},\"sameAs\":[\"https:\\\/\\\/x.com\\\/sindicbarcelona\",\"https:\\\/\\\/www.instagram.com\\\/sindicbarcelona\\\/\",\"https:\\\/\\\/www.tiktok.com\\\/@sindicaturabcn\",\"https:\\\/\\\/t.me\\\/sindicaturabarcelona\"]},{\"@type\":\"Person\",\"@id\":\"https:\\\/\\\/www.sindicaturabarcelona.cat\\\/ca\\\/#\\\/schema\\\/person\\\/0e5acffc350ffdbc97578159322c9452\",\"name\":\"Pablo\",\"image\":{\"@type\":\"ImageObject\",\"inLanguage\":\"ca\",\"@id\":\"https:\\\/\\\/secure.gravatar.com\\\/avatar\\\/c948169b402ef9492afde705c3dfd5e90e1a6a84ef6840a91124f805a25a480f?s=96&d=mm&r=g\",\"url\":\"https:\\\/\\\/secure.gravatar.com\\\/avatar\\\/c948169b402ef9492afde705c3dfd5e90e1a6a84ef6840a91124f805a25a480f?s=96&d=mm&r=g\",\"contentUrl\":\"https:\\\/\\\/secure.gravatar.com\\\/avatar\\\/c948169b402ef9492afde705c3dfd5e90e1a6a84ef6840a91124f805a25a480f?s=96&d=mm&r=g\",\"caption\":\"Pablo\"},\"url\":\"https:\\\/\\\/www.sindicaturabarcelona.cat\\\/ca\\\/author\\\/pablo\\\/\"}]}<\/script>\n<!-- \/ Yoast SEO plugin. -->","yoast_head_json":{"title":"La Sindicatura demana un major control per l\u2019\u00fas de bicicletes a Collserola - Sindicatura de Greuges de Barcelona","robots":{"index":"index","follow":"follow","max-snippet":"max-snippet:-1","max-image-preview":"max-image-preview:large","max-video-preview":"max-video-preview:-1"},"canonical":"https:\/\/www.sindicaturabarcelona.cat\/ca\/la-sindicatura-demana-un-major-control-per-lus-de-bicicletes-a-collserola\/","og_locale":"ca_ES","og_type":"article","og_title":"La Sindicatura demana un major control per l\u2019\u00fas de bicicletes a Collserola - Sindicatura de Greuges de Barcelona","og_description":"L\u2019\u00fas de bicicletes al Parc Natural de Collserola est\u00e0 regulat i limitat per diferents ordenances. Per\u00f2 meaquestes limitacions no sempre es respecten, com apunta la queixa d\u2019un ciutad\u00e0 a la [&hellip;]","og_url":"https:\/\/www.sindicaturabarcelona.cat\/ca\/la-sindicatura-demana-un-major-control-per-lus-de-bicicletes-a-collserola\/","og_site_name":"Sindicatura de Greuges de Barcelona","article_published_time":"2023-06-08T10:13:40+00:00","article_modified_time":"2023-06-15T10:18:37+00:00","og_image":[{"width":1024,"height":680,"url":"https:\/\/www.sindicaturabarcelona.cat\/wp-content\/uploads\/zones-forestals-de-collserola-muntanya.jpg","type":"image\/jpeg"}],"author":"Pablo","twitter_card":"summary_large_image","twitter_creator":"@sindicbarcelona","twitter_site":"@sindicbarcelona","twitter_misc":{"Escrit per":"Pablo","Temps estimat de lectura":"2 minuts"},"schema":{"@context":"https:\/\/schema.org","@graph":[{"@type":"Article","@id":"https:\/\/www.sindicaturabarcelona.cat\/ca\/la-sindicatura-demana-un-major-control-per-lus-de-bicicletes-a-collserola\/#article","isPartOf":{"@id":"https:\/\/www.sindicaturabarcelona.cat\/ca\/la-sindicatura-demana-un-major-control-per-lus-de-bicicletes-a-collserola\/"},"author":{"name":"Pablo","@id":"https:\/\/www.sindicaturabarcelona.cat\/ca\/#\/schema\/person\/0e5acffc350ffdbc97578159322c9452"},"headline":"La Sindicatura demana un major control per l\u2019\u00fas de bicicletes a Collserola","datePublished":"2023-06-08T10:13:40+00:00","dateModified":"2023-06-15T10:18:37+00:00","mainEntityOfPage":{"@id":"https:\/\/www.sindicaturabarcelona.cat\/ca\/la-sindicatura-demana-un-major-control-per-lus-de-bicicletes-a-collserola\/"},"wordCount":505,"publisher":{"@id":"https:\/\/www.sindicaturabarcelona.cat\/ca\/#organization"},"image":{"@id":"https:\/\/www.sindicaturabarcelona.cat\/ca\/la-sindicatura-demana-un-major-control-per-lus-de-bicicletes-a-collserola\/#primaryimage"},"thumbnailUrl":"https:\/\/www.sindicaturabarcelona.cat\/wp-content\/uploads\/zones-forestals-de-collserola-muntanya.jpg","inLanguage":"ca"},{"@type":"WebPage","@id":"https:\/\/www.sindicaturabarcelona.cat\/ca\/la-sindicatura-demana-un-major-control-per-lus-de-bicicletes-a-collserola\/","url":"https:\/\/www.sindicaturabarcelona.cat\/ca\/la-sindicatura-demana-un-major-control-per-lus-de-bicicletes-a-collserola\/","name":"La Sindicatura demana un major control per l\u2019\u00fas de bicicletes a Collserola - Sindicatura de Greuges de Barcelona","isPartOf":{"@id":"https:\/\/www.sindicaturabarcelona.cat\/ca\/#website"},"primaryImageOfPage":{"@id":"https:\/\/www.sindicaturabarcelona.cat\/ca\/la-sindicatura-demana-un-major-control-per-lus-de-bicicletes-a-collserola\/#primaryimage"},"image":{"@id":"https:\/\/www.sindicaturabarcelona.cat\/ca\/la-sindicatura-demana-un-major-control-per-lus-de-bicicletes-a-collserola\/#primaryimage"},"thumbnailUrl":"https:\/\/www.sindicaturabarcelona.cat\/wp-content\/uploads\/zones-forestals-de-collserola-muntanya.jpg","datePublished":"2023-06-08T10:13:40+00:00","dateModified":"2023-06-15T10:18:37+00:00","breadcrumb":{"@id":"https:\/\/www.sindicaturabarcelona.cat\/ca\/la-sindicatura-demana-un-major-control-per-lus-de-bicicletes-a-collserola\/#breadcrumb"},"inLanguage":"ca","potentialAction":[{"@type":"ReadAction","target":["https:\/\/www.sindicaturabarcelona.cat\/ca\/la-sindicatura-demana-un-major-control-per-lus-de-bicicletes-a-collserola\/"]}]},{"@type":"ImageObject","inLanguage":"ca","@id":"https:\/\/www.sindicaturabarcelona.cat\/ca\/la-sindicatura-demana-un-major-control-per-lus-de-bicicletes-a-collserola\/#primaryimage","url":"https:\/\/www.sindicaturabarcelona.cat\/wp-content\/uploads\/zones-forestals-de-collserola-muntanya.jpg","contentUrl":"https:\/\/www.sindicaturabarcelona.cat\/wp-content\/uploads\/zones-forestals-de-collserola-muntanya.jpg","width":1024,"height":680},{"@type":"BreadcrumbList","@id":"https:\/\/www.sindicaturabarcelona.cat\/ca\/la-sindicatura-demana-un-major-control-per-lus-de-bicicletes-a-collserola\/#breadcrumb","itemListElement":[{"@type":"ListItem","position":1,"name":"Inici","item":"https:\/\/www.sindicaturabarcelona.cat\/ca\/"},{"@type":"ListItem","position":2,"name":"La Sindicatura demana un major control per l\u2019\u00fas de bicicletes a Collserola"}]},{"@type":"WebSite","@id":"https:\/\/www.sindicaturabarcelona.cat\/ca\/#website","url":"https:\/\/www.sindicaturabarcelona.cat\/ca\/","name":"Sindicatura de Greuges de Barcelona","description":"La defensoria dels teus drets","publisher":{"@id":"https:\/\/www.sindicaturabarcelona.cat\/ca\/#organization"},"potentialAction":[{"@type":"SearchAction","target":{"@type":"EntryPoint","urlTemplate":"https:\/\/www.sindicaturabarcelona.cat\/ca\/?s={search_term_string}"},"query-input":{"@type":"PropertyValueSpecification","valueRequired":true,"valueName":"search_term_string"}}],"inLanguage":"ca"},{"@type":"Organization","@id":"https:\/\/www.sindicaturabarcelona.cat\/ca\/#organization","name":"Sindicatura de Greuges de Barcelona","url":"https:\/\/www.sindicaturabarcelona.cat\/ca\/","logo":{"@type":"ImageObject","inLanguage":"ca","@id":"https:\/\/www.sindicaturabarcelona.cat\/ca\/#\/schema\/logo\/image\/","url":"https:\/\/www.sindicaturabarcelona.cat\/wp-content\/uploads\/2023\/02\/logo_sindicatura.svg","contentUrl":"https:\/\/www.sindicaturabarcelona.cat\/wp-content\/uploads\/2023\/02\/logo_sindicatura.svg","caption":"Sindicatura de Greuges de Barcelona"},"image":{"@id":"https:\/\/www.sindicaturabarcelona.cat\/ca\/#\/schema\/logo\/image\/"},"sameAs":["https:\/\/x.com\/sindicbarcelona","https:\/\/www.instagram.com\/sindicbarcelona\/","https:\/\/www.tiktok.com\/@sindicaturabcn","https:\/\/t.me\/sindicaturabarcelona"]},{"@type":"Person","@id":"https:\/\/www.sindicaturabarcelona.cat\/ca\/#\/schema\/person\/0e5acffc350ffdbc97578159322c9452","name":"Pablo","image":{"@type":"ImageObject","inLanguage":"ca","@id":"https:\/\/secure.gravatar.com\/avatar\/c948169b402ef9492afde705c3dfd5e90e1a6a84ef6840a91124f805a25a480f?s=96&d=mm&r=g","url":"https:\/\/secure.gravatar.com\/avatar\/c948169b402ef9492afde705c3dfd5e90e1a6a84ef6840a91124f805a25a480f?s=96&d=mm&r=g","contentUrl":"https:\/\/secure.gravatar.com\/avatar\/c948169b402ef9492afde705c3dfd5e90e1a6a84ef6840a91124f805a25a480f?s=96&d=mm&r=g","caption":"Pablo"},"url":"https:\/\/www.sindicaturabarcelona.cat\/ca\/author\/pablo\/"}]}},"_links":{"self":[{"href":"https:\/\/www.sindicaturabarcelona.cat\/ca\/wp-json\/wp\/v2\/posts\/29424","targetHints":{"allow":["GET"]}}],"collection":[{"href":"https:\/\/www.sindicaturabarcelona.cat\/ca\/wp-json\/wp\/v2\/posts"}],"about":[{"href":"https:\/\/www.sindicaturabarcelona.cat\/ca\/wp-json\/wp\/v2\/types\/post"}],"author":[{"embeddable":true,"href":"https:\/\/www.sindicaturabarcelona.cat\/ca\/wp-json\/wp\/v2\/users\/2"}],"replies":[{"embeddable":true,"href":"https:\/\/www.sindicaturabarcelona.cat\/ca\/wp-json\/wp\/v2\/comments?post=29424"}],"version-history":[{"count":1,"href":"https:\/\/www.sindicaturabarcelona.cat\/ca\/wp-json\/wp\/v2\/posts\/29424\/revisions"}],"predecessor-version":[{"id":29428,"href":"https:\/\/www.sindicaturabarcelona.cat\/ca\/wp-json\/wp\/v2\/posts\/29424\/revisions\/29428"}],"wp:featuredmedia":[{"embeddable":true,"href":"https:\/\/www.sindicaturabarcelona.cat\/ca\/wp-json\/wp\/v2\/media\/29425"}],"wp:attachment":[{"href":"https:\/\/www.sindicaturabarcelona.cat\/ca\/wp-json\/wp\/v2\/media?parent=29424"}],"wp:term":[{"taxonomy":"post_tag","embeddable":true,"href":"https:\/\/www.sindicaturabarcelona.cat\/ca\/wp-json\/wp\/v2\/tags?post=29424"},{"taxonomy":"drets","embeddable":true,"href":"https:\/\/www.sindicaturabarcelona.cat\/ca\/wp-json\/wp\/v2\/drets?post=29424"}],"curies":[{"name":"wp","href":"https:\/\/api.w.org\/{rel}","templated":true}]}}