{"id":28455,"date":"2023-05-10T12:51:25","date_gmt":"2023-05-10T10:51:25","guid":{"rendered":"https:\/\/www.sindicaturabarcelona.cat\/?p=28455"},"modified":"2023-05-22T12:56:08","modified_gmt":"2023-05-22T10:56:08","slug":"la-sindicatura-de-greuges-de-barcelona-insta-a-una-bona-coordinacio-entre-administracions-per-la-convivencia-al-barri-de-la-bonanova","status":"publish","type":"post","link":"https:\/\/www.sindicaturabarcelona.cat\/ca\/la-sindicatura-de-greuges-de-barcelona-insta-a-una-bona-coordinacio-entre-administracions-per-la-convivencia-al-barri-de-la-bonanova\/","title":{"rendered":"La Sindicatura de Greuges de Barcelona insta a una bona coordinaci\u00f3 entre administracions per la conviv\u00e8ncia al barri de la Bonanova"},"content":{"rendered":"\n<figure class=\"wp-block-pullquote\"><blockquote><p><strong>La defensoria recorda que existeix un proc\u00e9s legal i assenyala que amenaces com la realitzada per Desokupa generen una despesa p\u00fablica innecess\u00e0ria<\/strong><\/p><\/blockquote><\/figure>\n\n\n\n<p><strong>A la Sindicatura de Greuges de Barcelona li preocupa la situaci\u00f3 de tensi\u00f3 que s\u2019est\u00e0 vivint en el barri de la Bonanova<\/strong>, despr\u00e9s que l\u2019empresa Desokupa, que s\u2019autoqualifica com especialitzada en mediaci\u00f3 i desnonaments, anunci\u00e9s la seva voluntat d\u2019actuar al marge de la llei per desallotjar els edificis el Kubo i la Ru\u00efna.<\/p>\n\n\n\n<p>El Kubo i la Ru\u00efna s\u00f3n dos edificis ocupats des de fa anys i que s\u00f3n majorit\u00e0riament propietat de la SAREB, empresa creada precisament per tal de gestionar habitatges afectats per execucions hipotec\u00e0ries d\u2019entitats banc\u00e0ries rescatades amb capital p\u00fablic.<\/p>\n\n\n\n<p>Cal recordar que <strong>qualsevol proc\u00e9s de recuperaci\u00f3 de la possessi\u00f3 d\u2019immobles t\u00e9 un recorregut legal, que ha de ser executat per les institucions pertinents<\/strong>, i no per particulars. D\u2019aquesta manera es pot garantir la seguretat de les persones i una actuaci\u00f3 ajustada a dret.<\/p>\n\n\n\n<p>\u00c9s important ressaltar que, si no hi ha motius de risc per a la seguretat de les persones que ocupen, el proc\u00e9s per a la recuperaci\u00f3 de la possessi\u00f3 d\u2019immobles l\u2019ha d\u2019instar la propietat. En aquest proc\u00e9s pautat jur\u00eddicament, intervenen diferents institucions. D\u2019una banda l\u2019autoritat judicial, que ha de dictar l\u2019ordre de llan\u00e7ament i, d\u2019altra banda, els cossos policials, que intervindran per executar l\u2019ordre judicial i garantir la seguretat de les persones. Per tant, en aquest cas, <strong>la intervenci\u00f3 en el proc\u00e9s de qualsevol altre agent no est\u00e0 emparada legalment<\/strong>.<\/p>\n\n\n\n<p>El resultat de desafiar als poders p\u00fablics, amb l\u2019amena\u00e7a de procediments de desnonament que s\u2019aparten de l\u2019establert legalment, no nom\u00e9s est\u00e0 generant crispaci\u00f3 i un trencament no desitjat de la pau social del barri. Tamb\u00e9 est\u00e0 ocasionant una <strong>important despesa p\u00fablica<\/strong>, obligant als cossos de seguretat a dissenyar dispositius espec\u00edfics per evitar enfrontaments i per impedir que l\u2019empresa Desokupa intervingui en un proc\u00e9s que en aquests moments es troba en seu judicial.<\/p>\n\n\n\n<p>Sens dubte, <strong>les conseq\u00fc\u00e8ncies de la provocaci\u00f3 irresponsable d\u2019aquesta despesa p\u00fablica haurien de ser imputables a les persones i actors que han atiat aquest conflicte d\u2019ordre p\u00fablic<\/strong>.<\/p>\n\n\n\n<p>Des de la Sindicatura de Greuges de Barcelona instem a totes les administracions competents per tal que realitzin les seves funcions amb absoluta coordinaci\u00f3, a fi de gestionar la situaci\u00f3, i aconseguir el restabliment de la pau social al barri.<\/p>\n","protected":false},"excerpt":{"rendered":"<p>La defensoria recorda que existeix un proc\u00e9s legal i assenyala que amenaces com la realitzada per Desokupa generen una despesa p\u00fablica innecess\u00e0ria A la Sindicatura de Greuges de Barcelona li [&hellip;]<\/p>\n","protected":false},"author":2,"featured_media":28456,"comment_status":"closed","ping_status":"closed","sticky":false,"template":"","format":"standard","meta":{"_acf_changed":false,"footnotes":""},"tags":[],"drets":[1440,1452,1438,1449],"class_list":["post-28455","post","type-post","status-publish","format-standard","has-post-thumbnail","hentry","drets-ciutat-garantista","drets-dret-a-la-seguretat-ciutadana","drets-ciutat-habitable-i-sostenible","drets-dret-a-una-convivencia-pacifica"],"acf":[],"yoast_head":"<!-- This site is optimized with the Yoast SEO plugin v27.5 - https:\/\/yoast.com\/product\/yoast-seo-wordpress\/ -->\n<title>La Sindicatura de Greuges de Barcelona insta a una bona coordinaci\u00f3 entre administracions per la conviv\u00e8ncia al barri de la Bonanova - Sindicatura de Greuges de Barcelona<\/title>\n<meta name=\"robots\" content=\"index, follow, max-snippet:-1, max-image-preview:large, max-video-preview:-1\" \/>\n<link rel=\"canonical\" href=\"https:\/\/www.sindicaturabarcelona.cat\/ca\/la-sindicatura-de-greuges-de-barcelona-insta-a-una-bona-coordinacio-entre-administracions-per-la-convivencia-al-barri-de-la-bonanova\/\" \/>\n<meta property=\"og:locale\" content=\"ca_ES\" \/>\n<meta property=\"og:type\" content=\"article\" \/>\n<meta property=\"og:title\" content=\"La Sindicatura de Greuges de Barcelona insta a una bona coordinaci\u00f3 entre administracions per la conviv\u00e8ncia al barri de la Bonanova - Sindicatura de Greuges de Barcelona\" \/>\n<meta property=\"og:description\" content=\"La defensoria recorda que existeix un proc\u00e9s legal i assenyala que amenaces com la realitzada per Desokupa generen una despesa p\u00fablica innecess\u00e0ria A la Sindicatura de Greuges de Barcelona li [&hellip;]\" \/>\n<meta property=\"og:url\" content=\"https:\/\/www.sindicaturabarcelona.cat\/ca\/la-sindicatura-de-greuges-de-barcelona-insta-a-una-bona-coordinacio-entre-administracions-per-la-convivencia-al-barri-de-la-bonanova\/\" \/>\n<meta property=\"og:site_name\" content=\"Sindicatura de Greuges de Barcelona\" \/>\n<meta property=\"article:published_time\" content=\"2023-05-10T10:51:25+00:00\" \/>\n<meta property=\"article:modified_time\" content=\"2023-05-22T10:56:08+00:00\" \/>\n<meta property=\"og:image\" content=\"https:\/\/www.sindicaturabarcelona.cat\/wp-content\/uploads\/OKUPA_BARCELONA.jpg\" \/>\n\t<meta property=\"og:image:width\" content=\"512\" \/>\n\t<meta property=\"og:image:height\" content=\"384\" \/>\n\t<meta property=\"og:image:type\" content=\"image\/jpeg\" \/>\n<meta name=\"author\" content=\"Pablo\" \/>\n<meta name=\"twitter:card\" content=\"summary_large_image\" \/>\n<meta name=\"twitter:creator\" content=\"@sindicbarcelona\" \/>\n<meta name=\"twitter:site\" content=\"@sindicbarcelona\" \/>\n<meta name=\"twitter:label1\" content=\"Escrit per\" \/>\n\t<meta name=\"twitter:data1\" content=\"Pablo\" \/>\n\t<meta name=\"twitter:label2\" content=\"Temps estimat de lectura\" \/>\n\t<meta name=\"twitter:data2\" content=\"2 minuts\" \/>\n<script type=\"application\/ld+json\" class=\"yoast-schema-graph\">{\"@context\":\"https:\\\/\\\/schema.org\",\"@graph\":[{\"@type\":\"Article\",\"@id\":\"https:\\\/\\\/www.sindicaturabarcelona.cat\\\/ca\\\/la-sindicatura-de-greuges-de-barcelona-insta-a-una-bona-coordinacio-entre-administracions-per-la-convivencia-al-barri-de-la-bonanova\\\/#article\",\"isPartOf\":{\"@id\":\"https:\\\/\\\/www.sindicaturabarcelona.cat\\\/ca\\\/la-sindicatura-de-greuges-de-barcelona-insta-a-una-bona-coordinacio-entre-administracions-per-la-convivencia-al-barri-de-la-bonanova\\\/\"},\"author\":{\"name\":\"Pablo\",\"@id\":\"https:\\\/\\\/www.sindicaturabarcelona.cat\\\/ca\\\/#\\\/schema\\\/person\\\/0e5acffc350ffdbc97578159322c9452\"},\"headline\":\"La Sindicatura de Greuges de Barcelona insta a una bona coordinaci\u00f3 entre administracions per la conviv\u00e8ncia al barri de la Bonanova\",\"datePublished\":\"2023-05-10T10:51:25+00:00\",\"dateModified\":\"2023-05-22T10:56:08+00:00\",\"mainEntityOfPage\":{\"@id\":\"https:\\\/\\\/www.sindicaturabarcelona.cat\\\/ca\\\/la-sindicatura-de-greuges-de-barcelona-insta-a-una-bona-coordinacio-entre-administracions-per-la-convivencia-al-barri-de-la-bonanova\\\/\"},\"wordCount\":458,\"publisher\":{\"@id\":\"https:\\\/\\\/www.sindicaturabarcelona.cat\\\/ca\\\/#organization\"},\"image\":{\"@id\":\"https:\\\/\\\/www.sindicaturabarcelona.cat\\\/ca\\\/la-sindicatura-de-greuges-de-barcelona-insta-a-una-bona-coordinacio-entre-administracions-per-la-convivencia-al-barri-de-la-bonanova\\\/#primaryimage\"},\"thumbnailUrl\":\"https:\\\/\\\/www.sindicaturabarcelona.cat\\\/wp-content\\\/uploads\\\/OKUPA_BARCELONA.jpg\",\"inLanguage\":\"ca\"},{\"@type\":\"WebPage\",\"@id\":\"https:\\\/\\\/www.sindicaturabarcelona.cat\\\/ca\\\/la-sindicatura-de-greuges-de-barcelona-insta-a-una-bona-coordinacio-entre-administracions-per-la-convivencia-al-barri-de-la-bonanova\\\/\",\"url\":\"https:\\\/\\\/www.sindicaturabarcelona.cat\\\/ca\\\/la-sindicatura-de-greuges-de-barcelona-insta-a-una-bona-coordinacio-entre-administracions-per-la-convivencia-al-barri-de-la-bonanova\\\/\",\"name\":\"La Sindicatura de Greuges de Barcelona insta a una bona coordinaci\u00f3 entre administracions per la conviv\u00e8ncia al barri de la Bonanova - Sindicatura de Greuges de Barcelona\",\"isPartOf\":{\"@id\":\"https:\\\/\\\/www.sindicaturabarcelona.cat\\\/ca\\\/#website\"},\"primaryImageOfPage\":{\"@id\":\"https:\\\/\\\/www.sindicaturabarcelona.cat\\\/ca\\\/la-sindicatura-de-greuges-de-barcelona-insta-a-una-bona-coordinacio-entre-administracions-per-la-convivencia-al-barri-de-la-bonanova\\\/#primaryimage\"},\"image\":{\"@id\":\"https:\\\/\\\/www.sindicaturabarcelona.cat\\\/ca\\\/la-sindicatura-de-greuges-de-barcelona-insta-a-una-bona-coordinacio-entre-administracions-per-la-convivencia-al-barri-de-la-bonanova\\\/#primaryimage\"},\"thumbnailUrl\":\"https:\\\/\\\/www.sindicaturabarcelona.cat\\\/wp-content\\\/uploads\\\/OKUPA_BARCELONA.jpg\",\"datePublished\":\"2023-05-10T10:51:25+00:00\",\"dateModified\":\"2023-05-22T10:56:08+00:00\",\"breadcrumb\":{\"@id\":\"https:\\\/\\\/www.sindicaturabarcelona.cat\\\/ca\\\/la-sindicatura-de-greuges-de-barcelona-insta-a-una-bona-coordinacio-entre-administracions-per-la-convivencia-al-barri-de-la-bonanova\\\/#breadcrumb\"},\"inLanguage\":\"ca\",\"potentialAction\":[{\"@type\":\"ReadAction\",\"target\":[\"https:\\\/\\\/www.sindicaturabarcelona.cat\\\/ca\\\/la-sindicatura-de-greuges-de-barcelona-insta-a-una-bona-coordinacio-entre-administracions-per-la-convivencia-al-barri-de-la-bonanova\\\/\"]}]},{\"@type\":\"ImageObject\",\"inLanguage\":\"ca\",\"@id\":\"https:\\\/\\\/www.sindicaturabarcelona.cat\\\/ca\\\/la-sindicatura-de-greuges-de-barcelona-insta-a-una-bona-coordinacio-entre-administracions-per-la-convivencia-al-barri-de-la-bonanova\\\/#primaryimage\",\"url\":\"https:\\\/\\\/www.sindicaturabarcelona.cat\\\/wp-content\\\/uploads\\\/OKUPA_BARCELONA.jpg\",\"contentUrl\":\"https:\\\/\\\/www.sindicaturabarcelona.cat\\\/wp-content\\\/uploads\\\/OKUPA_BARCELONA.jpg\",\"width\":512,\"height\":384,\"caption\":\"\\\"OKUPA BARCELONA\\\" by Ntabares is licensed under CC BY-SA 4.0.\"},{\"@type\":\"BreadcrumbList\",\"@id\":\"https:\\\/\\\/www.sindicaturabarcelona.cat\\\/ca\\\/la-sindicatura-de-greuges-de-barcelona-insta-a-una-bona-coordinacio-entre-administracions-per-la-convivencia-al-barri-de-la-bonanova\\\/#breadcrumb\",\"itemListElement\":[{\"@type\":\"ListItem\",\"position\":1,\"name\":\"Inici\",\"item\":\"https:\\\/\\\/www.sindicaturabarcelona.cat\\\/ca\\\/\"},{\"@type\":\"ListItem\",\"position\":2,\"name\":\"La Sindicatura de Greuges de Barcelona insta a una bona coordinaci\u00f3 entre administracions per la conviv\u00e8ncia al barri de la Bonanova\"}]},{\"@type\":\"WebSite\",\"@id\":\"https:\\\/\\\/www.sindicaturabarcelona.cat\\\/ca\\\/#website\",\"url\":\"https:\\\/\\\/www.sindicaturabarcelona.cat\\\/ca\\\/\",\"name\":\"Sindicatura de Greuges de Barcelona\",\"description\":\"La defensoria dels teus drets\",\"publisher\":{\"@id\":\"https:\\\/\\\/www.sindicaturabarcelona.cat\\\/ca\\\/#organization\"},\"potentialAction\":[{\"@type\":\"SearchAction\",\"target\":{\"@type\":\"EntryPoint\",\"urlTemplate\":\"https:\\\/\\\/www.sindicaturabarcelona.cat\\\/ca\\\/?s={search_term_string}\"},\"query-input\":{\"@type\":\"PropertyValueSpecification\",\"valueRequired\":true,\"valueName\":\"search_term_string\"}}],\"inLanguage\":\"ca\"},{\"@type\":\"Organization\",\"@id\":\"https:\\\/\\\/www.sindicaturabarcelona.cat\\\/ca\\\/#organization\",\"name\":\"Sindicatura de Greuges de Barcelona\",\"url\":\"https:\\\/\\\/www.sindicaturabarcelona.cat\\\/ca\\\/\",\"logo\":{\"@type\":\"ImageObject\",\"inLanguage\":\"ca\",\"@id\":\"https:\\\/\\\/www.sindicaturabarcelona.cat\\\/ca\\\/#\\\/schema\\\/logo\\\/image\\\/\",\"url\":\"https:\\\/\\\/www.sindicaturabarcelona.cat\\\/wp-content\\\/uploads\\\/2023\\\/02\\\/logo_sindicatura.svg\",\"contentUrl\":\"https:\\\/\\\/www.sindicaturabarcelona.cat\\\/wp-content\\\/uploads\\\/2023\\\/02\\\/logo_sindicatura.svg\",\"caption\":\"Sindicatura de Greuges de Barcelona\"},\"image\":{\"@id\":\"https:\\\/\\\/www.sindicaturabarcelona.cat\\\/ca\\\/#\\\/schema\\\/logo\\\/image\\\/\"},\"sameAs\":[\"https:\\\/\\\/x.com\\\/sindicbarcelona\",\"https:\\\/\\\/www.instagram.com\\\/sindicbarcelona\\\/\",\"https:\\\/\\\/www.tiktok.com\\\/@sindicaturabcn\",\"https:\\\/\\\/t.me\\\/sindicaturabarcelona\"]},{\"@type\":\"Person\",\"@id\":\"https:\\\/\\\/www.sindicaturabarcelona.cat\\\/ca\\\/#\\\/schema\\\/person\\\/0e5acffc350ffdbc97578159322c9452\",\"name\":\"Pablo\",\"image\":{\"@type\":\"ImageObject\",\"inLanguage\":\"ca\",\"@id\":\"https:\\\/\\\/secure.gravatar.com\\\/avatar\\\/c948169b402ef9492afde705c3dfd5e90e1a6a84ef6840a91124f805a25a480f?s=96&d=mm&r=g\",\"url\":\"https:\\\/\\\/secure.gravatar.com\\\/avatar\\\/c948169b402ef9492afde705c3dfd5e90e1a6a84ef6840a91124f805a25a480f?s=96&d=mm&r=g\",\"contentUrl\":\"https:\\\/\\\/secure.gravatar.com\\\/avatar\\\/c948169b402ef9492afde705c3dfd5e90e1a6a84ef6840a91124f805a25a480f?s=96&d=mm&r=g\",\"caption\":\"Pablo\"},\"url\":\"https:\\\/\\\/www.sindicaturabarcelona.cat\\\/ca\\\/author\\\/pablo\\\/\"}]}<\/script>\n<!-- \/ Yoast SEO plugin. -->","yoast_head_json":{"title":"La Sindicatura de Greuges de Barcelona insta a una bona coordinaci\u00f3 entre administracions per la conviv\u00e8ncia al barri de la Bonanova - Sindicatura de Greuges de Barcelona","robots":{"index":"index","follow":"follow","max-snippet":"max-snippet:-1","max-image-preview":"max-image-preview:large","max-video-preview":"max-video-preview:-1"},"canonical":"https:\/\/www.sindicaturabarcelona.cat\/ca\/la-sindicatura-de-greuges-de-barcelona-insta-a-una-bona-coordinacio-entre-administracions-per-la-convivencia-al-barri-de-la-bonanova\/","og_locale":"ca_ES","og_type":"article","og_title":"La Sindicatura de Greuges de Barcelona insta a una bona coordinaci\u00f3 entre administracions per la conviv\u00e8ncia al barri de la Bonanova - Sindicatura de Greuges de Barcelona","og_description":"La defensoria recorda que existeix un proc\u00e9s legal i assenyala que amenaces com la realitzada per Desokupa generen una despesa p\u00fablica innecess\u00e0ria A la Sindicatura de Greuges de Barcelona li [&hellip;]","og_url":"https:\/\/www.sindicaturabarcelona.cat\/ca\/la-sindicatura-de-greuges-de-barcelona-insta-a-una-bona-coordinacio-entre-administracions-per-la-convivencia-al-barri-de-la-bonanova\/","og_site_name":"Sindicatura de Greuges de Barcelona","article_published_time":"2023-05-10T10:51:25+00:00","article_modified_time":"2023-05-22T10:56:08+00:00","og_image":[{"width":512,"height":384,"url":"https:\/\/www.sindicaturabarcelona.cat\/wp-content\/uploads\/OKUPA_BARCELONA.jpg","type":"image\/jpeg"}],"author":"Pablo","twitter_card":"summary_large_image","twitter_creator":"@sindicbarcelona","twitter_site":"@sindicbarcelona","twitter_misc":{"Escrit per":"Pablo","Temps estimat de lectura":"2 minuts"},"schema":{"@context":"https:\/\/schema.org","@graph":[{"@type":"Article","@id":"https:\/\/www.sindicaturabarcelona.cat\/ca\/la-sindicatura-de-greuges-de-barcelona-insta-a-una-bona-coordinacio-entre-administracions-per-la-convivencia-al-barri-de-la-bonanova\/#article","isPartOf":{"@id":"https:\/\/www.sindicaturabarcelona.cat\/ca\/la-sindicatura-de-greuges-de-barcelona-insta-a-una-bona-coordinacio-entre-administracions-per-la-convivencia-al-barri-de-la-bonanova\/"},"author":{"name":"Pablo","@id":"https:\/\/www.sindicaturabarcelona.cat\/ca\/#\/schema\/person\/0e5acffc350ffdbc97578159322c9452"},"headline":"La Sindicatura de Greuges de Barcelona insta a una bona coordinaci\u00f3 entre administracions per la conviv\u00e8ncia al barri de la Bonanova","datePublished":"2023-05-10T10:51:25+00:00","dateModified":"2023-05-22T10:56:08+00:00","mainEntityOfPage":{"@id":"https:\/\/www.sindicaturabarcelona.cat\/ca\/la-sindicatura-de-greuges-de-barcelona-insta-a-una-bona-coordinacio-entre-administracions-per-la-convivencia-al-barri-de-la-bonanova\/"},"wordCount":458,"publisher":{"@id":"https:\/\/www.sindicaturabarcelona.cat\/ca\/#organization"},"image":{"@id":"https:\/\/www.sindicaturabarcelona.cat\/ca\/la-sindicatura-de-greuges-de-barcelona-insta-a-una-bona-coordinacio-entre-administracions-per-la-convivencia-al-barri-de-la-bonanova\/#primaryimage"},"thumbnailUrl":"https:\/\/www.sindicaturabarcelona.cat\/wp-content\/uploads\/OKUPA_BARCELONA.jpg","inLanguage":"ca"},{"@type":"WebPage","@id":"https:\/\/www.sindicaturabarcelona.cat\/ca\/la-sindicatura-de-greuges-de-barcelona-insta-a-una-bona-coordinacio-entre-administracions-per-la-convivencia-al-barri-de-la-bonanova\/","url":"https:\/\/www.sindicaturabarcelona.cat\/ca\/la-sindicatura-de-greuges-de-barcelona-insta-a-una-bona-coordinacio-entre-administracions-per-la-convivencia-al-barri-de-la-bonanova\/","name":"La Sindicatura de Greuges de Barcelona insta a una bona coordinaci\u00f3 entre administracions per la conviv\u00e8ncia al barri de la Bonanova - Sindicatura de Greuges de Barcelona","isPartOf":{"@id":"https:\/\/www.sindicaturabarcelona.cat\/ca\/#website"},"primaryImageOfPage":{"@id":"https:\/\/www.sindicaturabarcelona.cat\/ca\/la-sindicatura-de-greuges-de-barcelona-insta-a-una-bona-coordinacio-entre-administracions-per-la-convivencia-al-barri-de-la-bonanova\/#primaryimage"},"image":{"@id":"https:\/\/www.sindicaturabarcelona.cat\/ca\/la-sindicatura-de-greuges-de-barcelona-insta-a-una-bona-coordinacio-entre-administracions-per-la-convivencia-al-barri-de-la-bonanova\/#primaryimage"},"thumbnailUrl":"https:\/\/www.sindicaturabarcelona.cat\/wp-content\/uploads\/OKUPA_BARCELONA.jpg","datePublished":"2023-05-10T10:51:25+00:00","dateModified":"2023-05-22T10:56:08+00:00","breadcrumb":{"@id":"https:\/\/www.sindicaturabarcelona.cat\/ca\/la-sindicatura-de-greuges-de-barcelona-insta-a-una-bona-coordinacio-entre-administracions-per-la-convivencia-al-barri-de-la-bonanova\/#breadcrumb"},"inLanguage":"ca","potentialAction":[{"@type":"ReadAction","target":["https:\/\/www.sindicaturabarcelona.cat\/ca\/la-sindicatura-de-greuges-de-barcelona-insta-a-una-bona-coordinacio-entre-administracions-per-la-convivencia-al-barri-de-la-bonanova\/"]}]},{"@type":"ImageObject","inLanguage":"ca","@id":"https:\/\/www.sindicaturabarcelona.cat\/ca\/la-sindicatura-de-greuges-de-barcelona-insta-a-una-bona-coordinacio-entre-administracions-per-la-convivencia-al-barri-de-la-bonanova\/#primaryimage","url":"https:\/\/www.sindicaturabarcelona.cat\/wp-content\/uploads\/OKUPA_BARCELONA.jpg","contentUrl":"https:\/\/www.sindicaturabarcelona.cat\/wp-content\/uploads\/OKUPA_BARCELONA.jpg","width":512,"height":384,"caption":"\"OKUPA BARCELONA\" by Ntabares is licensed under CC BY-SA 4.0."},{"@type":"BreadcrumbList","@id":"https:\/\/www.sindicaturabarcelona.cat\/ca\/la-sindicatura-de-greuges-de-barcelona-insta-a-una-bona-coordinacio-entre-administracions-per-la-convivencia-al-barri-de-la-bonanova\/#breadcrumb","itemListElement":[{"@type":"ListItem","position":1,"name":"Inici","item":"https:\/\/www.sindicaturabarcelona.cat\/ca\/"},{"@type":"ListItem","position":2,"name":"La Sindicatura de Greuges de Barcelona insta a una bona coordinaci\u00f3 entre administracions per la conviv\u00e8ncia al barri de la Bonanova"}]},{"@type":"WebSite","@id":"https:\/\/www.sindicaturabarcelona.cat\/ca\/#website","url":"https:\/\/www.sindicaturabarcelona.cat\/ca\/","name":"Sindicatura de Greuges de Barcelona","description":"La defensoria dels teus drets","publisher":{"@id":"https:\/\/www.sindicaturabarcelona.cat\/ca\/#organization"},"potentialAction":[{"@type":"SearchAction","target":{"@type":"EntryPoint","urlTemplate":"https:\/\/www.sindicaturabarcelona.cat\/ca\/?s={search_term_string}"},"query-input":{"@type":"PropertyValueSpecification","valueRequired":true,"valueName":"search_term_string"}}],"inLanguage":"ca"},{"@type":"Organization","@id":"https:\/\/www.sindicaturabarcelona.cat\/ca\/#organization","name":"Sindicatura de Greuges de Barcelona","url":"https:\/\/www.sindicaturabarcelona.cat\/ca\/","logo":{"@type":"ImageObject","inLanguage":"ca","@id":"https:\/\/www.sindicaturabarcelona.cat\/ca\/#\/schema\/logo\/image\/","url":"https:\/\/www.sindicaturabarcelona.cat\/wp-content\/uploads\/2023\/02\/logo_sindicatura.svg","contentUrl":"https:\/\/www.sindicaturabarcelona.cat\/wp-content\/uploads\/2023\/02\/logo_sindicatura.svg","caption":"Sindicatura de Greuges de Barcelona"},"image":{"@id":"https:\/\/www.sindicaturabarcelona.cat\/ca\/#\/schema\/logo\/image\/"},"sameAs":["https:\/\/x.com\/sindicbarcelona","https:\/\/www.instagram.com\/sindicbarcelona\/","https:\/\/www.tiktok.com\/@sindicaturabcn","https:\/\/t.me\/sindicaturabarcelona"]},{"@type":"Person","@id":"https:\/\/www.sindicaturabarcelona.cat\/ca\/#\/schema\/person\/0e5acffc350ffdbc97578159322c9452","name":"Pablo","image":{"@type":"ImageObject","inLanguage":"ca","@id":"https:\/\/secure.gravatar.com\/avatar\/c948169b402ef9492afde705c3dfd5e90e1a6a84ef6840a91124f805a25a480f?s=96&d=mm&r=g","url":"https:\/\/secure.gravatar.com\/avatar\/c948169b402ef9492afde705c3dfd5e90e1a6a84ef6840a91124f805a25a480f?s=96&d=mm&r=g","contentUrl":"https:\/\/secure.gravatar.com\/avatar\/c948169b402ef9492afde705c3dfd5e90e1a6a84ef6840a91124f805a25a480f?s=96&d=mm&r=g","caption":"Pablo"},"url":"https:\/\/www.sindicaturabarcelona.cat\/ca\/author\/pablo\/"}]}},"_links":{"self":[{"href":"https:\/\/www.sindicaturabarcelona.cat\/ca\/wp-json\/wp\/v2\/posts\/28455","targetHints":{"allow":["GET"]}}],"collection":[{"href":"https:\/\/www.sindicaturabarcelona.cat\/ca\/wp-json\/wp\/v2\/posts"}],"about":[{"href":"https:\/\/www.sindicaturabarcelona.cat\/ca\/wp-json\/wp\/v2\/types\/post"}],"author":[{"embeddable":true,"href":"https:\/\/www.sindicaturabarcelona.cat\/ca\/wp-json\/wp\/v2\/users\/2"}],"replies":[{"embeddable":true,"href":"https:\/\/www.sindicaturabarcelona.cat\/ca\/wp-json\/wp\/v2\/comments?post=28455"}],"version-history":[{"count":0,"href":"https:\/\/www.sindicaturabarcelona.cat\/ca\/wp-json\/wp\/v2\/posts\/28455\/revisions"}],"wp:featuredmedia":[{"embeddable":true,"href":"https:\/\/www.sindicaturabarcelona.cat\/ca\/wp-json\/wp\/v2\/media\/28456"}],"wp:attachment":[{"href":"https:\/\/www.sindicaturabarcelona.cat\/ca\/wp-json\/wp\/v2\/media?parent=28455"}],"wp:term":[{"taxonomy":"post_tag","embeddable":true,"href":"https:\/\/www.sindicaturabarcelona.cat\/ca\/wp-json\/wp\/v2\/tags?post=28455"},{"taxonomy":"drets","embeddable":true,"href":"https:\/\/www.sindicaturabarcelona.cat\/ca\/wp-json\/wp\/v2\/drets?post=28455"}],"curies":[{"name":"wp","href":"https:\/\/api.w.org\/{rel}","templated":true}]}}