{"id":27619,"date":"2023-05-05T14:21:21","date_gmt":"2023-05-05T12:21:21","guid":{"rendered":"https:\/\/www.sindicaturabarcelona.cat\/?p=16285"},"modified":"2023-05-11T10:37:43","modified_gmt":"2023-05-11T08:37:43","slug":"lajuntament-de-barcelona-ha-de-millorar-la-seva-comunicacio-i-transparencia-dels-programes-daccessibilitat-per-activitats-a-centres-civics","status":"publish","type":"post","link":"https:\/\/www.sindicaturabarcelona.cat\/ca\/lajuntament-de-barcelona-ha-de-millorar-la-seva-comunicacio-i-transparencia-dels-programes-daccessibilitat-per-activitats-a-centres-civics\/","title":{"rendered":"L\u2019Ajuntament de Barcelona ha de millorar la seva comunicaci\u00f3 i transpar\u00e8ncia dels programes d\u2019accessibilitat per activitats a centres c\u00edvics"},"content":{"rendered":"\n<p>Arran de la <a href=\"https:\/\/www.sindicaturabarcelona.cat\/wp-content\/uploads\/2023\/05\/202305_Dret-a-laccessibilitat-i-la-inclusivitat-espais-i-serveis-publics-acces-a-un-assistent-personal-per-activitats-a-centres-civics.pdf\">queixa d\u2019una ciutadana amb diversitat funcional&nbsp; per les dificultats amb qu\u00e8 es trobava per poder comptar amb la figura d\u2019assistent personal per a la realitzaci\u00f3 d\u2019activitats en centres c\u00edvics<\/a>, la Sindicatura de Greuges de Barcelona ha concl\u00f2s que <strong>l\u2019IMPD, conjuntament amb l\u2019ICUB, ha de millorar la comunicaci\u00f3 dels programes de suport a l\u2019accessibilitat per activitats a centres c\u00edvics<\/strong>.<\/p>\n\n\n\n<p>La informaci\u00f3 relativa a programes com el Projecte Oci Inclusiu, que promou el dret d\u2019acc\u00e9s a la cultura a trav\u00e9s d\u2019un sistema de bonificacions, aix\u00ed com amb suports addicionals, no est\u00e0 recollida en documents oficials de l\u2019Ajuntament de Barcelona de forma suficientment accessible i transparent. Per aquesta ra\u00f3, des de la Sindicatura recomanem que l\u2019Ajuntament faci m\u00e9s difusi\u00f3 de les condicions necess\u00e0ries per accedir en aquests tipus de programes a trav\u00e9s de la web corresponent i de qualsevol altre mitj\u00e0 d\u2019informaci\u00f3 rellevant.<\/p>\n\n\n\n<p class=\"has-medium-font-size\"><strong>El cas objecte de queixa<\/strong><\/p>\n\n\n\n<p>Una ciutadana realitzava diverses activitats al Centre C\u00edvic de Sant Mart\u00ed durant el curs 2021-22, amb suport d\u2019un assistent personal en v\u00e0ries d\u2019elles. Per\u00f2 en comen\u00e7ar una altra activitat se li va comunicar que no rebria aquest tipus de suport perqu\u00e8 era innecessari davant les condicions de l\u2019activitat: disposaria d\u2019apunts amb lletra ampliada i espai a primera fila. D\u2019altra banda, des de l\u2019IMPD es va subvencionar el servei porta a porta per a la tornada al seu domicili davant els seus problemes de mobilitat i visi\u00f3.<\/p>\n\n\n\n<p>L\u2019afectada afirmava que, segons l\u2019havien informat, tenia pressupostat el servei d\u2019assistent personal per a tres activitats fins al desembre de 2022. Per\u00f2 <strong>a l\u2019informe municipal s\u2019exposa que el programa al qual es va acollir la ciutadana preveu el suport d\u2019un assistent personal per un sol taller per trimestre i centre c\u00edvic, encara que ella estigu\u00e9s rebent suport a tres activitats<\/strong>. La qual cosa indica que se li estava oferint una cobertura major del que marca el Projecte Oci Inclusiu, malgrat que no se li comuniqu\u00e9s.<\/p>\n\n\n\n<p>Cal dir que <strong>aquesta informaci\u00f3 segons la qual el suport d\u2019un assistent personal estigui previst per a un sol trimestre i centre c\u00edvic no apareix de manera p\u00fablica a la <\/strong><a href=\"https:\/\/ajuntament.barcelona.cat\/centrescivics\/ca\"><strong>web de la Xarxa de Centres C\u00edvics de Barcelona<\/strong><\/a><strong> <\/strong>ni s\u2019ha pogut localitzar a la mesura de govern Pla de centres c\u00edvics de Barcelona 2019-2023.<\/p>\n\n\n\n<p class=\"has-medium-font-size\"><strong>Una informaci\u00f3 m\u00e9s transparent<\/strong><\/p>\n\n\n\n<p>La ciutadana es referia, a la queixa presentada a la Sindicatura, a dificultats en l\u2019\u00fas de serveis oferts des de centres c\u00edvics de la ciutat i a la manca de resposta municipal en relaci\u00f3 amb un assistent personal per a la realitzaci\u00f3 d\u2019una tercera activitat.<\/p>\n\n\n\n<p>Els centres c\u00edvics de la ciutat s\u00f3n molt diversos i la seva oferta pot incloure cursos, tallers, exposicions, xerrades i diverses activitats culturals.<\/p>\n\n\n\n<p>Tal com estableix la Convenci\u00f3 sobre els drets de les persones amb discapacitat i protocol facultatiu de les Nacions Unides, s\u2019ha de recon\u00e8ixer el dret de les persones amb discapacitat a participar, en igualtat de condicions amb les altres, en la vida cultural i s\u2019han d\u2019adoptar totes les mesures pertinents.<\/p>\n\n\n\n<p>D\u2019acord amb aquests preceptes, des de l\u2019Ajuntament de Barcelona, amb la Xarxa d\u2019Accessibilitat i Vida Independent (XAVI), es desenvolupa el Projecte Oci Inclusiu.<\/p>\n\n\n\n<p>Per\u00f2 <strong>a la informaci\u00f3 p\u00fablica sobre aquest projecte manquen concrecions, com la limitaci\u00f3 en la disponibilitat d\u2019assistents personals<\/strong>. Aspectes importants perqu\u00e8 la ciutadania pugui gaudir d\u2019una informaci\u00f3 transparent que faciliti l\u2019acc\u00e9s a programes com aquest quan sigui adient.<\/p>\n\n\n\n<p>Per aquesta ra\u00f3, <strong>la Sindicatura de Greuges de Barcelona recomana a l\u2019IMPD que, conjuntament amb l\u2019ICUB, inclogui la concreci\u00f3 de les activitats que pot desenvolupar una persona amb assistent personal<\/strong>, per trimestre i centre c\u00edvic, a la web corresponent i altres mitjans d\u2019informaci\u00f3 ciutadana.<\/p>\n","protected":false},"excerpt":{"rendered":"<p>Arran de la queixa d\u2019una ciutadana amb diversitat funcional&nbsp; per les dificultats amb qu\u00e8 es trobava per poder comptar amb la figura d\u2019assistent personal per a la realitzaci\u00f3 d\u2019activitats en [&hellip;]<\/p>\n","protected":false},"author":2,"featured_media":27630,"comment_status":"closed","ping_status":"open","sticky":false,"template":"","format":"standard","meta":{"_acf_changed":false,"footnotes":""},"tags":[],"drets":[1438,1445],"class_list":["post-27619","post","type-post","status-publish","format-standard","has-post-thumbnail","hentry","drets-ciutat-habitable-i-sostenible","drets-dret-a-laccessibilitat-i-la-inclusivitat"],"acf":[],"yoast_head":"<!-- This site is optimized with the Yoast SEO plugin v27.5 - https:\/\/yoast.com\/product\/yoast-seo-wordpress\/ -->\n<title>L\u2019Ajuntament de Barcelona ha de millorar la seva comunicaci\u00f3 i transpar\u00e8ncia dels programes d\u2019accessibilitat per activitats a centres c\u00edvics - Sindicatura de Greuges de Barcelona<\/title>\n<meta name=\"robots\" content=\"index, follow, max-snippet:-1, max-image-preview:large, max-video-preview:-1\" \/>\n<link rel=\"canonical\" href=\"https:\/\/www.sindicaturabarcelona.cat\/ca\/lajuntament-de-barcelona-ha-de-millorar-la-seva-comunicacio-i-transparencia-dels-programes-daccessibilitat-per-activitats-a-centres-civics\/\" \/>\n<meta property=\"og:locale\" content=\"ca_ES\" \/>\n<meta property=\"og:type\" content=\"article\" \/>\n<meta property=\"og:title\" content=\"L\u2019Ajuntament de Barcelona ha de millorar la seva comunicaci\u00f3 i transpar\u00e8ncia dels programes d\u2019accessibilitat per activitats a centres c\u00edvics - Sindicatura de Greuges de Barcelona\" \/>\n<meta property=\"og:description\" content=\"Arran de la queixa d\u2019una ciutadana amb diversitat funcional&nbsp; per les dificultats amb qu\u00e8 es trobava per poder comptar amb la figura d\u2019assistent personal per a la realitzaci\u00f3 d\u2019activitats en [&hellip;]\" \/>\n<meta property=\"og:url\" content=\"https:\/\/www.sindicaturabarcelona.cat\/ca\/lajuntament-de-barcelona-ha-de-millorar-la-seva-comunicacio-i-transparencia-dels-programes-daccessibilitat-per-activitats-a-centres-civics\/\" \/>\n<meta property=\"og:site_name\" content=\"Sindicatura de Greuges de Barcelona\" \/>\n<meta property=\"article:published_time\" content=\"2023-05-05T12:21:21+00:00\" \/>\n<meta property=\"article:modified_time\" content=\"2023-05-11T08:37:43+00:00\" \/>\n<meta property=\"og:image\" content=\"https:\/\/www.sindicaturabarcelona.cat\/wp-content\/uploads\/sala-taller-del-centre-civic-urgell-a-1.jpg\" \/>\n\t<meta property=\"og:image:width\" content=\"480\" \/>\n\t<meta property=\"og:image:height\" content=\"321\" \/>\n\t<meta property=\"og:image:type\" content=\"image\/jpeg\" \/>\n<meta name=\"author\" content=\"Pablo\" \/>\n<meta name=\"twitter:card\" content=\"summary_large_image\" \/>\n<meta name=\"twitter:creator\" content=\"@sindicbarcelona\" \/>\n<meta name=\"twitter:site\" content=\"@sindicbarcelona\" \/>\n<meta name=\"twitter:label1\" content=\"Escrit per\" \/>\n\t<meta name=\"twitter:data1\" content=\"Pablo\" \/>\n\t<meta name=\"twitter:label2\" content=\"Temps estimat de lectura\" \/>\n\t<meta name=\"twitter:data2\" content=\"4 minuts\" \/>\n<script type=\"application\/ld+json\" class=\"yoast-schema-graph\">{\"@context\":\"https:\\\/\\\/schema.org\",\"@graph\":[{\"@type\":\"Article\",\"@id\":\"https:\\\/\\\/www.sindicaturabarcelona.cat\\\/ca\\\/lajuntament-de-barcelona-ha-de-millorar-la-seva-comunicacio-i-transparencia-dels-programes-daccessibilitat-per-activitats-a-centres-civics\\\/#article\",\"isPartOf\":{\"@id\":\"https:\\\/\\\/www.sindicaturabarcelona.cat\\\/ca\\\/lajuntament-de-barcelona-ha-de-millorar-la-seva-comunicacio-i-transparencia-dels-programes-daccessibilitat-per-activitats-a-centres-civics\\\/\"},\"author\":{\"name\":\"Pablo\",\"@id\":\"https:\\\/\\\/www.sindicaturabarcelona.cat\\\/ca\\\/#\\\/schema\\\/person\\\/0e5acffc350ffdbc97578159322c9452\"},\"headline\":\"L\u2019Ajuntament de Barcelona ha de millorar la seva comunicaci\u00f3 i transpar\u00e8ncia dels programes d\u2019accessibilitat per activitats a centres c\u00edvics\",\"datePublished\":\"2023-05-05T12:21:21+00:00\",\"dateModified\":\"2023-05-11T08:37:43+00:00\",\"mainEntityOfPage\":{\"@id\":\"https:\\\/\\\/www.sindicaturabarcelona.cat\\\/ca\\\/lajuntament-de-barcelona-ha-de-millorar-la-seva-comunicacio-i-transparencia-dels-programes-daccessibilitat-per-activitats-a-centres-civics\\\/\"},\"wordCount\":689,\"publisher\":{\"@id\":\"https:\\\/\\\/www.sindicaturabarcelona.cat\\\/ca\\\/#organization\"},\"image\":{\"@id\":\"https:\\\/\\\/www.sindicaturabarcelona.cat\\\/ca\\\/lajuntament-de-barcelona-ha-de-millorar-la-seva-comunicacio-i-transparencia-dels-programes-daccessibilitat-per-activitats-a-centres-civics\\\/#primaryimage\"},\"thumbnailUrl\":\"https:\\\/\\\/www.sindicaturabarcelona.cat\\\/wp-content\\\/uploads\\\/sala-taller-del-centre-civic-urgell-a-1.jpg\",\"articleSection\":[\"Accessibilitat\",\"Educaci\u00f3, esport i cultura\"],\"inLanguage\":\"ca\"},{\"@type\":\"WebPage\",\"@id\":\"https:\\\/\\\/www.sindicaturabarcelona.cat\\\/ca\\\/lajuntament-de-barcelona-ha-de-millorar-la-seva-comunicacio-i-transparencia-dels-programes-daccessibilitat-per-activitats-a-centres-civics\\\/\",\"url\":\"https:\\\/\\\/www.sindicaturabarcelona.cat\\\/ca\\\/lajuntament-de-barcelona-ha-de-millorar-la-seva-comunicacio-i-transparencia-dels-programes-daccessibilitat-per-activitats-a-centres-civics\\\/\",\"name\":\"L\u2019Ajuntament de Barcelona ha de millorar la seva comunicaci\u00f3 i transpar\u00e8ncia dels programes d\u2019accessibilitat per activitats a centres c\u00edvics - Sindicatura de Greuges de Barcelona\",\"isPartOf\":{\"@id\":\"https:\\\/\\\/www.sindicaturabarcelona.cat\\\/ca\\\/#website\"},\"primaryImageOfPage\":{\"@id\":\"https:\\\/\\\/www.sindicaturabarcelona.cat\\\/ca\\\/lajuntament-de-barcelona-ha-de-millorar-la-seva-comunicacio-i-transparencia-dels-programes-daccessibilitat-per-activitats-a-centres-civics\\\/#primaryimage\"},\"image\":{\"@id\":\"https:\\\/\\\/www.sindicaturabarcelona.cat\\\/ca\\\/lajuntament-de-barcelona-ha-de-millorar-la-seva-comunicacio-i-transparencia-dels-programes-daccessibilitat-per-activitats-a-centres-civics\\\/#primaryimage\"},\"thumbnailUrl\":\"https:\\\/\\\/www.sindicaturabarcelona.cat\\\/wp-content\\\/uploads\\\/sala-taller-del-centre-civic-urgell-a-1.jpg\",\"datePublished\":\"2023-05-05T12:21:21+00:00\",\"dateModified\":\"2023-05-11T08:37:43+00:00\",\"breadcrumb\":{\"@id\":\"https:\\\/\\\/www.sindicaturabarcelona.cat\\\/ca\\\/lajuntament-de-barcelona-ha-de-millorar-la-seva-comunicacio-i-transparencia-dels-programes-daccessibilitat-per-activitats-a-centres-civics\\\/#breadcrumb\"},\"inLanguage\":\"ca\",\"potentialAction\":[{\"@type\":\"ReadAction\",\"target\":[\"https:\\\/\\\/www.sindicaturabarcelona.cat\\\/ca\\\/lajuntament-de-barcelona-ha-de-millorar-la-seva-comunicacio-i-transparencia-dels-programes-daccessibilitat-per-activitats-a-centres-civics\\\/\"]}]},{\"@type\":\"ImageObject\",\"inLanguage\":\"ca\",\"@id\":\"https:\\\/\\\/www.sindicaturabarcelona.cat\\\/ca\\\/lajuntament-de-barcelona-ha-de-millorar-la-seva-comunicacio-i-transparencia-dels-programes-daccessibilitat-per-activitats-a-centres-civics\\\/#primaryimage\",\"url\":\"https:\\\/\\\/www.sindicaturabarcelona.cat\\\/wp-content\\\/uploads\\\/sala-taller-del-centre-civic-urgell-a-1.jpg\",\"contentUrl\":\"https:\\\/\\\/www.sindicaturabarcelona.cat\\\/wp-content\\\/uploads\\\/sala-taller-del-centre-civic-urgell-a-1.jpg\",\"width\":480,\"height\":321,\"caption\":\"sala-taller-del-centre-civic-urgell-a\"},{\"@type\":\"BreadcrumbList\",\"@id\":\"https:\\\/\\\/www.sindicaturabarcelona.cat\\\/ca\\\/lajuntament-de-barcelona-ha-de-millorar-la-seva-comunicacio-i-transparencia-dels-programes-daccessibilitat-per-activitats-a-centres-civics\\\/#breadcrumb\",\"itemListElement\":[{\"@type\":\"ListItem\",\"position\":1,\"name\":\"Inici\",\"item\":\"https:\\\/\\\/www.sindicaturabarcelona.cat\\\/ca\\\/\"},{\"@type\":\"ListItem\",\"position\":2,\"name\":\"L\u2019Ajuntament de Barcelona ha de millorar la seva comunicaci\u00f3 i transpar\u00e8ncia dels programes d\u2019accessibilitat per activitats a centres c\u00edvics\"}]},{\"@type\":\"WebSite\",\"@id\":\"https:\\\/\\\/www.sindicaturabarcelona.cat\\\/ca\\\/#website\",\"url\":\"https:\\\/\\\/www.sindicaturabarcelona.cat\\\/ca\\\/\",\"name\":\"Sindicatura de Greuges de Barcelona\",\"description\":\"La defensoria dels teus drets\",\"publisher\":{\"@id\":\"https:\\\/\\\/www.sindicaturabarcelona.cat\\\/ca\\\/#organization\"},\"potentialAction\":[{\"@type\":\"SearchAction\",\"target\":{\"@type\":\"EntryPoint\",\"urlTemplate\":\"https:\\\/\\\/www.sindicaturabarcelona.cat\\\/ca\\\/?s={search_term_string}\"},\"query-input\":{\"@type\":\"PropertyValueSpecification\",\"valueRequired\":true,\"valueName\":\"search_term_string\"}}],\"inLanguage\":\"ca\"},{\"@type\":\"Organization\",\"@id\":\"https:\\\/\\\/www.sindicaturabarcelona.cat\\\/ca\\\/#organization\",\"name\":\"Sindicatura de Greuges de Barcelona\",\"url\":\"https:\\\/\\\/www.sindicaturabarcelona.cat\\\/ca\\\/\",\"logo\":{\"@type\":\"ImageObject\",\"inLanguage\":\"ca\",\"@id\":\"https:\\\/\\\/www.sindicaturabarcelona.cat\\\/ca\\\/#\\\/schema\\\/logo\\\/image\\\/\",\"url\":\"https:\\\/\\\/www.sindicaturabarcelona.cat\\\/wp-content\\\/uploads\\\/2023\\\/02\\\/logo_sindicatura.svg\",\"contentUrl\":\"https:\\\/\\\/www.sindicaturabarcelona.cat\\\/wp-content\\\/uploads\\\/2023\\\/02\\\/logo_sindicatura.svg\",\"caption\":\"Sindicatura de Greuges de Barcelona\"},\"image\":{\"@id\":\"https:\\\/\\\/www.sindicaturabarcelona.cat\\\/ca\\\/#\\\/schema\\\/logo\\\/image\\\/\"},\"sameAs\":[\"https:\\\/\\\/x.com\\\/sindicbarcelona\",\"https:\\\/\\\/www.instagram.com\\\/sindicbarcelona\\\/\",\"https:\\\/\\\/www.tiktok.com\\\/@sindicaturabcn\",\"https:\\\/\\\/t.me\\\/sindicaturabarcelona\"]},{\"@type\":\"Person\",\"@id\":\"https:\\\/\\\/www.sindicaturabarcelona.cat\\\/ca\\\/#\\\/schema\\\/person\\\/0e5acffc350ffdbc97578159322c9452\",\"name\":\"Pablo\",\"image\":{\"@type\":\"ImageObject\",\"inLanguage\":\"ca\",\"@id\":\"https:\\\/\\\/secure.gravatar.com\\\/avatar\\\/c948169b402ef9492afde705c3dfd5e90e1a6a84ef6840a91124f805a25a480f?s=96&d=mm&r=g\",\"url\":\"https:\\\/\\\/secure.gravatar.com\\\/avatar\\\/c948169b402ef9492afde705c3dfd5e90e1a6a84ef6840a91124f805a25a480f?s=96&d=mm&r=g\",\"contentUrl\":\"https:\\\/\\\/secure.gravatar.com\\\/avatar\\\/c948169b402ef9492afde705c3dfd5e90e1a6a84ef6840a91124f805a25a480f?s=96&d=mm&r=g\",\"caption\":\"Pablo\"},\"url\":\"https:\\\/\\\/www.sindicaturabarcelona.cat\\\/ca\\\/author\\\/pablo\\\/\"}]}<\/script>\n<!-- \/ Yoast SEO plugin. -->","yoast_head_json":{"title":"L\u2019Ajuntament de Barcelona ha de millorar la seva comunicaci\u00f3 i transpar\u00e8ncia dels programes d\u2019accessibilitat per activitats a centres c\u00edvics - Sindicatura de Greuges de Barcelona","robots":{"index":"index","follow":"follow","max-snippet":"max-snippet:-1","max-image-preview":"max-image-preview:large","max-video-preview":"max-video-preview:-1"},"canonical":"https:\/\/www.sindicaturabarcelona.cat\/ca\/lajuntament-de-barcelona-ha-de-millorar-la-seva-comunicacio-i-transparencia-dels-programes-daccessibilitat-per-activitats-a-centres-civics\/","og_locale":"ca_ES","og_type":"article","og_title":"L\u2019Ajuntament de Barcelona ha de millorar la seva comunicaci\u00f3 i transpar\u00e8ncia dels programes d\u2019accessibilitat per activitats a centres c\u00edvics - Sindicatura de Greuges de Barcelona","og_description":"Arran de la queixa d\u2019una ciutadana amb diversitat funcional&nbsp; per les dificultats amb qu\u00e8 es trobava per poder comptar amb la figura d\u2019assistent personal per a la realitzaci\u00f3 d\u2019activitats en [&hellip;]","og_url":"https:\/\/www.sindicaturabarcelona.cat\/ca\/lajuntament-de-barcelona-ha-de-millorar-la-seva-comunicacio-i-transparencia-dels-programes-daccessibilitat-per-activitats-a-centres-civics\/","og_site_name":"Sindicatura de Greuges de Barcelona","article_published_time":"2023-05-05T12:21:21+00:00","article_modified_time":"2023-05-11T08:37:43+00:00","og_image":[{"width":480,"height":321,"url":"https:\/\/www.sindicaturabarcelona.cat\/wp-content\/uploads\/sala-taller-del-centre-civic-urgell-a-1.jpg","type":"image\/jpeg"}],"author":"Pablo","twitter_card":"summary_large_image","twitter_creator":"@sindicbarcelona","twitter_site":"@sindicbarcelona","twitter_misc":{"Escrit per":"Pablo","Temps estimat de lectura":"4 minuts"},"schema":{"@context":"https:\/\/schema.org","@graph":[{"@type":"Article","@id":"https:\/\/www.sindicaturabarcelona.cat\/ca\/lajuntament-de-barcelona-ha-de-millorar-la-seva-comunicacio-i-transparencia-dels-programes-daccessibilitat-per-activitats-a-centres-civics\/#article","isPartOf":{"@id":"https:\/\/www.sindicaturabarcelona.cat\/ca\/lajuntament-de-barcelona-ha-de-millorar-la-seva-comunicacio-i-transparencia-dels-programes-daccessibilitat-per-activitats-a-centres-civics\/"},"author":{"name":"Pablo","@id":"https:\/\/www.sindicaturabarcelona.cat\/ca\/#\/schema\/person\/0e5acffc350ffdbc97578159322c9452"},"headline":"L\u2019Ajuntament de Barcelona ha de millorar la seva comunicaci\u00f3 i transpar\u00e8ncia dels programes d\u2019accessibilitat per activitats a centres c\u00edvics","datePublished":"2023-05-05T12:21:21+00:00","dateModified":"2023-05-11T08:37:43+00:00","mainEntityOfPage":{"@id":"https:\/\/www.sindicaturabarcelona.cat\/ca\/lajuntament-de-barcelona-ha-de-millorar-la-seva-comunicacio-i-transparencia-dels-programes-daccessibilitat-per-activitats-a-centres-civics\/"},"wordCount":689,"publisher":{"@id":"https:\/\/www.sindicaturabarcelona.cat\/ca\/#organization"},"image":{"@id":"https:\/\/www.sindicaturabarcelona.cat\/ca\/lajuntament-de-barcelona-ha-de-millorar-la-seva-comunicacio-i-transparencia-dels-programes-daccessibilitat-per-activitats-a-centres-civics\/#primaryimage"},"thumbnailUrl":"https:\/\/www.sindicaturabarcelona.cat\/wp-content\/uploads\/sala-taller-del-centre-civic-urgell-a-1.jpg","articleSection":["Accessibilitat","Educaci\u00f3, esport i cultura"],"inLanguage":"ca"},{"@type":"WebPage","@id":"https:\/\/www.sindicaturabarcelona.cat\/ca\/lajuntament-de-barcelona-ha-de-millorar-la-seva-comunicacio-i-transparencia-dels-programes-daccessibilitat-per-activitats-a-centres-civics\/","url":"https:\/\/www.sindicaturabarcelona.cat\/ca\/lajuntament-de-barcelona-ha-de-millorar-la-seva-comunicacio-i-transparencia-dels-programes-daccessibilitat-per-activitats-a-centres-civics\/","name":"L\u2019Ajuntament de Barcelona ha de millorar la seva comunicaci\u00f3 i transpar\u00e8ncia dels programes d\u2019accessibilitat per activitats a centres c\u00edvics - Sindicatura de Greuges de Barcelona","isPartOf":{"@id":"https:\/\/www.sindicaturabarcelona.cat\/ca\/#website"},"primaryImageOfPage":{"@id":"https:\/\/www.sindicaturabarcelona.cat\/ca\/lajuntament-de-barcelona-ha-de-millorar-la-seva-comunicacio-i-transparencia-dels-programes-daccessibilitat-per-activitats-a-centres-civics\/#primaryimage"},"image":{"@id":"https:\/\/www.sindicaturabarcelona.cat\/ca\/lajuntament-de-barcelona-ha-de-millorar-la-seva-comunicacio-i-transparencia-dels-programes-daccessibilitat-per-activitats-a-centres-civics\/#primaryimage"},"thumbnailUrl":"https:\/\/www.sindicaturabarcelona.cat\/wp-content\/uploads\/sala-taller-del-centre-civic-urgell-a-1.jpg","datePublished":"2023-05-05T12:21:21+00:00","dateModified":"2023-05-11T08:37:43+00:00","breadcrumb":{"@id":"https:\/\/www.sindicaturabarcelona.cat\/ca\/lajuntament-de-barcelona-ha-de-millorar-la-seva-comunicacio-i-transparencia-dels-programes-daccessibilitat-per-activitats-a-centres-civics\/#breadcrumb"},"inLanguage":"ca","potentialAction":[{"@type":"ReadAction","target":["https:\/\/www.sindicaturabarcelona.cat\/ca\/lajuntament-de-barcelona-ha-de-millorar-la-seva-comunicacio-i-transparencia-dels-programes-daccessibilitat-per-activitats-a-centres-civics\/"]}]},{"@type":"ImageObject","inLanguage":"ca","@id":"https:\/\/www.sindicaturabarcelona.cat\/ca\/lajuntament-de-barcelona-ha-de-millorar-la-seva-comunicacio-i-transparencia-dels-programes-daccessibilitat-per-activitats-a-centres-civics\/#primaryimage","url":"https:\/\/www.sindicaturabarcelona.cat\/wp-content\/uploads\/sala-taller-del-centre-civic-urgell-a-1.jpg","contentUrl":"https:\/\/www.sindicaturabarcelona.cat\/wp-content\/uploads\/sala-taller-del-centre-civic-urgell-a-1.jpg","width":480,"height":321,"caption":"sala-taller-del-centre-civic-urgell-a"},{"@type":"BreadcrumbList","@id":"https:\/\/www.sindicaturabarcelona.cat\/ca\/lajuntament-de-barcelona-ha-de-millorar-la-seva-comunicacio-i-transparencia-dels-programes-daccessibilitat-per-activitats-a-centres-civics\/#breadcrumb","itemListElement":[{"@type":"ListItem","position":1,"name":"Inici","item":"https:\/\/www.sindicaturabarcelona.cat\/ca\/"},{"@type":"ListItem","position":2,"name":"L\u2019Ajuntament de Barcelona ha de millorar la seva comunicaci\u00f3 i transpar\u00e8ncia dels programes d\u2019accessibilitat per activitats a centres c\u00edvics"}]},{"@type":"WebSite","@id":"https:\/\/www.sindicaturabarcelona.cat\/ca\/#website","url":"https:\/\/www.sindicaturabarcelona.cat\/ca\/","name":"Sindicatura de Greuges de Barcelona","description":"La defensoria dels teus drets","publisher":{"@id":"https:\/\/www.sindicaturabarcelona.cat\/ca\/#organization"},"potentialAction":[{"@type":"SearchAction","target":{"@type":"EntryPoint","urlTemplate":"https:\/\/www.sindicaturabarcelona.cat\/ca\/?s={search_term_string}"},"query-input":{"@type":"PropertyValueSpecification","valueRequired":true,"valueName":"search_term_string"}}],"inLanguage":"ca"},{"@type":"Organization","@id":"https:\/\/www.sindicaturabarcelona.cat\/ca\/#organization","name":"Sindicatura de Greuges de Barcelona","url":"https:\/\/www.sindicaturabarcelona.cat\/ca\/","logo":{"@type":"ImageObject","inLanguage":"ca","@id":"https:\/\/www.sindicaturabarcelona.cat\/ca\/#\/schema\/logo\/image\/","url":"https:\/\/www.sindicaturabarcelona.cat\/wp-content\/uploads\/2023\/02\/logo_sindicatura.svg","contentUrl":"https:\/\/www.sindicaturabarcelona.cat\/wp-content\/uploads\/2023\/02\/logo_sindicatura.svg","caption":"Sindicatura de Greuges de Barcelona"},"image":{"@id":"https:\/\/www.sindicaturabarcelona.cat\/ca\/#\/schema\/logo\/image\/"},"sameAs":["https:\/\/x.com\/sindicbarcelona","https:\/\/www.instagram.com\/sindicbarcelona\/","https:\/\/www.tiktok.com\/@sindicaturabcn","https:\/\/t.me\/sindicaturabarcelona"]},{"@type":"Person","@id":"https:\/\/www.sindicaturabarcelona.cat\/ca\/#\/schema\/person\/0e5acffc350ffdbc97578159322c9452","name":"Pablo","image":{"@type":"ImageObject","inLanguage":"ca","@id":"https:\/\/secure.gravatar.com\/avatar\/c948169b402ef9492afde705c3dfd5e90e1a6a84ef6840a91124f805a25a480f?s=96&d=mm&r=g","url":"https:\/\/secure.gravatar.com\/avatar\/c948169b402ef9492afde705c3dfd5e90e1a6a84ef6840a91124f805a25a480f?s=96&d=mm&r=g","contentUrl":"https:\/\/secure.gravatar.com\/avatar\/c948169b402ef9492afde705c3dfd5e90e1a6a84ef6840a91124f805a25a480f?s=96&d=mm&r=g","caption":"Pablo"},"url":"https:\/\/www.sindicaturabarcelona.cat\/ca\/author\/pablo\/"}]}},"_links":{"self":[{"href":"https:\/\/www.sindicaturabarcelona.cat\/ca\/wp-json\/wp\/v2\/posts\/27619","targetHints":{"allow":["GET"]}}],"collection":[{"href":"https:\/\/www.sindicaturabarcelona.cat\/ca\/wp-json\/wp\/v2\/posts"}],"about":[{"href":"https:\/\/www.sindicaturabarcelona.cat\/ca\/wp-json\/wp\/v2\/types\/post"}],"author":[{"embeddable":true,"href":"https:\/\/www.sindicaturabarcelona.cat\/ca\/wp-json\/wp\/v2\/users\/2"}],"replies":[{"embeddable":true,"href":"https:\/\/www.sindicaturabarcelona.cat\/ca\/wp-json\/wp\/v2\/comments?post=27619"}],"version-history":[{"count":0,"href":"https:\/\/www.sindicaturabarcelona.cat\/ca\/wp-json\/wp\/v2\/posts\/27619\/revisions"}],"wp:featuredmedia":[{"embeddable":true,"href":"https:\/\/www.sindicaturabarcelona.cat\/ca\/wp-json\/wp\/v2\/media\/27630"}],"wp:attachment":[{"href":"https:\/\/www.sindicaturabarcelona.cat\/ca\/wp-json\/wp\/v2\/media?parent=27619"}],"wp:term":[{"taxonomy":"post_tag","embeddable":true,"href":"https:\/\/www.sindicaturabarcelona.cat\/ca\/wp-json\/wp\/v2\/tags?post=27619"},{"taxonomy":"drets","embeddable":true,"href":"https:\/\/www.sindicaturabarcelona.cat\/ca\/wp-json\/wp\/v2\/drets?post=27619"}],"curies":[{"name":"wp","href":"https:\/\/api.w.org\/{rel}","templated":true}]}}