{"id":27616,"date":"2023-04-26T17:03:59","date_gmt":"2023-04-26T15:03:59","guid":{"rendered":"https:\/\/www.sindicaturabarcelona.cat\/?p=16212"},"modified":"2025-06-03T10:06:11","modified_gmt":"2025-06-03T08:06:11","slug":"la-sindicatura-de-greuges-de-barcelona-reclama-mes-espai-per-a-la-joventut-en-les-politiques-publiques","status":"publish","type":"post","link":"https:\/\/www.sindicaturabarcelona.cat\/ca\/la-sindicatura-de-greuges-de-barcelona-reclama-mes-espai-per-a-la-joventut-en-les-politiques-publiques\/","title":{"rendered":"La Sindicatura de Greuges de Barcelona reclama m\u00e9s espai per a la joventut en les pol\u00edtiques p\u00fabliques"},"content":{"rendered":"\n<figure class=\"wp-block-pullquote\"><blockquote><p><strong>Publica un nou informe amb 11 propostes per fomentar la inclusi\u00f3 de la perspectiva juvenil en l\u2019elaboraci\u00f3 de pol\u00edtiques p\u00fabliques locals.<\/strong><\/p><\/blockquote><\/figure>\n\n\n\n<p><strong>La Sindicatura de Greuges de Barcelona ha presentat l\u2019informe <em>\u201cAdultocentrisme i pol\u00edtiques p\u00fabliques locals: percepcions i propostes juvenils\u201d<\/em><\/strong><em>,<\/em> en qu\u00e8 s\u2019analitza com viu el jovent la relaci\u00f3 amb l\u2019administraci\u00f3 municipal i de quina forma millorar-la. Per fomentar la seva participaci\u00f3 i combatre la desafecci\u00f3 de les noves generacions, aquest informe inclou 11 recomanacions.<\/p>\n\n\n\n<p>Les propostes d\u2019aquest informe aborden la <strong>necessitat d\u2019una transformaci\u00f3 per incloure la perspectiva juvenil durat tot el proc\u00e9s de creaci\u00f3 de pol\u00edtiques p\u00fabliques<\/strong>, tant al punt de partida i disseny de les mateixes, com a la seva execuci\u00f3 i avaluaci\u00f3.<\/p>\n\n\n\n<p>Tanmateix, com conclou aquest estudi, l\u2019adultocentrisme no se supera o s\u2019elimina des de pol\u00edtiques o iniciatives puntuals, sin\u00f3 que requereix d\u2019un canvi en les din\u00e0miques adultoc\u00e8ntriques existents. Per aix\u00f2, la Sindicatura proposa un <strong>nou marc d\u2019actuaci\u00f3 com un tot que \u00fanicament des de l\u2019actuaci\u00f3 coordinada i relacional en diversos \u00e0mbits podr\u00e0 produir els canvis necessaris.<\/strong><\/p>\n\n\n\n<p>L\u2019informe &nbsp;ha estat encarregat al Consell de la Joventut de Barcelona i coordinat per dos investigadors experts en la mat\u00e8ria.<\/p>\n\n\n\n<p class=\"has-medium-font-size\"><strong><u>La dif\u00edcil relaci\u00f3 entre persones joves i pol\u00edtiques p\u00fabliques<\/u><\/strong><\/p>\n\n\n\n<p><strong>La relaci\u00f3 entre les persones joves i les pol\u00edtiques p\u00fabliques ha estat situada recurrentment en el centre del debat p\u00fablic, social i pol\u00edtic<\/strong>. La dificultat de les administracions per arribar al jovent, el sentiment de dist\u00e0ncia i desatenci\u00f3 envers les pol\u00edtiques p\u00fabliques per part del jovent o les diferents experi\u00e8ncies negatives o insuficients que han viscut aquests en aquestes relacions s\u00f3n alguns dels punts m\u00e9s significatius que visibilitzen un cert trencament generacional.<\/p>\n\n\n\n<p>\u00c9s d\u2019aqu\u00ed d\u2019on emergeix aquest estudi. Un estudi que busca comprendre com es materialitzen, es perceben i es viuen aquestes relacions amb les administracions p\u00fabliques per observar la posici\u00f3 social i pol\u00edtica que ocupa la joventut.<\/p>\n\n\n\n<p>L\u2019objectiu de l\u2019estudi \u00e9s doble. D\u2019una banda, <strong>analitzar de quina manera es materialitza l\u2019adultocentrisme en les pol\u00edtiques p\u00fabliques locals<\/strong>, escoltant i plasmant les experi\u00e8ncies, les percepcions i els relats de les persones joves participants en la relaci\u00f3 que tenen amb les pol\u00edtiques p\u00fabliques. Aix\u00f2 permet, a banda d\u2019escoltar les pr\u00f2pies veus, analitzar quins efectes tenen les pol\u00edtiques p\u00fabliques per a ells i, com a conseq\u00fc\u00e8ncia, entendre com s\u00f3n viscudes i interioritzades. Tamb\u00e9 permet entendre com d\u2019aquesta relaci\u00f3 emergeixen posicions socials i pol\u00edtiques diferenciades en funci\u00f3 de diferents condicionants interseccionals.<\/p>\n\n\n\n<p>D\u2019altra banda, <strong>produir marcs propositius de millora per incorporar una perspectiva juvenil no adultoc\u00e8ntrica<\/strong> dins les institucions locals.<\/p>\n\n\n\n<p class=\"has-medium-font-size\"><strong><u>Un estudi participatiu<\/u><\/strong><\/p>\n\n\n\n<p>Per comprendre les posicions que ocupen les joventuts en relaci\u00f3 amb les pol\u00edtiques p\u00fabliques, aquest estudi ha fet servir una <strong>metodologia participativa<\/strong>, amb grups de discussi\u00f3 amb suficient pluralitat i diversitat de perfils per tal d\u2019aconseguir visions i relats heterogenis. <strong>Els grups es van idear sobre dos eixos transversals: un eix d\u2019edat i un eix interseccional<\/strong>, per donar espai a veus que sovint queden m\u00e9s invisibilitzades.<\/p>\n\n\n\n<p>D\u2019aquesta manera, per l\u2019eix d\u2019edats es van crear grups de joves de 16 a 18 anys, de 24 a 28 anys i de 30 a 35 anys, amb entre cinc i set participants a cadascun. Per l\u2019eix interseccional, es van crear grups de joves associats, de joves racialitzats i de joves d\u2019identitats dissidents, amb cinc participants a cadascun.<\/p>\n\n\n\n<p>La participaci\u00f3 del Consell de la Joventut de Barcelona en tot el proc\u00e9s va tenir un paper protagonista i crucial. Les dinamitzadores van ser les encarregades d\u2019escollir les persones participants de cada grup i tamb\u00e9 de fer la tasca de contacte i convocat\u00f2ria i de gesti\u00f3 de cada sessi\u00f3.<\/p>\n\n\n\n<p class=\"has-medium-font-size\"><strong><u>Combatre la desafecci\u00f3 institucional<\/u><\/strong><\/p>\n\n\n\n<p>Les pol\u00edtiques de joventut a Barcelona i arreu del pa\u00eds han posat un \u00e8mfasi molt especial en la participaci\u00f3 de la joventut. En canvi, per\u00f2, <strong>la sensaci\u00f3 de les generacions joves \u00e9s que la seva veu \u00e9s menystinguda i les seves demandes no s\u00f3n prioritzades<\/strong>. I una prova d\u2019aquest argument \u00e9s la posici\u00f3 marginal que encara ocupen les pol\u00edtiques de joventut i l\u2019escassa prioritat en l\u2019agenda pol\u00edtica de les necessitats i demandes de la gent jove.<\/p>\n\n\n\n<p><strong>La millor manera de combatre el descontent i la desafecci\u00f3 institucional de la joventut \u00e9s fent pol\u00edtiques per a la joventut<\/strong>. La incorporaci\u00f3 d\u2019una perspectiva juvenil a les pol\u00edtiques p\u00fabliques que reconegui la petjada de l\u2019adultocentrisme, canvi\u00ef din\u00e0miques institucionals i prioritats pol\u00edtiques \u00e9s imprescindible per fer aquest canvi.<\/p>\n\n\n\n<p class=\"has-medium-font-size\"><strong><u>Una mirada juvenil i interseccional<\/u><\/strong><\/p>\n\n\n\n<p>Per aconseguir la inclusi\u00f3 de les noves generacions, \u00e9s necessari incorporar una perspectiva juvenil no adultoc\u00e8ntrica que sempre estigui acompanyada d\u2019una mirada interseccional. <strong>La joventut no \u00e9s una entitat s\u00f2lida i espec\u00edfica que actua i es mou per q\u00fcestions comunes<\/strong>. Per tant, si no s\u2019at\u00e9n la seva diversitat, se seguiran invisibilitzant les diferents posicions, marginalitats i opressions que afecten a les diferents persones joves.<\/p>\n\n\n\n<p>La Sindicatura de Greuges de Barcelona ha assenyalat anteriorment la import\u00e0ncia d\u2019aplicar una mirada interseccional en la defensa dels drets de la ciutadania per ser conscients de la multiplicitat de discriminacions i opressions que experimenten les persones segons les diferents capes d\u2019opressi\u00f3 a les que s\u2019enfronten, com es va recollir a <a href=\"http:\/\/sindicaturabarcelona.cat\/wp-content\/uploads\/InformeAnual2022_com.pdf\" target=\"_blank\" rel=\"noreferrer noopener\">l\u2019Informe Anual 2022 de la Sindicatura de Greuges de Barcelona<\/a>.<\/p>\n\n\n\n<p class=\"has-medium-font-size\"><strong><u>Conclusions de l\u2019informe<\/u><\/strong><\/p>\n\n\n\n<p>L\u2019estudi s\u2019ha articulat a trav\u00e9s de dos blocs. El primer fa refer\u00e8ncia a les <strong>percepcions i experi\u00e8ncies que tenen les persones joves<\/strong> participants sobre les pol\u00edtiques p\u00fabliques. A continuaci\u00f3, l\u2019estudi s\u2019ha centrat a analitzar l\u2019acc\u00e9s (i les diferents possibilitats d\u2019acc\u00e9s) a les pol\u00edtiques p\u00fabliques per part de la joventut. I al segon bloc, <strong>totes aquestes situacions han estat abordades tamb\u00e9 de forma tem\u00e0tica en relaci\u00f3 amb tres eixos: el dret a la participaci\u00f3, la seguretat vital i l\u2019emancipaci\u00f3 i el dret a l\u2019espai p\u00fablic<\/strong>.<\/p>\n\n\n\n<p>Ha aparegut amb for\u00e7a la <strong>percepci\u00f3 generalitzada que l\u2019administraci\u00f3 i les institucions s\u00f3n quelcom extremadament burocratitzat<\/strong>. Un exc\u00e9s de burocr\u00e0cia que se centra en la <strong>utilitzaci\u00f3 de llenguatges i procediments que generen dificultats de comprensi\u00f3<\/strong> per a les persones joves i tamb\u00e9 la <strong>no adaptaci\u00f3 a les realitats juvenils<\/strong> tant temporals (quant a horaris d\u2019atenci\u00f3, per exemple) com de coneixement dels processos (sentiments de dist\u00e0ncia, menysteniment, exc\u00e9s de requisits o de processos, entre d\u2019altres). Espec\u00edficament, en molts dels grups es vincula aquest exc\u00e9s de burocratitzaci\u00f3 a un cert envelliment de les institucions. Un envelliment que va vinculat tant al perfil de les persones que hi treballen com a la centralitat que hi ocupen les q\u00fcestions vinculades als adults davant les vinculades als joves. Tot plegat desemboca en la generaci\u00f3 d\u2019un imaginari que les institucions s\u00f3n quelcom fet per i per als adults.<\/p>\n\n\n\n<p>Finalment, tot aix\u00f2 desemboca tamb\u00e9 en una percepci\u00f3 compartida que el resultat de les pol\u00edtiques p\u00fabliques dirigides a la joventut o, dit d\u2019una altra forma, els resultats de les relacions entre joves i institucions \u00e9s parcial, insuficient i no resol de forma completa les seves necessitats.<\/p>\n\n\n\n<p><strong>Aquest informe tamb\u00e9 ha posat de manifest la posici\u00f3 marginal que encara ocupen les pol\u00edtiques de joventut en el nostre context i l\u2019escassa prioritat en l\u2019agenda pol\u00edtica de les necessitats i demandes de la gent jove<\/strong>. Per tant, cal reivindicar la centralitat de les pol\u00edtiques dirigides a les persones joves i en particular les que tenen un impacte m\u00e9s gran sobre les seves transicions.<\/p>\n\n\n\n<p class=\"has-medium-font-size\"><strong><u>11 propostes per incloure la perspectiva juvenil<\/u><\/strong><\/p>\n\n\n\n<p>L\u2019estudi conclou amb el llistat de propostes que planteja la Sindicatura de Greuges de Barcelona. Aquestes s\u00f3n:<\/p>\n\n\n\n<ul class=\"wp-block-list\">\n<li><strong>Impulsar un nou pacte intergeneracional<\/strong><strong>:<\/strong> Amb voluntat pol\u00edtica i social, s\u2019ha de treballar en un acord per posar les bases sota les quals incloure la perspectiva juvenil. El pacte hauria d\u2019identificar els efectes de l\u2019adultocentrisme en les institucions i en les oportunitats de la gent jove, emmarcar els fonaments de la perspectiva juvenil en les pol\u00edtiques p\u00fabliques i posar les bases per al seu desenvolupament.<\/li>\n\n\n\n<li><strong>Formar a treballadores i representants institucionals sobre interseccionalitat, adultocentrisme i perspectiva juvenil<\/strong><strong>: <\/strong>\u00c9s necess\u00e0ria una formaci\u00f3 a treballadors i representants de les administracions que contribueixi a aclarir conceptes, compartir la visi\u00f3 de les persones joves i sensibilitzar sobre algunes din\u00e0miques molt integrades i invisibilitzades de l\u2019adultocentrisme a les institucions.Una formaci\u00f3 transversal tant als diferents \u00e0mbits i departament d\u2019actuaci\u00f3 de l\u2019administraci\u00f3, com als diferents nivells de responsabilitat en les treballadores i c\u00e0rrecs p\u00fablics.<\/li>\n\n\n\n<li><strong>Dotar d\u2019una estructura pol\u00edtica i t\u00e8cnica, pr\u00f2pia i alhora transversal, a les pol\u00edtiques de joventut (regidoria i comissi\u00f3 interdepartamental)<\/strong><strong>:<\/strong> Aquesta voluntat pol\u00edtica ha d\u2019anar acompanyada d\u2019una regidoria espec\u00edfica amb un vincle org\u00e0nic directe amb Alcaldia i una Comissi\u00f3 Interdepartamental de Perspectiva Juvenil de car\u00e0cter pol\u00edtic amb el lideratge de la regidoria de joventut i d\u2019alcaldia que garanteixi la incorporaci\u00f3 de la perspectiva juvenil a tots els \u00e0mbits que afecten la vida de les persones joves.<\/li>\n\n\n\n<li><strong>Prioritzar les pol\u00edtiques de suport a la joventut i les seves transicions i incrementar-ne el pressupost<\/strong><strong>: <\/strong>El treball de camp d\u2019aquesta recerca ha fet evident que la desatenci\u00f3 de les necessitats i demandes de la joventut tamb\u00e9 \u00e9s percebuda per la gent jove, cosa que alimenta el cercle vici\u00f3s de l\u2019allunyament entre joventut i institucions democr\u00e0tiques. Cal posar en primer pla les necessitats de la gent jove, molt especialment en les pol\u00edtiques d\u2019educaci\u00f3, treball i habitatge, amb un increment significatiu del pressupost a aquelles pol\u00edtiques orientades a la joventut.<\/li>\n\n\n\n<li><strong>Integrar les veus de les persones joves a trav\u00e9s dels seus propis espais de participaci\u00f3<\/strong><strong>: <\/strong>Cal posar m\u00e9s esfor\u00e7 per obrir les institucions al que est\u00e0 passant al carrer, i no tant per generar espais i plataformes de participaci\u00f3 ad hoc, i procurar que les persones joves s\u2019hi acostin. Les institucions han d\u2019entendre que les formes m\u00e9s espont\u00e0nies de participaci\u00f3 i mobilitzaci\u00f3 social de la joventut s\u00f3n tamb\u00e9 espais d\u2019expressi\u00f3 democr\u00e0tica que poden orientar les pol\u00edtiques p\u00fabliques.<\/li>\n\n\n\n<li><strong>Acomodar els espais de participaci\u00f3 institucionals i fer-los significatius<\/strong><strong>: <\/strong>S\u2019ha de realitzar una transformaci\u00f3 interna dels espais de participaci\u00f3 i di\u00e0leg proposats i impulsats des de les pr\u00f2pies administracions. \u00c9s necessari, a trav\u00e9s de la formaci\u00f3 proposada en el primer punt, acomodar els espais a les realitats juvenils i adoptar nous formats interns que els facin m\u00e9s amables i s\u2019allunyin de la reproducci\u00f3 de pr\u00e0ctiques o din\u00e0miques adultoc\u00e8ntriques.<\/li>\n\n\n\n<li><strong>Informar sobre les pol\u00edtiques i serveis a trav\u00e9s de canals espec\u00edficament juvenils: portal jove de finestreta \u00fanica digital, punts d\u2019informaci\u00f3 juvenil i informaci\u00f3 proactiva<\/strong><strong>: <\/strong>Hi ha la percepci\u00f3 que la informaci\u00f3 sobre serveis i prestacions no arriba per canals p\u00fablics i evidents, sin\u00f3 que normalment es fa a trav\u00e9s de canals i contactes personals i informals. Es va valorar positivament als grups de treball la possibilitat de crear un portal digital personalitzat on centralitzar les diverses pol\u00edtiques dirigides a la joventut i fomentar una informaci\u00f3 proactiva de serveis i oferta de pol\u00edtiques p\u00fablica. Cal promoure un tipus d\u2019informaci\u00f3 proactiva de l\u2019oferta de pol\u00edtiques p\u00fabliques per a col\u00b7lectius espec\u00edfics.<\/li>\n\n\n\n<li><strong>Promoure la universalitzaci\u00f3 dels serveis i prestacions de suport a les transicions juvenils<\/strong><strong>: <\/strong>Les persones joves identifiquen les pol\u00edtiques associades a les transicions juvenils (suport als estudis, facilitats d\u2019acc\u00e9s al mercat laboral o acc\u00e9s a l\u2019habitatge) com les m\u00e9s rellevants i que tenen m\u00e9s impacte sobre les seves oportunitats. En el nostre entorn les transicions juvenils han estat sovint oblidades per les pol\u00edtiques p\u00fabliques i han deixat tota la responsabilitat de suport a les fam\u00edlies. Aix\u00f2 fa que les oportunitats i estrat\u00e8gies de transici\u00f3 estiguin molt condicionades per la fam\u00edlia d\u2019origen i que s\u2019alimenti una din\u00e0mica de reproducci\u00f3 intergeneracional de les desigualtats.<\/li>\n\n\n\n<li><strong>Rejovenir de l\u2019Administraci\u00f3<\/strong><strong>: <\/strong>Cal proposar-se actuar per rejovenir l\u2019administraci\u00f3 i facilitar la identificaci\u00f3 de la joventut amb les institucions. Per aix\u00f2, cal buscar estrat\u00e8gies amb els agents socials per facilitar l\u2019acc\u00e9s a llocs de treball de l\u2019administraci\u00f3 i la promoci\u00f3 de persones joves a trav\u00e9s, per exemple, de places espec\u00edfiques, de la millora de la informaci\u00f3 sobre ofertes i borses de treball, de la inclusi\u00f3 de criteris d\u2019edat en determinades convocat\u00f2ries, etc.<\/li>\n\n\n\n<li><strong>Establir una estrat\u00e8gia d\u2019avaluaci\u00f3 de la perspectiva juvenil a les pol\u00edtiques p\u00fabliques: <\/strong>M\u00e9s enll\u00e0 de l\u2019adopci\u00f3 de mesures concretes, cal mantenir una visi\u00f3 global de la situaci\u00f3 de la joventut i de l\u2019aplicaci\u00f3 d\u2019aquesta perspectiva. Cal partir, d\u2019entrada, d\u2019una diagnosi de la situaci\u00f3 de la joventut. I que aquestes diagnosis estiguin m\u00e9s vinculades a la voluntat de transformaci\u00f3 de les condicions de vida i oportunitats dels joves i de les pol\u00edtiques que els afecten.<\/li>\n<\/ul>\n\n\n\n<p><strong>&nbsp;Posar en marxa un sistema d\u2019indicadors sobre la perspectiva juvenil en les pol\u00edtiques p\u00fabliques: <\/strong>Aquests indicadors han de mesurar aspectes vinculats tan a la situaci\u00f3 de les persones joves i com a les pol\u00edtiques que els afecten. Els indicadors han de posar \u00e8mfasi en les situacions de discriminaci\u00f3 adultoc\u00e8ntrica des d\u2019una l\u00f2gica interseccional. Tamb\u00e9 cal que recullin el grau de compliment dels compromisos adquirits.<\/p>\n","protected":false},"excerpt":{"rendered":"<p>Publica un nou informe amb 11 propostes per fomentar la inclusi\u00f3 de la perspectiva juvenil en l\u2019elaboraci\u00f3 de pol\u00edtiques p\u00fabliques locals. La Sindicatura de Greuges de Barcelona ha presentat l\u2019informe [&hellip;]<\/p>\n","protected":false},"author":2,"featured_media":27635,"comment_status":"closed","ping_status":"open","sticky":false,"template":"","format":"standard","meta":{"_acf_changed":false,"footnotes":""},"tags":[],"drets":[1442,1461,1459],"class_list":["post-27616","post","type-post","status-publish","format-standard","has-post-thumbnail","hentry","drets-ciutat-diversa","drets-drets-de-la-joventut","drets-drets-de-participacio"],"acf":[],"yoast_head":"<!-- This site is optimized with the Yoast SEO plugin v27.5 - https:\/\/yoast.com\/product\/yoast-seo-wordpress\/ -->\n<title>La Sindicatura de Greuges de Barcelona reclama m\u00e9s espai per a la joventut en les pol\u00edtiques p\u00fabliques - Sindicatura de Greuges de Barcelona<\/title>\n<meta name=\"robots\" content=\"index, follow, max-snippet:-1, max-image-preview:large, max-video-preview:-1\" \/>\n<link rel=\"canonical\" href=\"https:\/\/www.sindicaturabarcelona.cat\/ca\/la-sindicatura-de-greuges-de-barcelona-reclama-mes-espai-per-a-la-joventut-en-les-politiques-publiques\/\" \/>\n<meta property=\"og:locale\" content=\"ca_ES\" \/>\n<meta property=\"og:type\" content=\"article\" \/>\n<meta property=\"og:title\" content=\"La Sindicatura de Greuges de Barcelona reclama m\u00e9s espai per a la joventut en les pol\u00edtiques p\u00fabliques - Sindicatura de Greuges de Barcelona\" \/>\n<meta property=\"og:description\" content=\"Publica un nou informe amb 11 propostes per fomentar la inclusi\u00f3 de la perspectiva juvenil en l\u2019elaboraci\u00f3 de pol\u00edtiques p\u00fabliques locals. La Sindicatura de Greuges de Barcelona ha presentat l\u2019informe [&hellip;]\" \/>\n<meta property=\"og:url\" content=\"https:\/\/www.sindicaturabarcelona.cat\/ca\/la-sindicatura-de-greuges-de-barcelona-reclama-mes-espai-per-a-la-joventut-en-les-politiques-publiques\/\" \/>\n<meta property=\"og:site_name\" content=\"Sindicatura de Greuges de Barcelona\" \/>\n<meta property=\"article:published_time\" content=\"2023-04-26T15:03:59+00:00\" \/>\n<meta property=\"article:modified_time\" content=\"2025-06-03T08:06:11+00:00\" \/>\n<meta property=\"og:image\" content=\"https:\/\/www.sindicaturabarcelona.cat\/wp-content\/uploads\/3A5A8113-scaled-2.jpg\" \/>\n\t<meta property=\"og:image:width\" content=\"2560\" \/>\n\t<meta property=\"og:image:height\" content=\"1707\" \/>\n\t<meta property=\"og:image:type\" content=\"image\/jpeg\" \/>\n<meta name=\"author\" content=\"Pablo\" \/>\n<meta name=\"twitter:card\" content=\"summary_large_image\" \/>\n<meta name=\"twitter:creator\" content=\"@sindicbarcelona\" \/>\n<meta name=\"twitter:site\" content=\"@sindicbarcelona\" \/>\n<meta name=\"twitter:label1\" content=\"Escrit per\" \/>\n\t<meta name=\"twitter:data1\" content=\"Pablo\" \/>\n\t<meta name=\"twitter:label2\" content=\"Temps estimat de lectura\" \/>\n\t<meta name=\"twitter:data2\" content=\"12 minuts\" \/>\n<script type=\"application\/ld+json\" class=\"yoast-schema-graph\">{\"@context\":\"https:\\\/\\\/schema.org\",\"@graph\":[{\"@type\":\"Article\",\"@id\":\"https:\\\/\\\/www.sindicaturabarcelona.cat\\\/ca\\\/la-sindicatura-de-greuges-de-barcelona-reclama-mes-espai-per-a-la-joventut-en-les-politiques-publiques\\\/#article\",\"isPartOf\":{\"@id\":\"https:\\\/\\\/www.sindicaturabarcelona.cat\\\/ca\\\/la-sindicatura-de-greuges-de-barcelona-reclama-mes-espai-per-a-la-joventut-en-les-politiques-publiques\\\/\"},\"author\":{\"name\":\"Pablo\",\"@id\":\"https:\\\/\\\/www.sindicaturabarcelona.cat\\\/ca\\\/#\\\/schema\\\/person\\\/0e5acffc350ffdbc97578159322c9452\"},\"headline\":\"La Sindicatura de Greuges de Barcelona reclama m\u00e9s espai per a la joventut en les pol\u00edtiques p\u00fabliques\",\"datePublished\":\"2023-04-26T15:03:59+00:00\",\"dateModified\":\"2025-06-03T08:06:11+00:00\",\"mainEntityOfPage\":{\"@id\":\"https:\\\/\\\/www.sindicaturabarcelona.cat\\\/ca\\\/la-sindicatura-de-greuges-de-barcelona-reclama-mes-espai-per-a-la-joventut-en-les-politiques-publiques\\\/\"},\"wordCount\":2346,\"publisher\":{\"@id\":\"https:\\\/\\\/www.sindicaturabarcelona.cat\\\/ca\\\/#organization\"},\"image\":{\"@id\":\"https:\\\/\\\/www.sindicaturabarcelona.cat\\\/ca\\\/la-sindicatura-de-greuges-de-barcelona-reclama-mes-espai-per-a-la-joventut-en-les-politiques-publiques\\\/#primaryimage\"},\"thumbnailUrl\":\"https:\\\/\\\/www.sindicaturabarcelona.cat\\\/wp-content\\\/uploads\\\/3A5A8113-scaled-2.jpg\",\"articleSection\":[\"Institucional\"],\"inLanguage\":\"ca\"},{\"@type\":\"WebPage\",\"@id\":\"https:\\\/\\\/www.sindicaturabarcelona.cat\\\/ca\\\/la-sindicatura-de-greuges-de-barcelona-reclama-mes-espai-per-a-la-joventut-en-les-politiques-publiques\\\/\",\"url\":\"https:\\\/\\\/www.sindicaturabarcelona.cat\\\/ca\\\/la-sindicatura-de-greuges-de-barcelona-reclama-mes-espai-per-a-la-joventut-en-les-politiques-publiques\\\/\",\"name\":\"La Sindicatura de Greuges de Barcelona reclama m\u00e9s espai per a la joventut en les pol\u00edtiques p\u00fabliques - Sindicatura de Greuges de Barcelona\",\"isPartOf\":{\"@id\":\"https:\\\/\\\/www.sindicaturabarcelona.cat\\\/ca\\\/#website\"},\"primaryImageOfPage\":{\"@id\":\"https:\\\/\\\/www.sindicaturabarcelona.cat\\\/ca\\\/la-sindicatura-de-greuges-de-barcelona-reclama-mes-espai-per-a-la-joventut-en-les-politiques-publiques\\\/#primaryimage\"},\"image\":{\"@id\":\"https:\\\/\\\/www.sindicaturabarcelona.cat\\\/ca\\\/la-sindicatura-de-greuges-de-barcelona-reclama-mes-espai-per-a-la-joventut-en-les-politiques-publiques\\\/#primaryimage\"},\"thumbnailUrl\":\"https:\\\/\\\/www.sindicaturabarcelona.cat\\\/wp-content\\\/uploads\\\/3A5A8113-scaled-2.jpg\",\"datePublished\":\"2023-04-26T15:03:59+00:00\",\"dateModified\":\"2025-06-03T08:06:11+00:00\",\"breadcrumb\":{\"@id\":\"https:\\\/\\\/www.sindicaturabarcelona.cat\\\/ca\\\/la-sindicatura-de-greuges-de-barcelona-reclama-mes-espai-per-a-la-joventut-en-les-politiques-publiques\\\/#breadcrumb\"},\"inLanguage\":\"ca\",\"potentialAction\":[{\"@type\":\"ReadAction\",\"target\":[\"https:\\\/\\\/www.sindicaturabarcelona.cat\\\/ca\\\/la-sindicatura-de-greuges-de-barcelona-reclama-mes-espai-per-a-la-joventut-en-les-politiques-publiques\\\/\"]}]},{\"@type\":\"ImageObject\",\"inLanguage\":\"ca\",\"@id\":\"https:\\\/\\\/www.sindicaturabarcelona.cat\\\/ca\\\/la-sindicatura-de-greuges-de-barcelona-reclama-mes-espai-per-a-la-joventut-en-les-politiques-publiques\\\/#primaryimage\",\"url\":\"https:\\\/\\\/www.sindicaturabarcelona.cat\\\/wp-content\\\/uploads\\\/3A5A8113-scaled-2.jpg\",\"contentUrl\":\"https:\\\/\\\/www.sindicaturabarcelona.cat\\\/wp-content\\\/uploads\\\/3A5A8113-scaled-2.jpg\",\"width\":2560,\"height\":1707},{\"@type\":\"BreadcrumbList\",\"@id\":\"https:\\\/\\\/www.sindicaturabarcelona.cat\\\/ca\\\/la-sindicatura-de-greuges-de-barcelona-reclama-mes-espai-per-a-la-joventut-en-les-politiques-publiques\\\/#breadcrumb\",\"itemListElement\":[{\"@type\":\"ListItem\",\"position\":1,\"name\":\"Inici\",\"item\":\"https:\\\/\\\/www.sindicaturabarcelona.cat\\\/ca\\\/\"},{\"@type\":\"ListItem\",\"position\":2,\"name\":\"La Sindicatura de Greuges de Barcelona reclama m\u00e9s espai per a la joventut en les pol\u00edtiques p\u00fabliques\"}]},{\"@type\":\"WebSite\",\"@id\":\"https:\\\/\\\/www.sindicaturabarcelona.cat\\\/ca\\\/#website\",\"url\":\"https:\\\/\\\/www.sindicaturabarcelona.cat\\\/ca\\\/\",\"name\":\"Sindicatura de Greuges de Barcelona\",\"description\":\"La defensoria dels teus drets\",\"publisher\":{\"@id\":\"https:\\\/\\\/www.sindicaturabarcelona.cat\\\/ca\\\/#organization\"},\"potentialAction\":[{\"@type\":\"SearchAction\",\"target\":{\"@type\":\"EntryPoint\",\"urlTemplate\":\"https:\\\/\\\/www.sindicaturabarcelona.cat\\\/ca\\\/?s={search_term_string}\"},\"query-input\":{\"@type\":\"PropertyValueSpecification\",\"valueRequired\":true,\"valueName\":\"search_term_string\"}}],\"inLanguage\":\"ca\"},{\"@type\":\"Organization\",\"@id\":\"https:\\\/\\\/www.sindicaturabarcelona.cat\\\/ca\\\/#organization\",\"name\":\"Sindicatura de Greuges de Barcelona\",\"url\":\"https:\\\/\\\/www.sindicaturabarcelona.cat\\\/ca\\\/\",\"logo\":{\"@type\":\"ImageObject\",\"inLanguage\":\"ca\",\"@id\":\"https:\\\/\\\/www.sindicaturabarcelona.cat\\\/ca\\\/#\\\/schema\\\/logo\\\/image\\\/\",\"url\":\"https:\\\/\\\/www.sindicaturabarcelona.cat\\\/wp-content\\\/uploads\\\/2023\\\/02\\\/logo_sindicatura.svg\",\"contentUrl\":\"https:\\\/\\\/www.sindicaturabarcelona.cat\\\/wp-content\\\/uploads\\\/2023\\\/02\\\/logo_sindicatura.svg\",\"caption\":\"Sindicatura de Greuges de Barcelona\"},\"image\":{\"@id\":\"https:\\\/\\\/www.sindicaturabarcelona.cat\\\/ca\\\/#\\\/schema\\\/logo\\\/image\\\/\"},\"sameAs\":[\"https:\\\/\\\/x.com\\\/sindicbarcelona\",\"https:\\\/\\\/www.instagram.com\\\/sindicbarcelona\\\/\",\"https:\\\/\\\/www.tiktok.com\\\/@sindicaturabcn\",\"https:\\\/\\\/t.me\\\/sindicaturabarcelona\"]},{\"@type\":\"Person\",\"@id\":\"https:\\\/\\\/www.sindicaturabarcelona.cat\\\/ca\\\/#\\\/schema\\\/person\\\/0e5acffc350ffdbc97578159322c9452\",\"name\":\"Pablo\",\"image\":{\"@type\":\"ImageObject\",\"inLanguage\":\"ca\",\"@id\":\"https:\\\/\\\/secure.gravatar.com\\\/avatar\\\/c948169b402ef9492afde705c3dfd5e90e1a6a84ef6840a91124f805a25a480f?s=96&d=mm&r=g\",\"url\":\"https:\\\/\\\/secure.gravatar.com\\\/avatar\\\/c948169b402ef9492afde705c3dfd5e90e1a6a84ef6840a91124f805a25a480f?s=96&d=mm&r=g\",\"contentUrl\":\"https:\\\/\\\/secure.gravatar.com\\\/avatar\\\/c948169b402ef9492afde705c3dfd5e90e1a6a84ef6840a91124f805a25a480f?s=96&d=mm&r=g\",\"caption\":\"Pablo\"},\"url\":\"https:\\\/\\\/www.sindicaturabarcelona.cat\\\/ca\\\/author\\\/pablo\\\/\"}]}<\/script>\n<!-- \/ Yoast SEO plugin. -->","yoast_head_json":{"title":"La Sindicatura de Greuges de Barcelona reclama m\u00e9s espai per a la joventut en les pol\u00edtiques p\u00fabliques - Sindicatura de Greuges de Barcelona","robots":{"index":"index","follow":"follow","max-snippet":"max-snippet:-1","max-image-preview":"max-image-preview:large","max-video-preview":"max-video-preview:-1"},"canonical":"https:\/\/www.sindicaturabarcelona.cat\/ca\/la-sindicatura-de-greuges-de-barcelona-reclama-mes-espai-per-a-la-joventut-en-les-politiques-publiques\/","og_locale":"ca_ES","og_type":"article","og_title":"La Sindicatura de Greuges de Barcelona reclama m\u00e9s espai per a la joventut en les pol\u00edtiques p\u00fabliques - Sindicatura de Greuges de Barcelona","og_description":"Publica un nou informe amb 11 propostes per fomentar la inclusi\u00f3 de la perspectiva juvenil en l\u2019elaboraci\u00f3 de pol\u00edtiques p\u00fabliques locals. La Sindicatura de Greuges de Barcelona ha presentat l\u2019informe [&hellip;]","og_url":"https:\/\/www.sindicaturabarcelona.cat\/ca\/la-sindicatura-de-greuges-de-barcelona-reclama-mes-espai-per-a-la-joventut-en-les-politiques-publiques\/","og_site_name":"Sindicatura de Greuges de Barcelona","article_published_time":"2023-04-26T15:03:59+00:00","article_modified_time":"2025-06-03T08:06:11+00:00","og_image":[{"width":2560,"height":1707,"url":"https:\/\/www.sindicaturabarcelona.cat\/wp-content\/uploads\/3A5A8113-scaled-2.jpg","type":"image\/jpeg"}],"author":"Pablo","twitter_card":"summary_large_image","twitter_creator":"@sindicbarcelona","twitter_site":"@sindicbarcelona","twitter_misc":{"Escrit per":"Pablo","Temps estimat de lectura":"12 minuts"},"schema":{"@context":"https:\/\/schema.org","@graph":[{"@type":"Article","@id":"https:\/\/www.sindicaturabarcelona.cat\/ca\/la-sindicatura-de-greuges-de-barcelona-reclama-mes-espai-per-a-la-joventut-en-les-politiques-publiques\/#article","isPartOf":{"@id":"https:\/\/www.sindicaturabarcelona.cat\/ca\/la-sindicatura-de-greuges-de-barcelona-reclama-mes-espai-per-a-la-joventut-en-les-politiques-publiques\/"},"author":{"name":"Pablo","@id":"https:\/\/www.sindicaturabarcelona.cat\/ca\/#\/schema\/person\/0e5acffc350ffdbc97578159322c9452"},"headline":"La Sindicatura de Greuges de Barcelona reclama m\u00e9s espai per a la joventut en les pol\u00edtiques p\u00fabliques","datePublished":"2023-04-26T15:03:59+00:00","dateModified":"2025-06-03T08:06:11+00:00","mainEntityOfPage":{"@id":"https:\/\/www.sindicaturabarcelona.cat\/ca\/la-sindicatura-de-greuges-de-barcelona-reclama-mes-espai-per-a-la-joventut-en-les-politiques-publiques\/"},"wordCount":2346,"publisher":{"@id":"https:\/\/www.sindicaturabarcelona.cat\/ca\/#organization"},"image":{"@id":"https:\/\/www.sindicaturabarcelona.cat\/ca\/la-sindicatura-de-greuges-de-barcelona-reclama-mes-espai-per-a-la-joventut-en-les-politiques-publiques\/#primaryimage"},"thumbnailUrl":"https:\/\/www.sindicaturabarcelona.cat\/wp-content\/uploads\/3A5A8113-scaled-2.jpg","articleSection":["Institucional"],"inLanguage":"ca"},{"@type":"WebPage","@id":"https:\/\/www.sindicaturabarcelona.cat\/ca\/la-sindicatura-de-greuges-de-barcelona-reclama-mes-espai-per-a-la-joventut-en-les-politiques-publiques\/","url":"https:\/\/www.sindicaturabarcelona.cat\/ca\/la-sindicatura-de-greuges-de-barcelona-reclama-mes-espai-per-a-la-joventut-en-les-politiques-publiques\/","name":"La Sindicatura de Greuges de Barcelona reclama m\u00e9s espai per a la joventut en les pol\u00edtiques p\u00fabliques - Sindicatura de Greuges de Barcelona","isPartOf":{"@id":"https:\/\/www.sindicaturabarcelona.cat\/ca\/#website"},"primaryImageOfPage":{"@id":"https:\/\/www.sindicaturabarcelona.cat\/ca\/la-sindicatura-de-greuges-de-barcelona-reclama-mes-espai-per-a-la-joventut-en-les-politiques-publiques\/#primaryimage"},"image":{"@id":"https:\/\/www.sindicaturabarcelona.cat\/ca\/la-sindicatura-de-greuges-de-barcelona-reclama-mes-espai-per-a-la-joventut-en-les-politiques-publiques\/#primaryimage"},"thumbnailUrl":"https:\/\/www.sindicaturabarcelona.cat\/wp-content\/uploads\/3A5A8113-scaled-2.jpg","datePublished":"2023-04-26T15:03:59+00:00","dateModified":"2025-06-03T08:06:11+00:00","breadcrumb":{"@id":"https:\/\/www.sindicaturabarcelona.cat\/ca\/la-sindicatura-de-greuges-de-barcelona-reclama-mes-espai-per-a-la-joventut-en-les-politiques-publiques\/#breadcrumb"},"inLanguage":"ca","potentialAction":[{"@type":"ReadAction","target":["https:\/\/www.sindicaturabarcelona.cat\/ca\/la-sindicatura-de-greuges-de-barcelona-reclama-mes-espai-per-a-la-joventut-en-les-politiques-publiques\/"]}]},{"@type":"ImageObject","inLanguage":"ca","@id":"https:\/\/www.sindicaturabarcelona.cat\/ca\/la-sindicatura-de-greuges-de-barcelona-reclama-mes-espai-per-a-la-joventut-en-les-politiques-publiques\/#primaryimage","url":"https:\/\/www.sindicaturabarcelona.cat\/wp-content\/uploads\/3A5A8113-scaled-2.jpg","contentUrl":"https:\/\/www.sindicaturabarcelona.cat\/wp-content\/uploads\/3A5A8113-scaled-2.jpg","width":2560,"height":1707},{"@type":"BreadcrumbList","@id":"https:\/\/www.sindicaturabarcelona.cat\/ca\/la-sindicatura-de-greuges-de-barcelona-reclama-mes-espai-per-a-la-joventut-en-les-politiques-publiques\/#breadcrumb","itemListElement":[{"@type":"ListItem","position":1,"name":"Inici","item":"https:\/\/www.sindicaturabarcelona.cat\/ca\/"},{"@type":"ListItem","position":2,"name":"La Sindicatura de Greuges de Barcelona reclama m\u00e9s espai per a la joventut en les pol\u00edtiques p\u00fabliques"}]},{"@type":"WebSite","@id":"https:\/\/www.sindicaturabarcelona.cat\/ca\/#website","url":"https:\/\/www.sindicaturabarcelona.cat\/ca\/","name":"Sindicatura de Greuges de Barcelona","description":"La defensoria dels teus drets","publisher":{"@id":"https:\/\/www.sindicaturabarcelona.cat\/ca\/#organization"},"potentialAction":[{"@type":"SearchAction","target":{"@type":"EntryPoint","urlTemplate":"https:\/\/www.sindicaturabarcelona.cat\/ca\/?s={search_term_string}"},"query-input":{"@type":"PropertyValueSpecification","valueRequired":true,"valueName":"search_term_string"}}],"inLanguage":"ca"},{"@type":"Organization","@id":"https:\/\/www.sindicaturabarcelona.cat\/ca\/#organization","name":"Sindicatura de Greuges de Barcelona","url":"https:\/\/www.sindicaturabarcelona.cat\/ca\/","logo":{"@type":"ImageObject","inLanguage":"ca","@id":"https:\/\/www.sindicaturabarcelona.cat\/ca\/#\/schema\/logo\/image\/","url":"https:\/\/www.sindicaturabarcelona.cat\/wp-content\/uploads\/2023\/02\/logo_sindicatura.svg","contentUrl":"https:\/\/www.sindicaturabarcelona.cat\/wp-content\/uploads\/2023\/02\/logo_sindicatura.svg","caption":"Sindicatura de Greuges de Barcelona"},"image":{"@id":"https:\/\/www.sindicaturabarcelona.cat\/ca\/#\/schema\/logo\/image\/"},"sameAs":["https:\/\/x.com\/sindicbarcelona","https:\/\/www.instagram.com\/sindicbarcelona\/","https:\/\/www.tiktok.com\/@sindicaturabcn","https:\/\/t.me\/sindicaturabarcelona"]},{"@type":"Person","@id":"https:\/\/www.sindicaturabarcelona.cat\/ca\/#\/schema\/person\/0e5acffc350ffdbc97578159322c9452","name":"Pablo","image":{"@type":"ImageObject","inLanguage":"ca","@id":"https:\/\/secure.gravatar.com\/avatar\/c948169b402ef9492afde705c3dfd5e90e1a6a84ef6840a91124f805a25a480f?s=96&d=mm&r=g","url":"https:\/\/secure.gravatar.com\/avatar\/c948169b402ef9492afde705c3dfd5e90e1a6a84ef6840a91124f805a25a480f?s=96&d=mm&r=g","contentUrl":"https:\/\/secure.gravatar.com\/avatar\/c948169b402ef9492afde705c3dfd5e90e1a6a84ef6840a91124f805a25a480f?s=96&d=mm&r=g","caption":"Pablo"},"url":"https:\/\/www.sindicaturabarcelona.cat\/ca\/author\/pablo\/"}]}},"_links":{"self":[{"href":"https:\/\/www.sindicaturabarcelona.cat\/ca\/wp-json\/wp\/v2\/posts\/27616","targetHints":{"allow":["GET"]}}],"collection":[{"href":"https:\/\/www.sindicaturabarcelona.cat\/ca\/wp-json\/wp\/v2\/posts"}],"about":[{"href":"https:\/\/www.sindicaturabarcelona.cat\/ca\/wp-json\/wp\/v2\/types\/post"}],"author":[{"embeddable":true,"href":"https:\/\/www.sindicaturabarcelona.cat\/ca\/wp-json\/wp\/v2\/users\/2"}],"replies":[{"embeddable":true,"href":"https:\/\/www.sindicaturabarcelona.cat\/ca\/wp-json\/wp\/v2\/comments?post=27616"}],"version-history":[{"count":2,"href":"https:\/\/www.sindicaturabarcelona.cat\/ca\/wp-json\/wp\/v2\/posts\/27616\/revisions"}],"predecessor-version":[{"id":37710,"href":"https:\/\/www.sindicaturabarcelona.cat\/ca\/wp-json\/wp\/v2\/posts\/27616\/revisions\/37710"}],"wp:featuredmedia":[{"embeddable":true,"href":"https:\/\/www.sindicaturabarcelona.cat\/ca\/wp-json\/wp\/v2\/media\/27635"}],"wp:attachment":[{"href":"https:\/\/www.sindicaturabarcelona.cat\/ca\/wp-json\/wp\/v2\/media?parent=27616"}],"wp:term":[{"taxonomy":"post_tag","embeddable":true,"href":"https:\/\/www.sindicaturabarcelona.cat\/ca\/wp-json\/wp\/v2\/tags?post=27616"},{"taxonomy":"drets","embeddable":true,"href":"https:\/\/www.sindicaturabarcelona.cat\/ca\/wp-json\/wp\/v2\/drets?post=27616"}],"curies":[{"name":"wp","href":"https:\/\/api.w.org\/{rel}","templated":true}]}}