{"id":16174,"date":"2023-04-14T14:24:32","date_gmt":"2023-04-14T12:24:32","guid":{"rendered":"https:\/\/www.sindicaturabarcelona.cat\/?p=16174"},"modified":"2023-05-11T10:43:47","modified_gmt":"2023-05-11T08:43:47","slug":"la-sindicatura-demana-una-estrategia-de-ciutat-i-metropolitana-en-materia-dassentaments","status":"publish","type":"post","link":"https:\/\/www.sindicaturabarcelona.cat\/ca\/la-sindicatura-demana-una-estrategia-de-ciutat-i-metropolitana-en-materia-dassentaments\/","title":{"rendered":"La Sindicatura demana una estrat\u00e8gia de ciutat i metropolitana en mat\u00e8ria d\u2019assentaments"},"content":{"rendered":"\n<p><strong>Seria necessari que la ciutat es dot\u00e9s d\u2019una estrat\u00e8gia que &nbsp;permeti orientar la pol\u00edtica municipal en mat\u00e8ria d\u2019assentaments cap a un objectiu com\u00fa, dels diferents serveis municipals<\/strong>. Aquesta \u00e9s una de les principals conclusions de la resoluci\u00f3 de la Sindicatura de Greuges de Barcelona arran de <a href=\"https:\/\/www.sindicaturabarcelona.cat\/wp-content\/uploads\/2023\/04\/202304_Dret-a-lhabitatge-als-drets-de-proteccio-social-i-a-la-seguretat-ciutadana-queixa-per-desnonaments-dassentaments-a-Sant-Marti-i-Sant-Andreu.pdf\" class=\"ek-link\">la queixa d\u2019una ciutadana en representaci\u00f3 de 22 fam\u00edlies que vivien en solars i naus en des\u00fas, aix\u00ed com de representants d\u2019Amics del Moviment Quart M\u00f3n<\/a>.<\/p>\n\n\n\n<p>Davant el risc de vulneraci\u00f3 dels drets de les persones que viuen en espais ocupats declarats com a infrahabitatges, pren especial import\u00e0ncia actuar per assegurar unes condicions de vida adequades i el respecte als seus drets.<\/p>\n\n\n\n<p class=\"has-medium-font-size\"><strong>El desnonament d\u2019infrahabitatges: punt de conflicte<\/strong><\/p>\n\n\n\n<p>La queixa presentada davant la Sindicatura expressava una contradicci\u00f3 entre la ra\u00f3 que movia a l\u2019Ajuntament de Barcelona a ordenar desallotjar els assentaments i les condicions posteriors de les fam\u00edlies. <strong>El desnonament d\u2019aquests espais es fa perqu\u00e8 no s\u00f3n segurs, per\u00f2 la manca d\u2019alternativa residencial i els desallotjaments freq\u00fcents fa que el problema persisteixi o s\u2019agreugi<\/strong>.<\/p>\n\n\n\n<p>Els districtes on s\u2019ubiquen els espais dels assentaments inicien el procediment administratiu per a la declaraci\u00f3 d\u2019infrahabitatge despr\u00e9s de constatar que l\u2019espai no reuneix les condicions d\u2019habitabilitat. Aquest procediment s\u2019inicia arran d\u2019informes dels serveis de Protecci\u00f3 Civil, Prevenci\u00f3, Extinci\u00f3 d\u2019Incendis i Salvament, on es fa constar que no es reuneixen condicions b\u00e0siques de seguretat en cas d\u2019incendi, ni condicions de seguretat estructural, d\u2019accessibilitat o de salubritat. Sobre la base d\u2019aquestes circumst\u00e0ncies, es decideix que cal desallotjar.<\/p>\n\n\n\n<p>Per\u00f2 malgrat la participaci\u00f3 dels serveis socials al proc\u00e9s, <strong>la manca de recursos d\u2019allotjament adequats per a les fam\u00edlies desnonades fa que aquestes puguin quedar en una situaci\u00f3 especialment vulnerable<\/strong>.<\/p>\n\n\n\n<p class=\"has-medium-font-size\"><strong>L\u2019habitatge com a porta d\u2019altres drets<\/strong><\/p>\n\n\n\n<p><strong>El <\/strong><a href=\"https:\/\/www.habitatge.barcelona\/ca\/estrategia\/dret-habitatge\" class=\"ek-link\"><strong>dret a l\u2019habitatge<\/strong><\/a><strong> \u00e9s central a la nostra societat, ja que afecta a l\u2019acc\u00e9s a altres drets com el dret a l\u2019educaci\u00f3, o la salut<\/strong>. Per aquesta ra\u00f3, \u00e9s de vital import\u00e0ncia facilitar l\u2019acc\u00e9s a un habitatge digne a la ciutadania, i sobretot a aquelles persones m\u00e9s vulnerabilitzades.<\/p>\n\n\n\n<p>La Sindicatura considera que, especialment pel que fa a les fam\u00edlies que disposin d\u2019un pla d\u2019intervenci\u00f3 amb els serveis socials municipals, s\u2019ha de valorar la possibilitat de derivar-les a un pis d\u2019inclusi\u00f3 per tal de treballar amb m\u00e9s garanties per la seva inserci\u00f3 social.<\/p>\n\n\n\n<p>Aquest recurs pot donar una resposta m\u00e9s integral al problema que viuen les persones que habiten en assentaments. Tal com hem indicat anteriorment, m\u00e9s enll\u00e0 de la necessitat de veure garantit el seu dret a l\u2019habitatge, <strong>cal treballar en la seva inclusi\u00f3 socioeducativa i laboral per aconseguir erradicar les causes que poden abocar determinats col\u00b7lectius a viure en assentaments<\/strong>.<\/p>\n\n\n\n<p class=\"has-medium-font-size\"><strong>La col\u00b7laboraci\u00f3 amb el tercer sector<\/strong><\/p>\n\n\n\n<p>Un aspecte detectat en l\u2019estudi de la queixa, i corroborat en les visites i contactes mantinguts en assentaments de la ciutat, \u00e9s l\u2019actuaci\u00f3 dels serveis socials en els mateixos grups de poblaci\u00f3 en qu\u00e8 tamb\u00e9 intervenen algunes entitats socials. Malgrat que els equips es poden con\u00e8ixer, sovint les accions d\u2019uns i d\u2019altres no estan prou coordinades o no es comparteixen informacions b\u00e0siques que poden ser fonamentals en moments clau, com ara els dels desallotjaments.<\/p>\n\n\n\n<p>Aquest fet contribueix a un cert desconcert per part de les fam\u00edlies, que no tenen gaire clar a qui i quan s\u2019han de dirigir per a determinades q\u00fcestions i en qui cal confiar.<\/p>\n\n\n\n<p>El fet que hi hagi una entitat treballant en aquests territoris, amb una traject\u00f2ria hist\u00f2rica provada, \u00e9s un valor que hauria d\u2019aportar riquesa en la intervenci\u00f3 social i en el benestar de les fam\u00edlies. Per aquest motiu, <strong>aquesta Sindicatura considera necessari que el di\u00e0leg entre l\u2019IMSS i les entitats socials sigui fluid i transparent<\/strong> perqu\u00e8 puguin treballar plegats, de manera coordinada i sumant esfor\u00e7os.<\/p>\n\n\n\n<p class=\"has-medium-font-size\"><strong>Una mirada metropolitana<\/strong><\/p>\n\n\n\n<p>M\u00e9s enll\u00e0 del repte que es planteja en l\u2019\u00e0mbit de la ciutat de Barcelona per la situaci\u00f3 de les persones en assentaments, per la Sindicatura de Greuges de Barcelona aquest problema t\u00e9 una dimensi\u00f3 superior a la municipal.<\/p>\n\n\n\n<p>Malauradament observem una <strong>manca de coordinacions pol\u00edtiques d\u2019abast metropolit\u00e0<\/strong>, aix\u00ed com l\u2019exist\u00e8ncia de determinades pol\u00edtiques expulsives en alguns municipis. Fet que comporta un efecte que concentra a la ciutat de Barcelona bona part d\u2019aquesta poblaci\u00f3 exclosa.<\/p>\n\n\n\n<p>Davant aix\u00f2, l\u2019Ajuntament de Barcelona ha incrementat de manera cont\u00ednua els recursos municipals que atenen aquesta realitat. Per\u00f2 cal tenir present que <strong>aquest problema desborda la capacitat d\u2019actuaci\u00f3 de l\u2019Ajuntament de Barcelona i requereix un comprom\u00eds metropolit\u00e0<\/strong>.<\/p>\n\n\n\n<p>En conseq\u00fc\u00e8ncia, aquesta Sindicatura demana al consistori que insti la resta d\u2019administracions p\u00fabliques competents que assumeixin les seves responsabilitats i cerquin, de manera col\u00b7laborativa, la manera de garantir els drets de totes les persones que es veuen abocades a viure en assentaments.<\/p>\n","protected":false},"excerpt":{"rendered":"<p>Seria necessari que la ciutat es dot\u00e9s d\u2019una estrat\u00e8gia que &nbsp;permeti orientar la pol\u00edtica municipal en mat\u00e8ria d\u2019assentaments cap a un objectiu com\u00fa, dels diferents serveis municipals. Aquesta \u00e9s una [&hellip;]<\/p>\n","protected":false},"author":2,"featured_media":16175,"comment_status":"closed","ping_status":"open","sticky":false,"template":"","format":"standard","meta":{"_acf_changed":false,"footnotes":""},"tags":[490,486,516],"drets":[1428,1463,1440,1452],"class_list":["post-16174","post","type-post","status-publish","format-standard","has-post-thumbnail","hentry","tag-espai-public","tag-habitatge-i-urbanisme","tag-serveis-socials","drets-ciutat-equitativa","drets-dret-serveis-proteccio-social","drets-ciutat-garantista","drets-dret-a-la-seguretat-ciutadana"],"acf":[],"yoast_head":"<!-- This site is optimized with the Yoast SEO plugin v27.5 - https:\/\/yoast.com\/product\/yoast-seo-wordpress\/ -->\n<title>La Sindicatura demana una estrat\u00e8gia de ciutat i metropolitana en mat\u00e8ria d\u2019assentaments - Sindicatura de Greuges de Barcelona<\/title>\n<meta name=\"robots\" content=\"index, follow, max-snippet:-1, max-image-preview:large, max-video-preview:-1\" \/>\n<link rel=\"canonical\" href=\"https:\/\/www.sindicaturabarcelona.cat\/ca\/la-sindicatura-demana-una-estrategia-de-ciutat-i-metropolitana-en-materia-dassentaments\/\" \/>\n<meta property=\"og:locale\" content=\"ca_ES\" \/>\n<meta property=\"og:type\" content=\"article\" \/>\n<meta property=\"og:title\" content=\"La Sindicatura demana una estrat\u00e8gia de ciutat i metropolitana en mat\u00e8ria d\u2019assentaments - Sindicatura de Greuges de Barcelona\" \/>\n<meta property=\"og:description\" content=\"Seria necessari que la ciutat es dot\u00e9s d\u2019una estrat\u00e8gia que &nbsp;permeti orientar la pol\u00edtica municipal en mat\u00e8ria d\u2019assentaments cap a un objectiu com\u00fa, dels diferents serveis municipals. Aquesta \u00e9s una [&hellip;]\" \/>\n<meta property=\"og:url\" content=\"https:\/\/www.sindicaturabarcelona.cat\/ca\/la-sindicatura-demana-una-estrategia-de-ciutat-i-metropolitana-en-materia-dassentaments\/\" \/>\n<meta property=\"og:site_name\" content=\"Sindicatura de Greuges de Barcelona\" \/>\n<meta property=\"article:published_time\" content=\"2023-04-14T12:24:32+00:00\" \/>\n<meta property=\"article:modified_time\" content=\"2023-05-11T08:43:47+00:00\" \/>\n<meta property=\"og:image\" content=\"https:\/\/www.sindicaturabarcelona.cat\/wp-content\/uploads\/dos-membres-dels-serveis-socials-conv.jpg\" \/>\n\t<meta property=\"og:image:width\" content=\"720\" \/>\n\t<meta property=\"og:image:height\" content=\"480\" \/>\n\t<meta property=\"og:image:type\" content=\"image\/jpeg\" \/>\n<meta name=\"author\" content=\"Pablo\" \/>\n<meta name=\"twitter:card\" content=\"summary_large_image\" \/>\n<meta name=\"twitter:creator\" content=\"@sindicbarcelona\" \/>\n<meta name=\"twitter:site\" content=\"@sindicbarcelona\" \/>\n<meta name=\"twitter:label1\" content=\"Escrit per\" \/>\n\t<meta name=\"twitter:data1\" content=\"Pablo\" \/>\n\t<meta name=\"twitter:label2\" content=\"Temps estimat de lectura\" \/>\n\t<meta name=\"twitter:data2\" content=\"5 minuts\" \/>\n<script type=\"application\/ld+json\" class=\"yoast-schema-graph\">{\"@context\":\"https:\\\/\\\/schema.org\",\"@graph\":[{\"@type\":\"Article\",\"@id\":\"https:\\\/\\\/www.sindicaturabarcelona.cat\\\/ca\\\/la-sindicatura-demana-una-estrategia-de-ciutat-i-metropolitana-en-materia-dassentaments\\\/#article\",\"isPartOf\":{\"@id\":\"https:\\\/\\\/www.sindicaturabarcelona.cat\\\/ca\\\/la-sindicatura-demana-una-estrategia-de-ciutat-i-metropolitana-en-materia-dassentaments\\\/\"},\"author\":{\"name\":\"Pablo\",\"@id\":\"https:\\\/\\\/www.sindicaturabarcelona.cat\\\/ca\\\/#\\\/schema\\\/person\\\/0e5acffc350ffdbc97578159322c9452\"},\"headline\":\"La Sindicatura demana una estrat\u00e8gia de ciutat i metropolitana en mat\u00e8ria d\u2019assentaments\",\"datePublished\":\"2023-04-14T12:24:32+00:00\",\"dateModified\":\"2023-05-11T08:43:47+00:00\",\"mainEntityOfPage\":{\"@id\":\"https:\\\/\\\/www.sindicaturabarcelona.cat\\\/ca\\\/la-sindicatura-demana-una-estrategia-de-ciutat-i-metropolitana-en-materia-dassentaments\\\/\"},\"wordCount\":872,\"publisher\":{\"@id\":\"https:\\\/\\\/www.sindicaturabarcelona.cat\\\/ca\\\/#organization\"},\"image\":{\"@id\":\"https:\\\/\\\/www.sindicaturabarcelona.cat\\\/ca\\\/la-sindicatura-demana-una-estrategia-de-ciutat-i-metropolitana-en-materia-dassentaments\\\/#primaryimage\"},\"thumbnailUrl\":\"https:\\\/\\\/www.sindicaturabarcelona.cat\\\/wp-content\\\/uploads\\\/dos-membres-dels-serveis-socials-conv.jpg\",\"keywords\":[\"Espai p\u00fablic\",\"Habitatge i urbanisme\",\"Serveis Socials\"],\"articleSection\":[\"Habitatge i urbanisme\",\"Serveis Socials\"],\"inLanguage\":\"ca\"},{\"@type\":\"WebPage\",\"@id\":\"https:\\\/\\\/www.sindicaturabarcelona.cat\\\/ca\\\/la-sindicatura-demana-una-estrategia-de-ciutat-i-metropolitana-en-materia-dassentaments\\\/\",\"url\":\"https:\\\/\\\/www.sindicaturabarcelona.cat\\\/ca\\\/la-sindicatura-demana-una-estrategia-de-ciutat-i-metropolitana-en-materia-dassentaments\\\/\",\"name\":\"La Sindicatura demana una estrat\u00e8gia de ciutat i metropolitana en mat\u00e8ria d\u2019assentaments - Sindicatura de Greuges de Barcelona\",\"isPartOf\":{\"@id\":\"https:\\\/\\\/www.sindicaturabarcelona.cat\\\/ca\\\/#website\"},\"primaryImageOfPage\":{\"@id\":\"https:\\\/\\\/www.sindicaturabarcelona.cat\\\/ca\\\/la-sindicatura-demana-una-estrategia-de-ciutat-i-metropolitana-en-materia-dassentaments\\\/#primaryimage\"},\"image\":{\"@id\":\"https:\\\/\\\/www.sindicaturabarcelona.cat\\\/ca\\\/la-sindicatura-demana-una-estrategia-de-ciutat-i-metropolitana-en-materia-dassentaments\\\/#primaryimage\"},\"thumbnailUrl\":\"https:\\\/\\\/www.sindicaturabarcelona.cat\\\/wp-content\\\/uploads\\\/dos-membres-dels-serveis-socials-conv.jpg\",\"datePublished\":\"2023-04-14T12:24:32+00:00\",\"dateModified\":\"2023-05-11T08:43:47+00:00\",\"breadcrumb\":{\"@id\":\"https:\\\/\\\/www.sindicaturabarcelona.cat\\\/ca\\\/la-sindicatura-demana-una-estrategia-de-ciutat-i-metropolitana-en-materia-dassentaments\\\/#breadcrumb\"},\"inLanguage\":\"ca\",\"potentialAction\":[{\"@type\":\"ReadAction\",\"target\":[\"https:\\\/\\\/www.sindicaturabarcelona.cat\\\/ca\\\/la-sindicatura-demana-una-estrategia-de-ciutat-i-metropolitana-en-materia-dassentaments\\\/\"]}]},{\"@type\":\"ImageObject\",\"inLanguage\":\"ca\",\"@id\":\"https:\\\/\\\/www.sindicaturabarcelona.cat\\\/ca\\\/la-sindicatura-demana-una-estrategia-de-ciutat-i-metropolitana-en-materia-dassentaments\\\/#primaryimage\",\"url\":\"https:\\\/\\\/www.sindicaturabarcelona.cat\\\/wp-content\\\/uploads\\\/dos-membres-dels-serveis-socials-conv.jpg\",\"contentUrl\":\"https:\\\/\\\/www.sindicaturabarcelona.cat\\\/wp-content\\\/uploads\\\/dos-membres-dels-serveis-socials-conv.jpg\",\"width\":720,\"height\":480,\"caption\":\"Dos membres dels serveis socials conversen amb persones sense llar - empadronament sense llar\"},{\"@type\":\"BreadcrumbList\",\"@id\":\"https:\\\/\\\/www.sindicaturabarcelona.cat\\\/ca\\\/la-sindicatura-demana-una-estrategia-de-ciutat-i-metropolitana-en-materia-dassentaments\\\/#breadcrumb\",\"itemListElement\":[{\"@type\":\"ListItem\",\"position\":1,\"name\":\"Inici\",\"item\":\"https:\\\/\\\/www.sindicaturabarcelona.cat\\\/ca\\\/\"},{\"@type\":\"ListItem\",\"position\":2,\"name\":\"La Sindicatura demana una estrat\u00e8gia de ciutat i metropolitana en mat\u00e8ria d\u2019assentaments\"}]},{\"@type\":\"WebSite\",\"@id\":\"https:\\\/\\\/www.sindicaturabarcelona.cat\\\/ca\\\/#website\",\"url\":\"https:\\\/\\\/www.sindicaturabarcelona.cat\\\/ca\\\/\",\"name\":\"Sindicatura de Greuges de Barcelona\",\"description\":\"La defensoria dels teus drets\",\"publisher\":{\"@id\":\"https:\\\/\\\/www.sindicaturabarcelona.cat\\\/ca\\\/#organization\"},\"potentialAction\":[{\"@type\":\"SearchAction\",\"target\":{\"@type\":\"EntryPoint\",\"urlTemplate\":\"https:\\\/\\\/www.sindicaturabarcelona.cat\\\/ca\\\/?s={search_term_string}\"},\"query-input\":{\"@type\":\"PropertyValueSpecification\",\"valueRequired\":true,\"valueName\":\"search_term_string\"}}],\"inLanguage\":\"ca\"},{\"@type\":\"Organization\",\"@id\":\"https:\\\/\\\/www.sindicaturabarcelona.cat\\\/ca\\\/#organization\",\"name\":\"Sindicatura de Greuges de Barcelona\",\"url\":\"https:\\\/\\\/www.sindicaturabarcelona.cat\\\/ca\\\/\",\"logo\":{\"@type\":\"ImageObject\",\"inLanguage\":\"ca\",\"@id\":\"https:\\\/\\\/www.sindicaturabarcelona.cat\\\/ca\\\/#\\\/schema\\\/logo\\\/image\\\/\",\"url\":\"https:\\\/\\\/www.sindicaturabarcelona.cat\\\/wp-content\\\/uploads\\\/2023\\\/02\\\/logo_sindicatura.svg\",\"contentUrl\":\"https:\\\/\\\/www.sindicaturabarcelona.cat\\\/wp-content\\\/uploads\\\/2023\\\/02\\\/logo_sindicatura.svg\",\"caption\":\"Sindicatura de Greuges de Barcelona\"},\"image\":{\"@id\":\"https:\\\/\\\/www.sindicaturabarcelona.cat\\\/ca\\\/#\\\/schema\\\/logo\\\/image\\\/\"},\"sameAs\":[\"https:\\\/\\\/x.com\\\/sindicbarcelona\",\"https:\\\/\\\/www.instagram.com\\\/sindicbarcelona\\\/\",\"https:\\\/\\\/www.tiktok.com\\\/@sindicaturabcn\",\"https:\\\/\\\/t.me\\\/sindicaturabarcelona\"]},{\"@type\":\"Person\",\"@id\":\"https:\\\/\\\/www.sindicaturabarcelona.cat\\\/ca\\\/#\\\/schema\\\/person\\\/0e5acffc350ffdbc97578159322c9452\",\"name\":\"Pablo\",\"image\":{\"@type\":\"ImageObject\",\"inLanguage\":\"ca\",\"@id\":\"https:\\\/\\\/secure.gravatar.com\\\/avatar\\\/c948169b402ef9492afde705c3dfd5e90e1a6a84ef6840a91124f805a25a480f?s=96&d=mm&r=g\",\"url\":\"https:\\\/\\\/secure.gravatar.com\\\/avatar\\\/c948169b402ef9492afde705c3dfd5e90e1a6a84ef6840a91124f805a25a480f?s=96&d=mm&r=g\",\"contentUrl\":\"https:\\\/\\\/secure.gravatar.com\\\/avatar\\\/c948169b402ef9492afde705c3dfd5e90e1a6a84ef6840a91124f805a25a480f?s=96&d=mm&r=g\",\"caption\":\"Pablo\"},\"url\":\"https:\\\/\\\/www.sindicaturabarcelona.cat\\\/ca\\\/author\\\/pablo\\\/\"}]}<\/script>\n<!-- \/ Yoast SEO plugin. -->","yoast_head_json":{"title":"La Sindicatura demana una estrat\u00e8gia de ciutat i metropolitana en mat\u00e8ria d\u2019assentaments - Sindicatura de Greuges de Barcelona","robots":{"index":"index","follow":"follow","max-snippet":"max-snippet:-1","max-image-preview":"max-image-preview:large","max-video-preview":"max-video-preview:-1"},"canonical":"https:\/\/www.sindicaturabarcelona.cat\/ca\/la-sindicatura-demana-una-estrategia-de-ciutat-i-metropolitana-en-materia-dassentaments\/","og_locale":"ca_ES","og_type":"article","og_title":"La Sindicatura demana una estrat\u00e8gia de ciutat i metropolitana en mat\u00e8ria d\u2019assentaments - Sindicatura de Greuges de Barcelona","og_description":"Seria necessari que la ciutat es dot\u00e9s d\u2019una estrat\u00e8gia que &nbsp;permeti orientar la pol\u00edtica municipal en mat\u00e8ria d\u2019assentaments cap a un objectiu com\u00fa, dels diferents serveis municipals. Aquesta \u00e9s una [&hellip;]","og_url":"https:\/\/www.sindicaturabarcelona.cat\/ca\/la-sindicatura-demana-una-estrategia-de-ciutat-i-metropolitana-en-materia-dassentaments\/","og_site_name":"Sindicatura de Greuges de Barcelona","article_published_time":"2023-04-14T12:24:32+00:00","article_modified_time":"2023-05-11T08:43:47+00:00","og_image":[{"width":720,"height":480,"url":"https:\/\/www.sindicaturabarcelona.cat\/wp-content\/uploads\/dos-membres-dels-serveis-socials-conv.jpg","type":"image\/jpeg"}],"author":"Pablo","twitter_card":"summary_large_image","twitter_creator":"@sindicbarcelona","twitter_site":"@sindicbarcelona","twitter_misc":{"Escrit per":"Pablo","Temps estimat de lectura":"5 minuts"},"schema":{"@context":"https:\/\/schema.org","@graph":[{"@type":"Article","@id":"https:\/\/www.sindicaturabarcelona.cat\/ca\/la-sindicatura-demana-una-estrategia-de-ciutat-i-metropolitana-en-materia-dassentaments\/#article","isPartOf":{"@id":"https:\/\/www.sindicaturabarcelona.cat\/ca\/la-sindicatura-demana-una-estrategia-de-ciutat-i-metropolitana-en-materia-dassentaments\/"},"author":{"name":"Pablo","@id":"https:\/\/www.sindicaturabarcelona.cat\/ca\/#\/schema\/person\/0e5acffc350ffdbc97578159322c9452"},"headline":"La Sindicatura demana una estrat\u00e8gia de ciutat i metropolitana en mat\u00e8ria d\u2019assentaments","datePublished":"2023-04-14T12:24:32+00:00","dateModified":"2023-05-11T08:43:47+00:00","mainEntityOfPage":{"@id":"https:\/\/www.sindicaturabarcelona.cat\/ca\/la-sindicatura-demana-una-estrategia-de-ciutat-i-metropolitana-en-materia-dassentaments\/"},"wordCount":872,"publisher":{"@id":"https:\/\/www.sindicaturabarcelona.cat\/ca\/#organization"},"image":{"@id":"https:\/\/www.sindicaturabarcelona.cat\/ca\/la-sindicatura-demana-una-estrategia-de-ciutat-i-metropolitana-en-materia-dassentaments\/#primaryimage"},"thumbnailUrl":"https:\/\/www.sindicaturabarcelona.cat\/wp-content\/uploads\/dos-membres-dels-serveis-socials-conv.jpg","keywords":["Espai p\u00fablic","Habitatge i urbanisme","Serveis Socials"],"articleSection":["Habitatge i urbanisme","Serveis Socials"],"inLanguage":"ca"},{"@type":"WebPage","@id":"https:\/\/www.sindicaturabarcelona.cat\/ca\/la-sindicatura-demana-una-estrategia-de-ciutat-i-metropolitana-en-materia-dassentaments\/","url":"https:\/\/www.sindicaturabarcelona.cat\/ca\/la-sindicatura-demana-una-estrategia-de-ciutat-i-metropolitana-en-materia-dassentaments\/","name":"La Sindicatura demana una estrat\u00e8gia de ciutat i metropolitana en mat\u00e8ria d\u2019assentaments - Sindicatura de Greuges de Barcelona","isPartOf":{"@id":"https:\/\/www.sindicaturabarcelona.cat\/ca\/#website"},"primaryImageOfPage":{"@id":"https:\/\/www.sindicaturabarcelona.cat\/ca\/la-sindicatura-demana-una-estrategia-de-ciutat-i-metropolitana-en-materia-dassentaments\/#primaryimage"},"image":{"@id":"https:\/\/www.sindicaturabarcelona.cat\/ca\/la-sindicatura-demana-una-estrategia-de-ciutat-i-metropolitana-en-materia-dassentaments\/#primaryimage"},"thumbnailUrl":"https:\/\/www.sindicaturabarcelona.cat\/wp-content\/uploads\/dos-membres-dels-serveis-socials-conv.jpg","datePublished":"2023-04-14T12:24:32+00:00","dateModified":"2023-05-11T08:43:47+00:00","breadcrumb":{"@id":"https:\/\/www.sindicaturabarcelona.cat\/ca\/la-sindicatura-demana-una-estrategia-de-ciutat-i-metropolitana-en-materia-dassentaments\/#breadcrumb"},"inLanguage":"ca","potentialAction":[{"@type":"ReadAction","target":["https:\/\/www.sindicaturabarcelona.cat\/ca\/la-sindicatura-demana-una-estrategia-de-ciutat-i-metropolitana-en-materia-dassentaments\/"]}]},{"@type":"ImageObject","inLanguage":"ca","@id":"https:\/\/www.sindicaturabarcelona.cat\/ca\/la-sindicatura-demana-una-estrategia-de-ciutat-i-metropolitana-en-materia-dassentaments\/#primaryimage","url":"https:\/\/www.sindicaturabarcelona.cat\/wp-content\/uploads\/dos-membres-dels-serveis-socials-conv.jpg","contentUrl":"https:\/\/www.sindicaturabarcelona.cat\/wp-content\/uploads\/dos-membres-dels-serveis-socials-conv.jpg","width":720,"height":480,"caption":"Dos membres dels serveis socials conversen amb persones sense llar - empadronament sense llar"},{"@type":"BreadcrumbList","@id":"https:\/\/www.sindicaturabarcelona.cat\/ca\/la-sindicatura-demana-una-estrategia-de-ciutat-i-metropolitana-en-materia-dassentaments\/#breadcrumb","itemListElement":[{"@type":"ListItem","position":1,"name":"Inici","item":"https:\/\/www.sindicaturabarcelona.cat\/ca\/"},{"@type":"ListItem","position":2,"name":"La Sindicatura demana una estrat\u00e8gia de ciutat i metropolitana en mat\u00e8ria d\u2019assentaments"}]},{"@type":"WebSite","@id":"https:\/\/www.sindicaturabarcelona.cat\/ca\/#website","url":"https:\/\/www.sindicaturabarcelona.cat\/ca\/","name":"Sindicatura de Greuges de Barcelona","description":"La defensoria dels teus drets","publisher":{"@id":"https:\/\/www.sindicaturabarcelona.cat\/ca\/#organization"},"potentialAction":[{"@type":"SearchAction","target":{"@type":"EntryPoint","urlTemplate":"https:\/\/www.sindicaturabarcelona.cat\/ca\/?s={search_term_string}"},"query-input":{"@type":"PropertyValueSpecification","valueRequired":true,"valueName":"search_term_string"}}],"inLanguage":"ca"},{"@type":"Organization","@id":"https:\/\/www.sindicaturabarcelona.cat\/ca\/#organization","name":"Sindicatura de Greuges de Barcelona","url":"https:\/\/www.sindicaturabarcelona.cat\/ca\/","logo":{"@type":"ImageObject","inLanguage":"ca","@id":"https:\/\/www.sindicaturabarcelona.cat\/ca\/#\/schema\/logo\/image\/","url":"https:\/\/www.sindicaturabarcelona.cat\/wp-content\/uploads\/2023\/02\/logo_sindicatura.svg","contentUrl":"https:\/\/www.sindicaturabarcelona.cat\/wp-content\/uploads\/2023\/02\/logo_sindicatura.svg","caption":"Sindicatura de Greuges de Barcelona"},"image":{"@id":"https:\/\/www.sindicaturabarcelona.cat\/ca\/#\/schema\/logo\/image\/"},"sameAs":["https:\/\/x.com\/sindicbarcelona","https:\/\/www.instagram.com\/sindicbarcelona\/","https:\/\/www.tiktok.com\/@sindicaturabcn","https:\/\/t.me\/sindicaturabarcelona"]},{"@type":"Person","@id":"https:\/\/www.sindicaturabarcelona.cat\/ca\/#\/schema\/person\/0e5acffc350ffdbc97578159322c9452","name":"Pablo","image":{"@type":"ImageObject","inLanguage":"ca","@id":"https:\/\/secure.gravatar.com\/avatar\/c948169b402ef9492afde705c3dfd5e90e1a6a84ef6840a91124f805a25a480f?s=96&d=mm&r=g","url":"https:\/\/secure.gravatar.com\/avatar\/c948169b402ef9492afde705c3dfd5e90e1a6a84ef6840a91124f805a25a480f?s=96&d=mm&r=g","contentUrl":"https:\/\/secure.gravatar.com\/avatar\/c948169b402ef9492afde705c3dfd5e90e1a6a84ef6840a91124f805a25a480f?s=96&d=mm&r=g","caption":"Pablo"},"url":"https:\/\/www.sindicaturabarcelona.cat\/ca\/author\/pablo\/"}]}},"_links":{"self":[{"href":"https:\/\/www.sindicaturabarcelona.cat\/ca\/wp-json\/wp\/v2\/posts\/16174","targetHints":{"allow":["GET"]}}],"collection":[{"href":"https:\/\/www.sindicaturabarcelona.cat\/ca\/wp-json\/wp\/v2\/posts"}],"about":[{"href":"https:\/\/www.sindicaturabarcelona.cat\/ca\/wp-json\/wp\/v2\/types\/post"}],"author":[{"embeddable":true,"href":"https:\/\/www.sindicaturabarcelona.cat\/ca\/wp-json\/wp\/v2\/users\/2"}],"replies":[{"embeddable":true,"href":"https:\/\/www.sindicaturabarcelona.cat\/ca\/wp-json\/wp\/v2\/comments?post=16174"}],"version-history":[{"count":0,"href":"https:\/\/www.sindicaturabarcelona.cat\/ca\/wp-json\/wp\/v2\/posts\/16174\/revisions"}],"wp:featuredmedia":[{"embeddable":true,"href":"https:\/\/www.sindicaturabarcelona.cat\/ca\/wp-json\/wp\/v2\/media\/16175"}],"wp:attachment":[{"href":"https:\/\/www.sindicaturabarcelona.cat\/ca\/wp-json\/wp\/v2\/media?parent=16174"}],"wp:term":[{"taxonomy":"post_tag","embeddable":true,"href":"https:\/\/www.sindicaturabarcelona.cat\/ca\/wp-json\/wp\/v2\/tags?post=16174"},{"taxonomy":"drets","embeddable":true,"href":"https:\/\/www.sindicaturabarcelona.cat\/ca\/wp-json\/wp\/v2\/drets?post=16174"}],"curies":[{"name":"wp","href":"https:\/\/api.w.org\/{rel}","templated":true}]}}