{"id":16000,"date":"2023-03-24T15:25:24","date_gmt":"2023-03-24T13:25:24","guid":{"rendered":"https:\/\/www.sindicaturabarcelona.cat\/?p=16000"},"modified":"2023-05-11T10:49:20","modified_gmt":"2023-05-11T08:49:20","slug":"tmb-ha-de-vetllar-per-no-discriminacio","status":"publish","type":"post","link":"https:\/\/www.sindicaturabarcelona.cat\/ca\/tmb-ha-de-vetllar-per-no-discriminacio\/","title":{"rendered":"TMB ha de vetllar perqu\u00e8 els seus treballadors i treballadores no duguin a terme conductes discriminat\u00f2ries"},"content":{"rendered":"\n<p>Aquesta setmana, en la qual s\u2019ha celebrat el Dia per l\u2019eliminaci\u00f3 de la discriminaci\u00f3 racial, <a href=\"https:\/\/beteve.cat\/societat\/sis-mesos-preso-conductor-bus-tmb-estirar-vel-dona\/\" class=\"ek-link\">l\u2019Audi\u00e8ncia de Barcelona ha condemnat un conductor d\u2019autob\u00fas de TMB que va discriminar una fam\u00edlia d\u2019origen marroqu\u00ed, arribant a agredir la mare i una de les filles<\/a>. M\u00e9s enll\u00e0 del seu recorregut judicial , <a href=\"https:\/\/www.sindicaturabarcelona.cat\/wp-content\/uploads\/2023\/03\/202107_Tracte-discriminatori-per-part-dun-treballador-dun-servei-public.pdf\" class=\"ek-link\">la Sindicatura de Greuges de Barcelona es va pronunciar al 2021 sobre aquest cas<\/a> davant la queixa de la ciutadana agredida, <strong>recordant a TMB que&nbsp;t\u00e9 el deure de vetllar perqu\u00e8 no es produeixin conductes discriminat\u00f2ries negatives en la prestaci\u00f3 del servei de transport p\u00fablic<\/strong>.<\/p>\n\n\n\n<p>Recuperem aquest cas arran de la sent\u00e8ncia per destacar la import\u00e0ncia de qu\u00e8 els serveis p\u00fablics controlin l\u2019actuaci\u00f3 dels seus treballadors i treballadores i revisin les actuacions, amb la contund\u00e8ncia disciplin\u00e0ria deguda davant de pr\u00e0ctiques discriminat\u00f2ries.<\/p>\n\n\n\n<p class=\"has-medium-font-size\"><strong>Un cas de discriminaci\u00f3 i agressi\u00f3 al transport p\u00fablic<\/strong><\/p>\n\n\n\n<p>Al maig de 2020, una dona d\u2019origen marroqu\u00ed i les seves filles menors d\u2019edat van agafar un autob\u00fas. Davant un problema amb la validaci\u00f3 del t\u00edtol de transport, el conductor va reaccionar amb un comportament agressiu i xen\u00f2fob, amb insults de car\u00e0cter racista i una agressi\u00f3 a la dona, intentant treure-li el vel que portava.<\/p>\n\n\n\n<p>Davant d\u2019aquests fets, <strong>la ciutadana va denunciar el conductor davant la just\u00edcia i va interposar una queixa a la Sindicatura de Greuges de Barcelona<\/strong>. Aquesta va demanar informaci\u00f3 a TMB sobre les mesures disciplin\u00e0ries per con\u00e8ixer el control intern que s\u2019havia fet de l\u2019incident.<\/p>\n\n\n\n<p class=\"has-medium-font-size\"><strong>Una gesti\u00f3 poc contundent<\/strong><\/p>\n\n\n\n<p>Davant la demanda d\u2019informaci\u00f3 de la Sindicatura al juliol de 2020, TMB va manifestar <strong>al juny del 2021 que s\u2019havia obert un expedient disciplinari al treballador<\/strong>, que estava en fase d\u2019instrucci\u00f3. Afegien que, at\u00e8s que s\u2019havia presentat den\u00fancia pels mateixos fets davant els Mossos d\u2019Esquadra, no podien fer cap comentari sobre l\u2019actuaci\u00f3 fins que el cas estigu\u00e9s resolt.<\/p>\n\n\n\n<p>Un cop finalitzada la instrucci\u00f3 de l\u2019expedient disciplinari, TMB va comunicar que s\u2019havia estimat que aquesta actuaci\u00f3 comportava una falta i l\u2019adopci\u00f3 de les corresponents seves mesures disciplin\u00e0ries. Per motius de confidencialitat, per\u00f2, no podien facilitar m\u00e9s detalls. Per tant, <strong>no es va facilitar informaci\u00f3 de quines mesures disciplin\u00e0ries s\u2019havien aplicat<\/strong>, de manera que la Sindicatura no va poder avaluar la seva proporcionalitat.<\/p>\n\n\n\n<p>La Sindicatura de Greuges de Barcelona va resoldre que TMB havia actuat de manera ajustada al dret, per\u00f2 que, <strong>davant d\u2019un presumpte delicte d\u2019odi i discriminaci\u00f3 com\u00e9s per un prestador d\u2019un servei p\u00fablic, no s\u2019havia proporcionat la informaci\u00f3 necess\u00e0ria per poder valorar de manera adequada el proc\u00e9s sancionador dut a terme<\/strong>. La Sindicatura tamb\u00e9 va demanar que se la inform\u00e9s sobre el pronunciament judicial d\u2019aquest cas per tal de poder revisar les mesures finalment adoptades.<\/p>\n\n\n\n<p class=\"has-medium-font-size\"><strong>La condemna<\/strong><\/p>\n\n\n\n<p>Un cop l\u2019Audi\u00e8ncia de Barcelona ha resolt el judici, amb una condemna pel conductor, aquesta Sindicatura troba d\u2019especial import\u00e0ncia contrastar les mesures disciplin\u00e0ries imposades i demanar\u00e0 a TMB informaci\u00f3 del cas novament.<\/p>\n\n\n\n<p>Cal recordar que <strong>els delictes d\u2019odi i discriminaci\u00f3 no nom\u00e9s ataquen i posen en risc la seguretat individual, sin\u00f3 tamb\u00e9 la col\u00b7lectiva<\/strong>, i constitueixen vulneracions directes dels principis de llibertat, igualtat, dignitat, democr\u00e0cia, respecte als drets humans i a les llibertats p\u00fabliques. I resulta una conducta del tot intolerable per part d\u2019un prestador de servei p\u00fablic.<\/p>\n","protected":false},"excerpt":{"rendered":"<p>Aquesta setmana, en la qual s\u2019ha celebrat el Dia per l\u2019eliminaci\u00f3 de la discriminaci\u00f3 racial, l\u2019Audi\u00e8ncia de Barcelona ha condemnat un conductor d\u2019autob\u00fas de TMB que va discriminar una fam\u00edlia [&hellip;]<\/p>\n","protected":false},"author":2,"featured_media":16001,"comment_status":"closed","ping_status":"open","sticky":false,"template":"","format":"standard","meta":{"_acf_changed":false,"footnotes":""},"tags":[484,506],"drets":[1442,1458],"class_list":["post-16000","post","type-post","status-publish","format-standard","has-post-thumbnail","hentry","tag-mobilitat","tag-seguretat-i-convivencia","drets-ciutat-diversa","drets-dret-a-la-igualtat-i-a-la-diversitat"],"acf":[],"yoast_head":"<!-- This site is optimized with the Yoast SEO plugin v27.5 - https:\/\/yoast.com\/product\/yoast-seo-wordpress\/ -->\n<title>TMB ha de vetllar perqu\u00e8 els seus treballadors i treballadores no duguin a terme conductes discriminat\u00f2ries - Sindicatura de Greuges de Barcelona<\/title>\n<meta name=\"description\" content=\"TMB ha de vetllar perqu\u00e8 els seus treballadors i treballadores no duguin a terme conductes discriminat\u00f2ries.\" \/>\n<meta name=\"robots\" content=\"index, follow, max-snippet:-1, max-image-preview:large, max-video-preview:-1\" \/>\n<link rel=\"canonical\" href=\"https:\/\/www.sindicaturabarcelona.cat\/ca\/tmb-ha-de-vetllar-per-no-discriminacio\/\" \/>\n<meta property=\"og:locale\" content=\"ca_ES\" \/>\n<meta property=\"og:type\" content=\"article\" \/>\n<meta property=\"og:title\" content=\"TMB ha de vetllar perqu\u00e8 els seus treballadors i treballadores no duguin a terme conductes discriminat\u00f2ries - Sindicatura de Greuges de Barcelona\" \/>\n<meta property=\"og:description\" content=\"TMB ha de vetllar perqu\u00e8 els seus treballadors i treballadores no duguin a terme conductes discriminat\u00f2ries.\" \/>\n<meta property=\"og:url\" content=\"https:\/\/www.sindicaturabarcelona.cat\/ca\/tmb-ha-de-vetllar-per-no-discriminacio\/\" \/>\n<meta property=\"og:site_name\" content=\"Sindicatura de Greuges de Barcelona\" \/>\n<meta property=\"article:published_time\" content=\"2023-03-24T13:25:24+00:00\" \/>\n<meta property=\"article:modified_time\" content=\"2023-05-11T08:49:20+00:00\" \/>\n<meta property=\"og:image\" content=\"https:\/\/www.sindicaturabarcelona.cat\/wp-content\/uploads\/interior-de-la-cabina-del-conductor-a.jpg\" \/>\n\t<meta property=\"og:image:width\" content=\"800\" \/>\n\t<meta property=\"og:image:height\" content=\"534\" \/>\n\t<meta property=\"og:image:type\" content=\"image\/jpeg\" \/>\n<meta name=\"author\" content=\"Pablo\" \/>\n<meta name=\"twitter:card\" content=\"summary_large_image\" \/>\n<meta name=\"twitter:creator\" content=\"@sindicbarcelona\" \/>\n<meta name=\"twitter:site\" content=\"@sindicbarcelona\" \/>\n<meta name=\"twitter:label1\" content=\"Escrit per\" \/>\n\t<meta name=\"twitter:data1\" content=\"Pablo\" \/>\n\t<meta name=\"twitter:label2\" content=\"Temps estimat de lectura\" \/>\n\t<meta name=\"twitter:data2\" content=\"3 minuts\" \/>\n<script type=\"application\/ld+json\" class=\"yoast-schema-graph\">{\"@context\":\"https:\\\/\\\/schema.org\",\"@graph\":[{\"@type\":\"Article\",\"@id\":\"https:\\\/\\\/www.sindicaturabarcelona.cat\\\/ca\\\/tmb-ha-de-vetllar-per-no-discriminacio\\\/#article\",\"isPartOf\":{\"@id\":\"https:\\\/\\\/www.sindicaturabarcelona.cat\\\/ca\\\/tmb-ha-de-vetllar-per-no-discriminacio\\\/\"},\"author\":{\"name\":\"Pablo\",\"@id\":\"https:\\\/\\\/www.sindicaturabarcelona.cat\\\/ca\\\/#\\\/schema\\\/person\\\/0e5acffc350ffdbc97578159322c9452\"},\"headline\":\"TMB ha de vetllar perqu\u00e8 els seus treballadors i treballadores no duguin a terme conductes discriminat\u00f2ries\",\"datePublished\":\"2023-03-24T13:25:24+00:00\",\"dateModified\":\"2023-05-11T08:49:20+00:00\",\"mainEntityOfPage\":{\"@id\":\"https:\\\/\\\/www.sindicaturabarcelona.cat\\\/ca\\\/tmb-ha-de-vetllar-per-no-discriminacio\\\/\"},\"wordCount\":611,\"publisher\":{\"@id\":\"https:\\\/\\\/www.sindicaturabarcelona.cat\\\/ca\\\/#organization\"},\"image\":{\"@id\":\"https:\\\/\\\/www.sindicaturabarcelona.cat\\\/ca\\\/tmb-ha-de-vetllar-per-no-discriminacio\\\/#primaryimage\"},\"thumbnailUrl\":\"https:\\\/\\\/www.sindicaturabarcelona.cat\\\/wp-content\\\/uploads\\\/interior-de-la-cabina-del-conductor-a.jpg\",\"keywords\":[\"Mobilitat\",\"Seguretat i conviv\u00e8ncia\"],\"articleSection\":[\"Seguretat i conviv\u00e8ncia\"],\"inLanguage\":\"ca\"},{\"@type\":\"WebPage\",\"@id\":\"https:\\\/\\\/www.sindicaturabarcelona.cat\\\/ca\\\/tmb-ha-de-vetllar-per-no-discriminacio\\\/\",\"url\":\"https:\\\/\\\/www.sindicaturabarcelona.cat\\\/ca\\\/tmb-ha-de-vetllar-per-no-discriminacio\\\/\",\"name\":\"TMB ha de vetllar perqu\u00e8 els seus treballadors i treballadores no duguin a terme conductes discriminat\u00f2ries - Sindicatura de Greuges de Barcelona\",\"isPartOf\":{\"@id\":\"https:\\\/\\\/www.sindicaturabarcelona.cat\\\/ca\\\/#website\"},\"primaryImageOfPage\":{\"@id\":\"https:\\\/\\\/www.sindicaturabarcelona.cat\\\/ca\\\/tmb-ha-de-vetllar-per-no-discriminacio\\\/#primaryimage\"},\"image\":{\"@id\":\"https:\\\/\\\/www.sindicaturabarcelona.cat\\\/ca\\\/tmb-ha-de-vetllar-per-no-discriminacio\\\/#primaryimage\"},\"thumbnailUrl\":\"https:\\\/\\\/www.sindicaturabarcelona.cat\\\/wp-content\\\/uploads\\\/interior-de-la-cabina-del-conductor-a.jpg\",\"datePublished\":\"2023-03-24T13:25:24+00:00\",\"dateModified\":\"2023-05-11T08:49:20+00:00\",\"description\":\"TMB ha de vetllar perqu\u00e8 els seus treballadors i treballadores no duguin a terme conductes discriminat\u00f2ries.\",\"breadcrumb\":{\"@id\":\"https:\\\/\\\/www.sindicaturabarcelona.cat\\\/ca\\\/tmb-ha-de-vetllar-per-no-discriminacio\\\/#breadcrumb\"},\"inLanguage\":\"ca\",\"potentialAction\":[{\"@type\":\"ReadAction\",\"target\":[\"https:\\\/\\\/www.sindicaturabarcelona.cat\\\/ca\\\/tmb-ha-de-vetllar-per-no-discriminacio\\\/\"]}]},{\"@type\":\"ImageObject\",\"inLanguage\":\"ca\",\"@id\":\"https:\\\/\\\/www.sindicaturabarcelona.cat\\\/ca\\\/tmb-ha-de-vetllar-per-no-discriminacio\\\/#primaryimage\",\"url\":\"https:\\\/\\\/www.sindicaturabarcelona.cat\\\/wp-content\\\/uploads\\\/interior-de-la-cabina-del-conductor-a.jpg\",\"contentUrl\":\"https:\\\/\\\/www.sindicaturabarcelona.cat\\\/wp-content\\\/uploads\\\/interior-de-la-cabina-del-conductor-a.jpg\",\"width\":800,\"height\":534,\"caption\":\"Cabina conductor autobus\"},{\"@type\":\"BreadcrumbList\",\"@id\":\"https:\\\/\\\/www.sindicaturabarcelona.cat\\\/ca\\\/tmb-ha-de-vetllar-per-no-discriminacio\\\/#breadcrumb\",\"itemListElement\":[{\"@type\":\"ListItem\",\"position\":1,\"name\":\"Inici\",\"item\":\"https:\\\/\\\/www.sindicaturabarcelona.cat\\\/ca\\\/\"},{\"@type\":\"ListItem\",\"position\":2,\"name\":\"TMB ha de vetllar perqu\u00e8 els seus treballadors i treballadores no duguin a terme conductes discriminat\u00f2ries\"}]},{\"@type\":\"WebSite\",\"@id\":\"https:\\\/\\\/www.sindicaturabarcelona.cat\\\/ca\\\/#website\",\"url\":\"https:\\\/\\\/www.sindicaturabarcelona.cat\\\/ca\\\/\",\"name\":\"Sindicatura de Greuges de Barcelona\",\"description\":\"La defensoria dels teus drets\",\"publisher\":{\"@id\":\"https:\\\/\\\/www.sindicaturabarcelona.cat\\\/ca\\\/#organization\"},\"potentialAction\":[{\"@type\":\"SearchAction\",\"target\":{\"@type\":\"EntryPoint\",\"urlTemplate\":\"https:\\\/\\\/www.sindicaturabarcelona.cat\\\/ca\\\/?s={search_term_string}\"},\"query-input\":{\"@type\":\"PropertyValueSpecification\",\"valueRequired\":true,\"valueName\":\"search_term_string\"}}],\"inLanguage\":\"ca\"},{\"@type\":\"Organization\",\"@id\":\"https:\\\/\\\/www.sindicaturabarcelona.cat\\\/ca\\\/#organization\",\"name\":\"Sindicatura de Greuges de Barcelona\",\"url\":\"https:\\\/\\\/www.sindicaturabarcelona.cat\\\/ca\\\/\",\"logo\":{\"@type\":\"ImageObject\",\"inLanguage\":\"ca\",\"@id\":\"https:\\\/\\\/www.sindicaturabarcelona.cat\\\/ca\\\/#\\\/schema\\\/logo\\\/image\\\/\",\"url\":\"https:\\\/\\\/www.sindicaturabarcelona.cat\\\/wp-content\\\/uploads\\\/2023\\\/02\\\/logo_sindicatura.svg\",\"contentUrl\":\"https:\\\/\\\/www.sindicaturabarcelona.cat\\\/wp-content\\\/uploads\\\/2023\\\/02\\\/logo_sindicatura.svg\",\"caption\":\"Sindicatura de Greuges de Barcelona\"},\"image\":{\"@id\":\"https:\\\/\\\/www.sindicaturabarcelona.cat\\\/ca\\\/#\\\/schema\\\/logo\\\/image\\\/\"},\"sameAs\":[\"https:\\\/\\\/x.com\\\/sindicbarcelona\",\"https:\\\/\\\/www.instagram.com\\\/sindicbarcelona\\\/\",\"https:\\\/\\\/www.tiktok.com\\\/@sindicaturabcn\",\"https:\\\/\\\/t.me\\\/sindicaturabarcelona\"]},{\"@type\":\"Person\",\"@id\":\"https:\\\/\\\/www.sindicaturabarcelona.cat\\\/ca\\\/#\\\/schema\\\/person\\\/0e5acffc350ffdbc97578159322c9452\",\"name\":\"Pablo\",\"image\":{\"@type\":\"ImageObject\",\"inLanguage\":\"ca\",\"@id\":\"https:\\\/\\\/secure.gravatar.com\\\/avatar\\\/c948169b402ef9492afde705c3dfd5e90e1a6a84ef6840a91124f805a25a480f?s=96&d=mm&r=g\",\"url\":\"https:\\\/\\\/secure.gravatar.com\\\/avatar\\\/c948169b402ef9492afde705c3dfd5e90e1a6a84ef6840a91124f805a25a480f?s=96&d=mm&r=g\",\"contentUrl\":\"https:\\\/\\\/secure.gravatar.com\\\/avatar\\\/c948169b402ef9492afde705c3dfd5e90e1a6a84ef6840a91124f805a25a480f?s=96&d=mm&r=g\",\"caption\":\"Pablo\"},\"url\":\"https:\\\/\\\/www.sindicaturabarcelona.cat\\\/ca\\\/author\\\/pablo\\\/\"}]}<\/script>\n<!-- \/ Yoast SEO plugin. -->","yoast_head_json":{"title":"TMB ha de vetllar perqu\u00e8 els seus treballadors i treballadores no duguin a terme conductes discriminat\u00f2ries - Sindicatura de Greuges de Barcelona","description":"TMB ha de vetllar perqu\u00e8 els seus treballadors i treballadores no duguin a terme conductes discriminat\u00f2ries.","robots":{"index":"index","follow":"follow","max-snippet":"max-snippet:-1","max-image-preview":"max-image-preview:large","max-video-preview":"max-video-preview:-1"},"canonical":"https:\/\/www.sindicaturabarcelona.cat\/ca\/tmb-ha-de-vetllar-per-no-discriminacio\/","og_locale":"ca_ES","og_type":"article","og_title":"TMB ha de vetllar perqu\u00e8 els seus treballadors i treballadores no duguin a terme conductes discriminat\u00f2ries - Sindicatura de Greuges de Barcelona","og_description":"TMB ha de vetllar perqu\u00e8 els seus treballadors i treballadores no duguin a terme conductes discriminat\u00f2ries.","og_url":"https:\/\/www.sindicaturabarcelona.cat\/ca\/tmb-ha-de-vetllar-per-no-discriminacio\/","og_site_name":"Sindicatura de Greuges de Barcelona","article_published_time":"2023-03-24T13:25:24+00:00","article_modified_time":"2023-05-11T08:49:20+00:00","og_image":[{"width":800,"height":534,"url":"https:\/\/www.sindicaturabarcelona.cat\/wp-content\/uploads\/interior-de-la-cabina-del-conductor-a.jpg","type":"image\/jpeg"}],"author":"Pablo","twitter_card":"summary_large_image","twitter_creator":"@sindicbarcelona","twitter_site":"@sindicbarcelona","twitter_misc":{"Escrit per":"Pablo","Temps estimat de lectura":"3 minuts"},"schema":{"@context":"https:\/\/schema.org","@graph":[{"@type":"Article","@id":"https:\/\/www.sindicaturabarcelona.cat\/ca\/tmb-ha-de-vetllar-per-no-discriminacio\/#article","isPartOf":{"@id":"https:\/\/www.sindicaturabarcelona.cat\/ca\/tmb-ha-de-vetllar-per-no-discriminacio\/"},"author":{"name":"Pablo","@id":"https:\/\/www.sindicaturabarcelona.cat\/ca\/#\/schema\/person\/0e5acffc350ffdbc97578159322c9452"},"headline":"TMB ha de vetllar perqu\u00e8 els seus treballadors i treballadores no duguin a terme conductes discriminat\u00f2ries","datePublished":"2023-03-24T13:25:24+00:00","dateModified":"2023-05-11T08:49:20+00:00","mainEntityOfPage":{"@id":"https:\/\/www.sindicaturabarcelona.cat\/ca\/tmb-ha-de-vetllar-per-no-discriminacio\/"},"wordCount":611,"publisher":{"@id":"https:\/\/www.sindicaturabarcelona.cat\/ca\/#organization"},"image":{"@id":"https:\/\/www.sindicaturabarcelona.cat\/ca\/tmb-ha-de-vetllar-per-no-discriminacio\/#primaryimage"},"thumbnailUrl":"https:\/\/www.sindicaturabarcelona.cat\/wp-content\/uploads\/interior-de-la-cabina-del-conductor-a.jpg","keywords":["Mobilitat","Seguretat i conviv\u00e8ncia"],"articleSection":["Seguretat i conviv\u00e8ncia"],"inLanguage":"ca"},{"@type":"WebPage","@id":"https:\/\/www.sindicaturabarcelona.cat\/ca\/tmb-ha-de-vetllar-per-no-discriminacio\/","url":"https:\/\/www.sindicaturabarcelona.cat\/ca\/tmb-ha-de-vetllar-per-no-discriminacio\/","name":"TMB ha de vetllar perqu\u00e8 els seus treballadors i treballadores no duguin a terme conductes discriminat\u00f2ries - Sindicatura de Greuges de Barcelona","isPartOf":{"@id":"https:\/\/www.sindicaturabarcelona.cat\/ca\/#website"},"primaryImageOfPage":{"@id":"https:\/\/www.sindicaturabarcelona.cat\/ca\/tmb-ha-de-vetllar-per-no-discriminacio\/#primaryimage"},"image":{"@id":"https:\/\/www.sindicaturabarcelona.cat\/ca\/tmb-ha-de-vetllar-per-no-discriminacio\/#primaryimage"},"thumbnailUrl":"https:\/\/www.sindicaturabarcelona.cat\/wp-content\/uploads\/interior-de-la-cabina-del-conductor-a.jpg","datePublished":"2023-03-24T13:25:24+00:00","dateModified":"2023-05-11T08:49:20+00:00","description":"TMB ha de vetllar perqu\u00e8 els seus treballadors i treballadores no duguin a terme conductes discriminat\u00f2ries.","breadcrumb":{"@id":"https:\/\/www.sindicaturabarcelona.cat\/ca\/tmb-ha-de-vetllar-per-no-discriminacio\/#breadcrumb"},"inLanguage":"ca","potentialAction":[{"@type":"ReadAction","target":["https:\/\/www.sindicaturabarcelona.cat\/ca\/tmb-ha-de-vetllar-per-no-discriminacio\/"]}]},{"@type":"ImageObject","inLanguage":"ca","@id":"https:\/\/www.sindicaturabarcelona.cat\/ca\/tmb-ha-de-vetllar-per-no-discriminacio\/#primaryimage","url":"https:\/\/www.sindicaturabarcelona.cat\/wp-content\/uploads\/interior-de-la-cabina-del-conductor-a.jpg","contentUrl":"https:\/\/www.sindicaturabarcelona.cat\/wp-content\/uploads\/interior-de-la-cabina-del-conductor-a.jpg","width":800,"height":534,"caption":"Cabina conductor autobus"},{"@type":"BreadcrumbList","@id":"https:\/\/www.sindicaturabarcelona.cat\/ca\/tmb-ha-de-vetllar-per-no-discriminacio\/#breadcrumb","itemListElement":[{"@type":"ListItem","position":1,"name":"Inici","item":"https:\/\/www.sindicaturabarcelona.cat\/ca\/"},{"@type":"ListItem","position":2,"name":"TMB ha de vetllar perqu\u00e8 els seus treballadors i treballadores no duguin a terme conductes discriminat\u00f2ries"}]},{"@type":"WebSite","@id":"https:\/\/www.sindicaturabarcelona.cat\/ca\/#website","url":"https:\/\/www.sindicaturabarcelona.cat\/ca\/","name":"Sindicatura de Greuges de Barcelona","description":"La defensoria dels teus drets","publisher":{"@id":"https:\/\/www.sindicaturabarcelona.cat\/ca\/#organization"},"potentialAction":[{"@type":"SearchAction","target":{"@type":"EntryPoint","urlTemplate":"https:\/\/www.sindicaturabarcelona.cat\/ca\/?s={search_term_string}"},"query-input":{"@type":"PropertyValueSpecification","valueRequired":true,"valueName":"search_term_string"}}],"inLanguage":"ca"},{"@type":"Organization","@id":"https:\/\/www.sindicaturabarcelona.cat\/ca\/#organization","name":"Sindicatura de Greuges de Barcelona","url":"https:\/\/www.sindicaturabarcelona.cat\/ca\/","logo":{"@type":"ImageObject","inLanguage":"ca","@id":"https:\/\/www.sindicaturabarcelona.cat\/ca\/#\/schema\/logo\/image\/","url":"https:\/\/www.sindicaturabarcelona.cat\/wp-content\/uploads\/2023\/02\/logo_sindicatura.svg","contentUrl":"https:\/\/www.sindicaturabarcelona.cat\/wp-content\/uploads\/2023\/02\/logo_sindicatura.svg","caption":"Sindicatura de Greuges de Barcelona"},"image":{"@id":"https:\/\/www.sindicaturabarcelona.cat\/ca\/#\/schema\/logo\/image\/"},"sameAs":["https:\/\/x.com\/sindicbarcelona","https:\/\/www.instagram.com\/sindicbarcelona\/","https:\/\/www.tiktok.com\/@sindicaturabcn","https:\/\/t.me\/sindicaturabarcelona"]},{"@type":"Person","@id":"https:\/\/www.sindicaturabarcelona.cat\/ca\/#\/schema\/person\/0e5acffc350ffdbc97578159322c9452","name":"Pablo","image":{"@type":"ImageObject","inLanguage":"ca","@id":"https:\/\/secure.gravatar.com\/avatar\/c948169b402ef9492afde705c3dfd5e90e1a6a84ef6840a91124f805a25a480f?s=96&d=mm&r=g","url":"https:\/\/secure.gravatar.com\/avatar\/c948169b402ef9492afde705c3dfd5e90e1a6a84ef6840a91124f805a25a480f?s=96&d=mm&r=g","contentUrl":"https:\/\/secure.gravatar.com\/avatar\/c948169b402ef9492afde705c3dfd5e90e1a6a84ef6840a91124f805a25a480f?s=96&d=mm&r=g","caption":"Pablo"},"url":"https:\/\/www.sindicaturabarcelona.cat\/ca\/author\/pablo\/"}]}},"_links":{"self":[{"href":"https:\/\/www.sindicaturabarcelona.cat\/ca\/wp-json\/wp\/v2\/posts\/16000","targetHints":{"allow":["GET"]}}],"collection":[{"href":"https:\/\/www.sindicaturabarcelona.cat\/ca\/wp-json\/wp\/v2\/posts"}],"about":[{"href":"https:\/\/www.sindicaturabarcelona.cat\/ca\/wp-json\/wp\/v2\/types\/post"}],"author":[{"embeddable":true,"href":"https:\/\/www.sindicaturabarcelona.cat\/ca\/wp-json\/wp\/v2\/users\/2"}],"replies":[{"embeddable":true,"href":"https:\/\/www.sindicaturabarcelona.cat\/ca\/wp-json\/wp\/v2\/comments?post=16000"}],"version-history":[{"count":0,"href":"https:\/\/www.sindicaturabarcelona.cat\/ca\/wp-json\/wp\/v2\/posts\/16000\/revisions"}],"wp:featuredmedia":[{"embeddable":true,"href":"https:\/\/www.sindicaturabarcelona.cat\/ca\/wp-json\/wp\/v2\/media\/16001"}],"wp:attachment":[{"href":"https:\/\/www.sindicaturabarcelona.cat\/ca\/wp-json\/wp\/v2\/media?parent=16000"}],"wp:term":[{"taxonomy":"post_tag","embeddable":true,"href":"https:\/\/www.sindicaturabarcelona.cat\/ca\/wp-json\/wp\/v2\/tags?post=16000"},{"taxonomy":"drets","embeddable":true,"href":"https:\/\/www.sindicaturabarcelona.cat\/ca\/wp-json\/wp\/v2\/drets?post=16000"}],"curies":[{"name":"wp","href":"https:\/\/api.w.org\/{rel}","templated":true}]}}