{"id":15981,"date":"2023-03-16T14:03:21","date_gmt":"2023-03-16T12:03:21","guid":{"rendered":"https:\/\/www.sindicaturabarcelona.cat\/?p=15981"},"modified":"2025-04-16T13:49:24","modified_gmt":"2025-04-16T11:49:24","slug":"el-servei-datencio-domiciliaria-ha-de-millorar-la-seva-qualitat-i-coordinacio-interna","status":"publish","type":"post","link":"https:\/\/www.sindicaturabarcelona.cat\/ca\/el-servei-datencio-domiciliaria-ha-de-millorar-la-seva-qualitat-i-coordinacio-interna\/","title":{"rendered":"El servei d\u2019atenci\u00f3 domicili\u00e0ria ha de millorar la seva qualitat i coordinaci\u00f3 interna"},"content":{"rendered":"\n<figure class=\"wp-block-pullquote\"><blockquote><p>L\u2019Institut Municipal de Serveis Socials (IMSS) ha de vetllar pel compliment del Servei d\u2019Atenci\u00f3 Domicili\u00e0ria (SAD) que presten diferents empreses a la ciutat.<\/p><\/blockquote><\/figure>\n\n\n\n<p>Aquesta \u00e9s la principal conclusi\u00f3 d\u2019una de les \u00faltimes resolucions de la Sindicatura davant de la queixa d\u2019un ciutad\u00e0 amb discapacitat que va estar setmanes sense rebre aquesta assist\u00e8ncia per una manca de control. Una situaci\u00f3 que repercuteix en l\u2019autonomia personal i en la qualitat de vida de d\u2019una persona que, com a benefici\u00e0ria del <a class=\"ek-link\" href=\"https:\/\/ajuntament.barcelona.cat\/accessible\/ca\/guia-recursos\/serveis-datencio-domiciliaria\">SAD<\/a>, est\u00e0 for\u00e7a condicionada.<\/p>\n\n\n\n<p class=\"has-medium-font-size\"><strong>Un ciutad\u00e0 desat\u00e8s<\/strong><\/p>\n\n\n\n<p>El cas concret denunciat davant la Sindicatura \u00e9s el d\u2019<strong>un home amb discapacitat reconeguda del 70% i mobilitat redu\u00efda que va estar setmanes sense rebre el servei d\u2019assist\u00e8ncia domicili\u00e0ria<\/strong> del que era beneficiari des de feia anys, amb incid\u00e8ncies al llarg del temps.<\/p>\n\n\n\n<p>Davant d\u2019una manca d\u2019entesa i confian\u00e7a en la treballadora familiar que tenia assignada, va trucar a l\u2019empresa prestadora del servei per demanar un canvi de professional i aquesta va deixar d\u2019assistir al domicili. Entre silencis i una manca de control suficient, la seva queixa va quedar desatesa i ning\u00fa es va adonar que la treballadora familiar no cobria el servei fins que va passar m\u00e9s d\u2019un mes.<\/p>\n\n\n\n<p>Finalment, li van demanar disculpes, oferint recuperar les hores no prestades, es va reprendre el servei i se li va obrir un proc\u00e9s d\u2019an\u00e0lisis i possible sanci\u00f3 a la treballadora, ja que el servei seguia assignat a ella malgrat la queixa de l\u2019usuari.<\/p>\n\n\n\n<p class=\"has-medium-font-size\"><strong>La responsabilitat p\u00fablica del servei<\/strong><\/p>\n\n\n\n<p>Els fets provats demostren l\u2019exist\u00e8ncia de <strong>fallades importants en el control del servei i la seva coordinaci\u00f3<\/strong>. Problemes atribu\u00efbles a l\u2019empresa prestadora del servei en primera inst\u00e0ncia, per\u00f2 tamb\u00e9 a l\u2019IMSS, com a responsable \u00faltim de la prestaci\u00f3 del SAD, que ha de garantir la prestaci\u00f3 del servei d\u2019atenci\u00f3 domicili\u00e0ria i la seva qualitat.<\/p>\n\n\n\n<p>Davant d\u2019aquesta situaci\u00f3, <strong>la Sindicatura de Greuges adverteix a l\u2019IMSS de la seva responsabilitat p\u00fablica per garantir un servei d\u2019atenci\u00f3 de qualitat <\/strong>sempre que sigui necessari.<\/p>\n","protected":false},"excerpt":{"rendered":"<p>L\u2019Institut Municipal de Serveis Socials (IMSS) ha de vetllar pel compliment del Servei d\u2019Atenci\u00f3 Domicili\u00e0ria (SAD) que presten diferents empreses a la ciutat. Aquesta \u00e9s la principal conclusi\u00f3 d\u2019una de [&hellip;]<\/p>\n","protected":false},"author":2,"featured_media":15984,"comment_status":"closed","ping_status":"open","sticky":false,"template":"","format":"standard","meta":{"_acf_changed":false,"footnotes":""},"tags":[],"drets":[1428,1463],"class_list":["post-15981","post","type-post","status-publish","format-standard","has-post-thumbnail","hentry","drets-ciutat-equitativa","drets-dret-serveis-proteccio-social"],"acf":[],"yoast_head":"<!-- This site is optimized with the Yoast SEO plugin v27.5 - https:\/\/yoast.com\/product\/yoast-seo-wordpress\/ -->\n<title>El servei d\u2019atenci\u00f3 domicili\u00e0ria ha de millorar la seva qualitat i coordinaci\u00f3 interna - Sindicatura de Greuges de Barcelona<\/title>\n<meta name=\"robots\" content=\"index, follow, max-snippet:-1, max-image-preview:large, max-video-preview:-1\" \/>\n<link rel=\"canonical\" href=\"https:\/\/www.sindicaturabarcelona.cat\/ca\/el-servei-datencio-domiciliaria-ha-de-millorar-la-seva-qualitat-i-coordinacio-interna\/\" \/>\n<meta property=\"og:locale\" content=\"ca_ES\" \/>\n<meta property=\"og:type\" content=\"article\" \/>\n<meta property=\"og:title\" content=\"El servei d\u2019atenci\u00f3 domicili\u00e0ria ha de millorar la seva qualitat i coordinaci\u00f3 interna - Sindicatura de Greuges de Barcelona\" \/>\n<meta property=\"og:description\" content=\"L\u2019Institut Municipal de Serveis Socials (IMSS) ha de vetllar pel compliment del Servei d\u2019Atenci\u00f3 Domicili\u00e0ria (SAD) que presten diferents empreses a la ciutat. Aquesta \u00e9s la principal conclusi\u00f3 d\u2019una de [&hellip;]\" \/>\n<meta property=\"og:url\" content=\"https:\/\/www.sindicaturabarcelona.cat\/ca\/el-servei-datencio-domiciliaria-ha-de-millorar-la-seva-qualitat-i-coordinacio-interna\/\" \/>\n<meta property=\"og:site_name\" content=\"Sindicatura de Greuges de Barcelona\" \/>\n<meta property=\"article:published_time\" content=\"2023-03-16T12:03:21+00:00\" \/>\n<meta property=\"article:modified_time\" content=\"2025-04-16T11:49:24+00:00\" \/>\n<meta property=\"og:image\" content=\"https:\/\/www.sindicaturabarcelona.cat\/wp-content\/uploads\/treballadora-del-servei-datencio-dom.jpg\" \/>\n\t<meta property=\"og:image:width\" content=\"1200\" \/>\n\t<meta property=\"og:image:height\" content=\"800\" \/>\n\t<meta property=\"og:image:type\" content=\"image\/jpeg\" \/>\n<meta name=\"author\" content=\"Pablo\" \/>\n<meta name=\"twitter:card\" content=\"summary_large_image\" \/>\n<meta name=\"twitter:creator\" content=\"@sindicbarcelona\" \/>\n<meta name=\"twitter:site\" content=\"@sindicbarcelona\" \/>\n<meta name=\"twitter:label1\" content=\"Escrit per\" \/>\n\t<meta name=\"twitter:data1\" content=\"Pablo\" \/>\n\t<meta name=\"twitter:label2\" content=\"Temps estimat de lectura\" \/>\n\t<meta name=\"twitter:data2\" content=\"2 minuts\" \/>\n<script type=\"application\/ld+json\" class=\"yoast-schema-graph\">{\"@context\":\"https:\\\/\\\/schema.org\",\"@graph\":[{\"@type\":\"Article\",\"@id\":\"https:\\\/\\\/www.sindicaturabarcelona.cat\\\/ca\\\/el-servei-datencio-domiciliaria-ha-de-millorar-la-seva-qualitat-i-coordinacio-interna\\\/#article\",\"isPartOf\":{\"@id\":\"https:\\\/\\\/www.sindicaturabarcelona.cat\\\/ca\\\/el-servei-datencio-domiciliaria-ha-de-millorar-la-seva-qualitat-i-coordinacio-interna\\\/\"},\"author\":{\"name\":\"Pablo\",\"@id\":\"https:\\\/\\\/www.sindicaturabarcelona.cat\\\/ca\\\/#\\\/schema\\\/person\\\/0e5acffc350ffdbc97578159322c9452\"},\"headline\":\"El servei d\u2019atenci\u00f3 domicili\u00e0ria ha de millorar la seva qualitat i coordinaci\u00f3 interna\",\"datePublished\":\"2023-03-16T12:03:21+00:00\",\"dateModified\":\"2025-04-16T11:49:24+00:00\",\"mainEntityOfPage\":{\"@id\":\"https:\\\/\\\/www.sindicaturabarcelona.cat\\\/ca\\\/el-servei-datencio-domiciliaria-ha-de-millorar-la-seva-qualitat-i-coordinacio-interna\\\/\"},\"wordCount\":378,\"publisher\":{\"@id\":\"https:\\\/\\\/www.sindicaturabarcelona.cat\\\/ca\\\/#organization\"},\"image\":{\"@id\":\"https:\\\/\\\/www.sindicaturabarcelona.cat\\\/ca\\\/el-servei-datencio-domiciliaria-ha-de-millorar-la-seva-qualitat-i-coordinacio-interna\\\/#primaryimage\"},\"thumbnailUrl\":\"https:\\\/\\\/www.sindicaturabarcelona.cat\\\/wp-content\\\/uploads\\\/treballadora-del-servei-datencio-dom.jpg\",\"articleSection\":[\"Serveis Socials\"],\"inLanguage\":\"ca\"},{\"@type\":\"WebPage\",\"@id\":\"https:\\\/\\\/www.sindicaturabarcelona.cat\\\/ca\\\/el-servei-datencio-domiciliaria-ha-de-millorar-la-seva-qualitat-i-coordinacio-interna\\\/\",\"url\":\"https:\\\/\\\/www.sindicaturabarcelona.cat\\\/ca\\\/el-servei-datencio-domiciliaria-ha-de-millorar-la-seva-qualitat-i-coordinacio-interna\\\/\",\"name\":\"El servei d\u2019atenci\u00f3 domicili\u00e0ria ha de millorar la seva qualitat i coordinaci\u00f3 interna - Sindicatura de Greuges de Barcelona\",\"isPartOf\":{\"@id\":\"https:\\\/\\\/www.sindicaturabarcelona.cat\\\/ca\\\/#website\"},\"primaryImageOfPage\":{\"@id\":\"https:\\\/\\\/www.sindicaturabarcelona.cat\\\/ca\\\/el-servei-datencio-domiciliaria-ha-de-millorar-la-seva-qualitat-i-coordinacio-interna\\\/#primaryimage\"},\"image\":{\"@id\":\"https:\\\/\\\/www.sindicaturabarcelona.cat\\\/ca\\\/el-servei-datencio-domiciliaria-ha-de-millorar-la-seva-qualitat-i-coordinacio-interna\\\/#primaryimage\"},\"thumbnailUrl\":\"https:\\\/\\\/www.sindicaturabarcelona.cat\\\/wp-content\\\/uploads\\\/treballadora-del-servei-datencio-dom.jpg\",\"datePublished\":\"2023-03-16T12:03:21+00:00\",\"dateModified\":\"2025-04-16T11:49:24+00:00\",\"breadcrumb\":{\"@id\":\"https:\\\/\\\/www.sindicaturabarcelona.cat\\\/ca\\\/el-servei-datencio-domiciliaria-ha-de-millorar-la-seva-qualitat-i-coordinacio-interna\\\/#breadcrumb\"},\"inLanguage\":\"ca\",\"potentialAction\":[{\"@type\":\"ReadAction\",\"target\":[\"https:\\\/\\\/www.sindicaturabarcelona.cat\\\/ca\\\/el-servei-datencio-domiciliaria-ha-de-millorar-la-seva-qualitat-i-coordinacio-interna\\\/\"]}]},{\"@type\":\"ImageObject\",\"inLanguage\":\"ca\",\"@id\":\"https:\\\/\\\/www.sindicaturabarcelona.cat\\\/ca\\\/el-servei-datencio-domiciliaria-ha-de-millorar-la-seva-qualitat-i-coordinacio-interna\\\/#primaryimage\",\"url\":\"https:\\\/\\\/www.sindicaturabarcelona.cat\\\/wp-content\\\/uploads\\\/treballadora-del-servei-datencio-dom.jpg\",\"contentUrl\":\"https:\\\/\\\/www.sindicaturabarcelona.cat\\\/wp-content\\\/uploads\\\/treballadora-del-servei-datencio-dom.jpg\",\"width\":1200,\"height\":800,\"caption\":\"Treballadora del Servei d'Atenci\u00f3 Domicili\u00e0ria\"},{\"@type\":\"BreadcrumbList\",\"@id\":\"https:\\\/\\\/www.sindicaturabarcelona.cat\\\/ca\\\/el-servei-datencio-domiciliaria-ha-de-millorar-la-seva-qualitat-i-coordinacio-interna\\\/#breadcrumb\",\"itemListElement\":[{\"@type\":\"ListItem\",\"position\":1,\"name\":\"Inici\",\"item\":\"https:\\\/\\\/www.sindicaturabarcelona.cat\\\/ca\\\/\"},{\"@type\":\"ListItem\",\"position\":2,\"name\":\"El servei d\u2019atenci\u00f3 domicili\u00e0ria ha de millorar la seva qualitat i coordinaci\u00f3 interna\"}]},{\"@type\":\"WebSite\",\"@id\":\"https:\\\/\\\/www.sindicaturabarcelona.cat\\\/ca\\\/#website\",\"url\":\"https:\\\/\\\/www.sindicaturabarcelona.cat\\\/ca\\\/\",\"name\":\"Sindicatura de Greuges de Barcelona\",\"description\":\"La defensoria dels teus drets\",\"publisher\":{\"@id\":\"https:\\\/\\\/www.sindicaturabarcelona.cat\\\/ca\\\/#organization\"},\"potentialAction\":[{\"@type\":\"SearchAction\",\"target\":{\"@type\":\"EntryPoint\",\"urlTemplate\":\"https:\\\/\\\/www.sindicaturabarcelona.cat\\\/ca\\\/?s={search_term_string}\"},\"query-input\":{\"@type\":\"PropertyValueSpecification\",\"valueRequired\":true,\"valueName\":\"search_term_string\"}}],\"inLanguage\":\"ca\"},{\"@type\":\"Organization\",\"@id\":\"https:\\\/\\\/www.sindicaturabarcelona.cat\\\/ca\\\/#organization\",\"name\":\"Sindicatura de Greuges de Barcelona\",\"url\":\"https:\\\/\\\/www.sindicaturabarcelona.cat\\\/ca\\\/\",\"logo\":{\"@type\":\"ImageObject\",\"inLanguage\":\"ca\",\"@id\":\"https:\\\/\\\/www.sindicaturabarcelona.cat\\\/ca\\\/#\\\/schema\\\/logo\\\/image\\\/\",\"url\":\"https:\\\/\\\/www.sindicaturabarcelona.cat\\\/wp-content\\\/uploads\\\/2023\\\/02\\\/logo_sindicatura.svg\",\"contentUrl\":\"https:\\\/\\\/www.sindicaturabarcelona.cat\\\/wp-content\\\/uploads\\\/2023\\\/02\\\/logo_sindicatura.svg\",\"caption\":\"Sindicatura de Greuges de Barcelona\"},\"image\":{\"@id\":\"https:\\\/\\\/www.sindicaturabarcelona.cat\\\/ca\\\/#\\\/schema\\\/logo\\\/image\\\/\"},\"sameAs\":[\"https:\\\/\\\/x.com\\\/sindicbarcelona\",\"https:\\\/\\\/www.instagram.com\\\/sindicbarcelona\\\/\",\"https:\\\/\\\/www.tiktok.com\\\/@sindicaturabcn\",\"https:\\\/\\\/t.me\\\/sindicaturabarcelona\"]},{\"@type\":\"Person\",\"@id\":\"https:\\\/\\\/www.sindicaturabarcelona.cat\\\/ca\\\/#\\\/schema\\\/person\\\/0e5acffc350ffdbc97578159322c9452\",\"name\":\"Pablo\",\"image\":{\"@type\":\"ImageObject\",\"inLanguage\":\"ca\",\"@id\":\"https:\\\/\\\/secure.gravatar.com\\\/avatar\\\/c948169b402ef9492afde705c3dfd5e90e1a6a84ef6840a91124f805a25a480f?s=96&d=mm&r=g\",\"url\":\"https:\\\/\\\/secure.gravatar.com\\\/avatar\\\/c948169b402ef9492afde705c3dfd5e90e1a6a84ef6840a91124f805a25a480f?s=96&d=mm&r=g\",\"contentUrl\":\"https:\\\/\\\/secure.gravatar.com\\\/avatar\\\/c948169b402ef9492afde705c3dfd5e90e1a6a84ef6840a91124f805a25a480f?s=96&d=mm&r=g\",\"caption\":\"Pablo\"},\"url\":\"https:\\\/\\\/www.sindicaturabarcelona.cat\\\/ca\\\/author\\\/pablo\\\/\"}]}<\/script>\n<!-- \/ Yoast SEO plugin. -->","yoast_head_json":{"title":"El servei d\u2019atenci\u00f3 domicili\u00e0ria ha de millorar la seva qualitat i coordinaci\u00f3 interna - Sindicatura de Greuges de Barcelona","robots":{"index":"index","follow":"follow","max-snippet":"max-snippet:-1","max-image-preview":"max-image-preview:large","max-video-preview":"max-video-preview:-1"},"canonical":"https:\/\/www.sindicaturabarcelona.cat\/ca\/el-servei-datencio-domiciliaria-ha-de-millorar-la-seva-qualitat-i-coordinacio-interna\/","og_locale":"ca_ES","og_type":"article","og_title":"El servei d\u2019atenci\u00f3 domicili\u00e0ria ha de millorar la seva qualitat i coordinaci\u00f3 interna - Sindicatura de Greuges de Barcelona","og_description":"L\u2019Institut Municipal de Serveis Socials (IMSS) ha de vetllar pel compliment del Servei d\u2019Atenci\u00f3 Domicili\u00e0ria (SAD) que presten diferents empreses a la ciutat. Aquesta \u00e9s la principal conclusi\u00f3 d\u2019una de [&hellip;]","og_url":"https:\/\/www.sindicaturabarcelona.cat\/ca\/el-servei-datencio-domiciliaria-ha-de-millorar-la-seva-qualitat-i-coordinacio-interna\/","og_site_name":"Sindicatura de Greuges de Barcelona","article_published_time":"2023-03-16T12:03:21+00:00","article_modified_time":"2025-04-16T11:49:24+00:00","og_image":[{"width":1200,"height":800,"url":"https:\/\/www.sindicaturabarcelona.cat\/wp-content\/uploads\/treballadora-del-servei-datencio-dom.jpg","type":"image\/jpeg"}],"author":"Pablo","twitter_card":"summary_large_image","twitter_creator":"@sindicbarcelona","twitter_site":"@sindicbarcelona","twitter_misc":{"Escrit per":"Pablo","Temps estimat de lectura":"2 minuts"},"schema":{"@context":"https:\/\/schema.org","@graph":[{"@type":"Article","@id":"https:\/\/www.sindicaturabarcelona.cat\/ca\/el-servei-datencio-domiciliaria-ha-de-millorar-la-seva-qualitat-i-coordinacio-interna\/#article","isPartOf":{"@id":"https:\/\/www.sindicaturabarcelona.cat\/ca\/el-servei-datencio-domiciliaria-ha-de-millorar-la-seva-qualitat-i-coordinacio-interna\/"},"author":{"name":"Pablo","@id":"https:\/\/www.sindicaturabarcelona.cat\/ca\/#\/schema\/person\/0e5acffc350ffdbc97578159322c9452"},"headline":"El servei d\u2019atenci\u00f3 domicili\u00e0ria ha de millorar la seva qualitat i coordinaci\u00f3 interna","datePublished":"2023-03-16T12:03:21+00:00","dateModified":"2025-04-16T11:49:24+00:00","mainEntityOfPage":{"@id":"https:\/\/www.sindicaturabarcelona.cat\/ca\/el-servei-datencio-domiciliaria-ha-de-millorar-la-seva-qualitat-i-coordinacio-interna\/"},"wordCount":378,"publisher":{"@id":"https:\/\/www.sindicaturabarcelona.cat\/ca\/#organization"},"image":{"@id":"https:\/\/www.sindicaturabarcelona.cat\/ca\/el-servei-datencio-domiciliaria-ha-de-millorar-la-seva-qualitat-i-coordinacio-interna\/#primaryimage"},"thumbnailUrl":"https:\/\/www.sindicaturabarcelona.cat\/wp-content\/uploads\/treballadora-del-servei-datencio-dom.jpg","articleSection":["Serveis Socials"],"inLanguage":"ca"},{"@type":"WebPage","@id":"https:\/\/www.sindicaturabarcelona.cat\/ca\/el-servei-datencio-domiciliaria-ha-de-millorar-la-seva-qualitat-i-coordinacio-interna\/","url":"https:\/\/www.sindicaturabarcelona.cat\/ca\/el-servei-datencio-domiciliaria-ha-de-millorar-la-seva-qualitat-i-coordinacio-interna\/","name":"El servei d\u2019atenci\u00f3 domicili\u00e0ria ha de millorar la seva qualitat i coordinaci\u00f3 interna - Sindicatura de Greuges de Barcelona","isPartOf":{"@id":"https:\/\/www.sindicaturabarcelona.cat\/ca\/#website"},"primaryImageOfPage":{"@id":"https:\/\/www.sindicaturabarcelona.cat\/ca\/el-servei-datencio-domiciliaria-ha-de-millorar-la-seva-qualitat-i-coordinacio-interna\/#primaryimage"},"image":{"@id":"https:\/\/www.sindicaturabarcelona.cat\/ca\/el-servei-datencio-domiciliaria-ha-de-millorar-la-seva-qualitat-i-coordinacio-interna\/#primaryimage"},"thumbnailUrl":"https:\/\/www.sindicaturabarcelona.cat\/wp-content\/uploads\/treballadora-del-servei-datencio-dom.jpg","datePublished":"2023-03-16T12:03:21+00:00","dateModified":"2025-04-16T11:49:24+00:00","breadcrumb":{"@id":"https:\/\/www.sindicaturabarcelona.cat\/ca\/el-servei-datencio-domiciliaria-ha-de-millorar-la-seva-qualitat-i-coordinacio-interna\/#breadcrumb"},"inLanguage":"ca","potentialAction":[{"@type":"ReadAction","target":["https:\/\/www.sindicaturabarcelona.cat\/ca\/el-servei-datencio-domiciliaria-ha-de-millorar-la-seva-qualitat-i-coordinacio-interna\/"]}]},{"@type":"ImageObject","inLanguage":"ca","@id":"https:\/\/www.sindicaturabarcelona.cat\/ca\/el-servei-datencio-domiciliaria-ha-de-millorar-la-seva-qualitat-i-coordinacio-interna\/#primaryimage","url":"https:\/\/www.sindicaturabarcelona.cat\/wp-content\/uploads\/treballadora-del-servei-datencio-dom.jpg","contentUrl":"https:\/\/www.sindicaturabarcelona.cat\/wp-content\/uploads\/treballadora-del-servei-datencio-dom.jpg","width":1200,"height":800,"caption":"Treballadora del Servei d'Atenci\u00f3 Domicili\u00e0ria"},{"@type":"BreadcrumbList","@id":"https:\/\/www.sindicaturabarcelona.cat\/ca\/el-servei-datencio-domiciliaria-ha-de-millorar-la-seva-qualitat-i-coordinacio-interna\/#breadcrumb","itemListElement":[{"@type":"ListItem","position":1,"name":"Inici","item":"https:\/\/www.sindicaturabarcelona.cat\/ca\/"},{"@type":"ListItem","position":2,"name":"El servei d\u2019atenci\u00f3 domicili\u00e0ria ha de millorar la seva qualitat i coordinaci\u00f3 interna"}]},{"@type":"WebSite","@id":"https:\/\/www.sindicaturabarcelona.cat\/ca\/#website","url":"https:\/\/www.sindicaturabarcelona.cat\/ca\/","name":"Sindicatura de Greuges de Barcelona","description":"La defensoria dels teus drets","publisher":{"@id":"https:\/\/www.sindicaturabarcelona.cat\/ca\/#organization"},"potentialAction":[{"@type":"SearchAction","target":{"@type":"EntryPoint","urlTemplate":"https:\/\/www.sindicaturabarcelona.cat\/ca\/?s={search_term_string}"},"query-input":{"@type":"PropertyValueSpecification","valueRequired":true,"valueName":"search_term_string"}}],"inLanguage":"ca"},{"@type":"Organization","@id":"https:\/\/www.sindicaturabarcelona.cat\/ca\/#organization","name":"Sindicatura de Greuges de Barcelona","url":"https:\/\/www.sindicaturabarcelona.cat\/ca\/","logo":{"@type":"ImageObject","inLanguage":"ca","@id":"https:\/\/www.sindicaturabarcelona.cat\/ca\/#\/schema\/logo\/image\/","url":"https:\/\/www.sindicaturabarcelona.cat\/wp-content\/uploads\/2023\/02\/logo_sindicatura.svg","contentUrl":"https:\/\/www.sindicaturabarcelona.cat\/wp-content\/uploads\/2023\/02\/logo_sindicatura.svg","caption":"Sindicatura de Greuges de Barcelona"},"image":{"@id":"https:\/\/www.sindicaturabarcelona.cat\/ca\/#\/schema\/logo\/image\/"},"sameAs":["https:\/\/x.com\/sindicbarcelona","https:\/\/www.instagram.com\/sindicbarcelona\/","https:\/\/www.tiktok.com\/@sindicaturabcn","https:\/\/t.me\/sindicaturabarcelona"]},{"@type":"Person","@id":"https:\/\/www.sindicaturabarcelona.cat\/ca\/#\/schema\/person\/0e5acffc350ffdbc97578159322c9452","name":"Pablo","image":{"@type":"ImageObject","inLanguage":"ca","@id":"https:\/\/secure.gravatar.com\/avatar\/c948169b402ef9492afde705c3dfd5e90e1a6a84ef6840a91124f805a25a480f?s=96&d=mm&r=g","url":"https:\/\/secure.gravatar.com\/avatar\/c948169b402ef9492afde705c3dfd5e90e1a6a84ef6840a91124f805a25a480f?s=96&d=mm&r=g","contentUrl":"https:\/\/secure.gravatar.com\/avatar\/c948169b402ef9492afde705c3dfd5e90e1a6a84ef6840a91124f805a25a480f?s=96&d=mm&r=g","caption":"Pablo"},"url":"https:\/\/www.sindicaturabarcelona.cat\/ca\/author\/pablo\/"}]}},"_links":{"self":[{"href":"https:\/\/www.sindicaturabarcelona.cat\/ca\/wp-json\/wp\/v2\/posts\/15981","targetHints":{"allow":["GET"]}}],"collection":[{"href":"https:\/\/www.sindicaturabarcelona.cat\/ca\/wp-json\/wp\/v2\/posts"}],"about":[{"href":"https:\/\/www.sindicaturabarcelona.cat\/ca\/wp-json\/wp\/v2\/types\/post"}],"author":[{"embeddable":true,"href":"https:\/\/www.sindicaturabarcelona.cat\/ca\/wp-json\/wp\/v2\/users\/2"}],"replies":[{"embeddable":true,"href":"https:\/\/www.sindicaturabarcelona.cat\/ca\/wp-json\/wp\/v2\/comments?post=15981"}],"version-history":[{"count":1,"href":"https:\/\/www.sindicaturabarcelona.cat\/ca\/wp-json\/wp\/v2\/posts\/15981\/revisions"}],"predecessor-version":[{"id":37164,"href":"https:\/\/www.sindicaturabarcelona.cat\/ca\/wp-json\/wp\/v2\/posts\/15981\/revisions\/37164"}],"wp:featuredmedia":[{"embeddable":true,"href":"https:\/\/www.sindicaturabarcelona.cat\/ca\/wp-json\/wp\/v2\/media\/15984"}],"wp:attachment":[{"href":"https:\/\/www.sindicaturabarcelona.cat\/ca\/wp-json\/wp\/v2\/media?parent=15981"}],"wp:term":[{"taxonomy":"post_tag","embeddable":true,"href":"https:\/\/www.sindicaturabarcelona.cat\/ca\/wp-json\/wp\/v2\/tags?post=15981"},{"taxonomy":"drets","embeddable":true,"href":"https:\/\/www.sindicaturabarcelona.cat\/ca\/wp-json\/wp\/v2\/drets?post=15981"}],"curies":[{"name":"wp","href":"https:\/\/api.w.org\/{rel}","templated":true}]}}