{"id":15861,"date":"2023-02-08T13:30:33","date_gmt":"2023-02-08T11:30:33","guid":{"rendered":"https:\/\/www.sindicaturabarcelona.cat\/?p=15861"},"modified":"2023-03-21T13:18:36","modified_gmt":"2023-03-21T11:18:36","slug":"la-sindicatura-de-greuges-de-barcelona-i-la-sindica-de-greuges-de-catalunya-collaboren-per-atendre-presencialment-la-ciutadania-barcelonina","status":"publish","type":"post","link":"https:\/\/www.sindicaturabarcelona.cat\/ca\/la-sindicatura-de-greuges-de-barcelona-i-la-sindica-de-greuges-de-catalunya-collaboren-per-atendre-presencialment-la-ciutadania-barcelonina\/","title":{"rendered":"La Sindicatura de Greuges de Barcelona i la S\u00edndica de Greuges de Catalunya col\u00b7laboren per atendre presencialment la ciutadania barcelonina"},"content":{"rendered":"\n<figure class=\"wp-block-pullquote\"><blockquote><p><strong>El 8 de febrer, de 9.30 a 17 h al barri d&#8217;Horta, ha estat la primera de les quatre accions presencials conjuntes del 2023.<\/strong><\/p><\/blockquote><\/figure>\n\n\n\n<p class=\"has-text-align-justify\">El dimecres <strong>8 de febrer, de 9.30 a 17 h<\/strong>, la Sindicatura de Greuges de Barcelona i la S\u00edndica de Greuges de Catalunya han estat a la <strong><a aria-label=\"Biblioteca Horta-Can Mariner (opens in a new tab)\" href=\"https:\/\/ajuntament.barcelona.cat\/biblioteques\/bibcanmariner\/ca\" target=\"_blank\" rel=\"noreferrer noopener\" class=\"ek-link\">Biblioteca Horta-Can Mariner<\/a><\/strong> <strong>per<\/strong> <strong>atendre els reclams i les demandes de la ciutadania<\/strong>.<\/p>\n\n\n\n<p class=\"has-text-align-justify\">Les sindicatures han escoltat les demandes dels ve\u00efns i ve\u00efnes sobre actuacions de l\u2019administraci\u00f3 p\u00fablica. La Sindicatura de Greuges de Barcelona ha centrat les seves intervencions en les queixes amb origen en l\u2019administraci\u00f3 municipal, i la S\u00edndica de Greuges de Catalunya, en les queixes que fan refer\u00e8ncia a serveis vinculats a la Generalitat i a empreses que presten serveis d\u2019inter\u00e8s general (llum, aigua, gas, etc.).<\/p>\n\n\n\n<p class=\"has-text-align-justify\">La Sindicatura de Greuges de Barcelona ha at\u00e8s queixes del ve\u00efnat, relacionades amb la superilla de Horta, contaminaci\u00f3 ac\u00fastica, dret al descans i \u00fas de l&#8217;espai p\u00fablic.<\/p>\n\n\n\n<p class=\"has-text-align-justify\">Aquesta ha estat la <strong>primera acci\u00f3 d\u2019atenci\u00f3 presencial de<\/strong> <strong>les dues defensories<\/strong>, que des de l\u2019any 2022 col\u00b7laboren m\u00e9s estretament en la garantia dels drets humans de proximitat de la ciutadania barcelonina. <strong>Durant l\u2019any 2023 s\u2019organitzaran un total de quatre iniciatives d\u2019atenci\u00f3 al ve\u00efnat de Barcelona<\/strong>:<\/p>\n\n\n\n<figure class=\"wp-block-table\"><table><tbody><tr><td><strong>Febrer<\/strong><\/td><td>Horta<\/td><\/tr><tr><td><strong>Maig<\/strong><\/td><td>Sagrada Fam\u00edlia<\/td><\/tr><tr><td><strong>Octubre<\/strong><\/td><td>Sant Mart\u00ed<\/td><\/tr><tr><td><strong>Desembre<\/strong><\/td><td>Sants<\/td><\/tr><\/tbody><\/table><\/figure>\n\n\n\n<p class=\"has-text-align-justify\"><strong><span style=\"text-decoration: underline;\" class=\"ek-underline\">Any 2022: primera resoluci\u00f3 conjunta Barcelona-Catalunya<\/span><\/strong><\/p>\n\n\n\n<p class=\"has-text-align-justify\">Cal recordar que <a href=\"https:\/\/www.sindicaturabarcelona.cat\/2022\/03\/24\/sindicatura-bcn-sindic-catalunya-demanen-pla-accio-integral-centre-acollida-baix-guinardo\/\"><strong>el mes de mar\u00e7 de 2022 va elaborar-se la primera resoluci\u00f3 conjunta entre les dues institucions: el pronunciament sobre el<\/strong> <strong>centre d\u2019acollida per a la recuperaci\u00f3 de persones sense llar amb addicions<\/strong><\/a>.<\/p>\n\n\n\n<p class=\"has-text-align-justify\">La ubicaci\u00f3 d\u2019aquest equipament al costat d\u2019un centre escolar va suscitar la preocupaci\u00f3 del ve\u00efnat, l\u2019AFA i la direcci\u00f3 de l\u2019escola. En el marc del programa&nbsp;<em>La Sindicatura, a peu de carrer<\/em>, la defensoria barcelonina va visitar la zona i va establir contactes amb tots els actors implicats, amb els quals va treballar durant mesos.<\/p>\n\n\n\n<p class=\"has-text-align-justify\">Aquesta intervenci\u00f3 va contribuir a facilitar el di\u00e0leg entre ells i l\u2019Ajuntament, i <strong>va donar peu al primer pronunciament conjunt entre les sindicatures de Barcelona i de Catalunya, <\/strong>que van tramitar les queixes que van rebre de manera conjunta, amb la voluntat d\u2019optimitzar els recursos p\u00fablics.<\/p>\n\n\n\n<p><strong><span style=\"text-decoration: underline;\" class=\"ek-underline\">Estudi sobre l\u2019atenci\u00f3 a les fam\u00edlies de les persones preses<\/span><\/strong><\/p>\n\n\n\n<p class=\"has-text-align-justify\">L\u2019any 2023 la Sindicatura de Greuges de Barcelona, la S\u00edndica de Greuges de Catalunya i les <a href=\"https:\/\/www.sindicatureslocals.cat\/\" target=\"_blank\" aria-label=\"defensories locals del territori catal\u00e0 (opens in a new tab)\" rel=\"noreferrer noopener\" class=\"ek-link\">defensories locals del territori catal\u00e0<\/a> presentaran un informe monogr\u00e0fic conjunt, en qu\u00e8 analitzen l\u2019atenci\u00f3 que s\u2019ofereix a les fam\u00edlies de les persones peses en centres penitenciaris. Pr\u00f2ximament, informarem de la data de presentaci\u00f3 d\u2019aquest estudi.<\/p>\n\n\n\n<p><span style=\"text-decoration: underline;\" class=\"ek-underline\"><strong>La Sindicatura, molt present en el territori<\/strong> <\/span><\/p>\n\n\n\n<p class=\"has-text-align-justify\">La Sindicatura de Greuges de Barcelona no \u00e9s una ubicaci\u00f3 est\u00e0tica, sin\u00f3 que est\u00e0 present al territori. \u00c9s una instituci\u00f3 en moviment que, de manera peri\u00f2dica, es trasllada a un equipament de proximitat amb l\u2019objectiu de recollir les queixes de la ciutadania, sense necessitat que aquesta es desplaci a la nostra seu.<\/p>\n","protected":false},"excerpt":{"rendered":"<p>El 8 de febrer, de 9.30 a 17 h al barri d&#8217;Horta, ha estat la primera de les quatre accions presencials conjuntes del 2023. El dimecres 8 de febrer, de [&hellip;]<\/p>\n","protected":false},"author":3,"featured_media":18055,"comment_status":"closed","ping_status":"open","sticky":false,"template":"","format":"standard","meta":{"_acf_changed":false,"footnotes":""},"tags":[],"drets":[],"class_list":["post-15861","post","type-post","status-publish","format-standard","has-post-thumbnail","hentry"],"acf":[],"yoast_head":"<!-- This site is optimized with the Yoast SEO plugin v27.5 - https:\/\/yoast.com\/product\/yoast-seo-wordpress\/ -->\n<title>La Sindicatura de Greuges de Barcelona i la S\u00edndica de Greuges de Catalunya col\u00b7laboren per atendre presencialment la ciutadania barcelonina - Sindicatura de Greuges de Barcelona<\/title>\n<meta name=\"description\" content=\"Aquesta ha estat la primera acci\u00f3 d\u2019atenci\u00f3 presencial de les dues defensories, que des de l\u2019any 2022 col\u00b7laboren m\u00e9s estretament en la...\" \/>\n<meta name=\"robots\" content=\"index, follow, max-snippet:-1, max-image-preview:large, max-video-preview:-1\" \/>\n<link rel=\"canonical\" href=\"https:\/\/www.sindicaturabarcelona.cat\/ca\/la-sindicatura-de-greuges-de-barcelona-i-la-sindica-de-greuges-de-catalunya-collaboren-per-atendre-presencialment-la-ciutadania-barcelonina\/\" \/>\n<meta property=\"og:locale\" content=\"ca_ES\" \/>\n<meta property=\"og:type\" content=\"article\" \/>\n<meta property=\"og:title\" content=\"La Sindicatura de Greuges de Barcelona i la S\u00edndica de Greuges de Catalunya col\u00b7laboren per atendre presencialment la ciutadania barcelonina - Sindicatura de Greuges de Barcelona\" \/>\n<meta property=\"og:description\" content=\"Aquesta ha estat la primera acci\u00f3 d\u2019atenci\u00f3 presencial de les dues defensories, que des de l\u2019any 2022 col\u00b7laboren m\u00e9s estretament en la...\" \/>\n<meta property=\"og:url\" content=\"https:\/\/www.sindicaturabarcelona.cat\/ca\/la-sindicatura-de-greuges-de-barcelona-i-la-sindica-de-greuges-de-catalunya-collaboren-per-atendre-presencialment-la-ciutadania-barcelonina\/\" \/>\n<meta property=\"og:site_name\" content=\"Sindicatura de Greuges de Barcelona\" \/>\n<meta property=\"article:published_time\" content=\"2023-02-08T11:30:33+00:00\" \/>\n<meta property=\"article:modified_time\" content=\"2023-03-21T11:18:36+00:00\" \/>\n<meta property=\"og:image\" content=\"https:\/\/www.sindicaturabarcelona.cat\/wp-content\/uploads\/P1300195-scaled-1.jpg\" \/>\n\t<meta property=\"og:image:width\" content=\"2560\" \/>\n\t<meta property=\"og:image:height\" content=\"1441\" \/>\n\t<meta property=\"og:image:type\" content=\"image\/jpeg\" \/>\n<meta name=\"author\" content=\"pimpampum\" \/>\n<meta name=\"twitter:card\" content=\"summary_large_image\" \/>\n<meta name=\"twitter:creator\" content=\"@sindicbarcelona\" \/>\n<meta name=\"twitter:site\" content=\"@sindicbarcelona\" \/>\n<meta name=\"twitter:label1\" content=\"Escrit per\" \/>\n\t<meta name=\"twitter:data1\" content=\"pimpampum\" \/>\n\t<meta name=\"twitter:label2\" content=\"Temps estimat de lectura\" \/>\n\t<meta name=\"twitter:data2\" content=\"3 minuts\" \/>\n<script type=\"application\/ld+json\" class=\"yoast-schema-graph\">{\"@context\":\"https:\\\/\\\/schema.org\",\"@graph\":[{\"@type\":\"Article\",\"@id\":\"https:\\\/\\\/www.sindicaturabarcelona.cat\\\/ca\\\/la-sindicatura-de-greuges-de-barcelona-i-la-sindica-de-greuges-de-catalunya-collaboren-per-atendre-presencialment-la-ciutadania-barcelonina\\\/#article\",\"isPartOf\":{\"@id\":\"https:\\\/\\\/www.sindicaturabarcelona.cat\\\/ca\\\/la-sindicatura-de-greuges-de-barcelona-i-la-sindica-de-greuges-de-catalunya-collaboren-per-atendre-presencialment-la-ciutadania-barcelonina\\\/\"},\"author\":{\"name\":\"pimpampum\",\"@id\":\"https:\\\/\\\/www.sindicaturabarcelona.cat\\\/ca\\\/#\\\/schema\\\/person\\\/c59ed89663074658008f0ca9a8865afd\"},\"headline\":\"La Sindicatura de Greuges de Barcelona i la S\u00edndica de Greuges de Catalunya col\u00b7laboren per atendre presencialment la ciutadania barcelonina\",\"datePublished\":\"2023-02-08T11:30:33+00:00\",\"dateModified\":\"2023-03-21T11:18:36+00:00\",\"mainEntityOfPage\":{\"@id\":\"https:\\\/\\\/www.sindicaturabarcelona.cat\\\/ca\\\/la-sindicatura-de-greuges-de-barcelona-i-la-sindica-de-greuges-de-catalunya-collaboren-per-atendre-presencialment-la-ciutadania-barcelonina\\\/\"},\"wordCount\":533,\"publisher\":{\"@id\":\"https:\\\/\\\/www.sindicaturabarcelona.cat\\\/ca\\\/#organization\"},\"image\":{\"@id\":\"https:\\\/\\\/www.sindicaturabarcelona.cat\\\/ca\\\/la-sindicatura-de-greuges-de-barcelona-i-la-sindica-de-greuges-de-catalunya-collaboren-per-atendre-presencialment-la-ciutadania-barcelonina\\\/#primaryimage\"},\"thumbnailUrl\":\"https:\\\/\\\/www.sindicaturabarcelona.cat\\\/wp-content\\\/uploads\\\/P1300195-scaled-1.jpg\",\"articleSection\":[\"Institucional\"],\"inLanguage\":\"ca\"},{\"@type\":\"WebPage\",\"@id\":\"https:\\\/\\\/www.sindicaturabarcelona.cat\\\/ca\\\/la-sindicatura-de-greuges-de-barcelona-i-la-sindica-de-greuges-de-catalunya-collaboren-per-atendre-presencialment-la-ciutadania-barcelonina\\\/\",\"url\":\"https:\\\/\\\/www.sindicaturabarcelona.cat\\\/ca\\\/la-sindicatura-de-greuges-de-barcelona-i-la-sindica-de-greuges-de-catalunya-collaboren-per-atendre-presencialment-la-ciutadania-barcelonina\\\/\",\"name\":\"La Sindicatura de Greuges de Barcelona i la S\u00edndica de Greuges de Catalunya col\u00b7laboren per atendre presencialment la ciutadania barcelonina - Sindicatura de Greuges de Barcelona\",\"isPartOf\":{\"@id\":\"https:\\\/\\\/www.sindicaturabarcelona.cat\\\/ca\\\/#website\"},\"primaryImageOfPage\":{\"@id\":\"https:\\\/\\\/www.sindicaturabarcelona.cat\\\/ca\\\/la-sindicatura-de-greuges-de-barcelona-i-la-sindica-de-greuges-de-catalunya-collaboren-per-atendre-presencialment-la-ciutadania-barcelonina\\\/#primaryimage\"},\"image\":{\"@id\":\"https:\\\/\\\/www.sindicaturabarcelona.cat\\\/ca\\\/la-sindicatura-de-greuges-de-barcelona-i-la-sindica-de-greuges-de-catalunya-collaboren-per-atendre-presencialment-la-ciutadania-barcelonina\\\/#primaryimage\"},\"thumbnailUrl\":\"https:\\\/\\\/www.sindicaturabarcelona.cat\\\/wp-content\\\/uploads\\\/P1300195-scaled-1.jpg\",\"datePublished\":\"2023-02-08T11:30:33+00:00\",\"dateModified\":\"2023-03-21T11:18:36+00:00\",\"description\":\"Aquesta ha estat la primera acci\u00f3 d\u2019atenci\u00f3 presencial de les dues defensories, que des de l\u2019any 2022 col\u00b7laboren m\u00e9s estretament en la...\",\"breadcrumb\":{\"@id\":\"https:\\\/\\\/www.sindicaturabarcelona.cat\\\/ca\\\/la-sindicatura-de-greuges-de-barcelona-i-la-sindica-de-greuges-de-catalunya-collaboren-per-atendre-presencialment-la-ciutadania-barcelonina\\\/#breadcrumb\"},\"inLanguage\":\"ca\",\"potentialAction\":[{\"@type\":\"ReadAction\",\"target\":[\"https:\\\/\\\/www.sindicaturabarcelona.cat\\\/ca\\\/la-sindicatura-de-greuges-de-barcelona-i-la-sindica-de-greuges-de-catalunya-collaboren-per-atendre-presencialment-la-ciutadania-barcelonina\\\/\"]}]},{\"@type\":\"ImageObject\",\"inLanguage\":\"ca\",\"@id\":\"https:\\\/\\\/www.sindicaturabarcelona.cat\\\/ca\\\/la-sindicatura-de-greuges-de-barcelona-i-la-sindica-de-greuges-de-catalunya-collaboren-per-atendre-presencialment-la-ciutadania-barcelonina\\\/#primaryimage\",\"url\":\"https:\\\/\\\/www.sindicaturabarcelona.cat\\\/wp-content\\\/uploads\\\/P1300195-scaled-1.jpg\",\"contentUrl\":\"https:\\\/\\\/www.sindicaturabarcelona.cat\\\/wp-content\\\/uploads\\\/P1300195-scaled-1.jpg\",\"width\":2560,\"height\":1441},{\"@type\":\"BreadcrumbList\",\"@id\":\"https:\\\/\\\/www.sindicaturabarcelona.cat\\\/ca\\\/la-sindicatura-de-greuges-de-barcelona-i-la-sindica-de-greuges-de-catalunya-collaboren-per-atendre-presencialment-la-ciutadania-barcelonina\\\/#breadcrumb\",\"itemListElement\":[{\"@type\":\"ListItem\",\"position\":1,\"name\":\"Inici\",\"item\":\"https:\\\/\\\/www.sindicaturabarcelona.cat\\\/ca\\\/\"},{\"@type\":\"ListItem\",\"position\":2,\"name\":\"La Sindicatura de Greuges de Barcelona i la S\u00edndica de Greuges de Catalunya col\u00b7laboren per atendre presencialment la ciutadania barcelonina\"}]},{\"@type\":\"WebSite\",\"@id\":\"https:\\\/\\\/www.sindicaturabarcelona.cat\\\/ca\\\/#website\",\"url\":\"https:\\\/\\\/www.sindicaturabarcelona.cat\\\/ca\\\/\",\"name\":\"Sindicatura de Greuges de Barcelona\",\"description\":\"La defensoria dels teus drets\",\"publisher\":{\"@id\":\"https:\\\/\\\/www.sindicaturabarcelona.cat\\\/ca\\\/#organization\"},\"potentialAction\":[{\"@type\":\"SearchAction\",\"target\":{\"@type\":\"EntryPoint\",\"urlTemplate\":\"https:\\\/\\\/www.sindicaturabarcelona.cat\\\/ca\\\/?s={search_term_string}\"},\"query-input\":{\"@type\":\"PropertyValueSpecification\",\"valueRequired\":true,\"valueName\":\"search_term_string\"}}],\"inLanguage\":\"ca\"},{\"@type\":\"Organization\",\"@id\":\"https:\\\/\\\/www.sindicaturabarcelona.cat\\\/ca\\\/#organization\",\"name\":\"Sindicatura de Greuges de Barcelona\",\"url\":\"https:\\\/\\\/www.sindicaturabarcelona.cat\\\/ca\\\/\",\"logo\":{\"@type\":\"ImageObject\",\"inLanguage\":\"ca\",\"@id\":\"https:\\\/\\\/www.sindicaturabarcelona.cat\\\/ca\\\/#\\\/schema\\\/logo\\\/image\\\/\",\"url\":\"https:\\\/\\\/www.sindicaturabarcelona.cat\\\/wp-content\\\/uploads\\\/2023\\\/02\\\/logo_sindicatura.svg\",\"contentUrl\":\"https:\\\/\\\/www.sindicaturabarcelona.cat\\\/wp-content\\\/uploads\\\/2023\\\/02\\\/logo_sindicatura.svg\",\"caption\":\"Sindicatura de Greuges de Barcelona\"},\"image\":{\"@id\":\"https:\\\/\\\/www.sindicaturabarcelona.cat\\\/ca\\\/#\\\/schema\\\/logo\\\/image\\\/\"},\"sameAs\":[\"https:\\\/\\\/x.com\\\/sindicbarcelona\",\"https:\\\/\\\/www.instagram.com\\\/sindicbarcelona\\\/\",\"https:\\\/\\\/www.tiktok.com\\\/@sindicaturabcn\",\"https:\\\/\\\/t.me\\\/sindicaturabarcelona\"]},{\"@type\":\"Person\",\"@id\":\"https:\\\/\\\/www.sindicaturabarcelona.cat\\\/ca\\\/#\\\/schema\\\/person\\\/c59ed89663074658008f0ca9a8865afd\",\"name\":\"pimpampum\",\"image\":{\"@type\":\"ImageObject\",\"inLanguage\":\"ca\",\"@id\":\"https:\\\/\\\/secure.gravatar.com\\\/avatar\\\/0d03f560c3fabe6b313e752c4968ec2013544e170b12d7d70838d2667cf54815?s=96&d=mm&r=g\",\"url\":\"https:\\\/\\\/secure.gravatar.com\\\/avatar\\\/0d03f560c3fabe6b313e752c4968ec2013544e170b12d7d70838d2667cf54815?s=96&d=mm&r=g\",\"contentUrl\":\"https:\\\/\\\/secure.gravatar.com\\\/avatar\\\/0d03f560c3fabe6b313e752c4968ec2013544e170b12d7d70838d2667cf54815?s=96&d=mm&r=g\",\"caption\":\"pimpampum\"},\"url\":\"https:\\\/\\\/www.sindicaturabarcelona.cat\\\/ca\\\/author\\\/pimpampum\\\/\"}]}<\/script>\n<!-- \/ Yoast SEO plugin. -->","yoast_head_json":{"title":"La Sindicatura de Greuges de Barcelona i la S\u00edndica de Greuges de Catalunya col\u00b7laboren per atendre presencialment la ciutadania barcelonina - Sindicatura de Greuges de Barcelona","description":"Aquesta ha estat la primera acci\u00f3 d\u2019atenci\u00f3 presencial de les dues defensories, que des de l\u2019any 2022 col\u00b7laboren m\u00e9s estretament en la...","robots":{"index":"index","follow":"follow","max-snippet":"max-snippet:-1","max-image-preview":"max-image-preview:large","max-video-preview":"max-video-preview:-1"},"canonical":"https:\/\/www.sindicaturabarcelona.cat\/ca\/la-sindicatura-de-greuges-de-barcelona-i-la-sindica-de-greuges-de-catalunya-collaboren-per-atendre-presencialment-la-ciutadania-barcelonina\/","og_locale":"ca_ES","og_type":"article","og_title":"La Sindicatura de Greuges de Barcelona i la S\u00edndica de Greuges de Catalunya col\u00b7laboren per atendre presencialment la ciutadania barcelonina - Sindicatura de Greuges de Barcelona","og_description":"Aquesta ha estat la primera acci\u00f3 d\u2019atenci\u00f3 presencial de les dues defensories, que des de l\u2019any 2022 col\u00b7laboren m\u00e9s estretament en la...","og_url":"https:\/\/www.sindicaturabarcelona.cat\/ca\/la-sindicatura-de-greuges-de-barcelona-i-la-sindica-de-greuges-de-catalunya-collaboren-per-atendre-presencialment-la-ciutadania-barcelonina\/","og_site_name":"Sindicatura de Greuges de Barcelona","article_published_time":"2023-02-08T11:30:33+00:00","article_modified_time":"2023-03-21T11:18:36+00:00","og_image":[{"width":2560,"height":1441,"url":"https:\/\/www.sindicaturabarcelona.cat\/wp-content\/uploads\/P1300195-scaled-1.jpg","type":"image\/jpeg"}],"author":"pimpampum","twitter_card":"summary_large_image","twitter_creator":"@sindicbarcelona","twitter_site":"@sindicbarcelona","twitter_misc":{"Escrit per":"pimpampum","Temps estimat de lectura":"3 minuts"},"schema":{"@context":"https:\/\/schema.org","@graph":[{"@type":"Article","@id":"https:\/\/www.sindicaturabarcelona.cat\/ca\/la-sindicatura-de-greuges-de-barcelona-i-la-sindica-de-greuges-de-catalunya-collaboren-per-atendre-presencialment-la-ciutadania-barcelonina\/#article","isPartOf":{"@id":"https:\/\/www.sindicaturabarcelona.cat\/ca\/la-sindicatura-de-greuges-de-barcelona-i-la-sindica-de-greuges-de-catalunya-collaboren-per-atendre-presencialment-la-ciutadania-barcelonina\/"},"author":{"name":"pimpampum","@id":"https:\/\/www.sindicaturabarcelona.cat\/ca\/#\/schema\/person\/c59ed89663074658008f0ca9a8865afd"},"headline":"La Sindicatura de Greuges de Barcelona i la S\u00edndica de Greuges de Catalunya col\u00b7laboren per atendre presencialment la ciutadania barcelonina","datePublished":"2023-02-08T11:30:33+00:00","dateModified":"2023-03-21T11:18:36+00:00","mainEntityOfPage":{"@id":"https:\/\/www.sindicaturabarcelona.cat\/ca\/la-sindicatura-de-greuges-de-barcelona-i-la-sindica-de-greuges-de-catalunya-collaboren-per-atendre-presencialment-la-ciutadania-barcelonina\/"},"wordCount":533,"publisher":{"@id":"https:\/\/www.sindicaturabarcelona.cat\/ca\/#organization"},"image":{"@id":"https:\/\/www.sindicaturabarcelona.cat\/ca\/la-sindicatura-de-greuges-de-barcelona-i-la-sindica-de-greuges-de-catalunya-collaboren-per-atendre-presencialment-la-ciutadania-barcelonina\/#primaryimage"},"thumbnailUrl":"https:\/\/www.sindicaturabarcelona.cat\/wp-content\/uploads\/P1300195-scaled-1.jpg","articleSection":["Institucional"],"inLanguage":"ca"},{"@type":"WebPage","@id":"https:\/\/www.sindicaturabarcelona.cat\/ca\/la-sindicatura-de-greuges-de-barcelona-i-la-sindica-de-greuges-de-catalunya-collaboren-per-atendre-presencialment-la-ciutadania-barcelonina\/","url":"https:\/\/www.sindicaturabarcelona.cat\/ca\/la-sindicatura-de-greuges-de-barcelona-i-la-sindica-de-greuges-de-catalunya-collaboren-per-atendre-presencialment-la-ciutadania-barcelonina\/","name":"La Sindicatura de Greuges de Barcelona i la S\u00edndica de Greuges de Catalunya col\u00b7laboren per atendre presencialment la ciutadania barcelonina - Sindicatura de Greuges de Barcelona","isPartOf":{"@id":"https:\/\/www.sindicaturabarcelona.cat\/ca\/#website"},"primaryImageOfPage":{"@id":"https:\/\/www.sindicaturabarcelona.cat\/ca\/la-sindicatura-de-greuges-de-barcelona-i-la-sindica-de-greuges-de-catalunya-collaboren-per-atendre-presencialment-la-ciutadania-barcelonina\/#primaryimage"},"image":{"@id":"https:\/\/www.sindicaturabarcelona.cat\/ca\/la-sindicatura-de-greuges-de-barcelona-i-la-sindica-de-greuges-de-catalunya-collaboren-per-atendre-presencialment-la-ciutadania-barcelonina\/#primaryimage"},"thumbnailUrl":"https:\/\/www.sindicaturabarcelona.cat\/wp-content\/uploads\/P1300195-scaled-1.jpg","datePublished":"2023-02-08T11:30:33+00:00","dateModified":"2023-03-21T11:18:36+00:00","description":"Aquesta ha estat la primera acci\u00f3 d\u2019atenci\u00f3 presencial de les dues defensories, que des de l\u2019any 2022 col\u00b7laboren m\u00e9s estretament en la...","breadcrumb":{"@id":"https:\/\/www.sindicaturabarcelona.cat\/ca\/la-sindicatura-de-greuges-de-barcelona-i-la-sindica-de-greuges-de-catalunya-collaboren-per-atendre-presencialment-la-ciutadania-barcelonina\/#breadcrumb"},"inLanguage":"ca","potentialAction":[{"@type":"ReadAction","target":["https:\/\/www.sindicaturabarcelona.cat\/ca\/la-sindicatura-de-greuges-de-barcelona-i-la-sindica-de-greuges-de-catalunya-collaboren-per-atendre-presencialment-la-ciutadania-barcelonina\/"]}]},{"@type":"ImageObject","inLanguage":"ca","@id":"https:\/\/www.sindicaturabarcelona.cat\/ca\/la-sindicatura-de-greuges-de-barcelona-i-la-sindica-de-greuges-de-catalunya-collaboren-per-atendre-presencialment-la-ciutadania-barcelonina\/#primaryimage","url":"https:\/\/www.sindicaturabarcelona.cat\/wp-content\/uploads\/P1300195-scaled-1.jpg","contentUrl":"https:\/\/www.sindicaturabarcelona.cat\/wp-content\/uploads\/P1300195-scaled-1.jpg","width":2560,"height":1441},{"@type":"BreadcrumbList","@id":"https:\/\/www.sindicaturabarcelona.cat\/ca\/la-sindicatura-de-greuges-de-barcelona-i-la-sindica-de-greuges-de-catalunya-collaboren-per-atendre-presencialment-la-ciutadania-barcelonina\/#breadcrumb","itemListElement":[{"@type":"ListItem","position":1,"name":"Inici","item":"https:\/\/www.sindicaturabarcelona.cat\/ca\/"},{"@type":"ListItem","position":2,"name":"La Sindicatura de Greuges de Barcelona i la S\u00edndica de Greuges de Catalunya col\u00b7laboren per atendre presencialment la ciutadania barcelonina"}]},{"@type":"WebSite","@id":"https:\/\/www.sindicaturabarcelona.cat\/ca\/#website","url":"https:\/\/www.sindicaturabarcelona.cat\/ca\/","name":"Sindicatura de Greuges de Barcelona","description":"La defensoria dels teus drets","publisher":{"@id":"https:\/\/www.sindicaturabarcelona.cat\/ca\/#organization"},"potentialAction":[{"@type":"SearchAction","target":{"@type":"EntryPoint","urlTemplate":"https:\/\/www.sindicaturabarcelona.cat\/ca\/?s={search_term_string}"},"query-input":{"@type":"PropertyValueSpecification","valueRequired":true,"valueName":"search_term_string"}}],"inLanguage":"ca"},{"@type":"Organization","@id":"https:\/\/www.sindicaturabarcelona.cat\/ca\/#organization","name":"Sindicatura de Greuges de Barcelona","url":"https:\/\/www.sindicaturabarcelona.cat\/ca\/","logo":{"@type":"ImageObject","inLanguage":"ca","@id":"https:\/\/www.sindicaturabarcelona.cat\/ca\/#\/schema\/logo\/image\/","url":"https:\/\/www.sindicaturabarcelona.cat\/wp-content\/uploads\/2023\/02\/logo_sindicatura.svg","contentUrl":"https:\/\/www.sindicaturabarcelona.cat\/wp-content\/uploads\/2023\/02\/logo_sindicatura.svg","caption":"Sindicatura de Greuges de Barcelona"},"image":{"@id":"https:\/\/www.sindicaturabarcelona.cat\/ca\/#\/schema\/logo\/image\/"},"sameAs":["https:\/\/x.com\/sindicbarcelona","https:\/\/www.instagram.com\/sindicbarcelona\/","https:\/\/www.tiktok.com\/@sindicaturabcn","https:\/\/t.me\/sindicaturabarcelona"]},{"@type":"Person","@id":"https:\/\/www.sindicaturabarcelona.cat\/ca\/#\/schema\/person\/c59ed89663074658008f0ca9a8865afd","name":"pimpampum","image":{"@type":"ImageObject","inLanguage":"ca","@id":"https:\/\/secure.gravatar.com\/avatar\/0d03f560c3fabe6b313e752c4968ec2013544e170b12d7d70838d2667cf54815?s=96&d=mm&r=g","url":"https:\/\/secure.gravatar.com\/avatar\/0d03f560c3fabe6b313e752c4968ec2013544e170b12d7d70838d2667cf54815?s=96&d=mm&r=g","contentUrl":"https:\/\/secure.gravatar.com\/avatar\/0d03f560c3fabe6b313e752c4968ec2013544e170b12d7d70838d2667cf54815?s=96&d=mm&r=g","caption":"pimpampum"},"url":"https:\/\/www.sindicaturabarcelona.cat\/ca\/author\/pimpampum\/"}]}},"_links":{"self":[{"href":"https:\/\/www.sindicaturabarcelona.cat\/ca\/wp-json\/wp\/v2\/posts\/15861","targetHints":{"allow":["GET"]}}],"collection":[{"href":"https:\/\/www.sindicaturabarcelona.cat\/ca\/wp-json\/wp\/v2\/posts"}],"about":[{"href":"https:\/\/www.sindicaturabarcelona.cat\/ca\/wp-json\/wp\/v2\/types\/post"}],"author":[{"embeddable":true,"href":"https:\/\/www.sindicaturabarcelona.cat\/ca\/wp-json\/wp\/v2\/users\/3"}],"replies":[{"embeddable":true,"href":"https:\/\/www.sindicaturabarcelona.cat\/ca\/wp-json\/wp\/v2\/comments?post=15861"}],"version-history":[{"count":0,"href":"https:\/\/www.sindicaturabarcelona.cat\/ca\/wp-json\/wp\/v2\/posts\/15861\/revisions"}],"wp:featuredmedia":[{"embeddable":true,"href":"https:\/\/www.sindicaturabarcelona.cat\/ca\/wp-json\/wp\/v2\/media\/18055"}],"wp:attachment":[{"href":"https:\/\/www.sindicaturabarcelona.cat\/ca\/wp-json\/wp\/v2\/media?parent=15861"}],"wp:term":[{"taxonomy":"post_tag","embeddable":true,"href":"https:\/\/www.sindicaturabarcelona.cat\/ca\/wp-json\/wp\/v2\/tags?post=15861"},{"taxonomy":"drets","embeddable":true,"href":"https:\/\/www.sindicaturabarcelona.cat\/ca\/wp-json\/wp\/v2\/drets?post=15861"}],"curies":[{"name":"wp","href":"https:\/\/api.w.org\/{rel}","templated":true}]}}